{"id":4021,"date":"2019-06-26T13:46:20","date_gmt":"2019-06-26T11:46:20","guid":{"rendered":"http:\/\/archiv.siov.sk\/?p=4021"},"modified":"2019-06-26T14:05:50","modified_gmt":"2019-06-26T12:05:50","slug":"siov-sa-stal-sekretariatom-narodnej-siete-pre-implementaciu-iniciativy-cesty-zvysovania-zrucnosti","status":"publish","type":"post","link":"https:\/\/archiv.siov.sk\/en\/siov-sa-stal-sekretariatom-narodnej-siete-pre-implementaciu-iniciativy-cesty-zvysovania-zrucnosti\/","title":{"rendered":"\u0160IOV sa stal sekretari\u00e1tom N\u00e1rodnej siete pre implement\u00e1ciu iniciat\u00edvy Cesty zvy\u0161ovania zru\u010dnost\u00ed"},"content":{"rendered":"<p>D\u0148a 17. 6. 2019 \u0161t\u00e1tna tajomn\u00ed\u010dka Ministerstva \u0161kolstva, vedy, v\u00fdskumu a&nbsp;\u0161portu SR O\u013ega Nachtmannov\u00e1 vymenovala \u010dlenov pracovnej skupiny N\u00e1rodnej siete pre implement\u00e1ciu iniciat\u00edvy Cesty zvy\u0161ovania zru\u010dnost\u00ed, sekretari\u00e1tom ktorej je odbor eur\u00f3pskych polit\u00edk \u0160IOV. \u010clenmi pracovnej skupiny s\u00fa z\u00e1stupcovia ministerstiev, organiz\u00e1ci\u00ed verejnej spr\u00e1vy, samospr\u00e1vnych krajov, ob\u010dianskej spolo\u010dnosti, Slovenskej akad\u00e9mie vied a&nbsp;\u010fal\u0161\u00ed experti. Cie\u013eom N\u00e1rodnej siete je zabezpe\u010di\u0165 koordin\u00e1ciu, spolupr\u00e1cu a&nbsp;vz\u00e1jomn\u00fa informovanos\u0165 subjektov, ktor\u00e9 podporuj\u00fa vzdel\u00e1vanie a&nbsp;rozvoj zru\u010dnost\u00ed &nbsp;n\u00edzkokvalifikovan\u00fdch os\u00f4b v&nbsp;zmysle odpor\u00fa\u010dania rady E\u00da 2016\/C484\/01 z&nbsp;19. decembra 2016.<\/p>\n<p>&nbsp;<\/p>\n<p>Toto odpor\u00fa\u010danie je jedn\u00fdm z hlavn\u00fdch legislat\u00edvnych n\u00e1vrhov Nov\u00e9ho programu v oblasti zru\u010dnost\u00ed pre Eur\u00f3pu a reaguje na skuto\u010dnos\u0165, \u017ee a\u017e 61 mili\u00f3nov Eur\u00f3panov trp\u00ed v d\u00f4sledku n\u00edzkeho stup\u0148a kvalifik\u00e1cie, \u010di absencie ak\u00fdchko\u013evek zru\u010dnost\u00ed uplatnite\u013en\u00fdch na trhu pr\u00e1ce vr\u00e1tane \u010ditate\u013eskej, matematickej a digit\u00e1lnej gramotnosti. Na Slovensku je stav ve\u013emi podobn\u00fd ako v \u010fal\u0161\u00edch krajin\u00e1ch E\u00da &#8211; napriek rast\u00facej ekonomike m\u00e1&nbsp; Slovensko pribli\u017ene 170 000 evidovan\u00fdch nezamestnan\u00fdch, z \u010doho takmer 60 000 os\u00f4b predstavuj\u00fa osoby s najni\u017e\u0161ou \u00farov\u0148ou vzdelania. Pod\u013ea odhadov je podobn\u00fd po\u010det n\u00edzko kvalifikovan\u00fdch os\u00f4b mimo evidencie \u00faradov pr\u00e1ce \u2013 s\u00fa to osoby, ktor\u00e9 s\u00fa ekonomicky neakt\u00edvne, dlhodobo nezamestnan\u00e9 alebo s\u00fa s\u00fa\u010das\u0165ou inej zranite\u013enej skupiny.&nbsp;<\/p>\n<p>&nbsp;<\/p>\n<p>Z\u00e1sada, \u017ee ka\u017ed\u00fd ob\u010dan m\u00e1 pr\u00e1vo na kvalitn\u00e9 a inkluz\u00edvne vzdel\u00e1vanie, odborn\u00fa pr\u00edpravu a celo\u017eivotn\u00e9 vzdel\u00e1vanie patr\u00ed medzi 20 k\u013e\u00fa\u010dov\u00fdch z\u00e1sad Eur\u00f3pskeho piliera soci\u00e1lnych pr\u00e1v. Aktivity N\u00e1rodnej siete bud\u00fa podporova\u0165 t\u00fato problematiku konkr\u00e9tnymi aktivitami \u2013 \u010di u\u017e je to pr\u00edprava dopytovo-orientovanej v\u00fdzvy zameranej na n\u00edzko kvalifikovan\u00e9 osoby, podpora rozvoja z\u00e1kladn\u00fdch zru\u010dnost\u00ed alebo pr\u00edprava v\u00fdro\u010dnej konferencie Eur\u00f3pskej siete pre z\u00e1kladn\u00e9 zru\u010dnosti v&nbsp;roku 2019 v&nbsp;Bratislave.<\/p>","protected":false},"excerpt":{"rendered":"<p>D\u0148a 17. 6. 2019 \u0161t\u00e1tna tajomn\u00ed\u010dka Ministerstva \u0161kolstva, vedy, v\u00fdskumu a&nbsp;\u0161portu SR O\u013ega Nachtmannov\u00e1 vymenovala \u010dlenov pracovnej skupiny N\u00e1rodnej siete pre implement\u00e1ciu iniciat\u00edvy Cesty zvy\u0161ovania zru\u010dnost\u00ed, sekretari\u00e1tom ktorej je odbor eur\u00f3pskych polit\u00edk \u0160IOV. \u010clenmi pracovnej skupiny s\u00fa z\u00e1stupcovia ministerstiev, organiz\u00e1ci\u00ed verejnej spr\u00e1vy, samospr\u00e1vnych krajov, ob\u010dianskej spolo\u010dnosti, Slovenskej akad\u00e9mie vied a&nbsp;\u010fal\u0161\u00ed experti. Cie\u013eom N\u00e1rodnej siete je [&hellip;]<\/p>\n","protected":false},"author":6,"featured_media":4029,"comment_status":"closed","ping_status":"closed","sticky":false,"template":"","format":"standard","meta":{"site-sidebar-layout":"default","site-content-layout":"","ast-site-content-layout":"default","site-content-style":"default","site-sidebar-style":"default","ast-global-header-display":"","ast-banner-title-visibility":"","ast-main-header-display":"","ast-hfb-above-header-display":"","ast-hfb-below-header-display":"","ast-hfb-mobile-header-display":"","site-post-title":"","ast-breadcrumbs-content":"","ast-featured-img":"","footer-sml-layout":"","ast-disable-related-posts":"","theme-transparent-header-meta":"","adv-header-id-meta":"","stick-header-meta":"","header-above-stick-meta":"","header-main-stick-meta":"","header-below-stick-meta":"","astra-migrate-meta-layouts":"default","ast-page-background-enabled":"default","ast-page-background-meta":{"desktop":{"background-color":"var(--ast-global-color-4)","background-image":"","background-repeat":"repeat","background-position":"center center","background-size":"auto","background-attachment":"scroll","background-type":"","background-media":"","overlay-type":"","overlay-color":"","overlay-opacity":"","overlay-gradient":""},"tablet":{"background-color":"","background-image":"","background-repeat":"repeat","background-position":"center center","background-size":"auto","background-attachment":"scroll","background-type":"","background-media":"","overlay-type":"","overlay-color":"","overlay-opacity":"","overlay-gradient":""},"mobile":{"background-color":"","background-image":"","background-repeat":"repeat","background-position":"center center","background-size":"auto","background-attachment":"scroll","background-type":"","background-media":"","overlay-type":"","overlay-color":"","overlay-opacity":"","overlay-gradient":""}},"ast-content-background-meta":{"desktop":{"background-color":"var(--ast-global-color-5)","background-image":"","background-repeat":"repeat","background-position":"center center","background-size":"auto","background-attachment":"scroll","background-type":"","background-media":"","overlay-type":"","overlay-color":"","overlay-opacity":"","overlay-gradient":""},"tablet":{"background-color":"var(--ast-global-color-5)","background-image":"","background-repeat":"repeat","background-position":"center center","background-size":"auto","background-attachment":"scroll","background-type":"","background-media":"","overlay-type":"","overlay-color":"","overlay-opacity":"","overlay-gradient":""},"mobile":{"background-color":"var(--ast-global-color-5)","background-image":"","background-repeat":"repeat","background-position":"center center","background-size":"auto","background-attachment":"scroll","background-type":"","background-media":"","overlay-type":"","overlay-color":"","overlay-opacity":"","overlay-gradient":""}},"footnotes":""},"categories":[1],"tags":[],"class_list":["post-4021","post","type-post","status-publish","format-standard","has-post-thumbnail","hentry","category-aktuality"],"yoast_head":"<!-- This site is optimized with the Yoast SEO plugin v27.5 - https:\/\/yoast.com\/product\/yoast-seo-wordpress\/ -->\n<title>\u0160IOV sa stal sekretari\u00e1tom N\u00e1rodnej siete pre implement\u00e1ciu iniciat\u00edvy Cesty zvy\u0161ovania zru\u010dnost\u00ed - \u0160IOV - \u0161t\u00e1tny in\u0161tit\u00fat odborn\u00e9ho vzdel\u00e1vania<\/title>\n<meta name=\"robots\" content=\"index, follow, max-snippet:-1, max-image-preview:large, max-video-preview:-1\" \/>\n<link rel=\"canonical\" href=\"https:\/\/archiv.siov.sk\/en\/siov-sa-stal-sekretariatom-narodnej-siete-pre-implementaciu-iniciativy-cesty-zvysovania-zrucnosti\/\" \/>\n<meta property=\"og:locale\" content=\"en_GB\" \/>\n<meta property=\"og:type\" content=\"article\" \/>\n<meta property=\"og:title\" content=\"\u0160IOV sa stal sekretari\u00e1tom N\u00e1rodnej siete pre implement\u00e1ciu iniciat\u00edvy Cesty zvy\u0161ovania zru\u010dnost\u00ed - \u0160IOV - \u0161t\u00e1tny in\u0161tit\u00fat odborn\u00e9ho vzdel\u00e1vania\" \/>\n<meta property=\"og:description\" content=\"D\u0148a 17. 6. 2019 \u0161t\u00e1tna tajomn\u00ed\u010dka Ministerstva \u0161kolstva, vedy, v\u00fdskumu a&nbsp;\u0161portu SR O\u013ega Nachtmannov\u00e1 vymenovala \u010dlenov pracovnej skupiny N\u00e1rodnej siete pre implement\u00e1ciu iniciat\u00edvy Cesty zvy\u0161ovania zru\u010dnost\u00ed, sekretari\u00e1tom ktorej je odbor eur\u00f3pskych polit\u00edk \u0160IOV. \u010clenmi pracovnej skupiny s\u00fa z\u00e1stupcovia ministerstiev, organiz\u00e1ci\u00ed verejnej spr\u00e1vy, samospr\u00e1vnych krajov, ob\u010dianskej spolo\u010dnosti, Slovenskej akad\u00e9mie vied a&nbsp;\u010fal\u0161\u00ed experti. Cie\u013eom N\u00e1rodnej siete je [&hellip;]\" \/>\n<meta property=\"og:url\" content=\"https:\/\/archiv.siov.sk\/en\/siov-sa-stal-sekretariatom-narodnej-siete-pre-implementaciu-iniciativy-cesty-zvysovania-zrucnosti\/\" \/>\n<meta property=\"og:site_name\" content=\"\u0160IOV - \u0161t\u00e1tny in\u0161tit\u00fat odborn\u00e9ho vzdel\u00e1vania\" \/>\n<meta property=\"article:publisher\" content=\"https:\/\/www.facebook.com\/Statnyinstitutodbornehovzdelavania\" \/>\n<meta property=\"article:published_time\" content=\"2019-06-26T11:46:20+00:00\" \/>\n<meta property=\"article:modified_time\" content=\"2019-06-26T12:05:50+00:00\" \/>\n<meta property=\"og:image\" content=\"https:\/\/archiv.siov.sk\/wp-content\/uploads\/2019\/06\/siov.jpg\" \/>\n\t<meta property=\"og:image:width\" content=\"1100\" \/>\n\t<meta property=\"og:image:height\" content=\"445\" \/>\n\t<meta property=\"og:image:type\" content=\"image\/jpeg\" \/>\n<meta name=\"author\" content=\"Katar\u00edna Kov\u00e1\u010dov\u00e1\" \/>\n<meta name=\"twitter:card\" content=\"summary_large_image\" \/>\n<meta name=\"twitter:label1\" content=\"Written by\" \/>\n\t<meta name=\"twitter:data1\" content=\"Katar\u00edna Kov\u00e1\u010dov\u00e1\" \/>\n\t<meta name=\"twitter:label2\" content=\"Estimated reading time\" \/>\n\t<meta name=\"twitter:data2\" content=\"2 minutes\" \/>\n<script type=\"application\/ld+json\" class=\"yoast-schema-graph\">{\"@context\":\"https:\\\/\\\/schema.org\",\"@graph\":[{\"@type\":\"Article\",\"@id\":\"https:\\\/\\\/archiv.siov.sk\\\/siov-sa-stal-sekretariatom-narodnej-siete-pre-implementaciu-iniciativy-cesty-zvysovania-zrucnosti\\\/#article\",\"isPartOf\":{\"@id\":\"https:\\\/\\\/archiv.siov.sk\\\/siov-sa-stal-sekretariatom-narodnej-siete-pre-implementaciu-iniciativy-cesty-zvysovania-zrucnosti\\\/\"},\"author\":{\"name\":\"Katar\u00edna Kov\u00e1\u010dov\u00e1\",\"@id\":\"https:\\\/\\\/archiv.siov.sk\\\/#\\\/schema\\\/person\\\/e42d633fbd958c6a726e8834d8965e6c\"},\"headline\":\"\u0160IOV sa stal sekretari\u00e1tom N\u00e1rodnej siete pre implement\u00e1ciu iniciat\u00edvy Cesty zvy\u0161ovania zru\u010dnost\u00ed\",\"datePublished\":\"2019-06-26T11:46:20+00:00\",\"dateModified\":\"2019-06-26T12:05:50+00:00\",\"mainEntityOfPage\":{\"@id\":\"https:\\\/\\\/archiv.siov.sk\\\/siov-sa-stal-sekretariatom-narodnej-siete-pre-implementaciu-iniciativy-cesty-zvysovania-zrucnosti\\\/\"},\"wordCount\":376,\"publisher\":{\"@id\":\"https:\\\/\\\/archiv.siov.sk\\\/#organization\"},\"image\":{\"@id\":\"https:\\\/\\\/archiv.siov.sk\\\/siov-sa-stal-sekretariatom-narodnej-siete-pre-implementaciu-iniciativy-cesty-zvysovania-zrucnosti\\\/#primaryimage\"},\"thumbnailUrl\":\"https:\\\/\\\/archiv.siov.sk\\\/wp-content\\\/uploads\\\/2019\\\/06\\\/siov.jpg\",\"articleSection\":[\"Aktuality\"],\"inLanguage\":\"en-GB\"},{\"@type\":\"WebPage\",\"@id\":\"https:\\\/\\\/archiv.siov.sk\\\/siov-sa-stal-sekretariatom-narodnej-siete-pre-implementaciu-iniciativy-cesty-zvysovania-zrucnosti\\\/\",\"url\":\"https:\\\/\\\/archiv.siov.sk\\\/siov-sa-stal-sekretariatom-narodnej-siete-pre-implementaciu-iniciativy-cesty-zvysovania-zrucnosti\\\/\",\"name\":\"\u0160IOV sa stal sekretari\u00e1tom N\u00e1rodnej siete pre implement\u00e1ciu iniciat\u00edvy Cesty zvy\u0161ovania zru\u010dnost\u00ed - \u0160IOV - \u0161t\u00e1tny in\u0161tit\u00fat odborn\u00e9ho vzdel\u00e1vania\",\"isPartOf\":{\"@id\":\"https:\\\/\\\/archiv.siov.sk\\\/#website\"},\"primaryImageOfPage\":{\"@id\":\"https:\\\/\\\/archiv.siov.sk\\\/siov-sa-stal-sekretariatom-narodnej-siete-pre-implementaciu-iniciativy-cesty-zvysovania-zrucnosti\\\/#primaryimage\"},\"image\":{\"@id\":\"https:\\\/\\\/archiv.siov.sk\\\/siov-sa-stal-sekretariatom-narodnej-siete-pre-implementaciu-iniciativy-cesty-zvysovania-zrucnosti\\\/#primaryimage\"},\"thumbnailUrl\":\"https:\\\/\\\/archiv.siov.sk\\\/wp-content\\\/uploads\\\/2019\\\/06\\\/siov.jpg\",\"datePublished\":\"2019-06-26T11:46:20+00:00\",\"dateModified\":\"2019-06-26T12:05:50+00:00\",\"breadcrumb\":{\"@id\":\"https:\\\/\\\/archiv.siov.sk\\\/siov-sa-stal-sekretariatom-narodnej-siete-pre-implementaciu-iniciativy-cesty-zvysovania-zrucnosti\\\/#breadcrumb\"},\"inLanguage\":\"en-GB\",\"potentialAction\":[{\"@type\":\"ReadAction\",\"target\":[\"https:\\\/\\\/archiv.siov.sk\\\/siov-sa-stal-sekretariatom-narodnej-siete-pre-implementaciu-iniciativy-cesty-zvysovania-zrucnosti\\\/\"]}]},{\"@type\":\"ImageObject\",\"inLanguage\":\"en-GB\",\"@id\":\"https:\\\/\\\/archiv.siov.sk\\\/siov-sa-stal-sekretariatom-narodnej-siete-pre-implementaciu-iniciativy-cesty-zvysovania-zrucnosti\\\/#primaryimage\",\"url\":\"https:\\\/\\\/archiv.siov.sk\\\/wp-content\\\/uploads\\\/2019\\\/06\\\/siov.jpg\",\"contentUrl\":\"https:\\\/\\\/archiv.siov.sk\\\/wp-content\\\/uploads\\\/2019\\\/06\\\/siov.jpg\",\"width\":1100,\"height\":445},{\"@type\":\"BreadcrumbList\",\"@id\":\"https:\\\/\\\/archiv.siov.sk\\\/siov-sa-stal-sekretariatom-narodnej-siete-pre-implementaciu-iniciativy-cesty-zvysovania-zrucnosti\\\/#breadcrumb\",\"itemListElement\":[{\"@type\":\"ListItem\",\"position\":1,\"name\":\"Home\",\"item\":\"https:\\\/\\\/archiv.siov.sk\\\/\"},{\"@type\":\"ListItem\",\"position\":2,\"name\":\"\u0160IOV sa stal sekretari\u00e1tom N\u00e1rodnej siete pre implement\u00e1ciu iniciat\u00edvy Cesty zvy\u0161ovania zru\u010dnost\u00ed\"}]},{\"@type\":\"WebSite\",\"@id\":\"https:\\\/\\\/archiv.siov.sk\\\/#website\",\"url\":\"https:\\\/\\\/archiv.siov.sk\\\/\",\"name\":\"\u0160IOV - \u0161t\u00e1tny in\u0161tit\u00fat odborn\u00e9ho vzdel\u00e1vania\",\"description\":\"\",\"publisher\":{\"@id\":\"https:\\\/\\\/archiv.siov.sk\\\/#organization\"},\"potentialAction\":[{\"@type\":\"SearchAction\",\"target\":{\"@type\":\"EntryPoint\",\"urlTemplate\":\"https:\\\/\\\/archiv.siov.sk\\\/?s={search_term_string}\"},\"query-input\":{\"@type\":\"PropertyValueSpecification\",\"valueRequired\":true,\"valueName\":\"search_term_string\"}}],\"inLanguage\":\"en-GB\"},{\"@type\":\"Organization\",\"@id\":\"https:\\\/\\\/archiv.siov.sk\\\/#organization\",\"name\":\"\u0160IOV - \u0161t\u00e1tny in\u0161tit\u00fat odborn\u00e9ho vzdel\u00e1vania\",\"url\":\"https:\\\/\\\/archiv.siov.sk\\\/\",\"logo\":{\"@type\":\"ImageObject\",\"inLanguage\":\"en-GB\",\"@id\":\"https:\\\/\\\/archiv.siov.sk\\\/#\\\/schema\\\/logo\\\/image\\\/\",\"url\":\"https:\\\/\\\/archiv.siov.sk\\\/wp-content\\\/uploads\\\/2024\\\/02\\\/logo-SIOV.png\",\"contentUrl\":\"https:\\\/\\\/archiv.siov.sk\\\/wp-content\\\/uploads\\\/2024\\\/02\\\/logo-SIOV.png\",\"width\":431,\"height\":143,\"caption\":\"\u0160IOV - \u0161t\u00e1tny in\u0161tit\u00fat odborn\u00e9ho vzdel\u00e1vania\"},\"image\":{\"@id\":\"https:\\\/\\\/archiv.siov.sk\\\/#\\\/schema\\\/logo\\\/image\\\/\"},\"sameAs\":[\"https:\\\/\\\/www.facebook.com\\\/Statnyinstitutodbornehovzdelavania\"]},{\"@type\":\"Person\",\"@id\":\"https:\\\/\\\/archiv.siov.sk\\\/#\\\/schema\\\/person\\\/e42d633fbd958c6a726e8834d8965e6c\",\"name\":\"Katar\u00edna Kov\u00e1\u010dov\u00e1\",\"url\":\"https:\\\/\\\/archiv.siov.sk\\\/en\\\/author\\\/katkakovacova\\\/\"}]}<\/script>\n<!-- \/ Yoast SEO plugin. -->","yoast_head_json":{"title":"\u0160IOV sa stal sekretari\u00e1tom N\u00e1rodnej siete pre implement\u00e1ciu iniciat\u00edvy Cesty zvy\u0161ovania zru\u010dnost\u00ed - \u0160IOV - \u0161t\u00e1tny in\u0161tit\u00fat odborn\u00e9ho vzdel\u00e1vania","robots":{"index":"index","follow":"follow","max-snippet":"max-snippet:-1","max-image-preview":"max-image-preview:large","max-video-preview":"max-video-preview:-1"},"canonical":"https:\/\/archiv.siov.sk\/en\/siov-sa-stal-sekretariatom-narodnej-siete-pre-implementaciu-iniciativy-cesty-zvysovania-zrucnosti\/","og_locale":"en_GB","og_type":"article","og_title":"\u0160IOV sa stal sekretari\u00e1tom N\u00e1rodnej siete pre implement\u00e1ciu iniciat\u00edvy Cesty zvy\u0161ovania zru\u010dnost\u00ed - \u0160IOV - \u0161t\u00e1tny in\u0161tit\u00fat odborn\u00e9ho vzdel\u00e1vania","og_description":"D\u0148a 17. 6. 2019 \u0161t\u00e1tna tajomn\u00ed\u010dka Ministerstva \u0161kolstva, vedy, v\u00fdskumu a&nbsp;\u0161portu SR O\u013ega Nachtmannov\u00e1 vymenovala \u010dlenov pracovnej skupiny N\u00e1rodnej siete pre implement\u00e1ciu iniciat\u00edvy Cesty zvy\u0161ovania zru\u010dnost\u00ed, sekretari\u00e1tom ktorej je odbor eur\u00f3pskych polit\u00edk \u0160IOV. \u010clenmi pracovnej skupiny s\u00fa z\u00e1stupcovia ministerstiev, organiz\u00e1ci\u00ed verejnej spr\u00e1vy, samospr\u00e1vnych krajov, ob\u010dianskej spolo\u010dnosti, Slovenskej akad\u00e9mie vied a&nbsp;\u010fal\u0161\u00ed experti. Cie\u013eom N\u00e1rodnej siete je [&hellip;]","og_url":"https:\/\/archiv.siov.sk\/en\/siov-sa-stal-sekretariatom-narodnej-siete-pre-implementaciu-iniciativy-cesty-zvysovania-zrucnosti\/","og_site_name":"\u0160IOV - \u0161t\u00e1tny in\u0161tit\u00fat odborn\u00e9ho vzdel\u00e1vania","article_publisher":"https:\/\/www.facebook.com\/Statnyinstitutodbornehovzdelavania","article_published_time":"2019-06-26T11:46:20+00:00","article_modified_time":"2019-06-26T12:05:50+00:00","og_image":[{"width":1100,"height":445,"url":"https:\/\/archiv.siov.sk\/wp-content\/uploads\/2019\/06\/siov.jpg","type":"image\/jpeg"}],"author":"Katar\u00edna Kov\u00e1\u010dov\u00e1","twitter_card":"summary_large_image","twitter_misc":{"Written by":"Katar\u00edna Kov\u00e1\u010dov\u00e1","Estimated reading time":"2 minutes"},"schema":{"@context":"https:\/\/schema.org","@graph":[{"@type":"Article","@id":"https:\/\/archiv.siov.sk\/siov-sa-stal-sekretariatom-narodnej-siete-pre-implementaciu-iniciativy-cesty-zvysovania-zrucnosti\/#article","isPartOf":{"@id":"https:\/\/archiv.siov.sk\/siov-sa-stal-sekretariatom-narodnej-siete-pre-implementaciu-iniciativy-cesty-zvysovania-zrucnosti\/"},"author":{"name":"Katar\u00edna Kov\u00e1\u010dov\u00e1","@id":"https:\/\/archiv.siov.sk\/#\/schema\/person\/e42d633fbd958c6a726e8834d8965e6c"},"headline":"\u0160IOV sa stal sekretari\u00e1tom N\u00e1rodnej siete pre implement\u00e1ciu iniciat\u00edvy Cesty zvy\u0161ovania zru\u010dnost\u00ed","datePublished":"2019-06-26T11:46:20+00:00","dateModified":"2019-06-26T12:05:50+00:00","mainEntityOfPage":{"@id":"https:\/\/archiv.siov.sk\/siov-sa-stal-sekretariatom-narodnej-siete-pre-implementaciu-iniciativy-cesty-zvysovania-zrucnosti\/"},"wordCount":376,"publisher":{"@id":"https:\/\/archiv.siov.sk\/#organization"},"image":{"@id":"https:\/\/archiv.siov.sk\/siov-sa-stal-sekretariatom-narodnej-siete-pre-implementaciu-iniciativy-cesty-zvysovania-zrucnosti\/#primaryimage"},"thumbnailUrl":"https:\/\/archiv.siov.sk\/wp-content\/uploads\/2019\/06\/siov.jpg","articleSection":["Aktuality"],"inLanguage":"en-GB"},{"@type":"WebPage","@id":"https:\/\/archiv.siov.sk\/siov-sa-stal-sekretariatom-narodnej-siete-pre-implementaciu-iniciativy-cesty-zvysovania-zrucnosti\/","url":"https:\/\/archiv.siov.sk\/siov-sa-stal-sekretariatom-narodnej-siete-pre-implementaciu-iniciativy-cesty-zvysovania-zrucnosti\/","name":"\u0160IOV sa stal sekretari\u00e1tom N\u00e1rodnej siete pre implement\u00e1ciu iniciat\u00edvy Cesty zvy\u0161ovania zru\u010dnost\u00ed - \u0160IOV - \u0161t\u00e1tny in\u0161tit\u00fat odborn\u00e9ho vzdel\u00e1vania","isPartOf":{"@id":"https:\/\/archiv.siov.sk\/#website"},"primaryImageOfPage":{"@id":"https:\/\/archiv.siov.sk\/siov-sa-stal-sekretariatom-narodnej-siete-pre-implementaciu-iniciativy-cesty-zvysovania-zrucnosti\/#primaryimage"},"image":{"@id":"https:\/\/archiv.siov.sk\/siov-sa-stal-sekretariatom-narodnej-siete-pre-implementaciu-iniciativy-cesty-zvysovania-zrucnosti\/#primaryimage"},"thumbnailUrl":"https:\/\/archiv.siov.sk\/wp-content\/uploads\/2019\/06\/siov.jpg","datePublished":"2019-06-26T11:46:20+00:00","dateModified":"2019-06-26T12:05:50+00:00","breadcrumb":{"@id":"https:\/\/archiv.siov.sk\/siov-sa-stal-sekretariatom-narodnej-siete-pre-implementaciu-iniciativy-cesty-zvysovania-zrucnosti\/#breadcrumb"},"inLanguage":"en-GB","potentialAction":[{"@type":"ReadAction","target":["https:\/\/archiv.siov.sk\/siov-sa-stal-sekretariatom-narodnej-siete-pre-implementaciu-iniciativy-cesty-zvysovania-zrucnosti\/"]}]},{"@type":"ImageObject","inLanguage":"en-GB","@id":"https:\/\/archiv.siov.sk\/siov-sa-stal-sekretariatom-narodnej-siete-pre-implementaciu-iniciativy-cesty-zvysovania-zrucnosti\/#primaryimage","url":"https:\/\/archiv.siov.sk\/wp-content\/uploads\/2019\/06\/siov.jpg","contentUrl":"https:\/\/archiv.siov.sk\/wp-content\/uploads\/2019\/06\/siov.jpg","width":1100,"height":445},{"@type":"BreadcrumbList","@id":"https:\/\/archiv.siov.sk\/siov-sa-stal-sekretariatom-narodnej-siete-pre-implementaciu-iniciativy-cesty-zvysovania-zrucnosti\/#breadcrumb","itemListElement":[{"@type":"ListItem","position":1,"name":"Home","item":"https:\/\/archiv.siov.sk\/"},{"@type":"ListItem","position":2,"name":"\u0160IOV sa stal sekretari\u00e1tom N\u00e1rodnej siete pre implement\u00e1ciu iniciat\u00edvy Cesty zvy\u0161ovania zru\u010dnost\u00ed"}]},{"@type":"WebSite","@id":"https:\/\/archiv.siov.sk\/#website","url":"https:\/\/archiv.siov.sk\/","name":"\u0160IOV - \u0161t\u00e1tny in\u0161tit\u00fat odborn\u00e9ho vzdel\u00e1vania","description":"","publisher":{"@id":"https:\/\/archiv.siov.sk\/#organization"},"potentialAction":[{"@type":"SearchAction","target":{"@type":"EntryPoint","urlTemplate":"https:\/\/archiv.siov.sk\/?s={search_term_string}"},"query-input":{"@type":"PropertyValueSpecification","valueRequired":true,"valueName":"search_term_string"}}],"inLanguage":"en-GB"},{"@type":"Organization","@id":"https:\/\/archiv.siov.sk\/#organization","name":"\u0160IOV - \u0161t\u00e1tny in\u0161tit\u00fat odborn\u00e9ho vzdel\u00e1vania","url":"https:\/\/archiv.siov.sk\/","logo":{"@type":"ImageObject","inLanguage":"en-GB","@id":"https:\/\/archiv.siov.sk\/#\/schema\/logo\/image\/","url":"https:\/\/archiv.siov.sk\/wp-content\/uploads\/2024\/02\/logo-SIOV.png","contentUrl":"https:\/\/archiv.siov.sk\/wp-content\/uploads\/2024\/02\/logo-SIOV.png","width":431,"height":143,"caption":"\u0160IOV - \u0161t\u00e1tny in\u0161tit\u00fat odborn\u00e9ho vzdel\u00e1vania"},"image":{"@id":"https:\/\/archiv.siov.sk\/#\/schema\/logo\/image\/"},"sameAs":["https:\/\/www.facebook.com\/Statnyinstitutodbornehovzdelavania"]},{"@type":"Person","@id":"https:\/\/archiv.siov.sk\/#\/schema\/person\/e42d633fbd958c6a726e8834d8965e6c","name":"Katar\u00edna Kov\u00e1\u010dov\u00e1","url":"https:\/\/archiv.siov.sk\/en\/author\/katkakovacova\/"}]}},"_links":{"self":[{"href":"https:\/\/archiv.siov.sk\/en\/wp-json\/wp\/v2\/posts\/4021","targetHints":{"allow":["GET"]}}],"collection":[{"href":"https:\/\/archiv.siov.sk\/en\/wp-json\/wp\/v2\/posts"}],"about":[{"href":"https:\/\/archiv.siov.sk\/en\/wp-json\/wp\/v2\/types\/post"}],"author":[{"embeddable":true,"href":"https:\/\/archiv.siov.sk\/en\/wp-json\/wp\/v2\/users\/6"}],"replies":[{"embeddable":true,"href":"https:\/\/archiv.siov.sk\/en\/wp-json\/wp\/v2\/comments?post=4021"}],"version-history":[{"count":2,"href":"https:\/\/archiv.siov.sk\/en\/wp-json\/wp\/v2\/posts\/4021\/revisions"}],"predecessor-version":[{"id":4030,"href":"https:\/\/archiv.siov.sk\/en\/wp-json\/wp\/v2\/posts\/4021\/revisions\/4030"}],"wp:featuredmedia":[{"embeddable":true,"href":"https:\/\/archiv.siov.sk\/en\/wp-json\/wp\/v2\/media\/4029"}],"wp:attachment":[{"href":"https:\/\/archiv.siov.sk\/en\/wp-json\/wp\/v2\/media?parent=4021"}],"wp:term":[{"taxonomy":"category","embeddable":true,"href":"https:\/\/archiv.siov.sk\/en\/wp-json\/wp\/v2\/categories?post=4021"},{"taxonomy":"post_tag","embeddable":true,"href":"https:\/\/archiv.siov.sk\/en\/wp-json\/wp\/v2\/tags?post=4021"}],"curies":[{"name":"wp","href":"https:\/\/api.w.org\/{rel}","templated":true}]}}