{"id":3995,"date":"2019-06-25T13:55:35","date_gmt":"2019-06-25T11:55:35","guid":{"rendered":"http:\/\/archiv.siov.sk\/?p=3995"},"modified":"2019-06-25T13:59:29","modified_gmt":"2019-06-25T11:59:29","slug":"sutaz-rodinny-dom-velux-uz-pozna-vitazov","status":"publish","type":"post","link":"https:\/\/archiv.siov.sk\/en\/sutaz-rodinny-dom-velux-uz-pozna-vitazov\/","title":{"rendered":"S\u00fa\u0165a\u017e Rodinn\u00fd dom VELUX u\u017e pozn\u00e1 v\u00ed\u0165azov"},"content":{"rendered":"<p style=\"text-align: justify;\">V 11. ro\u010dn\u00edku \u0161tudentskej s\u00fa\u0165a\u017ee, ktorej partnerom je aj \u0160t\u00e1tny in\u0161tit\u00fat odborn\u00e9ho vzdel\u00e1vania vynikli diev\u010dat\u00e1. Jej predmetom bola \u0161t\u00fadia rodinn\u00e9ho domu, kde denn\u00e9 svetlo a pr\u00edsun \u010derstv\u00e9ho vzduchu prich\u00e1dza do objektu cez strechu, prostredn\u00edctvom v\u00fdrobkov VELUX.<\/p>\n<p style=\"text-align: justify;\">V celoslovenskom kole s\u00fa\u0165a\u017ee vyberala porota v\u00ed\u0165azov zo 60 projektov, ktor\u00e9 post\u00fapili zo 14 stredn\u00fdch odborn\u00fdch \u0161k\u00f4l. \u010clenovia poroty sa pre vysok\u00fa kvalitat\u00edvnu \u00farove\u0148 pr\u00e1c rozhodli, \u017ee udelia okrem prv\u00fdch troch miest aj p\u00e4\u0165 mimoriadnych odmien.<\/p>\n<p><img fetchpriority=\"high\" decoding=\"async\" class=\"wp-image-3996 aligncenter\" src=\"https:\/\/archiv.siov.sk\/wp-content\/uploads\/2019\/06\/018_MM_190619_VELUX-SPS-RD_TwinCityTower__N4A0015_hires-300x200.jpg\" alt=\"\" width=\"341\" height=\"227\" srcset=\"https:\/\/archiv.siov.sk\/wp-content\/uploads\/2019\/06\/018_MM_190619_VELUX-SPS-RD_TwinCityTower__N4A0015_hires-300x200.jpg 300w, https:\/\/archiv.siov.sk\/wp-content\/uploads\/2019\/06\/018_MM_190619_VELUX-SPS-RD_TwinCityTower__N4A0015_hires-768x512.jpg 768w, https:\/\/archiv.siov.sk\/wp-content\/uploads\/2019\/06\/018_MM_190619_VELUX-SPS-RD_TwinCityTower__N4A0015_hires-1024x683.jpg 1024w, https:\/\/archiv.siov.sk\/wp-content\/uploads\/2019\/06\/018_MM_190619_VELUX-SPS-RD_TwinCityTower__N4A0015_hires-480x320.jpg 480w, https:\/\/archiv.siov.sk\/wp-content\/uploads\/2019\/06\/018_MM_190619_VELUX-SPS-RD_TwinCityTower__N4A0015_hires-272x182.jpg 272w\" sizes=\"(max-width: 341px) 100vw, 341px\" \/><\/p>\n<p style=\"text-align: justify;\">Autor foto: Martin Matula<\/p>\n<p style=\"text-align: justify;\">\u201eSom s\u00fa\u010das\u0165ou s\u00fa\u0165a\u017ee dlh\u00e9 roky a m\u00f4\u017eem potvrdi\u0165, \u017ee kvalita ka\u017ed\u00fd rok st\u00fapa. Ve\u013emi ma te\u0161\u00ed, \u017ee sa \u0161tudenti zauj\u00edmaj\u00fa aj o to, ak\u00fd je svet okolo nich a reflektuj\u00fa to do projektov,\u201c zhodnotila \u010dlenka poroty Kl\u00e1ra Bukolsk\u00e1. \u010eal\u0161\u00ed \u010dlen poroty, \u0160tefan Polakovi\u010d z ateli\u00e9ru Gut Gut \u2013 bol pozit\u00edvne prekvapen\u00fd vysokou kvalitou pr\u00e1c: \u201eU\u010d\u00edm na univerzite a mus\u00edm poveda\u0165, \u017ee rozdiel medzi projektmi v s\u00fa\u0165a\u017ei a na univerzite je skuto\u010dne minim\u00e1lny, hoci vekovo je medzi autormi ve\u013ek\u00fd rozdiel.\u201c<\/p>\n<p><img decoding=\"async\" class=\"alignnone size-medium wp-image-3999 aligncenter\" src=\"https:\/\/archiv.siov.sk\/wp-content\/uploads\/2019\/06\/RDSK-11-detaily-vitezove-300x213.jpg\" alt=\"\" width=\"300\" height=\"213\" srcset=\"https:\/\/archiv.siov.sk\/wp-content\/uploads\/2019\/06\/RDSK-11-detaily-vitezove-300x213.jpg 300w, https:\/\/archiv.siov.sk\/wp-content\/uploads\/2019\/06\/RDSK-11-detaily-vitezove-768x545.jpg 768w, https:\/\/archiv.siov.sk\/wp-content\/uploads\/2019\/06\/RDSK-11-detaily-vitezove-1024x726.jpg 1024w, https:\/\/archiv.siov.sk\/wp-content\/uploads\/2019\/06\/RDSK-11-detaily-vitezove-480x341.jpg 480w, https:\/\/archiv.siov.sk\/wp-content\/uploads\/2019\/06\/RDSK-11-detaily-vitezove.jpg 1748w\" sizes=\"(max-width: 300px) 100vw, 300px\" \/><\/p>\n<p style=\"text-align: justify;\">Sl\u00e1vnostn\u00e9 vyhodnotenie s\u00fa\u0165a\u017ee sa konalo v Bratislave na najvy\u0161\u0161ie polo\u017eenej terase v meste s v\u00fdh\u013eadom na rast\u00face nov\u00e9 centrum Bratislavy. Prv\u00e9 tri miesta si v 11. ro\u010dn\u00edku s\u00fa\u0165a\u017ee odniesli diev\u010dat\u00e1. Sved\u010d\u00ed to o tom, \u017ee architekt\u00fara rozhodne nie je mu\u017eskou dom\u00e9nou. Prv\u00e9 dve miesta putovali na Stredn\u00fa priemyseln\u00fa \u0161kolu stavebn\u00fa Du\u0161ana Samuela Jurkovi\u010da v Trnave. Na prvom mieste sa umiestnila Lea Dominika Ondrejkov\u00e1, na druhom mieste Barbora Haladov\u00e1 a tretie miesto si odniesla Sarah Maria Hirav\u00e1 zo Strednej priemyselnej \u0161koly stavebnej v \u017diline. Sponzorsk\u00fd dar pre \u0161kolu v hodnote 300 eur za najvy\u0161\u0161\u00ed po\u010det odovzdan\u00fdch pr\u00e1c si tento rok odniesla Stredn\u00e1 priemyseln\u00e1 \u0161kola stavebn\u00e1 a geodetick\u00e1 v Bratislave, za 32 odovzdan\u00fdch projektov.<\/p>","protected":false},"excerpt":{"rendered":"<p>V 11. ro\u010dn\u00edku \u0161tudentskej s\u00fa\u0165a\u017ee, ktorej partnerom je aj \u0160t\u00e1tny in\u0161tit\u00fat odborn\u00e9ho vzdel\u00e1vania vynikli diev\u010dat\u00e1. Jej predmetom bola \u0161t\u00fadia rodinn\u00e9ho domu, kde denn\u00e9 svetlo a pr\u00edsun \u010derstv\u00e9ho vzduchu prich\u00e1dza do objektu cez strechu, prostredn\u00edctvom v\u00fdrobkov VELUX. V celoslovenskom kole s\u00fa\u0165a\u017ee vyberala porota v\u00ed\u0165azov zo 60 projektov, ktor\u00e9 post\u00fapili zo 14 stredn\u00fdch odborn\u00fdch \u0161k\u00f4l. \u010clenovia poroty [&hellip;]<\/p>\n","protected":false},"author":6,"featured_media":3997,"comment_status":"closed","ping_status":"closed","sticky":false,"template":"","format":"standard","meta":{"site-sidebar-layout":"default","site-content-layout":"","ast-site-content-layout":"default","site-content-style":"default","site-sidebar-style":"default","ast-global-header-display":"","ast-banner-title-visibility":"","ast-main-header-display":"","ast-hfb-above-header-display":"","ast-hfb-below-header-display":"","ast-hfb-mobile-header-display":"","site-post-title":"","ast-breadcrumbs-content":"","ast-featured-img":"","footer-sml-layout":"","ast-disable-related-posts":"","theme-transparent-header-meta":"","adv-header-id-meta":"","stick-header-meta":"","header-above-stick-meta":"","header-main-stick-meta":"","header-below-stick-meta":"","astra-migrate-meta-layouts":"default","ast-page-background-enabled":"default","ast-page-background-meta":{"desktop":{"background-color":"var(--ast-global-color-4)","background-image":"","background-repeat":"repeat","background-position":"center center","background-size":"auto","background-attachment":"scroll","background-type":"","background-media":"","overlay-type":"","overlay-color":"","overlay-opacity":"","overlay-gradient":""},"tablet":{"background-color":"","background-image":"","background-repeat":"repeat","background-position":"center center","background-size":"auto","background-attachment":"scroll","background-type":"","background-media":"","overlay-type":"","overlay-color":"","overlay-opacity":"","overlay-gradient":""},"mobile":{"background-color":"","background-image":"","background-repeat":"repeat","background-position":"center center","background-size":"auto","background-attachment":"scroll","background-type":"","background-media":"","overlay-type":"","overlay-color":"","overlay-opacity":"","overlay-gradient":""}},"ast-content-background-meta":{"desktop":{"background-color":"var(--ast-global-color-5)","background-image":"","background-repeat":"repeat","background-position":"center center","background-size":"auto","background-attachment":"scroll","background-type":"","background-media":"","overlay-type":"","overlay-color":"","overlay-opacity":"","overlay-gradient":""},"tablet":{"background-color":"var(--ast-global-color-5)","background-image":"","background-repeat":"repeat","background-position":"center center","background-size":"auto","background-attachment":"scroll","background-type":"","background-media":"","overlay-type":"","overlay-color":"","overlay-opacity":"","overlay-gradient":""},"mobile":{"background-color":"var(--ast-global-color-5)","background-image":"","background-repeat":"repeat","background-position":"center center","background-size":"auto","background-attachment":"scroll","background-type":"","background-media":"","overlay-type":"","overlay-color":"","overlay-opacity":"","overlay-gradient":""}},"footnotes":""},"categories":[1],"tags":[],"class_list":["post-3995","post","type-post","status-publish","format-standard","has-post-thumbnail","hentry","category-aktuality"],"yoast_head":"<!-- This site is optimized with the Yoast SEO plugin v27.5 - https:\/\/yoast.com\/product\/yoast-seo-wordpress\/ -->\n<title>S\u00fa\u0165a\u017e Rodinn\u00fd dom VELUX u\u017e pozn\u00e1 v\u00ed\u0165azov - \u0160IOV - \u0161t\u00e1tny in\u0161tit\u00fat odborn\u00e9ho vzdel\u00e1vania<\/title>\n<meta name=\"robots\" content=\"index, follow, max-snippet:-1, max-image-preview:large, max-video-preview:-1\" \/>\n<link rel=\"canonical\" href=\"https:\/\/archiv.siov.sk\/en\/sutaz-rodinny-dom-velux-uz-pozna-vitazov\/\" \/>\n<meta property=\"og:locale\" content=\"en_GB\" \/>\n<meta property=\"og:type\" content=\"article\" \/>\n<meta property=\"og:title\" content=\"S\u00fa\u0165a\u017e Rodinn\u00fd dom VELUX u\u017e pozn\u00e1 v\u00ed\u0165azov - \u0160IOV - \u0161t\u00e1tny in\u0161tit\u00fat odborn\u00e9ho vzdel\u00e1vania\" \/>\n<meta property=\"og:description\" content=\"V 11. ro\u010dn\u00edku \u0161tudentskej s\u00fa\u0165a\u017ee, ktorej partnerom je aj \u0160t\u00e1tny in\u0161tit\u00fat odborn\u00e9ho vzdel\u00e1vania vynikli diev\u010dat\u00e1. Jej predmetom bola \u0161t\u00fadia rodinn\u00e9ho domu, kde denn\u00e9 svetlo a pr\u00edsun \u010derstv\u00e9ho vzduchu prich\u00e1dza do objektu cez strechu, prostredn\u00edctvom v\u00fdrobkov VELUX. V celoslovenskom kole s\u00fa\u0165a\u017ee vyberala porota v\u00ed\u0165azov zo 60 projektov, ktor\u00e9 post\u00fapili zo 14 stredn\u00fdch odborn\u00fdch \u0161k\u00f4l. \u010clenovia poroty [&hellip;]\" \/>\n<meta property=\"og:url\" content=\"https:\/\/archiv.siov.sk\/en\/sutaz-rodinny-dom-velux-uz-pozna-vitazov\/\" \/>\n<meta property=\"og:site_name\" content=\"\u0160IOV - \u0161t\u00e1tny in\u0161tit\u00fat odborn\u00e9ho vzdel\u00e1vania\" \/>\n<meta property=\"article:publisher\" content=\"https:\/\/www.facebook.com\/Statnyinstitutodbornehovzdelavania\" \/>\n<meta property=\"article:published_time\" content=\"2019-06-25T11:55:35+00:00\" \/>\n<meta property=\"article:modified_time\" content=\"2019-06-25T11:59:29+00:00\" \/>\n<meta property=\"og:image\" content=\"https:\/\/archiv.siov.sk\/wp-content\/uploads\/2019\/06\/029_MM_190619_VELUX-SPS-RD_TwinCityTower__N4A0061_hires-1024x683.jpg\" \/>\n\t<meta property=\"og:image:width\" content=\"1024\" \/>\n\t<meta property=\"og:image:height\" content=\"683\" \/>\n\t<meta property=\"og:image:type\" content=\"image\/jpeg\" \/>\n<meta name=\"author\" content=\"Katar\u00edna Kov\u00e1\u010dov\u00e1\" \/>\n<meta name=\"twitter:card\" content=\"summary_large_image\" \/>\n<meta name=\"twitter:label1\" content=\"Written by\" \/>\n\t<meta name=\"twitter:data1\" content=\"Katar\u00edna Kov\u00e1\u010dov\u00e1\" \/>\n\t<meta name=\"twitter:label2\" content=\"Estimated reading time\" \/>\n\t<meta name=\"twitter:data2\" content=\"2 minutes\" \/>\n<script type=\"application\/ld+json\" class=\"yoast-schema-graph\">{\"@context\":\"https:\\\/\\\/schema.org\",\"@graph\":[{\"@type\":\"Article\",\"@id\":\"https:\\\/\\\/archiv.siov.sk\\\/sutaz-rodinny-dom-velux-uz-pozna-vitazov\\\/#article\",\"isPartOf\":{\"@id\":\"https:\\\/\\\/archiv.siov.sk\\\/sutaz-rodinny-dom-velux-uz-pozna-vitazov\\\/\"},\"author\":{\"name\":\"Katar\u00edna Kov\u00e1\u010dov\u00e1\",\"@id\":\"https:\\\/\\\/archiv.siov.sk\\\/#\\\/schema\\\/person\\\/e42d633fbd958c6a726e8834d8965e6c\"},\"headline\":\"S\u00fa\u0165a\u017e Rodinn\u00fd dom VELUX u\u017e pozn\u00e1 v\u00ed\u0165azov\",\"datePublished\":\"2019-06-25T11:55:35+00:00\",\"dateModified\":\"2019-06-25T11:59:29+00:00\",\"mainEntityOfPage\":{\"@id\":\"https:\\\/\\\/archiv.siov.sk\\\/sutaz-rodinny-dom-velux-uz-pozna-vitazov\\\/\"},\"wordCount\":338,\"publisher\":{\"@id\":\"https:\\\/\\\/archiv.siov.sk\\\/#organization\"},\"image\":{\"@id\":\"https:\\\/\\\/archiv.siov.sk\\\/sutaz-rodinny-dom-velux-uz-pozna-vitazov\\\/#primaryimage\"},\"thumbnailUrl\":\"https:\\\/\\\/archiv.siov.sk\\\/wp-content\\\/uploads\\\/2019\\\/06\\\/029_MM_190619_VELUX-SPS-RD_TwinCityTower__N4A0061_hires.jpg\",\"articleSection\":[\"Aktuality\"],\"inLanguage\":\"en-GB\"},{\"@type\":\"WebPage\",\"@id\":\"https:\\\/\\\/archiv.siov.sk\\\/sutaz-rodinny-dom-velux-uz-pozna-vitazov\\\/\",\"url\":\"https:\\\/\\\/archiv.siov.sk\\\/sutaz-rodinny-dom-velux-uz-pozna-vitazov\\\/\",\"name\":\"S\u00fa\u0165a\u017e Rodinn\u00fd dom VELUX u\u017e pozn\u00e1 v\u00ed\u0165azov - \u0160IOV - \u0161t\u00e1tny in\u0161tit\u00fat odborn\u00e9ho vzdel\u00e1vania\",\"isPartOf\":{\"@id\":\"https:\\\/\\\/archiv.siov.sk\\\/#website\"},\"primaryImageOfPage\":{\"@id\":\"https:\\\/\\\/archiv.siov.sk\\\/sutaz-rodinny-dom-velux-uz-pozna-vitazov\\\/#primaryimage\"},\"image\":{\"@id\":\"https:\\\/\\\/archiv.siov.sk\\\/sutaz-rodinny-dom-velux-uz-pozna-vitazov\\\/#primaryimage\"},\"thumbnailUrl\":\"https:\\\/\\\/archiv.siov.sk\\\/wp-content\\\/uploads\\\/2019\\\/06\\\/029_MM_190619_VELUX-SPS-RD_TwinCityTower__N4A0061_hires.jpg\",\"datePublished\":\"2019-06-25T11:55:35+00:00\",\"dateModified\":\"2019-06-25T11:59:29+00:00\",\"breadcrumb\":{\"@id\":\"https:\\\/\\\/archiv.siov.sk\\\/sutaz-rodinny-dom-velux-uz-pozna-vitazov\\\/#breadcrumb\"},\"inLanguage\":\"en-GB\",\"potentialAction\":[{\"@type\":\"ReadAction\",\"target\":[\"https:\\\/\\\/archiv.siov.sk\\\/sutaz-rodinny-dom-velux-uz-pozna-vitazov\\\/\"]}]},{\"@type\":\"ImageObject\",\"inLanguage\":\"en-GB\",\"@id\":\"https:\\\/\\\/archiv.siov.sk\\\/sutaz-rodinny-dom-velux-uz-pozna-vitazov\\\/#primaryimage\",\"url\":\"https:\\\/\\\/archiv.siov.sk\\\/wp-content\\\/uploads\\\/2019\\\/06\\\/029_MM_190619_VELUX-SPS-RD_TwinCityTower__N4A0061_hires.jpg\",\"contentUrl\":\"https:\\\/\\\/archiv.siov.sk\\\/wp-content\\\/uploads\\\/2019\\\/06\\\/029_MM_190619_VELUX-SPS-RD_TwinCityTower__N4A0061_hires.jpg\",\"width\":3528,\"height\":2352},{\"@type\":\"BreadcrumbList\",\"@id\":\"https:\\\/\\\/archiv.siov.sk\\\/sutaz-rodinny-dom-velux-uz-pozna-vitazov\\\/#breadcrumb\",\"itemListElement\":[{\"@type\":\"ListItem\",\"position\":1,\"name\":\"Home\",\"item\":\"https:\\\/\\\/archiv.siov.sk\\\/\"},{\"@type\":\"ListItem\",\"position\":2,\"name\":\"S\u00fa\u0165a\u017e Rodinn\u00fd dom VELUX u\u017e pozn\u00e1 v\u00ed\u0165azov\"}]},{\"@type\":\"WebSite\",\"@id\":\"https:\\\/\\\/archiv.siov.sk\\\/#website\",\"url\":\"https:\\\/\\\/archiv.siov.sk\\\/\",\"name\":\"\u0160IOV - \u0161t\u00e1tny in\u0161tit\u00fat odborn\u00e9ho vzdel\u00e1vania\",\"description\":\"\",\"publisher\":{\"@id\":\"https:\\\/\\\/archiv.siov.sk\\\/#organization\"},\"potentialAction\":[{\"@type\":\"SearchAction\",\"target\":{\"@type\":\"EntryPoint\",\"urlTemplate\":\"https:\\\/\\\/archiv.siov.sk\\\/?s={search_term_string}\"},\"query-input\":{\"@type\":\"PropertyValueSpecification\",\"valueRequired\":true,\"valueName\":\"search_term_string\"}}],\"inLanguage\":\"en-GB\"},{\"@type\":\"Organization\",\"@id\":\"https:\\\/\\\/archiv.siov.sk\\\/#organization\",\"name\":\"\u0160IOV - \u0161t\u00e1tny in\u0161tit\u00fat odborn\u00e9ho vzdel\u00e1vania\",\"url\":\"https:\\\/\\\/archiv.siov.sk\\\/\",\"logo\":{\"@type\":\"ImageObject\",\"inLanguage\":\"en-GB\",\"@id\":\"https:\\\/\\\/archiv.siov.sk\\\/#\\\/schema\\\/logo\\\/image\\\/\",\"url\":\"https:\\\/\\\/archiv.siov.sk\\\/wp-content\\\/uploads\\\/2024\\\/02\\\/logo-SIOV.png\",\"contentUrl\":\"https:\\\/\\\/archiv.siov.sk\\\/wp-content\\\/uploads\\\/2024\\\/02\\\/logo-SIOV.png\",\"width\":431,\"height\":143,\"caption\":\"\u0160IOV - \u0161t\u00e1tny in\u0161tit\u00fat odborn\u00e9ho vzdel\u00e1vania\"},\"image\":{\"@id\":\"https:\\\/\\\/archiv.siov.sk\\\/#\\\/schema\\\/logo\\\/image\\\/\"},\"sameAs\":[\"https:\\\/\\\/www.facebook.com\\\/Statnyinstitutodbornehovzdelavania\"]},{\"@type\":\"Person\",\"@id\":\"https:\\\/\\\/archiv.siov.sk\\\/#\\\/schema\\\/person\\\/e42d633fbd958c6a726e8834d8965e6c\",\"name\":\"Katar\u00edna Kov\u00e1\u010dov\u00e1\",\"url\":\"https:\\\/\\\/archiv.siov.sk\\\/en\\\/author\\\/katkakovacova\\\/\"}]}<\/script>\n<!-- \/ Yoast SEO plugin. -->","yoast_head_json":{"title":"S\u00fa\u0165a\u017e Rodinn\u00fd dom VELUX u\u017e pozn\u00e1 v\u00ed\u0165azov - \u0160IOV - \u0161t\u00e1tny in\u0161tit\u00fat odborn\u00e9ho vzdel\u00e1vania","robots":{"index":"index","follow":"follow","max-snippet":"max-snippet:-1","max-image-preview":"max-image-preview:large","max-video-preview":"max-video-preview:-1"},"canonical":"https:\/\/archiv.siov.sk\/en\/sutaz-rodinny-dom-velux-uz-pozna-vitazov\/","og_locale":"en_GB","og_type":"article","og_title":"S\u00fa\u0165a\u017e Rodinn\u00fd dom VELUX u\u017e pozn\u00e1 v\u00ed\u0165azov - \u0160IOV - \u0161t\u00e1tny in\u0161tit\u00fat odborn\u00e9ho vzdel\u00e1vania","og_description":"V 11. ro\u010dn\u00edku \u0161tudentskej s\u00fa\u0165a\u017ee, ktorej partnerom je aj \u0160t\u00e1tny in\u0161tit\u00fat odborn\u00e9ho vzdel\u00e1vania vynikli diev\u010dat\u00e1. Jej predmetom bola \u0161t\u00fadia rodinn\u00e9ho domu, kde denn\u00e9 svetlo a pr\u00edsun \u010derstv\u00e9ho vzduchu prich\u00e1dza do objektu cez strechu, prostredn\u00edctvom v\u00fdrobkov VELUX. V celoslovenskom kole s\u00fa\u0165a\u017ee vyberala porota v\u00ed\u0165azov zo 60 projektov, ktor\u00e9 post\u00fapili zo 14 stredn\u00fdch odborn\u00fdch \u0161k\u00f4l. \u010clenovia poroty [&hellip;]","og_url":"https:\/\/archiv.siov.sk\/en\/sutaz-rodinny-dom-velux-uz-pozna-vitazov\/","og_site_name":"\u0160IOV - \u0161t\u00e1tny in\u0161tit\u00fat odborn\u00e9ho vzdel\u00e1vania","article_publisher":"https:\/\/www.facebook.com\/Statnyinstitutodbornehovzdelavania","article_published_time":"2019-06-25T11:55:35+00:00","article_modified_time":"2019-06-25T11:59:29+00:00","og_image":[{"width":1024,"height":683,"url":"https:\/\/archiv.siov.sk\/wp-content\/uploads\/2019\/06\/029_MM_190619_VELUX-SPS-RD_TwinCityTower__N4A0061_hires-1024x683.jpg","type":"image\/jpeg"}],"author":"Katar\u00edna Kov\u00e1\u010dov\u00e1","twitter_card":"summary_large_image","twitter_misc":{"Written by":"Katar\u00edna Kov\u00e1\u010dov\u00e1","Estimated reading time":"2 minutes"},"schema":{"@context":"https:\/\/schema.org","@graph":[{"@type":"Article","@id":"https:\/\/archiv.siov.sk\/sutaz-rodinny-dom-velux-uz-pozna-vitazov\/#article","isPartOf":{"@id":"https:\/\/archiv.siov.sk\/sutaz-rodinny-dom-velux-uz-pozna-vitazov\/"},"author":{"name":"Katar\u00edna Kov\u00e1\u010dov\u00e1","@id":"https:\/\/archiv.siov.sk\/#\/schema\/person\/e42d633fbd958c6a726e8834d8965e6c"},"headline":"S\u00fa\u0165a\u017e Rodinn\u00fd dom VELUX u\u017e pozn\u00e1 v\u00ed\u0165azov","datePublished":"2019-06-25T11:55:35+00:00","dateModified":"2019-06-25T11:59:29+00:00","mainEntityOfPage":{"@id":"https:\/\/archiv.siov.sk\/sutaz-rodinny-dom-velux-uz-pozna-vitazov\/"},"wordCount":338,"publisher":{"@id":"https:\/\/archiv.siov.sk\/#organization"},"image":{"@id":"https:\/\/archiv.siov.sk\/sutaz-rodinny-dom-velux-uz-pozna-vitazov\/#primaryimage"},"thumbnailUrl":"https:\/\/archiv.siov.sk\/wp-content\/uploads\/2019\/06\/029_MM_190619_VELUX-SPS-RD_TwinCityTower__N4A0061_hires.jpg","articleSection":["Aktuality"],"inLanguage":"en-GB"},{"@type":"WebPage","@id":"https:\/\/archiv.siov.sk\/sutaz-rodinny-dom-velux-uz-pozna-vitazov\/","url":"https:\/\/archiv.siov.sk\/sutaz-rodinny-dom-velux-uz-pozna-vitazov\/","name":"S\u00fa\u0165a\u017e Rodinn\u00fd dom VELUX u\u017e pozn\u00e1 v\u00ed\u0165azov - \u0160IOV - \u0161t\u00e1tny in\u0161tit\u00fat odborn\u00e9ho vzdel\u00e1vania","isPartOf":{"@id":"https:\/\/archiv.siov.sk\/#website"},"primaryImageOfPage":{"@id":"https:\/\/archiv.siov.sk\/sutaz-rodinny-dom-velux-uz-pozna-vitazov\/#primaryimage"},"image":{"@id":"https:\/\/archiv.siov.sk\/sutaz-rodinny-dom-velux-uz-pozna-vitazov\/#primaryimage"},"thumbnailUrl":"https:\/\/archiv.siov.sk\/wp-content\/uploads\/2019\/06\/029_MM_190619_VELUX-SPS-RD_TwinCityTower__N4A0061_hires.jpg","datePublished":"2019-06-25T11:55:35+00:00","dateModified":"2019-06-25T11:59:29+00:00","breadcrumb":{"@id":"https:\/\/archiv.siov.sk\/sutaz-rodinny-dom-velux-uz-pozna-vitazov\/#breadcrumb"},"inLanguage":"en-GB","potentialAction":[{"@type":"ReadAction","target":["https:\/\/archiv.siov.sk\/sutaz-rodinny-dom-velux-uz-pozna-vitazov\/"]}]},{"@type":"ImageObject","inLanguage":"en-GB","@id":"https:\/\/archiv.siov.sk\/sutaz-rodinny-dom-velux-uz-pozna-vitazov\/#primaryimage","url":"https:\/\/archiv.siov.sk\/wp-content\/uploads\/2019\/06\/029_MM_190619_VELUX-SPS-RD_TwinCityTower__N4A0061_hires.jpg","contentUrl":"https:\/\/archiv.siov.sk\/wp-content\/uploads\/2019\/06\/029_MM_190619_VELUX-SPS-RD_TwinCityTower__N4A0061_hires.jpg","width":3528,"height":2352},{"@type":"BreadcrumbList","@id":"https:\/\/archiv.siov.sk\/sutaz-rodinny-dom-velux-uz-pozna-vitazov\/#breadcrumb","itemListElement":[{"@type":"ListItem","position":1,"name":"Home","item":"https:\/\/archiv.siov.sk\/"},{"@type":"ListItem","position":2,"name":"S\u00fa\u0165a\u017e Rodinn\u00fd dom VELUX u\u017e pozn\u00e1 v\u00ed\u0165azov"}]},{"@type":"WebSite","@id":"https:\/\/archiv.siov.sk\/#website","url":"https:\/\/archiv.siov.sk\/","name":"\u0160IOV - \u0161t\u00e1tny in\u0161tit\u00fat odborn\u00e9ho vzdel\u00e1vania","description":"","publisher":{"@id":"https:\/\/archiv.siov.sk\/#organization"},"potentialAction":[{"@type":"SearchAction","target":{"@type":"EntryPoint","urlTemplate":"https:\/\/archiv.siov.sk\/?s={search_term_string}"},"query-input":{"@type":"PropertyValueSpecification","valueRequired":true,"valueName":"search_term_string"}}],"inLanguage":"en-GB"},{"@type":"Organization","@id":"https:\/\/archiv.siov.sk\/#organization","name":"\u0160IOV - \u0161t\u00e1tny in\u0161tit\u00fat odborn\u00e9ho vzdel\u00e1vania","url":"https:\/\/archiv.siov.sk\/","logo":{"@type":"ImageObject","inLanguage":"en-GB","@id":"https:\/\/archiv.siov.sk\/#\/schema\/logo\/image\/","url":"https:\/\/archiv.siov.sk\/wp-content\/uploads\/2024\/02\/logo-SIOV.png","contentUrl":"https:\/\/archiv.siov.sk\/wp-content\/uploads\/2024\/02\/logo-SIOV.png","width":431,"height":143,"caption":"\u0160IOV - \u0161t\u00e1tny in\u0161tit\u00fat odborn\u00e9ho vzdel\u00e1vania"},"image":{"@id":"https:\/\/archiv.siov.sk\/#\/schema\/logo\/image\/"},"sameAs":["https:\/\/www.facebook.com\/Statnyinstitutodbornehovzdelavania"]},{"@type":"Person","@id":"https:\/\/archiv.siov.sk\/#\/schema\/person\/e42d633fbd958c6a726e8834d8965e6c","name":"Katar\u00edna Kov\u00e1\u010dov\u00e1","url":"https:\/\/archiv.siov.sk\/en\/author\/katkakovacova\/"}]}},"_links":{"self":[{"href":"https:\/\/archiv.siov.sk\/en\/wp-json\/wp\/v2\/posts\/3995","targetHints":{"allow":["GET"]}}],"collection":[{"href":"https:\/\/archiv.siov.sk\/en\/wp-json\/wp\/v2\/posts"}],"about":[{"href":"https:\/\/archiv.siov.sk\/en\/wp-json\/wp\/v2\/types\/post"}],"author":[{"embeddable":true,"href":"https:\/\/archiv.siov.sk\/en\/wp-json\/wp\/v2\/users\/6"}],"replies":[{"embeddable":true,"href":"https:\/\/archiv.siov.sk\/en\/wp-json\/wp\/v2\/comments?post=3995"}],"version-history":[{"count":2,"href":"https:\/\/archiv.siov.sk\/en\/wp-json\/wp\/v2\/posts\/3995\/revisions"}],"predecessor-version":[{"id":4000,"href":"https:\/\/archiv.siov.sk\/en\/wp-json\/wp\/v2\/posts\/3995\/revisions\/4000"}],"wp:featuredmedia":[{"embeddable":true,"href":"https:\/\/archiv.siov.sk\/en\/wp-json\/wp\/v2\/media\/3997"}],"wp:attachment":[{"href":"https:\/\/archiv.siov.sk\/en\/wp-json\/wp\/v2\/media?parent=3995"}],"wp:term":[{"taxonomy":"category","embeddable":true,"href":"https:\/\/archiv.siov.sk\/en\/wp-json\/wp\/v2\/categories?post=3995"},{"taxonomy":"post_tag","embeddable":true,"href":"https:\/\/archiv.siov.sk\/en\/wp-json\/wp\/v2\/tags?post=3995"}],"curies":[{"name":"wp","href":"https:\/\/api.w.org\/{rel}","templated":true}]}}