{"id":3848,"date":"2019-06-03T12:38:40","date_gmt":"2019-06-03T10:38:40","guid":{"rendered":"http:\/\/archiv.siov.sk\/?p=3848"},"modified":"2019-06-04T12:46:57","modified_gmt":"2019-06-04T10:46:57","slug":"novy-model-zaverecnej-skusky-pre-ziakov-strednych-odbornych-skol","status":"publish","type":"post","link":"https:\/\/archiv.siov.sk\/en\/novy-model-zaverecnej-skusky-pre-ziakov-strednych-odbornych-skol\/","title":{"rendered":"Nov\u00fd model z\u00e1vere\u010dnej sk\u00fa\u0161ky pre \u017eiakov stredn\u00fdch odborn\u00fdch \u0161k\u00f4l"},"content":{"rendered":"<p>Ukon\u010denie \u0161t\u00fadia na stredn\u00fdch odborn\u00fdch \u0161kol\u00e1ch \u010dakaj\u00fa zmeny. V t\u00fdchto d\u0148och prebieha overovanie nov\u00e9ho modelu z\u00e1vere\u010dnej sk\u00fa\u0161ky pre \u017eiakov stredn\u00fdch odborn\u00fdch \u0161k\u00f4l. Jeho cie\u013eom je v praxi overi\u0165 v\u0161etky procesy nov\u00e9ho modelu z\u00e1vere\u010dnej sk\u00fa\u0161ky, v ktorej sa kladie d\u00f4raz na jednotn\u00e9 zadania sk\u00fa\u0161ky a sk\u00fa\u0161aj\u00facich s prevahou z\u00e1stupcov zamestn\u00e1vate\u013eov. Model novej z\u00e1vere\u010dnej sk\u00fa\u0161ky je v gescii stavovsk\u00fdch a profesijn\u00fdch organiz\u00e1ci\u00ed a d\u00f4raz kladie na \u017eiaka, ktor\u00fd m\u00e1 pri sk\u00fa\u0161ke preuk\u00e1za\u0165, \u017ee odborn\u00e9 vedomosti a zru\u010dnosti z\u00edskan\u00e9 po\u010das \u0161t\u00fadia vie vyu\u017ei\u0165 v praxi.<\/p>\n<p>Model novej z\u00e1vere\u010dnej sk\u00fa\u0161ky pozost\u00e1va z teoretickej \u010dasti, ktor\u00e1 sa del\u00ed na p\u00edsomn\u00fa a \u00fastnu formu a praktickej \u010dasti sk\u00fa\u0161ky. P\u00edsomn\u00fd test trv\u00e1 90 min\u00fat a tvor\u00ed ho 58 \u00faloh, 53 \u00faloh s v\u00fdberom zo 4 mo\u017enost\u00ed odpoved\u00ed a 5 otvoren\u00fdch \u00faloh. Praktick\u00fa \u010das\u0165 z\u00e1vere\u010dnej sk\u00fa\u0161ky tvor\u00ed komplexn\u00e1 praktick\u00e1 \u00faloha vo forme cvi\u010dnej z\u00e1kazky alebo podnikovej z\u00e1kazky. Poslednou \u010das\u0165ou z\u00e1vere\u010dnej sk\u00fa\u0161ky je \u00fastna forma teoretickej \u010dasti sk\u00fa\u0161ky, ktor\u00e1 sa sklad\u00e1 zo situa\u010dn\u00e9ho rozhovoru sk\u00fa\u0161aj\u00faceho so \u017eiakom po\u010das praktickej sk\u00fa\u0161ky a odborn\u00e9ho rozhovoru \u017eiaka s \u010dlenmi sk\u00fa\u0161obnej komisie po jej ukon\u010den\u00ed.<\/p>\n<p>Model novej z\u00e1vere\u010dnej sk\u00fa\u0161ky je jednou z aktiv\u00edt N\u00e1rodn\u00e9ho projektu \u201cDu\u00e1lne vzdel\u00e1vanie a zv\u00fd\u0161enie atraktivity a kvality OVP\u201d. &nbsp;V\u00fdsledky z\u00e1vere\u010dnej sk\u00fa\u0161ky v r\u00e1mci jej overovania sa pou\u017eij\u00fa v\u00fdlu\u010dne pre potreby projektu. V\u00fdsledok alebo aj pr\u00edpadn\u00e9 ne\u00faspe\u0161ne vykonanie z\u00e1vere\u010dnej sk\u00fa\u0161ky v&nbsp;r\u00e1mci overovania nov\u00e9ho modelu sk\u00fa\u0161ky nem\u00e1 vplyv na v\u00fdsledky z\u00e1vere\u010dnej sk\u00fa\u0161ky organizovanej \u0161kolou v&nbsp;riadnom sk\u00fa\u0161obnom obdob\u00ed v&nbsp;s\u00falade so \u0161kolsk\u00fdm z\u00e1konom.<\/p>\n<p>Absolventi z\u00e1vere\u010dnej sk\u00fa\u0161ky po prv\u00fdkr\u00e1t z\u00edskaj\u00fa spolu s vysved\u010den\u00edm \u010fal\u0161\u00ed dokument, ktor\u00fd obsahuje popis k\u013e\u00fa\u010dov\u00fdch a odborn\u00fdch kompetenci\u00ed \u2013 dodatok k vysved\u010deniu Europass. &nbsp;Dodatok pom\u00e1ha zamestn\u00e1vate\u013eom alebo vzdel\u00e1vac\u00edm in\u0161tit\u00faci\u00e1m na Slovensku, a najm\u00e4 v zahrani\u010d\u00ed, \u013eah\u0161ie porozumie\u0165, ak\u00e9 schopnosti dr\u017eite\u013e vysved\u010denia po\u010das odborn\u00e9ho vzdel\u00e1vania a pr\u00edpravy z\u00edskal. Doplnok k vysved\u010deniu vyd\u00e1va N\u00e1rodn\u00e9 centrum Europass, ktor\u00e9 je s\u00fa\u010das\u0165ou \u0160t\u00e1tneho in\u0161tit\u00fatu odborn\u00e9ho vzdel\u00e1vania.<\/p>","protected":false},"excerpt":{"rendered":"<p>Ukon\u010denie \u0161t\u00fadia na stredn\u00fdch odborn\u00fdch \u0161kol\u00e1ch \u010dakaj\u00fa zmeny. V t\u00fdchto d\u0148och prebieha overovanie nov\u00e9ho modelu z\u00e1vere\u010dnej sk\u00fa\u0161ky pre \u017eiakov stredn\u00fdch odborn\u00fdch \u0161k\u00f4l. Jeho cie\u013eom je v praxi overi\u0165 v\u0161etky procesy nov\u00e9ho modelu z\u00e1vere\u010dnej sk\u00fa\u0161ky, v ktorej sa kladie d\u00f4raz na jednotn\u00e9 zadania sk\u00fa\u0161ky a sk\u00fa\u0161aj\u00facich s prevahou z\u00e1stupcov zamestn\u00e1vate\u013eov. Model novej z\u00e1vere\u010dnej sk\u00fa\u0161ky je v [&hellip;]<\/p>\n","protected":false},"author":6,"featured_media":3849,"comment_status":"closed","ping_status":"closed","sticky":false,"template":"","format":"standard","meta":{"site-sidebar-layout":"default","site-content-layout":"","ast-site-content-layout":"default","site-content-style":"default","site-sidebar-style":"default","ast-global-header-display":"","ast-banner-title-visibility":"","ast-main-header-display":"","ast-hfb-above-header-display":"","ast-hfb-below-header-display":"","ast-hfb-mobile-header-display":"","site-post-title":"","ast-breadcrumbs-content":"","ast-featured-img":"","footer-sml-layout":"","ast-disable-related-posts":"","theme-transparent-header-meta":"","adv-header-id-meta":"","stick-header-meta":"","header-above-stick-meta":"","header-main-stick-meta":"","header-below-stick-meta":"","astra-migrate-meta-layouts":"default","ast-page-background-enabled":"default","ast-page-background-meta":{"desktop":{"background-color":"var(--ast-global-color-4)","background-image":"","background-repeat":"repeat","background-position":"center center","background-size":"auto","background-attachment":"scroll","background-type":"","background-media":"","overlay-type":"","overlay-color":"","overlay-opacity":"","overlay-gradient":""},"tablet":{"background-color":"","background-image":"","background-repeat":"repeat","background-position":"center center","background-size":"auto","background-attachment":"scroll","background-type":"","background-media":"","overlay-type":"","overlay-color":"","overlay-opacity":"","overlay-gradient":""},"mobile":{"background-color":"","background-image":"","background-repeat":"repeat","background-position":"center center","background-size":"auto","background-attachment":"scroll","background-type":"","background-media":"","overlay-type":"","overlay-color":"","overlay-opacity":"","overlay-gradient":""}},"ast-content-background-meta":{"desktop":{"background-color":"var(--ast-global-color-5)","background-image":"","background-repeat":"repeat","background-position":"center center","background-size":"auto","background-attachment":"scroll","background-type":"","background-media":"","overlay-type":"","overlay-color":"","overlay-opacity":"","overlay-gradient":""},"tablet":{"background-color":"var(--ast-global-color-5)","background-image":"","background-repeat":"repeat","background-position":"center center","background-size":"auto","background-attachment":"scroll","background-type":"","background-media":"","overlay-type":"","overlay-color":"","overlay-opacity":"","overlay-gradient":""},"mobile":{"background-color":"var(--ast-global-color-5)","background-image":"","background-repeat":"repeat","background-position":"center center","background-size":"auto","background-attachment":"scroll","background-type":"","background-media":"","overlay-type":"","overlay-color":"","overlay-opacity":"","overlay-gradient":""}},"footnotes":""},"categories":[1],"tags":[],"class_list":["post-3848","post","type-post","status-publish","format-standard","has-post-thumbnail","hentry","category-aktuality"],"yoast_head":"<!-- This site is optimized with the Yoast SEO plugin v27.5 - https:\/\/yoast.com\/product\/yoast-seo-wordpress\/ -->\n<title>Nov\u00fd model z\u00e1vere\u010dnej sk\u00fa\u0161ky pre \u017eiakov stredn\u00fdch odborn\u00fdch \u0161k\u00f4l - \u0160IOV - \u0161t\u00e1tny in\u0161tit\u00fat odborn\u00e9ho vzdel\u00e1vania<\/title>\n<meta name=\"robots\" content=\"index, follow, max-snippet:-1, max-image-preview:large, max-video-preview:-1\" \/>\n<link rel=\"canonical\" href=\"https:\/\/archiv.siov.sk\/en\/novy-model-zaverecnej-skusky-pre-ziakov-strednych-odbornych-skol\/\" \/>\n<meta property=\"og:locale\" content=\"en_GB\" \/>\n<meta property=\"og:type\" content=\"article\" \/>\n<meta property=\"og:title\" content=\"Nov\u00fd model z\u00e1vere\u010dnej sk\u00fa\u0161ky pre \u017eiakov stredn\u00fdch odborn\u00fdch \u0161k\u00f4l - \u0160IOV - \u0161t\u00e1tny in\u0161tit\u00fat odborn\u00e9ho vzdel\u00e1vania\" \/>\n<meta property=\"og:description\" content=\"Ukon\u010denie \u0161t\u00fadia na stredn\u00fdch odborn\u00fdch \u0161kol\u00e1ch \u010dakaj\u00fa zmeny. V t\u00fdchto d\u0148och prebieha overovanie nov\u00e9ho modelu z\u00e1vere\u010dnej sk\u00fa\u0161ky pre \u017eiakov stredn\u00fdch odborn\u00fdch \u0161k\u00f4l. Jeho cie\u013eom je v praxi overi\u0165 v\u0161etky procesy nov\u00e9ho modelu z\u00e1vere\u010dnej sk\u00fa\u0161ky, v ktorej sa kladie d\u00f4raz na jednotn\u00e9 zadania sk\u00fa\u0161ky a sk\u00fa\u0161aj\u00facich s prevahou z\u00e1stupcov zamestn\u00e1vate\u013eov. Model novej z\u00e1vere\u010dnej sk\u00fa\u0161ky je v [&hellip;]\" \/>\n<meta property=\"og:url\" content=\"https:\/\/archiv.siov.sk\/en\/novy-model-zaverecnej-skusky-pre-ziakov-strednych-odbornych-skol\/\" \/>\n<meta property=\"og:site_name\" content=\"\u0160IOV - \u0161t\u00e1tny in\u0161tit\u00fat odborn\u00e9ho vzdel\u00e1vania\" \/>\n<meta property=\"article:publisher\" content=\"https:\/\/www.facebook.com\/Statnyinstitutodbornehovzdelavania\" \/>\n<meta property=\"article:published_time\" content=\"2019-06-03T10:38:40+00:00\" \/>\n<meta property=\"article:modified_time\" content=\"2019-06-04T10:46:57+00:00\" \/>\n<meta property=\"og:image\" content=\"https:\/\/archiv.siov.sk\/wp-content\/uploads\/2019\/06\/shutterstock_skuska_small.jpg\" \/>\n\t<meta property=\"og:image:width\" content=\"1024\" \/>\n\t<meta property=\"og:image:height\" content=\"683\" \/>\n\t<meta property=\"og:image:type\" content=\"image\/jpeg\" \/>\n<meta name=\"author\" content=\"Katar\u00edna Kov\u00e1\u010dov\u00e1\" \/>\n<meta name=\"twitter:card\" content=\"summary_large_image\" \/>\n<meta name=\"twitter:label1\" content=\"Written by\" \/>\n\t<meta name=\"twitter:data1\" content=\"Katar\u00edna Kov\u00e1\u010dov\u00e1\" \/>\n\t<meta name=\"twitter:label2\" content=\"Estimated reading time\" \/>\n\t<meta name=\"twitter:data2\" content=\"2 minutes\" \/>\n<script type=\"application\/ld+json\" class=\"yoast-schema-graph\">{\"@context\":\"https:\\\/\\\/schema.org\",\"@graph\":[{\"@type\":\"Article\",\"@id\":\"https:\\\/\\\/archiv.siov.sk\\\/novy-model-zaverecnej-skusky-pre-ziakov-strednych-odbornych-skol\\\/#article\",\"isPartOf\":{\"@id\":\"https:\\\/\\\/archiv.siov.sk\\\/novy-model-zaverecnej-skusky-pre-ziakov-strednych-odbornych-skol\\\/\"},\"author\":{\"name\":\"Katar\u00edna Kov\u00e1\u010dov\u00e1\",\"@id\":\"https:\\\/\\\/archiv.siov.sk\\\/#\\\/schema\\\/person\\\/e42d633fbd958c6a726e8834d8965e6c\"},\"headline\":\"Nov\u00fd model z\u00e1vere\u010dnej sk\u00fa\u0161ky pre \u017eiakov stredn\u00fdch odborn\u00fdch \u0161k\u00f4l\",\"datePublished\":\"2019-06-03T10:38:40+00:00\",\"dateModified\":\"2019-06-04T10:46:57+00:00\",\"mainEntityOfPage\":{\"@id\":\"https:\\\/\\\/archiv.siov.sk\\\/novy-model-zaverecnej-skusky-pre-ziakov-strednych-odbornych-skol\\\/\"},\"wordCount\":454,\"publisher\":{\"@id\":\"https:\\\/\\\/archiv.siov.sk\\\/#organization\"},\"image\":{\"@id\":\"https:\\\/\\\/archiv.siov.sk\\\/novy-model-zaverecnej-skusky-pre-ziakov-strednych-odbornych-skol\\\/#primaryimage\"},\"thumbnailUrl\":\"https:\\\/\\\/archiv.siov.sk\\\/wp-content\\\/uploads\\\/2019\\\/06\\\/shutterstock_skuska_small.jpg\",\"articleSection\":[\"Aktuality\"],\"inLanguage\":\"en-GB\"},{\"@type\":\"WebPage\",\"@id\":\"https:\\\/\\\/archiv.siov.sk\\\/novy-model-zaverecnej-skusky-pre-ziakov-strednych-odbornych-skol\\\/\",\"url\":\"https:\\\/\\\/archiv.siov.sk\\\/novy-model-zaverecnej-skusky-pre-ziakov-strednych-odbornych-skol\\\/\",\"name\":\"Nov\u00fd model z\u00e1vere\u010dnej sk\u00fa\u0161ky pre \u017eiakov stredn\u00fdch odborn\u00fdch \u0161k\u00f4l - \u0160IOV - \u0161t\u00e1tny in\u0161tit\u00fat odborn\u00e9ho vzdel\u00e1vania\",\"isPartOf\":{\"@id\":\"https:\\\/\\\/archiv.siov.sk\\\/#website\"},\"primaryImageOfPage\":{\"@id\":\"https:\\\/\\\/archiv.siov.sk\\\/novy-model-zaverecnej-skusky-pre-ziakov-strednych-odbornych-skol\\\/#primaryimage\"},\"image\":{\"@id\":\"https:\\\/\\\/archiv.siov.sk\\\/novy-model-zaverecnej-skusky-pre-ziakov-strednych-odbornych-skol\\\/#primaryimage\"},\"thumbnailUrl\":\"https:\\\/\\\/archiv.siov.sk\\\/wp-content\\\/uploads\\\/2019\\\/06\\\/shutterstock_skuska_small.jpg\",\"datePublished\":\"2019-06-03T10:38:40+00:00\",\"dateModified\":\"2019-06-04T10:46:57+00:00\",\"breadcrumb\":{\"@id\":\"https:\\\/\\\/archiv.siov.sk\\\/novy-model-zaverecnej-skusky-pre-ziakov-strednych-odbornych-skol\\\/#breadcrumb\"},\"inLanguage\":\"en-GB\",\"potentialAction\":[{\"@type\":\"ReadAction\",\"target\":[\"https:\\\/\\\/archiv.siov.sk\\\/novy-model-zaverecnej-skusky-pre-ziakov-strednych-odbornych-skol\\\/\"]}]},{\"@type\":\"ImageObject\",\"inLanguage\":\"en-GB\",\"@id\":\"https:\\\/\\\/archiv.siov.sk\\\/novy-model-zaverecnej-skusky-pre-ziakov-strednych-odbornych-skol\\\/#primaryimage\",\"url\":\"https:\\\/\\\/archiv.siov.sk\\\/wp-content\\\/uploads\\\/2019\\\/06\\\/shutterstock_skuska_small.jpg\",\"contentUrl\":\"https:\\\/\\\/archiv.siov.sk\\\/wp-content\\\/uploads\\\/2019\\\/06\\\/shutterstock_skuska_small.jpg\",\"width\":1024,\"height\":683},{\"@type\":\"BreadcrumbList\",\"@id\":\"https:\\\/\\\/archiv.siov.sk\\\/novy-model-zaverecnej-skusky-pre-ziakov-strednych-odbornych-skol\\\/#breadcrumb\",\"itemListElement\":[{\"@type\":\"ListItem\",\"position\":1,\"name\":\"Home\",\"item\":\"https:\\\/\\\/archiv.siov.sk\\\/\"},{\"@type\":\"ListItem\",\"position\":2,\"name\":\"Nov\u00fd model z\u00e1vere\u010dnej sk\u00fa\u0161ky pre \u017eiakov stredn\u00fdch odborn\u00fdch \u0161k\u00f4l\"}]},{\"@type\":\"WebSite\",\"@id\":\"https:\\\/\\\/archiv.siov.sk\\\/#website\",\"url\":\"https:\\\/\\\/archiv.siov.sk\\\/\",\"name\":\"\u0160IOV - \u0161t\u00e1tny in\u0161tit\u00fat odborn\u00e9ho vzdel\u00e1vania\",\"description\":\"\",\"publisher\":{\"@id\":\"https:\\\/\\\/archiv.siov.sk\\\/#organization\"},\"potentialAction\":[{\"@type\":\"SearchAction\",\"target\":{\"@type\":\"EntryPoint\",\"urlTemplate\":\"https:\\\/\\\/archiv.siov.sk\\\/?s={search_term_string}\"},\"query-input\":{\"@type\":\"PropertyValueSpecification\",\"valueRequired\":true,\"valueName\":\"search_term_string\"}}],\"inLanguage\":\"en-GB\"},{\"@type\":\"Organization\",\"@id\":\"https:\\\/\\\/archiv.siov.sk\\\/#organization\",\"name\":\"\u0160IOV - \u0161t\u00e1tny in\u0161tit\u00fat odborn\u00e9ho vzdel\u00e1vania\",\"url\":\"https:\\\/\\\/archiv.siov.sk\\\/\",\"logo\":{\"@type\":\"ImageObject\",\"inLanguage\":\"en-GB\",\"@id\":\"https:\\\/\\\/archiv.siov.sk\\\/#\\\/schema\\\/logo\\\/image\\\/\",\"url\":\"https:\\\/\\\/archiv.siov.sk\\\/wp-content\\\/uploads\\\/2024\\\/02\\\/logo-SIOV.png\",\"contentUrl\":\"https:\\\/\\\/archiv.siov.sk\\\/wp-content\\\/uploads\\\/2024\\\/02\\\/logo-SIOV.png\",\"width\":431,\"height\":143,\"caption\":\"\u0160IOV - \u0161t\u00e1tny in\u0161tit\u00fat odborn\u00e9ho vzdel\u00e1vania\"},\"image\":{\"@id\":\"https:\\\/\\\/archiv.siov.sk\\\/#\\\/schema\\\/logo\\\/image\\\/\"},\"sameAs\":[\"https:\\\/\\\/www.facebook.com\\\/Statnyinstitutodbornehovzdelavania\"]},{\"@type\":\"Person\",\"@id\":\"https:\\\/\\\/archiv.siov.sk\\\/#\\\/schema\\\/person\\\/e42d633fbd958c6a726e8834d8965e6c\",\"name\":\"Katar\u00edna Kov\u00e1\u010dov\u00e1\",\"url\":\"https:\\\/\\\/archiv.siov.sk\\\/en\\\/author\\\/katkakovacova\\\/\"}]}<\/script>\n<!-- \/ Yoast SEO plugin. -->","yoast_head_json":{"title":"Nov\u00fd model z\u00e1vere\u010dnej sk\u00fa\u0161ky pre \u017eiakov stredn\u00fdch odborn\u00fdch \u0161k\u00f4l - \u0160IOV - \u0161t\u00e1tny in\u0161tit\u00fat odborn\u00e9ho vzdel\u00e1vania","robots":{"index":"index","follow":"follow","max-snippet":"max-snippet:-1","max-image-preview":"max-image-preview:large","max-video-preview":"max-video-preview:-1"},"canonical":"https:\/\/archiv.siov.sk\/en\/novy-model-zaverecnej-skusky-pre-ziakov-strednych-odbornych-skol\/","og_locale":"en_GB","og_type":"article","og_title":"Nov\u00fd model z\u00e1vere\u010dnej sk\u00fa\u0161ky pre \u017eiakov stredn\u00fdch odborn\u00fdch \u0161k\u00f4l - \u0160IOV - \u0161t\u00e1tny in\u0161tit\u00fat odborn\u00e9ho vzdel\u00e1vania","og_description":"Ukon\u010denie \u0161t\u00fadia na stredn\u00fdch odborn\u00fdch \u0161kol\u00e1ch \u010dakaj\u00fa zmeny. V t\u00fdchto d\u0148och prebieha overovanie nov\u00e9ho modelu z\u00e1vere\u010dnej sk\u00fa\u0161ky pre \u017eiakov stredn\u00fdch odborn\u00fdch \u0161k\u00f4l. Jeho cie\u013eom je v praxi overi\u0165 v\u0161etky procesy nov\u00e9ho modelu z\u00e1vere\u010dnej sk\u00fa\u0161ky, v ktorej sa kladie d\u00f4raz na jednotn\u00e9 zadania sk\u00fa\u0161ky a sk\u00fa\u0161aj\u00facich s prevahou z\u00e1stupcov zamestn\u00e1vate\u013eov. Model novej z\u00e1vere\u010dnej sk\u00fa\u0161ky je v [&hellip;]","og_url":"https:\/\/archiv.siov.sk\/en\/novy-model-zaverecnej-skusky-pre-ziakov-strednych-odbornych-skol\/","og_site_name":"\u0160IOV - \u0161t\u00e1tny in\u0161tit\u00fat odborn\u00e9ho vzdel\u00e1vania","article_publisher":"https:\/\/www.facebook.com\/Statnyinstitutodbornehovzdelavania","article_published_time":"2019-06-03T10:38:40+00:00","article_modified_time":"2019-06-04T10:46:57+00:00","og_image":[{"width":1024,"height":683,"url":"https:\/\/archiv.siov.sk\/wp-content\/uploads\/2019\/06\/shutterstock_skuska_small.jpg","type":"image\/jpeg"}],"author":"Katar\u00edna Kov\u00e1\u010dov\u00e1","twitter_card":"summary_large_image","twitter_misc":{"Written by":"Katar\u00edna Kov\u00e1\u010dov\u00e1","Estimated reading time":"2 minutes"},"schema":{"@context":"https:\/\/schema.org","@graph":[{"@type":"Article","@id":"https:\/\/archiv.siov.sk\/novy-model-zaverecnej-skusky-pre-ziakov-strednych-odbornych-skol\/#article","isPartOf":{"@id":"https:\/\/archiv.siov.sk\/novy-model-zaverecnej-skusky-pre-ziakov-strednych-odbornych-skol\/"},"author":{"name":"Katar\u00edna Kov\u00e1\u010dov\u00e1","@id":"https:\/\/archiv.siov.sk\/#\/schema\/person\/e42d633fbd958c6a726e8834d8965e6c"},"headline":"Nov\u00fd model z\u00e1vere\u010dnej sk\u00fa\u0161ky pre \u017eiakov stredn\u00fdch odborn\u00fdch \u0161k\u00f4l","datePublished":"2019-06-03T10:38:40+00:00","dateModified":"2019-06-04T10:46:57+00:00","mainEntityOfPage":{"@id":"https:\/\/archiv.siov.sk\/novy-model-zaverecnej-skusky-pre-ziakov-strednych-odbornych-skol\/"},"wordCount":454,"publisher":{"@id":"https:\/\/archiv.siov.sk\/#organization"},"image":{"@id":"https:\/\/archiv.siov.sk\/novy-model-zaverecnej-skusky-pre-ziakov-strednych-odbornych-skol\/#primaryimage"},"thumbnailUrl":"https:\/\/archiv.siov.sk\/wp-content\/uploads\/2019\/06\/shutterstock_skuska_small.jpg","articleSection":["Aktuality"],"inLanguage":"en-GB"},{"@type":"WebPage","@id":"https:\/\/archiv.siov.sk\/novy-model-zaverecnej-skusky-pre-ziakov-strednych-odbornych-skol\/","url":"https:\/\/archiv.siov.sk\/novy-model-zaverecnej-skusky-pre-ziakov-strednych-odbornych-skol\/","name":"Nov\u00fd model z\u00e1vere\u010dnej sk\u00fa\u0161ky pre \u017eiakov stredn\u00fdch odborn\u00fdch \u0161k\u00f4l - \u0160IOV - \u0161t\u00e1tny in\u0161tit\u00fat odborn\u00e9ho vzdel\u00e1vania","isPartOf":{"@id":"https:\/\/archiv.siov.sk\/#website"},"primaryImageOfPage":{"@id":"https:\/\/archiv.siov.sk\/novy-model-zaverecnej-skusky-pre-ziakov-strednych-odbornych-skol\/#primaryimage"},"image":{"@id":"https:\/\/archiv.siov.sk\/novy-model-zaverecnej-skusky-pre-ziakov-strednych-odbornych-skol\/#primaryimage"},"thumbnailUrl":"https:\/\/archiv.siov.sk\/wp-content\/uploads\/2019\/06\/shutterstock_skuska_small.jpg","datePublished":"2019-06-03T10:38:40+00:00","dateModified":"2019-06-04T10:46:57+00:00","breadcrumb":{"@id":"https:\/\/archiv.siov.sk\/novy-model-zaverecnej-skusky-pre-ziakov-strednych-odbornych-skol\/#breadcrumb"},"inLanguage":"en-GB","potentialAction":[{"@type":"ReadAction","target":["https:\/\/archiv.siov.sk\/novy-model-zaverecnej-skusky-pre-ziakov-strednych-odbornych-skol\/"]}]},{"@type":"ImageObject","inLanguage":"en-GB","@id":"https:\/\/archiv.siov.sk\/novy-model-zaverecnej-skusky-pre-ziakov-strednych-odbornych-skol\/#primaryimage","url":"https:\/\/archiv.siov.sk\/wp-content\/uploads\/2019\/06\/shutterstock_skuska_small.jpg","contentUrl":"https:\/\/archiv.siov.sk\/wp-content\/uploads\/2019\/06\/shutterstock_skuska_small.jpg","width":1024,"height":683},{"@type":"BreadcrumbList","@id":"https:\/\/archiv.siov.sk\/novy-model-zaverecnej-skusky-pre-ziakov-strednych-odbornych-skol\/#breadcrumb","itemListElement":[{"@type":"ListItem","position":1,"name":"Home","item":"https:\/\/archiv.siov.sk\/"},{"@type":"ListItem","position":2,"name":"Nov\u00fd model z\u00e1vere\u010dnej sk\u00fa\u0161ky pre \u017eiakov stredn\u00fdch odborn\u00fdch \u0161k\u00f4l"}]},{"@type":"WebSite","@id":"https:\/\/archiv.siov.sk\/#website","url":"https:\/\/archiv.siov.sk\/","name":"\u0160IOV - \u0161t\u00e1tny in\u0161tit\u00fat odborn\u00e9ho vzdel\u00e1vania","description":"","publisher":{"@id":"https:\/\/archiv.siov.sk\/#organization"},"potentialAction":[{"@type":"SearchAction","target":{"@type":"EntryPoint","urlTemplate":"https:\/\/archiv.siov.sk\/?s={search_term_string}"},"query-input":{"@type":"PropertyValueSpecification","valueRequired":true,"valueName":"search_term_string"}}],"inLanguage":"en-GB"},{"@type":"Organization","@id":"https:\/\/archiv.siov.sk\/#organization","name":"\u0160IOV - \u0161t\u00e1tny in\u0161tit\u00fat odborn\u00e9ho vzdel\u00e1vania","url":"https:\/\/archiv.siov.sk\/","logo":{"@type":"ImageObject","inLanguage":"en-GB","@id":"https:\/\/archiv.siov.sk\/#\/schema\/logo\/image\/","url":"https:\/\/archiv.siov.sk\/wp-content\/uploads\/2024\/02\/logo-SIOV.png","contentUrl":"https:\/\/archiv.siov.sk\/wp-content\/uploads\/2024\/02\/logo-SIOV.png","width":431,"height":143,"caption":"\u0160IOV - \u0161t\u00e1tny in\u0161tit\u00fat odborn\u00e9ho vzdel\u00e1vania"},"image":{"@id":"https:\/\/archiv.siov.sk\/#\/schema\/logo\/image\/"},"sameAs":["https:\/\/www.facebook.com\/Statnyinstitutodbornehovzdelavania"]},{"@type":"Person","@id":"https:\/\/archiv.siov.sk\/#\/schema\/person\/e42d633fbd958c6a726e8834d8965e6c","name":"Katar\u00edna Kov\u00e1\u010dov\u00e1","url":"https:\/\/archiv.siov.sk\/en\/author\/katkakovacova\/"}]}},"_links":{"self":[{"href":"https:\/\/archiv.siov.sk\/en\/wp-json\/wp\/v2\/posts\/3848","targetHints":{"allow":["GET"]}}],"collection":[{"href":"https:\/\/archiv.siov.sk\/en\/wp-json\/wp\/v2\/posts"}],"about":[{"href":"https:\/\/archiv.siov.sk\/en\/wp-json\/wp\/v2\/types\/post"}],"author":[{"embeddable":true,"href":"https:\/\/archiv.siov.sk\/en\/wp-json\/wp\/v2\/users\/6"}],"replies":[{"embeddable":true,"href":"https:\/\/archiv.siov.sk\/en\/wp-json\/wp\/v2\/comments?post=3848"}],"version-history":[{"count":1,"href":"https:\/\/archiv.siov.sk\/en\/wp-json\/wp\/v2\/posts\/3848\/revisions"}],"predecessor-version":[{"id":3850,"href":"https:\/\/archiv.siov.sk\/en\/wp-json\/wp\/v2\/posts\/3848\/revisions\/3850"}],"wp:featuredmedia":[{"embeddable":true,"href":"https:\/\/archiv.siov.sk\/en\/wp-json\/wp\/v2\/media\/3849"}],"wp:attachment":[{"href":"https:\/\/archiv.siov.sk\/en\/wp-json\/wp\/v2\/media?parent=3848"}],"wp:term":[{"taxonomy":"category","embeddable":true,"href":"https:\/\/archiv.siov.sk\/en\/wp-json\/wp\/v2\/categories?post=3848"},{"taxonomy":"post_tag","embeddable":true,"href":"https:\/\/archiv.siov.sk\/en\/wp-json\/wp\/v2\/tags?post=3848"}],"curies":[{"name":"wp","href":"https:\/\/api.w.org\/{rel}","templated":true}]}}