{"id":3840,"date":"2019-05-24T11:33:09","date_gmt":"2019-05-24T09:33:09","guid":{"rendered":"http:\/\/archiv.siov.sk\/?p=3840"},"modified":"2019-06-04T12:37:12","modified_gmt":"2019-06-04T10:37:12","slug":"siov-na-medzinarodnom-strojarskom-veltrhu-v-nitre","status":"publish","type":"post","link":"https:\/\/archiv.siov.sk\/en\/siov-na-medzinarodnom-strojarskom-veltrhu-v-nitre\/","title":{"rendered":"\u0160IOV na Medzin\u00e1rodnom stroj\u00e1rskom ve\u013etrhu v Nitre"},"content":{"rendered":"<p>\u0160t\u00e1tny in\u0161tit\u00fat odborn\u00e9ho vzdel\u00e1vania (\u0160IOV) a&nbsp;jeho z\u00e1stupcovia boli s\u00fa\u010das\u0165ou Medzin\u00e1rodn\u00e9ho stroj\u00e1rskeho ve\u013etrhu v&nbsp;Nitre v&nbsp;d\u0148och 21.- 24. m\u00e1ja 2019. Region\u00e1lni koordin\u00e1tori boli po\u010das ve\u013etrhu k&nbsp;dispoz\u00edcii n\u00e1v\u0161tevn\u00edkom aj vystavuj\u00facim zamestn\u00e1vate\u013eom a zast\u00fapenie sme mali aj v&nbsp;panelovej diskusii Slovenskej koopera\u010dnej burzy. Na t\u00e9mu \u201e\u013dudia pre smart industry \u2013 Kvalifik\u00e1cia a&nbsp;vzdel\u00e1vanie pre high-tech priemysel\u201c v&nbsp;nej za \u0160IOV debatoval projektov\u00fd mana\u017e\u00e9r du\u00e1lneho vzdel\u00e1vania Milan Kuzma.<\/p>\n<p><img fetchpriority=\"high\" decoding=\"async\" class=\"size-medium wp-image-3841 aligncenter\" src=\"https:\/\/archiv.siov.sk\/wp-content\/uploads\/2019\/06\/str.veltrh-2-diskusia-SARIO-300x225.jpg\" alt=\"\" width=\"300\" height=\"225\" srcset=\"https:\/\/archiv.siov.sk\/wp-content\/uploads\/2019\/06\/str.veltrh-2-diskusia-SARIO-300x225.jpg 300w, https:\/\/archiv.siov.sk\/wp-content\/uploads\/2019\/06\/str.veltrh-2-diskusia-SARIO-768x576.jpg 768w, https:\/\/archiv.siov.sk\/wp-content\/uploads\/2019\/06\/str.veltrh-2-diskusia-SARIO-480x360.jpg 480w, https:\/\/archiv.siov.sk\/wp-content\/uploads\/2019\/06\/str.veltrh-2-diskusia-SARIO.jpg 864w\" sizes=\"(max-width: 300px) 100vw, 300px\" \/><\/p>\n<p>Diskusia o&nbsp;s\u00fa\u010dasnosti a&nbsp;bud\u00facnosti vzdel\u00e1vania v&nbsp;nadv\u00e4znosti na trh pr\u00e1ce a&nbsp;nastupuj\u00faci priemysel 4.0 sa \u010dasto dot\u00fdkala aj du\u00e1lneho vzdel\u00e1vania. \u201eMus\u00edme nastavi\u0165 obsah vzdel\u00e1vania tak, aby bol dostato\u010dne flexibiln\u00fd a&nbsp;bolo mo\u017en\u00e9 v&nbsp;\u0148om robi\u0165 \u00fapravy. Aby sa podarilo zabezpe\u010di\u0165 to, \u017ee ak sa objav\u00ed na trhu nie\u010do nov\u00e9, ak sa za\u010dne po\u017eadova\u0165 nov\u00e1 kompetencia, bude mo\u017en\u00e9 to priebe\u017ene do vzdel\u00e1vania dosta\u0165,\u201c kon\u0161tatoval Kuzma.<\/p>\n<p>&nbsp;<\/p>\n<p>Pripomenul tie\u017e, \u017ee jedn\u00fdm z&nbsp;v\u00fdstupov N\u00e1rodn\u00e9ho projektu du\u00e1lneho vzdel\u00e1vania je nastavenie \u0161trukt\u00fary odborov, ale aj siete \u0161k\u00f4l, ktor\u00e1 ju bude reflektova\u0165. \u201eVo ve\u013emi intenz\u00edvnej spolupr\u00e1ci so stavovsk\u00fdmi profesijn\u00fdmi organiz\u00e1ciami, ktor\u00e9 maj\u00fa v&nbsp;zmysle z\u00e1kona p\u00e1ky ovplyvni\u0165 sie\u0165 \u0161k\u00f4l sa sna\u017e\u00edme urobi\u0165 prv\u00fa selekciu. \u010ciasto\u010dne to spravilo aj du\u00e1lne vzdel\u00e1vanie, v ktorom m\u00e1me aktu\u00e1lne zapojen\u00fdch viac ako sto stredn\u00fdch odborn\u00fdch \u0161k\u00f4l s&nbsp;ve\u013emi intenz\u00edvnym prepojen\u00edm na zamestn\u00e1vate\u013ea. So \u0161kolami moment\u00e1lne spolupracuje viac ako p\u00e4\u0165sto zamestn\u00e1vate\u013eov. Sna\u017eia sa vyu\u017ei\u0165 maximum z&nbsp;toho, \u010do sa d\u00e1 a&nbsp;naozaj funguje v\u00fdber \u017eiakov, lebo nikto si nevezme do firmy \u017eiaka, o&nbsp;ktorom je presved\u010den\u00fd, \u017ee na to nem\u00e1,\u201c doplnil.<\/p>\n<p>&nbsp;\u201eV r\u00e1mci du\u00e1lneho vzdel\u00e1vacieho syst\u00e9mu pripravujeme \u017eiakov pre bud\u00facnos\u0165. U\u017e nepracuj\u00fa priamo so zariadeniami, ale cez digit\u00e1lnu formu, cez po\u010d\u00edta\u010dov\u00fd syst\u00e9m,\u201c pribl\u00ed\u017eil realitu du\u00e1lneho vzdel\u00e1vania Marek Benedik zo spolo\u010dnosti ZF Slovakia.<\/p>","protected":false},"excerpt":{"rendered":"<p>\u0160t\u00e1tny in\u0161tit\u00fat odborn\u00e9ho vzdel\u00e1vania (\u0160IOV) a&nbsp;jeho z\u00e1stupcovia boli s\u00fa\u010das\u0165ou Medzin\u00e1rodn\u00e9ho stroj\u00e1rskeho ve\u013etrhu v&nbsp;Nitre v&nbsp;d\u0148och 21.- 24. m\u00e1ja 2019. Region\u00e1lni koordin\u00e1tori boli po\u010das ve\u013etrhu k&nbsp;dispoz\u00edcii n\u00e1v\u0161tevn\u00edkom aj vystavuj\u00facim zamestn\u00e1vate\u013eom a zast\u00fapenie sme mali aj v&nbsp;panelovej diskusii Slovenskej koopera\u010dnej burzy. Na t\u00e9mu \u201e\u013dudia pre smart industry \u2013 Kvalifik\u00e1cia a&nbsp;vzdel\u00e1vanie pre high-tech priemysel\u201c v&nbsp;nej za \u0160IOV debatoval projektov\u00fd [&hellip;]<\/p>\n","protected":false},"author":6,"featured_media":3842,"comment_status":"closed","ping_status":"closed","sticky":false,"template":"","format":"standard","meta":{"site-sidebar-layout":"default","site-content-layout":"","ast-site-content-layout":"default","site-content-style":"default","site-sidebar-style":"default","ast-global-header-display":"","ast-banner-title-visibility":"","ast-main-header-display":"","ast-hfb-above-header-display":"","ast-hfb-below-header-display":"","ast-hfb-mobile-header-display":"","site-post-title":"","ast-breadcrumbs-content":"","ast-featured-img":"","footer-sml-layout":"","ast-disable-related-posts":"","theme-transparent-header-meta":"","adv-header-id-meta":"","stick-header-meta":"","header-above-stick-meta":"","header-main-stick-meta":"","header-below-stick-meta":"","astra-migrate-meta-layouts":"default","ast-page-background-enabled":"default","ast-page-background-meta":{"desktop":{"background-color":"var(--ast-global-color-4)","background-image":"","background-repeat":"repeat","background-position":"center center","background-size":"auto","background-attachment":"scroll","background-type":"","background-media":"","overlay-type":"","overlay-color":"","overlay-opacity":"","overlay-gradient":""},"tablet":{"background-color":"","background-image":"","background-repeat":"repeat","background-position":"center center","background-size":"auto","background-attachment":"scroll","background-type":"","background-media":"","overlay-type":"","overlay-color":"","overlay-opacity":"","overlay-gradient":""},"mobile":{"background-color":"","background-image":"","background-repeat":"repeat","background-position":"center center","background-size":"auto","background-attachment":"scroll","background-type":"","background-media":"","overlay-type":"","overlay-color":"","overlay-opacity":"","overlay-gradient":""}},"ast-content-background-meta":{"desktop":{"background-color":"var(--ast-global-color-5)","background-image":"","background-repeat":"repeat","background-position":"center center","background-size":"auto","background-attachment":"scroll","background-type":"","background-media":"","overlay-type":"","overlay-color":"","overlay-opacity":"","overlay-gradient":""},"tablet":{"background-color":"var(--ast-global-color-5)","background-image":"","background-repeat":"repeat","background-position":"center center","background-size":"auto","background-attachment":"scroll","background-type":"","background-media":"","overlay-type":"","overlay-color":"","overlay-opacity":"","overlay-gradient":""},"mobile":{"background-color":"var(--ast-global-color-5)","background-image":"","background-repeat":"repeat","background-position":"center center","background-size":"auto","background-attachment":"scroll","background-type":"","background-media":"","overlay-type":"","overlay-color":"","overlay-opacity":"","overlay-gradient":""}},"footnotes":""},"categories":[1],"tags":[],"class_list":["post-3840","post","type-post","status-publish","format-standard","has-post-thumbnail","hentry","category-aktuality"],"yoast_head":"<!-- This site is optimized with the Yoast SEO plugin v27.5 - https:\/\/yoast.com\/product\/yoast-seo-wordpress\/ -->\n<title>\u0160IOV na Medzin\u00e1rodnom stroj\u00e1rskom ve\u013etrhu v Nitre - \u0160IOV - \u0161t\u00e1tny in\u0161tit\u00fat odborn\u00e9ho vzdel\u00e1vania<\/title>\n<meta name=\"robots\" content=\"index, follow, max-snippet:-1, max-image-preview:large, max-video-preview:-1\" \/>\n<link rel=\"canonical\" href=\"https:\/\/archiv.siov.sk\/en\/siov-na-medzinarodnom-strojarskom-veltrhu-v-nitre\/\" \/>\n<meta property=\"og:locale\" content=\"en_GB\" \/>\n<meta property=\"og:type\" content=\"article\" \/>\n<meta property=\"og:title\" content=\"\u0160IOV na Medzin\u00e1rodnom stroj\u00e1rskom ve\u013etrhu v Nitre - \u0160IOV - \u0161t\u00e1tny in\u0161tit\u00fat odborn\u00e9ho vzdel\u00e1vania\" \/>\n<meta property=\"og:description\" content=\"\u0160t\u00e1tny in\u0161tit\u00fat odborn\u00e9ho vzdel\u00e1vania (\u0160IOV) a&nbsp;jeho z\u00e1stupcovia boli s\u00fa\u010das\u0165ou Medzin\u00e1rodn\u00e9ho stroj\u00e1rskeho ve\u013etrhu v&nbsp;Nitre v&nbsp;d\u0148och 21.- 24. m\u00e1ja 2019. Region\u00e1lni koordin\u00e1tori boli po\u010das ve\u013etrhu k&nbsp;dispoz\u00edcii n\u00e1v\u0161tevn\u00edkom aj vystavuj\u00facim zamestn\u00e1vate\u013eom a zast\u00fapenie sme mali aj v&nbsp;panelovej diskusii Slovenskej koopera\u010dnej burzy. Na t\u00e9mu \u201e\u013dudia pre smart industry \u2013 Kvalifik\u00e1cia a&nbsp;vzdel\u00e1vanie pre high-tech priemysel\u201c v&nbsp;nej za \u0160IOV debatoval projektov\u00fd [&hellip;]\" \/>\n<meta property=\"og:url\" content=\"https:\/\/archiv.siov.sk\/en\/siov-na-medzinarodnom-strojarskom-veltrhu-v-nitre\/\" \/>\n<meta property=\"og:site_name\" content=\"\u0160IOV - \u0161t\u00e1tny in\u0161tit\u00fat odborn\u00e9ho vzdel\u00e1vania\" \/>\n<meta property=\"article:publisher\" content=\"https:\/\/www.facebook.com\/Statnyinstitutodbornehovzdelavania\" \/>\n<meta property=\"article:published_time\" content=\"2019-05-24T09:33:09+00:00\" \/>\n<meta property=\"article:modified_time\" content=\"2019-06-04T10:37:12+00:00\" \/>\n<meta property=\"og:image\" content=\"https:\/\/archiv.siov.sk\/wp-content\/uploads\/2019\/06\/62261347_470034790492937_3391886800665444352_n-1-e1559644572354.jpg\" \/>\n\t<meta property=\"og:image:width\" content=\"800\" \/>\n\t<meta property=\"og:image:height\" content=\"450\" \/>\n\t<meta property=\"og:image:type\" content=\"image\/jpeg\" \/>\n<meta name=\"author\" content=\"Katar\u00edna Kov\u00e1\u010dov\u00e1\" \/>\n<meta name=\"twitter:card\" content=\"summary_large_image\" \/>\n<meta name=\"twitter:label1\" content=\"Written by\" \/>\n\t<meta name=\"twitter:data1\" content=\"Katar\u00edna Kov\u00e1\u010dov\u00e1\" \/>\n\t<meta name=\"twitter:label2\" content=\"Estimated reading time\" \/>\n\t<meta name=\"twitter:data2\" content=\"2 minutes\" \/>\n<script type=\"application\/ld+json\" class=\"yoast-schema-graph\">{\"@context\":\"https:\\\/\\\/schema.org\",\"@graph\":[{\"@type\":\"Article\",\"@id\":\"https:\\\/\\\/archiv.siov.sk\\\/siov-na-medzinarodnom-strojarskom-veltrhu-v-nitre\\\/#article\",\"isPartOf\":{\"@id\":\"https:\\\/\\\/archiv.siov.sk\\\/siov-na-medzinarodnom-strojarskom-veltrhu-v-nitre\\\/\"},\"author\":{\"name\":\"Katar\u00edna Kov\u00e1\u010dov\u00e1\",\"@id\":\"https:\\\/\\\/archiv.siov.sk\\\/#\\\/schema\\\/person\\\/e42d633fbd958c6a726e8834d8965e6c\"},\"headline\":\"\u0160IOV na Medzin\u00e1rodnom stroj\u00e1rskom ve\u013etrhu v Nitre\",\"datePublished\":\"2019-05-24T09:33:09+00:00\",\"dateModified\":\"2019-06-04T10:37:12+00:00\",\"mainEntityOfPage\":{\"@id\":\"https:\\\/\\\/archiv.siov.sk\\\/siov-na-medzinarodnom-strojarskom-veltrhu-v-nitre\\\/\"},\"wordCount\":402,\"publisher\":{\"@id\":\"https:\\\/\\\/archiv.siov.sk\\\/#organization\"},\"image\":{\"@id\":\"https:\\\/\\\/archiv.siov.sk\\\/siov-na-medzinarodnom-strojarskom-veltrhu-v-nitre\\\/#primaryimage\"},\"thumbnailUrl\":\"https:\\\/\\\/archiv.siov.sk\\\/wp-content\\\/uploads\\\/2019\\\/06\\\/62261347_470034790492937_3391886800665444352_n-1-e1559644572354.jpg\",\"articleSection\":[\"Aktuality\"],\"inLanguage\":\"en-GB\"},{\"@type\":\"WebPage\",\"@id\":\"https:\\\/\\\/archiv.siov.sk\\\/siov-na-medzinarodnom-strojarskom-veltrhu-v-nitre\\\/\",\"url\":\"https:\\\/\\\/archiv.siov.sk\\\/siov-na-medzinarodnom-strojarskom-veltrhu-v-nitre\\\/\",\"name\":\"\u0160IOV na Medzin\u00e1rodnom stroj\u00e1rskom ve\u013etrhu v Nitre - \u0160IOV - \u0161t\u00e1tny in\u0161tit\u00fat odborn\u00e9ho vzdel\u00e1vania\",\"isPartOf\":{\"@id\":\"https:\\\/\\\/archiv.siov.sk\\\/#website\"},\"primaryImageOfPage\":{\"@id\":\"https:\\\/\\\/archiv.siov.sk\\\/siov-na-medzinarodnom-strojarskom-veltrhu-v-nitre\\\/#primaryimage\"},\"image\":{\"@id\":\"https:\\\/\\\/archiv.siov.sk\\\/siov-na-medzinarodnom-strojarskom-veltrhu-v-nitre\\\/#primaryimage\"},\"thumbnailUrl\":\"https:\\\/\\\/archiv.siov.sk\\\/wp-content\\\/uploads\\\/2019\\\/06\\\/62261347_470034790492937_3391886800665444352_n-1-e1559644572354.jpg\",\"datePublished\":\"2019-05-24T09:33:09+00:00\",\"dateModified\":\"2019-06-04T10:37:12+00:00\",\"breadcrumb\":{\"@id\":\"https:\\\/\\\/archiv.siov.sk\\\/siov-na-medzinarodnom-strojarskom-veltrhu-v-nitre\\\/#breadcrumb\"},\"inLanguage\":\"en-GB\",\"potentialAction\":[{\"@type\":\"ReadAction\",\"target\":[\"https:\\\/\\\/archiv.siov.sk\\\/siov-na-medzinarodnom-strojarskom-veltrhu-v-nitre\\\/\"]}]},{\"@type\":\"ImageObject\",\"inLanguage\":\"en-GB\",\"@id\":\"https:\\\/\\\/archiv.siov.sk\\\/siov-na-medzinarodnom-strojarskom-veltrhu-v-nitre\\\/#primaryimage\",\"url\":\"https:\\\/\\\/archiv.siov.sk\\\/wp-content\\\/uploads\\\/2019\\\/06\\\/62261347_470034790492937_3391886800665444352_n-1-e1559644572354.jpg\",\"contentUrl\":\"https:\\\/\\\/archiv.siov.sk\\\/wp-content\\\/uploads\\\/2019\\\/06\\\/62261347_470034790492937_3391886800665444352_n-1-e1559644572354.jpg\",\"width\":800,\"height\":450},{\"@type\":\"BreadcrumbList\",\"@id\":\"https:\\\/\\\/archiv.siov.sk\\\/siov-na-medzinarodnom-strojarskom-veltrhu-v-nitre\\\/#breadcrumb\",\"itemListElement\":[{\"@type\":\"ListItem\",\"position\":1,\"name\":\"Home\",\"item\":\"https:\\\/\\\/archiv.siov.sk\\\/\"},{\"@type\":\"ListItem\",\"position\":2,\"name\":\"\u0160IOV na Medzin\u00e1rodnom stroj\u00e1rskom ve\u013etrhu v Nitre\"}]},{\"@type\":\"WebSite\",\"@id\":\"https:\\\/\\\/archiv.siov.sk\\\/#website\",\"url\":\"https:\\\/\\\/archiv.siov.sk\\\/\",\"name\":\"\u0160IOV - \u0161t\u00e1tny in\u0161tit\u00fat odborn\u00e9ho vzdel\u00e1vania\",\"description\":\"\",\"publisher\":{\"@id\":\"https:\\\/\\\/archiv.siov.sk\\\/#organization\"},\"potentialAction\":[{\"@type\":\"SearchAction\",\"target\":{\"@type\":\"EntryPoint\",\"urlTemplate\":\"https:\\\/\\\/archiv.siov.sk\\\/?s={search_term_string}\"},\"query-input\":{\"@type\":\"PropertyValueSpecification\",\"valueRequired\":true,\"valueName\":\"search_term_string\"}}],\"inLanguage\":\"en-GB\"},{\"@type\":\"Organization\",\"@id\":\"https:\\\/\\\/archiv.siov.sk\\\/#organization\",\"name\":\"\u0160IOV - \u0161t\u00e1tny in\u0161tit\u00fat odborn\u00e9ho vzdel\u00e1vania\",\"url\":\"https:\\\/\\\/archiv.siov.sk\\\/\",\"logo\":{\"@type\":\"ImageObject\",\"inLanguage\":\"en-GB\",\"@id\":\"https:\\\/\\\/archiv.siov.sk\\\/#\\\/schema\\\/logo\\\/image\\\/\",\"url\":\"https:\\\/\\\/archiv.siov.sk\\\/wp-content\\\/uploads\\\/2024\\\/02\\\/logo-SIOV.png\",\"contentUrl\":\"https:\\\/\\\/archiv.siov.sk\\\/wp-content\\\/uploads\\\/2024\\\/02\\\/logo-SIOV.png\",\"width\":431,\"height\":143,\"caption\":\"\u0160IOV - \u0161t\u00e1tny in\u0161tit\u00fat odborn\u00e9ho vzdel\u00e1vania\"},\"image\":{\"@id\":\"https:\\\/\\\/archiv.siov.sk\\\/#\\\/schema\\\/logo\\\/image\\\/\"},\"sameAs\":[\"https:\\\/\\\/www.facebook.com\\\/Statnyinstitutodbornehovzdelavania\"]},{\"@type\":\"Person\",\"@id\":\"https:\\\/\\\/archiv.siov.sk\\\/#\\\/schema\\\/person\\\/e42d633fbd958c6a726e8834d8965e6c\",\"name\":\"Katar\u00edna Kov\u00e1\u010dov\u00e1\",\"url\":\"https:\\\/\\\/archiv.siov.sk\\\/en\\\/author\\\/katkakovacova\\\/\"}]}<\/script>\n<!-- \/ Yoast SEO plugin. -->","yoast_head_json":{"title":"\u0160IOV na Medzin\u00e1rodnom stroj\u00e1rskom ve\u013etrhu v Nitre - \u0160IOV - \u0161t\u00e1tny in\u0161tit\u00fat odborn\u00e9ho vzdel\u00e1vania","robots":{"index":"index","follow":"follow","max-snippet":"max-snippet:-1","max-image-preview":"max-image-preview:large","max-video-preview":"max-video-preview:-1"},"canonical":"https:\/\/archiv.siov.sk\/en\/siov-na-medzinarodnom-strojarskom-veltrhu-v-nitre\/","og_locale":"en_GB","og_type":"article","og_title":"\u0160IOV na Medzin\u00e1rodnom stroj\u00e1rskom ve\u013etrhu v Nitre - \u0160IOV - \u0161t\u00e1tny in\u0161tit\u00fat odborn\u00e9ho vzdel\u00e1vania","og_description":"\u0160t\u00e1tny in\u0161tit\u00fat odborn\u00e9ho vzdel\u00e1vania (\u0160IOV) a&nbsp;jeho z\u00e1stupcovia boli s\u00fa\u010das\u0165ou Medzin\u00e1rodn\u00e9ho stroj\u00e1rskeho ve\u013etrhu v&nbsp;Nitre v&nbsp;d\u0148och 21.- 24. m\u00e1ja 2019. Region\u00e1lni koordin\u00e1tori boli po\u010das ve\u013etrhu k&nbsp;dispoz\u00edcii n\u00e1v\u0161tevn\u00edkom aj vystavuj\u00facim zamestn\u00e1vate\u013eom a zast\u00fapenie sme mali aj v&nbsp;panelovej diskusii Slovenskej koopera\u010dnej burzy. Na t\u00e9mu \u201e\u013dudia pre smart industry \u2013 Kvalifik\u00e1cia a&nbsp;vzdel\u00e1vanie pre high-tech priemysel\u201c v&nbsp;nej za \u0160IOV debatoval projektov\u00fd [&hellip;]","og_url":"https:\/\/archiv.siov.sk\/en\/siov-na-medzinarodnom-strojarskom-veltrhu-v-nitre\/","og_site_name":"\u0160IOV - \u0161t\u00e1tny in\u0161tit\u00fat odborn\u00e9ho vzdel\u00e1vania","article_publisher":"https:\/\/www.facebook.com\/Statnyinstitutodbornehovzdelavania","article_published_time":"2019-05-24T09:33:09+00:00","article_modified_time":"2019-06-04T10:37:12+00:00","og_image":[{"width":800,"height":450,"url":"https:\/\/archiv.siov.sk\/wp-content\/uploads\/2019\/06\/62261347_470034790492937_3391886800665444352_n-1-e1559644572354.jpg","type":"image\/jpeg"}],"author":"Katar\u00edna Kov\u00e1\u010dov\u00e1","twitter_card":"summary_large_image","twitter_misc":{"Written by":"Katar\u00edna Kov\u00e1\u010dov\u00e1","Estimated reading time":"2 minutes"},"schema":{"@context":"https:\/\/schema.org","@graph":[{"@type":"Article","@id":"https:\/\/archiv.siov.sk\/siov-na-medzinarodnom-strojarskom-veltrhu-v-nitre\/#article","isPartOf":{"@id":"https:\/\/archiv.siov.sk\/siov-na-medzinarodnom-strojarskom-veltrhu-v-nitre\/"},"author":{"name":"Katar\u00edna Kov\u00e1\u010dov\u00e1","@id":"https:\/\/archiv.siov.sk\/#\/schema\/person\/e42d633fbd958c6a726e8834d8965e6c"},"headline":"\u0160IOV na Medzin\u00e1rodnom stroj\u00e1rskom ve\u013etrhu v Nitre","datePublished":"2019-05-24T09:33:09+00:00","dateModified":"2019-06-04T10:37:12+00:00","mainEntityOfPage":{"@id":"https:\/\/archiv.siov.sk\/siov-na-medzinarodnom-strojarskom-veltrhu-v-nitre\/"},"wordCount":402,"publisher":{"@id":"https:\/\/archiv.siov.sk\/#organization"},"image":{"@id":"https:\/\/archiv.siov.sk\/siov-na-medzinarodnom-strojarskom-veltrhu-v-nitre\/#primaryimage"},"thumbnailUrl":"https:\/\/archiv.siov.sk\/wp-content\/uploads\/2019\/06\/62261347_470034790492937_3391886800665444352_n-1-e1559644572354.jpg","articleSection":["Aktuality"],"inLanguage":"en-GB"},{"@type":"WebPage","@id":"https:\/\/archiv.siov.sk\/siov-na-medzinarodnom-strojarskom-veltrhu-v-nitre\/","url":"https:\/\/archiv.siov.sk\/siov-na-medzinarodnom-strojarskom-veltrhu-v-nitre\/","name":"\u0160IOV na Medzin\u00e1rodnom stroj\u00e1rskom ve\u013etrhu v Nitre - \u0160IOV - \u0161t\u00e1tny in\u0161tit\u00fat odborn\u00e9ho vzdel\u00e1vania","isPartOf":{"@id":"https:\/\/archiv.siov.sk\/#website"},"primaryImageOfPage":{"@id":"https:\/\/archiv.siov.sk\/siov-na-medzinarodnom-strojarskom-veltrhu-v-nitre\/#primaryimage"},"image":{"@id":"https:\/\/archiv.siov.sk\/siov-na-medzinarodnom-strojarskom-veltrhu-v-nitre\/#primaryimage"},"thumbnailUrl":"https:\/\/archiv.siov.sk\/wp-content\/uploads\/2019\/06\/62261347_470034790492937_3391886800665444352_n-1-e1559644572354.jpg","datePublished":"2019-05-24T09:33:09+00:00","dateModified":"2019-06-04T10:37:12+00:00","breadcrumb":{"@id":"https:\/\/archiv.siov.sk\/siov-na-medzinarodnom-strojarskom-veltrhu-v-nitre\/#breadcrumb"},"inLanguage":"en-GB","potentialAction":[{"@type":"ReadAction","target":["https:\/\/archiv.siov.sk\/siov-na-medzinarodnom-strojarskom-veltrhu-v-nitre\/"]}]},{"@type":"ImageObject","inLanguage":"en-GB","@id":"https:\/\/archiv.siov.sk\/siov-na-medzinarodnom-strojarskom-veltrhu-v-nitre\/#primaryimage","url":"https:\/\/archiv.siov.sk\/wp-content\/uploads\/2019\/06\/62261347_470034790492937_3391886800665444352_n-1-e1559644572354.jpg","contentUrl":"https:\/\/archiv.siov.sk\/wp-content\/uploads\/2019\/06\/62261347_470034790492937_3391886800665444352_n-1-e1559644572354.jpg","width":800,"height":450},{"@type":"BreadcrumbList","@id":"https:\/\/archiv.siov.sk\/siov-na-medzinarodnom-strojarskom-veltrhu-v-nitre\/#breadcrumb","itemListElement":[{"@type":"ListItem","position":1,"name":"Home","item":"https:\/\/archiv.siov.sk\/"},{"@type":"ListItem","position":2,"name":"\u0160IOV na Medzin\u00e1rodnom stroj\u00e1rskom ve\u013etrhu v Nitre"}]},{"@type":"WebSite","@id":"https:\/\/archiv.siov.sk\/#website","url":"https:\/\/archiv.siov.sk\/","name":"\u0160IOV - \u0161t\u00e1tny in\u0161tit\u00fat odborn\u00e9ho vzdel\u00e1vania","description":"","publisher":{"@id":"https:\/\/archiv.siov.sk\/#organization"},"potentialAction":[{"@type":"SearchAction","target":{"@type":"EntryPoint","urlTemplate":"https:\/\/archiv.siov.sk\/?s={search_term_string}"},"query-input":{"@type":"PropertyValueSpecification","valueRequired":true,"valueName":"search_term_string"}}],"inLanguage":"en-GB"},{"@type":"Organization","@id":"https:\/\/archiv.siov.sk\/#organization","name":"\u0160IOV - \u0161t\u00e1tny in\u0161tit\u00fat odborn\u00e9ho vzdel\u00e1vania","url":"https:\/\/archiv.siov.sk\/","logo":{"@type":"ImageObject","inLanguage":"en-GB","@id":"https:\/\/archiv.siov.sk\/#\/schema\/logo\/image\/","url":"https:\/\/archiv.siov.sk\/wp-content\/uploads\/2024\/02\/logo-SIOV.png","contentUrl":"https:\/\/archiv.siov.sk\/wp-content\/uploads\/2024\/02\/logo-SIOV.png","width":431,"height":143,"caption":"\u0160IOV - \u0161t\u00e1tny in\u0161tit\u00fat odborn\u00e9ho vzdel\u00e1vania"},"image":{"@id":"https:\/\/archiv.siov.sk\/#\/schema\/logo\/image\/"},"sameAs":["https:\/\/www.facebook.com\/Statnyinstitutodbornehovzdelavania"]},{"@type":"Person","@id":"https:\/\/archiv.siov.sk\/#\/schema\/person\/e42d633fbd958c6a726e8834d8965e6c","name":"Katar\u00edna Kov\u00e1\u010dov\u00e1","url":"https:\/\/archiv.siov.sk\/en\/author\/katkakovacova\/"}]}},"_links":{"self":[{"href":"https:\/\/archiv.siov.sk\/en\/wp-json\/wp\/v2\/posts\/3840","targetHints":{"allow":["GET"]}}],"collection":[{"href":"https:\/\/archiv.siov.sk\/en\/wp-json\/wp\/v2\/posts"}],"about":[{"href":"https:\/\/archiv.siov.sk\/en\/wp-json\/wp\/v2\/types\/post"}],"author":[{"embeddable":true,"href":"https:\/\/archiv.siov.sk\/en\/wp-json\/wp\/v2\/users\/6"}],"replies":[{"embeddable":true,"href":"https:\/\/archiv.siov.sk\/en\/wp-json\/wp\/v2\/comments?post=3840"}],"version-history":[{"count":4,"href":"https:\/\/archiv.siov.sk\/en\/wp-json\/wp\/v2\/posts\/3840\/revisions"}],"predecessor-version":[{"id":3847,"href":"https:\/\/archiv.siov.sk\/en\/wp-json\/wp\/v2\/posts\/3840\/revisions\/3847"}],"wp:featuredmedia":[{"embeddable":true,"href":"https:\/\/archiv.siov.sk\/en\/wp-json\/wp\/v2\/media\/3842"}],"wp:attachment":[{"href":"https:\/\/archiv.siov.sk\/en\/wp-json\/wp\/v2\/media?parent=3840"}],"wp:term":[{"taxonomy":"category","embeddable":true,"href":"https:\/\/archiv.siov.sk\/en\/wp-json\/wp\/v2\/categories?post=3840"},{"taxonomy":"post_tag","embeddable":true,"href":"https:\/\/archiv.siov.sk\/en\/wp-json\/wp\/v2\/tags?post=3840"}],"curies":[{"name":"wp","href":"https:\/\/api.w.org\/{rel}","templated":true}]}}