{"id":3785,"date":"2019-05-20T11:02:01","date_gmt":"2019-05-20T09:02:01","guid":{"rendered":"http:\/\/archiv.siov.sk\/?p=3785"},"modified":"2019-05-21T09:29:20","modified_gmt":"2019-05-21T07:29:20","slug":"jubilejny-rocnik-sutaze-mlady-ekofarmar","status":"publish","type":"post","link":"https:\/\/archiv.siov.sk\/en\/jubilejny-rocnik-sutaze-mlady-ekofarmar\/","title":{"rendered":"Jubilejn\u00fd ro\u010dn\u00edk s\u00fa\u0165a\u017ee Mlad\u00fd ekofarm\u00e1r"},"content":{"rendered":"<p style=\"text-align: justify;\">S\u00fa\u0165a\u017e o&nbsp;mlieku &#8211; Mlad\u00fd ekofarm\u00e1r zvy\u0161uje odborn\u00fa \u00farove\u0148, &nbsp;teoretick\u00e9 a&nbsp;praktick\u00e9 &nbsp;vedomosti a&nbsp;zru\u010dnosti \u017eiakov stredn\u00fdch odborn\u00fdch \u0161k\u00f4l v&nbsp;r\u00f4znych oblastiach agrosektora &nbsp;u\u017e 20 rokov. Je ur\u010den\u00e1&nbsp; \u017eiakom stredn\u00fdch odborn\u00fdch \u0161k\u00f4l so \u0161tudijn\u00fdmi odbormi agropodnikanie, \u017eivotn\u00e9 prostredie, veterin\u00e1rne zdravotn\u00edctvo a hygiena a \u010fal\u0161\u00edmi odbormi s\u00favisiacimi s po\u013enohospod\u00e1rstvom, potravin\u00e1rstvom a ekol\u00f3giou. Jej organiz\u00e1torom je z poverenia Ministerstva \u0161kolstva, vedy, v\u00fdskumu a&nbsp;\u0161portu SR \u0160t\u00e1tny in\u0161tit\u00fat odborn\u00e9ho vzdel\u00e1vania&nbsp; (\u0160IOV).<\/p>\n<p style=\"text-align: justify;\">Jubilejn\u00fd 20. ro\u010dn\u00edk s\u00fa\u0165a\u017ee sa uskuto\u010dnil 15.- 17. m\u00e1ja na p\u00f4de SO\u0160 veterin\u00e1rnej Nitra a &nbsp;Po\u013enohospod\u00e1rskom dru\u017estve DEVIO Nov\u00e9 Sady farma \u010cab. Dlhoro\u010dn\u00e9&nbsp; \u00fasilie pedag\u00f3gov a \u0161k\u00f4l v pr\u00e1ci so \u017eiakmi&nbsp; bolo ocenen\u00e9 \u010eakovn\u00fdm listom pani ministerky Martiny Lubyovej a pam\u00e4tnou plaketou \u0160IOV-u. S\u00fa\u010das\u0165ou sprievodn\u00e9ho podujatia bola u\u017e tret\u00edkr\u00e1t&nbsp; aj s\u00fa\u0165a\u017e &nbsp;\u017eiakov z\u00e1kladn\u00fdch \u0161k\u00f4l&nbsp; \u201cMlad\u00e9 farm\u00e1r\u010da\u201d, ktorej sa z\u00fa\u010dastnili \u017eiaci nitrianskych &nbsp;z\u00e1kladn\u00fdch \u0161k\u00f4l.&nbsp;&nbsp;<\/p>\n<p><img fetchpriority=\"high\" decoding=\"async\" class=\"alignnone size-medium wp-image-3790 aligncenter\" src=\"https:\/\/archiv.siov.sk\/wp-content\/uploads\/2019\/05\/foto-ekofarmar-1-e1558423693194-225x300.jpg\" alt=\"\" width=\"225\" height=\"300\" srcset=\"https:\/\/archiv.siov.sk\/wp-content\/uploads\/2019\/05\/foto-ekofarmar-1-e1558423693194-225x300.jpg 225w, https:\/\/archiv.siov.sk\/wp-content\/uploads\/2019\/05\/foto-ekofarmar-1-e1558423693194-768x1024.jpg 768w, https:\/\/archiv.siov.sk\/wp-content\/uploads\/2019\/05\/foto-ekofarmar-1-e1558423693194-480x640.jpg 480w\" sizes=\"(max-width: 225px) 100vw, 225px\" \/><\/p>\n<p style=\"text-align: justify;\">Prv\u00e9 miesto v&nbsp;s\u00fa\u0165a\u017ei Mlad\u00fd ekofarm\u00e1r obsadila O\u013ega Dominikov\u00e1&nbsp;zo SO\u0160 veterin\u00e1rnej Nitra. Druh\u00e9 miesto patrilo Michaele \u017dabkovej zo SO\u0160 Pod B\u00e1no\u0161om v Banskej Bystrici a&nbsp;tret\u00ed skon\u010dil Kristi\u00e1n Rand\u00e1r zo SO\u0160 veterin\u00e1rnej v&nbsp;Nitre.<\/p>","protected":false},"excerpt":{"rendered":"<p>S\u00fa\u0165a\u017e o&nbsp;mlieku &#8211; Mlad\u00fd ekofarm\u00e1r zvy\u0161uje odborn\u00fa \u00farove\u0148, &nbsp;teoretick\u00e9 a&nbsp;praktick\u00e9 &nbsp;vedomosti a&nbsp;zru\u010dnosti \u017eiakov stredn\u00fdch odborn\u00fdch \u0161k\u00f4l v&nbsp;r\u00f4znych oblastiach agrosektora &nbsp;u\u017e 20 rokov. Je ur\u010den\u00e1&nbsp; \u017eiakom stredn\u00fdch odborn\u00fdch \u0161k\u00f4l so \u0161tudijn\u00fdmi odbormi agropodnikanie, \u017eivotn\u00e9 prostredie, veterin\u00e1rne zdravotn\u00edctvo a hygiena a \u010fal\u0161\u00edmi odbormi s\u00favisiacimi s po\u013enohospod\u00e1rstvom, potravin\u00e1rstvom a ekol\u00f3giou. Jej organiz\u00e1torom je z poverenia Ministerstva \u0161kolstva, vedy, [&hellip;]<\/p>\n","protected":false},"author":6,"featured_media":3787,"comment_status":"closed","ping_status":"closed","sticky":false,"template":"","format":"standard","meta":{"site-sidebar-layout":"default","site-content-layout":"","ast-site-content-layout":"default","site-content-style":"default","site-sidebar-style":"default","ast-global-header-display":"","ast-banner-title-visibility":"","ast-main-header-display":"","ast-hfb-above-header-display":"","ast-hfb-below-header-display":"","ast-hfb-mobile-header-display":"","site-post-title":"","ast-breadcrumbs-content":"","ast-featured-img":"","footer-sml-layout":"","ast-disable-related-posts":"","theme-transparent-header-meta":"","adv-header-id-meta":"","stick-header-meta":"","header-above-stick-meta":"","header-main-stick-meta":"","header-below-stick-meta":"","astra-migrate-meta-layouts":"default","ast-page-background-enabled":"default","ast-page-background-meta":{"desktop":{"background-color":"var(--ast-global-color-4)","background-image":"","background-repeat":"repeat","background-position":"center center","background-size":"auto","background-attachment":"scroll","background-type":"","background-media":"","overlay-type":"","overlay-color":"","overlay-opacity":"","overlay-gradient":""},"tablet":{"background-color":"","background-image":"","background-repeat":"repeat","background-position":"center center","background-size":"auto","background-attachment":"scroll","background-type":"","background-media":"","overlay-type":"","overlay-color":"","overlay-opacity":"","overlay-gradient":""},"mobile":{"background-color":"","background-image":"","background-repeat":"repeat","background-position":"center center","background-size":"auto","background-attachment":"scroll","background-type":"","background-media":"","overlay-type":"","overlay-color":"","overlay-opacity":"","overlay-gradient":""}},"ast-content-background-meta":{"desktop":{"background-color":"var(--ast-global-color-5)","background-image":"","background-repeat":"repeat","background-position":"center center","background-size":"auto","background-attachment":"scroll","background-type":"","background-media":"","overlay-type":"","overlay-color":"","overlay-opacity":"","overlay-gradient":""},"tablet":{"background-color":"var(--ast-global-color-5)","background-image":"","background-repeat":"repeat","background-position":"center center","background-size":"auto","background-attachment":"scroll","background-type":"","background-media":"","overlay-type":"","overlay-color":"","overlay-opacity":"","overlay-gradient":""},"mobile":{"background-color":"var(--ast-global-color-5)","background-image":"","background-repeat":"repeat","background-position":"center center","background-size":"auto","background-attachment":"scroll","background-type":"","background-media":"","overlay-type":"","overlay-color":"","overlay-opacity":"","overlay-gradient":""}},"footnotes":""},"categories":[1],"tags":[],"class_list":["post-3785","post","type-post","status-publish","format-standard","has-post-thumbnail","hentry","category-aktuality"],"yoast_head":"<!-- This site is optimized with the Yoast SEO plugin v27.5 - https:\/\/yoast.com\/product\/yoast-seo-wordpress\/ -->\n<title>Jubilejn\u00fd ro\u010dn\u00edk s\u00fa\u0165a\u017ee Mlad\u00fd ekofarm\u00e1r - \u0160IOV - \u0161t\u00e1tny in\u0161tit\u00fat odborn\u00e9ho vzdel\u00e1vania<\/title>\n<meta name=\"robots\" content=\"index, follow, max-snippet:-1, max-image-preview:large, max-video-preview:-1\" \/>\n<link rel=\"canonical\" href=\"https:\/\/archiv.siov.sk\/en\/jubilejny-rocnik-sutaze-mlady-ekofarmar\/\" \/>\n<meta property=\"og:locale\" content=\"en_GB\" \/>\n<meta property=\"og:type\" content=\"article\" \/>\n<meta property=\"og:title\" content=\"Jubilejn\u00fd ro\u010dn\u00edk s\u00fa\u0165a\u017ee Mlad\u00fd ekofarm\u00e1r - \u0160IOV - \u0161t\u00e1tny in\u0161tit\u00fat odborn\u00e9ho vzdel\u00e1vania\" \/>\n<meta property=\"og:description\" content=\"S\u00fa\u0165a\u017e o&nbsp;mlieku &#8211; Mlad\u00fd ekofarm\u00e1r zvy\u0161uje odborn\u00fa \u00farove\u0148, &nbsp;teoretick\u00e9 a&nbsp;praktick\u00e9 &nbsp;vedomosti a&nbsp;zru\u010dnosti \u017eiakov stredn\u00fdch odborn\u00fdch \u0161k\u00f4l v&nbsp;r\u00f4znych oblastiach agrosektora &nbsp;u\u017e 20 rokov. Je ur\u010den\u00e1&nbsp; \u017eiakom stredn\u00fdch odborn\u00fdch \u0161k\u00f4l so \u0161tudijn\u00fdmi odbormi agropodnikanie, \u017eivotn\u00e9 prostredie, veterin\u00e1rne zdravotn\u00edctvo a hygiena a \u010fal\u0161\u00edmi odbormi s\u00favisiacimi s po\u013enohospod\u00e1rstvom, potravin\u00e1rstvom a ekol\u00f3giou. Jej organiz\u00e1torom je z poverenia Ministerstva \u0161kolstva, vedy, [&hellip;]\" \/>\n<meta property=\"og:url\" content=\"https:\/\/archiv.siov.sk\/en\/jubilejny-rocnik-sutaze-mlady-ekofarmar\/\" \/>\n<meta property=\"og:site_name\" content=\"\u0160IOV - \u0161t\u00e1tny in\u0161tit\u00fat odborn\u00e9ho vzdel\u00e1vania\" \/>\n<meta property=\"article:publisher\" content=\"https:\/\/www.facebook.com\/Statnyinstitutodbornehovzdelavania\" \/>\n<meta property=\"article:published_time\" content=\"2019-05-20T09:02:01+00:00\" \/>\n<meta property=\"article:modified_time\" content=\"2019-05-21T07:29:20+00:00\" \/>\n<meta property=\"og:image\" content=\"https:\/\/archiv.siov.sk\/wp-content\/uploads\/2019\/05\/foto-ekofarm\u00e1r-2-e1558423477349.jpg\" \/>\n\t<meta property=\"og:image:width\" content=\"3456\" \/>\n\t<meta property=\"og:image:height\" content=\"4608\" \/>\n\t<meta property=\"og:image:type\" content=\"image\/jpeg\" \/>\n<meta name=\"author\" content=\"Katar\u00edna Kov\u00e1\u010dov\u00e1\" \/>\n<meta name=\"twitter:card\" content=\"summary_large_image\" \/>\n<meta name=\"twitter:label1\" content=\"Written by\" \/>\n\t<meta name=\"twitter:data1\" content=\"Katar\u00edna Kov\u00e1\u010dov\u00e1\" \/>\n\t<meta name=\"twitter:label2\" content=\"Estimated reading time\" \/>\n\t<meta name=\"twitter:data2\" content=\"1 minute\" \/>\n<script type=\"application\/ld+json\" class=\"yoast-schema-graph\">{\"@context\":\"https:\\\/\\\/schema.org\",\"@graph\":[{\"@type\":\"Article\",\"@id\":\"https:\\\/\\\/archiv.siov.sk\\\/jubilejny-rocnik-sutaze-mlady-ekofarmar\\\/#article\",\"isPartOf\":{\"@id\":\"https:\\\/\\\/archiv.siov.sk\\\/jubilejny-rocnik-sutaze-mlady-ekofarmar\\\/\"},\"author\":{\"name\":\"Katar\u00edna Kov\u00e1\u010dov\u00e1\",\"@id\":\"https:\\\/\\\/archiv.siov.sk\\\/#\\\/schema\\\/person\\\/e42d633fbd958c6a726e8834d8965e6c\"},\"headline\":\"Jubilejn\u00fd ro\u010dn\u00edk s\u00fa\u0165a\u017ee Mlad\u00fd ekofarm\u00e1r\",\"datePublished\":\"2019-05-20T09:02:01+00:00\",\"dateModified\":\"2019-05-21T07:29:20+00:00\",\"mainEntityOfPage\":{\"@id\":\"https:\\\/\\\/archiv.siov.sk\\\/jubilejny-rocnik-sutaze-mlady-ekofarmar\\\/\"},\"wordCount\":267,\"publisher\":{\"@id\":\"https:\\\/\\\/archiv.siov.sk\\\/#organization\"},\"image\":{\"@id\":\"https:\\\/\\\/archiv.siov.sk\\\/jubilejny-rocnik-sutaze-mlady-ekofarmar\\\/#primaryimage\"},\"thumbnailUrl\":\"https:\\\/\\\/archiv.siov.sk\\\/wp-content\\\/uploads\\\/2019\\\/05\\\/foto-ekofarm\u00e1r-2-e1558423477349.jpg\",\"articleSection\":[\"Aktuality\"],\"inLanguage\":\"en-GB\"},{\"@type\":\"WebPage\",\"@id\":\"https:\\\/\\\/archiv.siov.sk\\\/jubilejny-rocnik-sutaze-mlady-ekofarmar\\\/\",\"url\":\"https:\\\/\\\/archiv.siov.sk\\\/jubilejny-rocnik-sutaze-mlady-ekofarmar\\\/\",\"name\":\"Jubilejn\u00fd ro\u010dn\u00edk s\u00fa\u0165a\u017ee Mlad\u00fd ekofarm\u00e1r - \u0160IOV - \u0161t\u00e1tny in\u0161tit\u00fat odborn\u00e9ho vzdel\u00e1vania\",\"isPartOf\":{\"@id\":\"https:\\\/\\\/archiv.siov.sk\\\/#website\"},\"primaryImageOfPage\":{\"@id\":\"https:\\\/\\\/archiv.siov.sk\\\/jubilejny-rocnik-sutaze-mlady-ekofarmar\\\/#primaryimage\"},\"image\":{\"@id\":\"https:\\\/\\\/archiv.siov.sk\\\/jubilejny-rocnik-sutaze-mlady-ekofarmar\\\/#primaryimage\"},\"thumbnailUrl\":\"https:\\\/\\\/archiv.siov.sk\\\/wp-content\\\/uploads\\\/2019\\\/05\\\/foto-ekofarm\u00e1r-2-e1558423477349.jpg\",\"datePublished\":\"2019-05-20T09:02:01+00:00\",\"dateModified\":\"2019-05-21T07:29:20+00:00\",\"breadcrumb\":{\"@id\":\"https:\\\/\\\/archiv.siov.sk\\\/jubilejny-rocnik-sutaze-mlady-ekofarmar\\\/#breadcrumb\"},\"inLanguage\":\"en-GB\",\"potentialAction\":[{\"@type\":\"ReadAction\",\"target\":[\"https:\\\/\\\/archiv.siov.sk\\\/jubilejny-rocnik-sutaze-mlady-ekofarmar\\\/\"]}]},{\"@type\":\"ImageObject\",\"inLanguage\":\"en-GB\",\"@id\":\"https:\\\/\\\/archiv.siov.sk\\\/jubilejny-rocnik-sutaze-mlady-ekofarmar\\\/#primaryimage\",\"url\":\"https:\\\/\\\/archiv.siov.sk\\\/wp-content\\\/uploads\\\/2019\\\/05\\\/foto-ekofarm\u00e1r-2-e1558423477349.jpg\",\"contentUrl\":\"https:\\\/\\\/archiv.siov.sk\\\/wp-content\\\/uploads\\\/2019\\\/05\\\/foto-ekofarm\u00e1r-2-e1558423477349.jpg\",\"width\":3456,\"height\":4608},{\"@type\":\"BreadcrumbList\",\"@id\":\"https:\\\/\\\/archiv.siov.sk\\\/jubilejny-rocnik-sutaze-mlady-ekofarmar\\\/#breadcrumb\",\"itemListElement\":[{\"@type\":\"ListItem\",\"position\":1,\"name\":\"Home\",\"item\":\"https:\\\/\\\/archiv.siov.sk\\\/\"},{\"@type\":\"ListItem\",\"position\":2,\"name\":\"Jubilejn\u00fd ro\u010dn\u00edk s\u00fa\u0165a\u017ee Mlad\u00fd ekofarm\u00e1r\"}]},{\"@type\":\"WebSite\",\"@id\":\"https:\\\/\\\/archiv.siov.sk\\\/#website\",\"url\":\"https:\\\/\\\/archiv.siov.sk\\\/\",\"name\":\"\u0160IOV - \u0161t\u00e1tny in\u0161tit\u00fat odborn\u00e9ho vzdel\u00e1vania\",\"description\":\"\",\"publisher\":{\"@id\":\"https:\\\/\\\/archiv.siov.sk\\\/#organization\"},\"potentialAction\":[{\"@type\":\"SearchAction\",\"target\":{\"@type\":\"EntryPoint\",\"urlTemplate\":\"https:\\\/\\\/archiv.siov.sk\\\/?s={search_term_string}\"},\"query-input\":{\"@type\":\"PropertyValueSpecification\",\"valueRequired\":true,\"valueName\":\"search_term_string\"}}],\"inLanguage\":\"en-GB\"},{\"@type\":\"Organization\",\"@id\":\"https:\\\/\\\/archiv.siov.sk\\\/#organization\",\"name\":\"\u0160IOV - \u0161t\u00e1tny in\u0161tit\u00fat odborn\u00e9ho vzdel\u00e1vania\",\"url\":\"https:\\\/\\\/archiv.siov.sk\\\/\",\"logo\":{\"@type\":\"ImageObject\",\"inLanguage\":\"en-GB\",\"@id\":\"https:\\\/\\\/archiv.siov.sk\\\/#\\\/schema\\\/logo\\\/image\\\/\",\"url\":\"https:\\\/\\\/archiv.siov.sk\\\/wp-content\\\/uploads\\\/2024\\\/02\\\/logo-SIOV.png\",\"contentUrl\":\"https:\\\/\\\/archiv.siov.sk\\\/wp-content\\\/uploads\\\/2024\\\/02\\\/logo-SIOV.png\",\"width\":431,\"height\":143,\"caption\":\"\u0160IOV - \u0161t\u00e1tny in\u0161tit\u00fat odborn\u00e9ho vzdel\u00e1vania\"},\"image\":{\"@id\":\"https:\\\/\\\/archiv.siov.sk\\\/#\\\/schema\\\/logo\\\/image\\\/\"},\"sameAs\":[\"https:\\\/\\\/www.facebook.com\\\/Statnyinstitutodbornehovzdelavania\"]},{\"@type\":\"Person\",\"@id\":\"https:\\\/\\\/archiv.siov.sk\\\/#\\\/schema\\\/person\\\/e42d633fbd958c6a726e8834d8965e6c\",\"name\":\"Katar\u00edna Kov\u00e1\u010dov\u00e1\",\"url\":\"https:\\\/\\\/archiv.siov.sk\\\/en\\\/author\\\/katkakovacova\\\/\"}]}<\/script>\n<!-- \/ Yoast SEO plugin. -->","yoast_head_json":{"title":"Jubilejn\u00fd ro\u010dn\u00edk s\u00fa\u0165a\u017ee Mlad\u00fd ekofarm\u00e1r - \u0160IOV - \u0161t\u00e1tny in\u0161tit\u00fat odborn\u00e9ho vzdel\u00e1vania","robots":{"index":"index","follow":"follow","max-snippet":"max-snippet:-1","max-image-preview":"max-image-preview:large","max-video-preview":"max-video-preview:-1"},"canonical":"https:\/\/archiv.siov.sk\/en\/jubilejny-rocnik-sutaze-mlady-ekofarmar\/","og_locale":"en_GB","og_type":"article","og_title":"Jubilejn\u00fd ro\u010dn\u00edk s\u00fa\u0165a\u017ee Mlad\u00fd ekofarm\u00e1r - \u0160IOV - \u0161t\u00e1tny in\u0161tit\u00fat odborn\u00e9ho vzdel\u00e1vania","og_description":"S\u00fa\u0165a\u017e o&nbsp;mlieku &#8211; Mlad\u00fd ekofarm\u00e1r zvy\u0161uje odborn\u00fa \u00farove\u0148, &nbsp;teoretick\u00e9 a&nbsp;praktick\u00e9 &nbsp;vedomosti a&nbsp;zru\u010dnosti \u017eiakov stredn\u00fdch odborn\u00fdch \u0161k\u00f4l v&nbsp;r\u00f4znych oblastiach agrosektora &nbsp;u\u017e 20 rokov. Je ur\u010den\u00e1&nbsp; \u017eiakom stredn\u00fdch odborn\u00fdch \u0161k\u00f4l so \u0161tudijn\u00fdmi odbormi agropodnikanie, \u017eivotn\u00e9 prostredie, veterin\u00e1rne zdravotn\u00edctvo a hygiena a \u010fal\u0161\u00edmi odbormi s\u00favisiacimi s po\u013enohospod\u00e1rstvom, potravin\u00e1rstvom a ekol\u00f3giou. Jej organiz\u00e1torom je z poverenia Ministerstva \u0161kolstva, vedy, [&hellip;]","og_url":"https:\/\/archiv.siov.sk\/en\/jubilejny-rocnik-sutaze-mlady-ekofarmar\/","og_site_name":"\u0160IOV - \u0161t\u00e1tny in\u0161tit\u00fat odborn\u00e9ho vzdel\u00e1vania","article_publisher":"https:\/\/www.facebook.com\/Statnyinstitutodbornehovzdelavania","article_published_time":"2019-05-20T09:02:01+00:00","article_modified_time":"2019-05-21T07:29:20+00:00","og_image":[{"width":3456,"height":4608,"url":"https:\/\/archiv.siov.sk\/wp-content\/uploads\/2019\/05\/foto-ekofarm\u00e1r-2-e1558423477349.jpg","type":"image\/jpeg"}],"author":"Katar\u00edna Kov\u00e1\u010dov\u00e1","twitter_card":"summary_large_image","twitter_misc":{"Written by":"Katar\u00edna Kov\u00e1\u010dov\u00e1","Estimated reading time":"1 minute"},"schema":{"@context":"https:\/\/schema.org","@graph":[{"@type":"Article","@id":"https:\/\/archiv.siov.sk\/jubilejny-rocnik-sutaze-mlady-ekofarmar\/#article","isPartOf":{"@id":"https:\/\/archiv.siov.sk\/jubilejny-rocnik-sutaze-mlady-ekofarmar\/"},"author":{"name":"Katar\u00edna Kov\u00e1\u010dov\u00e1","@id":"https:\/\/archiv.siov.sk\/#\/schema\/person\/e42d633fbd958c6a726e8834d8965e6c"},"headline":"Jubilejn\u00fd ro\u010dn\u00edk s\u00fa\u0165a\u017ee Mlad\u00fd ekofarm\u00e1r","datePublished":"2019-05-20T09:02:01+00:00","dateModified":"2019-05-21T07:29:20+00:00","mainEntityOfPage":{"@id":"https:\/\/archiv.siov.sk\/jubilejny-rocnik-sutaze-mlady-ekofarmar\/"},"wordCount":267,"publisher":{"@id":"https:\/\/archiv.siov.sk\/#organization"},"image":{"@id":"https:\/\/archiv.siov.sk\/jubilejny-rocnik-sutaze-mlady-ekofarmar\/#primaryimage"},"thumbnailUrl":"https:\/\/archiv.siov.sk\/wp-content\/uploads\/2019\/05\/foto-ekofarm\u00e1r-2-e1558423477349.jpg","articleSection":["Aktuality"],"inLanguage":"en-GB"},{"@type":"WebPage","@id":"https:\/\/archiv.siov.sk\/jubilejny-rocnik-sutaze-mlady-ekofarmar\/","url":"https:\/\/archiv.siov.sk\/jubilejny-rocnik-sutaze-mlady-ekofarmar\/","name":"Jubilejn\u00fd ro\u010dn\u00edk s\u00fa\u0165a\u017ee Mlad\u00fd ekofarm\u00e1r - \u0160IOV - \u0161t\u00e1tny in\u0161tit\u00fat odborn\u00e9ho vzdel\u00e1vania","isPartOf":{"@id":"https:\/\/archiv.siov.sk\/#website"},"primaryImageOfPage":{"@id":"https:\/\/archiv.siov.sk\/jubilejny-rocnik-sutaze-mlady-ekofarmar\/#primaryimage"},"image":{"@id":"https:\/\/archiv.siov.sk\/jubilejny-rocnik-sutaze-mlady-ekofarmar\/#primaryimage"},"thumbnailUrl":"https:\/\/archiv.siov.sk\/wp-content\/uploads\/2019\/05\/foto-ekofarm\u00e1r-2-e1558423477349.jpg","datePublished":"2019-05-20T09:02:01+00:00","dateModified":"2019-05-21T07:29:20+00:00","breadcrumb":{"@id":"https:\/\/archiv.siov.sk\/jubilejny-rocnik-sutaze-mlady-ekofarmar\/#breadcrumb"},"inLanguage":"en-GB","potentialAction":[{"@type":"ReadAction","target":["https:\/\/archiv.siov.sk\/jubilejny-rocnik-sutaze-mlady-ekofarmar\/"]}]},{"@type":"ImageObject","inLanguage":"en-GB","@id":"https:\/\/archiv.siov.sk\/jubilejny-rocnik-sutaze-mlady-ekofarmar\/#primaryimage","url":"https:\/\/archiv.siov.sk\/wp-content\/uploads\/2019\/05\/foto-ekofarm\u00e1r-2-e1558423477349.jpg","contentUrl":"https:\/\/archiv.siov.sk\/wp-content\/uploads\/2019\/05\/foto-ekofarm\u00e1r-2-e1558423477349.jpg","width":3456,"height":4608},{"@type":"BreadcrumbList","@id":"https:\/\/archiv.siov.sk\/jubilejny-rocnik-sutaze-mlady-ekofarmar\/#breadcrumb","itemListElement":[{"@type":"ListItem","position":1,"name":"Home","item":"https:\/\/archiv.siov.sk\/"},{"@type":"ListItem","position":2,"name":"Jubilejn\u00fd ro\u010dn\u00edk s\u00fa\u0165a\u017ee Mlad\u00fd ekofarm\u00e1r"}]},{"@type":"WebSite","@id":"https:\/\/archiv.siov.sk\/#website","url":"https:\/\/archiv.siov.sk\/","name":"\u0160IOV - \u0161t\u00e1tny in\u0161tit\u00fat odborn\u00e9ho vzdel\u00e1vania","description":"","publisher":{"@id":"https:\/\/archiv.siov.sk\/#organization"},"potentialAction":[{"@type":"SearchAction","target":{"@type":"EntryPoint","urlTemplate":"https:\/\/archiv.siov.sk\/?s={search_term_string}"},"query-input":{"@type":"PropertyValueSpecification","valueRequired":true,"valueName":"search_term_string"}}],"inLanguage":"en-GB"},{"@type":"Organization","@id":"https:\/\/archiv.siov.sk\/#organization","name":"\u0160IOV - \u0161t\u00e1tny in\u0161tit\u00fat odborn\u00e9ho vzdel\u00e1vania","url":"https:\/\/archiv.siov.sk\/","logo":{"@type":"ImageObject","inLanguage":"en-GB","@id":"https:\/\/archiv.siov.sk\/#\/schema\/logo\/image\/","url":"https:\/\/archiv.siov.sk\/wp-content\/uploads\/2024\/02\/logo-SIOV.png","contentUrl":"https:\/\/archiv.siov.sk\/wp-content\/uploads\/2024\/02\/logo-SIOV.png","width":431,"height":143,"caption":"\u0160IOV - \u0161t\u00e1tny in\u0161tit\u00fat odborn\u00e9ho vzdel\u00e1vania"},"image":{"@id":"https:\/\/archiv.siov.sk\/#\/schema\/logo\/image\/"},"sameAs":["https:\/\/www.facebook.com\/Statnyinstitutodbornehovzdelavania"]},{"@type":"Person","@id":"https:\/\/archiv.siov.sk\/#\/schema\/person\/e42d633fbd958c6a726e8834d8965e6c","name":"Katar\u00edna Kov\u00e1\u010dov\u00e1","url":"https:\/\/archiv.siov.sk\/en\/author\/katkakovacova\/"}]}},"_links":{"self":[{"href":"https:\/\/archiv.siov.sk\/en\/wp-json\/wp\/v2\/posts\/3785","targetHints":{"allow":["GET"]}}],"collection":[{"href":"https:\/\/archiv.siov.sk\/en\/wp-json\/wp\/v2\/posts"}],"about":[{"href":"https:\/\/archiv.siov.sk\/en\/wp-json\/wp\/v2\/types\/post"}],"author":[{"embeddable":true,"href":"https:\/\/archiv.siov.sk\/en\/wp-json\/wp\/v2\/users\/6"}],"replies":[{"embeddable":true,"href":"https:\/\/archiv.siov.sk\/en\/wp-json\/wp\/v2\/comments?post=3785"}],"version-history":[{"count":4,"href":"https:\/\/archiv.siov.sk\/en\/wp-json\/wp\/v2\/posts\/3785\/revisions"}],"predecessor-version":[{"id":3792,"href":"https:\/\/archiv.siov.sk\/en\/wp-json\/wp\/v2\/posts\/3785\/revisions\/3792"}],"wp:featuredmedia":[{"embeddable":true,"href":"https:\/\/archiv.siov.sk\/en\/wp-json\/wp\/v2\/media\/3787"}],"wp:attachment":[{"href":"https:\/\/archiv.siov.sk\/en\/wp-json\/wp\/v2\/media?parent=3785"}],"wp:term":[{"taxonomy":"category","embeddable":true,"href":"https:\/\/archiv.siov.sk\/en\/wp-json\/wp\/v2\/categories?post=3785"},{"taxonomy":"post_tag","embeddable":true,"href":"https:\/\/archiv.siov.sk\/en\/wp-json\/wp\/v2\/tags?post=3785"}],"curies":[{"name":"wp","href":"https:\/\/api.w.org\/{rel}","templated":true}]}}