{"id":3749,"date":"2019-04-30T15:22:40","date_gmt":"2019-04-30T13:22:40","guid":{"rendered":"http:\/\/archiv.siov.sk\/?p=3749"},"modified":"2019-07-18T17:43:03","modified_gmt":"2019-07-18T15:43:03","slug":"4-zaujimavosti-ktore-ste-mozno-nevedeli-o-europskom-tyzdni-odbornych-zrucnosti","status":"publish","type":"post","link":"https:\/\/archiv.siov.sk\/en\/4-zaujimavosti-ktore-ste-mozno-nevedeli-o-europskom-tyzdni-odbornych-zrucnosti\/","title":{"rendered":"4 zauj\u00edmavosti, ktor\u00e9 ste (mo\u017eno) nevedeli o Eur\u00f3pskom t\u00fd\u017edni odborn\u00fdch zru\u010dnost\u00ed"},"content":{"rendered":"<p><strong>1, <\/strong><strong>\u010co je Eur\u00f3psky t\u00fd\u017ede\u0148 odborn\u00fdch zru\u010dnost\u00ed?<\/strong><\/p>\n<p>Prv\u00fdkr\u00e1t ho vyhl\u00e1sila Eur\u00f3pska komisia v roku 2016. Z\u00e1merom je zv\u00fd\u0161i\u0165 kvalitu a atrakt\u00edvnos\u0165 odborn\u00e9ho vzdel\u00e1vania a pr\u00edpravy (OVP) a podpori\u0165 kvalitn\u00e9 zru\u010dnosti aj pracovn\u00e9 miesta. Patria k nemu podujatia v z\u00fa\u010dastnen\u00fdch krajin\u00e1ch v celej Eur\u00f3pe, ktor\u00e9 sa organizuj\u00fa na miestnej, region\u00e1lnej, n\u00e1rodnej alebo eur\u00f3pskej \u00farovni.<\/p>\n<p><strong>2, <\/strong><strong>Kedy <\/strong><strong>bude tento rok<\/strong><strong>?<\/strong><\/p>\n<p>\u0160tvrt\u00fd ro\u010dn\u00edk Eur\u00f3pskeho t\u00fd\u017ed\u0148a odborn\u00fdch zru\u010dnost\u00ed bude <strong>14. \u2013 18. okt\u00f3bra 2019.<\/strong><\/p>\n<p><strong>3, <\/strong><strong>Kto sa m\u00f4\u017ee zapoji\u0165?<\/strong><\/p>\n<p>Iniciat\u00edva je otvoren\u00e1 pre v\u0161etky organiz\u00e1cie, ktor\u00e9 podporuj\u00fa odborn\u00e9 vzdel\u00e1vanie a pr\u00edpravu v ktoromko\u013evek \u010dlenskom \u0161t\u00e1te Eur\u00f3pskej \u00fanie, kandid\u00e1tskych krajin\u00e1ch E\u00da a krajin\u00e1ch Eur\u00f3pskeho zdru\u017eenia vo\u013en\u00e9ho obchodu. M\u00f4\u017eu to by\u0165 napr\u00edklad poskytovatelia OVP, vzdel\u00e1vacie organiz\u00e1cie pre ml\u00e1de\u017e a dospel\u00fdch, podniky, ve\u013ek\u00e9 spolo\u010dnosti, rodi\u010dovsk\u00e9 zdru\u017eenia, miestne, region\u00e1lne a n\u00e1rodn\u00e9 org\u00e1ny, obchodn\u00e9 komory, profesijn\u00e9 zv\u00e4zy at\u010f.<\/p>\n<p><strong>4, <\/strong><strong>Ako sa zapoji\u0165?<\/strong><\/p>\n<p>Aktivity&nbsp; pre iniciat\u00edvu Eur\u00f3psky t\u00fd\u017ede\u0148 odborn\u00fdch zru\u010dnost\u00ed 2019 sa registruj\u00fa na <a href=\"https:\/\/ec.europa.eu\/social\/vocational-skills-week\/european-vocational-skills-week-2017_en\">https:\/\/ec.europa.eu\/social\/vocational-skills-week\/european-vocational-skills-week-2017_en<\/a>, kde je z\u00e1rove\u0148 v\u0161etko o cie\u013eoch iniciat\u00edvy, kto a ako sa m\u00f4\u017ee do nej zapoji\u0165. T\u00ed, ktor\u00ed organizuj\u00fa podujatia venovan\u00e9 Eur\u00f3pskemu t\u00fd\u017ed\u0148u odborn\u00fdch zru\u010dnost\u00ed, m\u00f4\u017eu inform\u00e1cie o nich vlo\u017ei\u0165 priamo na eur\u00f3psku str\u00e1nku iniciat\u00edvy. T\u00fdm sa vytvor\u00ed jedine\u010dn\u00e1 datab\u00e1za podujat\u00ed organizovan\u00fdch vo v\u0161etk\u00fdch zapojen\u00fdch krajin\u00e1ch.<\/p>\n<p>&nbsp;<\/p>\n<p>Videopozv\u00e1nku na Eur\u00f3psky t\u00fd\u017ede\u0148 odborn\u00fdch zru\u010dnost\u00ed 2019 n\u00e1jdete na:<\/p>\n<p><a href=\"https:\/\/audiovisual.ec.europa.eu\/en\/video\/I-170775\">https:\/\/audiovisual.ec.europa.eu\/en\/video\/I-170775<\/a><\/p>\n<hr>\n<p><strong>Ambas\u00e1dorkou Slovenska pre Eur\u00f3psky t\u00fd\u017ede\u0148 odborn\u00fdch zru\u010dnost\u00ed je odborn\u00e1 pedagogi\u010dka z Ko\u0161ick\u00e9ho kraja.<\/strong><\/p>\n<p>No\u00e9mi R\u00e1czov\u00e1 z\u00edskala tento titul ako druh\u00fd z\u00e1stupca Slovenskej republiky.<\/p>\n<p>\u201eKa\u017ed\u00fd \u010dlovek, bez oh\u013eadu na vek a z\u00e1zemie, m\u00e1 nadanie. Odborn\u00e9 vzdel\u00e1vanie a pr\u00edprava umo\u017e\u0148uj\u00fa z\u00edska\u0165 a zlep\u0161i\u0165 si praktick\u00e9 zru\u010dnosti, vedomosti a kompetencie, potrebn\u00e9 k \u00faspe\u0161n\u00e9mu uplatnenie na trhu pr\u00e1ce a v spolo\u010dnosti. Nikdy nie je neskoro za\u010da\u0165, je to \u0161anca nie len pre mlad\u00fdch ale aj pre dospel\u00fdch, zvy\u0161uje ich \u0161ance na zamestnanie, zlep\u0161uje osobn\u00fd rozvoj a za\u010dlenenie sa do spolo\u010dnosti,\u201c uviedla No\u00e9mi R\u00e1czov\u00e1.<\/p>\n<p>No\u00e9mi R\u00e1czov\u00e1 je u\u010dite\u013ekou odborn\u00fdch predmetov a ved\u00facou odboru Digit\u00e1lna ma\u013eba \u2013 koncept art na \u0160kole \u00fa\u017eitkov\u00e9ho v\u00fdtvarn\u00edctva, Jakobyho 15, Ko\u0161ice. V roku 2018 bola finalistkou s\u00fa\u0165a\u017ee U\u010dite\u013e Slovenska, kde z\u00edskala Cenu verejnosti. Okrem toho je v\u00fdtvarn\u00ed\u010dka a ilustr\u00e1torka, finalistka ceny V\u00fdnimo\u010dn\u00fd u\u010dite\u013e E\u00da za rok 2018 a inici\u00e1torka s\u00fa\u0165a\u017ee Grafick\u00fd duel pre \u017eiakov stredn\u00fdch \u0161k\u00f4l.<\/p>","protected":false},"excerpt":{"rendered":"<p>1, \u010co je Eur\u00f3psky t\u00fd\u017ede\u0148 odborn\u00fdch zru\u010dnost\u00ed? Prv\u00fdkr\u00e1t ho vyhl\u00e1sila Eur\u00f3pska komisia v roku 2016. Z\u00e1merom je zv\u00fd\u0161i\u0165 kvalitu a atrakt\u00edvnos\u0165 odborn\u00e9ho vzdel\u00e1vania a pr\u00edpravy (OVP) a podpori\u0165 kvalitn\u00e9 zru\u010dnosti aj pracovn\u00e9 miesta. Patria k nemu podujatia v z\u00fa\u010dastnen\u00fdch krajin\u00e1ch v celej Eur\u00f3pe, ktor\u00e9 sa organizuj\u00fa na miestnej, region\u00e1lnej, n\u00e1rodnej alebo eur\u00f3pskej \u00farovni. 2, Kedy [&hellip;]<\/p>\n","protected":false},"author":6,"featured_media":2440,"comment_status":"closed","ping_status":"closed","sticky":false,"template":"","format":"standard","meta":{"site-sidebar-layout":"default","site-content-layout":"","ast-site-content-layout":"default","site-content-style":"default","site-sidebar-style":"default","ast-global-header-display":"","ast-banner-title-visibility":"","ast-main-header-display":"","ast-hfb-above-header-display":"","ast-hfb-below-header-display":"","ast-hfb-mobile-header-display":"","site-post-title":"","ast-breadcrumbs-content":"","ast-featured-img":"","footer-sml-layout":"","ast-disable-related-posts":"","theme-transparent-header-meta":"","adv-header-id-meta":"","stick-header-meta":"","header-above-stick-meta":"","header-main-stick-meta":"","header-below-stick-meta":"","astra-migrate-meta-layouts":"default","ast-page-background-enabled":"default","ast-page-background-meta":{"desktop":{"background-color":"var(--ast-global-color-4)","background-image":"","background-repeat":"repeat","background-position":"center center","background-size":"auto","background-attachment":"scroll","background-type":"","background-media":"","overlay-type":"","overlay-color":"","overlay-opacity":"","overlay-gradient":""},"tablet":{"background-color":"","background-image":"","background-repeat":"repeat","background-position":"center center","background-size":"auto","background-attachment":"scroll","background-type":"","background-media":"","overlay-type":"","overlay-color":"","overlay-opacity":"","overlay-gradient":""},"mobile":{"background-color":"","background-image":"","background-repeat":"repeat","background-position":"center center","background-size":"auto","background-attachment":"scroll","background-type":"","background-media":"","overlay-type":"","overlay-color":"","overlay-opacity":"","overlay-gradient":""}},"ast-content-background-meta":{"desktop":{"background-color":"var(--ast-global-color-5)","background-image":"","background-repeat":"repeat","background-position":"center center","background-size":"auto","background-attachment":"scroll","background-type":"","background-media":"","overlay-type":"","overlay-color":"","overlay-opacity":"","overlay-gradient":""},"tablet":{"background-color":"var(--ast-global-color-5)","background-image":"","background-repeat":"repeat","background-position":"center center","background-size":"auto","background-attachment":"scroll","background-type":"","background-media":"","overlay-type":"","overlay-color":"","overlay-opacity":"","overlay-gradient":""},"mobile":{"background-color":"var(--ast-global-color-5)","background-image":"","background-repeat":"repeat","background-position":"center center","background-size":"auto","background-attachment":"scroll","background-type":"","background-media":"","overlay-type":"","overlay-color":"","overlay-opacity":"","overlay-gradient":""}},"footnotes":""},"categories":[1],"tags":[],"class_list":["post-3749","post","type-post","status-publish","format-standard","has-post-thumbnail","hentry","category-aktuality"],"yoast_head":"<!-- This site is optimized with the Yoast SEO plugin v27.5 - https:\/\/yoast.com\/product\/yoast-seo-wordpress\/ -->\n<title>4 zauj\u00edmavosti, ktor\u00e9 ste (mo\u017eno) nevedeli o Eur\u00f3pskom t\u00fd\u017edni odborn\u00fdch zru\u010dnost\u00ed - \u0160IOV - \u0161t\u00e1tny in\u0161tit\u00fat odborn\u00e9ho vzdel\u00e1vania<\/title>\n<meta name=\"description\" content=\"1, \u010co je Eur\u00f3psky t\u00fd\u017ede\u0148 odborn\u00fdch zru\u010dnost\u00ed?Prv\u00fdkr\u00e1t ho vyhl\u00e1sila Eur\u00f3pska komisia v roku 2016. Z\u00e1merom je zv\u00fd\u0161i\u0165 kvalitu a atrakt\u00edvnos\u0165 odborn\u00e9ho vzdel\u00e1vania a pr\u00edpravy (OVP) a podpori\u0165 kvalitn\u00e9 zru\u010dnosti aj pracovn\u00e9 miesta. Patria k nemu podujatia v z\u00fa\u010dastnen\u00fdch krajin\u00e1ch v celej Eur\u00f3pe, ktor\u00e9 sa organizuj\u00fa na miestnej, region\u00e1lnej, n\u00e1rodnej alebo eur\u00f3pskej \u00farovni.\" \/>\n<meta name=\"robots\" content=\"index, follow, max-snippet:-1, max-image-preview:large, max-video-preview:-1\" \/>\n<link rel=\"canonical\" href=\"https:\/\/archiv.siov.sk\/en\/4-zaujimavosti-ktore-ste-mozno-nevedeli-o-europskom-tyzdni-odbornych-zrucnosti\/\" \/>\n<meta property=\"og:locale\" content=\"en_GB\" \/>\n<meta property=\"og:type\" content=\"article\" \/>\n<meta property=\"og:title\" content=\"4 zauj\u00edmavosti, ktor\u00e9 ste (mo\u017eno) nevedeli o Eur\u00f3pskom t\u00fd\u017edni odborn\u00fdch zru\u010dnost\u00ed - \u0160IOV - \u0161t\u00e1tny in\u0161tit\u00fat odborn\u00e9ho vzdel\u00e1vania\" \/>\n<meta property=\"og:description\" content=\"1, \u010co je Eur\u00f3psky t\u00fd\u017ede\u0148 odborn\u00fdch zru\u010dnost\u00ed?Prv\u00fdkr\u00e1t ho vyhl\u00e1sila Eur\u00f3pska komisia v roku 2016. Z\u00e1merom je zv\u00fd\u0161i\u0165 kvalitu a atrakt\u00edvnos\u0165 odborn\u00e9ho vzdel\u00e1vania a pr\u00edpravy (OVP) a podpori\u0165 kvalitn\u00e9 zru\u010dnosti aj pracovn\u00e9 miesta. Patria k nemu podujatia v z\u00fa\u010dastnen\u00fdch krajin\u00e1ch v celej Eur\u00f3pe, ktor\u00e9 sa organizuj\u00fa na miestnej, region\u00e1lnej, n\u00e1rodnej alebo eur\u00f3pskej \u00farovni.\" \/>\n<meta property=\"og:url\" content=\"https:\/\/archiv.siov.sk\/en\/4-zaujimavosti-ktore-ste-mozno-nevedeli-o-europskom-tyzdni-odbornych-zrucnosti\/\" \/>\n<meta property=\"og:site_name\" content=\"\u0160IOV - \u0161t\u00e1tny in\u0161tit\u00fat odborn\u00e9ho vzdel\u00e1vania\" \/>\n<meta property=\"article:publisher\" content=\"https:\/\/www.facebook.com\/Statnyinstitutodbornehovzdelavania\" \/>\n<meta property=\"article:published_time\" content=\"2019-04-30T13:22:40+00:00\" \/>\n<meta property=\"article:modified_time\" content=\"2019-07-18T15:43:03+00:00\" \/>\n<meta property=\"og:image\" content=\"https:\/\/archiv.siov.sk\/wp-content\/uploads\/2019\/02\/top_discover-e1556630615332.jpg\" \/>\n\t<meta property=\"og:image:width\" content=\"700\" \/>\n\t<meta property=\"og:image:height\" content=\"283\" \/>\n\t<meta property=\"og:image:type\" content=\"image\/jpeg\" \/>\n<meta name=\"author\" content=\"Katar\u00edna Kov\u00e1\u010dov\u00e1\" \/>\n<meta name=\"twitter:card\" content=\"summary_large_image\" \/>\n<meta name=\"twitter:label1\" content=\"Written by\" \/>\n\t<meta name=\"twitter:data1\" content=\"Katar\u00edna Kov\u00e1\u010dov\u00e1\" \/>\n\t<meta name=\"twitter:label2\" content=\"Estimated reading time\" \/>\n\t<meta name=\"twitter:data2\" content=\"3 minutes\" \/>\n<script type=\"application\/ld+json\" class=\"yoast-schema-graph\">{\"@context\":\"https:\\\/\\\/schema.org\",\"@graph\":[{\"@type\":\"Article\",\"@id\":\"https:\\\/\\\/archiv.siov.sk\\\/4-zaujimavosti-ktore-ste-mozno-nevedeli-o-europskom-tyzdni-odbornych-zrucnosti\\\/#article\",\"isPartOf\":{\"@id\":\"https:\\\/\\\/archiv.siov.sk\\\/4-zaujimavosti-ktore-ste-mozno-nevedeli-o-europskom-tyzdni-odbornych-zrucnosti\\\/\"},\"author\":{\"name\":\"Katar\u00edna Kov\u00e1\u010dov\u00e1\",\"@id\":\"https:\\\/\\\/archiv.siov.sk\\\/#\\\/schema\\\/person\\\/e42d633fbd958c6a726e8834d8965e6c\"},\"headline\":\"4 zauj\u00edmavosti, ktor\u00e9 ste (mo\u017eno) nevedeli o Eur\u00f3pskom t\u00fd\u017edni odborn\u00fdch zru\u010dnost\u00ed\",\"datePublished\":\"2019-04-30T13:22:40+00:00\",\"dateModified\":\"2019-07-18T15:43:03+00:00\",\"mainEntityOfPage\":{\"@id\":\"https:\\\/\\\/archiv.siov.sk\\\/4-zaujimavosti-ktore-ste-mozno-nevedeli-o-europskom-tyzdni-odbornych-zrucnosti\\\/\"},\"wordCount\":518,\"publisher\":{\"@id\":\"https:\\\/\\\/archiv.siov.sk\\\/#organization\"},\"image\":{\"@id\":\"https:\\\/\\\/archiv.siov.sk\\\/4-zaujimavosti-ktore-ste-mozno-nevedeli-o-europskom-tyzdni-odbornych-zrucnosti\\\/#primaryimage\"},\"thumbnailUrl\":\"https:\\\/\\\/archiv.siov.sk\\\/wp-content\\\/uploads\\\/2019\\\/02\\\/top_discover-e1556630615332.jpg\",\"articleSection\":[\"Aktuality\"],\"inLanguage\":\"en-GB\"},{\"@type\":\"WebPage\",\"@id\":\"https:\\\/\\\/archiv.siov.sk\\\/4-zaujimavosti-ktore-ste-mozno-nevedeli-o-europskom-tyzdni-odbornych-zrucnosti\\\/\",\"url\":\"https:\\\/\\\/archiv.siov.sk\\\/4-zaujimavosti-ktore-ste-mozno-nevedeli-o-europskom-tyzdni-odbornych-zrucnosti\\\/\",\"name\":\"4 zauj\u00edmavosti, ktor\u00e9 ste (mo\u017eno) nevedeli o Eur\u00f3pskom t\u00fd\u017edni odborn\u00fdch zru\u010dnost\u00ed - \u0160IOV - \u0161t\u00e1tny in\u0161tit\u00fat odborn\u00e9ho vzdel\u00e1vania\",\"isPartOf\":{\"@id\":\"https:\\\/\\\/archiv.siov.sk\\\/#website\"},\"primaryImageOfPage\":{\"@id\":\"https:\\\/\\\/archiv.siov.sk\\\/4-zaujimavosti-ktore-ste-mozno-nevedeli-o-europskom-tyzdni-odbornych-zrucnosti\\\/#primaryimage\"},\"image\":{\"@id\":\"https:\\\/\\\/archiv.siov.sk\\\/4-zaujimavosti-ktore-ste-mozno-nevedeli-o-europskom-tyzdni-odbornych-zrucnosti\\\/#primaryimage\"},\"thumbnailUrl\":\"https:\\\/\\\/archiv.siov.sk\\\/wp-content\\\/uploads\\\/2019\\\/02\\\/top_discover-e1556630615332.jpg\",\"datePublished\":\"2019-04-30T13:22:40+00:00\",\"dateModified\":\"2019-07-18T15:43:03+00:00\",\"description\":\"1, \u010co je Eur\u00f3psky t\u00fd\u017ede\u0148 odborn\u00fdch zru\u010dnost\u00ed?Prv\u00fdkr\u00e1t ho vyhl\u00e1sila Eur\u00f3pska komisia v roku 2016. Z\u00e1merom je zv\u00fd\u0161i\u0165 kvalitu a atrakt\u00edvnos\u0165 odborn\u00e9ho vzdel\u00e1vania a pr\u00edpravy (OVP) a podpori\u0165 kvalitn\u00e9 zru\u010dnosti aj pracovn\u00e9 miesta. Patria k nemu podujatia v z\u00fa\u010dastnen\u00fdch krajin\u00e1ch v celej Eur\u00f3pe, ktor\u00e9 sa organizuj\u00fa na miestnej, region\u00e1lnej, n\u00e1rodnej alebo eur\u00f3pskej \u00farovni.\",\"breadcrumb\":{\"@id\":\"https:\\\/\\\/archiv.siov.sk\\\/4-zaujimavosti-ktore-ste-mozno-nevedeli-o-europskom-tyzdni-odbornych-zrucnosti\\\/#breadcrumb\"},\"inLanguage\":\"en-GB\",\"potentialAction\":[{\"@type\":\"ReadAction\",\"target\":[\"https:\\\/\\\/archiv.siov.sk\\\/4-zaujimavosti-ktore-ste-mozno-nevedeli-o-europskom-tyzdni-odbornych-zrucnosti\\\/\"]}]},{\"@type\":\"ImageObject\",\"inLanguage\":\"en-GB\",\"@id\":\"https:\\\/\\\/archiv.siov.sk\\\/4-zaujimavosti-ktore-ste-mozno-nevedeli-o-europskom-tyzdni-odbornych-zrucnosti\\\/#primaryimage\",\"url\":\"https:\\\/\\\/archiv.siov.sk\\\/wp-content\\\/uploads\\\/2019\\\/02\\\/top_discover-e1556630615332.jpg\",\"contentUrl\":\"https:\\\/\\\/archiv.siov.sk\\\/wp-content\\\/uploads\\\/2019\\\/02\\\/top_discover-e1556630615332.jpg\",\"width\":700,\"height\":283,\"caption\":\"Za\u010dal sa Eur\u00f3psky t\u00fd\u017ede\u0148 odborn\u00fdch zru\u010dnost\u00ed 2018\"},{\"@type\":\"BreadcrumbList\",\"@id\":\"https:\\\/\\\/archiv.siov.sk\\\/4-zaujimavosti-ktore-ste-mozno-nevedeli-o-europskom-tyzdni-odbornych-zrucnosti\\\/#breadcrumb\",\"itemListElement\":[{\"@type\":\"ListItem\",\"position\":1,\"name\":\"Home\",\"item\":\"https:\\\/\\\/archiv.siov.sk\\\/\"},{\"@type\":\"ListItem\",\"position\":2,\"name\":\"4 zauj\u00edmavosti, ktor\u00e9 ste (mo\u017eno) nevedeli o Eur\u00f3pskom t\u00fd\u017edni odborn\u00fdch zru\u010dnost\u00ed\"}]},{\"@type\":\"WebSite\",\"@id\":\"https:\\\/\\\/archiv.siov.sk\\\/#website\",\"url\":\"https:\\\/\\\/archiv.siov.sk\\\/\",\"name\":\"\u0160IOV - \u0161t\u00e1tny in\u0161tit\u00fat odborn\u00e9ho vzdel\u00e1vania\",\"description\":\"\",\"publisher\":{\"@id\":\"https:\\\/\\\/archiv.siov.sk\\\/#organization\"},\"potentialAction\":[{\"@type\":\"SearchAction\",\"target\":{\"@type\":\"EntryPoint\",\"urlTemplate\":\"https:\\\/\\\/archiv.siov.sk\\\/?s={search_term_string}\"},\"query-input\":{\"@type\":\"PropertyValueSpecification\",\"valueRequired\":true,\"valueName\":\"search_term_string\"}}],\"inLanguage\":\"en-GB\"},{\"@type\":\"Organization\",\"@id\":\"https:\\\/\\\/archiv.siov.sk\\\/#organization\",\"name\":\"\u0160IOV - \u0161t\u00e1tny in\u0161tit\u00fat odborn\u00e9ho vzdel\u00e1vania\",\"url\":\"https:\\\/\\\/archiv.siov.sk\\\/\",\"logo\":{\"@type\":\"ImageObject\",\"inLanguage\":\"en-GB\",\"@id\":\"https:\\\/\\\/archiv.siov.sk\\\/#\\\/schema\\\/logo\\\/image\\\/\",\"url\":\"https:\\\/\\\/archiv.siov.sk\\\/wp-content\\\/uploads\\\/2024\\\/02\\\/logo-SIOV.png\",\"contentUrl\":\"https:\\\/\\\/archiv.siov.sk\\\/wp-content\\\/uploads\\\/2024\\\/02\\\/logo-SIOV.png\",\"width\":431,\"height\":143,\"caption\":\"\u0160IOV - \u0161t\u00e1tny in\u0161tit\u00fat odborn\u00e9ho vzdel\u00e1vania\"},\"image\":{\"@id\":\"https:\\\/\\\/archiv.siov.sk\\\/#\\\/schema\\\/logo\\\/image\\\/\"},\"sameAs\":[\"https:\\\/\\\/www.facebook.com\\\/Statnyinstitutodbornehovzdelavania\"]},{\"@type\":\"Person\",\"@id\":\"https:\\\/\\\/archiv.siov.sk\\\/#\\\/schema\\\/person\\\/e42d633fbd958c6a726e8834d8965e6c\",\"name\":\"Katar\u00edna Kov\u00e1\u010dov\u00e1\",\"url\":\"https:\\\/\\\/archiv.siov.sk\\\/en\\\/author\\\/katkakovacova\\\/\"}]}<\/script>\n<!-- \/ Yoast SEO plugin. -->","yoast_head_json":{"title":"4 zauj\u00edmavosti, ktor\u00e9 ste (mo\u017eno) nevedeli o Eur\u00f3pskom t\u00fd\u017edni odborn\u00fdch zru\u010dnost\u00ed - \u0160IOV - \u0161t\u00e1tny in\u0161tit\u00fat odborn\u00e9ho vzdel\u00e1vania","description":"1, \u010co je Eur\u00f3psky t\u00fd\u017ede\u0148 odborn\u00fdch zru\u010dnost\u00ed?Prv\u00fdkr\u00e1t ho vyhl\u00e1sila Eur\u00f3pska komisia v roku 2016. Z\u00e1merom je zv\u00fd\u0161i\u0165 kvalitu a atrakt\u00edvnos\u0165 odborn\u00e9ho vzdel\u00e1vania a pr\u00edpravy (OVP) a podpori\u0165 kvalitn\u00e9 zru\u010dnosti aj pracovn\u00e9 miesta. Patria k nemu podujatia v z\u00fa\u010dastnen\u00fdch krajin\u00e1ch v celej Eur\u00f3pe, ktor\u00e9 sa organizuj\u00fa na miestnej, region\u00e1lnej, n\u00e1rodnej alebo eur\u00f3pskej \u00farovni.","robots":{"index":"index","follow":"follow","max-snippet":"max-snippet:-1","max-image-preview":"max-image-preview:large","max-video-preview":"max-video-preview:-1"},"canonical":"https:\/\/archiv.siov.sk\/en\/4-zaujimavosti-ktore-ste-mozno-nevedeli-o-europskom-tyzdni-odbornych-zrucnosti\/","og_locale":"en_GB","og_type":"article","og_title":"4 zauj\u00edmavosti, ktor\u00e9 ste (mo\u017eno) nevedeli o Eur\u00f3pskom t\u00fd\u017edni odborn\u00fdch zru\u010dnost\u00ed - \u0160IOV - \u0161t\u00e1tny in\u0161tit\u00fat odborn\u00e9ho vzdel\u00e1vania","og_description":"1, \u010co je Eur\u00f3psky t\u00fd\u017ede\u0148 odborn\u00fdch zru\u010dnost\u00ed?Prv\u00fdkr\u00e1t ho vyhl\u00e1sila Eur\u00f3pska komisia v roku 2016. Z\u00e1merom je zv\u00fd\u0161i\u0165 kvalitu a atrakt\u00edvnos\u0165 odborn\u00e9ho vzdel\u00e1vania a pr\u00edpravy (OVP) a podpori\u0165 kvalitn\u00e9 zru\u010dnosti aj pracovn\u00e9 miesta. Patria k nemu podujatia v z\u00fa\u010dastnen\u00fdch krajin\u00e1ch v celej Eur\u00f3pe, ktor\u00e9 sa organizuj\u00fa na miestnej, region\u00e1lnej, n\u00e1rodnej alebo eur\u00f3pskej \u00farovni.","og_url":"https:\/\/archiv.siov.sk\/en\/4-zaujimavosti-ktore-ste-mozno-nevedeli-o-europskom-tyzdni-odbornych-zrucnosti\/","og_site_name":"\u0160IOV - \u0161t\u00e1tny in\u0161tit\u00fat odborn\u00e9ho vzdel\u00e1vania","article_publisher":"https:\/\/www.facebook.com\/Statnyinstitutodbornehovzdelavania","article_published_time":"2019-04-30T13:22:40+00:00","article_modified_time":"2019-07-18T15:43:03+00:00","og_image":[{"width":700,"height":283,"url":"https:\/\/archiv.siov.sk\/wp-content\/uploads\/2019\/02\/top_discover-e1556630615332.jpg","type":"image\/jpeg"}],"author":"Katar\u00edna Kov\u00e1\u010dov\u00e1","twitter_card":"summary_large_image","twitter_misc":{"Written by":"Katar\u00edna Kov\u00e1\u010dov\u00e1","Estimated reading time":"3 minutes"},"schema":{"@context":"https:\/\/schema.org","@graph":[{"@type":"Article","@id":"https:\/\/archiv.siov.sk\/4-zaujimavosti-ktore-ste-mozno-nevedeli-o-europskom-tyzdni-odbornych-zrucnosti\/#article","isPartOf":{"@id":"https:\/\/archiv.siov.sk\/4-zaujimavosti-ktore-ste-mozno-nevedeli-o-europskom-tyzdni-odbornych-zrucnosti\/"},"author":{"name":"Katar\u00edna Kov\u00e1\u010dov\u00e1","@id":"https:\/\/archiv.siov.sk\/#\/schema\/person\/e42d633fbd958c6a726e8834d8965e6c"},"headline":"4 zauj\u00edmavosti, ktor\u00e9 ste (mo\u017eno) nevedeli o Eur\u00f3pskom t\u00fd\u017edni odborn\u00fdch zru\u010dnost\u00ed","datePublished":"2019-04-30T13:22:40+00:00","dateModified":"2019-07-18T15:43:03+00:00","mainEntityOfPage":{"@id":"https:\/\/archiv.siov.sk\/4-zaujimavosti-ktore-ste-mozno-nevedeli-o-europskom-tyzdni-odbornych-zrucnosti\/"},"wordCount":518,"publisher":{"@id":"https:\/\/archiv.siov.sk\/#organization"},"image":{"@id":"https:\/\/archiv.siov.sk\/4-zaujimavosti-ktore-ste-mozno-nevedeli-o-europskom-tyzdni-odbornych-zrucnosti\/#primaryimage"},"thumbnailUrl":"https:\/\/archiv.siov.sk\/wp-content\/uploads\/2019\/02\/top_discover-e1556630615332.jpg","articleSection":["Aktuality"],"inLanguage":"en-GB"},{"@type":"WebPage","@id":"https:\/\/archiv.siov.sk\/4-zaujimavosti-ktore-ste-mozno-nevedeli-o-europskom-tyzdni-odbornych-zrucnosti\/","url":"https:\/\/archiv.siov.sk\/4-zaujimavosti-ktore-ste-mozno-nevedeli-o-europskom-tyzdni-odbornych-zrucnosti\/","name":"4 zauj\u00edmavosti, ktor\u00e9 ste (mo\u017eno) nevedeli o Eur\u00f3pskom t\u00fd\u017edni odborn\u00fdch zru\u010dnost\u00ed - \u0160IOV - \u0161t\u00e1tny in\u0161tit\u00fat odborn\u00e9ho vzdel\u00e1vania","isPartOf":{"@id":"https:\/\/archiv.siov.sk\/#website"},"primaryImageOfPage":{"@id":"https:\/\/archiv.siov.sk\/4-zaujimavosti-ktore-ste-mozno-nevedeli-o-europskom-tyzdni-odbornych-zrucnosti\/#primaryimage"},"image":{"@id":"https:\/\/archiv.siov.sk\/4-zaujimavosti-ktore-ste-mozno-nevedeli-o-europskom-tyzdni-odbornych-zrucnosti\/#primaryimage"},"thumbnailUrl":"https:\/\/archiv.siov.sk\/wp-content\/uploads\/2019\/02\/top_discover-e1556630615332.jpg","datePublished":"2019-04-30T13:22:40+00:00","dateModified":"2019-07-18T15:43:03+00:00","description":"1, \u010co je Eur\u00f3psky t\u00fd\u017ede\u0148 odborn\u00fdch zru\u010dnost\u00ed?Prv\u00fdkr\u00e1t ho vyhl\u00e1sila Eur\u00f3pska komisia v roku 2016. Z\u00e1merom je zv\u00fd\u0161i\u0165 kvalitu a atrakt\u00edvnos\u0165 odborn\u00e9ho vzdel\u00e1vania a pr\u00edpravy (OVP) a podpori\u0165 kvalitn\u00e9 zru\u010dnosti aj pracovn\u00e9 miesta. Patria k nemu podujatia v z\u00fa\u010dastnen\u00fdch krajin\u00e1ch v celej Eur\u00f3pe, ktor\u00e9 sa organizuj\u00fa na miestnej, region\u00e1lnej, n\u00e1rodnej alebo eur\u00f3pskej \u00farovni.","breadcrumb":{"@id":"https:\/\/archiv.siov.sk\/4-zaujimavosti-ktore-ste-mozno-nevedeli-o-europskom-tyzdni-odbornych-zrucnosti\/#breadcrumb"},"inLanguage":"en-GB","potentialAction":[{"@type":"ReadAction","target":["https:\/\/archiv.siov.sk\/4-zaujimavosti-ktore-ste-mozno-nevedeli-o-europskom-tyzdni-odbornych-zrucnosti\/"]}]},{"@type":"ImageObject","inLanguage":"en-GB","@id":"https:\/\/archiv.siov.sk\/4-zaujimavosti-ktore-ste-mozno-nevedeli-o-europskom-tyzdni-odbornych-zrucnosti\/#primaryimage","url":"https:\/\/archiv.siov.sk\/wp-content\/uploads\/2019\/02\/top_discover-e1556630615332.jpg","contentUrl":"https:\/\/archiv.siov.sk\/wp-content\/uploads\/2019\/02\/top_discover-e1556630615332.jpg","width":700,"height":283,"caption":"Za\u010dal sa Eur\u00f3psky t\u00fd\u017ede\u0148 odborn\u00fdch zru\u010dnost\u00ed 2018"},{"@type":"BreadcrumbList","@id":"https:\/\/archiv.siov.sk\/4-zaujimavosti-ktore-ste-mozno-nevedeli-o-europskom-tyzdni-odbornych-zrucnosti\/#breadcrumb","itemListElement":[{"@type":"ListItem","position":1,"name":"Home","item":"https:\/\/archiv.siov.sk\/"},{"@type":"ListItem","position":2,"name":"4 zauj\u00edmavosti, ktor\u00e9 ste (mo\u017eno) nevedeli o Eur\u00f3pskom t\u00fd\u017edni odborn\u00fdch zru\u010dnost\u00ed"}]},{"@type":"WebSite","@id":"https:\/\/archiv.siov.sk\/#website","url":"https:\/\/archiv.siov.sk\/","name":"\u0160IOV - \u0161t\u00e1tny in\u0161tit\u00fat odborn\u00e9ho vzdel\u00e1vania","description":"","publisher":{"@id":"https:\/\/archiv.siov.sk\/#organization"},"potentialAction":[{"@type":"SearchAction","target":{"@type":"EntryPoint","urlTemplate":"https:\/\/archiv.siov.sk\/?s={search_term_string}"},"query-input":{"@type":"PropertyValueSpecification","valueRequired":true,"valueName":"search_term_string"}}],"inLanguage":"en-GB"},{"@type":"Organization","@id":"https:\/\/archiv.siov.sk\/#organization","name":"\u0160IOV - \u0161t\u00e1tny in\u0161tit\u00fat odborn\u00e9ho vzdel\u00e1vania","url":"https:\/\/archiv.siov.sk\/","logo":{"@type":"ImageObject","inLanguage":"en-GB","@id":"https:\/\/archiv.siov.sk\/#\/schema\/logo\/image\/","url":"https:\/\/archiv.siov.sk\/wp-content\/uploads\/2024\/02\/logo-SIOV.png","contentUrl":"https:\/\/archiv.siov.sk\/wp-content\/uploads\/2024\/02\/logo-SIOV.png","width":431,"height":143,"caption":"\u0160IOV - \u0161t\u00e1tny in\u0161tit\u00fat odborn\u00e9ho vzdel\u00e1vania"},"image":{"@id":"https:\/\/archiv.siov.sk\/#\/schema\/logo\/image\/"},"sameAs":["https:\/\/www.facebook.com\/Statnyinstitutodbornehovzdelavania"]},{"@type":"Person","@id":"https:\/\/archiv.siov.sk\/#\/schema\/person\/e42d633fbd958c6a726e8834d8965e6c","name":"Katar\u00edna Kov\u00e1\u010dov\u00e1","url":"https:\/\/archiv.siov.sk\/en\/author\/katkakovacova\/"}]}},"_links":{"self":[{"href":"https:\/\/archiv.siov.sk\/en\/wp-json\/wp\/v2\/posts\/3749","targetHints":{"allow":["GET"]}}],"collection":[{"href":"https:\/\/archiv.siov.sk\/en\/wp-json\/wp\/v2\/posts"}],"about":[{"href":"https:\/\/archiv.siov.sk\/en\/wp-json\/wp\/v2\/types\/post"}],"author":[{"embeddable":true,"href":"https:\/\/archiv.siov.sk\/en\/wp-json\/wp\/v2\/users\/6"}],"replies":[{"embeddable":true,"href":"https:\/\/archiv.siov.sk\/en\/wp-json\/wp\/v2\/comments?post=3749"}],"version-history":[{"count":3,"href":"https:\/\/archiv.siov.sk\/en\/wp-json\/wp\/v2\/posts\/3749\/revisions"}],"predecessor-version":[{"id":4070,"href":"https:\/\/archiv.siov.sk\/en\/wp-json\/wp\/v2\/posts\/3749\/revisions\/4070"}],"wp:featuredmedia":[{"embeddable":true,"href":"https:\/\/archiv.siov.sk\/en\/wp-json\/wp\/v2\/media\/2440"}],"wp:attachment":[{"href":"https:\/\/archiv.siov.sk\/en\/wp-json\/wp\/v2\/media?parent=3749"}],"wp:term":[{"taxonomy":"category","embeddable":true,"href":"https:\/\/archiv.siov.sk\/en\/wp-json\/wp\/v2\/categories?post=3749"},{"taxonomy":"post_tag","embeddable":true,"href":"https:\/\/archiv.siov.sk\/en\/wp-json\/wp\/v2\/tags?post=3749"}],"curies":[{"name":"wp","href":"https:\/\/api.w.org\/{rel}","templated":true}]}}