{"id":3740,"date":"2019-04-29T14:39:16","date_gmt":"2019-04-29T12:39:16","guid":{"rendered":"http:\/\/archiv.siov.sk\/?p=3740"},"modified":"2019-04-29T14:44:54","modified_gmt":"2019-04-29T12:44:54","slug":"konferencia-o-zakladnych-zrucnostiach-s-medzinarodnou-ucastou","status":"publish","type":"post","link":"https:\/\/archiv.siov.sk\/en\/konferencia-o-zakladnych-zrucnostiach-s-medzinarodnou-ucastou\/","title":{"rendered":"Konferencia o z\u00e1kladn\u00fdch zru\u010dnostiach s medzin\u00e1rodnou \u00fa\u010das\u0165ou"},"content":{"rendered":"<p style=\"text-align: justify;\">Viac ako sedemdesiatim mili\u00f3nom Eur\u00f3panov ch\u00fdbaj\u00fa primeran\u00e9 z\u00e1kladn\u00e9 zru\u010dnosti, \u010d\u00edm \u010delia riziku nezamestnanosti, chudoby a&nbsp;soci\u00e1lneho vyl\u00fa\u010denia. Tejto aj pre Slovensko d\u00f4le\u017eitej t\u00e9me bola venovan\u00e1 otv\u00e1racia konferencia projektu <strong>BLUESS \u2013 Pl\u00e1n rozvoja z\u00e1kladn\u00fdch zru\u010dnost\u00ed v&nbsp;SR<\/strong>, ktor\u00fd realizuje odbor eur\u00f3pskych polit\u00edk \u0160t\u00e1tneho in\u0161tit\u00fatu odborn\u00e9ho vzdel\u00e1vania (\u0160IOV) s&nbsp;partnermi.<\/p>\n<p style=\"text-align: justify;\">Na podujat\u00ed, ktor\u00e9 \u0160t\u00e1tny in\u0161tit\u00fat odborn\u00e9ho vzdel\u00e1vania s&nbsp;odborom celo\u017eivotn\u00e9ho vzdel\u00e1vania Ministerstva \u0161kolstva, vedy, v\u00fdskumu a \u0161portu SR zorganizovali 25. apr\u00edla 2019 vyst\u00fapilo okrem z\u00e1stupcov oboch organiz\u00e1torov \u010di \u00dastredia pr\u00e1ce, soci\u00e1lnych vec\u00ed a&nbsp;rodiny aj mno\u017estvo zahrani\u010dn\u00fdch host\u00ed z&nbsp;partnersk\u00fdch organiz\u00e1ci\u00ed, medzi nimi tie\u017e Dana-Carmen Bachman z&nbsp;Eur\u00f3pskej komisie.<\/p>\n<p><img fetchpriority=\"high\" decoding=\"async\" class=\"alignnone size-medium wp-image-3741 aligncenter\" src=\"https:\/\/archiv.siov.sk\/wp-content\/uploads\/2019\/04\/58377667_642987782808785_5214229754932101120_n-300x225.jpg\" alt=\"\" width=\"300\" height=\"225\" srcset=\"https:\/\/archiv.siov.sk\/wp-content\/uploads\/2019\/04\/58377667_642987782808785_5214229754932101120_n-300x225.jpg 300w, https:\/\/archiv.siov.sk\/wp-content\/uploads\/2019\/04\/58377667_642987782808785_5214229754932101120_n-768x576.jpg 768w, https:\/\/archiv.siov.sk\/wp-content\/uploads\/2019\/04\/58377667_642987782808785_5214229754932101120_n-480x360.jpg 480w, https:\/\/archiv.siov.sk\/wp-content\/uploads\/2019\/04\/58377667_642987782808785_5214229754932101120_n.jpg 864w\" sizes=\"(max-width: 300px) 100vw, 300px\" \/><\/p>\n<p style=\"text-align: justify;\">\u201e Pok\u00fasili sme sa vybra\u0165 niektor\u00e9 ot\u00e1zky a oblasti, ktor\u00e9 s\u00fa jednak t\u00e9mou konferencie &nbsp;a&nbsp;z\u00e1rove\u0148 na ne budeme h\u013eada\u0165 odpovede po\u010das projektu. Prizvali sme v\u00e1s ako odborn\u00fa komunitu, preto\u017ee t\u00e1to t\u00e9ma potrebuje pozornos\u0165, ktorej sa jej na Slovensku zatia\u013e venuje m\u00e1lo,\u201c kon\u0161tatovala na za\u010diatku konferencie ved\u00faca odboru eur\u00f3pskych polit\u00edk \u0160IOV \u013dubica G\u00e1llov\u00e1.<\/p>\n<p><img decoding=\"async\" class=\"alignnone size-medium wp-image-3742 aligncenter\" src=\"https:\/\/archiv.siov.sk\/wp-content\/uploads\/2019\/04\/58579406_318591725498281_7081572004976918528_n-300x225.jpg\" alt=\"\" width=\"300\" height=\"225\" srcset=\"https:\/\/archiv.siov.sk\/wp-content\/uploads\/2019\/04\/58579406_318591725498281_7081572004976918528_n-300x225.jpg 300w, https:\/\/archiv.siov.sk\/wp-content\/uploads\/2019\/04\/58579406_318591725498281_7081572004976918528_n-480x360.jpg 480w, https:\/\/archiv.siov.sk\/wp-content\/uploads\/2019\/04\/58579406_318591725498281_7081572004976918528_n.jpg 648w\" sizes=\"(max-width: 300px) 100vw, 300px\" \/><\/p>\n<p style=\"text-align: justify;\">Na Slovensku je stav ve\u013emi podobn\u00fd ako v&nbsp;\u010fal\u0161\u00edch krajin\u00e1ch E\u00da. Napriek rast\u00facej ekonomike m\u00e1 na\u0161a krajina pribli\u017ene 170&nbsp;000 evidovan\u00fdch nezamestnan\u00fdch, z \u010doho takmer 60&nbsp;000 os\u00f4b predstavuj\u00fa osoby s&nbsp;najni\u017e\u0161ou \u00farov\u0148ou vzdelania. Pod\u013ea odhadov je podobn\u00fd po\u010det n\u00edzko kvalifikovan\u00fdch os\u00f4b mimo evidencie \u00faradov pr\u00e1ce.<\/p>\n<p style=\"text-align: justify;\">\u201eKonferencia je \u010fal\u0161\u00edm z&nbsp;krokov Slovenskej republiky pri realiz\u00e1cii odpor\u00fa\u010dania Rady Eur\u00f3pskej \u00fanie Cesty zvy\u0161ovania \u00farovne zru\u010dnost\u00ed, Nov\u00e9 pr\u00edle\u017eitosti pre dospel\u00fdch. Absencia z\u00e1kladn\u00fdch zru\u010dnost\u00ed je prek\u00e1\u017ekou kvalitn\u00e9ho \u017eivota osobn\u00e9ho, pracovn\u00e9ho i&nbsp;ob\u010dianskeho. Konferencia predstavuje ak\u00fdsi \u0161tart do problematiky rozvoja z\u00e1kladn\u00fdch zru\u010dnost\u00ed dospel\u00fdch u&nbsp;n\u00e1s a&nbsp;ja d\u00fafam, \u017ee sa jej podar\u00ed podpori\u0165 diskusiu odbornej komunity o&nbsp;t\u00fdchto ot\u00e1zkach,\u201c uviedla \u0161t\u00e1tna tajomn\u00ed\u010dka ministerstva \u0161kolstva, vedy, v\u00fdskumu a&nbsp;\u0161portu SR O\u013ega Nachtmannov\u00e1.<\/p>\n<p><img decoding=\"async\" class=\"alignnone size-medium wp-image-3744 aligncenter\" src=\"https:\/\/archiv.siov.sk\/wp-content\/uploads\/2019\/04\/58033091_2060106160724451_2232956572386983936_n-300x225.jpg\" alt=\"\" width=\"300\" height=\"225\" srcset=\"https:\/\/archiv.siov.sk\/wp-content\/uploads\/2019\/04\/58033091_2060106160724451_2232956572386983936_n-300x225.jpg 300w, https:\/\/archiv.siov.sk\/wp-content\/uploads\/2019\/04\/58033091_2060106160724451_2232956572386983936_n-768x576.jpg 768w, https:\/\/archiv.siov.sk\/wp-content\/uploads\/2019\/04\/58033091_2060106160724451_2232956572386983936_n-480x360.jpg 480w, https:\/\/archiv.siov.sk\/wp-content\/uploads\/2019\/04\/58033091_2060106160724451_2232956572386983936_n.jpg 864w\" sizes=\"(max-width: 300px) 100vw, 300px\" \/><\/p>\n<p>&nbsp;<\/p>\n<p style=\"text-align: justify;\">Projekt BLUESS sa bude realizova\u0165 v&nbsp;rokoch 2019-2020&nbsp; s&nbsp;viacer\u00fdmi zahrani\u010dn\u00fdmi partnermi, a&nbsp;to s&nbsp;Eur\u00f3pskou asoci\u00e1ciou vzdel\u00e1vania dospel\u00fdch (EAEA), \u00edrskou n\u00e1rodnou organiz\u00e1ciou pre vzdel\u00e1vanie dospel\u00fdch AONTAS a Eur\u00f3pskou sie\u0165ou pre z\u00e1kladn\u00e9 zru\u010dnosti (EBSN). Projekt m\u00e1 viacer\u00fdch n\u00e1rodn\u00fdch &nbsp;partnerov a&nbsp;to \u00dastredie pr\u00e1ce, soci\u00e1lnych vec\u00ed a&nbsp;rodiny SR, Asoci\u00e1ciu in\u0161tit\u00faci\u00ed vzdel\u00e1vania dospel\u00fdch (AIVD) a&nbsp;Zdru\u017eenie pre kari\u00e9rov\u00e9 poradenstvo a&nbsp;rozvoj kari\u00e9ry (ZKPRK).<\/p>\n<p>Aktuality o&nbsp;projekte m\u00f4\u017eete sledova\u0165 aj na facebookovej str\u00e1nke: <a href=\"https:\/\/www.facebook.com\/Bluessproject\/\">https:\/\/www.facebook.com\/Bluessproject\/<\/a><\/p>\n<p>&nbsp;<\/p>","protected":false},"excerpt":{"rendered":"<p>Viac ako sedemdesiatim mili\u00f3nom Eur\u00f3panov ch\u00fdbaj\u00fa primeran\u00e9 z\u00e1kladn\u00e9 zru\u010dnosti, \u010d\u00edm \u010delia riziku nezamestnanosti, chudoby a&nbsp;soci\u00e1lneho vyl\u00fa\u010denia. Tejto aj pre Slovensko d\u00f4le\u017eitej t\u00e9me bola venovan\u00e1 otv\u00e1racia konferencia projektu BLUESS \u2013 Pl\u00e1n rozvoja z\u00e1kladn\u00fdch zru\u010dnost\u00ed v&nbsp;SR, ktor\u00fd realizuje odbor eur\u00f3pskych polit\u00edk \u0160t\u00e1tneho in\u0161tit\u00fatu odborn\u00e9ho vzdel\u00e1vania (\u0160IOV) s&nbsp;partnermi. Na podujat\u00ed, ktor\u00e9 \u0160t\u00e1tny in\u0161tit\u00fat odborn\u00e9ho vzdel\u00e1vania s&nbsp;odborom celo\u017eivotn\u00e9ho vzdel\u00e1vania [&hellip;]<\/p>\n","protected":false},"author":6,"featured_media":3742,"comment_status":"closed","ping_status":"closed","sticky":false,"template":"","format":"standard","meta":{"site-sidebar-layout":"default","site-content-layout":"","ast-site-content-layout":"default","site-content-style":"default","site-sidebar-style":"default","ast-global-header-display":"","ast-banner-title-visibility":"","ast-main-header-display":"","ast-hfb-above-header-display":"","ast-hfb-below-header-display":"","ast-hfb-mobile-header-display":"","site-post-title":"","ast-breadcrumbs-content":"","ast-featured-img":"","footer-sml-layout":"","ast-disable-related-posts":"","theme-transparent-header-meta":"","adv-header-id-meta":"","stick-header-meta":"","header-above-stick-meta":"","header-main-stick-meta":"","header-below-stick-meta":"","astra-migrate-meta-layouts":"default","ast-page-background-enabled":"default","ast-page-background-meta":{"desktop":{"background-color":"var(--ast-global-color-4)","background-image":"","background-repeat":"repeat","background-position":"center center","background-size":"auto","background-attachment":"scroll","background-type":"","background-media":"","overlay-type":"","overlay-color":"","overlay-opacity":"","overlay-gradient":""},"tablet":{"background-color":"","background-image":"","background-repeat":"repeat","background-position":"center center","background-size":"auto","background-attachment":"scroll","background-type":"","background-media":"","overlay-type":"","overlay-color":"","overlay-opacity":"","overlay-gradient":""},"mobile":{"background-color":"","background-image":"","background-repeat":"repeat","background-position":"center center","background-size":"auto","background-attachment":"scroll","background-type":"","background-media":"","overlay-type":"","overlay-color":"","overlay-opacity":"","overlay-gradient":""}},"ast-content-background-meta":{"desktop":{"background-color":"var(--ast-global-color-5)","background-image":"","background-repeat":"repeat","background-position":"center center","background-size":"auto","background-attachment":"scroll","background-type":"","background-media":"","overlay-type":"","overlay-color":"","overlay-opacity":"","overlay-gradient":""},"tablet":{"background-color":"var(--ast-global-color-5)","background-image":"","background-repeat":"repeat","background-position":"center center","background-size":"auto","background-attachment":"scroll","background-type":"","background-media":"","overlay-type":"","overlay-color":"","overlay-opacity":"","overlay-gradient":""},"mobile":{"background-color":"var(--ast-global-color-5)","background-image":"","background-repeat":"repeat","background-position":"center center","background-size":"auto","background-attachment":"scroll","background-type":"","background-media":"","overlay-type":"","overlay-color":"","overlay-opacity":"","overlay-gradient":""}},"footnotes":""},"categories":[1],"tags":[],"class_list":["post-3740","post","type-post","status-publish","format-standard","has-post-thumbnail","hentry","category-aktuality"],"yoast_head":"<!-- This site is optimized with the Yoast SEO plugin v27.5 - https:\/\/yoast.com\/product\/yoast-seo-wordpress\/ -->\n<title>Konferencia o z\u00e1kladn\u00fdch zru\u010dnostiach s medzin\u00e1rodnou \u00fa\u010das\u0165ou - \u0160IOV - \u0161t\u00e1tny in\u0161tit\u00fat odborn\u00e9ho vzdel\u00e1vania<\/title>\n<meta name=\"description\" content=\"Viac ako sedemdesiatim mili\u00f3nom Eur\u00f3panov ch\u00fdbaj\u00fa primeran\u00e9 z\u00e1kladn\u00e9 zru\u010dnosti, \u010d\u00edm \u010delia riziku nezamestnanosti, chudoby a\u00a0soci\u00e1lneho vyl\u00fa\u010denia. Tejto aj pre Slovensko d\u00f4le\u017eitej t\u00e9me bola venovan\u00e1 otv\u00e1racia konferencia projektu BLUESS \u2013 Pl\u00e1n rozvoja z\u00e1kladn\u00fdch zru\u010dnost\u00ed v\u00a0SR, ktor\u00fd realizuje odbor eur\u00f3pskych polit\u00edk \u0160t\u00e1tneho in\u0161tit\u00fatu odborn\u00e9ho vzdel\u00e1vania (\u0160IOV) s\u00a0partnermi.\" \/>\n<meta name=\"robots\" content=\"index, follow, max-snippet:-1, max-image-preview:large, max-video-preview:-1\" \/>\n<link rel=\"canonical\" href=\"https:\/\/archiv.siov.sk\/en\/konferencia-o-zakladnych-zrucnostiach-s-medzinarodnou-ucastou\/\" \/>\n<meta property=\"og:locale\" content=\"en_GB\" \/>\n<meta property=\"og:type\" content=\"article\" \/>\n<meta property=\"og:title\" content=\"Konferencia o z\u00e1kladn\u00fdch zru\u010dnostiach s medzin\u00e1rodnou \u00fa\u010das\u0165ou - \u0160IOV - \u0161t\u00e1tny in\u0161tit\u00fat odborn\u00e9ho vzdel\u00e1vania\" \/>\n<meta property=\"og:description\" content=\"Viac ako sedemdesiatim mili\u00f3nom Eur\u00f3panov ch\u00fdbaj\u00fa primeran\u00e9 z\u00e1kladn\u00e9 zru\u010dnosti, \u010d\u00edm \u010delia riziku nezamestnanosti, chudoby a\u00a0soci\u00e1lneho vyl\u00fa\u010denia. Tejto aj pre Slovensko d\u00f4le\u017eitej t\u00e9me bola venovan\u00e1 otv\u00e1racia konferencia projektu BLUESS \u2013 Pl\u00e1n rozvoja z\u00e1kladn\u00fdch zru\u010dnost\u00ed v\u00a0SR, ktor\u00fd realizuje odbor eur\u00f3pskych polit\u00edk \u0160t\u00e1tneho in\u0161tit\u00fatu odborn\u00e9ho vzdel\u00e1vania (\u0160IOV) s\u00a0partnermi.\" \/>\n<meta property=\"og:url\" content=\"https:\/\/archiv.siov.sk\/en\/konferencia-o-zakladnych-zrucnostiach-s-medzinarodnou-ucastou\/\" \/>\n<meta property=\"og:site_name\" content=\"\u0160IOV - \u0161t\u00e1tny in\u0161tit\u00fat odborn\u00e9ho vzdel\u00e1vania\" \/>\n<meta property=\"article:publisher\" content=\"https:\/\/www.facebook.com\/Statnyinstitutodbornehovzdelavania\" \/>\n<meta property=\"article:published_time\" content=\"2019-04-29T12:39:16+00:00\" \/>\n<meta property=\"article:modified_time\" content=\"2019-04-29T12:44:54+00:00\" \/>\n<meta property=\"og:image\" content=\"https:\/\/archiv.siov.sk\/wp-content\/uploads\/2019\/04\/58579406_318591725498281_7081572004976918528_n.jpg\" \/>\n\t<meta property=\"og:image:width\" content=\"648\" \/>\n\t<meta property=\"og:image:height\" content=\"486\" \/>\n\t<meta property=\"og:image:type\" content=\"image\/jpeg\" \/>\n<meta name=\"author\" content=\"Katar\u00edna Kov\u00e1\u010dov\u00e1\" \/>\n<meta name=\"twitter:card\" content=\"summary_large_image\" \/>\n<meta name=\"twitter:label1\" content=\"Written by\" \/>\n\t<meta name=\"twitter:data1\" content=\"Katar\u00edna Kov\u00e1\u010dov\u00e1\" \/>\n\t<meta name=\"twitter:label2\" content=\"Estimated reading time\" \/>\n\t<meta name=\"twitter:data2\" content=\"3 minutes\" \/>\n<script type=\"application\/ld+json\" class=\"yoast-schema-graph\">{\"@context\":\"https:\\\/\\\/schema.org\",\"@graph\":[{\"@type\":\"Article\",\"@id\":\"https:\\\/\\\/archiv.siov.sk\\\/konferencia-o-zakladnych-zrucnostiach-s-medzinarodnou-ucastou\\\/#article\",\"isPartOf\":{\"@id\":\"https:\\\/\\\/archiv.siov.sk\\\/konferencia-o-zakladnych-zrucnostiach-s-medzinarodnou-ucastou\\\/\"},\"author\":{\"name\":\"Katar\u00edna Kov\u00e1\u010dov\u00e1\",\"@id\":\"https:\\\/\\\/archiv.siov.sk\\\/#\\\/schema\\\/person\\\/e42d633fbd958c6a726e8834d8965e6c\"},\"headline\":\"Konferencia o z\u00e1kladn\u00fdch zru\u010dnostiach s medzin\u00e1rodnou \u00fa\u010das\u0165ou\",\"datePublished\":\"2019-04-29T12:39:16+00:00\",\"dateModified\":\"2019-04-29T12:44:54+00:00\",\"mainEntityOfPage\":{\"@id\":\"https:\\\/\\\/archiv.siov.sk\\\/konferencia-o-zakladnych-zrucnostiach-s-medzinarodnou-ucastou\\\/\"},\"wordCount\":515,\"publisher\":{\"@id\":\"https:\\\/\\\/archiv.siov.sk\\\/#organization\"},\"image\":{\"@id\":\"https:\\\/\\\/archiv.siov.sk\\\/konferencia-o-zakladnych-zrucnostiach-s-medzinarodnou-ucastou\\\/#primaryimage\"},\"thumbnailUrl\":\"https:\\\/\\\/archiv.siov.sk\\\/wp-content\\\/uploads\\\/2019\\\/04\\\/58579406_318591725498281_7081572004976918528_n.jpg\",\"articleSection\":[\"Aktuality\"],\"inLanguage\":\"en-GB\"},{\"@type\":\"WebPage\",\"@id\":\"https:\\\/\\\/archiv.siov.sk\\\/konferencia-o-zakladnych-zrucnostiach-s-medzinarodnou-ucastou\\\/\",\"url\":\"https:\\\/\\\/archiv.siov.sk\\\/konferencia-o-zakladnych-zrucnostiach-s-medzinarodnou-ucastou\\\/\",\"name\":\"Konferencia o z\u00e1kladn\u00fdch zru\u010dnostiach s medzin\u00e1rodnou \u00fa\u010das\u0165ou - \u0160IOV - \u0161t\u00e1tny in\u0161tit\u00fat odborn\u00e9ho vzdel\u00e1vania\",\"isPartOf\":{\"@id\":\"https:\\\/\\\/archiv.siov.sk\\\/#website\"},\"primaryImageOfPage\":{\"@id\":\"https:\\\/\\\/archiv.siov.sk\\\/konferencia-o-zakladnych-zrucnostiach-s-medzinarodnou-ucastou\\\/#primaryimage\"},\"image\":{\"@id\":\"https:\\\/\\\/archiv.siov.sk\\\/konferencia-o-zakladnych-zrucnostiach-s-medzinarodnou-ucastou\\\/#primaryimage\"},\"thumbnailUrl\":\"https:\\\/\\\/archiv.siov.sk\\\/wp-content\\\/uploads\\\/2019\\\/04\\\/58579406_318591725498281_7081572004976918528_n.jpg\",\"datePublished\":\"2019-04-29T12:39:16+00:00\",\"dateModified\":\"2019-04-29T12:44:54+00:00\",\"description\":\"Viac ako sedemdesiatim mili\u00f3nom Eur\u00f3panov ch\u00fdbaj\u00fa primeran\u00e9 z\u00e1kladn\u00e9 zru\u010dnosti, \u010d\u00edm \u010delia riziku nezamestnanosti, chudoby a\u00a0soci\u00e1lneho vyl\u00fa\u010denia. Tejto aj pre Slovensko d\u00f4le\u017eitej t\u00e9me bola venovan\u00e1 otv\u00e1racia konferencia projektu BLUESS \u2013 Pl\u00e1n rozvoja z\u00e1kladn\u00fdch zru\u010dnost\u00ed v\u00a0SR, ktor\u00fd realizuje odbor eur\u00f3pskych polit\u00edk \u0160t\u00e1tneho in\u0161tit\u00fatu odborn\u00e9ho vzdel\u00e1vania (\u0160IOV) s\u00a0partnermi.\",\"breadcrumb\":{\"@id\":\"https:\\\/\\\/archiv.siov.sk\\\/konferencia-o-zakladnych-zrucnostiach-s-medzinarodnou-ucastou\\\/#breadcrumb\"},\"inLanguage\":\"en-GB\",\"potentialAction\":[{\"@type\":\"ReadAction\",\"target\":[\"https:\\\/\\\/archiv.siov.sk\\\/konferencia-o-zakladnych-zrucnostiach-s-medzinarodnou-ucastou\\\/\"]}]},{\"@type\":\"ImageObject\",\"inLanguage\":\"en-GB\",\"@id\":\"https:\\\/\\\/archiv.siov.sk\\\/konferencia-o-zakladnych-zrucnostiach-s-medzinarodnou-ucastou\\\/#primaryimage\",\"url\":\"https:\\\/\\\/archiv.siov.sk\\\/wp-content\\\/uploads\\\/2019\\\/04\\\/58579406_318591725498281_7081572004976918528_n.jpg\",\"contentUrl\":\"https:\\\/\\\/archiv.siov.sk\\\/wp-content\\\/uploads\\\/2019\\\/04\\\/58579406_318591725498281_7081572004976918528_n.jpg\",\"width\":648,\"height\":486},{\"@type\":\"BreadcrumbList\",\"@id\":\"https:\\\/\\\/archiv.siov.sk\\\/konferencia-o-zakladnych-zrucnostiach-s-medzinarodnou-ucastou\\\/#breadcrumb\",\"itemListElement\":[{\"@type\":\"ListItem\",\"position\":1,\"name\":\"Home\",\"item\":\"https:\\\/\\\/archiv.siov.sk\\\/\"},{\"@type\":\"ListItem\",\"position\":2,\"name\":\"Konferencia o z\u00e1kladn\u00fdch zru\u010dnostiach s medzin\u00e1rodnou \u00fa\u010das\u0165ou\"}]},{\"@type\":\"WebSite\",\"@id\":\"https:\\\/\\\/archiv.siov.sk\\\/#website\",\"url\":\"https:\\\/\\\/archiv.siov.sk\\\/\",\"name\":\"\u0160IOV - \u0161t\u00e1tny in\u0161tit\u00fat odborn\u00e9ho vzdel\u00e1vania\",\"description\":\"\",\"publisher\":{\"@id\":\"https:\\\/\\\/archiv.siov.sk\\\/#organization\"},\"potentialAction\":[{\"@type\":\"SearchAction\",\"target\":{\"@type\":\"EntryPoint\",\"urlTemplate\":\"https:\\\/\\\/archiv.siov.sk\\\/?s={search_term_string}\"},\"query-input\":{\"@type\":\"PropertyValueSpecification\",\"valueRequired\":true,\"valueName\":\"search_term_string\"}}],\"inLanguage\":\"en-GB\"},{\"@type\":\"Organization\",\"@id\":\"https:\\\/\\\/archiv.siov.sk\\\/#organization\",\"name\":\"\u0160IOV - \u0161t\u00e1tny in\u0161tit\u00fat odborn\u00e9ho vzdel\u00e1vania\",\"url\":\"https:\\\/\\\/archiv.siov.sk\\\/\",\"logo\":{\"@type\":\"ImageObject\",\"inLanguage\":\"en-GB\",\"@id\":\"https:\\\/\\\/archiv.siov.sk\\\/#\\\/schema\\\/logo\\\/image\\\/\",\"url\":\"https:\\\/\\\/archiv.siov.sk\\\/wp-content\\\/uploads\\\/2024\\\/02\\\/logo-SIOV.png\",\"contentUrl\":\"https:\\\/\\\/archiv.siov.sk\\\/wp-content\\\/uploads\\\/2024\\\/02\\\/logo-SIOV.png\",\"width\":431,\"height\":143,\"caption\":\"\u0160IOV - \u0161t\u00e1tny in\u0161tit\u00fat odborn\u00e9ho vzdel\u00e1vania\"},\"image\":{\"@id\":\"https:\\\/\\\/archiv.siov.sk\\\/#\\\/schema\\\/logo\\\/image\\\/\"},\"sameAs\":[\"https:\\\/\\\/www.facebook.com\\\/Statnyinstitutodbornehovzdelavania\"]},{\"@type\":\"Person\",\"@id\":\"https:\\\/\\\/archiv.siov.sk\\\/#\\\/schema\\\/person\\\/e42d633fbd958c6a726e8834d8965e6c\",\"name\":\"Katar\u00edna Kov\u00e1\u010dov\u00e1\",\"url\":\"https:\\\/\\\/archiv.siov.sk\\\/en\\\/author\\\/katkakovacova\\\/\"}]}<\/script>\n<!-- \/ Yoast SEO plugin. -->","yoast_head_json":{"title":"Konferencia o z\u00e1kladn\u00fdch zru\u010dnostiach s medzin\u00e1rodnou \u00fa\u010das\u0165ou - \u0160IOV - \u0161t\u00e1tny in\u0161tit\u00fat odborn\u00e9ho vzdel\u00e1vania","description":"Viac ako sedemdesiatim mili\u00f3nom Eur\u00f3panov ch\u00fdbaj\u00fa primeran\u00e9 z\u00e1kladn\u00e9 zru\u010dnosti, \u010d\u00edm \u010delia riziku nezamestnanosti, chudoby a\u00a0soci\u00e1lneho vyl\u00fa\u010denia. Tejto aj pre Slovensko d\u00f4le\u017eitej t\u00e9me bola venovan\u00e1 otv\u00e1racia konferencia projektu BLUESS \u2013 Pl\u00e1n rozvoja z\u00e1kladn\u00fdch zru\u010dnost\u00ed v\u00a0SR, ktor\u00fd realizuje odbor eur\u00f3pskych polit\u00edk \u0160t\u00e1tneho in\u0161tit\u00fatu odborn\u00e9ho vzdel\u00e1vania (\u0160IOV) s\u00a0partnermi.","robots":{"index":"index","follow":"follow","max-snippet":"max-snippet:-1","max-image-preview":"max-image-preview:large","max-video-preview":"max-video-preview:-1"},"canonical":"https:\/\/archiv.siov.sk\/en\/konferencia-o-zakladnych-zrucnostiach-s-medzinarodnou-ucastou\/","og_locale":"en_GB","og_type":"article","og_title":"Konferencia o z\u00e1kladn\u00fdch zru\u010dnostiach s medzin\u00e1rodnou \u00fa\u010das\u0165ou - \u0160IOV - \u0161t\u00e1tny in\u0161tit\u00fat odborn\u00e9ho vzdel\u00e1vania","og_description":"Viac ako sedemdesiatim mili\u00f3nom Eur\u00f3panov ch\u00fdbaj\u00fa primeran\u00e9 z\u00e1kladn\u00e9 zru\u010dnosti, \u010d\u00edm \u010delia riziku nezamestnanosti, chudoby a\u00a0soci\u00e1lneho vyl\u00fa\u010denia. Tejto aj pre Slovensko d\u00f4le\u017eitej t\u00e9me bola venovan\u00e1 otv\u00e1racia konferencia projektu BLUESS \u2013 Pl\u00e1n rozvoja z\u00e1kladn\u00fdch zru\u010dnost\u00ed v\u00a0SR, ktor\u00fd realizuje odbor eur\u00f3pskych polit\u00edk \u0160t\u00e1tneho in\u0161tit\u00fatu odborn\u00e9ho vzdel\u00e1vania (\u0160IOV) s\u00a0partnermi.","og_url":"https:\/\/archiv.siov.sk\/en\/konferencia-o-zakladnych-zrucnostiach-s-medzinarodnou-ucastou\/","og_site_name":"\u0160IOV - \u0161t\u00e1tny in\u0161tit\u00fat odborn\u00e9ho vzdel\u00e1vania","article_publisher":"https:\/\/www.facebook.com\/Statnyinstitutodbornehovzdelavania","article_published_time":"2019-04-29T12:39:16+00:00","article_modified_time":"2019-04-29T12:44:54+00:00","og_image":[{"width":648,"height":486,"url":"https:\/\/archiv.siov.sk\/wp-content\/uploads\/2019\/04\/58579406_318591725498281_7081572004976918528_n.jpg","type":"image\/jpeg"}],"author":"Katar\u00edna Kov\u00e1\u010dov\u00e1","twitter_card":"summary_large_image","twitter_misc":{"Written by":"Katar\u00edna Kov\u00e1\u010dov\u00e1","Estimated reading time":"3 minutes"},"schema":{"@context":"https:\/\/schema.org","@graph":[{"@type":"Article","@id":"https:\/\/archiv.siov.sk\/konferencia-o-zakladnych-zrucnostiach-s-medzinarodnou-ucastou\/#article","isPartOf":{"@id":"https:\/\/archiv.siov.sk\/konferencia-o-zakladnych-zrucnostiach-s-medzinarodnou-ucastou\/"},"author":{"name":"Katar\u00edna Kov\u00e1\u010dov\u00e1","@id":"https:\/\/archiv.siov.sk\/#\/schema\/person\/e42d633fbd958c6a726e8834d8965e6c"},"headline":"Konferencia o z\u00e1kladn\u00fdch zru\u010dnostiach s medzin\u00e1rodnou \u00fa\u010das\u0165ou","datePublished":"2019-04-29T12:39:16+00:00","dateModified":"2019-04-29T12:44:54+00:00","mainEntityOfPage":{"@id":"https:\/\/archiv.siov.sk\/konferencia-o-zakladnych-zrucnostiach-s-medzinarodnou-ucastou\/"},"wordCount":515,"publisher":{"@id":"https:\/\/archiv.siov.sk\/#organization"},"image":{"@id":"https:\/\/archiv.siov.sk\/konferencia-o-zakladnych-zrucnostiach-s-medzinarodnou-ucastou\/#primaryimage"},"thumbnailUrl":"https:\/\/archiv.siov.sk\/wp-content\/uploads\/2019\/04\/58579406_318591725498281_7081572004976918528_n.jpg","articleSection":["Aktuality"],"inLanguage":"en-GB"},{"@type":"WebPage","@id":"https:\/\/archiv.siov.sk\/konferencia-o-zakladnych-zrucnostiach-s-medzinarodnou-ucastou\/","url":"https:\/\/archiv.siov.sk\/konferencia-o-zakladnych-zrucnostiach-s-medzinarodnou-ucastou\/","name":"Konferencia o z\u00e1kladn\u00fdch zru\u010dnostiach s medzin\u00e1rodnou \u00fa\u010das\u0165ou - \u0160IOV - \u0161t\u00e1tny in\u0161tit\u00fat odborn\u00e9ho vzdel\u00e1vania","isPartOf":{"@id":"https:\/\/archiv.siov.sk\/#website"},"primaryImageOfPage":{"@id":"https:\/\/archiv.siov.sk\/konferencia-o-zakladnych-zrucnostiach-s-medzinarodnou-ucastou\/#primaryimage"},"image":{"@id":"https:\/\/archiv.siov.sk\/konferencia-o-zakladnych-zrucnostiach-s-medzinarodnou-ucastou\/#primaryimage"},"thumbnailUrl":"https:\/\/archiv.siov.sk\/wp-content\/uploads\/2019\/04\/58579406_318591725498281_7081572004976918528_n.jpg","datePublished":"2019-04-29T12:39:16+00:00","dateModified":"2019-04-29T12:44:54+00:00","description":"Viac ako sedemdesiatim mili\u00f3nom Eur\u00f3panov ch\u00fdbaj\u00fa primeran\u00e9 z\u00e1kladn\u00e9 zru\u010dnosti, \u010d\u00edm \u010delia riziku nezamestnanosti, chudoby a\u00a0soci\u00e1lneho vyl\u00fa\u010denia. Tejto aj pre Slovensko d\u00f4le\u017eitej t\u00e9me bola venovan\u00e1 otv\u00e1racia konferencia projektu BLUESS \u2013 Pl\u00e1n rozvoja z\u00e1kladn\u00fdch zru\u010dnost\u00ed v\u00a0SR, ktor\u00fd realizuje odbor eur\u00f3pskych polit\u00edk \u0160t\u00e1tneho in\u0161tit\u00fatu odborn\u00e9ho vzdel\u00e1vania (\u0160IOV) s\u00a0partnermi.","breadcrumb":{"@id":"https:\/\/archiv.siov.sk\/konferencia-o-zakladnych-zrucnostiach-s-medzinarodnou-ucastou\/#breadcrumb"},"inLanguage":"en-GB","potentialAction":[{"@type":"ReadAction","target":["https:\/\/archiv.siov.sk\/konferencia-o-zakladnych-zrucnostiach-s-medzinarodnou-ucastou\/"]}]},{"@type":"ImageObject","inLanguage":"en-GB","@id":"https:\/\/archiv.siov.sk\/konferencia-o-zakladnych-zrucnostiach-s-medzinarodnou-ucastou\/#primaryimage","url":"https:\/\/archiv.siov.sk\/wp-content\/uploads\/2019\/04\/58579406_318591725498281_7081572004976918528_n.jpg","contentUrl":"https:\/\/archiv.siov.sk\/wp-content\/uploads\/2019\/04\/58579406_318591725498281_7081572004976918528_n.jpg","width":648,"height":486},{"@type":"BreadcrumbList","@id":"https:\/\/archiv.siov.sk\/konferencia-o-zakladnych-zrucnostiach-s-medzinarodnou-ucastou\/#breadcrumb","itemListElement":[{"@type":"ListItem","position":1,"name":"Home","item":"https:\/\/archiv.siov.sk\/"},{"@type":"ListItem","position":2,"name":"Konferencia o z\u00e1kladn\u00fdch zru\u010dnostiach s medzin\u00e1rodnou \u00fa\u010das\u0165ou"}]},{"@type":"WebSite","@id":"https:\/\/archiv.siov.sk\/#website","url":"https:\/\/archiv.siov.sk\/","name":"\u0160IOV - \u0161t\u00e1tny in\u0161tit\u00fat odborn\u00e9ho vzdel\u00e1vania","description":"","publisher":{"@id":"https:\/\/archiv.siov.sk\/#organization"},"potentialAction":[{"@type":"SearchAction","target":{"@type":"EntryPoint","urlTemplate":"https:\/\/archiv.siov.sk\/?s={search_term_string}"},"query-input":{"@type":"PropertyValueSpecification","valueRequired":true,"valueName":"search_term_string"}}],"inLanguage":"en-GB"},{"@type":"Organization","@id":"https:\/\/archiv.siov.sk\/#organization","name":"\u0160IOV - \u0161t\u00e1tny in\u0161tit\u00fat odborn\u00e9ho vzdel\u00e1vania","url":"https:\/\/archiv.siov.sk\/","logo":{"@type":"ImageObject","inLanguage":"en-GB","@id":"https:\/\/archiv.siov.sk\/#\/schema\/logo\/image\/","url":"https:\/\/archiv.siov.sk\/wp-content\/uploads\/2024\/02\/logo-SIOV.png","contentUrl":"https:\/\/archiv.siov.sk\/wp-content\/uploads\/2024\/02\/logo-SIOV.png","width":431,"height":143,"caption":"\u0160IOV - \u0161t\u00e1tny in\u0161tit\u00fat odborn\u00e9ho vzdel\u00e1vania"},"image":{"@id":"https:\/\/archiv.siov.sk\/#\/schema\/logo\/image\/"},"sameAs":["https:\/\/www.facebook.com\/Statnyinstitutodbornehovzdelavania"]},{"@type":"Person","@id":"https:\/\/archiv.siov.sk\/#\/schema\/person\/e42d633fbd958c6a726e8834d8965e6c","name":"Katar\u00edna Kov\u00e1\u010dov\u00e1","url":"https:\/\/archiv.siov.sk\/en\/author\/katkakovacova\/"}]}},"_links":{"self":[{"href":"https:\/\/archiv.siov.sk\/en\/wp-json\/wp\/v2\/posts\/3740","targetHints":{"allow":["GET"]}}],"collection":[{"href":"https:\/\/archiv.siov.sk\/en\/wp-json\/wp\/v2\/posts"}],"about":[{"href":"https:\/\/archiv.siov.sk\/en\/wp-json\/wp\/v2\/types\/post"}],"author":[{"embeddable":true,"href":"https:\/\/archiv.siov.sk\/en\/wp-json\/wp\/v2\/users\/6"}],"replies":[{"embeddable":true,"href":"https:\/\/archiv.siov.sk\/en\/wp-json\/wp\/v2\/comments?post=3740"}],"version-history":[{"count":4,"href":"https:\/\/archiv.siov.sk\/en\/wp-json\/wp\/v2\/posts\/3740\/revisions"}],"predecessor-version":[{"id":3748,"href":"https:\/\/archiv.siov.sk\/en\/wp-json\/wp\/v2\/posts\/3740\/revisions\/3748"}],"wp:featuredmedia":[{"embeddable":true,"href":"https:\/\/archiv.siov.sk\/en\/wp-json\/wp\/v2\/media\/3742"}],"wp:attachment":[{"href":"https:\/\/archiv.siov.sk\/en\/wp-json\/wp\/v2\/media?parent=3740"}],"wp:term":[{"taxonomy":"category","embeddable":true,"href":"https:\/\/archiv.siov.sk\/en\/wp-json\/wp\/v2\/categories?post=3740"},{"taxonomy":"post_tag","embeddable":true,"href":"https:\/\/archiv.siov.sk\/en\/wp-json\/wp\/v2\/tags?post=3740"}],"curies":[{"name":"wp","href":"https:\/\/api.w.org\/{rel}","templated":true}]}}