{"id":3686,"date":"2019-04-15T13:50:26","date_gmt":"2019-04-15T11:50:26","guid":{"rendered":"http:\/\/archiv.siov.sk\/?p=3686"},"modified":"2019-04-15T13:50:30","modified_gmt":"2019-04-15T11:50:30","slug":"socka-spaja-tradiciu-a-zaujem-stredoskolakov-uz-41-rokov","status":"publish","type":"post","link":"https:\/\/archiv.siov.sk\/en\/socka-spaja-tradiciu-a-zaujem-stredoskolakov-uz-41-rokov\/","title":{"rendered":"SO\u010cka sp\u00e1ja trad\u00edciu a\u00a0z\u00e1ujem stredo\u0161kol\u00e1kov u\u017e 41 rokov"},"content":{"rendered":"<p><em>Bratislava &#8211; 15. apr\u00edla 2019 &#8211; Stredo\u0161kolsk\u00e1 odborn\u00e1 \u010dinnos\u0165 je tradi\u010dn\u00e1 s\u00fa\u0165a\u017e a patr\u00ed medzi najstar\u0161ie a najroz\u0161\u00edrenej\u0161ie &#8211; v tomto roku sa z 325 \u0161k\u00f4l prihl\u00e1silo 5 174 \u0161tudentov s 4 052&nbsp; pr\u00e1cami.&nbsp; <\/em><\/p>\n<p>Ministerstvo \u0161kolstva, vedy, v\u00fdskumu a&nbsp;\u0161portu SR vyhl\u00e1silo 41. ro\u010dn\u00edk SO\u010c u\u017e v&nbsp;septembri 2018. Odvtedy sa \u0161tudenti stredn\u00fdch \u0161k\u00f4l mali mo\u017enos\u0165 prihl\u00e1si\u0165 so svojimi origin\u00e1lnymi projektami do 17 s\u00fa\u0165a\u017en\u00fdch kateg\u00f3ri\u00ed s pr\u00edrodovedn\u00fdm, technick\u00fdm, humanitn\u00fdm a&nbsp;spolo\u010denskovedn\u00fdm zameran\u00edm.<\/p>\n<p>Celo\u0161t\u00e1tna prehliadka sa bude tento rok kona\u0165 23. &#8211; 26. apr\u00edla 2019 na p\u00f4de Strednej odbornej \u0161koly automobilovej v&nbsp;Ko\u0161iciach. Do fin\u00e1le viedla cesta cez \u0161kolsk\u00e9 kol\u00e1, potom okresn\u00e9 a&nbsp;krajsk\u00e9 prehliadky. Z&nbsp;\u00f4smich krajov post\u00fapilo na celo\u0161t\u00e1tnu prehliadku 272 s\u00fa\u0165a\u017eiacich (dvaja \u017eiaci z&nbsp;pr\u00edslu\u0161n\u00e9ho kraja do 17 vyhl\u00e1sen\u00fdch odborov), celkom z&nbsp;ka\u017ed\u00e9ho kraja 34 \u0161tudentov.<\/p>\n<p><strong>&nbsp;<\/strong><\/p>\n<p><strong>&nbsp;<\/strong><\/p>\n<p><strong>&nbsp;<\/strong><\/p>\n<p><strong>&nbsp;<\/strong><\/p>\n<p><strong>&nbsp;<\/strong><\/p>\n<p><strong>&nbsp;<\/strong><\/p>","protected":false},"excerpt":{"rendered":"<p>Bratislava &#8211; 15. apr\u00edla 2019 &#8211; Stredo\u0161kolsk\u00e1 odborn\u00e1 \u010dinnos\u0165 je tradi\u010dn\u00e1 s\u00fa\u0165a\u017e a patr\u00ed medzi najstar\u0161ie a najroz\u0161\u00edrenej\u0161ie &#8211; v tomto roku sa z 325 \u0161k\u00f4l prihl\u00e1silo 5 174 \u0161tudentov s 4 052&nbsp; pr\u00e1cami.&nbsp; Ministerstvo \u0161kolstva, vedy, v\u00fdskumu a&nbsp;\u0161portu SR vyhl\u00e1silo 41. ro\u010dn\u00edk SO\u010c u\u017e v&nbsp;septembri 2018. Odvtedy sa \u0161tudenti stredn\u00fdch \u0161k\u00f4l mali mo\u017enos\u0165 prihl\u00e1si\u0165 [&hellip;]<\/p>\n","protected":false},"author":6,"featured_media":2374,"comment_status":"closed","ping_status":"closed","sticky":false,"template":"","format":"standard","meta":{"site-sidebar-layout":"default","site-content-layout":"","ast-site-content-layout":"default","site-content-style":"default","site-sidebar-style":"default","ast-global-header-display":"","ast-banner-title-visibility":"","ast-main-header-display":"","ast-hfb-above-header-display":"","ast-hfb-below-header-display":"","ast-hfb-mobile-header-display":"","site-post-title":"","ast-breadcrumbs-content":"","ast-featured-img":"","footer-sml-layout":"","ast-disable-related-posts":"","theme-transparent-header-meta":"","adv-header-id-meta":"","stick-header-meta":"","header-above-stick-meta":"","header-main-stick-meta":"","header-below-stick-meta":"","astra-migrate-meta-layouts":"default","ast-page-background-enabled":"default","ast-page-background-meta":{"desktop":{"background-color":"var(--ast-global-color-4)","background-image":"","background-repeat":"repeat","background-position":"center center","background-size":"auto","background-attachment":"scroll","background-type":"","background-media":"","overlay-type":"","overlay-color":"","overlay-opacity":"","overlay-gradient":""},"tablet":{"background-color":"","background-image":"","background-repeat":"repeat","background-position":"center center","background-size":"auto","background-attachment":"scroll","background-type":"","background-media":"","overlay-type":"","overlay-color":"","overlay-opacity":"","overlay-gradient":""},"mobile":{"background-color":"","background-image":"","background-repeat":"repeat","background-position":"center center","background-size":"auto","background-attachment":"scroll","background-type":"","background-media":"","overlay-type":"","overlay-color":"","overlay-opacity":"","overlay-gradient":""}},"ast-content-background-meta":{"desktop":{"background-color":"var(--ast-global-color-5)","background-image":"","background-repeat":"repeat","background-position":"center center","background-size":"auto","background-attachment":"scroll","background-type":"","background-media":"","overlay-type":"","overlay-color":"","overlay-opacity":"","overlay-gradient":""},"tablet":{"background-color":"var(--ast-global-color-5)","background-image":"","background-repeat":"repeat","background-position":"center center","background-size":"auto","background-attachment":"scroll","background-type":"","background-media":"","overlay-type":"","overlay-color":"","overlay-opacity":"","overlay-gradient":""},"mobile":{"background-color":"var(--ast-global-color-5)","background-image":"","background-repeat":"repeat","background-position":"center center","background-size":"auto","background-attachment":"scroll","background-type":"","background-media":"","overlay-type":"","overlay-color":"","overlay-opacity":"","overlay-gradient":""}},"footnotes":""},"categories":[1],"tags":[],"class_list":["post-3686","post","type-post","status-publish","format-standard","has-post-thumbnail","hentry","category-aktuality"],"yoast_head":"<!-- This site is optimized with the Yoast SEO plugin v27.5 - https:\/\/yoast.com\/product\/yoast-seo-wordpress\/ -->\n<title>SO\u010cka sp\u00e1ja trad\u00edciu a\u00a0z\u00e1ujem stredo\u0161kol\u00e1kov u\u017e 41 rokov - \u0160IOV - \u0161t\u00e1tny in\u0161tit\u00fat odborn\u00e9ho vzdel\u00e1vania<\/title>\n<meta name=\"description\" content=\"Stredo\u0161kolsk\u00e1 odborn\u00e1 \u010dinnos\u0165 je tradi\u010dn\u00e1 s\u00fa\u0165a\u017e a patr\u00ed medzi najstar\u0161ie a najroz\u0161\u00edrenej\u0161ie - v tomto roku sa z 325 \u0161k\u00f4l prihl\u00e1silo 5 174 \u0161tudentov s 4 052\u00a0 pr\u00e1cami.\u00a0\" \/>\n<meta name=\"robots\" content=\"index, follow, max-snippet:-1, max-image-preview:large, max-video-preview:-1\" \/>\n<link rel=\"canonical\" href=\"https:\/\/archiv.siov.sk\/en\/socka-spaja-tradiciu-a-zaujem-stredoskolakov-uz-41-rokov\/\" \/>\n<meta property=\"og:locale\" content=\"en_GB\" \/>\n<meta property=\"og:type\" content=\"article\" \/>\n<meta property=\"og:title\" content=\"SO\u010cka sp\u00e1ja trad\u00edciu a\u00a0z\u00e1ujem stredo\u0161kol\u00e1kov u\u017e 41 rokov - \u0160IOV - \u0161t\u00e1tny in\u0161tit\u00fat odborn\u00e9ho vzdel\u00e1vania\" \/>\n<meta property=\"og:description\" content=\"Stredo\u0161kolsk\u00e1 odborn\u00e1 \u010dinnos\u0165 je tradi\u010dn\u00e1 s\u00fa\u0165a\u017e a patr\u00ed medzi najstar\u0161ie a najroz\u0161\u00edrenej\u0161ie - v tomto roku sa z 325 \u0161k\u00f4l prihl\u00e1silo 5 174 \u0161tudentov s 4 052\u00a0 pr\u00e1cami.\u00a0\" \/>\n<meta property=\"og:url\" content=\"https:\/\/archiv.siov.sk\/en\/socka-spaja-tradiciu-a-zaujem-stredoskolakov-uz-41-rokov\/\" \/>\n<meta property=\"og:site_name\" content=\"\u0160IOV - \u0161t\u00e1tny in\u0161tit\u00fat odborn\u00e9ho vzdel\u00e1vania\" \/>\n<meta property=\"article:publisher\" content=\"https:\/\/www.facebook.com\/Statnyinstitutodbornehovzdelavania\" \/>\n<meta property=\"article:published_time\" content=\"2019-04-15T11:50:26+00:00\" \/>\n<meta property=\"article:modified_time\" content=\"2019-04-15T11:50:30+00:00\" \/>\n<meta property=\"og:image\" content=\"https:\/\/archiv.siov.sk\/wp-content\/uploads\/2018\/01\/top_konferencia.jpg\" \/>\n\t<meta property=\"og:image:width\" content=\"1100\" \/>\n\t<meta property=\"og:image:height\" content=\"445\" \/>\n\t<meta property=\"og:image:type\" content=\"image\/jpeg\" \/>\n<meta name=\"author\" content=\"Katar\u00edna Kov\u00e1\u010dov\u00e1\" \/>\n<meta name=\"twitter:card\" content=\"summary_large_image\" \/>\n<meta name=\"twitter:label1\" content=\"Written by\" \/>\n\t<meta name=\"twitter:data1\" content=\"Katar\u00edna Kov\u00e1\u010dov\u00e1\" \/>\n\t<meta name=\"twitter:label2\" content=\"Estimated reading time\" \/>\n\t<meta name=\"twitter:data2\" content=\"1 minute\" \/>\n<script type=\"application\/ld+json\" class=\"yoast-schema-graph\">{\"@context\":\"https:\\\/\\\/schema.org\",\"@graph\":[{\"@type\":\"Article\",\"@id\":\"https:\\\/\\\/archiv.siov.sk\\\/socka-spaja-tradiciu-a-zaujem-stredoskolakov-uz-41-rokov\\\/#article\",\"isPartOf\":{\"@id\":\"https:\\\/\\\/archiv.siov.sk\\\/socka-spaja-tradiciu-a-zaujem-stredoskolakov-uz-41-rokov\\\/\"},\"author\":{\"name\":\"Katar\u00edna Kov\u00e1\u010dov\u00e1\",\"@id\":\"https:\\\/\\\/archiv.siov.sk\\\/#\\\/schema\\\/person\\\/e42d633fbd958c6a726e8834d8965e6c\"},\"headline\":\"SO\u010cka sp\u00e1ja trad\u00edciu a\u00a0z\u00e1ujem stredo\u0161kol\u00e1kov u\u017e 41 rokov\",\"datePublished\":\"2019-04-15T11:50:26+00:00\",\"dateModified\":\"2019-04-15T11:50:30+00:00\",\"mainEntityOfPage\":{\"@id\":\"https:\\\/\\\/archiv.siov.sk\\\/socka-spaja-tradiciu-a-zaujem-stredoskolakov-uz-41-rokov\\\/\"},\"wordCount\":190,\"publisher\":{\"@id\":\"https:\\\/\\\/archiv.siov.sk\\\/#organization\"},\"image\":{\"@id\":\"https:\\\/\\\/archiv.siov.sk\\\/socka-spaja-tradiciu-a-zaujem-stredoskolakov-uz-41-rokov\\\/#primaryimage\"},\"thumbnailUrl\":\"https:\\\/\\\/archiv.siov.sk\\\/wp-content\\\/uploads\\\/2018\\\/01\\\/top_konferencia.jpg\",\"articleSection\":[\"Aktuality\"],\"inLanguage\":\"en-GB\"},{\"@type\":\"WebPage\",\"@id\":\"https:\\\/\\\/archiv.siov.sk\\\/socka-spaja-tradiciu-a-zaujem-stredoskolakov-uz-41-rokov\\\/\",\"url\":\"https:\\\/\\\/archiv.siov.sk\\\/socka-spaja-tradiciu-a-zaujem-stredoskolakov-uz-41-rokov\\\/\",\"name\":\"SO\u010cka sp\u00e1ja trad\u00edciu a\u00a0z\u00e1ujem stredo\u0161kol\u00e1kov u\u017e 41 rokov - \u0160IOV - \u0161t\u00e1tny in\u0161tit\u00fat odborn\u00e9ho vzdel\u00e1vania\",\"isPartOf\":{\"@id\":\"https:\\\/\\\/archiv.siov.sk\\\/#website\"},\"primaryImageOfPage\":{\"@id\":\"https:\\\/\\\/archiv.siov.sk\\\/socka-spaja-tradiciu-a-zaujem-stredoskolakov-uz-41-rokov\\\/#primaryimage\"},\"image\":{\"@id\":\"https:\\\/\\\/archiv.siov.sk\\\/socka-spaja-tradiciu-a-zaujem-stredoskolakov-uz-41-rokov\\\/#primaryimage\"},\"thumbnailUrl\":\"https:\\\/\\\/archiv.siov.sk\\\/wp-content\\\/uploads\\\/2018\\\/01\\\/top_konferencia.jpg\",\"datePublished\":\"2019-04-15T11:50:26+00:00\",\"dateModified\":\"2019-04-15T11:50:30+00:00\",\"description\":\"Stredo\u0161kolsk\u00e1 odborn\u00e1 \u010dinnos\u0165 je tradi\u010dn\u00e1 s\u00fa\u0165a\u017e a patr\u00ed medzi najstar\u0161ie a najroz\u0161\u00edrenej\u0161ie - v tomto roku sa z 325 \u0161k\u00f4l prihl\u00e1silo 5 174 \u0161tudentov s 4 052\u00a0 pr\u00e1cami.\u00a0\",\"breadcrumb\":{\"@id\":\"https:\\\/\\\/archiv.siov.sk\\\/socka-spaja-tradiciu-a-zaujem-stredoskolakov-uz-41-rokov\\\/#breadcrumb\"},\"inLanguage\":\"en-GB\",\"potentialAction\":[{\"@type\":\"ReadAction\",\"target\":[\"https:\\\/\\\/archiv.siov.sk\\\/socka-spaja-tradiciu-a-zaujem-stredoskolakov-uz-41-rokov\\\/\"]}]},{\"@type\":\"ImageObject\",\"inLanguage\":\"en-GB\",\"@id\":\"https:\\\/\\\/archiv.siov.sk\\\/socka-spaja-tradiciu-a-zaujem-stredoskolakov-uz-41-rokov\\\/#primaryimage\",\"url\":\"https:\\\/\\\/archiv.siov.sk\\\/wp-content\\\/uploads\\\/2018\\\/01\\\/top_konferencia.jpg\",\"contentUrl\":\"https:\\\/\\\/archiv.siov.sk\\\/wp-content\\\/uploads\\\/2018\\\/01\\\/top_konferencia.jpg\",\"width\":1100,\"height\":445,\"caption\":\"Pracovn\u00e9 stretnutie na t\u00e9mu \u201eDu\u00e1lne vzdel\u00e1vanie \u2013 najlep\u0161ia cesta pre na\u0161u bud\u00facnos\u0165\u201c\"},{\"@type\":\"BreadcrumbList\",\"@id\":\"https:\\\/\\\/archiv.siov.sk\\\/socka-spaja-tradiciu-a-zaujem-stredoskolakov-uz-41-rokov\\\/#breadcrumb\",\"itemListElement\":[{\"@type\":\"ListItem\",\"position\":1,\"name\":\"Home\",\"item\":\"https:\\\/\\\/archiv.siov.sk\\\/\"},{\"@type\":\"ListItem\",\"position\":2,\"name\":\"SO\u010cka sp\u00e1ja trad\u00edciu a\u00a0z\u00e1ujem stredo\u0161kol\u00e1kov u\u017e 41 rokov\"}]},{\"@type\":\"WebSite\",\"@id\":\"https:\\\/\\\/archiv.siov.sk\\\/#website\",\"url\":\"https:\\\/\\\/archiv.siov.sk\\\/\",\"name\":\"\u0160IOV - \u0161t\u00e1tny in\u0161tit\u00fat odborn\u00e9ho vzdel\u00e1vania\",\"description\":\"\",\"publisher\":{\"@id\":\"https:\\\/\\\/archiv.siov.sk\\\/#organization\"},\"potentialAction\":[{\"@type\":\"SearchAction\",\"target\":{\"@type\":\"EntryPoint\",\"urlTemplate\":\"https:\\\/\\\/archiv.siov.sk\\\/?s={search_term_string}\"},\"query-input\":{\"@type\":\"PropertyValueSpecification\",\"valueRequired\":true,\"valueName\":\"search_term_string\"}}],\"inLanguage\":\"en-GB\"},{\"@type\":\"Organization\",\"@id\":\"https:\\\/\\\/archiv.siov.sk\\\/#organization\",\"name\":\"\u0160IOV - \u0161t\u00e1tny in\u0161tit\u00fat odborn\u00e9ho vzdel\u00e1vania\",\"url\":\"https:\\\/\\\/archiv.siov.sk\\\/\",\"logo\":{\"@type\":\"ImageObject\",\"inLanguage\":\"en-GB\",\"@id\":\"https:\\\/\\\/archiv.siov.sk\\\/#\\\/schema\\\/logo\\\/image\\\/\",\"url\":\"https:\\\/\\\/archiv.siov.sk\\\/wp-content\\\/uploads\\\/2024\\\/02\\\/logo-SIOV.png\",\"contentUrl\":\"https:\\\/\\\/archiv.siov.sk\\\/wp-content\\\/uploads\\\/2024\\\/02\\\/logo-SIOV.png\",\"width\":431,\"height\":143,\"caption\":\"\u0160IOV - \u0161t\u00e1tny in\u0161tit\u00fat odborn\u00e9ho vzdel\u00e1vania\"},\"image\":{\"@id\":\"https:\\\/\\\/archiv.siov.sk\\\/#\\\/schema\\\/logo\\\/image\\\/\"},\"sameAs\":[\"https:\\\/\\\/www.facebook.com\\\/Statnyinstitutodbornehovzdelavania\"]},{\"@type\":\"Person\",\"@id\":\"https:\\\/\\\/archiv.siov.sk\\\/#\\\/schema\\\/person\\\/e42d633fbd958c6a726e8834d8965e6c\",\"name\":\"Katar\u00edna Kov\u00e1\u010dov\u00e1\",\"url\":\"https:\\\/\\\/archiv.siov.sk\\\/en\\\/author\\\/katkakovacova\\\/\"}]}<\/script>\n<!-- \/ Yoast SEO plugin. -->","yoast_head_json":{"title":"SO\u010cka sp\u00e1ja trad\u00edciu a\u00a0z\u00e1ujem stredo\u0161kol\u00e1kov u\u017e 41 rokov - \u0160IOV - \u0161t\u00e1tny in\u0161tit\u00fat odborn\u00e9ho vzdel\u00e1vania","description":"Stredo\u0161kolsk\u00e1 odborn\u00e1 \u010dinnos\u0165 je tradi\u010dn\u00e1 s\u00fa\u0165a\u017e a patr\u00ed medzi najstar\u0161ie a najroz\u0161\u00edrenej\u0161ie - v tomto roku sa z 325 \u0161k\u00f4l prihl\u00e1silo 5 174 \u0161tudentov s 4 052\u00a0 pr\u00e1cami.\u00a0","robots":{"index":"index","follow":"follow","max-snippet":"max-snippet:-1","max-image-preview":"max-image-preview:large","max-video-preview":"max-video-preview:-1"},"canonical":"https:\/\/archiv.siov.sk\/en\/socka-spaja-tradiciu-a-zaujem-stredoskolakov-uz-41-rokov\/","og_locale":"en_GB","og_type":"article","og_title":"SO\u010cka sp\u00e1ja trad\u00edciu a\u00a0z\u00e1ujem stredo\u0161kol\u00e1kov u\u017e 41 rokov - \u0160IOV - \u0161t\u00e1tny in\u0161tit\u00fat odborn\u00e9ho vzdel\u00e1vania","og_description":"Stredo\u0161kolsk\u00e1 odborn\u00e1 \u010dinnos\u0165 je tradi\u010dn\u00e1 s\u00fa\u0165a\u017e a patr\u00ed medzi najstar\u0161ie a najroz\u0161\u00edrenej\u0161ie - v tomto roku sa z 325 \u0161k\u00f4l prihl\u00e1silo 5 174 \u0161tudentov s 4 052\u00a0 pr\u00e1cami.\u00a0","og_url":"https:\/\/archiv.siov.sk\/en\/socka-spaja-tradiciu-a-zaujem-stredoskolakov-uz-41-rokov\/","og_site_name":"\u0160IOV - \u0161t\u00e1tny in\u0161tit\u00fat odborn\u00e9ho vzdel\u00e1vania","article_publisher":"https:\/\/www.facebook.com\/Statnyinstitutodbornehovzdelavania","article_published_time":"2019-04-15T11:50:26+00:00","article_modified_time":"2019-04-15T11:50:30+00:00","og_image":[{"width":1100,"height":445,"url":"https:\/\/archiv.siov.sk\/wp-content\/uploads\/2018\/01\/top_konferencia.jpg","type":"image\/jpeg"}],"author":"Katar\u00edna Kov\u00e1\u010dov\u00e1","twitter_card":"summary_large_image","twitter_misc":{"Written by":"Katar\u00edna Kov\u00e1\u010dov\u00e1","Estimated reading time":"1 minute"},"schema":{"@context":"https:\/\/schema.org","@graph":[{"@type":"Article","@id":"https:\/\/archiv.siov.sk\/socka-spaja-tradiciu-a-zaujem-stredoskolakov-uz-41-rokov\/#article","isPartOf":{"@id":"https:\/\/archiv.siov.sk\/socka-spaja-tradiciu-a-zaujem-stredoskolakov-uz-41-rokov\/"},"author":{"name":"Katar\u00edna Kov\u00e1\u010dov\u00e1","@id":"https:\/\/archiv.siov.sk\/#\/schema\/person\/e42d633fbd958c6a726e8834d8965e6c"},"headline":"SO\u010cka sp\u00e1ja trad\u00edciu a\u00a0z\u00e1ujem stredo\u0161kol\u00e1kov u\u017e 41 rokov","datePublished":"2019-04-15T11:50:26+00:00","dateModified":"2019-04-15T11:50:30+00:00","mainEntityOfPage":{"@id":"https:\/\/archiv.siov.sk\/socka-spaja-tradiciu-a-zaujem-stredoskolakov-uz-41-rokov\/"},"wordCount":190,"publisher":{"@id":"https:\/\/archiv.siov.sk\/#organization"},"image":{"@id":"https:\/\/archiv.siov.sk\/socka-spaja-tradiciu-a-zaujem-stredoskolakov-uz-41-rokov\/#primaryimage"},"thumbnailUrl":"https:\/\/archiv.siov.sk\/wp-content\/uploads\/2018\/01\/top_konferencia.jpg","articleSection":["Aktuality"],"inLanguage":"en-GB"},{"@type":"WebPage","@id":"https:\/\/archiv.siov.sk\/socka-spaja-tradiciu-a-zaujem-stredoskolakov-uz-41-rokov\/","url":"https:\/\/archiv.siov.sk\/socka-spaja-tradiciu-a-zaujem-stredoskolakov-uz-41-rokov\/","name":"SO\u010cka sp\u00e1ja trad\u00edciu a\u00a0z\u00e1ujem stredo\u0161kol\u00e1kov u\u017e 41 rokov - \u0160IOV - \u0161t\u00e1tny in\u0161tit\u00fat odborn\u00e9ho vzdel\u00e1vania","isPartOf":{"@id":"https:\/\/archiv.siov.sk\/#website"},"primaryImageOfPage":{"@id":"https:\/\/archiv.siov.sk\/socka-spaja-tradiciu-a-zaujem-stredoskolakov-uz-41-rokov\/#primaryimage"},"image":{"@id":"https:\/\/archiv.siov.sk\/socka-spaja-tradiciu-a-zaujem-stredoskolakov-uz-41-rokov\/#primaryimage"},"thumbnailUrl":"https:\/\/archiv.siov.sk\/wp-content\/uploads\/2018\/01\/top_konferencia.jpg","datePublished":"2019-04-15T11:50:26+00:00","dateModified":"2019-04-15T11:50:30+00:00","description":"Stredo\u0161kolsk\u00e1 odborn\u00e1 \u010dinnos\u0165 je tradi\u010dn\u00e1 s\u00fa\u0165a\u017e a patr\u00ed medzi najstar\u0161ie a najroz\u0161\u00edrenej\u0161ie - v tomto roku sa z 325 \u0161k\u00f4l prihl\u00e1silo 5 174 \u0161tudentov s 4 052\u00a0 pr\u00e1cami.\u00a0","breadcrumb":{"@id":"https:\/\/archiv.siov.sk\/socka-spaja-tradiciu-a-zaujem-stredoskolakov-uz-41-rokov\/#breadcrumb"},"inLanguage":"en-GB","potentialAction":[{"@type":"ReadAction","target":["https:\/\/archiv.siov.sk\/socka-spaja-tradiciu-a-zaujem-stredoskolakov-uz-41-rokov\/"]}]},{"@type":"ImageObject","inLanguage":"en-GB","@id":"https:\/\/archiv.siov.sk\/socka-spaja-tradiciu-a-zaujem-stredoskolakov-uz-41-rokov\/#primaryimage","url":"https:\/\/archiv.siov.sk\/wp-content\/uploads\/2018\/01\/top_konferencia.jpg","contentUrl":"https:\/\/archiv.siov.sk\/wp-content\/uploads\/2018\/01\/top_konferencia.jpg","width":1100,"height":445,"caption":"Pracovn\u00e9 stretnutie na t\u00e9mu \u201eDu\u00e1lne vzdel\u00e1vanie \u2013 najlep\u0161ia cesta pre na\u0161u bud\u00facnos\u0165\u201c"},{"@type":"BreadcrumbList","@id":"https:\/\/archiv.siov.sk\/socka-spaja-tradiciu-a-zaujem-stredoskolakov-uz-41-rokov\/#breadcrumb","itemListElement":[{"@type":"ListItem","position":1,"name":"Home","item":"https:\/\/archiv.siov.sk\/"},{"@type":"ListItem","position":2,"name":"SO\u010cka sp\u00e1ja trad\u00edciu a\u00a0z\u00e1ujem stredo\u0161kol\u00e1kov u\u017e 41 rokov"}]},{"@type":"WebSite","@id":"https:\/\/archiv.siov.sk\/#website","url":"https:\/\/archiv.siov.sk\/","name":"\u0160IOV - \u0161t\u00e1tny in\u0161tit\u00fat odborn\u00e9ho vzdel\u00e1vania","description":"","publisher":{"@id":"https:\/\/archiv.siov.sk\/#organization"},"potentialAction":[{"@type":"SearchAction","target":{"@type":"EntryPoint","urlTemplate":"https:\/\/archiv.siov.sk\/?s={search_term_string}"},"query-input":{"@type":"PropertyValueSpecification","valueRequired":true,"valueName":"search_term_string"}}],"inLanguage":"en-GB"},{"@type":"Organization","@id":"https:\/\/archiv.siov.sk\/#organization","name":"\u0160IOV - \u0161t\u00e1tny in\u0161tit\u00fat odborn\u00e9ho vzdel\u00e1vania","url":"https:\/\/archiv.siov.sk\/","logo":{"@type":"ImageObject","inLanguage":"en-GB","@id":"https:\/\/archiv.siov.sk\/#\/schema\/logo\/image\/","url":"https:\/\/archiv.siov.sk\/wp-content\/uploads\/2024\/02\/logo-SIOV.png","contentUrl":"https:\/\/archiv.siov.sk\/wp-content\/uploads\/2024\/02\/logo-SIOV.png","width":431,"height":143,"caption":"\u0160IOV - \u0161t\u00e1tny in\u0161tit\u00fat odborn\u00e9ho vzdel\u00e1vania"},"image":{"@id":"https:\/\/archiv.siov.sk\/#\/schema\/logo\/image\/"},"sameAs":["https:\/\/www.facebook.com\/Statnyinstitutodbornehovzdelavania"]},{"@type":"Person","@id":"https:\/\/archiv.siov.sk\/#\/schema\/person\/e42d633fbd958c6a726e8834d8965e6c","name":"Katar\u00edna Kov\u00e1\u010dov\u00e1","url":"https:\/\/archiv.siov.sk\/en\/author\/katkakovacova\/"}]}},"_links":{"self":[{"href":"https:\/\/archiv.siov.sk\/en\/wp-json\/wp\/v2\/posts\/3686","targetHints":{"allow":["GET"]}}],"collection":[{"href":"https:\/\/archiv.siov.sk\/en\/wp-json\/wp\/v2\/posts"}],"about":[{"href":"https:\/\/archiv.siov.sk\/en\/wp-json\/wp\/v2\/types\/post"}],"author":[{"embeddable":true,"href":"https:\/\/archiv.siov.sk\/en\/wp-json\/wp\/v2\/users\/6"}],"replies":[{"embeddable":true,"href":"https:\/\/archiv.siov.sk\/en\/wp-json\/wp\/v2\/comments?post=3686"}],"version-history":[{"count":1,"href":"https:\/\/archiv.siov.sk\/en\/wp-json\/wp\/v2\/posts\/3686\/revisions"}],"predecessor-version":[{"id":3687,"href":"https:\/\/archiv.siov.sk\/en\/wp-json\/wp\/v2\/posts\/3686\/revisions\/3687"}],"wp:featuredmedia":[{"embeddable":true,"href":"https:\/\/archiv.siov.sk\/en\/wp-json\/wp\/v2\/media\/2374"}],"wp:attachment":[{"href":"https:\/\/archiv.siov.sk\/en\/wp-json\/wp\/v2\/media?parent=3686"}],"wp:term":[{"taxonomy":"category","embeddable":true,"href":"https:\/\/archiv.siov.sk\/en\/wp-json\/wp\/v2\/categories?post=3686"},{"taxonomy":"post_tag","embeddable":true,"href":"https:\/\/archiv.siov.sk\/en\/wp-json\/wp\/v2\/tags?post=3686"}],"curies":[{"name":"wp","href":"https:\/\/api.w.org\/{rel}","templated":true}]}}