{"id":3681,"date":"2019-04-15T10:51:58","date_gmt":"2019-04-15T08:51:58","guid":{"rendered":"http:\/\/archiv.siov.sk\/?p=3681"},"modified":"2019-04-15T10:52:04","modified_gmt":"2019-04-15T08:52:04","slug":"regionalny-veltrh-a-kontraktacny-den-cvicnych-firiem-2019","status":"publish","type":"post","link":"https:\/\/archiv.siov.sk\/en\/regionalny-veltrh-a-kontraktacny-den-cvicnych-firiem-2019\/","title":{"rendered":"Region\u00e1lny ve\u013etrh a\u00a0Kontrakta\u010dn\u00fd de\u0148 cvi\u010dn\u00fdch firiem 2019"},"content":{"rendered":"<p><em>Bratislava &#8211; 15. apr\u00edla 2019 &#8211; V Miestnom kult\u00farnom centre v \u017diari nad Hronom sa 3. apr\u00edla 2019 na 23. region\u00e1lnom ve\u013etrhu a 11. kontrakta\u010dnom dni prezentovalo 18 stredn\u00fdch odborn\u00fdch \u0161k\u00f4l z Banskobystrick\u00e9ho, Ko\u0161ick\u00e9ho, Nitrianskeho, Trnavsk\u00e9ho kraja a 4 zahrani\u010dn\u00e9 \u0161koly.<\/em><\/p>\n<p>Region\u00e1lny ve\u013etrh v&nbsp;\u017diari nad Hronom bol zauj\u00edmav\u00fd aj t\u00fdm, \u017ee sa na \u0148om z\u00fa\u010dastnila a&nbsp;s\u00fa\u0165a\u017eila medzin\u00e1rodn\u00e1 slovensko &#8211; chorv\u00e1tsko &#8211; \u0161panielsko &#8211; talianska cvi\u010dn\u00e1 firma Yee travel agency, s.r.o., cestovn\u00e1 kancel\u00e1ria. T\u00e1to vznikla v&nbsp;r\u00e1mci projektu ERASMUS+, ktor\u00fd realizuje S\u0160 OA Detva. Na ve\u013etrhu sa celkom z\u00fa\u010dastnilo 25 cvi\u010dn\u00fdch firiem.<\/p>\n<p>Sme ve\u013emi radi, \u017ee n\u00e1s, zo Slovensk\u00e9ho centra cvi\u010dn\u00fdch firiem a Ing. O\u013egu Budinsk\u00fa, odborn\u00fa redaktorku Slovensk\u00e9ho pedagogick\u00e9ho nakladate\u013estva \u2013 Mlad\u00e9 let\u00e1 v&nbsp;Bratislave, prijali &nbsp;ako&nbsp;vz\u00e1cnu n\u00e1v\u0161tevu. Pozvanie prijala aj Ing. O\u013ega \u010euricov\u00e1, ktor\u00e1 je so S\u00fakromnou obchodnou akad\u00e9miou v&nbsp;\u017diari nad Hronom sp\u00e4t\u00e1 dlh\u00e9 roky nielen profesion\u00e1lne, ale aj tak rodinne, ako to u\u017e b\u00fdva pri u\u010dite\u013eskom povolan\u00ed a&nbsp;pre \u0161kolu a&nbsp;krajinu je aj v\u00fdnimo\u010dnou osobou ako jedna zo zakladateliek cvi\u010dn\u00fdch firiem na Slovensku. &nbsp;<\/p>\n<p>V&nbsp;r\u00e1mci ve\u013etrhu ale aj pred n\u00edm, cvi\u010dn\u00e9 firmy s\u00fa\u0165a\u017eili v&nbsp;kateg\u00f3ri\u00e1ch najlep\u0161ia elektronick\u00e1 prezent\u00e1cia,&nbsp; najlep\u0161\u00ed slogan, najlep\u0161\u00ed st\u00e1nok, najlep\u0161ie logo, najlep\u0161\u00ed katal\u00f3g.<\/p>\n<p>Po\u010das sl\u00e1vnostn\u00e9ho vyhodnotenia s\u00fa\u0165a\u017e\u00ed ve\u013etrhu a&nbsp;kontrakta\u010dn\u00e9ho d\u0148a cvi\u010dn\u00fdch firiem, bol vyhodnoten\u00fd aj 7. ro\u010dn\u00edk celoslovenskej s\u00fa\u0165a\u017ee \u201eNajlep\u0161\u00ed podnikate\u013esk\u00fd z\u00e1mer\u201c, ktor\u00fa vyhlasuje pravidelne \u0160IOV &#8211; Slovensk\u00e9 centrum cvi\u010dn\u00fdch firiem. Projekty hodnotili z\u00e1stupcovia Ekonomickej univerzity v&nbsp;Bratislave, Zdru\u017eenia mlad\u00fdch podnikate\u013eov Slovenska a SCCF. Ceny za SCCF odovzdali&nbsp; Ing. Gabriela Horeck\u00e1 a&nbsp;Mgr. Marta Maru\u0161incov\u00e1. V\u00ed\u0165azn\u00fdm t\u00edmom zo <strong>S\u0160 OA \u0160t\u00farova 848, Detva<\/strong>, <strong>OA DM Janotu, \u010cadca<\/strong> a&nbsp;SO\u0160, Kysuck\u00e1 14, Senec srde\u010dne gratulujeme. Vyhodnotenie n\u00e1jdete na <a href=\"http:\/\/www.sccf.sk\/sutaz-o-najlepsi-podniktelsky-zamer-40.html\">http:\/\/www.sccf.sk\/sutaz-o-najlepsi-podniktelsky-zamer-40.html<\/a>. Album 136 fotografi\u00ed n\u00e1jdete na &nbsp;FB str\u00e1nke pou\u017e\u00edvate\u013ea \u017diar nad Hronom vo fotografi\u00e1ch.<\/p>\n<p>Cenu Slovensk\u00e9ho centra cvi\u010dn\u00fdch firiem v&nbsp;r\u00e1mci aktu\u00e1lneho ve\u013etrhu a&nbsp;kontrakta\u010dn\u00e9ho d\u0148a cvi\u010dn\u00fdch firiem pre stredoslovensk\u00fd kraj z\u00edskala CF Propag\u00e1tor, s.r.o. zo Spojenej \u0161koly Modr\u00fd Kame\u0148. Celkov\u00e9 vyhodnotenie 23. region\u00e1lneho ve\u013etrhu a&nbsp;11. kontrakta\u010dn\u00e9ho d\u0148a cvi\u010dn\u00fdch firiem bude zverejnen\u00e9 na str\u00e1nke \u0161koly <a href=\"http:\/\/www.oazh.sk\">www.oazh.sk<\/a><\/p>","protected":false},"excerpt":{"rendered":"<p>Bratislava &#8211; 15. apr\u00edla 2019 &#8211; V Miestnom kult\u00farnom centre v \u017diari nad Hronom sa 3. apr\u00edla 2019 na 23. region\u00e1lnom ve\u013etrhu a 11. kontrakta\u010dnom dni prezentovalo 18 stredn\u00fdch odborn\u00fdch \u0161k\u00f4l z Banskobystrick\u00e9ho, Ko\u0161ick\u00e9ho, Nitrianskeho, Trnavsk\u00e9ho kraja a 4 zahrani\u010dn\u00e9 \u0161koly. Region\u00e1lny ve\u013etrh v&nbsp;\u017diari nad Hronom bol zauj\u00edmav\u00fd aj t\u00fdm, \u017ee sa na \u0148om z\u00fa\u010dastnila [&hellip;]<\/p>\n","protected":false},"author":6,"featured_media":2331,"comment_status":"closed","ping_status":"closed","sticky":false,"template":"","format":"standard","meta":{"site-sidebar-layout":"default","site-content-layout":"","ast-site-content-layout":"default","site-content-style":"default","site-sidebar-style":"default","ast-global-header-display":"","ast-banner-title-visibility":"","ast-main-header-display":"","ast-hfb-above-header-display":"","ast-hfb-below-header-display":"","ast-hfb-mobile-header-display":"","site-post-title":"","ast-breadcrumbs-content":"","ast-featured-img":"","footer-sml-layout":"","ast-disable-related-posts":"","theme-transparent-header-meta":"","adv-header-id-meta":"","stick-header-meta":"","header-above-stick-meta":"","header-main-stick-meta":"","header-below-stick-meta":"","astra-migrate-meta-layouts":"default","ast-page-background-enabled":"default","ast-page-background-meta":{"desktop":{"background-color":"var(--ast-global-color-4)","background-image":"","background-repeat":"repeat","background-position":"center center","background-size":"auto","background-attachment":"scroll","background-type":"","background-media":"","overlay-type":"","overlay-color":"","overlay-opacity":"","overlay-gradient":""},"tablet":{"background-color":"","background-image":"","background-repeat":"repeat","background-position":"center center","background-size":"auto","background-attachment":"scroll","background-type":"","background-media":"","overlay-type":"","overlay-color":"","overlay-opacity":"","overlay-gradient":""},"mobile":{"background-color":"","background-image":"","background-repeat":"repeat","background-position":"center center","background-size":"auto","background-attachment":"scroll","background-type":"","background-media":"","overlay-type":"","overlay-color":"","overlay-opacity":"","overlay-gradient":""}},"ast-content-background-meta":{"desktop":{"background-color":"var(--ast-global-color-5)","background-image":"","background-repeat":"repeat","background-position":"center center","background-size":"auto","background-attachment":"scroll","background-type":"","background-media":"","overlay-type":"","overlay-color":"","overlay-opacity":"","overlay-gradient":""},"tablet":{"background-color":"var(--ast-global-color-5)","background-image":"","background-repeat":"repeat","background-position":"center center","background-size":"auto","background-attachment":"scroll","background-type":"","background-media":"","overlay-type":"","overlay-color":"","overlay-opacity":"","overlay-gradient":""},"mobile":{"background-color":"var(--ast-global-color-5)","background-image":"","background-repeat":"repeat","background-position":"center center","background-size":"auto","background-attachment":"scroll","background-type":"","background-media":"","overlay-type":"","overlay-color":"","overlay-opacity":"","overlay-gradient":""}},"footnotes":""},"categories":[1],"tags":[],"class_list":["post-3681","post","type-post","status-publish","format-standard","has-post-thumbnail","hentry","category-aktuality"],"yoast_head":"<!-- This site is optimized with the Yoast SEO plugin v27.5 - https:\/\/yoast.com\/product\/yoast-seo-wordpress\/ -->\n<title>Region\u00e1lny ve\u013etrh a\u00a0Kontrakta\u010dn\u00fd de\u0148 cvi\u010dn\u00fdch firiem 2019 - \u0160IOV - \u0161t\u00e1tny in\u0161tit\u00fat odborn\u00e9ho vzdel\u00e1vania<\/title>\n<meta name=\"description\" content=\"V Miestnom kult\u00farnom centre v \u017diari nad Hronom sa 3. apr\u00edla 2019 na 23. region\u00e1lnom ve\u013etrhu a 11. kontrakta\u010dnom dni prezentovalo 18 stredn\u00fdch odborn\u00fdch \u0161k\u00f4l z Banskobystrick\u00e9ho, Ko\u0161ick\u00e9ho, Nitrianskeho, Trnavsk\u00e9ho kraja a 4 zahrani\u010dn\u00e9 \u0161koly.\" \/>\n<meta name=\"robots\" content=\"index, follow, max-snippet:-1, max-image-preview:large, max-video-preview:-1\" \/>\n<link rel=\"canonical\" href=\"https:\/\/archiv.siov.sk\/en\/regionalny-veltrh-a-kontraktacny-den-cvicnych-firiem-2019\/\" \/>\n<meta property=\"og:locale\" content=\"en_GB\" \/>\n<meta property=\"og:type\" content=\"article\" \/>\n<meta property=\"og:title\" content=\"Region\u00e1lny ve\u013etrh a\u00a0Kontrakta\u010dn\u00fd de\u0148 cvi\u010dn\u00fdch firiem 2019 - \u0160IOV - \u0161t\u00e1tny in\u0161tit\u00fat odborn\u00e9ho vzdel\u00e1vania\" \/>\n<meta property=\"og:description\" content=\"V Miestnom kult\u00farnom centre v \u017diari nad Hronom sa 3. apr\u00edla 2019 na 23. region\u00e1lnom ve\u013etrhu a 11. kontrakta\u010dnom dni prezentovalo 18 stredn\u00fdch odborn\u00fdch \u0161k\u00f4l z Banskobystrick\u00e9ho, Ko\u0161ick\u00e9ho, Nitrianskeho, Trnavsk\u00e9ho kraja a 4 zahrani\u010dn\u00e9 \u0161koly.\" \/>\n<meta property=\"og:url\" content=\"https:\/\/archiv.siov.sk\/en\/regionalny-veltrh-a-kontraktacny-den-cvicnych-firiem-2019\/\" \/>\n<meta property=\"og:site_name\" content=\"\u0160IOV - \u0161t\u00e1tny in\u0161tit\u00fat odborn\u00e9ho vzdel\u00e1vania\" \/>\n<meta property=\"article:publisher\" content=\"https:\/\/www.facebook.com\/Statnyinstitutodbornehovzdelavania\" \/>\n<meta property=\"article:published_time\" content=\"2019-04-15T08:51:58+00:00\" \/>\n<meta property=\"article:modified_time\" content=\"2019-04-15T08:52:04+00:00\" \/>\n<meta property=\"og:image\" content=\"https:\/\/archiv.siov.sk\/wp-content\/uploads\/2019\/02\/top_cvicne.jpg\" \/>\n\t<meta property=\"og:image:width\" content=\"1100\" \/>\n\t<meta property=\"og:image:height\" content=\"445\" \/>\n\t<meta property=\"og:image:type\" content=\"image\/jpeg\" \/>\n<meta name=\"author\" content=\"Katar\u00edna Kov\u00e1\u010dov\u00e1\" \/>\n<meta name=\"twitter:card\" content=\"summary_large_image\" \/>\n<meta name=\"twitter:label1\" content=\"Written by\" \/>\n\t<meta name=\"twitter:data1\" content=\"Katar\u00edna Kov\u00e1\u010dov\u00e1\" \/>\n\t<meta name=\"twitter:label2\" content=\"Estimated reading time\" \/>\n\t<meta name=\"twitter:data2\" content=\"2 minutes\" \/>\n<script type=\"application\/ld+json\" class=\"yoast-schema-graph\">{\"@context\":\"https:\\\/\\\/schema.org\",\"@graph\":[{\"@type\":\"Article\",\"@id\":\"https:\\\/\\\/archiv.siov.sk\\\/regionalny-veltrh-a-kontraktacny-den-cvicnych-firiem-2019\\\/#article\",\"isPartOf\":{\"@id\":\"https:\\\/\\\/archiv.siov.sk\\\/regionalny-veltrh-a-kontraktacny-den-cvicnych-firiem-2019\\\/\"},\"author\":{\"name\":\"Katar\u00edna Kov\u00e1\u010dov\u00e1\",\"@id\":\"https:\\\/\\\/archiv.siov.sk\\\/#\\\/schema\\\/person\\\/e42d633fbd958c6a726e8834d8965e6c\"},\"headline\":\"Region\u00e1lny ve\u013etrh a\u00a0Kontrakta\u010dn\u00fd de\u0148 cvi\u010dn\u00fdch firiem 2019\",\"datePublished\":\"2019-04-15T08:51:58+00:00\",\"dateModified\":\"2019-04-15T08:52:04+00:00\",\"mainEntityOfPage\":{\"@id\":\"https:\\\/\\\/archiv.siov.sk\\\/regionalny-veltrh-a-kontraktacny-den-cvicnych-firiem-2019\\\/\"},\"wordCount\":477,\"publisher\":{\"@id\":\"https:\\\/\\\/archiv.siov.sk\\\/#organization\"},\"image\":{\"@id\":\"https:\\\/\\\/archiv.siov.sk\\\/regionalny-veltrh-a-kontraktacny-den-cvicnych-firiem-2019\\\/#primaryimage\"},\"thumbnailUrl\":\"https:\\\/\\\/archiv.siov.sk\\\/wp-content\\\/uploads\\\/2019\\\/02\\\/top_cvicne.jpg\",\"articleSection\":[\"Aktuality\"],\"inLanguage\":\"en-GB\"},{\"@type\":\"WebPage\",\"@id\":\"https:\\\/\\\/archiv.siov.sk\\\/regionalny-veltrh-a-kontraktacny-den-cvicnych-firiem-2019\\\/\",\"url\":\"https:\\\/\\\/archiv.siov.sk\\\/regionalny-veltrh-a-kontraktacny-den-cvicnych-firiem-2019\\\/\",\"name\":\"Region\u00e1lny ve\u013etrh a\u00a0Kontrakta\u010dn\u00fd de\u0148 cvi\u010dn\u00fdch firiem 2019 - \u0160IOV - \u0161t\u00e1tny in\u0161tit\u00fat odborn\u00e9ho vzdel\u00e1vania\",\"isPartOf\":{\"@id\":\"https:\\\/\\\/archiv.siov.sk\\\/#website\"},\"primaryImageOfPage\":{\"@id\":\"https:\\\/\\\/archiv.siov.sk\\\/regionalny-veltrh-a-kontraktacny-den-cvicnych-firiem-2019\\\/#primaryimage\"},\"image\":{\"@id\":\"https:\\\/\\\/archiv.siov.sk\\\/regionalny-veltrh-a-kontraktacny-den-cvicnych-firiem-2019\\\/#primaryimage\"},\"thumbnailUrl\":\"https:\\\/\\\/archiv.siov.sk\\\/wp-content\\\/uploads\\\/2019\\\/02\\\/top_cvicne.jpg\",\"datePublished\":\"2019-04-15T08:51:58+00:00\",\"dateModified\":\"2019-04-15T08:52:04+00:00\",\"description\":\"V Miestnom kult\u00farnom centre v \u017diari nad Hronom sa 3. apr\u00edla 2019 na 23. region\u00e1lnom ve\u013etrhu a 11. kontrakta\u010dnom dni prezentovalo 18 stredn\u00fdch odborn\u00fdch \u0161k\u00f4l z Banskobystrick\u00e9ho, Ko\u0161ick\u00e9ho, Nitrianskeho, Trnavsk\u00e9ho kraja a 4 zahrani\u010dn\u00e9 \u0161koly.\",\"breadcrumb\":{\"@id\":\"https:\\\/\\\/archiv.siov.sk\\\/regionalny-veltrh-a-kontraktacny-den-cvicnych-firiem-2019\\\/#breadcrumb\"},\"inLanguage\":\"en-GB\",\"potentialAction\":[{\"@type\":\"ReadAction\",\"target\":[\"https:\\\/\\\/archiv.siov.sk\\\/regionalny-veltrh-a-kontraktacny-den-cvicnych-firiem-2019\\\/\"]}]},{\"@type\":\"ImageObject\",\"inLanguage\":\"en-GB\",\"@id\":\"https:\\\/\\\/archiv.siov.sk\\\/regionalny-veltrh-a-kontraktacny-den-cvicnych-firiem-2019\\\/#primaryimage\",\"url\":\"https:\\\/\\\/archiv.siov.sk\\\/wp-content\\\/uploads\\\/2019\\\/02\\\/top_cvicne.jpg\",\"contentUrl\":\"https:\\\/\\\/archiv.siov.sk\\\/wp-content\\\/uploads\\\/2019\\\/02\\\/top_cvicne.jpg\",\"width\":1100,\"height\":445,\"caption\":\"Ve\u013etrh cvi\u010dn\u00fdch firiem prever\u00ed firmy zalo\u017een\u00e9 \u017eiakmi stredn\u00fdch \u0161k\u00f4l\"},{\"@type\":\"BreadcrumbList\",\"@id\":\"https:\\\/\\\/archiv.siov.sk\\\/regionalny-veltrh-a-kontraktacny-den-cvicnych-firiem-2019\\\/#breadcrumb\",\"itemListElement\":[{\"@type\":\"ListItem\",\"position\":1,\"name\":\"Home\",\"item\":\"https:\\\/\\\/archiv.siov.sk\\\/\"},{\"@type\":\"ListItem\",\"position\":2,\"name\":\"Region\u00e1lny ve\u013etrh a\u00a0Kontrakta\u010dn\u00fd de\u0148 cvi\u010dn\u00fdch firiem 2019\"}]},{\"@type\":\"WebSite\",\"@id\":\"https:\\\/\\\/archiv.siov.sk\\\/#website\",\"url\":\"https:\\\/\\\/archiv.siov.sk\\\/\",\"name\":\"\u0160IOV - \u0161t\u00e1tny in\u0161tit\u00fat odborn\u00e9ho vzdel\u00e1vania\",\"description\":\"\",\"publisher\":{\"@id\":\"https:\\\/\\\/archiv.siov.sk\\\/#organization\"},\"potentialAction\":[{\"@type\":\"SearchAction\",\"target\":{\"@type\":\"EntryPoint\",\"urlTemplate\":\"https:\\\/\\\/archiv.siov.sk\\\/?s={search_term_string}\"},\"query-input\":{\"@type\":\"PropertyValueSpecification\",\"valueRequired\":true,\"valueName\":\"search_term_string\"}}],\"inLanguage\":\"en-GB\"},{\"@type\":\"Organization\",\"@id\":\"https:\\\/\\\/archiv.siov.sk\\\/#organization\",\"name\":\"\u0160IOV - \u0161t\u00e1tny in\u0161tit\u00fat odborn\u00e9ho vzdel\u00e1vania\",\"url\":\"https:\\\/\\\/archiv.siov.sk\\\/\",\"logo\":{\"@type\":\"ImageObject\",\"inLanguage\":\"en-GB\",\"@id\":\"https:\\\/\\\/archiv.siov.sk\\\/#\\\/schema\\\/logo\\\/image\\\/\",\"url\":\"https:\\\/\\\/archiv.siov.sk\\\/wp-content\\\/uploads\\\/2024\\\/02\\\/logo-SIOV.png\",\"contentUrl\":\"https:\\\/\\\/archiv.siov.sk\\\/wp-content\\\/uploads\\\/2024\\\/02\\\/logo-SIOV.png\",\"width\":431,\"height\":143,\"caption\":\"\u0160IOV - \u0161t\u00e1tny in\u0161tit\u00fat odborn\u00e9ho vzdel\u00e1vania\"},\"image\":{\"@id\":\"https:\\\/\\\/archiv.siov.sk\\\/#\\\/schema\\\/logo\\\/image\\\/\"},\"sameAs\":[\"https:\\\/\\\/www.facebook.com\\\/Statnyinstitutodbornehovzdelavania\"]},{\"@type\":\"Person\",\"@id\":\"https:\\\/\\\/archiv.siov.sk\\\/#\\\/schema\\\/person\\\/e42d633fbd958c6a726e8834d8965e6c\",\"name\":\"Katar\u00edna Kov\u00e1\u010dov\u00e1\",\"url\":\"https:\\\/\\\/archiv.siov.sk\\\/en\\\/author\\\/katkakovacova\\\/\"}]}<\/script>\n<!-- \/ Yoast SEO plugin. -->","yoast_head_json":{"title":"Region\u00e1lny ve\u013etrh a\u00a0Kontrakta\u010dn\u00fd de\u0148 cvi\u010dn\u00fdch firiem 2019 - \u0160IOV - \u0161t\u00e1tny in\u0161tit\u00fat odborn\u00e9ho vzdel\u00e1vania","description":"V Miestnom kult\u00farnom centre v \u017diari nad Hronom sa 3. apr\u00edla 2019 na 23. region\u00e1lnom ve\u013etrhu a 11. kontrakta\u010dnom dni prezentovalo 18 stredn\u00fdch odborn\u00fdch \u0161k\u00f4l z Banskobystrick\u00e9ho, Ko\u0161ick\u00e9ho, Nitrianskeho, Trnavsk\u00e9ho kraja a 4 zahrani\u010dn\u00e9 \u0161koly.","robots":{"index":"index","follow":"follow","max-snippet":"max-snippet:-1","max-image-preview":"max-image-preview:large","max-video-preview":"max-video-preview:-1"},"canonical":"https:\/\/archiv.siov.sk\/en\/regionalny-veltrh-a-kontraktacny-den-cvicnych-firiem-2019\/","og_locale":"en_GB","og_type":"article","og_title":"Region\u00e1lny ve\u013etrh a\u00a0Kontrakta\u010dn\u00fd de\u0148 cvi\u010dn\u00fdch firiem 2019 - \u0160IOV - \u0161t\u00e1tny in\u0161tit\u00fat odborn\u00e9ho vzdel\u00e1vania","og_description":"V Miestnom kult\u00farnom centre v \u017diari nad Hronom sa 3. apr\u00edla 2019 na 23. region\u00e1lnom ve\u013etrhu a 11. kontrakta\u010dnom dni prezentovalo 18 stredn\u00fdch odborn\u00fdch \u0161k\u00f4l z Banskobystrick\u00e9ho, Ko\u0161ick\u00e9ho, Nitrianskeho, Trnavsk\u00e9ho kraja a 4 zahrani\u010dn\u00e9 \u0161koly.","og_url":"https:\/\/archiv.siov.sk\/en\/regionalny-veltrh-a-kontraktacny-den-cvicnych-firiem-2019\/","og_site_name":"\u0160IOV - \u0161t\u00e1tny in\u0161tit\u00fat odborn\u00e9ho vzdel\u00e1vania","article_publisher":"https:\/\/www.facebook.com\/Statnyinstitutodbornehovzdelavania","article_published_time":"2019-04-15T08:51:58+00:00","article_modified_time":"2019-04-15T08:52:04+00:00","og_image":[{"width":1100,"height":445,"url":"https:\/\/archiv.siov.sk\/wp-content\/uploads\/2019\/02\/top_cvicne.jpg","type":"image\/jpeg"}],"author":"Katar\u00edna Kov\u00e1\u010dov\u00e1","twitter_card":"summary_large_image","twitter_misc":{"Written by":"Katar\u00edna Kov\u00e1\u010dov\u00e1","Estimated reading time":"2 minutes"},"schema":{"@context":"https:\/\/schema.org","@graph":[{"@type":"Article","@id":"https:\/\/archiv.siov.sk\/regionalny-veltrh-a-kontraktacny-den-cvicnych-firiem-2019\/#article","isPartOf":{"@id":"https:\/\/archiv.siov.sk\/regionalny-veltrh-a-kontraktacny-den-cvicnych-firiem-2019\/"},"author":{"name":"Katar\u00edna Kov\u00e1\u010dov\u00e1","@id":"https:\/\/archiv.siov.sk\/#\/schema\/person\/e42d633fbd958c6a726e8834d8965e6c"},"headline":"Region\u00e1lny ve\u013etrh a\u00a0Kontrakta\u010dn\u00fd de\u0148 cvi\u010dn\u00fdch firiem 2019","datePublished":"2019-04-15T08:51:58+00:00","dateModified":"2019-04-15T08:52:04+00:00","mainEntityOfPage":{"@id":"https:\/\/archiv.siov.sk\/regionalny-veltrh-a-kontraktacny-den-cvicnych-firiem-2019\/"},"wordCount":477,"publisher":{"@id":"https:\/\/archiv.siov.sk\/#organization"},"image":{"@id":"https:\/\/archiv.siov.sk\/regionalny-veltrh-a-kontraktacny-den-cvicnych-firiem-2019\/#primaryimage"},"thumbnailUrl":"https:\/\/archiv.siov.sk\/wp-content\/uploads\/2019\/02\/top_cvicne.jpg","articleSection":["Aktuality"],"inLanguage":"en-GB"},{"@type":"WebPage","@id":"https:\/\/archiv.siov.sk\/regionalny-veltrh-a-kontraktacny-den-cvicnych-firiem-2019\/","url":"https:\/\/archiv.siov.sk\/regionalny-veltrh-a-kontraktacny-den-cvicnych-firiem-2019\/","name":"Region\u00e1lny ve\u013etrh a\u00a0Kontrakta\u010dn\u00fd de\u0148 cvi\u010dn\u00fdch firiem 2019 - \u0160IOV - \u0161t\u00e1tny in\u0161tit\u00fat odborn\u00e9ho vzdel\u00e1vania","isPartOf":{"@id":"https:\/\/archiv.siov.sk\/#website"},"primaryImageOfPage":{"@id":"https:\/\/archiv.siov.sk\/regionalny-veltrh-a-kontraktacny-den-cvicnych-firiem-2019\/#primaryimage"},"image":{"@id":"https:\/\/archiv.siov.sk\/regionalny-veltrh-a-kontraktacny-den-cvicnych-firiem-2019\/#primaryimage"},"thumbnailUrl":"https:\/\/archiv.siov.sk\/wp-content\/uploads\/2019\/02\/top_cvicne.jpg","datePublished":"2019-04-15T08:51:58+00:00","dateModified":"2019-04-15T08:52:04+00:00","description":"V Miestnom kult\u00farnom centre v \u017diari nad Hronom sa 3. apr\u00edla 2019 na 23. region\u00e1lnom ve\u013etrhu a 11. kontrakta\u010dnom dni prezentovalo 18 stredn\u00fdch odborn\u00fdch \u0161k\u00f4l z Banskobystrick\u00e9ho, Ko\u0161ick\u00e9ho, Nitrianskeho, Trnavsk\u00e9ho kraja a 4 zahrani\u010dn\u00e9 \u0161koly.","breadcrumb":{"@id":"https:\/\/archiv.siov.sk\/regionalny-veltrh-a-kontraktacny-den-cvicnych-firiem-2019\/#breadcrumb"},"inLanguage":"en-GB","potentialAction":[{"@type":"ReadAction","target":["https:\/\/archiv.siov.sk\/regionalny-veltrh-a-kontraktacny-den-cvicnych-firiem-2019\/"]}]},{"@type":"ImageObject","inLanguage":"en-GB","@id":"https:\/\/archiv.siov.sk\/regionalny-veltrh-a-kontraktacny-den-cvicnych-firiem-2019\/#primaryimage","url":"https:\/\/archiv.siov.sk\/wp-content\/uploads\/2019\/02\/top_cvicne.jpg","contentUrl":"https:\/\/archiv.siov.sk\/wp-content\/uploads\/2019\/02\/top_cvicne.jpg","width":1100,"height":445,"caption":"Ve\u013etrh cvi\u010dn\u00fdch firiem prever\u00ed firmy zalo\u017een\u00e9 \u017eiakmi stredn\u00fdch \u0161k\u00f4l"},{"@type":"BreadcrumbList","@id":"https:\/\/archiv.siov.sk\/regionalny-veltrh-a-kontraktacny-den-cvicnych-firiem-2019\/#breadcrumb","itemListElement":[{"@type":"ListItem","position":1,"name":"Home","item":"https:\/\/archiv.siov.sk\/"},{"@type":"ListItem","position":2,"name":"Region\u00e1lny ve\u013etrh a\u00a0Kontrakta\u010dn\u00fd de\u0148 cvi\u010dn\u00fdch firiem 2019"}]},{"@type":"WebSite","@id":"https:\/\/archiv.siov.sk\/#website","url":"https:\/\/archiv.siov.sk\/","name":"\u0160IOV - \u0161t\u00e1tny in\u0161tit\u00fat odborn\u00e9ho vzdel\u00e1vania","description":"","publisher":{"@id":"https:\/\/archiv.siov.sk\/#organization"},"potentialAction":[{"@type":"SearchAction","target":{"@type":"EntryPoint","urlTemplate":"https:\/\/archiv.siov.sk\/?s={search_term_string}"},"query-input":{"@type":"PropertyValueSpecification","valueRequired":true,"valueName":"search_term_string"}}],"inLanguage":"en-GB"},{"@type":"Organization","@id":"https:\/\/archiv.siov.sk\/#organization","name":"\u0160IOV - \u0161t\u00e1tny in\u0161tit\u00fat odborn\u00e9ho vzdel\u00e1vania","url":"https:\/\/archiv.siov.sk\/","logo":{"@type":"ImageObject","inLanguage":"en-GB","@id":"https:\/\/archiv.siov.sk\/#\/schema\/logo\/image\/","url":"https:\/\/archiv.siov.sk\/wp-content\/uploads\/2024\/02\/logo-SIOV.png","contentUrl":"https:\/\/archiv.siov.sk\/wp-content\/uploads\/2024\/02\/logo-SIOV.png","width":431,"height":143,"caption":"\u0160IOV - \u0161t\u00e1tny in\u0161tit\u00fat odborn\u00e9ho vzdel\u00e1vania"},"image":{"@id":"https:\/\/archiv.siov.sk\/#\/schema\/logo\/image\/"},"sameAs":["https:\/\/www.facebook.com\/Statnyinstitutodbornehovzdelavania"]},{"@type":"Person","@id":"https:\/\/archiv.siov.sk\/#\/schema\/person\/e42d633fbd958c6a726e8834d8965e6c","name":"Katar\u00edna Kov\u00e1\u010dov\u00e1","url":"https:\/\/archiv.siov.sk\/en\/author\/katkakovacova\/"}]}},"_links":{"self":[{"href":"https:\/\/archiv.siov.sk\/en\/wp-json\/wp\/v2\/posts\/3681","targetHints":{"allow":["GET"]}}],"collection":[{"href":"https:\/\/archiv.siov.sk\/en\/wp-json\/wp\/v2\/posts"}],"about":[{"href":"https:\/\/archiv.siov.sk\/en\/wp-json\/wp\/v2\/types\/post"}],"author":[{"embeddable":true,"href":"https:\/\/archiv.siov.sk\/en\/wp-json\/wp\/v2\/users\/6"}],"replies":[{"embeddable":true,"href":"https:\/\/archiv.siov.sk\/en\/wp-json\/wp\/v2\/comments?post=3681"}],"version-history":[{"count":1,"href":"https:\/\/archiv.siov.sk\/en\/wp-json\/wp\/v2\/posts\/3681\/revisions"}],"predecessor-version":[{"id":3682,"href":"https:\/\/archiv.siov.sk\/en\/wp-json\/wp\/v2\/posts\/3681\/revisions\/3682"}],"wp:featuredmedia":[{"embeddable":true,"href":"https:\/\/archiv.siov.sk\/en\/wp-json\/wp\/v2\/media\/2331"}],"wp:attachment":[{"href":"https:\/\/archiv.siov.sk\/en\/wp-json\/wp\/v2\/media?parent=3681"}],"wp:term":[{"taxonomy":"category","embeddable":true,"href":"https:\/\/archiv.siov.sk\/en\/wp-json\/wp\/v2\/categories?post=3681"},{"taxonomy":"post_tag","embeddable":true,"href":"https:\/\/archiv.siov.sk\/en\/wp-json\/wp\/v2\/tags?post=3681"}],"curies":[{"name":"wp","href":"https:\/\/api.w.org\/{rel}","templated":true}]}}