{"id":3674,"date":"2019-04-11T13:41:09","date_gmt":"2019-04-11T11:41:09","guid":{"rendered":"http:\/\/archiv.siov.sk\/?p=3674"},"modified":"2019-04-11T13:45:03","modified_gmt":"2019-04-11T11:45:03","slug":"su-zakladne-zrucnosti-temou-pre-slovensko","status":"publish","type":"post","link":"https:\/\/archiv.siov.sk\/en\/su-zakladne-zrucnosti-temou-pre-slovensko\/","title":{"rendered":"POZV\u00c1NKA &#8211; S\u00fa z\u00e1kladn\u00e9 zru\u010dnosti t\u00e9mou pre Slovensko?"},"content":{"rendered":"<p><strong>POZV\u00c1NKA&nbsp;<\/strong><\/p>\n<p>&nbsp;<\/p>\n<p>\u0160t\u00e1tny in\u0161tit\u00fat odborn\u00e9ho vzdel\u00e1vania v spolupr\u00e1ci s odborom celo\u017eivotn\u00e9ho vzdel\u00e1vania M\u0160VVa\u0160 SR si V\u00e1s dovo\u013euje pozva\u0165&nbsp;na konferenciu&nbsp;<\/p>\n<p><strong>S\u00fa z\u00e1kladn\u00e9 zru\u010dnosti t\u00e9mou pre Slovensko?&nbsp;<\/strong><\/p>\n<p>d\u0148a&nbsp;<strong>25. 4. 2019&nbsp;<\/strong>v Bratislave.<\/p>\n<p>\u200b<\/p>\n<p>Konferencia sa pok\u00fasi odpoveda\u0165 na ot\u00e1zky:&nbsp;<\/p>\n<p><em>&#8211; O ak\u00fdch zru\u010dnostiach vlastne hovor\u00edme a kto sa nimi m\u00e1 zaobera\u0165?<\/em><\/p>\n<p><em>&#8211; Potrebuje Slovensko rie\u0161i\u0165 ot\u00e1zku \u010ditate\u013eskej gramotnosti?<\/em><\/p>\n<p><em>&#8211; Ak\u00e9 pr\u00edstupy je vhodn\u00e9 pou\u017e\u00edva\u0165 pri rozvoji z\u00e1kladn\u00fdch zru\u010dnost\u00ed u n\u00edzkokvalifikovan\u00fdch os\u00f4b?<\/em><\/p>\n<p><em>&#8211; Ak\u00e9 pr\u00edstupy sa vyu\u017e\u00edvaj\u00fa v E\u00da?&nbsp;<\/em><\/p>\n<p>&nbsp;<\/p>\n<p>Konferencia je otv\u00e1rac\u00edm podujat\u00edm projektu <strong><em>BLUESS &#8211; Pl\u00e1n rozvoja z\u00e1kladn\u00fdch zru\u010dnost\u00ed v SR<\/em><\/strong>, ktor\u00fd realizuje odbor eur\u00f3pskych polit\u00edk \u0160IOV s partnermi &#8211; \u00dastred\u00edm pr\u00e1ce, soci\u00e1lnych vec\u00ed a rodiny SR,&nbsp;Ministerstvom \u0161kolstva, vedy, v\u00fdskumu a \u0161portu SR,&nbsp;Eur\u00f3pskou asoci\u00e1ciou pre vzdel\u00e1vanie dospel\u00fdch (EAEA), \u00edrskou organiz\u00e1ciou AONTAS, Eur\u00f3pskou sie\u0165ou pre z\u00e1kladn\u00e9 zru\u010dnosti (EBSN), Asoci\u00e1ciou in\u0161tit\u00faci\u00ed vzdel\u00e1vania dospel\u00fdch (AIVD) a Zdru\u017een\u00edm pre kari\u00e9rov\u00e9 poradenstvo a rozvoj kari\u00e9ry.<\/p>\n<p>Projekt podporila Eur\u00f3pska komisia v r\u00e1mci programu EaSI (Program pre zamestnanie a inov\u00e1cie).\u200b<\/p>\n<p>&nbsp;<\/p>\n<p><a href=\"https:\/\/docs.google.com\/forms\/d\/1G06J8_ty2KhhoqFhdF5aDLd9MtMA4ozTbLAF2rE1l3A\/edit\"><strong>Registr\u00e1cia na konferenciu<\/strong><strong>\u200b<\/strong><\/a><strong>&nbsp;<\/strong>je mo\u017en\u00e1 do 18. 4. 2019.<\/p>\n<p>&nbsp;<\/p>\n<p>V pr\u00edpade ot\u00e1zok n\u00e1s kontaktujte e-mailom&nbsp;na adrese <a href=\"mailto:bluess@siov.sk\">bluess@siov.sk<\/a>&nbsp;\u200b<\/p>\n<p>&nbsp;<\/p>\n<p><a href=\"https:\/\/archiv.siov.sk\/wp-content\/uploads\/2019\/04\/BLUESS-konferencia-25.4.-predbezny-program_.pdf\">BLUESS konferencia_predbezny program<\/a><\/p>","protected":false},"excerpt":{"rendered":"<p>POZV\u00c1NKA&nbsp; &nbsp; \u0160t\u00e1tny in\u0161tit\u00fat odborn\u00e9ho vzdel\u00e1vania v spolupr\u00e1ci s odborom celo\u017eivotn\u00e9ho vzdel\u00e1vania M\u0160VVa\u0160 SR si V\u00e1s dovo\u013euje pozva\u0165&nbsp;na konferenciu&nbsp; S\u00fa z\u00e1kladn\u00e9 zru\u010dnosti t\u00e9mou pre Slovensko?&nbsp; d\u0148a&nbsp;25. 4. 2019&nbsp;v Bratislave. \u200b Konferencia sa pok\u00fasi odpoveda\u0165 na ot\u00e1zky:&nbsp; &#8211; O ak\u00fdch zru\u010dnostiach vlastne hovor\u00edme a kto sa nimi m\u00e1 zaobera\u0165? &#8211; Potrebuje Slovensko rie\u0161i\u0165 ot\u00e1zku \u010ditate\u013eskej gramotnosti? [&hellip;]<\/p>\n","protected":false},"author":6,"featured_media":2355,"comment_status":"closed","ping_status":"closed","sticky":false,"template":"","format":"standard","meta":{"site-sidebar-layout":"default","site-content-layout":"","ast-site-content-layout":"default","site-content-style":"default","site-sidebar-style":"default","ast-global-header-display":"","ast-banner-title-visibility":"","ast-main-header-display":"","ast-hfb-above-header-display":"","ast-hfb-below-header-display":"","ast-hfb-mobile-header-display":"","site-post-title":"","ast-breadcrumbs-content":"","ast-featured-img":"","footer-sml-layout":"","ast-disable-related-posts":"","theme-transparent-header-meta":"","adv-header-id-meta":"","stick-header-meta":"","header-above-stick-meta":"","header-main-stick-meta":"","header-below-stick-meta":"","astra-migrate-meta-layouts":"default","ast-page-background-enabled":"default","ast-page-background-meta":{"desktop":{"background-color":"var(--ast-global-color-4)","background-image":"","background-repeat":"repeat","background-position":"center center","background-size":"auto","background-attachment":"scroll","background-type":"","background-media":"","overlay-type":"","overlay-color":"","overlay-opacity":"","overlay-gradient":""},"tablet":{"background-color":"","background-image":"","background-repeat":"repeat","background-position":"center center","background-size":"auto","background-attachment":"scroll","background-type":"","background-media":"","overlay-type":"","overlay-color":"","overlay-opacity":"","overlay-gradient":""},"mobile":{"background-color":"","background-image":"","background-repeat":"repeat","background-position":"center center","background-size":"auto","background-attachment":"scroll","background-type":"","background-media":"","overlay-type":"","overlay-color":"","overlay-opacity":"","overlay-gradient":""}},"ast-content-background-meta":{"desktop":{"background-color":"var(--ast-global-color-5)","background-image":"","background-repeat":"repeat","background-position":"center center","background-size":"auto","background-attachment":"scroll","background-type":"","background-media":"","overlay-type":"","overlay-color":"","overlay-opacity":"","overlay-gradient":""},"tablet":{"background-color":"var(--ast-global-color-5)","background-image":"","background-repeat":"repeat","background-position":"center center","background-size":"auto","background-attachment":"scroll","background-type":"","background-media":"","overlay-type":"","overlay-color":"","overlay-opacity":"","overlay-gradient":""},"mobile":{"background-color":"var(--ast-global-color-5)","background-image":"","background-repeat":"repeat","background-position":"center center","background-size":"auto","background-attachment":"scroll","background-type":"","background-media":"","overlay-type":"","overlay-color":"","overlay-opacity":"","overlay-gradient":""}},"footnotes":""},"categories":[1],"tags":[],"class_list":["post-3674","post","type-post","status-publish","format-standard","has-post-thumbnail","hentry","category-aktuality"],"yoast_head":"<!-- This site is optimized with the Yoast SEO plugin v27.5 - https:\/\/yoast.com\/product\/yoast-seo-wordpress\/ -->\n<title>POZV\u00c1NKA - S\u00fa z\u00e1kladn\u00e9 zru\u010dnosti t\u00e9mou pre Slovensko? - \u0160IOV - \u0161t\u00e1tny in\u0161tit\u00fat odborn\u00e9ho vzdel\u00e1vania<\/title>\n<meta name=\"robots\" content=\"index, follow, max-snippet:-1, max-image-preview:large, max-video-preview:-1\" \/>\n<link rel=\"canonical\" href=\"https:\/\/archiv.siov.sk\/en\/su-zakladne-zrucnosti-temou-pre-slovensko\/\" \/>\n<meta property=\"og:locale\" content=\"en_GB\" \/>\n<meta property=\"og:type\" content=\"article\" \/>\n<meta property=\"og:title\" content=\"POZV\u00c1NKA - S\u00fa z\u00e1kladn\u00e9 zru\u010dnosti t\u00e9mou pre Slovensko? - \u0160IOV - \u0161t\u00e1tny in\u0161tit\u00fat odborn\u00e9ho vzdel\u00e1vania\" \/>\n<meta property=\"og:description\" content=\"POZV\u00c1NKA&nbsp; &nbsp; \u0160t\u00e1tny in\u0161tit\u00fat odborn\u00e9ho vzdel\u00e1vania v spolupr\u00e1ci s odborom celo\u017eivotn\u00e9ho vzdel\u00e1vania M\u0160VVa\u0160 SR si V\u00e1s dovo\u013euje pozva\u0165&nbsp;na konferenciu&nbsp; S\u00fa z\u00e1kladn\u00e9 zru\u010dnosti t\u00e9mou pre Slovensko?&nbsp; d\u0148a&nbsp;25. 4. 2019&nbsp;v Bratislave. \u200b Konferencia sa pok\u00fasi odpoveda\u0165 na ot\u00e1zky:&nbsp; &#8211; O ak\u00fdch zru\u010dnostiach vlastne hovor\u00edme a kto sa nimi m\u00e1 zaobera\u0165? &#8211; Potrebuje Slovensko rie\u0161i\u0165 ot\u00e1zku \u010ditate\u013eskej gramotnosti? [&hellip;]\" \/>\n<meta property=\"og:url\" content=\"https:\/\/archiv.siov.sk\/en\/su-zakladne-zrucnosti-temou-pre-slovensko\/\" \/>\n<meta property=\"og:site_name\" content=\"\u0160IOV - \u0161t\u00e1tny in\u0161tit\u00fat odborn\u00e9ho vzdel\u00e1vania\" \/>\n<meta property=\"article:publisher\" content=\"https:\/\/www.facebook.com\/Statnyinstitutodbornehovzdelavania\" \/>\n<meta property=\"article:published_time\" content=\"2019-04-11T11:41:09+00:00\" \/>\n<meta property=\"article:modified_time\" content=\"2019-04-11T11:45:03+00:00\" \/>\n<meta property=\"og:image\" content=\"https:\/\/archiv.siov.sk\/wp-content\/uploads\/2019\/02\/top_news.jpg\" \/>\n\t<meta property=\"og:image:width\" content=\"1100\" \/>\n\t<meta property=\"og:image:height\" content=\"445\" \/>\n\t<meta property=\"og:image:type\" content=\"image\/jpeg\" \/>\n<meta name=\"author\" content=\"Katar\u00edna Kov\u00e1\u010dov\u00e1\" \/>\n<meta name=\"twitter:card\" content=\"summary_large_image\" \/>\n<meta name=\"twitter:label1\" content=\"Written by\" \/>\n\t<meta name=\"twitter:data1\" content=\"Katar\u00edna Kov\u00e1\u010dov\u00e1\" \/>\n\t<meta name=\"twitter:label2\" content=\"Estimated reading time\" \/>\n\t<meta name=\"twitter:data2\" content=\"1 minute\" \/>\n<script type=\"application\/ld+json\" class=\"yoast-schema-graph\">{\"@context\":\"https:\\\/\\\/schema.org\",\"@graph\":[{\"@type\":\"Article\",\"@id\":\"https:\\\/\\\/archiv.siov.sk\\\/su-zakladne-zrucnosti-temou-pre-slovensko\\\/#article\",\"isPartOf\":{\"@id\":\"https:\\\/\\\/archiv.siov.sk\\\/su-zakladne-zrucnosti-temou-pre-slovensko\\\/\"},\"author\":{\"name\":\"Katar\u00edna Kov\u00e1\u010dov\u00e1\",\"@id\":\"https:\\\/\\\/archiv.siov.sk\\\/#\\\/schema\\\/person\\\/e42d633fbd958c6a726e8834d8965e6c\"},\"headline\":\"POZV\u00c1NKA &#8211; S\u00fa z\u00e1kladn\u00e9 zru\u010dnosti t\u00e9mou pre Slovensko?\",\"datePublished\":\"2019-04-11T11:41:09+00:00\",\"dateModified\":\"2019-04-11T11:45:03+00:00\",\"mainEntityOfPage\":{\"@id\":\"https:\\\/\\\/archiv.siov.sk\\\/su-zakladne-zrucnosti-temou-pre-slovensko\\\/\"},\"wordCount\":275,\"publisher\":{\"@id\":\"https:\\\/\\\/archiv.siov.sk\\\/#organization\"},\"image\":{\"@id\":\"https:\\\/\\\/archiv.siov.sk\\\/su-zakladne-zrucnosti-temou-pre-slovensko\\\/#primaryimage\"},\"thumbnailUrl\":\"https:\\\/\\\/archiv.siov.sk\\\/wp-content\\\/uploads\\\/2019\\\/02\\\/top_news.jpg\",\"articleSection\":[\"Aktuality\"],\"inLanguage\":\"en-GB\"},{\"@type\":\"WebPage\",\"@id\":\"https:\\\/\\\/archiv.siov.sk\\\/su-zakladne-zrucnosti-temou-pre-slovensko\\\/\",\"url\":\"https:\\\/\\\/archiv.siov.sk\\\/su-zakladne-zrucnosti-temou-pre-slovensko\\\/\",\"name\":\"POZV\u00c1NKA - S\u00fa z\u00e1kladn\u00e9 zru\u010dnosti t\u00e9mou pre Slovensko? - \u0160IOV - \u0161t\u00e1tny in\u0161tit\u00fat odborn\u00e9ho vzdel\u00e1vania\",\"isPartOf\":{\"@id\":\"https:\\\/\\\/archiv.siov.sk\\\/#website\"},\"primaryImageOfPage\":{\"@id\":\"https:\\\/\\\/archiv.siov.sk\\\/su-zakladne-zrucnosti-temou-pre-slovensko\\\/#primaryimage\"},\"image\":{\"@id\":\"https:\\\/\\\/archiv.siov.sk\\\/su-zakladne-zrucnosti-temou-pre-slovensko\\\/#primaryimage\"},\"thumbnailUrl\":\"https:\\\/\\\/archiv.siov.sk\\\/wp-content\\\/uploads\\\/2019\\\/02\\\/top_news.jpg\",\"datePublished\":\"2019-04-11T11:41:09+00:00\",\"dateModified\":\"2019-04-11T11:45:03+00:00\",\"breadcrumb\":{\"@id\":\"https:\\\/\\\/archiv.siov.sk\\\/su-zakladne-zrucnosti-temou-pre-slovensko\\\/#breadcrumb\"},\"inLanguage\":\"en-GB\",\"potentialAction\":[{\"@type\":\"ReadAction\",\"target\":[\"https:\\\/\\\/archiv.siov.sk\\\/su-zakladne-zrucnosti-temou-pre-slovensko\\\/\"]}]},{\"@type\":\"ImageObject\",\"inLanguage\":\"en-GB\",\"@id\":\"https:\\\/\\\/archiv.siov.sk\\\/su-zakladne-zrucnosti-temou-pre-slovensko\\\/#primaryimage\",\"url\":\"https:\\\/\\\/archiv.siov.sk\\\/wp-content\\\/uploads\\\/2019\\\/02\\\/top_news.jpg\",\"contentUrl\":\"https:\\\/\\\/archiv.siov.sk\\\/wp-content\\\/uploads\\\/2019\\\/02\\\/top_news.jpg\",\"width\":1100,\"height\":445,\"caption\":\"Du\u00e1l Pointy v\u00fdrazne u\u013eah\u010dia pr\u00e1cu v\u00fdchovn\u00fdch a kari\u00e9rov\u00fdch poradcov\"},{\"@type\":\"BreadcrumbList\",\"@id\":\"https:\\\/\\\/archiv.siov.sk\\\/su-zakladne-zrucnosti-temou-pre-slovensko\\\/#breadcrumb\",\"itemListElement\":[{\"@type\":\"ListItem\",\"position\":1,\"name\":\"Home\",\"item\":\"https:\\\/\\\/archiv.siov.sk\\\/\"},{\"@type\":\"ListItem\",\"position\":2,\"name\":\"POZV\u00c1NKA &#8211; S\u00fa z\u00e1kladn\u00e9 zru\u010dnosti t\u00e9mou pre Slovensko?\"}]},{\"@type\":\"WebSite\",\"@id\":\"https:\\\/\\\/archiv.siov.sk\\\/#website\",\"url\":\"https:\\\/\\\/archiv.siov.sk\\\/\",\"name\":\"\u0160IOV - \u0161t\u00e1tny in\u0161tit\u00fat odborn\u00e9ho vzdel\u00e1vania\",\"description\":\"\",\"publisher\":{\"@id\":\"https:\\\/\\\/archiv.siov.sk\\\/#organization\"},\"potentialAction\":[{\"@type\":\"SearchAction\",\"target\":{\"@type\":\"EntryPoint\",\"urlTemplate\":\"https:\\\/\\\/archiv.siov.sk\\\/?s={search_term_string}\"},\"query-input\":{\"@type\":\"PropertyValueSpecification\",\"valueRequired\":true,\"valueName\":\"search_term_string\"}}],\"inLanguage\":\"en-GB\"},{\"@type\":\"Organization\",\"@id\":\"https:\\\/\\\/archiv.siov.sk\\\/#organization\",\"name\":\"\u0160IOV - \u0161t\u00e1tny in\u0161tit\u00fat odborn\u00e9ho vzdel\u00e1vania\",\"url\":\"https:\\\/\\\/archiv.siov.sk\\\/\",\"logo\":{\"@type\":\"ImageObject\",\"inLanguage\":\"en-GB\",\"@id\":\"https:\\\/\\\/archiv.siov.sk\\\/#\\\/schema\\\/logo\\\/image\\\/\",\"url\":\"https:\\\/\\\/archiv.siov.sk\\\/wp-content\\\/uploads\\\/2024\\\/02\\\/logo-SIOV.png\",\"contentUrl\":\"https:\\\/\\\/archiv.siov.sk\\\/wp-content\\\/uploads\\\/2024\\\/02\\\/logo-SIOV.png\",\"width\":431,\"height\":143,\"caption\":\"\u0160IOV - \u0161t\u00e1tny in\u0161tit\u00fat odborn\u00e9ho vzdel\u00e1vania\"},\"image\":{\"@id\":\"https:\\\/\\\/archiv.siov.sk\\\/#\\\/schema\\\/logo\\\/image\\\/\"},\"sameAs\":[\"https:\\\/\\\/www.facebook.com\\\/Statnyinstitutodbornehovzdelavania\"]},{\"@type\":\"Person\",\"@id\":\"https:\\\/\\\/archiv.siov.sk\\\/#\\\/schema\\\/person\\\/e42d633fbd958c6a726e8834d8965e6c\",\"name\":\"Katar\u00edna Kov\u00e1\u010dov\u00e1\",\"url\":\"https:\\\/\\\/archiv.siov.sk\\\/en\\\/author\\\/katkakovacova\\\/\"}]}<\/script>\n<!-- \/ Yoast SEO plugin. -->","yoast_head_json":{"title":"POZV\u00c1NKA - S\u00fa z\u00e1kladn\u00e9 zru\u010dnosti t\u00e9mou pre Slovensko? - \u0160IOV - \u0161t\u00e1tny in\u0161tit\u00fat odborn\u00e9ho vzdel\u00e1vania","robots":{"index":"index","follow":"follow","max-snippet":"max-snippet:-1","max-image-preview":"max-image-preview:large","max-video-preview":"max-video-preview:-1"},"canonical":"https:\/\/archiv.siov.sk\/en\/su-zakladne-zrucnosti-temou-pre-slovensko\/","og_locale":"en_GB","og_type":"article","og_title":"POZV\u00c1NKA - S\u00fa z\u00e1kladn\u00e9 zru\u010dnosti t\u00e9mou pre Slovensko? - \u0160IOV - \u0161t\u00e1tny in\u0161tit\u00fat odborn\u00e9ho vzdel\u00e1vania","og_description":"POZV\u00c1NKA&nbsp; &nbsp; \u0160t\u00e1tny in\u0161tit\u00fat odborn\u00e9ho vzdel\u00e1vania v spolupr\u00e1ci s odborom celo\u017eivotn\u00e9ho vzdel\u00e1vania M\u0160VVa\u0160 SR si V\u00e1s dovo\u013euje pozva\u0165&nbsp;na konferenciu&nbsp; S\u00fa z\u00e1kladn\u00e9 zru\u010dnosti t\u00e9mou pre Slovensko?&nbsp; d\u0148a&nbsp;25. 4. 2019&nbsp;v Bratislave. \u200b Konferencia sa pok\u00fasi odpoveda\u0165 na ot\u00e1zky:&nbsp; &#8211; O ak\u00fdch zru\u010dnostiach vlastne hovor\u00edme a kto sa nimi m\u00e1 zaobera\u0165? &#8211; Potrebuje Slovensko rie\u0161i\u0165 ot\u00e1zku \u010ditate\u013eskej gramotnosti? [&hellip;]","og_url":"https:\/\/archiv.siov.sk\/en\/su-zakladne-zrucnosti-temou-pre-slovensko\/","og_site_name":"\u0160IOV - \u0161t\u00e1tny in\u0161tit\u00fat odborn\u00e9ho vzdel\u00e1vania","article_publisher":"https:\/\/www.facebook.com\/Statnyinstitutodbornehovzdelavania","article_published_time":"2019-04-11T11:41:09+00:00","article_modified_time":"2019-04-11T11:45:03+00:00","og_image":[{"width":1100,"height":445,"url":"https:\/\/archiv.siov.sk\/wp-content\/uploads\/2019\/02\/top_news.jpg","type":"image\/jpeg"}],"author":"Katar\u00edna Kov\u00e1\u010dov\u00e1","twitter_card":"summary_large_image","twitter_misc":{"Written by":"Katar\u00edna Kov\u00e1\u010dov\u00e1","Estimated reading time":"1 minute"},"schema":{"@context":"https:\/\/schema.org","@graph":[{"@type":"Article","@id":"https:\/\/archiv.siov.sk\/su-zakladne-zrucnosti-temou-pre-slovensko\/#article","isPartOf":{"@id":"https:\/\/archiv.siov.sk\/su-zakladne-zrucnosti-temou-pre-slovensko\/"},"author":{"name":"Katar\u00edna Kov\u00e1\u010dov\u00e1","@id":"https:\/\/archiv.siov.sk\/#\/schema\/person\/e42d633fbd958c6a726e8834d8965e6c"},"headline":"POZV\u00c1NKA &#8211; S\u00fa z\u00e1kladn\u00e9 zru\u010dnosti t\u00e9mou pre Slovensko?","datePublished":"2019-04-11T11:41:09+00:00","dateModified":"2019-04-11T11:45:03+00:00","mainEntityOfPage":{"@id":"https:\/\/archiv.siov.sk\/su-zakladne-zrucnosti-temou-pre-slovensko\/"},"wordCount":275,"publisher":{"@id":"https:\/\/archiv.siov.sk\/#organization"},"image":{"@id":"https:\/\/archiv.siov.sk\/su-zakladne-zrucnosti-temou-pre-slovensko\/#primaryimage"},"thumbnailUrl":"https:\/\/archiv.siov.sk\/wp-content\/uploads\/2019\/02\/top_news.jpg","articleSection":["Aktuality"],"inLanguage":"en-GB"},{"@type":"WebPage","@id":"https:\/\/archiv.siov.sk\/su-zakladne-zrucnosti-temou-pre-slovensko\/","url":"https:\/\/archiv.siov.sk\/su-zakladne-zrucnosti-temou-pre-slovensko\/","name":"POZV\u00c1NKA - S\u00fa z\u00e1kladn\u00e9 zru\u010dnosti t\u00e9mou pre Slovensko? - \u0160IOV - \u0161t\u00e1tny in\u0161tit\u00fat odborn\u00e9ho vzdel\u00e1vania","isPartOf":{"@id":"https:\/\/archiv.siov.sk\/#website"},"primaryImageOfPage":{"@id":"https:\/\/archiv.siov.sk\/su-zakladne-zrucnosti-temou-pre-slovensko\/#primaryimage"},"image":{"@id":"https:\/\/archiv.siov.sk\/su-zakladne-zrucnosti-temou-pre-slovensko\/#primaryimage"},"thumbnailUrl":"https:\/\/archiv.siov.sk\/wp-content\/uploads\/2019\/02\/top_news.jpg","datePublished":"2019-04-11T11:41:09+00:00","dateModified":"2019-04-11T11:45:03+00:00","breadcrumb":{"@id":"https:\/\/archiv.siov.sk\/su-zakladne-zrucnosti-temou-pre-slovensko\/#breadcrumb"},"inLanguage":"en-GB","potentialAction":[{"@type":"ReadAction","target":["https:\/\/archiv.siov.sk\/su-zakladne-zrucnosti-temou-pre-slovensko\/"]}]},{"@type":"ImageObject","inLanguage":"en-GB","@id":"https:\/\/archiv.siov.sk\/su-zakladne-zrucnosti-temou-pre-slovensko\/#primaryimage","url":"https:\/\/archiv.siov.sk\/wp-content\/uploads\/2019\/02\/top_news.jpg","contentUrl":"https:\/\/archiv.siov.sk\/wp-content\/uploads\/2019\/02\/top_news.jpg","width":1100,"height":445,"caption":"Du\u00e1l Pointy v\u00fdrazne u\u013eah\u010dia pr\u00e1cu v\u00fdchovn\u00fdch a kari\u00e9rov\u00fdch poradcov"},{"@type":"BreadcrumbList","@id":"https:\/\/archiv.siov.sk\/su-zakladne-zrucnosti-temou-pre-slovensko\/#breadcrumb","itemListElement":[{"@type":"ListItem","position":1,"name":"Home","item":"https:\/\/archiv.siov.sk\/"},{"@type":"ListItem","position":2,"name":"POZV\u00c1NKA &#8211; S\u00fa z\u00e1kladn\u00e9 zru\u010dnosti t\u00e9mou pre Slovensko?"}]},{"@type":"WebSite","@id":"https:\/\/archiv.siov.sk\/#website","url":"https:\/\/archiv.siov.sk\/","name":"\u0160IOV - \u0161t\u00e1tny in\u0161tit\u00fat odborn\u00e9ho vzdel\u00e1vania","description":"","publisher":{"@id":"https:\/\/archiv.siov.sk\/#organization"},"potentialAction":[{"@type":"SearchAction","target":{"@type":"EntryPoint","urlTemplate":"https:\/\/archiv.siov.sk\/?s={search_term_string}"},"query-input":{"@type":"PropertyValueSpecification","valueRequired":true,"valueName":"search_term_string"}}],"inLanguage":"en-GB"},{"@type":"Organization","@id":"https:\/\/archiv.siov.sk\/#organization","name":"\u0160IOV - \u0161t\u00e1tny in\u0161tit\u00fat odborn\u00e9ho vzdel\u00e1vania","url":"https:\/\/archiv.siov.sk\/","logo":{"@type":"ImageObject","inLanguage":"en-GB","@id":"https:\/\/archiv.siov.sk\/#\/schema\/logo\/image\/","url":"https:\/\/archiv.siov.sk\/wp-content\/uploads\/2024\/02\/logo-SIOV.png","contentUrl":"https:\/\/archiv.siov.sk\/wp-content\/uploads\/2024\/02\/logo-SIOV.png","width":431,"height":143,"caption":"\u0160IOV - \u0161t\u00e1tny in\u0161tit\u00fat odborn\u00e9ho vzdel\u00e1vania"},"image":{"@id":"https:\/\/archiv.siov.sk\/#\/schema\/logo\/image\/"},"sameAs":["https:\/\/www.facebook.com\/Statnyinstitutodbornehovzdelavania"]},{"@type":"Person","@id":"https:\/\/archiv.siov.sk\/#\/schema\/person\/e42d633fbd958c6a726e8834d8965e6c","name":"Katar\u00edna Kov\u00e1\u010dov\u00e1","url":"https:\/\/archiv.siov.sk\/en\/author\/katkakovacova\/"}]}},"_links":{"self":[{"href":"https:\/\/archiv.siov.sk\/en\/wp-json\/wp\/v2\/posts\/3674","targetHints":{"allow":["GET"]}}],"collection":[{"href":"https:\/\/archiv.siov.sk\/en\/wp-json\/wp\/v2\/posts"}],"about":[{"href":"https:\/\/archiv.siov.sk\/en\/wp-json\/wp\/v2\/types\/post"}],"author":[{"embeddable":true,"href":"https:\/\/archiv.siov.sk\/en\/wp-json\/wp\/v2\/users\/6"}],"replies":[{"embeddable":true,"href":"https:\/\/archiv.siov.sk\/en\/wp-json\/wp\/v2\/comments?post=3674"}],"version-history":[{"count":2,"href":"https:\/\/archiv.siov.sk\/en\/wp-json\/wp\/v2\/posts\/3674\/revisions"}],"predecessor-version":[{"id":3679,"href":"https:\/\/archiv.siov.sk\/en\/wp-json\/wp\/v2\/posts\/3674\/revisions\/3679"}],"wp:featuredmedia":[{"embeddable":true,"href":"https:\/\/archiv.siov.sk\/en\/wp-json\/wp\/v2\/media\/2355"}],"wp:attachment":[{"href":"https:\/\/archiv.siov.sk\/en\/wp-json\/wp\/v2\/media?parent=3674"}],"wp:term":[{"taxonomy":"category","embeddable":true,"href":"https:\/\/archiv.siov.sk\/en\/wp-json\/wp\/v2\/categories?post=3674"},{"taxonomy":"post_tag","embeddable":true,"href":"https:\/\/archiv.siov.sk\/en\/wp-json\/wp\/v2\/tags?post=3674"}],"curies":[{"name":"wp","href":"https:\/\/api.w.org\/{rel}","templated":true}]}}