{"id":3612,"date":"2019-03-22T14:02:35","date_gmt":"2019-03-22T13:02:35","guid":{"rendered":"http:\/\/archiv.siov.sk\/?p=3612"},"modified":"2019-03-22T14:11:18","modified_gmt":"2019-03-22T13:11:18","slug":"zero-emission","status":"publish","type":"post","link":"https:\/\/archiv.siov.sk\/en\/zero-emission\/","title":{"rendered":"Zero Emission"},"content":{"rendered":"<p><em>Bratislava &#8211; 22. marec 2019 &#8211; D\u0148a 14. Marca 2019 \u0160t\u00e1tny In\u0161tit\u00fat odborn\u00e9ho vzdel\u00e1vania organizoval v spolupr\u00e1ci s Renault Slovensko \u0161kolenie pre pedag\u00f3gov stredn\u00fdch odborn\u00fdch automobilov\u00fdch a elektrotechnick\u00fdch \u0161k\u00f4l zo Slovenskej a \u010ceskej Republiky \u0161kolenie o elektromobilite, s n\u00e1zvom \u201cZero Emission\u201d.<\/em><\/p>\n<p>\u0160kolenie vzbudilo ve\u013ek\u00fd z\u00e1ujem a zo\u017ealo ve\u013ek\u00fd \u00faspech pedag\u00f3gov, ktor\u00ed pozit\u00edvne ocenili rozsiahle vedomosti \u0161kolite\u013eov v oblasti elektromobility rovnako ako organiz\u00e1ciu podujatia.<\/p>\n<p>\u0160kolenie tak tematicky aj svojou \u0161trukt\u00farou nadv\u00e4zovalo na predch\u00e1dzaj\u00face \u0161kolenia realizovan\u00e9 v spolupr\u00e1ci \u0160IOV a s\u00fakromn\u00e9ho automobilov\u00e9ho sektora profiluj\u00faceho sa v segmente elektromobility, ktor\u00e9 sa uskuto\u010dnili v r\u00e1mci projektu GreenWheels.<\/p>\n<p><img fetchpriority=\"high\" decoding=\"async\" class=\"size-medium wp-image-3613 alignleft\" src=\"https:\/\/archiv.siov.sk\/wp-content\/uploads\/2019\/03\/IMG_9515-300x200.jpg\" alt=\"\" width=\"300\" height=\"200\" srcset=\"https:\/\/archiv.siov.sk\/wp-content\/uploads\/2019\/03\/IMG_9515-300x200.jpg 300w, https:\/\/archiv.siov.sk\/wp-content\/uploads\/2019\/03\/IMG_9515-768x512.jpg 768w, https:\/\/archiv.siov.sk\/wp-content\/uploads\/2019\/03\/IMG_9515-1024x683.jpg 1024w, https:\/\/archiv.siov.sk\/wp-content\/uploads\/2019\/03\/IMG_9515-480x320.jpg 480w, https:\/\/archiv.siov.sk\/wp-content\/uploads\/2019\/03\/IMG_9515-272x182.jpg 272w\" sizes=\"(max-width: 300px) 100vw, 300px\" \/> <img decoding=\"async\" class=\"alignleft wp-image-3614 size-medium\" src=\"https:\/\/archiv.siov.sk\/wp-content\/uploads\/2019\/03\/IMG_9582-300x200.jpg\" alt=\"\" width=\"300\" height=\"200\" srcset=\"https:\/\/archiv.siov.sk\/wp-content\/uploads\/2019\/03\/IMG_9582-300x200.jpg 300w, https:\/\/archiv.siov.sk\/wp-content\/uploads\/2019\/03\/IMG_9582-768x512.jpg 768w, https:\/\/archiv.siov.sk\/wp-content\/uploads\/2019\/03\/IMG_9582-1024x683.jpg 1024w, https:\/\/archiv.siov.sk\/wp-content\/uploads\/2019\/03\/IMG_9582-480x320.jpg 480w, https:\/\/archiv.siov.sk\/wp-content\/uploads\/2019\/03\/IMG_9582-272x182.jpg 272w\" sizes=\"(max-width: 300px) 100vw, 300px\" \/><\/p>\n<p>&nbsp;<\/p>\n<p>&nbsp;<\/p>\n<p>&nbsp;<\/p>\n<p>&nbsp;<\/p>\n<p>&nbsp;<\/p>\n<p>&nbsp;<\/p>\n<p>V&nbsp;prvej \u010dasti si najv\u00e4\u010d\u0161\u00ed EV odborn\u00edci zna\u010dky Renault pre publikum pripravili teoretick\u00e9 predn\u00e1\u0161ky. Produktov\u00fd mana\u017e\u00e9r pre EV Pavel Hyky\u0161 &nbsp;predstavil svet EV a&nbsp;portf\u00f3lio Renault EV pedag\u00f3gom. Technick\u00fd \u0161kolite\u013e pre EV Norbert Dolej\u0161 doplnil produktov\u00e9 inform\u00e1cie o&nbsp;\u0161pecifick\u00e9 technick\u00e9 podklady.&nbsp; &nbsp;&nbsp;&nbsp;<\/p>\n<p>Problematika elektromobility je pre stredn\u00e9 odborn\u00e9 \u0161koly nov\u00fdm aspektom a prostredn\u00edctvom \u0161kolen\u00ed a pilotn\u00fdch projektov sa pedag\u00f3govia maj\u00fa mo\u017enos\u0165 \u010dasto po prv\u00fdkr\u00e1t obozn\u00e1mi\u0165 s touto problematikou. Poznatky tak m\u00f4\u017eu vyu\u017ei\u0165 aj v r\u00e1mci \u0161kolsk\u00e9ho curricula, v rozsahu a obsahu stanovenom z\u00e1konom a tak pripravi\u0165 bud\u00facich servisn\u00fdch technikov na re\u00e1lne po\u017eiadavky zamestn\u00e1vate\u013eov.<\/p>\n<p>Renault m\u00e1 ve\u013ek\u00e9 know-how v&nbsp;r\u00e1mci EV segmentu a&nbsp;ako eur\u00f3psky l\u00edder c\u00edti povinnos\u0165 vzdel\u00e1va\u0165 verejnos\u0165 o&nbsp;tejto oblasti automotive sveta. A&nbsp;ke\u010f\u017ee Slovensko je jedn\u00fdm z&nbsp;najv\u00e4\u010d\u0161\u00edch automobilov\u00fdch producentov na svete, dali sme si za cie\u013e vzdel\u00e1va\u0165 odborn\u00fa verejnos\u0165 \u2013 pedag\u00f3gov, ktor\u00ed vychov\u00e1vaj\u00fa a vzdel\u00e1vaj\u00fa&nbsp; gener\u00e1cie, ktor\u00e9 vo svete automobilov\u00e9ho priemyslu p\u00f4sobia po ukon\u010den\u00ed \u0161t\u00fadi\u00ed.<\/p>\n<p>\u201eElektromobilita je nie len trendom, ale realitou, ktor\u00e1 si u\u017e aj na Slovensku nach\u00e1dza miesto. Renault je hrd\u00fd, \u017ee m\u00f4\u017ee suplova\u0165 nedostatok kvalifikovan\u00fdch zdrojov pre pedag\u00f3gov p\u00f4sobiacich v&nbsp;automotive a elektrotechnickej oblasti. A&nbsp;ke\u010f\u017ee \u0161kolenie Renault Z.E z\u00edskalo od pozvan\u00fdch host\u00ed mimoriadne pozit\u00edvnu sp\u00e4tn\u00fa v\u00e4zbu, spolo\u010dnos\u0165 Renault Slovensko je naklonen\u00e9 v&nbsp;tejto aktivite pokra\u010dova\u0165,\u201c&nbsp;zhodnotil Renault Z.E. \u0161kolenie gener\u00e1lny riadite\u013e Renault Slovensko, Richard Evanson.<\/p>\n<p>&nbsp;<\/p>\n<p>Report\u00e1\u017e RTVS&nbsp;<a href=\"http:\/\/www.rtvs.sk\/televizia\/archiv\/14028\/182507#663\">http:\/\/www.rtvs.sk\/televizia\/archiv<\/a><\/p>\n<p>&nbsp;<\/p>","protected":false},"excerpt":{"rendered":"<p>Bratislava &#8211; 22. marec 2019 &#8211; D\u0148a 14. Marca 2019 \u0160t\u00e1tny In\u0161tit\u00fat odborn\u00e9ho vzdel\u00e1vania organizoval v spolupr\u00e1ci s Renault Slovensko \u0161kolenie pre pedag\u00f3gov stredn\u00fdch odborn\u00fdch automobilov\u00fdch a elektrotechnick\u00fdch \u0161k\u00f4l zo Slovenskej a \u010ceskej Republiky \u0161kolenie o elektromobilite, s n\u00e1zvom \u201cZero Emission\u201d. \u0160kolenie vzbudilo ve\u013ek\u00fd z\u00e1ujem a zo\u017ealo ve\u013ek\u00fd \u00faspech pedag\u00f3gov, ktor\u00ed pozit\u00edvne ocenili rozsiahle vedomosti [&hellip;]<\/p>\n","protected":false},"author":6,"featured_media":3619,"comment_status":"closed","ping_status":"closed","sticky":false,"template":"","format":"standard","meta":{"site-sidebar-layout":"default","site-content-layout":"","ast-site-content-layout":"default","site-content-style":"default","site-sidebar-style":"default","ast-global-header-display":"","ast-banner-title-visibility":"","ast-main-header-display":"","ast-hfb-above-header-display":"","ast-hfb-below-header-display":"","ast-hfb-mobile-header-display":"","site-post-title":"","ast-breadcrumbs-content":"","ast-featured-img":"","footer-sml-layout":"","ast-disable-related-posts":"","theme-transparent-header-meta":"","adv-header-id-meta":"","stick-header-meta":"","header-above-stick-meta":"","header-main-stick-meta":"","header-below-stick-meta":"","astra-migrate-meta-layouts":"default","ast-page-background-enabled":"default","ast-page-background-meta":{"desktop":{"background-color":"var(--ast-global-color-4)","background-image":"","background-repeat":"repeat","background-position":"center center","background-size":"auto","background-attachment":"scroll","background-type":"","background-media":"","overlay-type":"","overlay-color":"","overlay-opacity":"","overlay-gradient":""},"tablet":{"background-color":"","background-image":"","background-repeat":"repeat","background-position":"center center","background-size":"auto","background-attachment":"scroll","background-type":"","background-media":"","overlay-type":"","overlay-color":"","overlay-opacity":"","overlay-gradient":""},"mobile":{"background-color":"","background-image":"","background-repeat":"repeat","background-position":"center center","background-size":"auto","background-attachment":"scroll","background-type":"","background-media":"","overlay-type":"","overlay-color":"","overlay-opacity":"","overlay-gradient":""}},"ast-content-background-meta":{"desktop":{"background-color":"var(--ast-global-color-5)","background-image":"","background-repeat":"repeat","background-position":"center center","background-size":"auto","background-attachment":"scroll","background-type":"","background-media":"","overlay-type":"","overlay-color":"","overlay-opacity":"","overlay-gradient":""},"tablet":{"background-color":"var(--ast-global-color-5)","background-image":"","background-repeat":"repeat","background-position":"center center","background-size":"auto","background-attachment":"scroll","background-type":"","background-media":"","overlay-type":"","overlay-color":"","overlay-opacity":"","overlay-gradient":""},"mobile":{"background-color":"var(--ast-global-color-5)","background-image":"","background-repeat":"repeat","background-position":"center center","background-size":"auto","background-attachment":"scroll","background-type":"","background-media":"","overlay-type":"","overlay-color":"","overlay-opacity":"","overlay-gradient":""}},"footnotes":""},"categories":[1],"tags":[],"class_list":["post-3612","post","type-post","status-publish","format-standard","has-post-thumbnail","hentry","category-aktuality"],"yoast_head":"<!-- This site is optimized with the Yoast SEO plugin v27.5 - https:\/\/yoast.com\/product\/yoast-seo-wordpress\/ -->\n<title>Zero Emission - \u0160IOV - \u0161t\u00e1tny in\u0161tit\u00fat odborn\u00e9ho vzdel\u00e1vania<\/title>\n<meta name=\"description\" content=\"D\u0148a 14. Marca 2019 \u0160t\u00e1tny In\u0161tit\u00fat odborn\u00e9ho vzdel\u00e1vania organizoval v spolupr\u00e1ci s Renault Slovensko \u0161kolenie pre pedag\u00f3gov stredn\u00fdch odborn\u00fdch automobilov\u00fdch a elektrotechnick\u00fdch \u0161k\u00f4l zo Slovenskej a \u010ceskej Republiky \u0161kolenie o elektromobilite, s n\u00e1zvom \u201cZero Emission\u201d.\" \/>\n<meta name=\"robots\" content=\"index, follow, max-snippet:-1, max-image-preview:large, max-video-preview:-1\" \/>\n<link rel=\"canonical\" href=\"https:\/\/archiv.siov.sk\/en\/zero-emission\/\" \/>\n<meta property=\"og:locale\" content=\"en_GB\" \/>\n<meta property=\"og:type\" content=\"article\" \/>\n<meta property=\"og:title\" content=\"Zero Emission - \u0160IOV - \u0161t\u00e1tny in\u0161tit\u00fat odborn\u00e9ho vzdel\u00e1vania\" \/>\n<meta property=\"og:description\" content=\"D\u0148a 14. Marca 2019 \u0160t\u00e1tny In\u0161tit\u00fat odborn\u00e9ho vzdel\u00e1vania organizoval v spolupr\u00e1ci s Renault Slovensko \u0161kolenie pre pedag\u00f3gov stredn\u00fdch odborn\u00fdch automobilov\u00fdch a elektrotechnick\u00fdch \u0161k\u00f4l zo Slovenskej a \u010ceskej Republiky \u0161kolenie o elektromobilite, s n\u00e1zvom \u201cZero Emission\u201d.\" \/>\n<meta property=\"og:url\" content=\"https:\/\/archiv.siov.sk\/en\/zero-emission\/\" \/>\n<meta property=\"og:site_name\" content=\"\u0160IOV - \u0161t\u00e1tny in\u0161tit\u00fat odborn\u00e9ho vzdel\u00e1vania\" \/>\n<meta property=\"article:publisher\" content=\"https:\/\/www.facebook.com\/Statnyinstitutodbornehovzdelavania\" \/>\n<meta property=\"article:published_time\" content=\"2019-03-22T13:02:35+00:00\" \/>\n<meta property=\"article:modified_time\" content=\"2019-03-22T13:11:18+00:00\" \/>\n<meta property=\"og:image\" content=\"https:\/\/archiv.siov.sk\/wp-content\/uploads\/2019\/03\/zero-emision.jpg\" \/>\n\t<meta property=\"og:image:width\" content=\"1100\" \/>\n\t<meta property=\"og:image:height\" content=\"445\" \/>\n\t<meta property=\"og:image:type\" content=\"image\/jpeg\" \/>\n<meta name=\"author\" content=\"Katar\u00edna Kov\u00e1\u010dov\u00e1\" \/>\n<meta name=\"twitter:card\" content=\"summary_large_image\" \/>\n<meta name=\"twitter:label1\" content=\"Written by\" \/>\n\t<meta name=\"twitter:data1\" content=\"Katar\u00edna Kov\u00e1\u010dov\u00e1\" \/>\n\t<meta name=\"twitter:label2\" content=\"Estimated reading time\" \/>\n\t<meta name=\"twitter:data2\" content=\"2 minutes\" \/>\n<script type=\"application\/ld+json\" class=\"yoast-schema-graph\">{\"@context\":\"https:\\\/\\\/schema.org\",\"@graph\":[{\"@type\":\"Article\",\"@id\":\"https:\\\/\\\/archiv.siov.sk\\\/zero-emission\\\/#article\",\"isPartOf\":{\"@id\":\"https:\\\/\\\/archiv.siov.sk\\\/zero-emission\\\/\"},\"author\":{\"name\":\"Katar\u00edna Kov\u00e1\u010dov\u00e1\",\"@id\":\"https:\\\/\\\/archiv.siov.sk\\\/#\\\/schema\\\/person\\\/e42d633fbd958c6a726e8834d8965e6c\"},\"headline\":\"Zero Emission\",\"datePublished\":\"2019-03-22T13:02:35+00:00\",\"dateModified\":\"2019-03-22T13:11:18+00:00\",\"mainEntityOfPage\":{\"@id\":\"https:\\\/\\\/archiv.siov.sk\\\/zero-emission\\\/\"},\"wordCount\":431,\"publisher\":{\"@id\":\"https:\\\/\\\/archiv.siov.sk\\\/#organization\"},\"image\":{\"@id\":\"https:\\\/\\\/archiv.siov.sk\\\/zero-emission\\\/#primaryimage\"},\"thumbnailUrl\":\"https:\\\/\\\/archiv.siov.sk\\\/wp-content\\\/uploads\\\/2019\\\/03\\\/zero-emision.jpg\",\"articleSection\":[\"Aktuality\"],\"inLanguage\":\"en-GB\"},{\"@type\":\"WebPage\",\"@id\":\"https:\\\/\\\/archiv.siov.sk\\\/zero-emission\\\/\",\"url\":\"https:\\\/\\\/archiv.siov.sk\\\/zero-emission\\\/\",\"name\":\"Zero Emission - \u0160IOV - \u0161t\u00e1tny in\u0161tit\u00fat odborn\u00e9ho vzdel\u00e1vania\",\"isPartOf\":{\"@id\":\"https:\\\/\\\/archiv.siov.sk\\\/#website\"},\"primaryImageOfPage\":{\"@id\":\"https:\\\/\\\/archiv.siov.sk\\\/zero-emission\\\/#primaryimage\"},\"image\":{\"@id\":\"https:\\\/\\\/archiv.siov.sk\\\/zero-emission\\\/#primaryimage\"},\"thumbnailUrl\":\"https:\\\/\\\/archiv.siov.sk\\\/wp-content\\\/uploads\\\/2019\\\/03\\\/zero-emision.jpg\",\"datePublished\":\"2019-03-22T13:02:35+00:00\",\"dateModified\":\"2019-03-22T13:11:18+00:00\",\"description\":\"D\u0148a 14. Marca 2019 \u0160t\u00e1tny In\u0161tit\u00fat odborn\u00e9ho vzdel\u00e1vania organizoval v spolupr\u00e1ci s Renault Slovensko \u0161kolenie pre pedag\u00f3gov stredn\u00fdch odborn\u00fdch automobilov\u00fdch a elektrotechnick\u00fdch \u0161k\u00f4l zo Slovenskej a \u010ceskej Republiky \u0161kolenie o elektromobilite, s n\u00e1zvom \u201cZero Emission\u201d.\",\"breadcrumb\":{\"@id\":\"https:\\\/\\\/archiv.siov.sk\\\/zero-emission\\\/#breadcrumb\"},\"inLanguage\":\"en-GB\",\"potentialAction\":[{\"@type\":\"ReadAction\",\"target\":[\"https:\\\/\\\/archiv.siov.sk\\\/zero-emission\\\/\"]}]},{\"@type\":\"ImageObject\",\"inLanguage\":\"en-GB\",\"@id\":\"https:\\\/\\\/archiv.siov.sk\\\/zero-emission\\\/#primaryimage\",\"url\":\"https:\\\/\\\/archiv.siov.sk\\\/wp-content\\\/uploads\\\/2019\\\/03\\\/zero-emision.jpg\",\"contentUrl\":\"https:\\\/\\\/archiv.siov.sk\\\/wp-content\\\/uploads\\\/2019\\\/03\\\/zero-emision.jpg\",\"width\":1100,\"height\":445,\"caption\":\"zero emision\"},{\"@type\":\"BreadcrumbList\",\"@id\":\"https:\\\/\\\/archiv.siov.sk\\\/zero-emission\\\/#breadcrumb\",\"itemListElement\":[{\"@type\":\"ListItem\",\"position\":1,\"name\":\"Home\",\"item\":\"https:\\\/\\\/archiv.siov.sk\\\/\"},{\"@type\":\"ListItem\",\"position\":2,\"name\":\"Zero Emission\"}]},{\"@type\":\"WebSite\",\"@id\":\"https:\\\/\\\/archiv.siov.sk\\\/#website\",\"url\":\"https:\\\/\\\/archiv.siov.sk\\\/\",\"name\":\"\u0160IOV - \u0161t\u00e1tny in\u0161tit\u00fat odborn\u00e9ho vzdel\u00e1vania\",\"description\":\"\",\"publisher\":{\"@id\":\"https:\\\/\\\/archiv.siov.sk\\\/#organization\"},\"potentialAction\":[{\"@type\":\"SearchAction\",\"target\":{\"@type\":\"EntryPoint\",\"urlTemplate\":\"https:\\\/\\\/archiv.siov.sk\\\/?s={search_term_string}\"},\"query-input\":{\"@type\":\"PropertyValueSpecification\",\"valueRequired\":true,\"valueName\":\"search_term_string\"}}],\"inLanguage\":\"en-GB\"},{\"@type\":\"Organization\",\"@id\":\"https:\\\/\\\/archiv.siov.sk\\\/#organization\",\"name\":\"\u0160IOV - \u0161t\u00e1tny in\u0161tit\u00fat odborn\u00e9ho vzdel\u00e1vania\",\"url\":\"https:\\\/\\\/archiv.siov.sk\\\/\",\"logo\":{\"@type\":\"ImageObject\",\"inLanguage\":\"en-GB\",\"@id\":\"https:\\\/\\\/archiv.siov.sk\\\/#\\\/schema\\\/logo\\\/image\\\/\",\"url\":\"https:\\\/\\\/archiv.siov.sk\\\/wp-content\\\/uploads\\\/2024\\\/02\\\/logo-SIOV.png\",\"contentUrl\":\"https:\\\/\\\/archiv.siov.sk\\\/wp-content\\\/uploads\\\/2024\\\/02\\\/logo-SIOV.png\",\"width\":431,\"height\":143,\"caption\":\"\u0160IOV - \u0161t\u00e1tny in\u0161tit\u00fat odborn\u00e9ho vzdel\u00e1vania\"},\"image\":{\"@id\":\"https:\\\/\\\/archiv.siov.sk\\\/#\\\/schema\\\/logo\\\/image\\\/\"},\"sameAs\":[\"https:\\\/\\\/www.facebook.com\\\/Statnyinstitutodbornehovzdelavania\"]},{\"@type\":\"Person\",\"@id\":\"https:\\\/\\\/archiv.siov.sk\\\/#\\\/schema\\\/person\\\/e42d633fbd958c6a726e8834d8965e6c\",\"name\":\"Katar\u00edna Kov\u00e1\u010dov\u00e1\",\"url\":\"https:\\\/\\\/archiv.siov.sk\\\/en\\\/author\\\/katkakovacova\\\/\"}]}<\/script>\n<!-- \/ Yoast SEO plugin. -->","yoast_head_json":{"title":"Zero Emission - \u0160IOV - \u0161t\u00e1tny in\u0161tit\u00fat odborn\u00e9ho vzdel\u00e1vania","description":"D\u0148a 14. Marca 2019 \u0160t\u00e1tny In\u0161tit\u00fat odborn\u00e9ho vzdel\u00e1vania organizoval v spolupr\u00e1ci s Renault Slovensko \u0161kolenie pre pedag\u00f3gov stredn\u00fdch odborn\u00fdch automobilov\u00fdch a elektrotechnick\u00fdch \u0161k\u00f4l zo Slovenskej a \u010ceskej Republiky \u0161kolenie o elektromobilite, s n\u00e1zvom \u201cZero Emission\u201d.","robots":{"index":"index","follow":"follow","max-snippet":"max-snippet:-1","max-image-preview":"max-image-preview:large","max-video-preview":"max-video-preview:-1"},"canonical":"https:\/\/archiv.siov.sk\/en\/zero-emission\/","og_locale":"en_GB","og_type":"article","og_title":"Zero Emission - \u0160IOV - \u0161t\u00e1tny in\u0161tit\u00fat odborn\u00e9ho vzdel\u00e1vania","og_description":"D\u0148a 14. Marca 2019 \u0160t\u00e1tny In\u0161tit\u00fat odborn\u00e9ho vzdel\u00e1vania organizoval v spolupr\u00e1ci s Renault Slovensko \u0161kolenie pre pedag\u00f3gov stredn\u00fdch odborn\u00fdch automobilov\u00fdch a elektrotechnick\u00fdch \u0161k\u00f4l zo Slovenskej a \u010ceskej Republiky \u0161kolenie o elektromobilite, s n\u00e1zvom \u201cZero Emission\u201d.","og_url":"https:\/\/archiv.siov.sk\/en\/zero-emission\/","og_site_name":"\u0160IOV - \u0161t\u00e1tny in\u0161tit\u00fat odborn\u00e9ho vzdel\u00e1vania","article_publisher":"https:\/\/www.facebook.com\/Statnyinstitutodbornehovzdelavania","article_published_time":"2019-03-22T13:02:35+00:00","article_modified_time":"2019-03-22T13:11:18+00:00","og_image":[{"width":1100,"height":445,"url":"https:\/\/archiv.siov.sk\/wp-content\/uploads\/2019\/03\/zero-emision.jpg","type":"image\/jpeg"}],"author":"Katar\u00edna Kov\u00e1\u010dov\u00e1","twitter_card":"summary_large_image","twitter_misc":{"Written by":"Katar\u00edna Kov\u00e1\u010dov\u00e1","Estimated reading time":"2 minutes"},"schema":{"@context":"https:\/\/schema.org","@graph":[{"@type":"Article","@id":"https:\/\/archiv.siov.sk\/zero-emission\/#article","isPartOf":{"@id":"https:\/\/archiv.siov.sk\/zero-emission\/"},"author":{"name":"Katar\u00edna Kov\u00e1\u010dov\u00e1","@id":"https:\/\/archiv.siov.sk\/#\/schema\/person\/e42d633fbd958c6a726e8834d8965e6c"},"headline":"Zero Emission","datePublished":"2019-03-22T13:02:35+00:00","dateModified":"2019-03-22T13:11:18+00:00","mainEntityOfPage":{"@id":"https:\/\/archiv.siov.sk\/zero-emission\/"},"wordCount":431,"publisher":{"@id":"https:\/\/archiv.siov.sk\/#organization"},"image":{"@id":"https:\/\/archiv.siov.sk\/zero-emission\/#primaryimage"},"thumbnailUrl":"https:\/\/archiv.siov.sk\/wp-content\/uploads\/2019\/03\/zero-emision.jpg","articleSection":["Aktuality"],"inLanguage":"en-GB"},{"@type":"WebPage","@id":"https:\/\/archiv.siov.sk\/zero-emission\/","url":"https:\/\/archiv.siov.sk\/zero-emission\/","name":"Zero Emission - \u0160IOV - \u0161t\u00e1tny in\u0161tit\u00fat odborn\u00e9ho vzdel\u00e1vania","isPartOf":{"@id":"https:\/\/archiv.siov.sk\/#website"},"primaryImageOfPage":{"@id":"https:\/\/archiv.siov.sk\/zero-emission\/#primaryimage"},"image":{"@id":"https:\/\/archiv.siov.sk\/zero-emission\/#primaryimage"},"thumbnailUrl":"https:\/\/archiv.siov.sk\/wp-content\/uploads\/2019\/03\/zero-emision.jpg","datePublished":"2019-03-22T13:02:35+00:00","dateModified":"2019-03-22T13:11:18+00:00","description":"D\u0148a 14. Marca 2019 \u0160t\u00e1tny In\u0161tit\u00fat odborn\u00e9ho vzdel\u00e1vania organizoval v spolupr\u00e1ci s Renault Slovensko \u0161kolenie pre pedag\u00f3gov stredn\u00fdch odborn\u00fdch automobilov\u00fdch a elektrotechnick\u00fdch \u0161k\u00f4l zo Slovenskej a \u010ceskej Republiky \u0161kolenie o elektromobilite, s n\u00e1zvom \u201cZero Emission\u201d.","breadcrumb":{"@id":"https:\/\/archiv.siov.sk\/zero-emission\/#breadcrumb"},"inLanguage":"en-GB","potentialAction":[{"@type":"ReadAction","target":["https:\/\/archiv.siov.sk\/zero-emission\/"]}]},{"@type":"ImageObject","inLanguage":"en-GB","@id":"https:\/\/archiv.siov.sk\/zero-emission\/#primaryimage","url":"https:\/\/archiv.siov.sk\/wp-content\/uploads\/2019\/03\/zero-emision.jpg","contentUrl":"https:\/\/archiv.siov.sk\/wp-content\/uploads\/2019\/03\/zero-emision.jpg","width":1100,"height":445,"caption":"zero emision"},{"@type":"BreadcrumbList","@id":"https:\/\/archiv.siov.sk\/zero-emission\/#breadcrumb","itemListElement":[{"@type":"ListItem","position":1,"name":"Home","item":"https:\/\/archiv.siov.sk\/"},{"@type":"ListItem","position":2,"name":"Zero Emission"}]},{"@type":"WebSite","@id":"https:\/\/archiv.siov.sk\/#website","url":"https:\/\/archiv.siov.sk\/","name":"\u0160IOV - \u0161t\u00e1tny in\u0161tit\u00fat odborn\u00e9ho vzdel\u00e1vania","description":"","publisher":{"@id":"https:\/\/archiv.siov.sk\/#organization"},"potentialAction":[{"@type":"SearchAction","target":{"@type":"EntryPoint","urlTemplate":"https:\/\/archiv.siov.sk\/?s={search_term_string}"},"query-input":{"@type":"PropertyValueSpecification","valueRequired":true,"valueName":"search_term_string"}}],"inLanguage":"en-GB"},{"@type":"Organization","@id":"https:\/\/archiv.siov.sk\/#organization","name":"\u0160IOV - \u0161t\u00e1tny in\u0161tit\u00fat odborn\u00e9ho vzdel\u00e1vania","url":"https:\/\/archiv.siov.sk\/","logo":{"@type":"ImageObject","inLanguage":"en-GB","@id":"https:\/\/archiv.siov.sk\/#\/schema\/logo\/image\/","url":"https:\/\/archiv.siov.sk\/wp-content\/uploads\/2024\/02\/logo-SIOV.png","contentUrl":"https:\/\/archiv.siov.sk\/wp-content\/uploads\/2024\/02\/logo-SIOV.png","width":431,"height":143,"caption":"\u0160IOV - \u0161t\u00e1tny in\u0161tit\u00fat odborn\u00e9ho vzdel\u00e1vania"},"image":{"@id":"https:\/\/archiv.siov.sk\/#\/schema\/logo\/image\/"},"sameAs":["https:\/\/www.facebook.com\/Statnyinstitutodbornehovzdelavania"]},{"@type":"Person","@id":"https:\/\/archiv.siov.sk\/#\/schema\/person\/e42d633fbd958c6a726e8834d8965e6c","name":"Katar\u00edna Kov\u00e1\u010dov\u00e1","url":"https:\/\/archiv.siov.sk\/en\/author\/katkakovacova\/"}]}},"_links":{"self":[{"href":"https:\/\/archiv.siov.sk\/en\/wp-json\/wp\/v2\/posts\/3612","targetHints":{"allow":["GET"]}}],"collection":[{"href":"https:\/\/archiv.siov.sk\/en\/wp-json\/wp\/v2\/posts"}],"about":[{"href":"https:\/\/archiv.siov.sk\/en\/wp-json\/wp\/v2\/types\/post"}],"author":[{"embeddable":true,"href":"https:\/\/archiv.siov.sk\/en\/wp-json\/wp\/v2\/users\/6"}],"replies":[{"embeddable":true,"href":"https:\/\/archiv.siov.sk\/en\/wp-json\/wp\/v2\/comments?post=3612"}],"version-history":[{"count":2,"href":"https:\/\/archiv.siov.sk\/en\/wp-json\/wp\/v2\/posts\/3612\/revisions"}],"predecessor-version":[{"id":3617,"href":"https:\/\/archiv.siov.sk\/en\/wp-json\/wp\/v2\/posts\/3612\/revisions\/3617"}],"wp:featuredmedia":[{"embeddable":true,"href":"https:\/\/archiv.siov.sk\/en\/wp-json\/wp\/v2\/media\/3619"}],"wp:attachment":[{"href":"https:\/\/archiv.siov.sk\/en\/wp-json\/wp\/v2\/media?parent=3612"}],"wp:term":[{"taxonomy":"category","embeddable":true,"href":"https:\/\/archiv.siov.sk\/en\/wp-json\/wp\/v2\/categories?post=3612"},{"taxonomy":"post_tag","embeddable":true,"href":"https:\/\/archiv.siov.sk\/en\/wp-json\/wp\/v2\/tags?post=3612"}],"curies":[{"name":"wp","href":"https:\/\/api.w.org\/{rel}","templated":true}]}}