{"id":3562,"date":"2019-03-14T14:59:06","date_gmt":"2019-03-14T13:59:06","guid":{"rendered":"http:\/\/archiv.siov.sk\/?p=3562"},"modified":"2019-03-19T13:58:51","modified_gmt":"2019-03-19T12:58:51","slug":"ostravsky-veltrh-fiktivnych-firiem-2019","status":"publish","type":"post","link":"https:\/\/archiv.siov.sk\/en\/ostravsky-veltrh-fiktivnych-firiem-2019\/","title":{"rendered":"Ostravsk\u00fd ve\u013etrh fikt\u00edvnych firiem 2019"},"content":{"rendered":"<p>V porad\u00ed 11. ro\u010dn\u00edk Ostravsk\u00e9ho ve\u013etrhu fikt\u00edvnych firiem s&nbsp;medzin\u00e1rodnou \u00fa\u010das\u0165ou sa uskuto\u010dnil v&nbsp;d\u0148och 6. \u2013 7. marca 2019 u\u017e tradi\u010dne v&nbsp;priestoroch v\u00fdstaviska \u010cern\u00e1 louka \u2013 pavil\u00f3n A. Usporiadate\u013eom bola Obchodn\u00e1 akad\u00e9mia a&nbsp;Vy\u0161\u0161ia odborn\u00e1 \u0161kola soci\u00e1lna, Ostrava \u2013 Mari\u00e1nsk\u00e9 Hory. Odbor finan\u010dnej gramotnosti a&nbsp;Slovensk\u00e9 centrum cvi\u010dn\u00fdch firiem zo \u0160IOV reprezentovali dve odborn\u00e9 zamestnankyne, Mgr. Marta Maru\u0161incov\u00e1 a&nbsp;Ing. Gabriela Horeck\u00e1.<\/p>\n<p>Prv\u00fd de\u0148 sa stretli so z\u00e1stupcami \u0161koly ako aj s&nbsp;jej dlhoro\u010dn\u00fdmi partnermi zo Slovenska na V\u00fdstavisku \u010cern\u00e1 louka pri v\u00fdstavbe st\u00e1nkov. S&nbsp;organiz\u00e1tormi a&nbsp;\u010fal\u0161\u00edmi partnermi zo Slovenska prebrali pl\u00e1n podujat\u00ed a&nbsp;projektov, ktor\u00e9 chce \u0161kola v&nbsp;bud\u00facnosti realizova\u0165. Stretnutia sa z\u00fa\u010dastnili&nbsp; aj z\u00e1stupcovia \u010deskej centr\u00e1ly CEFIF a partneri z po\u013esk\u00fdch cvi\u010dn\u00fdch firiem.<\/p>\n<div id='gallery-1' class='gallery galleryid-3562 gallery-columns-3 gallery-size-thumbnail'><figure class='gallery-item'>\n\t\t\t<div class='gallery-icon portrait'>\n\t\t\t\t<a href='https:\/\/archiv.siov.sk\/en\/ostravsky-veltrh-fiktivnych-firiem-2019\/plejsi-ha-lm_n\/'><img decoding=\"async\" width=\"150\" height=\"150\" src=\"https:\/\/archiv.siov.sk\/wp-content\/uploads\/2019\/03\/Plejsi-HA-LM_n-150x150.jpg\" class=\"attachment-thumbnail size-thumbnail\" alt=\"\" \/><\/a>\n\t\t\t<\/div><\/figure><figure class='gallery-item'>\n\t\t\t<div class='gallery-icon portrait'>\n\t\t\t\t<a href='https:\/\/archiv.siov.sk\/en\/ostravsky-veltrh-fiktivnych-firiem-2019\/plejsi-ha-lm-2_n\/'><img decoding=\"async\" width=\"150\" height=\"150\" src=\"https:\/\/archiv.siov.sk\/wp-content\/uploads\/2019\/03\/Plejsi-HA-LM-2_n-150x150.jpg\" class=\"attachment-thumbnail size-thumbnail\" alt=\"\" \/><\/a>\n\t\t\t<\/div><\/figure><figure class='gallery-item'>\n\t\t\t<div class='gallery-icon portrait'>\n\t\t\t\t<a href='https:\/\/archiv.siov.sk\/en\/ostravsky-veltrh-fiktivnych-firiem-2019\/plejsi-8_n\/'><img decoding=\"async\" width=\"150\" height=\"150\" src=\"https:\/\/archiv.siov.sk\/wp-content\/uploads\/2019\/03\/Plejsi-8_n-150x150.jpg\" class=\"attachment-thumbnail size-thumbnail\" alt=\"\" \/><\/a>\n\t\t\t<\/div><\/figure>\n\t\t<\/div>\n\n<p>&nbsp;<\/p>\n<p>Druh\u00fd de\u0148 ve\u013etrhu sa z\u00fa\u010dastnili sl\u00e1vnostn\u00e9ho otvorenia, samotn\u00e9ho ve\u013etrhu, realizovan\u00fdch s\u00fa\u0165a\u017e\u00ed cvi\u010dn\u00fdch firiem a&nbsp;s\u00fabe\u017en\u00e9ho semin\u00e1ra venovan\u00e9ho t\u00e9me \u201eCvi\u010dn\u00e1 firma \u2013 br\u00e1na do podnikania\u201c. S&nbsp;prezent\u00e1ciou s&nbsp;rovnomenn\u00fdm n\u00e1zvom vyst\u00fapila Ing. Gabriela Horeck\u00e1&nbsp; v&nbsp;r\u00e1mci semin\u00e1ra v predn\u00e1\u0161kovej \u010dasti ve\u013etrhu.&nbsp; Mgr. Marta Maru\u0161incov\u00e1 bola v odbornej porote na hodnotenie Katal\u00f3gu, Vizitky a&nbsp;Loga CF.<\/p>\n<p>Na ve\u013etrhu vystavovalo 35 cvi\u010dn\u00fdch firiem, z&nbsp;toho 6 slovensk\u00fdch a&nbsp;2 po\u013esk\u00e9 CF. Slovensk\u00e9 CF zastupovali Plejsi, s.r.o. z&nbsp;Hotelovej akad\u00e9mie z&nbsp;Liptovsk\u00e9ho Mikul\u00e1\u0161a, Pr\u00faty, s. r. o. zo Spojenej \u0161koly intern\u00e1tnej s&nbsp;poruchami zraku z&nbsp;Levo\u010de a&nbsp;z&nbsp;Ko\u0161\u00edc tri \u0161koly &#8211; Moy-Ko, centrum zdravia zo Strednej zdravotn\u00edckej \u0161koly, COCOSITA, s.r.o. z&nbsp;Obchodnej akad\u00e9mie Watsonova 61, &nbsp;\u0160atn\u00edk Benefit, s.r.o. a Rentify, s. r. o.&nbsp;z&nbsp;Obchodnej akad\u00e9mie Pol\u00e1rna 1.<\/p>\n<p>Na\u0161e \u0161koly si u\u017e tradi\u010dne obh\u00e1jili v\u00fdborn\u00e9 umiestnenie v s\u00fa\u0165a\u017eiach cvi\u010dn\u00fdch firiem. Cvi\u010dn\u00e1 firma COCOSITA, s.r.o. z&nbsp;Ko\u0161\u00edc obsadila 1. miesto v&nbsp;s\u00fa\u0165a\u017ei Najlep\u0161\u00ed st\u00e1nok, 2. miesto za Najlep\u0161\u00ed katal\u00f3g, 2. miesto v&nbsp;s\u00fa\u0165a\u017ei Firma v&nbsp;90 sekund\u00e1ch, 3. miesto za Najlep\u0161\u00ed slogan a&nbsp;3. miesto za Najorigin\u00e1lnej\u0161\u00ed podnikate\u013esk\u00fd z\u00e1mer. Cvi\u010dn\u00e1 firma Plejsi, s.r.o. z&nbsp;Liptovsk\u00e9ho Mikul\u00e1\u0161a z\u00edskala 1. miesto v&nbsp;s\u00fa\u0165a\u017ei Najlep\u0161ia prezent\u00e1cia a&nbsp;3. miesto za Najlep\u0161iu vizitku. Samuel Knut z Moy-Ko, centrum zdravia z&nbsp;Ko\u0161\u00edc bol ocenen\u00fd ako 2. najlep\u0161\u00ed reprezentant cvi\u010dnej firmy a Erika Doro\u010d\u00e1kov\u00e1 z Moy-Ko, centrum zdravia obsadila 1. miesto a Ivana Horv\u00e1thov\u00e1 z COCOSITA, s.r.o. 3. miesto v&nbsp;kateg\u00f3rii najlep\u0161ia reprezentantka cvi\u010dnej firmy. Rentify, s. r. o.&nbsp;z&nbsp;Ko\u0161\u00edc z\u00edskala 3. miesto v&nbsp;s\u00fa\u0165a\u017ei Firma v&nbsp;90 sekund\u00e1ch.<\/p>\n<p>Skvel\u00e1 reprezent\u00e1cia Slovenska! V\u0161etk\u00fdm srde\u010dne gratulujeme a&nbsp;prajeme ve\u013ea \u00faspechov aj v&nbsp;bud\u00facom \u017eivote.<\/p>\n<p>&nbsp;<\/p>\n<p><strong><u>V\u00fdsledkov\u00e1 listina 11. ostravsk\u00e9ho veletrhu fiktivn\u00edch firem \u2013 7. 3. 2019<\/u><\/strong><\/p>\n<p><strong>Nejlep\u0161\u00ed firma<\/strong><\/p>\n<table width=\"0\">\n<tbody>\n<tr>\n<td width=\"71\"><strong>Um\u00edst\u011bn\u00ed<\/strong><\/td>\n<td width=\"175\"><strong>Firma<\/strong><\/td>\n<td width=\"66\"><strong>Um\u00edst\u011bn\u00ed<\/strong><\/td>\n<td width=\"274\"><strong>Firma<\/strong><\/td>\n<\/tr>\n<tr>\n<td width=\"71\"><strong>1.<\/strong><\/td>\n<td width=\"175\"><strong>DOGGIE\u00b4S, s.r.o.<\/strong><\/td>\n<td width=\"66\">6.<\/td>\n<td width=\"274\">DinhCorp, s.r.o.<\/td>\n<\/tr>\n<tr>\n<td width=\"71\"><strong>2.<\/strong><\/td>\n<td width=\"175\"><strong>\u017denich a Nev\u011bsta, s.r.o.<\/strong><\/td>\n<td width=\"66\">7.<\/td>\n<td width=\"274\">Happy Rain, s.r.o.<\/td>\n<\/tr>\n<tr>\n<td width=\"71\"><strong>3.<\/strong><\/td>\n<td width=\"175\"><strong>U spln\u011bn\u00fdch p\u0159\u00e1n\u00ed, s.r.o.<\/strong><\/td>\n<td width=\"66\">8.<\/td>\n<td width=\"274\">Live Wood, s.r.o.<\/td>\n<\/tr>\n<tr>\n<td width=\"71\">4.<\/td>\n<td width=\"175\">FAJNA pek\u00e1rna, s.r.o.<\/td>\n<td width=\"66\">9.<\/td>\n<td width=\"274\">Plejsi, s.r.o.<\/td>\n<\/tr>\n<tr>\n<td width=\"71\">5.<\/td>\n<td width=\"175\">Moy-Ko, centrum zdravia<\/td>\n<td width=\"66\">10.<\/td>\n<td width=\"274\">Vodop\u00e1d p\u0159\u00e1n\u00ed, s.r.o.<\/td>\n<\/tr>\n<\/tbody>\n<\/table>\n<p><strong>&nbsp;<\/strong><\/p>\n<p><strong>Nejlep\u0161\u00ed st\u00e1nek<\/strong><\/p>\n<table width=\"0\">\n<tbody>\n<tr>\n<td width=\"71\"><strong>Um\u00edst\u011bn\u00ed<\/strong><\/td>\n<td width=\"175\"><strong>Firma<\/strong><\/td>\n<td width=\"66\"><strong>Um\u00edst\u011bn\u00ed<\/strong><\/td>\n<td width=\"274\"><strong>Firma<\/strong><\/td>\n<\/tr>\n<tr>\n<td width=\"71\"><strong>1.<\/strong><\/td>\n<td width=\"175\"><strong>COCOSITA, s.r.o.<\/strong><\/td>\n<td width=\"66\">6.<\/td>\n<td width=\"274\">Lucky Caf\u00e9, s.r.o.<\/td>\n<\/tr>\n<tr>\n<td width=\"71\"><strong>2.<\/strong><\/td>\n<td width=\"175\"><strong>Flowi, s.r.o.<\/strong><\/td>\n<td width=\"66\">7.<\/td>\n<td width=\"274\">A\u017e do domu, s.r.o.<\/td>\n<\/tr>\n<tr>\n<td width=\"71\"><strong>3.<\/strong><\/td>\n<td width=\"175\"><strong>Language Academy, s.r.o.<\/strong><\/td>\n<td width=\"66\">8.<\/td>\n<td width=\"274\">APIS, Ltd.<\/td>\n<\/tr>\n<tr>\n<td width=\"71\">4.<\/td>\n<td width=\"175\">FAJNA pek\u00e1rna, s.r.o.<\/td>\n<td width=\"66\">9.<\/td>\n<td width=\"274\">\u017denich a Nev\u011bsta, s.r.o.<\/td>\n<\/tr>\n<tr>\n<td width=\"71\">5.<\/td>\n<td width=\"175\">Plejsi, s.r.o.<\/td>\n<td width=\"66\">10.<\/td>\n<td width=\"274\">The&nbsp; WORLD OF WINE, Ltd.<\/td>\n<\/tr>\n<\/tbody>\n<\/table>\n<p><strong>&nbsp;<\/strong><\/p>\n<p><strong>Nejlep\u0161\u00ed prezentace<\/strong><\/p>\n<table width=\"0\">\n<tbody>\n<tr>\n<td width=\"71\"><strong>Um\u00edst\u011bn\u00ed<\/strong><\/td>\n<td width=\"175\"><strong>Firma<\/strong><\/td>\n<td width=\"66\"><strong>Um\u00edst\u011bn\u00ed<\/strong><\/td>\n<td width=\"274\"><strong>Firma<\/strong><\/td>\n<\/tr>\n<tr>\n<td width=\"71\"><strong>1.<\/strong><\/td>\n<td width=\"175\"><strong>Plejsi, s.r.o.<\/strong><\/td>\n<td width=\"66\">5. &#8211; 6.<\/td>\n<td width=\"274\">Lucky Caf\u00e9, s.r.o.<\/td>\n<\/tr>\n<tr>\n<td width=\"71\"><strong>2.<\/strong><\/td>\n<td width=\"175\"><strong>FAJNA<\/strong><strong> pek\u00e1rna, s.r.o.&nbsp; &nbsp;<\/strong><\/td>\n<td width=\"66\">7.<\/td>\n<td width=\"274\">Moy-Ko, centrum zdravia<\/td>\n<\/tr>\n<tr>\n<td width=\"71\"><strong>3.<\/strong><\/td>\n<td width=\"175\"><strong>APIS, Ltd.&nbsp; &nbsp;<\/strong><\/td>\n<td width=\"66\">8. \u2013 10.<\/td>\n<td width=\"274\">Rentify,&nbsp; s.r.o.<\/td>\n<\/tr>\n<tr>\n<td width=\"71\">4.<\/td>\n<td width=\"175\">DOGGIE\u00b4S, s.r.o.&nbsp; &nbsp;<\/td>\n<td width=\"66\">&nbsp;<\/td>\n<td width=\"274\">COCOSITA, s.r.o.<\/td>\n<\/tr>\n<tr>\n<td width=\"71\">5. \u2013 6.<\/td>\n<td width=\"175\">Flowi, s.r.o.,<\/td>\n<td width=\"66\">&nbsp;<\/td>\n<td width=\"274\">World Travel, s.r.o.&nbsp; &nbsp; &nbsp;<\/td>\n<\/tr>\n<\/tbody>\n<\/table>\n<p><strong>&nbsp;<\/strong><\/p>\n<p><strong>Nejlep\u0161\u00ed reprezentant <\/strong><\/p>\n<table width=\"0\">\n<tbody>\n<tr>\n<td width=\"71\"><strong>Um\u00edst\u011bn\u00ed<\/strong><\/td>\n<td width=\"288\"><strong>Jm\u00e9no &#8211; firma<\/strong><\/td>\n<\/tr>\n<tr>\n<td width=\"71\"><strong>1.<\/strong><\/td>\n<td width=\"288\"><strong>Martin Hasaj &#8211;&nbsp; Rentifi, s.r.o.<\/strong><\/td>\n<\/tr>\n<tr>\n<td width=\"71\">2.<\/td>\n<td width=\"288\">Samuel Knut &#8211;&nbsp; Moy-Ko, centrum zdravia<\/td>\n<\/tr>\n<tr>\n<td width=\"71\">3.<\/td>\n<td width=\"288\">Jakub Kro\u010dek &#8211; Lucky Caf\u00e9, s.r.o.<\/td>\n<\/tr>\n<tr>\n<td width=\"71\">4.<\/td>\n<td width=\"288\">Ond\u0159ej Kousal &#8211; World Travel Lines, s.r.o.<\/td>\n<\/tr>\n<tr>\n<td width=\"71\">5.<\/td>\n<td width=\"288\">Jakub \u0160ramko &#8211; Live WOOD s.r.o.<\/td>\n<\/tr>\n<\/tbody>\n<\/table>\n<p><strong>&nbsp;<\/strong><\/p>\n<p><strong>Nejlep\u0161\u00ed reprezentantka <\/strong><\/p>\n<table width=\"0\">\n<tbody>\n<tr>\n<td width=\"71\"><strong>Um\u00edst\u011bn\u00ed<\/strong><\/td>\n<td width=\"288\"><strong>Jm\u00e9no &#8211; firma<\/strong><\/td>\n<\/tr>\n<tr>\n<td width=\"71\"><strong>1.<\/strong><\/td>\n<td width=\"288\"><strong>Erika Doro\u010d\u00e1kov\u00e1 &#8211; Moy-Ko, centrum zdravia<\/strong><\/td>\n<\/tr>\n<tr>\n<td width=\"71\">2.<\/td>\n<td width=\"288\">Ad\u00e9la \u0160pa\u0148helov\u00e1 &#8211; DOGGIE\u00b4S, s.r.o.<\/td>\n<\/tr>\n<tr>\n<td width=\"71\">3.<\/td>\n<td width=\"288\">Ivana Horv\u00e1thov\u00e1 &#8211; COCOSITA, s.r.o.<\/td>\n<\/tr>\n<tr>\n<td width=\"71\">4.<\/td>\n<td width=\"288\">Katka Brziakov\u00e1 &#8211; Plejsi, s.r.o.<\/td>\n<\/tr>\n<tr>\n<td width=\"71\">5.<\/td>\n<td width=\"288\">Tereza Halam\u00ed\u010dkov\u00e1 &#8211; Fancy Flowers, s.r.o.<\/td>\n<\/tr>\n<\/tbody>\n<\/table>\n<p><strong>&nbsp;<\/strong><\/p>\n<p><strong>&nbsp;<\/strong><\/p>\n<p><strong>Nejlep\u0161\u00ed katalog<\/strong><\/p>\n<table width=\"0\">\n<tbody>\n<tr>\n<td width=\"71\"><strong>Um\u00edst\u011bn\u00ed<\/strong><\/td>\n<td width=\"203\"><strong>Firma<\/strong><\/td>\n<\/tr>\n<tr>\n<td width=\"71\"><strong>1.<\/strong><\/td>\n<td width=\"203\"><strong>THE WORLD OF WINE, Ltd.<\/strong><\/td>\n<\/tr>\n<tr>\n<td width=\"71\">2.<\/td>\n<td width=\"203\">COCOSITA, s. r. o.<\/td>\n<\/tr>\n<tr>\n<td width=\"71\">3.<\/td>\n<td width=\"203\">Flowi, s. r. o.<\/td>\n<\/tr>\n<tr>\n<td width=\"71\">4.<\/td>\n<td width=\"203\">Plejsi, s. r. o.<\/td>\n<\/tr>\n<tr>\n<td width=\"71\">5.<\/td>\n<td width=\"203\">Rentify, s. r. o.<\/td>\n<\/tr>\n<\/tbody>\n<\/table>\n<p><strong>&nbsp;<\/strong><\/p>\n<p><strong>Nejlep\u0161\u00ed firemn\u00ed slogan<\/strong><\/p>\n<table width=\"0\">\n<tbody>\n<tr>\n<td width=\"71\"><strong>Um\u00edst\u011bn\u00ed<\/strong><\/td>\n<td width=\"203\"><strong>Firma<\/strong><\/td>\n<\/tr>\n<tr>\n<td width=\"71\"><strong>1.<\/strong><\/td>\n<td width=\"203\"><strong>\u017denich a Nev\u011bsta, s. r. o.<\/strong><\/td>\n<\/tr>\n<tr>\n<td width=\"71\">2.<\/td>\n<td width=\"203\">DinhCorp, s. r. o.<\/td>\n<\/tr>\n<tr>\n<td width=\"71\">3.<\/td>\n<td width=\"203\">COCOSITA, s. r. o.<\/td>\n<\/tr>\n<tr>\n<td width=\"71\">4.<\/td>\n<td width=\"203\">Lucky Caf\u00e9, s. r. o.<\/td>\n<\/tr>\n<tr>\n<td width=\"71\">5.<\/td>\n<td width=\"203\">FAJNA pek\u00e1rna, s. r. o.<\/td>\n<\/tr>\n<\/tbody>\n<\/table>\n<p><strong>&nbsp;<\/strong><\/p>\n<p><strong>Nejlep\u0161\u00ed vizitka<\/strong><\/p>\n<table width=\"0\">\n<tbody>\n<tr>\n<td width=\"71\"><strong>Um\u00edst\u011bn\u00ed<\/strong><\/td>\n<td width=\"203\"><strong>Firma<\/strong><\/td>\n<\/tr>\n<tr>\n<td width=\"71\"><strong>1.<\/strong><\/td>\n<td width=\"203\"><strong>Happy Rain, s. r. o.<\/strong><\/td>\n<\/tr>\n<tr>\n<td width=\"71\">2.<\/td>\n<td width=\"203\">THE WORLD OF WINE, Ltd.<\/td>\n<\/tr>\n<tr>\n<td width=\"71\">3.<\/td>\n<td width=\"203\">Plejsi, s. r. o.<\/td>\n<\/tr>\n<tr>\n<td width=\"71\">4.<\/td>\n<td width=\"203\">Rentify, s. r. o.<\/td>\n<\/tr>\n<tr>\n<td width=\"71\">5.<\/td>\n<td width=\"203\">SNACK PLANET, s. r. o.<\/td>\n<\/tr>\n<\/tbody>\n<\/table>\n<p><strong>&nbsp;<\/strong><\/p>\n<p><strong>Firma v&nbsp;90 sekund\u00e1ch<\/strong><\/p>\n<table width=\"0\">\n<tbody>\n<tr>\n<td width=\"71\"><strong>Um\u00edst\u011bn\u00ed<\/strong><\/td>\n<td width=\"203\"><strong>Firma<\/strong><\/td>\n<\/tr>\n<tr>\n<td width=\"71\"><strong>1.<\/strong><\/td>\n<td width=\"203\"><strong>SNACK PLANET, s. r. o.<\/strong><\/td>\n<\/tr>\n<tr>\n<td width=\"71\">2.<\/td>\n<td width=\"203\">COCOSITA, s. r. o<\/td>\n<\/tr>\n<tr>\n<td width=\"71\">3.<\/td>\n<td width=\"203\">Rentify, s. r. o.&nbsp;<\/td>\n<\/tr>\n<tr>\n<td width=\"71\">4.<\/td>\n<td width=\"203\">DOGGIE\u00b4S, s. r. o.&nbsp;<\/td>\n<\/tr>\n<tr>\n<td width=\"71\">5.<\/td>\n<td width=\"203\">YOUR Living, s. r. o.&nbsp;<\/td>\n<\/tr>\n<\/tbody>\n<\/table>\n<p><strong>&nbsp;<\/strong><\/p>\n<p><strong>Nejorigin\u00e1ln\u011bj\u0161\u00ed podnikatelsk\u00fd z\u00e1m\u011br<\/strong><\/p>\n<table width=\"0\">\n<tbody>\n<tr>\n<td width=\"71\"><strong>Um\u00edst\u011bn\u00ed<\/strong><\/td>\n<td width=\"203\"><strong>Firma<\/strong><\/td>\n<\/tr>\n<tr>\n<td width=\"71\"><strong>1.<\/strong><\/td>\n<td width=\"203\"><strong>DinhCorp, s.r.o.<\/strong><\/td>\n<\/tr>\n<tr>\n<td width=\"71\">2.<\/td>\n<td width=\"203\">Happy Rain, s.r.o.<\/td>\n<\/tr>\n<tr>\n<td width=\"71\">3.<\/td>\n<td width=\"203\">COCOSITA, s.r.o.<\/td>\n<\/tr>\n<tr>\n<td width=\"71\">4.<\/td>\n<td width=\"203\">\u0160atn\u00edk Benefit, s.r.o.<\/td>\n<\/tr>\n<tr>\n<td width=\"71\">5.<\/td>\n<td width=\"203\">A\u017e do domu, s.r.o.<\/td>\n<\/tr>\n<\/tbody>\n<\/table>\n<p>&nbsp;<\/p>","protected":false},"excerpt":{"rendered":"<p>V porad\u00ed 11. ro\u010dn\u00edk Ostravsk\u00e9ho ve\u013etrhu fikt\u00edvnych firiem s&nbsp;medzin\u00e1rodnou \u00fa\u010das\u0165ou sa uskuto\u010dnil v&nbsp;d\u0148och 6. \u2013 7. marca 2019 u\u017e tradi\u010dne v&nbsp;priestoroch v\u00fdstaviska \u010cern\u00e1 louka \u2013 pavil\u00f3n A. Usporiadate\u013eom bola Obchodn\u00e1 akad\u00e9mia a&nbsp;Vy\u0161\u0161ia odborn\u00e1 \u0161kola soci\u00e1lna, Ostrava \u2013 Mari\u00e1nsk\u00e9 Hory. Odbor finan\u010dnej gramotnosti a&nbsp;Slovensk\u00e9 centrum cvi\u010dn\u00fdch firiem zo \u0160IOV reprezentovali dve odborn\u00e9 zamestnankyne, Mgr. Marta Maru\u0161incov\u00e1 [&hellip;]<\/p>\n","protected":false},"author":6,"featured_media":3589,"comment_status":"closed","ping_status":"closed","sticky":false,"template":"","format":"standard","meta":{"site-sidebar-layout":"default","site-content-layout":"","ast-site-content-layout":"default","site-content-style":"default","site-sidebar-style":"default","ast-global-header-display":"","ast-banner-title-visibility":"","ast-main-header-display":"","ast-hfb-above-header-display":"","ast-hfb-below-header-display":"","ast-hfb-mobile-header-display":"","site-post-title":"","ast-breadcrumbs-content":"","ast-featured-img":"","footer-sml-layout":"","ast-disable-related-posts":"","theme-transparent-header-meta":"","adv-header-id-meta":"","stick-header-meta":"","header-above-stick-meta":"","header-main-stick-meta":"","header-below-stick-meta":"","astra-migrate-meta-layouts":"default","ast-page-background-enabled":"default","ast-page-background-meta":{"desktop":{"background-color":"var(--ast-global-color-4)","background-image":"","background-repeat":"repeat","background-position":"center center","background-size":"auto","background-attachment":"scroll","background-type":"","background-media":"","overlay-type":"","overlay-color":"","overlay-opacity":"","overlay-gradient":""},"tablet":{"background-color":"","background-image":"","background-repeat":"repeat","background-position":"center center","background-size":"auto","background-attachment":"scroll","background-type":"","background-media":"","overlay-type":"","overlay-color":"","overlay-opacity":"","overlay-gradient":""},"mobile":{"background-color":"","background-image":"","background-repeat":"repeat","background-position":"center center","background-size":"auto","background-attachment":"scroll","background-type":"","background-media":"","overlay-type":"","overlay-color":"","overlay-opacity":"","overlay-gradient":""}},"ast-content-background-meta":{"desktop":{"background-color":"var(--ast-global-color-5)","background-image":"","background-repeat":"repeat","background-position":"center center","background-size":"auto","background-attachment":"scroll","background-type":"","background-media":"","overlay-type":"","overlay-color":"","overlay-opacity":"","overlay-gradient":""},"tablet":{"background-color":"var(--ast-global-color-5)","background-image":"","background-repeat":"repeat","background-position":"center center","background-size":"auto","background-attachment":"scroll","background-type":"","background-media":"","overlay-type":"","overlay-color":"","overlay-opacity":"","overlay-gradient":""},"mobile":{"background-color":"var(--ast-global-color-5)","background-image":"","background-repeat":"repeat","background-position":"center center","background-size":"auto","background-attachment":"scroll","background-type":"","background-media":"","overlay-type":"","overlay-color":"","overlay-opacity":"","overlay-gradient":""}},"footnotes":""},"categories":[1],"tags":[],"class_list":["post-3562","post","type-post","status-publish","format-standard","has-post-thumbnail","hentry","category-aktuality"],"yoast_head":"<!-- This site is optimized with the Yoast SEO plugin v27.5 - https:\/\/yoast.com\/product\/yoast-seo-wordpress\/ -->\n<title>Ostravsk\u00fd ve\u013etrh fikt\u00edvnych firiem 2019 - \u0160IOV - \u0161t\u00e1tny in\u0161tit\u00fat odborn\u00e9ho vzdel\u00e1vania<\/title>\n<meta name=\"description\" content=\"V porad\u00ed 11. ro\u010dn\u00edk Ostravsk\u00e9ho ve\u013etrhu fikt\u00edvnych firiem s\u00a0medzin\u00e1rodnou \u00fa\u010das\u0165ou sa uskuto\u010dnil v\u00a0d\u0148och 6. \u2013 7. marca 2019 u\u017e tradi\u010dne v\u00a0priestoroch v\u00fdstaviska \u010cern\u00e1 louka \u2013 pavil\u00f3n A.\" \/>\n<meta name=\"robots\" content=\"index, follow, max-snippet:-1, max-image-preview:large, max-video-preview:-1\" \/>\n<link rel=\"canonical\" href=\"https:\/\/archiv.siov.sk\/en\/ostravsky-veltrh-fiktivnych-firiem-2019\/\" \/>\n<meta property=\"og:locale\" content=\"en_GB\" \/>\n<meta property=\"og:type\" content=\"article\" \/>\n<meta property=\"og:title\" content=\"Ostravsk\u00fd ve\u013etrh fikt\u00edvnych firiem 2019 - \u0160IOV - \u0161t\u00e1tny in\u0161tit\u00fat odborn\u00e9ho vzdel\u00e1vania\" \/>\n<meta property=\"og:description\" content=\"V porad\u00ed 11. ro\u010dn\u00edk Ostravsk\u00e9ho ve\u013etrhu fikt\u00edvnych firiem s\u00a0medzin\u00e1rodnou \u00fa\u010das\u0165ou sa uskuto\u010dnil v\u00a0d\u0148och 6. \u2013 7. marca 2019 u\u017e tradi\u010dne v\u00a0priestoroch v\u00fdstaviska \u010cern\u00e1 louka \u2013 pavil\u00f3n A.\" \/>\n<meta property=\"og:url\" content=\"https:\/\/archiv.siov.sk\/en\/ostravsky-veltrh-fiktivnych-firiem-2019\/\" \/>\n<meta property=\"og:site_name\" content=\"\u0160IOV - \u0161t\u00e1tny in\u0161tit\u00fat odborn\u00e9ho vzdel\u00e1vania\" \/>\n<meta property=\"article:publisher\" content=\"https:\/\/www.facebook.com\/Statnyinstitutodbornehovzdelavania\" \/>\n<meta property=\"article:published_time\" content=\"2019-03-14T13:59:06+00:00\" \/>\n<meta property=\"article:modified_time\" content=\"2019-03-19T12:58:51+00:00\" \/>\n<meta property=\"og:image\" content=\"https:\/\/archiv.siov.sk\/wp-content\/uploads\/2019\/03\/fiktivna-firma-ostrava-2019.jpg\" \/>\n\t<meta property=\"og:image:width\" content=\"1100\" \/>\n\t<meta property=\"og:image:height\" content=\"445\" \/>\n\t<meta property=\"og:image:type\" content=\"image\/jpeg\" \/>\n<meta name=\"author\" content=\"Katar\u00edna Kov\u00e1\u010dov\u00e1\" \/>\n<meta name=\"twitter:card\" content=\"summary_large_image\" \/>\n<meta name=\"twitter:label1\" content=\"Written by\" \/>\n\t<meta name=\"twitter:data1\" content=\"Katar\u00edna Kov\u00e1\u010dov\u00e1\" \/>\n\t<meta name=\"twitter:label2\" content=\"Estimated reading time\" \/>\n\t<meta name=\"twitter:data2\" content=\"5 minutes\" \/>\n<script type=\"application\/ld+json\" class=\"yoast-schema-graph\">{\"@context\":\"https:\\\/\\\/schema.org\",\"@graph\":[{\"@type\":\"Article\",\"@id\":\"https:\\\/\\\/archiv.siov.sk\\\/ostravsky-veltrh-fiktivnych-firiem-2019\\\/#article\",\"isPartOf\":{\"@id\":\"https:\\\/\\\/archiv.siov.sk\\\/ostravsky-veltrh-fiktivnych-firiem-2019\\\/\"},\"author\":{\"name\":\"Katar\u00edna Kov\u00e1\u010dov\u00e1\",\"@id\":\"https:\\\/\\\/archiv.siov.sk\\\/#\\\/schema\\\/person\\\/e42d633fbd958c6a726e8834d8965e6c\"},\"headline\":\"Ostravsk\u00fd ve\u013etrh fikt\u00edvnych firiem 2019\",\"datePublished\":\"2019-03-14T13:59:06+00:00\",\"dateModified\":\"2019-03-19T12:58:51+00:00\",\"mainEntityOfPage\":{\"@id\":\"https:\\\/\\\/archiv.siov.sk\\\/ostravsky-veltrh-fiktivnych-firiem-2019\\\/\"},\"wordCount\":1026,\"publisher\":{\"@id\":\"https:\\\/\\\/archiv.siov.sk\\\/#organization\"},\"image\":{\"@id\":\"https:\\\/\\\/archiv.siov.sk\\\/ostravsky-veltrh-fiktivnych-firiem-2019\\\/#primaryimage\"},\"thumbnailUrl\":\"https:\\\/\\\/archiv.siov.sk\\\/wp-content\\\/uploads\\\/2019\\\/03\\\/fiktivna-firma-ostrava-2019.jpg\",\"articleSection\":[\"Aktuality\"],\"inLanguage\":\"en-GB\"},{\"@type\":\"WebPage\",\"@id\":\"https:\\\/\\\/archiv.siov.sk\\\/ostravsky-veltrh-fiktivnych-firiem-2019\\\/\",\"url\":\"https:\\\/\\\/archiv.siov.sk\\\/ostravsky-veltrh-fiktivnych-firiem-2019\\\/\",\"name\":\"Ostravsk\u00fd ve\u013etrh fikt\u00edvnych firiem 2019 - \u0160IOV - \u0161t\u00e1tny in\u0161tit\u00fat odborn\u00e9ho vzdel\u00e1vania\",\"isPartOf\":{\"@id\":\"https:\\\/\\\/archiv.siov.sk\\\/#website\"},\"primaryImageOfPage\":{\"@id\":\"https:\\\/\\\/archiv.siov.sk\\\/ostravsky-veltrh-fiktivnych-firiem-2019\\\/#primaryimage\"},\"image\":{\"@id\":\"https:\\\/\\\/archiv.siov.sk\\\/ostravsky-veltrh-fiktivnych-firiem-2019\\\/#primaryimage\"},\"thumbnailUrl\":\"https:\\\/\\\/archiv.siov.sk\\\/wp-content\\\/uploads\\\/2019\\\/03\\\/fiktivna-firma-ostrava-2019.jpg\",\"datePublished\":\"2019-03-14T13:59:06+00:00\",\"dateModified\":\"2019-03-19T12:58:51+00:00\",\"description\":\"V porad\u00ed 11. ro\u010dn\u00edk Ostravsk\u00e9ho ve\u013etrhu fikt\u00edvnych firiem s\u00a0medzin\u00e1rodnou \u00fa\u010das\u0165ou sa uskuto\u010dnil v\u00a0d\u0148och 6. \u2013 7. marca 2019 u\u017e tradi\u010dne v\u00a0priestoroch v\u00fdstaviska \u010cern\u00e1 louka \u2013 pavil\u00f3n A.\",\"breadcrumb\":{\"@id\":\"https:\\\/\\\/archiv.siov.sk\\\/ostravsky-veltrh-fiktivnych-firiem-2019\\\/#breadcrumb\"},\"inLanguage\":\"en-GB\",\"potentialAction\":[{\"@type\":\"ReadAction\",\"target\":[\"https:\\\/\\\/archiv.siov.sk\\\/ostravsky-veltrh-fiktivnych-firiem-2019\\\/\"]}]},{\"@type\":\"ImageObject\",\"inLanguage\":\"en-GB\",\"@id\":\"https:\\\/\\\/archiv.siov.sk\\\/ostravsky-veltrh-fiktivnych-firiem-2019\\\/#primaryimage\",\"url\":\"https:\\\/\\\/archiv.siov.sk\\\/wp-content\\\/uploads\\\/2019\\\/03\\\/fiktivna-firma-ostrava-2019.jpg\",\"contentUrl\":\"https:\\\/\\\/archiv.siov.sk\\\/wp-content\\\/uploads\\\/2019\\\/03\\\/fiktivna-firma-ostrava-2019.jpg\",\"width\":1100,\"height\":445,\"caption\":\"Ostravsk\u00fd ve\u013etrh fikt\u00edvnych firiem 2019Ostravsk\u00fd ve\u013etrh fikt\u00edvnych firiem 2019Ostravsk\u00fd ve\u013etrh fikt\u00edvnych firiem 2019Ostravsk\u00fd ve\u013etrh fikt\u00edvnych firiem 2019Ostravsk\u00fd ve\u013etrh fikt\u00edvnych firiem 2019Ostravsk\u00fd ve\u013etrh fikt\u00edvnych firiem 2019Ostravsk\u00fd ve\u013etrh fikt\u00edvnych firiem 2019\"},{\"@type\":\"BreadcrumbList\",\"@id\":\"https:\\\/\\\/archiv.siov.sk\\\/ostravsky-veltrh-fiktivnych-firiem-2019\\\/#breadcrumb\",\"itemListElement\":[{\"@type\":\"ListItem\",\"position\":1,\"name\":\"Home\",\"item\":\"https:\\\/\\\/archiv.siov.sk\\\/\"},{\"@type\":\"ListItem\",\"position\":2,\"name\":\"Ostravsk\u00fd ve\u013etrh fikt\u00edvnych firiem 2019\"}]},{\"@type\":\"WebSite\",\"@id\":\"https:\\\/\\\/archiv.siov.sk\\\/#website\",\"url\":\"https:\\\/\\\/archiv.siov.sk\\\/\",\"name\":\"\u0160IOV - \u0161t\u00e1tny in\u0161tit\u00fat odborn\u00e9ho vzdel\u00e1vania\",\"description\":\"\",\"publisher\":{\"@id\":\"https:\\\/\\\/archiv.siov.sk\\\/#organization\"},\"potentialAction\":[{\"@type\":\"SearchAction\",\"target\":{\"@type\":\"EntryPoint\",\"urlTemplate\":\"https:\\\/\\\/archiv.siov.sk\\\/?s={search_term_string}\"},\"query-input\":{\"@type\":\"PropertyValueSpecification\",\"valueRequired\":true,\"valueName\":\"search_term_string\"}}],\"inLanguage\":\"en-GB\"},{\"@type\":\"Organization\",\"@id\":\"https:\\\/\\\/archiv.siov.sk\\\/#organization\",\"name\":\"\u0160IOV - \u0161t\u00e1tny in\u0161tit\u00fat odborn\u00e9ho vzdel\u00e1vania\",\"url\":\"https:\\\/\\\/archiv.siov.sk\\\/\",\"logo\":{\"@type\":\"ImageObject\",\"inLanguage\":\"en-GB\",\"@id\":\"https:\\\/\\\/archiv.siov.sk\\\/#\\\/schema\\\/logo\\\/image\\\/\",\"url\":\"https:\\\/\\\/archiv.siov.sk\\\/wp-content\\\/uploads\\\/2024\\\/02\\\/logo-SIOV.png\",\"contentUrl\":\"https:\\\/\\\/archiv.siov.sk\\\/wp-content\\\/uploads\\\/2024\\\/02\\\/logo-SIOV.png\",\"width\":431,\"height\":143,\"caption\":\"\u0160IOV - \u0161t\u00e1tny in\u0161tit\u00fat odborn\u00e9ho vzdel\u00e1vania\"},\"image\":{\"@id\":\"https:\\\/\\\/archiv.siov.sk\\\/#\\\/schema\\\/logo\\\/image\\\/\"},\"sameAs\":[\"https:\\\/\\\/www.facebook.com\\\/Statnyinstitutodbornehovzdelavania\"]},{\"@type\":\"Person\",\"@id\":\"https:\\\/\\\/archiv.siov.sk\\\/#\\\/schema\\\/person\\\/e42d633fbd958c6a726e8834d8965e6c\",\"name\":\"Katar\u00edna Kov\u00e1\u010dov\u00e1\",\"url\":\"https:\\\/\\\/archiv.siov.sk\\\/en\\\/author\\\/katkakovacova\\\/\"}]}<\/script>\n<!-- \/ Yoast SEO plugin. -->","yoast_head_json":{"title":"Ostravsk\u00fd ve\u013etrh fikt\u00edvnych firiem 2019 - \u0160IOV - \u0161t\u00e1tny in\u0161tit\u00fat odborn\u00e9ho vzdel\u00e1vania","description":"V porad\u00ed 11. ro\u010dn\u00edk Ostravsk\u00e9ho ve\u013etrhu fikt\u00edvnych firiem s\u00a0medzin\u00e1rodnou \u00fa\u010das\u0165ou sa uskuto\u010dnil v\u00a0d\u0148och 6. \u2013 7. marca 2019 u\u017e tradi\u010dne v\u00a0priestoroch v\u00fdstaviska \u010cern\u00e1 louka \u2013 pavil\u00f3n A.","robots":{"index":"index","follow":"follow","max-snippet":"max-snippet:-1","max-image-preview":"max-image-preview:large","max-video-preview":"max-video-preview:-1"},"canonical":"https:\/\/archiv.siov.sk\/en\/ostravsky-veltrh-fiktivnych-firiem-2019\/","og_locale":"en_GB","og_type":"article","og_title":"Ostravsk\u00fd ve\u013etrh fikt\u00edvnych firiem 2019 - \u0160IOV - \u0161t\u00e1tny in\u0161tit\u00fat odborn\u00e9ho vzdel\u00e1vania","og_description":"V porad\u00ed 11. ro\u010dn\u00edk Ostravsk\u00e9ho ve\u013etrhu fikt\u00edvnych firiem s\u00a0medzin\u00e1rodnou \u00fa\u010das\u0165ou sa uskuto\u010dnil v\u00a0d\u0148och 6. \u2013 7. marca 2019 u\u017e tradi\u010dne v\u00a0priestoroch v\u00fdstaviska \u010cern\u00e1 louka \u2013 pavil\u00f3n A.","og_url":"https:\/\/archiv.siov.sk\/en\/ostravsky-veltrh-fiktivnych-firiem-2019\/","og_site_name":"\u0160IOV - \u0161t\u00e1tny in\u0161tit\u00fat odborn\u00e9ho vzdel\u00e1vania","article_publisher":"https:\/\/www.facebook.com\/Statnyinstitutodbornehovzdelavania","article_published_time":"2019-03-14T13:59:06+00:00","article_modified_time":"2019-03-19T12:58:51+00:00","og_image":[{"width":1100,"height":445,"url":"https:\/\/archiv.siov.sk\/wp-content\/uploads\/2019\/03\/fiktivna-firma-ostrava-2019.jpg","type":"image\/jpeg"}],"author":"Katar\u00edna Kov\u00e1\u010dov\u00e1","twitter_card":"summary_large_image","twitter_misc":{"Written by":"Katar\u00edna Kov\u00e1\u010dov\u00e1","Estimated reading time":"5 minutes"},"schema":{"@context":"https:\/\/schema.org","@graph":[{"@type":"Article","@id":"https:\/\/archiv.siov.sk\/ostravsky-veltrh-fiktivnych-firiem-2019\/#article","isPartOf":{"@id":"https:\/\/archiv.siov.sk\/ostravsky-veltrh-fiktivnych-firiem-2019\/"},"author":{"name":"Katar\u00edna Kov\u00e1\u010dov\u00e1","@id":"https:\/\/archiv.siov.sk\/#\/schema\/person\/e42d633fbd958c6a726e8834d8965e6c"},"headline":"Ostravsk\u00fd ve\u013etrh fikt\u00edvnych firiem 2019","datePublished":"2019-03-14T13:59:06+00:00","dateModified":"2019-03-19T12:58:51+00:00","mainEntityOfPage":{"@id":"https:\/\/archiv.siov.sk\/ostravsky-veltrh-fiktivnych-firiem-2019\/"},"wordCount":1026,"publisher":{"@id":"https:\/\/archiv.siov.sk\/#organization"},"image":{"@id":"https:\/\/archiv.siov.sk\/ostravsky-veltrh-fiktivnych-firiem-2019\/#primaryimage"},"thumbnailUrl":"https:\/\/archiv.siov.sk\/wp-content\/uploads\/2019\/03\/fiktivna-firma-ostrava-2019.jpg","articleSection":["Aktuality"],"inLanguage":"en-GB"},{"@type":"WebPage","@id":"https:\/\/archiv.siov.sk\/ostravsky-veltrh-fiktivnych-firiem-2019\/","url":"https:\/\/archiv.siov.sk\/ostravsky-veltrh-fiktivnych-firiem-2019\/","name":"Ostravsk\u00fd ve\u013etrh fikt\u00edvnych firiem 2019 - \u0160IOV - \u0161t\u00e1tny in\u0161tit\u00fat odborn\u00e9ho vzdel\u00e1vania","isPartOf":{"@id":"https:\/\/archiv.siov.sk\/#website"},"primaryImageOfPage":{"@id":"https:\/\/archiv.siov.sk\/ostravsky-veltrh-fiktivnych-firiem-2019\/#primaryimage"},"image":{"@id":"https:\/\/archiv.siov.sk\/ostravsky-veltrh-fiktivnych-firiem-2019\/#primaryimage"},"thumbnailUrl":"https:\/\/archiv.siov.sk\/wp-content\/uploads\/2019\/03\/fiktivna-firma-ostrava-2019.jpg","datePublished":"2019-03-14T13:59:06+00:00","dateModified":"2019-03-19T12:58:51+00:00","description":"V porad\u00ed 11. ro\u010dn\u00edk Ostravsk\u00e9ho ve\u013etrhu fikt\u00edvnych firiem s\u00a0medzin\u00e1rodnou \u00fa\u010das\u0165ou sa uskuto\u010dnil v\u00a0d\u0148och 6. \u2013 7. marca 2019 u\u017e tradi\u010dne v\u00a0priestoroch v\u00fdstaviska \u010cern\u00e1 louka \u2013 pavil\u00f3n A.","breadcrumb":{"@id":"https:\/\/archiv.siov.sk\/ostravsky-veltrh-fiktivnych-firiem-2019\/#breadcrumb"},"inLanguage":"en-GB","potentialAction":[{"@type":"ReadAction","target":["https:\/\/archiv.siov.sk\/ostravsky-veltrh-fiktivnych-firiem-2019\/"]}]},{"@type":"ImageObject","inLanguage":"en-GB","@id":"https:\/\/archiv.siov.sk\/ostravsky-veltrh-fiktivnych-firiem-2019\/#primaryimage","url":"https:\/\/archiv.siov.sk\/wp-content\/uploads\/2019\/03\/fiktivna-firma-ostrava-2019.jpg","contentUrl":"https:\/\/archiv.siov.sk\/wp-content\/uploads\/2019\/03\/fiktivna-firma-ostrava-2019.jpg","width":1100,"height":445,"caption":"Ostravsk\u00fd ve\u013etrh fikt\u00edvnych firiem 2019Ostravsk\u00fd ve\u013etrh fikt\u00edvnych firiem 2019Ostravsk\u00fd ve\u013etrh fikt\u00edvnych firiem 2019Ostravsk\u00fd ve\u013etrh fikt\u00edvnych firiem 2019Ostravsk\u00fd ve\u013etrh fikt\u00edvnych firiem 2019Ostravsk\u00fd ve\u013etrh fikt\u00edvnych firiem 2019Ostravsk\u00fd ve\u013etrh fikt\u00edvnych firiem 2019"},{"@type":"BreadcrumbList","@id":"https:\/\/archiv.siov.sk\/ostravsky-veltrh-fiktivnych-firiem-2019\/#breadcrumb","itemListElement":[{"@type":"ListItem","position":1,"name":"Home","item":"https:\/\/archiv.siov.sk\/"},{"@type":"ListItem","position":2,"name":"Ostravsk\u00fd ve\u013etrh fikt\u00edvnych firiem 2019"}]},{"@type":"WebSite","@id":"https:\/\/archiv.siov.sk\/#website","url":"https:\/\/archiv.siov.sk\/","name":"\u0160IOV - \u0161t\u00e1tny in\u0161tit\u00fat odborn\u00e9ho vzdel\u00e1vania","description":"","publisher":{"@id":"https:\/\/archiv.siov.sk\/#organization"},"potentialAction":[{"@type":"SearchAction","target":{"@type":"EntryPoint","urlTemplate":"https:\/\/archiv.siov.sk\/?s={search_term_string}"},"query-input":{"@type":"PropertyValueSpecification","valueRequired":true,"valueName":"search_term_string"}}],"inLanguage":"en-GB"},{"@type":"Organization","@id":"https:\/\/archiv.siov.sk\/#organization","name":"\u0160IOV - \u0161t\u00e1tny in\u0161tit\u00fat odborn\u00e9ho vzdel\u00e1vania","url":"https:\/\/archiv.siov.sk\/","logo":{"@type":"ImageObject","inLanguage":"en-GB","@id":"https:\/\/archiv.siov.sk\/#\/schema\/logo\/image\/","url":"https:\/\/archiv.siov.sk\/wp-content\/uploads\/2024\/02\/logo-SIOV.png","contentUrl":"https:\/\/archiv.siov.sk\/wp-content\/uploads\/2024\/02\/logo-SIOV.png","width":431,"height":143,"caption":"\u0160IOV - \u0161t\u00e1tny in\u0161tit\u00fat odborn\u00e9ho vzdel\u00e1vania"},"image":{"@id":"https:\/\/archiv.siov.sk\/#\/schema\/logo\/image\/"},"sameAs":["https:\/\/www.facebook.com\/Statnyinstitutodbornehovzdelavania"]},{"@type":"Person","@id":"https:\/\/archiv.siov.sk\/#\/schema\/person\/e42d633fbd958c6a726e8834d8965e6c","name":"Katar\u00edna Kov\u00e1\u010dov\u00e1","url":"https:\/\/archiv.siov.sk\/en\/author\/katkakovacova\/"}]}},"_links":{"self":[{"href":"https:\/\/archiv.siov.sk\/en\/wp-json\/wp\/v2\/posts\/3562","targetHints":{"allow":["GET"]}}],"collection":[{"href":"https:\/\/archiv.siov.sk\/en\/wp-json\/wp\/v2\/posts"}],"about":[{"href":"https:\/\/archiv.siov.sk\/en\/wp-json\/wp\/v2\/types\/post"}],"author":[{"embeddable":true,"href":"https:\/\/archiv.siov.sk\/en\/wp-json\/wp\/v2\/users\/6"}],"replies":[{"embeddable":true,"href":"https:\/\/archiv.siov.sk\/en\/wp-json\/wp\/v2\/comments?post=3562"}],"version-history":[{"count":1,"href":"https:\/\/archiv.siov.sk\/en\/wp-json\/wp\/v2\/posts\/3562\/revisions"}],"predecessor-version":[{"id":3573,"href":"https:\/\/archiv.siov.sk\/en\/wp-json\/wp\/v2\/posts\/3562\/revisions\/3573"}],"wp:featuredmedia":[{"embeddable":true,"href":"https:\/\/archiv.siov.sk\/en\/wp-json\/wp\/v2\/media\/3589"}],"wp:attachment":[{"href":"https:\/\/archiv.siov.sk\/en\/wp-json\/wp\/v2\/media?parent=3562"}],"wp:term":[{"taxonomy":"category","embeddable":true,"href":"https:\/\/archiv.siov.sk\/en\/wp-json\/wp\/v2\/categories?post=3562"},{"taxonomy":"post_tag","embeddable":true,"href":"https:\/\/archiv.siov.sk\/en\/wp-json\/wp\/v2\/tags?post=3562"}],"curies":[{"name":"wp","href":"https:\/\/api.w.org\/{rel}","templated":true}]}}