{"id":3559,"date":"2019-03-14T13:28:05","date_gmt":"2019-03-14T12:28:05","guid":{"rendered":"http:\/\/archiv.siov.sk\/?p=3559"},"modified":"2019-03-14T14:41:17","modified_gmt":"2019-03-14T13:41:17","slug":"cvicne-firmy-budu-sutazit-v-ziari-nad-hronom","status":"publish","type":"post","link":"https:\/\/archiv.siov.sk\/en\/cvicne-firmy-budu-sutazit-v-ziari-nad-hronom\/","title":{"rendered":"Cvi\u010dn\u00e9 firmy bud\u00fa s\u00fa\u0165a\u017ei\u0165 v\u00a0\u017diari nad Hronom"},"content":{"rendered":"<p><em>Bratislava &#8211; 14. marca 2019 &#8211;<\/em> V&nbsp;stredu 3. apr\u00edla 2019 v&nbsp;Mestskom kult\u00farnom dome v&nbsp;\u017diari nad Hronom organizuje S\u00fakromn\u00e1 obchodn\u00e1 akad\u00e9mia v&nbsp;spolupr\u00e1ci so \u0160t\u00e1tnym in\u0161tit\u00fatom odborn\u00e9ho vzdel\u00e1vania \u2013 Slovensk\u00e9 centrum cvi\u010dn\u00fdch firiem (\u0160IOV \u2013 SCCF) 23. region\u00e1lny ve\u013etrh a&nbsp;kontrakta\u010dn\u00fd de\u0148 cvi\u010dn\u00fdch firiem.&nbsp; Bude sa s\u00fa\u0165a\u017ei\u0165 v&nbsp;kateg\u00f3ri\u00e1ch:<\/p>\n<p>&#8211; najlep\u0161ia elektronick\u00e1 prezent\u00e1cia cvi\u010dnej firmy,<br \/>\n&#8211; najlep\u0161\u00ed slogan cvi\u010dnej firmy,&nbsp;<br \/>\n&#8211; najlep\u0161\u00ed st\u00e1nok cvi\u010dnej firmy,&nbsp;<br \/>\n&#8211; najlep\u0161ie logo cvi\u010dnej firmy,&nbsp;<br \/>\n&#8211; najlep\u0161\u00ed katal\u00f3g cvi\u010dnej firmy.<\/p>\n<p>&nbsp;<\/p>\n<p>Na region\u00e1lnom ve\u013etrhu si m\u00f4\u017eu cvi\u010dn\u00e9 firmy preveri\u0165 svoje podnikate\u013esk\u00e9 schopnosti v \u0161ir\u0161ej konkurencii a z\u00edska\u0165 nov\u00fdch obchodn\u00fdch partnerov. Ve\u013etrh bude s\u00fa\u010dasne aj 11. kontrakta\u010dn\u00fdm d\u0148om pre cvi\u010dn\u00e9 firmy zo stredoslovensk\u00e9ho regi\u00f3nu. Z\u00e1stupcovia z&nbsp;Detvy pr\u00eddu s medzin\u00e1rodnou cvi\u010dnou firmou spolu s partnermi z Chorv\u00e1tska, \u0160panielska a&nbsp;Talianska.<\/p>\n<p>S\u00fa\u010das\u0165ou podujatia bude aj z\u00e1vere\u010dn\u00e9 vyhodnotenie a&nbsp;ocenenie v\u00ed\u0165azov 7. ro\u010dn\u00edka s\u00fa\u0165a\u017ee \u201eNaj podnikate\u013esk\u00fd z\u00e1mer\u201c, ktorej vyhlasovate\u013eom je \u0160IOV &#8211; Slovensk\u00e9 centrum cvi\u010dn\u00fdch firiem. Hodnotite\u013emi boli z\u00e1stupcovia z&nbsp;Ekonomickej univerzity v&nbsp;Bratislave, Zdru\u017eenia mlad\u00fdch podnikate\u013eov Slovenska (ZMPS) a&nbsp;Slovak Business agency (SBA). Vyhodnotenie &nbsp;a&nbsp;propoz\u00edcie s\u00fa\u0165a\u017ee n\u00e1jdete na http:\/\/www.sccf.sk\/sutaz-o-najlepsi-podniktelsky-zamer-40.html<\/p>","protected":false},"excerpt":{"rendered":"<p>Bratislava &#8211; 14. marca 2019 &#8211; V&nbsp;stredu 3. apr\u00edla 2019 v&nbsp;Mestskom kult\u00farnom dome v&nbsp;\u017diari nad Hronom organizuje S\u00fakromn\u00e1 obchodn\u00e1 akad\u00e9mia v&nbsp;spolupr\u00e1ci so \u0160t\u00e1tnym in\u0161tit\u00fatom odborn\u00e9ho vzdel\u00e1vania \u2013 Slovensk\u00e9 centrum cvi\u010dn\u00fdch firiem (\u0160IOV \u2013 SCCF) 23. region\u00e1lny ve\u013etrh a&nbsp;kontrakta\u010dn\u00fd de\u0148 cvi\u010dn\u00fdch firiem.&nbsp; Bude sa s\u00fa\u0165a\u017ei\u0165 v&nbsp;kateg\u00f3ri\u00e1ch: &#8211; najlep\u0161ia elektronick\u00e1 prezent\u00e1cia cvi\u010dnej firmy, &#8211; najlep\u0161\u00ed slogan cvi\u010dnej [&hellip;]<\/p>\n","protected":false},"author":6,"featured_media":2355,"comment_status":"closed","ping_status":"closed","sticky":false,"template":"","format":"standard","meta":{"site-sidebar-layout":"default","site-content-layout":"","ast-site-content-layout":"default","site-content-style":"default","site-sidebar-style":"default","ast-global-header-display":"","ast-banner-title-visibility":"","ast-main-header-display":"","ast-hfb-above-header-display":"","ast-hfb-below-header-display":"","ast-hfb-mobile-header-display":"","site-post-title":"","ast-breadcrumbs-content":"","ast-featured-img":"","footer-sml-layout":"","ast-disable-related-posts":"","theme-transparent-header-meta":"","adv-header-id-meta":"","stick-header-meta":"","header-above-stick-meta":"","header-main-stick-meta":"","header-below-stick-meta":"","astra-migrate-meta-layouts":"default","ast-page-background-enabled":"default","ast-page-background-meta":{"desktop":{"background-color":"var(--ast-global-color-4)","background-image":"","background-repeat":"repeat","background-position":"center center","background-size":"auto","background-attachment":"scroll","background-type":"","background-media":"","overlay-type":"","overlay-color":"","overlay-opacity":"","overlay-gradient":""},"tablet":{"background-color":"","background-image":"","background-repeat":"repeat","background-position":"center center","background-size":"auto","background-attachment":"scroll","background-type":"","background-media":"","overlay-type":"","overlay-color":"","overlay-opacity":"","overlay-gradient":""},"mobile":{"background-color":"","background-image":"","background-repeat":"repeat","background-position":"center center","background-size":"auto","background-attachment":"scroll","background-type":"","background-media":"","overlay-type":"","overlay-color":"","overlay-opacity":"","overlay-gradient":""}},"ast-content-background-meta":{"desktop":{"background-color":"var(--ast-global-color-5)","background-image":"","background-repeat":"repeat","background-position":"center center","background-size":"auto","background-attachment":"scroll","background-type":"","background-media":"","overlay-type":"","overlay-color":"","overlay-opacity":"","overlay-gradient":""},"tablet":{"background-color":"var(--ast-global-color-5)","background-image":"","background-repeat":"repeat","background-position":"center center","background-size":"auto","background-attachment":"scroll","background-type":"","background-media":"","overlay-type":"","overlay-color":"","overlay-opacity":"","overlay-gradient":""},"mobile":{"background-color":"var(--ast-global-color-5)","background-image":"","background-repeat":"repeat","background-position":"center center","background-size":"auto","background-attachment":"scroll","background-type":"","background-media":"","overlay-type":"","overlay-color":"","overlay-opacity":"","overlay-gradient":""}},"footnotes":""},"categories":[1],"tags":[],"class_list":["post-3559","post","type-post","status-publish","format-standard","has-post-thumbnail","hentry","category-aktuality"],"yoast_head":"<!-- This site is optimized with the Yoast SEO plugin v27.5 - https:\/\/yoast.com\/product\/yoast-seo-wordpress\/ -->\n<title>Cvi\u010dn\u00e9 firmy bud\u00fa s\u00fa\u0165a\u017ei\u0165 v\u00a0\u017diari nad Hronom - \u0160IOV - \u0161t\u00e1tny in\u0161tit\u00fat odborn\u00e9ho vzdel\u00e1vania<\/title>\n<meta name=\"description\" content=\"V\u00a0stredu 3. apr\u00edla 2019 v\u00a0Mestskom kult\u00farnom dome v\u00a0\u017diari nad Hronom organizuje S\u00fakromn\u00e1 obchodn\u00e1 akad\u00e9mia v\u00a0spolupr\u00e1ci so \u0160t\u00e1tnym in\u0161tit\u00fatom odborn\u00e9ho vzdel\u00e1vania \u2013 Slovensk\u00e9 centrum cvi\u010dn\u00fdch firiem (\u0160IOV \u2013 SCCF) 23. region\u00e1lny ve\u013etrh a\u00a0kontrakta\u010dn\u00fd de\u0148 cvi\u010dn\u00fdch firiem.\" \/>\n<meta name=\"robots\" content=\"index, follow, max-snippet:-1, max-image-preview:large, max-video-preview:-1\" \/>\n<link rel=\"canonical\" href=\"https:\/\/archiv.siov.sk\/en\/cvicne-firmy-budu-sutazit-v-ziari-nad-hronom\/\" \/>\n<meta property=\"og:locale\" content=\"en_GB\" \/>\n<meta property=\"og:type\" content=\"article\" \/>\n<meta property=\"og:title\" content=\"Cvi\u010dn\u00e9 firmy bud\u00fa s\u00fa\u0165a\u017ei\u0165 v\u00a0\u017diari nad Hronom - \u0160IOV - \u0161t\u00e1tny in\u0161tit\u00fat odborn\u00e9ho vzdel\u00e1vania\" \/>\n<meta property=\"og:description\" content=\"V\u00a0stredu 3. apr\u00edla 2019 v\u00a0Mestskom kult\u00farnom dome v\u00a0\u017diari nad Hronom organizuje S\u00fakromn\u00e1 obchodn\u00e1 akad\u00e9mia v\u00a0spolupr\u00e1ci so \u0160t\u00e1tnym in\u0161tit\u00fatom odborn\u00e9ho vzdel\u00e1vania \u2013 Slovensk\u00e9 centrum cvi\u010dn\u00fdch firiem (\u0160IOV \u2013 SCCF) 23. region\u00e1lny ve\u013etrh a\u00a0kontrakta\u010dn\u00fd de\u0148 cvi\u010dn\u00fdch firiem.\" \/>\n<meta property=\"og:url\" content=\"https:\/\/archiv.siov.sk\/en\/cvicne-firmy-budu-sutazit-v-ziari-nad-hronom\/\" \/>\n<meta property=\"og:site_name\" content=\"\u0160IOV - \u0161t\u00e1tny in\u0161tit\u00fat odborn\u00e9ho vzdel\u00e1vania\" \/>\n<meta property=\"article:publisher\" content=\"https:\/\/www.facebook.com\/Statnyinstitutodbornehovzdelavania\" \/>\n<meta property=\"article:published_time\" content=\"2019-03-14T12:28:05+00:00\" \/>\n<meta property=\"article:modified_time\" content=\"2019-03-14T13:41:17+00:00\" \/>\n<meta property=\"og:image\" content=\"https:\/\/archiv.siov.sk\/wp-content\/uploads\/2019\/02\/top_news.jpg\" \/>\n\t<meta property=\"og:image:width\" content=\"1100\" \/>\n\t<meta property=\"og:image:height\" content=\"445\" \/>\n\t<meta property=\"og:image:type\" content=\"image\/jpeg\" \/>\n<meta name=\"author\" content=\"Katar\u00edna Kov\u00e1\u010dov\u00e1\" \/>\n<meta name=\"twitter:card\" content=\"summary_large_image\" \/>\n<meta name=\"twitter:label1\" content=\"Written by\" \/>\n\t<meta name=\"twitter:data1\" content=\"Katar\u00edna Kov\u00e1\u010dov\u00e1\" \/>\n\t<meta name=\"twitter:label2\" content=\"Estimated reading time\" \/>\n\t<meta name=\"twitter:data2\" content=\"1 minute\" \/>\n<script type=\"application\/ld+json\" class=\"yoast-schema-graph\">{\"@context\":\"https:\\\/\\\/schema.org\",\"@graph\":[{\"@type\":\"Article\",\"@id\":\"https:\\\/\\\/archiv.siov.sk\\\/cvicne-firmy-budu-sutazit-v-ziari-nad-hronom\\\/#article\",\"isPartOf\":{\"@id\":\"https:\\\/\\\/archiv.siov.sk\\\/cvicne-firmy-budu-sutazit-v-ziari-nad-hronom\\\/\"},\"author\":{\"name\":\"Katar\u00edna Kov\u00e1\u010dov\u00e1\",\"@id\":\"https:\\\/\\\/archiv.siov.sk\\\/#\\\/schema\\\/person\\\/e42d633fbd958c6a726e8834d8965e6c\"},\"headline\":\"Cvi\u010dn\u00e9 firmy bud\u00fa s\u00fa\u0165a\u017ei\u0165 v\u00a0\u017diari nad Hronom\",\"datePublished\":\"2019-03-14T12:28:05+00:00\",\"dateModified\":\"2019-03-14T13:41:17+00:00\",\"mainEntityOfPage\":{\"@id\":\"https:\\\/\\\/archiv.siov.sk\\\/cvicne-firmy-budu-sutazit-v-ziari-nad-hronom\\\/\"},\"wordCount\":276,\"publisher\":{\"@id\":\"https:\\\/\\\/archiv.siov.sk\\\/#organization\"},\"image\":{\"@id\":\"https:\\\/\\\/archiv.siov.sk\\\/cvicne-firmy-budu-sutazit-v-ziari-nad-hronom\\\/#primaryimage\"},\"thumbnailUrl\":\"https:\\\/\\\/archiv.siov.sk\\\/wp-content\\\/uploads\\\/2019\\\/02\\\/top_news.jpg\",\"articleSection\":[\"Aktuality\"],\"inLanguage\":\"en-GB\"},{\"@type\":\"WebPage\",\"@id\":\"https:\\\/\\\/archiv.siov.sk\\\/cvicne-firmy-budu-sutazit-v-ziari-nad-hronom\\\/\",\"url\":\"https:\\\/\\\/archiv.siov.sk\\\/cvicne-firmy-budu-sutazit-v-ziari-nad-hronom\\\/\",\"name\":\"Cvi\u010dn\u00e9 firmy bud\u00fa s\u00fa\u0165a\u017ei\u0165 v\u00a0\u017diari nad Hronom - \u0160IOV - \u0161t\u00e1tny in\u0161tit\u00fat odborn\u00e9ho vzdel\u00e1vania\",\"isPartOf\":{\"@id\":\"https:\\\/\\\/archiv.siov.sk\\\/#website\"},\"primaryImageOfPage\":{\"@id\":\"https:\\\/\\\/archiv.siov.sk\\\/cvicne-firmy-budu-sutazit-v-ziari-nad-hronom\\\/#primaryimage\"},\"image\":{\"@id\":\"https:\\\/\\\/archiv.siov.sk\\\/cvicne-firmy-budu-sutazit-v-ziari-nad-hronom\\\/#primaryimage\"},\"thumbnailUrl\":\"https:\\\/\\\/archiv.siov.sk\\\/wp-content\\\/uploads\\\/2019\\\/02\\\/top_news.jpg\",\"datePublished\":\"2019-03-14T12:28:05+00:00\",\"dateModified\":\"2019-03-14T13:41:17+00:00\",\"description\":\"V\u00a0stredu 3. apr\u00edla 2019 v\u00a0Mestskom kult\u00farnom dome v\u00a0\u017diari nad Hronom organizuje S\u00fakromn\u00e1 obchodn\u00e1 akad\u00e9mia v\u00a0spolupr\u00e1ci so \u0160t\u00e1tnym in\u0161tit\u00fatom odborn\u00e9ho vzdel\u00e1vania \u2013 Slovensk\u00e9 centrum cvi\u010dn\u00fdch firiem (\u0160IOV \u2013 SCCF) 23. region\u00e1lny ve\u013etrh a\u00a0kontrakta\u010dn\u00fd de\u0148 cvi\u010dn\u00fdch firiem.\",\"breadcrumb\":{\"@id\":\"https:\\\/\\\/archiv.siov.sk\\\/cvicne-firmy-budu-sutazit-v-ziari-nad-hronom\\\/#breadcrumb\"},\"inLanguage\":\"en-GB\",\"potentialAction\":[{\"@type\":\"ReadAction\",\"target\":[\"https:\\\/\\\/archiv.siov.sk\\\/cvicne-firmy-budu-sutazit-v-ziari-nad-hronom\\\/\"]}]},{\"@type\":\"ImageObject\",\"inLanguage\":\"en-GB\",\"@id\":\"https:\\\/\\\/archiv.siov.sk\\\/cvicne-firmy-budu-sutazit-v-ziari-nad-hronom\\\/#primaryimage\",\"url\":\"https:\\\/\\\/archiv.siov.sk\\\/wp-content\\\/uploads\\\/2019\\\/02\\\/top_news.jpg\",\"contentUrl\":\"https:\\\/\\\/archiv.siov.sk\\\/wp-content\\\/uploads\\\/2019\\\/02\\\/top_news.jpg\",\"width\":1100,\"height\":445,\"caption\":\"Du\u00e1l Pointy v\u00fdrazne u\u013eah\u010dia pr\u00e1cu v\u00fdchovn\u00fdch a kari\u00e9rov\u00fdch poradcov\"},{\"@type\":\"BreadcrumbList\",\"@id\":\"https:\\\/\\\/archiv.siov.sk\\\/cvicne-firmy-budu-sutazit-v-ziari-nad-hronom\\\/#breadcrumb\",\"itemListElement\":[{\"@type\":\"ListItem\",\"position\":1,\"name\":\"Home\",\"item\":\"https:\\\/\\\/archiv.siov.sk\\\/\"},{\"@type\":\"ListItem\",\"position\":2,\"name\":\"Cvi\u010dn\u00e9 firmy bud\u00fa s\u00fa\u0165a\u017ei\u0165 v\u00a0\u017diari nad Hronom\"}]},{\"@type\":\"WebSite\",\"@id\":\"https:\\\/\\\/archiv.siov.sk\\\/#website\",\"url\":\"https:\\\/\\\/archiv.siov.sk\\\/\",\"name\":\"\u0160IOV - \u0161t\u00e1tny in\u0161tit\u00fat odborn\u00e9ho vzdel\u00e1vania\",\"description\":\"\",\"publisher\":{\"@id\":\"https:\\\/\\\/archiv.siov.sk\\\/#organization\"},\"potentialAction\":[{\"@type\":\"SearchAction\",\"target\":{\"@type\":\"EntryPoint\",\"urlTemplate\":\"https:\\\/\\\/archiv.siov.sk\\\/?s={search_term_string}\"},\"query-input\":{\"@type\":\"PropertyValueSpecification\",\"valueRequired\":true,\"valueName\":\"search_term_string\"}}],\"inLanguage\":\"en-GB\"},{\"@type\":\"Organization\",\"@id\":\"https:\\\/\\\/archiv.siov.sk\\\/#organization\",\"name\":\"\u0160IOV - \u0161t\u00e1tny in\u0161tit\u00fat odborn\u00e9ho vzdel\u00e1vania\",\"url\":\"https:\\\/\\\/archiv.siov.sk\\\/\",\"logo\":{\"@type\":\"ImageObject\",\"inLanguage\":\"en-GB\",\"@id\":\"https:\\\/\\\/archiv.siov.sk\\\/#\\\/schema\\\/logo\\\/image\\\/\",\"url\":\"https:\\\/\\\/archiv.siov.sk\\\/wp-content\\\/uploads\\\/2024\\\/02\\\/logo-SIOV.png\",\"contentUrl\":\"https:\\\/\\\/archiv.siov.sk\\\/wp-content\\\/uploads\\\/2024\\\/02\\\/logo-SIOV.png\",\"width\":431,\"height\":143,\"caption\":\"\u0160IOV - \u0161t\u00e1tny in\u0161tit\u00fat odborn\u00e9ho vzdel\u00e1vania\"},\"image\":{\"@id\":\"https:\\\/\\\/archiv.siov.sk\\\/#\\\/schema\\\/logo\\\/image\\\/\"},\"sameAs\":[\"https:\\\/\\\/www.facebook.com\\\/Statnyinstitutodbornehovzdelavania\"]},{\"@type\":\"Person\",\"@id\":\"https:\\\/\\\/archiv.siov.sk\\\/#\\\/schema\\\/person\\\/e42d633fbd958c6a726e8834d8965e6c\",\"name\":\"Katar\u00edna Kov\u00e1\u010dov\u00e1\",\"url\":\"https:\\\/\\\/archiv.siov.sk\\\/en\\\/author\\\/katkakovacova\\\/\"}]}<\/script>\n<!-- \/ Yoast SEO plugin. -->","yoast_head_json":{"title":"Cvi\u010dn\u00e9 firmy bud\u00fa s\u00fa\u0165a\u017ei\u0165 v\u00a0\u017diari nad Hronom - \u0160IOV - \u0161t\u00e1tny in\u0161tit\u00fat odborn\u00e9ho vzdel\u00e1vania","description":"V\u00a0stredu 3. apr\u00edla 2019 v\u00a0Mestskom kult\u00farnom dome v\u00a0\u017diari nad Hronom organizuje S\u00fakromn\u00e1 obchodn\u00e1 akad\u00e9mia v\u00a0spolupr\u00e1ci so \u0160t\u00e1tnym in\u0161tit\u00fatom odborn\u00e9ho vzdel\u00e1vania \u2013 Slovensk\u00e9 centrum cvi\u010dn\u00fdch firiem (\u0160IOV \u2013 SCCF) 23. region\u00e1lny ve\u013etrh a\u00a0kontrakta\u010dn\u00fd de\u0148 cvi\u010dn\u00fdch firiem.","robots":{"index":"index","follow":"follow","max-snippet":"max-snippet:-1","max-image-preview":"max-image-preview:large","max-video-preview":"max-video-preview:-1"},"canonical":"https:\/\/archiv.siov.sk\/en\/cvicne-firmy-budu-sutazit-v-ziari-nad-hronom\/","og_locale":"en_GB","og_type":"article","og_title":"Cvi\u010dn\u00e9 firmy bud\u00fa s\u00fa\u0165a\u017ei\u0165 v\u00a0\u017diari nad Hronom - \u0160IOV - \u0161t\u00e1tny in\u0161tit\u00fat odborn\u00e9ho vzdel\u00e1vania","og_description":"V\u00a0stredu 3. apr\u00edla 2019 v\u00a0Mestskom kult\u00farnom dome v\u00a0\u017diari nad Hronom organizuje S\u00fakromn\u00e1 obchodn\u00e1 akad\u00e9mia v\u00a0spolupr\u00e1ci so \u0160t\u00e1tnym in\u0161tit\u00fatom odborn\u00e9ho vzdel\u00e1vania \u2013 Slovensk\u00e9 centrum cvi\u010dn\u00fdch firiem (\u0160IOV \u2013 SCCF) 23. region\u00e1lny ve\u013etrh a\u00a0kontrakta\u010dn\u00fd de\u0148 cvi\u010dn\u00fdch firiem.","og_url":"https:\/\/archiv.siov.sk\/en\/cvicne-firmy-budu-sutazit-v-ziari-nad-hronom\/","og_site_name":"\u0160IOV - \u0161t\u00e1tny in\u0161tit\u00fat odborn\u00e9ho vzdel\u00e1vania","article_publisher":"https:\/\/www.facebook.com\/Statnyinstitutodbornehovzdelavania","article_published_time":"2019-03-14T12:28:05+00:00","article_modified_time":"2019-03-14T13:41:17+00:00","og_image":[{"width":1100,"height":445,"url":"https:\/\/archiv.siov.sk\/wp-content\/uploads\/2019\/02\/top_news.jpg","type":"image\/jpeg"}],"author":"Katar\u00edna Kov\u00e1\u010dov\u00e1","twitter_card":"summary_large_image","twitter_misc":{"Written by":"Katar\u00edna Kov\u00e1\u010dov\u00e1","Estimated reading time":"1 minute"},"schema":{"@context":"https:\/\/schema.org","@graph":[{"@type":"Article","@id":"https:\/\/archiv.siov.sk\/cvicne-firmy-budu-sutazit-v-ziari-nad-hronom\/#article","isPartOf":{"@id":"https:\/\/archiv.siov.sk\/cvicne-firmy-budu-sutazit-v-ziari-nad-hronom\/"},"author":{"name":"Katar\u00edna Kov\u00e1\u010dov\u00e1","@id":"https:\/\/archiv.siov.sk\/#\/schema\/person\/e42d633fbd958c6a726e8834d8965e6c"},"headline":"Cvi\u010dn\u00e9 firmy bud\u00fa s\u00fa\u0165a\u017ei\u0165 v\u00a0\u017diari nad Hronom","datePublished":"2019-03-14T12:28:05+00:00","dateModified":"2019-03-14T13:41:17+00:00","mainEntityOfPage":{"@id":"https:\/\/archiv.siov.sk\/cvicne-firmy-budu-sutazit-v-ziari-nad-hronom\/"},"wordCount":276,"publisher":{"@id":"https:\/\/archiv.siov.sk\/#organization"},"image":{"@id":"https:\/\/archiv.siov.sk\/cvicne-firmy-budu-sutazit-v-ziari-nad-hronom\/#primaryimage"},"thumbnailUrl":"https:\/\/archiv.siov.sk\/wp-content\/uploads\/2019\/02\/top_news.jpg","articleSection":["Aktuality"],"inLanguage":"en-GB"},{"@type":"WebPage","@id":"https:\/\/archiv.siov.sk\/cvicne-firmy-budu-sutazit-v-ziari-nad-hronom\/","url":"https:\/\/archiv.siov.sk\/cvicne-firmy-budu-sutazit-v-ziari-nad-hronom\/","name":"Cvi\u010dn\u00e9 firmy bud\u00fa s\u00fa\u0165a\u017ei\u0165 v\u00a0\u017diari nad Hronom - \u0160IOV - \u0161t\u00e1tny in\u0161tit\u00fat odborn\u00e9ho vzdel\u00e1vania","isPartOf":{"@id":"https:\/\/archiv.siov.sk\/#website"},"primaryImageOfPage":{"@id":"https:\/\/archiv.siov.sk\/cvicne-firmy-budu-sutazit-v-ziari-nad-hronom\/#primaryimage"},"image":{"@id":"https:\/\/archiv.siov.sk\/cvicne-firmy-budu-sutazit-v-ziari-nad-hronom\/#primaryimage"},"thumbnailUrl":"https:\/\/archiv.siov.sk\/wp-content\/uploads\/2019\/02\/top_news.jpg","datePublished":"2019-03-14T12:28:05+00:00","dateModified":"2019-03-14T13:41:17+00:00","description":"V\u00a0stredu 3. apr\u00edla 2019 v\u00a0Mestskom kult\u00farnom dome v\u00a0\u017diari nad Hronom organizuje S\u00fakromn\u00e1 obchodn\u00e1 akad\u00e9mia v\u00a0spolupr\u00e1ci so \u0160t\u00e1tnym in\u0161tit\u00fatom odborn\u00e9ho vzdel\u00e1vania \u2013 Slovensk\u00e9 centrum cvi\u010dn\u00fdch firiem (\u0160IOV \u2013 SCCF) 23. region\u00e1lny ve\u013etrh a\u00a0kontrakta\u010dn\u00fd de\u0148 cvi\u010dn\u00fdch firiem.","breadcrumb":{"@id":"https:\/\/archiv.siov.sk\/cvicne-firmy-budu-sutazit-v-ziari-nad-hronom\/#breadcrumb"},"inLanguage":"en-GB","potentialAction":[{"@type":"ReadAction","target":["https:\/\/archiv.siov.sk\/cvicne-firmy-budu-sutazit-v-ziari-nad-hronom\/"]}]},{"@type":"ImageObject","inLanguage":"en-GB","@id":"https:\/\/archiv.siov.sk\/cvicne-firmy-budu-sutazit-v-ziari-nad-hronom\/#primaryimage","url":"https:\/\/archiv.siov.sk\/wp-content\/uploads\/2019\/02\/top_news.jpg","contentUrl":"https:\/\/archiv.siov.sk\/wp-content\/uploads\/2019\/02\/top_news.jpg","width":1100,"height":445,"caption":"Du\u00e1l Pointy v\u00fdrazne u\u013eah\u010dia pr\u00e1cu v\u00fdchovn\u00fdch a kari\u00e9rov\u00fdch poradcov"},{"@type":"BreadcrumbList","@id":"https:\/\/archiv.siov.sk\/cvicne-firmy-budu-sutazit-v-ziari-nad-hronom\/#breadcrumb","itemListElement":[{"@type":"ListItem","position":1,"name":"Home","item":"https:\/\/archiv.siov.sk\/"},{"@type":"ListItem","position":2,"name":"Cvi\u010dn\u00e9 firmy bud\u00fa s\u00fa\u0165a\u017ei\u0165 v\u00a0\u017diari nad Hronom"}]},{"@type":"WebSite","@id":"https:\/\/archiv.siov.sk\/#website","url":"https:\/\/archiv.siov.sk\/","name":"\u0160IOV - \u0161t\u00e1tny in\u0161tit\u00fat odborn\u00e9ho vzdel\u00e1vania","description":"","publisher":{"@id":"https:\/\/archiv.siov.sk\/#organization"},"potentialAction":[{"@type":"SearchAction","target":{"@type":"EntryPoint","urlTemplate":"https:\/\/archiv.siov.sk\/?s={search_term_string}"},"query-input":{"@type":"PropertyValueSpecification","valueRequired":true,"valueName":"search_term_string"}}],"inLanguage":"en-GB"},{"@type":"Organization","@id":"https:\/\/archiv.siov.sk\/#organization","name":"\u0160IOV - \u0161t\u00e1tny in\u0161tit\u00fat odborn\u00e9ho vzdel\u00e1vania","url":"https:\/\/archiv.siov.sk\/","logo":{"@type":"ImageObject","inLanguage":"en-GB","@id":"https:\/\/archiv.siov.sk\/#\/schema\/logo\/image\/","url":"https:\/\/archiv.siov.sk\/wp-content\/uploads\/2024\/02\/logo-SIOV.png","contentUrl":"https:\/\/archiv.siov.sk\/wp-content\/uploads\/2024\/02\/logo-SIOV.png","width":431,"height":143,"caption":"\u0160IOV - \u0161t\u00e1tny in\u0161tit\u00fat odborn\u00e9ho vzdel\u00e1vania"},"image":{"@id":"https:\/\/archiv.siov.sk\/#\/schema\/logo\/image\/"},"sameAs":["https:\/\/www.facebook.com\/Statnyinstitutodbornehovzdelavania"]},{"@type":"Person","@id":"https:\/\/archiv.siov.sk\/#\/schema\/person\/e42d633fbd958c6a726e8834d8965e6c","name":"Katar\u00edna Kov\u00e1\u010dov\u00e1","url":"https:\/\/archiv.siov.sk\/en\/author\/katkakovacova\/"}]}},"_links":{"self":[{"href":"https:\/\/archiv.siov.sk\/en\/wp-json\/wp\/v2\/posts\/3559","targetHints":{"allow":["GET"]}}],"collection":[{"href":"https:\/\/archiv.siov.sk\/en\/wp-json\/wp\/v2\/posts"}],"about":[{"href":"https:\/\/archiv.siov.sk\/en\/wp-json\/wp\/v2\/types\/post"}],"author":[{"embeddable":true,"href":"https:\/\/archiv.siov.sk\/en\/wp-json\/wp\/v2\/users\/6"}],"replies":[{"embeddable":true,"href":"https:\/\/archiv.siov.sk\/en\/wp-json\/wp\/v2\/comments?post=3559"}],"version-history":[{"count":1,"href":"https:\/\/archiv.siov.sk\/en\/wp-json\/wp\/v2\/posts\/3559\/revisions"}],"predecessor-version":[{"id":3560,"href":"https:\/\/archiv.siov.sk\/en\/wp-json\/wp\/v2\/posts\/3559\/revisions\/3560"}],"wp:featuredmedia":[{"embeddable":true,"href":"https:\/\/archiv.siov.sk\/en\/wp-json\/wp\/v2\/media\/2355"}],"wp:attachment":[{"href":"https:\/\/archiv.siov.sk\/en\/wp-json\/wp\/v2\/media?parent=3559"}],"wp:term":[{"taxonomy":"category","embeddable":true,"href":"https:\/\/archiv.siov.sk\/en\/wp-json\/wp\/v2\/categories?post=3559"},{"taxonomy":"post_tag","embeddable":true,"href":"https:\/\/archiv.siov.sk\/en\/wp-json\/wp\/v2\/tags?post=3559"}],"curies":[{"name":"wp","href":"https:\/\/api.w.org\/{rel}","templated":true}]}}