{"id":2461,"date":"2019-01-24T10:49:57","date_gmt":"2019-01-24T09:49:57","guid":{"rendered":"http:\/\/archiv.siov.sk\/?p=2461"},"modified":"2019-02-14T10:54:45","modified_gmt":"2019-02-14T09:54:45","slug":"oznamenie-pre-ziadatelov-ze-do-31-01-2019","status":"publish","type":"post","link":"https:\/\/archiv.siov.sk\/en\/oznamenie-pre-ziadatelov-ze-do-31-01-2019\/","title":{"rendered":"Ozn\u00e1menie pre \u017eiadate\u013eov, \u017ee do 31.01.2019"},"content":{"rendered":"<p style=\"text-align: justify;\">Ministerstvo \u0161kolstva, vedy, v\u00fdskumu a \u0161portu SR ako poskytovate\u013e pr\u00edspevku na du\u00e1lne vzdel\u00e1vanie (z\u00e1kon \u010d.61\/2015 Z.z. o&nbsp;odbornom vzdel\u00e1van\u00ed a&nbsp;pr\u00edprave v&nbsp;znen\u00ed neskor\u0161\u00edch predpisov) oznamuje \u017eiadate\u013eom, \u017ee do&nbsp;31.01.2019 je na z\u00e1klade &nbsp;schv\u00e1lenej Sch\u00e9my pomoci na podporu du\u00e1lneho vzdel\u00e1vania (\u010falej len \u201eSch\u00e9ma \u0161t\u00e1tnej pomoci\u201c) mo\u017en\u00e9 predklada\u0165 \u0160t\u00e1tnemu in\u0161tit\u00fatu odborn\u00e9ho vzdel\u00e1vania ako vykon\u00e1vate\u013eovi \u017eiadosti o&nbsp;vstup do Sch\u00e9my \u0161t\u00e1tnej pomoci.<\/p>\n<p style=\"text-align: justify;\">\u00da\u010delom Sch\u00e9my \u0161t\u00e1tnej pomoci je stimul\u00e1cia \u0161ir\u0161ieho zapojenia zamestn\u00e1vate\u013eov, predov\u0161etk\u00fdm mal\u00fdch a&nbsp;stredn\u00fdch podnikov vr\u00e1tane \u017eivnostn\u00edkov do syst\u00e9mu du\u00e1lneho vzdel\u00e1vania. &nbsp;<br \/>\nMiestom realiz\u00e1cie projektov du\u00e1lneho vzdel\u00e1vania s\u00fa v\u0161etky kraje Slovenskej republiky, vr\u00e1tane Bratislavsk\u00e9ho kraja.<\/p>\n<p style=\"text-align: justify;\">\u017diados\u0165 o&nbsp;vstup do Sch\u00e9my \u0161t\u00e1tnej pomoci je nevyhnutn\u00fdm predpokladom pre zapojenie do Sch\u00e9my \u0161t\u00e1tnej pomoci a n\u00e1sledn\u00e9ho&nbsp;predlo\u017eenia \u017eiadosti o&nbsp;pr\u00edspevok.<\/p>\n<p style=\"text-align: justify;\">V\u00fdzva na predkladanie \u017eiadost\u00ed a v\u0161etky potrebn\u00e9 inform\u00e1cie s\u00fa k&nbsp;dispoz\u00edcii na webovom s\u00eddle&nbsp; \u0160t\u00e1tneho in\u0161tit\u00fatu odborn\u00e9ho vzdel\u00e1vania&nbsp;www.siov.sk.<\/p>\n<p><a href=\"https:\/\/archiv.siov.sk\/wp-content\/uploads\/2019\/02\/vzor-ziadosti.pdf\" target=\"_blank\" rel=\"noopener\"><strong>Vzor \u017eiadosti<\/strong><\/a><\/p>\n<hr>\n<p><a href=\"https:\/\/www.justice.gov.sk\/PortalApp\/ObchodnyVestnik\/Web\/Detail.aspx?IdOVod=2010\" target=\"_blank\" rel=\"noopener\">V Obchodnom vestn\u00edku \u010d. 17\/2019 vydanom d\u0148a 24. 01. 2019 boli zverejnen\u00e9 Va\u0161e \u017eiadosti: zo d\u0148a 21. 01. 2019 s ID: 2060675 \u2013 \u0160t\u00e1tna pomoc a in\u00e9 programy podpory \u2013 pod \u010d. G000001<\/a><\/p>\n<p>&nbsp;<\/p>","protected":false},"excerpt":{"rendered":"<p>Ministerstvo \u0161kolstva, vedy, v\u00fdskumu a \u0161portu SR ako poskytovate\u013e pr\u00edspevku na du\u00e1lne vzdel\u00e1vanie (z\u00e1kon \u010d.61\/2015 Z.z. o&nbsp;odbornom vzdel\u00e1van\u00ed a&nbsp;pr\u00edprave v&nbsp;znen\u00ed neskor\u0161\u00edch predpisov) oznamuje \u017eiadate\u013eom, \u017ee do&nbsp;31.01.2019 je na z\u00e1klade &nbsp;schv\u00e1lenej Sch\u00e9my pomoci na podporu du\u00e1lneho vzdel\u00e1vania (\u010falej len \u201eSch\u00e9ma \u0161t\u00e1tnej pomoci\u201c) mo\u017en\u00e9 predklada\u0165 \u0160t\u00e1tnemu in\u0161tit\u00fatu odborn\u00e9ho vzdel\u00e1vania ako vykon\u00e1vate\u013eovi \u017eiadosti o&nbsp;vstup do Sch\u00e9my \u0161t\u00e1tnej pomoci. [&hellip;]<\/p>\n","protected":false},"author":1,"featured_media":2464,"comment_status":"closed","ping_status":"closed","sticky":false,"template":"","format":"standard","meta":{"site-sidebar-layout":"default","site-content-layout":"","ast-site-content-layout":"default","site-content-style":"default","site-sidebar-style":"default","ast-global-header-display":"","ast-banner-title-visibility":"","ast-main-header-display":"","ast-hfb-above-header-display":"","ast-hfb-below-header-display":"","ast-hfb-mobile-header-display":"","site-post-title":"","ast-breadcrumbs-content":"","ast-featured-img":"","footer-sml-layout":"","ast-disable-related-posts":"","theme-transparent-header-meta":"","adv-header-id-meta":"","stick-header-meta":"","header-above-stick-meta":"","header-main-stick-meta":"","header-below-stick-meta":"","astra-migrate-meta-layouts":"default","ast-page-background-enabled":"default","ast-page-background-meta":{"desktop":{"background-color":"var(--ast-global-color-4)","background-image":"","background-repeat":"repeat","background-position":"center center","background-size":"auto","background-attachment":"scroll","background-type":"","background-media":"","overlay-type":"","overlay-color":"","overlay-opacity":"","overlay-gradient":""},"tablet":{"background-color":"","background-image":"","background-repeat":"repeat","background-position":"center center","background-size":"auto","background-attachment":"scroll","background-type":"","background-media":"","overlay-type":"","overlay-color":"","overlay-opacity":"","overlay-gradient":""},"mobile":{"background-color":"","background-image":"","background-repeat":"repeat","background-position":"center center","background-size":"auto","background-attachment":"scroll","background-type":"","background-media":"","overlay-type":"","overlay-color":"","overlay-opacity":"","overlay-gradient":""}},"ast-content-background-meta":{"desktop":{"background-color":"var(--ast-global-color-5)","background-image":"","background-repeat":"repeat","background-position":"center center","background-size":"auto","background-attachment":"scroll","background-type":"","background-media":"","overlay-type":"","overlay-color":"","overlay-opacity":"","overlay-gradient":""},"tablet":{"background-color":"var(--ast-global-color-5)","background-image":"","background-repeat":"repeat","background-position":"center center","background-size":"auto","background-attachment":"scroll","background-type":"","background-media":"","overlay-type":"","overlay-color":"","overlay-opacity":"","overlay-gradient":""},"mobile":{"background-color":"var(--ast-global-color-5)","background-image":"","background-repeat":"repeat","background-position":"center center","background-size":"auto","background-attachment":"scroll","background-type":"","background-media":"","overlay-type":"","overlay-color":"","overlay-opacity":"","overlay-gradient":""}},"footnotes":""},"categories":[1],"tags":[],"class_list":["post-2461","post","type-post","status-publish","format-standard","has-post-thumbnail","hentry","category-aktuality"],"yoast_head":"<!-- This site is optimized with the Yoast SEO plugin v27.5 - https:\/\/yoast.com\/product\/yoast-seo-wordpress\/ -->\n<title>Ozn\u00e1menie pre \u017eiadate\u013eov, \u017ee do 31.01.2019 - \u0160IOV - \u0161t\u00e1tny in\u0161tit\u00fat odborn\u00e9ho vzdel\u00e1vania<\/title>\n<meta name=\"robots\" content=\"index, follow, max-snippet:-1, max-image-preview:large, max-video-preview:-1\" \/>\n<link rel=\"canonical\" href=\"https:\/\/archiv.siov.sk\/en\/oznamenie-pre-ziadatelov-ze-do-31-01-2019\/\" \/>\n<meta property=\"og:locale\" content=\"en_GB\" \/>\n<meta property=\"og:type\" content=\"article\" \/>\n<meta property=\"og:title\" content=\"Ozn\u00e1menie pre \u017eiadate\u013eov, \u017ee do 31.01.2019 - \u0160IOV - \u0161t\u00e1tny in\u0161tit\u00fat odborn\u00e9ho vzdel\u00e1vania\" \/>\n<meta property=\"og:description\" content=\"Ministerstvo \u0161kolstva, vedy, v\u00fdskumu a \u0161portu SR ako poskytovate\u013e pr\u00edspevku na du\u00e1lne vzdel\u00e1vanie (z\u00e1kon \u010d.61\/2015 Z.z. o&nbsp;odbornom vzdel\u00e1van\u00ed a&nbsp;pr\u00edprave v&nbsp;znen\u00ed neskor\u0161\u00edch predpisov) oznamuje \u017eiadate\u013eom, \u017ee do&nbsp;31.01.2019 je na z\u00e1klade &nbsp;schv\u00e1lenej Sch\u00e9my pomoci na podporu du\u00e1lneho vzdel\u00e1vania (\u010falej len \u201eSch\u00e9ma \u0161t\u00e1tnej pomoci\u201c) mo\u017en\u00e9 predklada\u0165 \u0160t\u00e1tnemu in\u0161tit\u00fatu odborn\u00e9ho vzdel\u00e1vania ako vykon\u00e1vate\u013eovi \u017eiadosti o&nbsp;vstup do Sch\u00e9my \u0161t\u00e1tnej pomoci. [&hellip;]\" \/>\n<meta property=\"og:url\" content=\"https:\/\/archiv.siov.sk\/en\/oznamenie-pre-ziadatelov-ze-do-31-01-2019\/\" \/>\n<meta property=\"og:site_name\" content=\"\u0160IOV - \u0161t\u00e1tny in\u0161tit\u00fat odborn\u00e9ho vzdel\u00e1vania\" \/>\n<meta property=\"article:publisher\" content=\"https:\/\/www.facebook.com\/Statnyinstitutodbornehovzdelavania\" \/>\n<meta property=\"article:published_time\" content=\"2019-01-24T09:49:57+00:00\" \/>\n<meta property=\"article:modified_time\" content=\"2019-02-14T09:54:45+00:00\" \/>\n<meta property=\"og:image\" content=\"https:\/\/archiv.siov.sk\/wp-content\/uploads\/2019\/01\/top_vyskum.jpg\" \/>\n\t<meta property=\"og:image:width\" content=\"1100\" \/>\n\t<meta property=\"og:image:height\" content=\"445\" \/>\n\t<meta property=\"og:image:type\" content=\"image\/jpeg\" \/>\n<meta name=\"author\" content=\"siovadmin\" \/>\n<meta name=\"twitter:card\" content=\"summary_large_image\" \/>\n<meta name=\"twitter:label1\" content=\"Written by\" \/>\n\t<meta name=\"twitter:data1\" content=\"siovadmin\" \/>\n\t<meta name=\"twitter:label2\" content=\"Estimated reading time\" \/>\n\t<meta name=\"twitter:data2\" content=\"1 minute\" \/>\n<script type=\"application\/ld+json\" class=\"yoast-schema-graph\">{\"@context\":\"https:\\\/\\\/schema.org\",\"@graph\":[{\"@type\":\"Article\",\"@id\":\"https:\\\/\\\/archiv.siov.sk\\\/oznamenie-pre-ziadatelov-ze-do-31-01-2019\\\/#article\",\"isPartOf\":{\"@id\":\"https:\\\/\\\/archiv.siov.sk\\\/oznamenie-pre-ziadatelov-ze-do-31-01-2019\\\/\"},\"author\":{\"name\":\"siovadmin\",\"@id\":\"https:\\\/\\\/archiv.siov.sk\\\/#\\\/schema\\\/person\\\/7ae8d95216a02464a9ae6c8dcf8a4018\"},\"headline\":\"Ozn\u00e1menie pre \u017eiadate\u013eov, \u017ee do 31.01.2019\",\"datePublished\":\"2019-01-24T09:49:57+00:00\",\"dateModified\":\"2019-02-14T09:54:45+00:00\",\"mainEntityOfPage\":{\"@id\":\"https:\\\/\\\/archiv.siov.sk\\\/oznamenie-pre-ziadatelov-ze-do-31-01-2019\\\/\"},\"wordCount\":251,\"publisher\":{\"@id\":\"https:\\\/\\\/archiv.siov.sk\\\/#organization\"},\"image\":{\"@id\":\"https:\\\/\\\/archiv.siov.sk\\\/oznamenie-pre-ziadatelov-ze-do-31-01-2019\\\/#primaryimage\"},\"thumbnailUrl\":\"https:\\\/\\\/archiv.siov.sk\\\/wp-content\\\/uploads\\\/2019\\\/01\\\/top_vyskum.jpg\",\"articleSection\":[\"Aktuality\"],\"inLanguage\":\"en-GB\"},{\"@type\":\"WebPage\",\"@id\":\"https:\\\/\\\/archiv.siov.sk\\\/oznamenie-pre-ziadatelov-ze-do-31-01-2019\\\/\",\"url\":\"https:\\\/\\\/archiv.siov.sk\\\/oznamenie-pre-ziadatelov-ze-do-31-01-2019\\\/\",\"name\":\"Ozn\u00e1menie pre \u017eiadate\u013eov, \u017ee do 31.01.2019 - \u0160IOV - \u0161t\u00e1tny in\u0161tit\u00fat odborn\u00e9ho vzdel\u00e1vania\",\"isPartOf\":{\"@id\":\"https:\\\/\\\/archiv.siov.sk\\\/#website\"},\"primaryImageOfPage\":{\"@id\":\"https:\\\/\\\/archiv.siov.sk\\\/oznamenie-pre-ziadatelov-ze-do-31-01-2019\\\/#primaryimage\"},\"image\":{\"@id\":\"https:\\\/\\\/archiv.siov.sk\\\/oznamenie-pre-ziadatelov-ze-do-31-01-2019\\\/#primaryimage\"},\"thumbnailUrl\":\"https:\\\/\\\/archiv.siov.sk\\\/wp-content\\\/uploads\\\/2019\\\/01\\\/top_vyskum.jpg\",\"datePublished\":\"2019-01-24T09:49:57+00:00\",\"dateModified\":\"2019-02-14T09:54:45+00:00\",\"breadcrumb\":{\"@id\":\"https:\\\/\\\/archiv.siov.sk\\\/oznamenie-pre-ziadatelov-ze-do-31-01-2019\\\/#breadcrumb\"},\"inLanguage\":\"en-GB\",\"potentialAction\":[{\"@type\":\"ReadAction\",\"target\":[\"https:\\\/\\\/archiv.siov.sk\\\/oznamenie-pre-ziadatelov-ze-do-31-01-2019\\\/\"]}]},{\"@type\":\"ImageObject\",\"inLanguage\":\"en-GB\",\"@id\":\"https:\\\/\\\/archiv.siov.sk\\\/oznamenie-pre-ziadatelov-ze-do-31-01-2019\\\/#primaryimage\",\"url\":\"https:\\\/\\\/archiv.siov.sk\\\/wp-content\\\/uploads\\\/2019\\\/01\\\/top_vyskum.jpg\",\"contentUrl\":\"https:\\\/\\\/archiv.siov.sk\\\/wp-content\\\/uploads\\\/2019\\\/01\\\/top_vyskum.jpg\",\"width\":1100,\"height\":445,\"caption\":\"Ozn\u00e1menie pre \u017eiadate\u013eov, \u017ee do 31.01.2019\"},{\"@type\":\"BreadcrumbList\",\"@id\":\"https:\\\/\\\/archiv.siov.sk\\\/oznamenie-pre-ziadatelov-ze-do-31-01-2019\\\/#breadcrumb\",\"itemListElement\":[{\"@type\":\"ListItem\",\"position\":1,\"name\":\"Home\",\"item\":\"https:\\\/\\\/archiv.siov.sk\\\/\"},{\"@type\":\"ListItem\",\"position\":2,\"name\":\"Ozn\u00e1menie pre \u017eiadate\u013eov, \u017ee do 31.01.2019\"}]},{\"@type\":\"WebSite\",\"@id\":\"https:\\\/\\\/archiv.siov.sk\\\/#website\",\"url\":\"https:\\\/\\\/archiv.siov.sk\\\/\",\"name\":\"\u0160IOV - \u0161t\u00e1tny in\u0161tit\u00fat odborn\u00e9ho vzdel\u00e1vania\",\"description\":\"\",\"publisher\":{\"@id\":\"https:\\\/\\\/archiv.siov.sk\\\/#organization\"},\"potentialAction\":[{\"@type\":\"SearchAction\",\"target\":{\"@type\":\"EntryPoint\",\"urlTemplate\":\"https:\\\/\\\/archiv.siov.sk\\\/?s={search_term_string}\"},\"query-input\":{\"@type\":\"PropertyValueSpecification\",\"valueRequired\":true,\"valueName\":\"search_term_string\"}}],\"inLanguage\":\"en-GB\"},{\"@type\":\"Organization\",\"@id\":\"https:\\\/\\\/archiv.siov.sk\\\/#organization\",\"name\":\"\u0160IOV - \u0161t\u00e1tny in\u0161tit\u00fat odborn\u00e9ho vzdel\u00e1vania\",\"url\":\"https:\\\/\\\/archiv.siov.sk\\\/\",\"logo\":{\"@type\":\"ImageObject\",\"inLanguage\":\"en-GB\",\"@id\":\"https:\\\/\\\/archiv.siov.sk\\\/#\\\/schema\\\/logo\\\/image\\\/\",\"url\":\"https:\\\/\\\/archiv.siov.sk\\\/wp-content\\\/uploads\\\/2024\\\/02\\\/logo-SIOV.png\",\"contentUrl\":\"https:\\\/\\\/archiv.siov.sk\\\/wp-content\\\/uploads\\\/2024\\\/02\\\/logo-SIOV.png\",\"width\":431,\"height\":143,\"caption\":\"\u0160IOV - \u0161t\u00e1tny in\u0161tit\u00fat odborn\u00e9ho vzdel\u00e1vania\"},\"image\":{\"@id\":\"https:\\\/\\\/archiv.siov.sk\\\/#\\\/schema\\\/logo\\\/image\\\/\"},\"sameAs\":[\"https:\\\/\\\/www.facebook.com\\\/Statnyinstitutodbornehovzdelavania\"]},{\"@type\":\"Person\",\"@id\":\"https:\\\/\\\/archiv.siov.sk\\\/#\\\/schema\\\/person\\\/7ae8d95216a02464a9ae6c8dcf8a4018\",\"name\":\"siovadmin\",\"url\":\"https:\\\/\\\/archiv.siov.sk\\\/en\\\/author\\\/siovadmin\\\/\"}]}<\/script>\n<!-- \/ Yoast SEO plugin. -->","yoast_head_json":{"title":"Ozn\u00e1menie pre \u017eiadate\u013eov, \u017ee do 31.01.2019 - \u0160IOV - \u0161t\u00e1tny in\u0161tit\u00fat odborn\u00e9ho vzdel\u00e1vania","robots":{"index":"index","follow":"follow","max-snippet":"max-snippet:-1","max-image-preview":"max-image-preview:large","max-video-preview":"max-video-preview:-1"},"canonical":"https:\/\/archiv.siov.sk\/en\/oznamenie-pre-ziadatelov-ze-do-31-01-2019\/","og_locale":"en_GB","og_type":"article","og_title":"Ozn\u00e1menie pre \u017eiadate\u013eov, \u017ee do 31.01.2019 - \u0160IOV - \u0161t\u00e1tny in\u0161tit\u00fat odborn\u00e9ho vzdel\u00e1vania","og_description":"Ministerstvo \u0161kolstva, vedy, v\u00fdskumu a \u0161portu SR ako poskytovate\u013e pr\u00edspevku na du\u00e1lne vzdel\u00e1vanie (z\u00e1kon \u010d.61\/2015 Z.z. o&nbsp;odbornom vzdel\u00e1van\u00ed a&nbsp;pr\u00edprave v&nbsp;znen\u00ed neskor\u0161\u00edch predpisov) oznamuje \u017eiadate\u013eom, \u017ee do&nbsp;31.01.2019 je na z\u00e1klade &nbsp;schv\u00e1lenej Sch\u00e9my pomoci na podporu du\u00e1lneho vzdel\u00e1vania (\u010falej len \u201eSch\u00e9ma \u0161t\u00e1tnej pomoci\u201c) mo\u017en\u00e9 predklada\u0165 \u0160t\u00e1tnemu in\u0161tit\u00fatu odborn\u00e9ho vzdel\u00e1vania ako vykon\u00e1vate\u013eovi \u017eiadosti o&nbsp;vstup do Sch\u00e9my \u0161t\u00e1tnej pomoci. [&hellip;]","og_url":"https:\/\/archiv.siov.sk\/en\/oznamenie-pre-ziadatelov-ze-do-31-01-2019\/","og_site_name":"\u0160IOV - \u0161t\u00e1tny in\u0161tit\u00fat odborn\u00e9ho vzdel\u00e1vania","article_publisher":"https:\/\/www.facebook.com\/Statnyinstitutodbornehovzdelavania","article_published_time":"2019-01-24T09:49:57+00:00","article_modified_time":"2019-02-14T09:54:45+00:00","og_image":[{"width":1100,"height":445,"url":"https:\/\/archiv.siov.sk\/wp-content\/uploads\/2019\/01\/top_vyskum.jpg","type":"image\/jpeg"}],"author":"siovadmin","twitter_card":"summary_large_image","twitter_misc":{"Written by":"siovadmin","Estimated reading time":"1 minute"},"schema":{"@context":"https:\/\/schema.org","@graph":[{"@type":"Article","@id":"https:\/\/archiv.siov.sk\/oznamenie-pre-ziadatelov-ze-do-31-01-2019\/#article","isPartOf":{"@id":"https:\/\/archiv.siov.sk\/oznamenie-pre-ziadatelov-ze-do-31-01-2019\/"},"author":{"name":"siovadmin","@id":"https:\/\/archiv.siov.sk\/#\/schema\/person\/7ae8d95216a02464a9ae6c8dcf8a4018"},"headline":"Ozn\u00e1menie pre \u017eiadate\u013eov, \u017ee do 31.01.2019","datePublished":"2019-01-24T09:49:57+00:00","dateModified":"2019-02-14T09:54:45+00:00","mainEntityOfPage":{"@id":"https:\/\/archiv.siov.sk\/oznamenie-pre-ziadatelov-ze-do-31-01-2019\/"},"wordCount":251,"publisher":{"@id":"https:\/\/archiv.siov.sk\/#organization"},"image":{"@id":"https:\/\/archiv.siov.sk\/oznamenie-pre-ziadatelov-ze-do-31-01-2019\/#primaryimage"},"thumbnailUrl":"https:\/\/archiv.siov.sk\/wp-content\/uploads\/2019\/01\/top_vyskum.jpg","articleSection":["Aktuality"],"inLanguage":"en-GB"},{"@type":"WebPage","@id":"https:\/\/archiv.siov.sk\/oznamenie-pre-ziadatelov-ze-do-31-01-2019\/","url":"https:\/\/archiv.siov.sk\/oznamenie-pre-ziadatelov-ze-do-31-01-2019\/","name":"Ozn\u00e1menie pre \u017eiadate\u013eov, \u017ee do 31.01.2019 - \u0160IOV - \u0161t\u00e1tny in\u0161tit\u00fat odborn\u00e9ho vzdel\u00e1vania","isPartOf":{"@id":"https:\/\/archiv.siov.sk\/#website"},"primaryImageOfPage":{"@id":"https:\/\/archiv.siov.sk\/oznamenie-pre-ziadatelov-ze-do-31-01-2019\/#primaryimage"},"image":{"@id":"https:\/\/archiv.siov.sk\/oznamenie-pre-ziadatelov-ze-do-31-01-2019\/#primaryimage"},"thumbnailUrl":"https:\/\/archiv.siov.sk\/wp-content\/uploads\/2019\/01\/top_vyskum.jpg","datePublished":"2019-01-24T09:49:57+00:00","dateModified":"2019-02-14T09:54:45+00:00","breadcrumb":{"@id":"https:\/\/archiv.siov.sk\/oznamenie-pre-ziadatelov-ze-do-31-01-2019\/#breadcrumb"},"inLanguage":"en-GB","potentialAction":[{"@type":"ReadAction","target":["https:\/\/archiv.siov.sk\/oznamenie-pre-ziadatelov-ze-do-31-01-2019\/"]}]},{"@type":"ImageObject","inLanguage":"en-GB","@id":"https:\/\/archiv.siov.sk\/oznamenie-pre-ziadatelov-ze-do-31-01-2019\/#primaryimage","url":"https:\/\/archiv.siov.sk\/wp-content\/uploads\/2019\/01\/top_vyskum.jpg","contentUrl":"https:\/\/archiv.siov.sk\/wp-content\/uploads\/2019\/01\/top_vyskum.jpg","width":1100,"height":445,"caption":"Ozn\u00e1menie pre \u017eiadate\u013eov, \u017ee do 31.01.2019"},{"@type":"BreadcrumbList","@id":"https:\/\/archiv.siov.sk\/oznamenie-pre-ziadatelov-ze-do-31-01-2019\/#breadcrumb","itemListElement":[{"@type":"ListItem","position":1,"name":"Home","item":"https:\/\/archiv.siov.sk\/"},{"@type":"ListItem","position":2,"name":"Ozn\u00e1menie pre \u017eiadate\u013eov, \u017ee do 31.01.2019"}]},{"@type":"WebSite","@id":"https:\/\/archiv.siov.sk\/#website","url":"https:\/\/archiv.siov.sk\/","name":"\u0160IOV - \u0161t\u00e1tny in\u0161tit\u00fat odborn\u00e9ho vzdel\u00e1vania","description":"","publisher":{"@id":"https:\/\/archiv.siov.sk\/#organization"},"potentialAction":[{"@type":"SearchAction","target":{"@type":"EntryPoint","urlTemplate":"https:\/\/archiv.siov.sk\/?s={search_term_string}"},"query-input":{"@type":"PropertyValueSpecification","valueRequired":true,"valueName":"search_term_string"}}],"inLanguage":"en-GB"},{"@type":"Organization","@id":"https:\/\/archiv.siov.sk\/#organization","name":"\u0160IOV - \u0161t\u00e1tny in\u0161tit\u00fat odborn\u00e9ho vzdel\u00e1vania","url":"https:\/\/archiv.siov.sk\/","logo":{"@type":"ImageObject","inLanguage":"en-GB","@id":"https:\/\/archiv.siov.sk\/#\/schema\/logo\/image\/","url":"https:\/\/archiv.siov.sk\/wp-content\/uploads\/2024\/02\/logo-SIOV.png","contentUrl":"https:\/\/archiv.siov.sk\/wp-content\/uploads\/2024\/02\/logo-SIOV.png","width":431,"height":143,"caption":"\u0160IOV - \u0161t\u00e1tny in\u0161tit\u00fat odborn\u00e9ho vzdel\u00e1vania"},"image":{"@id":"https:\/\/archiv.siov.sk\/#\/schema\/logo\/image\/"},"sameAs":["https:\/\/www.facebook.com\/Statnyinstitutodbornehovzdelavania"]},{"@type":"Person","@id":"https:\/\/archiv.siov.sk\/#\/schema\/person\/7ae8d95216a02464a9ae6c8dcf8a4018","name":"siovadmin","url":"https:\/\/archiv.siov.sk\/en\/author\/siovadmin\/"}]}},"_links":{"self":[{"href":"https:\/\/archiv.siov.sk\/en\/wp-json\/wp\/v2\/posts\/2461","targetHints":{"allow":["GET"]}}],"collection":[{"href":"https:\/\/archiv.siov.sk\/en\/wp-json\/wp\/v2\/posts"}],"about":[{"href":"https:\/\/archiv.siov.sk\/en\/wp-json\/wp\/v2\/types\/post"}],"author":[{"embeddable":true,"href":"https:\/\/archiv.siov.sk\/en\/wp-json\/wp\/v2\/users\/1"}],"replies":[{"embeddable":true,"href":"https:\/\/archiv.siov.sk\/en\/wp-json\/wp\/v2\/comments?post=2461"}],"version-history":[{"count":1,"href":"https:\/\/archiv.siov.sk\/en\/wp-json\/wp\/v2\/posts\/2461\/revisions"}],"predecessor-version":[{"id":2463,"href":"https:\/\/archiv.siov.sk\/en\/wp-json\/wp\/v2\/posts\/2461\/revisions\/2463"}],"wp:featuredmedia":[{"embeddable":true,"href":"https:\/\/archiv.siov.sk\/en\/wp-json\/wp\/v2\/media\/2464"}],"wp:attachment":[{"href":"https:\/\/archiv.siov.sk\/en\/wp-json\/wp\/v2\/media?parent=2461"}],"wp:term":[{"taxonomy":"category","embeddable":true,"href":"https:\/\/archiv.siov.sk\/en\/wp-json\/wp\/v2\/categories?post=2461"},{"taxonomy":"post_tag","embeddable":true,"href":"https:\/\/archiv.siov.sk\/en\/wp-json\/wp\/v2\/tags?post=2461"}],"curies":[{"name":"wp","href":"https:\/\/api.w.org\/{rel}","templated":true}]}}