{"id":2458,"date":"2019-01-22T10:46:18","date_gmt":"2019-01-22T09:46:18","guid":{"rendered":"http:\/\/archiv.siov.sk\/?p=2458"},"modified":"2019-02-14T10:49:32","modified_gmt":"2019-02-14T09:49:32","slug":"stredoskolaci-buduci-kuchari-na-finale-skills-slovakia","status":"publish","type":"post","link":"https:\/\/archiv.siov.sk\/en\/stredoskolaci-buduci-kuchari-na-finale-skills-slovakia\/","title":{"rendered":"Stredo\u0161kol\u00e1ci \u2013 bud\u00faci kuch\u00e1ri na fin\u00e1le  Skills Slovakia"},"content":{"rendered":"<p style=\"text-align: justify;\"><strong>GASTRO JUNIOR METRO CUP&nbsp;&nbsp;&nbsp; <\/strong><\/p>\n<p style=\"text-align: justify;\"><em>Bratislava \u2013 22. janu\u00e1ra 2019 \u2013 Na z\u00e1ver janu\u00e1ra sa po\u010das&nbsp; medzin\u00e1rodn\u00e9ho ve\u013etrhu gastron\u00f3mie DANUBIUS GASTRO v&nbsp;bratislavkej Inchebe so svojimi zru\u010dnos\u0165ami predved\u00fa v&nbsp;profesii kuch\u00e1r najlep\u0161\u00ed \u017eiaci z&nbsp;cel\u00e9ho Slovenska. <\/em><\/p>\n<p style=\"text-align: justify;\"><strong>Do 8. ro\u010dn\u00edka fin\u00e1lov\u00e9ho kola GASTRO JUNIOR METRO CUP<\/strong> post\u00fapil <strong>Matej Jani\u010d\u00edk<\/strong> z&nbsp;Hotelovej akad\u00e9mie <strong>\u017dilina,<\/strong>&nbsp; <strong>D\u00e1vid D\u00fabravsk\u00fd<\/strong> zo Strednej odbornej \u0161koly hotelovej <strong>Ro\u017e\u0148ava<\/strong>,&nbsp; <strong>Jakub Bar\u00e1ni<\/strong> z Hotelovej akad\u00e9mie <strong>Liptovsk\u00fd Mikul\u00e1\u0161<\/strong>,&nbsp; <strong>Tamara Zak\u00e1l<\/strong>&nbsp; zo Strednej odbornej \u0161koly obchodu a&nbsp;slu\u017eieb <strong>Kom\u00e1rno<\/strong> a&nbsp;<strong>Peter Balala<\/strong> zo Strednej odbornej \u0161koly obchodu a&nbsp;slu\u017eieb <strong>\u010cadca<\/strong>.&nbsp;&nbsp;<\/p>\n<p style=\"text-align: justify;\">\u010clenovia odbornej hodnotiacej komisie bud\u00fa zn\u00e1me profesion\u00e1lne osobnosti gastron\u00f3mie zo Slovenska a&nbsp;\u00cdrska, certifikovan\u00e9 pod\u013ea krit\u00e9ri\u00ed Svetovej organiz\u00e1cie kuch\u00e1rskych spolkov WACS&nbsp; &#8211; Worldchefs pre hodnotenie s\u00fa\u0165a\u017e\u00ed organizovan\u00fdch na Slovensku a&nbsp;v&nbsp;\u010ceskej republike V\u00fdznam a \u00farove\u0148 s\u00fa\u0165a\u017ee umoc\u0148uje, \u017ee jej garantom je Slovensk\u00fd zv\u00e4z kuch\u00e1rov a&nbsp;cukr\u00e1rov. Dve komisie: technick\u00e1 a&nbsp;chu\u0165ov\u00e1 bud\u00fa hodnoti\u0165 technologick\u00e9 postupy spracovania surov\u00edn \u017eiakmi aj hotov\u00e9 pokrmy. \u017diaci preuk\u00e1\u017eu&nbsp; svoju kreativitu a&nbsp;dok\u00e1\u017eu, \u017ee dobr\u00e1 gastron\u00f3mia je u\u017e svoj\u00edm sp\u00f4sobom aj umen\u00edm. S\u00fa\u0165a\u017enou \u00falohou bude pripravi\u0165 modern\u00fd tepl\u00fd pokrm, ktor\u00fd bude vych\u00e1dza\u0165 z&nbsp;kulin\u00e1rskych trad\u00edci\u00ed&nbsp; regi\u00f3nu s\u00fa\u0165a\u017eiacich.&nbsp;&nbsp;<\/p>\n<p style=\"text-align: justify;\">Vyhlasovate\u013eom s\u00fa\u0165a\u017ee je Ministerstvo \u0161kolstva, vedy, v\u00fdskumu a&nbsp;\u0161portu Slovenskej republiky.&nbsp; Odborn\u00fdm a&nbsp;metodick\u00fdm gestorom je \u0160t\u00e1tny in\u0161tit\u00fat odborn\u00e9ho vzdel\u00e1vania. S\u00fa\u010das\u0165ou podujatia bud\u00fa aj sprievodn\u00e9 aktivity prezentovan\u00e9 zn\u00e1mymi \u0161\u00e9fkuch\u00e1rmi zo Slovenska, \u010ceskej republiky a&nbsp;\u00cdrska.<\/p>\n<p style=\"text-align: justify;\">S\u00fa\u0165a\u017e je verejn\u00e1 a preto radi priv\u00edtame priaznivcov kvalitnej gastron\u00f3mie.<\/p>\n<p style=\"text-align: justify;\">&nbsp;<\/p>","protected":false},"excerpt":{"rendered":"<p>GASTRO JUNIOR METRO CUP&nbsp;&nbsp;&nbsp; Bratislava \u2013 22. janu\u00e1ra 2019 \u2013 Na z\u00e1ver janu\u00e1ra sa po\u010das&nbsp; medzin\u00e1rodn\u00e9ho ve\u013etrhu gastron\u00f3mie DANUBIUS GASTRO v&nbsp;bratislavkej Inchebe so svojimi zru\u010dnos\u0165ami predved\u00fa v&nbsp;profesii kuch\u00e1r najlep\u0161\u00ed \u017eiaci z&nbsp;cel\u00e9ho Slovenska. Do 8. ro\u010dn\u00edka fin\u00e1lov\u00e9ho kola GASTRO JUNIOR METRO CUP post\u00fapil Matej Jani\u010d\u00edk z&nbsp;Hotelovej akad\u00e9mie \u017dilina,&nbsp; D\u00e1vid D\u00fabravsk\u00fd zo Strednej odbornej \u0161koly hotelovej Ro\u017e\u0148ava,&nbsp; [&hellip;]<\/p>\n","protected":false},"author":1,"featured_media":2459,"comment_status":"closed","ping_status":"closed","sticky":false,"template":"","format":"standard","meta":{"site-sidebar-layout":"default","site-content-layout":"","ast-site-content-layout":"default","site-content-style":"default","site-sidebar-style":"default","ast-global-header-display":"","ast-banner-title-visibility":"","ast-main-header-display":"","ast-hfb-above-header-display":"","ast-hfb-below-header-display":"","ast-hfb-mobile-header-display":"","site-post-title":"","ast-breadcrumbs-content":"","ast-featured-img":"","footer-sml-layout":"","ast-disable-related-posts":"","theme-transparent-header-meta":"","adv-header-id-meta":"","stick-header-meta":"","header-above-stick-meta":"","header-main-stick-meta":"","header-below-stick-meta":"","astra-migrate-meta-layouts":"default","ast-page-background-enabled":"default","ast-page-background-meta":{"desktop":{"background-color":"var(--ast-global-color-4)","background-image":"","background-repeat":"repeat","background-position":"center center","background-size":"auto","background-attachment":"scroll","background-type":"","background-media":"","overlay-type":"","overlay-color":"","overlay-opacity":"","overlay-gradient":""},"tablet":{"background-color":"","background-image":"","background-repeat":"repeat","background-position":"center center","background-size":"auto","background-attachment":"scroll","background-type":"","background-media":"","overlay-type":"","overlay-color":"","overlay-opacity":"","overlay-gradient":""},"mobile":{"background-color":"","background-image":"","background-repeat":"repeat","background-position":"center center","background-size":"auto","background-attachment":"scroll","background-type":"","background-media":"","overlay-type":"","overlay-color":"","overlay-opacity":"","overlay-gradient":""}},"ast-content-background-meta":{"desktop":{"background-color":"var(--ast-global-color-5)","background-image":"","background-repeat":"repeat","background-position":"center center","background-size":"auto","background-attachment":"scroll","background-type":"","background-media":"","overlay-type":"","overlay-color":"","overlay-opacity":"","overlay-gradient":""},"tablet":{"background-color":"var(--ast-global-color-5)","background-image":"","background-repeat":"repeat","background-position":"center center","background-size":"auto","background-attachment":"scroll","background-type":"","background-media":"","overlay-type":"","overlay-color":"","overlay-opacity":"","overlay-gradient":""},"mobile":{"background-color":"var(--ast-global-color-5)","background-image":"","background-repeat":"repeat","background-position":"center center","background-size":"auto","background-attachment":"scroll","background-type":"","background-media":"","overlay-type":"","overlay-color":"","overlay-opacity":"","overlay-gradient":""}},"footnotes":""},"categories":[1],"tags":[],"class_list":["post-2458","post","type-post","status-publish","format-standard","has-post-thumbnail","hentry","category-aktuality"],"yoast_head":"<!-- This site is optimized with the Yoast SEO plugin v27.5 - https:\/\/yoast.com\/product\/yoast-seo-wordpress\/ -->\n<title>Stredo\u0161kol\u00e1ci \u2013 bud\u00faci kuch\u00e1ri na fin\u00e1le Skills Slovakia - \u0160IOV - \u0161t\u00e1tny in\u0161tit\u00fat odborn\u00e9ho vzdel\u00e1vania<\/title>\n<meta name=\"robots\" content=\"index, follow, max-snippet:-1, max-image-preview:large, max-video-preview:-1\" \/>\n<link rel=\"canonical\" href=\"https:\/\/archiv.siov.sk\/en\/stredoskolaci-buduci-kuchari-na-finale-skills-slovakia\/\" \/>\n<meta property=\"og:locale\" content=\"en_GB\" \/>\n<meta property=\"og:type\" content=\"article\" \/>\n<meta property=\"og:title\" content=\"Stredo\u0161kol\u00e1ci \u2013 bud\u00faci kuch\u00e1ri na fin\u00e1le Skills Slovakia - \u0160IOV - \u0161t\u00e1tny in\u0161tit\u00fat odborn\u00e9ho vzdel\u00e1vania\" \/>\n<meta property=\"og:description\" content=\"GASTRO JUNIOR METRO CUP&nbsp;&nbsp;&nbsp; Bratislava \u2013 22. janu\u00e1ra 2019 \u2013 Na z\u00e1ver janu\u00e1ra sa po\u010das&nbsp; medzin\u00e1rodn\u00e9ho ve\u013etrhu gastron\u00f3mie DANUBIUS GASTRO v&nbsp;bratislavkej Inchebe so svojimi zru\u010dnos\u0165ami predved\u00fa v&nbsp;profesii kuch\u00e1r najlep\u0161\u00ed \u017eiaci z&nbsp;cel\u00e9ho Slovenska. Do 8. ro\u010dn\u00edka fin\u00e1lov\u00e9ho kola GASTRO JUNIOR METRO CUP post\u00fapil Matej Jani\u010d\u00edk z&nbsp;Hotelovej akad\u00e9mie \u017dilina,&nbsp; D\u00e1vid D\u00fabravsk\u00fd zo Strednej odbornej \u0161koly hotelovej Ro\u017e\u0148ava,&nbsp; [&hellip;]\" \/>\n<meta property=\"og:url\" content=\"https:\/\/archiv.siov.sk\/en\/stredoskolaci-buduci-kuchari-na-finale-skills-slovakia\/\" \/>\n<meta property=\"og:site_name\" content=\"\u0160IOV - \u0161t\u00e1tny in\u0161tit\u00fat odborn\u00e9ho vzdel\u00e1vania\" \/>\n<meta property=\"article:publisher\" content=\"https:\/\/www.facebook.com\/Statnyinstitutodbornehovzdelavania\" \/>\n<meta property=\"article:published_time\" content=\"2019-01-22T09:46:18+00:00\" \/>\n<meta property=\"article:modified_time\" content=\"2019-02-14T09:49:32+00:00\" \/>\n<meta property=\"og:image\" content=\"https:\/\/archiv.siov.sk\/wp-content\/uploads\/2019\/02\/top_kuchar-1.jpg\" \/>\n\t<meta property=\"og:image:width\" content=\"1100\" \/>\n\t<meta property=\"og:image:height\" content=\"445\" \/>\n\t<meta property=\"og:image:type\" content=\"image\/jpeg\" \/>\n<meta name=\"author\" content=\"siovadmin\" \/>\n<meta name=\"twitter:card\" content=\"summary_large_image\" \/>\n<meta name=\"twitter:label1\" content=\"Written by\" \/>\n\t<meta name=\"twitter:data1\" content=\"siovadmin\" \/>\n\t<meta name=\"twitter:label2\" content=\"Estimated reading time\" \/>\n\t<meta name=\"twitter:data2\" content=\"2 minutes\" \/>\n<script type=\"application\/ld+json\" class=\"yoast-schema-graph\">{\"@context\":\"https:\\\/\\\/schema.org\",\"@graph\":[{\"@type\":\"Article\",\"@id\":\"https:\\\/\\\/archiv.siov.sk\\\/stredoskolaci-buduci-kuchari-na-finale-skills-slovakia\\\/#article\",\"isPartOf\":{\"@id\":\"https:\\\/\\\/archiv.siov.sk\\\/stredoskolaci-buduci-kuchari-na-finale-skills-slovakia\\\/\"},\"author\":{\"name\":\"siovadmin\",\"@id\":\"https:\\\/\\\/archiv.siov.sk\\\/#\\\/schema\\\/person\\\/7ae8d95216a02464a9ae6c8dcf8a4018\"},\"headline\":\"Stredo\u0161kol\u00e1ci \u2013 bud\u00faci kuch\u00e1ri na fin\u00e1le Skills Slovakia\",\"datePublished\":\"2019-01-22T09:46:18+00:00\",\"dateModified\":\"2019-02-14T09:49:32+00:00\",\"mainEntityOfPage\":{\"@id\":\"https:\\\/\\\/archiv.siov.sk\\\/stredoskolaci-buduci-kuchari-na-finale-skills-slovakia\\\/\"},\"wordCount\":343,\"publisher\":{\"@id\":\"https:\\\/\\\/archiv.siov.sk\\\/#organization\"},\"image\":{\"@id\":\"https:\\\/\\\/archiv.siov.sk\\\/stredoskolaci-buduci-kuchari-na-finale-skills-slovakia\\\/#primaryimage\"},\"thumbnailUrl\":\"https:\\\/\\\/archiv.siov.sk\\\/wp-content\\\/uploads\\\/2019\\\/02\\\/top_kuchar-1.jpg\",\"articleSection\":[\"Aktuality\"],\"inLanguage\":\"en-GB\"},{\"@type\":\"WebPage\",\"@id\":\"https:\\\/\\\/archiv.siov.sk\\\/stredoskolaci-buduci-kuchari-na-finale-skills-slovakia\\\/\",\"url\":\"https:\\\/\\\/archiv.siov.sk\\\/stredoskolaci-buduci-kuchari-na-finale-skills-slovakia\\\/\",\"name\":\"Stredo\u0161kol\u00e1ci \u2013 bud\u00faci kuch\u00e1ri na fin\u00e1le Skills Slovakia - \u0160IOV - \u0161t\u00e1tny in\u0161tit\u00fat odborn\u00e9ho vzdel\u00e1vania\",\"isPartOf\":{\"@id\":\"https:\\\/\\\/archiv.siov.sk\\\/#website\"},\"primaryImageOfPage\":{\"@id\":\"https:\\\/\\\/archiv.siov.sk\\\/stredoskolaci-buduci-kuchari-na-finale-skills-slovakia\\\/#primaryimage\"},\"image\":{\"@id\":\"https:\\\/\\\/archiv.siov.sk\\\/stredoskolaci-buduci-kuchari-na-finale-skills-slovakia\\\/#primaryimage\"},\"thumbnailUrl\":\"https:\\\/\\\/archiv.siov.sk\\\/wp-content\\\/uploads\\\/2019\\\/02\\\/top_kuchar-1.jpg\",\"datePublished\":\"2019-01-22T09:46:18+00:00\",\"dateModified\":\"2019-02-14T09:49:32+00:00\",\"breadcrumb\":{\"@id\":\"https:\\\/\\\/archiv.siov.sk\\\/stredoskolaci-buduci-kuchari-na-finale-skills-slovakia\\\/#breadcrumb\"},\"inLanguage\":\"en-GB\",\"potentialAction\":[{\"@type\":\"ReadAction\",\"target\":[\"https:\\\/\\\/archiv.siov.sk\\\/stredoskolaci-buduci-kuchari-na-finale-skills-slovakia\\\/\"]}]},{\"@type\":\"ImageObject\",\"inLanguage\":\"en-GB\",\"@id\":\"https:\\\/\\\/archiv.siov.sk\\\/stredoskolaci-buduci-kuchari-na-finale-skills-slovakia\\\/#primaryimage\",\"url\":\"https:\\\/\\\/archiv.siov.sk\\\/wp-content\\\/uploads\\\/2019\\\/02\\\/top_kuchar-1.jpg\",\"contentUrl\":\"https:\\\/\\\/archiv.siov.sk\\\/wp-content\\\/uploads\\\/2019\\\/02\\\/top_kuchar-1.jpg\",\"width\":1100,\"height\":445,\"caption\":\"Stredo\u0161kol\u00e1ci \u2013 bud\u00faci kuch\u00e1ri na fin\u00e1le Skills Slovakia\"},{\"@type\":\"BreadcrumbList\",\"@id\":\"https:\\\/\\\/archiv.siov.sk\\\/stredoskolaci-buduci-kuchari-na-finale-skills-slovakia\\\/#breadcrumb\",\"itemListElement\":[{\"@type\":\"ListItem\",\"position\":1,\"name\":\"Home\",\"item\":\"https:\\\/\\\/archiv.siov.sk\\\/\"},{\"@type\":\"ListItem\",\"position\":2,\"name\":\"Stredo\u0161kol\u00e1ci \u2013 bud\u00faci kuch\u00e1ri na fin\u00e1le Skills Slovakia\"}]},{\"@type\":\"WebSite\",\"@id\":\"https:\\\/\\\/archiv.siov.sk\\\/#website\",\"url\":\"https:\\\/\\\/archiv.siov.sk\\\/\",\"name\":\"\u0160IOV - \u0161t\u00e1tny in\u0161tit\u00fat odborn\u00e9ho vzdel\u00e1vania\",\"description\":\"\",\"publisher\":{\"@id\":\"https:\\\/\\\/archiv.siov.sk\\\/#organization\"},\"potentialAction\":[{\"@type\":\"SearchAction\",\"target\":{\"@type\":\"EntryPoint\",\"urlTemplate\":\"https:\\\/\\\/archiv.siov.sk\\\/?s={search_term_string}\"},\"query-input\":{\"@type\":\"PropertyValueSpecification\",\"valueRequired\":true,\"valueName\":\"search_term_string\"}}],\"inLanguage\":\"en-GB\"},{\"@type\":\"Organization\",\"@id\":\"https:\\\/\\\/archiv.siov.sk\\\/#organization\",\"name\":\"\u0160IOV - \u0161t\u00e1tny in\u0161tit\u00fat odborn\u00e9ho vzdel\u00e1vania\",\"url\":\"https:\\\/\\\/archiv.siov.sk\\\/\",\"logo\":{\"@type\":\"ImageObject\",\"inLanguage\":\"en-GB\",\"@id\":\"https:\\\/\\\/archiv.siov.sk\\\/#\\\/schema\\\/logo\\\/image\\\/\",\"url\":\"https:\\\/\\\/archiv.siov.sk\\\/wp-content\\\/uploads\\\/2024\\\/02\\\/logo-SIOV.png\",\"contentUrl\":\"https:\\\/\\\/archiv.siov.sk\\\/wp-content\\\/uploads\\\/2024\\\/02\\\/logo-SIOV.png\",\"width\":431,\"height\":143,\"caption\":\"\u0160IOV - \u0161t\u00e1tny in\u0161tit\u00fat odborn\u00e9ho vzdel\u00e1vania\"},\"image\":{\"@id\":\"https:\\\/\\\/archiv.siov.sk\\\/#\\\/schema\\\/logo\\\/image\\\/\"},\"sameAs\":[\"https:\\\/\\\/www.facebook.com\\\/Statnyinstitutodbornehovzdelavania\"]},{\"@type\":\"Person\",\"@id\":\"https:\\\/\\\/archiv.siov.sk\\\/#\\\/schema\\\/person\\\/7ae8d95216a02464a9ae6c8dcf8a4018\",\"name\":\"siovadmin\",\"url\":\"https:\\\/\\\/archiv.siov.sk\\\/en\\\/author\\\/siovadmin\\\/\"}]}<\/script>\n<!-- \/ Yoast SEO plugin. -->","yoast_head_json":{"title":"Stredo\u0161kol\u00e1ci \u2013 bud\u00faci kuch\u00e1ri na fin\u00e1le Skills Slovakia - \u0160IOV - \u0161t\u00e1tny in\u0161tit\u00fat odborn\u00e9ho vzdel\u00e1vania","robots":{"index":"index","follow":"follow","max-snippet":"max-snippet:-1","max-image-preview":"max-image-preview:large","max-video-preview":"max-video-preview:-1"},"canonical":"https:\/\/archiv.siov.sk\/en\/stredoskolaci-buduci-kuchari-na-finale-skills-slovakia\/","og_locale":"en_GB","og_type":"article","og_title":"Stredo\u0161kol\u00e1ci \u2013 bud\u00faci kuch\u00e1ri na fin\u00e1le Skills Slovakia - \u0160IOV - \u0161t\u00e1tny in\u0161tit\u00fat odborn\u00e9ho vzdel\u00e1vania","og_description":"GASTRO JUNIOR METRO CUP&nbsp;&nbsp;&nbsp; Bratislava \u2013 22. janu\u00e1ra 2019 \u2013 Na z\u00e1ver janu\u00e1ra sa po\u010das&nbsp; medzin\u00e1rodn\u00e9ho ve\u013etrhu gastron\u00f3mie DANUBIUS GASTRO v&nbsp;bratislavkej Inchebe so svojimi zru\u010dnos\u0165ami predved\u00fa v&nbsp;profesii kuch\u00e1r najlep\u0161\u00ed \u017eiaci z&nbsp;cel\u00e9ho Slovenska. Do 8. ro\u010dn\u00edka fin\u00e1lov\u00e9ho kola GASTRO JUNIOR METRO CUP post\u00fapil Matej Jani\u010d\u00edk z&nbsp;Hotelovej akad\u00e9mie \u017dilina,&nbsp; D\u00e1vid D\u00fabravsk\u00fd zo Strednej odbornej \u0161koly hotelovej Ro\u017e\u0148ava,&nbsp; [&hellip;]","og_url":"https:\/\/archiv.siov.sk\/en\/stredoskolaci-buduci-kuchari-na-finale-skills-slovakia\/","og_site_name":"\u0160IOV - \u0161t\u00e1tny in\u0161tit\u00fat odborn\u00e9ho vzdel\u00e1vania","article_publisher":"https:\/\/www.facebook.com\/Statnyinstitutodbornehovzdelavania","article_published_time":"2019-01-22T09:46:18+00:00","article_modified_time":"2019-02-14T09:49:32+00:00","og_image":[{"width":1100,"height":445,"url":"https:\/\/archiv.siov.sk\/wp-content\/uploads\/2019\/02\/top_kuchar-1.jpg","type":"image\/jpeg"}],"author":"siovadmin","twitter_card":"summary_large_image","twitter_misc":{"Written by":"siovadmin","Estimated reading time":"2 minutes"},"schema":{"@context":"https:\/\/schema.org","@graph":[{"@type":"Article","@id":"https:\/\/archiv.siov.sk\/stredoskolaci-buduci-kuchari-na-finale-skills-slovakia\/#article","isPartOf":{"@id":"https:\/\/archiv.siov.sk\/stredoskolaci-buduci-kuchari-na-finale-skills-slovakia\/"},"author":{"name":"siovadmin","@id":"https:\/\/archiv.siov.sk\/#\/schema\/person\/7ae8d95216a02464a9ae6c8dcf8a4018"},"headline":"Stredo\u0161kol\u00e1ci \u2013 bud\u00faci kuch\u00e1ri na fin\u00e1le Skills Slovakia","datePublished":"2019-01-22T09:46:18+00:00","dateModified":"2019-02-14T09:49:32+00:00","mainEntityOfPage":{"@id":"https:\/\/archiv.siov.sk\/stredoskolaci-buduci-kuchari-na-finale-skills-slovakia\/"},"wordCount":343,"publisher":{"@id":"https:\/\/archiv.siov.sk\/#organization"},"image":{"@id":"https:\/\/archiv.siov.sk\/stredoskolaci-buduci-kuchari-na-finale-skills-slovakia\/#primaryimage"},"thumbnailUrl":"https:\/\/archiv.siov.sk\/wp-content\/uploads\/2019\/02\/top_kuchar-1.jpg","articleSection":["Aktuality"],"inLanguage":"en-GB"},{"@type":"WebPage","@id":"https:\/\/archiv.siov.sk\/stredoskolaci-buduci-kuchari-na-finale-skills-slovakia\/","url":"https:\/\/archiv.siov.sk\/stredoskolaci-buduci-kuchari-na-finale-skills-slovakia\/","name":"Stredo\u0161kol\u00e1ci \u2013 bud\u00faci kuch\u00e1ri na fin\u00e1le Skills Slovakia - \u0160IOV - \u0161t\u00e1tny in\u0161tit\u00fat odborn\u00e9ho vzdel\u00e1vania","isPartOf":{"@id":"https:\/\/archiv.siov.sk\/#website"},"primaryImageOfPage":{"@id":"https:\/\/archiv.siov.sk\/stredoskolaci-buduci-kuchari-na-finale-skills-slovakia\/#primaryimage"},"image":{"@id":"https:\/\/archiv.siov.sk\/stredoskolaci-buduci-kuchari-na-finale-skills-slovakia\/#primaryimage"},"thumbnailUrl":"https:\/\/archiv.siov.sk\/wp-content\/uploads\/2019\/02\/top_kuchar-1.jpg","datePublished":"2019-01-22T09:46:18+00:00","dateModified":"2019-02-14T09:49:32+00:00","breadcrumb":{"@id":"https:\/\/archiv.siov.sk\/stredoskolaci-buduci-kuchari-na-finale-skills-slovakia\/#breadcrumb"},"inLanguage":"en-GB","potentialAction":[{"@type":"ReadAction","target":["https:\/\/archiv.siov.sk\/stredoskolaci-buduci-kuchari-na-finale-skills-slovakia\/"]}]},{"@type":"ImageObject","inLanguage":"en-GB","@id":"https:\/\/archiv.siov.sk\/stredoskolaci-buduci-kuchari-na-finale-skills-slovakia\/#primaryimage","url":"https:\/\/archiv.siov.sk\/wp-content\/uploads\/2019\/02\/top_kuchar-1.jpg","contentUrl":"https:\/\/archiv.siov.sk\/wp-content\/uploads\/2019\/02\/top_kuchar-1.jpg","width":1100,"height":445,"caption":"Stredo\u0161kol\u00e1ci \u2013 bud\u00faci kuch\u00e1ri na fin\u00e1le Skills Slovakia"},{"@type":"BreadcrumbList","@id":"https:\/\/archiv.siov.sk\/stredoskolaci-buduci-kuchari-na-finale-skills-slovakia\/#breadcrumb","itemListElement":[{"@type":"ListItem","position":1,"name":"Home","item":"https:\/\/archiv.siov.sk\/"},{"@type":"ListItem","position":2,"name":"Stredo\u0161kol\u00e1ci \u2013 bud\u00faci kuch\u00e1ri na fin\u00e1le Skills Slovakia"}]},{"@type":"WebSite","@id":"https:\/\/archiv.siov.sk\/#website","url":"https:\/\/archiv.siov.sk\/","name":"\u0160IOV - \u0161t\u00e1tny in\u0161tit\u00fat odborn\u00e9ho vzdel\u00e1vania","description":"","publisher":{"@id":"https:\/\/archiv.siov.sk\/#organization"},"potentialAction":[{"@type":"SearchAction","target":{"@type":"EntryPoint","urlTemplate":"https:\/\/archiv.siov.sk\/?s={search_term_string}"},"query-input":{"@type":"PropertyValueSpecification","valueRequired":true,"valueName":"search_term_string"}}],"inLanguage":"en-GB"},{"@type":"Organization","@id":"https:\/\/archiv.siov.sk\/#organization","name":"\u0160IOV - \u0161t\u00e1tny in\u0161tit\u00fat odborn\u00e9ho vzdel\u00e1vania","url":"https:\/\/archiv.siov.sk\/","logo":{"@type":"ImageObject","inLanguage":"en-GB","@id":"https:\/\/archiv.siov.sk\/#\/schema\/logo\/image\/","url":"https:\/\/archiv.siov.sk\/wp-content\/uploads\/2024\/02\/logo-SIOV.png","contentUrl":"https:\/\/archiv.siov.sk\/wp-content\/uploads\/2024\/02\/logo-SIOV.png","width":431,"height":143,"caption":"\u0160IOV - \u0161t\u00e1tny in\u0161tit\u00fat odborn\u00e9ho vzdel\u00e1vania"},"image":{"@id":"https:\/\/archiv.siov.sk\/#\/schema\/logo\/image\/"},"sameAs":["https:\/\/www.facebook.com\/Statnyinstitutodbornehovzdelavania"]},{"@type":"Person","@id":"https:\/\/archiv.siov.sk\/#\/schema\/person\/7ae8d95216a02464a9ae6c8dcf8a4018","name":"siovadmin","url":"https:\/\/archiv.siov.sk\/en\/author\/siovadmin\/"}]}},"_links":{"self":[{"href":"https:\/\/archiv.siov.sk\/en\/wp-json\/wp\/v2\/posts\/2458","targetHints":{"allow":["GET"]}}],"collection":[{"href":"https:\/\/archiv.siov.sk\/en\/wp-json\/wp\/v2\/posts"}],"about":[{"href":"https:\/\/archiv.siov.sk\/en\/wp-json\/wp\/v2\/types\/post"}],"author":[{"embeddable":true,"href":"https:\/\/archiv.siov.sk\/en\/wp-json\/wp\/v2\/users\/1"}],"replies":[{"embeddable":true,"href":"https:\/\/archiv.siov.sk\/en\/wp-json\/wp\/v2\/comments?post=2458"}],"version-history":[{"count":1,"href":"https:\/\/archiv.siov.sk\/en\/wp-json\/wp\/v2\/posts\/2458\/revisions"}],"predecessor-version":[{"id":2460,"href":"https:\/\/archiv.siov.sk\/en\/wp-json\/wp\/v2\/posts\/2458\/revisions\/2460"}],"wp:featuredmedia":[{"embeddable":true,"href":"https:\/\/archiv.siov.sk\/en\/wp-json\/wp\/v2\/media\/2459"}],"wp:attachment":[{"href":"https:\/\/archiv.siov.sk\/en\/wp-json\/wp\/v2\/media?parent=2458"}],"wp:term":[{"taxonomy":"category","embeddable":true,"href":"https:\/\/archiv.siov.sk\/en\/wp-json\/wp\/v2\/categories?post=2458"},{"taxonomy":"post_tag","embeddable":true,"href":"https:\/\/archiv.siov.sk\/en\/wp-json\/wp\/v2\/tags?post=2458"}],"curies":[{"name":"wp","href":"https:\/\/api.w.org\/{rel}","templated":true}]}}