{"id":2449,"date":"2018-11-25T10:38:00","date_gmt":"2018-11-25T09:38:00","guid":{"rendered":"http:\/\/archiv.siov.sk\/?p=2449"},"modified":"2019-02-14T10:38:47","modified_gmt":"2019-02-14T09:38:47","slug":"pozvanka-na-konferenciu-epale-2018","status":"publish","type":"post","link":"https:\/\/archiv.siov.sk\/en\/pozvanka-na-konferenciu-epale-2018\/","title":{"rendered":"Pozv\u00e1nka na konferenciu EPALE 2018"},"content":{"rendered":"<p>EPALE Slovensko V\u00e1s poz\u00fdva na&nbsp;<strong>N\u00e1rodn\u00fa konferenciu EPALE 2018<\/strong>, d\u0148a&nbsp;<strong>6. 12. 2018<\/strong>, v&nbsp;\u010dase 09:30 \u2013 13:45, v&nbsp;priestoroch CVTI, Lama\u010dsk\u00e1 cesta 8A, v Bratislave.<\/p>\n<p>V&nbsp;pr\u00edpade z\u00e1ujmu sa zaregistrujte najnesk\u00f4r&nbsp;<strong><u>30. 11.<\/u><\/strong>&nbsp;prostredn\u00edctvom <a href=\"https:\/\/docs.google.com\/forms\/d\/1Cxv6CX3gQiCrck-NZAt7JBRXoejdXUn9Ef2FY0N4T3M\/edit?ts=5bf280a6\">registra\u010dn\u00e9ho formul\u00e1ra.<\/a><\/p>\n<p>\u010cas\u0165 programu v&nbsp;anglickom jazyku bude tlmo\u010den\u00e1 do slovensk\u00e9ho jazyka.<br \/>\n<a href=\"https:\/\/archiv.siov.sk\/en\/Aktuality\/26-11-2018\/EPALE restart.pdf\/\">Program konferencie n\u00e1jdete tu.<\/a><\/p>\n<p><strong>Te\u0161\u00edme sa na Va\u0161u \u00fa\u010das\u0165!<\/strong><br \/>\nS&nbsp;pozdravom,<\/p>\n<p>T\u00edm EPALE SK<\/p>\n<p>&nbsp;<\/p>","protected":false},"excerpt":{"rendered":"<p>EPALE Slovensko V\u00e1s poz\u00fdva na&nbsp;N\u00e1rodn\u00fa konferenciu EPALE 2018, d\u0148a&nbsp;6. 12. 2018, v&nbsp;\u010dase 09:30 \u2013 13:45, v&nbsp;priestoroch CVTI, Lama\u010dsk\u00e1 cesta 8A, v Bratislave. V&nbsp;pr\u00edpade z\u00e1ujmu sa zaregistrujte najnesk\u00f4r&nbsp;30. 11.&nbsp;prostredn\u00edctvom registra\u010dn\u00e9ho formul\u00e1ra. \u010cas\u0165 programu v&nbsp;anglickom jazyku bude tlmo\u010den\u00e1 do slovensk\u00e9ho jazyka. Program konferencie n\u00e1jdete tu. Te\u0161\u00edme sa na Va\u0161u \u00fa\u010das\u0165! S&nbsp;pozdravom, T\u00edm EPALE SK &nbsp;<\/p>","protected":false},"author":1,"featured_media":2445,"comment_status":"closed","ping_status":"closed","sticky":false,"template":"","format":"standard","meta":{"site-sidebar-layout":"default","site-content-layout":"","ast-site-content-layout":"default","site-content-style":"default","site-sidebar-style":"default","ast-global-header-display":"","ast-banner-title-visibility":"","ast-main-header-display":"","ast-hfb-above-header-display":"","ast-hfb-below-header-display":"","ast-hfb-mobile-header-display":"","site-post-title":"","ast-breadcrumbs-content":"","ast-featured-img":"","footer-sml-layout":"","ast-disable-related-posts":"","theme-transparent-header-meta":"","adv-header-id-meta":"","stick-header-meta":"","header-above-stick-meta":"","header-main-stick-meta":"","header-below-stick-meta":"","astra-migrate-meta-layouts":"default","ast-page-background-enabled":"default","ast-page-background-meta":{"desktop":{"background-color":"var(--ast-global-color-4)","background-image":"","background-repeat":"repeat","background-position":"center center","background-size":"auto","background-attachment":"scroll","background-type":"","background-media":"","overlay-type":"","overlay-color":"","overlay-opacity":"","overlay-gradient":""},"tablet":{"background-color":"","background-image":"","background-repeat":"repeat","background-position":"center center","background-size":"auto","background-attachment":"scroll","background-type":"","background-media":"","overlay-type":"","overlay-color":"","overlay-opacity":"","overlay-gradient":""},"mobile":{"background-color":"","background-image":"","background-repeat":"repeat","background-position":"center center","background-size":"auto","background-attachment":"scroll","background-type":"","background-media":"","overlay-type":"","overlay-color":"","overlay-opacity":"","overlay-gradient":""}},"ast-content-background-meta":{"desktop":{"background-color":"var(--ast-global-color-5)","background-image":"","background-repeat":"repeat","background-position":"center center","background-size":"auto","background-attachment":"scroll","background-type":"","background-media":"","overlay-type":"","overlay-color":"","overlay-opacity":"","overlay-gradient":""},"tablet":{"background-color":"var(--ast-global-color-5)","background-image":"","background-repeat":"repeat","background-position":"center center","background-size":"auto","background-attachment":"scroll","background-type":"","background-media":"","overlay-type":"","overlay-color":"","overlay-opacity":"","overlay-gradient":""},"mobile":{"background-color":"var(--ast-global-color-5)","background-image":"","background-repeat":"repeat","background-position":"center center","background-size":"auto","background-attachment":"scroll","background-type":"","background-media":"","overlay-type":"","overlay-color":"","overlay-opacity":"","overlay-gradient":""}},"footnotes":""},"categories":[1],"tags":[],"class_list":["post-2449","post","type-post","status-publish","format-standard","has-post-thumbnail","hentry","category-aktuality"],"yoast_head":"<!-- This site is optimized with the Yoast SEO plugin v27.5 - https:\/\/yoast.com\/product\/yoast-seo-wordpress\/ -->\n<title>Pozv\u00e1nka na konferenciu EPALE 2018 - \u0160IOV - \u0161t\u00e1tny in\u0161tit\u00fat odborn\u00e9ho vzdel\u00e1vania<\/title>\n<meta name=\"description\" content=\"EPALE Slovensko V\u00e1s poz\u00fdva na N\u00e1rodn\u00fa konferenciu EPALE 2018, d\u0148a 6. 12. 2018, v \u010dase 09:30 \u2013 13:45, v priestoroch CVTI, Lama\u010dsk\u00e1 cesta 8A, v Bratislave.\" \/>\n<meta name=\"robots\" content=\"index, follow, max-snippet:-1, max-image-preview:large, max-video-preview:-1\" \/>\n<link rel=\"canonical\" href=\"https:\/\/archiv.siov.sk\/en\/pozvanka-na-konferenciu-epale-2018\/\" \/>\n<meta property=\"og:locale\" content=\"en_GB\" \/>\n<meta property=\"og:type\" content=\"article\" \/>\n<meta property=\"og:title\" content=\"Pozv\u00e1nka na konferenciu EPALE 2018 - \u0160IOV - \u0161t\u00e1tny in\u0161tit\u00fat odborn\u00e9ho vzdel\u00e1vania\" \/>\n<meta property=\"og:description\" content=\"EPALE Slovensko V\u00e1s poz\u00fdva na N\u00e1rodn\u00fa konferenciu EPALE 2018, d\u0148a 6. 12. 2018, v \u010dase 09:30 \u2013 13:45, v priestoroch CVTI, Lama\u010dsk\u00e1 cesta 8A, v Bratislave.\" \/>\n<meta property=\"og:url\" content=\"https:\/\/archiv.siov.sk\/en\/pozvanka-na-konferenciu-epale-2018\/\" \/>\n<meta property=\"og:site_name\" content=\"\u0160IOV - \u0161t\u00e1tny in\u0161tit\u00fat odborn\u00e9ho vzdel\u00e1vania\" \/>\n<meta property=\"article:publisher\" content=\"https:\/\/www.facebook.com\/Statnyinstitutodbornehovzdelavania\" \/>\n<meta property=\"article:published_time\" content=\"2018-11-25T09:38:00+00:00\" \/>\n<meta property=\"article:modified_time\" content=\"2019-02-14T09:38:47+00:00\" \/>\n<meta property=\"og:image\" content=\"https:\/\/archiv.siov.sk\/wp-content\/uploads\/2018\/11\/top_european.jpg\" \/>\n\t<meta property=\"og:image:width\" content=\"1100\" \/>\n\t<meta property=\"og:image:height\" content=\"445\" \/>\n\t<meta property=\"og:image:type\" content=\"image\/jpeg\" \/>\n<meta name=\"author\" content=\"siovadmin\" \/>\n<meta name=\"twitter:card\" content=\"summary_large_image\" \/>\n<meta name=\"twitter:label1\" content=\"Written by\" \/>\n\t<meta name=\"twitter:data1\" content=\"siovadmin\" \/>\n<script type=\"application\/ld+json\" class=\"yoast-schema-graph\">{\"@context\":\"https:\\\/\\\/schema.org\",\"@graph\":[{\"@type\":\"Article\",\"@id\":\"https:\\\/\\\/archiv.siov.sk\\\/pozvanka-na-konferenciu-epale-2018\\\/#article\",\"isPartOf\":{\"@id\":\"https:\\\/\\\/archiv.siov.sk\\\/pozvanka-na-konferenciu-epale-2018\\\/\"},\"author\":{\"name\":\"siovadmin\",\"@id\":\"https:\\\/\\\/archiv.siov.sk\\\/#\\\/schema\\\/person\\\/7ae8d95216a02464a9ae6c8dcf8a4018\"},\"headline\":\"Pozv\u00e1nka na konferenciu EPALE 2018\",\"datePublished\":\"2018-11-25T09:38:00+00:00\",\"dateModified\":\"2019-02-14T09:38:47+00:00\",\"mainEntityOfPage\":{\"@id\":\"https:\\\/\\\/archiv.siov.sk\\\/pozvanka-na-konferenciu-epale-2018\\\/\"},\"wordCount\":85,\"publisher\":{\"@id\":\"https:\\\/\\\/archiv.siov.sk\\\/#organization\"},\"image\":{\"@id\":\"https:\\\/\\\/archiv.siov.sk\\\/pozvanka-na-konferenciu-epale-2018\\\/#primaryimage\"},\"thumbnailUrl\":\"https:\\\/\\\/archiv.siov.sk\\\/wp-content\\\/uploads\\\/2018\\\/11\\\/top_european.jpg\",\"articleSection\":[\"Aktuality\"],\"inLanguage\":\"en-GB\"},{\"@type\":\"WebPage\",\"@id\":\"https:\\\/\\\/archiv.siov.sk\\\/pozvanka-na-konferenciu-epale-2018\\\/\",\"url\":\"https:\\\/\\\/archiv.siov.sk\\\/pozvanka-na-konferenciu-epale-2018\\\/\",\"name\":\"Pozv\u00e1nka na konferenciu EPALE 2018 - \u0160IOV - \u0161t\u00e1tny in\u0161tit\u00fat odborn\u00e9ho vzdel\u00e1vania\",\"isPartOf\":{\"@id\":\"https:\\\/\\\/archiv.siov.sk\\\/#website\"},\"primaryImageOfPage\":{\"@id\":\"https:\\\/\\\/archiv.siov.sk\\\/pozvanka-na-konferenciu-epale-2018\\\/#primaryimage\"},\"image\":{\"@id\":\"https:\\\/\\\/archiv.siov.sk\\\/pozvanka-na-konferenciu-epale-2018\\\/#primaryimage\"},\"thumbnailUrl\":\"https:\\\/\\\/archiv.siov.sk\\\/wp-content\\\/uploads\\\/2018\\\/11\\\/top_european.jpg\",\"datePublished\":\"2018-11-25T09:38:00+00:00\",\"dateModified\":\"2019-02-14T09:38:47+00:00\",\"description\":\"EPALE Slovensko V\u00e1s poz\u00fdva na N\u00e1rodn\u00fa konferenciu EPALE 2018, d\u0148a 6. 12. 2018, v \u010dase 09:30 \u2013 13:45, v priestoroch CVTI, Lama\u010dsk\u00e1 cesta 8A, v Bratislave.\",\"breadcrumb\":{\"@id\":\"https:\\\/\\\/archiv.siov.sk\\\/pozvanka-na-konferenciu-epale-2018\\\/#breadcrumb\"},\"inLanguage\":\"en-GB\",\"potentialAction\":[{\"@type\":\"ReadAction\",\"target\":[\"https:\\\/\\\/archiv.siov.sk\\\/pozvanka-na-konferenciu-epale-2018\\\/\"]}]},{\"@type\":\"ImageObject\",\"inLanguage\":\"en-GB\",\"@id\":\"https:\\\/\\\/archiv.siov.sk\\\/pozvanka-na-konferenciu-epale-2018\\\/#primaryimage\",\"url\":\"https:\\\/\\\/archiv.siov.sk\\\/wp-content\\\/uploads\\\/2018\\\/11\\\/top_european.jpg\",\"contentUrl\":\"https:\\\/\\\/archiv.siov.sk\\\/wp-content\\\/uploads\\\/2018\\\/11\\\/top_european.jpg\",\"width\":1100,\"height\":445,\"caption\":\"S\u00fa\u0165a\u017e: Bloger EPALE 2018\"},{\"@type\":\"BreadcrumbList\",\"@id\":\"https:\\\/\\\/archiv.siov.sk\\\/pozvanka-na-konferenciu-epale-2018\\\/#breadcrumb\",\"itemListElement\":[{\"@type\":\"ListItem\",\"position\":1,\"name\":\"Home\",\"item\":\"https:\\\/\\\/archiv.siov.sk\\\/\"},{\"@type\":\"ListItem\",\"position\":2,\"name\":\"Pozv\u00e1nka na konferenciu EPALE 2018\"}]},{\"@type\":\"WebSite\",\"@id\":\"https:\\\/\\\/archiv.siov.sk\\\/#website\",\"url\":\"https:\\\/\\\/archiv.siov.sk\\\/\",\"name\":\"\u0160IOV - \u0161t\u00e1tny in\u0161tit\u00fat odborn\u00e9ho vzdel\u00e1vania\",\"description\":\"\",\"publisher\":{\"@id\":\"https:\\\/\\\/archiv.siov.sk\\\/#organization\"},\"potentialAction\":[{\"@type\":\"SearchAction\",\"target\":{\"@type\":\"EntryPoint\",\"urlTemplate\":\"https:\\\/\\\/archiv.siov.sk\\\/?s={search_term_string}\"},\"query-input\":{\"@type\":\"PropertyValueSpecification\",\"valueRequired\":true,\"valueName\":\"search_term_string\"}}],\"inLanguage\":\"en-GB\"},{\"@type\":\"Organization\",\"@id\":\"https:\\\/\\\/archiv.siov.sk\\\/#organization\",\"name\":\"\u0160IOV - \u0161t\u00e1tny in\u0161tit\u00fat odborn\u00e9ho vzdel\u00e1vania\",\"url\":\"https:\\\/\\\/archiv.siov.sk\\\/\",\"logo\":{\"@type\":\"ImageObject\",\"inLanguage\":\"en-GB\",\"@id\":\"https:\\\/\\\/archiv.siov.sk\\\/#\\\/schema\\\/logo\\\/image\\\/\",\"url\":\"https:\\\/\\\/archiv.siov.sk\\\/wp-content\\\/uploads\\\/2024\\\/02\\\/logo-SIOV.png\",\"contentUrl\":\"https:\\\/\\\/archiv.siov.sk\\\/wp-content\\\/uploads\\\/2024\\\/02\\\/logo-SIOV.png\",\"width\":431,\"height\":143,\"caption\":\"\u0160IOV - \u0161t\u00e1tny in\u0161tit\u00fat odborn\u00e9ho vzdel\u00e1vania\"},\"image\":{\"@id\":\"https:\\\/\\\/archiv.siov.sk\\\/#\\\/schema\\\/logo\\\/image\\\/\"},\"sameAs\":[\"https:\\\/\\\/www.facebook.com\\\/Statnyinstitutodbornehovzdelavania\"]},{\"@type\":\"Person\",\"@id\":\"https:\\\/\\\/archiv.siov.sk\\\/#\\\/schema\\\/person\\\/7ae8d95216a02464a9ae6c8dcf8a4018\",\"name\":\"siovadmin\",\"url\":\"https:\\\/\\\/archiv.siov.sk\\\/en\\\/author\\\/siovadmin\\\/\"}]}<\/script>\n<!-- \/ Yoast SEO plugin. -->","yoast_head_json":{"title":"Pozv\u00e1nka na konferenciu EPALE 2018 - \u0160IOV - \u0161t\u00e1tny in\u0161tit\u00fat odborn\u00e9ho vzdel\u00e1vania","description":"EPALE Slovensko V\u00e1s poz\u00fdva na N\u00e1rodn\u00fa konferenciu EPALE 2018, d\u0148a 6. 12. 2018, v \u010dase 09:30 \u2013 13:45, v priestoroch CVTI, Lama\u010dsk\u00e1 cesta 8A, v Bratislave.","robots":{"index":"index","follow":"follow","max-snippet":"max-snippet:-1","max-image-preview":"max-image-preview:large","max-video-preview":"max-video-preview:-1"},"canonical":"https:\/\/archiv.siov.sk\/en\/pozvanka-na-konferenciu-epale-2018\/","og_locale":"en_GB","og_type":"article","og_title":"Pozv\u00e1nka na konferenciu EPALE 2018 - \u0160IOV - \u0161t\u00e1tny in\u0161tit\u00fat odborn\u00e9ho vzdel\u00e1vania","og_description":"EPALE Slovensko V\u00e1s poz\u00fdva na N\u00e1rodn\u00fa konferenciu EPALE 2018, d\u0148a 6. 12. 2018, v \u010dase 09:30 \u2013 13:45, v priestoroch CVTI, Lama\u010dsk\u00e1 cesta 8A, v Bratislave.","og_url":"https:\/\/archiv.siov.sk\/en\/pozvanka-na-konferenciu-epale-2018\/","og_site_name":"\u0160IOV - \u0161t\u00e1tny in\u0161tit\u00fat odborn\u00e9ho vzdel\u00e1vania","article_publisher":"https:\/\/www.facebook.com\/Statnyinstitutodbornehovzdelavania","article_published_time":"2018-11-25T09:38:00+00:00","article_modified_time":"2019-02-14T09:38:47+00:00","og_image":[{"width":1100,"height":445,"url":"https:\/\/archiv.siov.sk\/wp-content\/uploads\/2018\/11\/top_european.jpg","type":"image\/jpeg"}],"author":"siovadmin","twitter_card":"summary_large_image","twitter_misc":{"Written by":"siovadmin"},"schema":{"@context":"https:\/\/schema.org","@graph":[{"@type":"Article","@id":"https:\/\/archiv.siov.sk\/pozvanka-na-konferenciu-epale-2018\/#article","isPartOf":{"@id":"https:\/\/archiv.siov.sk\/pozvanka-na-konferenciu-epale-2018\/"},"author":{"name":"siovadmin","@id":"https:\/\/archiv.siov.sk\/#\/schema\/person\/7ae8d95216a02464a9ae6c8dcf8a4018"},"headline":"Pozv\u00e1nka na konferenciu EPALE 2018","datePublished":"2018-11-25T09:38:00+00:00","dateModified":"2019-02-14T09:38:47+00:00","mainEntityOfPage":{"@id":"https:\/\/archiv.siov.sk\/pozvanka-na-konferenciu-epale-2018\/"},"wordCount":85,"publisher":{"@id":"https:\/\/archiv.siov.sk\/#organization"},"image":{"@id":"https:\/\/archiv.siov.sk\/pozvanka-na-konferenciu-epale-2018\/#primaryimage"},"thumbnailUrl":"https:\/\/archiv.siov.sk\/wp-content\/uploads\/2018\/11\/top_european.jpg","articleSection":["Aktuality"],"inLanguage":"en-GB"},{"@type":"WebPage","@id":"https:\/\/archiv.siov.sk\/pozvanka-na-konferenciu-epale-2018\/","url":"https:\/\/archiv.siov.sk\/pozvanka-na-konferenciu-epale-2018\/","name":"Pozv\u00e1nka na konferenciu EPALE 2018 - \u0160IOV - \u0161t\u00e1tny in\u0161tit\u00fat odborn\u00e9ho vzdel\u00e1vania","isPartOf":{"@id":"https:\/\/archiv.siov.sk\/#website"},"primaryImageOfPage":{"@id":"https:\/\/archiv.siov.sk\/pozvanka-na-konferenciu-epale-2018\/#primaryimage"},"image":{"@id":"https:\/\/archiv.siov.sk\/pozvanka-na-konferenciu-epale-2018\/#primaryimage"},"thumbnailUrl":"https:\/\/archiv.siov.sk\/wp-content\/uploads\/2018\/11\/top_european.jpg","datePublished":"2018-11-25T09:38:00+00:00","dateModified":"2019-02-14T09:38:47+00:00","description":"EPALE Slovensko V\u00e1s poz\u00fdva na N\u00e1rodn\u00fa konferenciu EPALE 2018, d\u0148a 6. 12. 2018, v \u010dase 09:30 \u2013 13:45, v priestoroch CVTI, Lama\u010dsk\u00e1 cesta 8A, v Bratislave.","breadcrumb":{"@id":"https:\/\/archiv.siov.sk\/pozvanka-na-konferenciu-epale-2018\/#breadcrumb"},"inLanguage":"en-GB","potentialAction":[{"@type":"ReadAction","target":["https:\/\/archiv.siov.sk\/pozvanka-na-konferenciu-epale-2018\/"]}]},{"@type":"ImageObject","inLanguage":"en-GB","@id":"https:\/\/archiv.siov.sk\/pozvanka-na-konferenciu-epale-2018\/#primaryimage","url":"https:\/\/archiv.siov.sk\/wp-content\/uploads\/2018\/11\/top_european.jpg","contentUrl":"https:\/\/archiv.siov.sk\/wp-content\/uploads\/2018\/11\/top_european.jpg","width":1100,"height":445,"caption":"S\u00fa\u0165a\u017e: Bloger EPALE 2018"},{"@type":"BreadcrumbList","@id":"https:\/\/archiv.siov.sk\/pozvanka-na-konferenciu-epale-2018\/#breadcrumb","itemListElement":[{"@type":"ListItem","position":1,"name":"Home","item":"https:\/\/archiv.siov.sk\/"},{"@type":"ListItem","position":2,"name":"Pozv\u00e1nka na konferenciu EPALE 2018"}]},{"@type":"WebSite","@id":"https:\/\/archiv.siov.sk\/#website","url":"https:\/\/archiv.siov.sk\/","name":"\u0160IOV - \u0161t\u00e1tny in\u0161tit\u00fat odborn\u00e9ho vzdel\u00e1vania","description":"","publisher":{"@id":"https:\/\/archiv.siov.sk\/#organization"},"potentialAction":[{"@type":"SearchAction","target":{"@type":"EntryPoint","urlTemplate":"https:\/\/archiv.siov.sk\/?s={search_term_string}"},"query-input":{"@type":"PropertyValueSpecification","valueRequired":true,"valueName":"search_term_string"}}],"inLanguage":"en-GB"},{"@type":"Organization","@id":"https:\/\/archiv.siov.sk\/#organization","name":"\u0160IOV - \u0161t\u00e1tny in\u0161tit\u00fat odborn\u00e9ho vzdel\u00e1vania","url":"https:\/\/archiv.siov.sk\/","logo":{"@type":"ImageObject","inLanguage":"en-GB","@id":"https:\/\/archiv.siov.sk\/#\/schema\/logo\/image\/","url":"https:\/\/archiv.siov.sk\/wp-content\/uploads\/2024\/02\/logo-SIOV.png","contentUrl":"https:\/\/archiv.siov.sk\/wp-content\/uploads\/2024\/02\/logo-SIOV.png","width":431,"height":143,"caption":"\u0160IOV - \u0161t\u00e1tny in\u0161tit\u00fat odborn\u00e9ho vzdel\u00e1vania"},"image":{"@id":"https:\/\/archiv.siov.sk\/#\/schema\/logo\/image\/"},"sameAs":["https:\/\/www.facebook.com\/Statnyinstitutodbornehovzdelavania"]},{"@type":"Person","@id":"https:\/\/archiv.siov.sk\/#\/schema\/person\/7ae8d95216a02464a9ae6c8dcf8a4018","name":"siovadmin","url":"https:\/\/archiv.siov.sk\/en\/author\/siovadmin\/"}]}},"_links":{"self":[{"href":"https:\/\/archiv.siov.sk\/en\/wp-json\/wp\/v2\/posts\/2449","targetHints":{"allow":["GET"]}}],"collection":[{"href":"https:\/\/archiv.siov.sk\/en\/wp-json\/wp\/v2\/posts"}],"about":[{"href":"https:\/\/archiv.siov.sk\/en\/wp-json\/wp\/v2\/types\/post"}],"author":[{"embeddable":true,"href":"https:\/\/archiv.siov.sk\/en\/wp-json\/wp\/v2\/users\/1"}],"replies":[{"embeddable":true,"href":"https:\/\/archiv.siov.sk\/en\/wp-json\/wp\/v2\/comments?post=2449"}],"version-history":[{"count":1,"href":"https:\/\/archiv.siov.sk\/en\/wp-json\/wp\/v2\/posts\/2449\/revisions"}],"predecessor-version":[{"id":2450,"href":"https:\/\/archiv.siov.sk\/en\/wp-json\/wp\/v2\/posts\/2449\/revisions\/2450"}],"wp:featuredmedia":[{"embeddable":true,"href":"https:\/\/archiv.siov.sk\/en\/wp-json\/wp\/v2\/media\/2445"}],"wp:attachment":[{"href":"https:\/\/archiv.siov.sk\/en\/wp-json\/wp\/v2\/media?parent=2449"}],"wp:term":[{"taxonomy":"category","embeddable":true,"href":"https:\/\/archiv.siov.sk\/en\/wp-json\/wp\/v2\/categories?post=2449"},{"taxonomy":"post_tag","embeddable":true,"href":"https:\/\/archiv.siov.sk\/en\/wp-json\/wp\/v2\/tags?post=2449"}],"curies":[{"name":"wp","href":"https:\/\/api.w.org\/{rel}","templated":true}]}}