{"id":2439,"date":"2018-11-08T10:31:14","date_gmt":"2018-11-08T09:31:14","guid":{"rendered":"http:\/\/archiv.siov.sk\/?p=2439"},"modified":"2021-02-24T11:34:11","modified_gmt":"2021-02-24T10:34:11","slug":"zacal-sa-europsky-tyzden-odbornych-zrucnosti-2018","status":"publish","type":"post","link":"https:\/\/archiv.siov.sk\/en\/zacal-sa-europsky-tyzden-odbornych-zrucnosti-2018\/","title":{"rendered":"Za\u010dal sa Eur\u00f3psky t\u00fd\u017ede\u0148 odborn\u00fdch zru\u010dnost\u00ed 2018"},"content":{"rendered":"<p style=\"text-align: justify;\">U\u017e po tret\u00edkr\u00e1t Eur\u00f3pska komisia organizuje v d\u0148och<strong> 5. do 9. novembra 2018 <\/strong>tret\u00ed<strong> Eur\u00f3psky t\u00fd\u017ede\u0148 odborn\u00fdch zru\u010dnost\u00ed. <\/strong>Jeho hlavn\u00e9 aktivity sa tento rok presun\u00fa z Bruselu do Viedne v r\u00e1mci rak\u00faskeho predsedn\u00edctva v Rade Eur\u00f3pskej \u00fanie.<\/p>\n<p style=\"text-align: justify;\">Tak ako v minul\u00fdch dvoch ro\u010dn\u00edkoch, cie\u013eom Eur\u00f3pskeho t\u00fd\u017ed\u0148a odborn\u00fdch zru\u010dnost\u00ed bude prostredn\u00edctvom r\u00f4znych aktiv\u00edt podpori\u0165 a zd\u00f4razni\u0165 v\u00fdznam odborn\u00e9ho vzdel\u00e1vania a pr\u00edpravy pre spolo\u010dnos\u0165 a jednotlivcov ako cesty ku kvalitn\u00e9mu zamestnaniu, mo\u017enostiam kari\u00e9rneho rozvoja a vlastn\u00e9ho naplnenia.<\/p>\n<p style=\"text-align: justify;\">Po\u010das novembra a decembra bud\u00fa r\u00f4zne in\u0161tit\u00facie, poskytovatelia odborn\u00e9ho vzdel\u00e1vania, \u0161koly, vzdel\u00e1vacie spolo\u010dnosti, zamestn\u00e1vatelia, mimovl\u00e1dne organiz\u00e1cie a \u010fal\u0161ie organiz\u00e1cie p\u00f4sobiace v oblasti odborn\u00e9ho vzdel\u00e1vania, kari\u00e9rneho rozvoja a trhu pr\u00e1ce organizova\u0165 r\u00f4zne podujatia, ktor\u00e9 mlad\u00fdm \u013eu\u010fom, rodi\u010dom i verejnosti pribl\u00ed\u017eia r\u00f4zne aspekty odborn\u00e9ho vzdel\u00e1vania. Na za\u010diatku novembra bolo na <a href=\"https:\/\/ec.europa.eu\/social\/vocational-skills-week\/evsw2018_en\">ofici\u00e1lnej str\u00e1nke Eur\u00f3pskej komisie venovanej Eur\u00f3pskemu t\u00fd\u017ed\u0148u odborn\u00fdch zru\u010dnost\u00ed<\/a> registrovan\u00fdch viac ako 1200 podujat\u00ed, ktor\u00e9 prispej\u00fa k lep\u0161ej informovanosti o mo\u017enostiach odborn\u00e9ho vzdel\u00e1vania a pr\u00edpravy a podporia motiv\u00e1ciu mlad\u00fdch \u013eud\u00ed rozhodn\u00fa\u0165 sa pre t\u00fato kari\u00e9rnu cestu. Aktivity podpor\u00ed aj 26 n\u00e1rodn\u00fdch a celoeur\u00f3pskych ambas\u00e1dorov, medzi ktor\u00fdmi Slovensko zastupuje p. Jaroslav Ba\u0161ka, predseda Tren\u010dianskeho samospr\u00e1vneho kraja.<\/p>\n<p style=\"text-align: justify;\">Ministerstvo \u0161kolstva, vedy, v\u00fdskumu a \u0161portu SR v spolupr\u00e1ci so \u0160t\u00e1tnym in\u0161tit\u00fatom odborn\u00e9ho vzdel\u00e1vania pripravili s\u00e9riu podujat\u00ed, ktor\u00e9 v&nbsp;kontexte Eur\u00f3pskeho t\u00fd\u017ed\u0148a podporuj\u00fa d\u00f4le\u017eitos\u0165 odborn\u00fdch zru\u010dnost\u00ed pre modern\u00fa spolo\u010dnos\u0165.<\/p>\n<p style=\"text-align: justify;\">Stredo\u0161kol\u00e1ci sa bud\u00fa m\u00f4c\u0165 po\u010das cel\u00e9ho novembra pochv\u00e1li\u0165 svoj\u00edm talentom a&nbsp;zru\u010dnos\u0165ami v s\u00fa\u0165a\u017ei <strong><a href=\"https:\/\/www.objavsvojtalent.sk\">Objav svoj talent<\/a><\/strong>. S\u00fa\u0165a\u017e je motiv\u00e1ciou pre mlad\u00fdch \u013eud\u00ed k&nbsp;h\u013eadaniu svojej kari\u00e9rnej cesty zalo\u017eenej na vlastnom talente, ale aj vedomostiach a&nbsp;zru\u010dnostiach z\u00edskan\u00fdch pr\u00e1ve v&nbsp;odbornom vzdel\u00e1van\u00ed. S\u00fa\u0165a\u017e podporili zn\u00e1me osobnosti ako spev\u00e1k Peter Ba\u017e\u00edk, futbalista Luk\u00e1\u0161 Ga\u0161parovi\u010d, \u010di here\u010dka Bro\u0148a Kov\u00e1\u010dikov\u00e1.&nbsp;<\/p>\n<p style=\"text-align: justify;\">Posledn\u00fd novembrov\u00fd t\u00fd\u017ede\u0148 bude venovan\u00fd celo\u017eivotn\u00e9mu vzdel\u00e1vaniu a&nbsp;\u0161pecificky vzdel\u00e1vaniu dospel\u00fdch. <a href=\"http:\/\/www.tcu.sk\/\">T\u00fd\u017ede\u0148 celo\u017eivotn\u00e9ho u\u010denia<\/a> spoluorganizovan\u00fd s&nbsp;Asoci\u00e1ciou in\u0161tit\u00faci\u00ed vzdel\u00e1vania dospel\u00fdch prinesie desiatky podujat\u00ed na celom Slovensku a&nbsp;bude tvori\u0165 tematick\u00fa mozaiku odborn\u00fdch semin\u00e1rov, webin\u00e1rov, konferenci\u00ed a&nbsp;workshopov pre odborn\u00fa i&nbsp;\u0161irok\u00fa verejnos\u0165.&nbsp; Aktivity vyvrcholia 29. novembra 2018, kedy ministerka \u0161kolstva SR odovzd\u00e1 <a href=\"https:\/\/www.tcu.sk\/program\/odovzdavanie-ceny-aivd-a-ceny-msvvas-sr-za-rozvoj-celozivotneho-vzdelavania\">cenu za rozvoj celo\u017eivotn\u00e9ho vzdel\u00e1vania<\/a> in\u0161tit\u00facii alebo osobnosti p\u00f4sobiacej v&nbsp;tejto oblasti. Z\u00e1rove\u0148 t\u00fdm zalo\u017e\u00ed trad\u00edciu ka\u017edoro\u010dn\u00e9ho oce\u0148ovania odborn\u00edkov v&nbsp;celo\u017eivotnom vzdel\u00e1van\u00ed.<\/p>\n<p style=\"text-align: justify;\">&nbsp;<\/p>\n<p style=\"text-align: justify;\">Preh\u013ead podujat\u00ed z&nbsp;celej Eur\u00f3py a&nbsp;\u010fal\u0161ie inform\u00e1cie n\u00e1jdete na <a href=\"https:\/\/ec.europa.eu\/social\/vocational-skills-week\/evsw2018_en\">str\u00e1nke Eur\u00f3pskej komisie venovanej Eur\u00f3pskemu t\u00fd\u017ed\u0148u odborn\u00fdch zru\u010dnost\u00ed<\/a>, slovensk\u00fdm podujatiam je venovan\u00e1 str\u00e1nka <a href=\"http:\/\/www.mesiacvzdelavania.sk\">www.mesiacvzdelavania.sk<\/a>&nbsp; spravovan\u00e1 \u0160t\u00e1tnym in\u0161tit\u00fatom odborn\u00e9ho vzdel\u00e1vania.<\/p>\n<p style=\"text-align: justify;\">&nbsp;<\/p>","protected":false},"excerpt":{"rendered":"<p>U\u017e po tret\u00edkr\u00e1t Eur\u00f3pska komisia organizuje v d\u0148och 5. do 9. novembra 2018 tret\u00ed Eur\u00f3psky t\u00fd\u017ede\u0148 odborn\u00fdch zru\u010dnost\u00ed. Jeho hlavn\u00e9 aktivity sa tento rok presun\u00fa z Bruselu do Viedne v r\u00e1mci rak\u00faskeho predsedn\u00edctva v Rade Eur\u00f3pskej \u00fanie. Tak ako v minul\u00fdch dvoch ro\u010dn\u00edkoch, cie\u013eom Eur\u00f3pskeho t\u00fd\u017ed\u0148a odborn\u00fdch zru\u010dnost\u00ed bude prostredn\u00edctvom r\u00f4znych aktiv\u00edt podpori\u0165 a zd\u00f4razni\u0165 [&hellip;]<\/p>\n","protected":false},"author":1,"featured_media":2440,"comment_status":"closed","ping_status":"closed","sticky":false,"template":"","format":"standard","meta":{"site-sidebar-layout":"default","site-content-layout":"","ast-site-content-layout":"default","site-content-style":"default","site-sidebar-style":"default","ast-global-header-display":"","ast-banner-title-visibility":"","ast-main-header-display":"","ast-hfb-above-header-display":"","ast-hfb-below-header-display":"","ast-hfb-mobile-header-display":"","site-post-title":"","ast-breadcrumbs-content":"","ast-featured-img":"","footer-sml-layout":"","ast-disable-related-posts":"","theme-transparent-header-meta":"","adv-header-id-meta":"","stick-header-meta":"","header-above-stick-meta":"","header-main-stick-meta":"","header-below-stick-meta":"","astra-migrate-meta-layouts":"default","ast-page-background-enabled":"default","ast-page-background-meta":{"desktop":{"background-color":"var(--ast-global-color-4)","background-image":"","background-repeat":"repeat","background-position":"center center","background-size":"auto","background-attachment":"scroll","background-type":"","background-media":"","overlay-type":"","overlay-color":"","overlay-opacity":"","overlay-gradient":""},"tablet":{"background-color":"","background-image":"","background-repeat":"repeat","background-position":"center center","background-size":"auto","background-attachment":"scroll","background-type":"","background-media":"","overlay-type":"","overlay-color":"","overlay-opacity":"","overlay-gradient":""},"mobile":{"background-color":"","background-image":"","background-repeat":"repeat","background-position":"center center","background-size":"auto","background-attachment":"scroll","background-type":"","background-media":"","overlay-type":"","overlay-color":"","overlay-opacity":"","overlay-gradient":""}},"ast-content-background-meta":{"desktop":{"background-color":"var(--ast-global-color-5)","background-image":"","background-repeat":"repeat","background-position":"center center","background-size":"auto","background-attachment":"scroll","background-type":"","background-media":"","overlay-type":"","overlay-color":"","overlay-opacity":"","overlay-gradient":""},"tablet":{"background-color":"var(--ast-global-color-5)","background-image":"","background-repeat":"repeat","background-position":"center center","background-size":"auto","background-attachment":"scroll","background-type":"","background-media":"","overlay-type":"","overlay-color":"","overlay-opacity":"","overlay-gradient":""},"mobile":{"background-color":"var(--ast-global-color-5)","background-image":"","background-repeat":"repeat","background-position":"center center","background-size":"auto","background-attachment":"scroll","background-type":"","background-media":"","overlay-type":"","overlay-color":"","overlay-opacity":"","overlay-gradient":""}},"footnotes":""},"categories":[1],"tags":[],"class_list":["post-2439","post","type-post","status-publish","format-standard","has-post-thumbnail","hentry","category-aktuality"],"yoast_head":"<!-- This site is optimized with the Yoast SEO plugin v27.5 - https:\/\/yoast.com\/product\/yoast-seo-wordpress\/ -->\n<title>Za\u010dal sa Eur\u00f3psky t\u00fd\u017ede\u0148 odborn\u00fdch zru\u010dnost\u00ed 2018 - \u0160IOV - \u0161t\u00e1tny in\u0161tit\u00fat odborn\u00e9ho vzdel\u00e1vania<\/title>\n<meta name=\"description\" content=\"U\u017e po tret\u00edkr\u00e1t Eur\u00f3pska komisia organizuje v d\u0148och 5. do 9. novembra 2018 tret\u00ed Eur\u00f3psky t\u00fd\u017ede\u0148 odborn\u00fdch zru\u010dnost\u00ed. Jeho hlavn\u00e9 aktivity sa tento rok presun\u00fa z Bruselu do Viedne v r\u00e1mci rak\u00faskeho predsedn\u00edctva v Rade Eur\u00f3pskej \u00fanie.\" \/>\n<meta name=\"robots\" content=\"index, follow, max-snippet:-1, max-image-preview:large, max-video-preview:-1\" \/>\n<link rel=\"canonical\" href=\"https:\/\/archiv.siov.sk\/en\/zacal-sa-europsky-tyzden-odbornych-zrucnosti-2018\/\" \/>\n<meta property=\"og:locale\" content=\"en_GB\" \/>\n<meta property=\"og:type\" content=\"article\" \/>\n<meta property=\"og:title\" content=\"Za\u010dal sa Eur\u00f3psky t\u00fd\u017ede\u0148 odborn\u00fdch zru\u010dnost\u00ed 2018 - \u0160IOV - \u0161t\u00e1tny in\u0161tit\u00fat odborn\u00e9ho vzdel\u00e1vania\" \/>\n<meta property=\"og:description\" content=\"U\u017e po tret\u00edkr\u00e1t Eur\u00f3pska komisia organizuje v d\u0148och 5. do 9. novembra 2018 tret\u00ed Eur\u00f3psky t\u00fd\u017ede\u0148 odborn\u00fdch zru\u010dnost\u00ed. Jeho hlavn\u00e9 aktivity sa tento rok presun\u00fa z Bruselu do Viedne v r\u00e1mci rak\u00faskeho predsedn\u00edctva v Rade Eur\u00f3pskej \u00fanie.\" \/>\n<meta property=\"og:url\" content=\"https:\/\/archiv.siov.sk\/en\/zacal-sa-europsky-tyzden-odbornych-zrucnosti-2018\/\" \/>\n<meta property=\"og:site_name\" content=\"\u0160IOV - \u0161t\u00e1tny in\u0161tit\u00fat odborn\u00e9ho vzdel\u00e1vania\" \/>\n<meta property=\"article:publisher\" content=\"https:\/\/www.facebook.com\/Statnyinstitutodbornehovzdelavania\" \/>\n<meta property=\"article:published_time\" content=\"2018-11-08T09:31:14+00:00\" \/>\n<meta property=\"article:modified_time\" content=\"2021-02-24T10:34:11+00:00\" \/>\n<meta property=\"og:image\" content=\"https:\/\/archiv.siov.sk\/wp-content\/uploads\/2019\/02\/top_discover-e1556630615332.jpg\" \/>\n\t<meta property=\"og:image:width\" content=\"700\" \/>\n\t<meta property=\"og:image:height\" content=\"283\" \/>\n\t<meta property=\"og:image:type\" content=\"image\/jpeg\" \/>\n<meta name=\"author\" content=\"siovadmin\" \/>\n<meta name=\"twitter:card\" content=\"summary_large_image\" \/>\n<meta name=\"twitter:label1\" content=\"Written by\" \/>\n\t<meta name=\"twitter:data1\" content=\"siovadmin\" \/>\n\t<meta name=\"twitter:label2\" content=\"Estimated reading time\" \/>\n\t<meta name=\"twitter:data2\" content=\"2 minutes\" \/>\n<script type=\"application\/ld+json\" class=\"yoast-schema-graph\">{\"@context\":\"https:\\\/\\\/schema.org\",\"@graph\":[{\"@type\":\"Article\",\"@id\":\"https:\\\/\\\/archiv.siov.sk\\\/zacal-sa-europsky-tyzden-odbornych-zrucnosti-2018\\\/#article\",\"isPartOf\":{\"@id\":\"https:\\\/\\\/archiv.siov.sk\\\/zacal-sa-europsky-tyzden-odbornych-zrucnosti-2018\\\/\"},\"author\":{\"name\":\"siovadmin\",\"@id\":\"https:\\\/\\\/archiv.siov.sk\\\/#\\\/schema\\\/person\\\/7ae8d95216a02464a9ae6c8dcf8a4018\"},\"headline\":\"Za\u010dal sa Eur\u00f3psky t\u00fd\u017ede\u0148 odborn\u00fdch zru\u010dnost\u00ed 2018\",\"datePublished\":\"2018-11-08T09:31:14+00:00\",\"dateModified\":\"2021-02-24T10:34:11+00:00\",\"mainEntityOfPage\":{\"@id\":\"https:\\\/\\\/archiv.siov.sk\\\/zacal-sa-europsky-tyzden-odbornych-zrucnosti-2018\\\/\"},\"wordCount\":578,\"publisher\":{\"@id\":\"https:\\\/\\\/archiv.siov.sk\\\/#organization\"},\"image\":{\"@id\":\"https:\\\/\\\/archiv.siov.sk\\\/zacal-sa-europsky-tyzden-odbornych-zrucnosti-2018\\\/#primaryimage\"},\"thumbnailUrl\":\"https:\\\/\\\/archiv.siov.sk\\\/wp-content\\\/uploads\\\/2019\\\/02\\\/top_discover-e1556630615332.jpg\",\"articleSection\":[\"Aktuality\"],\"inLanguage\":\"en-GB\"},{\"@type\":\"WebPage\",\"@id\":\"https:\\\/\\\/archiv.siov.sk\\\/zacal-sa-europsky-tyzden-odbornych-zrucnosti-2018\\\/\",\"url\":\"https:\\\/\\\/archiv.siov.sk\\\/zacal-sa-europsky-tyzden-odbornych-zrucnosti-2018\\\/\",\"name\":\"Za\u010dal sa Eur\u00f3psky t\u00fd\u017ede\u0148 odborn\u00fdch zru\u010dnost\u00ed 2018 - \u0160IOV - \u0161t\u00e1tny in\u0161tit\u00fat odborn\u00e9ho vzdel\u00e1vania\",\"isPartOf\":{\"@id\":\"https:\\\/\\\/archiv.siov.sk\\\/#website\"},\"primaryImageOfPage\":{\"@id\":\"https:\\\/\\\/archiv.siov.sk\\\/zacal-sa-europsky-tyzden-odbornych-zrucnosti-2018\\\/#primaryimage\"},\"image\":{\"@id\":\"https:\\\/\\\/archiv.siov.sk\\\/zacal-sa-europsky-tyzden-odbornych-zrucnosti-2018\\\/#primaryimage\"},\"thumbnailUrl\":\"https:\\\/\\\/archiv.siov.sk\\\/wp-content\\\/uploads\\\/2019\\\/02\\\/top_discover-e1556630615332.jpg\",\"datePublished\":\"2018-11-08T09:31:14+00:00\",\"dateModified\":\"2021-02-24T10:34:11+00:00\",\"description\":\"U\u017e po tret\u00edkr\u00e1t Eur\u00f3pska komisia organizuje v d\u0148och 5. do 9. novembra 2018 tret\u00ed Eur\u00f3psky t\u00fd\u017ede\u0148 odborn\u00fdch zru\u010dnost\u00ed. Jeho hlavn\u00e9 aktivity sa tento rok presun\u00fa z Bruselu do Viedne v r\u00e1mci rak\u00faskeho predsedn\u00edctva v Rade Eur\u00f3pskej \u00fanie.\",\"breadcrumb\":{\"@id\":\"https:\\\/\\\/archiv.siov.sk\\\/zacal-sa-europsky-tyzden-odbornych-zrucnosti-2018\\\/#breadcrumb\"},\"inLanguage\":\"en-GB\",\"potentialAction\":[{\"@type\":\"ReadAction\",\"target\":[\"https:\\\/\\\/archiv.siov.sk\\\/zacal-sa-europsky-tyzden-odbornych-zrucnosti-2018\\\/\"]}]},{\"@type\":\"ImageObject\",\"inLanguage\":\"en-GB\",\"@id\":\"https:\\\/\\\/archiv.siov.sk\\\/zacal-sa-europsky-tyzden-odbornych-zrucnosti-2018\\\/#primaryimage\",\"url\":\"https:\\\/\\\/archiv.siov.sk\\\/wp-content\\\/uploads\\\/2019\\\/02\\\/top_discover-e1556630615332.jpg\",\"contentUrl\":\"https:\\\/\\\/archiv.siov.sk\\\/wp-content\\\/uploads\\\/2019\\\/02\\\/top_discover-e1556630615332.jpg\",\"width\":700,\"height\":283,\"caption\":\"Za\u010dal sa Eur\u00f3psky t\u00fd\u017ede\u0148 odborn\u00fdch zru\u010dnost\u00ed 2018\"},{\"@type\":\"BreadcrumbList\",\"@id\":\"https:\\\/\\\/archiv.siov.sk\\\/zacal-sa-europsky-tyzden-odbornych-zrucnosti-2018\\\/#breadcrumb\",\"itemListElement\":[{\"@type\":\"ListItem\",\"position\":1,\"name\":\"Home\",\"item\":\"https:\\\/\\\/archiv.siov.sk\\\/\"},{\"@type\":\"ListItem\",\"position\":2,\"name\":\"Za\u010dal sa Eur\u00f3psky t\u00fd\u017ede\u0148 odborn\u00fdch zru\u010dnost\u00ed 2018\"}]},{\"@type\":\"WebSite\",\"@id\":\"https:\\\/\\\/archiv.siov.sk\\\/#website\",\"url\":\"https:\\\/\\\/archiv.siov.sk\\\/\",\"name\":\"\u0160IOV - \u0161t\u00e1tny in\u0161tit\u00fat odborn\u00e9ho vzdel\u00e1vania\",\"description\":\"\",\"publisher\":{\"@id\":\"https:\\\/\\\/archiv.siov.sk\\\/#organization\"},\"potentialAction\":[{\"@type\":\"SearchAction\",\"target\":{\"@type\":\"EntryPoint\",\"urlTemplate\":\"https:\\\/\\\/archiv.siov.sk\\\/?s={search_term_string}\"},\"query-input\":{\"@type\":\"PropertyValueSpecification\",\"valueRequired\":true,\"valueName\":\"search_term_string\"}}],\"inLanguage\":\"en-GB\"},{\"@type\":\"Organization\",\"@id\":\"https:\\\/\\\/archiv.siov.sk\\\/#organization\",\"name\":\"\u0160IOV - \u0161t\u00e1tny in\u0161tit\u00fat odborn\u00e9ho vzdel\u00e1vania\",\"url\":\"https:\\\/\\\/archiv.siov.sk\\\/\",\"logo\":{\"@type\":\"ImageObject\",\"inLanguage\":\"en-GB\",\"@id\":\"https:\\\/\\\/archiv.siov.sk\\\/#\\\/schema\\\/logo\\\/image\\\/\",\"url\":\"https:\\\/\\\/archiv.siov.sk\\\/wp-content\\\/uploads\\\/2024\\\/02\\\/logo-SIOV.png\",\"contentUrl\":\"https:\\\/\\\/archiv.siov.sk\\\/wp-content\\\/uploads\\\/2024\\\/02\\\/logo-SIOV.png\",\"width\":431,\"height\":143,\"caption\":\"\u0160IOV - \u0161t\u00e1tny in\u0161tit\u00fat odborn\u00e9ho vzdel\u00e1vania\"},\"image\":{\"@id\":\"https:\\\/\\\/archiv.siov.sk\\\/#\\\/schema\\\/logo\\\/image\\\/\"},\"sameAs\":[\"https:\\\/\\\/www.facebook.com\\\/Statnyinstitutodbornehovzdelavania\"]},{\"@type\":\"Person\",\"@id\":\"https:\\\/\\\/archiv.siov.sk\\\/#\\\/schema\\\/person\\\/7ae8d95216a02464a9ae6c8dcf8a4018\",\"name\":\"siovadmin\",\"url\":\"https:\\\/\\\/archiv.siov.sk\\\/en\\\/author\\\/siovadmin\\\/\"}]}<\/script>\n<!-- \/ Yoast SEO plugin. -->","yoast_head_json":{"title":"Za\u010dal sa Eur\u00f3psky t\u00fd\u017ede\u0148 odborn\u00fdch zru\u010dnost\u00ed 2018 - \u0160IOV - \u0161t\u00e1tny in\u0161tit\u00fat odborn\u00e9ho vzdel\u00e1vania","description":"U\u017e po tret\u00edkr\u00e1t Eur\u00f3pska komisia organizuje v d\u0148och 5. do 9. novembra 2018 tret\u00ed Eur\u00f3psky t\u00fd\u017ede\u0148 odborn\u00fdch zru\u010dnost\u00ed. Jeho hlavn\u00e9 aktivity sa tento rok presun\u00fa z Bruselu do Viedne v r\u00e1mci rak\u00faskeho predsedn\u00edctva v Rade Eur\u00f3pskej \u00fanie.","robots":{"index":"index","follow":"follow","max-snippet":"max-snippet:-1","max-image-preview":"max-image-preview:large","max-video-preview":"max-video-preview:-1"},"canonical":"https:\/\/archiv.siov.sk\/en\/zacal-sa-europsky-tyzden-odbornych-zrucnosti-2018\/","og_locale":"en_GB","og_type":"article","og_title":"Za\u010dal sa Eur\u00f3psky t\u00fd\u017ede\u0148 odborn\u00fdch zru\u010dnost\u00ed 2018 - \u0160IOV - \u0161t\u00e1tny in\u0161tit\u00fat odborn\u00e9ho vzdel\u00e1vania","og_description":"U\u017e po tret\u00edkr\u00e1t Eur\u00f3pska komisia organizuje v d\u0148och 5. do 9. novembra 2018 tret\u00ed Eur\u00f3psky t\u00fd\u017ede\u0148 odborn\u00fdch zru\u010dnost\u00ed. Jeho hlavn\u00e9 aktivity sa tento rok presun\u00fa z Bruselu do Viedne v r\u00e1mci rak\u00faskeho predsedn\u00edctva v Rade Eur\u00f3pskej \u00fanie.","og_url":"https:\/\/archiv.siov.sk\/en\/zacal-sa-europsky-tyzden-odbornych-zrucnosti-2018\/","og_site_name":"\u0160IOV - \u0161t\u00e1tny in\u0161tit\u00fat odborn\u00e9ho vzdel\u00e1vania","article_publisher":"https:\/\/www.facebook.com\/Statnyinstitutodbornehovzdelavania","article_published_time":"2018-11-08T09:31:14+00:00","article_modified_time":"2021-02-24T10:34:11+00:00","og_image":[{"width":700,"height":283,"url":"https:\/\/archiv.siov.sk\/wp-content\/uploads\/2019\/02\/top_discover-e1556630615332.jpg","type":"image\/jpeg"}],"author":"siovadmin","twitter_card":"summary_large_image","twitter_misc":{"Written by":"siovadmin","Estimated reading time":"2 minutes"},"schema":{"@context":"https:\/\/schema.org","@graph":[{"@type":"Article","@id":"https:\/\/archiv.siov.sk\/zacal-sa-europsky-tyzden-odbornych-zrucnosti-2018\/#article","isPartOf":{"@id":"https:\/\/archiv.siov.sk\/zacal-sa-europsky-tyzden-odbornych-zrucnosti-2018\/"},"author":{"name":"siovadmin","@id":"https:\/\/archiv.siov.sk\/#\/schema\/person\/7ae8d95216a02464a9ae6c8dcf8a4018"},"headline":"Za\u010dal sa Eur\u00f3psky t\u00fd\u017ede\u0148 odborn\u00fdch zru\u010dnost\u00ed 2018","datePublished":"2018-11-08T09:31:14+00:00","dateModified":"2021-02-24T10:34:11+00:00","mainEntityOfPage":{"@id":"https:\/\/archiv.siov.sk\/zacal-sa-europsky-tyzden-odbornych-zrucnosti-2018\/"},"wordCount":578,"publisher":{"@id":"https:\/\/archiv.siov.sk\/#organization"},"image":{"@id":"https:\/\/archiv.siov.sk\/zacal-sa-europsky-tyzden-odbornych-zrucnosti-2018\/#primaryimage"},"thumbnailUrl":"https:\/\/archiv.siov.sk\/wp-content\/uploads\/2019\/02\/top_discover-e1556630615332.jpg","articleSection":["Aktuality"],"inLanguage":"en-GB"},{"@type":"WebPage","@id":"https:\/\/archiv.siov.sk\/zacal-sa-europsky-tyzden-odbornych-zrucnosti-2018\/","url":"https:\/\/archiv.siov.sk\/zacal-sa-europsky-tyzden-odbornych-zrucnosti-2018\/","name":"Za\u010dal sa Eur\u00f3psky t\u00fd\u017ede\u0148 odborn\u00fdch zru\u010dnost\u00ed 2018 - \u0160IOV - \u0161t\u00e1tny in\u0161tit\u00fat odborn\u00e9ho vzdel\u00e1vania","isPartOf":{"@id":"https:\/\/archiv.siov.sk\/#website"},"primaryImageOfPage":{"@id":"https:\/\/archiv.siov.sk\/zacal-sa-europsky-tyzden-odbornych-zrucnosti-2018\/#primaryimage"},"image":{"@id":"https:\/\/archiv.siov.sk\/zacal-sa-europsky-tyzden-odbornych-zrucnosti-2018\/#primaryimage"},"thumbnailUrl":"https:\/\/archiv.siov.sk\/wp-content\/uploads\/2019\/02\/top_discover-e1556630615332.jpg","datePublished":"2018-11-08T09:31:14+00:00","dateModified":"2021-02-24T10:34:11+00:00","description":"U\u017e po tret\u00edkr\u00e1t Eur\u00f3pska komisia organizuje v d\u0148och 5. do 9. novembra 2018 tret\u00ed Eur\u00f3psky t\u00fd\u017ede\u0148 odborn\u00fdch zru\u010dnost\u00ed. Jeho hlavn\u00e9 aktivity sa tento rok presun\u00fa z Bruselu do Viedne v r\u00e1mci rak\u00faskeho predsedn\u00edctva v Rade Eur\u00f3pskej \u00fanie.","breadcrumb":{"@id":"https:\/\/archiv.siov.sk\/zacal-sa-europsky-tyzden-odbornych-zrucnosti-2018\/#breadcrumb"},"inLanguage":"en-GB","potentialAction":[{"@type":"ReadAction","target":["https:\/\/archiv.siov.sk\/zacal-sa-europsky-tyzden-odbornych-zrucnosti-2018\/"]}]},{"@type":"ImageObject","inLanguage":"en-GB","@id":"https:\/\/archiv.siov.sk\/zacal-sa-europsky-tyzden-odbornych-zrucnosti-2018\/#primaryimage","url":"https:\/\/archiv.siov.sk\/wp-content\/uploads\/2019\/02\/top_discover-e1556630615332.jpg","contentUrl":"https:\/\/archiv.siov.sk\/wp-content\/uploads\/2019\/02\/top_discover-e1556630615332.jpg","width":700,"height":283,"caption":"Za\u010dal sa Eur\u00f3psky t\u00fd\u017ede\u0148 odborn\u00fdch zru\u010dnost\u00ed 2018"},{"@type":"BreadcrumbList","@id":"https:\/\/archiv.siov.sk\/zacal-sa-europsky-tyzden-odbornych-zrucnosti-2018\/#breadcrumb","itemListElement":[{"@type":"ListItem","position":1,"name":"Home","item":"https:\/\/archiv.siov.sk\/"},{"@type":"ListItem","position":2,"name":"Za\u010dal sa Eur\u00f3psky t\u00fd\u017ede\u0148 odborn\u00fdch zru\u010dnost\u00ed 2018"}]},{"@type":"WebSite","@id":"https:\/\/archiv.siov.sk\/#website","url":"https:\/\/archiv.siov.sk\/","name":"\u0160IOV - \u0161t\u00e1tny in\u0161tit\u00fat odborn\u00e9ho vzdel\u00e1vania","description":"","publisher":{"@id":"https:\/\/archiv.siov.sk\/#organization"},"potentialAction":[{"@type":"SearchAction","target":{"@type":"EntryPoint","urlTemplate":"https:\/\/archiv.siov.sk\/?s={search_term_string}"},"query-input":{"@type":"PropertyValueSpecification","valueRequired":true,"valueName":"search_term_string"}}],"inLanguage":"en-GB"},{"@type":"Organization","@id":"https:\/\/archiv.siov.sk\/#organization","name":"\u0160IOV - \u0161t\u00e1tny in\u0161tit\u00fat odborn\u00e9ho vzdel\u00e1vania","url":"https:\/\/archiv.siov.sk\/","logo":{"@type":"ImageObject","inLanguage":"en-GB","@id":"https:\/\/archiv.siov.sk\/#\/schema\/logo\/image\/","url":"https:\/\/archiv.siov.sk\/wp-content\/uploads\/2024\/02\/logo-SIOV.png","contentUrl":"https:\/\/archiv.siov.sk\/wp-content\/uploads\/2024\/02\/logo-SIOV.png","width":431,"height":143,"caption":"\u0160IOV - \u0161t\u00e1tny in\u0161tit\u00fat odborn\u00e9ho vzdel\u00e1vania"},"image":{"@id":"https:\/\/archiv.siov.sk\/#\/schema\/logo\/image\/"},"sameAs":["https:\/\/www.facebook.com\/Statnyinstitutodbornehovzdelavania"]},{"@type":"Person","@id":"https:\/\/archiv.siov.sk\/#\/schema\/person\/7ae8d95216a02464a9ae6c8dcf8a4018","name":"siovadmin","url":"https:\/\/archiv.siov.sk\/en\/author\/siovadmin\/"}]}},"_links":{"self":[{"href":"https:\/\/archiv.siov.sk\/en\/wp-json\/wp\/v2\/posts\/2439","targetHints":{"allow":["GET"]}}],"collection":[{"href":"https:\/\/archiv.siov.sk\/en\/wp-json\/wp\/v2\/posts"}],"about":[{"href":"https:\/\/archiv.siov.sk\/en\/wp-json\/wp\/v2\/types\/post"}],"author":[{"embeddable":true,"href":"https:\/\/archiv.siov.sk\/en\/wp-json\/wp\/v2\/users\/1"}],"replies":[{"embeddable":true,"href":"https:\/\/archiv.siov.sk\/en\/wp-json\/wp\/v2\/comments?post=2439"}],"version-history":[{"count":2,"href":"https:\/\/archiv.siov.sk\/en\/wp-json\/wp\/v2\/posts\/2439\/revisions"}],"predecessor-version":[{"id":2442,"href":"https:\/\/archiv.siov.sk\/en\/wp-json\/wp\/v2\/posts\/2439\/revisions\/2442"}],"wp:featuredmedia":[{"embeddable":true,"href":"https:\/\/archiv.siov.sk\/en\/wp-json\/wp\/v2\/media\/2440"}],"wp:attachment":[{"href":"https:\/\/archiv.siov.sk\/en\/wp-json\/wp\/v2\/media?parent=2439"}],"wp:term":[{"taxonomy":"category","embeddable":true,"href":"https:\/\/archiv.siov.sk\/en\/wp-json\/wp\/v2\/categories?post=2439"},{"taxonomy":"post_tag","embeddable":true,"href":"https:\/\/archiv.siov.sk\/en\/wp-json\/wp\/v2\/tags?post=2439"}],"curies":[{"name":"wp","href":"https:\/\/api.w.org\/{rel}","templated":true}]}}