{"id":2436,"date":"2018-10-24T10:28:45","date_gmt":"2018-10-24T08:28:45","guid":{"rendered":"http:\/\/archiv.siov.sk\/?p=2436"},"modified":"2020-11-10T14:41:46","modified_gmt":"2020-11-10T13:41:46","slug":"medzinarodny-veltrh-cvicnych-firiem-2018-a-dvadsat-rokov-sccf","status":"publish","type":"post","link":"https:\/\/archiv.siov.sk\/en\/medzinarodny-veltrh-cvicnych-firiem-2018-a-dvadsat-rokov-sccf\/","title":{"rendered":"Medzin\u00e1rodn\u00fd ve\u013etrh cvi\u010dn\u00fdch firiem 2018 a dvadsa\u0165 rokov SCCF"},"content":{"rendered":"<p>\u0160t\u00e1tny in\u0161tit\u00fat odborn\u00e9ho vzdel\u00e1vania si V\u00e1s dovo\u013euje pozva\u0165 do&nbsp;V-klubu a \u010fal\u0161\u00edch priestorov N\u00e1rodn\u00e9ho osvetov\u00e9ho centra v Bratislavev&nbsp;term\u00edne 22. \u2013 23. novembra 2018 na&nbsp;<strong>Medzin\u00e1rodn\u00fd ve\u013etrh cvi\u010dn\u00fdch firiem 2018<\/strong>.<\/p>\n<p>Organiza\u010dn\u00fdm a&nbsp;odborn\u00fdm garantom ve\u013etrhu je Slovensk\u00e9 centrum cvi\u010dn\u00fdch firiem (SCCF), \u0161pecializovan\u00e9 pracovisko \u0160t\u00e1tneho in\u0161tit\u00fatu odborn\u00e9ho vzdel\u00e1vania. SCCF komplexne zastre\u0161uje problematiku cvi\u010dn\u00fdch firiem na Slovensku. V&nbsp;osmi\u010dkovom roku 2018 oslavuje dvadsiate v\u00fdro\u010die svojho vzniku. \u010eal\u0161\u00edm&nbsp;spoluorganiz\u00e1torom Medzin\u00e1rodn\u00e9ho ve\u013etrhu cvi\u010dn\u00fdch firiem je Ekonomick\u00e1 univerzita v&nbsp;Bratislave a&nbsp;vybran\u00e9 stredn\u00e9 odborn\u00e9 \u0161koly.<\/p>\n<p>Ve\u013etrh je miestom, kde si \u017eiaci cvi\u010dn\u00fdch firiem m\u00f4\u017eu vysk\u00fa\u0161a\u0165 v&nbsp;priamom kontakte so z\u00e1kazn\u00edkom v\u0161etko, \u010do sa v&nbsp;simulovanom prostred\u00ed nau\u010dili. Cvi\u010dn\u00e1 firma ako vyu\u010dovac\u00ed predmet patr\u00ed k&nbsp;t\u00fdm form\u00e1m podnikate\u013esk\u00e9ho vzdel\u00e1vania, ktor\u00e9 umo\u017e\u0148uj\u00fa u\u017e\u0161ie prepojenie \u0161kolskej pr\u00edpravy s&nbsp;hospod\u00e1rskou praxou. Cvi\u010dn\u00e1 firma priamo reaguje na potrebu syst\u00e9mov\u00e9ho vzdel\u00e1vania finan\u010dnej gramotnosti ako aj zavedenie efekt\u00edvneho n\u00e1stroja pre rozvoj a vyu\u017e\u00edvanie digit\u00e1lnych zru\u010dnost\u00ed a&nbsp;podnikate\u013esk\u00fdch kompetenci\u00ed.&nbsp;<\/p>\n<p>S\u00fa\u010das\u0165ou ve\u013etrhu bud\u00fa u\u017e&nbsp;tradi\u010dne&nbsp;s\u00fa\u0165a\u017ee cvi\u010dn\u00fdch firiem v&nbsp;kateg\u00f3ri\u00e1ch katal\u00f3g CF, imid\u017e st\u00e1nku CF, slogan CF, logo CF, reprezentant\/ka CF a&nbsp;e-prezent\u00e1cia CF.&nbsp;<\/p>\n<p>Cvi\u010dn\u00e1 firma podporuje ekonomick\u00e9 a&nbsp;pr\u00e1vne vedomie mlad\u00fdch \u013eud\u00ed prostredn\u00edctvom podnikate\u013esk\u00e9ho vzdel\u00e1vania a&nbsp;odbornej pr\u00edpravy, ktor\u00e9&nbsp;&nbsp;patr\u00ed k&nbsp;v\u00fdznamn\u00fdm priorit\u00e1m najvy\u0161\u0161\u00edch org\u00e1nov Eur\u00f3pskej \u00fanie.&nbsp;&nbsp;Medzin\u00e1rodn\u00fd ve\u013etrh cvi\u010dn\u00fdch firiem poskytuje mo\u017enos\u0165 komunikova\u0165 v&nbsp;cudzom jazyku, rie\u0161i\u0165 obchodn\u00e9 pr\u00edpady, nadv\u00e4zova\u0165 obchodn\u00e9 a&nbsp;partnersk\u00e9 vz\u0165ahy aj s&nbsp;podporou re\u00e1lnych partnerov.<\/p>\n<p>Ver\u00edm, \u017ee svojou \u00fa\u010das\u0165ou podpor\u00edte Medzin\u00e1rodn\u00fd Ve\u013etrh Cvi\u010dn\u00fdch Firiem 2018 a&nbsp;t\u00fdm aj rozvoj podnikate\u013esk\u00fdch, odborn\u00fdch, person\u00e1lnych&nbsp;&nbsp;ako aj soci\u00e1lnych kompetenci\u00ed na\u0161ej stredo\u0161kolskej ml\u00e1de\u017ee.&nbsp;<\/p>\n<ul class=\"svp_links\">\n<li><a href=\"http:\/\/www.sccf.sk\/international-training-firms-fair-in-slovakia-2018-38.html\" target=\"_blank\" rel=\"noopener noreferrer\">Link na anglick\u00fa prihl\u00e1\u0161ku&nbsp;<\/a><\/li>\n<li><a href=\"http:\/\/www.sccf.sk\/medzinarodny-veltrh-cvicnych-firiem-2018-3a.html\" target=\"_blank\" rel=\"noopener noreferrer\">Link na slovensk\u00fa prihl\u00e1\u0161ku<\/a><\/li>\n<\/ul>\n<p>Ve\u013etrh cvi\u010dn\u00fdch firiem 2018 je organizovan\u00fd v spolupr\u00e1ci s N\u00e1rodnou podpornou slu\u017ebou EPALE Slovensko<img decoding=\"async\" class=\"alignnone wp-image-6868\" src=\"https:\/\/archiv.siov.sk\/wp-content\/uploads\/2018\/10\/EPALE-300x196.jpg\" alt=\"\" width=\"129\" height=\"85\" srcset=\"https:\/\/archiv.siov.sk\/wp-content\/uploads\/2018\/10\/EPALE-300x196.jpg 300w, https:\/\/archiv.siov.sk\/wp-content\/uploads\/2018\/10\/EPALE-768x501.jpg 768w, https:\/\/archiv.siov.sk\/wp-content\/uploads\/2018\/10\/EPALE-480x313.jpg 480w, https:\/\/archiv.siov.sk\/wp-content\/uploads\/2018\/10\/EPALE-272x182.jpg 272w, https:\/\/archiv.siov.sk\/wp-content\/uploads\/2018\/10\/EPALE.jpg 900w\" sizes=\"(max-width: 129px) 100vw, 129px\" \/><\/p>","protected":false},"excerpt":{"rendered":"<p>\u0160t\u00e1tny in\u0161tit\u00fat odborn\u00e9ho vzdel\u00e1vania si V\u00e1s dovo\u013euje pozva\u0165 do&nbsp;V-klubu a \u010fal\u0161\u00edch priestorov N\u00e1rodn\u00e9ho osvetov\u00e9ho centra v Bratislavev&nbsp;term\u00edne 22. \u2013 23. novembra 2018 na&nbsp;Medzin\u00e1rodn\u00fd ve\u013etrh cvi\u010dn\u00fdch firiem 2018. Organiza\u010dn\u00fdm a&nbsp;odborn\u00fdm garantom ve\u013etrhu je Slovensk\u00e9 centrum cvi\u010dn\u00fdch firiem (SCCF), \u0161pecializovan\u00e9 pracovisko \u0160t\u00e1tneho in\u0161tit\u00fatu odborn\u00e9ho vzdel\u00e1vania. SCCF komplexne zastre\u0161uje problematiku cvi\u010dn\u00fdch firiem na Slovensku. V&nbsp;osmi\u010dkovom roku 2018 oslavuje [&hellip;]<\/p>\n","protected":false},"author":1,"featured_media":2438,"comment_status":"closed","ping_status":"closed","sticky":false,"template":"","format":"standard","meta":{"site-sidebar-layout":"default","site-content-layout":"","ast-site-content-layout":"default","site-content-style":"default","site-sidebar-style":"default","ast-global-header-display":"","ast-banner-title-visibility":"","ast-main-header-display":"","ast-hfb-above-header-display":"","ast-hfb-below-header-display":"","ast-hfb-mobile-header-display":"","site-post-title":"","ast-breadcrumbs-content":"","ast-featured-img":"","footer-sml-layout":"","ast-disable-related-posts":"","theme-transparent-header-meta":"","adv-header-id-meta":"","stick-header-meta":"","header-above-stick-meta":"","header-main-stick-meta":"","header-below-stick-meta":"","astra-migrate-meta-layouts":"default","ast-page-background-enabled":"default","ast-page-background-meta":{"desktop":{"background-color":"var(--ast-global-color-4)","background-image":"","background-repeat":"repeat","background-position":"center center","background-size":"auto","background-attachment":"scroll","background-type":"","background-media":"","overlay-type":"","overlay-color":"","overlay-opacity":"","overlay-gradient":""},"tablet":{"background-color":"","background-image":"","background-repeat":"repeat","background-position":"center center","background-size":"auto","background-attachment":"scroll","background-type":"","background-media":"","overlay-type":"","overlay-color":"","overlay-opacity":"","overlay-gradient":""},"mobile":{"background-color":"","background-image":"","background-repeat":"repeat","background-position":"center center","background-size":"auto","background-attachment":"scroll","background-type":"","background-media":"","overlay-type":"","overlay-color":"","overlay-opacity":"","overlay-gradient":""}},"ast-content-background-meta":{"desktop":{"background-color":"var(--ast-global-color-5)","background-image":"","background-repeat":"repeat","background-position":"center center","background-size":"auto","background-attachment":"scroll","background-type":"","background-media":"","overlay-type":"","overlay-color":"","overlay-opacity":"","overlay-gradient":""},"tablet":{"background-color":"var(--ast-global-color-5)","background-image":"","background-repeat":"repeat","background-position":"center center","background-size":"auto","background-attachment":"scroll","background-type":"","background-media":"","overlay-type":"","overlay-color":"","overlay-opacity":"","overlay-gradient":""},"mobile":{"background-color":"var(--ast-global-color-5)","background-image":"","background-repeat":"repeat","background-position":"center center","background-size":"auto","background-attachment":"scroll","background-type":"","background-media":"","overlay-type":"","overlay-color":"","overlay-opacity":"","overlay-gradient":""}},"footnotes":""},"categories":[1],"tags":[],"class_list":["post-2436","post","type-post","status-publish","format-standard","has-post-thumbnail","hentry","category-aktuality"],"yoast_head":"<!-- This site is optimized with the Yoast SEO plugin v27.5 - https:\/\/yoast.com\/product\/yoast-seo-wordpress\/ -->\n<title>Medzin\u00e1rodn\u00fd ve\u013etrh cvi\u010dn\u00fdch firiem 2018 a dvadsa\u0165 rokov SCCF - \u0160IOV - \u0161t\u00e1tny in\u0161tit\u00fat odborn\u00e9ho vzdel\u00e1vania<\/title>\n<meta name=\"description\" content=\"\u0160t\u00e1tny in\u0161tit\u00fat odborn\u00e9ho vzdel\u00e1vania si V\u00e1s dovo\u013euje pozva\u0165 do V-klubu a \u010fal\u0161\u00edch priestorov N\u00e1rodn\u00e9ho osvetov\u00e9ho centra v Bratislavev term\u00edne 22. \u2013 23. novembra 2018 na Medzin\u00e1rodn\u00fd ve\u013etrh cvi\u010dn\u00fdch firiem 2018.\" \/>\n<meta name=\"robots\" content=\"index, follow, max-snippet:-1, max-image-preview:large, max-video-preview:-1\" \/>\n<link rel=\"canonical\" href=\"https:\/\/archiv.siov.sk\/en\/medzinarodny-veltrh-cvicnych-firiem-2018-a-dvadsat-rokov-sccf\/\" \/>\n<meta property=\"og:locale\" content=\"en_GB\" \/>\n<meta property=\"og:type\" content=\"article\" \/>\n<meta property=\"og:title\" content=\"Medzin\u00e1rodn\u00fd ve\u013etrh cvi\u010dn\u00fdch firiem 2018 a dvadsa\u0165 rokov SCCF - \u0160IOV - \u0161t\u00e1tny in\u0161tit\u00fat odborn\u00e9ho vzdel\u00e1vania\" \/>\n<meta property=\"og:description\" content=\"\u0160t\u00e1tny in\u0161tit\u00fat odborn\u00e9ho vzdel\u00e1vania si V\u00e1s dovo\u013euje pozva\u0165 do V-klubu a \u010fal\u0161\u00edch priestorov N\u00e1rodn\u00e9ho osvetov\u00e9ho centra v Bratislavev term\u00edne 22. \u2013 23. novembra 2018 na Medzin\u00e1rodn\u00fd ve\u013etrh cvi\u010dn\u00fdch firiem 2018.\" \/>\n<meta property=\"og:url\" content=\"https:\/\/archiv.siov.sk\/en\/medzinarodny-veltrh-cvicnych-firiem-2018-a-dvadsat-rokov-sccf\/\" \/>\n<meta property=\"og:site_name\" content=\"\u0160IOV - \u0161t\u00e1tny in\u0161tit\u00fat odborn\u00e9ho vzdel\u00e1vania\" \/>\n<meta property=\"article:publisher\" content=\"https:\/\/www.facebook.com\/Statnyinstitutodbornehovzdelavania\" \/>\n<meta property=\"article:published_time\" content=\"2018-10-24T08:28:45+00:00\" \/>\n<meta property=\"article:modified_time\" content=\"2020-11-10T13:41:46+00:00\" \/>\n<meta property=\"og:image\" content=\"https:\/\/archiv.siov.sk\/wp-content\/uploads\/2018\/10\/top_evidencia.jpg\" \/>\n\t<meta property=\"og:image:width\" content=\"1100\" \/>\n\t<meta property=\"og:image:height\" content=\"445\" \/>\n\t<meta property=\"og:image:type\" content=\"image\/jpeg\" \/>\n<meta name=\"author\" content=\"siovadmin\" \/>\n<meta name=\"twitter:card\" content=\"summary_large_image\" \/>\n<meta name=\"twitter:label1\" content=\"Written by\" \/>\n\t<meta name=\"twitter:data1\" content=\"siovadmin\" \/>\n\t<meta name=\"twitter:label2\" content=\"Estimated reading time\" \/>\n\t<meta name=\"twitter:data2\" content=\"2 minutes\" \/>\n<script type=\"application\/ld+json\" class=\"yoast-schema-graph\">{\"@context\":\"https:\\\/\\\/schema.org\",\"@graph\":[{\"@type\":\"Article\",\"@id\":\"https:\\\/\\\/archiv.siov.sk\\\/medzinarodny-veltrh-cvicnych-firiem-2018-a-dvadsat-rokov-sccf\\\/#article\",\"isPartOf\":{\"@id\":\"https:\\\/\\\/archiv.siov.sk\\\/medzinarodny-veltrh-cvicnych-firiem-2018-a-dvadsat-rokov-sccf\\\/\"},\"author\":{\"name\":\"siovadmin\",\"@id\":\"https:\\\/\\\/archiv.siov.sk\\\/#\\\/schema\\\/person\\\/7ae8d95216a02464a9ae6c8dcf8a4018\"},\"headline\":\"Medzin\u00e1rodn\u00fd ve\u013etrh cvi\u010dn\u00fdch firiem 2018 a dvadsa\u0165 rokov SCCF\",\"datePublished\":\"2018-10-24T08:28:45+00:00\",\"dateModified\":\"2020-11-10T13:41:46+00:00\",\"mainEntityOfPage\":{\"@id\":\"https:\\\/\\\/archiv.siov.sk\\\/medzinarodny-veltrh-cvicnych-firiem-2018-a-dvadsat-rokov-sccf\\\/\"},\"wordCount\":436,\"publisher\":{\"@id\":\"https:\\\/\\\/archiv.siov.sk\\\/#organization\"},\"image\":{\"@id\":\"https:\\\/\\\/archiv.siov.sk\\\/medzinarodny-veltrh-cvicnych-firiem-2018-a-dvadsat-rokov-sccf\\\/#primaryimage\"},\"thumbnailUrl\":\"https:\\\/\\\/archiv.siov.sk\\\/wp-content\\\/uploads\\\/2018\\\/10\\\/top_evidencia.jpg\",\"articleSection\":[\"Aktuality\"],\"inLanguage\":\"en-GB\"},{\"@type\":\"WebPage\",\"@id\":\"https:\\\/\\\/archiv.siov.sk\\\/medzinarodny-veltrh-cvicnych-firiem-2018-a-dvadsat-rokov-sccf\\\/\",\"url\":\"https:\\\/\\\/archiv.siov.sk\\\/medzinarodny-veltrh-cvicnych-firiem-2018-a-dvadsat-rokov-sccf\\\/\",\"name\":\"Medzin\u00e1rodn\u00fd ve\u013etrh cvi\u010dn\u00fdch firiem 2018 a dvadsa\u0165 rokov SCCF - \u0160IOV - \u0161t\u00e1tny in\u0161tit\u00fat odborn\u00e9ho vzdel\u00e1vania\",\"isPartOf\":{\"@id\":\"https:\\\/\\\/archiv.siov.sk\\\/#website\"},\"primaryImageOfPage\":{\"@id\":\"https:\\\/\\\/archiv.siov.sk\\\/medzinarodny-veltrh-cvicnych-firiem-2018-a-dvadsat-rokov-sccf\\\/#primaryimage\"},\"image\":{\"@id\":\"https:\\\/\\\/archiv.siov.sk\\\/medzinarodny-veltrh-cvicnych-firiem-2018-a-dvadsat-rokov-sccf\\\/#primaryimage\"},\"thumbnailUrl\":\"https:\\\/\\\/archiv.siov.sk\\\/wp-content\\\/uploads\\\/2018\\\/10\\\/top_evidencia.jpg\",\"datePublished\":\"2018-10-24T08:28:45+00:00\",\"dateModified\":\"2020-11-10T13:41:46+00:00\",\"description\":\"\u0160t\u00e1tny in\u0161tit\u00fat odborn\u00e9ho vzdel\u00e1vania si V\u00e1s dovo\u013euje pozva\u0165 do V-klubu a \u010fal\u0161\u00edch priestorov N\u00e1rodn\u00e9ho osvetov\u00e9ho centra v Bratislavev term\u00edne 22. \u2013 23. novembra 2018 na Medzin\u00e1rodn\u00fd ve\u013etrh cvi\u010dn\u00fdch firiem 2018.\",\"breadcrumb\":{\"@id\":\"https:\\\/\\\/archiv.siov.sk\\\/medzinarodny-veltrh-cvicnych-firiem-2018-a-dvadsat-rokov-sccf\\\/#breadcrumb\"},\"inLanguage\":\"en-GB\",\"potentialAction\":[{\"@type\":\"ReadAction\",\"target\":[\"https:\\\/\\\/archiv.siov.sk\\\/medzinarodny-veltrh-cvicnych-firiem-2018-a-dvadsat-rokov-sccf\\\/\"]}]},{\"@type\":\"ImageObject\",\"inLanguage\":\"en-GB\",\"@id\":\"https:\\\/\\\/archiv.siov.sk\\\/medzinarodny-veltrh-cvicnych-firiem-2018-a-dvadsat-rokov-sccf\\\/#primaryimage\",\"url\":\"https:\\\/\\\/archiv.siov.sk\\\/wp-content\\\/uploads\\\/2018\\\/10\\\/top_evidencia.jpg\",\"contentUrl\":\"https:\\\/\\\/archiv.siov.sk\\\/wp-content\\\/uploads\\\/2018\\\/10\\\/top_evidencia.jpg\",\"width\":1100,\"height\":445,\"caption\":\"Medzin\u00e1rodn\u00fd ve\u013etrh cvi\u010dn\u00fdch firiem 2018 a dvadsa\u0165 rokov SCCF\"},{\"@type\":\"BreadcrumbList\",\"@id\":\"https:\\\/\\\/archiv.siov.sk\\\/medzinarodny-veltrh-cvicnych-firiem-2018-a-dvadsat-rokov-sccf\\\/#breadcrumb\",\"itemListElement\":[{\"@type\":\"ListItem\",\"position\":1,\"name\":\"Home\",\"item\":\"https:\\\/\\\/archiv.siov.sk\\\/\"},{\"@type\":\"ListItem\",\"position\":2,\"name\":\"Medzin\u00e1rodn\u00fd ve\u013etrh cvi\u010dn\u00fdch firiem 2018 a dvadsa\u0165 rokov SCCF\"}]},{\"@type\":\"WebSite\",\"@id\":\"https:\\\/\\\/archiv.siov.sk\\\/#website\",\"url\":\"https:\\\/\\\/archiv.siov.sk\\\/\",\"name\":\"\u0160IOV - \u0161t\u00e1tny in\u0161tit\u00fat odborn\u00e9ho vzdel\u00e1vania\",\"description\":\"\",\"publisher\":{\"@id\":\"https:\\\/\\\/archiv.siov.sk\\\/#organization\"},\"potentialAction\":[{\"@type\":\"SearchAction\",\"target\":{\"@type\":\"EntryPoint\",\"urlTemplate\":\"https:\\\/\\\/archiv.siov.sk\\\/?s={search_term_string}\"},\"query-input\":{\"@type\":\"PropertyValueSpecification\",\"valueRequired\":true,\"valueName\":\"search_term_string\"}}],\"inLanguage\":\"en-GB\"},{\"@type\":\"Organization\",\"@id\":\"https:\\\/\\\/archiv.siov.sk\\\/#organization\",\"name\":\"\u0160IOV - \u0161t\u00e1tny in\u0161tit\u00fat odborn\u00e9ho vzdel\u00e1vania\",\"url\":\"https:\\\/\\\/archiv.siov.sk\\\/\",\"logo\":{\"@type\":\"ImageObject\",\"inLanguage\":\"en-GB\",\"@id\":\"https:\\\/\\\/archiv.siov.sk\\\/#\\\/schema\\\/logo\\\/image\\\/\",\"url\":\"https:\\\/\\\/archiv.siov.sk\\\/wp-content\\\/uploads\\\/2024\\\/02\\\/logo-SIOV.png\",\"contentUrl\":\"https:\\\/\\\/archiv.siov.sk\\\/wp-content\\\/uploads\\\/2024\\\/02\\\/logo-SIOV.png\",\"width\":431,\"height\":143,\"caption\":\"\u0160IOV - \u0161t\u00e1tny in\u0161tit\u00fat odborn\u00e9ho vzdel\u00e1vania\"},\"image\":{\"@id\":\"https:\\\/\\\/archiv.siov.sk\\\/#\\\/schema\\\/logo\\\/image\\\/\"},\"sameAs\":[\"https:\\\/\\\/www.facebook.com\\\/Statnyinstitutodbornehovzdelavania\"]},{\"@type\":\"Person\",\"@id\":\"https:\\\/\\\/archiv.siov.sk\\\/#\\\/schema\\\/person\\\/7ae8d95216a02464a9ae6c8dcf8a4018\",\"name\":\"siovadmin\",\"url\":\"https:\\\/\\\/archiv.siov.sk\\\/en\\\/author\\\/siovadmin\\\/\"}]}<\/script>\n<!-- \/ Yoast SEO plugin. -->","yoast_head_json":{"title":"Medzin\u00e1rodn\u00fd ve\u013etrh cvi\u010dn\u00fdch firiem 2018 a dvadsa\u0165 rokov SCCF - \u0160IOV - \u0161t\u00e1tny in\u0161tit\u00fat odborn\u00e9ho vzdel\u00e1vania","description":"\u0160t\u00e1tny in\u0161tit\u00fat odborn\u00e9ho vzdel\u00e1vania si V\u00e1s dovo\u013euje pozva\u0165 do V-klubu a \u010fal\u0161\u00edch priestorov N\u00e1rodn\u00e9ho osvetov\u00e9ho centra v Bratislavev term\u00edne 22. \u2013 23. novembra 2018 na Medzin\u00e1rodn\u00fd ve\u013etrh cvi\u010dn\u00fdch firiem 2018.","robots":{"index":"index","follow":"follow","max-snippet":"max-snippet:-1","max-image-preview":"max-image-preview:large","max-video-preview":"max-video-preview:-1"},"canonical":"https:\/\/archiv.siov.sk\/en\/medzinarodny-veltrh-cvicnych-firiem-2018-a-dvadsat-rokov-sccf\/","og_locale":"en_GB","og_type":"article","og_title":"Medzin\u00e1rodn\u00fd ve\u013etrh cvi\u010dn\u00fdch firiem 2018 a dvadsa\u0165 rokov SCCF - \u0160IOV - \u0161t\u00e1tny in\u0161tit\u00fat odborn\u00e9ho vzdel\u00e1vania","og_description":"\u0160t\u00e1tny in\u0161tit\u00fat odborn\u00e9ho vzdel\u00e1vania si V\u00e1s dovo\u013euje pozva\u0165 do V-klubu a \u010fal\u0161\u00edch priestorov N\u00e1rodn\u00e9ho osvetov\u00e9ho centra v Bratislavev term\u00edne 22. \u2013 23. novembra 2018 na Medzin\u00e1rodn\u00fd ve\u013etrh cvi\u010dn\u00fdch firiem 2018.","og_url":"https:\/\/archiv.siov.sk\/en\/medzinarodny-veltrh-cvicnych-firiem-2018-a-dvadsat-rokov-sccf\/","og_site_name":"\u0160IOV - \u0161t\u00e1tny in\u0161tit\u00fat odborn\u00e9ho vzdel\u00e1vania","article_publisher":"https:\/\/www.facebook.com\/Statnyinstitutodbornehovzdelavania","article_published_time":"2018-10-24T08:28:45+00:00","article_modified_time":"2020-11-10T13:41:46+00:00","og_image":[{"width":1100,"height":445,"url":"https:\/\/archiv.siov.sk\/wp-content\/uploads\/2018\/10\/top_evidencia.jpg","type":"image\/jpeg"}],"author":"siovadmin","twitter_card":"summary_large_image","twitter_misc":{"Written by":"siovadmin","Estimated reading time":"2 minutes"},"schema":{"@context":"https:\/\/schema.org","@graph":[{"@type":"Article","@id":"https:\/\/archiv.siov.sk\/medzinarodny-veltrh-cvicnych-firiem-2018-a-dvadsat-rokov-sccf\/#article","isPartOf":{"@id":"https:\/\/archiv.siov.sk\/medzinarodny-veltrh-cvicnych-firiem-2018-a-dvadsat-rokov-sccf\/"},"author":{"name":"siovadmin","@id":"https:\/\/archiv.siov.sk\/#\/schema\/person\/7ae8d95216a02464a9ae6c8dcf8a4018"},"headline":"Medzin\u00e1rodn\u00fd ve\u013etrh cvi\u010dn\u00fdch firiem 2018 a dvadsa\u0165 rokov SCCF","datePublished":"2018-10-24T08:28:45+00:00","dateModified":"2020-11-10T13:41:46+00:00","mainEntityOfPage":{"@id":"https:\/\/archiv.siov.sk\/medzinarodny-veltrh-cvicnych-firiem-2018-a-dvadsat-rokov-sccf\/"},"wordCount":436,"publisher":{"@id":"https:\/\/archiv.siov.sk\/#organization"},"image":{"@id":"https:\/\/archiv.siov.sk\/medzinarodny-veltrh-cvicnych-firiem-2018-a-dvadsat-rokov-sccf\/#primaryimage"},"thumbnailUrl":"https:\/\/archiv.siov.sk\/wp-content\/uploads\/2018\/10\/top_evidencia.jpg","articleSection":["Aktuality"],"inLanguage":"en-GB"},{"@type":"WebPage","@id":"https:\/\/archiv.siov.sk\/medzinarodny-veltrh-cvicnych-firiem-2018-a-dvadsat-rokov-sccf\/","url":"https:\/\/archiv.siov.sk\/medzinarodny-veltrh-cvicnych-firiem-2018-a-dvadsat-rokov-sccf\/","name":"Medzin\u00e1rodn\u00fd ve\u013etrh cvi\u010dn\u00fdch firiem 2018 a dvadsa\u0165 rokov SCCF - \u0160IOV - \u0161t\u00e1tny in\u0161tit\u00fat odborn\u00e9ho vzdel\u00e1vania","isPartOf":{"@id":"https:\/\/archiv.siov.sk\/#website"},"primaryImageOfPage":{"@id":"https:\/\/archiv.siov.sk\/medzinarodny-veltrh-cvicnych-firiem-2018-a-dvadsat-rokov-sccf\/#primaryimage"},"image":{"@id":"https:\/\/archiv.siov.sk\/medzinarodny-veltrh-cvicnych-firiem-2018-a-dvadsat-rokov-sccf\/#primaryimage"},"thumbnailUrl":"https:\/\/archiv.siov.sk\/wp-content\/uploads\/2018\/10\/top_evidencia.jpg","datePublished":"2018-10-24T08:28:45+00:00","dateModified":"2020-11-10T13:41:46+00:00","description":"\u0160t\u00e1tny in\u0161tit\u00fat odborn\u00e9ho vzdel\u00e1vania si V\u00e1s dovo\u013euje pozva\u0165 do V-klubu a \u010fal\u0161\u00edch priestorov N\u00e1rodn\u00e9ho osvetov\u00e9ho centra v Bratislavev term\u00edne 22. \u2013 23. novembra 2018 na Medzin\u00e1rodn\u00fd ve\u013etrh cvi\u010dn\u00fdch firiem 2018.","breadcrumb":{"@id":"https:\/\/archiv.siov.sk\/medzinarodny-veltrh-cvicnych-firiem-2018-a-dvadsat-rokov-sccf\/#breadcrumb"},"inLanguage":"en-GB","potentialAction":[{"@type":"ReadAction","target":["https:\/\/archiv.siov.sk\/medzinarodny-veltrh-cvicnych-firiem-2018-a-dvadsat-rokov-sccf\/"]}]},{"@type":"ImageObject","inLanguage":"en-GB","@id":"https:\/\/archiv.siov.sk\/medzinarodny-veltrh-cvicnych-firiem-2018-a-dvadsat-rokov-sccf\/#primaryimage","url":"https:\/\/archiv.siov.sk\/wp-content\/uploads\/2018\/10\/top_evidencia.jpg","contentUrl":"https:\/\/archiv.siov.sk\/wp-content\/uploads\/2018\/10\/top_evidencia.jpg","width":1100,"height":445,"caption":"Medzin\u00e1rodn\u00fd ve\u013etrh cvi\u010dn\u00fdch firiem 2018 a dvadsa\u0165 rokov SCCF"},{"@type":"BreadcrumbList","@id":"https:\/\/archiv.siov.sk\/medzinarodny-veltrh-cvicnych-firiem-2018-a-dvadsat-rokov-sccf\/#breadcrumb","itemListElement":[{"@type":"ListItem","position":1,"name":"Home","item":"https:\/\/archiv.siov.sk\/"},{"@type":"ListItem","position":2,"name":"Medzin\u00e1rodn\u00fd ve\u013etrh cvi\u010dn\u00fdch firiem 2018 a dvadsa\u0165 rokov SCCF"}]},{"@type":"WebSite","@id":"https:\/\/archiv.siov.sk\/#website","url":"https:\/\/archiv.siov.sk\/","name":"\u0160IOV - \u0161t\u00e1tny in\u0161tit\u00fat odborn\u00e9ho vzdel\u00e1vania","description":"","publisher":{"@id":"https:\/\/archiv.siov.sk\/#organization"},"potentialAction":[{"@type":"SearchAction","target":{"@type":"EntryPoint","urlTemplate":"https:\/\/archiv.siov.sk\/?s={search_term_string}"},"query-input":{"@type":"PropertyValueSpecification","valueRequired":true,"valueName":"search_term_string"}}],"inLanguage":"en-GB"},{"@type":"Organization","@id":"https:\/\/archiv.siov.sk\/#organization","name":"\u0160IOV - \u0161t\u00e1tny in\u0161tit\u00fat odborn\u00e9ho vzdel\u00e1vania","url":"https:\/\/archiv.siov.sk\/","logo":{"@type":"ImageObject","inLanguage":"en-GB","@id":"https:\/\/archiv.siov.sk\/#\/schema\/logo\/image\/","url":"https:\/\/archiv.siov.sk\/wp-content\/uploads\/2024\/02\/logo-SIOV.png","contentUrl":"https:\/\/archiv.siov.sk\/wp-content\/uploads\/2024\/02\/logo-SIOV.png","width":431,"height":143,"caption":"\u0160IOV - \u0161t\u00e1tny in\u0161tit\u00fat odborn\u00e9ho vzdel\u00e1vania"},"image":{"@id":"https:\/\/archiv.siov.sk\/#\/schema\/logo\/image\/"},"sameAs":["https:\/\/www.facebook.com\/Statnyinstitutodbornehovzdelavania"]},{"@type":"Person","@id":"https:\/\/archiv.siov.sk\/#\/schema\/person\/7ae8d95216a02464a9ae6c8dcf8a4018","name":"siovadmin","url":"https:\/\/archiv.siov.sk\/en\/author\/siovadmin\/"}]}},"_links":{"self":[{"href":"https:\/\/archiv.siov.sk\/en\/wp-json\/wp\/v2\/posts\/2436","targetHints":{"allow":["GET"]}}],"collection":[{"href":"https:\/\/archiv.siov.sk\/en\/wp-json\/wp\/v2\/posts"}],"about":[{"href":"https:\/\/archiv.siov.sk\/en\/wp-json\/wp\/v2\/types\/post"}],"author":[{"embeddable":true,"href":"https:\/\/archiv.siov.sk\/en\/wp-json\/wp\/v2\/users\/1"}],"replies":[{"embeddable":true,"href":"https:\/\/archiv.siov.sk\/en\/wp-json\/wp\/v2\/comments?post=2436"}],"version-history":[{"count":6,"href":"https:\/\/archiv.siov.sk\/en\/wp-json\/wp\/v2\/posts\/2436\/revisions"}],"predecessor-version":[{"id":6872,"href":"https:\/\/archiv.siov.sk\/en\/wp-json\/wp\/v2\/posts\/2436\/revisions\/6872"}],"wp:featuredmedia":[{"embeddable":true,"href":"https:\/\/archiv.siov.sk\/en\/wp-json\/wp\/v2\/media\/2438"}],"wp:attachment":[{"href":"https:\/\/archiv.siov.sk\/en\/wp-json\/wp\/v2\/media?parent=2436"}],"wp:term":[{"taxonomy":"category","embeddable":true,"href":"https:\/\/archiv.siov.sk\/en\/wp-json\/wp\/v2\/categories?post=2436"},{"taxonomy":"post_tag","embeddable":true,"href":"https:\/\/archiv.siov.sk\/en\/wp-json\/wp\/v2\/tags?post=2436"}],"curies":[{"name":"wp","href":"https:\/\/api.w.org\/{rel}","templated":true}]}}