{"id":2429,"date":"2018-09-24T10:22:31","date_gmt":"2018-09-24T08:22:31","guid":{"rendered":"http:\/\/archiv.siov.sk\/?p=2429"},"modified":"2019-02-14T10:25:17","modified_gmt":"2019-02-14T09:25:17","slug":"mladi-talentovani-slovaci-si-zmeraju-sily-so-supermi-z-celej-europy","status":"publish","type":"post","link":"https:\/\/archiv.siov.sk\/en\/mladi-talentovani-slovaci-si-zmeraju-sily-so-supermi-z-celej-europy\/","title":{"rendered":"Mlad\u00ed talentovan\u00ed Slov\u00e1ci si zmeraj\u00fa sily so s\u00fapermi z celej Eur\u00f3py"},"content":{"rendered":"<p style=\"text-align: justify;\"><strong><em>Pribli\u017ene 400 \u00fa\u010dastn\u00edkov z&nbsp;viac ako 27 kraj\u00edn preuk\u00e1\u017ee v&nbsp;d\u0148och 24. &#8211; 30. septembra svoje profesion\u00e1lne, odborn\u00e9 zru\u010dnosti a&nbsp;talent na s\u00fa\u0165a\u017ei EuroSkills. Slovensko bud\u00fa zastupova\u0165 talentovan\u00ed \u0161tudenti z&nbsp;cel\u00e9ho Slovenska.<\/em><\/strong><\/p>\n<p style=\"text-align: justify;\">\u0160t\u00e1tny in\u0161tit\u00fat odborn\u00e9ho vzdel\u00e1vania (\u0160IOV) ako priamo riaden\u00e1 organiz\u00e1cia Ministerstva \u0161kolstva, vedy, v\u00fdskumu a&nbsp;\u0161portu SR deleguje sedem mlad\u00fdch s\u00fa\u0165a\u017eiacich na eur\u00f3psku s\u00fa\u0165a\u017e zru\u010dnost\u00ed EuroSkills. T\u00e1 sa kon\u00e1 ka\u017ed\u00e9 dva roky, tento rok s\u00fa\u0165a\u017eiacich priv\u00edta ma\u010farsk\u00e1 Budape\u0161\u0165. &nbsp;<\/p>\n<p style=\"text-align: justify;\">Slovensko m\u00e1 na s\u00fa\u0165a\u017ei mlad\u00fdch talentov \u0161irok\u00e9 zast\u00fapenie, svoje zru\u010dnosti predved\u00fa \u017eiaci v&nbsp;odboroch ako elektrotechnika, informa\u010dn\u00e9 technol\u00f3gie, web dizajn, takisto nebud\u00fa ch\u00fdba\u0165 kuch\u00e1ri, floristi ani kadern\u00edci.<\/p>\n<p style=\"text-align: justify;\">\u201eTento ro\u010dn\u00edk je prv\u00fd, kedy s\u00fa\u0165a\u017en\u00e9 zadanie v\u00f4bec nie je zn\u00e1m\u00e9, po\u010das pr\u00edpravy sa tak \u017eiaci mohli spo\u013eahn\u00fa\u0165 iba na propoz\u00edcie z minul\u00fdch ro\u010dn\u00edkov,\u201c hovor\u00ed Tam\u00e1s V\u00edgh, ktor\u00fd na s\u00fa\u0165a\u017e pripravoval floristu Petra Morvaya. &nbsp;Ofici\u00e1ln\u00fdm jazykom s\u00fa\u0165a\u017ee EuroSkills je angli\u010dtina. Po predlo\u017een\u00ed zadania n\u00e1sleduje diskusia v angli\u010dtine, vr\u00e1mci ktorej je mo\u017enos\u0165 kl\u00e1s\u0165 ot\u00e1zky, a kolekt\u00edvne na ne odpoved\u00e1 cel\u00fd team expertov \u201ckou\u010dov\u201d. Po tejto diskusii n\u00e1sleduje takzvan\u00fd o<em>pen comunication time<\/em>, kedy mo\u017eeme s vlastn\u00fdm s\u00fa\u0165a\u017eiacim hovori\u0165 v rodnom jazkyu a radi\u0165 mu, pr\u00edpadne vysvetli\u0165 nejasnosti. \u201ePotom je pr\u00edsn\u00fd z\u00e1kaz komunik\u00e1cie v rodnom jazyku s vlastn\u00fdm s\u00fa\u0165a\u017eiacim bez pr\u00edtomnosti in\u00e9ho kolegu experta. Tieto pravidl\u00e1 s\u00fa kv\u00f4li objektiviz\u00e1cie s\u00fa\u0165a\u017ee, aby mal ka\u017ed\u00fd rovnak\u00e9 podmienky,\u201c vysvet\u013euje podmienky s\u00fa\u0165a\u017ee T. V\u00edgh.<\/p>\n<p>S\u00fa\u0165a\u017ee EuroSkills sa z\u00fa\u010dast\u0148uj\u00fa:<\/p>\n<ul class=\"check_links\">\n<li>v&nbsp;odbore elektrotechnika Miroslav Chalko zo&nbsp;Strednej odbornej \u0161koly Star\u00e1 Tur\u00e1,<\/li>\n<li>v&nbsp;odbore grafick\u00fd dizajn\u00e9r Tom\u00e1\u0161 No\u017eina zo&nbsp;Strednej odbornej \u0161koly informa\u010dn\u00fdch technol\u00f3gi\u00ed&nbsp; Bansk\u00e1 Bystrica<\/li>\n<li>v&nbsp;odbore webov\u00fd dizajn\u00e9r Martina Pit\u00e1kov\u00e1 zo Spojen\u00e1 \u0161kola Tvrdo\u0161\u00edn<\/li>\n<li>v&nbsp;odbore florista Peter Morvay z&nbsp;Strednej odbornej \u0161koly z\u00e1hradn\u00edckej Pie\u0161\u0165any,<\/li>\n<li>v&nbsp;odbore kuch\u00e1r Michal Mi\u010do z&nbsp;Hotelovej akad\u00e9mie \u017dilina<\/li>\n<li>v&nbsp;odbore chladiaca a&nbsp;klimatiza\u010dn\u00e1 technika Jozef Domanick\u00fd zo Strednej odbornej \u0161koly elektrotechnickej \u017dilina<\/li>\n<li>v&nbsp;odbore kadern\u00edk Martin I\u0161t\u00f3k zo&nbsp;Strednej odbornej \u0161koly&nbsp; Bratislava, Ra\u010dianska 105.&nbsp;&nbsp; &nbsp;<\/li>\n<\/ul>\n<p style=\"text-align: justify;\">Cie\u013eom projektu EuroSkills, v&nbsp;nadv\u00e4znosti na Skills Slovakia je zapojenie slovensk\u00fdch \u017eiakov do s\u00fa\u0165a\u017ee, a&nbsp;t\u00fdm snaha napom\u00e1ha\u0165 budova\u0165 spolo\u010dnos\u0165 zalo\u017een\u00fa na vedomostiach a&nbsp;odborn\u00fdch zru\u010dnostiach, ale i&nbsp;rozv\u00edjanie nov\u00fdch eur\u00f3pskych&nbsp; kontaktov na odborn\u00edkov&nbsp; a&nbsp;spolupr\u00e1ca s&nbsp;podnikate\u013eskou sf\u00e9rou.<\/p>\n<p style=\"text-align: justify;\">Pr\u00edpravu na EuroSkills prevzali&nbsp; \u0161koly,&nbsp; cechy, zdru\u017eenia a&nbsp;zamestn\u00e1vatelia z&nbsp;praxe. Deleg\u00e1ti do slovenskej reprezent\u00e1cie boli vybran\u00ed na z\u00e1klade v\u00ed\u0165azstva v&nbsp;n\u00e1rodnej s\u00fa\u0165a\u017ei Skills Slovakia, ktor\u00e1 podporuje odborn\u00e9 vzdel\u00e1vanie a&nbsp;pr\u00edpravu mlad\u00fdch \u013eud\u00ed na Slovensku a&nbsp;zvy\u0161uje atraktivitu odborn\u00e9ho vzdel\u00e1vania a&nbsp;pr\u00edpravy v&nbsp;odboroch kuch\u00e1r, kadern\u00edk, aran\u017e\u00e9r kvet\u00edn, mechatronik, elektrotechnik, webov\u00fd a&nbsp;grafick\u00fd dizajn, chladiaca a&nbsp;klimatiza\u010dn\u00e1 technika a&nbsp;maliar. &nbsp;<\/p>\n<p style=\"text-align: justify;\">EuroSkills podporuje a&nbsp;propaguje odborn\u00e9 vzdel\u00e1vanie a&nbsp;pr\u00edpravu nielen prostredn\u00edctvom s\u00fa\u0165a\u017e\u00ed v&nbsp;odborn\u00fdch zru\u010dnostiach, ale aj prostredn\u00edctvom uk\u00e1\u017eky excelentnosti mlad\u00fdch \u013eud\u00ed v&nbsp;ich profesi\u00e1ch.<\/p>\n<p style=\"text-align: justify;\">S\u00fa\u0165a\u017e je ur\u010den\u00e1 pre \u0161tudentov stredn\u00fdch odborn\u00fdch \u0161k\u00f4l a&nbsp;stredn\u00fdch priemyseln\u00fdch \u0161k\u00f4l vo veku 17 a\u017e 25 rokov. V&nbsp;individu\u00e1lnych, ako i&nbsp;v kolekt\u00edvnych s\u00fa\u0165a\u017en\u00fdch discipl\u00ednach reprezentuj\u00facich 51 povolan\u00ed bude Slovensko zast\u00fapen\u00e9 v&nbsp;discipl\u00ednach ako v\u00fdtvarn\u00e9 umenie a&nbsp;m\u00f3da, informa\u010dn\u00e9 a komunika\u010dn\u00e9 technol\u00f3gie (technol\u00f3gie v&nbsp;komunik\u00e1ci\u00e1ch), v\u00fdrobn\u00e9 a&nbsp;stroj\u00e1rske technol\u00f3gie (technol\u00f3gie v&nbsp;stroj\u00e1rstve), kon\u0161truk\u010dn\u00e9 a&nbsp;stavebn\u00e9 technol\u00f3gie (technol\u00f3gia stavieb), doprava a&nbsp;logistika, slu\u017eby.<\/p>\n<p style=\"text-align: justify;\"><strong>Dopl\u0148uj\u00face inform\u00e1cie k&nbsp;projektu:<\/strong><\/p>\n<p style=\"text-align: justify;\">V&nbsp;roku 2008 bol&nbsp; \u0160t\u00e1tny in\u0161tit\u00fat odborn\u00e9ho vzdel\u00e1vania poveren\u00fd Ministerstvom \u0161kolstva SR na koordin\u00e1ciu spolupr\u00e1ce &nbsp;zapojenie sa do s\u00fa\u0165a\u017e\u00ed <strong>EuroSkills<\/strong>. N\u00e1sledne v&nbsp;roku 2009 vznikol pri \u0160IOV projekt <strong>Skills Slovakia<\/strong>, ktor\u00e9ho \u00falohou je zastre\u0161ova\u0165 a&nbsp;iniciova\u0165 n\u00e1rodn\u00e9 s\u00fa\u0165a\u017ee v odborn\u00fdch zru\u010dnostiach a&nbsp;vysiela\u0165 v\u00ed\u0165azov s\u00fa\u0165a\u017e\u00ed na medzin\u00e1rodn\u00e9 s\u00fa\u0165a\u017ee EuroSkills.<\/p>\n<p style=\"text-align: justify;\">V&nbsp;r\u00e1mci prv\u00e9ho ro\u010dn\u00edka s\u00fa\u0165a\u017ee \u2013 EuroSkills 2008 v&nbsp;Rotterdame reprezentovali Slovensko \u0161tudenti<br \/>\nv 9 s\u00fa\u0165a\u017eiach v 4 odboroch a&nbsp;6 povolaniach. Dve s\u00fa\u0165a\u017ee boli t\u00edmov\u00e9 \u2013 odborn\u00edci v&nbsp;IKT sie\u0165ach a&nbsp;mechatronici, a&nbsp;dve s\u00fa\u0165a\u017ee boli individu\u00e1lne&nbsp; &#8211; tes\u00e1r\/stol\u00e1r a&nbsp;d\u00e1msky a&nbsp;p\u00e1nsky kadern\u00edk.<\/p>\n<p>&nbsp;<br \/>\n<img fetchpriority=\"high\" decoding=\"async\" src=\"https:\/\/archiv.siov.sk\/wp-content\/uploads\/2019\/02\/top-slovensko-1024x575.jpg\" alt=\"Mlad\u00ed talentovan\u00ed Slov\u00e1ci si zmeraj\u00fa sily so s\u00fapermi z celej Eur\u00f3py \" width=\"640\" height=\"359\" class=\"alignnone size-large wp-image-2430\" srcset=\"https:\/\/archiv.siov.sk\/wp-content\/uploads\/2019\/02\/top-slovensko-1024x575.jpg 1024w, https:\/\/archiv.siov.sk\/wp-content\/uploads\/2019\/02\/top-slovensko-300x168.jpg 300w, https:\/\/archiv.siov.sk\/wp-content\/uploads\/2019\/02\/top-slovensko-768x431.jpg 768w, https:\/\/archiv.siov.sk\/wp-content\/uploads\/2019\/02\/top-slovensko-480x269.jpg 480w, https:\/\/archiv.siov.sk\/wp-content\/uploads\/2019\/02\/top-slovensko.jpg 1600w\" sizes=\"(max-width: 640px) 100vw, 640px\" \/><\/p>","protected":false},"excerpt":{"rendered":"<p>Pribli\u017ene 400 \u00fa\u010dastn\u00edkov z&nbsp;viac ako 27 kraj\u00edn preuk\u00e1\u017ee v&nbsp;d\u0148och 24. &#8211; 30. septembra svoje profesion\u00e1lne, odborn\u00e9 zru\u010dnosti a&nbsp;talent na s\u00fa\u0165a\u017ei EuroSkills. Slovensko bud\u00fa zastupova\u0165 talentovan\u00ed \u0161tudenti z&nbsp;cel\u00e9ho Slovenska. \u0160t\u00e1tny in\u0161tit\u00fat odborn\u00e9ho vzdel\u00e1vania (\u0160IOV) ako priamo riaden\u00e1 organiz\u00e1cia Ministerstva \u0161kolstva, vedy, v\u00fdskumu a&nbsp;\u0161portu SR deleguje sedem mlad\u00fdch s\u00fa\u0165a\u017eiacich na eur\u00f3psku s\u00fa\u0165a\u017e zru\u010dnost\u00ed EuroSkills. T\u00e1 sa kon\u00e1 [&hellip;]<\/p>\n","protected":false},"author":1,"featured_media":2431,"comment_status":"closed","ping_status":"closed","sticky":false,"template":"","format":"standard","meta":{"site-sidebar-layout":"default","site-content-layout":"","ast-site-content-layout":"default","site-content-style":"default","site-sidebar-style":"default","ast-global-header-display":"","ast-banner-title-visibility":"","ast-main-header-display":"","ast-hfb-above-header-display":"","ast-hfb-below-header-display":"","ast-hfb-mobile-header-display":"","site-post-title":"","ast-breadcrumbs-content":"","ast-featured-img":"","footer-sml-layout":"","ast-disable-related-posts":"","theme-transparent-header-meta":"","adv-header-id-meta":"","stick-header-meta":"","header-above-stick-meta":"","header-main-stick-meta":"","header-below-stick-meta":"","astra-migrate-meta-layouts":"default","ast-page-background-enabled":"default","ast-page-background-meta":{"desktop":{"background-color":"var(--ast-global-color-4)","background-image":"","background-repeat":"repeat","background-position":"center center","background-size":"auto","background-attachment":"scroll","background-type":"","background-media":"","overlay-type":"","overlay-color":"","overlay-opacity":"","overlay-gradient":""},"tablet":{"background-color":"","background-image":"","background-repeat":"repeat","background-position":"center center","background-size":"auto","background-attachment":"scroll","background-type":"","background-media":"","overlay-type":"","overlay-color":"","overlay-opacity":"","overlay-gradient":""},"mobile":{"background-color":"","background-image":"","background-repeat":"repeat","background-position":"center center","background-size":"auto","background-attachment":"scroll","background-type":"","background-media":"","overlay-type":"","overlay-color":"","overlay-opacity":"","overlay-gradient":""}},"ast-content-background-meta":{"desktop":{"background-color":"var(--ast-global-color-5)","background-image":"","background-repeat":"repeat","background-position":"center center","background-size":"auto","background-attachment":"scroll","background-type":"","background-media":"","overlay-type":"","overlay-color":"","overlay-opacity":"","overlay-gradient":""},"tablet":{"background-color":"var(--ast-global-color-5)","background-image":"","background-repeat":"repeat","background-position":"center center","background-size":"auto","background-attachment":"scroll","background-type":"","background-media":"","overlay-type":"","overlay-color":"","overlay-opacity":"","overlay-gradient":""},"mobile":{"background-color":"var(--ast-global-color-5)","background-image":"","background-repeat":"repeat","background-position":"center center","background-size":"auto","background-attachment":"scroll","background-type":"","background-media":"","overlay-type":"","overlay-color":"","overlay-opacity":"","overlay-gradient":""}},"footnotes":""},"categories":[1],"tags":[],"class_list":["post-2429","post","type-post","status-publish","format-standard","has-post-thumbnail","hentry","category-aktuality"],"yoast_head":"<!-- This site is optimized with the Yoast SEO plugin v27.5 - https:\/\/yoast.com\/product\/yoast-seo-wordpress\/ -->\n<title>Mlad\u00ed talentovan\u00ed Slov\u00e1ci si zmeraj\u00fa sily so s\u00fapermi z celej Eur\u00f3py - \u0160IOV - \u0161t\u00e1tny in\u0161tit\u00fat odborn\u00e9ho vzdel\u00e1vania<\/title>\n<meta name=\"robots\" content=\"index, follow, max-snippet:-1, max-image-preview:large, max-video-preview:-1\" \/>\n<link rel=\"canonical\" href=\"https:\/\/archiv.siov.sk\/en\/mladi-talentovani-slovaci-si-zmeraju-sily-so-supermi-z-celej-europy\/\" \/>\n<meta property=\"og:locale\" content=\"en_GB\" \/>\n<meta property=\"og:type\" content=\"article\" \/>\n<meta property=\"og:title\" content=\"Mlad\u00ed talentovan\u00ed Slov\u00e1ci si zmeraj\u00fa sily so s\u00fapermi z celej Eur\u00f3py - \u0160IOV - \u0161t\u00e1tny in\u0161tit\u00fat odborn\u00e9ho vzdel\u00e1vania\" \/>\n<meta property=\"og:description\" content=\"Pribli\u017ene 400 \u00fa\u010dastn\u00edkov z&nbsp;viac ako 27 kraj\u00edn preuk\u00e1\u017ee v&nbsp;d\u0148och 24. &#8211; 30. septembra svoje profesion\u00e1lne, odborn\u00e9 zru\u010dnosti a&nbsp;talent na s\u00fa\u0165a\u017ei EuroSkills. Slovensko bud\u00fa zastupova\u0165 talentovan\u00ed \u0161tudenti z&nbsp;cel\u00e9ho Slovenska. \u0160t\u00e1tny in\u0161tit\u00fat odborn\u00e9ho vzdel\u00e1vania (\u0160IOV) ako priamo riaden\u00e1 organiz\u00e1cia Ministerstva \u0161kolstva, vedy, v\u00fdskumu a&nbsp;\u0161portu SR deleguje sedem mlad\u00fdch s\u00fa\u0165a\u017eiacich na eur\u00f3psku s\u00fa\u0165a\u017e zru\u010dnost\u00ed EuroSkills. T\u00e1 sa kon\u00e1 [&hellip;]\" \/>\n<meta property=\"og:url\" content=\"https:\/\/archiv.siov.sk\/en\/mladi-talentovani-slovaci-si-zmeraju-sily-so-supermi-z-celej-europy\/\" \/>\n<meta property=\"og:site_name\" content=\"\u0160IOV - \u0161t\u00e1tny in\u0161tit\u00fat odborn\u00e9ho vzdel\u00e1vania\" \/>\n<meta property=\"article:publisher\" content=\"https:\/\/www.facebook.com\/Statnyinstitutodbornehovzdelavania\" \/>\n<meta property=\"article:published_time\" content=\"2018-09-24T08:22:31+00:00\" \/>\n<meta property=\"article:modified_time\" content=\"2019-02-14T09:25:17+00:00\" \/>\n<meta property=\"og:image\" content=\"https:\/\/archiv.siov.sk\/wp-content\/uploads\/2019\/02\/top-slovensko-01.jpg\" \/>\n\t<meta property=\"og:image:width\" content=\"1100\" \/>\n\t<meta property=\"og:image:height\" content=\"445\" \/>\n\t<meta property=\"og:image:type\" content=\"image\/jpeg\" \/>\n<meta name=\"author\" content=\"siovadmin\" \/>\n<meta name=\"twitter:card\" content=\"summary_large_image\" \/>\n<meta name=\"twitter:label1\" content=\"Written by\" \/>\n\t<meta name=\"twitter:data1\" content=\"siovadmin\" \/>\n\t<meta name=\"twitter:label2\" content=\"Estimated reading time\" \/>\n\t<meta name=\"twitter:data2\" content=\"4 minutes\" \/>\n<script type=\"application\/ld+json\" class=\"yoast-schema-graph\">{\"@context\":\"https:\\\/\\\/schema.org\",\"@graph\":[{\"@type\":\"Article\",\"@id\":\"https:\\\/\\\/archiv.siov.sk\\\/mladi-talentovani-slovaci-si-zmeraju-sily-so-supermi-z-celej-europy\\\/#article\",\"isPartOf\":{\"@id\":\"https:\\\/\\\/archiv.siov.sk\\\/mladi-talentovani-slovaci-si-zmeraju-sily-so-supermi-z-celej-europy\\\/\"},\"author\":{\"name\":\"siovadmin\",\"@id\":\"https:\\\/\\\/archiv.siov.sk\\\/#\\\/schema\\\/person\\\/7ae8d95216a02464a9ae6c8dcf8a4018\"},\"headline\":\"Mlad\u00ed talentovan\u00ed Slov\u00e1ci si zmeraj\u00fa sily so s\u00fapermi z celej Eur\u00f3py\",\"datePublished\":\"2018-09-24T08:22:31+00:00\",\"dateModified\":\"2019-02-14T09:25:17+00:00\",\"mainEntityOfPage\":{\"@id\":\"https:\\\/\\\/archiv.siov.sk\\\/mladi-talentovani-slovaci-si-zmeraju-sily-so-supermi-z-celej-europy\\\/\"},\"wordCount\":903,\"publisher\":{\"@id\":\"https:\\\/\\\/archiv.siov.sk\\\/#organization\"},\"image\":{\"@id\":\"https:\\\/\\\/archiv.siov.sk\\\/mladi-talentovani-slovaci-si-zmeraju-sily-so-supermi-z-celej-europy\\\/#primaryimage\"},\"thumbnailUrl\":\"https:\\\/\\\/archiv.siov.sk\\\/wp-content\\\/uploads\\\/2019\\\/02\\\/top-slovensko-01.jpg\",\"articleSection\":[\"Aktuality\"],\"inLanguage\":\"en-GB\"},{\"@type\":\"WebPage\",\"@id\":\"https:\\\/\\\/archiv.siov.sk\\\/mladi-talentovani-slovaci-si-zmeraju-sily-so-supermi-z-celej-europy\\\/\",\"url\":\"https:\\\/\\\/archiv.siov.sk\\\/mladi-talentovani-slovaci-si-zmeraju-sily-so-supermi-z-celej-europy\\\/\",\"name\":\"Mlad\u00ed talentovan\u00ed Slov\u00e1ci si zmeraj\u00fa sily so s\u00fapermi z celej Eur\u00f3py - \u0160IOV - \u0161t\u00e1tny in\u0161tit\u00fat odborn\u00e9ho vzdel\u00e1vania\",\"isPartOf\":{\"@id\":\"https:\\\/\\\/archiv.siov.sk\\\/#website\"},\"primaryImageOfPage\":{\"@id\":\"https:\\\/\\\/archiv.siov.sk\\\/mladi-talentovani-slovaci-si-zmeraju-sily-so-supermi-z-celej-europy\\\/#primaryimage\"},\"image\":{\"@id\":\"https:\\\/\\\/archiv.siov.sk\\\/mladi-talentovani-slovaci-si-zmeraju-sily-so-supermi-z-celej-europy\\\/#primaryimage\"},\"thumbnailUrl\":\"https:\\\/\\\/archiv.siov.sk\\\/wp-content\\\/uploads\\\/2019\\\/02\\\/top-slovensko-01.jpg\",\"datePublished\":\"2018-09-24T08:22:31+00:00\",\"dateModified\":\"2019-02-14T09:25:17+00:00\",\"breadcrumb\":{\"@id\":\"https:\\\/\\\/archiv.siov.sk\\\/mladi-talentovani-slovaci-si-zmeraju-sily-so-supermi-z-celej-europy\\\/#breadcrumb\"},\"inLanguage\":\"en-GB\",\"potentialAction\":[{\"@type\":\"ReadAction\",\"target\":[\"https:\\\/\\\/archiv.siov.sk\\\/mladi-talentovani-slovaci-si-zmeraju-sily-so-supermi-z-celej-europy\\\/\"]}]},{\"@type\":\"ImageObject\",\"inLanguage\":\"en-GB\",\"@id\":\"https:\\\/\\\/archiv.siov.sk\\\/mladi-talentovani-slovaci-si-zmeraju-sily-so-supermi-z-celej-europy\\\/#primaryimage\",\"url\":\"https:\\\/\\\/archiv.siov.sk\\\/wp-content\\\/uploads\\\/2019\\\/02\\\/top-slovensko-01.jpg\",\"contentUrl\":\"https:\\\/\\\/archiv.siov.sk\\\/wp-content\\\/uploads\\\/2019\\\/02\\\/top-slovensko-01.jpg\",\"width\":1100,\"height\":445,\"caption\":\"Mlad\u00ed talentovan\u00ed Slov\u00e1ci si zmeraj\u00fa sily so s\u00fapermi z celej Eur\u00f3py\"},{\"@type\":\"BreadcrumbList\",\"@id\":\"https:\\\/\\\/archiv.siov.sk\\\/mladi-talentovani-slovaci-si-zmeraju-sily-so-supermi-z-celej-europy\\\/#breadcrumb\",\"itemListElement\":[{\"@type\":\"ListItem\",\"position\":1,\"name\":\"Home\",\"item\":\"https:\\\/\\\/archiv.siov.sk\\\/\"},{\"@type\":\"ListItem\",\"position\":2,\"name\":\"Mlad\u00ed talentovan\u00ed Slov\u00e1ci si zmeraj\u00fa sily so s\u00fapermi z celej Eur\u00f3py\"}]},{\"@type\":\"WebSite\",\"@id\":\"https:\\\/\\\/archiv.siov.sk\\\/#website\",\"url\":\"https:\\\/\\\/archiv.siov.sk\\\/\",\"name\":\"\u0160IOV - \u0161t\u00e1tny in\u0161tit\u00fat odborn\u00e9ho vzdel\u00e1vania\",\"description\":\"\",\"publisher\":{\"@id\":\"https:\\\/\\\/archiv.siov.sk\\\/#organization\"},\"potentialAction\":[{\"@type\":\"SearchAction\",\"target\":{\"@type\":\"EntryPoint\",\"urlTemplate\":\"https:\\\/\\\/archiv.siov.sk\\\/?s={search_term_string}\"},\"query-input\":{\"@type\":\"PropertyValueSpecification\",\"valueRequired\":true,\"valueName\":\"search_term_string\"}}],\"inLanguage\":\"en-GB\"},{\"@type\":\"Organization\",\"@id\":\"https:\\\/\\\/archiv.siov.sk\\\/#organization\",\"name\":\"\u0160IOV - \u0161t\u00e1tny in\u0161tit\u00fat odborn\u00e9ho vzdel\u00e1vania\",\"url\":\"https:\\\/\\\/archiv.siov.sk\\\/\",\"logo\":{\"@type\":\"ImageObject\",\"inLanguage\":\"en-GB\",\"@id\":\"https:\\\/\\\/archiv.siov.sk\\\/#\\\/schema\\\/logo\\\/image\\\/\",\"url\":\"https:\\\/\\\/archiv.siov.sk\\\/wp-content\\\/uploads\\\/2024\\\/02\\\/logo-SIOV.png\",\"contentUrl\":\"https:\\\/\\\/archiv.siov.sk\\\/wp-content\\\/uploads\\\/2024\\\/02\\\/logo-SIOV.png\",\"width\":431,\"height\":143,\"caption\":\"\u0160IOV - \u0161t\u00e1tny in\u0161tit\u00fat odborn\u00e9ho vzdel\u00e1vania\"},\"image\":{\"@id\":\"https:\\\/\\\/archiv.siov.sk\\\/#\\\/schema\\\/logo\\\/image\\\/\"},\"sameAs\":[\"https:\\\/\\\/www.facebook.com\\\/Statnyinstitutodbornehovzdelavania\"]},{\"@type\":\"Person\",\"@id\":\"https:\\\/\\\/archiv.siov.sk\\\/#\\\/schema\\\/person\\\/7ae8d95216a02464a9ae6c8dcf8a4018\",\"name\":\"siovadmin\",\"url\":\"https:\\\/\\\/archiv.siov.sk\\\/en\\\/author\\\/siovadmin\\\/\"}]}<\/script>\n<!-- \/ Yoast SEO plugin. -->","yoast_head_json":{"title":"Mlad\u00ed talentovan\u00ed Slov\u00e1ci si zmeraj\u00fa sily so s\u00fapermi z celej Eur\u00f3py - \u0160IOV - \u0161t\u00e1tny in\u0161tit\u00fat odborn\u00e9ho vzdel\u00e1vania","robots":{"index":"index","follow":"follow","max-snippet":"max-snippet:-1","max-image-preview":"max-image-preview:large","max-video-preview":"max-video-preview:-1"},"canonical":"https:\/\/archiv.siov.sk\/en\/mladi-talentovani-slovaci-si-zmeraju-sily-so-supermi-z-celej-europy\/","og_locale":"en_GB","og_type":"article","og_title":"Mlad\u00ed talentovan\u00ed Slov\u00e1ci si zmeraj\u00fa sily so s\u00fapermi z celej Eur\u00f3py - \u0160IOV - \u0161t\u00e1tny in\u0161tit\u00fat odborn\u00e9ho vzdel\u00e1vania","og_description":"Pribli\u017ene 400 \u00fa\u010dastn\u00edkov z&nbsp;viac ako 27 kraj\u00edn preuk\u00e1\u017ee v&nbsp;d\u0148och 24. &#8211; 30. septembra svoje profesion\u00e1lne, odborn\u00e9 zru\u010dnosti a&nbsp;talent na s\u00fa\u0165a\u017ei EuroSkills. Slovensko bud\u00fa zastupova\u0165 talentovan\u00ed \u0161tudenti z&nbsp;cel\u00e9ho Slovenska. \u0160t\u00e1tny in\u0161tit\u00fat odborn\u00e9ho vzdel\u00e1vania (\u0160IOV) ako priamo riaden\u00e1 organiz\u00e1cia Ministerstva \u0161kolstva, vedy, v\u00fdskumu a&nbsp;\u0161portu SR deleguje sedem mlad\u00fdch s\u00fa\u0165a\u017eiacich na eur\u00f3psku s\u00fa\u0165a\u017e zru\u010dnost\u00ed EuroSkills. T\u00e1 sa kon\u00e1 [&hellip;]","og_url":"https:\/\/archiv.siov.sk\/en\/mladi-talentovani-slovaci-si-zmeraju-sily-so-supermi-z-celej-europy\/","og_site_name":"\u0160IOV - \u0161t\u00e1tny in\u0161tit\u00fat odborn\u00e9ho vzdel\u00e1vania","article_publisher":"https:\/\/www.facebook.com\/Statnyinstitutodbornehovzdelavania","article_published_time":"2018-09-24T08:22:31+00:00","article_modified_time":"2019-02-14T09:25:17+00:00","og_image":[{"width":1100,"height":445,"url":"https:\/\/archiv.siov.sk\/wp-content\/uploads\/2019\/02\/top-slovensko-01.jpg","type":"image\/jpeg"}],"author":"siovadmin","twitter_card":"summary_large_image","twitter_misc":{"Written by":"siovadmin","Estimated reading time":"4 minutes"},"schema":{"@context":"https:\/\/schema.org","@graph":[{"@type":"Article","@id":"https:\/\/archiv.siov.sk\/mladi-talentovani-slovaci-si-zmeraju-sily-so-supermi-z-celej-europy\/#article","isPartOf":{"@id":"https:\/\/archiv.siov.sk\/mladi-talentovani-slovaci-si-zmeraju-sily-so-supermi-z-celej-europy\/"},"author":{"name":"siovadmin","@id":"https:\/\/archiv.siov.sk\/#\/schema\/person\/7ae8d95216a02464a9ae6c8dcf8a4018"},"headline":"Mlad\u00ed talentovan\u00ed Slov\u00e1ci si zmeraj\u00fa sily so s\u00fapermi z celej Eur\u00f3py","datePublished":"2018-09-24T08:22:31+00:00","dateModified":"2019-02-14T09:25:17+00:00","mainEntityOfPage":{"@id":"https:\/\/archiv.siov.sk\/mladi-talentovani-slovaci-si-zmeraju-sily-so-supermi-z-celej-europy\/"},"wordCount":903,"publisher":{"@id":"https:\/\/archiv.siov.sk\/#organization"},"image":{"@id":"https:\/\/archiv.siov.sk\/mladi-talentovani-slovaci-si-zmeraju-sily-so-supermi-z-celej-europy\/#primaryimage"},"thumbnailUrl":"https:\/\/archiv.siov.sk\/wp-content\/uploads\/2019\/02\/top-slovensko-01.jpg","articleSection":["Aktuality"],"inLanguage":"en-GB"},{"@type":"WebPage","@id":"https:\/\/archiv.siov.sk\/mladi-talentovani-slovaci-si-zmeraju-sily-so-supermi-z-celej-europy\/","url":"https:\/\/archiv.siov.sk\/mladi-talentovani-slovaci-si-zmeraju-sily-so-supermi-z-celej-europy\/","name":"Mlad\u00ed talentovan\u00ed Slov\u00e1ci si zmeraj\u00fa sily so s\u00fapermi z celej Eur\u00f3py - \u0160IOV - \u0161t\u00e1tny in\u0161tit\u00fat odborn\u00e9ho vzdel\u00e1vania","isPartOf":{"@id":"https:\/\/archiv.siov.sk\/#website"},"primaryImageOfPage":{"@id":"https:\/\/archiv.siov.sk\/mladi-talentovani-slovaci-si-zmeraju-sily-so-supermi-z-celej-europy\/#primaryimage"},"image":{"@id":"https:\/\/archiv.siov.sk\/mladi-talentovani-slovaci-si-zmeraju-sily-so-supermi-z-celej-europy\/#primaryimage"},"thumbnailUrl":"https:\/\/archiv.siov.sk\/wp-content\/uploads\/2019\/02\/top-slovensko-01.jpg","datePublished":"2018-09-24T08:22:31+00:00","dateModified":"2019-02-14T09:25:17+00:00","breadcrumb":{"@id":"https:\/\/archiv.siov.sk\/mladi-talentovani-slovaci-si-zmeraju-sily-so-supermi-z-celej-europy\/#breadcrumb"},"inLanguage":"en-GB","potentialAction":[{"@type":"ReadAction","target":["https:\/\/archiv.siov.sk\/mladi-talentovani-slovaci-si-zmeraju-sily-so-supermi-z-celej-europy\/"]}]},{"@type":"ImageObject","inLanguage":"en-GB","@id":"https:\/\/archiv.siov.sk\/mladi-talentovani-slovaci-si-zmeraju-sily-so-supermi-z-celej-europy\/#primaryimage","url":"https:\/\/archiv.siov.sk\/wp-content\/uploads\/2019\/02\/top-slovensko-01.jpg","contentUrl":"https:\/\/archiv.siov.sk\/wp-content\/uploads\/2019\/02\/top-slovensko-01.jpg","width":1100,"height":445,"caption":"Mlad\u00ed talentovan\u00ed Slov\u00e1ci si zmeraj\u00fa sily so s\u00fapermi z celej Eur\u00f3py"},{"@type":"BreadcrumbList","@id":"https:\/\/archiv.siov.sk\/mladi-talentovani-slovaci-si-zmeraju-sily-so-supermi-z-celej-europy\/#breadcrumb","itemListElement":[{"@type":"ListItem","position":1,"name":"Home","item":"https:\/\/archiv.siov.sk\/"},{"@type":"ListItem","position":2,"name":"Mlad\u00ed talentovan\u00ed Slov\u00e1ci si zmeraj\u00fa sily so s\u00fapermi z celej Eur\u00f3py"}]},{"@type":"WebSite","@id":"https:\/\/archiv.siov.sk\/#website","url":"https:\/\/archiv.siov.sk\/","name":"\u0160IOV - \u0161t\u00e1tny in\u0161tit\u00fat odborn\u00e9ho vzdel\u00e1vania","description":"","publisher":{"@id":"https:\/\/archiv.siov.sk\/#organization"},"potentialAction":[{"@type":"SearchAction","target":{"@type":"EntryPoint","urlTemplate":"https:\/\/archiv.siov.sk\/?s={search_term_string}"},"query-input":{"@type":"PropertyValueSpecification","valueRequired":true,"valueName":"search_term_string"}}],"inLanguage":"en-GB"},{"@type":"Organization","@id":"https:\/\/archiv.siov.sk\/#organization","name":"\u0160IOV - \u0161t\u00e1tny in\u0161tit\u00fat odborn\u00e9ho vzdel\u00e1vania","url":"https:\/\/archiv.siov.sk\/","logo":{"@type":"ImageObject","inLanguage":"en-GB","@id":"https:\/\/archiv.siov.sk\/#\/schema\/logo\/image\/","url":"https:\/\/archiv.siov.sk\/wp-content\/uploads\/2024\/02\/logo-SIOV.png","contentUrl":"https:\/\/archiv.siov.sk\/wp-content\/uploads\/2024\/02\/logo-SIOV.png","width":431,"height":143,"caption":"\u0160IOV - \u0161t\u00e1tny in\u0161tit\u00fat odborn\u00e9ho vzdel\u00e1vania"},"image":{"@id":"https:\/\/archiv.siov.sk\/#\/schema\/logo\/image\/"},"sameAs":["https:\/\/www.facebook.com\/Statnyinstitutodbornehovzdelavania"]},{"@type":"Person","@id":"https:\/\/archiv.siov.sk\/#\/schema\/person\/7ae8d95216a02464a9ae6c8dcf8a4018","name":"siovadmin","url":"https:\/\/archiv.siov.sk\/en\/author\/siovadmin\/"}]}},"_links":{"self":[{"href":"https:\/\/archiv.siov.sk\/en\/wp-json\/wp\/v2\/posts\/2429","targetHints":{"allow":["GET"]}}],"collection":[{"href":"https:\/\/archiv.siov.sk\/en\/wp-json\/wp\/v2\/posts"}],"about":[{"href":"https:\/\/archiv.siov.sk\/en\/wp-json\/wp\/v2\/types\/post"}],"author":[{"embeddable":true,"href":"https:\/\/archiv.siov.sk\/en\/wp-json\/wp\/v2\/users\/1"}],"replies":[{"embeddable":true,"href":"https:\/\/archiv.siov.sk\/en\/wp-json\/wp\/v2\/comments?post=2429"}],"version-history":[{"count":1,"href":"https:\/\/archiv.siov.sk\/en\/wp-json\/wp\/v2\/posts\/2429\/revisions"}],"predecessor-version":[{"id":2432,"href":"https:\/\/archiv.siov.sk\/en\/wp-json\/wp\/v2\/posts\/2429\/revisions\/2432"}],"wp:featuredmedia":[{"embeddable":true,"href":"https:\/\/archiv.siov.sk\/en\/wp-json\/wp\/v2\/media\/2431"}],"wp:attachment":[{"href":"https:\/\/archiv.siov.sk\/en\/wp-json\/wp\/v2\/media?parent=2429"}],"wp:term":[{"taxonomy":"category","embeddable":true,"href":"https:\/\/archiv.siov.sk\/en\/wp-json\/wp\/v2\/categories?post=2429"},{"taxonomy":"post_tag","embeddable":true,"href":"https:\/\/archiv.siov.sk\/en\/wp-json\/wp\/v2\/tags?post=2429"}],"curies":[{"name":"wp","href":"https:\/\/api.w.org\/{rel}","templated":true}]}}