{"id":2422,"date":"2018-07-02T10:19:26","date_gmt":"2018-07-02T08:19:26","guid":{"rendered":"http:\/\/archiv.siov.sk\/?p=2422"},"modified":"2019-02-14T10:22:17","modified_gmt":"2019-02-14T09:22:17","slug":"vynimocnych-pedagogov-ocenili-za-dlhorocnu-pracu-s-talentovanou-mladezou","status":"publish","type":"post","link":"https:\/\/archiv.siov.sk\/en\/vynimocnych-pedagogov-ocenili-za-dlhorocnu-pracu-s-talentovanou-mladezou\/","title":{"rendered":"V\u00fdnimo\u010dn\u00fdch pedag\u00f3gov ocenili za dlhoro\u010dn\u00fa pr\u00e1cu s talentovanou ml\u00e1de\u017eou"},"content":{"rendered":"<p style=\"text-align: justify;\"><em>Vychovali nieko\u013eko gener\u00e1ci\u00ed \u00faspe\u0161n\u00fdch absolventov. \u010casto na \u00fakor svojho vo\u013en\u00e9ho \u010dasu podnecuj\u00fa k&nbsp;mimo\u0161kolskej aktivite a&nbsp;napom\u00e1haj\u00fa rozvoju zru\u010dnosti i&nbsp;osobn\u00e9mu rastu ml\u00e1de\u017ee. \u0160tyridsa\u0165\u0161tyri v\u00fdnimo\u010dn\u00fdch pedag\u00f3gov z&nbsp;cel\u00e9ho Slovenska si dnes prevzalo ocenenie za dlhoro\u010dn\u00fa pr\u00e1cu v&nbsp;r\u00e1mci Stredo\u0161kolskej odbornej \u010dinnosti (SO\u010c). <\/em><\/p>\n<p style=\"text-align: justify;\">Ob\u013e\u00faben\u00e1 \u201eSO\u010c-ka\u201c oslavuje v\u00fdznamn\u00e9 jubileum, 40 rokov od svojho vzniku. Ministerstvo \u0161kolstva, vedy, v\u00fdskumu a&nbsp;\u0161portu SR a&nbsp;\u0160t\u00e1tny in\u0161tit\u00fat odborn\u00e9ho vzdel\u00e1vania sa pri tejto pr\u00edle\u017eitosti rozhodlo oceni\u0165 pedag\u00f3gov, ktor\u00ed tejto s\u00fa\u0165a\u017ei \u017eiakov venovali svoj profesijn\u00fd \u017eivot a&nbsp;zasl\u00fa\u017eili sa o&nbsp;jej napredovanie a&nbsp;st\u00e1le miesto v&nbsp;kalend\u00e1roch stredn\u00fdch \u0161k\u00f4l. Sl\u00e1vnostn\u00e9 odovzd\u00e1vane cien sa konalo 19. j\u00fana v&nbsp;Zrkadlovej sieni Primaci\u00e1lneho pal\u00e1ca. Cie\u013eom podujatia, nad ktor\u00fdm prevzala z\u00e1\u0161titu ministerka \u0161kolstva, vedy, v\u00fdskumu a \u0161portu SR, a&nbsp;ktor\u00e9 organizuje \u0160t\u00e1tny in\u0161tit\u00fat odborn\u00e9ho vzdel\u00e1vania &nbsp;je profesion\u00e1lne a&nbsp;spolo\u010densky vyzdvihn\u00fa\u0165 najv\u00fdznamnej\u0161ie osobnosti za ich dlhoro\u010dn\u00e9 z\u00e1sluhy a&nbsp;osobn\u00fd vklad do pr\u00e1ce s&nbsp; nadan\u00fdmi a&nbsp;talentovan\u00fdmi&nbsp; \u017eiakmi.<\/p>\n<p style=\"text-align: justify;\">Tak ako ich povolanie a&nbsp;spolupr\u00e1ca na SO\u010c, aj ocenenie t\u00fdchto pedag\u00f3gov bolo spojen\u00e9 s aktivitou \u017eiakov, ich talentom a&nbsp;zru\u010dnos\u0165ami. \u010eakovn\u00e9 listy si prevzali z&nbsp;r\u00fak ministerky \u0161kolstva, vedy, v\u00fdskumu a \u0161portu SR, Martiny Lubyovej a&nbsp;plakety, ktor\u00e9 s\u00fa dielom \u017eiakov Strednej odbornej \u0161koly skl\u00e1rskej Lednick\u00e9 Rovne odovzdal riadite\u013e \u0160t\u00e1tneho in\u0161tit\u00fatu odborn\u00e9ho vzdel\u00e1vania Michal N\u011bmec. Moderovanie podujatia a&nbsp;hudobn\u00fd program zabezpe\u010dili \u017eia\u010dky Konzervat\u00f3ria v&nbsp;Bratislave,&nbsp;o&nbsp;ob\u010derstvenie sa postarali \u017eiaci Hotelovej akad\u00e9mie \u013dudov\u00edta Wintera v&nbsp;Pie\u0161\u0165anoch a&nbsp;o&nbsp;kytice pre ocenen\u00fdch \u017eiaci <em>SO\u0160 <\/em>z\u00e1hradn\u00edckej Gust\u00e1va \u010cejku&nbsp;v <em>Malinove<\/em>.<\/p>\n<p style=\"text-align: justify;\">\u201eS&nbsp;dvomi vynikaj\u00facimi \u017eiakmi sme pracovali na integrovanej logike v\u00fd\u0165ahu. Poslali aj zlep\u0161ovac\u00ed n\u00e1vrh do Chrudimi v&nbsp;\u010ceskej republike. Dnes s\u00fa z&nbsp;nich \u00faspe\u0161n\u00ed in\u017einieri,\u201c spom\u00edna na niektor\u00e9 z&nbsp;pr\u00edbehov jeden z&nbsp;ocenen\u00fdch, zakladate\u013e SO\u010c v&nbsp;Ko\u0161iciach a&nbsp;dlhoro\u010dn\u00fd riadite\u013e Strednej odbornej \u0161koly automobilovej v&nbsp;Ko\u0161iciach, Jozef Eperje\u0161i. \u201eSO\u010c je ide\u00e1lnou pr\u00edle\u017eitos\u0165ou, kde sa v&nbsp;pr\u00edslu\u0161n\u00fdch odboroch stret\u00e1vaj\u00fa \u017eiaci rovnak\u00fdch z\u00e1ujmov. Rivalita a&nbsp;s\u00fa\u0165a\u017eivos\u0165 ich \u017eenie dopredu,\u201c kon\u0161tatoval ocenen\u00fd pedag\u00f3g. \u201eMimo\u0161kolsk\u00e1 pr\u00e1ca so \u0161tudentmi si vy\u017eaduje ve\u013ek\u00e9 mno\u017estvo \u010dasu, ktor\u00fd ide na \u00fakor oddychu u\u010dite\u013ea pr\u00edpadne jeho rodiny. Mysl\u00edm si, \u017ee aby to \u010dlovek mohol robi\u0165 dobre, mus\u00ed ho t\u00e1to pr\u00e1ca bavi\u0165. Nie v\u017edy vynalo\u017een\u00e9 \u00fasilie prinesie okam\u017eit\u00fd \u00faspech. Ale ur\u010dite je to dev\u00edza do bud\u00facnosti,\u201c zhodnotila \u010fal\u0161ia oce\u0148ovan\u00e1 pedagogi\u010dka Alica Virdzekov\u00e1. Pripomenula, \u017ee&nbsp; to, \u010do sa \u0161tudent nau\u010d\u00ed pri p\u00edsan\u00ed pr\u00e1ce, mu nikto nezoberie, s\u00fa to kompetencie, ktor\u00e9 vyu\u017eije aj pri&nbsp;\u010fal\u0161om \u0161t\u00fadiu alebo v&nbsp;\u017eivote. A&nbsp;pre u\u010dite\u013ea je to takisto nov\u00e1 sk\u00fasenos\u0165.<\/p>\n<p style=\"text-align: justify;\">Pri pr\u00edle\u017eitosti 40. ro\u010dn\u00edka SO\u010c bolo spolu ocenen\u00fdch a\u017e 246 pedag\u00f3gov. Okrem 44, ktor\u00ed si prevzali ocenenia v&nbsp;Primaci\u00e1lnom pal\u00e1ci bolo ocenen\u00fdch 51 pedag\u00f3gov na tohtoro\u010dnej celo\u0161t\u00e1tnej prehliadke SO\u010c v&nbsp;\u017diline 25.apr\u00edla a&nbsp;151 pedag\u00f3gom boli zaslan\u00e9 \u010fakovn\u00e9 listy prostredn\u00edctvom krajsk\u00fdch predsedov SO\u010c.<\/p>\n<p style=\"text-align: justify;\">Kontakt pre m\u00e9di\u00e1 \u2013 \u0160t\u00e1tny in\u0161tit\u00fat odborn\u00e9ho vzdel\u00e1vania:<\/p>\n<p style=\"text-align: justify;\">Ing. Tom\u00e1\u0161 Kurtansk\u00fd: tel.: +421 911 231&nbsp;736; tomas.kurtansky@siov.sk<\/p>\n<p style=\"text-align: justify;\">&nbsp;<\/p>","protected":false},"excerpt":{"rendered":"<p>Vychovali nieko\u013eko gener\u00e1ci\u00ed \u00faspe\u0161n\u00fdch absolventov. \u010casto na \u00fakor svojho vo\u013en\u00e9ho \u010dasu podnecuj\u00fa k&nbsp;mimo\u0161kolskej aktivite a&nbsp;napom\u00e1haj\u00fa rozvoju zru\u010dnosti i&nbsp;osobn\u00e9mu rastu ml\u00e1de\u017ee. \u0160tyridsa\u0165\u0161tyri v\u00fdnimo\u010dn\u00fdch pedag\u00f3gov z&nbsp;cel\u00e9ho Slovenska si dnes prevzalo ocenenie za dlhoro\u010dn\u00fa pr\u00e1cu v&nbsp;r\u00e1mci Stredo\u0161kolskej odbornej \u010dinnosti (SO\u010c). Ob\u013e\u00faben\u00e1 \u201eSO\u010c-ka\u201c oslavuje v\u00fdznamn\u00e9 jubileum, 40 rokov od svojho vzniku. Ministerstvo \u0161kolstva, vedy, v\u00fdskumu a&nbsp;\u0161portu SR a&nbsp;\u0160t\u00e1tny in\u0161tit\u00fat [&hellip;]<\/p>\n","protected":false},"author":1,"featured_media":2426,"comment_status":"closed","ping_status":"closed","sticky":false,"template":"","format":"standard","meta":{"site-sidebar-layout":"default","site-content-layout":"","ast-site-content-layout":"default","site-content-style":"default","site-sidebar-style":"default","ast-global-header-display":"","ast-banner-title-visibility":"","ast-main-header-display":"","ast-hfb-above-header-display":"","ast-hfb-below-header-display":"","ast-hfb-mobile-header-display":"","site-post-title":"","ast-breadcrumbs-content":"","ast-featured-img":"","footer-sml-layout":"","ast-disable-related-posts":"","theme-transparent-header-meta":"","adv-header-id-meta":"","stick-header-meta":"","header-above-stick-meta":"","header-main-stick-meta":"","header-below-stick-meta":"","astra-migrate-meta-layouts":"default","ast-page-background-enabled":"default","ast-page-background-meta":{"desktop":{"background-color":"var(--ast-global-color-4)","background-image":"","background-repeat":"repeat","background-position":"center center","background-size":"auto","background-attachment":"scroll","background-type":"","background-media":"","overlay-type":"","overlay-color":"","overlay-opacity":"","overlay-gradient":""},"tablet":{"background-color":"","background-image":"","background-repeat":"repeat","background-position":"center center","background-size":"auto","background-attachment":"scroll","background-type":"","background-media":"","overlay-type":"","overlay-color":"","overlay-opacity":"","overlay-gradient":""},"mobile":{"background-color":"","background-image":"","background-repeat":"repeat","background-position":"center center","background-size":"auto","background-attachment":"scroll","background-type":"","background-media":"","overlay-type":"","overlay-color":"","overlay-opacity":"","overlay-gradient":""}},"ast-content-background-meta":{"desktop":{"background-color":"var(--ast-global-color-5)","background-image":"","background-repeat":"repeat","background-position":"center center","background-size":"auto","background-attachment":"scroll","background-type":"","background-media":"","overlay-type":"","overlay-color":"","overlay-opacity":"","overlay-gradient":""},"tablet":{"background-color":"var(--ast-global-color-5)","background-image":"","background-repeat":"repeat","background-position":"center center","background-size":"auto","background-attachment":"scroll","background-type":"","background-media":"","overlay-type":"","overlay-color":"","overlay-opacity":"","overlay-gradient":""},"mobile":{"background-color":"var(--ast-global-color-5)","background-image":"","background-repeat":"repeat","background-position":"center center","background-size":"auto","background-attachment":"scroll","background-type":"","background-media":"","overlay-type":"","overlay-color":"","overlay-opacity":"","overlay-gradient":""}},"footnotes":""},"categories":[1],"tags":[],"class_list":["post-2422","post","type-post","status-publish","format-standard","has-post-thumbnail","hentry","category-aktuality"],"yoast_head":"<!-- This site is optimized with the Yoast SEO plugin v27.5 - https:\/\/yoast.com\/product\/yoast-seo-wordpress\/ -->\n<title>V\u00fdnimo\u010dn\u00fdch pedag\u00f3gov ocenili za dlhoro\u010dn\u00fa pr\u00e1cu s talentovanou ml\u00e1de\u017eou - \u0160IOV - \u0161t\u00e1tny in\u0161tit\u00fat odborn\u00e9ho vzdel\u00e1vania<\/title>\n<meta name=\"robots\" content=\"index, follow, max-snippet:-1, max-image-preview:large, max-video-preview:-1\" \/>\n<link rel=\"canonical\" href=\"https:\/\/archiv.siov.sk\/en\/vynimocnych-pedagogov-ocenili-za-dlhorocnu-pracu-s-talentovanou-mladezou\/\" \/>\n<meta property=\"og:locale\" content=\"en_GB\" \/>\n<meta property=\"og:type\" content=\"article\" \/>\n<meta property=\"og:title\" content=\"V\u00fdnimo\u010dn\u00fdch pedag\u00f3gov ocenili za dlhoro\u010dn\u00fa pr\u00e1cu s talentovanou ml\u00e1de\u017eou - \u0160IOV - \u0161t\u00e1tny in\u0161tit\u00fat odborn\u00e9ho vzdel\u00e1vania\" \/>\n<meta property=\"og:description\" content=\"Vychovali nieko\u013eko gener\u00e1ci\u00ed \u00faspe\u0161n\u00fdch absolventov. \u010casto na \u00fakor svojho vo\u013en\u00e9ho \u010dasu podnecuj\u00fa k&nbsp;mimo\u0161kolskej aktivite a&nbsp;napom\u00e1haj\u00fa rozvoju zru\u010dnosti i&nbsp;osobn\u00e9mu rastu ml\u00e1de\u017ee. \u0160tyridsa\u0165\u0161tyri v\u00fdnimo\u010dn\u00fdch pedag\u00f3gov z&nbsp;cel\u00e9ho Slovenska si dnes prevzalo ocenenie za dlhoro\u010dn\u00fa pr\u00e1cu v&nbsp;r\u00e1mci Stredo\u0161kolskej odbornej \u010dinnosti (SO\u010c). Ob\u013e\u00faben\u00e1 \u201eSO\u010c-ka\u201c oslavuje v\u00fdznamn\u00e9 jubileum, 40 rokov od svojho vzniku. Ministerstvo \u0161kolstva, vedy, v\u00fdskumu a&nbsp;\u0161portu SR a&nbsp;\u0160t\u00e1tny in\u0161tit\u00fat [&hellip;]\" \/>\n<meta property=\"og:url\" content=\"https:\/\/archiv.siov.sk\/en\/vynimocnych-pedagogov-ocenili-za-dlhorocnu-pracu-s-talentovanou-mladezou\/\" \/>\n<meta property=\"og:site_name\" content=\"\u0160IOV - \u0161t\u00e1tny in\u0161tit\u00fat odborn\u00e9ho vzdel\u00e1vania\" \/>\n<meta property=\"article:publisher\" content=\"https:\/\/www.facebook.com\/Statnyinstitutodbornehovzdelavania\" \/>\n<meta property=\"article:published_time\" content=\"2018-07-02T08:19:26+00:00\" \/>\n<meta property=\"article:modified_time\" content=\"2019-02-14T09:22:17+00:00\" \/>\n<meta property=\"og:image\" content=\"https:\/\/archiv.siov.sk\/wp-content\/uploads\/2019\/02\/top_ucitel.jpg\" \/>\n\t<meta property=\"og:image:width\" content=\"1100\" \/>\n\t<meta property=\"og:image:height\" content=\"445\" \/>\n\t<meta property=\"og:image:type\" content=\"image\/jpeg\" \/>\n<meta name=\"author\" content=\"siovadmin\" \/>\n<meta name=\"twitter:card\" content=\"summary_large_image\" \/>\n<meta name=\"twitter:label1\" content=\"Written by\" \/>\n\t<meta name=\"twitter:data1\" content=\"siovadmin\" \/>\n\t<meta name=\"twitter:label2\" content=\"Estimated reading time\" \/>\n\t<meta name=\"twitter:data2\" content=\"3 minutes\" \/>\n<script type=\"application\/ld+json\" class=\"yoast-schema-graph\">{\"@context\":\"https:\\\/\\\/schema.org\",\"@graph\":[{\"@type\":\"Article\",\"@id\":\"https:\\\/\\\/archiv.siov.sk\\\/vynimocnych-pedagogov-ocenili-za-dlhorocnu-pracu-s-talentovanou-mladezou\\\/#article\",\"isPartOf\":{\"@id\":\"https:\\\/\\\/archiv.siov.sk\\\/vynimocnych-pedagogov-ocenili-za-dlhorocnu-pracu-s-talentovanou-mladezou\\\/\"},\"author\":{\"name\":\"siovadmin\",\"@id\":\"https:\\\/\\\/archiv.siov.sk\\\/#\\\/schema\\\/person\\\/7ae8d95216a02464a9ae6c8dcf8a4018\"},\"headline\":\"V\u00fdnimo\u010dn\u00fdch pedag\u00f3gov ocenili za dlhoro\u010dn\u00fa pr\u00e1cu s talentovanou ml\u00e1de\u017eou\",\"datePublished\":\"2018-07-02T08:19:26+00:00\",\"dateModified\":\"2019-02-14T09:22:17+00:00\",\"mainEntityOfPage\":{\"@id\":\"https:\\\/\\\/archiv.siov.sk\\\/vynimocnych-pedagogov-ocenili-za-dlhorocnu-pracu-s-talentovanou-mladezou\\\/\"},\"wordCount\":674,\"publisher\":{\"@id\":\"https:\\\/\\\/archiv.siov.sk\\\/#organization\"},\"image\":{\"@id\":\"https:\\\/\\\/archiv.siov.sk\\\/vynimocnych-pedagogov-ocenili-za-dlhorocnu-pracu-s-talentovanou-mladezou\\\/#primaryimage\"},\"thumbnailUrl\":\"https:\\\/\\\/archiv.siov.sk\\\/wp-content\\\/uploads\\\/2019\\\/02\\\/top_ucitel.jpg\",\"articleSection\":[\"Aktuality\"],\"inLanguage\":\"en-GB\"},{\"@type\":\"WebPage\",\"@id\":\"https:\\\/\\\/archiv.siov.sk\\\/vynimocnych-pedagogov-ocenili-za-dlhorocnu-pracu-s-talentovanou-mladezou\\\/\",\"url\":\"https:\\\/\\\/archiv.siov.sk\\\/vynimocnych-pedagogov-ocenili-za-dlhorocnu-pracu-s-talentovanou-mladezou\\\/\",\"name\":\"V\u00fdnimo\u010dn\u00fdch pedag\u00f3gov ocenili za dlhoro\u010dn\u00fa pr\u00e1cu s talentovanou ml\u00e1de\u017eou - \u0160IOV - \u0161t\u00e1tny in\u0161tit\u00fat odborn\u00e9ho vzdel\u00e1vania\",\"isPartOf\":{\"@id\":\"https:\\\/\\\/archiv.siov.sk\\\/#website\"},\"primaryImageOfPage\":{\"@id\":\"https:\\\/\\\/archiv.siov.sk\\\/vynimocnych-pedagogov-ocenili-za-dlhorocnu-pracu-s-talentovanou-mladezou\\\/#primaryimage\"},\"image\":{\"@id\":\"https:\\\/\\\/archiv.siov.sk\\\/vynimocnych-pedagogov-ocenili-za-dlhorocnu-pracu-s-talentovanou-mladezou\\\/#primaryimage\"},\"thumbnailUrl\":\"https:\\\/\\\/archiv.siov.sk\\\/wp-content\\\/uploads\\\/2019\\\/02\\\/top_ucitel.jpg\",\"datePublished\":\"2018-07-02T08:19:26+00:00\",\"dateModified\":\"2019-02-14T09:22:17+00:00\",\"breadcrumb\":{\"@id\":\"https:\\\/\\\/archiv.siov.sk\\\/vynimocnych-pedagogov-ocenili-za-dlhorocnu-pracu-s-talentovanou-mladezou\\\/#breadcrumb\"},\"inLanguage\":\"en-GB\",\"potentialAction\":[{\"@type\":\"ReadAction\",\"target\":[\"https:\\\/\\\/archiv.siov.sk\\\/vynimocnych-pedagogov-ocenili-za-dlhorocnu-pracu-s-talentovanou-mladezou\\\/\"]}]},{\"@type\":\"ImageObject\",\"inLanguage\":\"en-GB\",\"@id\":\"https:\\\/\\\/archiv.siov.sk\\\/vynimocnych-pedagogov-ocenili-za-dlhorocnu-pracu-s-talentovanou-mladezou\\\/#primaryimage\",\"url\":\"https:\\\/\\\/archiv.siov.sk\\\/wp-content\\\/uploads\\\/2019\\\/02\\\/top_ucitel.jpg\",\"contentUrl\":\"https:\\\/\\\/archiv.siov.sk\\\/wp-content\\\/uploads\\\/2019\\\/02\\\/top_ucitel.jpg\",\"width\":1100,\"height\":445,\"caption\":\"V\u00fdnimo\u010dn\u00fdch pedag\u00f3gov ocenili za dlhoro\u010dn\u00fa pr\u00e1cu s talentovanou ml\u00e1de\u017eou\"},{\"@type\":\"BreadcrumbList\",\"@id\":\"https:\\\/\\\/archiv.siov.sk\\\/vynimocnych-pedagogov-ocenili-za-dlhorocnu-pracu-s-talentovanou-mladezou\\\/#breadcrumb\",\"itemListElement\":[{\"@type\":\"ListItem\",\"position\":1,\"name\":\"Home\",\"item\":\"https:\\\/\\\/archiv.siov.sk\\\/\"},{\"@type\":\"ListItem\",\"position\":2,\"name\":\"V\u00fdnimo\u010dn\u00fdch pedag\u00f3gov ocenili za dlhoro\u010dn\u00fa pr\u00e1cu s talentovanou ml\u00e1de\u017eou\"}]},{\"@type\":\"WebSite\",\"@id\":\"https:\\\/\\\/archiv.siov.sk\\\/#website\",\"url\":\"https:\\\/\\\/archiv.siov.sk\\\/\",\"name\":\"\u0160IOV - \u0161t\u00e1tny in\u0161tit\u00fat odborn\u00e9ho vzdel\u00e1vania\",\"description\":\"\",\"publisher\":{\"@id\":\"https:\\\/\\\/archiv.siov.sk\\\/#organization\"},\"potentialAction\":[{\"@type\":\"SearchAction\",\"target\":{\"@type\":\"EntryPoint\",\"urlTemplate\":\"https:\\\/\\\/archiv.siov.sk\\\/?s={search_term_string}\"},\"query-input\":{\"@type\":\"PropertyValueSpecification\",\"valueRequired\":true,\"valueName\":\"search_term_string\"}}],\"inLanguage\":\"en-GB\"},{\"@type\":\"Organization\",\"@id\":\"https:\\\/\\\/archiv.siov.sk\\\/#organization\",\"name\":\"\u0160IOV - \u0161t\u00e1tny in\u0161tit\u00fat odborn\u00e9ho vzdel\u00e1vania\",\"url\":\"https:\\\/\\\/archiv.siov.sk\\\/\",\"logo\":{\"@type\":\"ImageObject\",\"inLanguage\":\"en-GB\",\"@id\":\"https:\\\/\\\/archiv.siov.sk\\\/#\\\/schema\\\/logo\\\/image\\\/\",\"url\":\"https:\\\/\\\/archiv.siov.sk\\\/wp-content\\\/uploads\\\/2024\\\/02\\\/logo-SIOV.png\",\"contentUrl\":\"https:\\\/\\\/archiv.siov.sk\\\/wp-content\\\/uploads\\\/2024\\\/02\\\/logo-SIOV.png\",\"width\":431,\"height\":143,\"caption\":\"\u0160IOV - \u0161t\u00e1tny in\u0161tit\u00fat odborn\u00e9ho vzdel\u00e1vania\"},\"image\":{\"@id\":\"https:\\\/\\\/archiv.siov.sk\\\/#\\\/schema\\\/logo\\\/image\\\/\"},\"sameAs\":[\"https:\\\/\\\/www.facebook.com\\\/Statnyinstitutodbornehovzdelavania\"]},{\"@type\":\"Person\",\"@id\":\"https:\\\/\\\/archiv.siov.sk\\\/#\\\/schema\\\/person\\\/7ae8d95216a02464a9ae6c8dcf8a4018\",\"name\":\"siovadmin\",\"url\":\"https:\\\/\\\/archiv.siov.sk\\\/en\\\/author\\\/siovadmin\\\/\"}]}<\/script>\n<!-- \/ Yoast SEO plugin. -->","yoast_head_json":{"title":"V\u00fdnimo\u010dn\u00fdch pedag\u00f3gov ocenili za dlhoro\u010dn\u00fa pr\u00e1cu s talentovanou ml\u00e1de\u017eou - \u0160IOV - \u0161t\u00e1tny in\u0161tit\u00fat odborn\u00e9ho vzdel\u00e1vania","robots":{"index":"index","follow":"follow","max-snippet":"max-snippet:-1","max-image-preview":"max-image-preview:large","max-video-preview":"max-video-preview:-1"},"canonical":"https:\/\/archiv.siov.sk\/en\/vynimocnych-pedagogov-ocenili-za-dlhorocnu-pracu-s-talentovanou-mladezou\/","og_locale":"en_GB","og_type":"article","og_title":"V\u00fdnimo\u010dn\u00fdch pedag\u00f3gov ocenili za dlhoro\u010dn\u00fa pr\u00e1cu s talentovanou ml\u00e1de\u017eou - \u0160IOV - \u0161t\u00e1tny in\u0161tit\u00fat odborn\u00e9ho vzdel\u00e1vania","og_description":"Vychovali nieko\u013eko gener\u00e1ci\u00ed \u00faspe\u0161n\u00fdch absolventov. \u010casto na \u00fakor svojho vo\u013en\u00e9ho \u010dasu podnecuj\u00fa k&nbsp;mimo\u0161kolskej aktivite a&nbsp;napom\u00e1haj\u00fa rozvoju zru\u010dnosti i&nbsp;osobn\u00e9mu rastu ml\u00e1de\u017ee. \u0160tyridsa\u0165\u0161tyri v\u00fdnimo\u010dn\u00fdch pedag\u00f3gov z&nbsp;cel\u00e9ho Slovenska si dnes prevzalo ocenenie za dlhoro\u010dn\u00fa pr\u00e1cu v&nbsp;r\u00e1mci Stredo\u0161kolskej odbornej \u010dinnosti (SO\u010c). Ob\u013e\u00faben\u00e1 \u201eSO\u010c-ka\u201c oslavuje v\u00fdznamn\u00e9 jubileum, 40 rokov od svojho vzniku. Ministerstvo \u0161kolstva, vedy, v\u00fdskumu a&nbsp;\u0161portu SR a&nbsp;\u0160t\u00e1tny in\u0161tit\u00fat [&hellip;]","og_url":"https:\/\/archiv.siov.sk\/en\/vynimocnych-pedagogov-ocenili-za-dlhorocnu-pracu-s-talentovanou-mladezou\/","og_site_name":"\u0160IOV - \u0161t\u00e1tny in\u0161tit\u00fat odborn\u00e9ho vzdel\u00e1vania","article_publisher":"https:\/\/www.facebook.com\/Statnyinstitutodbornehovzdelavania","article_published_time":"2018-07-02T08:19:26+00:00","article_modified_time":"2019-02-14T09:22:17+00:00","og_image":[{"width":1100,"height":445,"url":"https:\/\/archiv.siov.sk\/wp-content\/uploads\/2019\/02\/top_ucitel.jpg","type":"image\/jpeg"}],"author":"siovadmin","twitter_card":"summary_large_image","twitter_misc":{"Written by":"siovadmin","Estimated reading time":"3 minutes"},"schema":{"@context":"https:\/\/schema.org","@graph":[{"@type":"Article","@id":"https:\/\/archiv.siov.sk\/vynimocnych-pedagogov-ocenili-za-dlhorocnu-pracu-s-talentovanou-mladezou\/#article","isPartOf":{"@id":"https:\/\/archiv.siov.sk\/vynimocnych-pedagogov-ocenili-za-dlhorocnu-pracu-s-talentovanou-mladezou\/"},"author":{"name":"siovadmin","@id":"https:\/\/archiv.siov.sk\/#\/schema\/person\/7ae8d95216a02464a9ae6c8dcf8a4018"},"headline":"V\u00fdnimo\u010dn\u00fdch pedag\u00f3gov ocenili za dlhoro\u010dn\u00fa pr\u00e1cu s talentovanou ml\u00e1de\u017eou","datePublished":"2018-07-02T08:19:26+00:00","dateModified":"2019-02-14T09:22:17+00:00","mainEntityOfPage":{"@id":"https:\/\/archiv.siov.sk\/vynimocnych-pedagogov-ocenili-za-dlhorocnu-pracu-s-talentovanou-mladezou\/"},"wordCount":674,"publisher":{"@id":"https:\/\/archiv.siov.sk\/#organization"},"image":{"@id":"https:\/\/archiv.siov.sk\/vynimocnych-pedagogov-ocenili-za-dlhorocnu-pracu-s-talentovanou-mladezou\/#primaryimage"},"thumbnailUrl":"https:\/\/archiv.siov.sk\/wp-content\/uploads\/2019\/02\/top_ucitel.jpg","articleSection":["Aktuality"],"inLanguage":"en-GB"},{"@type":"WebPage","@id":"https:\/\/archiv.siov.sk\/vynimocnych-pedagogov-ocenili-za-dlhorocnu-pracu-s-talentovanou-mladezou\/","url":"https:\/\/archiv.siov.sk\/vynimocnych-pedagogov-ocenili-za-dlhorocnu-pracu-s-talentovanou-mladezou\/","name":"V\u00fdnimo\u010dn\u00fdch pedag\u00f3gov ocenili za dlhoro\u010dn\u00fa pr\u00e1cu s talentovanou ml\u00e1de\u017eou - \u0160IOV - \u0161t\u00e1tny in\u0161tit\u00fat odborn\u00e9ho vzdel\u00e1vania","isPartOf":{"@id":"https:\/\/archiv.siov.sk\/#website"},"primaryImageOfPage":{"@id":"https:\/\/archiv.siov.sk\/vynimocnych-pedagogov-ocenili-za-dlhorocnu-pracu-s-talentovanou-mladezou\/#primaryimage"},"image":{"@id":"https:\/\/archiv.siov.sk\/vynimocnych-pedagogov-ocenili-za-dlhorocnu-pracu-s-talentovanou-mladezou\/#primaryimage"},"thumbnailUrl":"https:\/\/archiv.siov.sk\/wp-content\/uploads\/2019\/02\/top_ucitel.jpg","datePublished":"2018-07-02T08:19:26+00:00","dateModified":"2019-02-14T09:22:17+00:00","breadcrumb":{"@id":"https:\/\/archiv.siov.sk\/vynimocnych-pedagogov-ocenili-za-dlhorocnu-pracu-s-talentovanou-mladezou\/#breadcrumb"},"inLanguage":"en-GB","potentialAction":[{"@type":"ReadAction","target":["https:\/\/archiv.siov.sk\/vynimocnych-pedagogov-ocenili-za-dlhorocnu-pracu-s-talentovanou-mladezou\/"]}]},{"@type":"ImageObject","inLanguage":"en-GB","@id":"https:\/\/archiv.siov.sk\/vynimocnych-pedagogov-ocenili-za-dlhorocnu-pracu-s-talentovanou-mladezou\/#primaryimage","url":"https:\/\/archiv.siov.sk\/wp-content\/uploads\/2019\/02\/top_ucitel.jpg","contentUrl":"https:\/\/archiv.siov.sk\/wp-content\/uploads\/2019\/02\/top_ucitel.jpg","width":1100,"height":445,"caption":"V\u00fdnimo\u010dn\u00fdch pedag\u00f3gov ocenili za dlhoro\u010dn\u00fa pr\u00e1cu s talentovanou ml\u00e1de\u017eou"},{"@type":"BreadcrumbList","@id":"https:\/\/archiv.siov.sk\/vynimocnych-pedagogov-ocenili-za-dlhorocnu-pracu-s-talentovanou-mladezou\/#breadcrumb","itemListElement":[{"@type":"ListItem","position":1,"name":"Home","item":"https:\/\/archiv.siov.sk\/"},{"@type":"ListItem","position":2,"name":"V\u00fdnimo\u010dn\u00fdch pedag\u00f3gov ocenili za dlhoro\u010dn\u00fa pr\u00e1cu s talentovanou ml\u00e1de\u017eou"}]},{"@type":"WebSite","@id":"https:\/\/archiv.siov.sk\/#website","url":"https:\/\/archiv.siov.sk\/","name":"\u0160IOV - \u0161t\u00e1tny in\u0161tit\u00fat odborn\u00e9ho vzdel\u00e1vania","description":"","publisher":{"@id":"https:\/\/archiv.siov.sk\/#organization"},"potentialAction":[{"@type":"SearchAction","target":{"@type":"EntryPoint","urlTemplate":"https:\/\/archiv.siov.sk\/?s={search_term_string}"},"query-input":{"@type":"PropertyValueSpecification","valueRequired":true,"valueName":"search_term_string"}}],"inLanguage":"en-GB"},{"@type":"Organization","@id":"https:\/\/archiv.siov.sk\/#organization","name":"\u0160IOV - \u0161t\u00e1tny in\u0161tit\u00fat odborn\u00e9ho vzdel\u00e1vania","url":"https:\/\/archiv.siov.sk\/","logo":{"@type":"ImageObject","inLanguage":"en-GB","@id":"https:\/\/archiv.siov.sk\/#\/schema\/logo\/image\/","url":"https:\/\/archiv.siov.sk\/wp-content\/uploads\/2024\/02\/logo-SIOV.png","contentUrl":"https:\/\/archiv.siov.sk\/wp-content\/uploads\/2024\/02\/logo-SIOV.png","width":431,"height":143,"caption":"\u0160IOV - \u0161t\u00e1tny in\u0161tit\u00fat odborn\u00e9ho vzdel\u00e1vania"},"image":{"@id":"https:\/\/archiv.siov.sk\/#\/schema\/logo\/image\/"},"sameAs":["https:\/\/www.facebook.com\/Statnyinstitutodbornehovzdelavania"]},{"@type":"Person","@id":"https:\/\/archiv.siov.sk\/#\/schema\/person\/7ae8d95216a02464a9ae6c8dcf8a4018","name":"siovadmin","url":"https:\/\/archiv.siov.sk\/en\/author\/siovadmin\/"}]}},"_links":{"self":[{"href":"https:\/\/archiv.siov.sk\/en\/wp-json\/wp\/v2\/posts\/2422","targetHints":{"allow":["GET"]}}],"collection":[{"href":"https:\/\/archiv.siov.sk\/en\/wp-json\/wp\/v2\/posts"}],"about":[{"href":"https:\/\/archiv.siov.sk\/en\/wp-json\/wp\/v2\/types\/post"}],"author":[{"embeddable":true,"href":"https:\/\/archiv.siov.sk\/en\/wp-json\/wp\/v2\/users\/1"}],"replies":[{"embeddable":true,"href":"https:\/\/archiv.siov.sk\/en\/wp-json\/wp\/v2\/comments?post=2422"}],"version-history":[{"count":1,"href":"https:\/\/archiv.siov.sk\/en\/wp-json\/wp\/v2\/posts\/2422\/revisions"}],"predecessor-version":[{"id":2428,"href":"https:\/\/archiv.siov.sk\/en\/wp-json\/wp\/v2\/posts\/2422\/revisions\/2428"}],"wp:featuredmedia":[{"embeddable":true,"href":"https:\/\/archiv.siov.sk\/en\/wp-json\/wp\/v2\/media\/2426"}],"wp:attachment":[{"href":"https:\/\/archiv.siov.sk\/en\/wp-json\/wp\/v2\/media?parent=2422"}],"wp:term":[{"taxonomy":"category","embeddable":true,"href":"https:\/\/archiv.siov.sk\/en\/wp-json\/wp\/v2\/categories?post=2422"},{"taxonomy":"post_tag","embeddable":true,"href":"https:\/\/archiv.siov.sk\/en\/wp-json\/wp\/v2\/tags?post=2422"}],"curies":[{"name":"wp","href":"https:\/\/api.w.org\/{rel}","templated":true}]}}