{"id":2419,"date":"2018-05-29T10:18:20","date_gmt":"2018-05-29T08:18:20","guid":{"rendered":"http:\/\/archiv.siov.sk\/?p=2419"},"modified":"2019-02-14T10:19:12","modified_gmt":"2019-02-14T09:19:12","slug":"dualny-system-maju-nastartovat-zmeny-v-legislative-a-aktivity-siov","status":"publish","type":"post","link":"https:\/\/archiv.siov.sk\/en\/dualny-system-maju-nastartovat-zmeny-v-legislative-a-aktivity-siov\/","title":{"rendered":"Du\u00e1lny syst\u00e9m maj\u00fa na\u0161tartova\u0165 zmeny v legislat\u00edve a aktivity \u0160IOV"},"content":{"rendered":"<p style=\"text-align: justify;\"><em>Priame platby, neskor\u0161ie term\u00edny prihl\u00e1\u0161ok, zru\u0161enie kr\u00e1tenia normat\u00edvu, intenz\u00edvnej\u0161ie zapojenie zamestn\u00e1vate\u013eov a&nbsp;podpora firiem, \u0161k\u00f4l, ako i&nbsp;rodi\u010dov a&nbsp;\u017eiakov pri vstupe do syst\u00e9mu maj\u00fa pom\u00f4c\u0165 vstupu 12&nbsp;000 \u017eiakov do du\u00e1lu. <\/em><\/p>\n<p style=\"text-align: justify;\">R\u00fdchlej\u0161\u00ed rozbeh du\u00e1lneho syst\u00e9mu na Slovensku maj\u00fa podpori\u0165 novinky v&nbsp;legislat\u00edve a&nbsp;nov\u00e9 opatrenia v&nbsp;r\u00e1mci N\u00e1rodn\u00e9ho projektu Du\u00e1lne vzdel\u00e1vanie a zv\u00fd\u0161enie atraktivity a kvality odborn\u00e9ho vzdel\u00e1vania a&nbsp;pr\u00edpravy. \u201eU\u017e len v\u010faka ohl\u00e1seniu t\u00fdchto zmien poci\u0165ujeme od zamestn\u00e1vate\u013eov a&nbsp;\u0161k\u00f4l zv\u00fd\u0161en\u00fd z\u00e1ujem o&nbsp;zapojenie sa do du\u00e1lu,\u201c uviedol riadite\u013e \u0160t\u00e1tneho in\u0161tit\u00fatu odborn\u00e9ho vzdel\u00e1vania (\u0160IOV) Michal N\u011bmec na konferencii Asoci\u00e1cie zamestn\u00e1vate\u013esk\u00fdch zv\u00e4zov a&nbsp;zdru\u017een\u00ed SR (AZZZ SR) a&nbsp;spolo\u010dnosti Trexima, ktor\u00e1 sa kon\u00e1 28.-29.m\u00e1ja v&nbsp;Slia\u010di.<\/p>\n<p style=\"text-align: justify;\">Z&nbsp;legislat\u00edvnych zmien v&nbsp;r\u00e1mci do parlamentu predlo\u017eenej novely Z\u00e1kona o&nbsp;odbornom vzdel\u00e1van\u00ed a&nbsp;pr\u00edprave (\u010d. 61\/2015 Z. z.), ktor\u00e1 by mala plati\u0165 u\u017e v \u0161kolskom roku 2018\/2019 vyzdvihol napr\u00edklad zavedenie priamych platieb. Tie pom\u00f4\u017eu vstupova\u0165 do &nbsp;syst\u00e9mu du\u00e1lneho vzdel\u00e1vania (SDV) aj men\u0161\u00edm firm\u00e1m. Mal\u00e9 a&nbsp;stredn\u00e9 podniky bud\u00fa m\u00f4c\u0165 pri otv\u00e1ran\u00ed u\u010debn\u00fdch miest z\u00edska\u0165 pr\u00edspevok a\u017e 1000 eur na ka\u017ed\u00e9ho \u017eiaka. V&nbsp;pr\u00edpade ve\u013ek\u00fdch zamestn\u00e1vate\u013eov to bude 700 eur na \u017eiaka pri poskytnut\u00ed praktick\u00e9ho vyu\u010dovania nad 400 hod\u00edn a&nbsp;300 eur pri praktickom vyu\u010dovan\u00ed v&nbsp;rozsahu 200 a\u017e 400 hod\u00edn na \u0161kolsk\u00fd rok. Ako pritom zd\u00f4raznil, doteraj\u0161ie da\u0148ov\u00e9 benefity pre zamestn\u00e1vate\u013eov zapojen\u00fdch do syst\u00e9mu du\u00e1lneho vzdel\u00e1vania pritom zost\u00e1vaj\u00fa v&nbsp;p\u00f4vodnej v\u00fd\u0161ke.<\/p>\n<p style=\"text-align: justify;\">Pre zamestn\u00e1vate\u013eov bude \u010falej pod\u013ea M. N\u011bmca v\u00edtanou zmenou celkov\u00e9 zn\u00ed\u017eenie byrokracie spojenej so vstupom do syst\u00e9mu du\u00e1lneho vzdel\u00e1vania, vypustenie vzorov\u00fdch u\u010debn\u00fdch pl\u00e1nov, zavedenie in\u0161tit\u00fatu hlavn\u00e9ho in\u0161truktora \u010di pred\u013a\u017eenie mo\u017enosti poskytova\u0165 praktick\u00e9 vyu\u010dovanie od 6:00 a\u017e do 22:00 hodiny.<\/p>\n<p style=\"text-align: justify;\">Novela takisto prin\u00e1\u0161a zmeny, ktor\u00e9 po\u017eadovali \u0161koly, medzi in\u00fdm je to nekr\u00e1tanie normat\u00edvu na \u017eiaka pre stredn\u00e9 odborn\u00e9 \u0161koly v&nbsp;du\u00e1lnom syst\u00e9me, \u010di mo\u017enos\u0165 \u017eiakov vstupova\u0165 do syst\u00e9mu a\u017e do 15. septembra, ale v&nbsp;pr\u00edpade&nbsp; nenaplnenia o\u010dak\u00e1van\u00e9ho po\u010dtu \u017eiakov dokonca a\u017e do 31. janu\u00e1ra.<\/p>\n<p style=\"text-align: justify;\">Popri zmen\u00e1ch vypl\u00fdvaj\u00facich z&nbsp;novely bude k\u013e\u00fa\u010dov\u00fa \u00falohu pri podpore syst\u00e9mu zohr\u00e1va\u0165 N\u00e1rodn\u00fd projekt Du\u00e1lne vzdel\u00e1vanie a zv\u00fd\u0161enie atraktivity a kvality OVP. V&nbsp;r\u00e1mci neho sa zintenz\u00edv\u0148uje spolupr\u00e1ca so zamestn\u00e1vate\u013emi, zefekt\u00edv\u0148uje sa sprev\u00e1dzanie firiem, stredn\u00fdch odborn\u00fdch \u0161k\u00f4l, ako i \u017eiakov a&nbsp;rodi\u010dov pri vstupe do SDV. Prioritou je taktie\u017e rozbehnutie efekt\u00edvnej medi\u00e1lnej podpory OVP a&nbsp;SDV. \u201eV\u0161etky tieto aktivity smeruj\u00fa k&nbsp;dosiahnutiu hlavn\u00e9ho cie\u013ea projektu, ktor\u00fdm je zapojenie 12 tis\u00edc \u017eiakov a&nbsp;1450 zamestn\u00e1vate\u013eov do syst\u00e9mu du\u00e1lneho vzdel\u00e1vania do decembra 2020,\u201c vyhl\u00e1sil riadite\u013e \u0160t\u00e1tneho in\u0161tit\u00fatu odborn\u00e9ho vzdel\u00e1vania.<\/p>\n<p style=\"text-align: justify;\">&nbsp;<\/p>\n<p style=\"text-align: justify;\">&nbsp;<\/p>","protected":false},"excerpt":{"rendered":"<p>Priame platby, neskor\u0161ie term\u00edny prihl\u00e1\u0161ok, zru\u0161enie kr\u00e1tenia normat\u00edvu, intenz\u00edvnej\u0161ie zapojenie zamestn\u00e1vate\u013eov a&nbsp;podpora firiem, \u0161k\u00f4l, ako i&nbsp;rodi\u010dov a&nbsp;\u017eiakov pri vstupe do syst\u00e9mu maj\u00fa pom\u00f4c\u0165 vstupu 12&nbsp;000 \u017eiakov do du\u00e1lu. R\u00fdchlej\u0161\u00ed rozbeh du\u00e1lneho syst\u00e9mu na Slovensku maj\u00fa podpori\u0165 novinky v&nbsp;legislat\u00edve a&nbsp;nov\u00e9 opatrenia v&nbsp;r\u00e1mci N\u00e1rodn\u00e9ho projektu Du\u00e1lne vzdel\u00e1vanie a zv\u00fd\u0161enie atraktivity a kvality odborn\u00e9ho vzdel\u00e1vania a&nbsp;pr\u00edpravy. \u201eU\u017e len [&hellip;]<\/p>\n","protected":false},"author":1,"featured_media":2355,"comment_status":"closed","ping_status":"closed","sticky":false,"template":"","format":"standard","meta":{"site-sidebar-layout":"default","site-content-layout":"","ast-site-content-layout":"default","site-content-style":"default","site-sidebar-style":"default","ast-global-header-display":"","ast-banner-title-visibility":"","ast-main-header-display":"","ast-hfb-above-header-display":"","ast-hfb-below-header-display":"","ast-hfb-mobile-header-display":"","site-post-title":"","ast-breadcrumbs-content":"","ast-featured-img":"","footer-sml-layout":"","ast-disable-related-posts":"","theme-transparent-header-meta":"","adv-header-id-meta":"","stick-header-meta":"","header-above-stick-meta":"","header-main-stick-meta":"","header-below-stick-meta":"","astra-migrate-meta-layouts":"default","ast-page-background-enabled":"default","ast-page-background-meta":{"desktop":{"background-color":"var(--ast-global-color-4)","background-image":"","background-repeat":"repeat","background-position":"center center","background-size":"auto","background-attachment":"scroll","background-type":"","background-media":"","overlay-type":"","overlay-color":"","overlay-opacity":"","overlay-gradient":""},"tablet":{"background-color":"","background-image":"","background-repeat":"repeat","background-position":"center center","background-size":"auto","background-attachment":"scroll","background-type":"","background-media":"","overlay-type":"","overlay-color":"","overlay-opacity":"","overlay-gradient":""},"mobile":{"background-color":"","background-image":"","background-repeat":"repeat","background-position":"center center","background-size":"auto","background-attachment":"scroll","background-type":"","background-media":"","overlay-type":"","overlay-color":"","overlay-opacity":"","overlay-gradient":""}},"ast-content-background-meta":{"desktop":{"background-color":"var(--ast-global-color-5)","background-image":"","background-repeat":"repeat","background-position":"center center","background-size":"auto","background-attachment":"scroll","background-type":"","background-media":"","overlay-type":"","overlay-color":"","overlay-opacity":"","overlay-gradient":""},"tablet":{"background-color":"var(--ast-global-color-5)","background-image":"","background-repeat":"repeat","background-position":"center center","background-size":"auto","background-attachment":"scroll","background-type":"","background-media":"","overlay-type":"","overlay-color":"","overlay-opacity":"","overlay-gradient":""},"mobile":{"background-color":"var(--ast-global-color-5)","background-image":"","background-repeat":"repeat","background-position":"center center","background-size":"auto","background-attachment":"scroll","background-type":"","background-media":"","overlay-type":"","overlay-color":"","overlay-opacity":"","overlay-gradient":""}},"footnotes":""},"categories":[1],"tags":[],"class_list":["post-2419","post","type-post","status-publish","format-standard","has-post-thumbnail","hentry","category-aktuality"],"yoast_head":"<!-- This site is optimized with the Yoast SEO plugin v27.5 - https:\/\/yoast.com\/product\/yoast-seo-wordpress\/ -->\n<title>Du\u00e1lny syst\u00e9m maj\u00fa na\u0161tartova\u0165 zmeny v legislat\u00edve a aktivity \u0160IOV - \u0160IOV - \u0161t\u00e1tny in\u0161tit\u00fat odborn\u00e9ho vzdel\u00e1vania<\/title>\n<meta name=\"description\" content=\"Priame platby, neskor\u0161ie term\u00edny prihl\u00e1\u0161ok, zru\u0161enie kr\u00e1tenia normat\u00edvu, intenz\u00edvnej\u0161ie zapojenie zamestn\u00e1vate\u013eov a podpora firiem, \u0161k\u00f4l, ako i rodi\u010dov a \u017eiakov pri vstupe do syst\u00e9mu maj\u00fa pom\u00f4c\u0165 vstupu 12 000 \u017eiakov do du\u00e1lu.\" \/>\n<meta name=\"robots\" content=\"index, follow, max-snippet:-1, max-image-preview:large, max-video-preview:-1\" \/>\n<link rel=\"canonical\" href=\"https:\/\/archiv.siov.sk\/en\/dualny-system-maju-nastartovat-zmeny-v-legislative-a-aktivity-siov\/\" \/>\n<meta property=\"og:locale\" content=\"en_GB\" \/>\n<meta property=\"og:type\" content=\"article\" \/>\n<meta property=\"og:title\" content=\"Du\u00e1lny syst\u00e9m maj\u00fa na\u0161tartova\u0165 zmeny v legislat\u00edve a aktivity \u0160IOV - \u0160IOV - \u0161t\u00e1tny in\u0161tit\u00fat odborn\u00e9ho vzdel\u00e1vania\" \/>\n<meta property=\"og:description\" content=\"Priame platby, neskor\u0161ie term\u00edny prihl\u00e1\u0161ok, zru\u0161enie kr\u00e1tenia normat\u00edvu, intenz\u00edvnej\u0161ie zapojenie zamestn\u00e1vate\u013eov a podpora firiem, \u0161k\u00f4l, ako i rodi\u010dov a \u017eiakov pri vstupe do syst\u00e9mu maj\u00fa pom\u00f4c\u0165 vstupu 12 000 \u017eiakov do du\u00e1lu.\" \/>\n<meta property=\"og:url\" content=\"https:\/\/archiv.siov.sk\/en\/dualny-system-maju-nastartovat-zmeny-v-legislative-a-aktivity-siov\/\" \/>\n<meta property=\"og:site_name\" content=\"\u0160IOV - \u0161t\u00e1tny in\u0161tit\u00fat odborn\u00e9ho vzdel\u00e1vania\" \/>\n<meta property=\"article:publisher\" content=\"https:\/\/www.facebook.com\/Statnyinstitutodbornehovzdelavania\" \/>\n<meta property=\"article:published_time\" content=\"2018-05-29T08:18:20+00:00\" \/>\n<meta property=\"article:modified_time\" content=\"2019-02-14T09:19:12+00:00\" \/>\n<meta property=\"og:image\" content=\"https:\/\/archiv.siov.sk\/wp-content\/uploads\/2019\/02\/top_news.jpg\" \/>\n\t<meta property=\"og:image:width\" content=\"1100\" \/>\n\t<meta property=\"og:image:height\" content=\"445\" \/>\n\t<meta property=\"og:image:type\" content=\"image\/jpeg\" \/>\n<meta name=\"author\" content=\"siovadmin\" \/>\n<meta name=\"twitter:card\" content=\"summary_large_image\" \/>\n<meta name=\"twitter:label1\" content=\"Written by\" \/>\n\t<meta name=\"twitter:data1\" content=\"siovadmin\" \/>\n\t<meta name=\"twitter:label2\" content=\"Estimated reading time\" \/>\n\t<meta name=\"twitter:data2\" content=\"3 minutes\" \/>\n<script type=\"application\/ld+json\" class=\"yoast-schema-graph\">{\"@context\":\"https:\\\/\\\/schema.org\",\"@graph\":[{\"@type\":\"Article\",\"@id\":\"https:\\\/\\\/archiv.siov.sk\\\/dualny-system-maju-nastartovat-zmeny-v-legislative-a-aktivity-siov\\\/#article\",\"isPartOf\":{\"@id\":\"https:\\\/\\\/archiv.siov.sk\\\/dualny-system-maju-nastartovat-zmeny-v-legislative-a-aktivity-siov\\\/\"},\"author\":{\"name\":\"siovadmin\",\"@id\":\"https:\\\/\\\/archiv.siov.sk\\\/#\\\/schema\\\/person\\\/7ae8d95216a02464a9ae6c8dcf8a4018\"},\"headline\":\"Du\u00e1lny syst\u00e9m maj\u00fa na\u0161tartova\u0165 zmeny v legislat\u00edve a aktivity \u0160IOV\",\"datePublished\":\"2018-05-29T08:18:20+00:00\",\"dateModified\":\"2019-02-14T09:19:12+00:00\",\"mainEntityOfPage\":{\"@id\":\"https:\\\/\\\/archiv.siov.sk\\\/dualny-system-maju-nastartovat-zmeny-v-legislative-a-aktivity-siov\\\/\"},\"wordCount\":592,\"publisher\":{\"@id\":\"https:\\\/\\\/archiv.siov.sk\\\/#organization\"},\"image\":{\"@id\":\"https:\\\/\\\/archiv.siov.sk\\\/dualny-system-maju-nastartovat-zmeny-v-legislative-a-aktivity-siov\\\/#primaryimage\"},\"thumbnailUrl\":\"https:\\\/\\\/archiv.siov.sk\\\/wp-content\\\/uploads\\\/2019\\\/02\\\/top_news.jpg\",\"articleSection\":[\"Aktuality\"],\"inLanguage\":\"en-GB\"},{\"@type\":\"WebPage\",\"@id\":\"https:\\\/\\\/archiv.siov.sk\\\/dualny-system-maju-nastartovat-zmeny-v-legislative-a-aktivity-siov\\\/\",\"url\":\"https:\\\/\\\/archiv.siov.sk\\\/dualny-system-maju-nastartovat-zmeny-v-legislative-a-aktivity-siov\\\/\",\"name\":\"Du\u00e1lny syst\u00e9m maj\u00fa na\u0161tartova\u0165 zmeny v legislat\u00edve a aktivity \u0160IOV - \u0160IOV - \u0161t\u00e1tny in\u0161tit\u00fat odborn\u00e9ho vzdel\u00e1vania\",\"isPartOf\":{\"@id\":\"https:\\\/\\\/archiv.siov.sk\\\/#website\"},\"primaryImageOfPage\":{\"@id\":\"https:\\\/\\\/archiv.siov.sk\\\/dualny-system-maju-nastartovat-zmeny-v-legislative-a-aktivity-siov\\\/#primaryimage\"},\"image\":{\"@id\":\"https:\\\/\\\/archiv.siov.sk\\\/dualny-system-maju-nastartovat-zmeny-v-legislative-a-aktivity-siov\\\/#primaryimage\"},\"thumbnailUrl\":\"https:\\\/\\\/archiv.siov.sk\\\/wp-content\\\/uploads\\\/2019\\\/02\\\/top_news.jpg\",\"datePublished\":\"2018-05-29T08:18:20+00:00\",\"dateModified\":\"2019-02-14T09:19:12+00:00\",\"description\":\"Priame platby, neskor\u0161ie term\u00edny prihl\u00e1\u0161ok, zru\u0161enie kr\u00e1tenia normat\u00edvu, intenz\u00edvnej\u0161ie zapojenie zamestn\u00e1vate\u013eov a podpora firiem, \u0161k\u00f4l, ako i rodi\u010dov a \u017eiakov pri vstupe do syst\u00e9mu maj\u00fa pom\u00f4c\u0165 vstupu 12 000 \u017eiakov do du\u00e1lu.\",\"breadcrumb\":{\"@id\":\"https:\\\/\\\/archiv.siov.sk\\\/dualny-system-maju-nastartovat-zmeny-v-legislative-a-aktivity-siov\\\/#breadcrumb\"},\"inLanguage\":\"en-GB\",\"potentialAction\":[{\"@type\":\"ReadAction\",\"target\":[\"https:\\\/\\\/archiv.siov.sk\\\/dualny-system-maju-nastartovat-zmeny-v-legislative-a-aktivity-siov\\\/\"]}]},{\"@type\":\"ImageObject\",\"inLanguage\":\"en-GB\",\"@id\":\"https:\\\/\\\/archiv.siov.sk\\\/dualny-system-maju-nastartovat-zmeny-v-legislative-a-aktivity-siov\\\/#primaryimage\",\"url\":\"https:\\\/\\\/archiv.siov.sk\\\/wp-content\\\/uploads\\\/2019\\\/02\\\/top_news.jpg\",\"contentUrl\":\"https:\\\/\\\/archiv.siov.sk\\\/wp-content\\\/uploads\\\/2019\\\/02\\\/top_news.jpg\",\"width\":1100,\"height\":445,\"caption\":\"Du\u00e1l Pointy v\u00fdrazne u\u013eah\u010dia pr\u00e1cu v\u00fdchovn\u00fdch a kari\u00e9rov\u00fdch poradcov\"},{\"@type\":\"BreadcrumbList\",\"@id\":\"https:\\\/\\\/archiv.siov.sk\\\/dualny-system-maju-nastartovat-zmeny-v-legislative-a-aktivity-siov\\\/#breadcrumb\",\"itemListElement\":[{\"@type\":\"ListItem\",\"position\":1,\"name\":\"Home\",\"item\":\"https:\\\/\\\/archiv.siov.sk\\\/\"},{\"@type\":\"ListItem\",\"position\":2,\"name\":\"Du\u00e1lny syst\u00e9m maj\u00fa na\u0161tartova\u0165 zmeny v legislat\u00edve a aktivity \u0160IOV\"}]},{\"@type\":\"WebSite\",\"@id\":\"https:\\\/\\\/archiv.siov.sk\\\/#website\",\"url\":\"https:\\\/\\\/archiv.siov.sk\\\/\",\"name\":\"\u0160IOV - \u0161t\u00e1tny in\u0161tit\u00fat odborn\u00e9ho vzdel\u00e1vania\",\"description\":\"\",\"publisher\":{\"@id\":\"https:\\\/\\\/archiv.siov.sk\\\/#organization\"},\"potentialAction\":[{\"@type\":\"SearchAction\",\"target\":{\"@type\":\"EntryPoint\",\"urlTemplate\":\"https:\\\/\\\/archiv.siov.sk\\\/?s={search_term_string}\"},\"query-input\":{\"@type\":\"PropertyValueSpecification\",\"valueRequired\":true,\"valueName\":\"search_term_string\"}}],\"inLanguage\":\"en-GB\"},{\"@type\":\"Organization\",\"@id\":\"https:\\\/\\\/archiv.siov.sk\\\/#organization\",\"name\":\"\u0160IOV - \u0161t\u00e1tny in\u0161tit\u00fat odborn\u00e9ho vzdel\u00e1vania\",\"url\":\"https:\\\/\\\/archiv.siov.sk\\\/\",\"logo\":{\"@type\":\"ImageObject\",\"inLanguage\":\"en-GB\",\"@id\":\"https:\\\/\\\/archiv.siov.sk\\\/#\\\/schema\\\/logo\\\/image\\\/\",\"url\":\"https:\\\/\\\/archiv.siov.sk\\\/wp-content\\\/uploads\\\/2024\\\/02\\\/logo-SIOV.png\",\"contentUrl\":\"https:\\\/\\\/archiv.siov.sk\\\/wp-content\\\/uploads\\\/2024\\\/02\\\/logo-SIOV.png\",\"width\":431,\"height\":143,\"caption\":\"\u0160IOV - \u0161t\u00e1tny in\u0161tit\u00fat odborn\u00e9ho vzdel\u00e1vania\"},\"image\":{\"@id\":\"https:\\\/\\\/archiv.siov.sk\\\/#\\\/schema\\\/logo\\\/image\\\/\"},\"sameAs\":[\"https:\\\/\\\/www.facebook.com\\\/Statnyinstitutodbornehovzdelavania\"]},{\"@type\":\"Person\",\"@id\":\"https:\\\/\\\/archiv.siov.sk\\\/#\\\/schema\\\/person\\\/7ae8d95216a02464a9ae6c8dcf8a4018\",\"name\":\"siovadmin\",\"url\":\"https:\\\/\\\/archiv.siov.sk\\\/en\\\/author\\\/siovadmin\\\/\"}]}<\/script>\n<!-- \/ Yoast SEO plugin. -->","yoast_head_json":{"title":"Du\u00e1lny syst\u00e9m maj\u00fa na\u0161tartova\u0165 zmeny v legislat\u00edve a aktivity \u0160IOV - \u0160IOV - \u0161t\u00e1tny in\u0161tit\u00fat odborn\u00e9ho vzdel\u00e1vania","description":"Priame platby, neskor\u0161ie term\u00edny prihl\u00e1\u0161ok, zru\u0161enie kr\u00e1tenia normat\u00edvu, intenz\u00edvnej\u0161ie zapojenie zamestn\u00e1vate\u013eov a podpora firiem, \u0161k\u00f4l, ako i rodi\u010dov a \u017eiakov pri vstupe do syst\u00e9mu maj\u00fa pom\u00f4c\u0165 vstupu 12 000 \u017eiakov do du\u00e1lu.","robots":{"index":"index","follow":"follow","max-snippet":"max-snippet:-1","max-image-preview":"max-image-preview:large","max-video-preview":"max-video-preview:-1"},"canonical":"https:\/\/archiv.siov.sk\/en\/dualny-system-maju-nastartovat-zmeny-v-legislative-a-aktivity-siov\/","og_locale":"en_GB","og_type":"article","og_title":"Du\u00e1lny syst\u00e9m maj\u00fa na\u0161tartova\u0165 zmeny v legislat\u00edve a aktivity \u0160IOV - \u0160IOV - \u0161t\u00e1tny in\u0161tit\u00fat odborn\u00e9ho vzdel\u00e1vania","og_description":"Priame platby, neskor\u0161ie term\u00edny prihl\u00e1\u0161ok, zru\u0161enie kr\u00e1tenia normat\u00edvu, intenz\u00edvnej\u0161ie zapojenie zamestn\u00e1vate\u013eov a podpora firiem, \u0161k\u00f4l, ako i rodi\u010dov a \u017eiakov pri vstupe do syst\u00e9mu maj\u00fa pom\u00f4c\u0165 vstupu 12 000 \u017eiakov do du\u00e1lu.","og_url":"https:\/\/archiv.siov.sk\/en\/dualny-system-maju-nastartovat-zmeny-v-legislative-a-aktivity-siov\/","og_site_name":"\u0160IOV - \u0161t\u00e1tny in\u0161tit\u00fat odborn\u00e9ho vzdel\u00e1vania","article_publisher":"https:\/\/www.facebook.com\/Statnyinstitutodbornehovzdelavania","article_published_time":"2018-05-29T08:18:20+00:00","article_modified_time":"2019-02-14T09:19:12+00:00","og_image":[{"width":1100,"height":445,"url":"https:\/\/archiv.siov.sk\/wp-content\/uploads\/2019\/02\/top_news.jpg","type":"image\/jpeg"}],"author":"siovadmin","twitter_card":"summary_large_image","twitter_misc":{"Written by":"siovadmin","Estimated reading time":"3 minutes"},"schema":{"@context":"https:\/\/schema.org","@graph":[{"@type":"Article","@id":"https:\/\/archiv.siov.sk\/dualny-system-maju-nastartovat-zmeny-v-legislative-a-aktivity-siov\/#article","isPartOf":{"@id":"https:\/\/archiv.siov.sk\/dualny-system-maju-nastartovat-zmeny-v-legislative-a-aktivity-siov\/"},"author":{"name":"siovadmin","@id":"https:\/\/archiv.siov.sk\/#\/schema\/person\/7ae8d95216a02464a9ae6c8dcf8a4018"},"headline":"Du\u00e1lny syst\u00e9m maj\u00fa na\u0161tartova\u0165 zmeny v legislat\u00edve a aktivity \u0160IOV","datePublished":"2018-05-29T08:18:20+00:00","dateModified":"2019-02-14T09:19:12+00:00","mainEntityOfPage":{"@id":"https:\/\/archiv.siov.sk\/dualny-system-maju-nastartovat-zmeny-v-legislative-a-aktivity-siov\/"},"wordCount":592,"publisher":{"@id":"https:\/\/archiv.siov.sk\/#organization"},"image":{"@id":"https:\/\/archiv.siov.sk\/dualny-system-maju-nastartovat-zmeny-v-legislative-a-aktivity-siov\/#primaryimage"},"thumbnailUrl":"https:\/\/archiv.siov.sk\/wp-content\/uploads\/2019\/02\/top_news.jpg","articleSection":["Aktuality"],"inLanguage":"en-GB"},{"@type":"WebPage","@id":"https:\/\/archiv.siov.sk\/dualny-system-maju-nastartovat-zmeny-v-legislative-a-aktivity-siov\/","url":"https:\/\/archiv.siov.sk\/dualny-system-maju-nastartovat-zmeny-v-legislative-a-aktivity-siov\/","name":"Du\u00e1lny syst\u00e9m maj\u00fa na\u0161tartova\u0165 zmeny v legislat\u00edve a aktivity \u0160IOV - \u0160IOV - \u0161t\u00e1tny in\u0161tit\u00fat odborn\u00e9ho vzdel\u00e1vania","isPartOf":{"@id":"https:\/\/archiv.siov.sk\/#website"},"primaryImageOfPage":{"@id":"https:\/\/archiv.siov.sk\/dualny-system-maju-nastartovat-zmeny-v-legislative-a-aktivity-siov\/#primaryimage"},"image":{"@id":"https:\/\/archiv.siov.sk\/dualny-system-maju-nastartovat-zmeny-v-legislative-a-aktivity-siov\/#primaryimage"},"thumbnailUrl":"https:\/\/archiv.siov.sk\/wp-content\/uploads\/2019\/02\/top_news.jpg","datePublished":"2018-05-29T08:18:20+00:00","dateModified":"2019-02-14T09:19:12+00:00","description":"Priame platby, neskor\u0161ie term\u00edny prihl\u00e1\u0161ok, zru\u0161enie kr\u00e1tenia normat\u00edvu, intenz\u00edvnej\u0161ie zapojenie zamestn\u00e1vate\u013eov a podpora firiem, \u0161k\u00f4l, ako i rodi\u010dov a \u017eiakov pri vstupe do syst\u00e9mu maj\u00fa pom\u00f4c\u0165 vstupu 12 000 \u017eiakov do du\u00e1lu.","breadcrumb":{"@id":"https:\/\/archiv.siov.sk\/dualny-system-maju-nastartovat-zmeny-v-legislative-a-aktivity-siov\/#breadcrumb"},"inLanguage":"en-GB","potentialAction":[{"@type":"ReadAction","target":["https:\/\/archiv.siov.sk\/dualny-system-maju-nastartovat-zmeny-v-legislative-a-aktivity-siov\/"]}]},{"@type":"ImageObject","inLanguage":"en-GB","@id":"https:\/\/archiv.siov.sk\/dualny-system-maju-nastartovat-zmeny-v-legislative-a-aktivity-siov\/#primaryimage","url":"https:\/\/archiv.siov.sk\/wp-content\/uploads\/2019\/02\/top_news.jpg","contentUrl":"https:\/\/archiv.siov.sk\/wp-content\/uploads\/2019\/02\/top_news.jpg","width":1100,"height":445,"caption":"Du\u00e1l Pointy v\u00fdrazne u\u013eah\u010dia pr\u00e1cu v\u00fdchovn\u00fdch a kari\u00e9rov\u00fdch poradcov"},{"@type":"BreadcrumbList","@id":"https:\/\/archiv.siov.sk\/dualny-system-maju-nastartovat-zmeny-v-legislative-a-aktivity-siov\/#breadcrumb","itemListElement":[{"@type":"ListItem","position":1,"name":"Home","item":"https:\/\/archiv.siov.sk\/"},{"@type":"ListItem","position":2,"name":"Du\u00e1lny syst\u00e9m maj\u00fa na\u0161tartova\u0165 zmeny v legislat\u00edve a aktivity \u0160IOV"}]},{"@type":"WebSite","@id":"https:\/\/archiv.siov.sk\/#website","url":"https:\/\/archiv.siov.sk\/","name":"\u0160IOV - \u0161t\u00e1tny in\u0161tit\u00fat odborn\u00e9ho vzdel\u00e1vania","description":"","publisher":{"@id":"https:\/\/archiv.siov.sk\/#organization"},"potentialAction":[{"@type":"SearchAction","target":{"@type":"EntryPoint","urlTemplate":"https:\/\/archiv.siov.sk\/?s={search_term_string}"},"query-input":{"@type":"PropertyValueSpecification","valueRequired":true,"valueName":"search_term_string"}}],"inLanguage":"en-GB"},{"@type":"Organization","@id":"https:\/\/archiv.siov.sk\/#organization","name":"\u0160IOV - \u0161t\u00e1tny in\u0161tit\u00fat odborn\u00e9ho vzdel\u00e1vania","url":"https:\/\/archiv.siov.sk\/","logo":{"@type":"ImageObject","inLanguage":"en-GB","@id":"https:\/\/archiv.siov.sk\/#\/schema\/logo\/image\/","url":"https:\/\/archiv.siov.sk\/wp-content\/uploads\/2024\/02\/logo-SIOV.png","contentUrl":"https:\/\/archiv.siov.sk\/wp-content\/uploads\/2024\/02\/logo-SIOV.png","width":431,"height":143,"caption":"\u0160IOV - \u0161t\u00e1tny in\u0161tit\u00fat odborn\u00e9ho vzdel\u00e1vania"},"image":{"@id":"https:\/\/archiv.siov.sk\/#\/schema\/logo\/image\/"},"sameAs":["https:\/\/www.facebook.com\/Statnyinstitutodbornehovzdelavania"]},{"@type":"Person","@id":"https:\/\/archiv.siov.sk\/#\/schema\/person\/7ae8d95216a02464a9ae6c8dcf8a4018","name":"siovadmin","url":"https:\/\/archiv.siov.sk\/en\/author\/siovadmin\/"}]}},"_links":{"self":[{"href":"https:\/\/archiv.siov.sk\/en\/wp-json\/wp\/v2\/posts\/2419","targetHints":{"allow":["GET"]}}],"collection":[{"href":"https:\/\/archiv.siov.sk\/en\/wp-json\/wp\/v2\/posts"}],"about":[{"href":"https:\/\/archiv.siov.sk\/en\/wp-json\/wp\/v2\/types\/post"}],"author":[{"embeddable":true,"href":"https:\/\/archiv.siov.sk\/en\/wp-json\/wp\/v2\/users\/1"}],"replies":[{"embeddable":true,"href":"https:\/\/archiv.siov.sk\/en\/wp-json\/wp\/v2\/comments?post=2419"}],"version-history":[{"count":1,"href":"https:\/\/archiv.siov.sk\/en\/wp-json\/wp\/v2\/posts\/2419\/revisions"}],"predecessor-version":[{"id":2421,"href":"https:\/\/archiv.siov.sk\/en\/wp-json\/wp\/v2\/posts\/2419\/revisions\/2421"}],"wp:featuredmedia":[{"embeddable":true,"href":"https:\/\/archiv.siov.sk\/en\/wp-json\/wp\/v2\/media\/2355"}],"wp:attachment":[{"href":"https:\/\/archiv.siov.sk\/en\/wp-json\/wp\/v2\/media?parent=2419"}],"wp:term":[{"taxonomy":"category","embeddable":true,"href":"https:\/\/archiv.siov.sk\/en\/wp-json\/wp\/v2\/categories?post=2419"},{"taxonomy":"post_tag","embeddable":true,"href":"https:\/\/archiv.siov.sk\/en\/wp-json\/wp\/v2\/tags?post=2419"}],"curies":[{"name":"wp","href":"https:\/\/api.w.org\/{rel}","templated":true}]}}