{"id":2383,"date":"2018-04-22T18:01:58","date_gmt":"2018-04-22T16:01:58","guid":{"rendered":"http:\/\/archiv.siov.sk\/?p=2383"},"modified":"2019-02-13T18:03:31","modified_gmt":"2019-02-13T17:03:31","slug":"zasadnutie-stovky-expertov-z-europskej-unie","status":"publish","type":"post","link":"https:\/\/archiv.siov.sk\/en\/zasadnutie-stovky-expertov-z-europskej-unie\/","title":{"rendered":"Zasadnutie stovky expertov z Eur\u00f3pskej \u00fanie"},"content":{"rendered":"<p style=\"text-align: justify;\">V&nbsp;d\u0148och 17. a\u017e 20. apr\u00edla 2018&nbsp; \u0160IOV v&nbsp;spolupr\u00e1ci s&nbsp;Ministerstvom \u0161kolstva, vedy, v\u00fdskumu a&nbsp;\u0161portu SR hos\u0165oval stovku expertov z&nbsp;Eur\u00f3pskej komisie a&nbsp;\u010dlensk\u00fdch \u0161t\u00e1tov E\u00da &nbsp;v r\u00e1mci dvoch v\u00fdznamn\u00fdch podujat\u00ed. Prv\u00fdm z&nbsp;nich bolo pravideln\u00e9 zasadanie poradnej skupiny Eur\u00f3pskej komisie pre Eur\u00f3psky kvalifika\u010dn\u00fd r\u00e1mec, ktor\u00e1 pom\u00e1ha Komisii pri implement\u00e1cii EKR na n\u00e1rodn\u00fdch \u00farovniach. Rokovanie poradnej skupiny sa zameralo okrem in\u00e9ho na spr\u00e1vu mapuj\u00facu audit zru\u010dnost\u00ed v jednotliv\u00fdch \u0161t\u00e1toch, ot\u00e1zky medzin\u00e1rodn\u00fdch kvalifik\u00e1c\u00ed, stav valid\u00e1cie v jednotliv\u00fdch krajin\u00e1ch, ako aj na pr\u00edpravu festivalu uzn\u00e1vania neform\u00e1lneho vzdel\u00e1vania a&nbsp;inform\u00e1lneho u\u010denia sa, ktor\u00fd sa bude kona\u0165 14. \u2013 15. &nbsp;j\u00fana v&nbsp;Bruseli.<\/p>\n<p style=\"text-align: justify;\">Na zasadnutie poradnej skupiny nadviazala medzin\u00e1rodn\u00fd semin\u00e1r <em>Pl\u00e1novan\u00e9 a&nbsp;dosiahnut\u00e9 v\u00fdsledky vzdel\u00e1vania<\/em>, cie\u013eom ktorej bolo posilni\u0165 aplik\u00e1ciu vzdel\u00e1vac\u00edch v\u00fdstupov v&nbsp;n\u00e1rodn\u00fdch syst\u00e9moch vzdel\u00e1vania a&nbsp;odbornej pr\u00edpravy. Konferenciu otvorila \u0161t\u00e1tna tajomn\u00ed\u010dka O\u013ega Nachtmannov\u00e1, ktor\u00e1 zd\u00f4raznila v\u00fdznam celo\u017eivotn\u00e9ho vzdel\u00e1vania a&nbsp;bud\u00facnosti vzdel\u00e1vania: \u201eNa na\u0161om ministerstve m\u00e1me spolo\u010dn\u00fa v\u00edziu eur\u00f3pskej platformy celo\u017eivotn\u00e9ho vzdel\u00e1vania, ktor\u00e1 sa t\u00fdka podpory procesu celo\u017eivotn\u00e9ho vzdel\u00e1vania , ktor\u00fd sa neobmedzuje len na form\u00e1lne vzdel\u00e1vanie, ale sna\u017e\u00ed sa integrova\u0165 v\u0161etky formy neform\u00e1lneho a inform\u00e1lneho u\u010denia sa. Vzdel\u00e1vac\u00ed syst\u00e9m by mal vytvori\u0165 mosty, ktor\u00e9 by umo\u017enili jednotlivcom vytvori\u0165 si vlastn\u00e9 cesty vzdel\u00e1vania a z\u00edskavania kvalifik\u00e1ci\u00ed alebo ich \u010dast\u00ed, aby boli v\u00fdsledky tohto vzdel\u00e1vacieho procesu uzn\u00e1van\u00e9 a oce\u0148ovan\u00e9 spolo\u010dnos\u0165ou\u201c.<\/p>\n<p style=\"text-align: justify;\">Z\u00e1stupca Gener\u00e1lneho riadite\u013estva Eur\u00f3pskej komisie pre zamestnanos\u0165, soci\u00e1lne z\u00e1le\u017eitosti a inkl\u00faziu&nbsp;<em>Koen Nomden&nbsp;<\/em>zd\u00f4raznil v\u00fdznam&nbsp;vzdel\u00e1vac\u00edch v\u00fdstupov tvoriacich s\u00fabor vedomost\u00ed, zru\u010dnost\u00ed a&nbsp;schopnost\u00ed, ktor\u00e9 u\u010diaci sa nadobudn\u00fa po\u010das vzdel\u00e1vania a&nbsp;pr\u00edpravy, a&nbsp;n\u00e1sledne s\u00fa schopn\u00ed ich samostatne a&nbsp;zodpovedne vyu\u017e\u00edva\u0165. S\u00fa inform\u00e1ciou pre zamestn\u00e1vate\u013eov, ktor\u00e1 im pom\u00e1ha pochopi\u0165 vedomosti a&nbsp;zru\u010dnosti \u017eiadate\u013eov o&nbsp;pr\u00e1cu, a&nbsp;takisto pom\u00e1haj\u00fa poskytovate\u013eom vzdel\u00e1vania a&nbsp;pr\u00edpravy determinova\u0165 obsah a&nbsp;po\u017eadovan\u00fa \u00farove\u0148 dosiahnut\u00e9ho vzdel\u00e1vania.<\/p>\n<p style=\"text-align: justify;\">William Thorn, expert OECD, vo svojom vyst\u00fapen\u00ed prezentoval ciele Programu medzin\u00e1rodn\u00e9ho hodnotenia kompetenci\u00ed dospel\u00fdch vo veku 16-65 rokov (PIAAC), ktor\u00fd bude na Slovensku realizova\u0165 Ministerstvo \u0161kolstva, vedy, v\u00fdskumu a \u0161portu SR v nasleduj\u00facich rokoch. Zameral sa na ot\u00e1zky spojen\u00e9 s hodnoten\u00edm vzdel\u00e1vac\u00edch v\u00fdstupov na z\u00e1klade \u00fadajov z\u00edskan\u00fdch prostredn\u00edctvom tohto n\u00e1stroja. PIAAC je pod\u013ea Thorna jedn\u00fdm z m\u00e1la relevantn\u00fdch medzin\u00e1rodn\u00fdch zdrojov , ktor\u00e9 poskytuj\u00fa \u00fadaje o tom, do akej miery dosahuj\u00fa vzdel\u00e1vacie programy na rovnakej \u00farovni&nbsp; EKR podobn\u00e9 v\u00fdsledky v r\u00e1mci eur\u00f3pskych kraj\u00edn a medzi nimi.<\/p>\n<p style=\"text-align: justify;\">Zavedenie Eur\u00f3pskeho kvalifika\u010dn\u00e9ho r\u00e1mca v&nbsp;roku 2008, a&nbsp;n\u00e1sledn\u00e1 implement\u00e1cia n\u00e1rodn\u00fdch kvalifika\u010dn\u00fdch r\u00e1mcov, hrali k\u013e\u00fa\u010dov\u00fa \u00falohu pri podpore pou\u017e\u00edvania vzdel\u00e1vac\u00edch v\u00fdstupov<strong>.<\/strong>&nbsp;&nbsp;Poradn\u00e1 skupina Eur\u00f3pskej komisie pre EKR akceptovala zaveden\u00e9 procesy v Slovenskej republike pri implement\u00e1cii Slovensk\u00e9ho kvalifika\u010dn\u00e9ho r\u00e1mca ako jasn\u00e9, transparentn\u00e9 a d\u00f4veryhodn\u00e9 pre ostatn\u00e9 \u010dlensk\u00e9 \u0161t\u00e1ty E\u00da a&nbsp;4. okt\u00f3bra 2017 prijala Prira\u010fovaciu spr\u00e1vu Slovensk\u00e9ho kvalifika\u010dn\u00e9ho r\u00e1mca k EKR. Slovensko sa &nbsp;tak stalo &nbsp;v porad\u00ed 33. krajinou, ktor\u00e1 priradila svoj n\u00e1rodn\u00fd kvalifika\u010dn\u00fd r\u00e1mec k Eur\u00f3pskemu kvalifika\u010dn\u00e9mu r\u00e1mcu. Rezort \u0161kolstva tak splnil hlavn\u00fd predpoklad zabezpe\u010denia z\u00e1kladn\u00e9ho n\u00e1stroja celo\u017eivotn\u00e9ho vzdel\u00e1vania.&nbsp;<\/p>\n<p style=\"text-align: justify;\">&nbsp;<\/p>","protected":false},"excerpt":{"rendered":"<p>V&nbsp;d\u0148och 17. a\u017e 20. apr\u00edla 2018&nbsp; \u0160IOV v&nbsp;spolupr\u00e1ci s&nbsp;Ministerstvom \u0161kolstva, vedy, v\u00fdskumu a&nbsp;\u0161portu SR hos\u0165oval stovku expertov z&nbsp;Eur\u00f3pskej komisie a&nbsp;\u010dlensk\u00fdch \u0161t\u00e1tov E\u00da &nbsp;v r\u00e1mci dvoch v\u00fdznamn\u00fdch podujat\u00ed. Prv\u00fdm z&nbsp;nich bolo pravideln\u00e9 zasadanie poradnej skupiny Eur\u00f3pskej komisie pre Eur\u00f3psky kvalifika\u010dn\u00fd r\u00e1mec, ktor\u00e1 pom\u00e1ha Komisii pri implement\u00e1cii EKR na n\u00e1rodn\u00fdch \u00farovniach. Rokovanie poradnej skupiny sa zameralo okrem [&hellip;]<\/p>\n","protected":false},"author":1,"featured_media":2384,"comment_status":"closed","ping_status":"closed","sticky":false,"template":"","format":"standard","meta":{"site-sidebar-layout":"default","site-content-layout":"","ast-site-content-layout":"default","site-content-style":"default","site-sidebar-style":"default","ast-global-header-display":"","ast-banner-title-visibility":"","ast-main-header-display":"","ast-hfb-above-header-display":"","ast-hfb-below-header-display":"","ast-hfb-mobile-header-display":"","site-post-title":"","ast-breadcrumbs-content":"","ast-featured-img":"","footer-sml-layout":"","ast-disable-related-posts":"","theme-transparent-header-meta":"","adv-header-id-meta":"","stick-header-meta":"","header-above-stick-meta":"","header-main-stick-meta":"","header-below-stick-meta":"","astra-migrate-meta-layouts":"default","ast-page-background-enabled":"default","ast-page-background-meta":{"desktop":{"background-color":"var(--ast-global-color-4)","background-image":"","background-repeat":"repeat","background-position":"center center","background-size":"auto","background-attachment":"scroll","background-type":"","background-media":"","overlay-type":"","overlay-color":"","overlay-opacity":"","overlay-gradient":""},"tablet":{"background-color":"","background-image":"","background-repeat":"repeat","background-position":"center center","background-size":"auto","background-attachment":"scroll","background-type":"","background-media":"","overlay-type":"","overlay-color":"","overlay-opacity":"","overlay-gradient":""},"mobile":{"background-color":"","background-image":"","background-repeat":"repeat","background-position":"center center","background-size":"auto","background-attachment":"scroll","background-type":"","background-media":"","overlay-type":"","overlay-color":"","overlay-opacity":"","overlay-gradient":""}},"ast-content-background-meta":{"desktop":{"background-color":"var(--ast-global-color-5)","background-image":"","background-repeat":"repeat","background-position":"center center","background-size":"auto","background-attachment":"scroll","background-type":"","background-media":"","overlay-type":"","overlay-color":"","overlay-opacity":"","overlay-gradient":""},"tablet":{"background-color":"var(--ast-global-color-5)","background-image":"","background-repeat":"repeat","background-position":"center center","background-size":"auto","background-attachment":"scroll","background-type":"","background-media":"","overlay-type":"","overlay-color":"","overlay-opacity":"","overlay-gradient":""},"mobile":{"background-color":"var(--ast-global-color-5)","background-image":"","background-repeat":"repeat","background-position":"center center","background-size":"auto","background-attachment":"scroll","background-type":"","background-media":"","overlay-type":"","overlay-color":"","overlay-opacity":"","overlay-gradient":""}},"footnotes":""},"categories":[1],"tags":[],"class_list":["post-2383","post","type-post","status-publish","format-standard","has-post-thumbnail","hentry","category-aktuality"],"yoast_head":"<!-- This site is optimized with the Yoast SEO plugin v27.5 - https:\/\/yoast.com\/product\/yoast-seo-wordpress\/ -->\n<title>Zasadnutie stovky expertov z Eur\u00f3pskej \u00fanie - \u0160IOV - \u0161t\u00e1tny in\u0161tit\u00fat odborn\u00e9ho vzdel\u00e1vania<\/title>\n<meta name=\"robots\" content=\"index, follow, max-snippet:-1, max-image-preview:large, max-video-preview:-1\" \/>\n<link rel=\"canonical\" href=\"https:\/\/archiv.siov.sk\/en\/zasadnutie-stovky-expertov-z-europskej-unie\/\" \/>\n<meta property=\"og:locale\" content=\"en_GB\" \/>\n<meta property=\"og:type\" content=\"article\" \/>\n<meta property=\"og:title\" content=\"Zasadnutie stovky expertov z Eur\u00f3pskej \u00fanie - \u0160IOV - \u0161t\u00e1tny in\u0161tit\u00fat odborn\u00e9ho vzdel\u00e1vania\" \/>\n<meta property=\"og:description\" content=\"V&nbsp;d\u0148och 17. a\u017e 20. apr\u00edla 2018&nbsp; \u0160IOV v&nbsp;spolupr\u00e1ci s&nbsp;Ministerstvom \u0161kolstva, vedy, v\u00fdskumu a&nbsp;\u0161portu SR hos\u0165oval stovku expertov z&nbsp;Eur\u00f3pskej komisie a&nbsp;\u010dlensk\u00fdch \u0161t\u00e1tov E\u00da &nbsp;v r\u00e1mci dvoch v\u00fdznamn\u00fdch podujat\u00ed. Prv\u00fdm z&nbsp;nich bolo pravideln\u00e9 zasadanie poradnej skupiny Eur\u00f3pskej komisie pre Eur\u00f3psky kvalifika\u010dn\u00fd r\u00e1mec, ktor\u00e1 pom\u00e1ha Komisii pri implement\u00e1cii EKR na n\u00e1rodn\u00fdch \u00farovniach. Rokovanie poradnej skupiny sa zameralo okrem [&hellip;]\" \/>\n<meta property=\"og:url\" content=\"https:\/\/archiv.siov.sk\/en\/zasadnutie-stovky-expertov-z-europskej-unie\/\" \/>\n<meta property=\"og:site_name\" content=\"\u0160IOV - \u0161t\u00e1tny in\u0161tit\u00fat odborn\u00e9ho vzdel\u00e1vania\" \/>\n<meta property=\"article:publisher\" content=\"https:\/\/www.facebook.com\/Statnyinstitutodbornehovzdelavania\" \/>\n<meta property=\"article:published_time\" content=\"2018-04-22T16:01:58+00:00\" \/>\n<meta property=\"article:modified_time\" content=\"2019-02-13T17:03:31+00:00\" \/>\n<meta property=\"og:image\" content=\"https:\/\/archiv.siov.sk\/wp-content\/uploads\/2019\/02\/top_zasadnutie.jpg\" \/>\n\t<meta property=\"og:image:width\" content=\"1100\" \/>\n\t<meta property=\"og:image:height\" content=\"445\" \/>\n\t<meta property=\"og:image:type\" content=\"image\/jpeg\" \/>\n<meta name=\"author\" content=\"siovadmin\" \/>\n<meta name=\"twitter:card\" content=\"summary_large_image\" \/>\n<meta name=\"twitter:label1\" content=\"Written by\" \/>\n\t<meta name=\"twitter:data1\" content=\"siovadmin\" \/>\n\t<meta name=\"twitter:label2\" content=\"Estimated reading time\" \/>\n\t<meta name=\"twitter:data2\" content=\"3 minutes\" \/>\n<script type=\"application\/ld+json\" class=\"yoast-schema-graph\">{\"@context\":\"https:\\\/\\\/schema.org\",\"@graph\":[{\"@type\":\"Article\",\"@id\":\"https:\\\/\\\/archiv.siov.sk\\\/zasadnutie-stovky-expertov-z-europskej-unie\\\/#article\",\"isPartOf\":{\"@id\":\"https:\\\/\\\/archiv.siov.sk\\\/zasadnutie-stovky-expertov-z-europskej-unie\\\/\"},\"author\":{\"name\":\"siovadmin\",\"@id\":\"https:\\\/\\\/archiv.siov.sk\\\/#\\\/schema\\\/person\\\/7ae8d95216a02464a9ae6c8dcf8a4018\"},\"headline\":\"Zasadnutie stovky expertov z Eur\u00f3pskej \u00fanie\",\"datePublished\":\"2018-04-22T16:01:58+00:00\",\"dateModified\":\"2019-02-13T17:03:31+00:00\",\"mainEntityOfPage\":{\"@id\":\"https:\\\/\\\/archiv.siov.sk\\\/zasadnutie-stovky-expertov-z-europskej-unie\\\/\"},\"wordCount\":685,\"publisher\":{\"@id\":\"https:\\\/\\\/archiv.siov.sk\\\/#organization\"},\"image\":{\"@id\":\"https:\\\/\\\/archiv.siov.sk\\\/zasadnutie-stovky-expertov-z-europskej-unie\\\/#primaryimage\"},\"thumbnailUrl\":\"https:\\\/\\\/archiv.siov.sk\\\/wp-content\\\/uploads\\\/2019\\\/02\\\/top_zasadnutie.jpg\",\"articleSection\":[\"Aktuality\"],\"inLanguage\":\"en-GB\"},{\"@type\":\"WebPage\",\"@id\":\"https:\\\/\\\/archiv.siov.sk\\\/zasadnutie-stovky-expertov-z-europskej-unie\\\/\",\"url\":\"https:\\\/\\\/archiv.siov.sk\\\/zasadnutie-stovky-expertov-z-europskej-unie\\\/\",\"name\":\"Zasadnutie stovky expertov z Eur\u00f3pskej \u00fanie - \u0160IOV - \u0161t\u00e1tny in\u0161tit\u00fat odborn\u00e9ho vzdel\u00e1vania\",\"isPartOf\":{\"@id\":\"https:\\\/\\\/archiv.siov.sk\\\/#website\"},\"primaryImageOfPage\":{\"@id\":\"https:\\\/\\\/archiv.siov.sk\\\/zasadnutie-stovky-expertov-z-europskej-unie\\\/#primaryimage\"},\"image\":{\"@id\":\"https:\\\/\\\/archiv.siov.sk\\\/zasadnutie-stovky-expertov-z-europskej-unie\\\/#primaryimage\"},\"thumbnailUrl\":\"https:\\\/\\\/archiv.siov.sk\\\/wp-content\\\/uploads\\\/2019\\\/02\\\/top_zasadnutie.jpg\",\"datePublished\":\"2018-04-22T16:01:58+00:00\",\"dateModified\":\"2019-02-13T17:03:31+00:00\",\"breadcrumb\":{\"@id\":\"https:\\\/\\\/archiv.siov.sk\\\/zasadnutie-stovky-expertov-z-europskej-unie\\\/#breadcrumb\"},\"inLanguage\":\"en-GB\",\"potentialAction\":[{\"@type\":\"ReadAction\",\"target\":[\"https:\\\/\\\/archiv.siov.sk\\\/zasadnutie-stovky-expertov-z-europskej-unie\\\/\"]}]},{\"@type\":\"ImageObject\",\"inLanguage\":\"en-GB\",\"@id\":\"https:\\\/\\\/archiv.siov.sk\\\/zasadnutie-stovky-expertov-z-europskej-unie\\\/#primaryimage\",\"url\":\"https:\\\/\\\/archiv.siov.sk\\\/wp-content\\\/uploads\\\/2019\\\/02\\\/top_zasadnutie.jpg\",\"contentUrl\":\"https:\\\/\\\/archiv.siov.sk\\\/wp-content\\\/uploads\\\/2019\\\/02\\\/top_zasadnutie.jpg\",\"width\":1100,\"height\":445,\"caption\":\"Zasadnutie stovky expertov z Eur\u00f3pskej \u00fanie\"},{\"@type\":\"BreadcrumbList\",\"@id\":\"https:\\\/\\\/archiv.siov.sk\\\/zasadnutie-stovky-expertov-z-europskej-unie\\\/#breadcrumb\",\"itemListElement\":[{\"@type\":\"ListItem\",\"position\":1,\"name\":\"Home\",\"item\":\"https:\\\/\\\/archiv.siov.sk\\\/\"},{\"@type\":\"ListItem\",\"position\":2,\"name\":\"Zasadnutie stovky expertov z Eur\u00f3pskej \u00fanie\"}]},{\"@type\":\"WebSite\",\"@id\":\"https:\\\/\\\/archiv.siov.sk\\\/#website\",\"url\":\"https:\\\/\\\/archiv.siov.sk\\\/\",\"name\":\"\u0160IOV - \u0161t\u00e1tny in\u0161tit\u00fat odborn\u00e9ho vzdel\u00e1vania\",\"description\":\"\",\"publisher\":{\"@id\":\"https:\\\/\\\/archiv.siov.sk\\\/#organization\"},\"potentialAction\":[{\"@type\":\"SearchAction\",\"target\":{\"@type\":\"EntryPoint\",\"urlTemplate\":\"https:\\\/\\\/archiv.siov.sk\\\/?s={search_term_string}\"},\"query-input\":{\"@type\":\"PropertyValueSpecification\",\"valueRequired\":true,\"valueName\":\"search_term_string\"}}],\"inLanguage\":\"en-GB\"},{\"@type\":\"Organization\",\"@id\":\"https:\\\/\\\/archiv.siov.sk\\\/#organization\",\"name\":\"\u0160IOV - \u0161t\u00e1tny in\u0161tit\u00fat odborn\u00e9ho vzdel\u00e1vania\",\"url\":\"https:\\\/\\\/archiv.siov.sk\\\/\",\"logo\":{\"@type\":\"ImageObject\",\"inLanguage\":\"en-GB\",\"@id\":\"https:\\\/\\\/archiv.siov.sk\\\/#\\\/schema\\\/logo\\\/image\\\/\",\"url\":\"https:\\\/\\\/archiv.siov.sk\\\/wp-content\\\/uploads\\\/2024\\\/02\\\/logo-SIOV.png\",\"contentUrl\":\"https:\\\/\\\/archiv.siov.sk\\\/wp-content\\\/uploads\\\/2024\\\/02\\\/logo-SIOV.png\",\"width\":431,\"height\":143,\"caption\":\"\u0160IOV - \u0161t\u00e1tny in\u0161tit\u00fat odborn\u00e9ho vzdel\u00e1vania\"},\"image\":{\"@id\":\"https:\\\/\\\/archiv.siov.sk\\\/#\\\/schema\\\/logo\\\/image\\\/\"},\"sameAs\":[\"https:\\\/\\\/www.facebook.com\\\/Statnyinstitutodbornehovzdelavania\"]},{\"@type\":\"Person\",\"@id\":\"https:\\\/\\\/archiv.siov.sk\\\/#\\\/schema\\\/person\\\/7ae8d95216a02464a9ae6c8dcf8a4018\",\"name\":\"siovadmin\",\"url\":\"https:\\\/\\\/archiv.siov.sk\\\/en\\\/author\\\/siovadmin\\\/\"}]}<\/script>\n<!-- \/ Yoast SEO plugin. -->","yoast_head_json":{"title":"Zasadnutie stovky expertov z Eur\u00f3pskej \u00fanie - \u0160IOV - \u0161t\u00e1tny in\u0161tit\u00fat odborn\u00e9ho vzdel\u00e1vania","robots":{"index":"index","follow":"follow","max-snippet":"max-snippet:-1","max-image-preview":"max-image-preview:large","max-video-preview":"max-video-preview:-1"},"canonical":"https:\/\/archiv.siov.sk\/en\/zasadnutie-stovky-expertov-z-europskej-unie\/","og_locale":"en_GB","og_type":"article","og_title":"Zasadnutie stovky expertov z Eur\u00f3pskej \u00fanie - \u0160IOV - \u0161t\u00e1tny in\u0161tit\u00fat odborn\u00e9ho vzdel\u00e1vania","og_description":"V&nbsp;d\u0148och 17. a\u017e 20. apr\u00edla 2018&nbsp; \u0160IOV v&nbsp;spolupr\u00e1ci s&nbsp;Ministerstvom \u0161kolstva, vedy, v\u00fdskumu a&nbsp;\u0161portu SR hos\u0165oval stovku expertov z&nbsp;Eur\u00f3pskej komisie a&nbsp;\u010dlensk\u00fdch \u0161t\u00e1tov E\u00da &nbsp;v r\u00e1mci dvoch v\u00fdznamn\u00fdch podujat\u00ed. Prv\u00fdm z&nbsp;nich bolo pravideln\u00e9 zasadanie poradnej skupiny Eur\u00f3pskej komisie pre Eur\u00f3psky kvalifika\u010dn\u00fd r\u00e1mec, ktor\u00e1 pom\u00e1ha Komisii pri implement\u00e1cii EKR na n\u00e1rodn\u00fdch \u00farovniach. Rokovanie poradnej skupiny sa zameralo okrem [&hellip;]","og_url":"https:\/\/archiv.siov.sk\/en\/zasadnutie-stovky-expertov-z-europskej-unie\/","og_site_name":"\u0160IOV - \u0161t\u00e1tny in\u0161tit\u00fat odborn\u00e9ho vzdel\u00e1vania","article_publisher":"https:\/\/www.facebook.com\/Statnyinstitutodbornehovzdelavania","article_published_time":"2018-04-22T16:01:58+00:00","article_modified_time":"2019-02-13T17:03:31+00:00","og_image":[{"width":1100,"height":445,"url":"https:\/\/archiv.siov.sk\/wp-content\/uploads\/2019\/02\/top_zasadnutie.jpg","type":"image\/jpeg"}],"author":"siovadmin","twitter_card":"summary_large_image","twitter_misc":{"Written by":"siovadmin","Estimated reading time":"3 minutes"},"schema":{"@context":"https:\/\/schema.org","@graph":[{"@type":"Article","@id":"https:\/\/archiv.siov.sk\/zasadnutie-stovky-expertov-z-europskej-unie\/#article","isPartOf":{"@id":"https:\/\/archiv.siov.sk\/zasadnutie-stovky-expertov-z-europskej-unie\/"},"author":{"name":"siovadmin","@id":"https:\/\/archiv.siov.sk\/#\/schema\/person\/7ae8d95216a02464a9ae6c8dcf8a4018"},"headline":"Zasadnutie stovky expertov z Eur\u00f3pskej \u00fanie","datePublished":"2018-04-22T16:01:58+00:00","dateModified":"2019-02-13T17:03:31+00:00","mainEntityOfPage":{"@id":"https:\/\/archiv.siov.sk\/zasadnutie-stovky-expertov-z-europskej-unie\/"},"wordCount":685,"publisher":{"@id":"https:\/\/archiv.siov.sk\/#organization"},"image":{"@id":"https:\/\/archiv.siov.sk\/zasadnutie-stovky-expertov-z-europskej-unie\/#primaryimage"},"thumbnailUrl":"https:\/\/archiv.siov.sk\/wp-content\/uploads\/2019\/02\/top_zasadnutie.jpg","articleSection":["Aktuality"],"inLanguage":"en-GB"},{"@type":"WebPage","@id":"https:\/\/archiv.siov.sk\/zasadnutie-stovky-expertov-z-europskej-unie\/","url":"https:\/\/archiv.siov.sk\/zasadnutie-stovky-expertov-z-europskej-unie\/","name":"Zasadnutie stovky expertov z Eur\u00f3pskej \u00fanie - \u0160IOV - \u0161t\u00e1tny in\u0161tit\u00fat odborn\u00e9ho vzdel\u00e1vania","isPartOf":{"@id":"https:\/\/archiv.siov.sk\/#website"},"primaryImageOfPage":{"@id":"https:\/\/archiv.siov.sk\/zasadnutie-stovky-expertov-z-europskej-unie\/#primaryimage"},"image":{"@id":"https:\/\/archiv.siov.sk\/zasadnutie-stovky-expertov-z-europskej-unie\/#primaryimage"},"thumbnailUrl":"https:\/\/archiv.siov.sk\/wp-content\/uploads\/2019\/02\/top_zasadnutie.jpg","datePublished":"2018-04-22T16:01:58+00:00","dateModified":"2019-02-13T17:03:31+00:00","breadcrumb":{"@id":"https:\/\/archiv.siov.sk\/zasadnutie-stovky-expertov-z-europskej-unie\/#breadcrumb"},"inLanguage":"en-GB","potentialAction":[{"@type":"ReadAction","target":["https:\/\/archiv.siov.sk\/zasadnutie-stovky-expertov-z-europskej-unie\/"]}]},{"@type":"ImageObject","inLanguage":"en-GB","@id":"https:\/\/archiv.siov.sk\/zasadnutie-stovky-expertov-z-europskej-unie\/#primaryimage","url":"https:\/\/archiv.siov.sk\/wp-content\/uploads\/2019\/02\/top_zasadnutie.jpg","contentUrl":"https:\/\/archiv.siov.sk\/wp-content\/uploads\/2019\/02\/top_zasadnutie.jpg","width":1100,"height":445,"caption":"Zasadnutie stovky expertov z Eur\u00f3pskej \u00fanie"},{"@type":"BreadcrumbList","@id":"https:\/\/archiv.siov.sk\/zasadnutie-stovky-expertov-z-europskej-unie\/#breadcrumb","itemListElement":[{"@type":"ListItem","position":1,"name":"Home","item":"https:\/\/archiv.siov.sk\/"},{"@type":"ListItem","position":2,"name":"Zasadnutie stovky expertov z Eur\u00f3pskej \u00fanie"}]},{"@type":"WebSite","@id":"https:\/\/archiv.siov.sk\/#website","url":"https:\/\/archiv.siov.sk\/","name":"\u0160IOV - \u0161t\u00e1tny in\u0161tit\u00fat odborn\u00e9ho vzdel\u00e1vania","description":"","publisher":{"@id":"https:\/\/archiv.siov.sk\/#organization"},"potentialAction":[{"@type":"SearchAction","target":{"@type":"EntryPoint","urlTemplate":"https:\/\/archiv.siov.sk\/?s={search_term_string}"},"query-input":{"@type":"PropertyValueSpecification","valueRequired":true,"valueName":"search_term_string"}}],"inLanguage":"en-GB"},{"@type":"Organization","@id":"https:\/\/archiv.siov.sk\/#organization","name":"\u0160IOV - \u0161t\u00e1tny in\u0161tit\u00fat odborn\u00e9ho vzdel\u00e1vania","url":"https:\/\/archiv.siov.sk\/","logo":{"@type":"ImageObject","inLanguage":"en-GB","@id":"https:\/\/archiv.siov.sk\/#\/schema\/logo\/image\/","url":"https:\/\/archiv.siov.sk\/wp-content\/uploads\/2024\/02\/logo-SIOV.png","contentUrl":"https:\/\/archiv.siov.sk\/wp-content\/uploads\/2024\/02\/logo-SIOV.png","width":431,"height":143,"caption":"\u0160IOV - \u0161t\u00e1tny in\u0161tit\u00fat odborn\u00e9ho vzdel\u00e1vania"},"image":{"@id":"https:\/\/archiv.siov.sk\/#\/schema\/logo\/image\/"},"sameAs":["https:\/\/www.facebook.com\/Statnyinstitutodbornehovzdelavania"]},{"@type":"Person","@id":"https:\/\/archiv.siov.sk\/#\/schema\/person\/7ae8d95216a02464a9ae6c8dcf8a4018","name":"siovadmin","url":"https:\/\/archiv.siov.sk\/en\/author\/siovadmin\/"}]}},"_links":{"self":[{"href":"https:\/\/archiv.siov.sk\/en\/wp-json\/wp\/v2\/posts\/2383","targetHints":{"allow":["GET"]}}],"collection":[{"href":"https:\/\/archiv.siov.sk\/en\/wp-json\/wp\/v2\/posts"}],"about":[{"href":"https:\/\/archiv.siov.sk\/en\/wp-json\/wp\/v2\/types\/post"}],"author":[{"embeddable":true,"href":"https:\/\/archiv.siov.sk\/en\/wp-json\/wp\/v2\/users\/1"}],"replies":[{"embeddable":true,"href":"https:\/\/archiv.siov.sk\/en\/wp-json\/wp\/v2\/comments?post=2383"}],"version-history":[{"count":1,"href":"https:\/\/archiv.siov.sk\/en\/wp-json\/wp\/v2\/posts\/2383\/revisions"}],"predecessor-version":[{"id":2385,"href":"https:\/\/archiv.siov.sk\/en\/wp-json\/wp\/v2\/posts\/2383\/revisions\/2385"}],"wp:featuredmedia":[{"embeddable":true,"href":"https:\/\/archiv.siov.sk\/en\/wp-json\/wp\/v2\/media\/2384"}],"wp:attachment":[{"href":"https:\/\/archiv.siov.sk\/en\/wp-json\/wp\/v2\/media?parent=2383"}],"wp:term":[{"taxonomy":"category","embeddable":true,"href":"https:\/\/archiv.siov.sk\/en\/wp-json\/wp\/v2\/categories?post=2383"},{"taxonomy":"post_tag","embeddable":true,"href":"https:\/\/archiv.siov.sk\/en\/wp-json\/wp\/v2\/tags?post=2383"}],"curies":[{"name":"wp","href":"https:\/\/api.w.org\/{rel}","templated":true}]}}