{"id":2379,"date":"2018-03-25T18:00:00","date_gmt":"2018-03-25T16:00:00","guid":{"rendered":"http:\/\/archiv.siov.sk\/?p=2379"},"modified":"2019-02-13T18:01:39","modified_gmt":"2019-02-13T17:01:39","slug":"studenti-z-celeho-slovenska-si-zmeraju-svoje-technicke-zrucnosti-na-sutazi-zenit","status":"publish","type":"post","link":"https:\/\/archiv.siov.sk\/en\/studenti-z-celeho-slovenska-si-zmeraju-svoje-technicke-zrucnosti-na-sutazi-zenit\/","title":{"rendered":"\u0160tudenti z cel\u00e9ho Slovenska si zmeraj\u00fa svoje technick\u00e9 zru\u010dnosti na s\u00fa\u0165a\u017ei ZENIT"},"content":{"rendered":"<p><span id=\"MainContent_Holder_MainText\"><strong>Doln\u00fd Kub\u00edn 20. marca (TASR)<\/strong>&nbsp;&#8211; Stredo\u0161kol\u00e1ci z cel\u00e9ho Slovenska si v d\u0148och 20. \u2013 22. marca zmeraj\u00fa sily v celoslovenskom kole s\u00fa\u0165a\u017ee ZENIT, ktor\u00e1 sa tento rok kon\u00e1 v Strednej odbornej \u0161kole polytechnickej v Dolnom Kub\u00edne. V\u00ed\u0165azi krajsk\u00fdch k\u00f4l si zas\u00fa\u0165a\u017eia v desiatich kateg\u00f3ri\u00e1ch. TASR o tom informovala Lenka Dor\u010d\u00e1kov\u00e1 zo \u0160t\u00e1tneho in\u0161tit\u00fatu odborn\u00e9ho vzdel\u00e1vania.&nbsp;<\/span><\/p>\n<p>&#8222;Vedomosti a zru\u010dnosti 96 \u0161tudentov z cel\u00e9ho Slovenska bude hodnoti\u0165 odborn\u00e1 komisia v kateg\u00f3ri\u00e1ch ako napr\u00edklad programovanie a webdizajn, elektronika, stroj\u00e1rstvo \u010di pr\u00e1ca na CNC strojoch, teda v oblastiach, ktor\u00e9 s\u00fa dnes na trhu pr\u00e1ce mimoriadne atrakt\u00edvne a zamestn\u00e1vate\u013emi \u017eiadan\u00e9,&#8220; pribl\u00ed\u017eila Dor\u010d\u00e1kov\u00e1.&nbsp;<\/p>\n<p>Dodala, \u017ee zauj\u00edmavou motiv\u00e1ciou pre s\u00fa\u0165a\u017eiacich je v\u00ed\u0165azstvo v kateg\u00f3ri\u00e1ch webdizajn, webgrafik a elektronika. Pr\u00e1ve to im prinesie nomin\u00e1ciu na reprezent\u00e1ciu Slovenska na celoeur\u00f3pskej s\u00fa\u0165a\u017ei zru\u010dnost\u00ed mlad\u00fdch EuroSkills v Ma\u010farsku.&nbsp;<\/p>\n<p>U\u017e 34. ro\u010dn\u00edk celon\u00e1rodnej s\u00fa\u0165a\u017ee ZENIT organizuje Ministerstvo \u0161kolstva, vedy, v\u00fdskumu a \u0161portu SR v spolupr\u00e1ci so \u0160t\u00e1tnym in\u0161tit\u00fatom odborn\u00e9ho vzdel\u00e1vania. Do \u0161kolsk\u00fdch k\u00f4l, ktor\u00e9 predch\u00e1dzali celo\u0161t\u00e1tnemu, sa v tomto \u0161kolskom roku zapojilo takmer 1750 \u017eiakov gymn\u00e1zi\u00ed a stredn\u00fdch odborn\u00fdch \u0161k\u00f4l.<\/p>","protected":false},"excerpt":{"rendered":"<p>Doln\u00fd Kub\u00edn 20. marca (TASR)&nbsp;&#8211; Stredo\u0161kol\u00e1ci z cel\u00e9ho Slovenska si v d\u0148och 20. \u2013 22. marca zmeraj\u00fa sily v celoslovenskom kole s\u00fa\u0165a\u017ee ZENIT, ktor\u00e1 sa tento rok kon\u00e1 v Strednej odbornej \u0161kole polytechnickej v Dolnom Kub\u00edne. V\u00ed\u0165azi krajsk\u00fdch k\u00f4l si zas\u00fa\u0165a\u017eia v desiatich kateg\u00f3ri\u00e1ch. TASR o tom informovala Lenka Dor\u010d\u00e1kov\u00e1 zo \u0160t\u00e1tneho in\u0161tit\u00fatu odborn\u00e9ho vzdel\u00e1vania.&nbsp; [&hellip;]<\/p>\n","protected":false},"author":1,"featured_media":2380,"comment_status":"closed","ping_status":"closed","sticky":false,"template":"","format":"standard","meta":{"site-sidebar-layout":"default","site-content-layout":"","ast-site-content-layout":"default","site-content-style":"default","site-sidebar-style":"default","ast-global-header-display":"","ast-banner-title-visibility":"","ast-main-header-display":"","ast-hfb-above-header-display":"","ast-hfb-below-header-display":"","ast-hfb-mobile-header-display":"","site-post-title":"","ast-breadcrumbs-content":"","ast-featured-img":"","footer-sml-layout":"","ast-disable-related-posts":"","theme-transparent-header-meta":"","adv-header-id-meta":"","stick-header-meta":"","header-above-stick-meta":"","header-main-stick-meta":"","header-below-stick-meta":"","astra-migrate-meta-layouts":"default","ast-page-background-enabled":"default","ast-page-background-meta":{"desktop":{"background-color":"var(--ast-global-color-4)","background-image":"","background-repeat":"repeat","background-position":"center center","background-size":"auto","background-attachment":"scroll","background-type":"","background-media":"","overlay-type":"","overlay-color":"","overlay-opacity":"","overlay-gradient":""},"tablet":{"background-color":"","background-image":"","background-repeat":"repeat","background-position":"center center","background-size":"auto","background-attachment":"scroll","background-type":"","background-media":"","overlay-type":"","overlay-color":"","overlay-opacity":"","overlay-gradient":""},"mobile":{"background-color":"","background-image":"","background-repeat":"repeat","background-position":"center center","background-size":"auto","background-attachment":"scroll","background-type":"","background-media":"","overlay-type":"","overlay-color":"","overlay-opacity":"","overlay-gradient":""}},"ast-content-background-meta":{"desktop":{"background-color":"var(--ast-global-color-5)","background-image":"","background-repeat":"repeat","background-position":"center center","background-size":"auto","background-attachment":"scroll","background-type":"","background-media":"","overlay-type":"","overlay-color":"","overlay-opacity":"","overlay-gradient":""},"tablet":{"background-color":"var(--ast-global-color-5)","background-image":"","background-repeat":"repeat","background-position":"center center","background-size":"auto","background-attachment":"scroll","background-type":"","background-media":"","overlay-type":"","overlay-color":"","overlay-opacity":"","overlay-gradient":""},"mobile":{"background-color":"var(--ast-global-color-5)","background-image":"","background-repeat":"repeat","background-position":"center center","background-size":"auto","background-attachment":"scroll","background-type":"","background-media":"","overlay-type":"","overlay-color":"","overlay-opacity":"","overlay-gradient":""}},"footnotes":""},"categories":[1],"tags":[],"class_list":["post-2379","post","type-post","status-publish","format-standard","has-post-thumbnail","hentry","category-aktuality"],"yoast_head":"<!-- This site is optimized with the Yoast SEO plugin v27.5 - https:\/\/yoast.com\/product\/yoast-seo-wordpress\/ -->\n<title>\u0160tudenti z cel\u00e9ho Slovenska si zmeraj\u00fa svoje technick\u00e9 zru\u010dnosti na s\u00fa\u0165a\u017ei ZENIT - \u0160IOV - \u0161t\u00e1tny in\u0161tit\u00fat odborn\u00e9ho vzdel\u00e1vania<\/title>\n<meta name=\"robots\" content=\"index, follow, max-snippet:-1, max-image-preview:large, max-video-preview:-1\" \/>\n<link rel=\"canonical\" href=\"https:\/\/archiv.siov.sk\/en\/studenti-z-celeho-slovenska-si-zmeraju-svoje-technicke-zrucnosti-na-sutazi-zenit\/\" \/>\n<meta property=\"og:locale\" content=\"en_GB\" \/>\n<meta property=\"og:type\" content=\"article\" \/>\n<meta property=\"og:title\" content=\"\u0160tudenti z cel\u00e9ho Slovenska si zmeraj\u00fa svoje technick\u00e9 zru\u010dnosti na s\u00fa\u0165a\u017ei ZENIT - \u0160IOV - \u0161t\u00e1tny in\u0161tit\u00fat odborn\u00e9ho vzdel\u00e1vania\" \/>\n<meta property=\"og:description\" content=\"Doln\u00fd Kub\u00edn 20. marca (TASR)&nbsp;&#8211; Stredo\u0161kol\u00e1ci z cel\u00e9ho Slovenska si v d\u0148och 20. \u2013 22. marca zmeraj\u00fa sily v celoslovenskom kole s\u00fa\u0165a\u017ee ZENIT, ktor\u00e1 sa tento rok kon\u00e1 v Strednej odbornej \u0161kole polytechnickej v Dolnom Kub\u00edne. V\u00ed\u0165azi krajsk\u00fdch k\u00f4l si zas\u00fa\u0165a\u017eia v desiatich kateg\u00f3ri\u00e1ch. TASR o tom informovala Lenka Dor\u010d\u00e1kov\u00e1 zo \u0160t\u00e1tneho in\u0161tit\u00fatu odborn\u00e9ho vzdel\u00e1vania.&nbsp; [&hellip;]\" \/>\n<meta property=\"og:url\" content=\"https:\/\/archiv.siov.sk\/en\/studenti-z-celeho-slovenska-si-zmeraju-svoje-technicke-zrucnosti-na-sutazi-zenit\/\" \/>\n<meta property=\"og:site_name\" content=\"\u0160IOV - \u0161t\u00e1tny in\u0161tit\u00fat odborn\u00e9ho vzdel\u00e1vania\" \/>\n<meta property=\"article:publisher\" content=\"https:\/\/www.facebook.com\/Statnyinstitutodbornehovzdelavania\" \/>\n<meta property=\"article:published_time\" content=\"2018-03-25T16:00:00+00:00\" \/>\n<meta property=\"article:modified_time\" content=\"2019-02-13T17:01:39+00:00\" \/>\n<meta property=\"og:image\" content=\"https:\/\/archiv.siov.sk\/wp-content\/uploads\/2019\/02\/top_program.jpg\" \/>\n\t<meta property=\"og:image:width\" content=\"1100\" \/>\n\t<meta property=\"og:image:height\" content=\"445\" \/>\n\t<meta property=\"og:image:type\" content=\"image\/jpeg\" \/>\n<meta name=\"author\" content=\"siovadmin\" \/>\n<meta name=\"twitter:card\" content=\"summary_large_image\" \/>\n<meta name=\"twitter:label1\" content=\"Written by\" \/>\n\t<meta name=\"twitter:data1\" content=\"siovadmin\" \/>\n\t<meta name=\"twitter:label2\" content=\"Estimated reading time\" \/>\n\t<meta name=\"twitter:data2\" content=\"1 minute\" \/>\n<script type=\"application\/ld+json\" class=\"yoast-schema-graph\">{\"@context\":\"https:\\\/\\\/schema.org\",\"@graph\":[{\"@type\":\"Article\",\"@id\":\"https:\\\/\\\/archiv.siov.sk\\\/studenti-z-celeho-slovenska-si-zmeraju-svoje-technicke-zrucnosti-na-sutazi-zenit\\\/#article\",\"isPartOf\":{\"@id\":\"https:\\\/\\\/archiv.siov.sk\\\/studenti-z-celeho-slovenska-si-zmeraju-svoje-technicke-zrucnosti-na-sutazi-zenit\\\/\"},\"author\":{\"name\":\"siovadmin\",\"@id\":\"https:\\\/\\\/archiv.siov.sk\\\/#\\\/schema\\\/person\\\/7ae8d95216a02464a9ae6c8dcf8a4018\"},\"headline\":\"\u0160tudenti z cel\u00e9ho Slovenska si zmeraj\u00fa svoje technick\u00e9 zru\u010dnosti na s\u00fa\u0165a\u017ei ZENIT\",\"datePublished\":\"2018-03-25T16:00:00+00:00\",\"dateModified\":\"2019-02-13T17:01:39+00:00\",\"mainEntityOfPage\":{\"@id\":\"https:\\\/\\\/archiv.siov.sk\\\/studenti-z-celeho-slovenska-si-zmeraju-svoje-technicke-zrucnosti-na-sutazi-zenit\\\/\"},\"wordCount\":253,\"publisher\":{\"@id\":\"https:\\\/\\\/archiv.siov.sk\\\/#organization\"},\"image\":{\"@id\":\"https:\\\/\\\/archiv.siov.sk\\\/studenti-z-celeho-slovenska-si-zmeraju-svoje-technicke-zrucnosti-na-sutazi-zenit\\\/#primaryimage\"},\"thumbnailUrl\":\"https:\\\/\\\/archiv.siov.sk\\\/wp-content\\\/uploads\\\/2019\\\/02\\\/top_program.jpg\",\"articleSection\":[\"Aktuality\"],\"inLanguage\":\"en-GB\"},{\"@type\":\"WebPage\",\"@id\":\"https:\\\/\\\/archiv.siov.sk\\\/studenti-z-celeho-slovenska-si-zmeraju-svoje-technicke-zrucnosti-na-sutazi-zenit\\\/\",\"url\":\"https:\\\/\\\/archiv.siov.sk\\\/studenti-z-celeho-slovenska-si-zmeraju-svoje-technicke-zrucnosti-na-sutazi-zenit\\\/\",\"name\":\"\u0160tudenti z cel\u00e9ho Slovenska si zmeraj\u00fa svoje technick\u00e9 zru\u010dnosti na s\u00fa\u0165a\u017ei ZENIT - \u0160IOV - \u0161t\u00e1tny in\u0161tit\u00fat odborn\u00e9ho vzdel\u00e1vania\",\"isPartOf\":{\"@id\":\"https:\\\/\\\/archiv.siov.sk\\\/#website\"},\"primaryImageOfPage\":{\"@id\":\"https:\\\/\\\/archiv.siov.sk\\\/studenti-z-celeho-slovenska-si-zmeraju-svoje-technicke-zrucnosti-na-sutazi-zenit\\\/#primaryimage\"},\"image\":{\"@id\":\"https:\\\/\\\/archiv.siov.sk\\\/studenti-z-celeho-slovenska-si-zmeraju-svoje-technicke-zrucnosti-na-sutazi-zenit\\\/#primaryimage\"},\"thumbnailUrl\":\"https:\\\/\\\/archiv.siov.sk\\\/wp-content\\\/uploads\\\/2019\\\/02\\\/top_program.jpg\",\"datePublished\":\"2018-03-25T16:00:00+00:00\",\"dateModified\":\"2019-02-13T17:01:39+00:00\",\"breadcrumb\":{\"@id\":\"https:\\\/\\\/archiv.siov.sk\\\/studenti-z-celeho-slovenska-si-zmeraju-svoje-technicke-zrucnosti-na-sutazi-zenit\\\/#breadcrumb\"},\"inLanguage\":\"en-GB\",\"potentialAction\":[{\"@type\":\"ReadAction\",\"target\":[\"https:\\\/\\\/archiv.siov.sk\\\/studenti-z-celeho-slovenska-si-zmeraju-svoje-technicke-zrucnosti-na-sutazi-zenit\\\/\"]}]},{\"@type\":\"ImageObject\",\"inLanguage\":\"en-GB\",\"@id\":\"https:\\\/\\\/archiv.siov.sk\\\/studenti-z-celeho-slovenska-si-zmeraju-svoje-technicke-zrucnosti-na-sutazi-zenit\\\/#primaryimage\",\"url\":\"https:\\\/\\\/archiv.siov.sk\\\/wp-content\\\/uploads\\\/2019\\\/02\\\/top_program.jpg\",\"contentUrl\":\"https:\\\/\\\/archiv.siov.sk\\\/wp-content\\\/uploads\\\/2019\\\/02\\\/top_program.jpg\",\"width\":1100,\"height\":445,\"caption\":\"\u0160tudenti z cel\u00e9ho Slovenska si zmeraj\u00fa svoje technick\u00e9 zru\u010dnosti na s\u00fa\u0165a\u017ei ZENIT\"},{\"@type\":\"BreadcrumbList\",\"@id\":\"https:\\\/\\\/archiv.siov.sk\\\/studenti-z-celeho-slovenska-si-zmeraju-svoje-technicke-zrucnosti-na-sutazi-zenit\\\/#breadcrumb\",\"itemListElement\":[{\"@type\":\"ListItem\",\"position\":1,\"name\":\"Home\",\"item\":\"https:\\\/\\\/archiv.siov.sk\\\/\"},{\"@type\":\"ListItem\",\"position\":2,\"name\":\"\u0160tudenti z cel\u00e9ho Slovenska si zmeraj\u00fa svoje technick\u00e9 zru\u010dnosti na s\u00fa\u0165a\u017ei ZENIT\"}]},{\"@type\":\"WebSite\",\"@id\":\"https:\\\/\\\/archiv.siov.sk\\\/#website\",\"url\":\"https:\\\/\\\/archiv.siov.sk\\\/\",\"name\":\"\u0160IOV - \u0161t\u00e1tny in\u0161tit\u00fat odborn\u00e9ho vzdel\u00e1vania\",\"description\":\"\",\"publisher\":{\"@id\":\"https:\\\/\\\/archiv.siov.sk\\\/#organization\"},\"potentialAction\":[{\"@type\":\"SearchAction\",\"target\":{\"@type\":\"EntryPoint\",\"urlTemplate\":\"https:\\\/\\\/archiv.siov.sk\\\/?s={search_term_string}\"},\"query-input\":{\"@type\":\"PropertyValueSpecification\",\"valueRequired\":true,\"valueName\":\"search_term_string\"}}],\"inLanguage\":\"en-GB\"},{\"@type\":\"Organization\",\"@id\":\"https:\\\/\\\/archiv.siov.sk\\\/#organization\",\"name\":\"\u0160IOV - \u0161t\u00e1tny in\u0161tit\u00fat odborn\u00e9ho vzdel\u00e1vania\",\"url\":\"https:\\\/\\\/archiv.siov.sk\\\/\",\"logo\":{\"@type\":\"ImageObject\",\"inLanguage\":\"en-GB\",\"@id\":\"https:\\\/\\\/archiv.siov.sk\\\/#\\\/schema\\\/logo\\\/image\\\/\",\"url\":\"https:\\\/\\\/archiv.siov.sk\\\/wp-content\\\/uploads\\\/2024\\\/02\\\/logo-SIOV.png\",\"contentUrl\":\"https:\\\/\\\/archiv.siov.sk\\\/wp-content\\\/uploads\\\/2024\\\/02\\\/logo-SIOV.png\",\"width\":431,\"height\":143,\"caption\":\"\u0160IOV - \u0161t\u00e1tny in\u0161tit\u00fat odborn\u00e9ho vzdel\u00e1vania\"},\"image\":{\"@id\":\"https:\\\/\\\/archiv.siov.sk\\\/#\\\/schema\\\/logo\\\/image\\\/\"},\"sameAs\":[\"https:\\\/\\\/www.facebook.com\\\/Statnyinstitutodbornehovzdelavania\"]},{\"@type\":\"Person\",\"@id\":\"https:\\\/\\\/archiv.siov.sk\\\/#\\\/schema\\\/person\\\/7ae8d95216a02464a9ae6c8dcf8a4018\",\"name\":\"siovadmin\",\"url\":\"https:\\\/\\\/archiv.siov.sk\\\/en\\\/author\\\/siovadmin\\\/\"}]}<\/script>\n<!-- \/ Yoast SEO plugin. -->","yoast_head_json":{"title":"\u0160tudenti z cel\u00e9ho Slovenska si zmeraj\u00fa svoje technick\u00e9 zru\u010dnosti na s\u00fa\u0165a\u017ei ZENIT - \u0160IOV - \u0161t\u00e1tny in\u0161tit\u00fat odborn\u00e9ho vzdel\u00e1vania","robots":{"index":"index","follow":"follow","max-snippet":"max-snippet:-1","max-image-preview":"max-image-preview:large","max-video-preview":"max-video-preview:-1"},"canonical":"https:\/\/archiv.siov.sk\/en\/studenti-z-celeho-slovenska-si-zmeraju-svoje-technicke-zrucnosti-na-sutazi-zenit\/","og_locale":"en_GB","og_type":"article","og_title":"\u0160tudenti z cel\u00e9ho Slovenska si zmeraj\u00fa svoje technick\u00e9 zru\u010dnosti na s\u00fa\u0165a\u017ei ZENIT - \u0160IOV - \u0161t\u00e1tny in\u0161tit\u00fat odborn\u00e9ho vzdel\u00e1vania","og_description":"Doln\u00fd Kub\u00edn 20. marca (TASR)&nbsp;&#8211; Stredo\u0161kol\u00e1ci z cel\u00e9ho Slovenska si v d\u0148och 20. \u2013 22. marca zmeraj\u00fa sily v celoslovenskom kole s\u00fa\u0165a\u017ee ZENIT, ktor\u00e1 sa tento rok kon\u00e1 v Strednej odbornej \u0161kole polytechnickej v Dolnom Kub\u00edne. V\u00ed\u0165azi krajsk\u00fdch k\u00f4l si zas\u00fa\u0165a\u017eia v desiatich kateg\u00f3ri\u00e1ch. TASR o tom informovala Lenka Dor\u010d\u00e1kov\u00e1 zo \u0160t\u00e1tneho in\u0161tit\u00fatu odborn\u00e9ho vzdel\u00e1vania.&nbsp; [&hellip;]","og_url":"https:\/\/archiv.siov.sk\/en\/studenti-z-celeho-slovenska-si-zmeraju-svoje-technicke-zrucnosti-na-sutazi-zenit\/","og_site_name":"\u0160IOV - \u0161t\u00e1tny in\u0161tit\u00fat odborn\u00e9ho vzdel\u00e1vania","article_publisher":"https:\/\/www.facebook.com\/Statnyinstitutodbornehovzdelavania","article_published_time":"2018-03-25T16:00:00+00:00","article_modified_time":"2019-02-13T17:01:39+00:00","og_image":[{"width":1100,"height":445,"url":"https:\/\/archiv.siov.sk\/wp-content\/uploads\/2019\/02\/top_program.jpg","type":"image\/jpeg"}],"author":"siovadmin","twitter_card":"summary_large_image","twitter_misc":{"Written by":"siovadmin","Estimated reading time":"1 minute"},"schema":{"@context":"https:\/\/schema.org","@graph":[{"@type":"Article","@id":"https:\/\/archiv.siov.sk\/studenti-z-celeho-slovenska-si-zmeraju-svoje-technicke-zrucnosti-na-sutazi-zenit\/#article","isPartOf":{"@id":"https:\/\/archiv.siov.sk\/studenti-z-celeho-slovenska-si-zmeraju-svoje-technicke-zrucnosti-na-sutazi-zenit\/"},"author":{"name":"siovadmin","@id":"https:\/\/archiv.siov.sk\/#\/schema\/person\/7ae8d95216a02464a9ae6c8dcf8a4018"},"headline":"\u0160tudenti z cel\u00e9ho Slovenska si zmeraj\u00fa svoje technick\u00e9 zru\u010dnosti na s\u00fa\u0165a\u017ei ZENIT","datePublished":"2018-03-25T16:00:00+00:00","dateModified":"2019-02-13T17:01:39+00:00","mainEntityOfPage":{"@id":"https:\/\/archiv.siov.sk\/studenti-z-celeho-slovenska-si-zmeraju-svoje-technicke-zrucnosti-na-sutazi-zenit\/"},"wordCount":253,"publisher":{"@id":"https:\/\/archiv.siov.sk\/#organization"},"image":{"@id":"https:\/\/archiv.siov.sk\/studenti-z-celeho-slovenska-si-zmeraju-svoje-technicke-zrucnosti-na-sutazi-zenit\/#primaryimage"},"thumbnailUrl":"https:\/\/archiv.siov.sk\/wp-content\/uploads\/2019\/02\/top_program.jpg","articleSection":["Aktuality"],"inLanguage":"en-GB"},{"@type":"WebPage","@id":"https:\/\/archiv.siov.sk\/studenti-z-celeho-slovenska-si-zmeraju-svoje-technicke-zrucnosti-na-sutazi-zenit\/","url":"https:\/\/archiv.siov.sk\/studenti-z-celeho-slovenska-si-zmeraju-svoje-technicke-zrucnosti-na-sutazi-zenit\/","name":"\u0160tudenti z cel\u00e9ho Slovenska si zmeraj\u00fa svoje technick\u00e9 zru\u010dnosti na s\u00fa\u0165a\u017ei ZENIT - \u0160IOV - \u0161t\u00e1tny in\u0161tit\u00fat odborn\u00e9ho vzdel\u00e1vania","isPartOf":{"@id":"https:\/\/archiv.siov.sk\/#website"},"primaryImageOfPage":{"@id":"https:\/\/archiv.siov.sk\/studenti-z-celeho-slovenska-si-zmeraju-svoje-technicke-zrucnosti-na-sutazi-zenit\/#primaryimage"},"image":{"@id":"https:\/\/archiv.siov.sk\/studenti-z-celeho-slovenska-si-zmeraju-svoje-technicke-zrucnosti-na-sutazi-zenit\/#primaryimage"},"thumbnailUrl":"https:\/\/archiv.siov.sk\/wp-content\/uploads\/2019\/02\/top_program.jpg","datePublished":"2018-03-25T16:00:00+00:00","dateModified":"2019-02-13T17:01:39+00:00","breadcrumb":{"@id":"https:\/\/archiv.siov.sk\/studenti-z-celeho-slovenska-si-zmeraju-svoje-technicke-zrucnosti-na-sutazi-zenit\/#breadcrumb"},"inLanguage":"en-GB","potentialAction":[{"@type":"ReadAction","target":["https:\/\/archiv.siov.sk\/studenti-z-celeho-slovenska-si-zmeraju-svoje-technicke-zrucnosti-na-sutazi-zenit\/"]}]},{"@type":"ImageObject","inLanguage":"en-GB","@id":"https:\/\/archiv.siov.sk\/studenti-z-celeho-slovenska-si-zmeraju-svoje-technicke-zrucnosti-na-sutazi-zenit\/#primaryimage","url":"https:\/\/archiv.siov.sk\/wp-content\/uploads\/2019\/02\/top_program.jpg","contentUrl":"https:\/\/archiv.siov.sk\/wp-content\/uploads\/2019\/02\/top_program.jpg","width":1100,"height":445,"caption":"\u0160tudenti z cel\u00e9ho Slovenska si zmeraj\u00fa svoje technick\u00e9 zru\u010dnosti na s\u00fa\u0165a\u017ei ZENIT"},{"@type":"BreadcrumbList","@id":"https:\/\/archiv.siov.sk\/studenti-z-celeho-slovenska-si-zmeraju-svoje-technicke-zrucnosti-na-sutazi-zenit\/#breadcrumb","itemListElement":[{"@type":"ListItem","position":1,"name":"Home","item":"https:\/\/archiv.siov.sk\/"},{"@type":"ListItem","position":2,"name":"\u0160tudenti z cel\u00e9ho Slovenska si zmeraj\u00fa svoje technick\u00e9 zru\u010dnosti na s\u00fa\u0165a\u017ei ZENIT"}]},{"@type":"WebSite","@id":"https:\/\/archiv.siov.sk\/#website","url":"https:\/\/archiv.siov.sk\/","name":"\u0160IOV - \u0161t\u00e1tny in\u0161tit\u00fat odborn\u00e9ho vzdel\u00e1vania","description":"","publisher":{"@id":"https:\/\/archiv.siov.sk\/#organization"},"potentialAction":[{"@type":"SearchAction","target":{"@type":"EntryPoint","urlTemplate":"https:\/\/archiv.siov.sk\/?s={search_term_string}"},"query-input":{"@type":"PropertyValueSpecification","valueRequired":true,"valueName":"search_term_string"}}],"inLanguage":"en-GB"},{"@type":"Organization","@id":"https:\/\/archiv.siov.sk\/#organization","name":"\u0160IOV - \u0161t\u00e1tny in\u0161tit\u00fat odborn\u00e9ho vzdel\u00e1vania","url":"https:\/\/archiv.siov.sk\/","logo":{"@type":"ImageObject","inLanguage":"en-GB","@id":"https:\/\/archiv.siov.sk\/#\/schema\/logo\/image\/","url":"https:\/\/archiv.siov.sk\/wp-content\/uploads\/2024\/02\/logo-SIOV.png","contentUrl":"https:\/\/archiv.siov.sk\/wp-content\/uploads\/2024\/02\/logo-SIOV.png","width":431,"height":143,"caption":"\u0160IOV - \u0161t\u00e1tny in\u0161tit\u00fat odborn\u00e9ho vzdel\u00e1vania"},"image":{"@id":"https:\/\/archiv.siov.sk\/#\/schema\/logo\/image\/"},"sameAs":["https:\/\/www.facebook.com\/Statnyinstitutodbornehovzdelavania"]},{"@type":"Person","@id":"https:\/\/archiv.siov.sk\/#\/schema\/person\/7ae8d95216a02464a9ae6c8dcf8a4018","name":"siovadmin","url":"https:\/\/archiv.siov.sk\/en\/author\/siovadmin\/"}]}},"_links":{"self":[{"href":"https:\/\/archiv.siov.sk\/en\/wp-json\/wp\/v2\/posts\/2379","targetHints":{"allow":["GET"]}}],"collection":[{"href":"https:\/\/archiv.siov.sk\/en\/wp-json\/wp\/v2\/posts"}],"about":[{"href":"https:\/\/archiv.siov.sk\/en\/wp-json\/wp\/v2\/types\/post"}],"author":[{"embeddable":true,"href":"https:\/\/archiv.siov.sk\/en\/wp-json\/wp\/v2\/users\/1"}],"replies":[{"embeddable":true,"href":"https:\/\/archiv.siov.sk\/en\/wp-json\/wp\/v2\/comments?post=2379"}],"version-history":[{"count":2,"href":"https:\/\/archiv.siov.sk\/en\/wp-json\/wp\/v2\/posts\/2379\/revisions"}],"predecessor-version":[{"id":2382,"href":"https:\/\/archiv.siov.sk\/en\/wp-json\/wp\/v2\/posts\/2379\/revisions\/2382"}],"wp:featuredmedia":[{"embeddable":true,"href":"https:\/\/archiv.siov.sk\/en\/wp-json\/wp\/v2\/media\/2380"}],"wp:attachment":[{"href":"https:\/\/archiv.siov.sk\/en\/wp-json\/wp\/v2\/media?parent=2379"}],"wp:term":[{"taxonomy":"category","embeddable":true,"href":"https:\/\/archiv.siov.sk\/en\/wp-json\/wp\/v2\/categories?post=2379"},{"taxonomy":"post_tag","embeddable":true,"href":"https:\/\/archiv.siov.sk\/en\/wp-json\/wp\/v2\/tags?post=2379"}],"curies":[{"name":"wp","href":"https:\/\/api.w.org\/{rel}","templated":true}]}}