{"id":2371,"date":"2018-01-31T17:53:02","date_gmt":"2018-01-31T16:53:02","guid":{"rendered":"http:\/\/archiv.siov.sk\/?p=2371"},"modified":"2019-02-13T17:56:06","modified_gmt":"2019-02-13T16:56:06","slug":"pracovne-stretnutie-na-temu-dualne-vzdelavanie-najlepsia-cesta-pre-nasu-buducnost","status":"publish","type":"post","link":"https:\/\/archiv.siov.sk\/en\/pracovne-stretnutie-na-temu-dualne-vzdelavanie-najlepsia-cesta-pre-nasu-buducnost\/","title":{"rendered":"Pracovn\u00e9 stretnutie na t\u00e9mu \u201eDu\u00e1lne vzdel\u00e1vanie \u2013 najlep\u0161ia cesta pre na\u0161u bud\u00facnos\u0165\u201c"},"content":{"rendered":"<p style=\"text-align: justify;\">\u201eDu\u00e1lne vzdel\u00e1vanie&nbsp; &#8211; najlep\u0161ia cesta pre na\u0161u bud\u00facnos\u0165\u201c je n\u00e1zov pracovn\u00e9ho stretnutia, ktor\u00e9 pre V\u00e1s organizuje \u0160t\u00e1tny in\u0161tit\u00fat odborn\u00e9ho vzdel\u00e1vania v&nbsp;spolupr\u00e1ci so Slovenskou obchodnou a&nbsp;priemyselnou komorou. Jednod\u0148ov\u00e9 podujatie sa bude kona\u0165 d\u0148a 8. febru\u00e1ra 2018 v&nbsp;priestoroch s\u00eddla Tren\u010dianskeho samospr\u00e1vneho kraja na ulici K&nbsp;dolnej stanici 7282\/20A v&nbsp;zasada\u010dke na 1. poschod\u00ed.<\/p>\n<p><strong>Program stretnutia:&nbsp;<\/strong><\/p>\n<table class=\"table\">\n<tbody>\n<tr>\n<td><strong>9:30 \u2013 10:00<\/strong><\/td>\n<td>Prezent\u00e1cia \u00fa\u010dastn\u00edkov<\/td>\n<\/tr>\n<tr>\n<td><strong>10:00 \u2013 10:10<\/strong><\/td>\n<td>Otvorenie<\/td>\n<\/tr>\n<tr>\n<td><strong>10:10 \u2013 10:40<\/strong><\/td>\n<td>Implement\u00e1cia syst\u00e9mu du\u00e1lneho vzdel\u00e1vania za \u00fa\u010dasti zamestn\u00e1vate\u013eov, SOPK a&nbsp;NP Du\u00e1l<\/td>\n<\/tr>\n<tr>\n<td><strong>10:40 \u2013 10:50<\/strong><\/td>\n<td>Du\u00e1l pointy a&nbsp;ich poslanie<\/td>\n<\/tr>\n<tr>\n<td><strong>10:50 \u2013 11:00<\/strong><\/td>\n<td>Zapojenie zamestn\u00e1vate\u013eov a&nbsp;\u0161k\u00f4l do du\u00e1lneho vzdel\u00e1vania&nbsp;<\/td>\n<\/tr>\n<tr>\n<td><strong>11:00 \u2013 11:30<\/strong><\/td>\n<td>Pr\u00edprava du\u00e1lneho vzdel\u00e1vania pre \u0161kolsk\u00fd rok 2018\/2019<\/td>\n<\/tr>\n<tr>\n<td><strong>11:30 \u2013 12:00<\/strong><\/td>\n<td>Prest\u00e1vka<\/td>\n<\/tr>\n<tr>\n<td><strong>12:00 \u2013 13:00<\/strong><\/td>\n<td>Noveliz\u00e1cia legislat\u00edvy od 1.9.2018 a&nbsp;zmeny v du\u00e1lnom vzdel\u00e1van\u00ed<\/td>\n<\/tr>\n<tr>\n<td><strong>13:00 \u2013 13:30<\/strong><\/td>\n<td>Okruhy ot\u00e1zok pod\u013ea n\u00e1vratiek od zamestn\u00e1vate\u013eov<\/td>\n<\/tr>\n<tr>\n<td><strong>13:30 \u2013 14:30<\/strong><\/td>\n<td>Diskusia<\/td>\n<\/tr>\n<tr>\n<td><strong>14:30 \u2013 14:40<\/strong><\/td>\n<td>Z\u00e1ver<\/td>\n<\/tr>\n<\/tbody>\n<\/table>\n<p>&nbsp;<\/p>\n<p>Svoju \u00fa\u010das\u0165, pros\u00edm potvr\u010fte najnesk\u00f4r do 06. 02. 2018 prostredn\u00edctvom elektronickej n\u00e1vratky:&nbsp;<a href=\"https:\/\/goo.gl\/forms\/RbkoGbQanmuKnOMB2\">https:\/\/goo.gl\/forms\/RbkoGbQanmuKnOMB2 <\/a><\/p>\n<p>Te\u0161\u00edme sa na spolo\u010dn\u00e9 stretnutie.<\/p>\n<p>&nbsp;<\/p>","protected":false},"excerpt":{"rendered":"<p>\u201eDu\u00e1lne vzdel\u00e1vanie&nbsp; &#8211; najlep\u0161ia cesta pre na\u0161u bud\u00facnos\u0165\u201c je n\u00e1zov pracovn\u00e9ho stretnutia, ktor\u00e9 pre V\u00e1s organizuje \u0160t\u00e1tny in\u0161tit\u00fat odborn\u00e9ho vzdel\u00e1vania v&nbsp;spolupr\u00e1ci so Slovenskou obchodnou a&nbsp;priemyselnou komorou. Jednod\u0148ov\u00e9 podujatie sa bude kona\u0165 d\u0148a 8. febru\u00e1ra 2018 v&nbsp;priestoroch s\u00eddla Tren\u010dianskeho samospr\u00e1vneho kraja na ulici K&nbsp;dolnej stanici 7282\/20A v&nbsp;zasada\u010dke na 1. poschod\u00ed. Program stretnutia:&nbsp; 9:30 \u2013 10:00 Prezent\u00e1cia [&hellip;]<\/p>\n","protected":false},"author":1,"featured_media":2374,"comment_status":"closed","ping_status":"closed","sticky":false,"template":"","format":"standard","meta":{"site-sidebar-layout":"default","site-content-layout":"","ast-site-content-layout":"default","site-content-style":"default","site-sidebar-style":"default","ast-global-header-display":"","ast-banner-title-visibility":"","ast-main-header-display":"","ast-hfb-above-header-display":"","ast-hfb-below-header-display":"","ast-hfb-mobile-header-display":"","site-post-title":"","ast-breadcrumbs-content":"","ast-featured-img":"","footer-sml-layout":"","ast-disable-related-posts":"","theme-transparent-header-meta":"","adv-header-id-meta":"","stick-header-meta":"","header-above-stick-meta":"","header-main-stick-meta":"","header-below-stick-meta":"","astra-migrate-meta-layouts":"default","ast-page-background-enabled":"default","ast-page-background-meta":{"desktop":{"background-color":"var(--ast-global-color-4)","background-image":"","background-repeat":"repeat","background-position":"center center","background-size":"auto","background-attachment":"scroll","background-type":"","background-media":"","overlay-type":"","overlay-color":"","overlay-opacity":"","overlay-gradient":""},"tablet":{"background-color":"","background-image":"","background-repeat":"repeat","background-position":"center center","background-size":"auto","background-attachment":"scroll","background-type":"","background-media":"","overlay-type":"","overlay-color":"","overlay-opacity":"","overlay-gradient":""},"mobile":{"background-color":"","background-image":"","background-repeat":"repeat","background-position":"center center","background-size":"auto","background-attachment":"scroll","background-type":"","background-media":"","overlay-type":"","overlay-color":"","overlay-opacity":"","overlay-gradient":""}},"ast-content-background-meta":{"desktop":{"background-color":"var(--ast-global-color-5)","background-image":"","background-repeat":"repeat","background-position":"center center","background-size":"auto","background-attachment":"scroll","background-type":"","background-media":"","overlay-type":"","overlay-color":"","overlay-opacity":"","overlay-gradient":""},"tablet":{"background-color":"var(--ast-global-color-5)","background-image":"","background-repeat":"repeat","background-position":"center center","background-size":"auto","background-attachment":"scroll","background-type":"","background-media":"","overlay-type":"","overlay-color":"","overlay-opacity":"","overlay-gradient":""},"mobile":{"background-color":"var(--ast-global-color-5)","background-image":"","background-repeat":"repeat","background-position":"center center","background-size":"auto","background-attachment":"scroll","background-type":"","background-media":"","overlay-type":"","overlay-color":"","overlay-opacity":"","overlay-gradient":""}},"footnotes":""},"categories":[1],"tags":[],"class_list":["post-2371","post","type-post","status-publish","format-standard","has-post-thumbnail","hentry","category-aktuality"],"yoast_head":"<!-- This site is optimized with the Yoast SEO plugin v27.5 - https:\/\/yoast.com\/product\/yoast-seo-wordpress\/ -->\n<title>Pracovn\u00e9 stretnutie na t\u00e9mu \u201eDu\u00e1lne vzdel\u00e1vanie \u2013 najlep\u0161ia cesta pre na\u0161u bud\u00facnos\u0165\u201c - \u0160IOV - \u0161t\u00e1tny in\u0161tit\u00fat odborn\u00e9ho vzdel\u00e1vania<\/title>\n<meta name=\"description\" content=\"Du\u00e1lne vzdel\u00e1vanie - najlep\u0161ia cesta pre na\u0161u bud\u00facnos\u0165\u201c je n\u00e1zov pracovn\u00e9ho stretnutia, ktor\u00e9 pre V\u00e1s organizuje \u0160t\u00e1tny in\u0161tit\u00fat odborn\u00e9ho vzdel\u00e1vania v spolupr\u00e1ci so Slovenskou obchodnou a priemyselnou komorou.\" \/>\n<meta name=\"robots\" content=\"index, follow, max-snippet:-1, max-image-preview:large, max-video-preview:-1\" \/>\n<link rel=\"canonical\" href=\"https:\/\/archiv.siov.sk\/en\/pracovne-stretnutie-na-temu-dualne-vzdelavanie-najlepsia-cesta-pre-nasu-buducnost\/\" \/>\n<meta property=\"og:locale\" content=\"en_GB\" \/>\n<meta property=\"og:type\" content=\"article\" \/>\n<meta property=\"og:title\" content=\"Pracovn\u00e9 stretnutie na t\u00e9mu \u201eDu\u00e1lne vzdel\u00e1vanie \u2013 najlep\u0161ia cesta pre na\u0161u bud\u00facnos\u0165\u201c - \u0160IOV - \u0161t\u00e1tny in\u0161tit\u00fat odborn\u00e9ho vzdel\u00e1vania\" \/>\n<meta property=\"og:description\" content=\"Du\u00e1lne vzdel\u00e1vanie - najlep\u0161ia cesta pre na\u0161u bud\u00facnos\u0165\u201c je n\u00e1zov pracovn\u00e9ho stretnutia, ktor\u00e9 pre V\u00e1s organizuje \u0160t\u00e1tny in\u0161tit\u00fat odborn\u00e9ho vzdel\u00e1vania v spolupr\u00e1ci so Slovenskou obchodnou a priemyselnou komorou.\" \/>\n<meta property=\"og:url\" content=\"https:\/\/archiv.siov.sk\/en\/pracovne-stretnutie-na-temu-dualne-vzdelavanie-najlepsia-cesta-pre-nasu-buducnost\/\" \/>\n<meta property=\"og:site_name\" content=\"\u0160IOV - \u0161t\u00e1tny in\u0161tit\u00fat odborn\u00e9ho vzdel\u00e1vania\" \/>\n<meta property=\"article:publisher\" content=\"https:\/\/www.facebook.com\/Statnyinstitutodbornehovzdelavania\" \/>\n<meta property=\"article:published_time\" content=\"2018-01-31T16:53:02+00:00\" \/>\n<meta property=\"article:modified_time\" content=\"2019-02-13T16:56:06+00:00\" \/>\n<meta property=\"og:image\" content=\"https:\/\/archiv.siov.sk\/wp-content\/uploads\/2018\/01\/top_konferencia.jpg\" \/>\n\t<meta property=\"og:image:width\" content=\"1100\" \/>\n\t<meta property=\"og:image:height\" content=\"445\" \/>\n\t<meta property=\"og:image:type\" content=\"image\/jpeg\" \/>\n<meta name=\"author\" content=\"siovadmin\" \/>\n<meta name=\"twitter:card\" content=\"summary_large_image\" \/>\n<meta name=\"twitter:label1\" content=\"Written by\" \/>\n\t<meta name=\"twitter:data1\" content=\"siovadmin\" \/>\n\t<meta name=\"twitter:label2\" content=\"Estimated reading time\" \/>\n\t<meta name=\"twitter:data2\" content=\"1 minute\" \/>\n<script type=\"application\/ld+json\" class=\"yoast-schema-graph\">{\"@context\":\"https:\\\/\\\/schema.org\",\"@graph\":[{\"@type\":\"Article\",\"@id\":\"https:\\\/\\\/archiv.siov.sk\\\/pracovne-stretnutie-na-temu-dualne-vzdelavanie-najlepsia-cesta-pre-nasu-buducnost\\\/#article\",\"isPartOf\":{\"@id\":\"https:\\\/\\\/archiv.siov.sk\\\/pracovne-stretnutie-na-temu-dualne-vzdelavanie-najlepsia-cesta-pre-nasu-buducnost\\\/\"},\"author\":{\"name\":\"siovadmin\",\"@id\":\"https:\\\/\\\/archiv.siov.sk\\\/#\\\/schema\\\/person\\\/7ae8d95216a02464a9ae6c8dcf8a4018\"},\"headline\":\"Pracovn\u00e9 stretnutie na t\u00e9mu \u201eDu\u00e1lne vzdel\u00e1vanie \u2013 najlep\u0161ia cesta pre na\u0161u bud\u00facnos\u0165\u201c\",\"datePublished\":\"2018-01-31T16:53:02+00:00\",\"dateModified\":\"2019-02-13T16:56:06+00:00\",\"mainEntityOfPage\":{\"@id\":\"https:\\\/\\\/archiv.siov.sk\\\/pracovne-stretnutie-na-temu-dualne-vzdelavanie-najlepsia-cesta-pre-nasu-buducnost\\\/\"},\"wordCount\":210,\"publisher\":{\"@id\":\"https:\\\/\\\/archiv.siov.sk\\\/#organization\"},\"image\":{\"@id\":\"https:\\\/\\\/archiv.siov.sk\\\/pracovne-stretnutie-na-temu-dualne-vzdelavanie-najlepsia-cesta-pre-nasu-buducnost\\\/#primaryimage\"},\"thumbnailUrl\":\"https:\\\/\\\/archiv.siov.sk\\\/wp-content\\\/uploads\\\/2018\\\/01\\\/top_konferencia.jpg\",\"articleSection\":[\"Aktuality\"],\"inLanguage\":\"en-GB\"},{\"@type\":\"WebPage\",\"@id\":\"https:\\\/\\\/archiv.siov.sk\\\/pracovne-stretnutie-na-temu-dualne-vzdelavanie-najlepsia-cesta-pre-nasu-buducnost\\\/\",\"url\":\"https:\\\/\\\/archiv.siov.sk\\\/pracovne-stretnutie-na-temu-dualne-vzdelavanie-najlepsia-cesta-pre-nasu-buducnost\\\/\",\"name\":\"Pracovn\u00e9 stretnutie na t\u00e9mu \u201eDu\u00e1lne vzdel\u00e1vanie \u2013 najlep\u0161ia cesta pre na\u0161u bud\u00facnos\u0165\u201c - \u0160IOV - \u0161t\u00e1tny in\u0161tit\u00fat odborn\u00e9ho vzdel\u00e1vania\",\"isPartOf\":{\"@id\":\"https:\\\/\\\/archiv.siov.sk\\\/#website\"},\"primaryImageOfPage\":{\"@id\":\"https:\\\/\\\/archiv.siov.sk\\\/pracovne-stretnutie-na-temu-dualne-vzdelavanie-najlepsia-cesta-pre-nasu-buducnost\\\/#primaryimage\"},\"image\":{\"@id\":\"https:\\\/\\\/archiv.siov.sk\\\/pracovne-stretnutie-na-temu-dualne-vzdelavanie-najlepsia-cesta-pre-nasu-buducnost\\\/#primaryimage\"},\"thumbnailUrl\":\"https:\\\/\\\/archiv.siov.sk\\\/wp-content\\\/uploads\\\/2018\\\/01\\\/top_konferencia.jpg\",\"datePublished\":\"2018-01-31T16:53:02+00:00\",\"dateModified\":\"2019-02-13T16:56:06+00:00\",\"description\":\"Du\u00e1lne vzdel\u00e1vanie - najlep\u0161ia cesta pre na\u0161u bud\u00facnos\u0165\u201c je n\u00e1zov pracovn\u00e9ho stretnutia, ktor\u00e9 pre V\u00e1s organizuje \u0160t\u00e1tny in\u0161tit\u00fat odborn\u00e9ho vzdel\u00e1vania v spolupr\u00e1ci so Slovenskou obchodnou a priemyselnou komorou.\",\"breadcrumb\":{\"@id\":\"https:\\\/\\\/archiv.siov.sk\\\/pracovne-stretnutie-na-temu-dualne-vzdelavanie-najlepsia-cesta-pre-nasu-buducnost\\\/#breadcrumb\"},\"inLanguage\":\"en-GB\",\"potentialAction\":[{\"@type\":\"ReadAction\",\"target\":[\"https:\\\/\\\/archiv.siov.sk\\\/pracovne-stretnutie-na-temu-dualne-vzdelavanie-najlepsia-cesta-pre-nasu-buducnost\\\/\"]}]},{\"@type\":\"ImageObject\",\"inLanguage\":\"en-GB\",\"@id\":\"https:\\\/\\\/archiv.siov.sk\\\/pracovne-stretnutie-na-temu-dualne-vzdelavanie-najlepsia-cesta-pre-nasu-buducnost\\\/#primaryimage\",\"url\":\"https:\\\/\\\/archiv.siov.sk\\\/wp-content\\\/uploads\\\/2018\\\/01\\\/top_konferencia.jpg\",\"contentUrl\":\"https:\\\/\\\/archiv.siov.sk\\\/wp-content\\\/uploads\\\/2018\\\/01\\\/top_konferencia.jpg\",\"width\":1100,\"height\":445,\"caption\":\"Pracovn\u00e9 stretnutie na t\u00e9mu \u201eDu\u00e1lne vzdel\u00e1vanie \u2013 najlep\u0161ia cesta pre na\u0161u bud\u00facnos\u0165\u201c\"},{\"@type\":\"BreadcrumbList\",\"@id\":\"https:\\\/\\\/archiv.siov.sk\\\/pracovne-stretnutie-na-temu-dualne-vzdelavanie-najlepsia-cesta-pre-nasu-buducnost\\\/#breadcrumb\",\"itemListElement\":[{\"@type\":\"ListItem\",\"position\":1,\"name\":\"Home\",\"item\":\"https:\\\/\\\/archiv.siov.sk\\\/\"},{\"@type\":\"ListItem\",\"position\":2,\"name\":\"Pracovn\u00e9 stretnutie na t\u00e9mu \u201eDu\u00e1lne vzdel\u00e1vanie \u2013 najlep\u0161ia cesta pre na\u0161u bud\u00facnos\u0165\u201c\"}]},{\"@type\":\"WebSite\",\"@id\":\"https:\\\/\\\/archiv.siov.sk\\\/#website\",\"url\":\"https:\\\/\\\/archiv.siov.sk\\\/\",\"name\":\"\u0160IOV - \u0161t\u00e1tny in\u0161tit\u00fat odborn\u00e9ho vzdel\u00e1vania\",\"description\":\"\",\"publisher\":{\"@id\":\"https:\\\/\\\/archiv.siov.sk\\\/#organization\"},\"potentialAction\":[{\"@type\":\"SearchAction\",\"target\":{\"@type\":\"EntryPoint\",\"urlTemplate\":\"https:\\\/\\\/archiv.siov.sk\\\/?s={search_term_string}\"},\"query-input\":{\"@type\":\"PropertyValueSpecification\",\"valueRequired\":true,\"valueName\":\"search_term_string\"}}],\"inLanguage\":\"en-GB\"},{\"@type\":\"Organization\",\"@id\":\"https:\\\/\\\/archiv.siov.sk\\\/#organization\",\"name\":\"\u0160IOV - \u0161t\u00e1tny in\u0161tit\u00fat odborn\u00e9ho vzdel\u00e1vania\",\"url\":\"https:\\\/\\\/archiv.siov.sk\\\/\",\"logo\":{\"@type\":\"ImageObject\",\"inLanguage\":\"en-GB\",\"@id\":\"https:\\\/\\\/archiv.siov.sk\\\/#\\\/schema\\\/logo\\\/image\\\/\",\"url\":\"https:\\\/\\\/archiv.siov.sk\\\/wp-content\\\/uploads\\\/2024\\\/02\\\/logo-SIOV.png\",\"contentUrl\":\"https:\\\/\\\/archiv.siov.sk\\\/wp-content\\\/uploads\\\/2024\\\/02\\\/logo-SIOV.png\",\"width\":431,\"height\":143,\"caption\":\"\u0160IOV - \u0161t\u00e1tny in\u0161tit\u00fat odborn\u00e9ho vzdel\u00e1vania\"},\"image\":{\"@id\":\"https:\\\/\\\/archiv.siov.sk\\\/#\\\/schema\\\/logo\\\/image\\\/\"},\"sameAs\":[\"https:\\\/\\\/www.facebook.com\\\/Statnyinstitutodbornehovzdelavania\"]},{\"@type\":\"Person\",\"@id\":\"https:\\\/\\\/archiv.siov.sk\\\/#\\\/schema\\\/person\\\/7ae8d95216a02464a9ae6c8dcf8a4018\",\"name\":\"siovadmin\",\"url\":\"https:\\\/\\\/archiv.siov.sk\\\/en\\\/author\\\/siovadmin\\\/\"}]}<\/script>\n<!-- \/ Yoast SEO plugin. -->","yoast_head_json":{"title":"Pracovn\u00e9 stretnutie na t\u00e9mu \u201eDu\u00e1lne vzdel\u00e1vanie \u2013 najlep\u0161ia cesta pre na\u0161u bud\u00facnos\u0165\u201c - \u0160IOV - \u0161t\u00e1tny in\u0161tit\u00fat odborn\u00e9ho vzdel\u00e1vania","description":"Du\u00e1lne vzdel\u00e1vanie - najlep\u0161ia cesta pre na\u0161u bud\u00facnos\u0165\u201c je n\u00e1zov pracovn\u00e9ho stretnutia, ktor\u00e9 pre V\u00e1s organizuje \u0160t\u00e1tny in\u0161tit\u00fat odborn\u00e9ho vzdel\u00e1vania v spolupr\u00e1ci so Slovenskou obchodnou a priemyselnou komorou.","robots":{"index":"index","follow":"follow","max-snippet":"max-snippet:-1","max-image-preview":"max-image-preview:large","max-video-preview":"max-video-preview:-1"},"canonical":"https:\/\/archiv.siov.sk\/en\/pracovne-stretnutie-na-temu-dualne-vzdelavanie-najlepsia-cesta-pre-nasu-buducnost\/","og_locale":"en_GB","og_type":"article","og_title":"Pracovn\u00e9 stretnutie na t\u00e9mu \u201eDu\u00e1lne vzdel\u00e1vanie \u2013 najlep\u0161ia cesta pre na\u0161u bud\u00facnos\u0165\u201c - \u0160IOV - \u0161t\u00e1tny in\u0161tit\u00fat odborn\u00e9ho vzdel\u00e1vania","og_description":"Du\u00e1lne vzdel\u00e1vanie - najlep\u0161ia cesta pre na\u0161u bud\u00facnos\u0165\u201c je n\u00e1zov pracovn\u00e9ho stretnutia, ktor\u00e9 pre V\u00e1s organizuje \u0160t\u00e1tny in\u0161tit\u00fat odborn\u00e9ho vzdel\u00e1vania v spolupr\u00e1ci so Slovenskou obchodnou a priemyselnou komorou.","og_url":"https:\/\/archiv.siov.sk\/en\/pracovne-stretnutie-na-temu-dualne-vzdelavanie-najlepsia-cesta-pre-nasu-buducnost\/","og_site_name":"\u0160IOV - \u0161t\u00e1tny in\u0161tit\u00fat odborn\u00e9ho vzdel\u00e1vania","article_publisher":"https:\/\/www.facebook.com\/Statnyinstitutodbornehovzdelavania","article_published_time":"2018-01-31T16:53:02+00:00","article_modified_time":"2019-02-13T16:56:06+00:00","og_image":[{"width":1100,"height":445,"url":"https:\/\/archiv.siov.sk\/wp-content\/uploads\/2018\/01\/top_konferencia.jpg","type":"image\/jpeg"}],"author":"siovadmin","twitter_card":"summary_large_image","twitter_misc":{"Written by":"siovadmin","Estimated reading time":"1 minute"},"schema":{"@context":"https:\/\/schema.org","@graph":[{"@type":"Article","@id":"https:\/\/archiv.siov.sk\/pracovne-stretnutie-na-temu-dualne-vzdelavanie-najlepsia-cesta-pre-nasu-buducnost\/#article","isPartOf":{"@id":"https:\/\/archiv.siov.sk\/pracovne-stretnutie-na-temu-dualne-vzdelavanie-najlepsia-cesta-pre-nasu-buducnost\/"},"author":{"name":"siovadmin","@id":"https:\/\/archiv.siov.sk\/#\/schema\/person\/7ae8d95216a02464a9ae6c8dcf8a4018"},"headline":"Pracovn\u00e9 stretnutie na t\u00e9mu \u201eDu\u00e1lne vzdel\u00e1vanie \u2013 najlep\u0161ia cesta pre na\u0161u bud\u00facnos\u0165\u201c","datePublished":"2018-01-31T16:53:02+00:00","dateModified":"2019-02-13T16:56:06+00:00","mainEntityOfPage":{"@id":"https:\/\/archiv.siov.sk\/pracovne-stretnutie-na-temu-dualne-vzdelavanie-najlepsia-cesta-pre-nasu-buducnost\/"},"wordCount":210,"publisher":{"@id":"https:\/\/archiv.siov.sk\/#organization"},"image":{"@id":"https:\/\/archiv.siov.sk\/pracovne-stretnutie-na-temu-dualne-vzdelavanie-najlepsia-cesta-pre-nasu-buducnost\/#primaryimage"},"thumbnailUrl":"https:\/\/archiv.siov.sk\/wp-content\/uploads\/2018\/01\/top_konferencia.jpg","articleSection":["Aktuality"],"inLanguage":"en-GB"},{"@type":"WebPage","@id":"https:\/\/archiv.siov.sk\/pracovne-stretnutie-na-temu-dualne-vzdelavanie-najlepsia-cesta-pre-nasu-buducnost\/","url":"https:\/\/archiv.siov.sk\/pracovne-stretnutie-na-temu-dualne-vzdelavanie-najlepsia-cesta-pre-nasu-buducnost\/","name":"Pracovn\u00e9 stretnutie na t\u00e9mu \u201eDu\u00e1lne vzdel\u00e1vanie \u2013 najlep\u0161ia cesta pre na\u0161u bud\u00facnos\u0165\u201c - \u0160IOV - \u0161t\u00e1tny in\u0161tit\u00fat odborn\u00e9ho vzdel\u00e1vania","isPartOf":{"@id":"https:\/\/archiv.siov.sk\/#website"},"primaryImageOfPage":{"@id":"https:\/\/archiv.siov.sk\/pracovne-stretnutie-na-temu-dualne-vzdelavanie-najlepsia-cesta-pre-nasu-buducnost\/#primaryimage"},"image":{"@id":"https:\/\/archiv.siov.sk\/pracovne-stretnutie-na-temu-dualne-vzdelavanie-najlepsia-cesta-pre-nasu-buducnost\/#primaryimage"},"thumbnailUrl":"https:\/\/archiv.siov.sk\/wp-content\/uploads\/2018\/01\/top_konferencia.jpg","datePublished":"2018-01-31T16:53:02+00:00","dateModified":"2019-02-13T16:56:06+00:00","description":"Du\u00e1lne vzdel\u00e1vanie - najlep\u0161ia cesta pre na\u0161u bud\u00facnos\u0165\u201c je n\u00e1zov pracovn\u00e9ho stretnutia, ktor\u00e9 pre V\u00e1s organizuje \u0160t\u00e1tny in\u0161tit\u00fat odborn\u00e9ho vzdel\u00e1vania v spolupr\u00e1ci so Slovenskou obchodnou a priemyselnou komorou.","breadcrumb":{"@id":"https:\/\/archiv.siov.sk\/pracovne-stretnutie-na-temu-dualne-vzdelavanie-najlepsia-cesta-pre-nasu-buducnost\/#breadcrumb"},"inLanguage":"en-GB","potentialAction":[{"@type":"ReadAction","target":["https:\/\/archiv.siov.sk\/pracovne-stretnutie-na-temu-dualne-vzdelavanie-najlepsia-cesta-pre-nasu-buducnost\/"]}]},{"@type":"ImageObject","inLanguage":"en-GB","@id":"https:\/\/archiv.siov.sk\/pracovne-stretnutie-na-temu-dualne-vzdelavanie-najlepsia-cesta-pre-nasu-buducnost\/#primaryimage","url":"https:\/\/archiv.siov.sk\/wp-content\/uploads\/2018\/01\/top_konferencia.jpg","contentUrl":"https:\/\/archiv.siov.sk\/wp-content\/uploads\/2018\/01\/top_konferencia.jpg","width":1100,"height":445,"caption":"Pracovn\u00e9 stretnutie na t\u00e9mu \u201eDu\u00e1lne vzdel\u00e1vanie \u2013 najlep\u0161ia cesta pre na\u0161u bud\u00facnos\u0165\u201c"},{"@type":"BreadcrumbList","@id":"https:\/\/archiv.siov.sk\/pracovne-stretnutie-na-temu-dualne-vzdelavanie-najlepsia-cesta-pre-nasu-buducnost\/#breadcrumb","itemListElement":[{"@type":"ListItem","position":1,"name":"Home","item":"https:\/\/archiv.siov.sk\/"},{"@type":"ListItem","position":2,"name":"Pracovn\u00e9 stretnutie na t\u00e9mu \u201eDu\u00e1lne vzdel\u00e1vanie \u2013 najlep\u0161ia cesta pre na\u0161u bud\u00facnos\u0165\u201c"}]},{"@type":"WebSite","@id":"https:\/\/archiv.siov.sk\/#website","url":"https:\/\/archiv.siov.sk\/","name":"\u0160IOV - \u0161t\u00e1tny in\u0161tit\u00fat odborn\u00e9ho vzdel\u00e1vania","description":"","publisher":{"@id":"https:\/\/archiv.siov.sk\/#organization"},"potentialAction":[{"@type":"SearchAction","target":{"@type":"EntryPoint","urlTemplate":"https:\/\/archiv.siov.sk\/?s={search_term_string}"},"query-input":{"@type":"PropertyValueSpecification","valueRequired":true,"valueName":"search_term_string"}}],"inLanguage":"en-GB"},{"@type":"Organization","@id":"https:\/\/archiv.siov.sk\/#organization","name":"\u0160IOV - \u0161t\u00e1tny in\u0161tit\u00fat odborn\u00e9ho vzdel\u00e1vania","url":"https:\/\/archiv.siov.sk\/","logo":{"@type":"ImageObject","inLanguage":"en-GB","@id":"https:\/\/archiv.siov.sk\/#\/schema\/logo\/image\/","url":"https:\/\/archiv.siov.sk\/wp-content\/uploads\/2024\/02\/logo-SIOV.png","contentUrl":"https:\/\/archiv.siov.sk\/wp-content\/uploads\/2024\/02\/logo-SIOV.png","width":431,"height":143,"caption":"\u0160IOV - \u0161t\u00e1tny in\u0161tit\u00fat odborn\u00e9ho vzdel\u00e1vania"},"image":{"@id":"https:\/\/archiv.siov.sk\/#\/schema\/logo\/image\/"},"sameAs":["https:\/\/www.facebook.com\/Statnyinstitutodbornehovzdelavania"]},{"@type":"Person","@id":"https:\/\/archiv.siov.sk\/#\/schema\/person\/7ae8d95216a02464a9ae6c8dcf8a4018","name":"siovadmin","url":"https:\/\/archiv.siov.sk\/en\/author\/siovadmin\/"}]}},"_links":{"self":[{"href":"https:\/\/archiv.siov.sk\/en\/wp-json\/wp\/v2\/posts\/2371","targetHints":{"allow":["GET"]}}],"collection":[{"href":"https:\/\/archiv.siov.sk\/en\/wp-json\/wp\/v2\/posts"}],"about":[{"href":"https:\/\/archiv.siov.sk\/en\/wp-json\/wp\/v2\/types\/post"}],"author":[{"embeddable":true,"href":"https:\/\/archiv.siov.sk\/en\/wp-json\/wp\/v2\/users\/1"}],"replies":[{"embeddable":true,"href":"https:\/\/archiv.siov.sk\/en\/wp-json\/wp\/v2\/comments?post=2371"}],"version-history":[{"count":3,"href":"https:\/\/archiv.siov.sk\/en\/wp-json\/wp\/v2\/posts\/2371\/revisions"}],"predecessor-version":[{"id":2375,"href":"https:\/\/archiv.siov.sk\/en\/wp-json\/wp\/v2\/posts\/2371\/revisions\/2375"}],"wp:featuredmedia":[{"embeddable":true,"href":"https:\/\/archiv.siov.sk\/en\/wp-json\/wp\/v2\/media\/2374"}],"wp:attachment":[{"href":"https:\/\/archiv.siov.sk\/en\/wp-json\/wp\/v2\/media?parent=2371"}],"wp:term":[{"taxonomy":"category","embeddable":true,"href":"https:\/\/archiv.siov.sk\/en\/wp-json\/wp\/v2\/categories?post=2371"},{"taxonomy":"post_tag","embeddable":true,"href":"https:\/\/archiv.siov.sk\/en\/wp-json\/wp\/v2\/tags?post=2371"}],"curies":[{"name":"wp","href":"https:\/\/api.w.org\/{rel}","templated":true}]}}