{"id":2354,"date":"2017-12-04T17:42:10","date_gmt":"2017-12-04T16:42:10","guid":{"rendered":"http:\/\/archiv.siov.sk\/?p=2354"},"modified":"2019-02-13T17:51:58","modified_gmt":"2019-02-13T16:51:58","slug":"dual-pointy-vyrazne-ulahcia-pracu-vychovnych-a-karierovych-poradcov","status":"publish","type":"post","link":"https:\/\/archiv.siov.sk\/en\/dual-pointy-vyrazne-ulahcia-pracu-vychovnych-a-karierovych-poradcov\/","title":{"rendered":"Du\u00e1l Pointy v\u00fdrazne u\u013eah\u010dia pr\u00e1cu v\u00fdchovn\u00fdch a kari\u00e9rov\u00fdch poradcov"},"content":{"rendered":"<p style=\"text-align: justify;\">\u0160t\u00e1tny in\u0161tit\u00fat odborn\u00e9ho vzdel\u00e1vania sa ohradzuje proti titulku \u010dl\u00e1nku \u201eV\u00fdchovn\u00fdch poradcov nahradia centr\u00e1 za 345-tis\u00edc eur\u201c, ktor\u00fd bol publikovan\u00fd v&nbsp;Hospod\u00e1rskych novin\u00e1ch d\u0148a 4.12.2017 a&nbsp;mohol v&nbsp;u\u010dite\u013eskej verejnosti vzbudi\u0165 myln\u00fa predstavu o&nbsp;v\u00fdzname Du\u00e1l Pointov a&nbsp;ich \u00faloh\u00e1ch.<\/p>\n<p style=\"text-align: justify;\">\u0160t\u00e1tny in\u0161tit\u00fat odborn\u00e9ho vzdel\u00e1vania zast\u00e1va n\u00e1zor, \u017ee kari\u00e9rov\u00e9 poradenstvo a&nbsp;pr\u00e1ca so \u017eiakom sa mus\u00ed za\u010d\u00edna\u0165 u\u017e na z\u00e1kladnej \u0161kole. O&nbsp;\u017eiakovi, jeho schopnostiach, pr\u00edprave na hodiny i&nbsp;jeho mo\u017enostiach vedia pr\u00e1ve v\u00fdchovn\u00ed poradcovia a&nbsp;u\u010ditelia, ktor\u00ed so \u017eiakom pracuj\u00fa. Rovnako je pod\u013ea n\u00e1\u0161ho n\u00e1zoru potrebn\u00e9 so \u017eiakom pracova\u0165 aj po\u010das celej strednej \u0161koly, aby sa \u017eiaci po\u010das svojho \u0161t\u00fadia re\u00e1lne zauj\u00edmali&nbsp; o&nbsp;svoj odbor&nbsp; a&nbsp;po skon\u010den\u00ed \u0161koly vo vybranom odbore aj zotrvali.<\/p>\n<p style=\"text-align: justify;\">V\u00fdrazne u\u013eah\u010di\u0165 pr\u00e1cu v\u00fdchovn\u00fdch a&nbsp;kari\u00e9rov\u00fdch poradcov, ale aj u\u010dite\u013eov by mali pr\u00e1ve pripravovan\u00e9 Du\u00e1l Pointy. Ich \u00falohou je vytvori\u0165 jednotn\u00fd priestor a&nbsp;informa\u010dn\u00fd zdroj o&nbsp;syst\u00e9me du\u00e1lneho vzdel\u00e1vania, o&nbsp;u\u010debn\u00fdch a&nbsp;\u0161tudijn\u00fdch odboroch, prep\u00e1ja\u0165 z\u00e1kladn\u00e9 \u0161koly, stredn\u00e9 odborn\u00e9 \u0161koly, zamestn\u00e1vate\u013eov, \u017eiakov a&nbsp;rodi\u010dov na jednom mieste. V&nbsp;\u017eiadnom pr\u00edpade nemaj\u00fa nahradi\u0165 pr\u00e1cu v\u00fdchovn\u00fdch a&nbsp;kari\u00e9rov\u00fdch poradcov.<\/p>\n<p style=\"text-align: justify;\">Koncepcia DU\u00c1L POINTu sa in\u0161piruje a&nbsp;vych\u00e1dza z&nbsp;rak\u00faskeho syst\u00e9mu du\u00e1lneho vzdel\u00e1vania, kde sa DU\u00c1L POINT naz\u00fdva Lehrlingsstelle a&nbsp;aj slovensk\u00e9 Du\u00e1l Pointy maj\u00fa plni\u0165 rovnak\u00e9 funkcie ako tie rak\u00faske.<\/p>\n<p style=\"text-align: justify;\"><strong>Komu maj\u00fa Du\u00e1l Pointy sl\u00fa\u017ei\u0165? <\/strong><\/p>\n<p style=\"text-align: justify;\"><strong>V\u00fdchovn\u00ed a&nbsp;kari\u00e9rni poradcovia <\/strong>v&nbsp;nich n\u00e1jdu v\u0161etky inform\u00e1cie o&nbsp;du\u00e1lnom vzdel\u00e1van\u00ed, jeho v\u00fdhod\u00e1ch, o&nbsp;zapojen\u00fdch zamestn\u00e1vate\u013eoch a stredn\u00fdch odborn\u00fdch \u0161kol\u00e1ch. Z\u00edskaj\u00fa tak kontaktn\u00e9 miesto, kde im &nbsp;vy\u0161kolen\u00ed zamestnanci radi poradia, poskytn\u00fa inform\u00e1cie a&nbsp;odpovedia aj na \u0161pecifick\u00e9 ot\u00e1zky \u017eiakov. Na\u0161\u00edm cie\u013eom je, aby Du\u00e1l Pointy boli aj miestom stretnut\u00ed pre v\u00fdmenu sk\u00fasenost\u00ed \u010di \u0161kolen\u00ed v\u00fdchovn\u00fdch aj kari\u00e9rnych poradcov.<\/p>\n<p style=\"text-align: justify;\"><strong>\u017diaci a&nbsp;rodi\u010dia, ktor\u00ed Du\u00e1l Pointy nav\u0161t\u00edvia v nich rovnako n\u00e1jdu inform\u00e1cie<\/strong> ako vst\u00fapi\u0165 do syst\u00e9mu du\u00e1lneho vzdel\u00e1vania, inform\u00e1cie o&nbsp;stredn\u00fdch odborn\u00fdch \u0161kol\u00e1ch a&nbsp;zamestn\u00e1vate\u013eoch v&nbsp;danom kraji, o&nbsp;benefitoch, o&nbsp;jednotliv\u00fdch \u0161tudijn\u00fdch a&nbsp;u\u010debn\u00fdch odboroch, o&nbsp;mo\u017enostiach praktick\u00e9ho vyu\u010dovania, semin\u00e1roch, st\u00e1\u017each, ktor\u00e9 m\u00f4\u017eu \u017eiaci absolvova\u0165.<\/p>\n<p style=\"text-align: justify;\"><strong>Stredn\u00fdm odborn\u00fdm \u0161kol\u00e1m vytvoria priestor<\/strong> na prezent\u00e1ciu svojich u\u010debn\u00fdch a&nbsp;\u0161tudijn\u00fdch odborov smerom k&nbsp;\u017eiakom a&nbsp;rodi\u010dom; poskytn\u00fa priestor na stret\u00e1vanie sa s region\u00e1lnym koordin\u00e1torom, ktor\u00fd \u0161kole pom\u00e1ha prejs\u0165 jednotliv\u00fdmi krokmi vstupu do syst\u00e9mu du\u00e1lneho vzdel\u00e1vania.<\/p>\n<p style=\"text-align: justify;\"><strong>Zamestn\u00e1vate\u013eom umo\u017enia prezentova\u0165<\/strong> ponuku u\u010debn\u00fdch a&nbsp;\u0161tudijn\u00fdch miest, prezentova\u0165 benefity a&nbsp;mo\u017enosti, ktor\u00e9 \u017eiakom po\u010das \u0161t\u00fadia zamestn\u00e1vatelia poskytuj\u00fa. Vytvoria priestor na oslovenie rodi\u010dov \u017eiakov, ktor\u00ed \u010dasto nemaj\u00fa presn\u00fa predstavu o&nbsp;\u0161t\u00fadiu na stredn\u00fdch odborn\u00fdch \u0161kol\u00e1ch a&nbsp;mo\u017enostiach uplatnenia sa ich absolventov.<\/p>\n<p style=\"text-align: justify;\">Po otvoren\u00ed Du\u00e1l Pointov n\u00e1m bude c\u0165ou, ak v&nbsp;nich budeme m\u00f4c\u0165 priv\u00edta\u0165 v\u00fdchovn\u00fdch a&nbsp;kari\u00e9rov\u00fdch poradcov, u\u010dite\u013eov, riadite\u013eov z\u00e1kladn\u00fd a&nbsp;stredn\u00fdch odborn\u00fdch \u0161k\u00f4l, ale aj \u017eiakov a&nbsp;ich rodi\u010dov.<\/p>\n<p style=\"text-align: justify;\">O&nbsp;otvoren\u00ed Du\u00e1l Pointov v\u00e1s budeme informova\u0165.<\/p>\n<p style=\"text-align: justify;\"><strong>Na Va\u0161e ot\u00e1zky radi zodpovieme na <\/strong><a href=\"mailto:info@dualnysystem.sk\"><strong>info@dualnysystem.sk<\/strong><\/a><\/p>\n<p style=\"text-align: justify;\">&nbsp;<\/p>","protected":false},"excerpt":{"rendered":"<p>\u0160t\u00e1tny in\u0161tit\u00fat odborn\u00e9ho vzdel\u00e1vania sa ohradzuje proti titulku \u010dl\u00e1nku \u201eV\u00fdchovn\u00fdch poradcov nahradia centr\u00e1 za 345-tis\u00edc eur\u201c, ktor\u00fd bol publikovan\u00fd v&nbsp;Hospod\u00e1rskych novin\u00e1ch d\u0148a 4.12.2017 a&nbsp;mohol v&nbsp;u\u010dite\u013eskej verejnosti vzbudi\u0165 myln\u00fa predstavu o&nbsp;v\u00fdzname Du\u00e1l Pointov a&nbsp;ich \u00faloh\u00e1ch. \u0160t\u00e1tny in\u0161tit\u00fat odborn\u00e9ho vzdel\u00e1vania zast\u00e1va n\u00e1zor, \u017ee kari\u00e9rov\u00e9 poradenstvo a&nbsp;pr\u00e1ca so \u017eiakom sa mus\u00ed za\u010d\u00edna\u0165 u\u017e na z\u00e1kladnej \u0161kole. O&nbsp;\u017eiakovi, jeho [&hellip;]<\/p>\n","protected":false},"author":1,"featured_media":2355,"comment_status":"closed","ping_status":"closed","sticky":false,"template":"","format":"standard","meta":{"site-sidebar-layout":"default","site-content-layout":"","ast-site-content-layout":"default","site-content-style":"default","site-sidebar-style":"default","ast-global-header-display":"","ast-banner-title-visibility":"","ast-main-header-display":"","ast-hfb-above-header-display":"","ast-hfb-below-header-display":"","ast-hfb-mobile-header-display":"","site-post-title":"","ast-breadcrumbs-content":"","ast-featured-img":"","footer-sml-layout":"","ast-disable-related-posts":"","theme-transparent-header-meta":"","adv-header-id-meta":"","stick-header-meta":"","header-above-stick-meta":"","header-main-stick-meta":"","header-below-stick-meta":"","astra-migrate-meta-layouts":"default","ast-page-background-enabled":"default","ast-page-background-meta":{"desktop":{"background-color":"var(--ast-global-color-4)","background-image":"","background-repeat":"repeat","background-position":"center center","background-size":"auto","background-attachment":"scroll","background-type":"","background-media":"","overlay-type":"","overlay-color":"","overlay-opacity":"","overlay-gradient":""},"tablet":{"background-color":"","background-image":"","background-repeat":"repeat","background-position":"center center","background-size":"auto","background-attachment":"scroll","background-type":"","background-media":"","overlay-type":"","overlay-color":"","overlay-opacity":"","overlay-gradient":""},"mobile":{"background-color":"","background-image":"","background-repeat":"repeat","background-position":"center center","background-size":"auto","background-attachment":"scroll","background-type":"","background-media":"","overlay-type":"","overlay-color":"","overlay-opacity":"","overlay-gradient":""}},"ast-content-background-meta":{"desktop":{"background-color":"var(--ast-global-color-5)","background-image":"","background-repeat":"repeat","background-position":"center center","background-size":"auto","background-attachment":"scroll","background-type":"","background-media":"","overlay-type":"","overlay-color":"","overlay-opacity":"","overlay-gradient":""},"tablet":{"background-color":"var(--ast-global-color-5)","background-image":"","background-repeat":"repeat","background-position":"center center","background-size":"auto","background-attachment":"scroll","background-type":"","background-media":"","overlay-type":"","overlay-color":"","overlay-opacity":"","overlay-gradient":""},"mobile":{"background-color":"var(--ast-global-color-5)","background-image":"","background-repeat":"repeat","background-position":"center center","background-size":"auto","background-attachment":"scroll","background-type":"","background-media":"","overlay-type":"","overlay-color":"","overlay-opacity":"","overlay-gradient":""}},"footnotes":""},"categories":[1],"tags":[],"class_list":["post-2354","post","type-post","status-publish","format-standard","has-post-thumbnail","hentry","category-aktuality"],"yoast_head":"<!-- This site is optimized with the Yoast SEO plugin v27.5 - https:\/\/yoast.com\/product\/yoast-seo-wordpress\/ -->\n<title>Du\u00e1l Pointy v\u00fdrazne u\u013eah\u010dia pr\u00e1cu v\u00fdchovn\u00fdch a kari\u00e9rov\u00fdch poradcov - \u0160IOV - \u0161t\u00e1tny in\u0161tit\u00fat odborn\u00e9ho vzdel\u00e1vania<\/title>\n<meta name=\"description\" content=\"\u0160t\u00e1tny in\u0161tit\u00fat odborn\u00e9ho vzdel\u00e1vania sa ohradzuje proti titulku \u010dl\u00e1nku \u201eV\u00fdchovn\u00fdch poradcov nahradia centr\u00e1 za 345-tis\u00edc eur\u201c, ktor\u00fd bol publikovan\u00fd v Hospod\u00e1rskych novin\u00e1ch d\u0148a 4.12.2017 a mohol v u\u010dite\u013eskej verejnosti vzbudi\u0165 myln\u00fa predstavu o v\u00fdzname Du\u00e1l Pointov a ich \u00faloh\u00e1ch.\" \/>\n<meta name=\"robots\" content=\"index, follow, max-snippet:-1, max-image-preview:large, max-video-preview:-1\" \/>\n<link rel=\"canonical\" href=\"https:\/\/archiv.siov.sk\/en\/dual-pointy-vyrazne-ulahcia-pracu-vychovnych-a-karierovych-poradcov\/\" \/>\n<meta property=\"og:locale\" content=\"en_GB\" \/>\n<meta property=\"og:type\" content=\"article\" \/>\n<meta property=\"og:title\" content=\"Du\u00e1l Pointy v\u00fdrazne u\u013eah\u010dia pr\u00e1cu v\u00fdchovn\u00fdch a kari\u00e9rov\u00fdch poradcov - \u0160IOV - \u0161t\u00e1tny in\u0161tit\u00fat odborn\u00e9ho vzdel\u00e1vania\" \/>\n<meta property=\"og:description\" content=\"\u0160t\u00e1tny in\u0161tit\u00fat odborn\u00e9ho vzdel\u00e1vania sa ohradzuje proti titulku \u010dl\u00e1nku \u201eV\u00fdchovn\u00fdch poradcov nahradia centr\u00e1 za 345-tis\u00edc eur\u201c, ktor\u00fd bol publikovan\u00fd v Hospod\u00e1rskych novin\u00e1ch d\u0148a 4.12.2017 a mohol v u\u010dite\u013eskej verejnosti vzbudi\u0165 myln\u00fa predstavu o v\u00fdzname Du\u00e1l Pointov a ich \u00faloh\u00e1ch.\" \/>\n<meta property=\"og:url\" content=\"https:\/\/archiv.siov.sk\/en\/dual-pointy-vyrazne-ulahcia-pracu-vychovnych-a-karierovych-poradcov\/\" \/>\n<meta property=\"og:site_name\" content=\"\u0160IOV - \u0161t\u00e1tny in\u0161tit\u00fat odborn\u00e9ho vzdel\u00e1vania\" \/>\n<meta property=\"article:publisher\" content=\"https:\/\/www.facebook.com\/Statnyinstitutodbornehovzdelavania\" \/>\n<meta property=\"article:published_time\" content=\"2017-12-04T16:42:10+00:00\" \/>\n<meta property=\"article:modified_time\" content=\"2019-02-13T16:51:58+00:00\" \/>\n<meta property=\"og:image\" content=\"https:\/\/archiv.siov.sk\/wp-content\/uploads\/2019\/02\/top_news.jpg\" \/>\n\t<meta property=\"og:image:width\" content=\"1100\" \/>\n\t<meta property=\"og:image:height\" content=\"445\" \/>\n\t<meta property=\"og:image:type\" content=\"image\/jpeg\" \/>\n<meta name=\"author\" content=\"siovadmin\" \/>\n<meta name=\"twitter:card\" content=\"summary_large_image\" \/>\n<meta name=\"twitter:label1\" content=\"Written by\" \/>\n\t<meta name=\"twitter:data1\" content=\"siovadmin\" \/>\n\t<meta name=\"twitter:label2\" content=\"Estimated reading time\" \/>\n\t<meta name=\"twitter:data2\" content=\"3 minutes\" \/>\n<script type=\"application\/ld+json\" class=\"yoast-schema-graph\">{\"@context\":\"https:\\\/\\\/schema.org\",\"@graph\":[{\"@type\":\"Article\",\"@id\":\"https:\\\/\\\/archiv.siov.sk\\\/dual-pointy-vyrazne-ulahcia-pracu-vychovnych-a-karierovych-poradcov\\\/#article\",\"isPartOf\":{\"@id\":\"https:\\\/\\\/archiv.siov.sk\\\/dual-pointy-vyrazne-ulahcia-pracu-vychovnych-a-karierovych-poradcov\\\/\"},\"author\":{\"name\":\"siovadmin\",\"@id\":\"https:\\\/\\\/archiv.siov.sk\\\/#\\\/schema\\\/person\\\/7ae8d95216a02464a9ae6c8dcf8a4018\"},\"headline\":\"Du\u00e1l Pointy v\u00fdrazne u\u013eah\u010dia pr\u00e1cu v\u00fdchovn\u00fdch a kari\u00e9rov\u00fdch poradcov\",\"datePublished\":\"2017-12-04T16:42:10+00:00\",\"dateModified\":\"2019-02-13T16:51:58+00:00\",\"mainEntityOfPage\":{\"@id\":\"https:\\\/\\\/archiv.siov.sk\\\/dual-pointy-vyrazne-ulahcia-pracu-vychovnych-a-karierovych-poradcov\\\/\"},\"wordCount\":692,\"publisher\":{\"@id\":\"https:\\\/\\\/archiv.siov.sk\\\/#organization\"},\"image\":{\"@id\":\"https:\\\/\\\/archiv.siov.sk\\\/dual-pointy-vyrazne-ulahcia-pracu-vychovnych-a-karierovych-poradcov\\\/#primaryimage\"},\"thumbnailUrl\":\"https:\\\/\\\/archiv.siov.sk\\\/wp-content\\\/uploads\\\/2019\\\/02\\\/top_news.jpg\",\"articleSection\":[\"Aktuality\"],\"inLanguage\":\"en-GB\"},{\"@type\":\"WebPage\",\"@id\":\"https:\\\/\\\/archiv.siov.sk\\\/dual-pointy-vyrazne-ulahcia-pracu-vychovnych-a-karierovych-poradcov\\\/\",\"url\":\"https:\\\/\\\/archiv.siov.sk\\\/dual-pointy-vyrazne-ulahcia-pracu-vychovnych-a-karierovych-poradcov\\\/\",\"name\":\"Du\u00e1l Pointy v\u00fdrazne u\u013eah\u010dia pr\u00e1cu v\u00fdchovn\u00fdch a kari\u00e9rov\u00fdch poradcov - \u0160IOV - \u0161t\u00e1tny in\u0161tit\u00fat odborn\u00e9ho vzdel\u00e1vania\",\"isPartOf\":{\"@id\":\"https:\\\/\\\/archiv.siov.sk\\\/#website\"},\"primaryImageOfPage\":{\"@id\":\"https:\\\/\\\/archiv.siov.sk\\\/dual-pointy-vyrazne-ulahcia-pracu-vychovnych-a-karierovych-poradcov\\\/#primaryimage\"},\"image\":{\"@id\":\"https:\\\/\\\/archiv.siov.sk\\\/dual-pointy-vyrazne-ulahcia-pracu-vychovnych-a-karierovych-poradcov\\\/#primaryimage\"},\"thumbnailUrl\":\"https:\\\/\\\/archiv.siov.sk\\\/wp-content\\\/uploads\\\/2019\\\/02\\\/top_news.jpg\",\"datePublished\":\"2017-12-04T16:42:10+00:00\",\"dateModified\":\"2019-02-13T16:51:58+00:00\",\"description\":\"\u0160t\u00e1tny in\u0161tit\u00fat odborn\u00e9ho vzdel\u00e1vania sa ohradzuje proti titulku \u010dl\u00e1nku \u201eV\u00fdchovn\u00fdch poradcov nahradia centr\u00e1 za 345-tis\u00edc eur\u201c, ktor\u00fd bol publikovan\u00fd v Hospod\u00e1rskych novin\u00e1ch d\u0148a 4.12.2017 a mohol v u\u010dite\u013eskej verejnosti vzbudi\u0165 myln\u00fa predstavu o v\u00fdzname Du\u00e1l Pointov a ich \u00faloh\u00e1ch.\",\"breadcrumb\":{\"@id\":\"https:\\\/\\\/archiv.siov.sk\\\/dual-pointy-vyrazne-ulahcia-pracu-vychovnych-a-karierovych-poradcov\\\/#breadcrumb\"},\"inLanguage\":\"en-GB\",\"potentialAction\":[{\"@type\":\"ReadAction\",\"target\":[\"https:\\\/\\\/archiv.siov.sk\\\/dual-pointy-vyrazne-ulahcia-pracu-vychovnych-a-karierovych-poradcov\\\/\"]}]},{\"@type\":\"ImageObject\",\"inLanguage\":\"en-GB\",\"@id\":\"https:\\\/\\\/archiv.siov.sk\\\/dual-pointy-vyrazne-ulahcia-pracu-vychovnych-a-karierovych-poradcov\\\/#primaryimage\",\"url\":\"https:\\\/\\\/archiv.siov.sk\\\/wp-content\\\/uploads\\\/2019\\\/02\\\/top_news.jpg\",\"contentUrl\":\"https:\\\/\\\/archiv.siov.sk\\\/wp-content\\\/uploads\\\/2019\\\/02\\\/top_news.jpg\",\"width\":1100,\"height\":445,\"caption\":\"Du\u00e1l Pointy v\u00fdrazne u\u013eah\u010dia pr\u00e1cu v\u00fdchovn\u00fdch a kari\u00e9rov\u00fdch poradcov\"},{\"@type\":\"BreadcrumbList\",\"@id\":\"https:\\\/\\\/archiv.siov.sk\\\/dual-pointy-vyrazne-ulahcia-pracu-vychovnych-a-karierovych-poradcov\\\/#breadcrumb\",\"itemListElement\":[{\"@type\":\"ListItem\",\"position\":1,\"name\":\"Home\",\"item\":\"https:\\\/\\\/archiv.siov.sk\\\/\"},{\"@type\":\"ListItem\",\"position\":2,\"name\":\"Du\u00e1l Pointy v\u00fdrazne u\u013eah\u010dia pr\u00e1cu v\u00fdchovn\u00fdch a kari\u00e9rov\u00fdch poradcov\"}]},{\"@type\":\"WebSite\",\"@id\":\"https:\\\/\\\/archiv.siov.sk\\\/#website\",\"url\":\"https:\\\/\\\/archiv.siov.sk\\\/\",\"name\":\"\u0160IOV - \u0161t\u00e1tny in\u0161tit\u00fat odborn\u00e9ho vzdel\u00e1vania\",\"description\":\"\",\"publisher\":{\"@id\":\"https:\\\/\\\/archiv.siov.sk\\\/#organization\"},\"potentialAction\":[{\"@type\":\"SearchAction\",\"target\":{\"@type\":\"EntryPoint\",\"urlTemplate\":\"https:\\\/\\\/archiv.siov.sk\\\/?s={search_term_string}\"},\"query-input\":{\"@type\":\"PropertyValueSpecification\",\"valueRequired\":true,\"valueName\":\"search_term_string\"}}],\"inLanguage\":\"en-GB\"},{\"@type\":\"Organization\",\"@id\":\"https:\\\/\\\/archiv.siov.sk\\\/#organization\",\"name\":\"\u0160IOV - \u0161t\u00e1tny in\u0161tit\u00fat odborn\u00e9ho vzdel\u00e1vania\",\"url\":\"https:\\\/\\\/archiv.siov.sk\\\/\",\"logo\":{\"@type\":\"ImageObject\",\"inLanguage\":\"en-GB\",\"@id\":\"https:\\\/\\\/archiv.siov.sk\\\/#\\\/schema\\\/logo\\\/image\\\/\",\"url\":\"https:\\\/\\\/archiv.siov.sk\\\/wp-content\\\/uploads\\\/2024\\\/02\\\/logo-SIOV.png\",\"contentUrl\":\"https:\\\/\\\/archiv.siov.sk\\\/wp-content\\\/uploads\\\/2024\\\/02\\\/logo-SIOV.png\",\"width\":431,\"height\":143,\"caption\":\"\u0160IOV - \u0161t\u00e1tny in\u0161tit\u00fat odborn\u00e9ho vzdel\u00e1vania\"},\"image\":{\"@id\":\"https:\\\/\\\/archiv.siov.sk\\\/#\\\/schema\\\/logo\\\/image\\\/\"},\"sameAs\":[\"https:\\\/\\\/www.facebook.com\\\/Statnyinstitutodbornehovzdelavania\"]},{\"@type\":\"Person\",\"@id\":\"https:\\\/\\\/archiv.siov.sk\\\/#\\\/schema\\\/person\\\/7ae8d95216a02464a9ae6c8dcf8a4018\",\"name\":\"siovadmin\",\"url\":\"https:\\\/\\\/archiv.siov.sk\\\/en\\\/author\\\/siovadmin\\\/\"}]}<\/script>\n<!-- \/ Yoast SEO plugin. -->","yoast_head_json":{"title":"Du\u00e1l Pointy v\u00fdrazne u\u013eah\u010dia pr\u00e1cu v\u00fdchovn\u00fdch a kari\u00e9rov\u00fdch poradcov - \u0160IOV - \u0161t\u00e1tny in\u0161tit\u00fat odborn\u00e9ho vzdel\u00e1vania","description":"\u0160t\u00e1tny in\u0161tit\u00fat odborn\u00e9ho vzdel\u00e1vania sa ohradzuje proti titulku \u010dl\u00e1nku \u201eV\u00fdchovn\u00fdch poradcov nahradia centr\u00e1 za 345-tis\u00edc eur\u201c, ktor\u00fd bol publikovan\u00fd v Hospod\u00e1rskych novin\u00e1ch d\u0148a 4.12.2017 a mohol v u\u010dite\u013eskej verejnosti vzbudi\u0165 myln\u00fa predstavu o v\u00fdzname Du\u00e1l Pointov a ich \u00faloh\u00e1ch.","robots":{"index":"index","follow":"follow","max-snippet":"max-snippet:-1","max-image-preview":"max-image-preview:large","max-video-preview":"max-video-preview:-1"},"canonical":"https:\/\/archiv.siov.sk\/en\/dual-pointy-vyrazne-ulahcia-pracu-vychovnych-a-karierovych-poradcov\/","og_locale":"en_GB","og_type":"article","og_title":"Du\u00e1l Pointy v\u00fdrazne u\u013eah\u010dia pr\u00e1cu v\u00fdchovn\u00fdch a kari\u00e9rov\u00fdch poradcov - \u0160IOV - \u0161t\u00e1tny in\u0161tit\u00fat odborn\u00e9ho vzdel\u00e1vania","og_description":"\u0160t\u00e1tny in\u0161tit\u00fat odborn\u00e9ho vzdel\u00e1vania sa ohradzuje proti titulku \u010dl\u00e1nku \u201eV\u00fdchovn\u00fdch poradcov nahradia centr\u00e1 za 345-tis\u00edc eur\u201c, ktor\u00fd bol publikovan\u00fd v Hospod\u00e1rskych novin\u00e1ch d\u0148a 4.12.2017 a mohol v u\u010dite\u013eskej verejnosti vzbudi\u0165 myln\u00fa predstavu o v\u00fdzname Du\u00e1l Pointov a ich \u00faloh\u00e1ch.","og_url":"https:\/\/archiv.siov.sk\/en\/dual-pointy-vyrazne-ulahcia-pracu-vychovnych-a-karierovych-poradcov\/","og_site_name":"\u0160IOV - \u0161t\u00e1tny in\u0161tit\u00fat odborn\u00e9ho vzdel\u00e1vania","article_publisher":"https:\/\/www.facebook.com\/Statnyinstitutodbornehovzdelavania","article_published_time":"2017-12-04T16:42:10+00:00","article_modified_time":"2019-02-13T16:51:58+00:00","og_image":[{"width":1100,"height":445,"url":"https:\/\/archiv.siov.sk\/wp-content\/uploads\/2019\/02\/top_news.jpg","type":"image\/jpeg"}],"author":"siovadmin","twitter_card":"summary_large_image","twitter_misc":{"Written by":"siovadmin","Estimated reading time":"3 minutes"},"schema":{"@context":"https:\/\/schema.org","@graph":[{"@type":"Article","@id":"https:\/\/archiv.siov.sk\/dual-pointy-vyrazne-ulahcia-pracu-vychovnych-a-karierovych-poradcov\/#article","isPartOf":{"@id":"https:\/\/archiv.siov.sk\/dual-pointy-vyrazne-ulahcia-pracu-vychovnych-a-karierovych-poradcov\/"},"author":{"name":"siovadmin","@id":"https:\/\/archiv.siov.sk\/#\/schema\/person\/7ae8d95216a02464a9ae6c8dcf8a4018"},"headline":"Du\u00e1l Pointy v\u00fdrazne u\u013eah\u010dia pr\u00e1cu v\u00fdchovn\u00fdch a kari\u00e9rov\u00fdch poradcov","datePublished":"2017-12-04T16:42:10+00:00","dateModified":"2019-02-13T16:51:58+00:00","mainEntityOfPage":{"@id":"https:\/\/archiv.siov.sk\/dual-pointy-vyrazne-ulahcia-pracu-vychovnych-a-karierovych-poradcov\/"},"wordCount":692,"publisher":{"@id":"https:\/\/archiv.siov.sk\/#organization"},"image":{"@id":"https:\/\/archiv.siov.sk\/dual-pointy-vyrazne-ulahcia-pracu-vychovnych-a-karierovych-poradcov\/#primaryimage"},"thumbnailUrl":"https:\/\/archiv.siov.sk\/wp-content\/uploads\/2019\/02\/top_news.jpg","articleSection":["Aktuality"],"inLanguage":"en-GB"},{"@type":"WebPage","@id":"https:\/\/archiv.siov.sk\/dual-pointy-vyrazne-ulahcia-pracu-vychovnych-a-karierovych-poradcov\/","url":"https:\/\/archiv.siov.sk\/dual-pointy-vyrazne-ulahcia-pracu-vychovnych-a-karierovych-poradcov\/","name":"Du\u00e1l Pointy v\u00fdrazne u\u013eah\u010dia pr\u00e1cu v\u00fdchovn\u00fdch a kari\u00e9rov\u00fdch poradcov - \u0160IOV - \u0161t\u00e1tny in\u0161tit\u00fat odborn\u00e9ho vzdel\u00e1vania","isPartOf":{"@id":"https:\/\/archiv.siov.sk\/#website"},"primaryImageOfPage":{"@id":"https:\/\/archiv.siov.sk\/dual-pointy-vyrazne-ulahcia-pracu-vychovnych-a-karierovych-poradcov\/#primaryimage"},"image":{"@id":"https:\/\/archiv.siov.sk\/dual-pointy-vyrazne-ulahcia-pracu-vychovnych-a-karierovych-poradcov\/#primaryimage"},"thumbnailUrl":"https:\/\/archiv.siov.sk\/wp-content\/uploads\/2019\/02\/top_news.jpg","datePublished":"2017-12-04T16:42:10+00:00","dateModified":"2019-02-13T16:51:58+00:00","description":"\u0160t\u00e1tny in\u0161tit\u00fat odborn\u00e9ho vzdel\u00e1vania sa ohradzuje proti titulku \u010dl\u00e1nku \u201eV\u00fdchovn\u00fdch poradcov nahradia centr\u00e1 za 345-tis\u00edc eur\u201c, ktor\u00fd bol publikovan\u00fd v Hospod\u00e1rskych novin\u00e1ch d\u0148a 4.12.2017 a mohol v u\u010dite\u013eskej verejnosti vzbudi\u0165 myln\u00fa predstavu o v\u00fdzname Du\u00e1l Pointov a ich \u00faloh\u00e1ch.","breadcrumb":{"@id":"https:\/\/archiv.siov.sk\/dual-pointy-vyrazne-ulahcia-pracu-vychovnych-a-karierovych-poradcov\/#breadcrumb"},"inLanguage":"en-GB","potentialAction":[{"@type":"ReadAction","target":["https:\/\/archiv.siov.sk\/dual-pointy-vyrazne-ulahcia-pracu-vychovnych-a-karierovych-poradcov\/"]}]},{"@type":"ImageObject","inLanguage":"en-GB","@id":"https:\/\/archiv.siov.sk\/dual-pointy-vyrazne-ulahcia-pracu-vychovnych-a-karierovych-poradcov\/#primaryimage","url":"https:\/\/archiv.siov.sk\/wp-content\/uploads\/2019\/02\/top_news.jpg","contentUrl":"https:\/\/archiv.siov.sk\/wp-content\/uploads\/2019\/02\/top_news.jpg","width":1100,"height":445,"caption":"Du\u00e1l Pointy v\u00fdrazne u\u013eah\u010dia pr\u00e1cu v\u00fdchovn\u00fdch a kari\u00e9rov\u00fdch poradcov"},{"@type":"BreadcrumbList","@id":"https:\/\/archiv.siov.sk\/dual-pointy-vyrazne-ulahcia-pracu-vychovnych-a-karierovych-poradcov\/#breadcrumb","itemListElement":[{"@type":"ListItem","position":1,"name":"Home","item":"https:\/\/archiv.siov.sk\/"},{"@type":"ListItem","position":2,"name":"Du\u00e1l Pointy v\u00fdrazne u\u013eah\u010dia pr\u00e1cu v\u00fdchovn\u00fdch a kari\u00e9rov\u00fdch poradcov"}]},{"@type":"WebSite","@id":"https:\/\/archiv.siov.sk\/#website","url":"https:\/\/archiv.siov.sk\/","name":"\u0160IOV - \u0161t\u00e1tny in\u0161tit\u00fat odborn\u00e9ho vzdel\u00e1vania","description":"","publisher":{"@id":"https:\/\/archiv.siov.sk\/#organization"},"potentialAction":[{"@type":"SearchAction","target":{"@type":"EntryPoint","urlTemplate":"https:\/\/archiv.siov.sk\/?s={search_term_string}"},"query-input":{"@type":"PropertyValueSpecification","valueRequired":true,"valueName":"search_term_string"}}],"inLanguage":"en-GB"},{"@type":"Organization","@id":"https:\/\/archiv.siov.sk\/#organization","name":"\u0160IOV - \u0161t\u00e1tny in\u0161tit\u00fat odborn\u00e9ho vzdel\u00e1vania","url":"https:\/\/archiv.siov.sk\/","logo":{"@type":"ImageObject","inLanguage":"en-GB","@id":"https:\/\/archiv.siov.sk\/#\/schema\/logo\/image\/","url":"https:\/\/archiv.siov.sk\/wp-content\/uploads\/2024\/02\/logo-SIOV.png","contentUrl":"https:\/\/archiv.siov.sk\/wp-content\/uploads\/2024\/02\/logo-SIOV.png","width":431,"height":143,"caption":"\u0160IOV - \u0161t\u00e1tny in\u0161tit\u00fat odborn\u00e9ho vzdel\u00e1vania"},"image":{"@id":"https:\/\/archiv.siov.sk\/#\/schema\/logo\/image\/"},"sameAs":["https:\/\/www.facebook.com\/Statnyinstitutodbornehovzdelavania"]},{"@type":"Person","@id":"https:\/\/archiv.siov.sk\/#\/schema\/person\/7ae8d95216a02464a9ae6c8dcf8a4018","name":"siovadmin","url":"https:\/\/archiv.siov.sk\/en\/author\/siovadmin\/"}]}},"_links":{"self":[{"href":"https:\/\/archiv.siov.sk\/en\/wp-json\/wp\/v2\/posts\/2354","targetHints":{"allow":["GET"]}}],"collection":[{"href":"https:\/\/archiv.siov.sk\/en\/wp-json\/wp\/v2\/posts"}],"about":[{"href":"https:\/\/archiv.siov.sk\/en\/wp-json\/wp\/v2\/types\/post"}],"author":[{"embeddable":true,"href":"https:\/\/archiv.siov.sk\/en\/wp-json\/wp\/v2\/users\/1"}],"replies":[{"embeddable":true,"href":"https:\/\/archiv.siov.sk\/en\/wp-json\/wp\/v2\/comments?post=2354"}],"version-history":[{"count":3,"href":"https:\/\/archiv.siov.sk\/en\/wp-json\/wp\/v2\/posts\/2354\/revisions"}],"predecessor-version":[{"id":2358,"href":"https:\/\/archiv.siov.sk\/en\/wp-json\/wp\/v2\/posts\/2354\/revisions\/2358"}],"wp:featuredmedia":[{"embeddable":true,"href":"https:\/\/archiv.siov.sk\/en\/wp-json\/wp\/v2\/media\/2355"}],"wp:attachment":[{"href":"https:\/\/archiv.siov.sk\/en\/wp-json\/wp\/v2\/media?parent=2354"}],"wp:term":[{"taxonomy":"category","embeddable":true,"href":"https:\/\/archiv.siov.sk\/en\/wp-json\/wp\/v2\/categories?post=2354"},{"taxonomy":"post_tag","embeddable":true,"href":"https:\/\/archiv.siov.sk\/en\/wp-json\/wp\/v2\/tags?post=2354"}],"curies":[{"name":"wp","href":"https:\/\/api.w.org\/{rel}","templated":true}]}}