{"id":2348,"date":"2017-12-07T17:34:05","date_gmt":"2017-12-07T16:34:05","guid":{"rendered":"http:\/\/archiv.siov.sk\/?p=2348"},"modified":"2019-02-13T17:46:30","modified_gmt":"2019-02-13T16:46:30","slug":"chceme-prisposobit-teoriu-pre-prax-a-odstranit-problemy-vo-vyucovani-aj-vas-nazor-zavazi","status":"publish","type":"post","link":"https:\/\/archiv.siov.sk\/en\/chceme-prisposobit-teoriu-pre-prax-a-odstranit-problemy-vo-vyucovani-aj-vas-nazor-zavazi\/","title":{"rendered":"Chceme prisp\u00f4sobi\u0165 te\u00f3riu pre prax a odstr\u00e1ni\u0165 probl\u00e9my vo vyu\u010dovan\u00ed. Aj V\u00e1\u0161 n\u00e1zor zav\u00e1\u017ei."},"content":{"rendered":"<p><strong><em>Mal by by\u0165 profil absolventa vytvoren\u00fd pre skupinu odborov alebo pre konkr\u00e9tny \u0161tudijn\u00fd \u010di u\u010debn\u00fd odbor? Je pre V\u00e1s \u0161t\u00e1tny vzdel\u00e1vac\u00ed program zrozumite\u013en\u00fd? S\u00fahlas\u00edte s&nbsp;navrhovan\u00fdm pomerom teoretick\u00e9ho a&nbsp;praktick\u00e9ho vyu\u010dovania? Tieto i&nbsp;\u010fal\u0161ie ot\u00e1zky spracovan\u00e9 do preh\u013eadn\u00e9ho dotazn\u00edka poslal v&nbsp;uplynul\u00fdch d\u0148och \u0160t\u00e1tny in\u0161tit\u00fat odborn\u00e9ho vzdel\u00e1vania na v\u0161etky stredn\u00e9 odborn\u00e9 \u0161koly s&nbsp;cie\u013eom z\u00edska\u0165 n\u00e1zor u\u010dite\u013eov na \u0161t\u00e1tne vzdel\u00e1vacie programy(\u0160VP).&nbsp; <\/em><\/strong><\/p>\n<p>Elektronick\u00fd dotazn\u00edk je ur\u010den\u00fd predsedom predmetov\u00fdch komisi\u00ed pre odborn\u00e9 predmety a&nbsp;ot\u00e1zky v&nbsp;\u0148om sa zameriavaj\u00fa na cel\u00fa \u0161\u00edrku \u0161t\u00e1tnych vzdel\u00e1vac\u00edch programov. Vyplni\u0165 by ho malo viac ako 300 stredn\u00fdch odborn\u00fdch \u0161k\u00f4l. D\u013a\u017eka vyplnenia dotazn\u00edka je pribli\u017ene 30 a\u017e 40 min\u00fat v&nbsp;z\u00e1vislosti od toho, \u010di je stredn\u00e1 odborn\u00e1 \u0161kola zapojen\u00e1 do syst\u00e9mu du\u00e1lneho vzdel\u00e1vania alebo nie.<\/p>\n<p><em>\u201eKvalita \u0161t\u00e1tnych vzdel\u00e1vac\u00edch programov je dlhodobo predmetom kritiky zo strany \u0161k\u00f4l. Plne si to uvedomujeme a&nbsp;na\u0161\u00edm cie\u013eom je odstr\u00e1ni\u0165 problematick\u00e9 miesta v&nbsp;nich aj za \u00fa\u010dasti u\u010dite\u013eov. T\u00fdm, ktor\u00ed dotazn\u00edk u\u017e vyplnili \u010fakujeme za vyjadrenie n\u00e1zoru a&nbsp;t\u00fdch, ktor\u00ed tak e\u0161te neurobili, by sme radi po\u017eiadali o&nbsp;n\u00e1zor,\u201c <\/em>hovor\u00ed Michal Bart\u00f3k, riadite\u013e \u0160t\u00e1tneho in\u0161tit\u00fatu odborn\u00e9ho vzdel\u00e1vania.<\/p>\n<p>Na\u0161\u00edm cie\u013eom je zisti\u0165 n\u00e1zor u\u010dite\u013eskej verejnosti a&nbsp;mieru ich spokojnosti so \u0161t\u00e1tnym vzdel\u00e1vac\u00edm programom pre jednotliv\u00e9 skupiny u\u010debn\u00fdch a&nbsp;\u0161tudijn\u00fdch odborov. V\u00fdsledky by mali napom\u00f4c\u0165 pri identifik\u00e1cii problematick\u00fdch \u010dast\u00ed dokumentov, odstr\u00e1ni\u0165 ich a&nbsp;zlep\u0161i\u0165 kvalitu samotn\u00e9ho \u0160VP a&nbsp;zabezpe\u010di\u0165 jeho jednoduch\u0161ie zavedenie do \u0161kolskej praxe.<\/p>\n<p>Ot\u00e1zky v&nbsp;dotazn\u00edku s\u00fa rozdelen\u00e9 do 6 okruhov:<\/p>\n<ul class=\"check_links\">\n<li>\u0161trukt\u00faru \u0161t\u00e1tneho vzdel\u00e1vacieho programu, &nbsp;<\/li>\n<li>&nbsp;r\u00e1mcov\u00fd u\u010debn\u00fd pl\u00e1n,<\/li>\n<li>&nbsp;rozdelenie disponibiln\u00fdch hod\u00edn,<\/li>\n<li>&nbsp;v\u00fdkonov\u00e9 a&nbsp;obsahov\u00e9 \u0161tandardy,<\/li>\n<li>&nbsp;tvorbu \u0161kolsk\u00e9ho vzdel\u00e1vacieho programu,<\/li>\n<li>&nbsp;vzorov\u00fd u\u010debn\u00fd pl\u00e1n a&nbsp;vzorov\u00e9 u\u010debn\u00e9 osnovy, ak s\u00fa \u0161koly zapojen\u00e9 v syst\u00e9me&nbsp;du\u00e1lneho vzdel\u00e1vania.<\/li>\n<\/ul>\n<p>Elektronick\u00fd dotazn\u00edk je dostupn\u00fd do 8. decembra 2017. N\u00e1sledne prist\u00fapime k&nbsp;anal\u00fdze a&nbsp;spracov\u00e1vaniu zozbieran\u00fdch d\u00e1t.<\/p>\n<p>Prieskum zameran\u00fd na zistenie n\u00e1zoru u\u010dite\u013eov na v\u0161etk\u00fdch stredn\u00fdch \u0161kol\u00e1ch realizuje \u0160t\u00e1tny in\u0161tit\u00fat odborn\u00e9ho vzdel\u00e1vania v&nbsp;r\u00e1mci N\u00e1rodn\u00e9ho projektu Du\u00e1lne vzdel\u00e1vanie a&nbsp;zv\u00fd\u0161enie atraktivity a&nbsp;kvality OVP.<\/p>\n<p>&nbsp;<\/p>","protected":false},"excerpt":{"rendered":"<p>Mal by by\u0165 profil absolventa vytvoren\u00fd pre skupinu odborov alebo pre konkr\u00e9tny \u0161tudijn\u00fd \u010di u\u010debn\u00fd odbor? Je pre V\u00e1s \u0161t\u00e1tny vzdel\u00e1vac\u00ed program zrozumite\u013en\u00fd?<\/p>","protected":false},"author":1,"featured_media":2349,"comment_status":"closed","ping_status":"closed","sticky":false,"template":"","format":"standard","meta":{"site-sidebar-layout":"default","site-content-layout":"","ast-site-content-layout":"default","site-content-style":"default","site-sidebar-style":"default","ast-global-header-display":"","ast-banner-title-visibility":"","ast-main-header-display":"","ast-hfb-above-header-display":"","ast-hfb-below-header-display":"","ast-hfb-mobile-header-display":"","site-post-title":"","ast-breadcrumbs-content":"","ast-featured-img":"","footer-sml-layout":"","ast-disable-related-posts":"","theme-transparent-header-meta":"","adv-header-id-meta":"","stick-header-meta":"","header-above-stick-meta":"","header-main-stick-meta":"","header-below-stick-meta":"","astra-migrate-meta-layouts":"default","ast-page-background-enabled":"default","ast-page-background-meta":{"desktop":{"background-color":"var(--ast-global-color-4)","background-image":"","background-repeat":"repeat","background-position":"center center","background-size":"auto","background-attachment":"scroll","background-type":"","background-media":"","overlay-type":"","overlay-color":"","overlay-opacity":"","overlay-gradient":""},"tablet":{"background-color":"","background-image":"","background-repeat":"repeat","background-position":"center center","background-size":"auto","background-attachment":"scroll","background-type":"","background-media":"","overlay-type":"","overlay-color":"","overlay-opacity":"","overlay-gradient":""},"mobile":{"background-color":"","background-image":"","background-repeat":"repeat","background-position":"center center","background-size":"auto","background-attachment":"scroll","background-type":"","background-media":"","overlay-type":"","overlay-color":"","overlay-opacity":"","overlay-gradient":""}},"ast-content-background-meta":{"desktop":{"background-color":"var(--ast-global-color-5)","background-image":"","background-repeat":"repeat","background-position":"center center","background-size":"auto","background-attachment":"scroll","background-type":"","background-media":"","overlay-type":"","overlay-color":"","overlay-opacity":"","overlay-gradient":""},"tablet":{"background-color":"var(--ast-global-color-5)","background-image":"","background-repeat":"repeat","background-position":"center center","background-size":"auto","background-attachment":"scroll","background-type":"","background-media":"","overlay-type":"","overlay-color":"","overlay-opacity":"","overlay-gradient":""},"mobile":{"background-color":"var(--ast-global-color-5)","background-image":"","background-repeat":"repeat","background-position":"center center","background-size":"auto","background-attachment":"scroll","background-type":"","background-media":"","overlay-type":"","overlay-color":"","overlay-opacity":"","overlay-gradient":""}},"footnotes":""},"categories":[1],"tags":[],"class_list":["post-2348","post","type-post","status-publish","format-standard","has-post-thumbnail","hentry","category-aktuality"],"yoast_head":"<!-- This site is optimized with the Yoast SEO plugin v27.5 - https:\/\/yoast.com\/product\/yoast-seo-wordpress\/ -->\n<title>Chceme prisp\u00f4sobi\u0165 te\u00f3riu pre prax a odstr\u00e1ni\u0165 probl\u00e9my vo vyu\u010dovan\u00ed. Aj V\u00e1\u0161 n\u00e1zor zav\u00e1\u017ei. - \u0160IOV - \u0161t\u00e1tny in\u0161tit\u00fat odborn\u00e9ho vzdel\u00e1vania<\/title>\n<meta name=\"description\" content=\"Mal by by\u0165 profil absolventa vytvoren\u00fd pre skupinu odborov alebo pre konkr\u00e9tny \u0161tudijn\u00fd \u010di u\u010debn\u00fd odbor? Je pre V\u00e1s \u0161t\u00e1tny vzdel\u00e1vac\u00ed program zrozumite\u013en\u00fd?\" \/>\n<meta name=\"robots\" content=\"index, follow, max-snippet:-1, max-image-preview:large, max-video-preview:-1\" \/>\n<link rel=\"canonical\" href=\"https:\/\/archiv.siov.sk\/en\/chceme-prisposobit-teoriu-pre-prax-a-odstranit-problemy-vo-vyucovani-aj-vas-nazor-zavazi\/\" \/>\n<meta property=\"og:locale\" content=\"en_GB\" \/>\n<meta property=\"og:type\" content=\"article\" \/>\n<meta property=\"og:title\" content=\"Chceme prisp\u00f4sobi\u0165 te\u00f3riu pre prax a odstr\u00e1ni\u0165 probl\u00e9my vo vyu\u010dovan\u00ed. Aj V\u00e1\u0161 n\u00e1zor zav\u00e1\u017ei. - \u0160IOV - \u0161t\u00e1tny in\u0161tit\u00fat odborn\u00e9ho vzdel\u00e1vania\" \/>\n<meta property=\"og:description\" content=\"Mal by by\u0165 profil absolventa vytvoren\u00fd pre skupinu odborov alebo pre konkr\u00e9tny \u0161tudijn\u00fd \u010di u\u010debn\u00fd odbor? Je pre V\u00e1s \u0161t\u00e1tny vzdel\u00e1vac\u00ed program zrozumite\u013en\u00fd?\" \/>\n<meta property=\"og:url\" content=\"https:\/\/archiv.siov.sk\/en\/chceme-prisposobit-teoriu-pre-prax-a-odstranit-problemy-vo-vyucovani-aj-vas-nazor-zavazi\/\" \/>\n<meta property=\"og:site_name\" content=\"\u0160IOV - \u0161t\u00e1tny in\u0161tit\u00fat odborn\u00e9ho vzdel\u00e1vania\" \/>\n<meta property=\"article:publisher\" content=\"https:\/\/www.facebook.com\/Statnyinstitutodbornehovzdelavania\" \/>\n<meta property=\"article:published_time\" content=\"2017-12-07T16:34:05+00:00\" \/>\n<meta property=\"article:modified_time\" content=\"2019-02-13T16:46:30+00:00\" \/>\n<meta property=\"og:image\" content=\"https:\/\/archiv.siov.sk\/wp-content\/uploads\/2019\/02\/top_check.jpg\" \/>\n\t<meta property=\"og:image:width\" content=\"1100\" \/>\n\t<meta property=\"og:image:height\" content=\"445\" \/>\n\t<meta property=\"og:image:type\" content=\"image\/jpeg\" \/>\n<meta name=\"author\" content=\"siovadmin\" \/>\n<meta name=\"twitter:card\" content=\"summary_large_image\" \/>\n<meta name=\"twitter:label1\" content=\"Written by\" \/>\n\t<meta name=\"twitter:data1\" content=\"siovadmin\" \/>\n\t<meta name=\"twitter:label2\" content=\"Estimated reading time\" \/>\n\t<meta name=\"twitter:data2\" content=\"2 minutes\" \/>\n<script type=\"application\/ld+json\" class=\"yoast-schema-graph\">{\"@context\":\"https:\\\/\\\/schema.org\",\"@graph\":[{\"@type\":\"Article\",\"@id\":\"https:\\\/\\\/archiv.siov.sk\\\/chceme-prisposobit-teoriu-pre-prax-a-odstranit-problemy-vo-vyucovani-aj-vas-nazor-zavazi\\\/#article\",\"isPartOf\":{\"@id\":\"https:\\\/\\\/archiv.siov.sk\\\/chceme-prisposobit-teoriu-pre-prax-a-odstranit-problemy-vo-vyucovani-aj-vas-nazor-zavazi\\\/\"},\"author\":{\"name\":\"siovadmin\",\"@id\":\"https:\\\/\\\/archiv.siov.sk\\\/#\\\/schema\\\/person\\\/7ae8d95216a02464a9ae6c8dcf8a4018\"},\"headline\":\"Chceme prisp\u00f4sobi\u0165 te\u00f3riu pre prax a odstr\u00e1ni\u0165 probl\u00e9my vo vyu\u010dovan\u00ed. Aj V\u00e1\u0161 n\u00e1zor zav\u00e1\u017ei.\",\"datePublished\":\"2017-12-07T16:34:05+00:00\",\"dateModified\":\"2019-02-13T16:46:30+00:00\",\"mainEntityOfPage\":{\"@id\":\"https:\\\/\\\/archiv.siov.sk\\\/chceme-prisposobit-teoriu-pre-prax-a-odstranit-problemy-vo-vyucovani-aj-vas-nazor-zavazi\\\/\"},\"wordCount\":490,\"publisher\":{\"@id\":\"https:\\\/\\\/archiv.siov.sk\\\/#organization\"},\"image\":{\"@id\":\"https:\\\/\\\/archiv.siov.sk\\\/chceme-prisposobit-teoriu-pre-prax-a-odstranit-problemy-vo-vyucovani-aj-vas-nazor-zavazi\\\/#primaryimage\"},\"thumbnailUrl\":\"https:\\\/\\\/archiv.siov.sk\\\/wp-content\\\/uploads\\\/2019\\\/02\\\/top_check.jpg\",\"articleSection\":[\"Aktuality\"],\"inLanguage\":\"en-GB\"},{\"@type\":\"WebPage\",\"@id\":\"https:\\\/\\\/archiv.siov.sk\\\/chceme-prisposobit-teoriu-pre-prax-a-odstranit-problemy-vo-vyucovani-aj-vas-nazor-zavazi\\\/\",\"url\":\"https:\\\/\\\/archiv.siov.sk\\\/chceme-prisposobit-teoriu-pre-prax-a-odstranit-problemy-vo-vyucovani-aj-vas-nazor-zavazi\\\/\",\"name\":\"Chceme prisp\u00f4sobi\u0165 te\u00f3riu pre prax a odstr\u00e1ni\u0165 probl\u00e9my vo vyu\u010dovan\u00ed. Aj V\u00e1\u0161 n\u00e1zor zav\u00e1\u017ei. - \u0160IOV - \u0161t\u00e1tny in\u0161tit\u00fat odborn\u00e9ho vzdel\u00e1vania\",\"isPartOf\":{\"@id\":\"https:\\\/\\\/archiv.siov.sk\\\/#website\"},\"primaryImageOfPage\":{\"@id\":\"https:\\\/\\\/archiv.siov.sk\\\/chceme-prisposobit-teoriu-pre-prax-a-odstranit-problemy-vo-vyucovani-aj-vas-nazor-zavazi\\\/#primaryimage\"},\"image\":{\"@id\":\"https:\\\/\\\/archiv.siov.sk\\\/chceme-prisposobit-teoriu-pre-prax-a-odstranit-problemy-vo-vyucovani-aj-vas-nazor-zavazi\\\/#primaryimage\"},\"thumbnailUrl\":\"https:\\\/\\\/archiv.siov.sk\\\/wp-content\\\/uploads\\\/2019\\\/02\\\/top_check.jpg\",\"datePublished\":\"2017-12-07T16:34:05+00:00\",\"dateModified\":\"2019-02-13T16:46:30+00:00\",\"description\":\"Mal by by\u0165 profil absolventa vytvoren\u00fd pre skupinu odborov alebo pre konkr\u00e9tny \u0161tudijn\u00fd \u010di u\u010debn\u00fd odbor? Je pre V\u00e1s \u0161t\u00e1tny vzdel\u00e1vac\u00ed program zrozumite\u013en\u00fd?\",\"breadcrumb\":{\"@id\":\"https:\\\/\\\/archiv.siov.sk\\\/chceme-prisposobit-teoriu-pre-prax-a-odstranit-problemy-vo-vyucovani-aj-vas-nazor-zavazi\\\/#breadcrumb\"},\"inLanguage\":\"en-GB\",\"potentialAction\":[{\"@type\":\"ReadAction\",\"target\":[\"https:\\\/\\\/archiv.siov.sk\\\/chceme-prisposobit-teoriu-pre-prax-a-odstranit-problemy-vo-vyucovani-aj-vas-nazor-zavazi\\\/\"]}]},{\"@type\":\"ImageObject\",\"inLanguage\":\"en-GB\",\"@id\":\"https:\\\/\\\/archiv.siov.sk\\\/chceme-prisposobit-teoriu-pre-prax-a-odstranit-problemy-vo-vyucovani-aj-vas-nazor-zavazi\\\/#primaryimage\",\"url\":\"https:\\\/\\\/archiv.siov.sk\\\/wp-content\\\/uploads\\\/2019\\\/02\\\/top_check.jpg\",\"contentUrl\":\"https:\\\/\\\/archiv.siov.sk\\\/wp-content\\\/uploads\\\/2019\\\/02\\\/top_check.jpg\",\"width\":1100,\"height\":445,\"caption\":\"Chceme prisp\u00f4sobi\u0165 te\u00f3riu pre prax a odstr\u00e1ni\u0165 probl\u00e9my vo vyu\u010dovan\u00ed.\"},{\"@type\":\"BreadcrumbList\",\"@id\":\"https:\\\/\\\/archiv.siov.sk\\\/chceme-prisposobit-teoriu-pre-prax-a-odstranit-problemy-vo-vyucovani-aj-vas-nazor-zavazi\\\/#breadcrumb\",\"itemListElement\":[{\"@type\":\"ListItem\",\"position\":1,\"name\":\"Home\",\"item\":\"https:\\\/\\\/archiv.siov.sk\\\/\"},{\"@type\":\"ListItem\",\"position\":2,\"name\":\"Chceme prisp\u00f4sobi\u0165 te\u00f3riu pre prax a odstr\u00e1ni\u0165 probl\u00e9my vo vyu\u010dovan\u00ed. Aj V\u00e1\u0161 n\u00e1zor zav\u00e1\u017ei.\"}]},{\"@type\":\"WebSite\",\"@id\":\"https:\\\/\\\/archiv.siov.sk\\\/#website\",\"url\":\"https:\\\/\\\/archiv.siov.sk\\\/\",\"name\":\"\u0160IOV - \u0161t\u00e1tny in\u0161tit\u00fat odborn\u00e9ho vzdel\u00e1vania\",\"description\":\"\",\"publisher\":{\"@id\":\"https:\\\/\\\/archiv.siov.sk\\\/#organization\"},\"potentialAction\":[{\"@type\":\"SearchAction\",\"target\":{\"@type\":\"EntryPoint\",\"urlTemplate\":\"https:\\\/\\\/archiv.siov.sk\\\/?s={search_term_string}\"},\"query-input\":{\"@type\":\"PropertyValueSpecification\",\"valueRequired\":true,\"valueName\":\"search_term_string\"}}],\"inLanguage\":\"en-GB\"},{\"@type\":\"Organization\",\"@id\":\"https:\\\/\\\/archiv.siov.sk\\\/#organization\",\"name\":\"\u0160IOV - \u0161t\u00e1tny in\u0161tit\u00fat odborn\u00e9ho vzdel\u00e1vania\",\"url\":\"https:\\\/\\\/archiv.siov.sk\\\/\",\"logo\":{\"@type\":\"ImageObject\",\"inLanguage\":\"en-GB\",\"@id\":\"https:\\\/\\\/archiv.siov.sk\\\/#\\\/schema\\\/logo\\\/image\\\/\",\"url\":\"https:\\\/\\\/archiv.siov.sk\\\/wp-content\\\/uploads\\\/2024\\\/02\\\/logo-SIOV.png\",\"contentUrl\":\"https:\\\/\\\/archiv.siov.sk\\\/wp-content\\\/uploads\\\/2024\\\/02\\\/logo-SIOV.png\",\"width\":431,\"height\":143,\"caption\":\"\u0160IOV - \u0161t\u00e1tny in\u0161tit\u00fat odborn\u00e9ho vzdel\u00e1vania\"},\"image\":{\"@id\":\"https:\\\/\\\/archiv.siov.sk\\\/#\\\/schema\\\/logo\\\/image\\\/\"},\"sameAs\":[\"https:\\\/\\\/www.facebook.com\\\/Statnyinstitutodbornehovzdelavania\"]},{\"@type\":\"Person\",\"@id\":\"https:\\\/\\\/archiv.siov.sk\\\/#\\\/schema\\\/person\\\/7ae8d95216a02464a9ae6c8dcf8a4018\",\"name\":\"siovadmin\",\"url\":\"https:\\\/\\\/archiv.siov.sk\\\/en\\\/author\\\/siovadmin\\\/\"}]}<\/script>\n<!-- \/ Yoast SEO plugin. -->","yoast_head_json":{"title":"Chceme prisp\u00f4sobi\u0165 te\u00f3riu pre prax a odstr\u00e1ni\u0165 probl\u00e9my vo vyu\u010dovan\u00ed. Aj V\u00e1\u0161 n\u00e1zor zav\u00e1\u017ei. - \u0160IOV - \u0161t\u00e1tny in\u0161tit\u00fat odborn\u00e9ho vzdel\u00e1vania","description":"Mal by by\u0165 profil absolventa vytvoren\u00fd pre skupinu odborov alebo pre konkr\u00e9tny \u0161tudijn\u00fd \u010di u\u010debn\u00fd odbor? Je pre V\u00e1s \u0161t\u00e1tny vzdel\u00e1vac\u00ed program zrozumite\u013en\u00fd?","robots":{"index":"index","follow":"follow","max-snippet":"max-snippet:-1","max-image-preview":"max-image-preview:large","max-video-preview":"max-video-preview:-1"},"canonical":"https:\/\/archiv.siov.sk\/en\/chceme-prisposobit-teoriu-pre-prax-a-odstranit-problemy-vo-vyucovani-aj-vas-nazor-zavazi\/","og_locale":"en_GB","og_type":"article","og_title":"Chceme prisp\u00f4sobi\u0165 te\u00f3riu pre prax a odstr\u00e1ni\u0165 probl\u00e9my vo vyu\u010dovan\u00ed. Aj V\u00e1\u0161 n\u00e1zor zav\u00e1\u017ei. - \u0160IOV - \u0161t\u00e1tny in\u0161tit\u00fat odborn\u00e9ho vzdel\u00e1vania","og_description":"Mal by by\u0165 profil absolventa vytvoren\u00fd pre skupinu odborov alebo pre konkr\u00e9tny \u0161tudijn\u00fd \u010di u\u010debn\u00fd odbor? Je pre V\u00e1s \u0161t\u00e1tny vzdel\u00e1vac\u00ed program zrozumite\u013en\u00fd?","og_url":"https:\/\/archiv.siov.sk\/en\/chceme-prisposobit-teoriu-pre-prax-a-odstranit-problemy-vo-vyucovani-aj-vas-nazor-zavazi\/","og_site_name":"\u0160IOV - \u0161t\u00e1tny in\u0161tit\u00fat odborn\u00e9ho vzdel\u00e1vania","article_publisher":"https:\/\/www.facebook.com\/Statnyinstitutodbornehovzdelavania","article_published_time":"2017-12-07T16:34:05+00:00","article_modified_time":"2019-02-13T16:46:30+00:00","og_image":[{"width":1100,"height":445,"url":"https:\/\/archiv.siov.sk\/wp-content\/uploads\/2019\/02\/top_check.jpg","type":"image\/jpeg"}],"author":"siovadmin","twitter_card":"summary_large_image","twitter_misc":{"Written by":"siovadmin","Estimated reading time":"2 minutes"},"schema":{"@context":"https:\/\/schema.org","@graph":[{"@type":"Article","@id":"https:\/\/archiv.siov.sk\/chceme-prisposobit-teoriu-pre-prax-a-odstranit-problemy-vo-vyucovani-aj-vas-nazor-zavazi\/#article","isPartOf":{"@id":"https:\/\/archiv.siov.sk\/chceme-prisposobit-teoriu-pre-prax-a-odstranit-problemy-vo-vyucovani-aj-vas-nazor-zavazi\/"},"author":{"name":"siovadmin","@id":"https:\/\/archiv.siov.sk\/#\/schema\/person\/7ae8d95216a02464a9ae6c8dcf8a4018"},"headline":"Chceme prisp\u00f4sobi\u0165 te\u00f3riu pre prax a odstr\u00e1ni\u0165 probl\u00e9my vo vyu\u010dovan\u00ed. Aj V\u00e1\u0161 n\u00e1zor zav\u00e1\u017ei.","datePublished":"2017-12-07T16:34:05+00:00","dateModified":"2019-02-13T16:46:30+00:00","mainEntityOfPage":{"@id":"https:\/\/archiv.siov.sk\/chceme-prisposobit-teoriu-pre-prax-a-odstranit-problemy-vo-vyucovani-aj-vas-nazor-zavazi\/"},"wordCount":490,"publisher":{"@id":"https:\/\/archiv.siov.sk\/#organization"},"image":{"@id":"https:\/\/archiv.siov.sk\/chceme-prisposobit-teoriu-pre-prax-a-odstranit-problemy-vo-vyucovani-aj-vas-nazor-zavazi\/#primaryimage"},"thumbnailUrl":"https:\/\/archiv.siov.sk\/wp-content\/uploads\/2019\/02\/top_check.jpg","articleSection":["Aktuality"],"inLanguage":"en-GB"},{"@type":"WebPage","@id":"https:\/\/archiv.siov.sk\/chceme-prisposobit-teoriu-pre-prax-a-odstranit-problemy-vo-vyucovani-aj-vas-nazor-zavazi\/","url":"https:\/\/archiv.siov.sk\/chceme-prisposobit-teoriu-pre-prax-a-odstranit-problemy-vo-vyucovani-aj-vas-nazor-zavazi\/","name":"Chceme prisp\u00f4sobi\u0165 te\u00f3riu pre prax a odstr\u00e1ni\u0165 probl\u00e9my vo vyu\u010dovan\u00ed. Aj V\u00e1\u0161 n\u00e1zor zav\u00e1\u017ei. - \u0160IOV - \u0161t\u00e1tny in\u0161tit\u00fat odborn\u00e9ho vzdel\u00e1vania","isPartOf":{"@id":"https:\/\/archiv.siov.sk\/#website"},"primaryImageOfPage":{"@id":"https:\/\/archiv.siov.sk\/chceme-prisposobit-teoriu-pre-prax-a-odstranit-problemy-vo-vyucovani-aj-vas-nazor-zavazi\/#primaryimage"},"image":{"@id":"https:\/\/archiv.siov.sk\/chceme-prisposobit-teoriu-pre-prax-a-odstranit-problemy-vo-vyucovani-aj-vas-nazor-zavazi\/#primaryimage"},"thumbnailUrl":"https:\/\/archiv.siov.sk\/wp-content\/uploads\/2019\/02\/top_check.jpg","datePublished":"2017-12-07T16:34:05+00:00","dateModified":"2019-02-13T16:46:30+00:00","description":"Mal by by\u0165 profil absolventa vytvoren\u00fd pre skupinu odborov alebo pre konkr\u00e9tny \u0161tudijn\u00fd \u010di u\u010debn\u00fd odbor? Je pre V\u00e1s \u0161t\u00e1tny vzdel\u00e1vac\u00ed program zrozumite\u013en\u00fd?","breadcrumb":{"@id":"https:\/\/archiv.siov.sk\/chceme-prisposobit-teoriu-pre-prax-a-odstranit-problemy-vo-vyucovani-aj-vas-nazor-zavazi\/#breadcrumb"},"inLanguage":"en-GB","potentialAction":[{"@type":"ReadAction","target":["https:\/\/archiv.siov.sk\/chceme-prisposobit-teoriu-pre-prax-a-odstranit-problemy-vo-vyucovani-aj-vas-nazor-zavazi\/"]}]},{"@type":"ImageObject","inLanguage":"en-GB","@id":"https:\/\/archiv.siov.sk\/chceme-prisposobit-teoriu-pre-prax-a-odstranit-problemy-vo-vyucovani-aj-vas-nazor-zavazi\/#primaryimage","url":"https:\/\/archiv.siov.sk\/wp-content\/uploads\/2019\/02\/top_check.jpg","contentUrl":"https:\/\/archiv.siov.sk\/wp-content\/uploads\/2019\/02\/top_check.jpg","width":1100,"height":445,"caption":"Chceme prisp\u00f4sobi\u0165 te\u00f3riu pre prax a odstr\u00e1ni\u0165 probl\u00e9my vo vyu\u010dovan\u00ed."},{"@type":"BreadcrumbList","@id":"https:\/\/archiv.siov.sk\/chceme-prisposobit-teoriu-pre-prax-a-odstranit-problemy-vo-vyucovani-aj-vas-nazor-zavazi\/#breadcrumb","itemListElement":[{"@type":"ListItem","position":1,"name":"Home","item":"https:\/\/archiv.siov.sk\/"},{"@type":"ListItem","position":2,"name":"Chceme prisp\u00f4sobi\u0165 te\u00f3riu pre prax a odstr\u00e1ni\u0165 probl\u00e9my vo vyu\u010dovan\u00ed. Aj V\u00e1\u0161 n\u00e1zor zav\u00e1\u017ei."}]},{"@type":"WebSite","@id":"https:\/\/archiv.siov.sk\/#website","url":"https:\/\/archiv.siov.sk\/","name":"\u0160IOV - \u0161t\u00e1tny in\u0161tit\u00fat odborn\u00e9ho vzdel\u00e1vania","description":"","publisher":{"@id":"https:\/\/archiv.siov.sk\/#organization"},"potentialAction":[{"@type":"SearchAction","target":{"@type":"EntryPoint","urlTemplate":"https:\/\/archiv.siov.sk\/?s={search_term_string}"},"query-input":{"@type":"PropertyValueSpecification","valueRequired":true,"valueName":"search_term_string"}}],"inLanguage":"en-GB"},{"@type":"Organization","@id":"https:\/\/archiv.siov.sk\/#organization","name":"\u0160IOV - \u0161t\u00e1tny in\u0161tit\u00fat odborn\u00e9ho vzdel\u00e1vania","url":"https:\/\/archiv.siov.sk\/","logo":{"@type":"ImageObject","inLanguage":"en-GB","@id":"https:\/\/archiv.siov.sk\/#\/schema\/logo\/image\/","url":"https:\/\/archiv.siov.sk\/wp-content\/uploads\/2024\/02\/logo-SIOV.png","contentUrl":"https:\/\/archiv.siov.sk\/wp-content\/uploads\/2024\/02\/logo-SIOV.png","width":431,"height":143,"caption":"\u0160IOV - \u0161t\u00e1tny in\u0161tit\u00fat odborn\u00e9ho vzdel\u00e1vania"},"image":{"@id":"https:\/\/archiv.siov.sk\/#\/schema\/logo\/image\/"},"sameAs":["https:\/\/www.facebook.com\/Statnyinstitutodbornehovzdelavania"]},{"@type":"Person","@id":"https:\/\/archiv.siov.sk\/#\/schema\/person\/7ae8d95216a02464a9ae6c8dcf8a4018","name":"siovadmin","url":"https:\/\/archiv.siov.sk\/en\/author\/siovadmin\/"}]}},"_links":{"self":[{"href":"https:\/\/archiv.siov.sk\/en\/wp-json\/wp\/v2\/posts\/2348","targetHints":{"allow":["GET"]}}],"collection":[{"href":"https:\/\/archiv.siov.sk\/en\/wp-json\/wp\/v2\/posts"}],"about":[{"href":"https:\/\/archiv.siov.sk\/en\/wp-json\/wp\/v2\/types\/post"}],"author":[{"embeddable":true,"href":"https:\/\/archiv.siov.sk\/en\/wp-json\/wp\/v2\/users\/1"}],"replies":[{"embeddable":true,"href":"https:\/\/archiv.siov.sk\/en\/wp-json\/wp\/v2\/comments?post=2348"}],"version-history":[{"count":4,"href":"https:\/\/archiv.siov.sk\/en\/wp-json\/wp\/v2\/posts\/2348\/revisions"}],"predecessor-version":[{"id":2366,"href":"https:\/\/archiv.siov.sk\/en\/wp-json\/wp\/v2\/posts\/2348\/revisions\/2366"}],"wp:featuredmedia":[{"embeddable":true,"href":"https:\/\/archiv.siov.sk\/en\/wp-json\/wp\/v2\/media\/2349"}],"wp:attachment":[{"href":"https:\/\/archiv.siov.sk\/en\/wp-json\/wp\/v2\/media?parent=2348"}],"wp:term":[{"taxonomy":"category","embeddable":true,"href":"https:\/\/archiv.siov.sk\/en\/wp-json\/wp\/v2\/categories?post=2348"},{"taxonomy":"post_tag","embeddable":true,"href":"https:\/\/archiv.siov.sk\/en\/wp-json\/wp\/v2\/tags?post=2348"}],"curies":[{"name":"wp","href":"https:\/\/api.w.org\/{rel}","templated":true}]}}