{"id":2337,"date":"2017-11-27T17:22:30","date_gmt":"2017-11-27T16:22:30","guid":{"rendered":"http:\/\/archiv.siov.sk\/?p=2337"},"modified":"2021-02-24T11:36:01","modified_gmt":"2021-02-24T10:36:01","slug":"kurzy-karieroveho-koucingu-zjednodusia-pracu-ucitelov-a-karierovych-poradcov","status":"publish","type":"post","link":"https:\/\/archiv.siov.sk\/en\/kurzy-karieroveho-koucingu-zjednodusia-pracu-ucitelov-a-karierovych-poradcov\/","title":{"rendered":"Kurzy kari\u00e9rov\u00e9ho kou\u010dingu zjednodu\u0161ia pr\u00e1cu u\u010dite\u013eov a kari\u00e9rov\u00fdch poradcov"},"content":{"rendered":"<blockquote><p>\u201ePodchytenie \u017eiaka a&nbsp;jeho profesijn\u00e1 orient\u00e1cia u\u017e od z\u00e1kladnej \u0161koly. Odovzdanie si inform\u00e1cii o&nbsp;\u017eiakovi zo z\u00e1kladnej \u0161koly na stredn\u00fa, pokra\u010dovanie systematickej pr\u00e1ce so \u017eiakom, aby n\u00e1m deti \u0161kolou iba neprepl\u00e1vali, je poslan\u00edm nielen kari\u00e9rov\u00fdch poradcov, ale aj v\u0161etk\u00fdch pedag\u00f3gov z\u00e1kladn\u00fdch i&nbsp;stredn\u00fdch \u0161k\u00f4l,\u201c<\/p><\/blockquote>\n<p style=\"text-align: justify;\">hovor\u00ed kari\u00e9rov\u00e1 poradky\u0148a Be\u00e1ta \u013dubov\u00e1, z\u00e1rove\u0148 v\u0161ak jedn\u00fdm dychom dod\u00e1va, \u017ee pre aplikovanie te\u00f3rie, o&nbsp;ktorej sa tak \u010dasto hovor\u00ed, do ka\u017edodennej praxe u\u010dite\u013ea s\u00fa d\u00f4le\u017eit\u00e9 praktick\u00e9 pr\u00edklady a&nbsp;uk\u00e1\u017eky, ke\u010f\u017ee ka\u017ed\u00fd \u017eiak, ka\u017ed\u00fd u\u010dite\u013e i&nbsp;samotn\u00fd rodi\u010d s\u00fa in\u00ed.<\/p>\n<p style=\"text-align: justify;\">Praktick\u00e9 n\u00e1vody, met\u00f3dy, cvi\u010denia, ako vytvori\u0165 re\u00e1lny model komunik\u00e1cie rodi\u010da \u2013 \u0161koly \u2013 zamestn\u00e1vate\u013ea v&nbsp;du\u00e1lnom vzdel\u00e1van\u00ed, ako vyu\u017ei\u0165 marketing na prezent\u00e1ciu \u0161koly, vysk\u00fa\u0161a\u0165 si jeho aplik\u00e1ciu v&nbsp;podmienkach danej \u0161koly umo\u017enia kurzy kari\u00e9rov\u00e9ho kou\u010dingu i&nbsp;\u010fal\u0161ie \u0161kolenia ur\u010den\u00e9 u\u010dite\u013eom z\u00e1kladn\u00fdch a&nbsp;stredn\u00fdch \u0161k\u00f4l, kari\u00e9rov\u00fdm poradcom a&nbsp;v&nbsp;pr\u00edpade stredn\u00fdch \u0161k\u00f4l aj majstrom odborn\u00e9ho v\u00fdcviku.&nbsp;<\/p>\n<blockquote><p>\u201eNa\u0161\u00edm cie\u013eom je napom\u00f4c\u0165 \u0161kol\u00e1m vytvori\u0165 model kari\u00e9rov\u00e9ho poradenstva a&nbsp;pracova\u0165 so \u017eiakom tak, aby rozhodovanie \u017eiaka kam na stredn\u00fa \u0161kolu bolo kontinu\u00e1lne a&nbsp;nele\u017ealo iba pleciach kari\u00e9rov\u00e9ho poradcu. \u017diaka a&nbsp;jeho pr\u00e1cu na hodin\u00e1ch, pr\u00edstup k&nbsp;vzdel\u00e1vaniu a&nbsp;pr\u00edpravu na hodiny pozn\u00e1 triedny u\u010dite\u013e i&nbsp;ostatn\u00ed vyu\u010duj\u00faci. Rovnako d\u00f4le\u017eit\u00e9 je v\u0161ak po\u010das \u0161t\u00fadia smerova\u0165 \u017eiaka strednej \u0161koly, aby po z\u00edskan\u00ed maturity \u010di v\u00fdu\u010dn\u00e9ho listu zotrval vo svojom odbore \u0161t\u00fadia,\u201c<\/p><\/blockquote>\n<p style=\"text-align: justify;\">dop\u013a\u0148a \u013dubov\u00e1.&nbsp;<\/p>\n<p style=\"text-align: justify;\">Bezplatn\u00e9 trojd\u0148ov\u00e9 kurzy realizuje \u0160t\u00e1tny in\u0161tit\u00fat odborn\u00e9ho vzdel\u00e1vania v&nbsp;r\u00e1mci N\u00e1rodn\u00e9ho projektu Du\u00e1lne vzdel\u00e1vanie a&nbsp;zv\u00fd\u0161enie atraktivity a&nbsp;kvality OVP.&nbsp; U\u010ditelia a&nbsp;kari\u00e9rov\u00ed poradcovia z\u00e1kladn\u00fdch \u0161k\u00f4l sa dozvedia, ako si u\u013eah\u010di\u0165 pr\u00e1cu so \u017eiakom prostredn\u00edctvom inov\u00e1ci\u00ed, \u010do je \u201emetodick\u00fd in\u0161piromat\u201c a ako im v&nbsp;re\u00e1lnej praxi pom\u00f4\u017eu krit\u00e9ria kvalitnej odbornej pr\u00edpravy, zn\u00e1me pod skratkou EQAVET, prinies\u0165 du\u00e1lne vzdel\u00e1vanie do prostredia \u0161koly. U\u010dite\u013eom strednej \u0161koly, majstrom odborn\u00e9ho v\u00fdcviku napom\u00f4\u017eu aplikova\u0165 syst\u00e9m du\u00e1lneho vzdel\u00e1vania v&nbsp;podmienkach ich \u0161koly. \u00da\u010dastn\u00edci kurzov si vytvoria vlastn\u00e9 profesijn\u00e9 portf\u00f3lio.<\/p>\n<blockquote><p>\u201eMnoh\u00ed u\u010ditelia s\u00fa v&nbsp;dne\u0161nej dobe ve\u013emi vy\u0165a\u017een\u00ed a&nbsp;\u010dastokr\u00e1t nie je pre nich jednoduch\u00e9 zaradi\u0165 do vyu\u010dovania inovovan\u00e9 met\u00f3dy tak, akoby si predstavovali. I&nbsp;napriek tomu je na\u0161ou amb\u00edciou motivova\u0165 ich a uk\u00e1za\u0165 im, ako pretavi\u0165 ich potenci\u00e1l do re\u00e1lneho prostredia \u0161koly,\u201c<\/p><\/blockquote>\n<p>hovor\u00ed Michal Bart\u00f3k, riadite\u013e \u0160t\u00e1tneho in\u0161tit\u00fatu odborn\u00e9ho vzdel\u00e1vania. &nbsp;<\/p>\n<p style=\"text-align: justify;\">Absolvovanie kurzov je mo\u017en\u00e9 vstupom \u0161koly do N\u00e1rodn\u00e9ho projektu Du\u00e1lne vzdel\u00e1vanie a&nbsp;zv\u00fd\u0161enie atraktivity a kvality OVP. Kona\u0165 sa bud\u00fa vo v\u0161etk\u00fdch krajsk\u00fdm mest\u00e1ch Slovenska a&nbsp;prv\u00e9 z&nbsp;nich za\u010d\u00ednaj\u00fa u\u017e v&nbsp;decembri 2017. Za kurz Kari\u00e9rov\u00fd kou\u010ding z\u00edska pedag\u00f3g 8 kreditov.<\/p>\n<p>Prihl\u00e1ste sa priamo u&nbsp;region\u00e1lnych koordin\u00e1torov: <a href=\"http:\/\/www.dualnysystem.sk\/\">http:\/\/www.dualnysystem.sk\/<\/a><\/p>\n<p>\u010eal\u0161ie inform\u00e1cie <a href=\"https:\/\/archiv.siov.sk\/wp-content\/uploads\/2017\/11\/Letak_ucitelia.pdf\">n\u00e1jdete v let\u00e1\u010diku<\/a>.<\/p>\n<p>N\u00e1vratku <a href=\"https:\/\/archiv.siov.sk\/wp-content\/uploads\/2017\/11\/Navratka.pdf\">n\u00e1jdete tu<\/a>.<\/p>\n<p>&nbsp;<\/p>","protected":false},"excerpt":{"rendered":"<p>\u201ePodchytenie \u017eiaka a&nbsp;jeho profesijn\u00e1 orient\u00e1cia u\u017e od z\u00e1kladnej \u0161koly. Odovzdanie si inform\u00e1cii o&nbsp;\u017eiakovi zo z\u00e1kladnej \u0161koly na stredn\u00fa, pokra\u010dovanie systematickej pr\u00e1ce so \u017eiakom, aby n\u00e1m deti \u0161kolou iba neprepl\u00e1vali, je poslan\u00edm nielen kari\u00e9rov\u00fdch poradcov, ale aj v\u0161etk\u00fdch pedag\u00f3gov z\u00e1kladn\u00fdch i&nbsp;stredn\u00fdch \u0161k\u00f4l,\u201c hovor\u00ed kari\u00e9rov\u00e1 poradky\u0148a Be\u00e1ta \u013dubov\u00e1, z\u00e1rove\u0148 v\u0161ak jedn\u00fdm dychom dod\u00e1va, \u017ee pre aplikovanie te\u00f3rie, [&hellip;]<\/p>\n","protected":false},"author":1,"featured_media":2316,"comment_status":"closed","ping_status":"closed","sticky":false,"template":"","format":"standard","meta":{"site-sidebar-layout":"default","site-content-layout":"","ast-site-content-layout":"default","site-content-style":"default","site-sidebar-style":"default","ast-global-header-display":"","ast-banner-title-visibility":"","ast-main-header-display":"","ast-hfb-above-header-display":"","ast-hfb-below-header-display":"","ast-hfb-mobile-header-display":"","site-post-title":"","ast-breadcrumbs-content":"","ast-featured-img":"","footer-sml-layout":"","ast-disable-related-posts":"","theme-transparent-header-meta":"","adv-header-id-meta":"","stick-header-meta":"","header-above-stick-meta":"","header-main-stick-meta":"","header-below-stick-meta":"","astra-migrate-meta-layouts":"default","ast-page-background-enabled":"default","ast-page-background-meta":{"desktop":{"background-color":"var(--ast-global-color-4)","background-image":"","background-repeat":"repeat","background-position":"center center","background-size":"auto","background-attachment":"scroll","background-type":"","background-media":"","overlay-type":"","overlay-color":"","overlay-opacity":"","overlay-gradient":""},"tablet":{"background-color":"","background-image":"","background-repeat":"repeat","background-position":"center center","background-size":"auto","background-attachment":"scroll","background-type":"","background-media":"","overlay-type":"","overlay-color":"","overlay-opacity":"","overlay-gradient":""},"mobile":{"background-color":"","background-image":"","background-repeat":"repeat","background-position":"center center","background-size":"auto","background-attachment":"scroll","background-type":"","background-media":"","overlay-type":"","overlay-color":"","overlay-opacity":"","overlay-gradient":""}},"ast-content-background-meta":{"desktop":{"background-color":"var(--ast-global-color-5)","background-image":"","background-repeat":"repeat","background-position":"center center","background-size":"auto","background-attachment":"scroll","background-type":"","background-media":"","overlay-type":"","overlay-color":"","overlay-opacity":"","overlay-gradient":""},"tablet":{"background-color":"var(--ast-global-color-5)","background-image":"","background-repeat":"repeat","background-position":"center center","background-size":"auto","background-attachment":"scroll","background-type":"","background-media":"","overlay-type":"","overlay-color":"","overlay-opacity":"","overlay-gradient":""},"mobile":{"background-color":"var(--ast-global-color-5)","background-image":"","background-repeat":"repeat","background-position":"center center","background-size":"auto","background-attachment":"scroll","background-type":"","background-media":"","overlay-type":"","overlay-color":"","overlay-opacity":"","overlay-gradient":""}},"footnotes":""},"categories":[1],"tags":[],"class_list":["post-2337","post","type-post","status-publish","format-standard","has-post-thumbnail","hentry","category-aktuality"],"yoast_head":"<!-- This site is optimized with the Yoast SEO plugin v27.5 - https:\/\/yoast.com\/product\/yoast-seo-wordpress\/ -->\n<title>Kurzy kari\u00e9rov\u00e9ho kou\u010dingu zjednodu\u0161ia pr\u00e1cu u\u010dite\u013eov a kari\u00e9rov\u00fdch poradcov - \u0160IOV - \u0161t\u00e1tny in\u0161tit\u00fat odborn\u00e9ho vzdel\u00e1vania<\/title>\n<meta name=\"robots\" content=\"index, follow, max-snippet:-1, max-image-preview:large, max-video-preview:-1\" \/>\n<link rel=\"canonical\" href=\"https:\/\/archiv.siov.sk\/en\/kurzy-karieroveho-koucingu-zjednodusia-pracu-ucitelov-a-karierovych-poradcov\/\" \/>\n<meta property=\"og:locale\" content=\"en_GB\" \/>\n<meta property=\"og:type\" content=\"article\" \/>\n<meta property=\"og:title\" content=\"Kurzy kari\u00e9rov\u00e9ho kou\u010dingu zjednodu\u0161ia pr\u00e1cu u\u010dite\u013eov a kari\u00e9rov\u00fdch poradcov - \u0160IOV - \u0161t\u00e1tny in\u0161tit\u00fat odborn\u00e9ho vzdel\u00e1vania\" \/>\n<meta property=\"og:description\" content=\"\u201ePodchytenie \u017eiaka a&nbsp;jeho profesijn\u00e1 orient\u00e1cia u\u017e od z\u00e1kladnej \u0161koly. Odovzdanie si inform\u00e1cii o&nbsp;\u017eiakovi zo z\u00e1kladnej \u0161koly na stredn\u00fa, pokra\u010dovanie systematickej pr\u00e1ce so \u017eiakom, aby n\u00e1m deti \u0161kolou iba neprepl\u00e1vali, je poslan\u00edm nielen kari\u00e9rov\u00fdch poradcov, ale aj v\u0161etk\u00fdch pedag\u00f3gov z\u00e1kladn\u00fdch i&nbsp;stredn\u00fdch \u0161k\u00f4l,\u201c hovor\u00ed kari\u00e9rov\u00e1 poradky\u0148a Be\u00e1ta \u013dubov\u00e1, z\u00e1rove\u0148 v\u0161ak jedn\u00fdm dychom dod\u00e1va, \u017ee pre aplikovanie te\u00f3rie, [&hellip;]\" \/>\n<meta property=\"og:url\" content=\"https:\/\/archiv.siov.sk\/en\/kurzy-karieroveho-koucingu-zjednodusia-pracu-ucitelov-a-karierovych-poradcov\/\" \/>\n<meta property=\"og:site_name\" content=\"\u0160IOV - \u0161t\u00e1tny in\u0161tit\u00fat odborn\u00e9ho vzdel\u00e1vania\" \/>\n<meta property=\"article:publisher\" content=\"https:\/\/www.facebook.com\/Statnyinstitutodbornehovzdelavania\" \/>\n<meta property=\"article:published_time\" content=\"2017-11-27T16:22:30+00:00\" \/>\n<meta property=\"article:modified_time\" content=\"2021-02-24T10:36:01+00:00\" \/>\n<meta property=\"og:image\" content=\"https:\/\/archiv.siov.sk\/wp-content\/uploads\/2019\/02\/top_psycholog.jpg\" \/>\n\t<meta property=\"og:image:width\" content=\"1100\" \/>\n\t<meta property=\"og:image:height\" content=\"445\" \/>\n\t<meta property=\"og:image:type\" content=\"image\/jpeg\" \/>\n<meta name=\"author\" content=\"siovadmin\" \/>\n<meta name=\"twitter:card\" content=\"summary_large_image\" \/>\n<meta name=\"twitter:label1\" content=\"Written by\" \/>\n\t<meta name=\"twitter:data1\" content=\"siovadmin\" \/>\n\t<meta name=\"twitter:label2\" content=\"Estimated reading time\" \/>\n\t<meta name=\"twitter:data2\" content=\"2 minutes\" \/>\n<script type=\"application\/ld+json\" class=\"yoast-schema-graph\">{\"@context\":\"https:\\\/\\\/schema.org\",\"@graph\":[{\"@type\":\"Article\",\"@id\":\"https:\\\/\\\/archiv.siov.sk\\\/kurzy-karieroveho-koucingu-zjednodusia-pracu-ucitelov-a-karierovych-poradcov\\\/#article\",\"isPartOf\":{\"@id\":\"https:\\\/\\\/archiv.siov.sk\\\/kurzy-karieroveho-koucingu-zjednodusia-pracu-ucitelov-a-karierovych-poradcov\\\/\"},\"author\":{\"name\":\"siovadmin\",\"@id\":\"https:\\\/\\\/archiv.siov.sk\\\/#\\\/schema\\\/person\\\/7ae8d95216a02464a9ae6c8dcf8a4018\"},\"headline\":\"Kurzy kari\u00e9rov\u00e9ho kou\u010dingu zjednodu\u0161ia pr\u00e1cu u\u010dite\u013eov a kari\u00e9rov\u00fdch poradcov\",\"datePublished\":\"2017-11-27T16:22:30+00:00\",\"dateModified\":\"2021-02-24T10:36:01+00:00\",\"mainEntityOfPage\":{\"@id\":\"https:\\\/\\\/archiv.siov.sk\\\/kurzy-karieroveho-koucingu-zjednodusia-pracu-ucitelov-a-karierovych-poradcov\\\/\"},\"wordCount\":638,\"publisher\":{\"@id\":\"https:\\\/\\\/archiv.siov.sk\\\/#organization\"},\"image\":{\"@id\":\"https:\\\/\\\/archiv.siov.sk\\\/kurzy-karieroveho-koucingu-zjednodusia-pracu-ucitelov-a-karierovych-poradcov\\\/#primaryimage\"},\"thumbnailUrl\":\"https:\\\/\\\/archiv.siov.sk\\\/wp-content\\\/uploads\\\/2019\\\/02\\\/top_psycholog.jpg\",\"articleSection\":[\"Aktuality\"],\"inLanguage\":\"en-GB\"},{\"@type\":\"WebPage\",\"@id\":\"https:\\\/\\\/archiv.siov.sk\\\/kurzy-karieroveho-koucingu-zjednodusia-pracu-ucitelov-a-karierovych-poradcov\\\/\",\"url\":\"https:\\\/\\\/archiv.siov.sk\\\/kurzy-karieroveho-koucingu-zjednodusia-pracu-ucitelov-a-karierovych-poradcov\\\/\",\"name\":\"Kurzy kari\u00e9rov\u00e9ho kou\u010dingu zjednodu\u0161ia pr\u00e1cu u\u010dite\u013eov a kari\u00e9rov\u00fdch poradcov - \u0160IOV - \u0161t\u00e1tny in\u0161tit\u00fat odborn\u00e9ho vzdel\u00e1vania\",\"isPartOf\":{\"@id\":\"https:\\\/\\\/archiv.siov.sk\\\/#website\"},\"primaryImageOfPage\":{\"@id\":\"https:\\\/\\\/archiv.siov.sk\\\/kurzy-karieroveho-koucingu-zjednodusia-pracu-ucitelov-a-karierovych-poradcov\\\/#primaryimage\"},\"image\":{\"@id\":\"https:\\\/\\\/archiv.siov.sk\\\/kurzy-karieroveho-koucingu-zjednodusia-pracu-ucitelov-a-karierovych-poradcov\\\/#primaryimage\"},\"thumbnailUrl\":\"https:\\\/\\\/archiv.siov.sk\\\/wp-content\\\/uploads\\\/2019\\\/02\\\/top_psycholog.jpg\",\"datePublished\":\"2017-11-27T16:22:30+00:00\",\"dateModified\":\"2021-02-24T10:36:01+00:00\",\"breadcrumb\":{\"@id\":\"https:\\\/\\\/archiv.siov.sk\\\/kurzy-karieroveho-koucingu-zjednodusia-pracu-ucitelov-a-karierovych-poradcov\\\/#breadcrumb\"},\"inLanguage\":\"en-GB\",\"potentialAction\":[{\"@type\":\"ReadAction\",\"target\":[\"https:\\\/\\\/archiv.siov.sk\\\/kurzy-karieroveho-koucingu-zjednodusia-pracu-ucitelov-a-karierovych-poradcov\\\/\"]}]},{\"@type\":\"ImageObject\",\"inLanguage\":\"en-GB\",\"@id\":\"https:\\\/\\\/archiv.siov.sk\\\/kurzy-karieroveho-koucingu-zjednodusia-pracu-ucitelov-a-karierovych-poradcov\\\/#primaryimage\",\"url\":\"https:\\\/\\\/archiv.siov.sk\\\/wp-content\\\/uploads\\\/2019\\\/02\\\/top_psycholog.jpg\",\"contentUrl\":\"https:\\\/\\\/archiv.siov.sk\\\/wp-content\\\/uploads\\\/2019\\\/02\\\/top_psycholog.jpg\",\"width\":1100,\"height\":445,\"caption\":\"Psychol\u00f3g: Pre deti je du\u00e1lne vzdel\u00e1vanie dobr\u00e9. Uvidia, ako to funguje v realite.\"},{\"@type\":\"BreadcrumbList\",\"@id\":\"https:\\\/\\\/archiv.siov.sk\\\/kurzy-karieroveho-koucingu-zjednodusia-pracu-ucitelov-a-karierovych-poradcov\\\/#breadcrumb\",\"itemListElement\":[{\"@type\":\"ListItem\",\"position\":1,\"name\":\"Home\",\"item\":\"https:\\\/\\\/archiv.siov.sk\\\/\"},{\"@type\":\"ListItem\",\"position\":2,\"name\":\"Kurzy kari\u00e9rov\u00e9ho kou\u010dingu zjednodu\u0161ia pr\u00e1cu u\u010dite\u013eov a kari\u00e9rov\u00fdch poradcov\"}]},{\"@type\":\"WebSite\",\"@id\":\"https:\\\/\\\/archiv.siov.sk\\\/#website\",\"url\":\"https:\\\/\\\/archiv.siov.sk\\\/\",\"name\":\"\u0160IOV - \u0161t\u00e1tny in\u0161tit\u00fat odborn\u00e9ho vzdel\u00e1vania\",\"description\":\"\",\"publisher\":{\"@id\":\"https:\\\/\\\/archiv.siov.sk\\\/#organization\"},\"potentialAction\":[{\"@type\":\"SearchAction\",\"target\":{\"@type\":\"EntryPoint\",\"urlTemplate\":\"https:\\\/\\\/archiv.siov.sk\\\/?s={search_term_string}\"},\"query-input\":{\"@type\":\"PropertyValueSpecification\",\"valueRequired\":true,\"valueName\":\"search_term_string\"}}],\"inLanguage\":\"en-GB\"},{\"@type\":\"Organization\",\"@id\":\"https:\\\/\\\/archiv.siov.sk\\\/#organization\",\"name\":\"\u0160IOV - \u0161t\u00e1tny in\u0161tit\u00fat odborn\u00e9ho vzdel\u00e1vania\",\"url\":\"https:\\\/\\\/archiv.siov.sk\\\/\",\"logo\":{\"@type\":\"ImageObject\",\"inLanguage\":\"en-GB\",\"@id\":\"https:\\\/\\\/archiv.siov.sk\\\/#\\\/schema\\\/logo\\\/image\\\/\",\"url\":\"https:\\\/\\\/archiv.siov.sk\\\/wp-content\\\/uploads\\\/2024\\\/02\\\/logo-SIOV.png\",\"contentUrl\":\"https:\\\/\\\/archiv.siov.sk\\\/wp-content\\\/uploads\\\/2024\\\/02\\\/logo-SIOV.png\",\"width\":431,\"height\":143,\"caption\":\"\u0160IOV - \u0161t\u00e1tny in\u0161tit\u00fat odborn\u00e9ho vzdel\u00e1vania\"},\"image\":{\"@id\":\"https:\\\/\\\/archiv.siov.sk\\\/#\\\/schema\\\/logo\\\/image\\\/\"},\"sameAs\":[\"https:\\\/\\\/www.facebook.com\\\/Statnyinstitutodbornehovzdelavania\"]},{\"@type\":\"Person\",\"@id\":\"https:\\\/\\\/archiv.siov.sk\\\/#\\\/schema\\\/person\\\/7ae8d95216a02464a9ae6c8dcf8a4018\",\"name\":\"siovadmin\",\"url\":\"https:\\\/\\\/archiv.siov.sk\\\/en\\\/author\\\/siovadmin\\\/\"}]}<\/script>\n<!-- \/ Yoast SEO plugin. -->","yoast_head_json":{"title":"Kurzy kari\u00e9rov\u00e9ho kou\u010dingu zjednodu\u0161ia pr\u00e1cu u\u010dite\u013eov a kari\u00e9rov\u00fdch poradcov - \u0160IOV - \u0161t\u00e1tny in\u0161tit\u00fat odborn\u00e9ho vzdel\u00e1vania","robots":{"index":"index","follow":"follow","max-snippet":"max-snippet:-1","max-image-preview":"max-image-preview:large","max-video-preview":"max-video-preview:-1"},"canonical":"https:\/\/archiv.siov.sk\/en\/kurzy-karieroveho-koucingu-zjednodusia-pracu-ucitelov-a-karierovych-poradcov\/","og_locale":"en_GB","og_type":"article","og_title":"Kurzy kari\u00e9rov\u00e9ho kou\u010dingu zjednodu\u0161ia pr\u00e1cu u\u010dite\u013eov a kari\u00e9rov\u00fdch poradcov - \u0160IOV - \u0161t\u00e1tny in\u0161tit\u00fat odborn\u00e9ho vzdel\u00e1vania","og_description":"\u201ePodchytenie \u017eiaka a&nbsp;jeho profesijn\u00e1 orient\u00e1cia u\u017e od z\u00e1kladnej \u0161koly. Odovzdanie si inform\u00e1cii o&nbsp;\u017eiakovi zo z\u00e1kladnej \u0161koly na stredn\u00fa, pokra\u010dovanie systematickej pr\u00e1ce so \u017eiakom, aby n\u00e1m deti \u0161kolou iba neprepl\u00e1vali, je poslan\u00edm nielen kari\u00e9rov\u00fdch poradcov, ale aj v\u0161etk\u00fdch pedag\u00f3gov z\u00e1kladn\u00fdch i&nbsp;stredn\u00fdch \u0161k\u00f4l,\u201c hovor\u00ed kari\u00e9rov\u00e1 poradky\u0148a Be\u00e1ta \u013dubov\u00e1, z\u00e1rove\u0148 v\u0161ak jedn\u00fdm dychom dod\u00e1va, \u017ee pre aplikovanie te\u00f3rie, [&hellip;]","og_url":"https:\/\/archiv.siov.sk\/en\/kurzy-karieroveho-koucingu-zjednodusia-pracu-ucitelov-a-karierovych-poradcov\/","og_site_name":"\u0160IOV - \u0161t\u00e1tny in\u0161tit\u00fat odborn\u00e9ho vzdel\u00e1vania","article_publisher":"https:\/\/www.facebook.com\/Statnyinstitutodbornehovzdelavania","article_published_time":"2017-11-27T16:22:30+00:00","article_modified_time":"2021-02-24T10:36:01+00:00","og_image":[{"width":1100,"height":445,"url":"https:\/\/archiv.siov.sk\/wp-content\/uploads\/2019\/02\/top_psycholog.jpg","type":"image\/jpeg"}],"author":"siovadmin","twitter_card":"summary_large_image","twitter_misc":{"Written by":"siovadmin","Estimated reading time":"2 minutes"},"schema":{"@context":"https:\/\/schema.org","@graph":[{"@type":"Article","@id":"https:\/\/archiv.siov.sk\/kurzy-karieroveho-koucingu-zjednodusia-pracu-ucitelov-a-karierovych-poradcov\/#article","isPartOf":{"@id":"https:\/\/archiv.siov.sk\/kurzy-karieroveho-koucingu-zjednodusia-pracu-ucitelov-a-karierovych-poradcov\/"},"author":{"name":"siovadmin","@id":"https:\/\/archiv.siov.sk\/#\/schema\/person\/7ae8d95216a02464a9ae6c8dcf8a4018"},"headline":"Kurzy kari\u00e9rov\u00e9ho kou\u010dingu zjednodu\u0161ia pr\u00e1cu u\u010dite\u013eov a kari\u00e9rov\u00fdch poradcov","datePublished":"2017-11-27T16:22:30+00:00","dateModified":"2021-02-24T10:36:01+00:00","mainEntityOfPage":{"@id":"https:\/\/archiv.siov.sk\/kurzy-karieroveho-koucingu-zjednodusia-pracu-ucitelov-a-karierovych-poradcov\/"},"wordCount":638,"publisher":{"@id":"https:\/\/archiv.siov.sk\/#organization"},"image":{"@id":"https:\/\/archiv.siov.sk\/kurzy-karieroveho-koucingu-zjednodusia-pracu-ucitelov-a-karierovych-poradcov\/#primaryimage"},"thumbnailUrl":"https:\/\/archiv.siov.sk\/wp-content\/uploads\/2019\/02\/top_psycholog.jpg","articleSection":["Aktuality"],"inLanguage":"en-GB"},{"@type":"WebPage","@id":"https:\/\/archiv.siov.sk\/kurzy-karieroveho-koucingu-zjednodusia-pracu-ucitelov-a-karierovych-poradcov\/","url":"https:\/\/archiv.siov.sk\/kurzy-karieroveho-koucingu-zjednodusia-pracu-ucitelov-a-karierovych-poradcov\/","name":"Kurzy kari\u00e9rov\u00e9ho kou\u010dingu zjednodu\u0161ia pr\u00e1cu u\u010dite\u013eov a kari\u00e9rov\u00fdch poradcov - \u0160IOV - \u0161t\u00e1tny in\u0161tit\u00fat odborn\u00e9ho vzdel\u00e1vania","isPartOf":{"@id":"https:\/\/archiv.siov.sk\/#website"},"primaryImageOfPage":{"@id":"https:\/\/archiv.siov.sk\/kurzy-karieroveho-koucingu-zjednodusia-pracu-ucitelov-a-karierovych-poradcov\/#primaryimage"},"image":{"@id":"https:\/\/archiv.siov.sk\/kurzy-karieroveho-koucingu-zjednodusia-pracu-ucitelov-a-karierovych-poradcov\/#primaryimage"},"thumbnailUrl":"https:\/\/archiv.siov.sk\/wp-content\/uploads\/2019\/02\/top_psycholog.jpg","datePublished":"2017-11-27T16:22:30+00:00","dateModified":"2021-02-24T10:36:01+00:00","breadcrumb":{"@id":"https:\/\/archiv.siov.sk\/kurzy-karieroveho-koucingu-zjednodusia-pracu-ucitelov-a-karierovych-poradcov\/#breadcrumb"},"inLanguage":"en-GB","potentialAction":[{"@type":"ReadAction","target":["https:\/\/archiv.siov.sk\/kurzy-karieroveho-koucingu-zjednodusia-pracu-ucitelov-a-karierovych-poradcov\/"]}]},{"@type":"ImageObject","inLanguage":"en-GB","@id":"https:\/\/archiv.siov.sk\/kurzy-karieroveho-koucingu-zjednodusia-pracu-ucitelov-a-karierovych-poradcov\/#primaryimage","url":"https:\/\/archiv.siov.sk\/wp-content\/uploads\/2019\/02\/top_psycholog.jpg","contentUrl":"https:\/\/archiv.siov.sk\/wp-content\/uploads\/2019\/02\/top_psycholog.jpg","width":1100,"height":445,"caption":"Psychol\u00f3g: Pre deti je du\u00e1lne vzdel\u00e1vanie dobr\u00e9. Uvidia, ako to funguje v realite."},{"@type":"BreadcrumbList","@id":"https:\/\/archiv.siov.sk\/kurzy-karieroveho-koucingu-zjednodusia-pracu-ucitelov-a-karierovych-poradcov\/#breadcrumb","itemListElement":[{"@type":"ListItem","position":1,"name":"Home","item":"https:\/\/archiv.siov.sk\/"},{"@type":"ListItem","position":2,"name":"Kurzy kari\u00e9rov\u00e9ho kou\u010dingu zjednodu\u0161ia pr\u00e1cu u\u010dite\u013eov a kari\u00e9rov\u00fdch poradcov"}]},{"@type":"WebSite","@id":"https:\/\/archiv.siov.sk\/#website","url":"https:\/\/archiv.siov.sk\/","name":"\u0160IOV - \u0161t\u00e1tny in\u0161tit\u00fat odborn\u00e9ho vzdel\u00e1vania","description":"","publisher":{"@id":"https:\/\/archiv.siov.sk\/#organization"},"potentialAction":[{"@type":"SearchAction","target":{"@type":"EntryPoint","urlTemplate":"https:\/\/archiv.siov.sk\/?s={search_term_string}"},"query-input":{"@type":"PropertyValueSpecification","valueRequired":true,"valueName":"search_term_string"}}],"inLanguage":"en-GB"},{"@type":"Organization","@id":"https:\/\/archiv.siov.sk\/#organization","name":"\u0160IOV - \u0161t\u00e1tny in\u0161tit\u00fat odborn\u00e9ho vzdel\u00e1vania","url":"https:\/\/archiv.siov.sk\/","logo":{"@type":"ImageObject","inLanguage":"en-GB","@id":"https:\/\/archiv.siov.sk\/#\/schema\/logo\/image\/","url":"https:\/\/archiv.siov.sk\/wp-content\/uploads\/2024\/02\/logo-SIOV.png","contentUrl":"https:\/\/archiv.siov.sk\/wp-content\/uploads\/2024\/02\/logo-SIOV.png","width":431,"height":143,"caption":"\u0160IOV - \u0161t\u00e1tny in\u0161tit\u00fat odborn\u00e9ho vzdel\u00e1vania"},"image":{"@id":"https:\/\/archiv.siov.sk\/#\/schema\/logo\/image\/"},"sameAs":["https:\/\/www.facebook.com\/Statnyinstitutodbornehovzdelavania"]},{"@type":"Person","@id":"https:\/\/archiv.siov.sk\/#\/schema\/person\/7ae8d95216a02464a9ae6c8dcf8a4018","name":"siovadmin","url":"https:\/\/archiv.siov.sk\/en\/author\/siovadmin\/"}]}},"_links":{"self":[{"href":"https:\/\/archiv.siov.sk\/en\/wp-json\/wp\/v2\/posts\/2337","targetHints":{"allow":["GET"]}}],"collection":[{"href":"https:\/\/archiv.siov.sk\/en\/wp-json\/wp\/v2\/posts"}],"about":[{"href":"https:\/\/archiv.siov.sk\/en\/wp-json\/wp\/v2\/types\/post"}],"author":[{"embeddable":true,"href":"https:\/\/archiv.siov.sk\/en\/wp-json\/wp\/v2\/users\/1"}],"replies":[{"embeddable":true,"href":"https:\/\/archiv.siov.sk\/en\/wp-json\/wp\/v2\/comments?post=2337"}],"version-history":[{"count":6,"href":"https:\/\/archiv.siov.sk\/en\/wp-json\/wp\/v2\/posts\/2337\/revisions"}],"predecessor-version":[{"id":7262,"href":"https:\/\/archiv.siov.sk\/en\/wp-json\/wp\/v2\/posts\/2337\/revisions\/7262"}],"wp:featuredmedia":[{"embeddable":true,"href":"https:\/\/archiv.siov.sk\/en\/wp-json\/wp\/v2\/media\/2316"}],"wp:attachment":[{"href":"https:\/\/archiv.siov.sk\/en\/wp-json\/wp\/v2\/media?parent=2337"}],"wp:term":[{"taxonomy":"category","embeddable":true,"href":"https:\/\/archiv.siov.sk\/en\/wp-json\/wp\/v2\/categories?post=2337"},{"taxonomy":"post_tag","embeddable":true,"href":"https:\/\/archiv.siov.sk\/en\/wp-json\/wp\/v2\/tags?post=2337"}],"curies":[{"name":"wp","href":"https:\/\/api.w.org\/{rel}","templated":true}]}}