{"id":2330,"date":"2017-10-18T17:14:32","date_gmt":"2017-10-18T15:14:32","guid":{"rendered":"http:\/\/archiv.siov.sk\/?p=2330"},"modified":"2019-02-13T17:16:13","modified_gmt":"2019-02-13T16:16:13","slug":"veltrh-cvicnych-firiem-preveri-firmy-zalozene-ziakmi-strednych-skol","status":"publish","type":"post","link":"https:\/\/archiv.siov.sk\/en\/veltrh-cvicnych-firiem-preveri-firmy-zalozene-ziakmi-strednych-skol\/","title":{"rendered":"Ve\u013etrh cvi\u010dn\u00fdch firiem prever\u00ed firmy zalo\u017een\u00e9 \u017eiakmi stredn\u00fdch \u0161k\u00f4l"},"content":{"rendered":"<p><strong><em>Ko\u0161ice \u2013 18. okt\u00f3bra 2017 &#8211; V\u00fdroba a predaj krojov, pr\u00faten\u00fdch v\u00fdrobkov, \u010dokol\u00e1dy, leteck\u00e1 preprava, pivn\u00e9 k\u00fapele, truhl\u00e1rstvo a podlah\u00e1rstvo je len mal\u00fd z\u00e1ber firiem, ktor\u00e9 bud\u00fa prezentova\u0165 \u017eiaci stredn\u00fdch \u0161k\u00f4l zo Slovenska, \u010ciech a Po\u013eska na 15. Medzin\u00e1rodnom ve\u013etrhu cvi\u010dn\u00fdch firiem kraj\u00edn V4. Ten sa bude kona\u0165 po\u010das dvoch dn\u00ed od 19. \u2013 20. okt\u00f3bra v priestoroch Spolo\u010densk\u00e9ho pavil\u00f3nu na Triede SNP 61 v Ko\u0161iciach.&nbsp;<\/em><\/strong><\/p>\n<p>Na ve\u013etrh do Ko\u0161\u00edc pr\u00eddu svoje firmy, podnikanie i podnikate\u013esk\u00e9 z\u00e1mery prezentova\u0165 \u017eiaci a pedag\u00f3govia zo 48 stredn\u00fdch \u0161k\u00f4l zo Slovenska, \u0161iestich stredn\u00fdch \u0161k\u00f4l z \u010ceskej republiky a dve z Po\u013eska. Firmy si zriadili \u017eiaci pod doh\u013eadom pedag\u00f3gov a podnikate\u013eov, ktor\u00ed \u017eiakov ved\u00fa.&nbsp;<\/p>\n<p>S\u00fa\u0165a\u017eiace t\u00edmy bud\u00fa prezentova\u0165 svoje podnikate\u013esk\u00e9 z\u00e1mery v oblastiach ako v\u00fdroba a predaj krojov, v\u00fdroba a predaj k\u00e1vy, \u010daju, \u010dokol\u00e1dy, v oblasti leteckej prepravy, pivn\u00e9 k\u00fapele, ale aj v spolo\u010dnosti roz\u0161\u00edrenej\u0161\u00edch a \u010dastej\u0161\u00edch slu\u017eb\u00e1ch ako catering na k\u013e\u00fa\u010d, slu\u017eby mobiln\u00e9ho oper\u00e1tora, kozmetick\u00e9 slu\u017eby, \u0161portov\u00e9 potreby a mnoh\u00e9 \u010fal\u0161ie.&nbsp;<\/p>\n<p>\u201eCvi\u010dn\u00e9 firmy s\u00fa re\u00e1lnou mo\u017enos\u0165ou ako si stredo\u0161kol\u00e1ci m\u00f4\u017eu preveri\u0165 svoje vedomosti, schopnosti a zru\u010dnosti pri podnikan\u00ed. Zalo\u017eenie firmy je dnes u\u017e pomerne \u013eahkou z\u00e1le\u017eitos\u0165ou, ale prejavi\u0165 \u017eivotaschopnos\u0165 firmy a pre\u017ei\u0165 v dne\u0161nom trhovom prostred\u00ed si vy\u017eaduje nielen teoretick\u00e9, ale aj praktick\u00e9 zru\u010dnosti,\u201c hovor\u00ed Michal Bart\u00f3k, riadite\u013e \u0161t\u00e1tneho in\u0161tit\u00fatu odborn\u00e9ho vzdel\u00e1vania. \u201eAj preto projekt cvi\u010dn\u00fdch firiem i tak\u00e9to s\u00fa\u0165a\u017ee s\u00fa vhodn\u00fdm miestom, kde si \u017eiaci preveria svoje schopnosti a najm\u00e4 konkurencieschopnos\u0165 svojich firiem,\u201c dodal Bart\u00f3k.&nbsp;<\/p>\n<p>S\u00fa\u010das\u0165ou ve\u013etrhu bude semifin\u00e1le 6. ro\u010dn\u00edka s\u00fa\u0165a\u017ee \u201eNajlep\u0161\u00ed podnikate\u013esk\u00fd z\u00e1mer\u201c, na ktorom bud\u00fa prezentovan\u00e9 tri najlep\u0161ie podnikate\u013esk\u00e9 z\u00e1mery. Novinkou bude s\u00fa\u0165a\u017e \u201e60 sek\u00fand\u201c, v r\u00e1mci ktorej bud\u00fa ma\u0165 \u017eiaci iba jednu min\u00fatu na to, aby v anglickom jazyku bez ak\u00fdchko\u013evek pom\u00f4cok \u010do najv\u00fdsti\u017enej\u0161ie prezentovali svoju firmu a presved\u010dili porotu, \u017ee pr\u00e1ve ich v\u00fdrobky a slu\u017eby s\u00fa tie najlep\u0161ie na trhu.&nbsp;<\/p>\n<p><a href=\"http:\/\/www.siov.sk\/Documents\/17-10-2017\/Program15.%20MVCF%20Ko%C5%A1ice.pdf\">Bli\u017e\u0161ie inform\u00e1cie sa nach\u00e1dzaj\u00fa v prilo\u017eenom programe.<\/a><\/p>\n<p>\u0160t\u00e1tny in\u0161tit\u00fat odborn\u00e9ho vzdel\u00e1vania v spolupr\u00e1ci s Obchodnou akad\u00e9miou na Watsonovej ul. v Ko\u0161iciach usporad\u00favaj\u00fa pravideln\u00fd tradi\u010dn\u00fd ve\u013etrh cvi\u010dn\u00fdch firiem. Cvi\u010dn\u00e1 firma podporuje podnikanie a \u0161ikovnos\u0165 mlad\u00fdch \u013eud\u00ed prostredn\u00edctvom podnikate\u013esk\u00e9ho vzdel\u00e1vania a odbornej pr\u00edpravy. \u017diaci stredn\u00fdch \u0161k\u00f4l si pod dozorom u\u010dite\u013ea zriadia svoju firmu a v r\u00e1mci nej vytv\u00e1raj\u00fa podnikate\u013esk\u00e9 pl\u00e1ny, obchoduj\u00fa, pos\u00favaj\u00fa svoju firmu vpred. Orient\u00e1cia mlad\u00fdch \u013eud\u00ed v podnikan\u00ed, zv\u00fd\u0161enie mo\u017enosti zamestna\u0165 sa po skon\u010den\u00ed \u0161koly patr\u00ed medzi v\u00fdznamn\u00e9 priority Eur\u00f3pskej \u00fanie.&nbsp;<\/p>\n<p>Medzin\u00e1rodn\u00fd ve\u013etrh cvi\u010dn\u00fdch firiem poskytuje mo\u017enos\u0165 komunikova\u0165 v cudzom jazyku, rie\u0161i\u0165 obchodn\u00e9 pr\u00edpady, nadv\u00e4zova\u0165 obchodn\u00e9 a partnersk\u00e9 vz\u0165ahy aj s podporou re\u00e1lnych partnerov. S\u00fa\u010das\u0165ou ve\u013etrhu tradi\u010dne bud\u00fa s\u00fa\u0165a\u017ee cvi\u010dn\u00fdch firiem v kateg\u00f3ri\u00e1ch katal\u00f3g CF, imid\u017e st\u00e1nku CF, slogan CF, logo CF, reprezentant\/ka CF a e-prezent\u00e1cia CF.&nbsp;<\/p>\n<p>&nbsp;<\/p>\n<p>Kontakt pre m\u00e9di\u00e1 za \u0160IOV: Ing. Mgr. Martina Slu\u0161n\u00e1, Tel: 0911 469 675, martina.slusna@siov.sk&nbsp;<\/p>\n<p>&nbsp;<\/p>","protected":false},"excerpt":{"rendered":"<p>Ko\u0161ice \u2013 18. okt\u00f3bra 2017 &#8211; V\u00fdroba a predaj krojov, pr\u00faten\u00fdch v\u00fdrobkov, \u010dokol\u00e1dy, leteck\u00e1 preprava, pivn\u00e9 k\u00fapele, truhl\u00e1rstvo a podlah\u00e1rstvo je len mal\u00fd z\u00e1ber firiem, ktor\u00e9 bud\u00fa prezentova\u0165 \u017eiaci stredn\u00fdch \u0161k\u00f4l zo Slovenska, \u010ciech a Po\u013eska na 15. Medzin\u00e1rodnom ve\u013etrhu cvi\u010dn\u00fdch firiem kraj\u00edn V4. Ten sa bude kona\u0165 po\u010das dvoch dn\u00ed od 19. \u2013 20. [&hellip;]<\/p>\n","protected":false},"author":1,"featured_media":2331,"comment_status":"closed","ping_status":"closed","sticky":false,"template":"","format":"standard","meta":{"site-sidebar-layout":"default","site-content-layout":"","ast-site-content-layout":"default","site-content-style":"default","site-sidebar-style":"default","ast-global-header-display":"","ast-banner-title-visibility":"","ast-main-header-display":"","ast-hfb-above-header-display":"","ast-hfb-below-header-display":"","ast-hfb-mobile-header-display":"","site-post-title":"","ast-breadcrumbs-content":"","ast-featured-img":"","footer-sml-layout":"","ast-disable-related-posts":"","theme-transparent-header-meta":"","adv-header-id-meta":"","stick-header-meta":"","header-above-stick-meta":"","header-main-stick-meta":"","header-below-stick-meta":"","astra-migrate-meta-layouts":"default","ast-page-background-enabled":"default","ast-page-background-meta":{"desktop":{"background-color":"var(--ast-global-color-4)","background-image":"","background-repeat":"repeat","background-position":"center center","background-size":"auto","background-attachment":"scroll","background-type":"","background-media":"","overlay-type":"","overlay-color":"","overlay-opacity":"","overlay-gradient":""},"tablet":{"background-color":"","background-image":"","background-repeat":"repeat","background-position":"center center","background-size":"auto","background-attachment":"scroll","background-type":"","background-media":"","overlay-type":"","overlay-color":"","overlay-opacity":"","overlay-gradient":""},"mobile":{"background-color":"","background-image":"","background-repeat":"repeat","background-position":"center center","background-size":"auto","background-attachment":"scroll","background-type":"","background-media":"","overlay-type":"","overlay-color":"","overlay-opacity":"","overlay-gradient":""}},"ast-content-background-meta":{"desktop":{"background-color":"var(--ast-global-color-5)","background-image":"","background-repeat":"repeat","background-position":"center center","background-size":"auto","background-attachment":"scroll","background-type":"","background-media":"","overlay-type":"","overlay-color":"","overlay-opacity":"","overlay-gradient":""},"tablet":{"background-color":"var(--ast-global-color-5)","background-image":"","background-repeat":"repeat","background-position":"center center","background-size":"auto","background-attachment":"scroll","background-type":"","background-media":"","overlay-type":"","overlay-color":"","overlay-opacity":"","overlay-gradient":""},"mobile":{"background-color":"var(--ast-global-color-5)","background-image":"","background-repeat":"repeat","background-position":"center center","background-size":"auto","background-attachment":"scroll","background-type":"","background-media":"","overlay-type":"","overlay-color":"","overlay-opacity":"","overlay-gradient":""}},"footnotes":""},"categories":[1],"tags":[],"class_list":["post-2330","post","type-post","status-publish","format-standard","has-post-thumbnail","hentry","category-aktuality"],"yoast_head":"<!-- This site is optimized with the Yoast SEO plugin v27.5 - https:\/\/yoast.com\/product\/yoast-seo-wordpress\/ -->\n<title>Ve\u013etrh cvi\u010dn\u00fdch firiem prever\u00ed firmy zalo\u017een\u00e9 \u017eiakmi stredn\u00fdch \u0161k\u00f4l - \u0160IOV - \u0161t\u00e1tny in\u0161tit\u00fat odborn\u00e9ho vzdel\u00e1vania<\/title>\n<meta name=\"description\" content=\"Ko\u0161ice \u2013 18. okt\u00f3bra 2017 - V\u00fdroba a predaj krojov, pr\u00faten\u00fdch v\u00fdrobkov, \u010dokol\u00e1dy, leteck\u00e1 preprava, pivn\u00e9 k\u00fapele, truhl\u00e1rstvo a podlah\u00e1rstvo je len mal\u00fd z\u00e1ber firiem,\" \/>\n<meta name=\"robots\" content=\"index, follow, max-snippet:-1, max-image-preview:large, max-video-preview:-1\" \/>\n<link rel=\"canonical\" href=\"https:\/\/archiv.siov.sk\/en\/veltrh-cvicnych-firiem-preveri-firmy-zalozene-ziakmi-strednych-skol\/\" \/>\n<meta property=\"og:locale\" content=\"en_GB\" \/>\n<meta property=\"og:type\" content=\"article\" \/>\n<meta property=\"og:title\" content=\"Ve\u013etrh cvi\u010dn\u00fdch firiem prever\u00ed firmy zalo\u017een\u00e9 \u017eiakmi stredn\u00fdch \u0161k\u00f4l - \u0160IOV - \u0161t\u00e1tny in\u0161tit\u00fat odborn\u00e9ho vzdel\u00e1vania\" \/>\n<meta property=\"og:description\" content=\"Ko\u0161ice \u2013 18. okt\u00f3bra 2017 - V\u00fdroba a predaj krojov, pr\u00faten\u00fdch v\u00fdrobkov, \u010dokol\u00e1dy, leteck\u00e1 preprava, pivn\u00e9 k\u00fapele, truhl\u00e1rstvo a podlah\u00e1rstvo je len mal\u00fd z\u00e1ber firiem,\" \/>\n<meta property=\"og:url\" content=\"https:\/\/archiv.siov.sk\/en\/veltrh-cvicnych-firiem-preveri-firmy-zalozene-ziakmi-strednych-skol\/\" \/>\n<meta property=\"og:site_name\" content=\"\u0160IOV - \u0161t\u00e1tny in\u0161tit\u00fat odborn\u00e9ho vzdel\u00e1vania\" \/>\n<meta property=\"article:publisher\" content=\"https:\/\/www.facebook.com\/Statnyinstitutodbornehovzdelavania\" \/>\n<meta property=\"article:published_time\" content=\"2017-10-18T15:14:32+00:00\" \/>\n<meta property=\"article:modified_time\" content=\"2019-02-13T16:16:13+00:00\" \/>\n<meta property=\"og:image\" content=\"https:\/\/archiv.siov.sk\/wp-content\/uploads\/2019\/02\/top_cvicne.jpg\" \/>\n\t<meta property=\"og:image:width\" content=\"1100\" \/>\n\t<meta property=\"og:image:height\" content=\"445\" \/>\n\t<meta property=\"og:image:type\" content=\"image\/jpeg\" \/>\n<meta name=\"author\" content=\"siovadmin\" \/>\n<meta name=\"twitter:card\" content=\"summary_large_image\" \/>\n<meta name=\"twitter:label1\" content=\"Written by\" \/>\n\t<meta name=\"twitter:data1\" content=\"siovadmin\" \/>\n\t<meta name=\"twitter:label2\" content=\"Estimated reading time\" \/>\n\t<meta name=\"twitter:data2\" content=\"3 minutes\" \/>\n<script type=\"application\/ld+json\" class=\"yoast-schema-graph\">{\"@context\":\"https:\\\/\\\/schema.org\",\"@graph\":[{\"@type\":\"Article\",\"@id\":\"https:\\\/\\\/archiv.siov.sk\\\/veltrh-cvicnych-firiem-preveri-firmy-zalozene-ziakmi-strednych-skol\\\/#article\",\"isPartOf\":{\"@id\":\"https:\\\/\\\/archiv.siov.sk\\\/veltrh-cvicnych-firiem-preveri-firmy-zalozene-ziakmi-strednych-skol\\\/\"},\"author\":{\"name\":\"siovadmin\",\"@id\":\"https:\\\/\\\/archiv.siov.sk\\\/#\\\/schema\\\/person\\\/7ae8d95216a02464a9ae6c8dcf8a4018\"},\"headline\":\"Ve\u013etrh cvi\u010dn\u00fdch firiem prever\u00ed firmy zalo\u017een\u00e9 \u017eiakmi stredn\u00fdch \u0161k\u00f4l\",\"datePublished\":\"2017-10-18T15:14:32+00:00\",\"dateModified\":\"2019-02-13T16:16:13+00:00\",\"mainEntityOfPage\":{\"@id\":\"https:\\\/\\\/archiv.siov.sk\\\/veltrh-cvicnych-firiem-preveri-firmy-zalozene-ziakmi-strednych-skol\\\/\"},\"wordCount\":630,\"publisher\":{\"@id\":\"https:\\\/\\\/archiv.siov.sk\\\/#organization\"},\"image\":{\"@id\":\"https:\\\/\\\/archiv.siov.sk\\\/veltrh-cvicnych-firiem-preveri-firmy-zalozene-ziakmi-strednych-skol\\\/#primaryimage\"},\"thumbnailUrl\":\"https:\\\/\\\/archiv.siov.sk\\\/wp-content\\\/uploads\\\/2019\\\/02\\\/top_cvicne.jpg\",\"articleSection\":[\"Aktuality\"],\"inLanguage\":\"en-GB\"},{\"@type\":\"WebPage\",\"@id\":\"https:\\\/\\\/archiv.siov.sk\\\/veltrh-cvicnych-firiem-preveri-firmy-zalozene-ziakmi-strednych-skol\\\/\",\"url\":\"https:\\\/\\\/archiv.siov.sk\\\/veltrh-cvicnych-firiem-preveri-firmy-zalozene-ziakmi-strednych-skol\\\/\",\"name\":\"Ve\u013etrh cvi\u010dn\u00fdch firiem prever\u00ed firmy zalo\u017een\u00e9 \u017eiakmi stredn\u00fdch \u0161k\u00f4l - \u0160IOV - \u0161t\u00e1tny in\u0161tit\u00fat odborn\u00e9ho vzdel\u00e1vania\",\"isPartOf\":{\"@id\":\"https:\\\/\\\/archiv.siov.sk\\\/#website\"},\"primaryImageOfPage\":{\"@id\":\"https:\\\/\\\/archiv.siov.sk\\\/veltrh-cvicnych-firiem-preveri-firmy-zalozene-ziakmi-strednych-skol\\\/#primaryimage\"},\"image\":{\"@id\":\"https:\\\/\\\/archiv.siov.sk\\\/veltrh-cvicnych-firiem-preveri-firmy-zalozene-ziakmi-strednych-skol\\\/#primaryimage\"},\"thumbnailUrl\":\"https:\\\/\\\/archiv.siov.sk\\\/wp-content\\\/uploads\\\/2019\\\/02\\\/top_cvicne.jpg\",\"datePublished\":\"2017-10-18T15:14:32+00:00\",\"dateModified\":\"2019-02-13T16:16:13+00:00\",\"description\":\"Ko\u0161ice \u2013 18. okt\u00f3bra 2017 - V\u00fdroba a predaj krojov, pr\u00faten\u00fdch v\u00fdrobkov, \u010dokol\u00e1dy, leteck\u00e1 preprava, pivn\u00e9 k\u00fapele, truhl\u00e1rstvo a podlah\u00e1rstvo je len mal\u00fd z\u00e1ber firiem,\",\"breadcrumb\":{\"@id\":\"https:\\\/\\\/archiv.siov.sk\\\/veltrh-cvicnych-firiem-preveri-firmy-zalozene-ziakmi-strednych-skol\\\/#breadcrumb\"},\"inLanguage\":\"en-GB\",\"potentialAction\":[{\"@type\":\"ReadAction\",\"target\":[\"https:\\\/\\\/archiv.siov.sk\\\/veltrh-cvicnych-firiem-preveri-firmy-zalozene-ziakmi-strednych-skol\\\/\"]}]},{\"@type\":\"ImageObject\",\"inLanguage\":\"en-GB\",\"@id\":\"https:\\\/\\\/archiv.siov.sk\\\/veltrh-cvicnych-firiem-preveri-firmy-zalozene-ziakmi-strednych-skol\\\/#primaryimage\",\"url\":\"https:\\\/\\\/archiv.siov.sk\\\/wp-content\\\/uploads\\\/2019\\\/02\\\/top_cvicne.jpg\",\"contentUrl\":\"https:\\\/\\\/archiv.siov.sk\\\/wp-content\\\/uploads\\\/2019\\\/02\\\/top_cvicne.jpg\",\"width\":1100,\"height\":445,\"caption\":\"Ve\u013etrh cvi\u010dn\u00fdch firiem prever\u00ed firmy zalo\u017een\u00e9 \u017eiakmi stredn\u00fdch \u0161k\u00f4l\"},{\"@type\":\"BreadcrumbList\",\"@id\":\"https:\\\/\\\/archiv.siov.sk\\\/veltrh-cvicnych-firiem-preveri-firmy-zalozene-ziakmi-strednych-skol\\\/#breadcrumb\",\"itemListElement\":[{\"@type\":\"ListItem\",\"position\":1,\"name\":\"Home\",\"item\":\"https:\\\/\\\/archiv.siov.sk\\\/\"},{\"@type\":\"ListItem\",\"position\":2,\"name\":\"Ve\u013etrh cvi\u010dn\u00fdch firiem prever\u00ed firmy zalo\u017een\u00e9 \u017eiakmi stredn\u00fdch \u0161k\u00f4l\"}]},{\"@type\":\"WebSite\",\"@id\":\"https:\\\/\\\/archiv.siov.sk\\\/#website\",\"url\":\"https:\\\/\\\/archiv.siov.sk\\\/\",\"name\":\"\u0160IOV - \u0161t\u00e1tny in\u0161tit\u00fat odborn\u00e9ho vzdel\u00e1vania\",\"description\":\"\",\"publisher\":{\"@id\":\"https:\\\/\\\/archiv.siov.sk\\\/#organization\"},\"potentialAction\":[{\"@type\":\"SearchAction\",\"target\":{\"@type\":\"EntryPoint\",\"urlTemplate\":\"https:\\\/\\\/archiv.siov.sk\\\/?s={search_term_string}\"},\"query-input\":{\"@type\":\"PropertyValueSpecification\",\"valueRequired\":true,\"valueName\":\"search_term_string\"}}],\"inLanguage\":\"en-GB\"},{\"@type\":\"Organization\",\"@id\":\"https:\\\/\\\/archiv.siov.sk\\\/#organization\",\"name\":\"\u0160IOV - \u0161t\u00e1tny in\u0161tit\u00fat odborn\u00e9ho vzdel\u00e1vania\",\"url\":\"https:\\\/\\\/archiv.siov.sk\\\/\",\"logo\":{\"@type\":\"ImageObject\",\"inLanguage\":\"en-GB\",\"@id\":\"https:\\\/\\\/archiv.siov.sk\\\/#\\\/schema\\\/logo\\\/image\\\/\",\"url\":\"https:\\\/\\\/archiv.siov.sk\\\/wp-content\\\/uploads\\\/2024\\\/02\\\/logo-SIOV.png\",\"contentUrl\":\"https:\\\/\\\/archiv.siov.sk\\\/wp-content\\\/uploads\\\/2024\\\/02\\\/logo-SIOV.png\",\"width\":431,\"height\":143,\"caption\":\"\u0160IOV - \u0161t\u00e1tny in\u0161tit\u00fat odborn\u00e9ho vzdel\u00e1vania\"},\"image\":{\"@id\":\"https:\\\/\\\/archiv.siov.sk\\\/#\\\/schema\\\/logo\\\/image\\\/\"},\"sameAs\":[\"https:\\\/\\\/www.facebook.com\\\/Statnyinstitutodbornehovzdelavania\"]},{\"@type\":\"Person\",\"@id\":\"https:\\\/\\\/archiv.siov.sk\\\/#\\\/schema\\\/person\\\/7ae8d95216a02464a9ae6c8dcf8a4018\",\"name\":\"siovadmin\",\"url\":\"https:\\\/\\\/archiv.siov.sk\\\/en\\\/author\\\/siovadmin\\\/\"}]}<\/script>\n<!-- \/ Yoast SEO plugin. -->","yoast_head_json":{"title":"Ve\u013etrh cvi\u010dn\u00fdch firiem prever\u00ed firmy zalo\u017een\u00e9 \u017eiakmi stredn\u00fdch \u0161k\u00f4l - \u0160IOV - \u0161t\u00e1tny in\u0161tit\u00fat odborn\u00e9ho vzdel\u00e1vania","description":"Ko\u0161ice \u2013 18. okt\u00f3bra 2017 - V\u00fdroba a predaj krojov, pr\u00faten\u00fdch v\u00fdrobkov, \u010dokol\u00e1dy, leteck\u00e1 preprava, pivn\u00e9 k\u00fapele, truhl\u00e1rstvo a podlah\u00e1rstvo je len mal\u00fd z\u00e1ber firiem,","robots":{"index":"index","follow":"follow","max-snippet":"max-snippet:-1","max-image-preview":"max-image-preview:large","max-video-preview":"max-video-preview:-1"},"canonical":"https:\/\/archiv.siov.sk\/en\/veltrh-cvicnych-firiem-preveri-firmy-zalozene-ziakmi-strednych-skol\/","og_locale":"en_GB","og_type":"article","og_title":"Ve\u013etrh cvi\u010dn\u00fdch firiem prever\u00ed firmy zalo\u017een\u00e9 \u017eiakmi stredn\u00fdch \u0161k\u00f4l - \u0160IOV - \u0161t\u00e1tny in\u0161tit\u00fat odborn\u00e9ho vzdel\u00e1vania","og_description":"Ko\u0161ice \u2013 18. okt\u00f3bra 2017 - V\u00fdroba a predaj krojov, pr\u00faten\u00fdch v\u00fdrobkov, \u010dokol\u00e1dy, leteck\u00e1 preprava, pivn\u00e9 k\u00fapele, truhl\u00e1rstvo a podlah\u00e1rstvo je len mal\u00fd z\u00e1ber firiem,","og_url":"https:\/\/archiv.siov.sk\/en\/veltrh-cvicnych-firiem-preveri-firmy-zalozene-ziakmi-strednych-skol\/","og_site_name":"\u0160IOV - \u0161t\u00e1tny in\u0161tit\u00fat odborn\u00e9ho vzdel\u00e1vania","article_publisher":"https:\/\/www.facebook.com\/Statnyinstitutodbornehovzdelavania","article_published_time":"2017-10-18T15:14:32+00:00","article_modified_time":"2019-02-13T16:16:13+00:00","og_image":[{"width":1100,"height":445,"url":"https:\/\/archiv.siov.sk\/wp-content\/uploads\/2019\/02\/top_cvicne.jpg","type":"image\/jpeg"}],"author":"siovadmin","twitter_card":"summary_large_image","twitter_misc":{"Written by":"siovadmin","Estimated reading time":"3 minutes"},"schema":{"@context":"https:\/\/schema.org","@graph":[{"@type":"Article","@id":"https:\/\/archiv.siov.sk\/veltrh-cvicnych-firiem-preveri-firmy-zalozene-ziakmi-strednych-skol\/#article","isPartOf":{"@id":"https:\/\/archiv.siov.sk\/veltrh-cvicnych-firiem-preveri-firmy-zalozene-ziakmi-strednych-skol\/"},"author":{"name":"siovadmin","@id":"https:\/\/archiv.siov.sk\/#\/schema\/person\/7ae8d95216a02464a9ae6c8dcf8a4018"},"headline":"Ve\u013etrh cvi\u010dn\u00fdch firiem prever\u00ed firmy zalo\u017een\u00e9 \u017eiakmi stredn\u00fdch \u0161k\u00f4l","datePublished":"2017-10-18T15:14:32+00:00","dateModified":"2019-02-13T16:16:13+00:00","mainEntityOfPage":{"@id":"https:\/\/archiv.siov.sk\/veltrh-cvicnych-firiem-preveri-firmy-zalozene-ziakmi-strednych-skol\/"},"wordCount":630,"publisher":{"@id":"https:\/\/archiv.siov.sk\/#organization"},"image":{"@id":"https:\/\/archiv.siov.sk\/veltrh-cvicnych-firiem-preveri-firmy-zalozene-ziakmi-strednych-skol\/#primaryimage"},"thumbnailUrl":"https:\/\/archiv.siov.sk\/wp-content\/uploads\/2019\/02\/top_cvicne.jpg","articleSection":["Aktuality"],"inLanguage":"en-GB"},{"@type":"WebPage","@id":"https:\/\/archiv.siov.sk\/veltrh-cvicnych-firiem-preveri-firmy-zalozene-ziakmi-strednych-skol\/","url":"https:\/\/archiv.siov.sk\/veltrh-cvicnych-firiem-preveri-firmy-zalozene-ziakmi-strednych-skol\/","name":"Ve\u013etrh cvi\u010dn\u00fdch firiem prever\u00ed firmy zalo\u017een\u00e9 \u017eiakmi stredn\u00fdch \u0161k\u00f4l - \u0160IOV - \u0161t\u00e1tny in\u0161tit\u00fat odborn\u00e9ho vzdel\u00e1vania","isPartOf":{"@id":"https:\/\/archiv.siov.sk\/#website"},"primaryImageOfPage":{"@id":"https:\/\/archiv.siov.sk\/veltrh-cvicnych-firiem-preveri-firmy-zalozene-ziakmi-strednych-skol\/#primaryimage"},"image":{"@id":"https:\/\/archiv.siov.sk\/veltrh-cvicnych-firiem-preveri-firmy-zalozene-ziakmi-strednych-skol\/#primaryimage"},"thumbnailUrl":"https:\/\/archiv.siov.sk\/wp-content\/uploads\/2019\/02\/top_cvicne.jpg","datePublished":"2017-10-18T15:14:32+00:00","dateModified":"2019-02-13T16:16:13+00:00","description":"Ko\u0161ice \u2013 18. okt\u00f3bra 2017 - V\u00fdroba a predaj krojov, pr\u00faten\u00fdch v\u00fdrobkov, \u010dokol\u00e1dy, leteck\u00e1 preprava, pivn\u00e9 k\u00fapele, truhl\u00e1rstvo a podlah\u00e1rstvo je len mal\u00fd z\u00e1ber firiem,","breadcrumb":{"@id":"https:\/\/archiv.siov.sk\/veltrh-cvicnych-firiem-preveri-firmy-zalozene-ziakmi-strednych-skol\/#breadcrumb"},"inLanguage":"en-GB","potentialAction":[{"@type":"ReadAction","target":["https:\/\/archiv.siov.sk\/veltrh-cvicnych-firiem-preveri-firmy-zalozene-ziakmi-strednych-skol\/"]}]},{"@type":"ImageObject","inLanguage":"en-GB","@id":"https:\/\/archiv.siov.sk\/veltrh-cvicnych-firiem-preveri-firmy-zalozene-ziakmi-strednych-skol\/#primaryimage","url":"https:\/\/archiv.siov.sk\/wp-content\/uploads\/2019\/02\/top_cvicne.jpg","contentUrl":"https:\/\/archiv.siov.sk\/wp-content\/uploads\/2019\/02\/top_cvicne.jpg","width":1100,"height":445,"caption":"Ve\u013etrh cvi\u010dn\u00fdch firiem prever\u00ed firmy zalo\u017een\u00e9 \u017eiakmi stredn\u00fdch \u0161k\u00f4l"},{"@type":"BreadcrumbList","@id":"https:\/\/archiv.siov.sk\/veltrh-cvicnych-firiem-preveri-firmy-zalozene-ziakmi-strednych-skol\/#breadcrumb","itemListElement":[{"@type":"ListItem","position":1,"name":"Home","item":"https:\/\/archiv.siov.sk\/"},{"@type":"ListItem","position":2,"name":"Ve\u013etrh cvi\u010dn\u00fdch firiem prever\u00ed firmy zalo\u017een\u00e9 \u017eiakmi stredn\u00fdch \u0161k\u00f4l"}]},{"@type":"WebSite","@id":"https:\/\/archiv.siov.sk\/#website","url":"https:\/\/archiv.siov.sk\/","name":"\u0160IOV - \u0161t\u00e1tny in\u0161tit\u00fat odborn\u00e9ho vzdel\u00e1vania","description":"","publisher":{"@id":"https:\/\/archiv.siov.sk\/#organization"},"potentialAction":[{"@type":"SearchAction","target":{"@type":"EntryPoint","urlTemplate":"https:\/\/archiv.siov.sk\/?s={search_term_string}"},"query-input":{"@type":"PropertyValueSpecification","valueRequired":true,"valueName":"search_term_string"}}],"inLanguage":"en-GB"},{"@type":"Organization","@id":"https:\/\/archiv.siov.sk\/#organization","name":"\u0160IOV - \u0161t\u00e1tny in\u0161tit\u00fat odborn\u00e9ho vzdel\u00e1vania","url":"https:\/\/archiv.siov.sk\/","logo":{"@type":"ImageObject","inLanguage":"en-GB","@id":"https:\/\/archiv.siov.sk\/#\/schema\/logo\/image\/","url":"https:\/\/archiv.siov.sk\/wp-content\/uploads\/2024\/02\/logo-SIOV.png","contentUrl":"https:\/\/archiv.siov.sk\/wp-content\/uploads\/2024\/02\/logo-SIOV.png","width":431,"height":143,"caption":"\u0160IOV - \u0161t\u00e1tny in\u0161tit\u00fat odborn\u00e9ho vzdel\u00e1vania"},"image":{"@id":"https:\/\/archiv.siov.sk\/#\/schema\/logo\/image\/"},"sameAs":["https:\/\/www.facebook.com\/Statnyinstitutodbornehovzdelavania"]},{"@type":"Person","@id":"https:\/\/archiv.siov.sk\/#\/schema\/person\/7ae8d95216a02464a9ae6c8dcf8a4018","name":"siovadmin","url":"https:\/\/archiv.siov.sk\/en\/author\/siovadmin\/"}]}},"_links":{"self":[{"href":"https:\/\/archiv.siov.sk\/en\/wp-json\/wp\/v2\/posts\/2330","targetHints":{"allow":["GET"]}}],"collection":[{"href":"https:\/\/archiv.siov.sk\/en\/wp-json\/wp\/v2\/posts"}],"about":[{"href":"https:\/\/archiv.siov.sk\/en\/wp-json\/wp\/v2\/types\/post"}],"author":[{"embeddable":true,"href":"https:\/\/archiv.siov.sk\/en\/wp-json\/wp\/v2\/users\/1"}],"replies":[{"embeddable":true,"href":"https:\/\/archiv.siov.sk\/en\/wp-json\/wp\/v2\/comments?post=2330"}],"version-history":[{"count":1,"href":"https:\/\/archiv.siov.sk\/en\/wp-json\/wp\/v2\/posts\/2330\/revisions"}],"predecessor-version":[{"id":2332,"href":"https:\/\/archiv.siov.sk\/en\/wp-json\/wp\/v2\/posts\/2330\/revisions\/2332"}],"wp:featuredmedia":[{"embeddable":true,"href":"https:\/\/archiv.siov.sk\/en\/wp-json\/wp\/v2\/media\/2331"}],"wp:attachment":[{"href":"https:\/\/archiv.siov.sk\/en\/wp-json\/wp\/v2\/media?parent=2330"}],"wp:term":[{"taxonomy":"category","embeddable":true,"href":"https:\/\/archiv.siov.sk\/en\/wp-json\/wp\/v2\/categories?post=2330"},{"taxonomy":"post_tag","embeddable":true,"href":"https:\/\/archiv.siov.sk\/en\/wp-json\/wp\/v2\/tags?post=2330"}],"curies":[{"name":"wp","href":"https:\/\/api.w.org\/{rel}","templated":true}]}}