{"id":2318,"date":"2017-10-10T17:06:40","date_gmt":"2017-10-10T15:06:40","guid":{"rendered":"http:\/\/archiv.siov.sk\/?p=2318"},"modified":"2019-02-13T17:44:45","modified_gmt":"2019-02-13T16:44:45","slug":"celoslovensky-veltrh-cvicnych-firiem-je-za-dverami","status":"publish","type":"post","link":"https:\/\/archiv.siov.sk\/en\/celoslovensky-veltrh-cvicnych-firiem-je-za-dverami\/","title":{"rendered":"Celoslovensk\u00fd ve\u013etrh cvi\u010dn\u00fdch firiem je za dverami"},"content":{"rendered":"<p><strong><em>U\u017e o&nbsp;dva t\u00fd\u017edne sa v&nbsp;Ko\u0161iciach stretn\u00fa cvi\u010dn\u00e9 firmy z&nbsp;kraj\u00edn V4 a&nbsp;nebud\u00fa medzi nimi ch\u00fdba\u0165 ani s\u00fa\u0165a\u017eiaci zo Slovenska. \u0160t\u00e1tny in\u0161tit\u00fat odborn\u00e9ho vzdel\u00e1vania v&nbsp;spolupr\u00e1ci s&nbsp;Obchodnou akad\u00e9miou na Watsonovej ul. v Ko\u0161iciach usporad\u00favaj\u00fa tradi\u010dn\u00fd celoslovensk\u00fd ve\u013etrh cvi\u010dn\u00fdch firiem tento rok&nbsp; v&nbsp;r\u00e1mci 15. ro\u010dn\u00edka Medzin\u00e1rodn\u00e9ho ve\u013etrhu cvi\u010dn\u00fdch firiem kraj\u00edn V4. Podujatie sa bude kona\u0165 v&nbsp;d\u0148och 19. \u2013 20. okt\u00f3bra 2017 v&nbsp;priestoroch Spolo\u010densk\u00e9ho pavil\u00f3nu na Triede SNP 61 v&nbsp;Ko\u0161iciach. &nbsp;<\/em><\/strong><\/p>\n<blockquote><p><em>\u201eVer\u00edme, \u017ee pripravovan\u00fd ve\u013etrh sa uskuto\u010dn\u00ed za akt\u00edvnej \u00fa\u010dasti \u010do najv\u00e4\u010d\u0161ieho po\u010dtu stredn\u00fdch \u0161k\u00f4l a&nbsp;spolu tak podpor\u00edme mlad\u00fa gener\u00e1ciu, ktor\u00e1 je u\u017e dnes v&nbsp;mnohom in\u0161pir\u00e1ciou nielen pre svojich rovesn\u00edkov, ale aj pre ostat\u00fdch,\u201c<\/em><\/p><\/blockquote>\n<p><em>hovor\u00ed Michal Bart\u00f3k, riadite\u013e \u0160t\u00e1tneho in\u0161tit\u00fatu odborn\u00e9ho vzdel\u00e1vania.&nbsp;<\/em><\/p>\n<p>Cvi\u010dn\u00e1 firma podporuje podnikanie a&nbsp;\u0161ikovnos\u0165 mlad\u00fdch \u013eud\u00ed prostredn\u00edctvom podnikate\u013esk\u00e9ho vzdel\u00e1vania a&nbsp;odbornej pr\u00edpravy. \u017diaci stredn\u00fdch \u0161k\u00f4l si pod dozorom u\u010dite\u013ea zriadia svoju firmu a&nbsp;v&nbsp;r\u00e1mci nej vytv\u00e1raj\u00fa podnikate\u013esk\u00e9 pl\u00e1ny, obchoduj\u00fa, pos\u00favaj\u00fa svoju firmu vpred. Orient\u00e1cia mlad\u00fdch \u013eud\u00ed v&nbsp;podnikan\u00ed, zv\u00fd\u0161enie mo\u017enosti zamestna\u0165 sa po skon\u010den\u00ed \u0161koly patr\u00ed medzi v\u00fdznamn\u00e9 priority Eur\u00f3pskej \u00fanie.<\/p>\n<p>Medzin\u00e1rodn\u00fd ve\u013etrh cvi\u010dn\u00fdch firiem poskytuje mo\u017enos\u0165 komunikova\u0165 v&nbsp;cudzom jazyku, rie\u0161i\u0165 obchodn\u00e9 pr\u00edpady, nadv\u00e4zova\u0165 obchodn\u00e9 a&nbsp;partnersk\u00e9 vz\u0165ahy aj s&nbsp;podporou re\u00e1lnych partnerov. S\u00fa\u010das\u0165ou ve\u013etrhu tradi\u010dne bud\u00fa s\u00fa\u0165a\u017ee cvi\u010dn\u00fdch firiem v&nbsp;kateg\u00f3ri\u00e1ch katal\u00f3g CF, imid\u017e st\u00e1nku CF, slogan CF, logo CF, reprezentant\/ka CF a&nbsp;e-prezent\u00e1cia CF.<\/p>\n<p><a href=\"https:\/\/archiv.siov.sk\/en\/cvicne-firmy\/veltrhy-a-sutaze\/medzinarodny-veltrh-cvicnych-firiem\/\">Bli\u017e\u0161ie inform\u00e1cie n\u00e1jdete tu.<\/a><\/p>\n<p>&nbsp;<\/p>","protected":false},"excerpt":{"rendered":"<p>U\u017e o&nbsp;dva t\u00fd\u017edne sa v&nbsp;Ko\u0161iciach stretn\u00fa cvi\u010dn\u00e9 firmy z&nbsp;kraj\u00edn V4 a&nbsp;nebud\u00fa medzi nimi ch\u00fdba\u0165 ani s\u00fa\u0165a\u017eiaci zo Slovenska. \u0160t\u00e1tny in\u0161tit\u00fat odborn\u00e9ho vzdel\u00e1vania v&nbsp;spolupr\u00e1ci s&nbsp;Obchodnou akad\u00e9miou na Watsonovej ul. v Ko\u0161iciach usporad\u00favaj\u00fa tradi\u010dn\u00fd celoslovensk\u00fd ve\u013etrh cvi\u010dn\u00fdch firiem tento rok&nbsp; v&nbsp;r\u00e1mci 15. ro\u010dn\u00edka Medzin\u00e1rodn\u00e9ho ve\u013etrhu cvi\u010dn\u00fdch firiem kraj\u00edn V4. Podujatie sa bude kona\u0165 v&nbsp;d\u0148och 19. \u2013 20. [&hellip;]<\/p>\n","protected":false},"author":1,"featured_media":2319,"comment_status":"closed","ping_status":"closed","sticky":false,"template":"","format":"standard","meta":{"site-sidebar-layout":"default","site-content-layout":"","ast-site-content-layout":"default","site-content-style":"default","site-sidebar-style":"default","ast-global-header-display":"","ast-banner-title-visibility":"","ast-main-header-display":"","ast-hfb-above-header-display":"","ast-hfb-below-header-display":"","ast-hfb-mobile-header-display":"","site-post-title":"","ast-breadcrumbs-content":"","ast-featured-img":"","footer-sml-layout":"","ast-disable-related-posts":"","theme-transparent-header-meta":"","adv-header-id-meta":"","stick-header-meta":"","header-above-stick-meta":"","header-main-stick-meta":"","header-below-stick-meta":"","astra-migrate-meta-layouts":"default","ast-page-background-enabled":"default","ast-page-background-meta":{"desktop":{"background-color":"var(--ast-global-color-4)","background-image":"","background-repeat":"repeat","background-position":"center center","background-size":"auto","background-attachment":"scroll","background-type":"","background-media":"","overlay-type":"","overlay-color":"","overlay-opacity":"","overlay-gradient":""},"tablet":{"background-color":"","background-image":"","background-repeat":"repeat","background-position":"center center","background-size":"auto","background-attachment":"scroll","background-type":"","background-media":"","overlay-type":"","overlay-color":"","overlay-opacity":"","overlay-gradient":""},"mobile":{"background-color":"","background-image":"","background-repeat":"repeat","background-position":"center center","background-size":"auto","background-attachment":"scroll","background-type":"","background-media":"","overlay-type":"","overlay-color":"","overlay-opacity":"","overlay-gradient":""}},"ast-content-background-meta":{"desktop":{"background-color":"var(--ast-global-color-5)","background-image":"","background-repeat":"repeat","background-position":"center center","background-size":"auto","background-attachment":"scroll","background-type":"","background-media":"","overlay-type":"","overlay-color":"","overlay-opacity":"","overlay-gradient":""},"tablet":{"background-color":"var(--ast-global-color-5)","background-image":"","background-repeat":"repeat","background-position":"center center","background-size":"auto","background-attachment":"scroll","background-type":"","background-media":"","overlay-type":"","overlay-color":"","overlay-opacity":"","overlay-gradient":""},"mobile":{"background-color":"var(--ast-global-color-5)","background-image":"","background-repeat":"repeat","background-position":"center center","background-size":"auto","background-attachment":"scroll","background-type":"","background-media":"","overlay-type":"","overlay-color":"","overlay-opacity":"","overlay-gradient":""}},"footnotes":""},"categories":[1],"tags":[],"class_list":["post-2318","post","type-post","status-publish","format-standard","has-post-thumbnail","hentry","category-aktuality"],"yoast_head":"<!-- This site is optimized with the Yoast SEO plugin v27.5 - https:\/\/yoast.com\/product\/yoast-seo-wordpress\/ -->\n<title>Celoslovensk\u00fd ve\u013etrh cvi\u010dn\u00fdch firiem je za dverami - \u0160IOV - \u0161t\u00e1tny in\u0161tit\u00fat odborn\u00e9ho vzdel\u00e1vania<\/title>\n<meta name=\"description\" content=\"U\u017e o dva t\u00fd\u017edne sa v Ko\u0161iciach stretn\u00fa cvi\u010dn\u00e9 firmy z kraj\u00edn V4 a nebud\u00fa medzi nimi ch\u00fdba\u0165 ani s\u00fa\u0165a\u017eiaci zo Slovenska.\" \/>\n<meta name=\"robots\" content=\"index, follow, max-snippet:-1, max-image-preview:large, max-video-preview:-1\" \/>\n<link rel=\"canonical\" href=\"https:\/\/archiv.siov.sk\/en\/celoslovensky-veltrh-cvicnych-firiem-je-za-dverami\/\" \/>\n<meta property=\"og:locale\" content=\"en_GB\" \/>\n<meta property=\"og:type\" content=\"article\" \/>\n<meta property=\"og:title\" content=\"Celoslovensk\u00fd ve\u013etrh cvi\u010dn\u00fdch firiem je za dverami - \u0160IOV - \u0161t\u00e1tny in\u0161tit\u00fat odborn\u00e9ho vzdel\u00e1vania\" \/>\n<meta property=\"og:description\" content=\"U\u017e o dva t\u00fd\u017edne sa v Ko\u0161iciach stretn\u00fa cvi\u010dn\u00e9 firmy z kraj\u00edn V4 a nebud\u00fa medzi nimi ch\u00fdba\u0165 ani s\u00fa\u0165a\u017eiaci zo Slovenska.\" \/>\n<meta property=\"og:url\" content=\"https:\/\/archiv.siov.sk\/en\/celoslovensky-veltrh-cvicnych-firiem-je-za-dverami\/\" \/>\n<meta property=\"og:site_name\" content=\"\u0160IOV - \u0161t\u00e1tny in\u0161tit\u00fat odborn\u00e9ho vzdel\u00e1vania\" \/>\n<meta property=\"article:publisher\" content=\"https:\/\/www.facebook.com\/Statnyinstitutodbornehovzdelavania\" \/>\n<meta property=\"article:published_time\" content=\"2017-10-10T15:06:40+00:00\" \/>\n<meta property=\"article:modified_time\" content=\"2019-02-13T16:44:45+00:00\" \/>\n<meta property=\"og:image\" content=\"https:\/\/archiv.siov.sk\/wp-content\/uploads\/2019\/02\/top_firmy.jpg\" \/>\n\t<meta property=\"og:image:width\" content=\"1100\" \/>\n\t<meta property=\"og:image:height\" content=\"445\" \/>\n\t<meta property=\"og:image:type\" content=\"image\/jpeg\" \/>\n<meta name=\"author\" content=\"siovadmin\" \/>\n<meta name=\"twitter:card\" content=\"summary_large_image\" \/>\n<meta name=\"twitter:label1\" content=\"Written by\" \/>\n\t<meta name=\"twitter:data1\" content=\"siovadmin\" \/>\n\t<meta name=\"twitter:label2\" content=\"Estimated reading time\" \/>\n\t<meta name=\"twitter:data2\" content=\"2 minutes\" \/>\n<script type=\"application\/ld+json\" class=\"yoast-schema-graph\">{\"@context\":\"https:\\\/\\\/schema.org\",\"@graph\":[{\"@type\":\"Article\",\"@id\":\"https:\\\/\\\/archiv.siov.sk\\\/celoslovensky-veltrh-cvicnych-firiem-je-za-dverami\\\/#article\",\"isPartOf\":{\"@id\":\"https:\\\/\\\/archiv.siov.sk\\\/celoslovensky-veltrh-cvicnych-firiem-je-za-dverami\\\/\"},\"author\":{\"name\":\"siovadmin\",\"@id\":\"https:\\\/\\\/archiv.siov.sk\\\/#\\\/schema\\\/person\\\/7ae8d95216a02464a9ae6c8dcf8a4018\"},\"headline\":\"Celoslovensk\u00fd ve\u013etrh cvi\u010dn\u00fdch firiem je za dverami\",\"datePublished\":\"2017-10-10T15:06:40+00:00\",\"dateModified\":\"2019-02-13T16:44:45+00:00\",\"mainEntityOfPage\":{\"@id\":\"https:\\\/\\\/archiv.siov.sk\\\/celoslovensky-veltrh-cvicnych-firiem-je-za-dverami\\\/\"},\"wordCount\":357,\"publisher\":{\"@id\":\"https:\\\/\\\/archiv.siov.sk\\\/#organization\"},\"image\":{\"@id\":\"https:\\\/\\\/archiv.siov.sk\\\/celoslovensky-veltrh-cvicnych-firiem-je-za-dverami\\\/#primaryimage\"},\"thumbnailUrl\":\"https:\\\/\\\/archiv.siov.sk\\\/wp-content\\\/uploads\\\/2019\\\/02\\\/top_firmy.jpg\",\"articleSection\":[\"Aktuality\"],\"inLanguage\":\"en-GB\"},{\"@type\":\"WebPage\",\"@id\":\"https:\\\/\\\/archiv.siov.sk\\\/celoslovensky-veltrh-cvicnych-firiem-je-za-dverami\\\/\",\"url\":\"https:\\\/\\\/archiv.siov.sk\\\/celoslovensky-veltrh-cvicnych-firiem-je-za-dverami\\\/\",\"name\":\"Celoslovensk\u00fd ve\u013etrh cvi\u010dn\u00fdch firiem je za dverami - \u0160IOV - \u0161t\u00e1tny in\u0161tit\u00fat odborn\u00e9ho vzdel\u00e1vania\",\"isPartOf\":{\"@id\":\"https:\\\/\\\/archiv.siov.sk\\\/#website\"},\"primaryImageOfPage\":{\"@id\":\"https:\\\/\\\/archiv.siov.sk\\\/celoslovensky-veltrh-cvicnych-firiem-je-za-dverami\\\/#primaryimage\"},\"image\":{\"@id\":\"https:\\\/\\\/archiv.siov.sk\\\/celoslovensky-veltrh-cvicnych-firiem-je-za-dverami\\\/#primaryimage\"},\"thumbnailUrl\":\"https:\\\/\\\/archiv.siov.sk\\\/wp-content\\\/uploads\\\/2019\\\/02\\\/top_firmy.jpg\",\"datePublished\":\"2017-10-10T15:06:40+00:00\",\"dateModified\":\"2019-02-13T16:44:45+00:00\",\"description\":\"U\u017e o dva t\u00fd\u017edne sa v Ko\u0161iciach stretn\u00fa cvi\u010dn\u00e9 firmy z kraj\u00edn V4 a nebud\u00fa medzi nimi ch\u00fdba\u0165 ani s\u00fa\u0165a\u017eiaci zo Slovenska.\",\"breadcrumb\":{\"@id\":\"https:\\\/\\\/archiv.siov.sk\\\/celoslovensky-veltrh-cvicnych-firiem-je-za-dverami\\\/#breadcrumb\"},\"inLanguage\":\"en-GB\",\"potentialAction\":[{\"@type\":\"ReadAction\",\"target\":[\"https:\\\/\\\/archiv.siov.sk\\\/celoslovensky-veltrh-cvicnych-firiem-je-za-dverami\\\/\"]}]},{\"@type\":\"ImageObject\",\"inLanguage\":\"en-GB\",\"@id\":\"https:\\\/\\\/archiv.siov.sk\\\/celoslovensky-veltrh-cvicnych-firiem-je-za-dverami\\\/#primaryimage\",\"url\":\"https:\\\/\\\/archiv.siov.sk\\\/wp-content\\\/uploads\\\/2019\\\/02\\\/top_firmy.jpg\",\"contentUrl\":\"https:\\\/\\\/archiv.siov.sk\\\/wp-content\\\/uploads\\\/2019\\\/02\\\/top_firmy.jpg\",\"width\":1100,\"height\":445,\"caption\":\"Celoslovensk\u00fd ve\u013etrh cvi\u010dn\u00fdch firiem je za dverami\"},{\"@type\":\"BreadcrumbList\",\"@id\":\"https:\\\/\\\/archiv.siov.sk\\\/celoslovensky-veltrh-cvicnych-firiem-je-za-dverami\\\/#breadcrumb\",\"itemListElement\":[{\"@type\":\"ListItem\",\"position\":1,\"name\":\"Home\",\"item\":\"https:\\\/\\\/archiv.siov.sk\\\/\"},{\"@type\":\"ListItem\",\"position\":2,\"name\":\"Celoslovensk\u00fd ve\u013etrh cvi\u010dn\u00fdch firiem je za dverami\"}]},{\"@type\":\"WebSite\",\"@id\":\"https:\\\/\\\/archiv.siov.sk\\\/#website\",\"url\":\"https:\\\/\\\/archiv.siov.sk\\\/\",\"name\":\"\u0160IOV - \u0161t\u00e1tny in\u0161tit\u00fat odborn\u00e9ho vzdel\u00e1vania\",\"description\":\"\",\"publisher\":{\"@id\":\"https:\\\/\\\/archiv.siov.sk\\\/#organization\"},\"potentialAction\":[{\"@type\":\"SearchAction\",\"target\":{\"@type\":\"EntryPoint\",\"urlTemplate\":\"https:\\\/\\\/archiv.siov.sk\\\/?s={search_term_string}\"},\"query-input\":{\"@type\":\"PropertyValueSpecification\",\"valueRequired\":true,\"valueName\":\"search_term_string\"}}],\"inLanguage\":\"en-GB\"},{\"@type\":\"Organization\",\"@id\":\"https:\\\/\\\/archiv.siov.sk\\\/#organization\",\"name\":\"\u0160IOV - \u0161t\u00e1tny in\u0161tit\u00fat odborn\u00e9ho vzdel\u00e1vania\",\"url\":\"https:\\\/\\\/archiv.siov.sk\\\/\",\"logo\":{\"@type\":\"ImageObject\",\"inLanguage\":\"en-GB\",\"@id\":\"https:\\\/\\\/archiv.siov.sk\\\/#\\\/schema\\\/logo\\\/image\\\/\",\"url\":\"https:\\\/\\\/archiv.siov.sk\\\/wp-content\\\/uploads\\\/2024\\\/02\\\/logo-SIOV.png\",\"contentUrl\":\"https:\\\/\\\/archiv.siov.sk\\\/wp-content\\\/uploads\\\/2024\\\/02\\\/logo-SIOV.png\",\"width\":431,\"height\":143,\"caption\":\"\u0160IOV - \u0161t\u00e1tny in\u0161tit\u00fat odborn\u00e9ho vzdel\u00e1vania\"},\"image\":{\"@id\":\"https:\\\/\\\/archiv.siov.sk\\\/#\\\/schema\\\/logo\\\/image\\\/\"},\"sameAs\":[\"https:\\\/\\\/www.facebook.com\\\/Statnyinstitutodbornehovzdelavania\"]},{\"@type\":\"Person\",\"@id\":\"https:\\\/\\\/archiv.siov.sk\\\/#\\\/schema\\\/person\\\/7ae8d95216a02464a9ae6c8dcf8a4018\",\"name\":\"siovadmin\",\"url\":\"https:\\\/\\\/archiv.siov.sk\\\/en\\\/author\\\/siovadmin\\\/\"}]}<\/script>\n<!-- \/ Yoast SEO plugin. -->","yoast_head_json":{"title":"Celoslovensk\u00fd ve\u013etrh cvi\u010dn\u00fdch firiem je za dverami - \u0160IOV - \u0161t\u00e1tny in\u0161tit\u00fat odborn\u00e9ho vzdel\u00e1vania","description":"U\u017e o dva t\u00fd\u017edne sa v Ko\u0161iciach stretn\u00fa cvi\u010dn\u00e9 firmy z kraj\u00edn V4 a nebud\u00fa medzi nimi ch\u00fdba\u0165 ani s\u00fa\u0165a\u017eiaci zo Slovenska.","robots":{"index":"index","follow":"follow","max-snippet":"max-snippet:-1","max-image-preview":"max-image-preview:large","max-video-preview":"max-video-preview:-1"},"canonical":"https:\/\/archiv.siov.sk\/en\/celoslovensky-veltrh-cvicnych-firiem-je-za-dverami\/","og_locale":"en_GB","og_type":"article","og_title":"Celoslovensk\u00fd ve\u013etrh cvi\u010dn\u00fdch firiem je za dverami - \u0160IOV - \u0161t\u00e1tny in\u0161tit\u00fat odborn\u00e9ho vzdel\u00e1vania","og_description":"U\u017e o dva t\u00fd\u017edne sa v Ko\u0161iciach stretn\u00fa cvi\u010dn\u00e9 firmy z kraj\u00edn V4 a nebud\u00fa medzi nimi ch\u00fdba\u0165 ani s\u00fa\u0165a\u017eiaci zo Slovenska.","og_url":"https:\/\/archiv.siov.sk\/en\/celoslovensky-veltrh-cvicnych-firiem-je-za-dverami\/","og_site_name":"\u0160IOV - \u0161t\u00e1tny in\u0161tit\u00fat odborn\u00e9ho vzdel\u00e1vania","article_publisher":"https:\/\/www.facebook.com\/Statnyinstitutodbornehovzdelavania","article_published_time":"2017-10-10T15:06:40+00:00","article_modified_time":"2019-02-13T16:44:45+00:00","og_image":[{"width":1100,"height":445,"url":"https:\/\/archiv.siov.sk\/wp-content\/uploads\/2019\/02\/top_firmy.jpg","type":"image\/jpeg"}],"author":"siovadmin","twitter_card":"summary_large_image","twitter_misc":{"Written by":"siovadmin","Estimated reading time":"2 minutes"},"schema":{"@context":"https:\/\/schema.org","@graph":[{"@type":"Article","@id":"https:\/\/archiv.siov.sk\/celoslovensky-veltrh-cvicnych-firiem-je-za-dverami\/#article","isPartOf":{"@id":"https:\/\/archiv.siov.sk\/celoslovensky-veltrh-cvicnych-firiem-je-za-dverami\/"},"author":{"name":"siovadmin","@id":"https:\/\/archiv.siov.sk\/#\/schema\/person\/7ae8d95216a02464a9ae6c8dcf8a4018"},"headline":"Celoslovensk\u00fd ve\u013etrh cvi\u010dn\u00fdch firiem je za dverami","datePublished":"2017-10-10T15:06:40+00:00","dateModified":"2019-02-13T16:44:45+00:00","mainEntityOfPage":{"@id":"https:\/\/archiv.siov.sk\/celoslovensky-veltrh-cvicnych-firiem-je-za-dverami\/"},"wordCount":357,"publisher":{"@id":"https:\/\/archiv.siov.sk\/#organization"},"image":{"@id":"https:\/\/archiv.siov.sk\/celoslovensky-veltrh-cvicnych-firiem-je-za-dverami\/#primaryimage"},"thumbnailUrl":"https:\/\/archiv.siov.sk\/wp-content\/uploads\/2019\/02\/top_firmy.jpg","articleSection":["Aktuality"],"inLanguage":"en-GB"},{"@type":"WebPage","@id":"https:\/\/archiv.siov.sk\/celoslovensky-veltrh-cvicnych-firiem-je-za-dverami\/","url":"https:\/\/archiv.siov.sk\/celoslovensky-veltrh-cvicnych-firiem-je-za-dverami\/","name":"Celoslovensk\u00fd ve\u013etrh cvi\u010dn\u00fdch firiem je za dverami - \u0160IOV - \u0161t\u00e1tny in\u0161tit\u00fat odborn\u00e9ho vzdel\u00e1vania","isPartOf":{"@id":"https:\/\/archiv.siov.sk\/#website"},"primaryImageOfPage":{"@id":"https:\/\/archiv.siov.sk\/celoslovensky-veltrh-cvicnych-firiem-je-za-dverami\/#primaryimage"},"image":{"@id":"https:\/\/archiv.siov.sk\/celoslovensky-veltrh-cvicnych-firiem-je-za-dverami\/#primaryimage"},"thumbnailUrl":"https:\/\/archiv.siov.sk\/wp-content\/uploads\/2019\/02\/top_firmy.jpg","datePublished":"2017-10-10T15:06:40+00:00","dateModified":"2019-02-13T16:44:45+00:00","description":"U\u017e o dva t\u00fd\u017edne sa v Ko\u0161iciach stretn\u00fa cvi\u010dn\u00e9 firmy z kraj\u00edn V4 a nebud\u00fa medzi nimi ch\u00fdba\u0165 ani s\u00fa\u0165a\u017eiaci zo Slovenska.","breadcrumb":{"@id":"https:\/\/archiv.siov.sk\/celoslovensky-veltrh-cvicnych-firiem-je-za-dverami\/#breadcrumb"},"inLanguage":"en-GB","potentialAction":[{"@type":"ReadAction","target":["https:\/\/archiv.siov.sk\/celoslovensky-veltrh-cvicnych-firiem-je-za-dverami\/"]}]},{"@type":"ImageObject","inLanguage":"en-GB","@id":"https:\/\/archiv.siov.sk\/celoslovensky-veltrh-cvicnych-firiem-je-za-dverami\/#primaryimage","url":"https:\/\/archiv.siov.sk\/wp-content\/uploads\/2019\/02\/top_firmy.jpg","contentUrl":"https:\/\/archiv.siov.sk\/wp-content\/uploads\/2019\/02\/top_firmy.jpg","width":1100,"height":445,"caption":"Celoslovensk\u00fd ve\u013etrh cvi\u010dn\u00fdch firiem je za dverami"},{"@type":"BreadcrumbList","@id":"https:\/\/archiv.siov.sk\/celoslovensky-veltrh-cvicnych-firiem-je-za-dverami\/#breadcrumb","itemListElement":[{"@type":"ListItem","position":1,"name":"Home","item":"https:\/\/archiv.siov.sk\/"},{"@type":"ListItem","position":2,"name":"Celoslovensk\u00fd ve\u013etrh cvi\u010dn\u00fdch firiem je za dverami"}]},{"@type":"WebSite","@id":"https:\/\/archiv.siov.sk\/#website","url":"https:\/\/archiv.siov.sk\/","name":"\u0160IOV - \u0161t\u00e1tny in\u0161tit\u00fat odborn\u00e9ho vzdel\u00e1vania","description":"","publisher":{"@id":"https:\/\/archiv.siov.sk\/#organization"},"potentialAction":[{"@type":"SearchAction","target":{"@type":"EntryPoint","urlTemplate":"https:\/\/archiv.siov.sk\/?s={search_term_string}"},"query-input":{"@type":"PropertyValueSpecification","valueRequired":true,"valueName":"search_term_string"}}],"inLanguage":"en-GB"},{"@type":"Organization","@id":"https:\/\/archiv.siov.sk\/#organization","name":"\u0160IOV - \u0161t\u00e1tny in\u0161tit\u00fat odborn\u00e9ho vzdel\u00e1vania","url":"https:\/\/archiv.siov.sk\/","logo":{"@type":"ImageObject","inLanguage":"en-GB","@id":"https:\/\/archiv.siov.sk\/#\/schema\/logo\/image\/","url":"https:\/\/archiv.siov.sk\/wp-content\/uploads\/2024\/02\/logo-SIOV.png","contentUrl":"https:\/\/archiv.siov.sk\/wp-content\/uploads\/2024\/02\/logo-SIOV.png","width":431,"height":143,"caption":"\u0160IOV - \u0161t\u00e1tny in\u0161tit\u00fat odborn\u00e9ho vzdel\u00e1vania"},"image":{"@id":"https:\/\/archiv.siov.sk\/#\/schema\/logo\/image\/"},"sameAs":["https:\/\/www.facebook.com\/Statnyinstitutodbornehovzdelavania"]},{"@type":"Person","@id":"https:\/\/archiv.siov.sk\/#\/schema\/person\/7ae8d95216a02464a9ae6c8dcf8a4018","name":"siovadmin","url":"https:\/\/archiv.siov.sk\/en\/author\/siovadmin\/"}]}},"_links":{"self":[{"href":"https:\/\/archiv.siov.sk\/en\/wp-json\/wp\/v2\/posts\/2318","targetHints":{"allow":["GET"]}}],"collection":[{"href":"https:\/\/archiv.siov.sk\/en\/wp-json\/wp\/v2\/posts"}],"about":[{"href":"https:\/\/archiv.siov.sk\/en\/wp-json\/wp\/v2\/types\/post"}],"author":[{"embeddable":true,"href":"https:\/\/archiv.siov.sk\/en\/wp-json\/wp\/v2\/users\/1"}],"replies":[{"embeddable":true,"href":"https:\/\/archiv.siov.sk\/en\/wp-json\/wp\/v2\/comments?post=2318"}],"version-history":[{"count":4,"href":"https:\/\/archiv.siov.sk\/en\/wp-json\/wp\/v2\/posts\/2318\/revisions"}],"predecessor-version":[{"id":2362,"href":"https:\/\/archiv.siov.sk\/en\/wp-json\/wp\/v2\/posts\/2318\/revisions\/2362"}],"wp:featuredmedia":[{"embeddable":true,"href":"https:\/\/archiv.siov.sk\/en\/wp-json\/wp\/v2\/media\/2319"}],"wp:attachment":[{"href":"https:\/\/archiv.siov.sk\/en\/wp-json\/wp\/v2\/media?parent=2318"}],"wp:term":[{"taxonomy":"category","embeddable":true,"href":"https:\/\/archiv.siov.sk\/en\/wp-json\/wp\/v2\/categories?post=2318"},{"taxonomy":"post_tag","embeddable":true,"href":"https:\/\/archiv.siov.sk\/en\/wp-json\/wp\/v2\/tags?post=2318"}],"curies":[{"name":"wp","href":"https:\/\/api.w.org\/{rel}","templated":true}]}}