{"id":2307,"date":"2017-08-21T16:49:11","date_gmt":"2017-08-21T14:49:11","guid":{"rendered":"http:\/\/archiv.siov.sk\/?p=2307"},"modified":"2021-02-24T11:30:54","modified_gmt":"2021-02-24T10:30:54","slug":"dual-inspiruje-aj-v-lete-povolanie-obuvnik","status":"publish","type":"post","link":"https:\/\/archiv.siov.sk\/en\/dual-inspiruje-aj-v-lete-povolanie-obuvnik\/","title":{"rendered":"Du\u00e1l in\u0161piruje aj v lete: Povolanie obuvn\u00edk"},"content":{"rendered":"<p style=\"text-align: justify;\">Obuvn\u00edcka profesia m\u00e1 na Slovensku dlh\u00fa trad\u00edciu. V s\u00fa\u010dasnosti je sk\u00f4r ot\u00e1zkou region\u00e1lneho umiestnenia firiem p\u00f4sobiacich v obuvn\u00edckom priemysle, av\u0161ak uplatnenie odborn\u00edkov je omnoho \u0161ir\u0161ie, v odevnom priemysle, pri pr\u00e1ci s ko\u017eou, alebo mo\u017enos\u0165 z\u00faro\u010di\u0165 sk\u00fasenosti v zahrani\u010d\u00ed.<\/p>\n<p style=\"text-align: justify;\">Zamestn\u00e1vatelia zapojen\u00ed v du\u00e1lnom vzdel\u00e1van\u00ed sa zhoduj\u00fa, \u017ee by ka\u017ed\u00fd z nich potreboval z\u00edska\u0165 pribli\u017ene 200 zamestnancov a ka\u017ed\u00fd rok prija\u0165 do prv\u00fdch ro\u010dn\u00edkov u\u010debn\u00e9ho odboru obuvn\u00edk 10 a\u017e 12 \u017eiakov.<\/p>\n<hr>\n<p><iframe src=\"https:\/\/www.youtube.com\/embed\/jPUHBe2GaS4\" width=\"560\" height=\"315\" frameborder=\"0\" allowfullscreen=\"allowfullscreen\"><\/iframe><\/p>\n<hr>\n<p>&nbsp;<\/p>\n<h5>Dobr\u00ed obuvn\u00edci bud\u00fa potrebn\u00ed v\u017edy, z\u00e1kazn\u00edci si p\u00fdtaj\u00fa kvalitu a r\u00fdchlej\u0161\u00ed servis<\/h5>\n<p><em>Du\u0161an Kopiar sa narodil v meste, kde bola obuvn\u00edcka fabrika. Ako die\u0165a sledoval rodi\u010dov, ktor\u00ed v nej pracovali. Obuvn\u00edctvo mu u\u010darovalo odmali\u010dka a zostal mu vern\u00fd do dne\u0161n\u00e9ho d\u0148a. Dnes pracuje ako technick\u00fd riadite\u013e v zn\u00e1mej obuvn\u00edckej firme ECCO. Pre\u010do je napr\u00edklad d\u00f4le\u017eit\u00e9 ma\u0165 v\u00fdrobu top\u00e1nok v Eur\u00f3pe a ako sa m\u00f4\u017eu uplatni\u0165 \u0161tudenti v r\u00e1mci du\u00e1lneho vzdel\u00e1vania, n\u00e1m u\u017e porozpr\u00e1val osobne.&nbsp;<\/em><\/p>\n<p><a href=\"http:\/\/dualnysystem.sk\/\" target=\"_blank\" rel=\"noopener\">&lt;&lt; Pokra\u010dovanie \u010dl\u00e1nku n\u00e1jdete tu &gt;&gt;<\/a><\/p>\n<p>V syst\u00e9me du\u00e1lneho vzdel\u00e1vania je mo\u017en\u00e9 \u0161tudova\u0165 odbor obuvn\u00edk ako trojro\u010dn\u00fd odbor ukon\u010den\u00fd v\u00fdu\u010dn\u00fdm listom a vysved\u010den\u00edm o z\u00e1vere\u010dnej sk\u00fa\u0161ke.<\/p>\n<p><strong>\u0160koly<\/strong>&nbsp;poskytuj\u00face vzdelanie v odbore obuvn\u00edk v r\u00e1mci syst\u00e9mu du\u00e1lneho vzdel\u00e1vania:<\/p>\n<ul class=\"check_links\">\n<li><a href=\"https:\/\/sosmt.edupage.org\/text57\/?\">SO\u0160 obchodu a slu\u017eieb, Stavb\u00e1rska 11, Martin<\/a><\/li>\n<li><a href=\"http:\/\/www.spspart.sk\/\">Spojen\u00e1 stredn\u00e1 odborn\u00e1 \u0161kola, N\u00e1m. SNP 15, Patiz\u00e1nske<\/a><\/li>\n<\/ul>\n<p><strong>Zamestn\u00e1vatelia&nbsp;<\/strong>zapojen\u00ed do syst\u00e9mu du\u00e1lneho vzdel\u00e1vania v odbore obuvn\u00edk:<\/p>\n<ul>\n<li>Ecco Slovakia, a.s., Martin<\/li>\n<li>Gabor spol. s.r.o., B\u00e1novce nad Bebravou<\/li>\n<\/ul>\n<p><a href=\"http:\/\/dualnysystem.sk\/Leto\/Obuvnik\/Starostlivos%C5%A5%20o%20top%C3%A1nky.pdf\" target=\"_blank\" rel=\"noopener\">Viete ako sa spr\u00e1vne stara\u0165 o jednotliv\u00e9 druhy top\u00e1nok, aby v\u00e1m sl\u00fa\u017eili \u010do najdlh\u0161ie? Pozrite si tieto tipy.<\/a><\/p>\n<p>Kompletn\u00fd zoznam \u0161k\u00f4l, zamestn\u00e1vate\u013eov a u\u010debn\u00fdch odborov v syst\u00e9me du\u00e1lneho vzdel\u00e1vania n\u00e1jdete:&nbsp;<a href=\"http:\/\/www.dualnysystem.sk\/\">www.dualnysystem.sk<\/a><\/p>\n<p>Zoznam sa postupne dop\u013a\u0148a o nov\u00e9 \u0161koly i zapojen\u00fdch zamestn\u00e1vate\u013eov. Presn\u00fd zoznam na \u0161kolsk\u00fd rok 2018\/2019 bude k dispoz\u00edcii vo febru\u00e1ri 2018.<\/p>\n<p>&nbsp;<\/p>","protected":false},"excerpt":{"rendered":"<p>Obuvn\u00edcka profesia m\u00e1 na Slovensku dlh\u00fa trad\u00edciu. V s\u00fa\u010dasnosti je sk\u00f4r ot\u00e1zkou region\u00e1lneho umiestnenia firiem p\u00f4sobiacich v obuvn\u00edckom priemysle, av\u0161ak uplatnenie odborn\u00edkov je omnoho \u0161ir\u0161ie, v odevnom priemysle, pri pr\u00e1ci s ko\u017eou, alebo mo\u017enos\u0165 z\u00faro\u010di\u0165 sk\u00fasenosti v zahrani\u010d\u00ed.<\/p>","protected":false},"author":1,"featured_media":2308,"comment_status":"closed","ping_status":"closed","sticky":false,"template":"","format":"standard","meta":{"site-sidebar-layout":"default","site-content-layout":"","ast-site-content-layout":"default","site-content-style":"default","site-sidebar-style":"default","ast-global-header-display":"","ast-banner-title-visibility":"","ast-main-header-display":"","ast-hfb-above-header-display":"","ast-hfb-below-header-display":"","ast-hfb-mobile-header-display":"","site-post-title":"","ast-breadcrumbs-content":"","ast-featured-img":"","footer-sml-layout":"","ast-disable-related-posts":"","theme-transparent-header-meta":"","adv-header-id-meta":"","stick-header-meta":"","header-above-stick-meta":"","header-main-stick-meta":"","header-below-stick-meta":"","astra-migrate-meta-layouts":"default","ast-page-background-enabled":"default","ast-page-background-meta":{"desktop":{"background-color":"var(--ast-global-color-4)","background-image":"","background-repeat":"repeat","background-position":"center center","background-size":"auto","background-attachment":"scroll","background-type":"","background-media":"","overlay-type":"","overlay-color":"","overlay-opacity":"","overlay-gradient":""},"tablet":{"background-color":"","background-image":"","background-repeat":"repeat","background-position":"center center","background-size":"auto","background-attachment":"scroll","background-type":"","background-media":"","overlay-type":"","overlay-color":"","overlay-opacity":"","overlay-gradient":""},"mobile":{"background-color":"","background-image":"","background-repeat":"repeat","background-position":"center center","background-size":"auto","background-attachment":"scroll","background-type":"","background-media":"","overlay-type":"","overlay-color":"","overlay-opacity":"","overlay-gradient":""}},"ast-content-background-meta":{"desktop":{"background-color":"var(--ast-global-color-5)","background-image":"","background-repeat":"repeat","background-position":"center center","background-size":"auto","background-attachment":"scroll","background-type":"","background-media":"","overlay-type":"","overlay-color":"","overlay-opacity":"","overlay-gradient":""},"tablet":{"background-color":"var(--ast-global-color-5)","background-image":"","background-repeat":"repeat","background-position":"center center","background-size":"auto","background-attachment":"scroll","background-type":"","background-media":"","overlay-type":"","overlay-color":"","overlay-opacity":"","overlay-gradient":""},"mobile":{"background-color":"var(--ast-global-color-5)","background-image":"","background-repeat":"repeat","background-position":"center center","background-size":"auto","background-attachment":"scroll","background-type":"","background-media":"","overlay-type":"","overlay-color":"","overlay-opacity":"","overlay-gradient":""}},"footnotes":""},"categories":[1],"tags":[],"class_list":["post-2307","post","type-post","status-publish","format-standard","has-post-thumbnail","hentry","category-aktuality"],"yoast_head":"<!-- This site is optimized with the Yoast SEO plugin v27.5 - https:\/\/yoast.com\/product\/yoast-seo-wordpress\/ -->\n<title>Du\u00e1l in\u0161piruje aj v lete: Povolanie obuvn\u00edk - \u0160IOV - \u0161t\u00e1tny in\u0161tit\u00fat odborn\u00e9ho vzdel\u00e1vania<\/title>\n<meta name=\"description\" content=\"Obuvn\u00edcka profesia m\u00e1 na Slovensku dlh\u00fa trad\u00edciu. V s\u00fa\u010dasnosti je sk\u00f4r ot\u00e1zkou region\u00e1lneho umiestnenia firiem p\u00f4sobiacich v obuvn\u00edckom priemysle, av\u0161ak uplatnenie odborn\u00edkov je omnoho \u0161ir\u0161ie, v odevnom priemysle, pri pr\u00e1ci s ko\u017eou, alebo mo\u017enos\u0165 z\u00faro\u010di\u0165 sk\u00fasenosti v zahrani\u010d\u00ed.\" \/>\n<meta name=\"robots\" content=\"index, follow, max-snippet:-1, max-image-preview:large, max-video-preview:-1\" \/>\n<link rel=\"canonical\" href=\"https:\/\/archiv.siov.sk\/en\/dual-inspiruje-aj-v-lete-povolanie-obuvnik\/\" \/>\n<meta property=\"og:locale\" content=\"en_GB\" \/>\n<meta property=\"og:type\" content=\"article\" \/>\n<meta property=\"og:title\" content=\"Du\u00e1l in\u0161piruje aj v lete: Povolanie obuvn\u00edk - \u0160IOV - \u0161t\u00e1tny in\u0161tit\u00fat odborn\u00e9ho vzdel\u00e1vania\" \/>\n<meta property=\"og:description\" content=\"Obuvn\u00edcka profesia m\u00e1 na Slovensku dlh\u00fa trad\u00edciu. V s\u00fa\u010dasnosti je sk\u00f4r ot\u00e1zkou region\u00e1lneho umiestnenia firiem p\u00f4sobiacich v obuvn\u00edckom priemysle, av\u0161ak uplatnenie odborn\u00edkov je omnoho \u0161ir\u0161ie, v odevnom priemysle, pri pr\u00e1ci s ko\u017eou, alebo mo\u017enos\u0165 z\u00faro\u010di\u0165 sk\u00fasenosti v zahrani\u010d\u00ed.\" \/>\n<meta property=\"og:url\" content=\"https:\/\/archiv.siov.sk\/en\/dual-inspiruje-aj-v-lete-povolanie-obuvnik\/\" \/>\n<meta property=\"og:site_name\" content=\"\u0160IOV - \u0161t\u00e1tny in\u0161tit\u00fat odborn\u00e9ho vzdel\u00e1vania\" \/>\n<meta property=\"article:publisher\" content=\"https:\/\/www.facebook.com\/Statnyinstitutodbornehovzdelavania\" \/>\n<meta property=\"article:published_time\" content=\"2017-08-21T14:49:11+00:00\" \/>\n<meta property=\"article:modified_time\" content=\"2021-02-24T10:30:54+00:00\" \/>\n<meta property=\"og:image\" content=\"https:\/\/archiv.siov.sk\/wp-content\/uploads\/2019\/02\/top_obuvnik.jpg\" \/>\n\t<meta property=\"og:image:width\" content=\"1100\" \/>\n\t<meta property=\"og:image:height\" content=\"445\" \/>\n\t<meta property=\"og:image:type\" content=\"image\/jpeg\" \/>\n<meta name=\"author\" content=\"siovadmin\" \/>\n<meta name=\"twitter:card\" content=\"summary_large_image\" \/>\n<meta name=\"twitter:label1\" content=\"Written by\" \/>\n\t<meta name=\"twitter:data1\" content=\"siovadmin\" \/>\n\t<meta name=\"twitter:label2\" content=\"Estimated reading time\" \/>\n\t<meta name=\"twitter:data2\" content=\"2 minutes\" \/>\n<script type=\"application\/ld+json\" class=\"yoast-schema-graph\">{\"@context\":\"https:\\\/\\\/schema.org\",\"@graph\":[{\"@type\":\"Article\",\"@id\":\"https:\\\/\\\/archiv.siov.sk\\\/dual-inspiruje-aj-v-lete-povolanie-obuvnik\\\/#article\",\"isPartOf\":{\"@id\":\"https:\\\/\\\/archiv.siov.sk\\\/dual-inspiruje-aj-v-lete-povolanie-obuvnik\\\/\"},\"author\":{\"name\":\"siovadmin\",\"@id\":\"https:\\\/\\\/archiv.siov.sk\\\/#\\\/schema\\\/person\\\/7ae8d95216a02464a9ae6c8dcf8a4018\"},\"headline\":\"Du\u00e1l in\u0161piruje aj v lete: Povolanie obuvn\u00edk\",\"datePublished\":\"2017-08-21T14:49:11+00:00\",\"dateModified\":\"2021-02-24T10:30:54+00:00\",\"mainEntityOfPage\":{\"@id\":\"https:\\\/\\\/archiv.siov.sk\\\/dual-inspiruje-aj-v-lete-povolanie-obuvnik\\\/\"},\"wordCount\":398,\"publisher\":{\"@id\":\"https:\\\/\\\/archiv.siov.sk\\\/#organization\"},\"image\":{\"@id\":\"https:\\\/\\\/archiv.siov.sk\\\/dual-inspiruje-aj-v-lete-povolanie-obuvnik\\\/#primaryimage\"},\"thumbnailUrl\":\"https:\\\/\\\/archiv.siov.sk\\\/wp-content\\\/uploads\\\/2019\\\/02\\\/top_obuvnik.jpg\",\"articleSection\":[\"Aktuality\"],\"inLanguage\":\"en-GB\"},{\"@type\":\"WebPage\",\"@id\":\"https:\\\/\\\/archiv.siov.sk\\\/dual-inspiruje-aj-v-lete-povolanie-obuvnik\\\/\",\"url\":\"https:\\\/\\\/archiv.siov.sk\\\/dual-inspiruje-aj-v-lete-povolanie-obuvnik\\\/\",\"name\":\"Du\u00e1l in\u0161piruje aj v lete: Povolanie obuvn\u00edk - \u0160IOV - \u0161t\u00e1tny in\u0161tit\u00fat odborn\u00e9ho vzdel\u00e1vania\",\"isPartOf\":{\"@id\":\"https:\\\/\\\/archiv.siov.sk\\\/#website\"},\"primaryImageOfPage\":{\"@id\":\"https:\\\/\\\/archiv.siov.sk\\\/dual-inspiruje-aj-v-lete-povolanie-obuvnik\\\/#primaryimage\"},\"image\":{\"@id\":\"https:\\\/\\\/archiv.siov.sk\\\/dual-inspiruje-aj-v-lete-povolanie-obuvnik\\\/#primaryimage\"},\"thumbnailUrl\":\"https:\\\/\\\/archiv.siov.sk\\\/wp-content\\\/uploads\\\/2019\\\/02\\\/top_obuvnik.jpg\",\"datePublished\":\"2017-08-21T14:49:11+00:00\",\"dateModified\":\"2021-02-24T10:30:54+00:00\",\"description\":\"Obuvn\u00edcka profesia m\u00e1 na Slovensku dlh\u00fa trad\u00edciu. V s\u00fa\u010dasnosti je sk\u00f4r ot\u00e1zkou region\u00e1lneho umiestnenia firiem p\u00f4sobiacich v obuvn\u00edckom priemysle, av\u0161ak uplatnenie odborn\u00edkov je omnoho \u0161ir\u0161ie, v odevnom priemysle, pri pr\u00e1ci s ko\u017eou, alebo mo\u017enos\u0165 z\u00faro\u010di\u0165 sk\u00fasenosti v zahrani\u010d\u00ed.\",\"breadcrumb\":{\"@id\":\"https:\\\/\\\/archiv.siov.sk\\\/dual-inspiruje-aj-v-lete-povolanie-obuvnik\\\/#breadcrumb\"},\"inLanguage\":\"en-GB\",\"potentialAction\":[{\"@type\":\"ReadAction\",\"target\":[\"https:\\\/\\\/archiv.siov.sk\\\/dual-inspiruje-aj-v-lete-povolanie-obuvnik\\\/\"]}]},{\"@type\":\"ImageObject\",\"inLanguage\":\"en-GB\",\"@id\":\"https:\\\/\\\/archiv.siov.sk\\\/dual-inspiruje-aj-v-lete-povolanie-obuvnik\\\/#primaryimage\",\"url\":\"https:\\\/\\\/archiv.siov.sk\\\/wp-content\\\/uploads\\\/2019\\\/02\\\/top_obuvnik.jpg\",\"contentUrl\":\"https:\\\/\\\/archiv.siov.sk\\\/wp-content\\\/uploads\\\/2019\\\/02\\\/top_obuvnik.jpg\",\"width\":1100,\"height\":445,\"caption\":\"Du\u00e1l in\u0161piruje aj v lete: Povolanie obuvn\u00edk\"},{\"@type\":\"BreadcrumbList\",\"@id\":\"https:\\\/\\\/archiv.siov.sk\\\/dual-inspiruje-aj-v-lete-povolanie-obuvnik\\\/#breadcrumb\",\"itemListElement\":[{\"@type\":\"ListItem\",\"position\":1,\"name\":\"Home\",\"item\":\"https:\\\/\\\/archiv.siov.sk\\\/\"},{\"@type\":\"ListItem\",\"position\":2,\"name\":\"Du\u00e1l in\u0161piruje aj v lete: Povolanie obuvn\u00edk\"}]},{\"@type\":\"WebSite\",\"@id\":\"https:\\\/\\\/archiv.siov.sk\\\/#website\",\"url\":\"https:\\\/\\\/archiv.siov.sk\\\/\",\"name\":\"\u0160IOV - \u0161t\u00e1tny in\u0161tit\u00fat odborn\u00e9ho vzdel\u00e1vania\",\"description\":\"\",\"publisher\":{\"@id\":\"https:\\\/\\\/archiv.siov.sk\\\/#organization\"},\"potentialAction\":[{\"@type\":\"SearchAction\",\"target\":{\"@type\":\"EntryPoint\",\"urlTemplate\":\"https:\\\/\\\/archiv.siov.sk\\\/?s={search_term_string}\"},\"query-input\":{\"@type\":\"PropertyValueSpecification\",\"valueRequired\":true,\"valueName\":\"search_term_string\"}}],\"inLanguage\":\"en-GB\"},{\"@type\":\"Organization\",\"@id\":\"https:\\\/\\\/archiv.siov.sk\\\/#organization\",\"name\":\"\u0160IOV - \u0161t\u00e1tny in\u0161tit\u00fat odborn\u00e9ho vzdel\u00e1vania\",\"url\":\"https:\\\/\\\/archiv.siov.sk\\\/\",\"logo\":{\"@type\":\"ImageObject\",\"inLanguage\":\"en-GB\",\"@id\":\"https:\\\/\\\/archiv.siov.sk\\\/#\\\/schema\\\/logo\\\/image\\\/\",\"url\":\"https:\\\/\\\/archiv.siov.sk\\\/wp-content\\\/uploads\\\/2024\\\/02\\\/logo-SIOV.png\",\"contentUrl\":\"https:\\\/\\\/archiv.siov.sk\\\/wp-content\\\/uploads\\\/2024\\\/02\\\/logo-SIOV.png\",\"width\":431,\"height\":143,\"caption\":\"\u0160IOV - \u0161t\u00e1tny in\u0161tit\u00fat odborn\u00e9ho vzdel\u00e1vania\"},\"image\":{\"@id\":\"https:\\\/\\\/archiv.siov.sk\\\/#\\\/schema\\\/logo\\\/image\\\/\"},\"sameAs\":[\"https:\\\/\\\/www.facebook.com\\\/Statnyinstitutodbornehovzdelavania\"]},{\"@type\":\"Person\",\"@id\":\"https:\\\/\\\/archiv.siov.sk\\\/#\\\/schema\\\/person\\\/7ae8d95216a02464a9ae6c8dcf8a4018\",\"name\":\"siovadmin\",\"url\":\"https:\\\/\\\/archiv.siov.sk\\\/en\\\/author\\\/siovadmin\\\/\"}]}<\/script>\n<!-- \/ Yoast SEO plugin. -->","yoast_head_json":{"title":"Du\u00e1l in\u0161piruje aj v lete: Povolanie obuvn\u00edk - \u0160IOV - \u0161t\u00e1tny in\u0161tit\u00fat odborn\u00e9ho vzdel\u00e1vania","description":"Obuvn\u00edcka profesia m\u00e1 na Slovensku dlh\u00fa trad\u00edciu. V s\u00fa\u010dasnosti je sk\u00f4r ot\u00e1zkou region\u00e1lneho umiestnenia firiem p\u00f4sobiacich v obuvn\u00edckom priemysle, av\u0161ak uplatnenie odborn\u00edkov je omnoho \u0161ir\u0161ie, v odevnom priemysle, pri pr\u00e1ci s ko\u017eou, alebo mo\u017enos\u0165 z\u00faro\u010di\u0165 sk\u00fasenosti v zahrani\u010d\u00ed.","robots":{"index":"index","follow":"follow","max-snippet":"max-snippet:-1","max-image-preview":"max-image-preview:large","max-video-preview":"max-video-preview:-1"},"canonical":"https:\/\/archiv.siov.sk\/en\/dual-inspiruje-aj-v-lete-povolanie-obuvnik\/","og_locale":"en_GB","og_type":"article","og_title":"Du\u00e1l in\u0161piruje aj v lete: Povolanie obuvn\u00edk - \u0160IOV - \u0161t\u00e1tny in\u0161tit\u00fat odborn\u00e9ho vzdel\u00e1vania","og_description":"Obuvn\u00edcka profesia m\u00e1 na Slovensku dlh\u00fa trad\u00edciu. V s\u00fa\u010dasnosti je sk\u00f4r ot\u00e1zkou region\u00e1lneho umiestnenia firiem p\u00f4sobiacich v obuvn\u00edckom priemysle, av\u0161ak uplatnenie odborn\u00edkov je omnoho \u0161ir\u0161ie, v odevnom priemysle, pri pr\u00e1ci s ko\u017eou, alebo mo\u017enos\u0165 z\u00faro\u010di\u0165 sk\u00fasenosti v zahrani\u010d\u00ed.","og_url":"https:\/\/archiv.siov.sk\/en\/dual-inspiruje-aj-v-lete-povolanie-obuvnik\/","og_site_name":"\u0160IOV - \u0161t\u00e1tny in\u0161tit\u00fat odborn\u00e9ho vzdel\u00e1vania","article_publisher":"https:\/\/www.facebook.com\/Statnyinstitutodbornehovzdelavania","article_published_time":"2017-08-21T14:49:11+00:00","article_modified_time":"2021-02-24T10:30:54+00:00","og_image":[{"width":1100,"height":445,"url":"https:\/\/archiv.siov.sk\/wp-content\/uploads\/2019\/02\/top_obuvnik.jpg","type":"image\/jpeg"}],"author":"siovadmin","twitter_card":"summary_large_image","twitter_misc":{"Written by":"siovadmin","Estimated reading time":"2 minutes"},"schema":{"@context":"https:\/\/schema.org","@graph":[{"@type":"Article","@id":"https:\/\/archiv.siov.sk\/dual-inspiruje-aj-v-lete-povolanie-obuvnik\/#article","isPartOf":{"@id":"https:\/\/archiv.siov.sk\/dual-inspiruje-aj-v-lete-povolanie-obuvnik\/"},"author":{"name":"siovadmin","@id":"https:\/\/archiv.siov.sk\/#\/schema\/person\/7ae8d95216a02464a9ae6c8dcf8a4018"},"headline":"Du\u00e1l in\u0161piruje aj v lete: Povolanie obuvn\u00edk","datePublished":"2017-08-21T14:49:11+00:00","dateModified":"2021-02-24T10:30:54+00:00","mainEntityOfPage":{"@id":"https:\/\/archiv.siov.sk\/dual-inspiruje-aj-v-lete-povolanie-obuvnik\/"},"wordCount":398,"publisher":{"@id":"https:\/\/archiv.siov.sk\/#organization"},"image":{"@id":"https:\/\/archiv.siov.sk\/dual-inspiruje-aj-v-lete-povolanie-obuvnik\/#primaryimage"},"thumbnailUrl":"https:\/\/archiv.siov.sk\/wp-content\/uploads\/2019\/02\/top_obuvnik.jpg","articleSection":["Aktuality"],"inLanguage":"en-GB"},{"@type":"WebPage","@id":"https:\/\/archiv.siov.sk\/dual-inspiruje-aj-v-lete-povolanie-obuvnik\/","url":"https:\/\/archiv.siov.sk\/dual-inspiruje-aj-v-lete-povolanie-obuvnik\/","name":"Du\u00e1l in\u0161piruje aj v lete: Povolanie obuvn\u00edk - \u0160IOV - \u0161t\u00e1tny in\u0161tit\u00fat odborn\u00e9ho vzdel\u00e1vania","isPartOf":{"@id":"https:\/\/archiv.siov.sk\/#website"},"primaryImageOfPage":{"@id":"https:\/\/archiv.siov.sk\/dual-inspiruje-aj-v-lete-povolanie-obuvnik\/#primaryimage"},"image":{"@id":"https:\/\/archiv.siov.sk\/dual-inspiruje-aj-v-lete-povolanie-obuvnik\/#primaryimage"},"thumbnailUrl":"https:\/\/archiv.siov.sk\/wp-content\/uploads\/2019\/02\/top_obuvnik.jpg","datePublished":"2017-08-21T14:49:11+00:00","dateModified":"2021-02-24T10:30:54+00:00","description":"Obuvn\u00edcka profesia m\u00e1 na Slovensku dlh\u00fa trad\u00edciu. V s\u00fa\u010dasnosti je sk\u00f4r ot\u00e1zkou region\u00e1lneho umiestnenia firiem p\u00f4sobiacich v obuvn\u00edckom priemysle, av\u0161ak uplatnenie odborn\u00edkov je omnoho \u0161ir\u0161ie, v odevnom priemysle, pri pr\u00e1ci s ko\u017eou, alebo mo\u017enos\u0165 z\u00faro\u010di\u0165 sk\u00fasenosti v zahrani\u010d\u00ed.","breadcrumb":{"@id":"https:\/\/archiv.siov.sk\/dual-inspiruje-aj-v-lete-povolanie-obuvnik\/#breadcrumb"},"inLanguage":"en-GB","potentialAction":[{"@type":"ReadAction","target":["https:\/\/archiv.siov.sk\/dual-inspiruje-aj-v-lete-povolanie-obuvnik\/"]}]},{"@type":"ImageObject","inLanguage":"en-GB","@id":"https:\/\/archiv.siov.sk\/dual-inspiruje-aj-v-lete-povolanie-obuvnik\/#primaryimage","url":"https:\/\/archiv.siov.sk\/wp-content\/uploads\/2019\/02\/top_obuvnik.jpg","contentUrl":"https:\/\/archiv.siov.sk\/wp-content\/uploads\/2019\/02\/top_obuvnik.jpg","width":1100,"height":445,"caption":"Du\u00e1l in\u0161piruje aj v lete: Povolanie obuvn\u00edk"},{"@type":"BreadcrumbList","@id":"https:\/\/archiv.siov.sk\/dual-inspiruje-aj-v-lete-povolanie-obuvnik\/#breadcrumb","itemListElement":[{"@type":"ListItem","position":1,"name":"Home","item":"https:\/\/archiv.siov.sk\/"},{"@type":"ListItem","position":2,"name":"Du\u00e1l in\u0161piruje aj v lete: Povolanie obuvn\u00edk"}]},{"@type":"WebSite","@id":"https:\/\/archiv.siov.sk\/#website","url":"https:\/\/archiv.siov.sk\/","name":"\u0160IOV - \u0161t\u00e1tny in\u0161tit\u00fat odborn\u00e9ho vzdel\u00e1vania","description":"","publisher":{"@id":"https:\/\/archiv.siov.sk\/#organization"},"potentialAction":[{"@type":"SearchAction","target":{"@type":"EntryPoint","urlTemplate":"https:\/\/archiv.siov.sk\/?s={search_term_string}"},"query-input":{"@type":"PropertyValueSpecification","valueRequired":true,"valueName":"search_term_string"}}],"inLanguage":"en-GB"},{"@type":"Organization","@id":"https:\/\/archiv.siov.sk\/#organization","name":"\u0160IOV - \u0161t\u00e1tny in\u0161tit\u00fat odborn\u00e9ho vzdel\u00e1vania","url":"https:\/\/archiv.siov.sk\/","logo":{"@type":"ImageObject","inLanguage":"en-GB","@id":"https:\/\/archiv.siov.sk\/#\/schema\/logo\/image\/","url":"https:\/\/archiv.siov.sk\/wp-content\/uploads\/2024\/02\/logo-SIOV.png","contentUrl":"https:\/\/archiv.siov.sk\/wp-content\/uploads\/2024\/02\/logo-SIOV.png","width":431,"height":143,"caption":"\u0160IOV - \u0161t\u00e1tny in\u0161tit\u00fat odborn\u00e9ho vzdel\u00e1vania"},"image":{"@id":"https:\/\/archiv.siov.sk\/#\/schema\/logo\/image\/"},"sameAs":["https:\/\/www.facebook.com\/Statnyinstitutodbornehovzdelavania"]},{"@type":"Person","@id":"https:\/\/archiv.siov.sk\/#\/schema\/person\/7ae8d95216a02464a9ae6c8dcf8a4018","name":"siovadmin","url":"https:\/\/archiv.siov.sk\/en\/author\/siovadmin\/"}]}},"_links":{"self":[{"href":"https:\/\/archiv.siov.sk\/en\/wp-json\/wp\/v2\/posts\/2307","targetHints":{"allow":["GET"]}}],"collection":[{"href":"https:\/\/archiv.siov.sk\/en\/wp-json\/wp\/v2\/posts"}],"about":[{"href":"https:\/\/archiv.siov.sk\/en\/wp-json\/wp\/v2\/types\/post"}],"author":[{"embeddable":true,"href":"https:\/\/archiv.siov.sk\/en\/wp-json\/wp\/v2\/users\/1"}],"replies":[{"embeddable":true,"href":"https:\/\/archiv.siov.sk\/en\/wp-json\/wp\/v2\/comments?post=2307"}],"version-history":[{"count":3,"href":"https:\/\/archiv.siov.sk\/en\/wp-json\/wp\/v2\/posts\/2307\/revisions"}],"predecessor-version":[{"id":7258,"href":"https:\/\/archiv.siov.sk\/en\/wp-json\/wp\/v2\/posts\/2307\/revisions\/7258"}],"wp:featuredmedia":[{"embeddable":true,"href":"https:\/\/archiv.siov.sk\/en\/wp-json\/wp\/v2\/media\/2308"}],"wp:attachment":[{"href":"https:\/\/archiv.siov.sk\/en\/wp-json\/wp\/v2\/media?parent=2307"}],"wp:term":[{"taxonomy":"category","embeddable":true,"href":"https:\/\/archiv.siov.sk\/en\/wp-json\/wp\/v2\/categories?post=2307"},{"taxonomy":"post_tag","embeddable":true,"href":"https:\/\/archiv.siov.sk\/en\/wp-json\/wp\/v2\/tags?post=2307"}],"curies":[{"name":"wp","href":"https:\/\/api.w.org\/{rel}","templated":true}]}}