{"id":2298,"date":"2017-08-14T16:31:31","date_gmt":"2017-08-14T14:31:31","guid":{"rendered":"http:\/\/archiv.siov.sk\/?p=2298"},"modified":"2021-02-24T11:33:07","modified_gmt":"2021-02-24T10:33:07","slug":"dual-inspiruje-aj-v-lete-povolanie-lesnik","status":"publish","type":"post","link":"https:\/\/archiv.siov.sk\/en\/dual-inspiruje-aj-v-lete-povolanie-lesnik\/","title":{"rendered":"Du\u00e1l in\u0161piruje aj v lete: Povolanie lesn\u00edk"},"content":{"rendered":"<p style=\"text-align: justify;\">Zam\u00fd\u0161\u013eali ste sa niekedy nad t\u00fdm, v \u010dom v\u0161etkom v na\u0161om \u017eivote figuruje drevo? M\u00e1me radi dreven\u00fd n\u00e1bytok a doplnky, drevom k\u00farime v krbe, radi chod\u00edme na prech\u00e1dzky do lesa \u010di na turistiku. Drevo je trvalo udr\u017eate\u013en\u00e1 a obnovite\u013en\u00e1 surovina, a aby sme pre \u010fal\u0161ie gener\u00e1cie drevo zachovali je potrebn\u00e9 sa o na\u0161e lesy stara\u0165. A to vo forme vys\u00e1dzania stromov, zales\u0148ovania, \u00fadr\u017eby a z\u00e1rove\u0148 \u0165a\u017eba dreva by mala by\u0165 \u010do naj\u0161etrnej\u0161ia.<\/p>\n<p style=\"text-align: justify;\">Lesn\u00edcke \u0161kolstvo m\u00e1 na Slovensku viac ako 100 ro\u010dn\u00fa trad\u00edciu. Lesn\u00e9 hospod\u00e1rstvo vzniklo z po\u017eiadavky zachovania lesov aj \u010fal\u0161iemu potomstvu. Za ten \u010das pre\u0161lo viacer\u00fdmi zmenami a v s\u00fa\u010dasnosti sa na stredn\u00fdch odborn\u00fdch \u0161kol\u00e1ch lesn\u00edckych vzdel\u00e1vaj\u00fa vysoko kvalifikovan\u00ed odborn\u00edci vo svojom odbore. Ka\u017ed\u00fd \u017eiak, ktor\u00fd m\u00e1 z\u00e1ujem venova\u0165 sa lesn\u00edctvu si ur\u010dite vyberie ten svoj hlavn\u00fd smer, ktor\u00fdm by sa v lesn\u00edctve chcel ubera\u0165.&nbsp;<br \/>\n<a href=\"http:\/\/dual.itconsult.tech\/TlacovaSprava.aspx?ArticleId=66\">Viac o hist\u00f3rii lesn\u00edctva na Slovensku<\/a><\/p>\n<p style=\"text-align: justify;\">V oblasti lesn\u00edctva je mo\u017en\u00e9 \u0161tudova\u0165 odbory ako napr\u00edklad: 4575 H mechaniz\u00e1tor lesnej v\u00fdroby \u2013 3 ro\u010dn\u00fd u\u010debn\u00fd odbor, 4579 F lesn\u00e1 v\u00fdroba \u2013 2 ro\u010dn\u00fd u\u010debn\u00fd odbor, 4556 K &#8211; oper\u00e1tor lesnej techniky \u2013 4 ro\u010dn\u00fd \u0161tudijn\u00fd odbor a \u010fal\u0161ie. \u017diaci sa v t\u00fdchto odboroch stretn\u00fa s komplexnou \u0161k\u00e1lou \u010dinnost\u00ed, ktor\u00e9 sa v lese robia a nau\u010dia sa ich aj vykon\u00e1va\u0165 v r\u00e1mci praktick\u00e9ho vyu\u010dovania. Od zales\u0148ovania, vy\u017e\u00ednania okolo mlad\u00fdch strom\u010dekov, ochrany proti zveri, a\u017e po \u0165a\u017ebu a n\u00e1sledn\u00e9 zhodnotenie drevnej hmoty ako vynikaj\u00facej obnovite\u013enej suroviny.<\/p>\n<p style=\"text-align: justify;\">Za v\u0161etky odbory si v tejto chv\u00edli dovol\u00edme vypichn\u00fa\u0165 \u0161tudijn\u00fd odbor<strong>&nbsp;4556 K &#8211; oper\u00e1tor lesnej techniky vhodn\u00fd do syst\u00e9mu du\u00e1lneho vzdel\u00e1vania<\/strong>&nbsp;a z poh\u013eadu lesn\u00edckych z\u00e1vodov ve\u013emi d\u00f4le\u017eit\u00fd na trhu.<\/p>\n<p style=\"text-align: justify;\">Jeho absolvent z\u00edska v \u0161tvorro\u010dnom \u0161tudijnom odbore maturitn\u00e9 vysved\u010denie, v\u00fdu\u010dn\u00fd list a osem druhov opr\u00e1vnen\u00ed. Z\u00e1rove\u0148 ovl\u00e1da \u010dinnosti s\u00favisiace s&nbsp;<strong>obsluhou a \u00fadr\u017ebou lesn\u00fdch strojov a zariaden\u00ed<\/strong>&nbsp;v&nbsp;<em>pestovnej \u010dinnosti, v \u0165a\u017ebe, s\u00fastre\u010fovan\u00ed a odvoze dreva, na skladoch dreva<\/em>. Vie&nbsp;<strong>riadi\u0165<\/strong>&nbsp;a<strong>organizova\u0165<\/strong>&nbsp;pr\u00e1cu v pracovn\u00fdch skupin\u00e1ch v lesn\u00edckej prvov\u00fdrobe,&nbsp;<strong>vie \u010d\u00edta\u0165<\/strong>jednoduch\u00e9&nbsp;<strong>stroj\u00e1rske v\u00fdkresy a sch\u00e9my<\/strong>, vie&nbsp;<strong>pos\u00fadi\u0165 vhodnos\u0165 vyu\u017eitia a nasadenia<\/strong>&nbsp;lesn\u00fdch strojov, ktor\u00e9 s\u00e1m ovl\u00e1da.<\/p>\n<p>Pri \u0161t\u00fadiu z\u00edskava:<\/p>\n<ul class=\"check_links\">\n<li>zv\u00e1ra\u010dsk\u00fd preukaz na&nbsp;<strong>zv\u00e1ranie elektrick\u00fdm obl\u00fakom v ochrannej atmosf\u00e9re CO2<\/strong>&nbsp;&#8211; met\u00f3da Z-M 1,<\/li>\n<li>opr\u00e1vnenie&nbsp;<strong>na obsluhu ru\u010dnej motorovej re\u0165azovej p\u00edly<\/strong>&nbsp;pri \u0165a\u017ebe dreva,<\/li>\n<li>opr\u00e1vnenie na&nbsp;<strong>obsluhu univerz\u00e1lneho kolesov\u00e9ho traktora<\/strong>&nbsp;( UKT )pri s\u00fastre\u010fovan\u00ed dreva,<\/li>\n<li>opr\u00e1vnenie&nbsp;<strong>na obsluhu \u0161peci\u00e1lneho lesn\u00e9ho kolesov\u00e9ho traktora<\/strong>&nbsp;( \u0160LKT ) pri s\u00fastre\u010fovan\u00ed dreva,<\/li>\n<li>opr\u00e1vnenie na&nbsp;<strong>obsluhu lesn\u00e9ho p\u00e1sov\u00e9ho vy\u0165ahova\u010da<\/strong>&nbsp;( LPV ) pri s\u00fastre\u010fovan\u00ed dreva ,<\/li>\n<li><strong>opr\u00e1vnenie na obsluhu krovinorezu,<\/strong><\/li>\n<li><strong>obsluha nakladacieho \u017eeriavu \u2013 hydraulickej ruky pri odvoze dreva a v\u00fdvoznej kolesovej s\u00fapravy<\/strong><\/li>\n<li><strong>vodi\u010dsk\u00e9 opr\u00e1vnenia osobn\u00e9 auto, traktor, n\u00e1kladn\u00e9 auto do 7,5t.<\/strong><\/li>\n<\/ul>\n<p style=\"text-align: justify;\"><em><strong>\u201e\u017diaci si v r\u00e1mci du\u00e1lneho vzdel\u00e1vania prejd\u00fa praktick\u00fdm \u010dinnos\u0165ami, ako je zales\u0148ovanie, traktory, pl\u00e1novanie \u0165a\u017eby dreva, pr\u00e1ca s p\u00edlou a mnoh\u00e9 in\u00e9. Rovnako aj na\u0161e spolo\u010denstvo vid\u00ed v\u00fdznam v du\u00e1lnom vzdel\u00e1van\u00ed a praktickej pr\u00edprave sp\u013a\u0148aj\u00facej podmienky trhu pr\u00e1ce,\u201d<\/strong><\/em>&nbsp;hovor\u00ed Pavel Zacharovsk\u00fd, predseda Spolku b\u00fdval\u00fdch urb\u00e1rnikov z Vy\u0161nej Boce.<\/p>\n<p style=\"text-align: justify;\"><em><strong>\u201eDo lesa potrebujeme odborn\u00edkov z radov lesn\u00edkov, riadiacich pracovn\u00edkov, ale aj profesie, ktor\u00e9 pracuj\u00fa manu\u00e1lne,\u201c&nbsp;<\/strong><\/em>pribli\u017euje mo\u017enosti mlad\u00fdch v profesii lesn\u00edka D\u00e1vid Han\u010dinsk\u00fd zo Slovenskej lesn\u00edckej komory. Pre\u010do les miluje a ak\u00fa \u00falohu by v \u0148om mali hra\u0165 mlad\u00ed \u013eudia si m\u00f4\u017eete pozrie\u0165 v nasleduj\u00facom videu:<\/p>\n<hr>\n<p><iframe src=\"https:\/\/www.youtube.com\/embed\/qYSygk-JWcs\" width=\"560\" height=\"315\" frameborder=\"0\" allowfullscreen=\"allowfullscreen\"><\/iframe><\/p>\n<hr>\n<h3>Aj lesn\u00edci h\u013eadaj\u00fa svojich pokra\u010dovate\u013eov<\/h3>\n<p style=\"text-align: justify;\"><em>Ivan Kop\u00e1\u010dik z Detvy pracuje v lese cel\u00fd svoj \u017eivot. Po skon\u010den\u00ed \u0161koly nast\u00fapil do Lesov SR, \u0161t\u00e1tneho podniku na poz\u00edciu ved\u00faci lesn\u00e9ho obvodu kde zotrval a\u017e doteraz. Dnes m\u00e1 10 rokov do d\u00f4chodku, svoj vz\u0165ah k lesu e\u0161te preh\u013abil a k lesn\u00edckej profesii priviedol aj jedn\u00e9ho zo svojich synov. On rovnako ako jeho otec zmaturoval na Strednej lesn\u00edckej \u0161kole.&nbsp;<\/em><\/p>\n<p><a href=\"http:\/\/dualnysystem.sk\/\" target=\"_blank\" rel=\"noopener\">&lt;&lt; Pokra\u010dovanie \u010dl\u00e1nku n\u00e1jdete tu &gt;&gt;<\/a><\/p>\n<p><strong>\u0160koly<\/strong>&nbsp;poskytuj\u00face vzdelanie v odbore oper\u00e1tor lesnej techniky:<\/p>\n<table class=\"table\">\n<tbody>\n<tr>\n<td>&nbsp;Kraj &nbsp;<\/td>\n<td>N\u00e1zov \u0161koly<\/td>\n<td>Adresa \u0161koly<\/td>\n<td>Mesto<\/td>\n<\/tr>\n<tr>\n<td>ZI<\/td>\n<td>SO\u0160 lesn\u00edcka<\/td>\n<td>Medvedzie 135<\/td>\n<td>Tvrdo\u0161\u00edn<\/td>\n<\/tr>\n<tr>\n<td>BB<\/td>\n<td>SO\u0160 slu\u017eieb a lesn\u00edctva<\/td>\n<td>Kolpa\u0161sk\u00e1 1586\/9<\/td>\n<td>Bansk\u00e1 \u0160tiavnica<\/td>\n<\/tr>\n<tr>\n<td>PO<\/td>\n<td>SO\u0160 lesn\u00edcka &#8211; Spojen\u00e1<\/td>\n<td>Bijacovce 1, Bijacovce<\/td>\n<td>Levo\u010da<\/td>\n<\/tr>\n<\/tbody>\n<\/table>\n<p style=\"text-align: justify;\">Kompletn\u00fd zoznam \u0161k\u00f4l, zamestn\u00e1vate\u013eov a u\u010debn\u00fdch odborov v syst\u00e9me du\u00e1lneho vzdel\u00e1vania n\u00e1jdete:&nbsp;<a href=\"http:\/\/www.dualnysystem.sk\/\">http:\/\/www.dualnysystem.sk\/<\/a><\/p>\n<p style=\"text-align: justify;\">Zoznam sa postupne dop\u013a\u0148a o nov\u00e9 \u0161koly i zapojen\u00fdch zamestn\u00e1vate\u013eov. Presn\u00fd zoznam na \u0161kolsk\u00fd rok 2018\/2019 bude k dispoz\u00edcii vo febru\u00e1ri 2018.<\/p>\n<p style=\"text-align: justify;\">Zaujala V\u00e1s profesia lesn\u00edka? Viete, ak\u00e9 predpoklady mus\u00edte sp\u013a\u0148a\u0165? Otestujte sa v \u010dasti \u201ePotrebuje\u0161 sa poradi\u0165 s v\u00fdberom \u0161koly alebo odboru\u201c na <a href=\"http:\/\/www.istp.sk\/pracovny-kompas\" target=\"_blank\" rel=\"noopener\">www.istp.sk\/pracovny-kompas<\/a>.<\/p>\n<p style=\"text-align: justify;\">(Na otestovanie sa, je potrebn\u00e9 sa bezplatne zaregistrova\u0165)<\/p>\n<p>&nbsp;<\/p>","protected":false},"excerpt":{"rendered":"<p>Zam\u00fd\u0161\u013eali ste sa niekedy nad t\u00fdm, v \u010dom v\u0161etkom v na\u0161om \u017eivote figuruje drevo? M\u00e1me radi dreven\u00fd n\u00e1bytok a doplnky, drevom k\u00farime v krbe, radi chod\u00edme na prech\u00e1dzky do lesa \u010di na turistiku. Drevo je trvalo udr\u017eate\u013en\u00e1 a obnovite\u013en\u00e1 surovina, a aby sme pre \u010fal\u0161ie gener\u00e1cie drevo zachovali je potrebn\u00e9 sa o na\u0161e lesy stara\u0165. [&hellip;]<\/p>\n","protected":false},"author":1,"featured_media":2302,"comment_status":"closed","ping_status":"closed","sticky":false,"template":"","format":"standard","meta":{"site-sidebar-layout":"default","site-content-layout":"","ast-site-content-layout":"default","site-content-style":"default","site-sidebar-style":"default","ast-global-header-display":"","ast-banner-title-visibility":"","ast-main-header-display":"","ast-hfb-above-header-display":"","ast-hfb-below-header-display":"","ast-hfb-mobile-header-display":"","site-post-title":"","ast-breadcrumbs-content":"","ast-featured-img":"","footer-sml-layout":"","ast-disable-related-posts":"","theme-transparent-header-meta":"","adv-header-id-meta":"","stick-header-meta":"","header-above-stick-meta":"","header-main-stick-meta":"","header-below-stick-meta":"","astra-migrate-meta-layouts":"default","ast-page-background-enabled":"default","ast-page-background-meta":{"desktop":{"background-color":"var(--ast-global-color-4)","background-image":"","background-repeat":"repeat","background-position":"center center","background-size":"auto","background-attachment":"scroll","background-type":"","background-media":"","overlay-type":"","overlay-color":"","overlay-opacity":"","overlay-gradient":""},"tablet":{"background-color":"","background-image":"","background-repeat":"repeat","background-position":"center center","background-size":"auto","background-attachment":"scroll","background-type":"","background-media":"","overlay-type":"","overlay-color":"","overlay-opacity":"","overlay-gradient":""},"mobile":{"background-color":"","background-image":"","background-repeat":"repeat","background-position":"center center","background-size":"auto","background-attachment":"scroll","background-type":"","background-media":"","overlay-type":"","overlay-color":"","overlay-opacity":"","overlay-gradient":""}},"ast-content-background-meta":{"desktop":{"background-color":"var(--ast-global-color-5)","background-image":"","background-repeat":"repeat","background-position":"center center","background-size":"auto","background-attachment":"scroll","background-type":"","background-media":"","overlay-type":"","overlay-color":"","overlay-opacity":"","overlay-gradient":""},"tablet":{"background-color":"var(--ast-global-color-5)","background-image":"","background-repeat":"repeat","background-position":"center center","background-size":"auto","background-attachment":"scroll","background-type":"","background-media":"","overlay-type":"","overlay-color":"","overlay-opacity":"","overlay-gradient":""},"mobile":{"background-color":"var(--ast-global-color-5)","background-image":"","background-repeat":"repeat","background-position":"center center","background-size":"auto","background-attachment":"scroll","background-type":"","background-media":"","overlay-type":"","overlay-color":"","overlay-opacity":"","overlay-gradient":""}},"footnotes":""},"categories":[1],"tags":[],"class_list":["post-2298","post","type-post","status-publish","format-standard","has-post-thumbnail","hentry","category-aktuality"],"yoast_head":"<!-- This site is optimized with the Yoast SEO plugin v27.5 - https:\/\/yoast.com\/product\/yoast-seo-wordpress\/ -->\n<title>Du\u00e1l in\u0161piruje aj v lete: Povolanie lesn\u00edk - \u0160IOV - \u0161t\u00e1tny in\u0161tit\u00fat odborn\u00e9ho vzdel\u00e1vania<\/title>\n<meta name=\"description\" content=\"Zam\u00fd\u0161\u013eali ste sa niekedy nad t\u00fdm, v \u010dom v\u0161etkom v na\u0161om \u017eivote figuruje drevo? M\u00e1me radi dreven\u00fd n\u00e1bytok a doplnky, drevom k\u00farime v krbe, radi chod\u00edme na prech\u00e1dzky do lesa \u010di na turistiku.\" \/>\n<meta name=\"robots\" content=\"index, follow, max-snippet:-1, max-image-preview:large, max-video-preview:-1\" \/>\n<link rel=\"canonical\" href=\"https:\/\/archiv.siov.sk\/en\/dual-inspiruje-aj-v-lete-povolanie-lesnik\/\" \/>\n<meta property=\"og:locale\" content=\"en_GB\" \/>\n<meta property=\"og:type\" content=\"article\" \/>\n<meta property=\"og:title\" content=\"Du\u00e1l in\u0161piruje aj v lete: Povolanie lesn\u00edk - \u0160IOV - \u0161t\u00e1tny in\u0161tit\u00fat odborn\u00e9ho vzdel\u00e1vania\" \/>\n<meta property=\"og:description\" content=\"Zam\u00fd\u0161\u013eali ste sa niekedy nad t\u00fdm, v \u010dom v\u0161etkom v na\u0161om \u017eivote figuruje drevo? M\u00e1me radi dreven\u00fd n\u00e1bytok a doplnky, drevom k\u00farime v krbe, radi chod\u00edme na prech\u00e1dzky do lesa \u010di na turistiku.\" \/>\n<meta property=\"og:url\" content=\"https:\/\/archiv.siov.sk\/en\/dual-inspiruje-aj-v-lete-povolanie-lesnik\/\" \/>\n<meta property=\"og:site_name\" content=\"\u0160IOV - \u0161t\u00e1tny in\u0161tit\u00fat odborn\u00e9ho vzdel\u00e1vania\" \/>\n<meta property=\"article:publisher\" content=\"https:\/\/www.facebook.com\/Statnyinstitutodbornehovzdelavania\" \/>\n<meta property=\"article:published_time\" content=\"2017-08-14T14:31:31+00:00\" \/>\n<meta property=\"article:modified_time\" content=\"2021-02-24T10:33:07+00:00\" \/>\n<meta property=\"og:image\" content=\"https:\/\/archiv.siov.sk\/wp-content\/uploads\/2019\/02\/top_lesnik.jpg\" \/>\n\t<meta property=\"og:image:width\" content=\"1100\" \/>\n\t<meta property=\"og:image:height\" content=\"445\" \/>\n\t<meta property=\"og:image:type\" content=\"image\/jpeg\" \/>\n<meta name=\"author\" content=\"siovadmin\" \/>\n<meta name=\"twitter:card\" content=\"summary_large_image\" \/>\n<meta name=\"twitter:label1\" content=\"Written by\" \/>\n\t<meta name=\"twitter:data1\" content=\"siovadmin\" \/>\n\t<meta name=\"twitter:label2\" content=\"Estimated reading time\" \/>\n\t<meta name=\"twitter:data2\" content=\"3 minutes\" \/>\n<script type=\"application\/ld+json\" class=\"yoast-schema-graph\">{\"@context\":\"https:\\\/\\\/schema.org\",\"@graph\":[{\"@type\":\"Article\",\"@id\":\"https:\\\/\\\/archiv.siov.sk\\\/dual-inspiruje-aj-v-lete-povolanie-lesnik\\\/#article\",\"isPartOf\":{\"@id\":\"https:\\\/\\\/archiv.siov.sk\\\/dual-inspiruje-aj-v-lete-povolanie-lesnik\\\/\"},\"author\":{\"name\":\"siovadmin\",\"@id\":\"https:\\\/\\\/archiv.siov.sk\\\/#\\\/schema\\\/person\\\/7ae8d95216a02464a9ae6c8dcf8a4018\"},\"headline\":\"Du\u00e1l in\u0161piruje aj v lete: Povolanie lesn\u00edk\",\"datePublished\":\"2017-08-14T14:31:31+00:00\",\"dateModified\":\"2021-02-24T10:33:07+00:00\",\"mainEntityOfPage\":{\"@id\":\"https:\\\/\\\/archiv.siov.sk\\\/dual-inspiruje-aj-v-lete-povolanie-lesnik\\\/\"},\"wordCount\":950,\"publisher\":{\"@id\":\"https:\\\/\\\/archiv.siov.sk\\\/#organization\"},\"image\":{\"@id\":\"https:\\\/\\\/archiv.siov.sk\\\/dual-inspiruje-aj-v-lete-povolanie-lesnik\\\/#primaryimage\"},\"thumbnailUrl\":\"https:\\\/\\\/archiv.siov.sk\\\/wp-content\\\/uploads\\\/2019\\\/02\\\/top_lesnik.jpg\",\"articleSection\":[\"Aktuality\"],\"inLanguage\":\"en-GB\"},{\"@type\":\"WebPage\",\"@id\":\"https:\\\/\\\/archiv.siov.sk\\\/dual-inspiruje-aj-v-lete-povolanie-lesnik\\\/\",\"url\":\"https:\\\/\\\/archiv.siov.sk\\\/dual-inspiruje-aj-v-lete-povolanie-lesnik\\\/\",\"name\":\"Du\u00e1l in\u0161piruje aj v lete: Povolanie lesn\u00edk - \u0160IOV - \u0161t\u00e1tny in\u0161tit\u00fat odborn\u00e9ho vzdel\u00e1vania\",\"isPartOf\":{\"@id\":\"https:\\\/\\\/archiv.siov.sk\\\/#website\"},\"primaryImageOfPage\":{\"@id\":\"https:\\\/\\\/archiv.siov.sk\\\/dual-inspiruje-aj-v-lete-povolanie-lesnik\\\/#primaryimage\"},\"image\":{\"@id\":\"https:\\\/\\\/archiv.siov.sk\\\/dual-inspiruje-aj-v-lete-povolanie-lesnik\\\/#primaryimage\"},\"thumbnailUrl\":\"https:\\\/\\\/archiv.siov.sk\\\/wp-content\\\/uploads\\\/2019\\\/02\\\/top_lesnik.jpg\",\"datePublished\":\"2017-08-14T14:31:31+00:00\",\"dateModified\":\"2021-02-24T10:33:07+00:00\",\"description\":\"Zam\u00fd\u0161\u013eali ste sa niekedy nad t\u00fdm, v \u010dom v\u0161etkom v na\u0161om \u017eivote figuruje drevo? M\u00e1me radi dreven\u00fd n\u00e1bytok a doplnky, drevom k\u00farime v krbe, radi chod\u00edme na prech\u00e1dzky do lesa \u010di na turistiku.\",\"breadcrumb\":{\"@id\":\"https:\\\/\\\/archiv.siov.sk\\\/dual-inspiruje-aj-v-lete-povolanie-lesnik\\\/#breadcrumb\"},\"inLanguage\":\"en-GB\",\"potentialAction\":[{\"@type\":\"ReadAction\",\"target\":[\"https:\\\/\\\/archiv.siov.sk\\\/dual-inspiruje-aj-v-lete-povolanie-lesnik\\\/\"]}]},{\"@type\":\"ImageObject\",\"inLanguage\":\"en-GB\",\"@id\":\"https:\\\/\\\/archiv.siov.sk\\\/dual-inspiruje-aj-v-lete-povolanie-lesnik\\\/#primaryimage\",\"url\":\"https:\\\/\\\/archiv.siov.sk\\\/wp-content\\\/uploads\\\/2019\\\/02\\\/top_lesnik.jpg\",\"contentUrl\":\"https:\\\/\\\/archiv.siov.sk\\\/wp-content\\\/uploads\\\/2019\\\/02\\\/top_lesnik.jpg\",\"width\":1100,\"height\":445},{\"@type\":\"BreadcrumbList\",\"@id\":\"https:\\\/\\\/archiv.siov.sk\\\/dual-inspiruje-aj-v-lete-povolanie-lesnik\\\/#breadcrumb\",\"itemListElement\":[{\"@type\":\"ListItem\",\"position\":1,\"name\":\"Home\",\"item\":\"https:\\\/\\\/archiv.siov.sk\\\/\"},{\"@type\":\"ListItem\",\"position\":2,\"name\":\"Du\u00e1l in\u0161piruje aj v lete: Povolanie lesn\u00edk\"}]},{\"@type\":\"WebSite\",\"@id\":\"https:\\\/\\\/archiv.siov.sk\\\/#website\",\"url\":\"https:\\\/\\\/archiv.siov.sk\\\/\",\"name\":\"\u0160IOV - \u0161t\u00e1tny in\u0161tit\u00fat odborn\u00e9ho vzdel\u00e1vania\",\"description\":\"\",\"publisher\":{\"@id\":\"https:\\\/\\\/archiv.siov.sk\\\/#organization\"},\"potentialAction\":[{\"@type\":\"SearchAction\",\"target\":{\"@type\":\"EntryPoint\",\"urlTemplate\":\"https:\\\/\\\/archiv.siov.sk\\\/?s={search_term_string}\"},\"query-input\":{\"@type\":\"PropertyValueSpecification\",\"valueRequired\":true,\"valueName\":\"search_term_string\"}}],\"inLanguage\":\"en-GB\"},{\"@type\":\"Organization\",\"@id\":\"https:\\\/\\\/archiv.siov.sk\\\/#organization\",\"name\":\"\u0160IOV - \u0161t\u00e1tny in\u0161tit\u00fat odborn\u00e9ho vzdel\u00e1vania\",\"url\":\"https:\\\/\\\/archiv.siov.sk\\\/\",\"logo\":{\"@type\":\"ImageObject\",\"inLanguage\":\"en-GB\",\"@id\":\"https:\\\/\\\/archiv.siov.sk\\\/#\\\/schema\\\/logo\\\/image\\\/\",\"url\":\"https:\\\/\\\/archiv.siov.sk\\\/wp-content\\\/uploads\\\/2024\\\/02\\\/logo-SIOV.png\",\"contentUrl\":\"https:\\\/\\\/archiv.siov.sk\\\/wp-content\\\/uploads\\\/2024\\\/02\\\/logo-SIOV.png\",\"width\":431,\"height\":143,\"caption\":\"\u0160IOV - \u0161t\u00e1tny in\u0161tit\u00fat odborn\u00e9ho vzdel\u00e1vania\"},\"image\":{\"@id\":\"https:\\\/\\\/archiv.siov.sk\\\/#\\\/schema\\\/logo\\\/image\\\/\"},\"sameAs\":[\"https:\\\/\\\/www.facebook.com\\\/Statnyinstitutodbornehovzdelavania\"]},{\"@type\":\"Person\",\"@id\":\"https:\\\/\\\/archiv.siov.sk\\\/#\\\/schema\\\/person\\\/7ae8d95216a02464a9ae6c8dcf8a4018\",\"name\":\"siovadmin\",\"url\":\"https:\\\/\\\/archiv.siov.sk\\\/en\\\/author\\\/siovadmin\\\/\"}]}<\/script>\n<!-- \/ Yoast SEO plugin. -->","yoast_head_json":{"title":"Du\u00e1l in\u0161piruje aj v lete: Povolanie lesn\u00edk - \u0160IOV - \u0161t\u00e1tny in\u0161tit\u00fat odborn\u00e9ho vzdel\u00e1vania","description":"Zam\u00fd\u0161\u013eali ste sa niekedy nad t\u00fdm, v \u010dom v\u0161etkom v na\u0161om \u017eivote figuruje drevo? M\u00e1me radi dreven\u00fd n\u00e1bytok a doplnky, drevom k\u00farime v krbe, radi chod\u00edme na prech\u00e1dzky do lesa \u010di na turistiku.","robots":{"index":"index","follow":"follow","max-snippet":"max-snippet:-1","max-image-preview":"max-image-preview:large","max-video-preview":"max-video-preview:-1"},"canonical":"https:\/\/archiv.siov.sk\/en\/dual-inspiruje-aj-v-lete-povolanie-lesnik\/","og_locale":"en_GB","og_type":"article","og_title":"Du\u00e1l in\u0161piruje aj v lete: Povolanie lesn\u00edk - \u0160IOV - \u0161t\u00e1tny in\u0161tit\u00fat odborn\u00e9ho vzdel\u00e1vania","og_description":"Zam\u00fd\u0161\u013eali ste sa niekedy nad t\u00fdm, v \u010dom v\u0161etkom v na\u0161om \u017eivote figuruje drevo? M\u00e1me radi dreven\u00fd n\u00e1bytok a doplnky, drevom k\u00farime v krbe, radi chod\u00edme na prech\u00e1dzky do lesa \u010di na turistiku.","og_url":"https:\/\/archiv.siov.sk\/en\/dual-inspiruje-aj-v-lete-povolanie-lesnik\/","og_site_name":"\u0160IOV - \u0161t\u00e1tny in\u0161tit\u00fat odborn\u00e9ho vzdel\u00e1vania","article_publisher":"https:\/\/www.facebook.com\/Statnyinstitutodbornehovzdelavania","article_published_time":"2017-08-14T14:31:31+00:00","article_modified_time":"2021-02-24T10:33:07+00:00","og_image":[{"width":1100,"height":445,"url":"https:\/\/archiv.siov.sk\/wp-content\/uploads\/2019\/02\/top_lesnik.jpg","type":"image\/jpeg"}],"author":"siovadmin","twitter_card":"summary_large_image","twitter_misc":{"Written by":"siovadmin","Estimated reading time":"3 minutes"},"schema":{"@context":"https:\/\/schema.org","@graph":[{"@type":"Article","@id":"https:\/\/archiv.siov.sk\/dual-inspiruje-aj-v-lete-povolanie-lesnik\/#article","isPartOf":{"@id":"https:\/\/archiv.siov.sk\/dual-inspiruje-aj-v-lete-povolanie-lesnik\/"},"author":{"name":"siovadmin","@id":"https:\/\/archiv.siov.sk\/#\/schema\/person\/7ae8d95216a02464a9ae6c8dcf8a4018"},"headline":"Du\u00e1l in\u0161piruje aj v lete: Povolanie lesn\u00edk","datePublished":"2017-08-14T14:31:31+00:00","dateModified":"2021-02-24T10:33:07+00:00","mainEntityOfPage":{"@id":"https:\/\/archiv.siov.sk\/dual-inspiruje-aj-v-lete-povolanie-lesnik\/"},"wordCount":950,"publisher":{"@id":"https:\/\/archiv.siov.sk\/#organization"},"image":{"@id":"https:\/\/archiv.siov.sk\/dual-inspiruje-aj-v-lete-povolanie-lesnik\/#primaryimage"},"thumbnailUrl":"https:\/\/archiv.siov.sk\/wp-content\/uploads\/2019\/02\/top_lesnik.jpg","articleSection":["Aktuality"],"inLanguage":"en-GB"},{"@type":"WebPage","@id":"https:\/\/archiv.siov.sk\/dual-inspiruje-aj-v-lete-povolanie-lesnik\/","url":"https:\/\/archiv.siov.sk\/dual-inspiruje-aj-v-lete-povolanie-lesnik\/","name":"Du\u00e1l in\u0161piruje aj v lete: Povolanie lesn\u00edk - \u0160IOV - \u0161t\u00e1tny in\u0161tit\u00fat odborn\u00e9ho vzdel\u00e1vania","isPartOf":{"@id":"https:\/\/archiv.siov.sk\/#website"},"primaryImageOfPage":{"@id":"https:\/\/archiv.siov.sk\/dual-inspiruje-aj-v-lete-povolanie-lesnik\/#primaryimage"},"image":{"@id":"https:\/\/archiv.siov.sk\/dual-inspiruje-aj-v-lete-povolanie-lesnik\/#primaryimage"},"thumbnailUrl":"https:\/\/archiv.siov.sk\/wp-content\/uploads\/2019\/02\/top_lesnik.jpg","datePublished":"2017-08-14T14:31:31+00:00","dateModified":"2021-02-24T10:33:07+00:00","description":"Zam\u00fd\u0161\u013eali ste sa niekedy nad t\u00fdm, v \u010dom v\u0161etkom v na\u0161om \u017eivote figuruje drevo? M\u00e1me radi dreven\u00fd n\u00e1bytok a doplnky, drevom k\u00farime v krbe, radi chod\u00edme na prech\u00e1dzky do lesa \u010di na turistiku.","breadcrumb":{"@id":"https:\/\/archiv.siov.sk\/dual-inspiruje-aj-v-lete-povolanie-lesnik\/#breadcrumb"},"inLanguage":"en-GB","potentialAction":[{"@type":"ReadAction","target":["https:\/\/archiv.siov.sk\/dual-inspiruje-aj-v-lete-povolanie-lesnik\/"]}]},{"@type":"ImageObject","inLanguage":"en-GB","@id":"https:\/\/archiv.siov.sk\/dual-inspiruje-aj-v-lete-povolanie-lesnik\/#primaryimage","url":"https:\/\/archiv.siov.sk\/wp-content\/uploads\/2019\/02\/top_lesnik.jpg","contentUrl":"https:\/\/archiv.siov.sk\/wp-content\/uploads\/2019\/02\/top_lesnik.jpg","width":1100,"height":445},{"@type":"BreadcrumbList","@id":"https:\/\/archiv.siov.sk\/dual-inspiruje-aj-v-lete-povolanie-lesnik\/#breadcrumb","itemListElement":[{"@type":"ListItem","position":1,"name":"Home","item":"https:\/\/archiv.siov.sk\/"},{"@type":"ListItem","position":2,"name":"Du\u00e1l in\u0161piruje aj v lete: Povolanie lesn\u00edk"}]},{"@type":"WebSite","@id":"https:\/\/archiv.siov.sk\/#website","url":"https:\/\/archiv.siov.sk\/","name":"\u0160IOV - \u0161t\u00e1tny in\u0161tit\u00fat odborn\u00e9ho vzdel\u00e1vania","description":"","publisher":{"@id":"https:\/\/archiv.siov.sk\/#organization"},"potentialAction":[{"@type":"SearchAction","target":{"@type":"EntryPoint","urlTemplate":"https:\/\/archiv.siov.sk\/?s={search_term_string}"},"query-input":{"@type":"PropertyValueSpecification","valueRequired":true,"valueName":"search_term_string"}}],"inLanguage":"en-GB"},{"@type":"Organization","@id":"https:\/\/archiv.siov.sk\/#organization","name":"\u0160IOV - \u0161t\u00e1tny in\u0161tit\u00fat odborn\u00e9ho vzdel\u00e1vania","url":"https:\/\/archiv.siov.sk\/","logo":{"@type":"ImageObject","inLanguage":"en-GB","@id":"https:\/\/archiv.siov.sk\/#\/schema\/logo\/image\/","url":"https:\/\/archiv.siov.sk\/wp-content\/uploads\/2024\/02\/logo-SIOV.png","contentUrl":"https:\/\/archiv.siov.sk\/wp-content\/uploads\/2024\/02\/logo-SIOV.png","width":431,"height":143,"caption":"\u0160IOV - \u0161t\u00e1tny in\u0161tit\u00fat odborn\u00e9ho vzdel\u00e1vania"},"image":{"@id":"https:\/\/archiv.siov.sk\/#\/schema\/logo\/image\/"},"sameAs":["https:\/\/www.facebook.com\/Statnyinstitutodbornehovzdelavania"]},{"@type":"Person","@id":"https:\/\/archiv.siov.sk\/#\/schema\/person\/7ae8d95216a02464a9ae6c8dcf8a4018","name":"siovadmin","url":"https:\/\/archiv.siov.sk\/en\/author\/siovadmin\/"}]}},"_links":{"self":[{"href":"https:\/\/archiv.siov.sk\/en\/wp-json\/wp\/v2\/posts\/2298","targetHints":{"allow":["GET"]}}],"collection":[{"href":"https:\/\/archiv.siov.sk\/en\/wp-json\/wp\/v2\/posts"}],"about":[{"href":"https:\/\/archiv.siov.sk\/en\/wp-json\/wp\/v2\/types\/post"}],"author":[{"embeddable":true,"href":"https:\/\/archiv.siov.sk\/en\/wp-json\/wp\/v2\/users\/1"}],"replies":[{"embeddable":true,"href":"https:\/\/archiv.siov.sk\/en\/wp-json\/wp\/v2\/comments?post=2298"}],"version-history":[{"count":5,"href":"https:\/\/archiv.siov.sk\/en\/wp-json\/wp\/v2\/posts\/2298\/revisions"}],"predecessor-version":[{"id":7260,"href":"https:\/\/archiv.siov.sk\/en\/wp-json\/wp\/v2\/posts\/2298\/revisions\/7260"}],"wp:featuredmedia":[{"embeddable":true,"href":"https:\/\/archiv.siov.sk\/en\/wp-json\/wp\/v2\/media\/2302"}],"wp:attachment":[{"href":"https:\/\/archiv.siov.sk\/en\/wp-json\/wp\/v2\/media?parent=2298"}],"wp:term":[{"taxonomy":"category","embeddable":true,"href":"https:\/\/archiv.siov.sk\/en\/wp-json\/wp\/v2\/categories?post=2298"},{"taxonomy":"post_tag","embeddable":true,"href":"https:\/\/archiv.siov.sk\/en\/wp-json\/wp\/v2\/tags?post=2298"}],"curies":[{"name":"wp","href":"https:\/\/api.w.org\/{rel}","templated":true}]}}