{"id":22431,"date":"2026-01-26T14:00:12","date_gmt":"2026-01-26T13:00:12","guid":{"rendered":"https:\/\/archiv.siov.sk\/?p=22431"},"modified":"2026-01-27T14:48:15","modified_gmt":"2026-01-27T13:48:15","slug":"prakticky-seminar-pre-ucitelov-a-ucitelky-cvicna-firma-2-0-v-praxi","status":"publish","type":"post","link":"https:\/\/archiv.siov.sk\/en\/prakticky-seminar-pre-ucitelov-a-ucitelky-cvicna-firma-2-0-v-praxi\/","title":{"rendered":"Praktick\u00fd semin\u00e1r pre u\u010dite\u013eov a u\u010dite\u013eky: Cvi\u010dn\u00e1 firma 2.0 v praxi"},"content":{"rendered":"<p data-start=\"192\" data-end=\"314\">\u0160t\u00e1tny in\u0161tit\u00fat odborn\u00e9ho vzdel\u00e1vania a Hekima, o.z. v\u00e1s srde\u010dne poz\u00fdvaj\u00fa na praktick\u00fd semin\u00e1r <strong data-start=\"287\" data-end=\"311\">Cvi\u010dn\u00e1 firma v praxi<\/strong>.<\/p>\n<p data-start=\"316\" data-end=\"575\">Na semin\u00e1ri predstav\u00edme nov\u00e9 materi\u00e1ly <strong data-start=\"355\" data-end=\"375\">Cvi\u010dn\u00e1 firma 2.0<\/strong>, ktor\u00e9 u\u013eah\u010duj\u00fa pr\u00e1cu u\u010dite\u013eom a u\u010dite\u013ek\u00e1m a umo\u017e\u0148uj\u00fa vies\u0165 v\u00fdu\u010dbu systematicky a zrozumite\u013ene. Uk\u00e1\u017eeme si, ako tieto materi\u00e1ly efekt\u00edvne vyu\u017ei\u0165 v triede a ako ich zapoji\u0165 do u\u017e rozbehnutej v\u00fdu\u010dby.<\/p>\n<p data-start=\"577\" data-end=\"677\">S\u00fa\u010das\u0165ou semin\u00e1ra bude aj t\u00e9ma <strong data-start=\"608\" data-end=\"657\">spolupr\u00e1ce cvi\u010dn\u00fdch firiem s re\u00e1lnymi firmami<\/strong>, kde sa dozviete:<\/p>\n<ul data-start=\"678\" data-end=\"864\">\n<li data-start=\"678\" data-end=\"729\">\n<p data-start=\"680\" data-end=\"729\">Ako vyh\u013eada\u0165 a oslovi\u0165 vhodn\u00e9 partnersk\u00e9 firmy.<\/p>\n<\/li>\n<li data-start=\"730\" data-end=\"797\">\n<p data-start=\"732\" data-end=\"797\">Konkr\u00e9tne formy spolupr\u00e1ce realizovate\u013en\u00e9 v \u0161kolskom prostred\u00ed.<\/p>\n<\/li>\n<li data-start=\"798\" data-end=\"864\">\n<p data-start=\"800\" data-end=\"864\">Tipy na pl\u00e1novanie, realiz\u00e1ciu a dlhodob\u00e9 riadenie spolupr\u00e1ce.<\/p>\n<\/li>\n<\/ul>\n<p data-start=\"866\" data-end=\"884\"><strong data-start=\"866\" data-end=\"882\">\u010co v\u00e1s \u010dak\u00e1:<\/strong><\/p>\n<ul data-start=\"885\" data-end=\"1164\">\n<li data-start=\"885\" data-end=\"1000\">\n<p data-start=\"887\" data-end=\"1000\">Predstavenie pracovn\u00e9ho zo\u0161ita a pr\u00edru\u010diek Cvi\u010dn\u00e1 firma 2.0, vr\u00e1tane vzdel\u00e1vacej hry <strong data-start=\"972\" data-end=\"997\">Podnikanie s poslan\u00edm<\/strong>.<\/p>\n<\/li>\n<li data-start=\"1001\" data-end=\"1095\">\n<p data-start=\"1003\" data-end=\"1095\">Praktick\u00e9 n\u00e1vody, ako spoji\u0165 materi\u00e1ly do jednotn\u00e9ho funk\u010dn\u00e9ho celku po\u010das \u0161kolsk\u00e9ho roka.<\/p>\n<\/li>\n<li data-start=\"1096\" data-end=\"1164\">\n<p data-start=\"1098\" data-end=\"1164\">Diskusia a zdie\u013eanie sk\u00fasenost\u00ed s ostatn\u00fdmi \u00fa\u010dastn\u00edkmi semin\u00e1ra.<\/p>\n<\/li>\n<\/ul>\n<p data-start=\"1166\" data-end=\"1191\"><strong data-start=\"1166\" data-end=\"1189\">Pre\u010do sa z\u00fa\u010dastni\u0165:<\/strong><\/p>\n<ul data-start=\"1192\" data-end=\"1538\">\n<li data-start=\"1192\" data-end=\"1278\">\n<p data-start=\"1194\" data-end=\"1278\">Z\u00edskate jasn\u00fd krok-za-krokom n\u00e1vod, ako efekt\u00edvne vies\u0165 cvi\u010dn\u00fa firmu so \u0161tudentmi.<\/p>\n<\/li>\n<li data-start=\"1279\" data-end=\"1338\">\n<p data-start=\"1281\" data-end=\"1338\">U\u013eah\u010d\u00edte si pr\u00edpravu hod\u00edn v\u010faka praktick\u00fdm materi\u00e1lom.<\/p>\n<\/li>\n<li data-start=\"1339\" data-end=\"1406\">\n<p data-start=\"1341\" data-end=\"1406\">Nau\u010d\u00edte sa prepoji\u0165 v\u00fdu\u010dbu s re\u00e1lnym podnikate\u013esk\u00fdm prostred\u00edm.<\/p>\n<\/li>\n<li data-start=\"1407\" data-end=\"1469\">\n<p data-start=\"1409\" data-end=\"1469\">Z\u00edskate konkr\u00e9tne tipy na udr\u017eate\u013en\u00fa spolupr\u00e1cu s firmami.<\/p>\n<\/li>\n<li data-start=\"1470\" data-end=\"1538\">\n<p data-start=\"1472\" data-end=\"1538\">Zv\u00fd\u0161ite motiv\u00e1ciu a anga\u017eovanos\u0165 \u0161tudentov pri re\u00e1lnych \u00faloh\u00e1ch.<\/p>\n<\/li>\n<\/ul>\n<p><strong>PRAKTICK\u00c9 INFORM\u00c1CIE<\/strong><\/p>\n<p>\u00da\u010das\u0165 na semin\u00e1ri je bezplatn\u00e1.<br \/>\nPrihl\u00e1si\u0165 sa m\u00f4\u017eete prostredn\u00edctvom vyplnenia formul\u00e1ra Google: <a href=\"https:\/\/docs.google.com\/forms\/d\/e\/1FAIpQLSeL0MCrhwBGwVWU1lYi1Gy0n_w9UfoJrcgKKx9Q3wnBlqo8mQ\/viewform?usp=header\">VYPLNI\u0164 FORMUL\u00c1R<\/a><\/p>\n<p>Na v\u00e1\u0161 registra\u010dn\u00fd e-mail v\u00e1m bude zaslan\u00fd link na pripojenie do MS Teams.<\/p>\n<p>V pr\u00edpade ot\u00e1zok nap\u00ed\u0161te projektovej mana\u017e\u00e9rke Mirke na <a href=\"mailto:miroslava.liskova@hekima.sk\">miroslava.liskova@hekima.sk\u00a0<\/a>alebo na <a href=\"mailto:sccf@siov.sk\">sccf@siov.sk<\/a>.<\/p>","protected":false},"excerpt":{"rendered":"<p>\u0160t\u00e1tny in\u0161tit\u00fat odborn\u00e9ho vzdel\u00e1vania a Hekima, o.z. v\u00e1s srde\u010dne poz\u00fdvaj\u00fa na praktick\u00fd semin\u00e1r Cvi\u010dn\u00e1 firma v praxi. Na semin\u00e1ri predstav\u00edme nov\u00e9 materi\u00e1ly Cvi\u010dn\u00e1 firma 2.0, ktor\u00e9 u\u013eah\u010duj\u00fa pr\u00e1cu u\u010dite\u013eom a u\u010dite\u013ek\u00e1m a umo\u017e\u0148uj\u00fa vies\u0165 v\u00fdu\u010dbu systematicky a zrozumite\u013ene. Uk\u00e1\u017eeme si, ako tieto materi\u00e1ly efekt\u00edvne vyu\u017ei\u0165 v triede a ako ich zapoji\u0165 do u\u017e rozbehnutej v\u00fdu\u010dby. [&hellip;]<\/p>\n","protected":false},"author":11,"featured_media":22434,"comment_status":"closed","ping_status":"closed","sticky":false,"template":"","format":"standard","meta":{"site-sidebar-layout":"default","site-content-layout":"","ast-site-content-layout":"default","site-content-style":"default","site-sidebar-style":"default","ast-global-header-display":"","ast-banner-title-visibility":"","ast-main-header-display":"","ast-hfb-above-header-display":"","ast-hfb-below-header-display":"","ast-hfb-mobile-header-display":"","site-post-title":"","ast-breadcrumbs-content":"","ast-featured-img":"","footer-sml-layout":"","ast-disable-related-posts":"","theme-transparent-header-meta":"default","adv-header-id-meta":"","stick-header-meta":"default","header-above-stick-meta":"","header-main-stick-meta":"","header-below-stick-meta":"","astra-migrate-meta-layouts":"set","ast-page-background-enabled":"default","ast-page-background-meta":{"desktop":{"background-color":"var(--ast-global-color-4)","background-image":"","background-repeat":"repeat","background-position":"center center","background-size":"auto","background-attachment":"scroll","background-type":"","background-media":"","overlay-type":"","overlay-color":"","overlay-opacity":"","overlay-gradient":""},"tablet":{"background-color":"","background-image":"","background-repeat":"repeat","background-position":"center center","background-size":"auto","background-attachment":"scroll","background-type":"","background-media":"","overlay-type":"","overlay-color":"","overlay-opacity":"","overlay-gradient":""},"mobile":{"background-color":"","background-image":"","background-repeat":"repeat","background-position":"center center","background-size":"auto","background-attachment":"scroll","background-type":"","background-media":"","overlay-type":"","overlay-color":"","overlay-opacity":"","overlay-gradient":""}},"ast-content-background-meta":{"desktop":{"background-color":"var(--ast-global-color-5)","background-image":"","background-repeat":"repeat","background-position":"center center","background-size":"auto","background-attachment":"scroll","background-type":"","background-media":"","overlay-type":"","overlay-color":"","overlay-opacity":"","overlay-gradient":""},"tablet":{"background-color":"var(--ast-global-color-5)","background-image":"","background-repeat":"repeat","background-position":"center center","background-size":"auto","background-attachment":"scroll","background-type":"","background-media":"","overlay-type":"","overlay-color":"","overlay-opacity":"","overlay-gradient":""},"mobile":{"background-color":"var(--ast-global-color-5)","background-image":"","background-repeat":"repeat","background-position":"center center","background-size":"auto","background-attachment":"scroll","background-type":"","background-media":"","overlay-type":"","overlay-color":"","overlay-opacity":"","overlay-gradient":""}},"footnotes":""},"categories":[1],"tags":[],"class_list":["post-22431","post","type-post","status-publish","format-standard","has-post-thumbnail","hentry","category-aktuality"],"yoast_head":"<!-- This site is optimized with the Yoast SEO plugin v27.5 - https:\/\/yoast.com\/product\/yoast-seo-wordpress\/ -->\n<title>Praktick\u00fd semin\u00e1r pre u\u010dite\u013eov a u\u010dite\u013eky: Cvi\u010dn\u00e1 firma 2.0 v praxi - \u0160IOV - \u0161t\u00e1tny in\u0161tit\u00fat odborn\u00e9ho vzdel\u00e1vania<\/title>\n<meta name=\"robots\" content=\"index, follow, max-snippet:-1, max-image-preview:large, max-video-preview:-1\" \/>\n<link rel=\"canonical\" href=\"https:\/\/archiv.siov.sk\/en\/prakticky-seminar-pre-ucitelov-a-ucitelky-cvicna-firma-2-0-v-praxi\/\" \/>\n<meta property=\"og:locale\" content=\"en_GB\" \/>\n<meta property=\"og:type\" content=\"article\" \/>\n<meta property=\"og:title\" content=\"Praktick\u00fd semin\u00e1r pre u\u010dite\u013eov a u\u010dite\u013eky: Cvi\u010dn\u00e1 firma 2.0 v praxi - \u0160IOV - \u0161t\u00e1tny in\u0161tit\u00fat odborn\u00e9ho vzdel\u00e1vania\" \/>\n<meta property=\"og:description\" content=\"\u0160t\u00e1tny in\u0161tit\u00fat odborn\u00e9ho vzdel\u00e1vania a Hekima, o.z. v\u00e1s srde\u010dne poz\u00fdvaj\u00fa na praktick\u00fd semin\u00e1r Cvi\u010dn\u00e1 firma v praxi. Na semin\u00e1ri predstav\u00edme nov\u00e9 materi\u00e1ly Cvi\u010dn\u00e1 firma 2.0, ktor\u00e9 u\u013eah\u010duj\u00fa pr\u00e1cu u\u010dite\u013eom a u\u010dite\u013ek\u00e1m a umo\u017e\u0148uj\u00fa vies\u0165 v\u00fdu\u010dbu systematicky a zrozumite\u013ene. Uk\u00e1\u017eeme si, ako tieto materi\u00e1ly efekt\u00edvne vyu\u017ei\u0165 v triede a ako ich zapoji\u0165 do u\u017e rozbehnutej v\u00fdu\u010dby. [&hellip;]\" \/>\n<meta property=\"og:url\" content=\"https:\/\/archiv.siov.sk\/en\/prakticky-seminar-pre-ucitelov-a-ucitelky-cvicna-firma-2-0-v-praxi\/\" \/>\n<meta property=\"og:site_name\" content=\"\u0160IOV - \u0161t\u00e1tny in\u0161tit\u00fat odborn\u00e9ho vzdel\u00e1vania\" \/>\n<meta property=\"article:publisher\" content=\"https:\/\/www.facebook.com\/Statnyinstitutodbornehovzdelavania\" \/>\n<meta property=\"article:published_time\" content=\"2026-01-26T13:00:12+00:00\" \/>\n<meta property=\"article:modified_time\" content=\"2026-01-27T13:48:15+00:00\" \/>\n<meta property=\"og:image\" content=\"https:\/\/archiv.siov.sk\/wp-content\/uploads\/2026\/01\/20260127_144131-scaled.jpg\" \/>\n\t<meta property=\"og:image:width\" content=\"2560\" \/>\n\t<meta property=\"og:image:height\" content=\"1920\" \/>\n\t<meta property=\"og:image:type\" content=\"image\/jpeg\" \/>\n<meta name=\"author\" content=\"Sylvia Hamadejova\" \/>\n<meta name=\"twitter:card\" content=\"summary_large_image\" \/>\n<meta name=\"twitter:label1\" content=\"Written by\" \/>\n\t<meta name=\"twitter:data1\" content=\"Sylvia Hamadejova\" \/>\n\t<meta name=\"twitter:label2\" content=\"Estimated reading time\" \/>\n\t<meta name=\"twitter:data2\" content=\"2 minutes\" \/>\n<script type=\"application\/ld+json\" class=\"yoast-schema-graph\">{\"@context\":\"https:\\\/\\\/schema.org\",\"@graph\":[{\"@type\":\"Article\",\"@id\":\"https:\\\/\\\/archiv.siov.sk\\\/prakticky-seminar-pre-ucitelov-a-ucitelky-cvicna-firma-2-0-v-praxi\\\/#article\",\"isPartOf\":{\"@id\":\"https:\\\/\\\/archiv.siov.sk\\\/prakticky-seminar-pre-ucitelov-a-ucitelky-cvicna-firma-2-0-v-praxi\\\/\"},\"author\":{\"name\":\"Sylvia Hamadejova\",\"@id\":\"https:\\\/\\\/archiv.siov.sk\\\/#\\\/schema\\\/person\\\/70de33c3c88facac4a386ef06f733b92\"},\"headline\":\"Praktick\u00fd semin\u00e1r pre u\u010dite\u013eov a u\u010dite\u013eky: Cvi\u010dn\u00e1 firma 2.0 v praxi\",\"datePublished\":\"2026-01-26T13:00:12+00:00\",\"dateModified\":\"2026-01-27T13:48:15+00:00\",\"mainEntityOfPage\":{\"@id\":\"https:\\\/\\\/archiv.siov.sk\\\/prakticky-seminar-pre-ucitelov-a-ucitelky-cvicna-firma-2-0-v-praxi\\\/\"},\"wordCount\":345,\"publisher\":{\"@id\":\"https:\\\/\\\/archiv.siov.sk\\\/#organization\"},\"image\":{\"@id\":\"https:\\\/\\\/archiv.siov.sk\\\/prakticky-seminar-pre-ucitelov-a-ucitelky-cvicna-firma-2-0-v-praxi\\\/#primaryimage\"},\"thumbnailUrl\":\"https:\\\/\\\/archiv.siov.sk\\\/wp-content\\\/uploads\\\/2026\\\/01\\\/20260127_144131-scaled.jpg\",\"articleSection\":[\"Aktuality\"],\"inLanguage\":\"en-GB\"},{\"@type\":\"WebPage\",\"@id\":\"https:\\\/\\\/archiv.siov.sk\\\/prakticky-seminar-pre-ucitelov-a-ucitelky-cvicna-firma-2-0-v-praxi\\\/\",\"url\":\"https:\\\/\\\/archiv.siov.sk\\\/prakticky-seminar-pre-ucitelov-a-ucitelky-cvicna-firma-2-0-v-praxi\\\/\",\"name\":\"Praktick\u00fd semin\u00e1r pre u\u010dite\u013eov a u\u010dite\u013eky: Cvi\u010dn\u00e1 firma 2.0 v praxi - \u0160IOV - \u0161t\u00e1tny in\u0161tit\u00fat odborn\u00e9ho vzdel\u00e1vania\",\"isPartOf\":{\"@id\":\"https:\\\/\\\/archiv.siov.sk\\\/#website\"},\"primaryImageOfPage\":{\"@id\":\"https:\\\/\\\/archiv.siov.sk\\\/prakticky-seminar-pre-ucitelov-a-ucitelky-cvicna-firma-2-0-v-praxi\\\/#primaryimage\"},\"image\":{\"@id\":\"https:\\\/\\\/archiv.siov.sk\\\/prakticky-seminar-pre-ucitelov-a-ucitelky-cvicna-firma-2-0-v-praxi\\\/#primaryimage\"},\"thumbnailUrl\":\"https:\\\/\\\/archiv.siov.sk\\\/wp-content\\\/uploads\\\/2026\\\/01\\\/20260127_144131-scaled.jpg\",\"datePublished\":\"2026-01-26T13:00:12+00:00\",\"dateModified\":\"2026-01-27T13:48:15+00:00\",\"breadcrumb\":{\"@id\":\"https:\\\/\\\/archiv.siov.sk\\\/prakticky-seminar-pre-ucitelov-a-ucitelky-cvicna-firma-2-0-v-praxi\\\/#breadcrumb\"},\"inLanguage\":\"en-GB\",\"potentialAction\":[{\"@type\":\"ReadAction\",\"target\":[\"https:\\\/\\\/archiv.siov.sk\\\/prakticky-seminar-pre-ucitelov-a-ucitelky-cvicna-firma-2-0-v-praxi\\\/\"]}]},{\"@type\":\"ImageObject\",\"inLanguage\":\"en-GB\",\"@id\":\"https:\\\/\\\/archiv.siov.sk\\\/prakticky-seminar-pre-ucitelov-a-ucitelky-cvicna-firma-2-0-v-praxi\\\/#primaryimage\",\"url\":\"https:\\\/\\\/archiv.siov.sk\\\/wp-content\\\/uploads\\\/2026\\\/01\\\/20260127_144131-scaled.jpg\",\"contentUrl\":\"https:\\\/\\\/archiv.siov.sk\\\/wp-content\\\/uploads\\\/2026\\\/01\\\/20260127_144131-scaled.jpg\",\"width\":2560,\"height\":1920},{\"@type\":\"BreadcrumbList\",\"@id\":\"https:\\\/\\\/archiv.siov.sk\\\/prakticky-seminar-pre-ucitelov-a-ucitelky-cvicna-firma-2-0-v-praxi\\\/#breadcrumb\",\"itemListElement\":[{\"@type\":\"ListItem\",\"position\":1,\"name\":\"Home\",\"item\":\"https:\\\/\\\/archiv.siov.sk\\\/\"},{\"@type\":\"ListItem\",\"position\":2,\"name\":\"Praktick\u00fd semin\u00e1r pre u\u010dite\u013eov a u\u010dite\u013eky: Cvi\u010dn\u00e1 firma 2.0 v praxi\"}]},{\"@type\":\"WebSite\",\"@id\":\"https:\\\/\\\/archiv.siov.sk\\\/#website\",\"url\":\"https:\\\/\\\/archiv.siov.sk\\\/\",\"name\":\"\u0160IOV - \u0161t\u00e1tny in\u0161tit\u00fat odborn\u00e9ho vzdel\u00e1vania\",\"description\":\"\",\"publisher\":{\"@id\":\"https:\\\/\\\/archiv.siov.sk\\\/#organization\"},\"potentialAction\":[{\"@type\":\"SearchAction\",\"target\":{\"@type\":\"EntryPoint\",\"urlTemplate\":\"https:\\\/\\\/archiv.siov.sk\\\/?s={search_term_string}\"},\"query-input\":{\"@type\":\"PropertyValueSpecification\",\"valueRequired\":true,\"valueName\":\"search_term_string\"}}],\"inLanguage\":\"en-GB\"},{\"@type\":\"Organization\",\"@id\":\"https:\\\/\\\/archiv.siov.sk\\\/#organization\",\"name\":\"\u0160IOV - \u0161t\u00e1tny in\u0161tit\u00fat odborn\u00e9ho vzdel\u00e1vania\",\"url\":\"https:\\\/\\\/archiv.siov.sk\\\/\",\"logo\":{\"@type\":\"ImageObject\",\"inLanguage\":\"en-GB\",\"@id\":\"https:\\\/\\\/archiv.siov.sk\\\/#\\\/schema\\\/logo\\\/image\\\/\",\"url\":\"https:\\\/\\\/archiv.siov.sk\\\/wp-content\\\/uploads\\\/2024\\\/02\\\/logo-SIOV.png\",\"contentUrl\":\"https:\\\/\\\/archiv.siov.sk\\\/wp-content\\\/uploads\\\/2024\\\/02\\\/logo-SIOV.png\",\"width\":431,\"height\":143,\"caption\":\"\u0160IOV - \u0161t\u00e1tny in\u0161tit\u00fat odborn\u00e9ho vzdel\u00e1vania\"},\"image\":{\"@id\":\"https:\\\/\\\/archiv.siov.sk\\\/#\\\/schema\\\/logo\\\/image\\\/\"},\"sameAs\":[\"https:\\\/\\\/www.facebook.com\\\/Statnyinstitutodbornehovzdelavania\"]},{\"@type\":\"Person\",\"@id\":\"https:\\\/\\\/archiv.siov.sk\\\/#\\\/schema\\\/person\\\/70de33c3c88facac4a386ef06f733b92\",\"name\":\"Sylvia Hamadejova\",\"url\":\"https:\\\/\\\/archiv.siov.sk\\\/en\\\/author\\\/hamadejovas\\\/\"}]}<\/script>\n<!-- \/ Yoast SEO plugin. -->","yoast_head_json":{"title":"Praktick\u00fd semin\u00e1r pre u\u010dite\u013eov a u\u010dite\u013eky: Cvi\u010dn\u00e1 firma 2.0 v praxi - \u0160IOV - \u0161t\u00e1tny in\u0161tit\u00fat odborn\u00e9ho vzdel\u00e1vania","robots":{"index":"index","follow":"follow","max-snippet":"max-snippet:-1","max-image-preview":"max-image-preview:large","max-video-preview":"max-video-preview:-1"},"canonical":"https:\/\/archiv.siov.sk\/en\/prakticky-seminar-pre-ucitelov-a-ucitelky-cvicna-firma-2-0-v-praxi\/","og_locale":"en_GB","og_type":"article","og_title":"Praktick\u00fd semin\u00e1r pre u\u010dite\u013eov a u\u010dite\u013eky: Cvi\u010dn\u00e1 firma 2.0 v praxi - \u0160IOV - \u0161t\u00e1tny in\u0161tit\u00fat odborn\u00e9ho vzdel\u00e1vania","og_description":"\u0160t\u00e1tny in\u0161tit\u00fat odborn\u00e9ho vzdel\u00e1vania a Hekima, o.z. v\u00e1s srde\u010dne poz\u00fdvaj\u00fa na praktick\u00fd semin\u00e1r Cvi\u010dn\u00e1 firma v praxi. Na semin\u00e1ri predstav\u00edme nov\u00e9 materi\u00e1ly Cvi\u010dn\u00e1 firma 2.0, ktor\u00e9 u\u013eah\u010duj\u00fa pr\u00e1cu u\u010dite\u013eom a u\u010dite\u013ek\u00e1m a umo\u017e\u0148uj\u00fa vies\u0165 v\u00fdu\u010dbu systematicky a zrozumite\u013ene. Uk\u00e1\u017eeme si, ako tieto materi\u00e1ly efekt\u00edvne vyu\u017ei\u0165 v triede a ako ich zapoji\u0165 do u\u017e rozbehnutej v\u00fdu\u010dby. [&hellip;]","og_url":"https:\/\/archiv.siov.sk\/en\/prakticky-seminar-pre-ucitelov-a-ucitelky-cvicna-firma-2-0-v-praxi\/","og_site_name":"\u0160IOV - \u0161t\u00e1tny in\u0161tit\u00fat odborn\u00e9ho vzdel\u00e1vania","article_publisher":"https:\/\/www.facebook.com\/Statnyinstitutodbornehovzdelavania","article_published_time":"2026-01-26T13:00:12+00:00","article_modified_time":"2026-01-27T13:48:15+00:00","og_image":[{"width":2560,"height":1920,"url":"https:\/\/archiv.siov.sk\/wp-content\/uploads\/2026\/01\/20260127_144131-scaled.jpg","type":"image\/jpeg"}],"author":"Sylvia Hamadejova","twitter_card":"summary_large_image","twitter_misc":{"Written by":"Sylvia Hamadejova","Estimated reading time":"2 minutes"},"schema":{"@context":"https:\/\/schema.org","@graph":[{"@type":"Article","@id":"https:\/\/archiv.siov.sk\/prakticky-seminar-pre-ucitelov-a-ucitelky-cvicna-firma-2-0-v-praxi\/#article","isPartOf":{"@id":"https:\/\/archiv.siov.sk\/prakticky-seminar-pre-ucitelov-a-ucitelky-cvicna-firma-2-0-v-praxi\/"},"author":{"name":"Sylvia Hamadejova","@id":"https:\/\/archiv.siov.sk\/#\/schema\/person\/70de33c3c88facac4a386ef06f733b92"},"headline":"Praktick\u00fd semin\u00e1r pre u\u010dite\u013eov a u\u010dite\u013eky: Cvi\u010dn\u00e1 firma 2.0 v praxi","datePublished":"2026-01-26T13:00:12+00:00","dateModified":"2026-01-27T13:48:15+00:00","mainEntityOfPage":{"@id":"https:\/\/archiv.siov.sk\/prakticky-seminar-pre-ucitelov-a-ucitelky-cvicna-firma-2-0-v-praxi\/"},"wordCount":345,"publisher":{"@id":"https:\/\/archiv.siov.sk\/#organization"},"image":{"@id":"https:\/\/archiv.siov.sk\/prakticky-seminar-pre-ucitelov-a-ucitelky-cvicna-firma-2-0-v-praxi\/#primaryimage"},"thumbnailUrl":"https:\/\/archiv.siov.sk\/wp-content\/uploads\/2026\/01\/20260127_144131-scaled.jpg","articleSection":["Aktuality"],"inLanguage":"en-GB"},{"@type":"WebPage","@id":"https:\/\/archiv.siov.sk\/prakticky-seminar-pre-ucitelov-a-ucitelky-cvicna-firma-2-0-v-praxi\/","url":"https:\/\/archiv.siov.sk\/prakticky-seminar-pre-ucitelov-a-ucitelky-cvicna-firma-2-0-v-praxi\/","name":"Praktick\u00fd semin\u00e1r pre u\u010dite\u013eov a u\u010dite\u013eky: Cvi\u010dn\u00e1 firma 2.0 v praxi - \u0160IOV - \u0161t\u00e1tny in\u0161tit\u00fat odborn\u00e9ho vzdel\u00e1vania","isPartOf":{"@id":"https:\/\/archiv.siov.sk\/#website"},"primaryImageOfPage":{"@id":"https:\/\/archiv.siov.sk\/prakticky-seminar-pre-ucitelov-a-ucitelky-cvicna-firma-2-0-v-praxi\/#primaryimage"},"image":{"@id":"https:\/\/archiv.siov.sk\/prakticky-seminar-pre-ucitelov-a-ucitelky-cvicna-firma-2-0-v-praxi\/#primaryimage"},"thumbnailUrl":"https:\/\/archiv.siov.sk\/wp-content\/uploads\/2026\/01\/20260127_144131-scaled.jpg","datePublished":"2026-01-26T13:00:12+00:00","dateModified":"2026-01-27T13:48:15+00:00","breadcrumb":{"@id":"https:\/\/archiv.siov.sk\/prakticky-seminar-pre-ucitelov-a-ucitelky-cvicna-firma-2-0-v-praxi\/#breadcrumb"},"inLanguage":"en-GB","potentialAction":[{"@type":"ReadAction","target":["https:\/\/archiv.siov.sk\/prakticky-seminar-pre-ucitelov-a-ucitelky-cvicna-firma-2-0-v-praxi\/"]}]},{"@type":"ImageObject","inLanguage":"en-GB","@id":"https:\/\/archiv.siov.sk\/prakticky-seminar-pre-ucitelov-a-ucitelky-cvicna-firma-2-0-v-praxi\/#primaryimage","url":"https:\/\/archiv.siov.sk\/wp-content\/uploads\/2026\/01\/20260127_144131-scaled.jpg","contentUrl":"https:\/\/archiv.siov.sk\/wp-content\/uploads\/2026\/01\/20260127_144131-scaled.jpg","width":2560,"height":1920},{"@type":"BreadcrumbList","@id":"https:\/\/archiv.siov.sk\/prakticky-seminar-pre-ucitelov-a-ucitelky-cvicna-firma-2-0-v-praxi\/#breadcrumb","itemListElement":[{"@type":"ListItem","position":1,"name":"Home","item":"https:\/\/archiv.siov.sk\/"},{"@type":"ListItem","position":2,"name":"Praktick\u00fd semin\u00e1r pre u\u010dite\u013eov a u\u010dite\u013eky: Cvi\u010dn\u00e1 firma 2.0 v praxi"}]},{"@type":"WebSite","@id":"https:\/\/archiv.siov.sk\/#website","url":"https:\/\/archiv.siov.sk\/","name":"\u0160IOV - \u0161t\u00e1tny in\u0161tit\u00fat odborn\u00e9ho vzdel\u00e1vania","description":"","publisher":{"@id":"https:\/\/archiv.siov.sk\/#organization"},"potentialAction":[{"@type":"SearchAction","target":{"@type":"EntryPoint","urlTemplate":"https:\/\/archiv.siov.sk\/?s={search_term_string}"},"query-input":{"@type":"PropertyValueSpecification","valueRequired":true,"valueName":"search_term_string"}}],"inLanguage":"en-GB"},{"@type":"Organization","@id":"https:\/\/archiv.siov.sk\/#organization","name":"\u0160IOV - \u0161t\u00e1tny in\u0161tit\u00fat odborn\u00e9ho vzdel\u00e1vania","url":"https:\/\/archiv.siov.sk\/","logo":{"@type":"ImageObject","inLanguage":"en-GB","@id":"https:\/\/archiv.siov.sk\/#\/schema\/logo\/image\/","url":"https:\/\/archiv.siov.sk\/wp-content\/uploads\/2024\/02\/logo-SIOV.png","contentUrl":"https:\/\/archiv.siov.sk\/wp-content\/uploads\/2024\/02\/logo-SIOV.png","width":431,"height":143,"caption":"\u0160IOV - \u0161t\u00e1tny in\u0161tit\u00fat odborn\u00e9ho vzdel\u00e1vania"},"image":{"@id":"https:\/\/archiv.siov.sk\/#\/schema\/logo\/image\/"},"sameAs":["https:\/\/www.facebook.com\/Statnyinstitutodbornehovzdelavania"]},{"@type":"Person","@id":"https:\/\/archiv.siov.sk\/#\/schema\/person\/70de33c3c88facac4a386ef06f733b92","name":"Sylvia Hamadejova","url":"https:\/\/archiv.siov.sk\/en\/author\/hamadejovas\/"}]}},"_links":{"self":[{"href":"https:\/\/archiv.siov.sk\/en\/wp-json\/wp\/v2\/posts\/22431","targetHints":{"allow":["GET"]}}],"collection":[{"href":"https:\/\/archiv.siov.sk\/en\/wp-json\/wp\/v2\/posts"}],"about":[{"href":"https:\/\/archiv.siov.sk\/en\/wp-json\/wp\/v2\/types\/post"}],"author":[{"embeddable":true,"href":"https:\/\/archiv.siov.sk\/en\/wp-json\/wp\/v2\/users\/11"}],"replies":[{"embeddable":true,"href":"https:\/\/archiv.siov.sk\/en\/wp-json\/wp\/v2\/comments?post=22431"}],"version-history":[{"count":2,"href":"https:\/\/archiv.siov.sk\/en\/wp-json\/wp\/v2\/posts\/22431\/revisions"}],"predecessor-version":[{"id":22433,"href":"https:\/\/archiv.siov.sk\/en\/wp-json\/wp\/v2\/posts\/22431\/revisions\/22433"}],"wp:featuredmedia":[{"embeddable":true,"href":"https:\/\/archiv.siov.sk\/en\/wp-json\/wp\/v2\/media\/22434"}],"wp:attachment":[{"href":"https:\/\/archiv.siov.sk\/en\/wp-json\/wp\/v2\/media?parent=22431"}],"wp:term":[{"taxonomy":"category","embeddable":true,"href":"https:\/\/archiv.siov.sk\/en\/wp-json\/wp\/v2\/categories?post=22431"},{"taxonomy":"post_tag","embeddable":true,"href":"https:\/\/archiv.siov.sk\/en\/wp-json\/wp\/v2\/tags?post=22431"}],"curies":[{"name":"wp","href":"https:\/\/api.w.org\/{rel}","templated":true}]}}