{"id":22407,"date":"2026-01-27T11:57:42","date_gmt":"2026-01-27T10:57:42","guid":{"rendered":"https:\/\/archiv.siov.sk\/?p=22407"},"modified":"2026-01-27T12:00:54","modified_gmt":"2026-01-27T11:00:54","slug":"menej-prekazok-pre-cudzincov-na-pracovisku-siov-a-iom-pripravuju-nove-integracne-nastroje","status":"publish","type":"post","link":"https:\/\/archiv.siov.sk\/en\/menej-prekazok-pre-cudzincov-na-pracovisku-siov-a-iom-pripravuju-nove-integracne-nastroje\/","title":{"rendered":"Menej prek\u00e1\u017eok pre cudzincov na pracovisku? \u0160IOV a IOM pripravuj\u00fa nov\u00e9 integra\u010dn\u00e9 n\u00e1stroje"},"content":{"rendered":"<div data-elementor-type=\"wp-post\" data-elementor-id=\"22407\" class=\"elementor elementor-22407\" data-elementor-post-type=\"post\">\n\t\t\t\t<div class=\"elementor-element elementor-element-36715abd e-flex e-con-boxed e-con e-parent\" data-id=\"36715abd\" data-element_type=\"container\" data-e-type=\"container\">\n\t\t\t\t\t<div class=\"e-con-inner\">\n\t\t\t\t<div class=\"elementor-element elementor-element-15b3f66a elementor-widget elementor-widget-text-editor\" data-id=\"15b3f66a\" data-element_type=\"widget\" data-e-type=\"widget\" data-widget_type=\"text-editor.default\">\n\t\t\t\t<div class=\"elementor-widget-container\">\n\t\t\t\t\t\t\t\t\t<p><strong>Slovensk\u00fd trh pr\u00e1ce z\u00e1pas\u00ed s nedostatkom zamestnancov, \u010do n\u00fati firmy \u010doraz \u010dastej\u0161ie h\u013eada\u0165 posily v zahrani\u010d\u00ed. Samotn\u00fd n\u00e1bor v\u0161ak nesta\u010d\u00ed. \u0160t\u00e1tny in\u0161tit\u00fat odborn\u00e9ho vzdel\u00e1vania (\u0160IOV) v spolupr\u00e1ci s Medzin\u00e1rodnou organiz\u00e1ciou pre migr\u00e1ciu (IOM) preto sp\u00fa\u0161\u0165aj\u00fa unik\u00e1tnu iniciat\u00edvu, ktor\u00e1 m\u00e1 zamestn\u00e1vate\u013eom pom\u00f4c\u0165 rie\u0161i\u0165 bari\u00e9ry pri za\u010dle\u0148ovan\u00ed cudzincov do pracovn\u00fdch kolekt\u00edvov.<\/strong><\/p><p>Z\u00e1stupcovia oboch in\u0161tit\u00faci\u00ed dnes v priestoroch Swiss Contribution Office v Bratislave podp\u00edsali zmluvu o spolupr\u00e1ci. T\u00e1to aktivita je jednou z k\u013e\u00fa\u010dov\u00fdch s\u00fa\u010dast\u00ed druh\u00e9ho Programu \u0161vaj\u010diarsko-slovenskej spolupr\u00e1ce a predstavuje syst\u00e9mov\u00fa odpove\u010f na aktu\u00e1lne v\u00fdzvy slovensk\u00fdch podnikov.<\/p><p><strong>Trhov\u00fd kontext: Rekordn\u00e9 \u010d\u00edsla volaj\u00fa po syst\u00e9me<\/strong><\/p><p>Pod\u013ea najnov\u0161\u00edch \u00fadajov \u00dastredia pr\u00e1ce, soci\u00e1lnych vec\u00ed a rodiny (\u00daPSVaR) pracovalo na Slovensku ku koncu roka 2025 viac ako 141 000 cudzincov, \u010do predstavuje historick\u00e9 maximum. Najv\u00e4\u010d\u0161iu skupinu tvoria ob\u010dania Ukrajiny, no dynamicky rastie aj po\u010det zamestnancov z tzv. tret\u00edch kraj\u00edn, ako s\u00fa India, Gruz\u00ednsko \u010di Filip\u00edny. Hoci miera nezamestnanosti ost\u00e1va na n\u00edzkych \u00farovniach (okolo 5 %), firmy hl\u00e1sia ak\u00fatny nedostatok \u013eud\u00ed najm\u00e4 v priemysle a doprave.<\/p><p>Cie\u013eom partnerstva \u0160IOV a IOM je preto tvorba sady metodick\u00fdch n\u00e1strojov a usmernen\u00ed, ktor\u00e9 zamestn\u00e1vate\u013eov preved\u00fa cel\u00fdm procesom integr\u00e1cie \u2013 od legislat\u00edvnych povinnost\u00ed a prv\u00fdch dn\u00ed nov\u00e9ho zamestnanca (onboarding) a\u017e po budovanie prijate\u013enej atmosf\u00e9ry v multikult\u00farnych t\u00edmoch. D\u00f4le\u017eitos\u0165 odborn\u00e9ho z\u00e1zemia pre firmy zd\u00f4raznil pri podpise Branislav Had\u00e1r, riadite\u013e \u0160IOV: <em>\u201eNa\u0161\u00edm cie\u013eom je poskytn\u00fa\u0165 firm\u00e1m na Slovensku jasn\u00fd a uchopite\u013en\u00fd syst\u00e9m. Integr\u00e1cia cudzincov na pracovisku nesmie by\u0165 len o administrat\u00edve, ale o vytv\u00e1ran\u00ed prostredia, kde sa naplno vyu\u017eije potenci\u00e1l ka\u017ed\u00e9ho zamestnanca. Ver\u00edm, \u017ee tieto nov\u00e9 metodick\u00e9 n\u00e1stroje pom\u00f4\u017eu slovensk\u00fdm podnikom nielen n\u00e1js\u0165, ale najm\u00e4 si udr\u017ea\u0165 kvalifikovan\u00fdch zamestnancov zo zahrani\u010dia.\u201c<\/em><\/p><p><strong>Rie\u0161enie kult\u00farnych rozdielov aj legislat\u00edvy<\/strong><\/p><p>Pripravovan\u00e9 materi\u00e1ly sa zameraj\u00fa na re\u00e1lne situ\u00e1cie z praxe. Zamestn\u00e1vatelia v nich n\u00e1jdu odpor\u00fa\u010dania pre sociokult\u00farnu orient\u00e1ciu, komunik\u00e1ciu v t\u00edme, kde sa stret\u00e1vaj\u00fa r\u00f4zne kult\u00fary, a n\u00e1vody na rie\u0161enie be\u017en\u00fdch situ\u00e1ci\u00ed s\u00favisiacich so zamestn\u00e1van\u00edm cudzincov. K\u013e\u00fa\u010dov\u00fa \u00falohu inkl\u00fazie na pracovisku vyzdvihol aj Valon Halimi, ved\u00faci misie IOM na Slovensku: <em>\u201e\u00daspe\u0161n\u00e1 integr\u00e1cia na pracovisku je k\u013e\u00fa\u010dom k soci\u00e1lnej stabilite a ekonomickej prosperite. Zamestn\u00e1vatelia s\u00fa v tomto procese na\u0161imi partnermi v prvej l\u00ednii. V\u010faka tejto spolupr\u00e1ci im dod\u00e1me overen\u00e9 postupy, ako efekt\u00edvne komunikova\u0165 v multikult\u00farnom t\u00edme \u00a0a budova\u0165 inkluz\u00edvne prostredie, ktor\u00e9 je otvoren\u00e9 rozmanitosti a vz\u00e1jomn\u00e9mu re\u0161pektu.\u201c<\/em><\/p><p><strong>Overen\u00e9 v re\u00e1lnych firm\u00e1ch<\/strong><\/p><p>Aby boli v\u00fdstupy projektu \u010do naju\u017eito\u010dnej\u0161ie, nebud\u00fa vznika\u0165 len \u201eod stola\u201c. Po\u010das realiz\u00e1cie bud\u00fa materi\u00e1ly pilotne overovan\u00e9 priamo u zapojen\u00fdch zamestn\u00e1vate\u013eov. Ich sp\u00e4tn\u00e1 v\u00e4zba pom\u00f4\u017ee doladi\u0165 detaily tak, aby pr\u00edru\u010dka odpovedala na skuto\u010dn\u00e9 potreby trhu. Fin\u00e1lna verzia praktick\u00e9ho manu\u00e1lu, ktor\u00fd m\u00e1 amb\u00edciu sta\u0165 sa z\u00e1kladn\u00fdm pilierom pre dlhodobo udr\u017eate\u013en\u00e9 zamestn\u00e1vanie cudzincov na Slovensku, bude k dispoz\u00edcii v j\u00fali 2027.<\/p>\t\t\t\t\t\t\t\t<\/div>\n\t\t\t\t<\/div>\n\t\t\t\t<div class=\"elementor-element elementor-element-5e063a9 elementor-widget elementor-widget-gallery\" data-id=\"5e063a9\" data-element_type=\"widget\" data-e-type=\"widget\" data-settings=\"{&quot;lazyload&quot;:&quot;yes&quot;,&quot;gallery_layout&quot;:&quot;grid&quot;,&quot;columns&quot;:4,&quot;columns_tablet&quot;:2,&quot;columns_mobile&quot;:1,&quot;gap&quot;:{&quot;unit&quot;:&quot;px&quot;,&quot;size&quot;:10,&quot;sizes&quot;:[]},&quot;gap_tablet&quot;:{&quot;unit&quot;:&quot;px&quot;,&quot;size&quot;:10,&quot;sizes&quot;:[]},&quot;gap_mobile&quot;:{&quot;unit&quot;:&quot;px&quot;,&quot;size&quot;:10,&quot;sizes&quot;:[]},&quot;link_to&quot;:&quot;file&quot;,&quot;aspect_ratio&quot;:&quot;3:2&quot;,&quot;overlay_background&quot;:&quot;yes&quot;,&quot;content_hover_animation&quot;:&quot;fade-in&quot;}\" data-widget_type=\"gallery.default\">\n\t\t\t\t<div class=\"elementor-widget-container\">\n\t\t\t\t\t\t\t<div class=\"elementor-gallery__container\">\n\t\t\t\t\t\t\t<a class=\"e-gallery-item elementor-gallery-item elementor-animated-content\" href=\"https:\/\/archiv.siov.sk\/wp-content\/uploads\/2026\/01\/processed-C809DEF9-EB51-4E54-A458-16BED54C2CAF.jpeg\" data-elementor-open-lightbox=\"yes\" data-elementor-lightbox-slideshow=\"5e063a9\" data-elementor-lightbox-title=\"processed-C809DEF9-EB51-4E54-A458-16BED54C2CAF\" data-e-action-hash=\"#elementor-action%3Aaction%3Dlightbox%26settings%3DeyJpZCI6MjI0MTcsInVybCI6Imh0dHBzOlwvXC9hcmNoaXYuc2lvdi5za1wvd3AtY29udGVudFwvdXBsb2Fkc1wvMjAyNlwvMDFcL3Byb2Nlc3NlZC1DODA5REVGOS1FQjUxLTRFNTQtQTQ1OC0xNkJFRDU0QzJDQUYuanBlZyIsInNsaWRlc2hvdyI6IjVlMDYzYTkifQ%3D%3D\">\n\t\t\t\t\t<div class=\"e-gallery-image elementor-gallery-item__image\" data-thumbnail=\"https:\/\/archiv.siov.sk\/wp-content\/uploads\/2026\/01\/processed-C809DEF9-EB51-4E54-A458-16BED54C2CAF-225x300.jpeg\" data-width=\"225\" data-height=\"300\" aria-label=\"\" role=\"img\" ><\/div>\n\t\t\t\t\t\t\t\t\t\t\t<div class=\"elementor-gallery-item__overlay\"><\/div>\n\t\t\t\t\t\t\t\t\t\t\t\t\t\t<\/a>\n\t\t\t\t\t\t\t<a class=\"e-gallery-item elementor-gallery-item elementor-animated-content\" href=\"https:\/\/archiv.siov.sk\/wp-content\/uploads\/2026\/01\/processed-F9567C9C-4480-43AB-BA46-4BF71BCAF77C.jpeg\" data-elementor-open-lightbox=\"yes\" data-elementor-lightbox-slideshow=\"5e063a9\" data-elementor-lightbox-title=\"processed-F9567C9C-4480-43AB-BA46-4BF71BCAF77C\" data-e-action-hash=\"#elementor-action%3Aaction%3Dlightbox%26settings%3DeyJpZCI6MjI0MTUsInVybCI6Imh0dHBzOlwvXC9hcmNoaXYuc2lvdi5za1wvd3AtY29udGVudFwvdXBsb2Fkc1wvMjAyNlwvMDFcL3Byb2Nlc3NlZC1GOTU2N0M5Qy00NDgwLTQzQUItQkE0Ni00QkY3MUJDQUY3N0MuanBlZyIsInNsaWRlc2hvdyI6IjVlMDYzYTkifQ%3D%3D\">\n\t\t\t\t\t<div class=\"e-gallery-image elementor-gallery-item__image\" data-thumbnail=\"https:\/\/archiv.siov.sk\/wp-content\/uploads\/2026\/01\/processed-F9567C9C-4480-43AB-BA46-4BF71BCAF77C-225x300.jpeg\" data-width=\"225\" data-height=\"300\" aria-label=\"\" role=\"img\" ><\/div>\n\t\t\t\t\t\t\t\t\t\t\t<div class=\"elementor-gallery-item__overlay\"><\/div>\n\t\t\t\t\t\t\t\t\t\t\t\t\t\t<\/a>\n\t\t\t\t\t\t\t<a class=\"e-gallery-item elementor-gallery-item elementor-animated-content\" href=\"https:\/\/archiv.siov.sk\/wp-content\/uploads\/2026\/01\/processed-9EE9EBE5-D4CD-4205-901A-6D9BB895E216.jpeg\" data-elementor-open-lightbox=\"yes\" data-elementor-lightbox-slideshow=\"5e063a9\" data-elementor-lightbox-title=\"processed-9EE9EBE5-D4CD-4205-901A-6D9BB895E216\" data-e-action-hash=\"#elementor-action%3Aaction%3Dlightbox%26settings%3DeyJpZCI6MjI0MTYsInVybCI6Imh0dHBzOlwvXC9hcmNoaXYuc2lvdi5za1wvd3AtY29udGVudFwvdXBsb2Fkc1wvMjAyNlwvMDFcL3Byb2Nlc3NlZC05RUU5RUJFNS1ENENELTQyMDUtOTAxQS02RDlCQjg5NUUyMTYuanBlZyIsInNsaWRlc2hvdyI6IjVlMDYzYTkifQ%3D%3D\">\n\t\t\t\t\t<div class=\"e-gallery-image elementor-gallery-item__image\" data-thumbnail=\"https:\/\/archiv.siov.sk\/wp-content\/uploads\/2026\/01\/processed-9EE9EBE5-D4CD-4205-901A-6D9BB895E216-300x225.jpeg\" data-width=\"300\" data-height=\"225\" aria-label=\"\" role=\"img\" ><\/div>\n\t\t\t\t\t\t\t\t\t\t\t<div class=\"elementor-gallery-item__overlay\"><\/div>\n\t\t\t\t\t\t\t\t\t\t\t\t\t\t<\/a>\n\t\t\t\t\t\t\t<a class=\"e-gallery-item elementor-gallery-item elementor-animated-content\" href=\"https:\/\/archiv.siov.sk\/wp-content\/uploads\/2026\/01\/processed-D02B2DDB-5D20-4839-AA06-192D09A39208-e1769511447189.jpeg\" data-elementor-open-lightbox=\"yes\" data-elementor-lightbox-slideshow=\"5e063a9\" data-elementor-lightbox-title=\"processed-D02B2DDB-5D20-4839-AA06-192D09A39208\" data-e-action-hash=\"#elementor-action%3Aaction%3Dlightbox%26settings%3DeyJpZCI6MjI0MTAsInVybCI6Imh0dHBzOlwvXC9hcmNoaXYuc2lvdi5za1wvd3AtY29udGVudFwvdXBsb2Fkc1wvMjAyNlwvMDFcL3Byb2Nlc3NlZC1EMDJCMkREQi01RDIwLTQ4MzktQUEwNi0xOTJEMDlBMzkyMDgtZTE3Njk1MTE0NDcxODkuanBlZyIsInNsaWRlc2hvdyI6IjVlMDYzYTkifQ%3D%3D\">\n\t\t\t\t\t<div class=\"e-gallery-image elementor-gallery-item__image\" data-thumbnail=\"https:\/\/archiv.siov.sk\/wp-content\/uploads\/2026\/01\/processed-D02B2DDB-5D20-4839-AA06-192D09A39208-e1769511447189-268x300.jpeg\" data-width=\"268\" data-height=\"300\" aria-label=\"\" role=\"img\" ><\/div>\n\t\t\t\t\t\t\t\t\t\t\t<div class=\"elementor-gallery-item__overlay\"><\/div>\n\t\t\t\t\t\t\t\t\t\t\t\t\t\t<\/a>\n\t\t\t\t\t\t\t<a class=\"e-gallery-item elementor-gallery-item elementor-animated-content\" href=\"https:\/\/archiv.siov.sk\/wp-content\/uploads\/2026\/01\/processed-1FD630B6-FF1F-4A7C-9933-9FDAAB401B53.jpeg\" data-elementor-open-lightbox=\"yes\" data-elementor-lightbox-slideshow=\"5e063a9\" data-elementor-lightbox-title=\"processed-1FD630B6-FF1F-4A7C-9933-9FDAAB401B53\" data-e-action-hash=\"#elementor-action%3Aaction%3Dlightbox%26settings%3DeyJpZCI6MjI0MTQsInVybCI6Imh0dHBzOlwvXC9hcmNoaXYuc2lvdi5za1wvd3AtY29udGVudFwvdXBsb2Fkc1wvMjAyNlwvMDFcL3Byb2Nlc3NlZC0xRkQ2MzBCNi1GRjFGLTRBN0MtOTkzMy05RkRBQUI0MDFCNTMuanBlZyIsInNsaWRlc2hvdyI6IjVlMDYzYTkifQ%3D%3D\">\n\t\t\t\t\t<div class=\"e-gallery-image elementor-gallery-item__image\" data-thumbnail=\"https:\/\/archiv.siov.sk\/wp-content\/uploads\/2026\/01\/processed-1FD630B6-FF1F-4A7C-9933-9FDAAB401B53-300x225.jpeg\" data-width=\"300\" data-height=\"225\" aria-label=\"\" role=\"img\" ><\/div>\n\t\t\t\t\t\t\t\t\t\t\t<div class=\"elementor-gallery-item__overlay\"><\/div>\n\t\t\t\t\t\t\t\t\t\t\t\t\t\t<\/a>\n\t\t\t\t\t\t\t<a class=\"e-gallery-item elementor-gallery-item elementor-animated-content\" href=\"https:\/\/archiv.siov.sk\/wp-content\/uploads\/2026\/01\/processed-6E1BD3DF-43F1-4097-AE3D-D4D2D7B883B1.jpeg\" data-elementor-open-lightbox=\"yes\" data-elementor-lightbox-slideshow=\"5e063a9\" data-elementor-lightbox-title=\"processed-6E1BD3DF-43F1-4097-AE3D-D4D2D7B883B1\" data-e-action-hash=\"#elementor-action%3Aaction%3Dlightbox%26settings%3DeyJpZCI6MjI0MTgsInVybCI6Imh0dHBzOlwvXC9hcmNoaXYuc2lvdi5za1wvd3AtY29udGVudFwvdXBsb2Fkc1wvMjAyNlwvMDFcL3Byb2Nlc3NlZC02RTFCRDNERi00M0YxLTQwOTctQUUzRC1ENEQyRDdCODgzQjEuanBlZyIsInNsaWRlc2hvdyI6IjVlMDYzYTkifQ%3D%3D\">\n\t\t\t\t\t<div class=\"e-gallery-image elementor-gallery-item__image\" data-thumbnail=\"https:\/\/archiv.siov.sk\/wp-content\/uploads\/2026\/01\/processed-6E1BD3DF-43F1-4097-AE3D-D4D2D7B883B1-300x225.jpeg\" data-width=\"300\" data-height=\"225\" aria-label=\"\" role=\"img\" ><\/div>\n\t\t\t\t\t\t\t\t\t\t\t<div class=\"elementor-gallery-item__overlay\"><\/div>\n\t\t\t\t\t\t\t\t\t\t\t\t\t\t<\/a>\n\t\t\t\t\t<\/div>\n\t\t\t\t\t<\/div>\n\t\t\t\t<\/div>\n\t\t\t\t\t<\/div>\n\t\t\t\t<\/div>\n\t\t\t\t<\/div>","protected":false},"excerpt":{"rendered":"<p>Slovensk\u00fd trh pr\u00e1ce z\u00e1pas\u00ed s nedostatkom zamestnancov, \u010do n\u00fati firmy \u010doraz \u010dastej\u0161ie h\u013eada\u0165 posily v zahrani\u010d\u00ed. Samotn\u00fd n\u00e1bor v\u0161ak nesta\u010d\u00ed. \u0160t\u00e1tny in\u0161tit\u00fat odborn\u00e9ho vzdel\u00e1vania (\u0160IOV) v spolupr\u00e1ci s Medzin\u00e1rodnou organiz\u00e1ciou pre migr\u00e1ciu (IOM) preto sp\u00fa\u0161\u0165aj\u00fa unik\u00e1tnu iniciat\u00edvu, ktor\u00e1 m\u00e1 zamestn\u00e1vate\u013eom pom\u00f4c\u0165 rie\u0161i\u0165 bari\u00e9ry pri za\u010dle\u0148ovan\u00ed cudzincov do pracovn\u00fdch kolekt\u00edvov. Z\u00e1stupcovia oboch in\u0161tit\u00faci\u00ed dnes v priestoroch [&hellip;]<\/p>\n","protected":false},"author":11,"featured_media":22410,"comment_status":"closed","ping_status":"closed","sticky":false,"template":"","format":"standard","meta":{"site-sidebar-layout":"default","site-content-layout":"","ast-site-content-layout":"default","site-content-style":"default","site-sidebar-style":"default","ast-global-header-display":"","ast-banner-title-visibility":"","ast-main-header-display":"","ast-hfb-above-header-display":"","ast-hfb-below-header-display":"","ast-hfb-mobile-header-display":"","site-post-title":"","ast-breadcrumbs-content":"","ast-featured-img":"","footer-sml-layout":"","ast-disable-related-posts":"","theme-transparent-header-meta":"default","adv-header-id-meta":"","stick-header-meta":"default","header-above-stick-meta":"","header-main-stick-meta":"","header-below-stick-meta":"","astra-migrate-meta-layouts":"set","ast-page-background-enabled":"default","ast-page-background-meta":{"desktop":{"background-color":"var(--ast-global-color-4)","background-image":"","background-repeat":"repeat","background-position":"center center","background-size":"auto","background-attachment":"scroll","background-type":"","background-media":"","overlay-type":"","overlay-color":"","overlay-opacity":"","overlay-gradient":""},"tablet":{"background-color":"","background-image":"","background-repeat":"repeat","background-position":"center center","background-size":"auto","background-attachment":"scroll","background-type":"","background-media":"","overlay-type":"","overlay-color":"","overlay-opacity":"","overlay-gradient":""},"mobile":{"background-color":"","background-image":"","background-repeat":"repeat","background-position":"center center","background-size":"auto","background-attachment":"scroll","background-type":"","background-media":"","overlay-type":"","overlay-color":"","overlay-opacity":"","overlay-gradient":""}},"ast-content-background-meta":{"desktop":{"background-color":"var(--ast-global-color-5)","background-image":"","background-repeat":"repeat","background-position":"center center","background-size":"auto","background-attachment":"scroll","background-type":"","background-media":"","overlay-type":"","overlay-color":"","overlay-opacity":"","overlay-gradient":""},"tablet":{"background-color":"var(--ast-global-color-5)","background-image":"","background-repeat":"repeat","background-position":"center center","background-size":"auto","background-attachment":"scroll","background-type":"","background-media":"","overlay-type":"","overlay-color":"","overlay-opacity":"","overlay-gradient":""},"mobile":{"background-color":"var(--ast-global-color-5)","background-image":"","background-repeat":"repeat","background-position":"center center","background-size":"auto","background-attachment":"scroll","background-type":"","background-media":"","overlay-type":"","overlay-color":"","overlay-opacity":"","overlay-gradient":""}},"footnotes":""},"categories":[1,30],"tags":[],"class_list":["post-22407","post","type-post","status-publish","format-standard","has-post-thumbnail","hentry","category-aktuality","category-program-svajciarsko-slovenskej-spoluprace"],"yoast_head":"<!-- This site is optimized with the Yoast SEO plugin v27.5 - https:\/\/yoast.com\/product\/yoast-seo-wordpress\/ -->\n<title>Menej prek\u00e1\u017eok pre cudzincov na pracovisku? \u0160IOV a IOM pripravuj\u00fa nov\u00e9 integra\u010dn\u00e9 n\u00e1stroje - \u0160IOV - \u0161t\u00e1tny in\u0161tit\u00fat odborn\u00e9ho vzdel\u00e1vania<\/title>\n<meta name=\"robots\" content=\"index, follow, max-snippet:-1, max-image-preview:large, max-video-preview:-1\" \/>\n<link rel=\"canonical\" href=\"https:\/\/archiv.siov.sk\/en\/menej-prekazok-pre-cudzincov-na-pracovisku-siov-a-iom-pripravuju-nove-integracne-nastroje\/\" \/>\n<meta property=\"og:locale\" content=\"en_GB\" \/>\n<meta property=\"og:type\" content=\"article\" \/>\n<meta property=\"og:title\" content=\"Menej prek\u00e1\u017eok pre cudzincov na pracovisku? \u0160IOV a IOM pripravuj\u00fa nov\u00e9 integra\u010dn\u00e9 n\u00e1stroje - \u0160IOV - \u0161t\u00e1tny in\u0161tit\u00fat odborn\u00e9ho vzdel\u00e1vania\" \/>\n<meta property=\"og:description\" content=\"Slovensk\u00fd trh pr\u00e1ce z\u00e1pas\u00ed s nedostatkom zamestnancov, \u010do n\u00fati firmy \u010doraz \u010dastej\u0161ie h\u013eada\u0165 posily v zahrani\u010d\u00ed. Samotn\u00fd n\u00e1bor v\u0161ak nesta\u010d\u00ed. \u0160t\u00e1tny in\u0161tit\u00fat odborn\u00e9ho vzdel\u00e1vania (\u0160IOV) v spolupr\u00e1ci s Medzin\u00e1rodnou organiz\u00e1ciou pre migr\u00e1ciu (IOM) preto sp\u00fa\u0161\u0165aj\u00fa unik\u00e1tnu iniciat\u00edvu, ktor\u00e1 m\u00e1 zamestn\u00e1vate\u013eom pom\u00f4c\u0165 rie\u0161i\u0165 bari\u00e9ry pri za\u010dle\u0148ovan\u00ed cudzincov do pracovn\u00fdch kolekt\u00edvov. Z\u00e1stupcovia oboch in\u0161tit\u00faci\u00ed dnes v priestoroch [&hellip;]\" \/>\n<meta property=\"og:url\" content=\"https:\/\/archiv.siov.sk\/en\/menej-prekazok-pre-cudzincov-na-pracovisku-siov-a-iom-pripravuju-nove-integracne-nastroje\/\" \/>\n<meta property=\"og:site_name\" content=\"\u0160IOV - \u0161t\u00e1tny in\u0161tit\u00fat odborn\u00e9ho vzdel\u00e1vania\" \/>\n<meta property=\"article:publisher\" content=\"https:\/\/www.facebook.com\/Statnyinstitutodbornehovzdelavania\" \/>\n<meta property=\"article:published_time\" content=\"2026-01-27T10:57:42+00:00\" \/>\n<meta property=\"article:modified_time\" content=\"2026-01-27T11:00:54+00:00\" \/>\n<meta property=\"og:image\" content=\"https:\/\/archiv.siov.sk\/wp-content\/uploads\/2026\/01\/processed-D02B2DDB-5D20-4839-AA06-192D09A39208-e1769511447189.jpeg\" \/>\n\t<meta property=\"og:image:width\" content=\"1815\" \/>\n\t<meta property=\"og:image:height\" content=\"2030\" \/>\n\t<meta property=\"og:image:type\" content=\"image\/jpeg\" \/>\n<meta name=\"author\" content=\"Sylvia Hamadejova\" \/>\n<meta name=\"twitter:card\" content=\"summary_large_image\" \/>\n<meta name=\"twitter:label1\" content=\"Written by\" \/>\n\t<meta name=\"twitter:data1\" content=\"Sylvia Hamadejova\" \/>\n\t<meta name=\"twitter:label2\" content=\"Estimated reading time\" \/>\n\t<meta name=\"twitter:data2\" content=\"3 minutes\" \/>\n<script type=\"application\/ld+json\" class=\"yoast-schema-graph\">{\"@context\":\"https:\\\/\\\/schema.org\",\"@graph\":[{\"@type\":\"Article\",\"@id\":\"https:\\\/\\\/archiv.siov.sk\\\/menej-prekazok-pre-cudzincov-na-pracovisku-siov-a-iom-pripravuju-nove-integracne-nastroje\\\/#article\",\"isPartOf\":{\"@id\":\"https:\\\/\\\/archiv.siov.sk\\\/menej-prekazok-pre-cudzincov-na-pracovisku-siov-a-iom-pripravuju-nove-integracne-nastroje\\\/\"},\"author\":{\"name\":\"Sylvia Hamadejova\",\"@id\":\"https:\\\/\\\/archiv.siov.sk\\\/#\\\/schema\\\/person\\\/70de33c3c88facac4a386ef06f733b92\"},\"headline\":\"Menej prek\u00e1\u017eok pre cudzincov na pracovisku? \u0160IOV a IOM pripravuj\u00fa nov\u00e9 integra\u010dn\u00e9 n\u00e1stroje\",\"datePublished\":\"2026-01-27T10:57:42+00:00\",\"dateModified\":\"2026-01-27T11:00:54+00:00\",\"mainEntityOfPage\":{\"@id\":\"https:\\\/\\\/archiv.siov.sk\\\/menej-prekazok-pre-cudzincov-na-pracovisku-siov-a-iom-pripravuju-nove-integracne-nastroje\\\/\"},\"wordCount\":602,\"publisher\":{\"@id\":\"https:\\\/\\\/archiv.siov.sk\\\/#organization\"},\"image\":{\"@id\":\"https:\\\/\\\/archiv.siov.sk\\\/menej-prekazok-pre-cudzincov-na-pracovisku-siov-a-iom-pripravuju-nove-integracne-nastroje\\\/#primaryimage\"},\"thumbnailUrl\":\"https:\\\/\\\/archiv.siov.sk\\\/wp-content\\\/uploads\\\/2026\\\/01\\\/processed-D02B2DDB-5D20-4839-AA06-192D09A39208-e1769511447189.jpeg\",\"articleSection\":[\"Aktuality\",\"Program \u0161vaj\u010diarsko-slovenskej spolupr\u00e1ce\"],\"inLanguage\":\"en-GB\"},{\"@type\":\"WebPage\",\"@id\":\"https:\\\/\\\/archiv.siov.sk\\\/menej-prekazok-pre-cudzincov-na-pracovisku-siov-a-iom-pripravuju-nove-integracne-nastroje\\\/\",\"url\":\"https:\\\/\\\/archiv.siov.sk\\\/menej-prekazok-pre-cudzincov-na-pracovisku-siov-a-iom-pripravuju-nove-integracne-nastroje\\\/\",\"name\":\"Menej prek\u00e1\u017eok pre cudzincov na pracovisku? \u0160IOV a IOM pripravuj\u00fa nov\u00e9 integra\u010dn\u00e9 n\u00e1stroje - \u0160IOV - \u0161t\u00e1tny in\u0161tit\u00fat odborn\u00e9ho vzdel\u00e1vania\",\"isPartOf\":{\"@id\":\"https:\\\/\\\/archiv.siov.sk\\\/#website\"},\"primaryImageOfPage\":{\"@id\":\"https:\\\/\\\/archiv.siov.sk\\\/menej-prekazok-pre-cudzincov-na-pracovisku-siov-a-iom-pripravuju-nove-integracne-nastroje\\\/#primaryimage\"},\"image\":{\"@id\":\"https:\\\/\\\/archiv.siov.sk\\\/menej-prekazok-pre-cudzincov-na-pracovisku-siov-a-iom-pripravuju-nove-integracne-nastroje\\\/#primaryimage\"},\"thumbnailUrl\":\"https:\\\/\\\/archiv.siov.sk\\\/wp-content\\\/uploads\\\/2026\\\/01\\\/processed-D02B2DDB-5D20-4839-AA06-192D09A39208-e1769511447189.jpeg\",\"datePublished\":\"2026-01-27T10:57:42+00:00\",\"dateModified\":\"2026-01-27T11:00:54+00:00\",\"breadcrumb\":{\"@id\":\"https:\\\/\\\/archiv.siov.sk\\\/menej-prekazok-pre-cudzincov-na-pracovisku-siov-a-iom-pripravuju-nove-integracne-nastroje\\\/#breadcrumb\"},\"inLanguage\":\"en-GB\",\"potentialAction\":[{\"@type\":\"ReadAction\",\"target\":[\"https:\\\/\\\/archiv.siov.sk\\\/menej-prekazok-pre-cudzincov-na-pracovisku-siov-a-iom-pripravuju-nove-integracne-nastroje\\\/\"]}]},{\"@type\":\"ImageObject\",\"inLanguage\":\"en-GB\",\"@id\":\"https:\\\/\\\/archiv.siov.sk\\\/menej-prekazok-pre-cudzincov-na-pracovisku-siov-a-iom-pripravuju-nove-integracne-nastroje\\\/#primaryimage\",\"url\":\"https:\\\/\\\/archiv.siov.sk\\\/wp-content\\\/uploads\\\/2026\\\/01\\\/processed-D02B2DDB-5D20-4839-AA06-192D09A39208-e1769511447189.jpeg\",\"contentUrl\":\"https:\\\/\\\/archiv.siov.sk\\\/wp-content\\\/uploads\\\/2026\\\/01\\\/processed-D02B2DDB-5D20-4839-AA06-192D09A39208-e1769511447189.jpeg\",\"width\":1815,\"height\":2030},{\"@type\":\"BreadcrumbList\",\"@id\":\"https:\\\/\\\/archiv.siov.sk\\\/menej-prekazok-pre-cudzincov-na-pracovisku-siov-a-iom-pripravuju-nove-integracne-nastroje\\\/#breadcrumb\",\"itemListElement\":[{\"@type\":\"ListItem\",\"position\":1,\"name\":\"Home\",\"item\":\"https:\\\/\\\/archiv.siov.sk\\\/\"},{\"@type\":\"ListItem\",\"position\":2,\"name\":\"Menej prek\u00e1\u017eok pre cudzincov na pracovisku? \u0160IOV a IOM pripravuj\u00fa nov\u00e9 integra\u010dn\u00e9 n\u00e1stroje\"}]},{\"@type\":\"WebSite\",\"@id\":\"https:\\\/\\\/archiv.siov.sk\\\/#website\",\"url\":\"https:\\\/\\\/archiv.siov.sk\\\/\",\"name\":\"\u0160IOV - \u0161t\u00e1tny in\u0161tit\u00fat odborn\u00e9ho vzdel\u00e1vania\",\"description\":\"\",\"publisher\":{\"@id\":\"https:\\\/\\\/archiv.siov.sk\\\/#organization\"},\"potentialAction\":[{\"@type\":\"SearchAction\",\"target\":{\"@type\":\"EntryPoint\",\"urlTemplate\":\"https:\\\/\\\/archiv.siov.sk\\\/?s={search_term_string}\"},\"query-input\":{\"@type\":\"PropertyValueSpecification\",\"valueRequired\":true,\"valueName\":\"search_term_string\"}}],\"inLanguage\":\"en-GB\"},{\"@type\":\"Organization\",\"@id\":\"https:\\\/\\\/archiv.siov.sk\\\/#organization\",\"name\":\"\u0160IOV - \u0161t\u00e1tny in\u0161tit\u00fat odborn\u00e9ho vzdel\u00e1vania\",\"url\":\"https:\\\/\\\/archiv.siov.sk\\\/\",\"logo\":{\"@type\":\"ImageObject\",\"inLanguage\":\"en-GB\",\"@id\":\"https:\\\/\\\/archiv.siov.sk\\\/#\\\/schema\\\/logo\\\/image\\\/\",\"url\":\"https:\\\/\\\/archiv.siov.sk\\\/wp-content\\\/uploads\\\/2024\\\/02\\\/logo-SIOV.png\",\"contentUrl\":\"https:\\\/\\\/archiv.siov.sk\\\/wp-content\\\/uploads\\\/2024\\\/02\\\/logo-SIOV.png\",\"width\":431,\"height\":143,\"caption\":\"\u0160IOV - \u0161t\u00e1tny in\u0161tit\u00fat odborn\u00e9ho vzdel\u00e1vania\"},\"image\":{\"@id\":\"https:\\\/\\\/archiv.siov.sk\\\/#\\\/schema\\\/logo\\\/image\\\/\"},\"sameAs\":[\"https:\\\/\\\/www.facebook.com\\\/Statnyinstitutodbornehovzdelavania\"]},{\"@type\":\"Person\",\"@id\":\"https:\\\/\\\/archiv.siov.sk\\\/#\\\/schema\\\/person\\\/70de33c3c88facac4a386ef06f733b92\",\"name\":\"Sylvia Hamadejova\",\"url\":\"https:\\\/\\\/archiv.siov.sk\\\/en\\\/author\\\/hamadejovas\\\/\"}]}<\/script>\n<!-- \/ Yoast SEO plugin. -->","yoast_head_json":{"title":"Menej prek\u00e1\u017eok pre cudzincov na pracovisku? \u0160IOV a IOM pripravuj\u00fa nov\u00e9 integra\u010dn\u00e9 n\u00e1stroje - \u0160IOV - \u0161t\u00e1tny in\u0161tit\u00fat odborn\u00e9ho vzdel\u00e1vania","robots":{"index":"index","follow":"follow","max-snippet":"max-snippet:-1","max-image-preview":"max-image-preview:large","max-video-preview":"max-video-preview:-1"},"canonical":"https:\/\/archiv.siov.sk\/en\/menej-prekazok-pre-cudzincov-na-pracovisku-siov-a-iom-pripravuju-nove-integracne-nastroje\/","og_locale":"en_GB","og_type":"article","og_title":"Menej prek\u00e1\u017eok pre cudzincov na pracovisku? \u0160IOV a IOM pripravuj\u00fa nov\u00e9 integra\u010dn\u00e9 n\u00e1stroje - \u0160IOV - \u0161t\u00e1tny in\u0161tit\u00fat odborn\u00e9ho vzdel\u00e1vania","og_description":"Slovensk\u00fd trh pr\u00e1ce z\u00e1pas\u00ed s nedostatkom zamestnancov, \u010do n\u00fati firmy \u010doraz \u010dastej\u0161ie h\u013eada\u0165 posily v zahrani\u010d\u00ed. Samotn\u00fd n\u00e1bor v\u0161ak nesta\u010d\u00ed. \u0160t\u00e1tny in\u0161tit\u00fat odborn\u00e9ho vzdel\u00e1vania (\u0160IOV) v spolupr\u00e1ci s Medzin\u00e1rodnou organiz\u00e1ciou pre migr\u00e1ciu (IOM) preto sp\u00fa\u0161\u0165aj\u00fa unik\u00e1tnu iniciat\u00edvu, ktor\u00e1 m\u00e1 zamestn\u00e1vate\u013eom pom\u00f4c\u0165 rie\u0161i\u0165 bari\u00e9ry pri za\u010dle\u0148ovan\u00ed cudzincov do pracovn\u00fdch kolekt\u00edvov. Z\u00e1stupcovia oboch in\u0161tit\u00faci\u00ed dnes v priestoroch [&hellip;]","og_url":"https:\/\/archiv.siov.sk\/en\/menej-prekazok-pre-cudzincov-na-pracovisku-siov-a-iom-pripravuju-nove-integracne-nastroje\/","og_site_name":"\u0160IOV - \u0161t\u00e1tny in\u0161tit\u00fat odborn\u00e9ho vzdel\u00e1vania","article_publisher":"https:\/\/www.facebook.com\/Statnyinstitutodbornehovzdelavania","article_published_time":"2026-01-27T10:57:42+00:00","article_modified_time":"2026-01-27T11:00:54+00:00","og_image":[{"width":1815,"height":2030,"url":"https:\/\/archiv.siov.sk\/wp-content\/uploads\/2026\/01\/processed-D02B2DDB-5D20-4839-AA06-192D09A39208-e1769511447189.jpeg","type":"image\/jpeg"}],"author":"Sylvia Hamadejova","twitter_card":"summary_large_image","twitter_misc":{"Written by":"Sylvia Hamadejova","Estimated reading time":"3 minutes"},"schema":{"@context":"https:\/\/schema.org","@graph":[{"@type":"Article","@id":"https:\/\/archiv.siov.sk\/menej-prekazok-pre-cudzincov-na-pracovisku-siov-a-iom-pripravuju-nove-integracne-nastroje\/#article","isPartOf":{"@id":"https:\/\/archiv.siov.sk\/menej-prekazok-pre-cudzincov-na-pracovisku-siov-a-iom-pripravuju-nove-integracne-nastroje\/"},"author":{"name":"Sylvia Hamadejova","@id":"https:\/\/archiv.siov.sk\/#\/schema\/person\/70de33c3c88facac4a386ef06f733b92"},"headline":"Menej prek\u00e1\u017eok pre cudzincov na pracovisku? \u0160IOV a IOM pripravuj\u00fa nov\u00e9 integra\u010dn\u00e9 n\u00e1stroje","datePublished":"2026-01-27T10:57:42+00:00","dateModified":"2026-01-27T11:00:54+00:00","mainEntityOfPage":{"@id":"https:\/\/archiv.siov.sk\/menej-prekazok-pre-cudzincov-na-pracovisku-siov-a-iom-pripravuju-nove-integracne-nastroje\/"},"wordCount":602,"publisher":{"@id":"https:\/\/archiv.siov.sk\/#organization"},"image":{"@id":"https:\/\/archiv.siov.sk\/menej-prekazok-pre-cudzincov-na-pracovisku-siov-a-iom-pripravuju-nove-integracne-nastroje\/#primaryimage"},"thumbnailUrl":"https:\/\/archiv.siov.sk\/wp-content\/uploads\/2026\/01\/processed-D02B2DDB-5D20-4839-AA06-192D09A39208-e1769511447189.jpeg","articleSection":["Aktuality","Program \u0161vaj\u010diarsko-slovenskej spolupr\u00e1ce"],"inLanguage":"en-GB"},{"@type":"WebPage","@id":"https:\/\/archiv.siov.sk\/menej-prekazok-pre-cudzincov-na-pracovisku-siov-a-iom-pripravuju-nove-integracne-nastroje\/","url":"https:\/\/archiv.siov.sk\/menej-prekazok-pre-cudzincov-na-pracovisku-siov-a-iom-pripravuju-nove-integracne-nastroje\/","name":"Menej prek\u00e1\u017eok pre cudzincov na pracovisku? \u0160IOV a IOM pripravuj\u00fa nov\u00e9 integra\u010dn\u00e9 n\u00e1stroje - \u0160IOV - \u0161t\u00e1tny in\u0161tit\u00fat odborn\u00e9ho vzdel\u00e1vania","isPartOf":{"@id":"https:\/\/archiv.siov.sk\/#website"},"primaryImageOfPage":{"@id":"https:\/\/archiv.siov.sk\/menej-prekazok-pre-cudzincov-na-pracovisku-siov-a-iom-pripravuju-nove-integracne-nastroje\/#primaryimage"},"image":{"@id":"https:\/\/archiv.siov.sk\/menej-prekazok-pre-cudzincov-na-pracovisku-siov-a-iom-pripravuju-nove-integracne-nastroje\/#primaryimage"},"thumbnailUrl":"https:\/\/archiv.siov.sk\/wp-content\/uploads\/2026\/01\/processed-D02B2DDB-5D20-4839-AA06-192D09A39208-e1769511447189.jpeg","datePublished":"2026-01-27T10:57:42+00:00","dateModified":"2026-01-27T11:00:54+00:00","breadcrumb":{"@id":"https:\/\/archiv.siov.sk\/menej-prekazok-pre-cudzincov-na-pracovisku-siov-a-iom-pripravuju-nove-integracne-nastroje\/#breadcrumb"},"inLanguage":"en-GB","potentialAction":[{"@type":"ReadAction","target":["https:\/\/archiv.siov.sk\/menej-prekazok-pre-cudzincov-na-pracovisku-siov-a-iom-pripravuju-nove-integracne-nastroje\/"]}]},{"@type":"ImageObject","inLanguage":"en-GB","@id":"https:\/\/archiv.siov.sk\/menej-prekazok-pre-cudzincov-na-pracovisku-siov-a-iom-pripravuju-nove-integracne-nastroje\/#primaryimage","url":"https:\/\/archiv.siov.sk\/wp-content\/uploads\/2026\/01\/processed-D02B2DDB-5D20-4839-AA06-192D09A39208-e1769511447189.jpeg","contentUrl":"https:\/\/archiv.siov.sk\/wp-content\/uploads\/2026\/01\/processed-D02B2DDB-5D20-4839-AA06-192D09A39208-e1769511447189.jpeg","width":1815,"height":2030},{"@type":"BreadcrumbList","@id":"https:\/\/archiv.siov.sk\/menej-prekazok-pre-cudzincov-na-pracovisku-siov-a-iom-pripravuju-nove-integracne-nastroje\/#breadcrumb","itemListElement":[{"@type":"ListItem","position":1,"name":"Home","item":"https:\/\/archiv.siov.sk\/"},{"@type":"ListItem","position":2,"name":"Menej prek\u00e1\u017eok pre cudzincov na pracovisku? \u0160IOV a IOM pripravuj\u00fa nov\u00e9 integra\u010dn\u00e9 n\u00e1stroje"}]},{"@type":"WebSite","@id":"https:\/\/archiv.siov.sk\/#website","url":"https:\/\/archiv.siov.sk\/","name":"\u0160IOV - \u0161t\u00e1tny in\u0161tit\u00fat odborn\u00e9ho vzdel\u00e1vania","description":"","publisher":{"@id":"https:\/\/archiv.siov.sk\/#organization"},"potentialAction":[{"@type":"SearchAction","target":{"@type":"EntryPoint","urlTemplate":"https:\/\/archiv.siov.sk\/?s={search_term_string}"},"query-input":{"@type":"PropertyValueSpecification","valueRequired":true,"valueName":"search_term_string"}}],"inLanguage":"en-GB"},{"@type":"Organization","@id":"https:\/\/archiv.siov.sk\/#organization","name":"\u0160IOV - \u0161t\u00e1tny in\u0161tit\u00fat odborn\u00e9ho vzdel\u00e1vania","url":"https:\/\/archiv.siov.sk\/","logo":{"@type":"ImageObject","inLanguage":"en-GB","@id":"https:\/\/archiv.siov.sk\/#\/schema\/logo\/image\/","url":"https:\/\/archiv.siov.sk\/wp-content\/uploads\/2024\/02\/logo-SIOV.png","contentUrl":"https:\/\/archiv.siov.sk\/wp-content\/uploads\/2024\/02\/logo-SIOV.png","width":431,"height":143,"caption":"\u0160IOV - \u0161t\u00e1tny in\u0161tit\u00fat odborn\u00e9ho vzdel\u00e1vania"},"image":{"@id":"https:\/\/archiv.siov.sk\/#\/schema\/logo\/image\/"},"sameAs":["https:\/\/www.facebook.com\/Statnyinstitutodbornehovzdelavania"]},{"@type":"Person","@id":"https:\/\/archiv.siov.sk\/#\/schema\/person\/70de33c3c88facac4a386ef06f733b92","name":"Sylvia Hamadejova","url":"https:\/\/archiv.siov.sk\/en\/author\/hamadejovas\/"}]}},"_links":{"self":[{"href":"https:\/\/archiv.siov.sk\/en\/wp-json\/wp\/v2\/posts\/22407","targetHints":{"allow":["GET"]}}],"collection":[{"href":"https:\/\/archiv.siov.sk\/en\/wp-json\/wp\/v2\/posts"}],"about":[{"href":"https:\/\/archiv.siov.sk\/en\/wp-json\/wp\/v2\/types\/post"}],"author":[{"embeddable":true,"href":"https:\/\/archiv.siov.sk\/en\/wp-json\/wp\/v2\/users\/11"}],"replies":[{"embeddable":true,"href":"https:\/\/archiv.siov.sk\/en\/wp-json\/wp\/v2\/comments?post=22407"}],"version-history":[{"count":8,"href":"https:\/\/archiv.siov.sk\/en\/wp-json\/wp\/v2\/posts\/22407\/revisions"}],"predecessor-version":[{"id":22422,"href":"https:\/\/archiv.siov.sk\/en\/wp-json\/wp\/v2\/posts\/22407\/revisions\/22422"}],"wp:featuredmedia":[{"embeddable":true,"href":"https:\/\/archiv.siov.sk\/en\/wp-json\/wp\/v2\/media\/22410"}],"wp:attachment":[{"href":"https:\/\/archiv.siov.sk\/en\/wp-json\/wp\/v2\/media?parent=22407"}],"wp:term":[{"taxonomy":"category","embeddable":true,"href":"https:\/\/archiv.siov.sk\/en\/wp-json\/wp\/v2\/categories?post=22407"},{"taxonomy":"post_tag","embeddable":true,"href":"https:\/\/archiv.siov.sk\/en\/wp-json\/wp\/v2\/tags?post=22407"}],"curies":[{"name":"wp","href":"https:\/\/api.w.org\/{rel}","templated":true}]}}