{"id":22166,"date":"2025-12-17T15:36:11","date_gmt":"2025-12-17T14:36:11","guid":{"rendered":"https:\/\/archiv.siov.sk\/?p=22166"},"modified":"2026-01-27T14:18:51","modified_gmt":"2026-01-27T13:18:51","slug":"kontraktacne-dni-a-regionalne-veltrhy-cvicnych-firiem-2026-kalendar-podujati-je-tu","status":"publish","type":"post","link":"https:\/\/archiv.siov.sk\/en\/kontraktacne-dni-a-regionalne-veltrhy-cvicnych-firiem-2026-kalendar-podujati-je-tu\/","title":{"rendered":"Kontrakta\u010dn\u00e9 dni a region\u00e1lne ve\u013etrhy cvi\u010dn\u00fdch firiem 2026: Kalend\u00e1r podujat\u00ed je tu"},"content":{"rendered":"<p data-path-to-node=\"3\">Slovensk\u00e9 centrum cvi\u010dn\u00fdch firiem (SCCF) otv\u00e1ra nov\u00fa sez\u00f3nu podujat\u00ed, ktor\u00e9 s\u00fa pre \u017eiakov k\u013e\u00fa\u010dovou pr\u00edle\u017eitos\u0165ou na rozvoj podnikate\u013esk\u00fdch zru\u010dnost\u00ed. V roku 2026 sa m\u00f4\u017eeme te\u0161i\u0165 na s\u00e9riu region\u00e1lnych ve\u013etrhov, ktor\u00e9 preveria vedomosti, finan\u010dn\u00fa gramotnos\u0165 a schopnos\u0165 uspie\u0165 v konkuren\u010dnom prostred\u00ed.<\/p>\n<h3 data-path-to-node=\"4\">Pre\u010do sa zapoji\u0165?<\/h3>\n<p data-path-to-node=\"5\">Cie\u013eom t\u00fdchto podujat\u00ed je umo\u017eni\u0165 \u010do najv\u00e4\u010d\u0161iemu po\u010dtu \u017eiakov vysk\u00fa\u0161a\u0165 si podnikate\u013esk\u00e9 zru\u010dnosti na ne\u010disto. \u017diaci si upev\u0148uj\u00fa svoje kompetencie, zlep\u0161uj\u00fa prezenta\u010dn\u00e9 schopnosti a z\u00edskavaj\u00fa cenn\u00fa sp\u00e4tn\u00fa v\u00e4zbu od odborn\u00edkov aj rovesn\u00edkov.<\/p>\n<h3 data-path-to-node=\"7\">Harmonogram pl\u00e1novan\u00fdch podujat\u00ed<\/h3>\n<table data-path-to-node=\"8\">\n<thead>\n<tr>\n<td><strong>Term\u00edn<\/strong><\/td>\n<td><strong>Podujatie<\/strong><\/td>\n<td><strong>Miesto konania<\/strong><\/td>\n<\/tr>\n<\/thead>\n<tbody>\n<tr>\n<td><span data-path-to-node=\"8,1,0,0\"><b>4. febru\u00e1r 2026<\/b><\/span><\/td>\n<td><span data-path-to-node=\"8,1,1,0\"><b>28. region\u00e1lny ve\u013etrh cvi\u010dn\u00fdch firiem \u2013 Slovensko stred<\/b><\/span><\/td>\n<td><span data-path-to-node=\"8,1,2,0\">S\u00fakromn\u00e1 OA DSA, \u017diar nad Hronom<\/span><\/td>\n<\/tr>\n<tr>\n<td><span data-path-to-node=\"8,1,0,0\"><b>5. febru\u00e1r 2026<\/b><\/span><\/td>\n<td><span data-path-to-node=\"8,1,1,0\"><b>18. region\u00e1lny ve\u013etrh cvi\u010dn\u00fdch firiem \u2013 Slovensko v\u00fdchod<\/b><\/span><\/td>\n<td><span data-path-to-node=\"8,1,2,0\">OA, Daxnerova 88, Vranov nad Topl&#8217;ou<\/span><\/td>\n<\/tr>\n<tr>\n<td><span data-path-to-node=\"8,2,0,0\"><b>18. marec 2026<\/b><\/span><\/td>\n<td><span data-path-to-node=\"8,2,1,0\"><b>17. kontrakta\u010dn\u00fd de\u0148 cvi\u010dn\u00fdch firiem \u2013 Slovensko v\u00fdchod<\/b><\/span><\/td>\n<td><span data-path-to-node=\"8,2,2,0\">OA, Murga\u0161ova 94, Poprad<\/span><\/td>\n<\/tr>\n<tr>\n<td><span data-path-to-node=\"8,3,0,0\"><b>24. marec 2026<\/b><\/span><\/td>\n<td><span data-path-to-node=\"8,3,1,0\"><b>15. kontrakta\u010dn\u00fd de\u0148 cvi\u010dn\u00fdch firiem \u2013 Slovensko z\u00e1pad<\/b><\/span><\/td>\n<td><span data-path-to-node=\"8,3,2,0\">Spojen\u00e1 \u0161kola, Nivy 2, \u0160a\u013ea<\/span><\/td>\n<\/tr>\n<\/tbody>\n<\/table>\n<h3 data-path-to-node=\"10\">Podrobnosti k jednotliv\u00fdm podujatiam<\/h3>\n<ul>\n<li style=\"list-style-type: none;\">\n<ul data-path-to-node=\"11\">\n<li>\n<p data-path-to-node=\"11,0,0\"><b>\u017diar nad Hronom:<\/b> Prv\u00e9 podujatie roka 2026 sa uskuto\u010dn\u00ed u\u017e za\u010diatkom febru\u00e1ra. <a href=\"https:\/\/archiv.siov.sk\/wp-content\/uploads\/2026\/01\/15.-kontraktacny-den-cvicnych-firiem-pozvanka-a5-1-scaled.png\" target=\"_blank\" rel=\"noopener\">Pozv\u00e1nku<\/a> a detailn\u00e9 inform\u00e1cie n\u00e1jdete <a href=\"https:\/\/archiv.siov.sk\/wp-content\/uploads\/2025\/12\/Pozvanka-na-28.-VCF-v-Ziari-nad-Hronom-002.pdf\" target=\"_blank\" rel=\"noopener\">TU<\/a>.<\/p>\n<\/li>\n<li>\n<p data-path-to-node=\"11,0,0\"><b>Vranov nad Top\u013eou:\u00a0 <\/b><a href=\"https:\/\/archiv.siov.sk\/wp-content\/uploads\/2026\/01\/Pozvanka-na-XVIII-Tradicny-veltrh-CF.pdf\" target=\"_blank\" rel=\"noopener\">Pozv\u00e1nka s detailn\u00fdmi inform\u00e1ciami<\/a> a <a href=\"https:\/\/archiv.siov.sk\/wp-content\/uploads\/2026\/01\/Prihlaska-CF-2026.doc\" target=\"_blank\" rel=\"noopener\">Prihl\u00e1\u0161ka na region\u00e1lny ve\u013etrh CF<\/a><\/p>\n<\/li>\n<li>\n<p data-path-to-node=\"11,1,0\"><b>Poprad:<\/b> Podujatie pripravuje Obchodn\u00e1 akad\u00e9mia v Poprade s podporou \u0160IOV \u2013 SCCF. Pozrite si <a href=\"https:\/\/archiv.siov.sk\/wp-content\/uploads\/2026\/01\/Pozvanka-na-17.-kontraktacny-den-CF-v-OA-Poprad.pdf\" target=\"_blank\" rel=\"noopener\">pozv\u00e1nku a program<\/a>. Prihl\u00e1\u0161ku si m\u00f4\u017eete stiahnu\u0165 vo form\u00e1te .<a href=\"https:\/\/archiv.siov.sk\/wp-content\/uploads\/2026\/01\/Prihlaska_KD_OA-Poprad_18_03_2026-1.doc\" target=\"_blank\" rel=\"noopener\">DOC<\/a> alebo .<a href=\"https:\/\/archiv.siov.sk\/wp-content\/uploads\/2026\/01\/Prihlaska_KD_OA-Poprad_18_03_2026-1.pdf\" target=\"_blank\" rel=\"noopener\">PDF<\/a>.<\/p>\n<\/li>\n<li><b>\u0160a\u013ea:<\/b> Jubilejn\u00fd 15. ro\u010dn\u00edk pripravuje Spojen\u00e1 \u0161kola v \u0160ali v partnerstve s Nitrianskym samospr\u00e1vnym krajom a \u0160IOV. Pozrite si <a href=\"https:\/\/archiv.siov.sk\/wp-content\/uploads\/2026\/01\/15.-kontraktacny-den-cvicnych-firiem-pozvanka-a5-1-scaled.png\" target=\"_blank\" rel=\"noopener\">pozv\u00e1nku a program<\/a>. Prihl\u00e1\u0161ku si m\u00f4\u017eete stiahnu\u0165 <a href=\"https:\/\/archiv.siov.sk\/wp-content\/uploads\/2026\/01\/prihlaska-CF-2026.docx\" target=\"_blank\" rel=\"noopener\">TU<\/a>.<\/li>\n<\/ul>\n<\/li>\n<\/ul>\n<p data-path-to-node=\"11,2,0\"><b style=\"font-style: inherit;\">Te\u0161\u00edme sa na va\u0161u \u00fa\u010das\u0165 a kreat\u00edvne podnikate\u013esk\u00e9 n\u00e1pady!<\/b><\/p>","protected":false},"excerpt":{"rendered":"<p>Slovensk\u00e9 centrum cvi\u010dn\u00fdch firiem (SCCF) otv\u00e1ra nov\u00fa sez\u00f3nu podujat\u00ed, ktor\u00e9 s\u00fa pre \u017eiakov k\u013e\u00fa\u010dovou pr\u00edle\u017eitos\u0165ou na rozvoj podnikate\u013esk\u00fdch zru\u010dnost\u00ed. V roku 2026 sa m\u00f4\u017eeme te\u0161i\u0165 na s\u00e9riu region\u00e1lnych ve\u013etrhov, ktor\u00e9 preveria vedomosti, finan\u010dn\u00fa gramotnos\u0165 a schopnos\u0165 uspie\u0165 v konkuren\u010dnom prostred\u00ed. Pre\u010do sa zapoji\u0165? Cie\u013eom t\u00fdchto podujat\u00ed je umo\u017eni\u0165 \u010do najv\u00e4\u010d\u0161iemu po\u010dtu \u017eiakov vysk\u00fa\u0161a\u0165 si podnikate\u013esk\u00e9 [&hellip;]<\/p>\n","protected":false},"author":11,"featured_media":22167,"comment_status":"closed","ping_status":"closed","sticky":false,"template":"","format":"standard","meta":{"site-sidebar-layout":"default","site-content-layout":"","ast-site-content-layout":"default","site-content-style":"default","site-sidebar-style":"default","ast-global-header-display":"","ast-banner-title-visibility":"","ast-main-header-display":"","ast-hfb-above-header-display":"","ast-hfb-below-header-display":"","ast-hfb-mobile-header-display":"","site-post-title":"","ast-breadcrumbs-content":"","ast-featured-img":"","footer-sml-layout":"","ast-disable-related-posts":"","theme-transparent-header-meta":"default","adv-header-id-meta":"","stick-header-meta":"default","header-above-stick-meta":"","header-main-stick-meta":"","header-below-stick-meta":"","astra-migrate-meta-layouts":"set","ast-page-background-enabled":"default","ast-page-background-meta":{"desktop":{"background-color":"var(--ast-global-color-4)","background-image":"","background-repeat":"repeat","background-position":"center center","background-size":"auto","background-attachment":"scroll","background-type":"","background-media":"","overlay-type":"","overlay-color":"","overlay-opacity":"","overlay-gradient":""},"tablet":{"background-color":"","background-image":"","background-repeat":"repeat","background-position":"center center","background-size":"auto","background-attachment":"scroll","background-type":"","background-media":"","overlay-type":"","overlay-color":"","overlay-opacity":"","overlay-gradient":""},"mobile":{"background-color":"","background-image":"","background-repeat":"repeat","background-position":"center center","background-size":"auto","background-attachment":"scroll","background-type":"","background-media":"","overlay-type":"","overlay-color":"","overlay-opacity":"","overlay-gradient":""}},"ast-content-background-meta":{"desktop":{"background-color":"var(--ast-global-color-5)","background-image":"","background-repeat":"repeat","background-position":"center center","background-size":"auto","background-attachment":"scroll","background-type":"","background-media":"","overlay-type":"","overlay-color":"","overlay-opacity":"","overlay-gradient":""},"tablet":{"background-color":"var(--ast-global-color-5)","background-image":"","background-repeat":"repeat","background-position":"center center","background-size":"auto","background-attachment":"scroll","background-type":"","background-media":"","overlay-type":"","overlay-color":"","overlay-opacity":"","overlay-gradient":""},"mobile":{"background-color":"var(--ast-global-color-5)","background-image":"","background-repeat":"repeat","background-position":"center center","background-size":"auto","background-attachment":"scroll","background-type":"","background-media":"","overlay-type":"","overlay-color":"","overlay-opacity":"","overlay-gradient":""}},"footnotes":""},"categories":[1],"tags":[],"class_list":["post-22166","post","type-post","status-publish","format-standard","has-post-thumbnail","hentry","category-aktuality"],"yoast_head":"<!-- This site is optimized with the Yoast SEO plugin v27.5 - https:\/\/yoast.com\/product\/yoast-seo-wordpress\/ -->\n<title>Kontrakta\u010dn\u00e9 dni a region\u00e1lne ve\u013etrhy cvi\u010dn\u00fdch firiem 2026: Kalend\u00e1r podujat\u00ed je tu - \u0160IOV - \u0161t\u00e1tny in\u0161tit\u00fat odborn\u00e9ho vzdel\u00e1vania<\/title>\n<meta name=\"robots\" content=\"index, follow, max-snippet:-1, max-image-preview:large, max-video-preview:-1\" \/>\n<link rel=\"canonical\" href=\"https:\/\/archiv.siov.sk\/en\/kontraktacne-dni-a-regionalne-veltrhy-cvicnych-firiem-2026-kalendar-podujati-je-tu\/\" \/>\n<meta property=\"og:locale\" content=\"en_GB\" \/>\n<meta property=\"og:type\" content=\"article\" \/>\n<meta property=\"og:title\" content=\"Kontrakta\u010dn\u00e9 dni a region\u00e1lne ve\u013etrhy cvi\u010dn\u00fdch firiem 2026: Kalend\u00e1r podujat\u00ed je tu - \u0160IOV - \u0161t\u00e1tny in\u0161tit\u00fat odborn\u00e9ho vzdel\u00e1vania\" \/>\n<meta property=\"og:description\" content=\"Slovensk\u00e9 centrum cvi\u010dn\u00fdch firiem (SCCF) otv\u00e1ra nov\u00fa sez\u00f3nu podujat\u00ed, ktor\u00e9 s\u00fa pre \u017eiakov k\u013e\u00fa\u010dovou pr\u00edle\u017eitos\u0165ou na rozvoj podnikate\u013esk\u00fdch zru\u010dnost\u00ed. V roku 2026 sa m\u00f4\u017eeme te\u0161i\u0165 na s\u00e9riu region\u00e1lnych ve\u013etrhov, ktor\u00e9 preveria vedomosti, finan\u010dn\u00fa gramotnos\u0165 a schopnos\u0165 uspie\u0165 v konkuren\u010dnom prostred\u00ed. Pre\u010do sa zapoji\u0165? Cie\u013eom t\u00fdchto podujat\u00ed je umo\u017eni\u0165 \u010do najv\u00e4\u010d\u0161iemu po\u010dtu \u017eiakov vysk\u00fa\u0161a\u0165 si podnikate\u013esk\u00e9 [&hellip;]\" \/>\n<meta property=\"og:url\" content=\"https:\/\/archiv.siov.sk\/en\/kontraktacne-dni-a-regionalne-veltrhy-cvicnych-firiem-2026-kalendar-podujati-je-tu\/\" \/>\n<meta property=\"og:site_name\" content=\"\u0160IOV - \u0161t\u00e1tny in\u0161tit\u00fat odborn\u00e9ho vzdel\u00e1vania\" \/>\n<meta property=\"article:publisher\" content=\"https:\/\/www.facebook.com\/Statnyinstitutodbornehovzdelavania\" \/>\n<meta property=\"article:published_time\" content=\"2025-12-17T14:36:11+00:00\" \/>\n<meta property=\"article:modified_time\" content=\"2026-01-27T13:18:51+00:00\" \/>\n<meta property=\"og:image\" content=\"https:\/\/archiv.siov.sk\/wp-content\/uploads\/2025\/12\/Hero-banner_novy-siov.sk-2.png\" \/>\n\t<meta property=\"og:image:width\" content=\"800\" \/>\n\t<meta property=\"og:image:height\" content=\"550\" \/>\n\t<meta property=\"og:image:type\" content=\"image\/png\" \/>\n<meta name=\"author\" content=\"Sylvia Hamadejova\" \/>\n<meta name=\"twitter:card\" content=\"summary_large_image\" \/>\n<meta name=\"twitter:label1\" content=\"Written by\" \/>\n\t<meta name=\"twitter:data1\" content=\"Sylvia Hamadejova\" \/>\n\t<meta name=\"twitter:label2\" content=\"Estimated reading time\" \/>\n\t<meta name=\"twitter:data2\" content=\"2 minutes\" \/>\n<script type=\"application\/ld+json\" class=\"yoast-schema-graph\">{\"@context\":\"https:\\\/\\\/schema.org\",\"@graph\":[{\"@type\":\"Article\",\"@id\":\"https:\\\/\\\/archiv.siov.sk\\\/kontraktacne-dni-a-regionalne-veltrhy-cvicnych-firiem-2026-kalendar-podujati-je-tu\\\/#article\",\"isPartOf\":{\"@id\":\"https:\\\/\\\/archiv.siov.sk\\\/kontraktacne-dni-a-regionalne-veltrhy-cvicnych-firiem-2026-kalendar-podujati-je-tu\\\/\"},\"author\":{\"name\":\"Sylvia Hamadejova\",\"@id\":\"https:\\\/\\\/archiv.siov.sk\\\/#\\\/schema\\\/person\\\/70de33c3c88facac4a386ef06f733b92\"},\"headline\":\"Kontrakta\u010dn\u00e9 dni a region\u00e1lne ve\u013etrhy cvi\u010dn\u00fdch firiem 2026: Kalend\u00e1r podujat\u00ed je tu\",\"datePublished\":\"2025-12-17T14:36:11+00:00\",\"dateModified\":\"2026-01-27T13:18:51+00:00\",\"mainEntityOfPage\":{\"@id\":\"https:\\\/\\\/archiv.siov.sk\\\/kontraktacne-dni-a-regionalne-veltrhy-cvicnych-firiem-2026-kalendar-podujati-je-tu\\\/\"},\"wordCount\":331,\"publisher\":{\"@id\":\"https:\\\/\\\/archiv.siov.sk\\\/#organization\"},\"image\":{\"@id\":\"https:\\\/\\\/archiv.siov.sk\\\/kontraktacne-dni-a-regionalne-veltrhy-cvicnych-firiem-2026-kalendar-podujati-je-tu\\\/#primaryimage\"},\"thumbnailUrl\":\"https:\\\/\\\/archiv.siov.sk\\\/wp-content\\\/uploads\\\/2025\\\/12\\\/Hero-banner_novy-siov.sk-2.png\",\"articleSection\":[\"Aktuality\"],\"inLanguage\":\"en-GB\"},{\"@type\":\"WebPage\",\"@id\":\"https:\\\/\\\/archiv.siov.sk\\\/kontraktacne-dni-a-regionalne-veltrhy-cvicnych-firiem-2026-kalendar-podujati-je-tu\\\/\",\"url\":\"https:\\\/\\\/archiv.siov.sk\\\/kontraktacne-dni-a-regionalne-veltrhy-cvicnych-firiem-2026-kalendar-podujati-je-tu\\\/\",\"name\":\"Kontrakta\u010dn\u00e9 dni a region\u00e1lne ve\u013etrhy cvi\u010dn\u00fdch firiem 2026: Kalend\u00e1r podujat\u00ed je tu - \u0160IOV - \u0161t\u00e1tny in\u0161tit\u00fat odborn\u00e9ho vzdel\u00e1vania\",\"isPartOf\":{\"@id\":\"https:\\\/\\\/archiv.siov.sk\\\/#website\"},\"primaryImageOfPage\":{\"@id\":\"https:\\\/\\\/archiv.siov.sk\\\/kontraktacne-dni-a-regionalne-veltrhy-cvicnych-firiem-2026-kalendar-podujati-je-tu\\\/#primaryimage\"},\"image\":{\"@id\":\"https:\\\/\\\/archiv.siov.sk\\\/kontraktacne-dni-a-regionalne-veltrhy-cvicnych-firiem-2026-kalendar-podujati-je-tu\\\/#primaryimage\"},\"thumbnailUrl\":\"https:\\\/\\\/archiv.siov.sk\\\/wp-content\\\/uploads\\\/2025\\\/12\\\/Hero-banner_novy-siov.sk-2.png\",\"datePublished\":\"2025-12-17T14:36:11+00:00\",\"dateModified\":\"2026-01-27T13:18:51+00:00\",\"breadcrumb\":{\"@id\":\"https:\\\/\\\/archiv.siov.sk\\\/kontraktacne-dni-a-regionalne-veltrhy-cvicnych-firiem-2026-kalendar-podujati-je-tu\\\/#breadcrumb\"},\"inLanguage\":\"en-GB\",\"potentialAction\":[{\"@type\":\"ReadAction\",\"target\":[\"https:\\\/\\\/archiv.siov.sk\\\/kontraktacne-dni-a-regionalne-veltrhy-cvicnych-firiem-2026-kalendar-podujati-je-tu\\\/\"]}]},{\"@type\":\"ImageObject\",\"inLanguage\":\"en-GB\",\"@id\":\"https:\\\/\\\/archiv.siov.sk\\\/kontraktacne-dni-a-regionalne-veltrhy-cvicnych-firiem-2026-kalendar-podujati-je-tu\\\/#primaryimage\",\"url\":\"https:\\\/\\\/archiv.siov.sk\\\/wp-content\\\/uploads\\\/2025\\\/12\\\/Hero-banner_novy-siov.sk-2.png\",\"contentUrl\":\"https:\\\/\\\/archiv.siov.sk\\\/wp-content\\\/uploads\\\/2025\\\/12\\\/Hero-banner_novy-siov.sk-2.png\",\"width\":800,\"height\":550},{\"@type\":\"BreadcrumbList\",\"@id\":\"https:\\\/\\\/archiv.siov.sk\\\/kontraktacne-dni-a-regionalne-veltrhy-cvicnych-firiem-2026-kalendar-podujati-je-tu\\\/#breadcrumb\",\"itemListElement\":[{\"@type\":\"ListItem\",\"position\":1,\"name\":\"Home\",\"item\":\"https:\\\/\\\/archiv.siov.sk\\\/\"},{\"@type\":\"ListItem\",\"position\":2,\"name\":\"Kontrakta\u010dn\u00e9 dni a region\u00e1lne ve\u013etrhy cvi\u010dn\u00fdch firiem 2026: Kalend\u00e1r podujat\u00ed je tu\"}]},{\"@type\":\"WebSite\",\"@id\":\"https:\\\/\\\/archiv.siov.sk\\\/#website\",\"url\":\"https:\\\/\\\/archiv.siov.sk\\\/\",\"name\":\"\u0160IOV - \u0161t\u00e1tny in\u0161tit\u00fat odborn\u00e9ho vzdel\u00e1vania\",\"description\":\"\",\"publisher\":{\"@id\":\"https:\\\/\\\/archiv.siov.sk\\\/#organization\"},\"potentialAction\":[{\"@type\":\"SearchAction\",\"target\":{\"@type\":\"EntryPoint\",\"urlTemplate\":\"https:\\\/\\\/archiv.siov.sk\\\/?s={search_term_string}\"},\"query-input\":{\"@type\":\"PropertyValueSpecification\",\"valueRequired\":true,\"valueName\":\"search_term_string\"}}],\"inLanguage\":\"en-GB\"},{\"@type\":\"Organization\",\"@id\":\"https:\\\/\\\/archiv.siov.sk\\\/#organization\",\"name\":\"\u0160IOV - \u0161t\u00e1tny in\u0161tit\u00fat odborn\u00e9ho vzdel\u00e1vania\",\"url\":\"https:\\\/\\\/archiv.siov.sk\\\/\",\"logo\":{\"@type\":\"ImageObject\",\"inLanguage\":\"en-GB\",\"@id\":\"https:\\\/\\\/archiv.siov.sk\\\/#\\\/schema\\\/logo\\\/image\\\/\",\"url\":\"https:\\\/\\\/archiv.siov.sk\\\/wp-content\\\/uploads\\\/2024\\\/02\\\/logo-SIOV.png\",\"contentUrl\":\"https:\\\/\\\/archiv.siov.sk\\\/wp-content\\\/uploads\\\/2024\\\/02\\\/logo-SIOV.png\",\"width\":431,\"height\":143,\"caption\":\"\u0160IOV - \u0161t\u00e1tny in\u0161tit\u00fat odborn\u00e9ho vzdel\u00e1vania\"},\"image\":{\"@id\":\"https:\\\/\\\/archiv.siov.sk\\\/#\\\/schema\\\/logo\\\/image\\\/\"},\"sameAs\":[\"https:\\\/\\\/www.facebook.com\\\/Statnyinstitutodbornehovzdelavania\"]},{\"@type\":\"Person\",\"@id\":\"https:\\\/\\\/archiv.siov.sk\\\/#\\\/schema\\\/person\\\/70de33c3c88facac4a386ef06f733b92\",\"name\":\"Sylvia Hamadejova\",\"url\":\"https:\\\/\\\/archiv.siov.sk\\\/en\\\/author\\\/hamadejovas\\\/\"}]}<\/script>\n<!-- \/ Yoast SEO plugin. -->","yoast_head_json":{"title":"Kontrakta\u010dn\u00e9 dni a region\u00e1lne ve\u013etrhy cvi\u010dn\u00fdch firiem 2026: Kalend\u00e1r podujat\u00ed je tu - \u0160IOV - \u0161t\u00e1tny in\u0161tit\u00fat odborn\u00e9ho vzdel\u00e1vania","robots":{"index":"index","follow":"follow","max-snippet":"max-snippet:-1","max-image-preview":"max-image-preview:large","max-video-preview":"max-video-preview:-1"},"canonical":"https:\/\/archiv.siov.sk\/en\/kontraktacne-dni-a-regionalne-veltrhy-cvicnych-firiem-2026-kalendar-podujati-je-tu\/","og_locale":"en_GB","og_type":"article","og_title":"Kontrakta\u010dn\u00e9 dni a region\u00e1lne ve\u013etrhy cvi\u010dn\u00fdch firiem 2026: Kalend\u00e1r podujat\u00ed je tu - \u0160IOV - \u0161t\u00e1tny in\u0161tit\u00fat odborn\u00e9ho vzdel\u00e1vania","og_description":"Slovensk\u00e9 centrum cvi\u010dn\u00fdch firiem (SCCF) otv\u00e1ra nov\u00fa sez\u00f3nu podujat\u00ed, ktor\u00e9 s\u00fa pre \u017eiakov k\u013e\u00fa\u010dovou pr\u00edle\u017eitos\u0165ou na rozvoj podnikate\u013esk\u00fdch zru\u010dnost\u00ed. V roku 2026 sa m\u00f4\u017eeme te\u0161i\u0165 na s\u00e9riu region\u00e1lnych ve\u013etrhov, ktor\u00e9 preveria vedomosti, finan\u010dn\u00fa gramotnos\u0165 a schopnos\u0165 uspie\u0165 v konkuren\u010dnom prostred\u00ed. Pre\u010do sa zapoji\u0165? Cie\u013eom t\u00fdchto podujat\u00ed je umo\u017eni\u0165 \u010do najv\u00e4\u010d\u0161iemu po\u010dtu \u017eiakov vysk\u00fa\u0161a\u0165 si podnikate\u013esk\u00e9 [&hellip;]","og_url":"https:\/\/archiv.siov.sk\/en\/kontraktacne-dni-a-regionalne-veltrhy-cvicnych-firiem-2026-kalendar-podujati-je-tu\/","og_site_name":"\u0160IOV - \u0161t\u00e1tny in\u0161tit\u00fat odborn\u00e9ho vzdel\u00e1vania","article_publisher":"https:\/\/www.facebook.com\/Statnyinstitutodbornehovzdelavania","article_published_time":"2025-12-17T14:36:11+00:00","article_modified_time":"2026-01-27T13:18:51+00:00","og_image":[{"width":800,"height":550,"url":"https:\/\/archiv.siov.sk\/wp-content\/uploads\/2025\/12\/Hero-banner_novy-siov.sk-2.png","type":"image\/png"}],"author":"Sylvia Hamadejova","twitter_card":"summary_large_image","twitter_misc":{"Written by":"Sylvia Hamadejova","Estimated reading time":"2 minutes"},"schema":{"@context":"https:\/\/schema.org","@graph":[{"@type":"Article","@id":"https:\/\/archiv.siov.sk\/kontraktacne-dni-a-regionalne-veltrhy-cvicnych-firiem-2026-kalendar-podujati-je-tu\/#article","isPartOf":{"@id":"https:\/\/archiv.siov.sk\/kontraktacne-dni-a-regionalne-veltrhy-cvicnych-firiem-2026-kalendar-podujati-je-tu\/"},"author":{"name":"Sylvia Hamadejova","@id":"https:\/\/archiv.siov.sk\/#\/schema\/person\/70de33c3c88facac4a386ef06f733b92"},"headline":"Kontrakta\u010dn\u00e9 dni a region\u00e1lne ve\u013etrhy cvi\u010dn\u00fdch firiem 2026: Kalend\u00e1r podujat\u00ed je tu","datePublished":"2025-12-17T14:36:11+00:00","dateModified":"2026-01-27T13:18:51+00:00","mainEntityOfPage":{"@id":"https:\/\/archiv.siov.sk\/kontraktacne-dni-a-regionalne-veltrhy-cvicnych-firiem-2026-kalendar-podujati-je-tu\/"},"wordCount":331,"publisher":{"@id":"https:\/\/archiv.siov.sk\/#organization"},"image":{"@id":"https:\/\/archiv.siov.sk\/kontraktacne-dni-a-regionalne-veltrhy-cvicnych-firiem-2026-kalendar-podujati-je-tu\/#primaryimage"},"thumbnailUrl":"https:\/\/archiv.siov.sk\/wp-content\/uploads\/2025\/12\/Hero-banner_novy-siov.sk-2.png","articleSection":["Aktuality"],"inLanguage":"en-GB"},{"@type":"WebPage","@id":"https:\/\/archiv.siov.sk\/kontraktacne-dni-a-regionalne-veltrhy-cvicnych-firiem-2026-kalendar-podujati-je-tu\/","url":"https:\/\/archiv.siov.sk\/kontraktacne-dni-a-regionalne-veltrhy-cvicnych-firiem-2026-kalendar-podujati-je-tu\/","name":"Kontrakta\u010dn\u00e9 dni a region\u00e1lne ve\u013etrhy cvi\u010dn\u00fdch firiem 2026: Kalend\u00e1r podujat\u00ed je tu - \u0160IOV - \u0161t\u00e1tny in\u0161tit\u00fat odborn\u00e9ho vzdel\u00e1vania","isPartOf":{"@id":"https:\/\/archiv.siov.sk\/#website"},"primaryImageOfPage":{"@id":"https:\/\/archiv.siov.sk\/kontraktacne-dni-a-regionalne-veltrhy-cvicnych-firiem-2026-kalendar-podujati-je-tu\/#primaryimage"},"image":{"@id":"https:\/\/archiv.siov.sk\/kontraktacne-dni-a-regionalne-veltrhy-cvicnych-firiem-2026-kalendar-podujati-je-tu\/#primaryimage"},"thumbnailUrl":"https:\/\/archiv.siov.sk\/wp-content\/uploads\/2025\/12\/Hero-banner_novy-siov.sk-2.png","datePublished":"2025-12-17T14:36:11+00:00","dateModified":"2026-01-27T13:18:51+00:00","breadcrumb":{"@id":"https:\/\/archiv.siov.sk\/kontraktacne-dni-a-regionalne-veltrhy-cvicnych-firiem-2026-kalendar-podujati-je-tu\/#breadcrumb"},"inLanguage":"en-GB","potentialAction":[{"@type":"ReadAction","target":["https:\/\/archiv.siov.sk\/kontraktacne-dni-a-regionalne-veltrhy-cvicnych-firiem-2026-kalendar-podujati-je-tu\/"]}]},{"@type":"ImageObject","inLanguage":"en-GB","@id":"https:\/\/archiv.siov.sk\/kontraktacne-dni-a-regionalne-veltrhy-cvicnych-firiem-2026-kalendar-podujati-je-tu\/#primaryimage","url":"https:\/\/archiv.siov.sk\/wp-content\/uploads\/2025\/12\/Hero-banner_novy-siov.sk-2.png","contentUrl":"https:\/\/archiv.siov.sk\/wp-content\/uploads\/2025\/12\/Hero-banner_novy-siov.sk-2.png","width":800,"height":550},{"@type":"BreadcrumbList","@id":"https:\/\/archiv.siov.sk\/kontraktacne-dni-a-regionalne-veltrhy-cvicnych-firiem-2026-kalendar-podujati-je-tu\/#breadcrumb","itemListElement":[{"@type":"ListItem","position":1,"name":"Home","item":"https:\/\/archiv.siov.sk\/"},{"@type":"ListItem","position":2,"name":"Kontrakta\u010dn\u00e9 dni a region\u00e1lne ve\u013etrhy cvi\u010dn\u00fdch firiem 2026: Kalend\u00e1r podujat\u00ed je tu"}]},{"@type":"WebSite","@id":"https:\/\/archiv.siov.sk\/#website","url":"https:\/\/archiv.siov.sk\/","name":"\u0160IOV - \u0161t\u00e1tny in\u0161tit\u00fat odborn\u00e9ho vzdel\u00e1vania","description":"","publisher":{"@id":"https:\/\/archiv.siov.sk\/#organization"},"potentialAction":[{"@type":"SearchAction","target":{"@type":"EntryPoint","urlTemplate":"https:\/\/archiv.siov.sk\/?s={search_term_string}"},"query-input":{"@type":"PropertyValueSpecification","valueRequired":true,"valueName":"search_term_string"}}],"inLanguage":"en-GB"},{"@type":"Organization","@id":"https:\/\/archiv.siov.sk\/#organization","name":"\u0160IOV - \u0161t\u00e1tny in\u0161tit\u00fat odborn\u00e9ho vzdel\u00e1vania","url":"https:\/\/archiv.siov.sk\/","logo":{"@type":"ImageObject","inLanguage":"en-GB","@id":"https:\/\/archiv.siov.sk\/#\/schema\/logo\/image\/","url":"https:\/\/archiv.siov.sk\/wp-content\/uploads\/2024\/02\/logo-SIOV.png","contentUrl":"https:\/\/archiv.siov.sk\/wp-content\/uploads\/2024\/02\/logo-SIOV.png","width":431,"height":143,"caption":"\u0160IOV - \u0161t\u00e1tny in\u0161tit\u00fat odborn\u00e9ho vzdel\u00e1vania"},"image":{"@id":"https:\/\/archiv.siov.sk\/#\/schema\/logo\/image\/"},"sameAs":["https:\/\/www.facebook.com\/Statnyinstitutodbornehovzdelavania"]},{"@type":"Person","@id":"https:\/\/archiv.siov.sk\/#\/schema\/person\/70de33c3c88facac4a386ef06f733b92","name":"Sylvia Hamadejova","url":"https:\/\/archiv.siov.sk\/en\/author\/hamadejovas\/"}]}},"_links":{"self":[{"href":"https:\/\/archiv.siov.sk\/en\/wp-json\/wp\/v2\/posts\/22166","targetHints":{"allow":["GET"]}}],"collection":[{"href":"https:\/\/archiv.siov.sk\/en\/wp-json\/wp\/v2\/posts"}],"about":[{"href":"https:\/\/archiv.siov.sk\/en\/wp-json\/wp\/v2\/types\/post"}],"author":[{"embeddable":true,"href":"https:\/\/archiv.siov.sk\/en\/wp-json\/wp\/v2\/users\/11"}],"replies":[{"embeddable":true,"href":"https:\/\/archiv.siov.sk\/en\/wp-json\/wp\/v2\/comments?post=22166"}],"version-history":[{"count":15,"href":"https:\/\/archiv.siov.sk\/en\/wp-json\/wp\/v2\/posts\/22166\/revisions"}],"predecessor-version":[{"id":22430,"href":"https:\/\/archiv.siov.sk\/en\/wp-json\/wp\/v2\/posts\/22166\/revisions\/22430"}],"wp:featuredmedia":[{"embeddable":true,"href":"https:\/\/archiv.siov.sk\/en\/wp-json\/wp\/v2\/media\/22167"}],"wp:attachment":[{"href":"https:\/\/archiv.siov.sk\/en\/wp-json\/wp\/v2\/media?parent=22166"}],"wp:term":[{"taxonomy":"category","embeddable":true,"href":"https:\/\/archiv.siov.sk\/en\/wp-json\/wp\/v2\/categories?post=22166"},{"taxonomy":"post_tag","embeddable":true,"href":"https:\/\/archiv.siov.sk\/en\/wp-json\/wp\/v2\/tags?post=22166"}],"curies":[{"name":"wp","href":"https:\/\/api.w.org\/{rel}","templated":true}]}}