{"id":22034,"date":"2025-12-08T11:05:42","date_gmt":"2025-12-08T10:05:42","guid":{"rendered":"https:\/\/archiv.siov.sk\/?p=22034"},"modified":"2025-12-08T11:06:04","modified_gmt":"2025-12-08T10:06:04","slug":"skills-slovakia-vo-floristike-zacina-prvym-rocnikom-pod-nazvom-vianocne-inspiracie","status":"publish","type":"post","link":"https:\/\/archiv.siov.sk\/en\/skills-slovakia-vo-floristike-zacina-prvym-rocnikom-pod-nazvom-vianocne-inspiracie\/","title":{"rendered":"Skills Slovakia vo floristike za\u010d\u00edna prv\u00fdm ro\u010dn\u00edkom pod n\u00e1zvom \u201eViano\u010dn\u00e9 in\u0161pir\u00e1cie\u201c"},"content":{"rendered":"<p style=\"text-align: center;\"><em>Foto: Viano\u010dn\u00e9 in\u0161pir\u00e1cie 2024 &#8211; SO\u0160 po\u013enohospod\u00e1rstva a slu\u017eieb na vidieku Ko\u0161ice<\/em><\/p>\n<p style=\"text-align: justify;\">Stredn\u00e1 odborn\u00e1 \u0161kola po\u013enohospod\u00e1rstva a\u00a0slu\u017eieb na vidieku v Ko\u0161iciach s\u00a0partnermi &#8211; \u0160t\u00e1tnym in\u0161tit\u00fatom odborn\u00e9ho vzdel\u00e1vania a Slovenskou asoci\u00e1ciou kvetin\u00e1rov a floristov prevzala pod svoju gesciu organizovanie celo\u0161t\u00e1tnej s\u00fa\u0165a\u017ee vo viazan\u00ed a aran\u017eovan\u00ed kvetov ur\u010den\u00fa stredo\u0161kol\u00e1kom z\u00e1hradn\u00edckych \u0161k\u00f4l. Prv\u00fd ro\u010dn\u00edk s\u00fa\u0165a\u017ee\u00a0Skills Slovakia VIANO\u010cN\u00c9 IN\u0160PIR\u00c1CIE prebehne 10.decembra a\u00a0bude s\u00fa\u010das\u0165ou 15. ro\u010dn\u00edka s\u00fa\u0165a\u017ee organizovanej \u0161kolou s medzin\u00e1rodnou \u00fa\u010das\u0165ou. Sprievodn\u00fdm podujat\u00edm bude 11. decembra De\u0148 otvoren\u00fdch dver\u00ed \u0161koly a\u00a012. a\u017e 14. decembra v\u00fdstava s\u00fa\u0165a\u017en\u00fdch pr\u00e1c \u017eiakov v\u00a0Botanickej z\u00e1hrade UPJ\u0160.<\/p>\n<p style=\"text-align: justify;\">Hlavn\u00e1 t\u00e9ma s\u00fa\u0165a\u017ee je \u201eSvetlo Vianoc\u201c a\u00a0\u017eiaci bud\u00fa postupne pracova\u0165 na troch s\u00fa\u0165a\u017en\u00fdch \u00faloh\u00e1ch, v\u00a0ktor\u00fdch predved\u00fa spojenie zru\u010dnost\u00ed, predstavivosti, kreativity a citu pre umenie aran\u017eovania kvetov.<\/p>\n<p style=\"text-align: justify;\">V\u00a0prvej \u00falohe viano\u010dn\u00fd svietnik \u2013 svetlo Vianoc sa fant\u00e1zii medze neklad\u00fa a\u00a0\u017eiaci m\u00f4\u017eu tvori\u0165 tradi\u010dn\u00fd, modern\u00fd, jednoduch\u00fd \u010di extravagantn\u00fd n\u00e1met. Druh\u00e9 s\u00fa\u0165a\u017en\u00e9 zadanie &#8211; viano\u010dn\u00e1 sveteln\u00e1 kon\u0161trukcia, bude vytvoren\u00e1 zo svetiel a\u00a0r\u00e1mu, ktor\u00fd tvor\u00ed viano\u010dn\u00fa symboliku s\u00a0pou\u017eit\u00edm pr\u00edrodn\u00fdch viano\u010dn\u00fdch rastl\u00edn. Nakoniec v\u00a0r\u00e1mci tretej \u00falohy s\u00fa\u0165a\u017eiaci vytvoria viano\u010dn\u00fa osadzovan\u00fa interi\u00e9rov\u00fa n\u00e1dobu na st\u00f4l s\u00a0pou\u017eit\u00edm pr\u00edrodn\u00fdch materi\u00e1lov. S\u00fa\u0165a\u017en\u00e9 kre\u00e1cie bud\u00fa pod\u013ea n\u00e1ro\u010dnosti tvori\u0165 v \u010dasovom rozp\u00e4t\u00ed 60 a\u017e 75 min\u00fat.<\/p>\n<p style=\"text-align: justify;\">Na celo\u0161t\u00e1tnom kole s\u00fa\u0165a\u017ee o\u010dak\u00e1vame viac ako 25 najlep\u0161\u00edch \u017eiakov. S\u00fa\u0165a\u017ee sa z\u00fa\u010dast\u0148uj\u00fa aj t\u00edmy z\u00a0Ma\u010farska, \u010ceskej republiky a\u00a0 Rumunska. V\u00ed\u0165azi bud\u00fa oce\u0148ovan\u00ed od prv\u00e9ho po tretie miesto. Hlavn\u00e1 a technick\u00e1 komisia bude hodnoti\u0165 pod\u013ea medzin\u00e1rodn\u00e9ho bodov\u00e9ho syst\u00e9mu FLORINT.<\/p>\n<p style=\"text-align: justify;\">S\u00fa\u0165a\u017e je zaraden\u00e1 do syst\u00e9mu s\u00fa\u0165a\u017e\u00ed stredn\u00fdch \u0161k\u00f4l v odborn\u00fdch zru\u010dnostiach Skills Slovakia s mo\u017enos\u0165ou nomin\u00e1cie v\u00ed\u0165azov na medzin\u00e1rodn\u00fa s\u00fa\u0165a\u017e v odborn\u00fdch zru\u010dnostiach EuroSkills. \u010eal\u0161\u00ed ro\u010dn\u00edk EuroSkills sa bude kona\u0165 v\u00a0septembri 2027 v nemeckom D\u00fcsseldorfe.<\/p>\n<p style=\"text-align: justify;\">S\u00fa\u0165a\u017e je schv\u00e1len\u00e1 Ministerstvom \u0161kolstva, v\u00fdskumu, v\u00fdvoja a ml\u00e1de\u017ee SR a\u00a0jej metodick\u00fdm gestorom je \u0160t\u00e1tny in\u0161tit\u00fat odborn\u00e9ho vzdel\u00e1vania. Podujatie odborne podporuj\u00fa odborn\u00edci z praxe s garanciou Slovenskej asoci\u00e1cie kvetin\u00e1rov a floristov a \u010fal\u0161\u00edmi partnermi z hospod\u00e1rskej praxe.<\/p>","protected":false},"excerpt":{"rendered":"<p>Foto: Viano\u010dn\u00e9 in\u0161pir\u00e1cie 2024 &#8211; SO\u0160 po\u013enohospod\u00e1rstva a slu\u017eieb na vidieku Ko\u0161ice Stredn\u00e1 odborn\u00e1 \u0161kola po\u013enohospod\u00e1rstva a\u00a0slu\u017eieb na vidieku v Ko\u0161iciach s\u00a0partnermi &#8211; \u0160t\u00e1tnym in\u0161tit\u00fatom odborn\u00e9ho vzdel\u00e1vania a Slovenskou asoci\u00e1ciou kvetin\u00e1rov a floristov prevzala pod svoju gesciu organizovanie celo\u0161t\u00e1tnej s\u00fa\u0165a\u017ee vo viazan\u00ed a aran\u017eovan\u00ed kvetov ur\u010den\u00fa stredo\u0161kol\u00e1kom z\u00e1hradn\u00edckych \u0161k\u00f4l. Prv\u00fd ro\u010dn\u00edk s\u00fa\u0165a\u017ee\u00a0Skills Slovakia VIANO\u010cN\u00c9 IN\u0160PIR\u00c1CIE [&hellip;]<\/p>\n","protected":false},"author":6,"featured_media":22036,"comment_status":"closed","ping_status":"closed","sticky":false,"template":"","format":"standard","meta":{"site-sidebar-layout":"default","site-content-layout":"","ast-site-content-layout":"default","site-content-style":"default","site-sidebar-style":"default","ast-global-header-display":"","ast-banner-title-visibility":"","ast-main-header-display":"","ast-hfb-above-header-display":"","ast-hfb-below-header-display":"","ast-hfb-mobile-header-display":"","site-post-title":"","ast-breadcrumbs-content":"","ast-featured-img":"","footer-sml-layout":"","ast-disable-related-posts":"","theme-transparent-header-meta":"default","adv-header-id-meta":"","stick-header-meta":"default","header-above-stick-meta":"","header-main-stick-meta":"","header-below-stick-meta":"","astra-migrate-meta-layouts":"set","ast-page-background-enabled":"default","ast-page-background-meta":{"desktop":{"background-color":"var(--ast-global-color-4)","background-image":"","background-repeat":"repeat","background-position":"center center","background-size":"auto","background-attachment":"scroll","background-type":"","background-media":"","overlay-type":"","overlay-color":"","overlay-opacity":"","overlay-gradient":""},"tablet":{"background-color":"","background-image":"","background-repeat":"repeat","background-position":"center center","background-size":"auto","background-attachment":"scroll","background-type":"","background-media":"","overlay-type":"","overlay-color":"","overlay-opacity":"","overlay-gradient":""},"mobile":{"background-color":"","background-image":"","background-repeat":"repeat","background-position":"center center","background-size":"auto","background-attachment":"scroll","background-type":"","background-media":"","overlay-type":"","overlay-color":"","overlay-opacity":"","overlay-gradient":""}},"ast-content-background-meta":{"desktop":{"background-color":"var(--ast-global-color-5)","background-image":"","background-repeat":"repeat","background-position":"center center","background-size":"auto","background-attachment":"scroll","background-type":"","background-media":"","overlay-type":"","overlay-color":"","overlay-opacity":"","overlay-gradient":""},"tablet":{"background-color":"var(--ast-global-color-5)","background-image":"","background-repeat":"repeat","background-position":"center center","background-size":"auto","background-attachment":"scroll","background-type":"","background-media":"","overlay-type":"","overlay-color":"","overlay-opacity":"","overlay-gradient":""},"mobile":{"background-color":"var(--ast-global-color-5)","background-image":"","background-repeat":"repeat","background-position":"center center","background-size":"auto","background-attachment":"scroll","background-type":"","background-media":"","overlay-type":"","overlay-color":"","overlay-opacity":"","overlay-gradient":""}},"footnotes":""},"categories":[1,18],"tags":[],"class_list":["post-22034","post","type-post","status-publish","format-standard","has-post-thumbnail","hentry","category-aktuality","category-sutaze"],"yoast_head":"<!-- This site is optimized with the Yoast SEO plugin v27.5 - https:\/\/yoast.com\/product\/yoast-seo-wordpress\/ -->\n<title>Skills Slovakia vo floristike za\u010d\u00edna prv\u00fdm ro\u010dn\u00edkom pod n\u00e1zvom \u201eViano\u010dn\u00e9 in\u0161pir\u00e1cie\u201c - \u0160IOV - \u0161t\u00e1tny in\u0161tit\u00fat odborn\u00e9ho vzdel\u00e1vania<\/title>\n<meta name=\"robots\" content=\"index, follow, max-snippet:-1, max-image-preview:large, max-video-preview:-1\" \/>\n<link rel=\"canonical\" href=\"https:\/\/archiv.siov.sk\/en\/skills-slovakia-vo-floristike-zacina-prvym-rocnikom-pod-nazvom-vianocne-inspiracie\/\" \/>\n<meta property=\"og:locale\" content=\"en_GB\" \/>\n<meta property=\"og:type\" content=\"article\" \/>\n<meta property=\"og:title\" content=\"Skills Slovakia vo floristike za\u010d\u00edna prv\u00fdm ro\u010dn\u00edkom pod n\u00e1zvom \u201eViano\u010dn\u00e9 in\u0161pir\u00e1cie\u201c - \u0160IOV - \u0161t\u00e1tny in\u0161tit\u00fat odborn\u00e9ho vzdel\u00e1vania\" \/>\n<meta property=\"og:description\" content=\"Foto: Viano\u010dn\u00e9 in\u0161pir\u00e1cie 2024 &#8211; SO\u0160 po\u013enohospod\u00e1rstva a slu\u017eieb na vidieku Ko\u0161ice Stredn\u00e1 odborn\u00e1 \u0161kola po\u013enohospod\u00e1rstva a\u00a0slu\u017eieb na vidieku v Ko\u0161iciach s\u00a0partnermi &#8211; \u0160t\u00e1tnym in\u0161tit\u00fatom odborn\u00e9ho vzdel\u00e1vania a Slovenskou asoci\u00e1ciou kvetin\u00e1rov a floristov prevzala pod svoju gesciu organizovanie celo\u0161t\u00e1tnej s\u00fa\u0165a\u017ee vo viazan\u00ed a aran\u017eovan\u00ed kvetov ur\u010den\u00fa stredo\u0161kol\u00e1kom z\u00e1hradn\u00edckych \u0161k\u00f4l. Prv\u00fd ro\u010dn\u00edk s\u00fa\u0165a\u017ee\u00a0Skills Slovakia VIANO\u010cN\u00c9 IN\u0160PIR\u00c1CIE [&hellip;]\" \/>\n<meta property=\"og:url\" content=\"https:\/\/archiv.siov.sk\/en\/skills-slovakia-vo-floristike-zacina-prvym-rocnikom-pod-nazvom-vianocne-inspiracie\/\" \/>\n<meta property=\"og:site_name\" content=\"\u0160IOV - \u0161t\u00e1tny in\u0161tit\u00fat odborn\u00e9ho vzdel\u00e1vania\" \/>\n<meta property=\"article:publisher\" content=\"https:\/\/www.facebook.com\/Statnyinstitutodbornehovzdelavania\" \/>\n<meta property=\"article:published_time\" content=\"2025-12-08T10:05:42+00:00\" \/>\n<meta property=\"article:modified_time\" content=\"2025-12-08T10:06:04+00:00\" \/>\n<meta property=\"og:image\" content=\"https:\/\/archiv.siov.sk\/wp-content\/uploads\/2025\/12\/Vianocne-inspiracie-2024.jpg\" \/>\n\t<meta property=\"og:image:width\" content=\"1769\" \/>\n\t<meta property=\"og:image:height\" content=\"1440\" \/>\n\t<meta property=\"og:image:type\" content=\"image\/jpeg\" \/>\n<meta name=\"author\" content=\"Katar\u00edna Kov\u00e1\u010dov\u00e1\" \/>\n<meta name=\"twitter:card\" content=\"summary_large_image\" \/>\n<meta name=\"twitter:label1\" content=\"Written by\" \/>\n\t<meta name=\"twitter:data1\" content=\"Katar\u00edna Kov\u00e1\u010dov\u00e1\" \/>\n\t<meta name=\"twitter:label2\" content=\"Estimated reading time\" \/>\n\t<meta name=\"twitter:data2\" content=\"2 minutes\" \/>\n<script type=\"application\/ld+json\" class=\"yoast-schema-graph\">{\"@context\":\"https:\\\/\\\/schema.org\",\"@graph\":[{\"@type\":\"Article\",\"@id\":\"https:\\\/\\\/archiv.siov.sk\\\/skills-slovakia-vo-floristike-zacina-prvym-rocnikom-pod-nazvom-vianocne-inspiracie\\\/#article\",\"isPartOf\":{\"@id\":\"https:\\\/\\\/archiv.siov.sk\\\/skills-slovakia-vo-floristike-zacina-prvym-rocnikom-pod-nazvom-vianocne-inspiracie\\\/\"},\"author\":{\"name\":\"Katar\u00edna Kov\u00e1\u010dov\u00e1\",\"@id\":\"https:\\\/\\\/archiv.siov.sk\\\/#\\\/schema\\\/person\\\/e42d633fbd958c6a726e8834d8965e6c\"},\"headline\":\"Skills Slovakia vo floristike za\u010d\u00edna prv\u00fdm ro\u010dn\u00edkom pod n\u00e1zvom \u201eViano\u010dn\u00e9 in\u0161pir\u00e1cie\u201c\",\"datePublished\":\"2025-12-08T10:05:42+00:00\",\"dateModified\":\"2025-12-08T10:06:04+00:00\",\"mainEntityOfPage\":{\"@id\":\"https:\\\/\\\/archiv.siov.sk\\\/skills-slovakia-vo-floristike-zacina-prvym-rocnikom-pod-nazvom-vianocne-inspiracie\\\/\"},\"wordCount\":475,\"publisher\":{\"@id\":\"https:\\\/\\\/archiv.siov.sk\\\/#organization\"},\"image\":{\"@id\":\"https:\\\/\\\/archiv.siov.sk\\\/skills-slovakia-vo-floristike-zacina-prvym-rocnikom-pod-nazvom-vianocne-inspiracie\\\/#primaryimage\"},\"thumbnailUrl\":\"https:\\\/\\\/archiv.siov.sk\\\/wp-content\\\/uploads\\\/2025\\\/12\\\/Vianocne-inspiracie-2024.jpg\",\"articleSection\":[\"Aktuality\",\"S\u00fa\u0165a\u017ee\"],\"inLanguage\":\"en-GB\"},{\"@type\":\"WebPage\",\"@id\":\"https:\\\/\\\/archiv.siov.sk\\\/skills-slovakia-vo-floristike-zacina-prvym-rocnikom-pod-nazvom-vianocne-inspiracie\\\/\",\"url\":\"https:\\\/\\\/archiv.siov.sk\\\/skills-slovakia-vo-floristike-zacina-prvym-rocnikom-pod-nazvom-vianocne-inspiracie\\\/\",\"name\":\"Skills Slovakia vo floristike za\u010d\u00edna prv\u00fdm ro\u010dn\u00edkom pod n\u00e1zvom \u201eViano\u010dn\u00e9 in\u0161pir\u00e1cie\u201c - \u0160IOV - \u0161t\u00e1tny in\u0161tit\u00fat odborn\u00e9ho vzdel\u00e1vania\",\"isPartOf\":{\"@id\":\"https:\\\/\\\/archiv.siov.sk\\\/#website\"},\"primaryImageOfPage\":{\"@id\":\"https:\\\/\\\/archiv.siov.sk\\\/skills-slovakia-vo-floristike-zacina-prvym-rocnikom-pod-nazvom-vianocne-inspiracie\\\/#primaryimage\"},\"image\":{\"@id\":\"https:\\\/\\\/archiv.siov.sk\\\/skills-slovakia-vo-floristike-zacina-prvym-rocnikom-pod-nazvom-vianocne-inspiracie\\\/#primaryimage\"},\"thumbnailUrl\":\"https:\\\/\\\/archiv.siov.sk\\\/wp-content\\\/uploads\\\/2025\\\/12\\\/Vianocne-inspiracie-2024.jpg\",\"datePublished\":\"2025-12-08T10:05:42+00:00\",\"dateModified\":\"2025-12-08T10:06:04+00:00\",\"breadcrumb\":{\"@id\":\"https:\\\/\\\/archiv.siov.sk\\\/skills-slovakia-vo-floristike-zacina-prvym-rocnikom-pod-nazvom-vianocne-inspiracie\\\/#breadcrumb\"},\"inLanguage\":\"en-GB\",\"potentialAction\":[{\"@type\":\"ReadAction\",\"target\":[\"https:\\\/\\\/archiv.siov.sk\\\/skills-slovakia-vo-floristike-zacina-prvym-rocnikom-pod-nazvom-vianocne-inspiracie\\\/\"]}]},{\"@type\":\"ImageObject\",\"inLanguage\":\"en-GB\",\"@id\":\"https:\\\/\\\/archiv.siov.sk\\\/skills-slovakia-vo-floristike-zacina-prvym-rocnikom-pod-nazvom-vianocne-inspiracie\\\/#primaryimage\",\"url\":\"https:\\\/\\\/archiv.siov.sk\\\/wp-content\\\/uploads\\\/2025\\\/12\\\/Vianocne-inspiracie-2024.jpg\",\"contentUrl\":\"https:\\\/\\\/archiv.siov.sk\\\/wp-content\\\/uploads\\\/2025\\\/12\\\/Vianocne-inspiracie-2024.jpg\",\"width\":1769,\"height\":1440},{\"@type\":\"BreadcrumbList\",\"@id\":\"https:\\\/\\\/archiv.siov.sk\\\/skills-slovakia-vo-floristike-zacina-prvym-rocnikom-pod-nazvom-vianocne-inspiracie\\\/#breadcrumb\",\"itemListElement\":[{\"@type\":\"ListItem\",\"position\":1,\"name\":\"Home\",\"item\":\"https:\\\/\\\/archiv.siov.sk\\\/\"},{\"@type\":\"ListItem\",\"position\":2,\"name\":\"Skills Slovakia vo floristike za\u010d\u00edna prv\u00fdm ro\u010dn\u00edkom pod n\u00e1zvom \u201eViano\u010dn\u00e9 in\u0161pir\u00e1cie\u201c\"}]},{\"@type\":\"WebSite\",\"@id\":\"https:\\\/\\\/archiv.siov.sk\\\/#website\",\"url\":\"https:\\\/\\\/archiv.siov.sk\\\/\",\"name\":\"\u0160IOV - \u0161t\u00e1tny in\u0161tit\u00fat odborn\u00e9ho vzdel\u00e1vania\",\"description\":\"\",\"publisher\":{\"@id\":\"https:\\\/\\\/archiv.siov.sk\\\/#organization\"},\"potentialAction\":[{\"@type\":\"SearchAction\",\"target\":{\"@type\":\"EntryPoint\",\"urlTemplate\":\"https:\\\/\\\/archiv.siov.sk\\\/?s={search_term_string}\"},\"query-input\":{\"@type\":\"PropertyValueSpecification\",\"valueRequired\":true,\"valueName\":\"search_term_string\"}}],\"inLanguage\":\"en-GB\"},{\"@type\":\"Organization\",\"@id\":\"https:\\\/\\\/archiv.siov.sk\\\/#organization\",\"name\":\"\u0160IOV - \u0161t\u00e1tny in\u0161tit\u00fat odborn\u00e9ho vzdel\u00e1vania\",\"url\":\"https:\\\/\\\/archiv.siov.sk\\\/\",\"logo\":{\"@type\":\"ImageObject\",\"inLanguage\":\"en-GB\",\"@id\":\"https:\\\/\\\/archiv.siov.sk\\\/#\\\/schema\\\/logo\\\/image\\\/\",\"url\":\"https:\\\/\\\/archiv.siov.sk\\\/wp-content\\\/uploads\\\/2024\\\/02\\\/logo-SIOV.png\",\"contentUrl\":\"https:\\\/\\\/archiv.siov.sk\\\/wp-content\\\/uploads\\\/2024\\\/02\\\/logo-SIOV.png\",\"width\":431,\"height\":143,\"caption\":\"\u0160IOV - \u0161t\u00e1tny in\u0161tit\u00fat odborn\u00e9ho vzdel\u00e1vania\"},\"image\":{\"@id\":\"https:\\\/\\\/archiv.siov.sk\\\/#\\\/schema\\\/logo\\\/image\\\/\"},\"sameAs\":[\"https:\\\/\\\/www.facebook.com\\\/Statnyinstitutodbornehovzdelavania\"]},{\"@type\":\"Person\",\"@id\":\"https:\\\/\\\/archiv.siov.sk\\\/#\\\/schema\\\/person\\\/e42d633fbd958c6a726e8834d8965e6c\",\"name\":\"Katar\u00edna Kov\u00e1\u010dov\u00e1\",\"url\":\"https:\\\/\\\/archiv.siov.sk\\\/en\\\/author\\\/katkakovacova\\\/\"}]}<\/script>\n<!-- \/ Yoast SEO plugin. -->","yoast_head_json":{"title":"Skills Slovakia vo floristike za\u010d\u00edna prv\u00fdm ro\u010dn\u00edkom pod n\u00e1zvom \u201eViano\u010dn\u00e9 in\u0161pir\u00e1cie\u201c - \u0160IOV - \u0161t\u00e1tny in\u0161tit\u00fat odborn\u00e9ho vzdel\u00e1vania","robots":{"index":"index","follow":"follow","max-snippet":"max-snippet:-1","max-image-preview":"max-image-preview:large","max-video-preview":"max-video-preview:-1"},"canonical":"https:\/\/archiv.siov.sk\/en\/skills-slovakia-vo-floristike-zacina-prvym-rocnikom-pod-nazvom-vianocne-inspiracie\/","og_locale":"en_GB","og_type":"article","og_title":"Skills Slovakia vo floristike za\u010d\u00edna prv\u00fdm ro\u010dn\u00edkom pod n\u00e1zvom \u201eViano\u010dn\u00e9 in\u0161pir\u00e1cie\u201c - \u0160IOV - \u0161t\u00e1tny in\u0161tit\u00fat odborn\u00e9ho vzdel\u00e1vania","og_description":"Foto: Viano\u010dn\u00e9 in\u0161pir\u00e1cie 2024 &#8211; SO\u0160 po\u013enohospod\u00e1rstva a slu\u017eieb na vidieku Ko\u0161ice Stredn\u00e1 odborn\u00e1 \u0161kola po\u013enohospod\u00e1rstva a\u00a0slu\u017eieb na vidieku v Ko\u0161iciach s\u00a0partnermi &#8211; \u0160t\u00e1tnym in\u0161tit\u00fatom odborn\u00e9ho vzdel\u00e1vania a Slovenskou asoci\u00e1ciou kvetin\u00e1rov a floristov prevzala pod svoju gesciu organizovanie celo\u0161t\u00e1tnej s\u00fa\u0165a\u017ee vo viazan\u00ed a aran\u017eovan\u00ed kvetov ur\u010den\u00fa stredo\u0161kol\u00e1kom z\u00e1hradn\u00edckych \u0161k\u00f4l. Prv\u00fd ro\u010dn\u00edk s\u00fa\u0165a\u017ee\u00a0Skills Slovakia VIANO\u010cN\u00c9 IN\u0160PIR\u00c1CIE [&hellip;]","og_url":"https:\/\/archiv.siov.sk\/en\/skills-slovakia-vo-floristike-zacina-prvym-rocnikom-pod-nazvom-vianocne-inspiracie\/","og_site_name":"\u0160IOV - \u0161t\u00e1tny in\u0161tit\u00fat odborn\u00e9ho vzdel\u00e1vania","article_publisher":"https:\/\/www.facebook.com\/Statnyinstitutodbornehovzdelavania","article_published_time":"2025-12-08T10:05:42+00:00","article_modified_time":"2025-12-08T10:06:04+00:00","og_image":[{"width":1769,"height":1440,"url":"https:\/\/archiv.siov.sk\/wp-content\/uploads\/2025\/12\/Vianocne-inspiracie-2024.jpg","type":"image\/jpeg"}],"author":"Katar\u00edna Kov\u00e1\u010dov\u00e1","twitter_card":"summary_large_image","twitter_misc":{"Written by":"Katar\u00edna Kov\u00e1\u010dov\u00e1","Estimated reading time":"2 minutes"},"schema":{"@context":"https:\/\/schema.org","@graph":[{"@type":"Article","@id":"https:\/\/archiv.siov.sk\/skills-slovakia-vo-floristike-zacina-prvym-rocnikom-pod-nazvom-vianocne-inspiracie\/#article","isPartOf":{"@id":"https:\/\/archiv.siov.sk\/skills-slovakia-vo-floristike-zacina-prvym-rocnikom-pod-nazvom-vianocne-inspiracie\/"},"author":{"name":"Katar\u00edna Kov\u00e1\u010dov\u00e1","@id":"https:\/\/archiv.siov.sk\/#\/schema\/person\/e42d633fbd958c6a726e8834d8965e6c"},"headline":"Skills Slovakia vo floristike za\u010d\u00edna prv\u00fdm ro\u010dn\u00edkom pod n\u00e1zvom \u201eViano\u010dn\u00e9 in\u0161pir\u00e1cie\u201c","datePublished":"2025-12-08T10:05:42+00:00","dateModified":"2025-12-08T10:06:04+00:00","mainEntityOfPage":{"@id":"https:\/\/archiv.siov.sk\/skills-slovakia-vo-floristike-zacina-prvym-rocnikom-pod-nazvom-vianocne-inspiracie\/"},"wordCount":475,"publisher":{"@id":"https:\/\/archiv.siov.sk\/#organization"},"image":{"@id":"https:\/\/archiv.siov.sk\/skills-slovakia-vo-floristike-zacina-prvym-rocnikom-pod-nazvom-vianocne-inspiracie\/#primaryimage"},"thumbnailUrl":"https:\/\/archiv.siov.sk\/wp-content\/uploads\/2025\/12\/Vianocne-inspiracie-2024.jpg","articleSection":["Aktuality","S\u00fa\u0165a\u017ee"],"inLanguage":"en-GB"},{"@type":"WebPage","@id":"https:\/\/archiv.siov.sk\/skills-slovakia-vo-floristike-zacina-prvym-rocnikom-pod-nazvom-vianocne-inspiracie\/","url":"https:\/\/archiv.siov.sk\/skills-slovakia-vo-floristike-zacina-prvym-rocnikom-pod-nazvom-vianocne-inspiracie\/","name":"Skills Slovakia vo floristike za\u010d\u00edna prv\u00fdm ro\u010dn\u00edkom pod n\u00e1zvom \u201eViano\u010dn\u00e9 in\u0161pir\u00e1cie\u201c - \u0160IOV - \u0161t\u00e1tny in\u0161tit\u00fat odborn\u00e9ho vzdel\u00e1vania","isPartOf":{"@id":"https:\/\/archiv.siov.sk\/#website"},"primaryImageOfPage":{"@id":"https:\/\/archiv.siov.sk\/skills-slovakia-vo-floristike-zacina-prvym-rocnikom-pod-nazvom-vianocne-inspiracie\/#primaryimage"},"image":{"@id":"https:\/\/archiv.siov.sk\/skills-slovakia-vo-floristike-zacina-prvym-rocnikom-pod-nazvom-vianocne-inspiracie\/#primaryimage"},"thumbnailUrl":"https:\/\/archiv.siov.sk\/wp-content\/uploads\/2025\/12\/Vianocne-inspiracie-2024.jpg","datePublished":"2025-12-08T10:05:42+00:00","dateModified":"2025-12-08T10:06:04+00:00","breadcrumb":{"@id":"https:\/\/archiv.siov.sk\/skills-slovakia-vo-floristike-zacina-prvym-rocnikom-pod-nazvom-vianocne-inspiracie\/#breadcrumb"},"inLanguage":"en-GB","potentialAction":[{"@type":"ReadAction","target":["https:\/\/archiv.siov.sk\/skills-slovakia-vo-floristike-zacina-prvym-rocnikom-pod-nazvom-vianocne-inspiracie\/"]}]},{"@type":"ImageObject","inLanguage":"en-GB","@id":"https:\/\/archiv.siov.sk\/skills-slovakia-vo-floristike-zacina-prvym-rocnikom-pod-nazvom-vianocne-inspiracie\/#primaryimage","url":"https:\/\/archiv.siov.sk\/wp-content\/uploads\/2025\/12\/Vianocne-inspiracie-2024.jpg","contentUrl":"https:\/\/archiv.siov.sk\/wp-content\/uploads\/2025\/12\/Vianocne-inspiracie-2024.jpg","width":1769,"height":1440},{"@type":"BreadcrumbList","@id":"https:\/\/archiv.siov.sk\/skills-slovakia-vo-floristike-zacina-prvym-rocnikom-pod-nazvom-vianocne-inspiracie\/#breadcrumb","itemListElement":[{"@type":"ListItem","position":1,"name":"Home","item":"https:\/\/archiv.siov.sk\/"},{"@type":"ListItem","position":2,"name":"Skills Slovakia vo floristike za\u010d\u00edna prv\u00fdm ro\u010dn\u00edkom pod n\u00e1zvom \u201eViano\u010dn\u00e9 in\u0161pir\u00e1cie\u201c"}]},{"@type":"WebSite","@id":"https:\/\/archiv.siov.sk\/#website","url":"https:\/\/archiv.siov.sk\/","name":"\u0160IOV - \u0161t\u00e1tny in\u0161tit\u00fat odborn\u00e9ho vzdel\u00e1vania","description":"","publisher":{"@id":"https:\/\/archiv.siov.sk\/#organization"},"potentialAction":[{"@type":"SearchAction","target":{"@type":"EntryPoint","urlTemplate":"https:\/\/archiv.siov.sk\/?s={search_term_string}"},"query-input":{"@type":"PropertyValueSpecification","valueRequired":true,"valueName":"search_term_string"}}],"inLanguage":"en-GB"},{"@type":"Organization","@id":"https:\/\/archiv.siov.sk\/#organization","name":"\u0160IOV - \u0161t\u00e1tny in\u0161tit\u00fat odborn\u00e9ho vzdel\u00e1vania","url":"https:\/\/archiv.siov.sk\/","logo":{"@type":"ImageObject","inLanguage":"en-GB","@id":"https:\/\/archiv.siov.sk\/#\/schema\/logo\/image\/","url":"https:\/\/archiv.siov.sk\/wp-content\/uploads\/2024\/02\/logo-SIOV.png","contentUrl":"https:\/\/archiv.siov.sk\/wp-content\/uploads\/2024\/02\/logo-SIOV.png","width":431,"height":143,"caption":"\u0160IOV - \u0161t\u00e1tny in\u0161tit\u00fat odborn\u00e9ho vzdel\u00e1vania"},"image":{"@id":"https:\/\/archiv.siov.sk\/#\/schema\/logo\/image\/"},"sameAs":["https:\/\/www.facebook.com\/Statnyinstitutodbornehovzdelavania"]},{"@type":"Person","@id":"https:\/\/archiv.siov.sk\/#\/schema\/person\/e42d633fbd958c6a726e8834d8965e6c","name":"Katar\u00edna Kov\u00e1\u010dov\u00e1","url":"https:\/\/archiv.siov.sk\/en\/author\/katkakovacova\/"}]}},"_links":{"self":[{"href":"https:\/\/archiv.siov.sk\/en\/wp-json\/wp\/v2\/posts\/22034","targetHints":{"allow":["GET"]}}],"collection":[{"href":"https:\/\/archiv.siov.sk\/en\/wp-json\/wp\/v2\/posts"}],"about":[{"href":"https:\/\/archiv.siov.sk\/en\/wp-json\/wp\/v2\/types\/post"}],"author":[{"embeddable":true,"href":"https:\/\/archiv.siov.sk\/en\/wp-json\/wp\/v2\/users\/6"}],"replies":[{"embeddable":true,"href":"https:\/\/archiv.siov.sk\/en\/wp-json\/wp\/v2\/comments?post=22034"}],"version-history":[{"count":2,"href":"https:\/\/archiv.siov.sk\/en\/wp-json\/wp\/v2\/posts\/22034\/revisions"}],"predecessor-version":[{"id":22037,"href":"https:\/\/archiv.siov.sk\/en\/wp-json\/wp\/v2\/posts\/22034\/revisions\/22037"}],"wp:featuredmedia":[{"embeddable":true,"href":"https:\/\/archiv.siov.sk\/en\/wp-json\/wp\/v2\/media\/22036"}],"wp:attachment":[{"href":"https:\/\/archiv.siov.sk\/en\/wp-json\/wp\/v2\/media?parent=22034"}],"wp:term":[{"taxonomy":"category","embeddable":true,"href":"https:\/\/archiv.siov.sk\/en\/wp-json\/wp\/v2\/categories?post=22034"},{"taxonomy":"post_tag","embeddable":true,"href":"https:\/\/archiv.siov.sk\/en\/wp-json\/wp\/v2\/tags?post=22034"}],"curies":[{"name":"wp","href":"https:\/\/api.w.org\/{rel}","templated":true}]}}