{"id":22007,"date":"2025-12-04T12:07:29","date_gmt":"2025-12-04T11:07:29","guid":{"rendered":"https:\/\/archiv.siov.sk\/?p=22007"},"modified":"2025-12-04T12:12:32","modified_gmt":"2025-12-04T11:12:32","slug":"tyzden-profika-2025-remesla-s-buducnostou-stredne-odborne-skoly-posilnili-partnerstva-a-prilakali-mladych-ludi-k-spickovej-technike","status":"publish","type":"post","link":"https:\/\/archiv.siov.sk\/en\/tyzden-profika-2025-remesla-s-buducnostou-stredne-odborne-skoly-posilnili-partnerstva-a-prilakali-mladych-ludi-k-spickovej-technike\/","title":{"rendered":"T\u00fd\u017ede\u0148 prof\u00edka 2025: Remesl\u00e1 s bud\u00facnos\u0165ou \u2013 Stredn\u00e9 odborn\u00e9 \u0161koly posilnili partnerstv\u00e1 a pril\u00e1kali mlad\u00fdch \u013eud\u00ed k \u0161pi\u010dkovej technike"},"content":{"rendered":"<div data-elementor-type=\"wp-post\" data-elementor-id=\"22007\" class=\"elementor elementor-22007\" data-elementor-post-type=\"post\">\n\t\t\t\t<div class=\"elementor-element elementor-element-32a3db5b e-flex e-con-boxed e-con e-parent\" data-id=\"32a3db5b\" data-element_type=\"container\" data-e-type=\"container\">\n\t\t\t\t\t<div class=\"e-con-inner\">\n\t\t\t\t<div class=\"elementor-element elementor-element-526803d7 elementor-widget elementor-widget-text-editor\" data-id=\"526803d7\" data-element_type=\"widget\" data-e-type=\"widget\" data-widget_type=\"text-editor.default\">\n\t\t\t\t<div class=\"elementor-widget-container\">\n\t\t\t\t\t\t\t\t\t<strong>Celoslovensk\u00e9 podujatie \u201eT\u00fd\u017ede\u0148 prof\u00edka\u201c<\/strong>, ktor\u00e9 prebehlo v d\u0148och\u00a0<strong>24. a\u017e 28. novembra 2025<\/strong>\u00a0na Stredn\u00fdch odborn\u00fdch \u0161kol\u00e1ch (SO\u0160) naprie\u010d Slovenskom, potvrdilo, \u017ee odborn\u00e9 vzdel\u00e1vanie prech\u00e1dza dynamickou moderniz\u00e1ciou. S hlavn\u00fdm mot\u00edvom\u00a0<strong>\u201eRemesl\u00e1 s bud\u00facnos\u0165ou \u2013 spo\u013eahliv\u00e1 kombin\u00e1cia poctiv\u00e9ho remesla a \u0161pi\u010dkovej technol\u00f3gie\u201c<\/strong>\u00a0sa toto podujatie, organizovan\u00e9 \u0160t\u00e1tnym in\u0161tit\u00fatom odborn\u00e9ho vzdel\u00e1vania (\u0160IOV), stalo k\u013e\u00fa\u010dovou platformou, ktor\u00e1 dok\u00e1zala, \u017ee pr\u00e1ca v remesl\u00e1ch je modern\u00e1, perspekt\u00edvna a prin\u00e1\u0161a okam\u017eit\u00e9 uplatnenie.\r\n\r\nPodujatie prebiehalo na \u0161kol\u00e1ch\u00a0<strong>zapojen\u00fdch do projektu\u00a0<em>Zlep\u0161enie kvality a atrakt\u00edvnosti odborn\u00e9ho vzdel\u00e1vania a pr\u00edpravy v s\u00falade s potrebami trhu pr\u00e1ce<\/em><\/strong>\u00a0v r\u00e1mci\u00a0<strong>druh\u00e9ho programu \u0161vaj\u010diarsko-slovenskej spolupr\u00e1ce<\/strong>, \u010do mu dodalo siln\u00fd medzin\u00e1rodn\u00fd rozmer a umo\u017enilo prepoji\u0165 inov\u00e1cie s dlhodobou syst\u00e9movou podporou:\r\n<ul>\r\n \t<li>\r\n<p class=\"accordion-title\"><a href=\"https:\/\/www.soskuke.sk\/\" target=\"_blank\" rel=\"noopener\">Stredn\u00e1 odborn\u00e1 \u0161kola technick\u00e1 Kuku\u010d\u00ednova 23, Ko\u0161ice<\/a><\/p>\r\n<\/li>\r\n \t<li>\r\n<p class=\"accordion-title\"><a href=\"https:\/\/www.sospb.sk\/\" target=\"_blank\" rel=\"noopener\">Stredn\u00e1 odborn\u00e1 \u0161kola remesiel Pova\u017esk\u00e1 Bystrica<\/a><\/p>\r\n<\/li>\r\n \t<li>\r\n<p class=\"accordion-title\"><a href=\"https:\/\/sostar.sk\/\" target=\"_blank\" rel=\"noopener\">Stredn\u00e1 odborn\u00e1 \u0161kola technol\u00f3gi\u00ed a remesiel Bratislava<\/a><\/p>\r\n<\/li>\r\n \t<li>\r\n<p class=\"accordion-title\"><a href=\"https:\/\/sostechga.edupage.org\/\" target=\"_blank\" rel=\"noopener\">Stredn\u00e1 odborn\u00e1 \u0161kola technick\u00e1 Galanta<\/a><\/p>\r\n<\/li>\r\n \t<li>\r\n<p class=\"accordion-title\"><a href=\"https:\/\/www.sospruske.sk\/\" target=\"_blank\" rel=\"noopener\">Stredn\u00e1 odborn\u00e1 \u0161kola Prusk\u00e9<\/a><\/p>\r\n<\/li>\r\n \t<li>\r\n<p class=\"accordion-title\"><a href=\"https:\/\/sosmoldava.edupage.org\/\" target=\"_blank\" rel=\"noopener\">Gymn\u00e1zium \u0160tefana Moysesa a SO\u0160 agrotechnick\u00e1 Moldava nad Bodvou<\/a><\/p>\r\n<\/li>\r\n \t<li>\r\n<p class=\"accordion-title\"><a href=\"https:\/\/www.sostap.sk\/\" target=\"_blank\" rel=\"noopener\">Stredn\u00e1 odborn\u00e1 \u0161kola technick\u00e1 a agropotravin\u00e1rska Rimavsk\u00e1 Sobota<\/a><\/p>\r\n<\/li>\r\n \t<li><a href=\"https:\/\/sospotravinarska.edupage.org\/\" target=\"_blank\" rel=\"noopener\">Stredn\u00e1 odborn\u00e1 \u0161kola potravin\u00e1rska Nitra<\/a><\/li>\r\n<\/ul>\r\n<strong>Sp\u00e1janie s\u00edl: Od \u0161kolsk\u00fdch lav\u00edc a\u017e po biznis<\/strong>\r\n\r\n\u00daspech T\u00fd\u017ed\u0148a prof\u00edka bol postaven\u00fd na prepojen\u00ed \u0161koly a praxe. Na mnoh\u00fdch SO\u0160 prebiehali pracovn\u00e9 stretnutia za okr\u00fahlym stolom, ktor\u00e9 sp\u00e1jali v\u00fdchovn\u00fdch a kari\u00e9rnych poradcov zo z\u00e1kladn\u00fdch \u0161k\u00f4l (Z\u0160) so z\u00e1stupcami partnersk\u00fdch firiem. Diskusie sa s\u00fastredili na kritick\u00fd nedostatok \u017eiakov v stavebn\u00fdch a technick\u00fdch profesi\u00e1ch, pri\u010dom \u0161koly predstavili nov\u00e9 atrakt\u00edvne odbory. K\u00fdm \u0161koly demon\u0161trovali nov\u00e9 u\u010debn\u00e9 odbory ako\u00a0<strong>stavb\u00e1r\/stavb\u00e1rka<\/strong>\u00a0\u010di\u00a0<strong>technik vodohospod\u00e1r<\/strong>, zamestn\u00e1vatelia potvrdili ochotu akt\u00edvne spolupracova\u0165 pri n\u00e1bore do syst\u00e9mu du\u00e1lneho vzdel\u00e1vania (SDV). \u017div\u00fa diskusiu o perspekt\u00edvach remesla rozpr\u00fadili aj\u00a0<strong>\u00faspe\u0161n\u00ed absolventi \u0161k\u00f4l<\/strong>, ktor\u00ed sa po rokoch v praxi vr\u00e1tili ako zamestn\u00e1vatelia, ochotn\u00ed prij\u00edma\u0165 mlad\u00fdch na prax.\r\n\r\n<strong>Medzin\u00e1rodn\u00e1 podpora a k\u013e\u00fa\u010dov\u00e9 zistenia<\/strong>\r\n\r\nPlatforma stretnut\u00ed sa po\u010das t\u00fd\u017ed\u0148a roz\u0161\u00edrila o riadite\u013eov Z\u0160, z\u00e1stupcov zamestn\u00e1vate\u013esk\u00fdch zv\u00e4zov, zria\u010fovate\u013eov, a \u010do je d\u00f4le\u017eit\u00e9, aj o\u00a0<strong>z\u00e1stupcu \u0161vaj\u010diarskeho ve\u013evyslanectva<\/strong>. T\u00e1to \u00fa\u010das\u0165 zd\u00f4raznila medzin\u00e1rodn\u00fd v\u00fdznam a podporu du\u00e1lneho vzdel\u00e1vania na Slovensku, ktor\u00e9 bolo po\u010das podujatia posilnen\u00e9\u00a0<strong>podp\u00edsan\u00edm nov\u00fdch du\u00e1lnych zml\u00fav<\/strong>\u00a0s firmami v r\u00e1mci \u0161vaj\u010diarsko-slovenskej spolupr\u00e1ce. \u00da\u010dastn\u00edci sa jednozna\u010dne zhodli, \u017ee pre efekt\u00edvne nasmerovanie mlad\u00fdch \u017eiakov k remesl\u00e1m je nevyhnutn\u00e9\u00a0<strong>roz\u0161\u00edri\u0165 technick\u00fa v\u00fdchovu<\/strong>\u00a0a organiz\u00e1ciu praktick\u00fdch dieln\u00ed u\u017e na z\u00e1kladn\u00fdch \u0161kol\u00e1ch.\r\n\r\n<strong>Technol\u00f3gia v akcii: Od dronov po 3D tla\u010d<\/strong>\r\n\r\nT\u00fd\u017ede\u0148 prof\u00edka sl\u00fa\u017eil aj ako interakt\u00edvny De\u0148 otvoren\u00fdch dver\u00ed pre \u0161irok\u00fa verejnos\u0165, pri\u010dom \u0161koly zaznamenali\u00a0<strong>vysok\u00fa n\u00e1v\u0161tevnos\u0165<\/strong>\u00a0\u017eiakov Z\u0160. Program bol zostaven\u00fd tak, aby predviedol modern\u00fa tv\u00e1r remesiel v k\u013e\u00fa\u010dov\u00fdch sektoroch.\r\n<ul class=\"wp-block-list\">\r\n \t<li><strong>Po\u013enohospod\u00e1rstvo<\/strong>\u00a0sa predstavilo ako technologick\u00fd hit vyu\u017e\u00edvaj\u00faci drony, smart traktory a 3D mapovanie p\u00f4dy, kde si \u017eiaci mohli vysk\u00fa\u0161a\u0165 pr\u00e1cu s technikou.<\/li>\r\n \t<li>V\u00a0<strong>stavebn\u00edctve<\/strong>\u00a0boli demon\u0161trovan\u00e9 inov\u00e1cie ako laserov\u00e9 meranie, virtu\u00e1lna realita a digit\u00e1lna prec\u00edznos\u0165.<\/li>\r\n \t<li><strong>Potravin\u00e1rstvo<\/strong>\u00a0zas uk\u00e1zalo spojenie tradi\u010dn\u00e9ho remesla s inov\u00e1ciami, napr\u00edklad formou atrakt\u00edvnych workshopov.<\/li>\r\n<\/ul>\r\n\u017diaci Z\u0160 tak mali skvel\u00fa mo\u017enos\u0165 nahliadnu\u0165 priamo do diania odborn\u00e9ho vzdel\u00e1vania, kde si v interakt\u00edvnych diel\u0148ach mohli vysk\u00fa\u0161a\u0165 konkr\u00e9tne \u010dinnosti, napr\u00edklad v\u00a0stol\u00e1rskej dielni.\r\n\r\n<strong>Remeslo m\u00e1 bud\u00facnos\u0165 \u2013 a t\u00e1 za\u010d\u00edna dnes<\/strong>\r\n\r\nT\u00fd\u017ede\u0148 prof\u00edka 2025 potvrdil, \u017ee stredn\u00e9 odborn\u00e9 \u0161koly dok\u00e1\u017eu by\u0165 modern\u00e9, atrakt\u00edvne a \u00fazko prepojen\u00e9 s potrebami trhu pr\u00e1ce. Podujatie v\u00fdrazne posilnilo du\u00e1lne vzdel\u00e1vanie, podporilo spolupr\u00e1cu so zamestn\u00e1vate\u013emi a uk\u00e1zalo mlad\u00fdm \u013eu\u010fom, \u017ee remeslo v spojen\u00ed s modernou technol\u00f3giou predstavuje stabiln\u00fa, kreat\u00edvnu a dobre platen\u00fa kari\u00e9rnu cestu.\t\t\t\t\t\t\t\t<\/div>\n\t\t\t\t<\/div>\n\t\t\t\t<div class=\"elementor-element elementor-element-fe5778f elementor-widget elementor-widget-gallery\" data-id=\"fe5778f\" data-element_type=\"widget\" data-e-type=\"widget\" data-settings=\"{&quot;lazyload&quot;:&quot;yes&quot;,&quot;gallery_layout&quot;:&quot;grid&quot;,&quot;columns&quot;:4,&quot;columns_tablet&quot;:2,&quot;columns_mobile&quot;:1,&quot;gap&quot;:{&quot;unit&quot;:&quot;px&quot;,&quot;size&quot;:10,&quot;sizes&quot;:[]},&quot;gap_tablet&quot;:{&quot;unit&quot;:&quot;px&quot;,&quot;size&quot;:10,&quot;sizes&quot;:[]},&quot;gap_mobile&quot;:{&quot;unit&quot;:&quot;px&quot;,&quot;size&quot;:10,&quot;sizes&quot;:[]},&quot;link_to&quot;:&quot;file&quot;,&quot;aspect_ratio&quot;:&quot;3:2&quot;,&quot;overlay_background&quot;:&quot;yes&quot;,&quot;content_hover_animation&quot;:&quot;fade-in&quot;}\" data-widget_type=\"gallery.default\">\n\t\t\t\t<div class=\"elementor-widget-container\">\n\t\t\t\t\t\t\t<div class=\"elementor-gallery__container\">\n\t\t\t\t\t\t\t<a class=\"e-gallery-item elementor-gallery-item elementor-animated-content\" href=\"https:\/\/archiv.siov.sk\/wp-content\/uploads\/2025\/12\/Tyzden-profika-2025_PB_2-scaled.jpg\" data-elementor-open-lightbox=\"yes\" data-elementor-lightbox-slideshow=\"fe5778f\" data-elementor-lightbox-title=\"T\u00fd\u017ede\u0148 prof\u00edka 2025_PB_2\" data-e-action-hash=\"#elementor-action%3Aaction%3Dlightbox%26settings%3DeyJpZCI6MjIwMTcsInVybCI6Imh0dHBzOlwvXC9hcmNoaXYuc2lvdi5za1wvd3AtY29udGVudFwvdXBsb2Fkc1wvMjAyNVwvMTJcL1R5emRlbi1wcm9maWthLTIwMjVfUEJfMi1zY2FsZWQuanBnIiwic2xpZGVzaG93IjoiZmU1Nzc4ZiJ9\">\n\t\t\t\t\t<div class=\"e-gallery-image elementor-gallery-item__image\" data-thumbnail=\"https:\/\/archiv.siov.sk\/wp-content\/uploads\/2025\/12\/Tyzden-profika-2025_PB_2-300x200.jpg\" data-width=\"300\" data-height=\"200\" aria-label=\"\" role=\"img\" ><\/div>\n\t\t\t\t\t\t\t\t\t\t\t<div class=\"elementor-gallery-item__overlay\"><\/div>\n\t\t\t\t\t\t\t\t\t\t\t\t\t\t<\/a>\n\t\t\t\t\t\t\t<a class=\"e-gallery-item elementor-gallery-item elementor-animated-content\" href=\"https:\/\/archiv.siov.sk\/wp-content\/uploads\/2025\/12\/Tyzden-profika-2025_PB_3-scaled.jpg\" data-elementor-open-lightbox=\"yes\" data-elementor-lightbox-slideshow=\"fe5778f\" data-elementor-lightbox-title=\"T\u00fd\u017ede\u0148 prof\u00edka 2025_PB_3\" data-e-action-hash=\"#elementor-action%3Aaction%3Dlightbox%26settings%3DeyJpZCI6MjIwMTQsInVybCI6Imh0dHBzOlwvXC9hcmNoaXYuc2lvdi5za1wvd3AtY29udGVudFwvdXBsb2Fkc1wvMjAyNVwvMTJcL1R5emRlbi1wcm9maWthLTIwMjVfUEJfMy1zY2FsZWQuanBnIiwic2xpZGVzaG93IjoiZmU1Nzc4ZiJ9\">\n\t\t\t\t\t<div class=\"e-gallery-image elementor-gallery-item__image\" data-thumbnail=\"https:\/\/archiv.siov.sk\/wp-content\/uploads\/2025\/12\/Tyzden-profika-2025_PB_3-300x200.jpg\" data-width=\"300\" data-height=\"200\" aria-label=\"\" role=\"img\" ><\/div>\n\t\t\t\t\t\t\t\t\t\t\t<div class=\"elementor-gallery-item__overlay\"><\/div>\n\t\t\t\t\t\t\t\t\t\t\t\t\t\t<\/a>\n\t\t\t\t\t\t\t<a class=\"e-gallery-item elementor-gallery-item elementor-animated-content\" href=\"https:\/\/archiv.siov.sk\/wp-content\/uploads\/2025\/12\/Tyzden-profika-2025_PB4-scaled.jpg\" data-elementor-open-lightbox=\"yes\" data-elementor-lightbox-slideshow=\"fe5778f\" data-elementor-lightbox-title=\"T\u00fd\u017ede\u0148 prof\u00edka 2025_PB4\" data-e-action-hash=\"#elementor-action%3Aaction%3Dlightbox%26settings%3DeyJpZCI6MjIwMTUsInVybCI6Imh0dHBzOlwvXC9hcmNoaXYuc2lvdi5za1wvd3AtY29udGVudFwvdXBsb2Fkc1wvMjAyNVwvMTJcL1R5emRlbi1wcm9maWthLTIwMjVfUEI0LXNjYWxlZC5qcGciLCJzbGlkZXNob3ciOiJmZTU3NzhmIn0%3D\">\n\t\t\t\t\t<div class=\"e-gallery-image elementor-gallery-item__image\" data-thumbnail=\"https:\/\/archiv.siov.sk\/wp-content\/uploads\/2025\/12\/Tyzden-profika-2025_PB4-300x200.jpg\" data-width=\"300\" data-height=\"200\" aria-label=\"\" role=\"img\" ><\/div>\n\t\t\t\t\t\t\t\t\t\t\t<div class=\"elementor-gallery-item__overlay\"><\/div>\n\t\t\t\t\t\t\t\t\t\t\t\t\t\t<\/a>\n\t\t\t\t\t\t\t<a class=\"e-gallery-item elementor-gallery-item elementor-animated-content\" href=\"https:\/\/archiv.siov.sk\/wp-content\/uploads\/2025\/12\/Tyzden-profika-2025_PB-scaled.jpg\" data-elementor-open-lightbox=\"yes\" data-elementor-lightbox-slideshow=\"fe5778f\" data-elementor-lightbox-title=\"T\u00fd\u017ede\u0148 prof\u00edka 2025_PB\" data-e-action-hash=\"#elementor-action%3Aaction%3Dlightbox%26settings%3DeyJpZCI6MjIwMTYsInVybCI6Imh0dHBzOlwvXC9hcmNoaXYuc2lvdi5za1wvd3AtY29udGVudFwvdXBsb2Fkc1wvMjAyNVwvMTJcL1R5emRlbi1wcm9maWthLTIwMjVfUEItc2NhbGVkLmpwZyIsInNsaWRlc2hvdyI6ImZlNTc3OGYifQ%3D%3D\">\n\t\t\t\t\t<div class=\"e-gallery-image elementor-gallery-item__image\" data-thumbnail=\"https:\/\/archiv.siov.sk\/wp-content\/uploads\/2025\/12\/Tyzden-profika-2025_PB-300x200.jpg\" data-width=\"300\" data-height=\"200\" aria-label=\"\" role=\"img\" ><\/div>\n\t\t\t\t\t\t\t\t\t\t\t<div class=\"elementor-gallery-item__overlay\"><\/div>\n\t\t\t\t\t\t\t\t\t\t\t\t\t\t<\/a>\n\t\t\t\t\t\t\t<a class=\"e-gallery-item elementor-gallery-item elementor-animated-content\" href=\"https:\/\/archiv.siov.sk\/wp-content\/uploads\/2025\/12\/Tyzden-profika-2025_Rimavska-Sobota.jpg\" data-elementor-open-lightbox=\"yes\" data-elementor-lightbox-slideshow=\"fe5778f\" data-elementor-lightbox-title=\"T\u00fd\u017ede\u0148 prof\u00edka 2025_Rimavska Sobota\" data-e-action-hash=\"#elementor-action%3Aaction%3Dlightbox%26settings%3DeyJpZCI6MjIwMTgsInVybCI6Imh0dHBzOlwvXC9hcmNoaXYuc2lvdi5za1wvd3AtY29udGVudFwvdXBsb2Fkc1wvMjAyNVwvMTJcL1R5emRlbi1wcm9maWthLTIwMjVfUmltYXZza2EtU29ib3RhLmpwZyIsInNsaWRlc2hvdyI6ImZlNTc3OGYifQ%3D%3D\">\n\t\t\t\t\t<div class=\"e-gallery-image elementor-gallery-item__image\" data-thumbnail=\"https:\/\/archiv.siov.sk\/wp-content\/uploads\/2025\/12\/Tyzden-profika-2025_Rimavska-Sobota-225x300.jpg\" data-width=\"225\" data-height=\"300\" aria-label=\"\" role=\"img\" ><\/div>\n\t\t\t\t\t\t\t\t\t\t\t<div class=\"elementor-gallery-item__overlay\"><\/div>\n\t\t\t\t\t\t\t\t\t\t\t\t\t\t<\/a>\n\t\t\t\t\t\t\t<a class=\"e-gallery-item elementor-gallery-item elementor-animated-content\" href=\"https:\/\/archiv.siov.sk\/wp-content\/uploads\/2025\/12\/Tyzden-profika-2025_Rimavska-Sobota_2.jpg\" data-elementor-open-lightbox=\"yes\" data-elementor-lightbox-slideshow=\"fe5778f\" data-elementor-lightbox-title=\"T\u00fd\u017ede\u0148 prof\u00edka 2025_Rimavska Sobota_2\" data-e-action-hash=\"#elementor-action%3Aaction%3Dlightbox%26settings%3DeyJpZCI6MjIwMTksInVybCI6Imh0dHBzOlwvXC9hcmNoaXYuc2lvdi5za1wvd3AtY29udGVudFwvdXBsb2Fkc1wvMjAyNVwvMTJcL1R5emRlbi1wcm9maWthLTIwMjVfUmltYXZza2EtU29ib3RhXzIuanBnIiwic2xpZGVzaG93IjoiZmU1Nzc4ZiJ9\">\n\t\t\t\t\t<div class=\"e-gallery-image elementor-gallery-item__image\" data-thumbnail=\"https:\/\/archiv.siov.sk\/wp-content\/uploads\/2025\/12\/Tyzden-profika-2025_Rimavska-Sobota_2-225x300.jpg\" data-width=\"225\" data-height=\"300\" aria-label=\"\" role=\"img\" ><\/div>\n\t\t\t\t\t\t\t\t\t\t\t<div class=\"elementor-gallery-item__overlay\"><\/div>\n\t\t\t\t\t\t\t\t\t\t\t\t\t\t<\/a>\n\t\t\t\t\t\t\t<a class=\"e-gallery-item elementor-gallery-item elementor-animated-content\" href=\"https:\/\/archiv.siov.sk\/wp-content\/uploads\/2025\/12\/Tyzden-profika-2025_Rimavska-Sobota_3.jpg\" data-elementor-open-lightbox=\"yes\" data-elementor-lightbox-slideshow=\"fe5778f\" data-elementor-lightbox-title=\"T\u00fd\u017ede\u0148 prof\u00edka 2025_Rimavska Sobota_3\" data-e-action-hash=\"#elementor-action%3Aaction%3Dlightbox%26settings%3DeyJpZCI6MjIwMjAsInVybCI6Imh0dHBzOlwvXC9hcmNoaXYuc2lvdi5za1wvd3AtY29udGVudFwvdXBsb2Fkc1wvMjAyNVwvMTJcL1R5emRlbi1wcm9maWthLTIwMjVfUmltYXZza2EtU29ib3RhXzMuanBnIiwic2xpZGVzaG93IjoiZmU1Nzc4ZiJ9\">\n\t\t\t\t\t<div class=\"e-gallery-image elementor-gallery-item__image\" data-thumbnail=\"https:\/\/archiv.siov.sk\/wp-content\/uploads\/2025\/12\/Tyzden-profika-2025_Rimavska-Sobota_3-300x225.jpg\" data-width=\"300\" data-height=\"225\" aria-label=\"\" role=\"img\" ><\/div>\n\t\t\t\t\t\t\t\t\t\t\t<div class=\"elementor-gallery-item__overlay\"><\/div>\n\t\t\t\t\t\t\t\t\t\t\t\t\t\t<\/a>\n\t\t\t\t\t\t\t<a class=\"e-gallery-item elementor-gallery-item elementor-animated-content\" href=\"https:\/\/archiv.siov.sk\/wp-content\/uploads\/2025\/12\/Tyzden-profika-2025_Kosice-scaled.jpg\" data-elementor-open-lightbox=\"yes\" data-elementor-lightbox-slideshow=\"fe5778f\" data-elementor-lightbox-title=\"T\u00fd\u017ede\u0148 prof\u00edka 2025_Ko\u0161ice\" data-e-action-hash=\"#elementor-action%3Aaction%3Dlightbox%26settings%3DeyJpZCI6MjIwMjEsInVybCI6Imh0dHBzOlwvXC9hcmNoaXYuc2lvdi5za1wvd3AtY29udGVudFwvdXBsb2Fkc1wvMjAyNVwvMTJcL1R5emRlbi1wcm9maWthLTIwMjVfS29zaWNlLXNjYWxlZC5qcGciLCJzbGlkZXNob3ciOiJmZTU3NzhmIn0%3D\">\n\t\t\t\t\t<div class=\"e-gallery-image elementor-gallery-item__image\" data-thumbnail=\"https:\/\/archiv.siov.sk\/wp-content\/uploads\/2025\/12\/Tyzden-profika-2025_Kosice-300x217.jpg\" data-width=\"300\" data-height=\"217\" aria-label=\"\" role=\"img\" ><\/div>\n\t\t\t\t\t\t\t\t\t\t\t<div class=\"elementor-gallery-item__overlay\"><\/div>\n\t\t\t\t\t\t\t\t\t\t\t\t\t\t<\/a>\n\t\t\t\t\t\t\t<a class=\"e-gallery-item elementor-gallery-item elementor-animated-content\" href=\"https:\/\/archiv.siov.sk\/wp-content\/uploads\/2025\/12\/Tyzden-profika-2025_Kosice_3-scaled.jpg\" data-elementor-open-lightbox=\"yes\" data-elementor-lightbox-slideshow=\"fe5778f\" data-elementor-lightbox-title=\"T\u00fd\u017ede\u0148 prof\u00edka 2025_Ko\u0161ice_3\" data-e-action-hash=\"#elementor-action%3Aaction%3Dlightbox%26settings%3DeyJpZCI6MjIwMjMsInVybCI6Imh0dHBzOlwvXC9hcmNoaXYuc2lvdi5za1wvd3AtY29udGVudFwvdXBsb2Fkc1wvMjAyNVwvMTJcL1R5emRlbi1wcm9maWthLTIwMjVfS29zaWNlXzMtc2NhbGVkLmpwZyIsInNsaWRlc2hvdyI6ImZlNTc3OGYifQ%3D%3D\">\n\t\t\t\t\t<div class=\"e-gallery-image elementor-gallery-item__image\" data-thumbnail=\"https:\/\/archiv.siov.sk\/wp-content\/uploads\/2025\/12\/Tyzden-profika-2025_Kosice_3-300x200.jpg\" data-width=\"300\" data-height=\"200\" aria-label=\"\" role=\"img\" ><\/div>\n\t\t\t\t\t\t\t\t\t\t\t<div class=\"elementor-gallery-item__overlay\"><\/div>\n\t\t\t\t\t\t\t\t\t\t\t\t\t\t<\/a>\n\t\t\t\t\t\t\t<a class=\"e-gallery-item elementor-gallery-item elementor-animated-content\" href=\"https:\/\/archiv.siov.sk\/wp-content\/uploads\/2025\/12\/TYZDEN-PROFIKA-2025_KE-scaled.jpg\" data-elementor-open-lightbox=\"yes\" data-elementor-lightbox-slideshow=\"fe5778f\" data-elementor-lightbox-title=\"T\u00dd\u017dDE\u0147 PROF\u00cdKA 2025_KE\" data-e-action-hash=\"#elementor-action%3Aaction%3Dlightbox%26settings%3DeyJpZCI6MjIwMTMsInVybCI6Imh0dHBzOlwvXC9hcmNoaXYuc2lvdi5za1wvd3AtY29udGVudFwvdXBsb2Fkc1wvMjAyNVwvMTJcL1RZWkRFTi1QUk9GSUtBLTIwMjVfS0Utc2NhbGVkLmpwZyIsInNsaWRlc2hvdyI6ImZlNTc3OGYifQ%3D%3D\">\n\t\t\t\t\t<div class=\"e-gallery-image elementor-gallery-item__image\" data-thumbnail=\"https:\/\/archiv.siov.sk\/wp-content\/uploads\/2025\/12\/TYZDEN-PROFIKA-2025_KE-300x135.jpg\" data-width=\"300\" data-height=\"135\" aria-label=\"\" role=\"img\" ><\/div>\n\t\t\t\t\t\t\t\t\t\t\t<div class=\"elementor-gallery-item__overlay\"><\/div>\n\t\t\t\t\t\t\t\t\t\t\t\t\t\t<\/a>\n\t\t\t\t\t\t\t<a class=\"e-gallery-item elementor-gallery-item elementor-animated-content\" href=\"https:\/\/archiv.siov.sk\/wp-content\/uploads\/2025\/12\/Tyzden-profika-2025_BA-scaled.jpg\" data-elementor-open-lightbox=\"yes\" data-elementor-lightbox-slideshow=\"fe5778f\" data-elementor-lightbox-title=\"T\u00fd\u017ede\u0148 prof\u00edka 2025_BA\" data-e-action-hash=\"#elementor-action%3Aaction%3Dlightbox%26settings%3DeyJpZCI6MjIwMjQsInVybCI6Imh0dHBzOlwvXC9hcmNoaXYuc2lvdi5za1wvd3AtY29udGVudFwvdXBsb2Fkc1wvMjAyNVwvMTJcL1R5emRlbi1wcm9maWthLTIwMjVfQkEtc2NhbGVkLmpwZyIsInNsaWRlc2hvdyI6ImZlNTc3OGYifQ%3D%3D\">\n\t\t\t\t\t<div class=\"e-gallery-image elementor-gallery-item__image\" data-thumbnail=\"https:\/\/archiv.siov.sk\/wp-content\/uploads\/2025\/12\/Tyzden-profika-2025_BA-300x225.jpg\" data-width=\"300\" data-height=\"225\" aria-label=\"\" role=\"img\" ><\/div>\n\t\t\t\t\t\t\t\t\t\t\t<div class=\"elementor-gallery-item__overlay\"><\/div>\n\t\t\t\t\t\t\t\t\t\t\t\t\t\t<\/a>\n\t\t\t\t\t\t\t<a class=\"e-gallery-item elementor-gallery-item elementor-animated-content\" href=\"https:\/\/archiv.siov.sk\/wp-content\/uploads\/2025\/12\/Tyzden-profika-2025_BA_2-scaled.jpg\" data-elementor-open-lightbox=\"yes\" data-elementor-lightbox-slideshow=\"fe5778f\" data-elementor-lightbox-title=\"T\u00fd\u017ede\u0148 prof\u00edka 2025_BA_2\" data-e-action-hash=\"#elementor-action%3Aaction%3Dlightbox%26settings%3DeyJpZCI6MjIwMjUsInVybCI6Imh0dHBzOlwvXC9hcmNoaXYuc2lvdi5za1wvd3AtY29udGVudFwvdXBsb2Fkc1wvMjAyNVwvMTJcL1R5emRlbi1wcm9maWthLTIwMjVfQkFfMi1zY2FsZWQuanBnIiwic2xpZGVzaG93IjoiZmU1Nzc4ZiJ9\">\n\t\t\t\t\t<div class=\"e-gallery-image elementor-gallery-item__image\" data-thumbnail=\"https:\/\/archiv.siov.sk\/wp-content\/uploads\/2025\/12\/Tyzden-profika-2025_BA_2-300x225.jpg\" data-width=\"300\" data-height=\"225\" aria-label=\"\" role=\"img\" ><\/div>\n\t\t\t\t\t\t\t\t\t\t\t<div class=\"elementor-gallery-item__overlay\"><\/div>\n\t\t\t\t\t\t\t\t\t\t\t\t\t\t<\/a>\n\t\t\t\t\t<\/div>\n\t\t\t\t\t<\/div>\n\t\t\t\t<\/div>\n\t\t\t\t\t<\/div>\n\t\t\t\t<\/div>\n\t\t\t\t<\/div>","protected":false},"excerpt":{"rendered":"<p>Celoslovensk\u00e9 podujatie \u201eT\u00fd\u017ede\u0148 prof\u00edka\u201c, ktor\u00e9 prebehlo v d\u0148och\u00a024. a\u017e 28. novembra 2025\u00a0na Stredn\u00fdch odborn\u00fdch \u0161kol\u00e1ch (SO\u0160) naprie\u010d Slovenskom, potvrdilo, \u017ee odborn\u00e9 vzdel\u00e1vanie prech\u00e1dza dynamickou moderniz\u00e1ciou. S hlavn\u00fdm mot\u00edvom\u00a0\u201eRemesl\u00e1 s bud\u00facnos\u0165ou \u2013 spo\u013eahliv\u00e1 kombin\u00e1cia poctiv\u00e9ho remesla a \u0161pi\u010dkovej technol\u00f3gie\u201c\u00a0sa toto podujatie, organizovan\u00e9 \u0160t\u00e1tnym in\u0161tit\u00fatom odborn\u00e9ho vzdel\u00e1vania (\u0160IOV), stalo k\u013e\u00fa\u010dovou platformou, ktor\u00e1 dok\u00e1zala, \u017ee pr\u00e1ca v remesl\u00e1ch [&hellip;]<\/p>\n","protected":false},"author":11,"featured_media":22029,"comment_status":"closed","ping_status":"closed","sticky":false,"template":"","format":"standard","meta":{"site-sidebar-layout":"default","site-content-layout":"","ast-site-content-layout":"default","site-content-style":"default","site-sidebar-style":"default","ast-global-header-display":"","ast-banner-title-visibility":"","ast-main-header-display":"","ast-hfb-above-header-display":"","ast-hfb-below-header-display":"","ast-hfb-mobile-header-display":"","site-post-title":"","ast-breadcrumbs-content":"","ast-featured-img":"","footer-sml-layout":"","ast-disable-related-posts":"","theme-transparent-header-meta":"default","adv-header-id-meta":"","stick-header-meta":"default","header-above-stick-meta":"","header-main-stick-meta":"","header-below-stick-meta":"","astra-migrate-meta-layouts":"set","ast-page-background-enabled":"default","ast-page-background-meta":{"desktop":{"background-color":"var(--ast-global-color-4)","background-image":"","background-repeat":"repeat","background-position":"center center","background-size":"auto","background-attachment":"scroll","background-type":"","background-media":"","overlay-type":"","overlay-color":"","overlay-opacity":"","overlay-gradient":""},"tablet":{"background-color":"","background-image":"","background-repeat":"repeat","background-position":"center center","background-size":"auto","background-attachment":"scroll","background-type":"","background-media":"","overlay-type":"","overlay-color":"","overlay-opacity":"","overlay-gradient":""},"mobile":{"background-color":"","background-image":"","background-repeat":"repeat","background-position":"center center","background-size":"auto","background-attachment":"scroll","background-type":"","background-media":"","overlay-type":"","overlay-color":"","overlay-opacity":"","overlay-gradient":""}},"ast-content-background-meta":{"desktop":{"background-color":"var(--ast-global-color-5)","background-image":"","background-repeat":"repeat","background-position":"center center","background-size":"auto","background-attachment":"scroll","background-type":"","background-media":"","overlay-type":"","overlay-color":"","overlay-opacity":"","overlay-gradient":""},"tablet":{"background-color":"var(--ast-global-color-5)","background-image":"","background-repeat":"repeat","background-position":"center center","background-size":"auto","background-attachment":"scroll","background-type":"","background-media":"","overlay-type":"","overlay-color":"","overlay-opacity":"","overlay-gradient":""},"mobile":{"background-color":"var(--ast-global-color-5)","background-image":"","background-repeat":"repeat","background-position":"center center","background-size":"auto","background-attachment":"scroll","background-type":"","background-media":"","overlay-type":"","overlay-color":"","overlay-opacity":"","overlay-gradient":""}},"footnotes":""},"categories":[1],"tags":[],"class_list":["post-22007","post","type-post","status-publish","format-standard","has-post-thumbnail","hentry","category-aktuality"],"yoast_head":"<!-- This site is optimized with the Yoast SEO plugin v27.5 - https:\/\/yoast.com\/product\/yoast-seo-wordpress\/ -->\n<title>T\u00fd\u017ede\u0148 prof\u00edka 2025: Remesl\u00e1 s bud\u00facnos\u0165ou \u2013 Stredn\u00e9 odborn\u00e9 \u0161koly posilnili partnerstv\u00e1 a pril\u00e1kali mlad\u00fdch \u013eud\u00ed k \u0161pi\u010dkovej technike - \u0160IOV - \u0161t\u00e1tny in\u0161tit\u00fat odborn\u00e9ho vzdel\u00e1vania<\/title>\n<meta name=\"robots\" content=\"index, follow, max-snippet:-1, max-image-preview:large, max-video-preview:-1\" \/>\n<link rel=\"canonical\" href=\"https:\/\/archiv.siov.sk\/en\/tyzden-profika-2025-remesla-s-buducnostou-stredne-odborne-skoly-posilnili-partnerstva-a-prilakali-mladych-ludi-k-spickovej-technike\/\" \/>\n<meta property=\"og:locale\" content=\"en_GB\" \/>\n<meta property=\"og:type\" content=\"article\" \/>\n<meta property=\"og:title\" content=\"T\u00fd\u017ede\u0148 prof\u00edka 2025: Remesl\u00e1 s bud\u00facnos\u0165ou \u2013 Stredn\u00e9 odborn\u00e9 \u0161koly posilnili partnerstv\u00e1 a pril\u00e1kali mlad\u00fdch \u013eud\u00ed k \u0161pi\u010dkovej technike - \u0160IOV - \u0161t\u00e1tny in\u0161tit\u00fat odborn\u00e9ho vzdel\u00e1vania\" \/>\n<meta property=\"og:description\" content=\"Celoslovensk\u00e9 podujatie \u201eT\u00fd\u017ede\u0148 prof\u00edka\u201c, ktor\u00e9 prebehlo v d\u0148och\u00a024. a\u017e 28. novembra 2025\u00a0na Stredn\u00fdch odborn\u00fdch \u0161kol\u00e1ch (SO\u0160) naprie\u010d Slovenskom, potvrdilo, \u017ee odborn\u00e9 vzdel\u00e1vanie prech\u00e1dza dynamickou moderniz\u00e1ciou. S hlavn\u00fdm mot\u00edvom\u00a0\u201eRemesl\u00e1 s bud\u00facnos\u0165ou \u2013 spo\u013eahliv\u00e1 kombin\u00e1cia poctiv\u00e9ho remesla a \u0161pi\u010dkovej technol\u00f3gie\u201c\u00a0sa toto podujatie, organizovan\u00e9 \u0160t\u00e1tnym in\u0161tit\u00fatom odborn\u00e9ho vzdel\u00e1vania (\u0160IOV), stalo k\u013e\u00fa\u010dovou platformou, ktor\u00e1 dok\u00e1zala, \u017ee pr\u00e1ca v remesl\u00e1ch [&hellip;]\" \/>\n<meta property=\"og:url\" content=\"https:\/\/archiv.siov.sk\/en\/tyzden-profika-2025-remesla-s-buducnostou-stredne-odborne-skoly-posilnili-partnerstva-a-prilakali-mladych-ludi-k-spickovej-technike\/\" \/>\n<meta property=\"og:site_name\" content=\"\u0160IOV - \u0161t\u00e1tny in\u0161tit\u00fat odborn\u00e9ho vzdel\u00e1vania\" \/>\n<meta property=\"article:publisher\" content=\"https:\/\/www.facebook.com\/Statnyinstitutodbornehovzdelavania\" \/>\n<meta property=\"article:published_time\" content=\"2025-12-04T11:07:29+00:00\" \/>\n<meta property=\"article:modified_time\" content=\"2025-12-04T11:12:32+00:00\" \/>\n<meta property=\"og:image\" content=\"https:\/\/archiv.siov.sk\/wp-content\/uploads\/2025\/12\/Kolaz-.jpg\" \/>\n\t<meta property=\"og:image:width\" content=\"851\" \/>\n\t<meta property=\"og:image:height\" content=\"315\" \/>\n\t<meta property=\"og:image:type\" content=\"image\/jpeg\" \/>\n<meta name=\"author\" content=\"Sylvia Hamadejova\" \/>\n<meta name=\"twitter:card\" content=\"summary_large_image\" \/>\n<meta name=\"twitter:label1\" content=\"Written by\" \/>\n\t<meta name=\"twitter:data1\" content=\"Sylvia Hamadejova\" \/>\n\t<meta name=\"twitter:label2\" content=\"Estimated reading time\" \/>\n\t<meta name=\"twitter:data2\" content=\"3 minutes\" \/>\n<script type=\"application\/ld+json\" class=\"yoast-schema-graph\">{\"@context\":\"https:\\\/\\\/schema.org\",\"@graph\":[{\"@type\":\"Article\",\"@id\":\"https:\\\/\\\/archiv.siov.sk\\\/tyzden-profika-2025-remesla-s-buducnostou-stredne-odborne-skoly-posilnili-partnerstva-a-prilakali-mladych-ludi-k-spickovej-technike\\\/#article\",\"isPartOf\":{\"@id\":\"https:\\\/\\\/archiv.siov.sk\\\/tyzden-profika-2025-remesla-s-buducnostou-stredne-odborne-skoly-posilnili-partnerstva-a-prilakali-mladych-ludi-k-spickovej-technike\\\/\"},\"author\":{\"name\":\"Sylvia Hamadejova\",\"@id\":\"https:\\\/\\\/archiv.siov.sk\\\/#\\\/schema\\\/person\\\/70de33c3c88facac4a386ef06f733b92\"},\"headline\":\"T\u00fd\u017ede\u0148 prof\u00edka 2025: Remesl\u00e1 s bud\u00facnos\u0165ou \u2013 Stredn\u00e9 odborn\u00e9 \u0161koly posilnili partnerstv\u00e1 a pril\u00e1kali mlad\u00fdch \u013eud\u00ed k \u0161pi\u010dkovej technike\",\"datePublished\":\"2025-12-04T11:07:29+00:00\",\"dateModified\":\"2025-12-04T11:12:32+00:00\",\"mainEntityOfPage\":{\"@id\":\"https:\\\/\\\/archiv.siov.sk\\\/tyzden-profika-2025-remesla-s-buducnostou-stredne-odborne-skoly-posilnili-partnerstva-a-prilakali-mladych-ludi-k-spickovej-technike\\\/\"},\"wordCount\":730,\"publisher\":{\"@id\":\"https:\\\/\\\/archiv.siov.sk\\\/#organization\"},\"image\":{\"@id\":\"https:\\\/\\\/archiv.siov.sk\\\/tyzden-profika-2025-remesla-s-buducnostou-stredne-odborne-skoly-posilnili-partnerstva-a-prilakali-mladych-ludi-k-spickovej-technike\\\/#primaryimage\"},\"thumbnailUrl\":\"https:\\\/\\\/archiv.siov.sk\\\/wp-content\\\/uploads\\\/2025\\\/12\\\/Kolaz-.jpg\",\"articleSection\":[\"Aktuality\"],\"inLanguage\":\"en-GB\"},{\"@type\":\"WebPage\",\"@id\":\"https:\\\/\\\/archiv.siov.sk\\\/tyzden-profika-2025-remesla-s-buducnostou-stredne-odborne-skoly-posilnili-partnerstva-a-prilakali-mladych-ludi-k-spickovej-technike\\\/\",\"url\":\"https:\\\/\\\/archiv.siov.sk\\\/tyzden-profika-2025-remesla-s-buducnostou-stredne-odborne-skoly-posilnili-partnerstva-a-prilakali-mladych-ludi-k-spickovej-technike\\\/\",\"name\":\"T\u00fd\u017ede\u0148 prof\u00edka 2025: Remesl\u00e1 s bud\u00facnos\u0165ou \u2013 Stredn\u00e9 odborn\u00e9 \u0161koly posilnili partnerstv\u00e1 a pril\u00e1kali mlad\u00fdch \u013eud\u00ed k \u0161pi\u010dkovej technike - \u0160IOV - \u0161t\u00e1tny in\u0161tit\u00fat odborn\u00e9ho vzdel\u00e1vania\",\"isPartOf\":{\"@id\":\"https:\\\/\\\/archiv.siov.sk\\\/#website\"},\"primaryImageOfPage\":{\"@id\":\"https:\\\/\\\/archiv.siov.sk\\\/tyzden-profika-2025-remesla-s-buducnostou-stredne-odborne-skoly-posilnili-partnerstva-a-prilakali-mladych-ludi-k-spickovej-technike\\\/#primaryimage\"},\"image\":{\"@id\":\"https:\\\/\\\/archiv.siov.sk\\\/tyzden-profika-2025-remesla-s-buducnostou-stredne-odborne-skoly-posilnili-partnerstva-a-prilakali-mladych-ludi-k-spickovej-technike\\\/#primaryimage\"},\"thumbnailUrl\":\"https:\\\/\\\/archiv.siov.sk\\\/wp-content\\\/uploads\\\/2025\\\/12\\\/Kolaz-.jpg\",\"datePublished\":\"2025-12-04T11:07:29+00:00\",\"dateModified\":\"2025-12-04T11:12:32+00:00\",\"breadcrumb\":{\"@id\":\"https:\\\/\\\/archiv.siov.sk\\\/tyzden-profika-2025-remesla-s-buducnostou-stredne-odborne-skoly-posilnili-partnerstva-a-prilakali-mladych-ludi-k-spickovej-technike\\\/#breadcrumb\"},\"inLanguage\":\"en-GB\",\"potentialAction\":[{\"@type\":\"ReadAction\",\"target\":[\"https:\\\/\\\/archiv.siov.sk\\\/tyzden-profika-2025-remesla-s-buducnostou-stredne-odborne-skoly-posilnili-partnerstva-a-prilakali-mladych-ludi-k-spickovej-technike\\\/\"]}]},{\"@type\":\"ImageObject\",\"inLanguage\":\"en-GB\",\"@id\":\"https:\\\/\\\/archiv.siov.sk\\\/tyzden-profika-2025-remesla-s-buducnostou-stredne-odborne-skoly-posilnili-partnerstva-a-prilakali-mladych-ludi-k-spickovej-technike\\\/#primaryimage\",\"url\":\"https:\\\/\\\/archiv.siov.sk\\\/wp-content\\\/uploads\\\/2025\\\/12\\\/Kolaz-.jpg\",\"contentUrl\":\"https:\\\/\\\/archiv.siov.sk\\\/wp-content\\\/uploads\\\/2025\\\/12\\\/Kolaz-.jpg\",\"width\":851,\"height\":315},{\"@type\":\"BreadcrumbList\",\"@id\":\"https:\\\/\\\/archiv.siov.sk\\\/tyzden-profika-2025-remesla-s-buducnostou-stredne-odborne-skoly-posilnili-partnerstva-a-prilakali-mladych-ludi-k-spickovej-technike\\\/#breadcrumb\",\"itemListElement\":[{\"@type\":\"ListItem\",\"position\":1,\"name\":\"Home\",\"item\":\"https:\\\/\\\/archiv.siov.sk\\\/\"},{\"@type\":\"ListItem\",\"position\":2,\"name\":\"T\u00fd\u017ede\u0148 prof\u00edka 2025: Remesl\u00e1 s bud\u00facnos\u0165ou \u2013 Stredn\u00e9 odborn\u00e9 \u0161koly posilnili partnerstv\u00e1 a pril\u00e1kali mlad\u00fdch \u013eud\u00ed k \u0161pi\u010dkovej technike\"}]},{\"@type\":\"WebSite\",\"@id\":\"https:\\\/\\\/archiv.siov.sk\\\/#website\",\"url\":\"https:\\\/\\\/archiv.siov.sk\\\/\",\"name\":\"\u0160IOV - \u0161t\u00e1tny in\u0161tit\u00fat odborn\u00e9ho vzdel\u00e1vania\",\"description\":\"\",\"publisher\":{\"@id\":\"https:\\\/\\\/archiv.siov.sk\\\/#organization\"},\"potentialAction\":[{\"@type\":\"SearchAction\",\"target\":{\"@type\":\"EntryPoint\",\"urlTemplate\":\"https:\\\/\\\/archiv.siov.sk\\\/?s={search_term_string}\"},\"query-input\":{\"@type\":\"PropertyValueSpecification\",\"valueRequired\":true,\"valueName\":\"search_term_string\"}}],\"inLanguage\":\"en-GB\"},{\"@type\":\"Organization\",\"@id\":\"https:\\\/\\\/archiv.siov.sk\\\/#organization\",\"name\":\"\u0160IOV - \u0161t\u00e1tny in\u0161tit\u00fat odborn\u00e9ho vzdel\u00e1vania\",\"url\":\"https:\\\/\\\/archiv.siov.sk\\\/\",\"logo\":{\"@type\":\"ImageObject\",\"inLanguage\":\"en-GB\",\"@id\":\"https:\\\/\\\/archiv.siov.sk\\\/#\\\/schema\\\/logo\\\/image\\\/\",\"url\":\"https:\\\/\\\/archiv.siov.sk\\\/wp-content\\\/uploads\\\/2024\\\/02\\\/logo-SIOV.png\",\"contentUrl\":\"https:\\\/\\\/archiv.siov.sk\\\/wp-content\\\/uploads\\\/2024\\\/02\\\/logo-SIOV.png\",\"width\":431,\"height\":143,\"caption\":\"\u0160IOV - \u0161t\u00e1tny in\u0161tit\u00fat odborn\u00e9ho vzdel\u00e1vania\"},\"image\":{\"@id\":\"https:\\\/\\\/archiv.siov.sk\\\/#\\\/schema\\\/logo\\\/image\\\/\"},\"sameAs\":[\"https:\\\/\\\/www.facebook.com\\\/Statnyinstitutodbornehovzdelavania\"]},{\"@type\":\"Person\",\"@id\":\"https:\\\/\\\/archiv.siov.sk\\\/#\\\/schema\\\/person\\\/70de33c3c88facac4a386ef06f733b92\",\"name\":\"Sylvia Hamadejova\",\"url\":\"https:\\\/\\\/archiv.siov.sk\\\/en\\\/author\\\/hamadejovas\\\/\"}]}<\/script>\n<!-- \/ Yoast SEO plugin. -->","yoast_head_json":{"title":"T\u00fd\u017ede\u0148 prof\u00edka 2025: Remesl\u00e1 s bud\u00facnos\u0165ou \u2013 Stredn\u00e9 odborn\u00e9 \u0161koly posilnili partnerstv\u00e1 a pril\u00e1kali mlad\u00fdch \u013eud\u00ed k \u0161pi\u010dkovej technike - \u0160IOV - \u0161t\u00e1tny in\u0161tit\u00fat odborn\u00e9ho vzdel\u00e1vania","robots":{"index":"index","follow":"follow","max-snippet":"max-snippet:-1","max-image-preview":"max-image-preview:large","max-video-preview":"max-video-preview:-1"},"canonical":"https:\/\/archiv.siov.sk\/en\/tyzden-profika-2025-remesla-s-buducnostou-stredne-odborne-skoly-posilnili-partnerstva-a-prilakali-mladych-ludi-k-spickovej-technike\/","og_locale":"en_GB","og_type":"article","og_title":"T\u00fd\u017ede\u0148 prof\u00edka 2025: Remesl\u00e1 s bud\u00facnos\u0165ou \u2013 Stredn\u00e9 odborn\u00e9 \u0161koly posilnili partnerstv\u00e1 a pril\u00e1kali mlad\u00fdch \u013eud\u00ed k \u0161pi\u010dkovej technike - \u0160IOV - \u0161t\u00e1tny in\u0161tit\u00fat odborn\u00e9ho vzdel\u00e1vania","og_description":"Celoslovensk\u00e9 podujatie \u201eT\u00fd\u017ede\u0148 prof\u00edka\u201c, ktor\u00e9 prebehlo v d\u0148och\u00a024. a\u017e 28. novembra 2025\u00a0na Stredn\u00fdch odborn\u00fdch \u0161kol\u00e1ch (SO\u0160) naprie\u010d Slovenskom, potvrdilo, \u017ee odborn\u00e9 vzdel\u00e1vanie prech\u00e1dza dynamickou moderniz\u00e1ciou. S hlavn\u00fdm mot\u00edvom\u00a0\u201eRemesl\u00e1 s bud\u00facnos\u0165ou \u2013 spo\u013eahliv\u00e1 kombin\u00e1cia poctiv\u00e9ho remesla a \u0161pi\u010dkovej technol\u00f3gie\u201c\u00a0sa toto podujatie, organizovan\u00e9 \u0160t\u00e1tnym in\u0161tit\u00fatom odborn\u00e9ho vzdel\u00e1vania (\u0160IOV), stalo k\u013e\u00fa\u010dovou platformou, ktor\u00e1 dok\u00e1zala, \u017ee pr\u00e1ca v remesl\u00e1ch [&hellip;]","og_url":"https:\/\/archiv.siov.sk\/en\/tyzden-profika-2025-remesla-s-buducnostou-stredne-odborne-skoly-posilnili-partnerstva-a-prilakali-mladych-ludi-k-spickovej-technike\/","og_site_name":"\u0160IOV - \u0161t\u00e1tny in\u0161tit\u00fat odborn\u00e9ho vzdel\u00e1vania","article_publisher":"https:\/\/www.facebook.com\/Statnyinstitutodbornehovzdelavania","article_published_time":"2025-12-04T11:07:29+00:00","article_modified_time":"2025-12-04T11:12:32+00:00","og_image":[{"width":851,"height":315,"url":"https:\/\/archiv.siov.sk\/wp-content\/uploads\/2025\/12\/Kolaz-.jpg","type":"image\/jpeg"}],"author":"Sylvia Hamadejova","twitter_card":"summary_large_image","twitter_misc":{"Written by":"Sylvia Hamadejova","Estimated reading time":"3 minutes"},"schema":{"@context":"https:\/\/schema.org","@graph":[{"@type":"Article","@id":"https:\/\/archiv.siov.sk\/tyzden-profika-2025-remesla-s-buducnostou-stredne-odborne-skoly-posilnili-partnerstva-a-prilakali-mladych-ludi-k-spickovej-technike\/#article","isPartOf":{"@id":"https:\/\/archiv.siov.sk\/tyzden-profika-2025-remesla-s-buducnostou-stredne-odborne-skoly-posilnili-partnerstva-a-prilakali-mladych-ludi-k-spickovej-technike\/"},"author":{"name":"Sylvia Hamadejova","@id":"https:\/\/archiv.siov.sk\/#\/schema\/person\/70de33c3c88facac4a386ef06f733b92"},"headline":"T\u00fd\u017ede\u0148 prof\u00edka 2025: Remesl\u00e1 s bud\u00facnos\u0165ou \u2013 Stredn\u00e9 odborn\u00e9 \u0161koly posilnili partnerstv\u00e1 a pril\u00e1kali mlad\u00fdch \u013eud\u00ed k \u0161pi\u010dkovej technike","datePublished":"2025-12-04T11:07:29+00:00","dateModified":"2025-12-04T11:12:32+00:00","mainEntityOfPage":{"@id":"https:\/\/archiv.siov.sk\/tyzden-profika-2025-remesla-s-buducnostou-stredne-odborne-skoly-posilnili-partnerstva-a-prilakali-mladych-ludi-k-spickovej-technike\/"},"wordCount":730,"publisher":{"@id":"https:\/\/archiv.siov.sk\/#organization"},"image":{"@id":"https:\/\/archiv.siov.sk\/tyzden-profika-2025-remesla-s-buducnostou-stredne-odborne-skoly-posilnili-partnerstva-a-prilakali-mladych-ludi-k-spickovej-technike\/#primaryimage"},"thumbnailUrl":"https:\/\/archiv.siov.sk\/wp-content\/uploads\/2025\/12\/Kolaz-.jpg","articleSection":["Aktuality"],"inLanguage":"en-GB"},{"@type":"WebPage","@id":"https:\/\/archiv.siov.sk\/tyzden-profika-2025-remesla-s-buducnostou-stredne-odborne-skoly-posilnili-partnerstva-a-prilakali-mladych-ludi-k-spickovej-technike\/","url":"https:\/\/archiv.siov.sk\/tyzden-profika-2025-remesla-s-buducnostou-stredne-odborne-skoly-posilnili-partnerstva-a-prilakali-mladych-ludi-k-spickovej-technike\/","name":"T\u00fd\u017ede\u0148 prof\u00edka 2025: Remesl\u00e1 s bud\u00facnos\u0165ou \u2013 Stredn\u00e9 odborn\u00e9 \u0161koly posilnili partnerstv\u00e1 a pril\u00e1kali mlad\u00fdch \u013eud\u00ed k \u0161pi\u010dkovej technike - \u0160IOV - \u0161t\u00e1tny in\u0161tit\u00fat odborn\u00e9ho vzdel\u00e1vania","isPartOf":{"@id":"https:\/\/archiv.siov.sk\/#website"},"primaryImageOfPage":{"@id":"https:\/\/archiv.siov.sk\/tyzden-profika-2025-remesla-s-buducnostou-stredne-odborne-skoly-posilnili-partnerstva-a-prilakali-mladych-ludi-k-spickovej-technike\/#primaryimage"},"image":{"@id":"https:\/\/archiv.siov.sk\/tyzden-profika-2025-remesla-s-buducnostou-stredne-odborne-skoly-posilnili-partnerstva-a-prilakali-mladych-ludi-k-spickovej-technike\/#primaryimage"},"thumbnailUrl":"https:\/\/archiv.siov.sk\/wp-content\/uploads\/2025\/12\/Kolaz-.jpg","datePublished":"2025-12-04T11:07:29+00:00","dateModified":"2025-12-04T11:12:32+00:00","breadcrumb":{"@id":"https:\/\/archiv.siov.sk\/tyzden-profika-2025-remesla-s-buducnostou-stredne-odborne-skoly-posilnili-partnerstva-a-prilakali-mladych-ludi-k-spickovej-technike\/#breadcrumb"},"inLanguage":"en-GB","potentialAction":[{"@type":"ReadAction","target":["https:\/\/archiv.siov.sk\/tyzden-profika-2025-remesla-s-buducnostou-stredne-odborne-skoly-posilnili-partnerstva-a-prilakali-mladych-ludi-k-spickovej-technike\/"]}]},{"@type":"ImageObject","inLanguage":"en-GB","@id":"https:\/\/archiv.siov.sk\/tyzden-profika-2025-remesla-s-buducnostou-stredne-odborne-skoly-posilnili-partnerstva-a-prilakali-mladych-ludi-k-spickovej-technike\/#primaryimage","url":"https:\/\/archiv.siov.sk\/wp-content\/uploads\/2025\/12\/Kolaz-.jpg","contentUrl":"https:\/\/archiv.siov.sk\/wp-content\/uploads\/2025\/12\/Kolaz-.jpg","width":851,"height":315},{"@type":"BreadcrumbList","@id":"https:\/\/archiv.siov.sk\/tyzden-profika-2025-remesla-s-buducnostou-stredne-odborne-skoly-posilnili-partnerstva-a-prilakali-mladych-ludi-k-spickovej-technike\/#breadcrumb","itemListElement":[{"@type":"ListItem","position":1,"name":"Home","item":"https:\/\/archiv.siov.sk\/"},{"@type":"ListItem","position":2,"name":"T\u00fd\u017ede\u0148 prof\u00edka 2025: Remesl\u00e1 s bud\u00facnos\u0165ou \u2013 Stredn\u00e9 odborn\u00e9 \u0161koly posilnili partnerstv\u00e1 a pril\u00e1kali mlad\u00fdch \u013eud\u00ed k \u0161pi\u010dkovej technike"}]},{"@type":"WebSite","@id":"https:\/\/archiv.siov.sk\/#website","url":"https:\/\/archiv.siov.sk\/","name":"\u0160IOV - \u0161t\u00e1tny in\u0161tit\u00fat odborn\u00e9ho vzdel\u00e1vania","description":"","publisher":{"@id":"https:\/\/archiv.siov.sk\/#organization"},"potentialAction":[{"@type":"SearchAction","target":{"@type":"EntryPoint","urlTemplate":"https:\/\/archiv.siov.sk\/?s={search_term_string}"},"query-input":{"@type":"PropertyValueSpecification","valueRequired":true,"valueName":"search_term_string"}}],"inLanguage":"en-GB"},{"@type":"Organization","@id":"https:\/\/archiv.siov.sk\/#organization","name":"\u0160IOV - \u0161t\u00e1tny in\u0161tit\u00fat odborn\u00e9ho vzdel\u00e1vania","url":"https:\/\/archiv.siov.sk\/","logo":{"@type":"ImageObject","inLanguage":"en-GB","@id":"https:\/\/archiv.siov.sk\/#\/schema\/logo\/image\/","url":"https:\/\/archiv.siov.sk\/wp-content\/uploads\/2024\/02\/logo-SIOV.png","contentUrl":"https:\/\/archiv.siov.sk\/wp-content\/uploads\/2024\/02\/logo-SIOV.png","width":431,"height":143,"caption":"\u0160IOV - \u0161t\u00e1tny in\u0161tit\u00fat odborn\u00e9ho vzdel\u00e1vania"},"image":{"@id":"https:\/\/archiv.siov.sk\/#\/schema\/logo\/image\/"},"sameAs":["https:\/\/www.facebook.com\/Statnyinstitutodbornehovzdelavania"]},{"@type":"Person","@id":"https:\/\/archiv.siov.sk\/#\/schema\/person\/70de33c3c88facac4a386ef06f733b92","name":"Sylvia Hamadejova","url":"https:\/\/archiv.siov.sk\/en\/author\/hamadejovas\/"}]}},"_links":{"self":[{"href":"https:\/\/archiv.siov.sk\/en\/wp-json\/wp\/v2\/posts\/22007","targetHints":{"allow":["GET"]}}],"collection":[{"href":"https:\/\/archiv.siov.sk\/en\/wp-json\/wp\/v2\/posts"}],"about":[{"href":"https:\/\/archiv.siov.sk\/en\/wp-json\/wp\/v2\/types\/post"}],"author":[{"embeddable":true,"href":"https:\/\/archiv.siov.sk\/en\/wp-json\/wp\/v2\/users\/11"}],"replies":[{"embeddable":true,"href":"https:\/\/archiv.siov.sk\/en\/wp-json\/wp\/v2\/comments?post=22007"}],"version-history":[{"count":8,"href":"https:\/\/archiv.siov.sk\/en\/wp-json\/wp\/v2\/posts\/22007\/revisions"}],"predecessor-version":[{"id":22030,"href":"https:\/\/archiv.siov.sk\/en\/wp-json\/wp\/v2\/posts\/22007\/revisions\/22030"}],"wp:featuredmedia":[{"embeddable":true,"href":"https:\/\/archiv.siov.sk\/en\/wp-json\/wp\/v2\/media\/22029"}],"wp:attachment":[{"href":"https:\/\/archiv.siov.sk\/en\/wp-json\/wp\/v2\/media?parent=22007"}],"wp:term":[{"taxonomy":"category","embeddable":true,"href":"https:\/\/archiv.siov.sk\/en\/wp-json\/wp\/v2\/categories?post=22007"},{"taxonomy":"post_tag","embeddable":true,"href":"https:\/\/archiv.siov.sk\/en\/wp-json\/wp\/v2\/tags?post=22007"}],"curies":[{"name":"wp","href":"https:\/\/api.w.org\/{rel}","templated":true}]}}