{"id":21997,"date":"2025-12-03T17:35:54","date_gmt":"2025-12-03T16:35:54","guid":{"rendered":"https:\/\/archiv.siov.sk\/?p=21997"},"modified":"2025-12-08T13:39:53","modified_gmt":"2025-12-08T12:39:53","slug":"pozname-vitazov-desiateho-rocnika-celostatnej-sutaze-stredoskolakov-v-odbore-kadernik-vizazista-skills-slovakia-o-zlate-noznice","status":"publish","type":"post","link":"https:\/\/archiv.siov.sk\/en\/pozname-vitazov-desiateho-rocnika-celostatnej-sutaze-stredoskolakov-v-odbore-kadernik-vizazista-skills-slovakia-o-zlate-noznice\/","title":{"rendered":"U\u017e desa\u0165 rokov sa stredo\u0161kol\u00e1ci v odbore kadern\u00edk, viz\u00e1\u017eista zdokona\u013euj\u00fa v r\u00e1mci celo\u0161t\u00e1tnej s\u00fa\u0165a\u017ee Skills Slovakia \u201eO zlat\u00e9 no\u017enice\u201c"},"content":{"rendered":"<p style=\"text-align: justify;\">V bratislavskej Starej tr\u017enici sa 25. novembra uskuto\u010dnil jubilejn\u00fd desiaty ro\u010dn\u00edk celo\u0161t\u00e1tnej s\u00fa\u0165a\u017ee stredo\u0161kol\u00e1kov v odborn\u00fdch zru\u010dnostiach kadern\u00edkov a viz\u00e1\u017eistov <strong>Skills Slovakia Uk\u00e1\u017e \u010do vie\u0161<\/strong>\u00a0<strong>\u201cO zlat\u00e9 no\u017enice\u201d. <\/strong><\/p>\n<p style=\"text-align: justify;\">Z\u00fa\u010dastnilo sa jej celkom 90 s\u00fa\u0165a\u017eiacich z cel\u00e9ho Slovenska, z toho 74 stredo\u0161kol\u00e1kov. \u00a0S\u00fa\u0165a\u017eilo sa v \u0161tyroch kateg\u00f3ri\u00e1ch pre stredn\u00e9 \u0161koly a dospel\u00fdch s t\u00e9mami <strong>\u201eTREND CUT\u201c \u2013 d\u00e1msky trendov\u00fd strih jese\u0148\/zima 2025, \u00a0\u201eKOMER\u010cN\u00dd SVADOBN\u00dd \u00da\u010cES\u201c,\u00a0 \u201eMODERN\u00dd P\u00c1NSKY STRIH\u201c- vo\u013en\u00e1 t\u00e9ma bez krit\u00e9ri\u00ed, \u201eFEMME FATALE\u201c \u2013 s\u00fa\u0165a\u017e v l\u00ed\u010den\u00ed.<\/strong><\/p>\n<p style=\"text-align: justify;\">S\u00fa\u0165a\u017eiaci v ur\u010denom \u010dasovom limite preuk\u00e1zali v\u00fdnimo\u010dn\u00e9 odborn\u00e9 zru\u010dnosti, predstavivos\u0165, kreativitu, invenciu a cit pre kadern\u00edcke povolanie a viz\u00e1\u017e. Porota zlo\u017een\u00e1 z profesion\u00e1lnych kadern\u00edkov a viz\u00e1\u017eistov,\u00a0 pod\u013ea medzin\u00e1rodn\u00fdch krit\u00e9ri\u00ed OMC (Organisation Mondiale de la Coiffure)<em>,<\/em> hodnotila dodr\u017eiavanie bezpe\u010dnosti pri pr\u00e1ci, techniku prevedenia, strih no\u017enicami, celkov\u00fa kreativitu, fin\u00e1lny styling a dodr\u017eanie t\u00e9my.<\/p>\n<p style=\"text-align: justify;\">Okrem umiestnen\u00ed na prvom a\u017e tre\u0165om mieste bol vyhl\u00e1sen\u00fd z kateg\u00f3rie Komer\u010dn\u00fd svadobn\u00fd \u00fa\u010des aj absol\u00fatny v\u00ed\u0165az <strong>Liana He\u0159man<\/strong> zo\u00a0SO\u0160 techniky a slu\u017eieb Nitra a\u00a0<strong>Alexandra Gali\u0161inov\u00e1<\/strong> zo SO\u0160 beauty slu\u017eieb Ko\u0161ice v kateg\u00f3rii Femme fatale, ktor\u00e1 z\u00edskala \u0161peci\u00e1lnu cenu.<\/p>\n<p style=\"text-align: justify;\">Prv\u00e9 miesto v kateg\u00f3rii <strong>\u201e<\/strong><strong>TREND CUT\u201c<em>\u00a0\u2013 <\/em>d\u00e1msky trendov\u00fd strih jese\u0148\/zima 2025 <\/strong>z\u00edskal <strong>Martin Ridzo\u0148<\/strong> zo SO\u0160 hotelov\u00fdch slu\u017eieb a\u00a0obchodu, Zvolen, druh\u00e9 miesto <strong>Ema Ki\u010dkov\u00e1<\/strong> z\u00a0Hair Industry Bratislava a\u00a0tretie miesto z\u00edskala <strong>Anna Kormilchenko<\/strong> zo SO\u0160 obchodu a\u00a0slu\u017eieb Tren\u010d\u00edn.<\/p>\n<p style=\"text-align: justify;\">Prv\u00e9 miesto v t\u00e9me <strong>\u201e<\/strong><em><strong>KOMER\u010cN\u00dd SVADOBN\u00dd \u00da\u010cES\u201c <\/strong><\/em>patr\u00ed <strong>Liane He\u0159man<\/strong> zo SO\u0160 techniky a\u00a0slu\u017eieb Nitra, \u00a0druh\u00e9 miesto z\u00edskala <strong>Ema \u0160tetkov\u00e1<\/strong> zo\u00a0SO\u0160 hotelov\u00fdch slu\u017eieb a\u00a0obchodu Zvolen, a\u00a0tretia skon\u010dila <strong>Zuzana D\u017eurn\u00e1<\/strong> zo\u00a0SO\u0160 kadern\u00edctva a viz\u00e1\u017eistiky Bratislava.<\/p>\n<p style=\"text-align: justify;\">Prv\u00fd sa v kateg\u00f3rii <strong>\u201e<em>MODERN\u00dd P\u00c1NSKY STRIH\u201c <\/em><\/strong>umiestnil <strong>Nikolas Danihel<\/strong> zo\u00a0SO\u0160 beauty slu\u017eieb Bratislava, druh\u00e9 miesto z\u00edskal <strong>Nicolas \u0160arkozy<\/strong> zo SO\u0160 beauty slu\u017eieb Bratislava a\u00a0tret\u00ed stupienok patr\u00ed <strong>Zolt\u00e1novi Cziba<\/strong> zo Spojenej \u0161koly Gyulu Szab\u00f3a\u00a0Dunajsk\u00e1 Streda.<\/p>\n<p style=\"text-align: justify;\">Prv\u00e9 miesto <strong>\u201e<\/strong><strong>FEMME FATALE\u201c <\/strong>z\u00edskala <strong>Liliana Sedl\u00e1kov\u00e1<\/strong> zo\u00a0SO\u0160 beauty slu\u017eieb Bratislava, druh\u00e9 miesto <strong>Ter\u00e9zia Horv\u00e1thov\u00e1<\/strong> zo\u00a0SO\u0160 beauty slu\u017eieb Bratislava a\u00a0tretie miesto <strong>Lenka Petricov\u00e1<\/strong> zo\u00a0SO\u0160 hotelov\u00fdch slu\u017eieb a\u00a0obchodu Zvolen.<\/p>\n<p style=\"text-align: justify;\">Organiz\u00e1tor podujatia Zdru\u017eenie kadern\u00edkov a viz\u00e1\u017eistov Slovenska pod veden\u00edm profesion\u00e1lneho kadern\u00edka Polata Elalmisa z Hair Sal\u00f3nu Bratislava podporuje s\u00fa\u0165a\u017e akt\u00edvne nieko\u013eko rokov. Ver\u00ed, \u017ee cie\u013e s\u00fa\u0165a\u017ee z\u00edska\u0165 nov\u00e9 sk\u00fasenosti, zru\u010dnosti a nezabudnute\u013en\u00e9 pr\u00edjemn\u00e9 z\u00e1\u017eitky sa naplnil. Podujatie podporili \u010fal\u0161\u00ed partneri a odborn\u00ed hodnotitelia z praxe. Metodick\u00fdm garantom a partnerom podujatia je \u0160t\u00e1tny in\u0161tit\u00fat odborn\u00e9ho vzdel\u00e1vania odbor podpory smerovania ml\u00e1de\u017ee. S\u00fa\u0165a\u017e sa uskuto\u010dnila pod z\u00e1\u0161titou Ministerstva \u0161kolstva, v\u00fdskumu, v\u00fdvoja a ml\u00e1de\u017ee Slovenskej republiky.<div id='gallery-1' class='gallery galleryid-21997 gallery-columns-3 gallery-size-medium'><figure class='gallery-item'>\n\t\t\t<div class='gallery-icon portrait'>\n\t\t\t\t<a href='https:\/\/archiv.siov.sk\/en\/pozname-vitazov-desiateho-rocnika-celostatnej-sutaze-stredoskolakov-v-odbore-kadernik-vizazista-skills-slovakia-o-zlate-noznice\/5b48ef67-aca7-43f3-8138-9a43ba94e1e9\/'><img fetchpriority=\"high\" decoding=\"async\" width=\"225\" height=\"300\" src=\"https:\/\/archiv.siov.sk\/wp-content\/uploads\/2025\/12\/5b48ef67-aca7-43f3-8138-9a43ba94e1e9-225x300.jpeg\" class=\"attachment-medium size-medium\" alt=\"\" srcset=\"https:\/\/archiv.siov.sk\/wp-content\/uploads\/2025\/12\/5b48ef67-aca7-43f3-8138-9a43ba94e1e9-225x300.jpeg 225w, https:\/\/archiv.siov.sk\/wp-content\/uploads\/2025\/12\/5b48ef67-aca7-43f3-8138-9a43ba94e1e9-9x12.jpeg 9w, https:\/\/archiv.siov.sk\/wp-content\/uploads\/2025\/12\/5b48ef67-aca7-43f3-8138-9a43ba94e1e9.jpeg 720w\" sizes=\"(max-width: 225px) 100vw, 225px\" \/><\/a>\n\t\t\t<\/div><\/figure><figure class='gallery-item'>\n\t\t\t<div class='gallery-icon portrait'>\n\t\t\t\t<a href='https:\/\/archiv.siov.sk\/en\/pozname-vitazov-desiateho-rocnika-celostatnej-sutaze-stredoskolakov-v-odbore-kadernik-vizazista-skills-slovakia-o-zlate-noznice\/46d54464-9468-4c71-9745-249f9e7ecae3\/'><img decoding=\"async\" width=\"225\" height=\"300\" src=\"https:\/\/archiv.siov.sk\/wp-content\/uploads\/2025\/12\/46d54464-9468-4c71-9745-249f9e7ecae3-225x300.jpeg\" class=\"attachment-medium size-medium\" alt=\"\" srcset=\"https:\/\/archiv.siov.sk\/wp-content\/uploads\/2025\/12\/46d54464-9468-4c71-9745-249f9e7ecae3-225x300.jpeg 225w, https:\/\/archiv.siov.sk\/wp-content\/uploads\/2025\/12\/46d54464-9468-4c71-9745-249f9e7ecae3-9x12.jpeg 9w, https:\/\/archiv.siov.sk\/wp-content\/uploads\/2025\/12\/46d54464-9468-4c71-9745-249f9e7ecae3.jpeg 640w\" sizes=\"(max-width: 225px) 100vw, 225px\" \/><\/a>\n\t\t\t<\/div><\/figure><figure class='gallery-item'>\n\t\t\t<div class='gallery-icon portrait'>\n\t\t\t\t<a href='https:\/\/archiv.siov.sk\/en\/pozname-vitazov-desiateho-rocnika-celostatnej-sutaze-stredoskolakov-v-odbore-kadernik-vizazista-skills-slovakia-o-zlate-noznice\/22c219ce-978e-49f9-b796-39a1e7adb564\/'><img decoding=\"async\" width=\"225\" height=\"300\" src=\"https:\/\/archiv.siov.sk\/wp-content\/uploads\/2025\/12\/22c219ce-978e-49f9-b796-39a1e7adb564-225x300.jpeg\" class=\"attachment-medium size-medium\" alt=\"\" srcset=\"https:\/\/archiv.siov.sk\/wp-content\/uploads\/2025\/12\/22c219ce-978e-49f9-b796-39a1e7adb564-225x300.jpeg 225w, https:\/\/archiv.siov.sk\/wp-content\/uploads\/2025\/12\/22c219ce-978e-49f9-b796-39a1e7adb564-9x12.jpeg 9w, https:\/\/archiv.siov.sk\/wp-content\/uploads\/2025\/12\/22c219ce-978e-49f9-b796-39a1e7adb564.jpeg 640w\" sizes=\"(max-width: 225px) 100vw, 225px\" \/><\/a>\n\t\t\t<\/div><\/figure><figure class='gallery-item'>\n\t\t\t<div class='gallery-icon portrait'>\n\t\t\t\t<a href='https:\/\/archiv.siov.sk\/en\/pozname-vitazov-desiateho-rocnika-celostatnej-sutaze-stredoskolakov-v-odbore-kadernik-vizazista-skills-slovakia-o-zlate-noznice\/ccd7e82e-5687-42e3-997a-07118909602b\/'><img loading=\"lazy\" decoding=\"async\" width=\"225\" height=\"300\" src=\"https:\/\/archiv.siov.sk\/wp-content\/uploads\/2025\/12\/ccd7e82e-5687-42e3-997a-07118909602b-225x300.jpeg\" class=\"attachment-medium size-medium\" alt=\"\" srcset=\"https:\/\/archiv.siov.sk\/wp-content\/uploads\/2025\/12\/ccd7e82e-5687-42e3-997a-07118909602b-225x300.jpeg 225w, https:\/\/archiv.siov.sk\/wp-content\/uploads\/2025\/12\/ccd7e82e-5687-42e3-997a-07118909602b-9x12.jpeg 9w, https:\/\/archiv.siov.sk\/wp-content\/uploads\/2025\/12\/ccd7e82e-5687-42e3-997a-07118909602b.jpeg 640w\" sizes=\"(max-width: 225px) 100vw, 225px\" \/><\/a>\n\t\t\t<\/div><\/figure><figure class='gallery-item'>\n\t\t\t<div class='gallery-icon portrait'>\n\t\t\t\t<a href='https:\/\/archiv.siov.sk\/en\/pozname-vitazov-desiateho-rocnika-celostatnej-sutaze-stredoskolakov-v-odbore-kadernik-vizazista-skills-slovakia-o-zlate-noznice\/be327927-c7c1-41d3-a415-77280af6a1ac\/'><img loading=\"lazy\" decoding=\"async\" width=\"225\" height=\"300\" src=\"https:\/\/archiv.siov.sk\/wp-content\/uploads\/2025\/12\/be327927-c7c1-41d3-a415-77280af6a1ac-225x300.jpeg\" class=\"attachment-medium size-medium\" alt=\"\" srcset=\"https:\/\/archiv.siov.sk\/wp-content\/uploads\/2025\/12\/be327927-c7c1-41d3-a415-77280af6a1ac-225x300.jpeg 225w, https:\/\/archiv.siov.sk\/wp-content\/uploads\/2025\/12\/be327927-c7c1-41d3-a415-77280af6a1ac-768x1024.jpeg 768w, https:\/\/archiv.siov.sk\/wp-content\/uploads\/2025\/12\/be327927-c7c1-41d3-a415-77280af6a1ac-1152x1536.jpeg 1152w, https:\/\/archiv.siov.sk\/wp-content\/uploads\/2025\/12\/be327927-c7c1-41d3-a415-77280af6a1ac-9x12.jpeg 9w, https:\/\/archiv.siov.sk\/wp-content\/uploads\/2025\/12\/be327927-c7c1-41d3-a415-77280af6a1ac.jpeg 1500w\" sizes=\"(max-width: 225px) 100vw, 225px\" \/><\/a>\n\t\t\t<\/div><\/figure>\n\t\t<\/div>\n<\/p>","protected":false},"excerpt":{"rendered":"<p>V bratislavskej Starej tr\u017enici sa 25. novembra uskuto\u010dnil jubilejn\u00fd desiaty ro\u010dn\u00edk celo\u0161t\u00e1tnej s\u00fa\u0165a\u017ee stredo\u0161kol\u00e1kov v odborn\u00fdch zru\u010dnostiach kadern\u00edkov a viz\u00e1\u017eistov Skills Slovakia Uk\u00e1\u017e \u010do vie\u0161\u00a0\u201cO zlat\u00e9 no\u017enice\u201d. Z\u00fa\u010dastnilo sa jej celkom 90 s\u00fa\u0165a\u017eiacich z cel\u00e9ho Slovenska, z toho 74 stredo\u0161kol\u00e1kov. \u00a0S\u00fa\u0165a\u017eilo sa v \u0161tyroch kateg\u00f3ri\u00e1ch pre stredn\u00e9 \u0161koly a dospel\u00fdch s t\u00e9mami \u201eTREND CUT\u201c \u2013 [&hellip;]<\/p>\n","protected":false},"author":6,"featured_media":21999,"comment_status":"closed","ping_status":"closed","sticky":false,"template":"","format":"standard","meta":{"site-sidebar-layout":"default","site-content-layout":"","ast-site-content-layout":"default","site-content-style":"default","site-sidebar-style":"default","ast-global-header-display":"","ast-banner-title-visibility":"","ast-main-header-display":"","ast-hfb-above-header-display":"","ast-hfb-below-header-display":"","ast-hfb-mobile-header-display":"","site-post-title":"","ast-breadcrumbs-content":"","ast-featured-img":"","footer-sml-layout":"","ast-disable-related-posts":"","theme-transparent-header-meta":"default","adv-header-id-meta":"","stick-header-meta":"default","header-above-stick-meta":"","header-main-stick-meta":"","header-below-stick-meta":"","astra-migrate-meta-layouts":"set","ast-page-background-enabled":"default","ast-page-background-meta":{"desktop":{"background-color":"var(--ast-global-color-4)","background-image":"","background-repeat":"repeat","background-position":"center center","background-size":"auto","background-attachment":"scroll","background-type":"","background-media":"","overlay-type":"","overlay-color":"","overlay-opacity":"","overlay-gradient":""},"tablet":{"background-color":"","background-image":"","background-repeat":"repeat","background-position":"center center","background-size":"auto","background-attachment":"scroll","background-type":"","background-media":"","overlay-type":"","overlay-color":"","overlay-opacity":"","overlay-gradient":""},"mobile":{"background-color":"","background-image":"","background-repeat":"repeat","background-position":"center center","background-size":"auto","background-attachment":"scroll","background-type":"","background-media":"","overlay-type":"","overlay-color":"","overlay-opacity":"","overlay-gradient":""}},"ast-content-background-meta":{"desktop":{"background-color":"var(--ast-global-color-5)","background-image":"","background-repeat":"repeat","background-position":"center center","background-size":"auto","background-attachment":"scroll","background-type":"","background-media":"","overlay-type":"","overlay-color":"","overlay-opacity":"","overlay-gradient":""},"tablet":{"background-color":"var(--ast-global-color-5)","background-image":"","background-repeat":"repeat","background-position":"center center","background-size":"auto","background-attachment":"scroll","background-type":"","background-media":"","overlay-type":"","overlay-color":"","overlay-opacity":"","overlay-gradient":""},"mobile":{"background-color":"var(--ast-global-color-5)","background-image":"","background-repeat":"repeat","background-position":"center center","background-size":"auto","background-attachment":"scroll","background-type":"","background-media":"","overlay-type":"","overlay-color":"","overlay-opacity":"","overlay-gradient":""}},"footnotes":""},"categories":[1],"tags":[],"class_list":["post-21997","post","type-post","status-publish","format-standard","has-post-thumbnail","hentry","category-aktuality"],"yoast_head":"<!-- This site is optimized with the Yoast SEO plugin v27.5 - https:\/\/yoast.com\/product\/yoast-seo-wordpress\/ -->\n<title>U\u017e desa\u0165 rokov sa stredo\u0161kol\u00e1ci v odbore kadern\u00edk, viz\u00e1\u017eista zdokona\u013euj\u00fa v r\u00e1mci celo\u0161t\u00e1tnej s\u00fa\u0165a\u017ee Skills Slovakia \u201eO zlat\u00e9 no\u017enice\u201c - \u0160IOV - \u0161t\u00e1tny in\u0161tit\u00fat odborn\u00e9ho vzdel\u00e1vania<\/title>\n<meta name=\"robots\" content=\"index, follow, max-snippet:-1, max-image-preview:large, max-video-preview:-1\" \/>\n<link rel=\"canonical\" href=\"https:\/\/archiv.siov.sk\/en\/pozname-vitazov-desiateho-rocnika-celostatnej-sutaze-stredoskolakov-v-odbore-kadernik-vizazista-skills-slovakia-o-zlate-noznice\/\" \/>\n<meta property=\"og:locale\" content=\"en_GB\" \/>\n<meta property=\"og:type\" content=\"article\" \/>\n<meta property=\"og:title\" content=\"U\u017e desa\u0165 rokov sa stredo\u0161kol\u00e1ci v odbore kadern\u00edk, viz\u00e1\u017eista zdokona\u013euj\u00fa v r\u00e1mci celo\u0161t\u00e1tnej s\u00fa\u0165a\u017ee Skills Slovakia \u201eO zlat\u00e9 no\u017enice\u201c - \u0160IOV - \u0161t\u00e1tny in\u0161tit\u00fat odborn\u00e9ho vzdel\u00e1vania\" \/>\n<meta property=\"og:description\" content=\"V bratislavskej Starej tr\u017enici sa 25. novembra uskuto\u010dnil jubilejn\u00fd desiaty ro\u010dn\u00edk celo\u0161t\u00e1tnej s\u00fa\u0165a\u017ee stredo\u0161kol\u00e1kov v odborn\u00fdch zru\u010dnostiach kadern\u00edkov a viz\u00e1\u017eistov Skills Slovakia Uk\u00e1\u017e \u010do vie\u0161\u00a0\u201cO zlat\u00e9 no\u017enice\u201d. Z\u00fa\u010dastnilo sa jej celkom 90 s\u00fa\u0165a\u017eiacich z cel\u00e9ho Slovenska, z toho 74 stredo\u0161kol\u00e1kov. \u00a0S\u00fa\u0165a\u017eilo sa v \u0161tyroch kateg\u00f3ri\u00e1ch pre stredn\u00e9 \u0161koly a dospel\u00fdch s t\u00e9mami \u201eTREND CUT\u201c \u2013 [&hellip;]\" \/>\n<meta property=\"og:url\" content=\"https:\/\/archiv.siov.sk\/en\/pozname-vitazov-desiateho-rocnika-celostatnej-sutaze-stredoskolakov-v-odbore-kadernik-vizazista-skills-slovakia-o-zlate-noznice\/\" \/>\n<meta property=\"og:site_name\" content=\"\u0160IOV - \u0161t\u00e1tny in\u0161tit\u00fat odborn\u00e9ho vzdel\u00e1vania\" \/>\n<meta property=\"article:publisher\" content=\"https:\/\/www.facebook.com\/Statnyinstitutodbornehovzdelavania\" \/>\n<meta property=\"article:published_time\" content=\"2025-12-03T16:35:54+00:00\" \/>\n<meta property=\"article:modified_time\" content=\"2025-12-08T12:39:53+00:00\" \/>\n<meta property=\"og:image\" content=\"https:\/\/archiv.siov.sk\/wp-content\/uploads\/2025\/12\/ddb62d64-eeee-4fc1-ac26-1bdbb6e838e5.jpeg\" \/>\n\t<meta property=\"og:image:width\" content=\"2000\" \/>\n\t<meta property=\"og:image:height\" content=\"1269\" \/>\n\t<meta property=\"og:image:type\" content=\"image\/jpeg\" \/>\n<meta name=\"author\" content=\"Katar\u00edna Kov\u00e1\u010dov\u00e1\" \/>\n<meta name=\"twitter:card\" content=\"summary_large_image\" \/>\n<meta name=\"twitter:label1\" content=\"Written by\" \/>\n\t<meta name=\"twitter:data1\" content=\"Katar\u00edna Kov\u00e1\u010dov\u00e1\" \/>\n\t<meta name=\"twitter:label2\" content=\"Estimated reading time\" \/>\n\t<meta name=\"twitter:data2\" content=\"3 minutes\" \/>\n<script type=\"application\/ld+json\" class=\"yoast-schema-graph\">{\"@context\":\"https:\\\/\\\/schema.org\",\"@graph\":[{\"@type\":\"Article\",\"@id\":\"https:\\\/\\\/archiv.siov.sk\\\/pozname-vitazov-desiateho-rocnika-celostatnej-sutaze-stredoskolakov-v-odbore-kadernik-vizazista-skills-slovakia-o-zlate-noznice\\\/#article\",\"isPartOf\":{\"@id\":\"https:\\\/\\\/archiv.siov.sk\\\/pozname-vitazov-desiateho-rocnika-celostatnej-sutaze-stredoskolakov-v-odbore-kadernik-vizazista-skills-slovakia-o-zlate-noznice\\\/\"},\"author\":{\"name\":\"Katar\u00edna Kov\u00e1\u010dov\u00e1\",\"@id\":\"https:\\\/\\\/archiv.siov.sk\\\/#\\\/schema\\\/person\\\/e42d633fbd958c6a726e8834d8965e6c\"},\"headline\":\"U\u017e desa\u0165 rokov sa stredo\u0161kol\u00e1ci v odbore kadern\u00edk, viz\u00e1\u017eista zdokona\u013euj\u00fa v r\u00e1mci celo\u0161t\u00e1tnej s\u00fa\u0165a\u017ee Skills Slovakia \u201eO zlat\u00e9 no\u017enice\u201c\",\"datePublished\":\"2025-12-03T16:35:54+00:00\",\"dateModified\":\"2025-12-08T12:39:53+00:00\",\"mainEntityOfPage\":{\"@id\":\"https:\\\/\\\/archiv.siov.sk\\\/pozname-vitazov-desiateho-rocnika-celostatnej-sutaze-stredoskolakov-v-odbore-kadernik-vizazista-skills-slovakia-o-zlate-noznice\\\/\"},\"wordCount\":563,\"publisher\":{\"@id\":\"https:\\\/\\\/archiv.siov.sk\\\/#organization\"},\"image\":{\"@id\":\"https:\\\/\\\/archiv.siov.sk\\\/pozname-vitazov-desiateho-rocnika-celostatnej-sutaze-stredoskolakov-v-odbore-kadernik-vizazista-skills-slovakia-o-zlate-noznice\\\/#primaryimage\"},\"thumbnailUrl\":\"https:\\\/\\\/archiv.siov.sk\\\/wp-content\\\/uploads\\\/2025\\\/12\\\/ddb62d64-eeee-4fc1-ac26-1bdbb6e838e5.jpeg\",\"articleSection\":[\"Aktuality\"],\"inLanguage\":\"en-GB\"},{\"@type\":\"WebPage\",\"@id\":\"https:\\\/\\\/archiv.siov.sk\\\/pozname-vitazov-desiateho-rocnika-celostatnej-sutaze-stredoskolakov-v-odbore-kadernik-vizazista-skills-slovakia-o-zlate-noznice\\\/\",\"url\":\"https:\\\/\\\/archiv.siov.sk\\\/pozname-vitazov-desiateho-rocnika-celostatnej-sutaze-stredoskolakov-v-odbore-kadernik-vizazista-skills-slovakia-o-zlate-noznice\\\/\",\"name\":\"U\u017e desa\u0165 rokov sa stredo\u0161kol\u00e1ci v odbore kadern\u00edk, viz\u00e1\u017eista zdokona\u013euj\u00fa v r\u00e1mci celo\u0161t\u00e1tnej s\u00fa\u0165a\u017ee Skills Slovakia \u201eO zlat\u00e9 no\u017enice\u201c - \u0160IOV - \u0161t\u00e1tny in\u0161tit\u00fat odborn\u00e9ho vzdel\u00e1vania\",\"isPartOf\":{\"@id\":\"https:\\\/\\\/archiv.siov.sk\\\/#website\"},\"primaryImageOfPage\":{\"@id\":\"https:\\\/\\\/archiv.siov.sk\\\/pozname-vitazov-desiateho-rocnika-celostatnej-sutaze-stredoskolakov-v-odbore-kadernik-vizazista-skills-slovakia-o-zlate-noznice\\\/#primaryimage\"},\"image\":{\"@id\":\"https:\\\/\\\/archiv.siov.sk\\\/pozname-vitazov-desiateho-rocnika-celostatnej-sutaze-stredoskolakov-v-odbore-kadernik-vizazista-skills-slovakia-o-zlate-noznice\\\/#primaryimage\"},\"thumbnailUrl\":\"https:\\\/\\\/archiv.siov.sk\\\/wp-content\\\/uploads\\\/2025\\\/12\\\/ddb62d64-eeee-4fc1-ac26-1bdbb6e838e5.jpeg\",\"datePublished\":\"2025-12-03T16:35:54+00:00\",\"dateModified\":\"2025-12-08T12:39:53+00:00\",\"breadcrumb\":{\"@id\":\"https:\\\/\\\/archiv.siov.sk\\\/pozname-vitazov-desiateho-rocnika-celostatnej-sutaze-stredoskolakov-v-odbore-kadernik-vizazista-skills-slovakia-o-zlate-noznice\\\/#breadcrumb\"},\"inLanguage\":\"en-GB\",\"potentialAction\":[{\"@type\":\"ReadAction\",\"target\":[\"https:\\\/\\\/archiv.siov.sk\\\/pozname-vitazov-desiateho-rocnika-celostatnej-sutaze-stredoskolakov-v-odbore-kadernik-vizazista-skills-slovakia-o-zlate-noznice\\\/\"]}]},{\"@type\":\"ImageObject\",\"inLanguage\":\"en-GB\",\"@id\":\"https:\\\/\\\/archiv.siov.sk\\\/pozname-vitazov-desiateho-rocnika-celostatnej-sutaze-stredoskolakov-v-odbore-kadernik-vizazista-skills-slovakia-o-zlate-noznice\\\/#primaryimage\",\"url\":\"https:\\\/\\\/archiv.siov.sk\\\/wp-content\\\/uploads\\\/2025\\\/12\\\/ddb62d64-eeee-4fc1-ac26-1bdbb6e838e5.jpeg\",\"contentUrl\":\"https:\\\/\\\/archiv.siov.sk\\\/wp-content\\\/uploads\\\/2025\\\/12\\\/ddb62d64-eeee-4fc1-ac26-1bdbb6e838e5.jpeg\",\"width\":2000,\"height\":1269},{\"@type\":\"BreadcrumbList\",\"@id\":\"https:\\\/\\\/archiv.siov.sk\\\/pozname-vitazov-desiateho-rocnika-celostatnej-sutaze-stredoskolakov-v-odbore-kadernik-vizazista-skills-slovakia-o-zlate-noznice\\\/#breadcrumb\",\"itemListElement\":[{\"@type\":\"ListItem\",\"position\":1,\"name\":\"Home\",\"item\":\"https:\\\/\\\/archiv.siov.sk\\\/\"},{\"@type\":\"ListItem\",\"position\":2,\"name\":\"U\u017e desa\u0165 rokov sa stredo\u0161kol\u00e1ci v odbore kadern\u00edk, viz\u00e1\u017eista zdokona\u013euj\u00fa v r\u00e1mci celo\u0161t\u00e1tnej s\u00fa\u0165a\u017ee Skills Slovakia \u201eO zlat\u00e9 no\u017enice\u201c\"}]},{\"@type\":\"WebSite\",\"@id\":\"https:\\\/\\\/archiv.siov.sk\\\/#website\",\"url\":\"https:\\\/\\\/archiv.siov.sk\\\/\",\"name\":\"\u0160IOV - \u0161t\u00e1tny in\u0161tit\u00fat odborn\u00e9ho vzdel\u00e1vania\",\"description\":\"\",\"publisher\":{\"@id\":\"https:\\\/\\\/archiv.siov.sk\\\/#organization\"},\"potentialAction\":[{\"@type\":\"SearchAction\",\"target\":{\"@type\":\"EntryPoint\",\"urlTemplate\":\"https:\\\/\\\/archiv.siov.sk\\\/?s={search_term_string}\"},\"query-input\":{\"@type\":\"PropertyValueSpecification\",\"valueRequired\":true,\"valueName\":\"search_term_string\"}}],\"inLanguage\":\"en-GB\"},{\"@type\":\"Organization\",\"@id\":\"https:\\\/\\\/archiv.siov.sk\\\/#organization\",\"name\":\"\u0160IOV - \u0161t\u00e1tny in\u0161tit\u00fat odborn\u00e9ho vzdel\u00e1vania\",\"url\":\"https:\\\/\\\/archiv.siov.sk\\\/\",\"logo\":{\"@type\":\"ImageObject\",\"inLanguage\":\"en-GB\",\"@id\":\"https:\\\/\\\/archiv.siov.sk\\\/#\\\/schema\\\/logo\\\/image\\\/\",\"url\":\"https:\\\/\\\/archiv.siov.sk\\\/wp-content\\\/uploads\\\/2024\\\/02\\\/logo-SIOV.png\",\"contentUrl\":\"https:\\\/\\\/archiv.siov.sk\\\/wp-content\\\/uploads\\\/2024\\\/02\\\/logo-SIOV.png\",\"width\":431,\"height\":143,\"caption\":\"\u0160IOV - \u0161t\u00e1tny in\u0161tit\u00fat odborn\u00e9ho vzdel\u00e1vania\"},\"image\":{\"@id\":\"https:\\\/\\\/archiv.siov.sk\\\/#\\\/schema\\\/logo\\\/image\\\/\"},\"sameAs\":[\"https:\\\/\\\/www.facebook.com\\\/Statnyinstitutodbornehovzdelavania\"]},{\"@type\":\"Person\",\"@id\":\"https:\\\/\\\/archiv.siov.sk\\\/#\\\/schema\\\/person\\\/e42d633fbd958c6a726e8834d8965e6c\",\"name\":\"Katar\u00edna Kov\u00e1\u010dov\u00e1\",\"url\":\"https:\\\/\\\/archiv.siov.sk\\\/en\\\/author\\\/katkakovacova\\\/\"}]}<\/script>\n<!-- \/ Yoast SEO plugin. -->","yoast_head_json":{"title":"U\u017e desa\u0165 rokov sa stredo\u0161kol\u00e1ci v odbore kadern\u00edk, viz\u00e1\u017eista zdokona\u013euj\u00fa v r\u00e1mci celo\u0161t\u00e1tnej s\u00fa\u0165a\u017ee Skills Slovakia \u201eO zlat\u00e9 no\u017enice\u201c - \u0160IOV - \u0161t\u00e1tny in\u0161tit\u00fat odborn\u00e9ho vzdel\u00e1vania","robots":{"index":"index","follow":"follow","max-snippet":"max-snippet:-1","max-image-preview":"max-image-preview:large","max-video-preview":"max-video-preview:-1"},"canonical":"https:\/\/archiv.siov.sk\/en\/pozname-vitazov-desiateho-rocnika-celostatnej-sutaze-stredoskolakov-v-odbore-kadernik-vizazista-skills-slovakia-o-zlate-noznice\/","og_locale":"en_GB","og_type":"article","og_title":"U\u017e desa\u0165 rokov sa stredo\u0161kol\u00e1ci v odbore kadern\u00edk, viz\u00e1\u017eista zdokona\u013euj\u00fa v r\u00e1mci celo\u0161t\u00e1tnej s\u00fa\u0165a\u017ee Skills Slovakia \u201eO zlat\u00e9 no\u017enice\u201c - \u0160IOV - \u0161t\u00e1tny in\u0161tit\u00fat odborn\u00e9ho vzdel\u00e1vania","og_description":"V bratislavskej Starej tr\u017enici sa 25. novembra uskuto\u010dnil jubilejn\u00fd desiaty ro\u010dn\u00edk celo\u0161t\u00e1tnej s\u00fa\u0165a\u017ee stredo\u0161kol\u00e1kov v odborn\u00fdch zru\u010dnostiach kadern\u00edkov a viz\u00e1\u017eistov Skills Slovakia Uk\u00e1\u017e \u010do vie\u0161\u00a0\u201cO zlat\u00e9 no\u017enice\u201d. Z\u00fa\u010dastnilo sa jej celkom 90 s\u00fa\u0165a\u017eiacich z cel\u00e9ho Slovenska, z toho 74 stredo\u0161kol\u00e1kov. \u00a0S\u00fa\u0165a\u017eilo sa v \u0161tyroch kateg\u00f3ri\u00e1ch pre stredn\u00e9 \u0161koly a dospel\u00fdch s t\u00e9mami \u201eTREND CUT\u201c \u2013 [&hellip;]","og_url":"https:\/\/archiv.siov.sk\/en\/pozname-vitazov-desiateho-rocnika-celostatnej-sutaze-stredoskolakov-v-odbore-kadernik-vizazista-skills-slovakia-o-zlate-noznice\/","og_site_name":"\u0160IOV - \u0161t\u00e1tny in\u0161tit\u00fat odborn\u00e9ho vzdel\u00e1vania","article_publisher":"https:\/\/www.facebook.com\/Statnyinstitutodbornehovzdelavania","article_published_time":"2025-12-03T16:35:54+00:00","article_modified_time":"2025-12-08T12:39:53+00:00","og_image":[{"width":2000,"height":1269,"url":"https:\/\/archiv.siov.sk\/wp-content\/uploads\/2025\/12\/ddb62d64-eeee-4fc1-ac26-1bdbb6e838e5.jpeg","type":"image\/jpeg"}],"author":"Katar\u00edna Kov\u00e1\u010dov\u00e1","twitter_card":"summary_large_image","twitter_misc":{"Written by":"Katar\u00edna Kov\u00e1\u010dov\u00e1","Estimated reading time":"3 minutes"},"schema":{"@context":"https:\/\/schema.org","@graph":[{"@type":"Article","@id":"https:\/\/archiv.siov.sk\/pozname-vitazov-desiateho-rocnika-celostatnej-sutaze-stredoskolakov-v-odbore-kadernik-vizazista-skills-slovakia-o-zlate-noznice\/#article","isPartOf":{"@id":"https:\/\/archiv.siov.sk\/pozname-vitazov-desiateho-rocnika-celostatnej-sutaze-stredoskolakov-v-odbore-kadernik-vizazista-skills-slovakia-o-zlate-noznice\/"},"author":{"name":"Katar\u00edna Kov\u00e1\u010dov\u00e1","@id":"https:\/\/archiv.siov.sk\/#\/schema\/person\/e42d633fbd958c6a726e8834d8965e6c"},"headline":"U\u017e desa\u0165 rokov sa stredo\u0161kol\u00e1ci v odbore kadern\u00edk, viz\u00e1\u017eista zdokona\u013euj\u00fa v r\u00e1mci celo\u0161t\u00e1tnej s\u00fa\u0165a\u017ee Skills Slovakia \u201eO zlat\u00e9 no\u017enice\u201c","datePublished":"2025-12-03T16:35:54+00:00","dateModified":"2025-12-08T12:39:53+00:00","mainEntityOfPage":{"@id":"https:\/\/archiv.siov.sk\/pozname-vitazov-desiateho-rocnika-celostatnej-sutaze-stredoskolakov-v-odbore-kadernik-vizazista-skills-slovakia-o-zlate-noznice\/"},"wordCount":563,"publisher":{"@id":"https:\/\/archiv.siov.sk\/#organization"},"image":{"@id":"https:\/\/archiv.siov.sk\/pozname-vitazov-desiateho-rocnika-celostatnej-sutaze-stredoskolakov-v-odbore-kadernik-vizazista-skills-slovakia-o-zlate-noznice\/#primaryimage"},"thumbnailUrl":"https:\/\/archiv.siov.sk\/wp-content\/uploads\/2025\/12\/ddb62d64-eeee-4fc1-ac26-1bdbb6e838e5.jpeg","articleSection":["Aktuality"],"inLanguage":"en-GB"},{"@type":"WebPage","@id":"https:\/\/archiv.siov.sk\/pozname-vitazov-desiateho-rocnika-celostatnej-sutaze-stredoskolakov-v-odbore-kadernik-vizazista-skills-slovakia-o-zlate-noznice\/","url":"https:\/\/archiv.siov.sk\/pozname-vitazov-desiateho-rocnika-celostatnej-sutaze-stredoskolakov-v-odbore-kadernik-vizazista-skills-slovakia-o-zlate-noznice\/","name":"U\u017e desa\u0165 rokov sa stredo\u0161kol\u00e1ci v odbore kadern\u00edk, viz\u00e1\u017eista zdokona\u013euj\u00fa v r\u00e1mci celo\u0161t\u00e1tnej s\u00fa\u0165a\u017ee Skills Slovakia \u201eO zlat\u00e9 no\u017enice\u201c - \u0160IOV - \u0161t\u00e1tny in\u0161tit\u00fat odborn\u00e9ho vzdel\u00e1vania","isPartOf":{"@id":"https:\/\/archiv.siov.sk\/#website"},"primaryImageOfPage":{"@id":"https:\/\/archiv.siov.sk\/pozname-vitazov-desiateho-rocnika-celostatnej-sutaze-stredoskolakov-v-odbore-kadernik-vizazista-skills-slovakia-o-zlate-noznice\/#primaryimage"},"image":{"@id":"https:\/\/archiv.siov.sk\/pozname-vitazov-desiateho-rocnika-celostatnej-sutaze-stredoskolakov-v-odbore-kadernik-vizazista-skills-slovakia-o-zlate-noznice\/#primaryimage"},"thumbnailUrl":"https:\/\/archiv.siov.sk\/wp-content\/uploads\/2025\/12\/ddb62d64-eeee-4fc1-ac26-1bdbb6e838e5.jpeg","datePublished":"2025-12-03T16:35:54+00:00","dateModified":"2025-12-08T12:39:53+00:00","breadcrumb":{"@id":"https:\/\/archiv.siov.sk\/pozname-vitazov-desiateho-rocnika-celostatnej-sutaze-stredoskolakov-v-odbore-kadernik-vizazista-skills-slovakia-o-zlate-noznice\/#breadcrumb"},"inLanguage":"en-GB","potentialAction":[{"@type":"ReadAction","target":["https:\/\/archiv.siov.sk\/pozname-vitazov-desiateho-rocnika-celostatnej-sutaze-stredoskolakov-v-odbore-kadernik-vizazista-skills-slovakia-o-zlate-noznice\/"]}]},{"@type":"ImageObject","inLanguage":"en-GB","@id":"https:\/\/archiv.siov.sk\/pozname-vitazov-desiateho-rocnika-celostatnej-sutaze-stredoskolakov-v-odbore-kadernik-vizazista-skills-slovakia-o-zlate-noznice\/#primaryimage","url":"https:\/\/archiv.siov.sk\/wp-content\/uploads\/2025\/12\/ddb62d64-eeee-4fc1-ac26-1bdbb6e838e5.jpeg","contentUrl":"https:\/\/archiv.siov.sk\/wp-content\/uploads\/2025\/12\/ddb62d64-eeee-4fc1-ac26-1bdbb6e838e5.jpeg","width":2000,"height":1269},{"@type":"BreadcrumbList","@id":"https:\/\/archiv.siov.sk\/pozname-vitazov-desiateho-rocnika-celostatnej-sutaze-stredoskolakov-v-odbore-kadernik-vizazista-skills-slovakia-o-zlate-noznice\/#breadcrumb","itemListElement":[{"@type":"ListItem","position":1,"name":"Home","item":"https:\/\/archiv.siov.sk\/"},{"@type":"ListItem","position":2,"name":"U\u017e desa\u0165 rokov sa stredo\u0161kol\u00e1ci v odbore kadern\u00edk, viz\u00e1\u017eista zdokona\u013euj\u00fa v r\u00e1mci celo\u0161t\u00e1tnej s\u00fa\u0165a\u017ee Skills Slovakia \u201eO zlat\u00e9 no\u017enice\u201c"}]},{"@type":"WebSite","@id":"https:\/\/archiv.siov.sk\/#website","url":"https:\/\/archiv.siov.sk\/","name":"\u0160IOV - \u0161t\u00e1tny in\u0161tit\u00fat odborn\u00e9ho vzdel\u00e1vania","description":"","publisher":{"@id":"https:\/\/archiv.siov.sk\/#organization"},"potentialAction":[{"@type":"SearchAction","target":{"@type":"EntryPoint","urlTemplate":"https:\/\/archiv.siov.sk\/?s={search_term_string}"},"query-input":{"@type":"PropertyValueSpecification","valueRequired":true,"valueName":"search_term_string"}}],"inLanguage":"en-GB"},{"@type":"Organization","@id":"https:\/\/archiv.siov.sk\/#organization","name":"\u0160IOV - \u0161t\u00e1tny in\u0161tit\u00fat odborn\u00e9ho vzdel\u00e1vania","url":"https:\/\/archiv.siov.sk\/","logo":{"@type":"ImageObject","inLanguage":"en-GB","@id":"https:\/\/archiv.siov.sk\/#\/schema\/logo\/image\/","url":"https:\/\/archiv.siov.sk\/wp-content\/uploads\/2024\/02\/logo-SIOV.png","contentUrl":"https:\/\/archiv.siov.sk\/wp-content\/uploads\/2024\/02\/logo-SIOV.png","width":431,"height":143,"caption":"\u0160IOV - \u0161t\u00e1tny in\u0161tit\u00fat odborn\u00e9ho vzdel\u00e1vania"},"image":{"@id":"https:\/\/archiv.siov.sk\/#\/schema\/logo\/image\/"},"sameAs":["https:\/\/www.facebook.com\/Statnyinstitutodbornehovzdelavania"]},{"@type":"Person","@id":"https:\/\/archiv.siov.sk\/#\/schema\/person\/e42d633fbd958c6a726e8834d8965e6c","name":"Katar\u00edna Kov\u00e1\u010dov\u00e1","url":"https:\/\/archiv.siov.sk\/en\/author\/katkakovacova\/"}]}},"_links":{"self":[{"href":"https:\/\/archiv.siov.sk\/en\/wp-json\/wp\/v2\/posts\/21997","targetHints":{"allow":["GET"]}}],"collection":[{"href":"https:\/\/archiv.siov.sk\/en\/wp-json\/wp\/v2\/posts"}],"about":[{"href":"https:\/\/archiv.siov.sk\/en\/wp-json\/wp\/v2\/types\/post"}],"author":[{"embeddable":true,"href":"https:\/\/archiv.siov.sk\/en\/wp-json\/wp\/v2\/users\/6"}],"replies":[{"embeddable":true,"href":"https:\/\/archiv.siov.sk\/en\/wp-json\/wp\/v2\/comments?post=21997"}],"version-history":[{"count":5,"href":"https:\/\/archiv.siov.sk\/en\/wp-json\/wp\/v2\/posts\/21997\/revisions"}],"predecessor-version":[{"id":22040,"href":"https:\/\/archiv.siov.sk\/en\/wp-json\/wp\/v2\/posts\/21997\/revisions\/22040"}],"wp:featuredmedia":[{"embeddable":true,"href":"https:\/\/archiv.siov.sk\/en\/wp-json\/wp\/v2\/media\/21999"}],"wp:attachment":[{"href":"https:\/\/archiv.siov.sk\/en\/wp-json\/wp\/v2\/media?parent=21997"}],"wp:term":[{"taxonomy":"category","embeddable":true,"href":"https:\/\/archiv.siov.sk\/en\/wp-json\/wp\/v2\/categories?post=21997"},{"taxonomy":"post_tag","embeddable":true,"href":"https:\/\/archiv.siov.sk\/en\/wp-json\/wp\/v2\/tags?post=21997"}],"curies":[{"name":"wp","href":"https:\/\/api.w.org\/{rel}","templated":true}]}}