{"id":21967,"date":"2025-12-02T10:13:39","date_gmt":"2025-12-02T09:13:39","guid":{"rendered":"https:\/\/archiv.siov.sk\/?p=21967"},"modified":"2025-12-02T15:36:54","modified_gmt":"2025-12-02T14:36:54","slug":"jupov-2025-2026-je-otvoreny-minulorocni-vitazi-ktori-reprezentovali-slovensko-na-euroskills-prezradia-preco-sa-zapojit","status":"publish","type":"post","link":"https:\/\/archiv.siov.sk\/en\/jupov-2025-2026-je-otvoreny-minulorocni-vitazi-ktori-reprezentovali-slovensko-na-euroskills-prezradia-preco-sa-zapojit\/","title":{"rendered":"JUPOV 2025\/2026 je otvoren\u00fd \u2013 minuloro\u010dn\u00ed v\u00ed\u0165azi, ktor\u00ed reprezentovali Slovensko na EuroSkills, prezradia, pre\u010do sa zapoji\u0165"},"content":{"rendered":"<p><em>Minuloro\u010dn\u00ed v\u00ed\u0165azi Skills Slovakia &#8211; Podnikate\u013esk\u00e9 zru\u010dnosti v cvi\u010dnej firme \u2013\u00a0 JUPOV 2024\/2025, ktor\u00ed Slovensko reprezentovali na EuroSkills 2025 v D\u00e1nsku v kateg\u00f3rii Entrepreneurship\/Business Development, sa podelia o svoje sk\u00fasenosti a prezradia, pre\u010do sa oplat\u00ed zapoji\u0165 do s\u00fa\u0165a\u017ee.<\/em><\/p>\n<p>\u0160t\u00e1tny in\u0161tit\u00fat odborn\u00e9ho vzdel\u00e1vania s rados\u0165ou oznamuje, \u017ee <strong>nov\u00fd ro\u010dn\u00edk s\u00fa\u0165a\u017ee Skills Slovakia \u2013 Podnikate\u013esk\u00e9 zru\u010dnosti v cvi\u010dnej firme \u2013\u00a0JUPOV 2025\/2026 je otvoren\u00fd<\/strong>. \u017diaci stredn\u00fdch odborn\u00fdch \u0161k\u00f4l a pomaturitn\u00e9ho \u0161t\u00fadia, ktor\u00ed p\u00f4sobia v cvi\u010dn\u00fdch firm\u00e1ch, m\u00f4\u017eu za\u010da\u0165 prihlasova\u0165 svoje s\u00fa\u0165a\u017en\u00e9 pr\u00e1ce a uk\u00e1za\u0165 svoje podnikate\u013esk\u00e9 zru\u010dnosti.<\/p>\n<p><strong>Pre\u010do sa zapoji\u0165 do Skills Slovakia &#8211; Podnikate\u013esk\u00e9 zru\u010dnosti v cvi\u010dnej firme \u2013\u00a0 JUPOV 2025\/2026?<\/strong><\/p>\n<ul>\n<li><strong>Over\u00edte si svoje podnikate\u013esk\u00e9 zru\u010dnosti <\/strong>v bezpe\u010dnom prostred\u00ed cvi\u010dnej firmy.<\/li>\n<li><strong>Z\u00edskate cenn\u00fa sp\u00e4tn\u00fa v\u00e4zbu <\/strong>od odborn\u00edkov z praxe, ktor\u00e1 v\u00e1s posunie \u010falej.<\/li>\n<li><strong>M\u00e1te \u0161ancu reprezentova\u0165 svoju \u0161kolu a Slovensko <\/strong>na celo\u0161t\u00e1tnych \u010di medzin\u00e1rodn\u00fdch s\u00fa\u0165a\u017eiach.<\/li>\n<li><strong>Rozviniete kreativitu, marketingov\u00e9 schopnosti a t\u00edmov\u00fa spolupr\u00e1cu, <\/strong>ktor\u00e9 vyu\u017eijete aj vo svojej kari\u00e9re.<\/li>\n<\/ul>\n<p><iframe title=\"JUPOV 2025\/2026 je otvoren\u00fd\" src=\"https:\/\/www.youtube.com\/embed\/6SWZ4HgG1E4\" width=\"258\" height=\"515\" frameborder=\"0\" allowfullscreen=\"allowfullscreen\"><\/iframe><\/p>\n<p><strong>Prihlasovanie s\u00fa\u0165a\u017en\u00fdch pr\u00e1c<\/strong><\/p>\n<p>Do s\u00fa\u0165a\u017ee m\u00f4\u017eu \u0161koly a \u017eiaci prihl\u00e1si\u0165 svoje v\u00fdstupy pod\u013ea s\u00fa\u0165a\u017en\u00fdch pravidiel. S\u00fa\u0165a\u017en\u00e9 pr\u00e1ce je potrebn\u00e9 zasla\u0165 elektronicky na adresu <strong>sccf@siov.sk<\/strong>.<\/p>\n<p><strong>S\u00fa\u0165a\u017en\u00e9 kateg\u00f3rie a krit\u00e9ri\u00e1 hodnotenia Skills Slovakia &#8211; Podnikate\u013esk\u00e9 zru\u010dnosti v cvi\u010dnej firme &#8211; JUPOV 2025\/2026<\/strong><\/p>\n<p><strong>A) HLAVN\u00c1 KATEG\u00d3RIA<\/strong><\/p>\n<ol>\n<li><strong> Najlep\u0161\u00ed podnikate\u013esk\u00fd z\u00e1mer<\/strong><\/li>\n<\/ol>\n<p><strong>Popis:<\/strong> Podrobne spracovan\u00fd podnikate\u013esk\u00fd z\u00e1mer cvi\u010dnej firmy, vr\u00e1tane obchodn\u00e9ho modelu, cie\u013eov\u00e9ho trhu, marketingovej strat\u00e9gie a finan\u010dn\u00e9ho pl\u00e1nu.<br \/>\n<strong>S\u00fahrn krit\u00e9ri\u00ed hodnotenia <\/strong>(podrobnosti n\u00e1jdete v ofici\u00e1lnom s\u00fa\u0165a\u017enom poriadku s\u00fa\u0165a\u017ee Skills Slovakia Podnikate\u013esk\u00e9 zru\u010dnosti v Cvi\u010dnej firme &#8211; JUPOV):<\/p>\n<ul>\n<li>Originalita a inovat\u00edvnos\u0165 n\u00e1padu<\/li>\n<li>Re\u00e1lnos\u0165 a uskuto\u010dnite\u013enos\u0165 pl\u00e1nu<\/li>\n<li>Jasnos\u0165 a logick\u00e1 \u0161trukt\u00fara dokumentu<\/li>\n<li>Anal\u00fdza trhu a konkurencie<\/li>\n<li>Finan\u010dn\u00e9 pl\u00e1novanie a predpokladan\u00e1 ziskovos\u0165<\/li>\n<\/ul>\n<ol start=\"2\">\n<li><strong> Najlep\u0161ia e\u2011prezent\u00e1cia<\/strong><\/li>\n<\/ol>\n<p><strong>Popis:<\/strong> Elektronick\u00e1 prezent\u00e1cia, ktor\u00e1 predstav\u00ed firmu, jej produkty alebo slu\u017eby, biznis koncept a marketing.<br \/>\n<strong>S\u00fahrn krit\u00e9ri\u00ed hodnotenia <\/strong>(podrobnosti n\u00e1jdete v ofici\u00e1lnom s\u00fa\u0165a\u017enom poriadku s\u00fa\u0165a\u017ee Skills Slovakia Podnikate\u013esk\u00e9 zru\u010dnosti v Cvi\u010dnej firme &#8211; JUPOV):<\/p>\n<ul>\n<li>Preh\u013eadnos\u0165 a zrozumite\u013enos\u0165 prezent\u00e1cie<\/li>\n<li>Kreat\u00edvne vizu\u00e1lne spracovanie<\/li>\n<li>Obsahov\u00e1 hodnota a relevantnos\u0165 inform\u00e1ci\u00ed<\/li>\n<li>Schopnos\u0165 zauja\u0165 a presved\u010di\u0165 publikum<\/li>\n<\/ul>\n<p><strong>B) TVORIV\u00c1 KATEG\u00d3RIA<\/strong><\/p>\n<ol>\n<li><strong> Najlep\u0161ie logo so sloganom<\/strong><\/li>\n<\/ol>\n<p><strong>Popis:<\/strong> Grafick\u00e1 identita firmy \u2013 origin\u00e1lne logo spolu s vhodn\u00fdm sloganom.<br \/>\n<strong>S\u00fahrn krit\u00e9ri\u00ed hodnotenia <\/strong>(podrobnosti n\u00e1jdete v ofici\u00e1lnom s\u00fa\u0165a\u017enom poriadku s\u00fa\u0165a\u017ee Skills Slovakia Podnikate\u013esk\u00e9 zru\u010dnosti v Cvi\u010dnej firme &#8211; JUPOV):<\/p>\n<ul>\n<li>Originalita a vizu\u00e1lna pr\u00ed\u0165a\u017elivos\u0165<\/li>\n<li>S\u00falad loga a sloganu s charakterom firmy<\/li>\n<li>Zapam\u00e4tate\u013enos\u0165 a jedine\u010dnos\u0165<\/li>\n<li>Profesion\u00e1lna grafick\u00e1 \u00faprava<\/li>\n<\/ul>\n<ol start=\"2\">\n<li><strong> Najlep\u0161\u00ed komer\u010dn\u00fd reklamn\u00fd post pre soci\u00e1lne siete<\/strong><\/li>\n<\/ol>\n<p><strong>Popis:<\/strong> Kreat\u00edvny marketingov\u00fd post ur\u010den\u00fd pre soci\u00e1lne siete, ktor\u00fd propaguje firmu a jej produkty alebo slu\u017eby.<br \/>\n<strong>S\u00fahrn krit\u00e9ri\u00ed hodnotenia <\/strong>(podrobnosti n\u00e1jdete v ofici\u00e1lnom s\u00fa\u0165a\u017enom poriadku s\u00fa\u0165a\u017ee Skills Slovakia Podnikate\u013esk\u00e9 zru\u010dnosti v Cvi\u010dnej firme &#8211; JUPOV):<\/p>\n<ul>\n<li>Kreativita a originalita kampane<\/li>\n<li>Vizu\u00e1lne a textov\u00e9 spracovanie<\/li>\n<li>Relevancia pre cie\u013eov\u00fa skupinu<\/li>\n<li>Potenci\u00e1l zauja\u0165 a interagova\u0165 s publikom<\/li>\n<\/ul>\n<ol start=\"3\">\n<li><strong> Najlep\u0161ia webov\u00e1 str\u00e1nka<\/strong><\/li>\n<\/ol>\n<p><strong>Popis:<\/strong> Webov\u00e1 prezent\u00e1cia firmy alebo internetov\u00fd obchod \/ katal\u00f3g produktov\/slu\u017eieb.<br \/>\n<strong>S\u00fahrn krit\u00e9ri\u00ed hodnotenia <\/strong>(podrobnosti n\u00e1jdete v ofici\u00e1lnom s\u00fa\u0165a\u017enom poriadku s\u00fa\u0165a\u017ee Skills Slovakia Podnikate\u013esk\u00e9 zru\u010dnosti v Cvi\u010dnej firme &#8211; JUPOV):<\/p>\n<ul>\n<li>Funk\u010dnos\u0165 a technick\u00e1 kvalita webu<\/li>\n<li>Dizajn a vizu\u00e1lna pr\u00ed\u0165a\u017elivos\u0165<\/li>\n<li>Preh\u013eadnos\u0165 a pou\u017e\u00edvate\u013esk\u00e1 pr\u00edvetivos\u0165<\/li>\n<li>Obsahov\u00e1 hodnota a aktu\u00e1lnos\u0165 inform\u00e1ci\u00ed<\/li>\n<li>Inovat\u00edvne rie\u0161enia (napr. interaktivita, online n\u00e1stroje)<\/li>\n<\/ul>\n<ol start=\"4\">\n<li><strong> Najlep\u0161\u00ed reklamn\u00fd spot (audio\u2011vizu\u00e1lne m\u00e9dium)<\/strong><\/li>\n<\/ol>\n<p><strong>Popis:<\/strong> Kr\u00e1tke video\u2011promo predstavuj\u00face firmu a jej produkty alebo slu\u017eby.<br \/>\n<strong>S\u00fahrn krit\u00e9ri\u00ed hodnotenia <\/strong>(podrobnosti n\u00e1jdete v ofici\u00e1lnom s\u00fa\u0165a\u017enom poriadku s\u00fa\u0165a\u017ee Skills Slovakia Podnikate\u013esk\u00e9 zru\u010dnosti v Cvi\u010dnej firme &#8211; JUPOV):<\/p>\n<ul>\n<li>Kreativita a originalita scen\u00e1ra<\/li>\n<li>Technick\u00e1 kvalita audio a video spracovania<\/li>\n<li>Schopnos\u0165 zauja\u0165 a odkomunikova\u0165 hlavn\u00fd odkaz<\/li>\n<li>Koherencia a profesion\u00e1lna \u00faprava videa<\/li>\n<\/ul>\n<p><em>(Pozn\u00e1mka: Z jednej \u0161koly m\u00f4\u017eu s\u00fa\u0165a\u017ei\u0165 maxim\u00e1lne dva s\u00fa\u0165a\u017en\u00e9 t\u00edmy; kateg\u00f3rie sa vyhodnocuj\u00fa samostatne.)<\/em><\/p>\n<p><strong>D\u00f4le\u017eit\u00e9 term\u00edny<\/strong><\/p>\n<ul>\n<li><strong>do 20. marca 2026<\/strong> \u2013 \u0161kolsk\u00e9 kol\u00e1,<\/li>\n<li><strong>do 31. marca 2026<\/strong> \u2013 odoslanie s\u00fa\u0165a\u017en\u00fdch podkladov do celo\u0161t\u00e1tneho kola,<\/li>\n<li><strong>do 15. m\u00e1ja 2026 \u2013 <\/strong>prebehne hodnotenie a v\u00fdber finalistov.<\/li>\n<\/ul>\n<p><strong>Fin\u00e1le 2025\/2026<\/strong><\/p>\n<p>Celo\u0161t\u00e1tne fin\u00e1le sa uskuto\u010dn\u00ed <strong>9. j\u00fana 2026<\/strong> vo vzdel\u00e1vacom stredisku <strong>Kia Slovakia v Gbe\u013eanoch<\/strong>. Finalisti predstavia svoje podnikate\u013esk\u00e9 rie\u0161enia pred odbornou porotou.<\/p>\n<p><strong>Poslanie s\u00fa\u0165a\u017ee<\/strong><\/p>\n<p>Cie\u013eom JUPOV je podporova\u0165 podnikavos\u0165, kreativitu, prezent\u00e1ciu, finan\u010dn\u00fa gramotnos\u0165 a realistick\u00e9 pl\u00e1novanie v prostred\u00ed cvi\u010dnej firmy. S\u00fa\u0165a\u017e d\u00e1va \u017eiakom jedine\u010dn\u00fa pr\u00edle\u017eitos\u0165 z\u00edska\u0165 sp\u00e4tn\u00fa v\u00e4zbu od odborn\u00edkov z praxe a porovna\u0165 svoje zru\u010dnosti s ostatn\u00fdmi \u0161kolami.<\/p>\n<p><strong>Dokumenty a viac inform\u00e1ci\u00ed<\/strong><\/p>\n<p>V\u0161etky detailn\u00e9 inform\u00e1cie, metodick\u00e9 materi\u00e1ly a podmienky s\u00fa\u0165a\u017ee n\u00e1jdete <a href=\"https:\/\/sites.google.com\/view\/sccf\/medzin%C3%A1rodn%C3%BD-ve%C4%BEtrh-cf\/skills-slovakia-jupov?authuser=0\" target=\"_blank\" rel=\"noopener\">na str\u00e1nke SCCF<\/a><\/p>","protected":false},"excerpt":{"rendered":"<p>Minuloro\u010dn\u00ed v\u00ed\u0165azi Skills Slovakia &#8211; Podnikate\u013esk\u00e9 zru\u010dnosti v cvi\u010dnej firme \u2013\u00a0 JUPOV 2024\/2025, ktor\u00ed Slovensko reprezentovali na EuroSkills 2025 v D\u00e1nsku v kateg\u00f3rii Entrepreneurship\/Business Development, sa podelia o svoje sk\u00fasenosti a prezradia, pre\u010do sa oplat\u00ed zapoji\u0165 do s\u00fa\u0165a\u017ee. \u0160t\u00e1tny in\u0161tit\u00fat odborn\u00e9ho vzdel\u00e1vania s rados\u0165ou oznamuje, \u017ee nov\u00fd ro\u010dn\u00edk s\u00fa\u0165a\u017ee Skills Slovakia \u2013 Podnikate\u013esk\u00e9 zru\u010dnosti v [&hellip;]<\/p>\n","protected":false},"author":11,"featured_media":21969,"comment_status":"closed","ping_status":"closed","sticky":false,"template":"","format":"standard","meta":{"site-sidebar-layout":"default","site-content-layout":"","ast-site-content-layout":"default","site-content-style":"default","site-sidebar-style":"default","ast-global-header-display":"","ast-banner-title-visibility":"","ast-main-header-display":"","ast-hfb-above-header-display":"","ast-hfb-below-header-display":"","ast-hfb-mobile-header-display":"","site-post-title":"","ast-breadcrumbs-content":"","ast-featured-img":"","footer-sml-layout":"","ast-disable-related-posts":"","theme-transparent-header-meta":"default","adv-header-id-meta":"","stick-header-meta":"default","header-above-stick-meta":"","header-main-stick-meta":"","header-below-stick-meta":"","astra-migrate-meta-layouts":"set","ast-page-background-enabled":"default","ast-page-background-meta":{"desktop":{"background-color":"var(--ast-global-color-4)","background-image":"","background-repeat":"repeat","background-position":"center center","background-size":"auto","background-attachment":"scroll","background-type":"","background-media":"","overlay-type":"","overlay-color":"","overlay-opacity":"","overlay-gradient":""},"tablet":{"background-color":"","background-image":"","background-repeat":"repeat","background-position":"center center","background-size":"auto","background-attachment":"scroll","background-type":"","background-media":"","overlay-type":"","overlay-color":"","overlay-opacity":"","overlay-gradient":""},"mobile":{"background-color":"","background-image":"","background-repeat":"repeat","background-position":"center center","background-size":"auto","background-attachment":"scroll","background-type":"","background-media":"","overlay-type":"","overlay-color":"","overlay-opacity":"","overlay-gradient":""}},"ast-content-background-meta":{"desktop":{"background-color":"var(--ast-global-color-5)","background-image":"","background-repeat":"repeat","background-position":"center center","background-size":"auto","background-attachment":"scroll","background-type":"","background-media":"","overlay-type":"","overlay-color":"","overlay-opacity":"","overlay-gradient":""},"tablet":{"background-color":"var(--ast-global-color-5)","background-image":"","background-repeat":"repeat","background-position":"center center","background-size":"auto","background-attachment":"scroll","background-type":"","background-media":"","overlay-type":"","overlay-color":"","overlay-opacity":"","overlay-gradient":""},"mobile":{"background-color":"var(--ast-global-color-5)","background-image":"","background-repeat":"repeat","background-position":"center center","background-size":"auto","background-attachment":"scroll","background-type":"","background-media":"","overlay-type":"","overlay-color":"","overlay-opacity":"","overlay-gradient":""}},"footnotes":""},"categories":[1],"tags":[],"class_list":["post-21967","post","type-post","status-publish","format-standard","has-post-thumbnail","hentry","category-aktuality"],"yoast_head":"<!-- This site is optimized with the Yoast SEO plugin v27.5 - https:\/\/yoast.com\/product\/yoast-seo-wordpress\/ -->\n<title>JUPOV 2025\/2026 je otvoren\u00fd \u2013 minuloro\u010dn\u00ed v\u00ed\u0165azi, ktor\u00ed reprezentovali Slovensko na EuroSkills, prezradia, pre\u010do sa zapoji\u0165 - \u0160IOV - \u0161t\u00e1tny in\u0161tit\u00fat odborn\u00e9ho vzdel\u00e1vania<\/title>\n<meta name=\"robots\" content=\"index, follow, max-snippet:-1, max-image-preview:large, max-video-preview:-1\" \/>\n<link rel=\"canonical\" href=\"https:\/\/archiv.siov.sk\/en\/jupov-2025-2026-je-otvoreny-minulorocni-vitazi-ktori-reprezentovali-slovensko-na-euroskills-prezradia-preco-sa-zapojit\/\" \/>\n<meta property=\"og:locale\" content=\"en_GB\" \/>\n<meta property=\"og:type\" content=\"article\" \/>\n<meta property=\"og:title\" content=\"JUPOV 2025\/2026 je otvoren\u00fd \u2013 minuloro\u010dn\u00ed v\u00ed\u0165azi, ktor\u00ed reprezentovali Slovensko na EuroSkills, prezradia, pre\u010do sa zapoji\u0165 - \u0160IOV - \u0161t\u00e1tny in\u0161tit\u00fat odborn\u00e9ho vzdel\u00e1vania\" \/>\n<meta property=\"og:description\" content=\"Minuloro\u010dn\u00ed v\u00ed\u0165azi Skills Slovakia &#8211; Podnikate\u013esk\u00e9 zru\u010dnosti v cvi\u010dnej firme \u2013\u00a0 JUPOV 2024\/2025, ktor\u00ed Slovensko reprezentovali na EuroSkills 2025 v D\u00e1nsku v kateg\u00f3rii Entrepreneurship\/Business Development, sa podelia o svoje sk\u00fasenosti a prezradia, pre\u010do sa oplat\u00ed zapoji\u0165 do s\u00fa\u0165a\u017ee. \u0160t\u00e1tny in\u0161tit\u00fat odborn\u00e9ho vzdel\u00e1vania s rados\u0165ou oznamuje, \u017ee nov\u00fd ro\u010dn\u00edk s\u00fa\u0165a\u017ee Skills Slovakia \u2013 Podnikate\u013esk\u00e9 zru\u010dnosti v [&hellip;]\" \/>\n<meta property=\"og:url\" content=\"https:\/\/archiv.siov.sk\/en\/jupov-2025-2026-je-otvoreny-minulorocni-vitazi-ktori-reprezentovali-slovensko-na-euroskills-prezradia-preco-sa-zapojit\/\" \/>\n<meta property=\"og:site_name\" content=\"\u0160IOV - \u0161t\u00e1tny in\u0161tit\u00fat odborn\u00e9ho vzdel\u00e1vania\" \/>\n<meta property=\"article:publisher\" content=\"https:\/\/www.facebook.com\/Statnyinstitutodbornehovzdelavania\" \/>\n<meta property=\"article:published_time\" content=\"2025-12-02T09:13:39+00:00\" \/>\n<meta property=\"article:modified_time\" content=\"2025-12-02T14:36:54+00:00\" \/>\n<meta property=\"og:image\" content=\"https:\/\/archiv.siov.sk\/wp-content\/uploads\/2025\/12\/plagat-CF-scaled.jpg\" \/>\n\t<meta property=\"og:image:width\" content=\"2560\" \/>\n\t<meta property=\"og:image:height\" content=\"1808\" \/>\n\t<meta property=\"og:image:type\" content=\"image\/jpeg\" \/>\n<meta name=\"author\" content=\"Sylvia Hamadejova\" \/>\n<meta name=\"twitter:card\" content=\"summary_large_image\" \/>\n<meta name=\"twitter:label1\" content=\"Written by\" \/>\n\t<meta name=\"twitter:data1\" content=\"Sylvia Hamadejova\" \/>\n\t<meta name=\"twitter:label2\" content=\"Estimated reading time\" \/>\n\t<meta name=\"twitter:data2\" content=\"4 minutes\" \/>\n<script type=\"application\/ld+json\" class=\"yoast-schema-graph\">{\"@context\":\"https:\\\/\\\/schema.org\",\"@graph\":[{\"@type\":\"Article\",\"@id\":\"https:\\\/\\\/archiv.siov.sk\\\/en\\\/jupov-2025-2026-je-otvoreny-minulorocni-vitazi-ktori-reprezentovali-slovensko-na-euroskills-prezradia-preco-sa-zapojit\\\/#article\",\"isPartOf\":{\"@id\":\"https:\\\/\\\/archiv.siov.sk\\\/en\\\/jupov-2025-2026-je-otvoreny-minulorocni-vitazi-ktori-reprezentovali-slovensko-na-euroskills-prezradia-preco-sa-zapojit\\\/\"},\"author\":{\"name\":\"Sylvia Hamadejova\",\"@id\":\"https:\\\/\\\/archiv.siov.sk\\\/#\\\/schema\\\/person\\\/70de33c3c88facac4a386ef06f733b92\"},\"headline\":\"JUPOV 2025\\\/2026 je otvoren\u00fd \u2013 minuloro\u010dn\u00ed v\u00ed\u0165azi, ktor\u00ed reprezentovali Slovensko na EuroSkills, prezradia, pre\u010do sa zapoji\u0165\",\"datePublished\":\"2025-12-02T09:13:39+00:00\",\"dateModified\":\"2025-12-02T14:36:54+00:00\",\"mainEntityOfPage\":{\"@id\":\"https:\\\/\\\/archiv.siov.sk\\\/en\\\/jupov-2025-2026-je-otvoreny-minulorocni-vitazi-ktori-reprezentovali-slovensko-na-euroskills-prezradia-preco-sa-zapojit\\\/\"},\"wordCount\":941,\"publisher\":{\"@id\":\"https:\\\/\\\/archiv.siov.sk\\\/#organization\"},\"image\":{\"@id\":\"https:\\\/\\\/archiv.siov.sk\\\/en\\\/jupov-2025-2026-je-otvoreny-minulorocni-vitazi-ktori-reprezentovali-slovensko-na-euroskills-prezradia-preco-sa-zapojit\\\/#primaryimage\"},\"thumbnailUrl\":\"https:\\\/\\\/archiv.siov.sk\\\/wp-content\\\/uploads\\\/2025\\\/12\\\/plagat-CF-scaled.jpg\",\"articleSection\":[\"Aktuality\"],\"inLanguage\":\"en-GB\"},{\"@type\":\"WebPage\",\"@id\":\"https:\\\/\\\/archiv.siov.sk\\\/en\\\/jupov-2025-2026-je-otvoreny-minulorocni-vitazi-ktori-reprezentovali-slovensko-na-euroskills-prezradia-preco-sa-zapojit\\\/\",\"url\":\"https:\\\/\\\/archiv.siov.sk\\\/en\\\/jupov-2025-2026-je-otvoreny-minulorocni-vitazi-ktori-reprezentovali-slovensko-na-euroskills-prezradia-preco-sa-zapojit\\\/\",\"name\":\"JUPOV 2025\\\/2026 je otvoren\u00fd \u2013 minuloro\u010dn\u00ed v\u00ed\u0165azi, ktor\u00ed reprezentovali Slovensko na EuroSkills, prezradia, pre\u010do sa zapoji\u0165 - \u0160IOV - \u0161t\u00e1tny in\u0161tit\u00fat odborn\u00e9ho vzdel\u00e1vania\",\"isPartOf\":{\"@id\":\"https:\\\/\\\/archiv.siov.sk\\\/#website\"},\"primaryImageOfPage\":{\"@id\":\"https:\\\/\\\/archiv.siov.sk\\\/en\\\/jupov-2025-2026-je-otvoreny-minulorocni-vitazi-ktori-reprezentovali-slovensko-na-euroskills-prezradia-preco-sa-zapojit\\\/#primaryimage\"},\"image\":{\"@id\":\"https:\\\/\\\/archiv.siov.sk\\\/en\\\/jupov-2025-2026-je-otvoreny-minulorocni-vitazi-ktori-reprezentovali-slovensko-na-euroskills-prezradia-preco-sa-zapojit\\\/#primaryimage\"},\"thumbnailUrl\":\"https:\\\/\\\/archiv.siov.sk\\\/wp-content\\\/uploads\\\/2025\\\/12\\\/plagat-CF-scaled.jpg\",\"datePublished\":\"2025-12-02T09:13:39+00:00\",\"dateModified\":\"2025-12-02T14:36:54+00:00\",\"breadcrumb\":{\"@id\":\"https:\\\/\\\/archiv.siov.sk\\\/en\\\/jupov-2025-2026-je-otvoreny-minulorocni-vitazi-ktori-reprezentovali-slovensko-na-euroskills-prezradia-preco-sa-zapojit\\\/#breadcrumb\"},\"inLanguage\":\"en-GB\",\"potentialAction\":[{\"@type\":\"ReadAction\",\"target\":[\"https:\\\/\\\/archiv.siov.sk\\\/en\\\/jupov-2025-2026-je-otvoreny-minulorocni-vitazi-ktori-reprezentovali-slovensko-na-euroskills-prezradia-preco-sa-zapojit\\\/\"]}]},{\"@type\":\"ImageObject\",\"inLanguage\":\"en-GB\",\"@id\":\"https:\\\/\\\/archiv.siov.sk\\\/en\\\/jupov-2025-2026-je-otvoreny-minulorocni-vitazi-ktori-reprezentovali-slovensko-na-euroskills-prezradia-preco-sa-zapojit\\\/#primaryimage\",\"url\":\"https:\\\/\\\/archiv.siov.sk\\\/wp-content\\\/uploads\\\/2025\\\/12\\\/plagat-CF-scaled.jpg\",\"contentUrl\":\"https:\\\/\\\/archiv.siov.sk\\\/wp-content\\\/uploads\\\/2025\\\/12\\\/plagat-CF-scaled.jpg\",\"width\":2560,\"height\":1808},{\"@type\":\"BreadcrumbList\",\"@id\":\"https:\\\/\\\/archiv.siov.sk\\\/en\\\/jupov-2025-2026-je-otvoreny-minulorocni-vitazi-ktori-reprezentovali-slovensko-na-euroskills-prezradia-preco-sa-zapojit\\\/#breadcrumb\",\"itemListElement\":[{\"@type\":\"ListItem\",\"position\":1,\"name\":\"Home\",\"item\":\"https:\\\/\\\/archiv.siov.sk\\\/\"},{\"@type\":\"ListItem\",\"position\":2,\"name\":\"JUPOV 2025\\\/2026 je otvoren\u00fd \u2013 minuloro\u010dn\u00ed v\u00ed\u0165azi, ktor\u00ed reprezentovali Slovensko na EuroSkills, prezradia, pre\u010do sa zapoji\u0165\"}]},{\"@type\":\"WebSite\",\"@id\":\"https:\\\/\\\/archiv.siov.sk\\\/#website\",\"url\":\"https:\\\/\\\/archiv.siov.sk\\\/\",\"name\":\"\u0160IOV - \u0161t\u00e1tny in\u0161tit\u00fat odborn\u00e9ho vzdel\u00e1vania\",\"description\":\"\",\"publisher\":{\"@id\":\"https:\\\/\\\/archiv.siov.sk\\\/#organization\"},\"potentialAction\":[{\"@type\":\"SearchAction\",\"target\":{\"@type\":\"EntryPoint\",\"urlTemplate\":\"https:\\\/\\\/archiv.siov.sk\\\/?s={search_term_string}\"},\"query-input\":{\"@type\":\"PropertyValueSpecification\",\"valueRequired\":true,\"valueName\":\"search_term_string\"}}],\"inLanguage\":\"en-GB\"},{\"@type\":\"Organization\",\"@id\":\"https:\\\/\\\/archiv.siov.sk\\\/#organization\",\"name\":\"\u0160IOV - \u0161t\u00e1tny in\u0161tit\u00fat odborn\u00e9ho vzdel\u00e1vania\",\"url\":\"https:\\\/\\\/archiv.siov.sk\\\/\",\"logo\":{\"@type\":\"ImageObject\",\"inLanguage\":\"en-GB\",\"@id\":\"https:\\\/\\\/archiv.siov.sk\\\/#\\\/schema\\\/logo\\\/image\\\/\",\"url\":\"https:\\\/\\\/archiv.siov.sk\\\/wp-content\\\/uploads\\\/2024\\\/02\\\/logo-SIOV.png\",\"contentUrl\":\"https:\\\/\\\/archiv.siov.sk\\\/wp-content\\\/uploads\\\/2024\\\/02\\\/logo-SIOV.png\",\"width\":431,\"height\":143,\"caption\":\"\u0160IOV - \u0161t\u00e1tny in\u0161tit\u00fat odborn\u00e9ho vzdel\u00e1vania\"},\"image\":{\"@id\":\"https:\\\/\\\/archiv.siov.sk\\\/#\\\/schema\\\/logo\\\/image\\\/\"},\"sameAs\":[\"https:\\\/\\\/www.facebook.com\\\/Statnyinstitutodbornehovzdelavania\"]},{\"@type\":\"Person\",\"@id\":\"https:\\\/\\\/archiv.siov.sk\\\/#\\\/schema\\\/person\\\/70de33c3c88facac4a386ef06f733b92\",\"name\":\"Sylvia Hamadejova\",\"url\":\"https:\\\/\\\/archiv.siov.sk\\\/en\\\/author\\\/hamadejovas\\\/\"}]}<\/script>\n<!-- \/ Yoast SEO plugin. -->","yoast_head_json":{"title":"JUPOV 2025\/2026 je otvoren\u00fd \u2013 minuloro\u010dn\u00ed v\u00ed\u0165azi, ktor\u00ed reprezentovali Slovensko na EuroSkills, prezradia, pre\u010do sa zapoji\u0165 - \u0160IOV - \u0161t\u00e1tny in\u0161tit\u00fat odborn\u00e9ho vzdel\u00e1vania","robots":{"index":"index","follow":"follow","max-snippet":"max-snippet:-1","max-image-preview":"max-image-preview:large","max-video-preview":"max-video-preview:-1"},"canonical":"https:\/\/archiv.siov.sk\/en\/jupov-2025-2026-je-otvoreny-minulorocni-vitazi-ktori-reprezentovali-slovensko-na-euroskills-prezradia-preco-sa-zapojit\/","og_locale":"en_GB","og_type":"article","og_title":"JUPOV 2025\/2026 je otvoren\u00fd \u2013 minuloro\u010dn\u00ed v\u00ed\u0165azi, ktor\u00ed reprezentovali Slovensko na EuroSkills, prezradia, pre\u010do sa zapoji\u0165 - \u0160IOV - \u0161t\u00e1tny in\u0161tit\u00fat odborn\u00e9ho vzdel\u00e1vania","og_description":"Minuloro\u010dn\u00ed v\u00ed\u0165azi Skills Slovakia &#8211; Podnikate\u013esk\u00e9 zru\u010dnosti v cvi\u010dnej firme \u2013\u00a0 JUPOV 2024\/2025, ktor\u00ed Slovensko reprezentovali na EuroSkills 2025 v D\u00e1nsku v kateg\u00f3rii Entrepreneurship\/Business Development, sa podelia o svoje sk\u00fasenosti a prezradia, pre\u010do sa oplat\u00ed zapoji\u0165 do s\u00fa\u0165a\u017ee. \u0160t\u00e1tny in\u0161tit\u00fat odborn\u00e9ho vzdel\u00e1vania s rados\u0165ou oznamuje, \u017ee nov\u00fd ro\u010dn\u00edk s\u00fa\u0165a\u017ee Skills Slovakia \u2013 Podnikate\u013esk\u00e9 zru\u010dnosti v [&hellip;]","og_url":"https:\/\/archiv.siov.sk\/en\/jupov-2025-2026-je-otvoreny-minulorocni-vitazi-ktori-reprezentovali-slovensko-na-euroskills-prezradia-preco-sa-zapojit\/","og_site_name":"\u0160IOV - \u0161t\u00e1tny in\u0161tit\u00fat odborn\u00e9ho vzdel\u00e1vania","article_publisher":"https:\/\/www.facebook.com\/Statnyinstitutodbornehovzdelavania","article_published_time":"2025-12-02T09:13:39+00:00","article_modified_time":"2025-12-02T14:36:54+00:00","og_image":[{"width":2560,"height":1808,"url":"https:\/\/archiv.siov.sk\/wp-content\/uploads\/2025\/12\/plagat-CF-scaled.jpg","type":"image\/jpeg"}],"author":"Sylvia Hamadejova","twitter_card":"summary_large_image","twitter_misc":{"Written by":"Sylvia Hamadejova","Estimated reading time":"4 minutes"},"schema":{"@context":"https:\/\/schema.org","@graph":[{"@type":"Article","@id":"https:\/\/archiv.siov.sk\/en\/jupov-2025-2026-je-otvoreny-minulorocni-vitazi-ktori-reprezentovali-slovensko-na-euroskills-prezradia-preco-sa-zapojit\/#article","isPartOf":{"@id":"https:\/\/archiv.siov.sk\/en\/jupov-2025-2026-je-otvoreny-minulorocni-vitazi-ktori-reprezentovali-slovensko-na-euroskills-prezradia-preco-sa-zapojit\/"},"author":{"name":"Sylvia Hamadejova","@id":"https:\/\/archiv.siov.sk\/#\/schema\/person\/70de33c3c88facac4a386ef06f733b92"},"headline":"JUPOV 2025\/2026 je otvoren\u00fd \u2013 minuloro\u010dn\u00ed v\u00ed\u0165azi, ktor\u00ed reprezentovali Slovensko na EuroSkills, prezradia, pre\u010do sa zapoji\u0165","datePublished":"2025-12-02T09:13:39+00:00","dateModified":"2025-12-02T14:36:54+00:00","mainEntityOfPage":{"@id":"https:\/\/archiv.siov.sk\/en\/jupov-2025-2026-je-otvoreny-minulorocni-vitazi-ktori-reprezentovali-slovensko-na-euroskills-prezradia-preco-sa-zapojit\/"},"wordCount":941,"publisher":{"@id":"https:\/\/archiv.siov.sk\/#organization"},"image":{"@id":"https:\/\/archiv.siov.sk\/en\/jupov-2025-2026-je-otvoreny-minulorocni-vitazi-ktori-reprezentovali-slovensko-na-euroskills-prezradia-preco-sa-zapojit\/#primaryimage"},"thumbnailUrl":"https:\/\/archiv.siov.sk\/wp-content\/uploads\/2025\/12\/plagat-CF-scaled.jpg","articleSection":["Aktuality"],"inLanguage":"en-GB"},{"@type":"WebPage","@id":"https:\/\/archiv.siov.sk\/en\/jupov-2025-2026-je-otvoreny-minulorocni-vitazi-ktori-reprezentovali-slovensko-na-euroskills-prezradia-preco-sa-zapojit\/","url":"https:\/\/archiv.siov.sk\/en\/jupov-2025-2026-je-otvoreny-minulorocni-vitazi-ktori-reprezentovali-slovensko-na-euroskills-prezradia-preco-sa-zapojit\/","name":"JUPOV 2025\/2026 je otvoren\u00fd \u2013 minuloro\u010dn\u00ed v\u00ed\u0165azi, ktor\u00ed reprezentovali Slovensko na EuroSkills, prezradia, pre\u010do sa zapoji\u0165 - \u0160IOV - \u0161t\u00e1tny in\u0161tit\u00fat odborn\u00e9ho vzdel\u00e1vania","isPartOf":{"@id":"https:\/\/archiv.siov.sk\/#website"},"primaryImageOfPage":{"@id":"https:\/\/archiv.siov.sk\/en\/jupov-2025-2026-je-otvoreny-minulorocni-vitazi-ktori-reprezentovali-slovensko-na-euroskills-prezradia-preco-sa-zapojit\/#primaryimage"},"image":{"@id":"https:\/\/archiv.siov.sk\/en\/jupov-2025-2026-je-otvoreny-minulorocni-vitazi-ktori-reprezentovali-slovensko-na-euroskills-prezradia-preco-sa-zapojit\/#primaryimage"},"thumbnailUrl":"https:\/\/archiv.siov.sk\/wp-content\/uploads\/2025\/12\/plagat-CF-scaled.jpg","datePublished":"2025-12-02T09:13:39+00:00","dateModified":"2025-12-02T14:36:54+00:00","breadcrumb":{"@id":"https:\/\/archiv.siov.sk\/en\/jupov-2025-2026-je-otvoreny-minulorocni-vitazi-ktori-reprezentovali-slovensko-na-euroskills-prezradia-preco-sa-zapojit\/#breadcrumb"},"inLanguage":"en-GB","potentialAction":[{"@type":"ReadAction","target":["https:\/\/archiv.siov.sk\/en\/jupov-2025-2026-je-otvoreny-minulorocni-vitazi-ktori-reprezentovali-slovensko-na-euroskills-prezradia-preco-sa-zapojit\/"]}]},{"@type":"ImageObject","inLanguage":"en-GB","@id":"https:\/\/archiv.siov.sk\/en\/jupov-2025-2026-je-otvoreny-minulorocni-vitazi-ktori-reprezentovali-slovensko-na-euroskills-prezradia-preco-sa-zapojit\/#primaryimage","url":"https:\/\/archiv.siov.sk\/wp-content\/uploads\/2025\/12\/plagat-CF-scaled.jpg","contentUrl":"https:\/\/archiv.siov.sk\/wp-content\/uploads\/2025\/12\/plagat-CF-scaled.jpg","width":2560,"height":1808},{"@type":"BreadcrumbList","@id":"https:\/\/archiv.siov.sk\/en\/jupov-2025-2026-je-otvoreny-minulorocni-vitazi-ktori-reprezentovali-slovensko-na-euroskills-prezradia-preco-sa-zapojit\/#breadcrumb","itemListElement":[{"@type":"ListItem","position":1,"name":"Home","item":"https:\/\/archiv.siov.sk\/"},{"@type":"ListItem","position":2,"name":"JUPOV 2025\/2026 je otvoren\u00fd \u2013 minuloro\u010dn\u00ed v\u00ed\u0165azi, ktor\u00ed reprezentovali Slovensko na EuroSkills, prezradia, pre\u010do sa zapoji\u0165"}]},{"@type":"WebSite","@id":"https:\/\/archiv.siov.sk\/#website","url":"https:\/\/archiv.siov.sk\/","name":"\u0160IOV - \u0161t\u00e1tny in\u0161tit\u00fat odborn\u00e9ho vzdel\u00e1vania","description":"","publisher":{"@id":"https:\/\/archiv.siov.sk\/#organization"},"potentialAction":[{"@type":"SearchAction","target":{"@type":"EntryPoint","urlTemplate":"https:\/\/archiv.siov.sk\/?s={search_term_string}"},"query-input":{"@type":"PropertyValueSpecification","valueRequired":true,"valueName":"search_term_string"}}],"inLanguage":"en-GB"},{"@type":"Organization","@id":"https:\/\/archiv.siov.sk\/#organization","name":"\u0160IOV - \u0161t\u00e1tny in\u0161tit\u00fat odborn\u00e9ho vzdel\u00e1vania","url":"https:\/\/archiv.siov.sk\/","logo":{"@type":"ImageObject","inLanguage":"en-GB","@id":"https:\/\/archiv.siov.sk\/#\/schema\/logo\/image\/","url":"https:\/\/archiv.siov.sk\/wp-content\/uploads\/2024\/02\/logo-SIOV.png","contentUrl":"https:\/\/archiv.siov.sk\/wp-content\/uploads\/2024\/02\/logo-SIOV.png","width":431,"height":143,"caption":"\u0160IOV - \u0161t\u00e1tny in\u0161tit\u00fat odborn\u00e9ho vzdel\u00e1vania"},"image":{"@id":"https:\/\/archiv.siov.sk\/#\/schema\/logo\/image\/"},"sameAs":["https:\/\/www.facebook.com\/Statnyinstitutodbornehovzdelavania"]},{"@type":"Person","@id":"https:\/\/archiv.siov.sk\/#\/schema\/person\/70de33c3c88facac4a386ef06f733b92","name":"Sylvia Hamadejova","url":"https:\/\/archiv.siov.sk\/en\/author\/hamadejovas\/"}]}},"_links":{"self":[{"href":"https:\/\/archiv.siov.sk\/en\/wp-json\/wp\/v2\/posts\/21967","targetHints":{"allow":["GET"]}}],"collection":[{"href":"https:\/\/archiv.siov.sk\/en\/wp-json\/wp\/v2\/posts"}],"about":[{"href":"https:\/\/archiv.siov.sk\/en\/wp-json\/wp\/v2\/types\/post"}],"author":[{"embeddable":true,"href":"https:\/\/archiv.siov.sk\/en\/wp-json\/wp\/v2\/users\/11"}],"replies":[{"embeddable":true,"href":"https:\/\/archiv.siov.sk\/en\/wp-json\/wp\/v2\/comments?post=21967"}],"version-history":[{"count":13,"href":"https:\/\/archiv.siov.sk\/en\/wp-json\/wp\/v2\/posts\/21967\/revisions"}],"predecessor-version":[{"id":21986,"href":"https:\/\/archiv.siov.sk\/en\/wp-json\/wp\/v2\/posts\/21967\/revisions\/21986"}],"wp:featuredmedia":[{"embeddable":true,"href":"https:\/\/archiv.siov.sk\/en\/wp-json\/wp\/v2\/media\/21969"}],"wp:attachment":[{"href":"https:\/\/archiv.siov.sk\/en\/wp-json\/wp\/v2\/media?parent=21967"}],"wp:term":[{"taxonomy":"category","embeddable":true,"href":"https:\/\/archiv.siov.sk\/en\/wp-json\/wp\/v2\/categories?post=21967"},{"taxonomy":"post_tag","embeddable":true,"href":"https:\/\/archiv.siov.sk\/en\/wp-json\/wp\/v2\/tags?post=21967"}],"curies":[{"name":"wp","href":"https:\/\/api.w.org\/{rel}","templated":true}]}}