{"id":21962,"date":"2025-12-01T16:05:13","date_gmt":"2025-12-01T15:05:13","guid":{"rendered":"https:\/\/archiv.siov.sk\/?p=21962"},"modified":"2025-12-01T16:05:26","modified_gmt":"2025-12-01T15:05:26","slug":"nadani-ziaci-na-studentskej-konferencii-mlada-nadej-vedy-sav-2025","status":"publish","type":"post","link":"https:\/\/archiv.siov.sk\/en\/nadani-ziaci-na-studentskej-konferencii-mlada-nadej-vedy-sav-2025\/","title":{"rendered":"Nadan\u00ed \u017eiaci na \u0161tudentskej konferencii Mlad\u00e1 n\u00e1dej vedy SAV 2025"},"content":{"rendered":"<p style=\"text-align: center;\"><em>Foto: SAV<\/em><\/p>\n<p style=\"text-align: justify;\">Nadan\u00ed, tvoriv\u00ed stredo\u0161kol\u00e1ci predstavia odborn\u00e9 pr\u00e1ce, s ktor\u00fdmi uspeli na prehliadke Stredo\u0161kolsk\u00e1 odborn\u00e1 \u010dinnos\u0165 (SO\u010c), Festivale vedy a techniky a\u00a0olympi\u00e1dach z oblasti pr\u00edrodn\u00fdch vied, technick\u00fdch a ekonomick\u00fdch vied, ale aj humanitn\u00fdch a spolo\u010densko-vedn\u00fdch odborov <strong>2.- 4. decembra\u00a0<\/strong> na \u0161tudentskej konferencii\u00a0v priestoroch Smolenick\u00e9ho z\u00e1mku. \u017diaci sa na konferencii v tvorivej atmosf\u00e9re podelia o svoje sk\u00fasenosti, inovat\u00edvne n\u00e1pady a rie\u0161enia a vypo\u010duj\u00fa si zauj\u00edmav\u00e9 motiva\u010dn\u00e9 predn\u00e1\u0161ky a diskusie na d\u00f4le\u017eit\u00e9 t\u00e9my s vedcami a vedky\u0148ami zo Slovenskej akad\u00e9mie vied (SAV).<\/p>\n<p style=\"text-align: justify;\">Na konferencii sa predstav\u00ed v interakt\u00edvnej predn\u00e1\u0161ke s\u00a0t\u00e9mou: \u010co je pre \u017eivot vedca d\u00f4le\u017eit\u00e9 MUDr., Mgr. Tom\u00e1\u0161 Hrom\u00e1dka, PhD. S\u00a0mlad\u00fdmi \u00fa\u010dastn\u00edkmi podujatia sa podelia o\u00a0svoje vedeck\u00e9 \u00faspechy Hana Kal\u00e1bov\u00e1 a\u00a0Adam Koval\u010d\u00edk. Vedu v\u00a0elektrotechnike odprezentuje Mgr. Juraj Feilhauer, PhD., s predn\u00e1\u0161kou Moja cesta k\u00a0vede oslov\u00ed \u0161tudentov\u00a0 RNDr. Dana Jurkovi\u010dov\u00e1, DrSc.\u00a0 z\u00a0\u00dastavu experiment\u00e1lnej onkol\u00f3gie.<\/p>\n<p style=\"text-align: justify;\">Organiz\u00e1torom podujatia je Slovensk\u00e1 akad\u00e9mia vied, ktor\u00e1 t\u00fdmto v\u00fdnimo\u010dn\u00fdm aktom odmen\u00ed a podpor\u00ed 42 vybran\u00fdch \u017eiakov a \u0161tudentov z cel\u00e9ho Slovenska. Partnermi s\u00fa \u0160t\u00e1tny in\u0161tit\u00fat odborn\u00e9ho vzdel\u00e1vania (\u0160IOV), NIVAM, AMAVET a z\u00e1stupcova vedeck\u00fdch in\u0161tit\u00faci\u00ed. S\u00fa\u010das\u0165ou konferencie bude bohat\u00fd sprievodn\u00fd\u00a0odborn\u00fd a pozn\u00e1vac\u00ed program.<\/p>","protected":false},"excerpt":{"rendered":"<p>Foto: SAV Nadan\u00ed, tvoriv\u00ed stredo\u0161kol\u00e1ci predstavia odborn\u00e9 pr\u00e1ce, s ktor\u00fdmi uspeli na prehliadke Stredo\u0161kolsk\u00e1 odborn\u00e1 \u010dinnos\u0165 (SO\u010c), Festivale vedy a techniky a\u00a0olympi\u00e1dach z oblasti pr\u00edrodn\u00fdch vied, technick\u00fdch a ekonomick\u00fdch vied, ale aj humanitn\u00fdch a spolo\u010densko-vedn\u00fdch odborov 2.- 4. decembra\u00a0 na \u0161tudentskej konferencii\u00a0v priestoroch Smolenick\u00e9ho z\u00e1mku. \u017diaci sa na konferencii v tvorivej atmosf\u00e9re podelia o svoje [&hellip;]<\/p>\n","protected":false},"author":6,"featured_media":21964,"comment_status":"closed","ping_status":"closed","sticky":false,"template":"","format":"standard","meta":{"site-sidebar-layout":"default","site-content-layout":"","ast-site-content-layout":"default","site-content-style":"default","site-sidebar-style":"default","ast-global-header-display":"","ast-banner-title-visibility":"","ast-main-header-display":"","ast-hfb-above-header-display":"","ast-hfb-below-header-display":"","ast-hfb-mobile-header-display":"","site-post-title":"","ast-breadcrumbs-content":"","ast-featured-img":"","footer-sml-layout":"","ast-disable-related-posts":"","theme-transparent-header-meta":"default","adv-header-id-meta":"","stick-header-meta":"default","header-above-stick-meta":"","header-main-stick-meta":"","header-below-stick-meta":"","astra-migrate-meta-layouts":"set","ast-page-background-enabled":"default","ast-page-background-meta":{"desktop":{"background-color":"var(--ast-global-color-4)","background-image":"","background-repeat":"repeat","background-position":"center center","background-size":"auto","background-attachment":"scroll","background-type":"","background-media":"","overlay-type":"","overlay-color":"","overlay-opacity":"","overlay-gradient":""},"tablet":{"background-color":"","background-image":"","background-repeat":"repeat","background-position":"center center","background-size":"auto","background-attachment":"scroll","background-type":"","background-media":"","overlay-type":"","overlay-color":"","overlay-opacity":"","overlay-gradient":""},"mobile":{"background-color":"","background-image":"","background-repeat":"repeat","background-position":"center center","background-size":"auto","background-attachment":"scroll","background-type":"","background-media":"","overlay-type":"","overlay-color":"","overlay-opacity":"","overlay-gradient":""}},"ast-content-background-meta":{"desktop":{"background-color":"var(--ast-global-color-5)","background-image":"","background-repeat":"repeat","background-position":"center center","background-size":"auto","background-attachment":"scroll","background-type":"","background-media":"","overlay-type":"","overlay-color":"","overlay-opacity":"","overlay-gradient":""},"tablet":{"background-color":"var(--ast-global-color-5)","background-image":"","background-repeat":"repeat","background-position":"center center","background-size":"auto","background-attachment":"scroll","background-type":"","background-media":"","overlay-type":"","overlay-color":"","overlay-opacity":"","overlay-gradient":""},"mobile":{"background-color":"var(--ast-global-color-5)","background-image":"","background-repeat":"repeat","background-position":"center center","background-size":"auto","background-attachment":"scroll","background-type":"","background-media":"","overlay-type":"","overlay-color":"","overlay-opacity":"","overlay-gradient":""}},"footnotes":""},"categories":[1],"tags":[],"class_list":["post-21962","post","type-post","status-publish","format-standard","has-post-thumbnail","hentry","category-aktuality"],"yoast_head":"<!-- This site is optimized with the Yoast SEO plugin v27.5 - https:\/\/yoast.com\/product\/yoast-seo-wordpress\/ -->\n<title>Nadan\u00ed \u017eiaci na \u0161tudentskej konferencii Mlad\u00e1 n\u00e1dej vedy SAV 2025 - \u0160IOV - \u0161t\u00e1tny in\u0161tit\u00fat odborn\u00e9ho vzdel\u00e1vania<\/title>\n<meta name=\"robots\" content=\"index, follow, max-snippet:-1, max-image-preview:large, max-video-preview:-1\" \/>\n<link rel=\"canonical\" href=\"https:\/\/archiv.siov.sk\/en\/nadani-ziaci-na-studentskej-konferencii-mlada-nadej-vedy-sav-2025\/\" \/>\n<meta property=\"og:locale\" content=\"en_GB\" \/>\n<meta property=\"og:type\" content=\"article\" \/>\n<meta property=\"og:title\" content=\"Nadan\u00ed \u017eiaci na \u0161tudentskej konferencii Mlad\u00e1 n\u00e1dej vedy SAV 2025 - \u0160IOV - \u0161t\u00e1tny in\u0161tit\u00fat odborn\u00e9ho vzdel\u00e1vania\" \/>\n<meta property=\"og:description\" content=\"Foto: SAV Nadan\u00ed, tvoriv\u00ed stredo\u0161kol\u00e1ci predstavia odborn\u00e9 pr\u00e1ce, s ktor\u00fdmi uspeli na prehliadke Stredo\u0161kolsk\u00e1 odborn\u00e1 \u010dinnos\u0165 (SO\u010c), Festivale vedy a techniky a\u00a0olympi\u00e1dach z oblasti pr\u00edrodn\u00fdch vied, technick\u00fdch a ekonomick\u00fdch vied, ale aj humanitn\u00fdch a spolo\u010densko-vedn\u00fdch odborov 2.- 4. decembra\u00a0 na \u0161tudentskej konferencii\u00a0v priestoroch Smolenick\u00e9ho z\u00e1mku. \u017diaci sa na konferencii v tvorivej atmosf\u00e9re podelia o svoje [&hellip;]\" \/>\n<meta property=\"og:url\" content=\"https:\/\/archiv.siov.sk\/en\/nadani-ziaci-na-studentskej-konferencii-mlada-nadej-vedy-sav-2025\/\" \/>\n<meta property=\"og:site_name\" content=\"\u0160IOV - \u0161t\u00e1tny in\u0161tit\u00fat odborn\u00e9ho vzdel\u00e1vania\" \/>\n<meta property=\"article:publisher\" content=\"https:\/\/www.facebook.com\/Statnyinstitutodbornehovzdelavania\" \/>\n<meta property=\"article:published_time\" content=\"2025-12-01T15:05:13+00:00\" \/>\n<meta property=\"article:modified_time\" content=\"2025-12-01T15:05:26+00:00\" \/>\n<meta property=\"og:image\" content=\"https:\/\/archiv.siov.sk\/wp-content\/uploads\/2025\/12\/SAV.jpg\" \/>\n\t<meta property=\"og:image:width\" content=\"1200\" \/>\n\t<meta property=\"og:image:height\" content=\"800\" \/>\n\t<meta property=\"og:image:type\" content=\"image\/jpeg\" \/>\n<meta name=\"author\" content=\"Katar\u00edna Kov\u00e1\u010dov\u00e1\" \/>\n<meta name=\"twitter:card\" content=\"summary_large_image\" \/>\n<meta name=\"twitter:label1\" content=\"Written by\" \/>\n\t<meta name=\"twitter:data1\" content=\"Katar\u00edna Kov\u00e1\u010dov\u00e1\" \/>\n\t<meta name=\"twitter:label2\" content=\"Estimated reading time\" \/>\n\t<meta name=\"twitter:data2\" content=\"2 minutes\" \/>\n<script type=\"application\/ld+json\" class=\"yoast-schema-graph\">{\"@context\":\"https:\\\/\\\/schema.org\",\"@graph\":[{\"@type\":\"Article\",\"@id\":\"https:\\\/\\\/archiv.siov.sk\\\/en\\\/nadani-ziaci-na-studentskej-konferencii-mlada-nadej-vedy-sav-2025\\\/#article\",\"isPartOf\":{\"@id\":\"https:\\\/\\\/archiv.siov.sk\\\/en\\\/nadani-ziaci-na-studentskej-konferencii-mlada-nadej-vedy-sav-2025\\\/\"},\"author\":{\"name\":\"Katar\u00edna Kov\u00e1\u010dov\u00e1\",\"@id\":\"https:\\\/\\\/archiv.siov.sk\\\/#\\\/schema\\\/person\\\/e42d633fbd958c6a726e8834d8965e6c\"},\"headline\":\"Nadan\u00ed \u017eiaci na \u0161tudentskej konferencii Mlad\u00e1 n\u00e1dej vedy SAV 2025\",\"datePublished\":\"2025-12-01T15:05:13+00:00\",\"dateModified\":\"2025-12-01T15:05:26+00:00\",\"mainEntityOfPage\":{\"@id\":\"https:\\\/\\\/archiv.siov.sk\\\/en\\\/nadani-ziaci-na-studentskej-konferencii-mlada-nadej-vedy-sav-2025\\\/\"},\"wordCount\":255,\"publisher\":{\"@id\":\"https:\\\/\\\/archiv.siov.sk\\\/#organization\"},\"image\":{\"@id\":\"https:\\\/\\\/archiv.siov.sk\\\/en\\\/nadani-ziaci-na-studentskej-konferencii-mlada-nadej-vedy-sav-2025\\\/#primaryimage\"},\"thumbnailUrl\":\"https:\\\/\\\/archiv.siov.sk\\\/wp-content\\\/uploads\\\/2025\\\/12\\\/SAV.jpg\",\"articleSection\":[\"Aktuality\"],\"inLanguage\":\"en-GB\"},{\"@type\":\"WebPage\",\"@id\":\"https:\\\/\\\/archiv.siov.sk\\\/en\\\/nadani-ziaci-na-studentskej-konferencii-mlada-nadej-vedy-sav-2025\\\/\",\"url\":\"https:\\\/\\\/archiv.siov.sk\\\/en\\\/nadani-ziaci-na-studentskej-konferencii-mlada-nadej-vedy-sav-2025\\\/\",\"name\":\"Nadan\u00ed \u017eiaci na \u0161tudentskej konferencii Mlad\u00e1 n\u00e1dej vedy SAV 2025 - \u0160IOV - \u0161t\u00e1tny in\u0161tit\u00fat odborn\u00e9ho vzdel\u00e1vania\",\"isPartOf\":{\"@id\":\"https:\\\/\\\/archiv.siov.sk\\\/#website\"},\"primaryImageOfPage\":{\"@id\":\"https:\\\/\\\/archiv.siov.sk\\\/en\\\/nadani-ziaci-na-studentskej-konferencii-mlada-nadej-vedy-sav-2025\\\/#primaryimage\"},\"image\":{\"@id\":\"https:\\\/\\\/archiv.siov.sk\\\/en\\\/nadani-ziaci-na-studentskej-konferencii-mlada-nadej-vedy-sav-2025\\\/#primaryimage\"},\"thumbnailUrl\":\"https:\\\/\\\/archiv.siov.sk\\\/wp-content\\\/uploads\\\/2025\\\/12\\\/SAV.jpg\",\"datePublished\":\"2025-12-01T15:05:13+00:00\",\"dateModified\":\"2025-12-01T15:05:26+00:00\",\"breadcrumb\":{\"@id\":\"https:\\\/\\\/archiv.siov.sk\\\/en\\\/nadani-ziaci-na-studentskej-konferencii-mlada-nadej-vedy-sav-2025\\\/#breadcrumb\"},\"inLanguage\":\"en-GB\",\"potentialAction\":[{\"@type\":\"ReadAction\",\"target\":[\"https:\\\/\\\/archiv.siov.sk\\\/en\\\/nadani-ziaci-na-studentskej-konferencii-mlada-nadej-vedy-sav-2025\\\/\"]}]},{\"@type\":\"ImageObject\",\"inLanguage\":\"en-GB\",\"@id\":\"https:\\\/\\\/archiv.siov.sk\\\/en\\\/nadani-ziaci-na-studentskej-konferencii-mlada-nadej-vedy-sav-2025\\\/#primaryimage\",\"url\":\"https:\\\/\\\/archiv.siov.sk\\\/wp-content\\\/uploads\\\/2025\\\/12\\\/SAV.jpg\",\"contentUrl\":\"https:\\\/\\\/archiv.siov.sk\\\/wp-content\\\/uploads\\\/2025\\\/12\\\/SAV.jpg\",\"width\":1200,\"height\":800},{\"@type\":\"BreadcrumbList\",\"@id\":\"https:\\\/\\\/archiv.siov.sk\\\/en\\\/nadani-ziaci-na-studentskej-konferencii-mlada-nadej-vedy-sav-2025\\\/#breadcrumb\",\"itemListElement\":[{\"@type\":\"ListItem\",\"position\":1,\"name\":\"Home\",\"item\":\"https:\\\/\\\/archiv.siov.sk\\\/\"},{\"@type\":\"ListItem\",\"position\":2,\"name\":\"Nadan\u00ed \u017eiaci na \u0161tudentskej konferencii Mlad\u00e1 n\u00e1dej vedy SAV 2025\"}]},{\"@type\":\"WebSite\",\"@id\":\"https:\\\/\\\/archiv.siov.sk\\\/#website\",\"url\":\"https:\\\/\\\/archiv.siov.sk\\\/\",\"name\":\"\u0160IOV - \u0161t\u00e1tny in\u0161tit\u00fat odborn\u00e9ho vzdel\u00e1vania\",\"description\":\"\",\"publisher\":{\"@id\":\"https:\\\/\\\/archiv.siov.sk\\\/#organization\"},\"potentialAction\":[{\"@type\":\"SearchAction\",\"target\":{\"@type\":\"EntryPoint\",\"urlTemplate\":\"https:\\\/\\\/archiv.siov.sk\\\/?s={search_term_string}\"},\"query-input\":{\"@type\":\"PropertyValueSpecification\",\"valueRequired\":true,\"valueName\":\"search_term_string\"}}],\"inLanguage\":\"en-GB\"},{\"@type\":\"Organization\",\"@id\":\"https:\\\/\\\/archiv.siov.sk\\\/#organization\",\"name\":\"\u0160IOV - \u0161t\u00e1tny in\u0161tit\u00fat odborn\u00e9ho vzdel\u00e1vania\",\"url\":\"https:\\\/\\\/archiv.siov.sk\\\/\",\"logo\":{\"@type\":\"ImageObject\",\"inLanguage\":\"en-GB\",\"@id\":\"https:\\\/\\\/archiv.siov.sk\\\/#\\\/schema\\\/logo\\\/image\\\/\",\"url\":\"https:\\\/\\\/archiv.siov.sk\\\/wp-content\\\/uploads\\\/2024\\\/02\\\/logo-SIOV.png\",\"contentUrl\":\"https:\\\/\\\/archiv.siov.sk\\\/wp-content\\\/uploads\\\/2024\\\/02\\\/logo-SIOV.png\",\"width\":431,\"height\":143,\"caption\":\"\u0160IOV - \u0161t\u00e1tny in\u0161tit\u00fat odborn\u00e9ho vzdel\u00e1vania\"},\"image\":{\"@id\":\"https:\\\/\\\/archiv.siov.sk\\\/#\\\/schema\\\/logo\\\/image\\\/\"},\"sameAs\":[\"https:\\\/\\\/www.facebook.com\\\/Statnyinstitutodbornehovzdelavania\"]},{\"@type\":\"Person\",\"@id\":\"https:\\\/\\\/archiv.siov.sk\\\/#\\\/schema\\\/person\\\/e42d633fbd958c6a726e8834d8965e6c\",\"name\":\"Katar\u00edna Kov\u00e1\u010dov\u00e1\",\"url\":\"https:\\\/\\\/archiv.siov.sk\\\/en\\\/author\\\/katkakovacova\\\/\"}]}<\/script>\n<!-- \/ Yoast SEO plugin. -->","yoast_head_json":{"title":"Nadan\u00ed \u017eiaci na \u0161tudentskej konferencii Mlad\u00e1 n\u00e1dej vedy SAV 2025 - \u0160IOV - \u0161t\u00e1tny in\u0161tit\u00fat odborn\u00e9ho vzdel\u00e1vania","robots":{"index":"index","follow":"follow","max-snippet":"max-snippet:-1","max-image-preview":"max-image-preview:large","max-video-preview":"max-video-preview:-1"},"canonical":"https:\/\/archiv.siov.sk\/en\/nadani-ziaci-na-studentskej-konferencii-mlada-nadej-vedy-sav-2025\/","og_locale":"en_GB","og_type":"article","og_title":"Nadan\u00ed \u017eiaci na \u0161tudentskej konferencii Mlad\u00e1 n\u00e1dej vedy SAV 2025 - \u0160IOV - \u0161t\u00e1tny in\u0161tit\u00fat odborn\u00e9ho vzdel\u00e1vania","og_description":"Foto: SAV Nadan\u00ed, tvoriv\u00ed stredo\u0161kol\u00e1ci predstavia odborn\u00e9 pr\u00e1ce, s ktor\u00fdmi uspeli na prehliadke Stredo\u0161kolsk\u00e1 odborn\u00e1 \u010dinnos\u0165 (SO\u010c), Festivale vedy a techniky a\u00a0olympi\u00e1dach z oblasti pr\u00edrodn\u00fdch vied, technick\u00fdch a ekonomick\u00fdch vied, ale aj humanitn\u00fdch a spolo\u010densko-vedn\u00fdch odborov 2.- 4. decembra\u00a0 na \u0161tudentskej konferencii\u00a0v priestoroch Smolenick\u00e9ho z\u00e1mku. \u017diaci sa na konferencii v tvorivej atmosf\u00e9re podelia o svoje [&hellip;]","og_url":"https:\/\/archiv.siov.sk\/en\/nadani-ziaci-na-studentskej-konferencii-mlada-nadej-vedy-sav-2025\/","og_site_name":"\u0160IOV - \u0161t\u00e1tny in\u0161tit\u00fat odborn\u00e9ho vzdel\u00e1vania","article_publisher":"https:\/\/www.facebook.com\/Statnyinstitutodbornehovzdelavania","article_published_time":"2025-12-01T15:05:13+00:00","article_modified_time":"2025-12-01T15:05:26+00:00","og_image":[{"width":1200,"height":800,"url":"https:\/\/archiv.siov.sk\/wp-content\/uploads\/2025\/12\/SAV.jpg","type":"image\/jpeg"}],"author":"Katar\u00edna Kov\u00e1\u010dov\u00e1","twitter_card":"summary_large_image","twitter_misc":{"Written by":"Katar\u00edna Kov\u00e1\u010dov\u00e1","Estimated reading time":"2 minutes"},"schema":{"@context":"https:\/\/schema.org","@graph":[{"@type":"Article","@id":"https:\/\/archiv.siov.sk\/en\/nadani-ziaci-na-studentskej-konferencii-mlada-nadej-vedy-sav-2025\/#article","isPartOf":{"@id":"https:\/\/archiv.siov.sk\/en\/nadani-ziaci-na-studentskej-konferencii-mlada-nadej-vedy-sav-2025\/"},"author":{"name":"Katar\u00edna Kov\u00e1\u010dov\u00e1","@id":"https:\/\/archiv.siov.sk\/#\/schema\/person\/e42d633fbd958c6a726e8834d8965e6c"},"headline":"Nadan\u00ed \u017eiaci na \u0161tudentskej konferencii Mlad\u00e1 n\u00e1dej vedy SAV 2025","datePublished":"2025-12-01T15:05:13+00:00","dateModified":"2025-12-01T15:05:26+00:00","mainEntityOfPage":{"@id":"https:\/\/archiv.siov.sk\/en\/nadani-ziaci-na-studentskej-konferencii-mlada-nadej-vedy-sav-2025\/"},"wordCount":255,"publisher":{"@id":"https:\/\/archiv.siov.sk\/#organization"},"image":{"@id":"https:\/\/archiv.siov.sk\/en\/nadani-ziaci-na-studentskej-konferencii-mlada-nadej-vedy-sav-2025\/#primaryimage"},"thumbnailUrl":"https:\/\/archiv.siov.sk\/wp-content\/uploads\/2025\/12\/SAV.jpg","articleSection":["Aktuality"],"inLanguage":"en-GB"},{"@type":"WebPage","@id":"https:\/\/archiv.siov.sk\/en\/nadani-ziaci-na-studentskej-konferencii-mlada-nadej-vedy-sav-2025\/","url":"https:\/\/archiv.siov.sk\/en\/nadani-ziaci-na-studentskej-konferencii-mlada-nadej-vedy-sav-2025\/","name":"Nadan\u00ed \u017eiaci na \u0161tudentskej konferencii Mlad\u00e1 n\u00e1dej vedy SAV 2025 - \u0160IOV - \u0161t\u00e1tny in\u0161tit\u00fat odborn\u00e9ho vzdel\u00e1vania","isPartOf":{"@id":"https:\/\/archiv.siov.sk\/#website"},"primaryImageOfPage":{"@id":"https:\/\/archiv.siov.sk\/en\/nadani-ziaci-na-studentskej-konferencii-mlada-nadej-vedy-sav-2025\/#primaryimage"},"image":{"@id":"https:\/\/archiv.siov.sk\/en\/nadani-ziaci-na-studentskej-konferencii-mlada-nadej-vedy-sav-2025\/#primaryimage"},"thumbnailUrl":"https:\/\/archiv.siov.sk\/wp-content\/uploads\/2025\/12\/SAV.jpg","datePublished":"2025-12-01T15:05:13+00:00","dateModified":"2025-12-01T15:05:26+00:00","breadcrumb":{"@id":"https:\/\/archiv.siov.sk\/en\/nadani-ziaci-na-studentskej-konferencii-mlada-nadej-vedy-sav-2025\/#breadcrumb"},"inLanguage":"en-GB","potentialAction":[{"@type":"ReadAction","target":["https:\/\/archiv.siov.sk\/en\/nadani-ziaci-na-studentskej-konferencii-mlada-nadej-vedy-sav-2025\/"]}]},{"@type":"ImageObject","inLanguage":"en-GB","@id":"https:\/\/archiv.siov.sk\/en\/nadani-ziaci-na-studentskej-konferencii-mlada-nadej-vedy-sav-2025\/#primaryimage","url":"https:\/\/archiv.siov.sk\/wp-content\/uploads\/2025\/12\/SAV.jpg","contentUrl":"https:\/\/archiv.siov.sk\/wp-content\/uploads\/2025\/12\/SAV.jpg","width":1200,"height":800},{"@type":"BreadcrumbList","@id":"https:\/\/archiv.siov.sk\/en\/nadani-ziaci-na-studentskej-konferencii-mlada-nadej-vedy-sav-2025\/#breadcrumb","itemListElement":[{"@type":"ListItem","position":1,"name":"Home","item":"https:\/\/archiv.siov.sk\/"},{"@type":"ListItem","position":2,"name":"Nadan\u00ed \u017eiaci na \u0161tudentskej konferencii Mlad\u00e1 n\u00e1dej vedy SAV 2025"}]},{"@type":"WebSite","@id":"https:\/\/archiv.siov.sk\/#website","url":"https:\/\/archiv.siov.sk\/","name":"\u0160IOV - \u0161t\u00e1tny in\u0161tit\u00fat odborn\u00e9ho vzdel\u00e1vania","description":"","publisher":{"@id":"https:\/\/archiv.siov.sk\/#organization"},"potentialAction":[{"@type":"SearchAction","target":{"@type":"EntryPoint","urlTemplate":"https:\/\/archiv.siov.sk\/?s={search_term_string}"},"query-input":{"@type":"PropertyValueSpecification","valueRequired":true,"valueName":"search_term_string"}}],"inLanguage":"en-GB"},{"@type":"Organization","@id":"https:\/\/archiv.siov.sk\/#organization","name":"\u0160IOV - \u0161t\u00e1tny in\u0161tit\u00fat odborn\u00e9ho vzdel\u00e1vania","url":"https:\/\/archiv.siov.sk\/","logo":{"@type":"ImageObject","inLanguage":"en-GB","@id":"https:\/\/archiv.siov.sk\/#\/schema\/logo\/image\/","url":"https:\/\/archiv.siov.sk\/wp-content\/uploads\/2024\/02\/logo-SIOV.png","contentUrl":"https:\/\/archiv.siov.sk\/wp-content\/uploads\/2024\/02\/logo-SIOV.png","width":431,"height":143,"caption":"\u0160IOV - \u0161t\u00e1tny in\u0161tit\u00fat odborn\u00e9ho vzdel\u00e1vania"},"image":{"@id":"https:\/\/archiv.siov.sk\/#\/schema\/logo\/image\/"},"sameAs":["https:\/\/www.facebook.com\/Statnyinstitutodbornehovzdelavania"]},{"@type":"Person","@id":"https:\/\/archiv.siov.sk\/#\/schema\/person\/e42d633fbd958c6a726e8834d8965e6c","name":"Katar\u00edna Kov\u00e1\u010dov\u00e1","url":"https:\/\/archiv.siov.sk\/en\/author\/katkakovacova\/"}]}},"_links":{"self":[{"href":"https:\/\/archiv.siov.sk\/en\/wp-json\/wp\/v2\/posts\/21962","targetHints":{"allow":["GET"]}}],"collection":[{"href":"https:\/\/archiv.siov.sk\/en\/wp-json\/wp\/v2\/posts"}],"about":[{"href":"https:\/\/archiv.siov.sk\/en\/wp-json\/wp\/v2\/types\/post"}],"author":[{"embeddable":true,"href":"https:\/\/archiv.siov.sk\/en\/wp-json\/wp\/v2\/users\/6"}],"replies":[{"embeddable":true,"href":"https:\/\/archiv.siov.sk\/en\/wp-json\/wp\/v2\/comments?post=21962"}],"version-history":[{"count":2,"href":"https:\/\/archiv.siov.sk\/en\/wp-json\/wp\/v2\/posts\/21962\/revisions"}],"predecessor-version":[{"id":21965,"href":"https:\/\/archiv.siov.sk\/en\/wp-json\/wp\/v2\/posts\/21962\/revisions\/21965"}],"wp:featuredmedia":[{"embeddable":true,"href":"https:\/\/archiv.siov.sk\/en\/wp-json\/wp\/v2\/media\/21964"}],"wp:attachment":[{"href":"https:\/\/archiv.siov.sk\/en\/wp-json\/wp\/v2\/media?parent=21962"}],"wp:term":[{"taxonomy":"category","embeddable":true,"href":"https:\/\/archiv.siov.sk\/en\/wp-json\/wp\/v2\/categories?post=21962"},{"taxonomy":"post_tag","embeddable":true,"href":"https:\/\/archiv.siov.sk\/en\/wp-json\/wp\/v2\/tags?post=21962"}],"curies":[{"name":"wp","href":"https:\/\/api.w.org\/{rel}","templated":true}]}}