{"id":21957,"date":"2025-12-01T15:00:27","date_gmt":"2025-12-01T14:00:27","guid":{"rendered":"https:\/\/archiv.siov.sk\/?p=21957"},"modified":"2025-12-02T09:29:01","modified_gmt":"2025-12-02T08:29:01","slug":"pozvanka-na-odovzdanie-ceny-msvvam-sr-za-celozivotne-vzdelavanie","status":"publish","type":"post","link":"https:\/\/archiv.siov.sk\/en\/pozvanka-na-odovzdanie-ceny-msvvam-sr-za-celozivotne-vzdelavanie\/","title":{"rendered":"Pozv\u00e1nka na odovzdanie Ceny M\u0160VVaM SR za celo\u017eivotn\u00e9 vzdel\u00e1vanie"},"content":{"rendered":"<p>N\u00e1rodn\u00fd koordin\u00e1tor vzdel\u00e1vania dospel\u00fdch a EPALE Slovensko v\u00e1s srde\u010dne poz\u00fdvaj\u00fa na sl\u00e1vnostn\u00e9 odovzd\u00e1vanie Ceny Ministerstva \u0161kolstva, v\u00fdskumu, v\u00fdvoja a ml\u00e1de\u017ee SR za rozvoj celo\u017eivotn\u00e9ho vzdel\u00e1vania. Ocenenie vyzdvihuje osobnosti, organiz\u00e1cie a projekty, ktor\u00e9 v\u00fdznamn\u00fdm sp\u00f4sobom prispeli k podpore a rozvoju vzdel\u00e1vania dospel\u00fdch na Slovensku.<\/p>\n<p><strong>D\u00e1tum: 10. december 2025 o 13:00<br \/>\nMiesto: Hotel Dev\u00edn, Rie\u010dna 4, Bratislava<\/strong><\/p>\n<p><img fetchpriority=\"high\" decoding=\"async\" class=\"alignnone wp-image-21960\" src=\"https:\/\/archiv.siov.sk\/wp-content\/uploads\/2025\/12\/Pozvanka_odovzdanie_ceny_MSVVM-300x158.png\" alt=\"Pozvanka odovzdanie ceny za celozivotne vzdelavanie\" width=\"500\" height=\"263\" srcset=\"https:\/\/archiv.siov.sk\/wp-content\/uploads\/2025\/12\/Pozvanka_odovzdanie_ceny_MSVVM-300x158.png 300w, https:\/\/archiv.siov.sk\/wp-content\/uploads\/2025\/12\/Pozvanka_odovzdanie_ceny_MSVVM-1024x538.png 1024w, https:\/\/archiv.siov.sk\/wp-content\/uploads\/2025\/12\/Pozvanka_odovzdanie_ceny_MSVVM-768x403.png 768w, https:\/\/archiv.siov.sk\/wp-content\/uploads\/2025\/12\/Pozvanka_odovzdanie_ceny_MSVVM-18x9.png 18w, https:\/\/archiv.siov.sk\/wp-content\/uploads\/2025\/12\/Pozvanka_odovzdanie_ceny_MSVVM.png 1200w\" sizes=\"(max-width: 500px) 100vw, 500px\" \/><\/p>\n<p><strong>O ocenen\u00ed<\/strong><\/p>\n<p>Cena Ministerstva \u0161kolstva za rozvoj celo\u017eivotn\u00e9ho vzdel\u00e1vania je v\u00fdznamn\u00fdm ocenen\u00edm, ktor\u00e9 ka\u017edoro\u010dne upriamuje pozornos\u0165 na v\u00fdnimo\u010dn\u00e9 osobnosti, organiz\u00e1cie a projekty prispievaj\u00face k rozvoju vzdel\u00e1vania dospel\u00fdch na Slovensku. Hist\u00f3ria ocenenia siaha do roku 2018. Prvou ocenenou sa stala\u00a0<strong>Irena Fonodov\u00e1<\/strong>, v\u00fdkonn\u00e1 riadite\u013eka Slovenskej akademickej asoci\u00e1cie pre medzin\u00e1rodn\u00fa spolupr\u00e1cu a b\u00fdval\u00e1 riadite\u013eka N\u00e1rodnej agent\u00fary programu Erasmus+. Ocenenie si prevzala z r\u00fak vtedaj\u0161ej ministerky \u0161kolstva\u00a0Martiny Lubyovej.<\/p>\n<p>Viac o hist\u00f3rii a laure\u00e1toch ocenenia n\u00e1jdete na str\u00e1nke <a href=\"https:\/\/zakladnezrucnosti.sk\/cena-msvvam-sr\/\" target=\"_blank\" rel=\"noopener\">www.vzdelavaniedospelych.sk<\/a>.<\/p>\n<p>Podujatie je pr\u00edle\u017eitos\u0165ou stretn\u00fa\u0165 sa s odborn\u00edkmi z praxe, na\u010derpa\u0165 in\u0161pir\u00e1ciu a spolo\u010dne podpori\u0165 iniciat\u00edvy, ktor\u00e9 pos\u00favaj\u00fa vzdel\u00e1vanie dospel\u00fdch vpred.<\/p>\n<p>Link na registr\u00e1ciu: <span data-teams=\"true\"><a id=\"menur341\" class=\"fui-Link ___1q1shib f2hkw1w f3rmtva f1ewtqcl fyind8e f1k6fduh f1w7gpdv fk6fouc fjoy568 figsok6 f1s184ao f1mk8lai fnbmjn9 f1o700av f13mvf36 f1cmlufx f9n3di6 f1ids18y f1tx3yz7 f1deo86v f1eh06m1 f1iescvh fhgqx19 f1olyrje f1p93eir f1nev41a f1h8hb77 f1lqvz6u f10aw75t fsle3fq f17ae5zn\" title=\"https:\/\/forms.office.com\/e\/lwdvbis4dc\" href=\"https:\/\/forms.office.com\/e\/LwDVBis4DC\" target=\"_blank\" rel=\"noreferrer noopener\" aria-label=\"Odkaz https:\/\/forms.office.com\/e\/LwDVBis4DC\">https:\/\/forms.office.com\/e\/LwDVBis4DC<\/a><\/span><\/p>\n<p>Te\u0161\u00edme sa na va\u0161u \u00fa\u010das\u0165.<\/p>","protected":false},"excerpt":{"rendered":"<p>N\u00e1rodn\u00fd koordin\u00e1tor vzdel\u00e1vania dospel\u00fdch a EPALE Slovensko v\u00e1s srde\u010dne poz\u00fdvaj\u00fa na sl\u00e1vnostn\u00e9 odovzd\u00e1vanie Ceny Ministerstva \u0161kolstva, v\u00fdskumu, v\u00fdvoja a ml\u00e1de\u017ee SR za rozvoj celo\u017eivotn\u00e9ho vzdel\u00e1vania. Ocenenie vyzdvihuje osobnosti, organiz\u00e1cie a projekty, ktor\u00e9 v\u00fdznamn\u00fdm sp\u00f4sobom prispeli k podpore a rozvoju vzdel\u00e1vania dospel\u00fdch na Slovensku. D\u00e1tum: 10. december 2025 o 13:00 Miesto: Hotel Dev\u00edn, Rie\u010dna 4, Bratislava [&hellip;]<\/p>\n","protected":false},"author":10,"featured_media":21959,"comment_status":"closed","ping_status":"closed","sticky":false,"template":"","format":"standard","meta":{"site-sidebar-layout":"default","site-content-layout":"","ast-site-content-layout":"default","site-content-style":"default","site-sidebar-style":"default","ast-global-header-display":"","ast-banner-title-visibility":"","ast-main-header-display":"","ast-hfb-above-header-display":"","ast-hfb-below-header-display":"","ast-hfb-mobile-header-display":"","site-post-title":"","ast-breadcrumbs-content":"","ast-featured-img":"","footer-sml-layout":"","ast-disable-related-posts":"","theme-transparent-header-meta":"default","adv-header-id-meta":"","stick-header-meta":"default","header-above-stick-meta":"","header-main-stick-meta":"","header-below-stick-meta":"","astra-migrate-meta-layouts":"set","ast-page-background-enabled":"default","ast-page-background-meta":{"desktop":{"background-color":"var(--ast-global-color-4)","background-image":"","background-repeat":"repeat","background-position":"center center","background-size":"auto","background-attachment":"scroll","background-type":"","background-media":"","overlay-type":"","overlay-color":"","overlay-opacity":"","overlay-gradient":""},"tablet":{"background-color":"","background-image":"","background-repeat":"repeat","background-position":"center center","background-size":"auto","background-attachment":"scroll","background-type":"","background-media":"","overlay-type":"","overlay-color":"","overlay-opacity":"","overlay-gradient":""},"mobile":{"background-color":"","background-image":"","background-repeat":"repeat","background-position":"center center","background-size":"auto","background-attachment":"scroll","background-type":"","background-media":"","overlay-type":"","overlay-color":"","overlay-opacity":"","overlay-gradient":""}},"ast-content-background-meta":{"desktop":{"background-color":"var(--ast-global-color-5)","background-image":"","background-repeat":"repeat","background-position":"center center","background-size":"auto","background-attachment":"scroll","background-type":"","background-media":"","overlay-type":"","overlay-color":"","overlay-opacity":"","overlay-gradient":""},"tablet":{"background-color":"var(--ast-global-color-5)","background-image":"","background-repeat":"repeat","background-position":"center center","background-size":"auto","background-attachment":"scroll","background-type":"","background-media":"","overlay-type":"","overlay-color":"","overlay-opacity":"","overlay-gradient":""},"mobile":{"background-color":"var(--ast-global-color-5)","background-image":"","background-repeat":"repeat","background-position":"center center","background-size":"auto","background-attachment":"scroll","background-type":"","background-media":"","overlay-type":"","overlay-color":"","overlay-opacity":"","overlay-gradient":""}},"footnotes":""},"categories":[1],"tags":[],"class_list":["post-21957","post","type-post","status-publish","format-standard","has-post-thumbnail","hentry","category-aktuality"],"yoast_head":"<!-- This site is optimized with the Yoast SEO plugin v27.5 - https:\/\/yoast.com\/product\/yoast-seo-wordpress\/ -->\n<title>Pozv\u00e1nka na odovzdanie Ceny M\u0160VVaM SR za celo\u017eivotn\u00e9 vzdel\u00e1vanie - \u0160IOV - \u0161t\u00e1tny in\u0161tit\u00fat odborn\u00e9ho vzdel\u00e1vania<\/title>\n<meta name=\"description\" content=\"EPALE Slovensko a N\u00e1rodn\u00fd koordin\u00e1tor vzdel\u00e1vania dospel\u00fdch v\u00e1s srde\u010dne poz\u00fdvaj\u00fa na sl\u00e1vnostn\u00e9 odovzd\u00e1vanie Ceny M\u0160VVaM SR za rozvoj celo\u017eivotn\u00e9ho vzdel\u00e1vania.\" \/>\n<meta name=\"robots\" content=\"index, follow, max-snippet:-1, max-image-preview:large, max-video-preview:-1\" \/>\n<link rel=\"canonical\" href=\"https:\/\/archiv.siov.sk\/en\/pozvanka-na-odovzdanie-ceny-msvvam-sr-za-celozivotne-vzdelavanie\/\" \/>\n<meta property=\"og:locale\" content=\"en_GB\" \/>\n<meta property=\"og:type\" content=\"article\" \/>\n<meta property=\"og:title\" content=\"Pozv\u00e1nka na odovzdanie Ceny M\u0160VVaM SR za celo\u017eivotn\u00e9 vzdel\u00e1vanie - \u0160IOV - \u0161t\u00e1tny in\u0161tit\u00fat odborn\u00e9ho vzdel\u00e1vania\" \/>\n<meta property=\"og:description\" content=\"EPALE Slovensko a N\u00e1rodn\u00fd koordin\u00e1tor vzdel\u00e1vania dospel\u00fdch v\u00e1s srde\u010dne poz\u00fdvaj\u00fa na sl\u00e1vnostn\u00e9 odovzd\u00e1vanie Ceny M\u0160VVaM SR za rozvoj celo\u017eivotn\u00e9ho vzdel\u00e1vania.\" \/>\n<meta property=\"og:url\" content=\"https:\/\/archiv.siov.sk\/en\/pozvanka-na-odovzdanie-ceny-msvvam-sr-za-celozivotne-vzdelavanie\/\" \/>\n<meta property=\"og:site_name\" content=\"\u0160IOV - \u0161t\u00e1tny in\u0161tit\u00fat odborn\u00e9ho vzdel\u00e1vania\" \/>\n<meta property=\"article:publisher\" content=\"https:\/\/www.facebook.com\/Statnyinstitutodbornehovzdelavania\" \/>\n<meta property=\"article:published_time\" content=\"2025-12-01T14:00:27+00:00\" \/>\n<meta property=\"article:modified_time\" content=\"2025-12-02T08:29:01+00:00\" \/>\n<meta property=\"og:image\" content=\"https:\/\/archiv.siov.sk\/wp-content\/uploads\/2025\/12\/prve-udelovanie-ceny.jpg\" \/>\n\t<meta property=\"og:image:width\" content=\"605\" \/>\n\t<meta property=\"og:image:height\" content=\"343\" \/>\n\t<meta property=\"og:image:type\" content=\"image\/jpeg\" \/>\n<meta name=\"author\" content=\"Gabriela Budayov\u00e1\" \/>\n<meta name=\"twitter:card\" content=\"summary_large_image\" \/>\n<meta name=\"twitter:label1\" content=\"Written by\" \/>\n\t<meta name=\"twitter:data1\" content=\"Gabriela Budayov\u00e1\" \/>\n\t<meta name=\"twitter:label2\" content=\"Estimated reading time\" \/>\n\t<meta name=\"twitter:data2\" content=\"2 minutes\" \/>\n<script type=\"application\/ld+json\" class=\"yoast-schema-graph\">{\"@context\":\"https:\\\/\\\/schema.org\",\"@graph\":[{\"@type\":\"Article\",\"@id\":\"https:\\\/\\\/archiv.siov.sk\\\/pozvanka-na-odovzdanie-ceny-msvvam-sr-za-celozivotne-vzdelavanie\\\/#article\",\"isPartOf\":{\"@id\":\"https:\\\/\\\/archiv.siov.sk\\\/pozvanka-na-odovzdanie-ceny-msvvam-sr-za-celozivotne-vzdelavanie\\\/\"},\"author\":{\"name\":\"Gabriela Budayov\u00e1\",\"@id\":\"https:\\\/\\\/archiv.siov.sk\\\/#\\\/schema\\\/person\\\/2d35146a9c0fa51b027e8ff319cee627\"},\"headline\":\"Pozv\u00e1nka na odovzdanie Ceny M\u0160VVaM SR za celo\u017eivotn\u00e9 vzdel\u00e1vanie\",\"datePublished\":\"2025-12-01T14:00:27+00:00\",\"dateModified\":\"2025-12-02T08:29:01+00:00\",\"mainEntityOfPage\":{\"@id\":\"https:\\\/\\\/archiv.siov.sk\\\/pozvanka-na-odovzdanie-ceny-msvvam-sr-za-celozivotne-vzdelavanie\\\/\"},\"wordCount\":246,\"publisher\":{\"@id\":\"https:\\\/\\\/archiv.siov.sk\\\/#organization\"},\"image\":{\"@id\":\"https:\\\/\\\/archiv.siov.sk\\\/pozvanka-na-odovzdanie-ceny-msvvam-sr-za-celozivotne-vzdelavanie\\\/#primaryimage\"},\"thumbnailUrl\":\"https:\\\/\\\/archiv.siov.sk\\\/wp-content\\\/uploads\\\/2025\\\/12\\\/prve-udelovanie-ceny.jpg\",\"articleSection\":[\"Aktuality\"],\"inLanguage\":\"en-GB\"},{\"@type\":\"WebPage\",\"@id\":\"https:\\\/\\\/archiv.siov.sk\\\/pozvanka-na-odovzdanie-ceny-msvvam-sr-za-celozivotne-vzdelavanie\\\/\",\"url\":\"https:\\\/\\\/archiv.siov.sk\\\/pozvanka-na-odovzdanie-ceny-msvvam-sr-za-celozivotne-vzdelavanie\\\/\",\"name\":\"Pozv\u00e1nka na odovzdanie Ceny M\u0160VVaM SR za celo\u017eivotn\u00e9 vzdel\u00e1vanie - \u0160IOV - \u0161t\u00e1tny in\u0161tit\u00fat odborn\u00e9ho vzdel\u00e1vania\",\"isPartOf\":{\"@id\":\"https:\\\/\\\/archiv.siov.sk\\\/#website\"},\"primaryImageOfPage\":{\"@id\":\"https:\\\/\\\/archiv.siov.sk\\\/pozvanka-na-odovzdanie-ceny-msvvam-sr-za-celozivotne-vzdelavanie\\\/#primaryimage\"},\"image\":{\"@id\":\"https:\\\/\\\/archiv.siov.sk\\\/pozvanka-na-odovzdanie-ceny-msvvam-sr-za-celozivotne-vzdelavanie\\\/#primaryimage\"},\"thumbnailUrl\":\"https:\\\/\\\/archiv.siov.sk\\\/wp-content\\\/uploads\\\/2025\\\/12\\\/prve-udelovanie-ceny.jpg\",\"datePublished\":\"2025-12-01T14:00:27+00:00\",\"dateModified\":\"2025-12-02T08:29:01+00:00\",\"description\":\"EPALE Slovensko a N\u00e1rodn\u00fd koordin\u00e1tor vzdel\u00e1vania dospel\u00fdch v\u00e1s srde\u010dne poz\u00fdvaj\u00fa na sl\u00e1vnostn\u00e9 odovzd\u00e1vanie Ceny M\u0160VVaM SR za rozvoj celo\u017eivotn\u00e9ho vzdel\u00e1vania.\",\"breadcrumb\":{\"@id\":\"https:\\\/\\\/archiv.siov.sk\\\/pozvanka-na-odovzdanie-ceny-msvvam-sr-za-celozivotne-vzdelavanie\\\/#breadcrumb\"},\"inLanguage\":\"en-GB\",\"potentialAction\":[{\"@type\":\"ReadAction\",\"target\":[\"https:\\\/\\\/archiv.siov.sk\\\/pozvanka-na-odovzdanie-ceny-msvvam-sr-za-celozivotne-vzdelavanie\\\/\"]}]},{\"@type\":\"ImageObject\",\"inLanguage\":\"en-GB\",\"@id\":\"https:\\\/\\\/archiv.siov.sk\\\/pozvanka-na-odovzdanie-ceny-msvvam-sr-za-celozivotne-vzdelavanie\\\/#primaryimage\",\"url\":\"https:\\\/\\\/archiv.siov.sk\\\/wp-content\\\/uploads\\\/2025\\\/12\\\/prve-udelovanie-ceny.jpg\",\"contentUrl\":\"https:\\\/\\\/archiv.siov.sk\\\/wp-content\\\/uploads\\\/2025\\\/12\\\/prve-udelovanie-ceny.jpg\",\"width\":605,\"height\":343,\"caption\":\"prv\u00e9 odovzdanie ceny celozivotne vzdelavanie\"},{\"@type\":\"BreadcrumbList\",\"@id\":\"https:\\\/\\\/archiv.siov.sk\\\/pozvanka-na-odovzdanie-ceny-msvvam-sr-za-celozivotne-vzdelavanie\\\/#breadcrumb\",\"itemListElement\":[{\"@type\":\"ListItem\",\"position\":1,\"name\":\"Home\",\"item\":\"https:\\\/\\\/archiv.siov.sk\\\/\"},{\"@type\":\"ListItem\",\"position\":2,\"name\":\"Pozv\u00e1nka na odovzdanie Ceny M\u0160VVaM SR za celo\u017eivotn\u00e9 vzdel\u00e1vanie\"}]},{\"@type\":\"WebSite\",\"@id\":\"https:\\\/\\\/archiv.siov.sk\\\/#website\",\"url\":\"https:\\\/\\\/archiv.siov.sk\\\/\",\"name\":\"\u0160IOV - \u0161t\u00e1tny in\u0161tit\u00fat odborn\u00e9ho vzdel\u00e1vania\",\"description\":\"\",\"publisher\":{\"@id\":\"https:\\\/\\\/archiv.siov.sk\\\/#organization\"},\"potentialAction\":[{\"@type\":\"SearchAction\",\"target\":{\"@type\":\"EntryPoint\",\"urlTemplate\":\"https:\\\/\\\/archiv.siov.sk\\\/?s={search_term_string}\"},\"query-input\":{\"@type\":\"PropertyValueSpecification\",\"valueRequired\":true,\"valueName\":\"search_term_string\"}}],\"inLanguage\":\"en-GB\"},{\"@type\":\"Organization\",\"@id\":\"https:\\\/\\\/archiv.siov.sk\\\/#organization\",\"name\":\"\u0160IOV - \u0161t\u00e1tny in\u0161tit\u00fat odborn\u00e9ho vzdel\u00e1vania\",\"url\":\"https:\\\/\\\/archiv.siov.sk\\\/\",\"logo\":{\"@type\":\"ImageObject\",\"inLanguage\":\"en-GB\",\"@id\":\"https:\\\/\\\/archiv.siov.sk\\\/#\\\/schema\\\/logo\\\/image\\\/\",\"url\":\"https:\\\/\\\/archiv.siov.sk\\\/wp-content\\\/uploads\\\/2024\\\/02\\\/logo-SIOV.png\",\"contentUrl\":\"https:\\\/\\\/archiv.siov.sk\\\/wp-content\\\/uploads\\\/2024\\\/02\\\/logo-SIOV.png\",\"width\":431,\"height\":143,\"caption\":\"\u0160IOV - \u0161t\u00e1tny in\u0161tit\u00fat odborn\u00e9ho vzdel\u00e1vania\"},\"image\":{\"@id\":\"https:\\\/\\\/archiv.siov.sk\\\/#\\\/schema\\\/logo\\\/image\\\/\"},\"sameAs\":[\"https:\\\/\\\/www.facebook.com\\\/Statnyinstitutodbornehovzdelavania\"]},{\"@type\":\"Person\",\"@id\":\"https:\\\/\\\/archiv.siov.sk\\\/#\\\/schema\\\/person\\\/2d35146a9c0fa51b027e8ff319cee627\",\"name\":\"Gabriela Budayov\u00e1\",\"url\":\"https:\\\/\\\/archiv.siov.sk\\\/en\\\/author\\\/gabriela-budayova\\\/\"}]}<\/script>\n<!-- \/ Yoast SEO plugin. -->","yoast_head_json":{"title":"Pozv\u00e1nka na odovzdanie Ceny M\u0160VVaM SR za celo\u017eivotn\u00e9 vzdel\u00e1vanie - \u0160IOV - \u0161t\u00e1tny in\u0161tit\u00fat odborn\u00e9ho vzdel\u00e1vania","description":"EPALE Slovensko a N\u00e1rodn\u00fd koordin\u00e1tor vzdel\u00e1vania dospel\u00fdch v\u00e1s srde\u010dne poz\u00fdvaj\u00fa na sl\u00e1vnostn\u00e9 odovzd\u00e1vanie Ceny M\u0160VVaM SR za rozvoj celo\u017eivotn\u00e9ho vzdel\u00e1vania.","robots":{"index":"index","follow":"follow","max-snippet":"max-snippet:-1","max-image-preview":"max-image-preview:large","max-video-preview":"max-video-preview:-1"},"canonical":"https:\/\/archiv.siov.sk\/en\/pozvanka-na-odovzdanie-ceny-msvvam-sr-za-celozivotne-vzdelavanie\/","og_locale":"en_GB","og_type":"article","og_title":"Pozv\u00e1nka na odovzdanie Ceny M\u0160VVaM SR za celo\u017eivotn\u00e9 vzdel\u00e1vanie - \u0160IOV - \u0161t\u00e1tny in\u0161tit\u00fat odborn\u00e9ho vzdel\u00e1vania","og_description":"EPALE Slovensko a N\u00e1rodn\u00fd koordin\u00e1tor vzdel\u00e1vania dospel\u00fdch v\u00e1s srde\u010dne poz\u00fdvaj\u00fa na sl\u00e1vnostn\u00e9 odovzd\u00e1vanie Ceny M\u0160VVaM SR za rozvoj celo\u017eivotn\u00e9ho vzdel\u00e1vania.","og_url":"https:\/\/archiv.siov.sk\/en\/pozvanka-na-odovzdanie-ceny-msvvam-sr-za-celozivotne-vzdelavanie\/","og_site_name":"\u0160IOV - \u0161t\u00e1tny in\u0161tit\u00fat odborn\u00e9ho vzdel\u00e1vania","article_publisher":"https:\/\/www.facebook.com\/Statnyinstitutodbornehovzdelavania","article_published_time":"2025-12-01T14:00:27+00:00","article_modified_time":"2025-12-02T08:29:01+00:00","og_image":[{"width":605,"height":343,"url":"https:\/\/archiv.siov.sk\/wp-content\/uploads\/2025\/12\/prve-udelovanie-ceny.jpg","type":"image\/jpeg"}],"author":"Gabriela Budayov\u00e1","twitter_card":"summary_large_image","twitter_misc":{"Written by":"Gabriela Budayov\u00e1","Estimated reading time":"2 minutes"},"schema":{"@context":"https:\/\/schema.org","@graph":[{"@type":"Article","@id":"https:\/\/archiv.siov.sk\/pozvanka-na-odovzdanie-ceny-msvvam-sr-za-celozivotne-vzdelavanie\/#article","isPartOf":{"@id":"https:\/\/archiv.siov.sk\/pozvanka-na-odovzdanie-ceny-msvvam-sr-za-celozivotne-vzdelavanie\/"},"author":{"name":"Gabriela Budayov\u00e1","@id":"https:\/\/archiv.siov.sk\/#\/schema\/person\/2d35146a9c0fa51b027e8ff319cee627"},"headline":"Pozv\u00e1nka na odovzdanie Ceny M\u0160VVaM SR za celo\u017eivotn\u00e9 vzdel\u00e1vanie","datePublished":"2025-12-01T14:00:27+00:00","dateModified":"2025-12-02T08:29:01+00:00","mainEntityOfPage":{"@id":"https:\/\/archiv.siov.sk\/pozvanka-na-odovzdanie-ceny-msvvam-sr-za-celozivotne-vzdelavanie\/"},"wordCount":246,"publisher":{"@id":"https:\/\/archiv.siov.sk\/#organization"},"image":{"@id":"https:\/\/archiv.siov.sk\/pozvanka-na-odovzdanie-ceny-msvvam-sr-za-celozivotne-vzdelavanie\/#primaryimage"},"thumbnailUrl":"https:\/\/archiv.siov.sk\/wp-content\/uploads\/2025\/12\/prve-udelovanie-ceny.jpg","articleSection":["Aktuality"],"inLanguage":"en-GB"},{"@type":"WebPage","@id":"https:\/\/archiv.siov.sk\/pozvanka-na-odovzdanie-ceny-msvvam-sr-za-celozivotne-vzdelavanie\/","url":"https:\/\/archiv.siov.sk\/pozvanka-na-odovzdanie-ceny-msvvam-sr-za-celozivotne-vzdelavanie\/","name":"Pozv\u00e1nka na odovzdanie Ceny M\u0160VVaM SR za celo\u017eivotn\u00e9 vzdel\u00e1vanie - \u0160IOV - \u0161t\u00e1tny in\u0161tit\u00fat odborn\u00e9ho vzdel\u00e1vania","isPartOf":{"@id":"https:\/\/archiv.siov.sk\/#website"},"primaryImageOfPage":{"@id":"https:\/\/archiv.siov.sk\/pozvanka-na-odovzdanie-ceny-msvvam-sr-za-celozivotne-vzdelavanie\/#primaryimage"},"image":{"@id":"https:\/\/archiv.siov.sk\/pozvanka-na-odovzdanie-ceny-msvvam-sr-za-celozivotne-vzdelavanie\/#primaryimage"},"thumbnailUrl":"https:\/\/archiv.siov.sk\/wp-content\/uploads\/2025\/12\/prve-udelovanie-ceny.jpg","datePublished":"2025-12-01T14:00:27+00:00","dateModified":"2025-12-02T08:29:01+00:00","description":"EPALE Slovensko a N\u00e1rodn\u00fd koordin\u00e1tor vzdel\u00e1vania dospel\u00fdch v\u00e1s srde\u010dne poz\u00fdvaj\u00fa na sl\u00e1vnostn\u00e9 odovzd\u00e1vanie Ceny M\u0160VVaM SR za rozvoj celo\u017eivotn\u00e9ho vzdel\u00e1vania.","breadcrumb":{"@id":"https:\/\/archiv.siov.sk\/pozvanka-na-odovzdanie-ceny-msvvam-sr-za-celozivotne-vzdelavanie\/#breadcrumb"},"inLanguage":"en-GB","potentialAction":[{"@type":"ReadAction","target":["https:\/\/archiv.siov.sk\/pozvanka-na-odovzdanie-ceny-msvvam-sr-za-celozivotne-vzdelavanie\/"]}]},{"@type":"ImageObject","inLanguage":"en-GB","@id":"https:\/\/archiv.siov.sk\/pozvanka-na-odovzdanie-ceny-msvvam-sr-za-celozivotne-vzdelavanie\/#primaryimage","url":"https:\/\/archiv.siov.sk\/wp-content\/uploads\/2025\/12\/prve-udelovanie-ceny.jpg","contentUrl":"https:\/\/archiv.siov.sk\/wp-content\/uploads\/2025\/12\/prve-udelovanie-ceny.jpg","width":605,"height":343,"caption":"prv\u00e9 odovzdanie ceny celozivotne vzdelavanie"},{"@type":"BreadcrumbList","@id":"https:\/\/archiv.siov.sk\/pozvanka-na-odovzdanie-ceny-msvvam-sr-za-celozivotne-vzdelavanie\/#breadcrumb","itemListElement":[{"@type":"ListItem","position":1,"name":"Home","item":"https:\/\/archiv.siov.sk\/"},{"@type":"ListItem","position":2,"name":"Pozv\u00e1nka na odovzdanie Ceny M\u0160VVaM SR za celo\u017eivotn\u00e9 vzdel\u00e1vanie"}]},{"@type":"WebSite","@id":"https:\/\/archiv.siov.sk\/#website","url":"https:\/\/archiv.siov.sk\/","name":"\u0160IOV - \u0161t\u00e1tny in\u0161tit\u00fat odborn\u00e9ho vzdel\u00e1vania","description":"","publisher":{"@id":"https:\/\/archiv.siov.sk\/#organization"},"potentialAction":[{"@type":"SearchAction","target":{"@type":"EntryPoint","urlTemplate":"https:\/\/archiv.siov.sk\/?s={search_term_string}"},"query-input":{"@type":"PropertyValueSpecification","valueRequired":true,"valueName":"search_term_string"}}],"inLanguage":"en-GB"},{"@type":"Organization","@id":"https:\/\/archiv.siov.sk\/#organization","name":"\u0160IOV - \u0161t\u00e1tny in\u0161tit\u00fat odborn\u00e9ho vzdel\u00e1vania","url":"https:\/\/archiv.siov.sk\/","logo":{"@type":"ImageObject","inLanguage":"en-GB","@id":"https:\/\/archiv.siov.sk\/#\/schema\/logo\/image\/","url":"https:\/\/archiv.siov.sk\/wp-content\/uploads\/2024\/02\/logo-SIOV.png","contentUrl":"https:\/\/archiv.siov.sk\/wp-content\/uploads\/2024\/02\/logo-SIOV.png","width":431,"height":143,"caption":"\u0160IOV - \u0161t\u00e1tny in\u0161tit\u00fat odborn\u00e9ho vzdel\u00e1vania"},"image":{"@id":"https:\/\/archiv.siov.sk\/#\/schema\/logo\/image\/"},"sameAs":["https:\/\/www.facebook.com\/Statnyinstitutodbornehovzdelavania"]},{"@type":"Person","@id":"https:\/\/archiv.siov.sk\/#\/schema\/person\/2d35146a9c0fa51b027e8ff319cee627","name":"Gabriela Budayov\u00e1","url":"https:\/\/archiv.siov.sk\/en\/author\/gabriela-budayova\/"}]}},"_links":{"self":[{"href":"https:\/\/archiv.siov.sk\/en\/wp-json\/wp\/v2\/posts\/21957","targetHints":{"allow":["GET"]}}],"collection":[{"href":"https:\/\/archiv.siov.sk\/en\/wp-json\/wp\/v2\/posts"}],"about":[{"href":"https:\/\/archiv.siov.sk\/en\/wp-json\/wp\/v2\/types\/post"}],"author":[{"embeddable":true,"href":"https:\/\/archiv.siov.sk\/en\/wp-json\/wp\/v2\/users\/10"}],"replies":[{"embeddable":true,"href":"https:\/\/archiv.siov.sk\/en\/wp-json\/wp\/v2\/comments?post=21957"}],"version-history":[{"count":3,"href":"https:\/\/archiv.siov.sk\/en\/wp-json\/wp\/v2\/posts\/21957\/revisions"}],"predecessor-version":[{"id":21966,"href":"https:\/\/archiv.siov.sk\/en\/wp-json\/wp\/v2\/posts\/21957\/revisions\/21966"}],"wp:featuredmedia":[{"embeddable":true,"href":"https:\/\/archiv.siov.sk\/en\/wp-json\/wp\/v2\/media\/21959"}],"wp:attachment":[{"href":"https:\/\/archiv.siov.sk\/en\/wp-json\/wp\/v2\/media?parent=21957"}],"wp:term":[{"taxonomy":"category","embeddable":true,"href":"https:\/\/archiv.siov.sk\/en\/wp-json\/wp\/v2\/categories?post=21957"},{"taxonomy":"post_tag","embeddable":true,"href":"https:\/\/archiv.siov.sk\/en\/wp-json\/wp\/v2\/tags?post=21957"}],"curies":[{"name":"wp","href":"https:\/\/api.w.org\/{rel}","templated":true}]}}