{"id":21896,"date":"2025-11-28T13:37:58","date_gmt":"2025-11-28T12:37:58","guid":{"rendered":"https:\/\/archiv.siov.sk\/?p=21896"},"modified":"2025-12-02T11:54:29","modified_gmt":"2025-12-02T10:54:29","slug":"podnikanie-s-poslanim-27-medzinarodny-veltrh-cvicnych-firiem-v-bratislave-ukazal-novu-generaciu-zodpovednych-podnikatelov","status":"publish","type":"post","link":"https:\/\/archiv.siov.sk\/en\/podnikanie-s-poslanim-27-medzinarodny-veltrh-cvicnych-firiem-v-bratislave-ukazal-novu-generaciu-zodpovednych-podnikatelov\/","title":{"rendered":"Podnikanie s poslan\u00edm: 27. Medzin\u00e1rodn\u00fd ve\u013etrh cvi\u010dn\u00fdch firiem v Bratislave uk\u00e1zal nov\u00fa gener\u00e1ciu zodpovedn\u00fdch podnikate\u013eov"},"content":{"rendered":"<div data-elementor-type=\"wp-post\" data-elementor-id=\"21896\" class=\"elementor elementor-21896\" data-elementor-post-type=\"post\">\n\t\t\t\t<div class=\"elementor-element elementor-element-3795ce1d e-flex e-con-boxed e-con e-parent\" data-id=\"3795ce1d\" data-element_type=\"container\" data-e-type=\"container\">\n\t\t\t\t\t<div class=\"e-con-inner\">\n\t\t\t\t<div class=\"elementor-element elementor-element-4855684 elementor-widget elementor-widget-text-editor\" data-id=\"4855684\" data-element_type=\"widget\" data-e-type=\"widget\" data-widget_type=\"text-editor.default\">\n\t\t\t\t<div class=\"elementor-widget-container\">\n\t\t\t\t\t\t\t\t\t<p data-path-to-node=\"1\">V d\u0148och <b>26. a 27. novembra<\/b> sa v Bratislave konal 27. Medzin\u00e1rodn\u00fd ve\u013etrh cvi\u010dn\u00fdch firiem (MVCF) s t\u00e9mou <b>Podnikanie s poslan\u00edm<\/b>. T\u00e1to my\u0161lienka zd\u00f4raz\u0148uje, \u017ee modern\u00e9 podnikanie nie je len cestou k zisku, ale aj siln\u00fdm n\u00e1strojom na zlep\u0161ovanie spolo\u010dnosti.<\/p><p data-path-to-node=\"2\">Ve\u013etrh potvrdil svoj medzin\u00e1rodn\u00fd rozmer. Predstavilo sa na \u0148om celkovo <b>60 cvi\u010dn\u00fdch firiem<\/b>, vr\u00e1tane 14 zahrani\u010dn\u00fdch firiem z Bulharska, Rak\u00faska a \u010ceskej republiky.<\/p><p data-path-to-node=\"2\">\u017diaci so svojimi podnikmi z cel\u00e9ho Slovenska a zahrani\u010dia uk\u00e1zali, \u017ee v\u00fdzvy dne\u0161nej doby vn\u00edmaj\u00fa citlivo. Zauj\u00edmav\u00fdm trendom bola prezent\u00e1cia viacer\u00fdch firiem, ktor\u00e9 sa \u0161pecializovali na <b>podporu du\u0161evn\u00e9ho zdravia mu\u017eov a \u017eien<\/b>, \u010d\u00edm jasne reflektovali na aktu\u00e1lne spolo\u010densk\u00e9 potreby. T\u00fdm naplnili hlavn\u00fa my\u0161lienku ve\u013etrhu \u2013 podnika\u0165 s jasn\u00fdm soci\u00e1lnym alebo environment\u00e1lnym poslan\u00edm.<\/p><h3>Sl\u00e1vnostn\u00e9 otvorenie a Podnikanie s poslan\u00edm<\/h3><p data-path-to-node=\"4\">Ve\u013etrh sa za\u010dal sl\u00e1vnostn\u00fdm <b>krstom pracovn\u00e9ho zo\u0161ita Cvi\u010dn\u00e1 firma 2.0<\/b>. \u00dalohu krstnej mamy prijala <b>Ivana Moln\u00e1rov\u00e1<\/b>, ktor\u00e1 zo\u0161it pokrstila spolo\u010dne s <b>Michaelou \u010eur\u010dekovou<\/b>, n\u00e1mestn\u00ed\u010dkou riadite\u013ea \u0160IOV pre \u00dasek odborn\u00e9ho vzdel\u00e1vania a pr\u00edpravy spolo\u010dne s jeho autorkami z ob\u010dianskeho zdru\u017eenia Hekima.<\/p><p data-path-to-node=\"4\">Zo\u0161it symbolicky odovzdali do r\u00fak \u017eia\u010dky, <strong style=\"font-size: 16px;\">ktor\u00e1 symbolicky zast\u00fapila v\u0161etk\u00fdch \u017eiakov, pre ktor\u00fdch je pracovn\u00fd zo\u0161it Cvi\u010dn\u00e1 firma 2.0 vytvoren\u00fd.<\/strong><\/p><h3>Od n\u00e1rodnej s\u00fa\u0165a\u017ee cez medzin\u00e1rodn\u00e9 EuroSkills k vlastn\u00e9mu rastu<\/h3><p data-path-to-node=\"7\">Bohat\u00fd sprievodn\u00fd program pon\u00fakol in\u0161pirat\u00edvne stretnutia. V panelovej diskusii k s\u00fa\u0165a\u017eiam Skills Slovakia sa predstavili <b>Oliver Stan\u010d\u00edk a Nat\u00e1lia \u0160porkov\u00e1<\/b>, prv\u00ed z\u00e1stupcovia Slovenska v kateg\u00f3rii <b>Podnikanie a rozvoj biznisu (Entrepreneurship\/Business Development)<\/b> na tohtoro\u010dn\u00fdch EuroSkills. V r\u00e1mci s\u00fa\u0165a\u017ee museli zalo\u017ei\u0165 cvi\u010dn\u00fa firmu zameran\u00fa na poskytovanie pr\u00e1vneho poradenstva, \u010d\u00edm rie\u0161ili probl\u00e9m nerovn\u00e9ho pr\u00edstupu \u013eud\u00ed k pr\u00e1vu.<\/p><p data-path-to-node=\"8\"><b>Gabriela Horeck\u00e1<\/b> po\u010das diskusie upriamila pozornos\u0165 na hlb\u0161\u00ed zmysel predmetu Cvi\u010dn\u00e1 firma, ktor\u00fd mlad\u00fdm \u013eu\u010fom pom\u00e1ha komplexne spozna\u0165 sam\u00fdch seba, svoje siln\u00e9 a slab\u00e9 str\u00e1nky, a nasmerova\u0165 tak ich kari\u00e9rnu cestu. Zd\u00f4raznila, \u017ee Cvi\u010dn\u00e1 firma rozv\u00edja <b>soft skills<\/b> (m\u00e4kk\u00e9 zru\u010dnosti) pravdepodobne najviac zo v\u0161etk\u00fdch \u0161kolsk\u00fdch predmetov. T\u00fdmto z\u00e1rove\u0148 potvrdila my\u0161lienku, ktor\u00e1 \u010dasto rezonuje v <a href=\"https:\/\/siov.sk\/podcast-siov-bizstarter\/\" target=\"_blank\" rel=\"noopener\"><b>\u0160IOV BizStarter<\/b><\/a>, s\u00e9rii podcastov\u00fdch rozhovorov s odborn\u00edkmi z praxe, ktor\u00e9 s\u00fa ur\u010den\u00e9 pre u\u010dite\u013eov a \u017eiakov cvi\u010dn\u00fdch firiem.<\/p><p data-path-to-node=\"9\">D\u00f4le\u017eitos\u0165 s\u00fa\u0165a\u017e\u00ed pod\u010diarkla aj <b>Vlasta P\u00fachovsk\u00e1<\/b>, ktor\u00e1 uviedla, \u017ee v\u010faka s\u00fa\u0165a\u017eiam Skills Slovakia vychov\u00e1vame nov\u00fa gener\u00e1ciu odborn\u00edkov a EuroSkills n\u00e1m sl\u00fa\u017ei na porovnanie sa s Eur\u00f3pou.<\/p><p data-path-to-node=\"10\">Expertka <b>Lenka Hru\u0161kov\u00e1<\/b>, ktor\u00e1 pripravovala Olivera a Nat\u00e1liu na EuroSkills a z\u00e1rove\u0148 hodnotila s\u00fa\u0165a\u017eiacich v D\u00e1nsku, poskytla cenn\u00fd poh\u013ead na kvality eur\u00f3pskych podnikate\u013esk\u00fdch n\u00e1padov.<\/p><p data-path-to-node=\"10\">Zauj\u00edmavou prezent\u00e1ciou bol aj vstup mlad\u00e9ho podnikate\u013ea <b>\u013dubom\u00edra Cabana<\/b>, mlad\u00e9ho podnikate\u013ea, ktor\u00fd si s\u00e1m pre\u0161iel Cvi\u010dnou firmou a dnes \u00faspe\u0161ne vedie svoju vlastn\u00fa spolo\u010dnos\u0165.<\/p><p data-path-to-node=\"10\">Po\u010das oboch dn\u00ed sa n\u00e1v\u0161tevn\u00edci mohli z\u00fa\u010dastni\u0165 zauj\u00edmav\u00fdch aktiv\u00edt, napr\u00edklad v\u010faka workshopu Spoznaj seba &#8211; objav svoj potenci\u00e1l v\u010faka EUROPASS, semin\u00e1rom pre u\u010dite\u013eov &#8211; Sp\u00e4tn\u00e1 v\u00e4zba a trasovanie absolventov, Rozvoj kult\u00fary kvality v strednej \u0161kole Certifik\u00e1cia in\u0161tit\u00faci\u00ed vzdel\u00e1vania dospel\u00fdch &#8211; ako vyplni\u0165 sebahodnotiacu spr\u00e1vu. Medzi zauj\u00edmav\u00e9 t\u00e9my patrili aj diskusia <strong data-start=\"1131\" data-end=\"1158\">Podnikanie s poslan\u00edm <\/strong>alebo\u00a0projekt\u00a0<strong data-start=\"1168\" data-end=\"1190\">Financi v lavici.<\/strong><\/p><p data-path-to-node=\"10\">Ve\u013etrh sprev\u00e1dzali aj s\u00fa\u0165a\u017ee cvi\u010dn\u00fdch firiem v kateg\u00f3ri\u00e1ch ako <strong data-start=\"1008\" data-end=\"1053\">E-prezent\u00e1cia, St\u00e1nok, Reprezentant firmy, L\u00edder v starostlivosti o zamestnancov<\/strong>\u00a0\u010di\u00a0<strong data-start=\"1057\" data-end=\"1090\">Zodpovedn\u00e1 a udr\u017eate\u013en\u00e1 firma<\/strong>.<\/p><h3>Ocenenia a v\u00ed\u0165azi<\/h3><p data-path-to-node=\"12\">Vrcholom podujatia bolo vyhl\u00e1senie v\u00fdsledkov s\u00fa\u0165a\u017e\u00ed, v r\u00e1mci ktor\u00fdch bolo odovzdan\u00fdch <b>25 ocenen\u00ed<\/b>. Titul <b>V\u00ed\u0165az 27. medzin\u00e1rodn\u00e9ho ve\u013etrhu cvi\u010dn\u00fdch firiem<\/b> z\u00edskala firma <b style=\"font-style: inherit;\">BesTy, o. z.<\/b><span style=\"font-size: 16px;\"> &#8211; Obchodn\u00e1 akad\u00e9mia, Watsonova 61, Ko\u0161ice (Poskytovanie slu\u017eieb osobn\u00e9ho charakteru, profikamar\u00e1t &#8211; rovesn\u00edcka psychologick\u00e1 pomoc).<\/span><\/p><p data-path-to-node=\"15,0,0\"><b>2. miesto v hlavnej s\u00fa\u0165a\u017ei:<\/b> Firma <b>MascuLight<\/b> &#8211; Obchodn\u00e1 akad\u00e9mia, Nev\u00e4dzov\u00e1 3, Bratislava (Vzdel\u00e1vanie mlad\u00fdch mu\u017eov v oblasti ment\u00e1lneho zdravia a osobnostn\u00e9ho rozvoja).<\/p><p><strong>\u00daspech \u017eiakov zo z\u00e1kladnej \u0161koly<\/strong><\/p><p data-path-to-node=\"17\"><b>3. miesto v hlavnej s\u00fa\u0165a\u017ei<\/b> a z\u00e1rove\u0148 <b>1. miesto v s\u00fa\u0165a\u017ei &#8222;90 sek\u00fand vo v\u00fd\u0165ahu&#8220; <\/b>z\u00edskala firma <b style=\"font-style: inherit;\">D.E S., s.r.o.<\/b><span style=\"font-size: 16px;\"> &#8211; Z\u0160 Leopoldov, N\u00e1mestie sv. Ign\u00e1ca 31, Leopoldov &#8211; z<\/span>\u00e1\u017eitkov\u00e1 agent\u00fara. Hoci s\u00fa cvi\u010dn\u00e9 firmy roz\u0161\u00edren\u00e9 najm\u00e4 na stredn\u00fdch \u0161kol\u00e1ch, t\u00edto mlad\u00ed podnikatelia zo z\u00e1kladnej \u0161koly<span style=\"font-size: 16px;\">\u00a0dok\u00e1zali obst\u00e1\u0165 v silnej konkurencii star\u0161\u00edch \u017eiakov.<\/span><\/p><p data-path-to-node=\"18\"><strong>\u00daspechy si odniesli aj zahrani\u010dn\u00ed vystavovatelia:<\/strong><\/p><ul data-path-to-node=\"19\"><li><p data-path-to-node=\"19,0,0\">Z\u00e1stupca firmy <strong>TOURPACK <\/strong>&#8211; High School With Foreign Language Education &#8222;A.S.P.&#8220;, Varna, Bulharsko &#8211; z\u00edskal 2. miesto v kateg\u00f3rii Reprezentant.<\/p><\/li><li><p data-path-to-node=\"19,1,0\"><b>Sofia LTD.<\/b> &#8211; National High School in Finance and Business, Sofia, Bulharsko (Maloobchodn\u00fd predaj po\u010d\u00edta\u010dov a perif\u00e9rnych zariaden\u00ed) &#8211; 2. miesto v kateg\u00f3rii St\u00e1nok.<\/p><\/li><li><p data-path-to-node=\"19,2,0\"><b>Lithos, s. r. o.<\/b> &#8211; Obchodn\u00ed akademie, SO\u0160 a Jazykov\u00e1 \u0161kola, Hradec Kr\u00e1lov\u00e9, \u010cR (Prodej kamenn\u00fdch v\u00fdrobk\u016f do dom\u00e1cnost\u00ed a zahrad) &#8211; 3. miesto v kateg\u00f3rii E-prezent\u00e1cia.<\/p><\/li><li><p data-path-to-node=\"19,3,0\">Z\u00e1stupca firmy <b>Vertical, s. r. o.<\/b> &#8211; Obchodn\u00ed akademie, SO\u0160 a Jazykov\u00e1 \u0161kola, Hradec Kr\u00e1lov\u00e9, \u010cR (Predaj potrieb pre horolezcov, z\u00e1jazdy na ferraty) &#8211; z\u00edskal 3. miesto v kateg\u00f3rii Reprezentant.<\/p><\/li><\/ul><p data-path-to-node=\"20\">Dvojd\u0148ov\u00e9 podujatie op\u00e4\u0165 preuk\u00e1zalo obrovsk\u00fd potenci\u00e1l (nielen) stredo\u0161kolsk\u00e9ho podnikania a potvrdilo, \u017ee bud\u00faca gener\u00e1cia mana\u017e\u00e9rov a podnikate\u013eov je pripraven\u00e1 nielen zar\u00e1ba\u0165, ale aj meni\u0165 svet.<\/p>\t\t\t\t\t\t\t\t<\/div>\n\t\t\t\t<\/div>\n\t\t\t\t<div class=\"elementor-element elementor-element-9c411dd gallery-spacing-custom elementor-widget elementor-widget-image-gallery\" data-id=\"9c411dd\" data-element_type=\"widget\" data-e-type=\"widget\" data-widget_type=\"image-gallery.default\">\n\t\t\t\t<div class=\"elementor-widget-container\">\n\t\t\t\t\t\t\t<div class=\"elementor-image-gallery\">\n\t\t\t<div id='gallery-3' class='gallery galleryid-21896 gallery-columns-5 gallery-size-thumbnail'><figure class='gallery-item'>\n\t\t\t<div class='gallery-icon portrait'>\n\t\t\t\t<a data-elementor-open-lightbox=\"yes\" data-elementor-lightbox-slideshow=\"9c411dd\" data-elementor-lightbox-title=\"IMG_9295\" data-e-action-hash=\"#elementor-action%3Aaction%3Dlightbox%26settings%3DeyJpZCI6MjE5MzIsInVybCI6Imh0dHBzOlwvXC9hcmNoaXYuc2lvdi5za1wvd3AtY29udGVudFwvdXBsb2Fkc1wvMjAyNVwvMTFcL0lNR185Mjk1LXNjYWxlZC5qcGVnIiwic2xpZGVzaG93IjoiOWM0MTFkZCJ9\" href='https:\/\/archiv.siov.sk\/wp-content\/uploads\/2025\/11\/IMG_9295-scaled.jpeg'><img decoding=\"async\" width=\"150\" height=\"150\" src=\"https:\/\/archiv.siov.sk\/wp-content\/uploads\/2025\/11\/IMG_9295-150x150.jpeg\" class=\"attachment-thumbnail size-thumbnail\" alt=\"\" \/><\/a>\n\t\t\t<\/div><\/figure><figure class='gallery-item'>\n\t\t\t<div class='gallery-icon portrait'>\n\t\t\t\t<a data-elementor-open-lightbox=\"yes\" data-elementor-lightbox-slideshow=\"9c411dd\" data-elementor-lightbox-title=\"IMG_9166\" data-e-action-hash=\"#elementor-action%3Aaction%3Dlightbox%26settings%3DeyJpZCI6MjE5MTQsInVybCI6Imh0dHBzOlwvXC9hcmNoaXYuc2lvdi5za1wvd3AtY29udGVudFwvdXBsb2Fkc1wvMjAyNVwvMTFcL0lNR185MTY2LXNjYWxlZC5qcGVnIiwic2xpZGVzaG93IjoiOWM0MTFkZCJ9\" href='https:\/\/archiv.siov.sk\/wp-content\/uploads\/2025\/11\/IMG_9166-scaled.jpeg'><img decoding=\"async\" width=\"150\" height=\"150\" src=\"https:\/\/archiv.siov.sk\/wp-content\/uploads\/2025\/11\/IMG_9166-150x150.jpeg\" class=\"attachment-thumbnail size-thumbnail\" alt=\"\" \/><\/a>\n\t\t\t<\/div><\/figure><figure class='gallery-item'>\n\t\t\t<div class='gallery-icon portrait'>\n\t\t\t\t<a data-elementor-open-lightbox=\"yes\" data-elementor-lightbox-slideshow=\"9c411dd\" data-elementor-lightbox-title=\"IMG_9168\" data-e-action-hash=\"#elementor-action%3Aaction%3Dlightbox%26settings%3DeyJpZCI6MjE5MTUsInVybCI6Imh0dHBzOlwvXC9hcmNoaXYuc2lvdi5za1wvd3AtY29udGVudFwvdXBsb2Fkc1wvMjAyNVwvMTFcL0lNR185MTY4LXNjYWxlZC5qcGVnIiwic2xpZGVzaG93IjoiOWM0MTFkZCJ9\" href='https:\/\/archiv.siov.sk\/wp-content\/uploads\/2025\/11\/IMG_9168-scaled.jpeg'><img decoding=\"async\" width=\"150\" height=\"150\" src=\"https:\/\/archiv.siov.sk\/wp-content\/uploads\/2025\/11\/IMG_9168-150x150.jpeg\" class=\"attachment-thumbnail size-thumbnail\" alt=\"\" \/><\/a>\n\t\t\t<\/div><\/figure><figure class='gallery-item'>\n\t\t\t<div class='gallery-icon portrait'>\n\t\t\t\t<a data-elementor-open-lightbox=\"yes\" data-elementor-lightbox-slideshow=\"9c411dd\" data-elementor-lightbox-title=\"IMG_9169\" data-e-action-hash=\"#elementor-action%3Aaction%3Dlightbox%26settings%3DeyJpZCI6MjE5MTYsInVybCI6Imh0dHBzOlwvXC9hcmNoaXYuc2lvdi5za1wvd3AtY29udGVudFwvdXBsb2Fkc1wvMjAyNVwvMTFcL0lNR185MTY5LXNjYWxlZC5qcGVnIiwic2xpZGVzaG93IjoiOWM0MTFkZCJ9\" href='https:\/\/archiv.siov.sk\/wp-content\/uploads\/2025\/11\/IMG_9169-scaled.jpeg'><img loading=\"lazy\" decoding=\"async\" width=\"150\" height=\"150\" src=\"https:\/\/archiv.siov.sk\/wp-content\/uploads\/2025\/11\/IMG_9169-150x150.jpeg\" class=\"attachment-thumbnail size-thumbnail\" alt=\"\" \/><\/a>\n\t\t\t<\/div><\/figure><figure class='gallery-item'>\n\t\t\t<div class='gallery-icon portrait'>\n\t\t\t\t<a data-elementor-open-lightbox=\"yes\" data-elementor-lightbox-slideshow=\"9c411dd\" data-elementor-lightbox-title=\"IMG_9171\" data-e-action-hash=\"#elementor-action%3Aaction%3Dlightbox%26settings%3DeyJpZCI6MjE5MTcsInVybCI6Imh0dHBzOlwvXC9hcmNoaXYuc2lvdi5za1wvd3AtY29udGVudFwvdXBsb2Fkc1wvMjAyNVwvMTFcL0lNR185MTcxLXNjYWxlZC5qcGVnIiwic2xpZGVzaG93IjoiOWM0MTFkZCJ9\" href='https:\/\/archiv.siov.sk\/wp-content\/uploads\/2025\/11\/IMG_9171-scaled.jpeg'><img loading=\"lazy\" decoding=\"async\" width=\"150\" height=\"150\" src=\"https:\/\/archiv.siov.sk\/wp-content\/uploads\/2025\/11\/IMG_9171-150x150.jpeg\" class=\"attachment-thumbnail size-thumbnail\" alt=\"\" \/><\/a>\n\t\t\t<\/div><\/figure><figure class='gallery-item'>\n\t\t\t<div class='gallery-icon portrait'>\n\t\t\t\t<a data-elementor-open-lightbox=\"yes\" data-elementor-lightbox-slideshow=\"9c411dd\" data-elementor-lightbox-title=\"IMG_9182\" data-e-action-hash=\"#elementor-action%3Aaction%3Dlightbox%26settings%3DeyJpZCI6MjE5MTgsInVybCI6Imh0dHBzOlwvXC9hcmNoaXYuc2lvdi5za1wvd3AtY29udGVudFwvdXBsb2Fkc1wvMjAyNVwvMTFcL0lNR185MTgyLXNjYWxlZC5qcGVnIiwic2xpZGVzaG93IjoiOWM0MTFkZCJ9\" href='https:\/\/archiv.siov.sk\/wp-content\/uploads\/2025\/11\/IMG_9182-scaled.jpeg'><img loading=\"lazy\" decoding=\"async\" width=\"150\" height=\"150\" src=\"https:\/\/archiv.siov.sk\/wp-content\/uploads\/2025\/11\/IMG_9182-150x150.jpeg\" class=\"attachment-thumbnail size-thumbnail\" alt=\"\" \/><\/a>\n\t\t\t<\/div><\/figure><figure class='gallery-item'>\n\t\t\t<div class='gallery-icon portrait'>\n\t\t\t\t<a data-elementor-open-lightbox=\"yes\" data-elementor-lightbox-slideshow=\"9c411dd\" data-elementor-lightbox-title=\"IMG_9183\" data-e-action-hash=\"#elementor-action%3Aaction%3Dlightbox%26settings%3DeyJpZCI6MjE5MTksInVybCI6Imh0dHBzOlwvXC9hcmNoaXYuc2lvdi5za1wvd3AtY29udGVudFwvdXBsb2Fkc1wvMjAyNVwvMTFcL0lNR185MTgzLXNjYWxlZC5qcGVnIiwic2xpZGVzaG93IjoiOWM0MTFkZCJ9\" href='https:\/\/archiv.siov.sk\/wp-content\/uploads\/2025\/11\/IMG_9183-scaled.jpeg'><img loading=\"lazy\" decoding=\"async\" width=\"150\" height=\"150\" src=\"https:\/\/archiv.siov.sk\/wp-content\/uploads\/2025\/11\/IMG_9183-150x150.jpeg\" class=\"attachment-thumbnail size-thumbnail\" alt=\"\" \/><\/a>\n\t\t\t<\/div><\/figure><figure class='gallery-item'>\n\t\t\t<div class='gallery-icon portrait'>\n\t\t\t\t<a data-elementor-open-lightbox=\"yes\" data-elementor-lightbox-slideshow=\"9c411dd\" data-elementor-lightbox-title=\"IMG_9198\" data-e-action-hash=\"#elementor-action%3Aaction%3Dlightbox%26settings%3DeyJpZCI6MjE5MjAsInVybCI6Imh0dHBzOlwvXC9hcmNoaXYuc2lvdi5za1wvd3AtY29udGVudFwvdXBsb2Fkc1wvMjAyNVwvMTFcL0lNR185MTk4LXNjYWxlZC5qcGVnIiwic2xpZGVzaG93IjoiOWM0MTFkZCJ9\" href='https:\/\/archiv.siov.sk\/wp-content\/uploads\/2025\/11\/IMG_9198-scaled.jpeg'><img loading=\"lazy\" decoding=\"async\" width=\"150\" height=\"150\" src=\"https:\/\/archiv.siov.sk\/wp-content\/uploads\/2025\/11\/IMG_9198-150x150.jpeg\" class=\"attachment-thumbnail size-thumbnail\" alt=\"\" \/><\/a>\n\t\t\t<\/div><\/figure><figure class='gallery-item'>\n\t\t\t<div class='gallery-icon portrait'>\n\t\t\t\t<a data-elementor-open-lightbox=\"yes\" data-elementor-lightbox-slideshow=\"9c411dd\" data-elementor-lightbox-title=\"IMG_9203\" data-e-action-hash=\"#elementor-action%3Aaction%3Dlightbox%26settings%3DeyJpZCI6MjE5MjEsInVybCI6Imh0dHBzOlwvXC9hcmNoaXYuc2lvdi5za1wvd3AtY29udGVudFwvdXBsb2Fkc1wvMjAyNVwvMTFcL0lNR185MjAzLXNjYWxlZC5qcGVnIiwic2xpZGVzaG93IjoiOWM0MTFkZCJ9\" href='https:\/\/archiv.siov.sk\/wp-content\/uploads\/2025\/11\/IMG_9203-scaled.jpeg'><img loading=\"lazy\" decoding=\"async\" width=\"150\" height=\"150\" src=\"https:\/\/archiv.siov.sk\/wp-content\/uploads\/2025\/11\/IMG_9203-150x150.jpeg\" class=\"attachment-thumbnail size-thumbnail\" alt=\"\" \/><\/a>\n\t\t\t<\/div><\/figure><figure class='gallery-item'>\n\t\t\t<div class='gallery-icon portrait'>\n\t\t\t\t<a data-elementor-open-lightbox=\"yes\" data-elementor-lightbox-slideshow=\"9c411dd\" data-elementor-lightbox-title=\"IMG_9205\" data-e-action-hash=\"#elementor-action%3Aaction%3Dlightbox%26settings%3DeyJpZCI6MjE5MjIsInVybCI6Imh0dHBzOlwvXC9hcmNoaXYuc2lvdi5za1wvd3AtY29udGVudFwvdXBsb2Fkc1wvMjAyNVwvMTFcL0lNR185MjA1LXNjYWxlZC5qcGVnIiwic2xpZGVzaG93IjoiOWM0MTFkZCJ9\" href='https:\/\/archiv.siov.sk\/wp-content\/uploads\/2025\/11\/IMG_9205-scaled.jpeg'><img loading=\"lazy\" decoding=\"async\" width=\"150\" height=\"150\" src=\"https:\/\/archiv.siov.sk\/wp-content\/uploads\/2025\/11\/IMG_9205-150x150.jpeg\" class=\"attachment-thumbnail size-thumbnail\" alt=\"\" \/><\/a>\n\t\t\t<\/div><\/figure><figure class='gallery-item'>\n\t\t\t<div class='gallery-icon portrait'>\n\t\t\t\t<a data-elementor-open-lightbox=\"yes\" data-elementor-lightbox-slideshow=\"9c411dd\" data-elementor-lightbox-title=\"IMG_9207\" data-e-action-hash=\"#elementor-action%3Aaction%3Dlightbox%26settings%3DeyJpZCI6MjE5MjMsInVybCI6Imh0dHBzOlwvXC9hcmNoaXYuc2lvdi5za1wvd3AtY29udGVudFwvdXBsb2Fkc1wvMjAyNVwvMTFcL0lNR185MjA3LXNjYWxlZC5qcGVnIiwic2xpZGVzaG93IjoiOWM0MTFkZCJ9\" href='https:\/\/archiv.siov.sk\/wp-content\/uploads\/2025\/11\/IMG_9207-scaled.jpeg'><img loading=\"lazy\" decoding=\"async\" width=\"150\" height=\"150\" src=\"https:\/\/archiv.siov.sk\/wp-content\/uploads\/2025\/11\/IMG_9207-150x150.jpeg\" class=\"attachment-thumbnail size-thumbnail\" alt=\"\" \/><\/a>\n\t\t\t<\/div><\/figure><figure class='gallery-item'>\n\t\t\t<div class='gallery-icon portrait'>\n\t\t\t\t<a data-elementor-open-lightbox=\"yes\" data-elementor-lightbox-slideshow=\"9c411dd\" data-elementor-lightbox-title=\"IMG_9212\" data-e-action-hash=\"#elementor-action%3Aaction%3Dlightbox%26settings%3DeyJpZCI6MjE5MjQsInVybCI6Imh0dHBzOlwvXC9hcmNoaXYuc2lvdi5za1wvd3AtY29udGVudFwvdXBsb2Fkc1wvMjAyNVwvMTFcL0lNR185MjEyLXNjYWxlZC5qcGVnIiwic2xpZGVzaG93IjoiOWM0MTFkZCJ9\" href='https:\/\/archiv.siov.sk\/wp-content\/uploads\/2025\/11\/IMG_9212-scaled.jpeg'><img loading=\"lazy\" decoding=\"async\" width=\"150\" height=\"150\" src=\"https:\/\/archiv.siov.sk\/wp-content\/uploads\/2025\/11\/IMG_9212-150x150.jpeg\" class=\"attachment-thumbnail size-thumbnail\" alt=\"\" \/><\/a>\n\t\t\t<\/div><\/figure><figure class='gallery-item'>\n\t\t\t<div class='gallery-icon portrait'>\n\t\t\t\t<a data-elementor-open-lightbox=\"yes\" data-elementor-lightbox-slideshow=\"9c411dd\" data-elementor-lightbox-title=\"IMG_9215\" data-e-action-hash=\"#elementor-action%3Aaction%3Dlightbox%26settings%3DeyJpZCI6MjE5MjUsInVybCI6Imh0dHBzOlwvXC9hcmNoaXYuc2lvdi5za1wvd3AtY29udGVudFwvdXBsb2Fkc1wvMjAyNVwvMTFcL0lNR185MjE1LXNjYWxlZC5qcGVnIiwic2xpZGVzaG93IjoiOWM0MTFkZCJ9\" href='https:\/\/archiv.siov.sk\/wp-content\/uploads\/2025\/11\/IMG_9215-scaled.jpeg'><img loading=\"lazy\" decoding=\"async\" width=\"150\" height=\"150\" src=\"https:\/\/archiv.siov.sk\/wp-content\/uploads\/2025\/11\/IMG_9215-150x150.jpeg\" class=\"attachment-thumbnail size-thumbnail\" alt=\"\" \/><\/a>\n\t\t\t<\/div><\/figure><figure class='gallery-item'>\n\t\t\t<div class='gallery-icon portrait'>\n\t\t\t\t<a data-elementor-open-lightbox=\"yes\" data-elementor-lightbox-slideshow=\"9c411dd\" data-elementor-lightbox-title=\"IMG_9220\" data-e-action-hash=\"#elementor-action%3Aaction%3Dlightbox%26settings%3DeyJpZCI6MjE5MjYsInVybCI6Imh0dHBzOlwvXC9hcmNoaXYuc2lvdi5za1wvd3AtY29udGVudFwvdXBsb2Fkc1wvMjAyNVwvMTFcL0lNR185MjIwLXNjYWxlZC5qcGVnIiwic2xpZGVzaG93IjoiOWM0MTFkZCJ9\" href='https:\/\/archiv.siov.sk\/wp-content\/uploads\/2025\/11\/IMG_9220-scaled.jpeg'><img loading=\"lazy\" decoding=\"async\" width=\"150\" height=\"150\" src=\"https:\/\/archiv.siov.sk\/wp-content\/uploads\/2025\/11\/IMG_9220-150x150.jpeg\" class=\"attachment-thumbnail size-thumbnail\" alt=\"\" \/><\/a>\n\t\t\t<\/div><\/figure><figure class='gallery-item'>\n\t\t\t<div class='gallery-icon portrait'>\n\t\t\t\t<a data-elementor-open-lightbox=\"yes\" data-elementor-lightbox-slideshow=\"9c411dd\" data-elementor-lightbox-title=\"IMG_9222\" data-e-action-hash=\"#elementor-action%3Aaction%3Dlightbox%26settings%3DeyJpZCI6MjE5MjcsInVybCI6Imh0dHBzOlwvXC9hcmNoaXYuc2lvdi5za1wvd3AtY29udGVudFwvdXBsb2Fkc1wvMjAyNVwvMTFcL0lNR185MjIyLXNjYWxlZC5qcGVnIiwic2xpZGVzaG93IjoiOWM0MTFkZCJ9\" href='https:\/\/archiv.siov.sk\/wp-content\/uploads\/2025\/11\/IMG_9222-scaled.jpeg'><img loading=\"lazy\" decoding=\"async\" width=\"150\" height=\"150\" src=\"https:\/\/archiv.siov.sk\/wp-content\/uploads\/2025\/11\/IMG_9222-150x150.jpeg\" class=\"attachment-thumbnail size-thumbnail\" alt=\"\" \/><\/a>\n\t\t\t<\/div><\/figure><figure class='gallery-item'>\n\t\t\t<div class='gallery-icon portrait'>\n\t\t\t\t<a data-elementor-open-lightbox=\"yes\" data-elementor-lightbox-slideshow=\"9c411dd\" data-elementor-lightbox-title=\"IMG_9224\" data-e-action-hash=\"#elementor-action%3Aaction%3Dlightbox%26settings%3DeyJpZCI6MjE5MjgsInVybCI6Imh0dHBzOlwvXC9hcmNoaXYuc2lvdi5za1wvd3AtY29udGVudFwvdXBsb2Fkc1wvMjAyNVwvMTFcL0lNR185MjI0LXNjYWxlZC5qcGVnIiwic2xpZGVzaG93IjoiOWM0MTFkZCJ9\" href='https:\/\/archiv.siov.sk\/wp-content\/uploads\/2025\/11\/IMG_9224-scaled.jpeg'><img loading=\"lazy\" decoding=\"async\" width=\"150\" height=\"150\" src=\"https:\/\/archiv.siov.sk\/wp-content\/uploads\/2025\/11\/IMG_9224-150x150.jpeg\" class=\"attachment-thumbnail size-thumbnail\" alt=\"\" \/><\/a>\n\t\t\t<\/div><\/figure><figure class='gallery-item'>\n\t\t\t<div class='gallery-icon portrait'>\n\t\t\t\t<a data-elementor-open-lightbox=\"yes\" data-elementor-lightbox-slideshow=\"9c411dd\" data-elementor-lightbox-title=\"IMG_9236\" data-e-action-hash=\"#elementor-action%3Aaction%3Dlightbox%26settings%3DeyJpZCI6MjE5MjksInVybCI6Imh0dHBzOlwvXC9hcmNoaXYuc2lvdi5za1wvd3AtY29udGVudFwvdXBsb2Fkc1wvMjAyNVwvMTFcL0lNR185MjM2LXNjYWxlZC5qcGVnIiwic2xpZGVzaG93IjoiOWM0MTFkZCJ9\" href='https:\/\/archiv.siov.sk\/wp-content\/uploads\/2025\/11\/IMG_9236-scaled.jpeg'><img loading=\"lazy\" decoding=\"async\" width=\"150\" height=\"150\" src=\"https:\/\/archiv.siov.sk\/wp-content\/uploads\/2025\/11\/IMG_9236-150x150.jpeg\" class=\"attachment-thumbnail size-thumbnail\" alt=\"\" \/><\/a>\n\t\t\t<\/div><\/figure><figure class='gallery-item'>\n\t\t\t<div class='gallery-icon landscape'>\n\t\t\t\t<a data-elementor-open-lightbox=\"yes\" data-elementor-lightbox-slideshow=\"9c411dd\" data-elementor-lightbox-title=\"IMG_9258\" data-e-action-hash=\"#elementor-action%3Aaction%3Dlightbox%26settings%3DeyJpZCI6MjE5MzAsInVybCI6Imh0dHBzOlwvXC9hcmNoaXYuc2lvdi5za1wvd3AtY29udGVudFwvdXBsb2Fkc1wvMjAyNVwvMTFcL0lNR185MjU4LTEtc2NhbGVkLmpwZWciLCJzbGlkZXNob3ciOiI5YzQxMWRkIn0%3D\" href='https:\/\/archiv.siov.sk\/wp-content\/uploads\/2025\/11\/IMG_9258-1-scaled.jpeg'><img loading=\"lazy\" decoding=\"async\" width=\"150\" height=\"150\" src=\"https:\/\/archiv.siov.sk\/wp-content\/uploads\/2025\/11\/IMG_9258-1-150x150.jpeg\" class=\"attachment-thumbnail size-thumbnail\" alt=\"\" \/><\/a>\n\t\t\t<\/div><\/figure>\n\t\t<\/div>\n\t\t<\/div>\n\t\t\t\t\t\t<\/div>\n\t\t\t\t<\/div>\n\t\t\t\t\t<\/div>\n\t\t\t\t<\/div>\n\t\t\t\t<\/div>","protected":false},"excerpt":{"rendered":"<p>V d\u0148och 26. a 27. novembra sa v Bratislave konal 27. Medzin\u00e1rodn\u00fd ve\u013etrh cvi\u010dn\u00fdch firiem (MVCF) s t\u00e9mou Podnikanie s poslan\u00edm. T\u00e1to my\u0161lienka zd\u00f4raz\u0148uje, \u017ee modern\u00e9 podnikanie nie je len cestou k zisku, ale aj siln\u00fdm n\u00e1strojom na zlep\u0161ovanie spolo\u010dnosti. Ve\u013etrh potvrdil svoj medzin\u00e1rodn\u00fd rozmer. Predstavilo sa na \u0148om celkovo 60 cvi\u010dn\u00fdch firiem, vr\u00e1tane 14 [&hellip;]<\/p>\n","protected":false},"author":11,"featured_media":21901,"comment_status":"closed","ping_status":"closed","sticky":false,"template":"","format":"standard","meta":{"site-sidebar-layout":"default","site-content-layout":"","ast-site-content-layout":"default","site-content-style":"default","site-sidebar-style":"default","ast-global-header-display":"","ast-banner-title-visibility":"","ast-main-header-display":"","ast-hfb-above-header-display":"","ast-hfb-below-header-display":"","ast-hfb-mobile-header-display":"","site-post-title":"","ast-breadcrumbs-content":"","ast-featured-img":"","footer-sml-layout":"","ast-disable-related-posts":"","theme-transparent-header-meta":"default","adv-header-id-meta":"","stick-header-meta":"default","header-above-stick-meta":"","header-main-stick-meta":"","header-below-stick-meta":"","astra-migrate-meta-layouts":"set","ast-page-background-enabled":"default","ast-page-background-meta":{"desktop":{"background-color":"var(--ast-global-color-4)","background-image":"","background-repeat":"repeat","background-position":"center center","background-size":"auto","background-attachment":"scroll","background-type":"","background-media":"","overlay-type":"","overlay-color":"","overlay-opacity":"","overlay-gradient":""},"tablet":{"background-color":"","background-image":"","background-repeat":"repeat","background-position":"center center","background-size":"auto","background-attachment":"scroll","background-type":"","background-media":"","overlay-type":"","overlay-color":"","overlay-opacity":"","overlay-gradient":""},"mobile":{"background-color":"","background-image":"","background-repeat":"repeat","background-position":"center center","background-size":"auto","background-attachment":"scroll","background-type":"","background-media":"","overlay-type":"","overlay-color":"","overlay-opacity":"","overlay-gradient":""}},"ast-content-background-meta":{"desktop":{"background-color":"var(--ast-global-color-5)","background-image":"","background-repeat":"repeat","background-position":"center center","background-size":"auto","background-attachment":"scroll","background-type":"","background-media":"","overlay-type":"","overlay-color":"","overlay-opacity":"","overlay-gradient":""},"tablet":{"background-color":"var(--ast-global-color-5)","background-image":"","background-repeat":"repeat","background-position":"center center","background-size":"auto","background-attachment":"scroll","background-type":"","background-media":"","overlay-type":"","overlay-color":"","overlay-opacity":"","overlay-gradient":""},"mobile":{"background-color":"var(--ast-global-color-5)","background-image":"","background-repeat":"repeat","background-position":"center center","background-size":"auto","background-attachment":"scroll","background-type":"","background-media":"","overlay-type":"","overlay-color":"","overlay-opacity":"","overlay-gradient":""}},"footnotes":""},"categories":[1],"tags":[],"class_list":["post-21896","post","type-post","status-publish","format-standard","has-post-thumbnail","hentry","category-aktuality"],"yoast_head":"<!-- This site is optimized with the Yoast SEO plugin v27.5 - https:\/\/yoast.com\/product\/yoast-seo-wordpress\/ -->\n<title>Podnikanie s poslan\u00edm: 27. Medzin\u00e1rodn\u00fd ve\u013etrh cvi\u010dn\u00fdch firiem v Bratislave uk\u00e1zal nov\u00fa gener\u00e1ciu zodpovedn\u00fdch podnikate\u013eov - \u0160IOV - \u0161t\u00e1tny in\u0161tit\u00fat odborn\u00e9ho vzdel\u00e1vania<\/title>\n<meta name=\"robots\" content=\"index, follow, max-snippet:-1, max-image-preview:large, max-video-preview:-1\" \/>\n<link rel=\"canonical\" href=\"https:\/\/archiv.siov.sk\/en\/podnikanie-s-poslanim-27-medzinarodny-veltrh-cvicnych-firiem-v-bratislave-ukazal-novu-generaciu-zodpovednych-podnikatelov\/\" \/>\n<meta property=\"og:locale\" content=\"en_GB\" \/>\n<meta property=\"og:type\" content=\"article\" \/>\n<meta property=\"og:title\" content=\"Podnikanie s poslan\u00edm: 27. Medzin\u00e1rodn\u00fd ve\u013etrh cvi\u010dn\u00fdch firiem v Bratislave uk\u00e1zal nov\u00fa gener\u00e1ciu zodpovedn\u00fdch podnikate\u013eov - \u0160IOV - \u0161t\u00e1tny in\u0161tit\u00fat odborn\u00e9ho vzdel\u00e1vania\" \/>\n<meta property=\"og:description\" content=\"V d\u0148och 26. a 27. novembra sa v Bratislave konal 27. Medzin\u00e1rodn\u00fd ve\u013etrh cvi\u010dn\u00fdch firiem (MVCF) s t\u00e9mou Podnikanie s poslan\u00edm. T\u00e1to my\u0161lienka zd\u00f4raz\u0148uje, \u017ee modern\u00e9 podnikanie nie je len cestou k zisku, ale aj siln\u00fdm n\u00e1strojom na zlep\u0161ovanie spolo\u010dnosti. Ve\u013etrh potvrdil svoj medzin\u00e1rodn\u00fd rozmer. Predstavilo sa na \u0148om celkovo 60 cvi\u010dn\u00fdch firiem, vr\u00e1tane 14 [&hellip;]\" \/>\n<meta property=\"og:url\" content=\"https:\/\/archiv.siov.sk\/en\/podnikanie-s-poslanim-27-medzinarodny-veltrh-cvicnych-firiem-v-bratislave-ukazal-novu-generaciu-zodpovednych-podnikatelov\/\" \/>\n<meta property=\"og:site_name\" content=\"\u0160IOV - \u0161t\u00e1tny in\u0161tit\u00fat odborn\u00e9ho vzdel\u00e1vania\" \/>\n<meta property=\"article:publisher\" content=\"https:\/\/www.facebook.com\/Statnyinstitutodbornehovzdelavania\" \/>\n<meta property=\"article:published_time\" content=\"2025-11-28T12:37:58+00:00\" \/>\n<meta property=\"article:modified_time\" content=\"2025-12-02T10:54:29+00:00\" \/>\n<meta property=\"og:image\" content=\"https:\/\/archiv.siov.sk\/wp-content\/uploads\/2025\/11\/IMG_9258-scaled.jpeg\" \/>\n\t<meta property=\"og:image:width\" content=\"2560\" \/>\n\t<meta property=\"og:image:height\" content=\"1920\" \/>\n\t<meta property=\"og:image:type\" content=\"image\/jpeg\" \/>\n<meta name=\"author\" content=\"Sylvia Hamadejova\" \/>\n<meta name=\"twitter:card\" content=\"summary_large_image\" \/>\n<meta name=\"twitter:label1\" content=\"Written by\" \/>\n\t<meta name=\"twitter:data1\" content=\"Sylvia Hamadejova\" \/>\n\t<meta name=\"twitter:label2\" content=\"Estimated reading time\" \/>\n\t<meta name=\"twitter:data2\" content=\"8 minutes\" \/>\n<script type=\"application\/ld+json\" class=\"yoast-schema-graph\">{\"@context\":\"https:\\\/\\\/schema.org\",\"@graph\":[{\"@type\":\"Article\",\"@id\":\"https:\\\/\\\/archiv.siov.sk\\\/podnikanie-s-poslanim-27-medzinarodny-veltrh-cvicnych-firiem-v-bratislave-ukazal-novu-generaciu-zodpovednych-podnikatelov\\\/#article\",\"isPartOf\":{\"@id\":\"https:\\\/\\\/archiv.siov.sk\\\/podnikanie-s-poslanim-27-medzinarodny-veltrh-cvicnych-firiem-v-bratislave-ukazal-novu-generaciu-zodpovednych-podnikatelov\\\/\"},\"author\":{\"name\":\"Sylvia Hamadejova\",\"@id\":\"https:\\\/\\\/archiv.siov.sk\\\/#\\\/schema\\\/person\\\/70de33c3c88facac4a386ef06f733b92\"},\"headline\":\"Podnikanie s poslan\u00edm: 27. Medzin\u00e1rodn\u00fd ve\u013etrh cvi\u010dn\u00fdch firiem v Bratislave uk\u00e1zal nov\u00fa gener\u00e1ciu zodpovedn\u00fdch podnikate\u013eov\",\"datePublished\":\"2025-11-28T12:37:58+00:00\",\"dateModified\":\"2025-12-02T10:54:29+00:00\",\"mainEntityOfPage\":{\"@id\":\"https:\\\/\\\/archiv.siov.sk\\\/podnikanie-s-poslanim-27-medzinarodny-veltrh-cvicnych-firiem-v-bratislave-ukazal-novu-generaciu-zodpovednych-podnikatelov\\\/\"},\"wordCount\":1022,\"publisher\":{\"@id\":\"https:\\\/\\\/archiv.siov.sk\\\/#organization\"},\"image\":{\"@id\":\"https:\\\/\\\/archiv.siov.sk\\\/podnikanie-s-poslanim-27-medzinarodny-veltrh-cvicnych-firiem-v-bratislave-ukazal-novu-generaciu-zodpovednych-podnikatelov\\\/#primaryimage\"},\"thumbnailUrl\":\"https:\\\/\\\/archiv.siov.sk\\\/wp-content\\\/uploads\\\/2025\\\/11\\\/IMG_9258-scaled.jpeg\",\"articleSection\":[\"Aktuality\"],\"inLanguage\":\"en-GB\"},{\"@type\":\"WebPage\",\"@id\":\"https:\\\/\\\/archiv.siov.sk\\\/podnikanie-s-poslanim-27-medzinarodny-veltrh-cvicnych-firiem-v-bratislave-ukazal-novu-generaciu-zodpovednych-podnikatelov\\\/\",\"url\":\"https:\\\/\\\/archiv.siov.sk\\\/podnikanie-s-poslanim-27-medzinarodny-veltrh-cvicnych-firiem-v-bratislave-ukazal-novu-generaciu-zodpovednych-podnikatelov\\\/\",\"name\":\"Podnikanie s poslan\u00edm: 27. Medzin\u00e1rodn\u00fd ve\u013etrh cvi\u010dn\u00fdch firiem v Bratislave uk\u00e1zal nov\u00fa gener\u00e1ciu zodpovedn\u00fdch podnikate\u013eov - \u0160IOV - \u0161t\u00e1tny in\u0161tit\u00fat odborn\u00e9ho vzdel\u00e1vania\",\"isPartOf\":{\"@id\":\"https:\\\/\\\/archiv.siov.sk\\\/#website\"},\"primaryImageOfPage\":{\"@id\":\"https:\\\/\\\/archiv.siov.sk\\\/podnikanie-s-poslanim-27-medzinarodny-veltrh-cvicnych-firiem-v-bratislave-ukazal-novu-generaciu-zodpovednych-podnikatelov\\\/#primaryimage\"},\"image\":{\"@id\":\"https:\\\/\\\/archiv.siov.sk\\\/podnikanie-s-poslanim-27-medzinarodny-veltrh-cvicnych-firiem-v-bratislave-ukazal-novu-generaciu-zodpovednych-podnikatelov\\\/#primaryimage\"},\"thumbnailUrl\":\"https:\\\/\\\/archiv.siov.sk\\\/wp-content\\\/uploads\\\/2025\\\/11\\\/IMG_9258-scaled.jpeg\",\"datePublished\":\"2025-11-28T12:37:58+00:00\",\"dateModified\":\"2025-12-02T10:54:29+00:00\",\"breadcrumb\":{\"@id\":\"https:\\\/\\\/archiv.siov.sk\\\/podnikanie-s-poslanim-27-medzinarodny-veltrh-cvicnych-firiem-v-bratislave-ukazal-novu-generaciu-zodpovednych-podnikatelov\\\/#breadcrumb\"},\"inLanguage\":\"en-GB\",\"potentialAction\":[{\"@type\":\"ReadAction\",\"target\":[\"https:\\\/\\\/archiv.siov.sk\\\/podnikanie-s-poslanim-27-medzinarodny-veltrh-cvicnych-firiem-v-bratislave-ukazal-novu-generaciu-zodpovednych-podnikatelov\\\/\"]}]},{\"@type\":\"ImageObject\",\"inLanguage\":\"en-GB\",\"@id\":\"https:\\\/\\\/archiv.siov.sk\\\/podnikanie-s-poslanim-27-medzinarodny-veltrh-cvicnych-firiem-v-bratislave-ukazal-novu-generaciu-zodpovednych-podnikatelov\\\/#primaryimage\",\"url\":\"https:\\\/\\\/archiv.siov.sk\\\/wp-content\\\/uploads\\\/2025\\\/11\\\/IMG_9258-scaled.jpeg\",\"contentUrl\":\"https:\\\/\\\/archiv.siov.sk\\\/wp-content\\\/uploads\\\/2025\\\/11\\\/IMG_9258-scaled.jpeg\",\"width\":2560,\"height\":1920},{\"@type\":\"BreadcrumbList\",\"@id\":\"https:\\\/\\\/archiv.siov.sk\\\/podnikanie-s-poslanim-27-medzinarodny-veltrh-cvicnych-firiem-v-bratislave-ukazal-novu-generaciu-zodpovednych-podnikatelov\\\/#breadcrumb\",\"itemListElement\":[{\"@type\":\"ListItem\",\"position\":1,\"name\":\"Home\",\"item\":\"https:\\\/\\\/archiv.siov.sk\\\/\"},{\"@type\":\"ListItem\",\"position\":2,\"name\":\"Podnikanie s poslan\u00edm: 27. Medzin\u00e1rodn\u00fd ve\u013etrh cvi\u010dn\u00fdch firiem v Bratislave uk\u00e1zal nov\u00fa gener\u00e1ciu zodpovedn\u00fdch podnikate\u013eov\"}]},{\"@type\":\"WebSite\",\"@id\":\"https:\\\/\\\/archiv.siov.sk\\\/#website\",\"url\":\"https:\\\/\\\/archiv.siov.sk\\\/\",\"name\":\"\u0160IOV - \u0161t\u00e1tny in\u0161tit\u00fat odborn\u00e9ho vzdel\u00e1vania\",\"description\":\"\",\"publisher\":{\"@id\":\"https:\\\/\\\/archiv.siov.sk\\\/#organization\"},\"potentialAction\":[{\"@type\":\"SearchAction\",\"target\":{\"@type\":\"EntryPoint\",\"urlTemplate\":\"https:\\\/\\\/archiv.siov.sk\\\/?s={search_term_string}\"},\"query-input\":{\"@type\":\"PropertyValueSpecification\",\"valueRequired\":true,\"valueName\":\"search_term_string\"}}],\"inLanguage\":\"en-GB\"},{\"@type\":\"Organization\",\"@id\":\"https:\\\/\\\/archiv.siov.sk\\\/#organization\",\"name\":\"\u0160IOV - \u0161t\u00e1tny in\u0161tit\u00fat odborn\u00e9ho vzdel\u00e1vania\",\"url\":\"https:\\\/\\\/archiv.siov.sk\\\/\",\"logo\":{\"@type\":\"ImageObject\",\"inLanguage\":\"en-GB\",\"@id\":\"https:\\\/\\\/archiv.siov.sk\\\/#\\\/schema\\\/logo\\\/image\\\/\",\"url\":\"https:\\\/\\\/archiv.siov.sk\\\/wp-content\\\/uploads\\\/2024\\\/02\\\/logo-SIOV.png\",\"contentUrl\":\"https:\\\/\\\/archiv.siov.sk\\\/wp-content\\\/uploads\\\/2024\\\/02\\\/logo-SIOV.png\",\"width\":431,\"height\":143,\"caption\":\"\u0160IOV - \u0161t\u00e1tny in\u0161tit\u00fat odborn\u00e9ho vzdel\u00e1vania\"},\"image\":{\"@id\":\"https:\\\/\\\/archiv.siov.sk\\\/#\\\/schema\\\/logo\\\/image\\\/\"},\"sameAs\":[\"https:\\\/\\\/www.facebook.com\\\/Statnyinstitutodbornehovzdelavania\"]},{\"@type\":\"Person\",\"@id\":\"https:\\\/\\\/archiv.siov.sk\\\/#\\\/schema\\\/person\\\/70de33c3c88facac4a386ef06f733b92\",\"name\":\"Sylvia Hamadejova\",\"url\":\"https:\\\/\\\/archiv.siov.sk\\\/en\\\/author\\\/hamadejovas\\\/\"}]}<\/script>\n<!-- \/ Yoast SEO plugin. -->","yoast_head_json":{"title":"Podnikanie s poslan\u00edm: 27. Medzin\u00e1rodn\u00fd ve\u013etrh cvi\u010dn\u00fdch firiem v Bratislave uk\u00e1zal nov\u00fa gener\u00e1ciu zodpovedn\u00fdch podnikate\u013eov - \u0160IOV - \u0161t\u00e1tny in\u0161tit\u00fat odborn\u00e9ho vzdel\u00e1vania","robots":{"index":"index","follow":"follow","max-snippet":"max-snippet:-1","max-image-preview":"max-image-preview:large","max-video-preview":"max-video-preview:-1"},"canonical":"https:\/\/archiv.siov.sk\/en\/podnikanie-s-poslanim-27-medzinarodny-veltrh-cvicnych-firiem-v-bratislave-ukazal-novu-generaciu-zodpovednych-podnikatelov\/","og_locale":"en_GB","og_type":"article","og_title":"Podnikanie s poslan\u00edm: 27. Medzin\u00e1rodn\u00fd ve\u013etrh cvi\u010dn\u00fdch firiem v Bratislave uk\u00e1zal nov\u00fa gener\u00e1ciu zodpovedn\u00fdch podnikate\u013eov - \u0160IOV - \u0161t\u00e1tny in\u0161tit\u00fat odborn\u00e9ho vzdel\u00e1vania","og_description":"V d\u0148och 26. a 27. novembra sa v Bratislave konal 27. Medzin\u00e1rodn\u00fd ve\u013etrh cvi\u010dn\u00fdch firiem (MVCF) s t\u00e9mou Podnikanie s poslan\u00edm. T\u00e1to my\u0161lienka zd\u00f4raz\u0148uje, \u017ee modern\u00e9 podnikanie nie je len cestou k zisku, ale aj siln\u00fdm n\u00e1strojom na zlep\u0161ovanie spolo\u010dnosti. Ve\u013etrh potvrdil svoj medzin\u00e1rodn\u00fd rozmer. Predstavilo sa na \u0148om celkovo 60 cvi\u010dn\u00fdch firiem, vr\u00e1tane 14 [&hellip;]","og_url":"https:\/\/archiv.siov.sk\/en\/podnikanie-s-poslanim-27-medzinarodny-veltrh-cvicnych-firiem-v-bratislave-ukazal-novu-generaciu-zodpovednych-podnikatelov\/","og_site_name":"\u0160IOV - \u0161t\u00e1tny in\u0161tit\u00fat odborn\u00e9ho vzdel\u00e1vania","article_publisher":"https:\/\/www.facebook.com\/Statnyinstitutodbornehovzdelavania","article_published_time":"2025-11-28T12:37:58+00:00","article_modified_time":"2025-12-02T10:54:29+00:00","og_image":[{"width":2560,"height":1920,"url":"https:\/\/archiv.siov.sk\/wp-content\/uploads\/2025\/11\/IMG_9258-scaled.jpeg","type":"image\/jpeg"}],"author":"Sylvia Hamadejova","twitter_card":"summary_large_image","twitter_misc":{"Written by":"Sylvia Hamadejova","Estimated reading time":"8 minutes"},"schema":{"@context":"https:\/\/schema.org","@graph":[{"@type":"Article","@id":"https:\/\/archiv.siov.sk\/podnikanie-s-poslanim-27-medzinarodny-veltrh-cvicnych-firiem-v-bratislave-ukazal-novu-generaciu-zodpovednych-podnikatelov\/#article","isPartOf":{"@id":"https:\/\/archiv.siov.sk\/podnikanie-s-poslanim-27-medzinarodny-veltrh-cvicnych-firiem-v-bratislave-ukazal-novu-generaciu-zodpovednych-podnikatelov\/"},"author":{"name":"Sylvia Hamadejova","@id":"https:\/\/archiv.siov.sk\/#\/schema\/person\/70de33c3c88facac4a386ef06f733b92"},"headline":"Podnikanie s poslan\u00edm: 27. Medzin\u00e1rodn\u00fd ve\u013etrh cvi\u010dn\u00fdch firiem v Bratislave uk\u00e1zal nov\u00fa gener\u00e1ciu zodpovedn\u00fdch podnikate\u013eov","datePublished":"2025-11-28T12:37:58+00:00","dateModified":"2025-12-02T10:54:29+00:00","mainEntityOfPage":{"@id":"https:\/\/archiv.siov.sk\/podnikanie-s-poslanim-27-medzinarodny-veltrh-cvicnych-firiem-v-bratislave-ukazal-novu-generaciu-zodpovednych-podnikatelov\/"},"wordCount":1022,"publisher":{"@id":"https:\/\/archiv.siov.sk\/#organization"},"image":{"@id":"https:\/\/archiv.siov.sk\/podnikanie-s-poslanim-27-medzinarodny-veltrh-cvicnych-firiem-v-bratislave-ukazal-novu-generaciu-zodpovednych-podnikatelov\/#primaryimage"},"thumbnailUrl":"https:\/\/archiv.siov.sk\/wp-content\/uploads\/2025\/11\/IMG_9258-scaled.jpeg","articleSection":["Aktuality"],"inLanguage":"en-GB"},{"@type":"WebPage","@id":"https:\/\/archiv.siov.sk\/podnikanie-s-poslanim-27-medzinarodny-veltrh-cvicnych-firiem-v-bratislave-ukazal-novu-generaciu-zodpovednych-podnikatelov\/","url":"https:\/\/archiv.siov.sk\/podnikanie-s-poslanim-27-medzinarodny-veltrh-cvicnych-firiem-v-bratislave-ukazal-novu-generaciu-zodpovednych-podnikatelov\/","name":"Podnikanie s poslan\u00edm: 27. Medzin\u00e1rodn\u00fd ve\u013etrh cvi\u010dn\u00fdch firiem v Bratislave uk\u00e1zal nov\u00fa gener\u00e1ciu zodpovedn\u00fdch podnikate\u013eov - \u0160IOV - \u0161t\u00e1tny in\u0161tit\u00fat odborn\u00e9ho vzdel\u00e1vania","isPartOf":{"@id":"https:\/\/archiv.siov.sk\/#website"},"primaryImageOfPage":{"@id":"https:\/\/archiv.siov.sk\/podnikanie-s-poslanim-27-medzinarodny-veltrh-cvicnych-firiem-v-bratislave-ukazal-novu-generaciu-zodpovednych-podnikatelov\/#primaryimage"},"image":{"@id":"https:\/\/archiv.siov.sk\/podnikanie-s-poslanim-27-medzinarodny-veltrh-cvicnych-firiem-v-bratislave-ukazal-novu-generaciu-zodpovednych-podnikatelov\/#primaryimage"},"thumbnailUrl":"https:\/\/archiv.siov.sk\/wp-content\/uploads\/2025\/11\/IMG_9258-scaled.jpeg","datePublished":"2025-11-28T12:37:58+00:00","dateModified":"2025-12-02T10:54:29+00:00","breadcrumb":{"@id":"https:\/\/archiv.siov.sk\/podnikanie-s-poslanim-27-medzinarodny-veltrh-cvicnych-firiem-v-bratislave-ukazal-novu-generaciu-zodpovednych-podnikatelov\/#breadcrumb"},"inLanguage":"en-GB","potentialAction":[{"@type":"ReadAction","target":["https:\/\/archiv.siov.sk\/podnikanie-s-poslanim-27-medzinarodny-veltrh-cvicnych-firiem-v-bratislave-ukazal-novu-generaciu-zodpovednych-podnikatelov\/"]}]},{"@type":"ImageObject","inLanguage":"en-GB","@id":"https:\/\/archiv.siov.sk\/podnikanie-s-poslanim-27-medzinarodny-veltrh-cvicnych-firiem-v-bratislave-ukazal-novu-generaciu-zodpovednych-podnikatelov\/#primaryimage","url":"https:\/\/archiv.siov.sk\/wp-content\/uploads\/2025\/11\/IMG_9258-scaled.jpeg","contentUrl":"https:\/\/archiv.siov.sk\/wp-content\/uploads\/2025\/11\/IMG_9258-scaled.jpeg","width":2560,"height":1920},{"@type":"BreadcrumbList","@id":"https:\/\/archiv.siov.sk\/podnikanie-s-poslanim-27-medzinarodny-veltrh-cvicnych-firiem-v-bratislave-ukazal-novu-generaciu-zodpovednych-podnikatelov\/#breadcrumb","itemListElement":[{"@type":"ListItem","position":1,"name":"Home","item":"https:\/\/archiv.siov.sk\/"},{"@type":"ListItem","position":2,"name":"Podnikanie s poslan\u00edm: 27. Medzin\u00e1rodn\u00fd ve\u013etrh cvi\u010dn\u00fdch firiem v Bratislave uk\u00e1zal nov\u00fa gener\u00e1ciu zodpovedn\u00fdch podnikate\u013eov"}]},{"@type":"WebSite","@id":"https:\/\/archiv.siov.sk\/#website","url":"https:\/\/archiv.siov.sk\/","name":"\u0160IOV - \u0161t\u00e1tny in\u0161tit\u00fat odborn\u00e9ho vzdel\u00e1vania","description":"","publisher":{"@id":"https:\/\/archiv.siov.sk\/#organization"},"potentialAction":[{"@type":"SearchAction","target":{"@type":"EntryPoint","urlTemplate":"https:\/\/archiv.siov.sk\/?s={search_term_string}"},"query-input":{"@type":"PropertyValueSpecification","valueRequired":true,"valueName":"search_term_string"}}],"inLanguage":"en-GB"},{"@type":"Organization","@id":"https:\/\/archiv.siov.sk\/#organization","name":"\u0160IOV - \u0161t\u00e1tny in\u0161tit\u00fat odborn\u00e9ho vzdel\u00e1vania","url":"https:\/\/archiv.siov.sk\/","logo":{"@type":"ImageObject","inLanguage":"en-GB","@id":"https:\/\/archiv.siov.sk\/#\/schema\/logo\/image\/","url":"https:\/\/archiv.siov.sk\/wp-content\/uploads\/2024\/02\/logo-SIOV.png","contentUrl":"https:\/\/archiv.siov.sk\/wp-content\/uploads\/2024\/02\/logo-SIOV.png","width":431,"height":143,"caption":"\u0160IOV - \u0161t\u00e1tny in\u0161tit\u00fat odborn\u00e9ho vzdel\u00e1vania"},"image":{"@id":"https:\/\/archiv.siov.sk\/#\/schema\/logo\/image\/"},"sameAs":["https:\/\/www.facebook.com\/Statnyinstitutodbornehovzdelavania"]},{"@type":"Person","@id":"https:\/\/archiv.siov.sk\/#\/schema\/person\/70de33c3c88facac4a386ef06f733b92","name":"Sylvia Hamadejova","url":"https:\/\/archiv.siov.sk\/en\/author\/hamadejovas\/"}]}},"_links":{"self":[{"href":"https:\/\/archiv.siov.sk\/en\/wp-json\/wp\/v2\/posts\/21896","targetHints":{"allow":["GET"]}}],"collection":[{"href":"https:\/\/archiv.siov.sk\/en\/wp-json\/wp\/v2\/posts"}],"about":[{"href":"https:\/\/archiv.siov.sk\/en\/wp-json\/wp\/v2\/types\/post"}],"author":[{"embeddable":true,"href":"https:\/\/archiv.siov.sk\/en\/wp-json\/wp\/v2\/users\/11"}],"replies":[{"embeddable":true,"href":"https:\/\/archiv.siov.sk\/en\/wp-json\/wp\/v2\/comments?post=21896"}],"version-history":[{"count":25,"href":"https:\/\/archiv.siov.sk\/en\/wp-json\/wp\/v2\/posts\/21896\/revisions"}],"predecessor-version":[{"id":21981,"href":"https:\/\/archiv.siov.sk\/en\/wp-json\/wp\/v2\/posts\/21896\/revisions\/21981"}],"wp:featuredmedia":[{"embeddable":true,"href":"https:\/\/archiv.siov.sk\/en\/wp-json\/wp\/v2\/media\/21901"}],"wp:attachment":[{"href":"https:\/\/archiv.siov.sk\/en\/wp-json\/wp\/v2\/media?parent=21896"}],"wp:term":[{"taxonomy":"category","embeddable":true,"href":"https:\/\/archiv.siov.sk\/en\/wp-json\/wp\/v2\/categories?post=21896"},{"taxonomy":"post_tag","embeddable":true,"href":"https:\/\/archiv.siov.sk\/en\/wp-json\/wp\/v2\/tags?post=21896"}],"curies":[{"name":"wp","href":"https:\/\/api.w.org\/{rel}","templated":true}]}}