{"id":21861,"date":"2025-11-20T13:35:40","date_gmt":"2025-11-20T12:35:40","guid":{"rendered":"https:\/\/archiv.siov.sk\/?p=21861"},"modified":"2025-11-20T13:36:10","modified_gmt":"2025-11-20T12:36:10","slug":"caka-nas-desiaty-rocnik-sutaze-o-zlate-noznice","status":"publish","type":"post","link":"https:\/\/archiv.siov.sk\/en\/caka-nas-desiaty-rocnik-sutaze-o-zlate-noznice\/","title":{"rendered":"\u010cak\u00e1 n\u00e1s desiaty ro\u010dn\u00edk s\u00fa\u0165a\u017ee \u201eO zlat\u00e9 no\u017enice\u201c"},"content":{"rendered":"<p style=\"text-align: justify;\">Bratislavsk\u00e1 Star\u00e1 tr\u017enica sa tento rok stane miestom stretnutia kadern\u00edkov a kadern\u00ed\u010dok v r\u00e1mci jubilejn\u00e9ho desiateho ro\u010dn\u00edka celo\u0161t\u00e1tnej s\u00fa\u0165a\u017ee stredo\u0161kol\u00e1kov v odborn\u00fdch zru\u010dnostiach kadern\u00edkov a viz\u00e1\u017eistov <strong>Skills Slovakia Uk\u00e1\u017e \u010do vie\u0161<\/strong>\u00a0\u201c<strong>Zlat\u00e9 no\u017enice 2025\u201d.<\/strong><\/p>\n<p style=\"text-align: justify;\">Uskuto\u010dn\u00ed sa 25. novembra od 10:00 do 18:00 hod. za \u00fa\u010dasti viac ako 90 s\u00fa\u0165a\u017eiacich \u017eiakov a profesion\u00e1lnych kadern\u00edkov z cel\u00e9ho Slovenska a \u0161irokej verejnosti. S\u00fa\u0165a\u017e bud\u00fa tento rok tvori\u0165 \u00a0\u0161tyri kateg\u00f3rie pre stredn\u00e9 \u0161koly a dospel\u00fdch s t\u00e9mami <strong>\u201eTREND CUT\u201c \u2013 d\u00e1msky trendov\u00fd strih jese\u0148 \u2013 zima 2025, \u201eKOMER\u010cN\u00dd SVADOBN\u00dd \u00da\u010cES\u201c,\u00a0\u201eMODERN\u00dd P\u00c1NSKY STRIH\u201c- vo\u013en\u00e1 t\u00e9ma bez krit\u00e9ri\u00ed a \u201eFEMME FATALE\u201c \u2013 s\u00fa\u0165a\u017e v\u00a0l\u00ed\u010den\u00ed. <\/strong>Okrem umiestnen\u00ed na prvom a\u017e tre\u0165om mieste bude vyhodnoten\u00fd aj absol\u00fatny v\u00ed\u0165az.<\/p>\n<p style=\"text-align: justify;\">S\u00fa\u0165a\u017eiaci v ur\u010denom \u010dasovom limite preuk\u00e1\u017eu svoje v\u00fdnimo\u010dn\u00e9 odborn\u00e9 zru\u010dnosti, predstavivos\u0165, kreativitu, invenciu a cit pre kadern\u00edcke umenie a viz\u00e1\u017e. Pri hodnoten\u00ed bud\u00fa porotcovia kl\u00e1s\u0165 d\u00f4raz na dodr\u017eiavanie bezpe\u010dnosti pri pr\u00e1ci, techniku prevedenia, strih no\u017enicami, celkov\u00fa kreativitu a fin\u00e1lny styling.<\/p>\n<p style=\"text-align: justify;\">\u00da\u010dastn\u00edkov bude hodnoti\u0165 odborn\u00e1 komisia zlo\u017een\u00e1 z profesion\u00e1lnych kadern\u00edkov a viz\u00e1\u017eistov, pod\u013ea medzin\u00e1rodn\u00fdch krit\u00e9ri\u00ed OMC (Organisation Mondiale de la Coiffure), ktor\u00e1 od roku 1946 ur\u010duje svetov\u00e9 trendy v oblasti \u00fapravy vlasov a viz\u00e1\u017ee a m\u00e1 \u010dlensk\u00fa z\u00e1klad\u0148u vo vy\u0161e 50 krajin\u00e1ch sveta.<\/p>\n<p>V\u00ed\u0165azi z\u00edskaj\u00fa hodnotn\u00e9 vecn\u00e9 ocenenia a st\u00e1\u017ee u profesion\u00e1lnych kadern\u00edkov. Zauj\u00edmavos\u0165ou je aj bohat\u00fd\u00a0 sprievodn\u00fd program.<\/p>\n<p style=\"text-align: justify;\">Organiz\u00e1torom podujatia je Zdru\u017eenie kadern\u00edkov a viz\u00e1\u017eistov Slovenska pod veden\u00edm profesion\u00e1lneho kadern\u00edka Polata Elalmisa z Hair Sal\u00f3nu Bratislava, ktor\u00fd podporuje s\u00fa\u0165a\u017e akt\u00edvne nieko\u013eko rokov, te\u0161\u00ed sa na kreat\u00edvne n\u00e1pady mlad\u00fdch stredo\u0161kol\u00e1kov a ver\u00ed, \u017ee z\u00edskaj\u00fa nov\u00e9 sk\u00fasenosti, zru\u010dnosti a nezabudnute\u013en\u00e9 z\u00e1\u017eitky. Podujatie podporili \u010fal\u0161\u00ed partneri a odborn\u00ed hodnotitelia z praxe. Metodick\u00fdm garantom a partnerom podujatia je \u0160t\u00e1tny in\u0161tit\u00fat odborn\u00e9ho vzdel\u00e1vania odbor podpory smerovania ml\u00e1de\u017ee. S\u00fa\u0165a\u017e \u00a0sa uskuto\u010dn\u00ed pod z\u00e1\u0161titou Ministerstva \u0161kolstva,\u00a0 v\u00fdskumu, v\u00fdvoja a ml\u00e1de\u017ee Slovenskej republiky.<\/p>","protected":false},"excerpt":{"rendered":"<p>Bratislavsk\u00e1 Star\u00e1 tr\u017enica sa tento rok stane miestom stretnutia kadern\u00edkov a kadern\u00ed\u010dok v r\u00e1mci jubilejn\u00e9ho desiateho ro\u010dn\u00edka celo\u0161t\u00e1tnej s\u00fa\u0165a\u017ee stredo\u0161kol\u00e1kov v odborn\u00fdch zru\u010dnostiach kadern\u00edkov a viz\u00e1\u017eistov Skills Slovakia Uk\u00e1\u017e \u010do vie\u0161\u00a0\u201cZlat\u00e9 no\u017enice 2025\u201d. Uskuto\u010dn\u00ed sa 25. novembra od 10:00 do 18:00 hod. za \u00fa\u010dasti viac ako 90 s\u00fa\u0165a\u017eiacich \u017eiakov a profesion\u00e1lnych kadern\u00edkov z cel\u00e9ho Slovenska [&hellip;]<\/p>\n","protected":false},"author":6,"featured_media":21863,"comment_status":"closed","ping_status":"closed","sticky":false,"template":"","format":"standard","meta":{"site-sidebar-layout":"default","site-content-layout":"","ast-site-content-layout":"default","site-content-style":"default","site-sidebar-style":"default","ast-global-header-display":"","ast-banner-title-visibility":"","ast-main-header-display":"","ast-hfb-above-header-display":"","ast-hfb-below-header-display":"","ast-hfb-mobile-header-display":"","site-post-title":"","ast-breadcrumbs-content":"","ast-featured-img":"","footer-sml-layout":"","ast-disable-related-posts":"","theme-transparent-header-meta":"default","adv-header-id-meta":"","stick-header-meta":"default","header-above-stick-meta":"","header-main-stick-meta":"","header-below-stick-meta":"","astra-migrate-meta-layouts":"set","ast-page-background-enabled":"default","ast-page-background-meta":{"desktop":{"background-color":"var(--ast-global-color-4)","background-image":"","background-repeat":"repeat","background-position":"center center","background-size":"auto","background-attachment":"scroll","background-type":"","background-media":"","overlay-type":"","overlay-color":"","overlay-opacity":"","overlay-gradient":""},"tablet":{"background-color":"","background-image":"","background-repeat":"repeat","background-position":"center center","background-size":"auto","background-attachment":"scroll","background-type":"","background-media":"","overlay-type":"","overlay-color":"","overlay-opacity":"","overlay-gradient":""},"mobile":{"background-color":"","background-image":"","background-repeat":"repeat","background-position":"center center","background-size":"auto","background-attachment":"scroll","background-type":"","background-media":"","overlay-type":"","overlay-color":"","overlay-opacity":"","overlay-gradient":""}},"ast-content-background-meta":{"desktop":{"background-color":"var(--ast-global-color-5)","background-image":"","background-repeat":"repeat","background-position":"center center","background-size":"auto","background-attachment":"scroll","background-type":"","background-media":"","overlay-type":"","overlay-color":"","overlay-opacity":"","overlay-gradient":""},"tablet":{"background-color":"var(--ast-global-color-5)","background-image":"","background-repeat":"repeat","background-position":"center center","background-size":"auto","background-attachment":"scroll","background-type":"","background-media":"","overlay-type":"","overlay-color":"","overlay-opacity":"","overlay-gradient":""},"mobile":{"background-color":"var(--ast-global-color-5)","background-image":"","background-repeat":"repeat","background-position":"center center","background-size":"auto","background-attachment":"scroll","background-type":"","background-media":"","overlay-type":"","overlay-color":"","overlay-opacity":"","overlay-gradient":""}},"footnotes":""},"categories":[1,18],"tags":[],"class_list":["post-21861","post","type-post","status-publish","format-standard","has-post-thumbnail","hentry","category-aktuality","category-sutaze"],"yoast_head":"<!-- This site is optimized with the Yoast SEO plugin v27.5 - https:\/\/yoast.com\/product\/yoast-seo-wordpress\/ -->\n<title>\u010cak\u00e1 n\u00e1s desiaty ro\u010dn\u00edk s\u00fa\u0165a\u017ee \u201eO zlat\u00e9 no\u017enice\u201c - \u0160IOV - \u0161t\u00e1tny in\u0161tit\u00fat odborn\u00e9ho vzdel\u00e1vania<\/title>\n<meta name=\"robots\" content=\"index, follow, max-snippet:-1, max-image-preview:large, max-video-preview:-1\" \/>\n<link rel=\"canonical\" href=\"https:\/\/archiv.siov.sk\/en\/caka-nas-desiaty-rocnik-sutaze-o-zlate-noznice\/\" \/>\n<meta property=\"og:locale\" content=\"en_GB\" \/>\n<meta property=\"og:type\" content=\"article\" \/>\n<meta property=\"og:title\" content=\"\u010cak\u00e1 n\u00e1s desiaty ro\u010dn\u00edk s\u00fa\u0165a\u017ee \u201eO zlat\u00e9 no\u017enice\u201c - \u0160IOV - \u0161t\u00e1tny in\u0161tit\u00fat odborn\u00e9ho vzdel\u00e1vania\" \/>\n<meta property=\"og:description\" content=\"Bratislavsk\u00e1 Star\u00e1 tr\u017enica sa tento rok stane miestom stretnutia kadern\u00edkov a kadern\u00ed\u010dok v r\u00e1mci jubilejn\u00e9ho desiateho ro\u010dn\u00edka celo\u0161t\u00e1tnej s\u00fa\u0165a\u017ee stredo\u0161kol\u00e1kov v odborn\u00fdch zru\u010dnostiach kadern\u00edkov a viz\u00e1\u017eistov Skills Slovakia Uk\u00e1\u017e \u010do vie\u0161\u00a0\u201cZlat\u00e9 no\u017enice 2025\u201d. Uskuto\u010dn\u00ed sa 25. novembra od 10:00 do 18:00 hod. za \u00fa\u010dasti viac ako 90 s\u00fa\u0165a\u017eiacich \u017eiakov a profesion\u00e1lnych kadern\u00edkov z cel\u00e9ho Slovenska [&hellip;]\" \/>\n<meta property=\"og:url\" content=\"https:\/\/archiv.siov.sk\/en\/caka-nas-desiaty-rocnik-sutaze-o-zlate-noznice\/\" \/>\n<meta property=\"og:site_name\" content=\"\u0160IOV - \u0161t\u00e1tny in\u0161tit\u00fat odborn\u00e9ho vzdel\u00e1vania\" \/>\n<meta property=\"article:publisher\" content=\"https:\/\/www.facebook.com\/Statnyinstitutodbornehovzdelavania\" \/>\n<meta property=\"article:published_time\" content=\"2025-11-20T12:35:40+00:00\" \/>\n<meta property=\"article:modified_time\" content=\"2025-11-20T12:36:10+00:00\" \/>\n<meta property=\"og:image\" content=\"https:\/\/archiv.siov.sk\/wp-content\/uploads\/2025\/11\/Zlate-noznice-2025.jpg\" \/>\n\t<meta property=\"og:image:width\" content=\"1920\" \/>\n\t<meta property=\"og:image:height\" content=\"1006\" \/>\n\t<meta property=\"og:image:type\" content=\"image\/jpeg\" \/>\n<meta name=\"author\" content=\"Katar\u00edna Kov\u00e1\u010dov\u00e1\" \/>\n<meta name=\"twitter:card\" content=\"summary_large_image\" \/>\n<meta name=\"twitter:label1\" content=\"Written by\" \/>\n\t<meta name=\"twitter:data1\" content=\"Katar\u00edna Kov\u00e1\u010dov\u00e1\" \/>\n\t<meta name=\"twitter:label2\" content=\"Estimated reading time\" \/>\n\t<meta name=\"twitter:data2\" content=\"2 minutes\" \/>\n<script type=\"application\/ld+json\" class=\"yoast-schema-graph\">{\"@context\":\"https:\\\/\\\/schema.org\",\"@graph\":[{\"@type\":\"Article\",\"@id\":\"https:\\\/\\\/archiv.siov.sk\\\/caka-nas-desiaty-rocnik-sutaze-o-zlate-noznice\\\/#article\",\"isPartOf\":{\"@id\":\"https:\\\/\\\/archiv.siov.sk\\\/caka-nas-desiaty-rocnik-sutaze-o-zlate-noznice\\\/\"},\"author\":{\"name\":\"Katar\u00edna Kov\u00e1\u010dov\u00e1\",\"@id\":\"https:\\\/\\\/archiv.siov.sk\\\/#\\\/schema\\\/person\\\/e42d633fbd958c6a726e8834d8965e6c\"},\"headline\":\"\u010cak\u00e1 n\u00e1s desiaty ro\u010dn\u00edk s\u00fa\u0165a\u017ee \u201eO zlat\u00e9 no\u017enice\u201c\",\"datePublished\":\"2025-11-20T12:35:40+00:00\",\"dateModified\":\"2025-11-20T12:36:10+00:00\",\"mainEntityOfPage\":{\"@id\":\"https:\\\/\\\/archiv.siov.sk\\\/caka-nas-desiaty-rocnik-sutaze-o-zlate-noznice\\\/\"},\"wordCount\":403,\"publisher\":{\"@id\":\"https:\\\/\\\/archiv.siov.sk\\\/#organization\"},\"image\":{\"@id\":\"https:\\\/\\\/archiv.siov.sk\\\/caka-nas-desiaty-rocnik-sutaze-o-zlate-noznice\\\/#primaryimage\"},\"thumbnailUrl\":\"https:\\\/\\\/archiv.siov.sk\\\/wp-content\\\/uploads\\\/2025\\\/11\\\/Zlate-noznice-2025.jpg\",\"articleSection\":[\"Aktuality\",\"S\u00fa\u0165a\u017ee\"],\"inLanguage\":\"en-GB\"},{\"@type\":\"WebPage\",\"@id\":\"https:\\\/\\\/archiv.siov.sk\\\/caka-nas-desiaty-rocnik-sutaze-o-zlate-noznice\\\/\",\"url\":\"https:\\\/\\\/archiv.siov.sk\\\/caka-nas-desiaty-rocnik-sutaze-o-zlate-noznice\\\/\",\"name\":\"\u010cak\u00e1 n\u00e1s desiaty ro\u010dn\u00edk s\u00fa\u0165a\u017ee \u201eO zlat\u00e9 no\u017enice\u201c - \u0160IOV - \u0161t\u00e1tny in\u0161tit\u00fat odborn\u00e9ho vzdel\u00e1vania\",\"isPartOf\":{\"@id\":\"https:\\\/\\\/archiv.siov.sk\\\/#website\"},\"primaryImageOfPage\":{\"@id\":\"https:\\\/\\\/archiv.siov.sk\\\/caka-nas-desiaty-rocnik-sutaze-o-zlate-noznice\\\/#primaryimage\"},\"image\":{\"@id\":\"https:\\\/\\\/archiv.siov.sk\\\/caka-nas-desiaty-rocnik-sutaze-o-zlate-noznice\\\/#primaryimage\"},\"thumbnailUrl\":\"https:\\\/\\\/archiv.siov.sk\\\/wp-content\\\/uploads\\\/2025\\\/11\\\/Zlate-noznice-2025.jpg\",\"datePublished\":\"2025-11-20T12:35:40+00:00\",\"dateModified\":\"2025-11-20T12:36:10+00:00\",\"breadcrumb\":{\"@id\":\"https:\\\/\\\/archiv.siov.sk\\\/caka-nas-desiaty-rocnik-sutaze-o-zlate-noznice\\\/#breadcrumb\"},\"inLanguage\":\"en-GB\",\"potentialAction\":[{\"@type\":\"ReadAction\",\"target\":[\"https:\\\/\\\/archiv.siov.sk\\\/caka-nas-desiaty-rocnik-sutaze-o-zlate-noznice\\\/\"]}]},{\"@type\":\"ImageObject\",\"inLanguage\":\"en-GB\",\"@id\":\"https:\\\/\\\/archiv.siov.sk\\\/caka-nas-desiaty-rocnik-sutaze-o-zlate-noznice\\\/#primaryimage\",\"url\":\"https:\\\/\\\/archiv.siov.sk\\\/wp-content\\\/uploads\\\/2025\\\/11\\\/Zlate-noznice-2025.jpg\",\"contentUrl\":\"https:\\\/\\\/archiv.siov.sk\\\/wp-content\\\/uploads\\\/2025\\\/11\\\/Zlate-noznice-2025.jpg\",\"width\":1920,\"height\":1006},{\"@type\":\"BreadcrumbList\",\"@id\":\"https:\\\/\\\/archiv.siov.sk\\\/caka-nas-desiaty-rocnik-sutaze-o-zlate-noznice\\\/#breadcrumb\",\"itemListElement\":[{\"@type\":\"ListItem\",\"position\":1,\"name\":\"Home\",\"item\":\"https:\\\/\\\/archiv.siov.sk\\\/\"},{\"@type\":\"ListItem\",\"position\":2,\"name\":\"\u010cak\u00e1 n\u00e1s desiaty ro\u010dn\u00edk s\u00fa\u0165a\u017ee \u201eO zlat\u00e9 no\u017enice\u201c\"}]},{\"@type\":\"WebSite\",\"@id\":\"https:\\\/\\\/archiv.siov.sk\\\/#website\",\"url\":\"https:\\\/\\\/archiv.siov.sk\\\/\",\"name\":\"\u0160IOV - \u0161t\u00e1tny in\u0161tit\u00fat odborn\u00e9ho vzdel\u00e1vania\",\"description\":\"\",\"publisher\":{\"@id\":\"https:\\\/\\\/archiv.siov.sk\\\/#organization\"},\"potentialAction\":[{\"@type\":\"SearchAction\",\"target\":{\"@type\":\"EntryPoint\",\"urlTemplate\":\"https:\\\/\\\/archiv.siov.sk\\\/?s={search_term_string}\"},\"query-input\":{\"@type\":\"PropertyValueSpecification\",\"valueRequired\":true,\"valueName\":\"search_term_string\"}}],\"inLanguage\":\"en-GB\"},{\"@type\":\"Organization\",\"@id\":\"https:\\\/\\\/archiv.siov.sk\\\/#organization\",\"name\":\"\u0160IOV - \u0161t\u00e1tny in\u0161tit\u00fat odborn\u00e9ho vzdel\u00e1vania\",\"url\":\"https:\\\/\\\/archiv.siov.sk\\\/\",\"logo\":{\"@type\":\"ImageObject\",\"inLanguage\":\"en-GB\",\"@id\":\"https:\\\/\\\/archiv.siov.sk\\\/#\\\/schema\\\/logo\\\/image\\\/\",\"url\":\"https:\\\/\\\/archiv.siov.sk\\\/wp-content\\\/uploads\\\/2024\\\/02\\\/logo-SIOV.png\",\"contentUrl\":\"https:\\\/\\\/archiv.siov.sk\\\/wp-content\\\/uploads\\\/2024\\\/02\\\/logo-SIOV.png\",\"width\":431,\"height\":143,\"caption\":\"\u0160IOV - \u0161t\u00e1tny in\u0161tit\u00fat odborn\u00e9ho vzdel\u00e1vania\"},\"image\":{\"@id\":\"https:\\\/\\\/archiv.siov.sk\\\/#\\\/schema\\\/logo\\\/image\\\/\"},\"sameAs\":[\"https:\\\/\\\/www.facebook.com\\\/Statnyinstitutodbornehovzdelavania\"]},{\"@type\":\"Person\",\"@id\":\"https:\\\/\\\/archiv.siov.sk\\\/#\\\/schema\\\/person\\\/e42d633fbd958c6a726e8834d8965e6c\",\"name\":\"Katar\u00edna Kov\u00e1\u010dov\u00e1\",\"url\":\"https:\\\/\\\/archiv.siov.sk\\\/en\\\/author\\\/katkakovacova\\\/\"}]}<\/script>\n<!-- \/ Yoast SEO plugin. -->","yoast_head_json":{"title":"\u010cak\u00e1 n\u00e1s desiaty ro\u010dn\u00edk s\u00fa\u0165a\u017ee \u201eO zlat\u00e9 no\u017enice\u201c - \u0160IOV - \u0161t\u00e1tny in\u0161tit\u00fat odborn\u00e9ho vzdel\u00e1vania","robots":{"index":"index","follow":"follow","max-snippet":"max-snippet:-1","max-image-preview":"max-image-preview:large","max-video-preview":"max-video-preview:-1"},"canonical":"https:\/\/archiv.siov.sk\/en\/caka-nas-desiaty-rocnik-sutaze-o-zlate-noznice\/","og_locale":"en_GB","og_type":"article","og_title":"\u010cak\u00e1 n\u00e1s desiaty ro\u010dn\u00edk s\u00fa\u0165a\u017ee \u201eO zlat\u00e9 no\u017enice\u201c - \u0160IOV - \u0161t\u00e1tny in\u0161tit\u00fat odborn\u00e9ho vzdel\u00e1vania","og_description":"Bratislavsk\u00e1 Star\u00e1 tr\u017enica sa tento rok stane miestom stretnutia kadern\u00edkov a kadern\u00ed\u010dok v r\u00e1mci jubilejn\u00e9ho desiateho ro\u010dn\u00edka celo\u0161t\u00e1tnej s\u00fa\u0165a\u017ee stredo\u0161kol\u00e1kov v odborn\u00fdch zru\u010dnostiach kadern\u00edkov a viz\u00e1\u017eistov Skills Slovakia Uk\u00e1\u017e \u010do vie\u0161\u00a0\u201cZlat\u00e9 no\u017enice 2025\u201d. Uskuto\u010dn\u00ed sa 25. novembra od 10:00 do 18:00 hod. za \u00fa\u010dasti viac ako 90 s\u00fa\u0165a\u017eiacich \u017eiakov a profesion\u00e1lnych kadern\u00edkov z cel\u00e9ho Slovenska [&hellip;]","og_url":"https:\/\/archiv.siov.sk\/en\/caka-nas-desiaty-rocnik-sutaze-o-zlate-noznice\/","og_site_name":"\u0160IOV - \u0161t\u00e1tny in\u0161tit\u00fat odborn\u00e9ho vzdel\u00e1vania","article_publisher":"https:\/\/www.facebook.com\/Statnyinstitutodbornehovzdelavania","article_published_time":"2025-11-20T12:35:40+00:00","article_modified_time":"2025-11-20T12:36:10+00:00","og_image":[{"width":1920,"height":1006,"url":"https:\/\/archiv.siov.sk\/wp-content\/uploads\/2025\/11\/Zlate-noznice-2025.jpg","type":"image\/jpeg"}],"author":"Katar\u00edna Kov\u00e1\u010dov\u00e1","twitter_card":"summary_large_image","twitter_misc":{"Written by":"Katar\u00edna Kov\u00e1\u010dov\u00e1","Estimated reading time":"2 minutes"},"schema":{"@context":"https:\/\/schema.org","@graph":[{"@type":"Article","@id":"https:\/\/archiv.siov.sk\/caka-nas-desiaty-rocnik-sutaze-o-zlate-noznice\/#article","isPartOf":{"@id":"https:\/\/archiv.siov.sk\/caka-nas-desiaty-rocnik-sutaze-o-zlate-noznice\/"},"author":{"name":"Katar\u00edna Kov\u00e1\u010dov\u00e1","@id":"https:\/\/archiv.siov.sk\/#\/schema\/person\/e42d633fbd958c6a726e8834d8965e6c"},"headline":"\u010cak\u00e1 n\u00e1s desiaty ro\u010dn\u00edk s\u00fa\u0165a\u017ee \u201eO zlat\u00e9 no\u017enice\u201c","datePublished":"2025-11-20T12:35:40+00:00","dateModified":"2025-11-20T12:36:10+00:00","mainEntityOfPage":{"@id":"https:\/\/archiv.siov.sk\/caka-nas-desiaty-rocnik-sutaze-o-zlate-noznice\/"},"wordCount":403,"publisher":{"@id":"https:\/\/archiv.siov.sk\/#organization"},"image":{"@id":"https:\/\/archiv.siov.sk\/caka-nas-desiaty-rocnik-sutaze-o-zlate-noznice\/#primaryimage"},"thumbnailUrl":"https:\/\/archiv.siov.sk\/wp-content\/uploads\/2025\/11\/Zlate-noznice-2025.jpg","articleSection":["Aktuality","S\u00fa\u0165a\u017ee"],"inLanguage":"en-GB"},{"@type":"WebPage","@id":"https:\/\/archiv.siov.sk\/caka-nas-desiaty-rocnik-sutaze-o-zlate-noznice\/","url":"https:\/\/archiv.siov.sk\/caka-nas-desiaty-rocnik-sutaze-o-zlate-noznice\/","name":"\u010cak\u00e1 n\u00e1s desiaty ro\u010dn\u00edk s\u00fa\u0165a\u017ee \u201eO zlat\u00e9 no\u017enice\u201c - \u0160IOV - \u0161t\u00e1tny in\u0161tit\u00fat odborn\u00e9ho vzdel\u00e1vania","isPartOf":{"@id":"https:\/\/archiv.siov.sk\/#website"},"primaryImageOfPage":{"@id":"https:\/\/archiv.siov.sk\/caka-nas-desiaty-rocnik-sutaze-o-zlate-noznice\/#primaryimage"},"image":{"@id":"https:\/\/archiv.siov.sk\/caka-nas-desiaty-rocnik-sutaze-o-zlate-noznice\/#primaryimage"},"thumbnailUrl":"https:\/\/archiv.siov.sk\/wp-content\/uploads\/2025\/11\/Zlate-noznice-2025.jpg","datePublished":"2025-11-20T12:35:40+00:00","dateModified":"2025-11-20T12:36:10+00:00","breadcrumb":{"@id":"https:\/\/archiv.siov.sk\/caka-nas-desiaty-rocnik-sutaze-o-zlate-noznice\/#breadcrumb"},"inLanguage":"en-GB","potentialAction":[{"@type":"ReadAction","target":["https:\/\/archiv.siov.sk\/caka-nas-desiaty-rocnik-sutaze-o-zlate-noznice\/"]}]},{"@type":"ImageObject","inLanguage":"en-GB","@id":"https:\/\/archiv.siov.sk\/caka-nas-desiaty-rocnik-sutaze-o-zlate-noznice\/#primaryimage","url":"https:\/\/archiv.siov.sk\/wp-content\/uploads\/2025\/11\/Zlate-noznice-2025.jpg","contentUrl":"https:\/\/archiv.siov.sk\/wp-content\/uploads\/2025\/11\/Zlate-noznice-2025.jpg","width":1920,"height":1006},{"@type":"BreadcrumbList","@id":"https:\/\/archiv.siov.sk\/caka-nas-desiaty-rocnik-sutaze-o-zlate-noznice\/#breadcrumb","itemListElement":[{"@type":"ListItem","position":1,"name":"Home","item":"https:\/\/archiv.siov.sk\/"},{"@type":"ListItem","position":2,"name":"\u010cak\u00e1 n\u00e1s desiaty ro\u010dn\u00edk s\u00fa\u0165a\u017ee \u201eO zlat\u00e9 no\u017enice\u201c"}]},{"@type":"WebSite","@id":"https:\/\/archiv.siov.sk\/#website","url":"https:\/\/archiv.siov.sk\/","name":"\u0160IOV - \u0161t\u00e1tny in\u0161tit\u00fat odborn\u00e9ho vzdel\u00e1vania","description":"","publisher":{"@id":"https:\/\/archiv.siov.sk\/#organization"},"potentialAction":[{"@type":"SearchAction","target":{"@type":"EntryPoint","urlTemplate":"https:\/\/archiv.siov.sk\/?s={search_term_string}"},"query-input":{"@type":"PropertyValueSpecification","valueRequired":true,"valueName":"search_term_string"}}],"inLanguage":"en-GB"},{"@type":"Organization","@id":"https:\/\/archiv.siov.sk\/#organization","name":"\u0160IOV - \u0161t\u00e1tny in\u0161tit\u00fat odborn\u00e9ho vzdel\u00e1vania","url":"https:\/\/archiv.siov.sk\/","logo":{"@type":"ImageObject","inLanguage":"en-GB","@id":"https:\/\/archiv.siov.sk\/#\/schema\/logo\/image\/","url":"https:\/\/archiv.siov.sk\/wp-content\/uploads\/2024\/02\/logo-SIOV.png","contentUrl":"https:\/\/archiv.siov.sk\/wp-content\/uploads\/2024\/02\/logo-SIOV.png","width":431,"height":143,"caption":"\u0160IOV - \u0161t\u00e1tny in\u0161tit\u00fat odborn\u00e9ho vzdel\u00e1vania"},"image":{"@id":"https:\/\/archiv.siov.sk\/#\/schema\/logo\/image\/"},"sameAs":["https:\/\/www.facebook.com\/Statnyinstitutodbornehovzdelavania"]},{"@type":"Person","@id":"https:\/\/archiv.siov.sk\/#\/schema\/person\/e42d633fbd958c6a726e8834d8965e6c","name":"Katar\u00edna Kov\u00e1\u010dov\u00e1","url":"https:\/\/archiv.siov.sk\/en\/author\/katkakovacova\/"}]}},"_links":{"self":[{"href":"https:\/\/archiv.siov.sk\/en\/wp-json\/wp\/v2\/posts\/21861","targetHints":{"allow":["GET"]}}],"collection":[{"href":"https:\/\/archiv.siov.sk\/en\/wp-json\/wp\/v2\/posts"}],"about":[{"href":"https:\/\/archiv.siov.sk\/en\/wp-json\/wp\/v2\/types\/post"}],"author":[{"embeddable":true,"href":"https:\/\/archiv.siov.sk\/en\/wp-json\/wp\/v2\/users\/6"}],"replies":[{"embeddable":true,"href":"https:\/\/archiv.siov.sk\/en\/wp-json\/wp\/v2\/comments?post=21861"}],"version-history":[{"count":2,"href":"https:\/\/archiv.siov.sk\/en\/wp-json\/wp\/v2\/posts\/21861\/revisions"}],"predecessor-version":[{"id":21864,"href":"https:\/\/archiv.siov.sk\/en\/wp-json\/wp\/v2\/posts\/21861\/revisions\/21864"}],"wp:featuredmedia":[{"embeddable":true,"href":"https:\/\/archiv.siov.sk\/en\/wp-json\/wp\/v2\/media\/21863"}],"wp:attachment":[{"href":"https:\/\/archiv.siov.sk\/en\/wp-json\/wp\/v2\/media?parent=21861"}],"wp:term":[{"taxonomy":"category","embeddable":true,"href":"https:\/\/archiv.siov.sk\/en\/wp-json\/wp\/v2\/categories?post=21861"},{"taxonomy":"post_tag","embeddable":true,"href":"https:\/\/archiv.siov.sk\/en\/wp-json\/wp\/v2\/tags?post=21861"}],"curies":[{"name":"wp","href":"https:\/\/api.w.org\/{rel}","templated":true}]}}