{"id":21748,"date":"2025-11-10T12:22:51","date_gmt":"2025-11-10T11:22:51","guid":{"rendered":"https:\/\/archiv.siov.sk\/?p=21748"},"modified":"2025-11-10T14:47:13","modified_gmt":"2025-11-10T13:47:13","slug":"prof-dr-ursula-renold-na-slovensku-klucove-faktory-prepojenia-vzdelavania-a-trhu-prace","status":"publish","type":"post","link":"https:\/\/archiv.siov.sk\/en\/prof-dr-ursula-renold-na-slovensku-klucove-faktory-prepojenia-vzdelavania-a-trhu-prace\/","title":{"rendered":"Prof. Dr. Ursula Renold na Slovensku: K\u013e\u00fa\u010dov\u00e9 faktory prepojenia vzdel\u00e1vania a trhu pr\u00e1ce"},"content":{"rendered":"<div data-elementor-type=\"wp-post\" data-elementor-id=\"21748\" class=\"elementor elementor-21748\" data-elementor-post-type=\"post\">\n\t\t\t\t<div class=\"elementor-element elementor-element-a11b03b e-flex e-con-boxed e-con e-parent\" data-id=\"a11b03b\" data-element_type=\"container\" data-e-type=\"container\">\n\t\t\t\t\t<div class=\"e-con-inner\">\n\t\t\t\t<div class=\"elementor-element elementor-element-24d075b elementor-widget elementor-widget-text-editor\" data-id=\"24d075b\" data-element_type=\"widget\" data-e-type=\"widget\" data-widget_type=\"text-editor.default\">\n\t\t\t\t<div class=\"elementor-widget-container\">\n\t\t\t\t\t\t\t\t\t<p>\u0160t\u00e1tny in\u0161tit\u00fat odborn\u00e9ho vzdel\u00e1vania v r\u00e1mci aktiv\u00edt Programu \u0161vaj\u010diarsko-slovenskej spolupr\u00e1ce v spolupr\u00e1ci s Ministerstvom \u0161kolstva, v\u00fdskumu, v\u00fdvoja a ml\u00e1de\u017ee SR otv\u00e1ra diskusiu k \u010fal\u0161iemu smerovaniu odborn\u00e9ho vzdel\u00e1vania a pr\u00edpravy v s\u00falade s potrebami trhu pr\u00e1ce. V d\u0148och 5.-6.novembra 2025 prebehol workshop s medzin\u00e1rodne uzn\u00e1vanou odborn\u00ed\u010dkou Prof. Ursulou Renold\u00a0 z ETH Zurich a jej t\u00edmom pod n\u00e1zvom <em>Strategick\u00e9 faktory prepojenia odborn\u00e9ho vzdel\u00e1vania a\u00a0pr\u00edpravy s profesion\u00e1lnym vzdel\u00e1van\u00edm dospel\u00fdch na\u00a0trhu pr\u00e1ce.<\/em> Na\u0161\u00edm cie\u013eom je posilni\u0165 odborn\u00e9 vzdel\u00e1vanie vybudovan\u00edm kvalitnej profesijnej vetvy, ktor\u00e1 je aj v\u00a0okolit\u00fdch krajin\u00e1ch zalo\u017een\u00e1 na silnej spolupr\u00e1ci so stavovsk\u00fdmi a\u00a0profesijn\u00fdmi organiz\u00e1ciami a\u00a0zamestn\u00e1vate\u013emi.<\/p>\n<p><!-- \/wp:paragraph --><\/p>\n<p><!-- wp:paragraph --><\/p>\n<p>Po\u010das n\u00e1v\u0161tevy Slovenska bola prof. Renold pozvan\u00e1 na rozhovor pre <strong>RTVS<\/strong>, v ktorom prezradila, na \u010dom stoj\u00ed \u00faspech odborn\u00e9ho vzdel\u00e1vania vo \u0160vaj\u010diarsku, ako zabezpe\u010di\u0165 efekt\u00edvnej\u0161ie prepojenie te\u00f3rie s praxou a \u010di je finan\u010dn\u00e1 motiv\u00e1cia \u017eiakov cestou k zv\u00fd\u0161eniu z\u00e1ujmu o du\u00e1lne vzdel\u00e1vanie.\u00a0<\/p>\n<p><!-- \/wp:paragraph --><\/p>\t\t\t\t\t\t\t\t<\/div>\n\t\t\t\t<\/div>\n\t\t\t\t\t<\/div>\n\t\t\t\t<\/div>\n\t\t<div class=\"elementor-element elementor-element-ec1eea4 e-flex e-con-boxed e-con e-parent\" data-id=\"ec1eea4\" data-element_type=\"container\" data-e-type=\"container\">\n\t\t\t\t\t<div class=\"e-con-inner\">\n\t\t\t\t<div class=\"elementor-element elementor-element-079b9e3 elementor-cta--skin-classic elementor-animated-content elementor-bg-transform elementor-bg-transform-zoom-in elementor-widget elementor-widget-call-to-action\" data-id=\"079b9e3\" data-element_type=\"widget\" data-e-type=\"widget\" data-widget_type=\"call-to-action.default\">\n\t\t\t\t<div class=\"elementor-widget-container\">\n\t\t\t\t\t\t\t<div class=\"elementor-cta\">\n\t\t\t\t\t<div class=\"elementor-cta__bg-wrapper\">\n\t\t\t\t<div class=\"elementor-cta__bg elementor-bg\" style=\"background-image: url(https:\/\/archiv.siov.sk\/wp-content\/uploads\/2025\/11\/prof.-Renold_STVR-1024x768.jpg);\" role=\"img\" aria-label=\"prof. Renold_STVR\"><\/div>\n\t\t\t\t<div class=\"elementor-cta__bg-overlay\"><\/div>\n\t\t\t<\/div>\n\t\t\t\t\t\t\t<div class=\"elementor-cta__content\">\n\t\t\t\t\n\t\t\t\t\t\t\t\t\t<h2 class=\"elementor-cta__title elementor-cta__content-item elementor-content-item\">\n\t\t\t\t\t\tRozhovor s prof. Dr. Ursulou Renold v AKTU\u00c1LNE :24\t\t\t\t\t<\/h2>\n\t\t\t\t\n\t\t\t\t\n\t\t\t\t\t\t\t\t\t<div class=\"elementor-cta__button-wrapper elementor-cta__content-item elementor-content-item\">\n\t\t\t\t\t<a class=\"elementor-cta__button elementor-button elementor-size-\" href=\"https:\/\/www.stvr.sk\/televizia\/archiv\/20110\/564484#1057\" target=\"_blank\">\n\t\t\t\t\t\tPozrite si cel\u00fd rozhovor\t\t\t\t\t<\/a>\n\t\t\t\t\t<\/div>\n\t\t\t\t\t\t\t<\/div>\n\t\t\t\t\t\t<\/div>\n\t\t\t\t\t\t<\/div>\n\t\t\t\t<\/div>\n\t\t\t\t\t<\/div>\n\t\t\t\t<\/div>\n\t\t\t\t<\/div>","protected":false},"excerpt":{"rendered":"<p>\u0160t\u00e1tny in\u0161tit\u00fat odborn\u00e9ho vzdel\u00e1vania v r\u00e1mci aktiv\u00edt Programu \u0161vaj\u010diarsko-slovenskej spolupr\u00e1ce v spolupr\u00e1ci s Ministerstvom \u0161kolstva, v\u00fdskumu, v\u00fdvoja a ml\u00e1de\u017ee SR otv\u00e1ra diskusiu k \u010fal\u0161iemu smerovaniu odborn\u00e9ho vzdel\u00e1vania a pr\u00edpravy v s\u00falade s potrebami trhu pr\u00e1ce. V d\u0148och 5.-6.novembra 2025 prebehol workshop s medzin\u00e1rodne uzn\u00e1vanou odborn\u00ed\u010dkou Prof. Ursulou Renold\u00a0 z ETH Zurich a jej t\u00edmom pod [&hellip;]<\/p>\n","protected":false},"author":11,"featured_media":21761,"comment_status":"closed","ping_status":"closed","sticky":false,"template":"","format":"standard","meta":{"site-sidebar-layout":"default","site-content-layout":"","ast-site-content-layout":"default","site-content-style":"default","site-sidebar-style":"default","ast-global-header-display":"","ast-banner-title-visibility":"","ast-main-header-display":"","ast-hfb-above-header-display":"","ast-hfb-below-header-display":"","ast-hfb-mobile-header-display":"","site-post-title":"","ast-breadcrumbs-content":"","ast-featured-img":"","footer-sml-layout":"","ast-disable-related-posts":"","theme-transparent-header-meta":"default","adv-header-id-meta":"","stick-header-meta":"default","header-above-stick-meta":"","header-main-stick-meta":"","header-below-stick-meta":"","astra-migrate-meta-layouts":"set","ast-page-background-enabled":"default","ast-page-background-meta":{"desktop":{"background-color":"var(--ast-global-color-4)","background-image":"","background-repeat":"repeat","background-position":"center center","background-size":"auto","background-attachment":"scroll","background-type":"","background-media":"","overlay-type":"","overlay-color":"","overlay-opacity":"","overlay-gradient":""},"tablet":{"background-color":"","background-image":"","background-repeat":"repeat","background-position":"center center","background-size":"auto","background-attachment":"scroll","background-type":"","background-media":"","overlay-type":"","overlay-color":"","overlay-opacity":"","overlay-gradient":""},"mobile":{"background-color":"","background-image":"","background-repeat":"repeat","background-position":"center center","background-size":"auto","background-attachment":"scroll","background-type":"","background-media":"","overlay-type":"","overlay-color":"","overlay-opacity":"","overlay-gradient":""}},"ast-content-background-meta":{"desktop":{"background-color":"var(--ast-global-color-5)","background-image":"","background-repeat":"repeat","background-position":"center center","background-size":"auto","background-attachment":"scroll","background-type":"","background-media":"","overlay-type":"","overlay-color":"","overlay-opacity":"","overlay-gradient":""},"tablet":{"background-color":"var(--ast-global-color-5)","background-image":"","background-repeat":"repeat","background-position":"center center","background-size":"auto","background-attachment":"scroll","background-type":"","background-media":"","overlay-type":"","overlay-color":"","overlay-opacity":"","overlay-gradient":""},"mobile":{"background-color":"var(--ast-global-color-5)","background-image":"","background-repeat":"repeat","background-position":"center center","background-size":"auto","background-attachment":"scroll","background-type":"","background-media":"","overlay-type":"","overlay-color":"","overlay-opacity":"","overlay-gradient":""}},"footnotes":""},"categories":[1,30],"tags":[],"class_list":["post-21748","post","type-post","status-publish","format-standard","has-post-thumbnail","hentry","category-aktuality","category-program-svajciarsko-slovenskej-spoluprace"],"yoast_head":"<!-- This site is optimized with the Yoast SEO plugin v27.5 - https:\/\/yoast.com\/product\/yoast-seo-wordpress\/ -->\n<title>Prof. Dr. Ursula Renold na Slovensku: K\u013e\u00fa\u010dov\u00e9 faktory prepojenia vzdel\u00e1vania a trhu pr\u00e1ce - \u0160IOV - \u0161t\u00e1tny in\u0161tit\u00fat odborn\u00e9ho vzdel\u00e1vania<\/title>\n<meta name=\"robots\" content=\"index, follow, max-snippet:-1, max-image-preview:large, max-video-preview:-1\" \/>\n<link rel=\"canonical\" href=\"https:\/\/archiv.siov.sk\/en\/prof-dr-ursula-renold-na-slovensku-klucove-faktory-prepojenia-vzdelavania-a-trhu-prace\/\" \/>\n<meta property=\"og:locale\" content=\"en_GB\" \/>\n<meta property=\"og:type\" content=\"article\" \/>\n<meta property=\"og:title\" content=\"Prof. Dr. Ursula Renold na Slovensku: K\u013e\u00fa\u010dov\u00e9 faktory prepojenia vzdel\u00e1vania a trhu pr\u00e1ce - \u0160IOV - \u0161t\u00e1tny in\u0161tit\u00fat odborn\u00e9ho vzdel\u00e1vania\" \/>\n<meta property=\"og:description\" content=\"\u0160t\u00e1tny in\u0161tit\u00fat odborn\u00e9ho vzdel\u00e1vania v r\u00e1mci aktiv\u00edt Programu \u0161vaj\u010diarsko-slovenskej spolupr\u00e1ce v spolupr\u00e1ci s Ministerstvom \u0161kolstva, v\u00fdskumu, v\u00fdvoja a ml\u00e1de\u017ee SR otv\u00e1ra diskusiu k \u010fal\u0161iemu smerovaniu odborn\u00e9ho vzdel\u00e1vania a pr\u00edpravy v s\u00falade s potrebami trhu pr\u00e1ce. V d\u0148och 5.-6.novembra 2025 prebehol workshop s medzin\u00e1rodne uzn\u00e1vanou odborn\u00ed\u010dkou Prof. Ursulou Renold\u00a0 z ETH Zurich a jej t\u00edmom pod [&hellip;]\" \/>\n<meta property=\"og:url\" content=\"https:\/\/archiv.siov.sk\/en\/prof-dr-ursula-renold-na-slovensku-klucove-faktory-prepojenia-vzdelavania-a-trhu-prace\/\" \/>\n<meta property=\"og:site_name\" content=\"\u0160IOV - \u0161t\u00e1tny in\u0161tit\u00fat odborn\u00e9ho vzdel\u00e1vania\" \/>\n<meta property=\"article:publisher\" content=\"https:\/\/www.facebook.com\/Statnyinstitutodbornehovzdelavania\" \/>\n<meta property=\"article:published_time\" content=\"2025-11-10T11:22:51+00:00\" \/>\n<meta property=\"article:modified_time\" content=\"2025-11-10T13:47:13+00:00\" \/>\n<meta property=\"og:image\" content=\"https:\/\/archiv.siov.sk\/wp-content\/uploads\/2025\/11\/prof.-Renold_STVR-2-1-e1762773881762.jpg\" \/>\n\t<meta property=\"og:image:width\" content=\"1512\" \/>\n\t<meta property=\"og:image:height\" content=\"1223\" \/>\n\t<meta property=\"og:image:type\" content=\"image\/jpeg\" \/>\n<meta name=\"author\" content=\"Sylvia Hamadejova\" \/>\n<meta name=\"twitter:card\" content=\"summary_large_image\" \/>\n<meta name=\"twitter:label1\" content=\"Written by\" \/>\n\t<meta name=\"twitter:data1\" content=\"Sylvia Hamadejova\" \/>\n\t<meta name=\"twitter:label2\" content=\"Estimated reading time\" \/>\n\t<meta name=\"twitter:data2\" content=\"1 minute\" \/>\n<script type=\"application\/ld+json\" class=\"yoast-schema-graph\">{\"@context\":\"https:\\\/\\\/schema.org\",\"@graph\":[{\"@type\":\"Article\",\"@id\":\"https:\\\/\\\/archiv.siov.sk\\\/prof-dr-ursula-renold-na-slovensku-klucove-faktory-prepojenia-vzdelavania-a-trhu-prace\\\/#article\",\"isPartOf\":{\"@id\":\"https:\\\/\\\/archiv.siov.sk\\\/prof-dr-ursula-renold-na-slovensku-klucove-faktory-prepojenia-vzdelavania-a-trhu-prace\\\/\"},\"author\":{\"name\":\"Sylvia Hamadejova\",\"@id\":\"https:\\\/\\\/archiv.siov.sk\\\/#\\\/schema\\\/person\\\/70de33c3c88facac4a386ef06f733b92\"},\"headline\":\"Prof. Dr. Ursula Renold na Slovensku: K\u013e\u00fa\u010dov\u00e9 faktory prepojenia vzdel\u00e1vania a trhu pr\u00e1ce\",\"datePublished\":\"2025-11-10T11:22:51+00:00\",\"dateModified\":\"2025-11-10T13:47:13+00:00\",\"mainEntityOfPage\":{\"@id\":\"https:\\\/\\\/archiv.siov.sk\\\/prof-dr-ursula-renold-na-slovensku-klucove-faktory-prepojenia-vzdelavania-a-trhu-prace\\\/\"},\"wordCount\":232,\"publisher\":{\"@id\":\"https:\\\/\\\/archiv.siov.sk\\\/#organization\"},\"image\":{\"@id\":\"https:\\\/\\\/archiv.siov.sk\\\/prof-dr-ursula-renold-na-slovensku-klucove-faktory-prepojenia-vzdelavania-a-trhu-prace\\\/#primaryimage\"},\"thumbnailUrl\":\"https:\\\/\\\/archiv.siov.sk\\\/wp-content\\\/uploads\\\/2025\\\/11\\\/prof.-Renold_STVR-2-1-e1762773881762.jpg\",\"articleSection\":[\"Aktuality\",\"Program \u0161vaj\u010diarsko-slovenskej spolupr\u00e1ce\"],\"inLanguage\":\"en-GB\"},{\"@type\":\"WebPage\",\"@id\":\"https:\\\/\\\/archiv.siov.sk\\\/prof-dr-ursula-renold-na-slovensku-klucove-faktory-prepojenia-vzdelavania-a-trhu-prace\\\/\",\"url\":\"https:\\\/\\\/archiv.siov.sk\\\/prof-dr-ursula-renold-na-slovensku-klucove-faktory-prepojenia-vzdelavania-a-trhu-prace\\\/\",\"name\":\"Prof. Dr. Ursula Renold na Slovensku: K\u013e\u00fa\u010dov\u00e9 faktory prepojenia vzdel\u00e1vania a trhu pr\u00e1ce - \u0160IOV - \u0161t\u00e1tny in\u0161tit\u00fat odborn\u00e9ho vzdel\u00e1vania\",\"isPartOf\":{\"@id\":\"https:\\\/\\\/archiv.siov.sk\\\/#website\"},\"primaryImageOfPage\":{\"@id\":\"https:\\\/\\\/archiv.siov.sk\\\/prof-dr-ursula-renold-na-slovensku-klucove-faktory-prepojenia-vzdelavania-a-trhu-prace\\\/#primaryimage\"},\"image\":{\"@id\":\"https:\\\/\\\/archiv.siov.sk\\\/prof-dr-ursula-renold-na-slovensku-klucove-faktory-prepojenia-vzdelavania-a-trhu-prace\\\/#primaryimage\"},\"thumbnailUrl\":\"https:\\\/\\\/archiv.siov.sk\\\/wp-content\\\/uploads\\\/2025\\\/11\\\/prof.-Renold_STVR-2-1-e1762773881762.jpg\",\"datePublished\":\"2025-11-10T11:22:51+00:00\",\"dateModified\":\"2025-11-10T13:47:13+00:00\",\"breadcrumb\":{\"@id\":\"https:\\\/\\\/archiv.siov.sk\\\/prof-dr-ursula-renold-na-slovensku-klucove-faktory-prepojenia-vzdelavania-a-trhu-prace\\\/#breadcrumb\"},\"inLanguage\":\"en-GB\",\"potentialAction\":[{\"@type\":\"ReadAction\",\"target\":[\"https:\\\/\\\/archiv.siov.sk\\\/prof-dr-ursula-renold-na-slovensku-klucove-faktory-prepojenia-vzdelavania-a-trhu-prace\\\/\"]}]},{\"@type\":\"ImageObject\",\"inLanguage\":\"en-GB\",\"@id\":\"https:\\\/\\\/archiv.siov.sk\\\/prof-dr-ursula-renold-na-slovensku-klucove-faktory-prepojenia-vzdelavania-a-trhu-prace\\\/#primaryimage\",\"url\":\"https:\\\/\\\/archiv.siov.sk\\\/wp-content\\\/uploads\\\/2025\\\/11\\\/prof.-Renold_STVR-2-1-e1762773881762.jpg\",\"contentUrl\":\"https:\\\/\\\/archiv.siov.sk\\\/wp-content\\\/uploads\\\/2025\\\/11\\\/prof.-Renold_STVR-2-1-e1762773881762.jpg\",\"width\":1512,\"height\":1223},{\"@type\":\"BreadcrumbList\",\"@id\":\"https:\\\/\\\/archiv.siov.sk\\\/prof-dr-ursula-renold-na-slovensku-klucove-faktory-prepojenia-vzdelavania-a-trhu-prace\\\/#breadcrumb\",\"itemListElement\":[{\"@type\":\"ListItem\",\"position\":1,\"name\":\"Home\",\"item\":\"https:\\\/\\\/archiv.siov.sk\\\/\"},{\"@type\":\"ListItem\",\"position\":2,\"name\":\"Prof. Dr. Ursula Renold na Slovensku: K\u013e\u00fa\u010dov\u00e9 faktory prepojenia vzdel\u00e1vania a trhu pr\u00e1ce\"}]},{\"@type\":\"WebSite\",\"@id\":\"https:\\\/\\\/archiv.siov.sk\\\/#website\",\"url\":\"https:\\\/\\\/archiv.siov.sk\\\/\",\"name\":\"\u0160IOV - \u0161t\u00e1tny in\u0161tit\u00fat odborn\u00e9ho vzdel\u00e1vania\",\"description\":\"\",\"publisher\":{\"@id\":\"https:\\\/\\\/archiv.siov.sk\\\/#organization\"},\"potentialAction\":[{\"@type\":\"SearchAction\",\"target\":{\"@type\":\"EntryPoint\",\"urlTemplate\":\"https:\\\/\\\/archiv.siov.sk\\\/?s={search_term_string}\"},\"query-input\":{\"@type\":\"PropertyValueSpecification\",\"valueRequired\":true,\"valueName\":\"search_term_string\"}}],\"inLanguage\":\"en-GB\"},{\"@type\":\"Organization\",\"@id\":\"https:\\\/\\\/archiv.siov.sk\\\/#organization\",\"name\":\"\u0160IOV - \u0161t\u00e1tny in\u0161tit\u00fat odborn\u00e9ho vzdel\u00e1vania\",\"url\":\"https:\\\/\\\/archiv.siov.sk\\\/\",\"logo\":{\"@type\":\"ImageObject\",\"inLanguage\":\"en-GB\",\"@id\":\"https:\\\/\\\/archiv.siov.sk\\\/#\\\/schema\\\/logo\\\/image\\\/\",\"url\":\"https:\\\/\\\/archiv.siov.sk\\\/wp-content\\\/uploads\\\/2024\\\/02\\\/logo-SIOV.png\",\"contentUrl\":\"https:\\\/\\\/archiv.siov.sk\\\/wp-content\\\/uploads\\\/2024\\\/02\\\/logo-SIOV.png\",\"width\":431,\"height\":143,\"caption\":\"\u0160IOV - \u0161t\u00e1tny in\u0161tit\u00fat odborn\u00e9ho vzdel\u00e1vania\"},\"image\":{\"@id\":\"https:\\\/\\\/archiv.siov.sk\\\/#\\\/schema\\\/logo\\\/image\\\/\"},\"sameAs\":[\"https:\\\/\\\/www.facebook.com\\\/Statnyinstitutodbornehovzdelavania\"]},{\"@type\":\"Person\",\"@id\":\"https:\\\/\\\/archiv.siov.sk\\\/#\\\/schema\\\/person\\\/70de33c3c88facac4a386ef06f733b92\",\"name\":\"Sylvia Hamadejova\",\"url\":\"https:\\\/\\\/archiv.siov.sk\\\/en\\\/author\\\/hamadejovas\\\/\"}]}<\/script>\n<!-- \/ Yoast SEO plugin. -->","yoast_head_json":{"title":"Prof. Dr. Ursula Renold na Slovensku: K\u013e\u00fa\u010dov\u00e9 faktory prepojenia vzdel\u00e1vania a trhu pr\u00e1ce - \u0160IOV - \u0161t\u00e1tny in\u0161tit\u00fat odborn\u00e9ho vzdel\u00e1vania","robots":{"index":"index","follow":"follow","max-snippet":"max-snippet:-1","max-image-preview":"max-image-preview:large","max-video-preview":"max-video-preview:-1"},"canonical":"https:\/\/archiv.siov.sk\/en\/prof-dr-ursula-renold-na-slovensku-klucove-faktory-prepojenia-vzdelavania-a-trhu-prace\/","og_locale":"en_GB","og_type":"article","og_title":"Prof. Dr. Ursula Renold na Slovensku: K\u013e\u00fa\u010dov\u00e9 faktory prepojenia vzdel\u00e1vania a trhu pr\u00e1ce - \u0160IOV - \u0161t\u00e1tny in\u0161tit\u00fat odborn\u00e9ho vzdel\u00e1vania","og_description":"\u0160t\u00e1tny in\u0161tit\u00fat odborn\u00e9ho vzdel\u00e1vania v r\u00e1mci aktiv\u00edt Programu \u0161vaj\u010diarsko-slovenskej spolupr\u00e1ce v spolupr\u00e1ci s Ministerstvom \u0161kolstva, v\u00fdskumu, v\u00fdvoja a ml\u00e1de\u017ee SR otv\u00e1ra diskusiu k \u010fal\u0161iemu smerovaniu odborn\u00e9ho vzdel\u00e1vania a pr\u00edpravy v s\u00falade s potrebami trhu pr\u00e1ce. V d\u0148och 5.-6.novembra 2025 prebehol workshop s medzin\u00e1rodne uzn\u00e1vanou odborn\u00ed\u010dkou Prof. Ursulou Renold\u00a0 z ETH Zurich a jej t\u00edmom pod [&hellip;]","og_url":"https:\/\/archiv.siov.sk\/en\/prof-dr-ursula-renold-na-slovensku-klucove-faktory-prepojenia-vzdelavania-a-trhu-prace\/","og_site_name":"\u0160IOV - \u0161t\u00e1tny in\u0161tit\u00fat odborn\u00e9ho vzdel\u00e1vania","article_publisher":"https:\/\/www.facebook.com\/Statnyinstitutodbornehovzdelavania","article_published_time":"2025-11-10T11:22:51+00:00","article_modified_time":"2025-11-10T13:47:13+00:00","og_image":[{"width":1512,"height":1223,"url":"https:\/\/archiv.siov.sk\/wp-content\/uploads\/2025\/11\/prof.-Renold_STVR-2-1-e1762773881762.jpg","type":"image\/jpeg"}],"author":"Sylvia Hamadejova","twitter_card":"summary_large_image","twitter_misc":{"Written by":"Sylvia Hamadejova","Estimated reading time":"1 minute"},"schema":{"@context":"https:\/\/schema.org","@graph":[{"@type":"Article","@id":"https:\/\/archiv.siov.sk\/prof-dr-ursula-renold-na-slovensku-klucove-faktory-prepojenia-vzdelavania-a-trhu-prace\/#article","isPartOf":{"@id":"https:\/\/archiv.siov.sk\/prof-dr-ursula-renold-na-slovensku-klucove-faktory-prepojenia-vzdelavania-a-trhu-prace\/"},"author":{"name":"Sylvia Hamadejova","@id":"https:\/\/archiv.siov.sk\/#\/schema\/person\/70de33c3c88facac4a386ef06f733b92"},"headline":"Prof. Dr. Ursula Renold na Slovensku: K\u013e\u00fa\u010dov\u00e9 faktory prepojenia vzdel\u00e1vania a trhu pr\u00e1ce","datePublished":"2025-11-10T11:22:51+00:00","dateModified":"2025-11-10T13:47:13+00:00","mainEntityOfPage":{"@id":"https:\/\/archiv.siov.sk\/prof-dr-ursula-renold-na-slovensku-klucove-faktory-prepojenia-vzdelavania-a-trhu-prace\/"},"wordCount":232,"publisher":{"@id":"https:\/\/archiv.siov.sk\/#organization"},"image":{"@id":"https:\/\/archiv.siov.sk\/prof-dr-ursula-renold-na-slovensku-klucove-faktory-prepojenia-vzdelavania-a-trhu-prace\/#primaryimage"},"thumbnailUrl":"https:\/\/archiv.siov.sk\/wp-content\/uploads\/2025\/11\/prof.-Renold_STVR-2-1-e1762773881762.jpg","articleSection":["Aktuality","Program \u0161vaj\u010diarsko-slovenskej spolupr\u00e1ce"],"inLanguage":"en-GB"},{"@type":"WebPage","@id":"https:\/\/archiv.siov.sk\/prof-dr-ursula-renold-na-slovensku-klucove-faktory-prepojenia-vzdelavania-a-trhu-prace\/","url":"https:\/\/archiv.siov.sk\/prof-dr-ursula-renold-na-slovensku-klucove-faktory-prepojenia-vzdelavania-a-trhu-prace\/","name":"Prof. Dr. Ursula Renold na Slovensku: K\u013e\u00fa\u010dov\u00e9 faktory prepojenia vzdel\u00e1vania a trhu pr\u00e1ce - \u0160IOV - \u0161t\u00e1tny in\u0161tit\u00fat odborn\u00e9ho vzdel\u00e1vania","isPartOf":{"@id":"https:\/\/archiv.siov.sk\/#website"},"primaryImageOfPage":{"@id":"https:\/\/archiv.siov.sk\/prof-dr-ursula-renold-na-slovensku-klucove-faktory-prepojenia-vzdelavania-a-trhu-prace\/#primaryimage"},"image":{"@id":"https:\/\/archiv.siov.sk\/prof-dr-ursula-renold-na-slovensku-klucove-faktory-prepojenia-vzdelavania-a-trhu-prace\/#primaryimage"},"thumbnailUrl":"https:\/\/archiv.siov.sk\/wp-content\/uploads\/2025\/11\/prof.-Renold_STVR-2-1-e1762773881762.jpg","datePublished":"2025-11-10T11:22:51+00:00","dateModified":"2025-11-10T13:47:13+00:00","breadcrumb":{"@id":"https:\/\/archiv.siov.sk\/prof-dr-ursula-renold-na-slovensku-klucove-faktory-prepojenia-vzdelavania-a-trhu-prace\/#breadcrumb"},"inLanguage":"en-GB","potentialAction":[{"@type":"ReadAction","target":["https:\/\/archiv.siov.sk\/prof-dr-ursula-renold-na-slovensku-klucove-faktory-prepojenia-vzdelavania-a-trhu-prace\/"]}]},{"@type":"ImageObject","inLanguage":"en-GB","@id":"https:\/\/archiv.siov.sk\/prof-dr-ursula-renold-na-slovensku-klucove-faktory-prepojenia-vzdelavania-a-trhu-prace\/#primaryimage","url":"https:\/\/archiv.siov.sk\/wp-content\/uploads\/2025\/11\/prof.-Renold_STVR-2-1-e1762773881762.jpg","contentUrl":"https:\/\/archiv.siov.sk\/wp-content\/uploads\/2025\/11\/prof.-Renold_STVR-2-1-e1762773881762.jpg","width":1512,"height":1223},{"@type":"BreadcrumbList","@id":"https:\/\/archiv.siov.sk\/prof-dr-ursula-renold-na-slovensku-klucove-faktory-prepojenia-vzdelavania-a-trhu-prace\/#breadcrumb","itemListElement":[{"@type":"ListItem","position":1,"name":"Home","item":"https:\/\/archiv.siov.sk\/"},{"@type":"ListItem","position":2,"name":"Prof. Dr. Ursula Renold na Slovensku: K\u013e\u00fa\u010dov\u00e9 faktory prepojenia vzdel\u00e1vania a trhu pr\u00e1ce"}]},{"@type":"WebSite","@id":"https:\/\/archiv.siov.sk\/#website","url":"https:\/\/archiv.siov.sk\/","name":"\u0160IOV - \u0161t\u00e1tny in\u0161tit\u00fat odborn\u00e9ho vzdel\u00e1vania","description":"","publisher":{"@id":"https:\/\/archiv.siov.sk\/#organization"},"potentialAction":[{"@type":"SearchAction","target":{"@type":"EntryPoint","urlTemplate":"https:\/\/archiv.siov.sk\/?s={search_term_string}"},"query-input":{"@type":"PropertyValueSpecification","valueRequired":true,"valueName":"search_term_string"}}],"inLanguage":"en-GB"},{"@type":"Organization","@id":"https:\/\/archiv.siov.sk\/#organization","name":"\u0160IOV - \u0161t\u00e1tny in\u0161tit\u00fat odborn\u00e9ho vzdel\u00e1vania","url":"https:\/\/archiv.siov.sk\/","logo":{"@type":"ImageObject","inLanguage":"en-GB","@id":"https:\/\/archiv.siov.sk\/#\/schema\/logo\/image\/","url":"https:\/\/archiv.siov.sk\/wp-content\/uploads\/2024\/02\/logo-SIOV.png","contentUrl":"https:\/\/archiv.siov.sk\/wp-content\/uploads\/2024\/02\/logo-SIOV.png","width":431,"height":143,"caption":"\u0160IOV - \u0161t\u00e1tny in\u0161tit\u00fat odborn\u00e9ho vzdel\u00e1vania"},"image":{"@id":"https:\/\/archiv.siov.sk\/#\/schema\/logo\/image\/"},"sameAs":["https:\/\/www.facebook.com\/Statnyinstitutodbornehovzdelavania"]},{"@type":"Person","@id":"https:\/\/archiv.siov.sk\/#\/schema\/person\/70de33c3c88facac4a386ef06f733b92","name":"Sylvia Hamadejova","url":"https:\/\/archiv.siov.sk\/en\/author\/hamadejovas\/"}]}},"_links":{"self":[{"href":"https:\/\/archiv.siov.sk\/en\/wp-json\/wp\/v2\/posts\/21748","targetHints":{"allow":["GET"]}}],"collection":[{"href":"https:\/\/archiv.siov.sk\/en\/wp-json\/wp\/v2\/posts"}],"about":[{"href":"https:\/\/archiv.siov.sk\/en\/wp-json\/wp\/v2\/types\/post"}],"author":[{"embeddable":true,"href":"https:\/\/archiv.siov.sk\/en\/wp-json\/wp\/v2\/users\/11"}],"replies":[{"embeddable":true,"href":"https:\/\/archiv.siov.sk\/en\/wp-json\/wp\/v2\/comments?post=21748"}],"version-history":[{"count":12,"href":"https:\/\/archiv.siov.sk\/en\/wp-json\/wp\/v2\/posts\/21748\/revisions"}],"predecessor-version":[{"id":21780,"href":"https:\/\/archiv.siov.sk\/en\/wp-json\/wp\/v2\/posts\/21748\/revisions\/21780"}],"wp:featuredmedia":[{"embeddable":true,"href":"https:\/\/archiv.siov.sk\/en\/wp-json\/wp\/v2\/media\/21761"}],"wp:attachment":[{"href":"https:\/\/archiv.siov.sk\/en\/wp-json\/wp\/v2\/media?parent=21748"}],"wp:term":[{"taxonomy":"category","embeddable":true,"href":"https:\/\/archiv.siov.sk\/en\/wp-json\/wp\/v2\/categories?post=21748"},{"taxonomy":"post_tag","embeddable":true,"href":"https:\/\/archiv.siov.sk\/en\/wp-json\/wp\/v2\/tags?post=21748"}],"curies":[{"name":"wp","href":"https:\/\/api.w.org\/{rel}","templated":true}]}}