{"id":21726,"date":"2025-11-05T16:23:13","date_gmt":"2025-11-05T15:23:13","guid":{"rendered":"https:\/\/archiv.siov.sk\/?p=21726"},"modified":"2025-11-05T16:23:26","modified_gmt":"2025-11-05T15:23:26","slug":"trendy-v-odbornom-vzdelavani-oktober-2025","status":"publish","type":"post","link":"https:\/\/archiv.siov.sk\/en\/trendy-v-odbornom-vzdelavani-oktober-2025\/","title":{"rendered":"TRENDY V ODBORNOM VZDEL\u00c1VAN\u00cd OKT\u00d3BER 2025"},"content":{"rendered":"<p style=\"text-align: justify;\">V okt\u00f3bri \u0160t\u00e1tny in\u0161tit\u00fat odborn\u00e9ho vzdel\u00e1vania zorganizoval pracovn\u00e9 stretnutie s partnermi, aby ich informoval o svojich aktivit\u00e1ch, novink\u00e1ch a prediskutoval mo\u017enosti \u010fal\u0161ej spolupr\u00e1ce. Na stretnut\u00ed sme sa tie\u017e vr\u00e1tili k\u00a0mimoriadnej \u00fa\u010dasti Slovenska na EuroSkills 2025 a\u00a0ocenili naj\u00faspe\u0161nej\u0161\u00edch s\u00fa\u0165a\u017eiacich a\u00a0expertov.<\/p>\n<p style=\"text-align: justify;\">Pred nami s\u00fa podujatia ako Medzin\u00e1rodn\u00fd ve\u013etrh cvi\u010dn\u00fdch firiem 2025, T\u00fd\u017ede\u0148 prof\u00edka o online webin\u00e1re k trasovaniu absolventov, na ktor\u00e9 v\u00e1s srde\u010dne poz\u00fdvame. V plnom pr\u00fade s\u00fa s\u00fa\u0165a\u017ee, v okt\u00f3bri si sily zmerali elektronici a stavb\u00e1ri, prebieha tie\u017e aktualiza\u010dn\u00e9 vzdel\u00e1vanie na stredn\u00fdch odborn\u00fdch \u0161kol\u00e1ch. Pakt pre z\u00e1kladn\u00e9 zru\u010dnosti sa op\u00e4\u0165 rozr\u00e1stol, Europass bol s\u00fa\u010das\u0165ou Region\u00e1lnej burzy pr\u00e1ce v Tren\u010d\u00edne a t\u00edm Epale pripravil podujatie s predn\u00e1\u0161kami s t\u00e9mou zmien vo vzdel\u00e1van\u00ed dospel\u00fdch sp\u00f4soben\u00fdch AI a XR.<\/p>\n<p>V\u0161etko toto a e\u0161te viac sa do\u010d\u00edtate <strong><a href=\"https:\/\/mailchi.mp\/119f9cdfbdd1\/trendy-v-odbornom-vzdelvan-oktber-2025\" target=\"_blank\" rel=\"noopener\">v najnov\u0161om vydan\u00ed n\u00e1\u0161ho newslettra Trendy v odbornom vzdel\u00e1van\u00ed.\u00a0<\/a><\/strong><\/p>","protected":false},"excerpt":{"rendered":"<p>V okt\u00f3bri \u0160t\u00e1tny in\u0161tit\u00fat odborn\u00e9ho vzdel\u00e1vania zorganizoval pracovn\u00e9 stretnutie s partnermi, aby ich informoval o svojich aktivit\u00e1ch, novink\u00e1ch a prediskutoval mo\u017enosti \u010fal\u0161ej spolupr\u00e1ce. Na stretnut\u00ed sme sa tie\u017e vr\u00e1tili k\u00a0mimoriadnej \u00fa\u010dasti Slovenska na EuroSkills 2025 a\u00a0ocenili naj\u00faspe\u0161nej\u0161\u00edch s\u00fa\u0165a\u017eiacich a\u00a0expertov. Pred nami s\u00fa podujatia ako Medzin\u00e1rodn\u00fd ve\u013etrh cvi\u010dn\u00fdch firiem 2025, T\u00fd\u017ede\u0148 prof\u00edka o online webin\u00e1re k [&hellip;]<\/p>\n","protected":false},"author":6,"featured_media":20693,"comment_status":"closed","ping_status":"closed","sticky":false,"template":"","format":"standard","meta":{"site-sidebar-layout":"default","site-content-layout":"","ast-site-content-layout":"default","site-content-style":"default","site-sidebar-style":"default","ast-global-header-display":"","ast-banner-title-visibility":"","ast-main-header-display":"","ast-hfb-above-header-display":"","ast-hfb-below-header-display":"","ast-hfb-mobile-header-display":"","site-post-title":"","ast-breadcrumbs-content":"","ast-featured-img":"","footer-sml-layout":"","ast-disable-related-posts":"","theme-transparent-header-meta":"default","adv-header-id-meta":"","stick-header-meta":"default","header-above-stick-meta":"","header-main-stick-meta":"","header-below-stick-meta":"","astra-migrate-meta-layouts":"set","ast-page-background-enabled":"default","ast-page-background-meta":{"desktop":{"background-color":"var(--ast-global-color-4)","background-image":"","background-repeat":"repeat","background-position":"center center","background-size":"auto","background-attachment":"scroll","background-type":"","background-media":"","overlay-type":"","overlay-color":"","overlay-opacity":"","overlay-gradient":""},"tablet":{"background-color":"","background-image":"","background-repeat":"repeat","background-position":"center center","background-size":"auto","background-attachment":"scroll","background-type":"","background-media":"","overlay-type":"","overlay-color":"","overlay-opacity":"","overlay-gradient":""},"mobile":{"background-color":"","background-image":"","background-repeat":"repeat","background-position":"center center","background-size":"auto","background-attachment":"scroll","background-type":"","background-media":"","overlay-type":"","overlay-color":"","overlay-opacity":"","overlay-gradient":""}},"ast-content-background-meta":{"desktop":{"background-color":"var(--ast-global-color-5)","background-image":"","background-repeat":"repeat","background-position":"center center","background-size":"auto","background-attachment":"scroll","background-type":"","background-media":"","overlay-type":"","overlay-color":"","overlay-opacity":"","overlay-gradient":""},"tablet":{"background-color":"var(--ast-global-color-5)","background-image":"","background-repeat":"repeat","background-position":"center center","background-size":"auto","background-attachment":"scroll","background-type":"","background-media":"","overlay-type":"","overlay-color":"","overlay-opacity":"","overlay-gradient":""},"mobile":{"background-color":"var(--ast-global-color-5)","background-image":"","background-repeat":"repeat","background-position":"center center","background-size":"auto","background-attachment":"scroll","background-type":"","background-media":"","overlay-type":"","overlay-color":"","overlay-opacity":"","overlay-gradient":""}},"footnotes":""},"categories":[1],"tags":[],"class_list":["post-21726","post","type-post","status-publish","format-standard","has-post-thumbnail","hentry","category-aktuality"],"yoast_head":"<!-- This site is optimized with the Yoast SEO plugin v27.5 - https:\/\/yoast.com\/product\/yoast-seo-wordpress\/ -->\n<title>TRENDY V ODBORNOM VZDEL\u00c1VAN\u00cd OKT\u00d3BER 2025 - \u0160IOV - \u0161t\u00e1tny in\u0161tit\u00fat odborn\u00e9ho vzdel\u00e1vania<\/title>\n<meta name=\"robots\" content=\"index, follow, max-snippet:-1, max-image-preview:large, max-video-preview:-1\" \/>\n<link rel=\"canonical\" href=\"https:\/\/archiv.siov.sk\/en\/trendy-v-odbornom-vzdelavani-oktober-2025\/\" \/>\n<meta property=\"og:locale\" content=\"en_GB\" \/>\n<meta property=\"og:type\" content=\"article\" \/>\n<meta property=\"og:title\" content=\"TRENDY V ODBORNOM VZDEL\u00c1VAN\u00cd OKT\u00d3BER 2025 - \u0160IOV - \u0161t\u00e1tny in\u0161tit\u00fat odborn\u00e9ho vzdel\u00e1vania\" \/>\n<meta property=\"og:description\" content=\"V okt\u00f3bri \u0160t\u00e1tny in\u0161tit\u00fat odborn\u00e9ho vzdel\u00e1vania zorganizoval pracovn\u00e9 stretnutie s partnermi, aby ich informoval o svojich aktivit\u00e1ch, novink\u00e1ch a prediskutoval mo\u017enosti \u010fal\u0161ej spolupr\u00e1ce. Na stretnut\u00ed sme sa tie\u017e vr\u00e1tili k\u00a0mimoriadnej \u00fa\u010dasti Slovenska na EuroSkills 2025 a\u00a0ocenili naj\u00faspe\u0161nej\u0161\u00edch s\u00fa\u0165a\u017eiacich a\u00a0expertov. Pred nami s\u00fa podujatia ako Medzin\u00e1rodn\u00fd ve\u013etrh cvi\u010dn\u00fdch firiem 2025, T\u00fd\u017ede\u0148 prof\u00edka o online webin\u00e1re k [&hellip;]\" \/>\n<meta property=\"og:url\" content=\"https:\/\/archiv.siov.sk\/en\/trendy-v-odbornom-vzdelavani-oktober-2025\/\" \/>\n<meta property=\"og:site_name\" content=\"\u0160IOV - \u0161t\u00e1tny in\u0161tit\u00fat odborn\u00e9ho vzdel\u00e1vania\" \/>\n<meta property=\"article:publisher\" content=\"https:\/\/www.facebook.com\/Statnyinstitutodbornehovzdelavania\" \/>\n<meta property=\"article:published_time\" content=\"2025-11-05T15:23:13+00:00\" \/>\n<meta property=\"article:modified_time\" content=\"2025-11-05T15:23:26+00:00\" \/>\n<meta property=\"og:image\" content=\"https:\/\/archiv.siov.sk\/wp-content\/uploads\/2025\/09\/Trendy.jpg\" \/>\n\t<meta property=\"og:image:width\" content=\"825\" \/>\n\t<meta property=\"og:image:height\" content=\"432\" \/>\n\t<meta property=\"og:image:type\" content=\"image\/jpeg\" \/>\n<meta name=\"author\" content=\"Katar\u00edna Kov\u00e1\u010dov\u00e1\" \/>\n<meta name=\"twitter:card\" content=\"summary_large_image\" \/>\n<meta name=\"twitter:label1\" content=\"Written by\" \/>\n\t<meta name=\"twitter:data1\" content=\"Katar\u00edna Kov\u00e1\u010dov\u00e1\" \/>\n\t<meta name=\"twitter:label2\" content=\"Estimated reading time\" \/>\n\t<meta name=\"twitter:data2\" content=\"1 minute\" \/>\n<script type=\"application\/ld+json\" class=\"yoast-schema-graph\">{\"@context\":\"https:\\\/\\\/schema.org\",\"@graph\":[{\"@type\":\"Article\",\"@id\":\"https:\\\/\\\/archiv.siov.sk\\\/trendy-v-odbornom-vzdelavani-oktober-2025\\\/#article\",\"isPartOf\":{\"@id\":\"https:\\\/\\\/archiv.siov.sk\\\/trendy-v-odbornom-vzdelavani-oktober-2025\\\/\"},\"author\":{\"name\":\"Katar\u00edna Kov\u00e1\u010dov\u00e1\",\"@id\":\"https:\\\/\\\/archiv.siov.sk\\\/#\\\/schema\\\/person\\\/e42d633fbd958c6a726e8834d8965e6c\"},\"headline\":\"TRENDY V ODBORNOM VZDEL\u00c1VAN\u00cd OKT\u00d3BER 2025\",\"datePublished\":\"2025-11-05T15:23:13+00:00\",\"dateModified\":\"2025-11-05T15:23:26+00:00\",\"mainEntityOfPage\":{\"@id\":\"https:\\\/\\\/archiv.siov.sk\\\/trendy-v-odbornom-vzdelavani-oktober-2025\\\/\"},\"wordCount\":197,\"publisher\":{\"@id\":\"https:\\\/\\\/archiv.siov.sk\\\/#organization\"},\"image\":{\"@id\":\"https:\\\/\\\/archiv.siov.sk\\\/trendy-v-odbornom-vzdelavani-oktober-2025\\\/#primaryimage\"},\"thumbnailUrl\":\"https:\\\/\\\/archiv.siov.sk\\\/wp-content\\\/uploads\\\/2025\\\/09\\\/Trendy.jpg\",\"articleSection\":[\"Aktuality\"],\"inLanguage\":\"en-GB\"},{\"@type\":\"WebPage\",\"@id\":\"https:\\\/\\\/archiv.siov.sk\\\/trendy-v-odbornom-vzdelavani-oktober-2025\\\/\",\"url\":\"https:\\\/\\\/archiv.siov.sk\\\/trendy-v-odbornom-vzdelavani-oktober-2025\\\/\",\"name\":\"TRENDY V ODBORNOM VZDEL\u00c1VAN\u00cd OKT\u00d3BER 2025 - \u0160IOV - \u0161t\u00e1tny in\u0161tit\u00fat odborn\u00e9ho vzdel\u00e1vania\",\"isPartOf\":{\"@id\":\"https:\\\/\\\/archiv.siov.sk\\\/#website\"},\"primaryImageOfPage\":{\"@id\":\"https:\\\/\\\/archiv.siov.sk\\\/trendy-v-odbornom-vzdelavani-oktober-2025\\\/#primaryimage\"},\"image\":{\"@id\":\"https:\\\/\\\/archiv.siov.sk\\\/trendy-v-odbornom-vzdelavani-oktober-2025\\\/#primaryimage\"},\"thumbnailUrl\":\"https:\\\/\\\/archiv.siov.sk\\\/wp-content\\\/uploads\\\/2025\\\/09\\\/Trendy.jpg\",\"datePublished\":\"2025-11-05T15:23:13+00:00\",\"dateModified\":\"2025-11-05T15:23:26+00:00\",\"breadcrumb\":{\"@id\":\"https:\\\/\\\/archiv.siov.sk\\\/trendy-v-odbornom-vzdelavani-oktober-2025\\\/#breadcrumb\"},\"inLanguage\":\"en-GB\",\"potentialAction\":[{\"@type\":\"ReadAction\",\"target\":[\"https:\\\/\\\/archiv.siov.sk\\\/trendy-v-odbornom-vzdelavani-oktober-2025\\\/\"]}]},{\"@type\":\"ImageObject\",\"inLanguage\":\"en-GB\",\"@id\":\"https:\\\/\\\/archiv.siov.sk\\\/trendy-v-odbornom-vzdelavani-oktober-2025\\\/#primaryimage\",\"url\":\"https:\\\/\\\/archiv.siov.sk\\\/wp-content\\\/uploads\\\/2025\\\/09\\\/Trendy.jpg\",\"contentUrl\":\"https:\\\/\\\/archiv.siov.sk\\\/wp-content\\\/uploads\\\/2025\\\/09\\\/Trendy.jpg\",\"width\":825,\"height\":432},{\"@type\":\"BreadcrumbList\",\"@id\":\"https:\\\/\\\/archiv.siov.sk\\\/trendy-v-odbornom-vzdelavani-oktober-2025\\\/#breadcrumb\",\"itemListElement\":[{\"@type\":\"ListItem\",\"position\":1,\"name\":\"Home\",\"item\":\"https:\\\/\\\/archiv.siov.sk\\\/\"},{\"@type\":\"ListItem\",\"position\":2,\"name\":\"TRENDY V ODBORNOM VZDEL\u00c1VAN\u00cd OKT\u00d3BER 2025\"}]},{\"@type\":\"WebSite\",\"@id\":\"https:\\\/\\\/archiv.siov.sk\\\/#website\",\"url\":\"https:\\\/\\\/archiv.siov.sk\\\/\",\"name\":\"\u0160IOV - \u0161t\u00e1tny in\u0161tit\u00fat odborn\u00e9ho vzdel\u00e1vania\",\"description\":\"\",\"publisher\":{\"@id\":\"https:\\\/\\\/archiv.siov.sk\\\/#organization\"},\"potentialAction\":[{\"@type\":\"SearchAction\",\"target\":{\"@type\":\"EntryPoint\",\"urlTemplate\":\"https:\\\/\\\/archiv.siov.sk\\\/?s={search_term_string}\"},\"query-input\":{\"@type\":\"PropertyValueSpecification\",\"valueRequired\":true,\"valueName\":\"search_term_string\"}}],\"inLanguage\":\"en-GB\"},{\"@type\":\"Organization\",\"@id\":\"https:\\\/\\\/archiv.siov.sk\\\/#organization\",\"name\":\"\u0160IOV - \u0161t\u00e1tny in\u0161tit\u00fat odborn\u00e9ho vzdel\u00e1vania\",\"url\":\"https:\\\/\\\/archiv.siov.sk\\\/\",\"logo\":{\"@type\":\"ImageObject\",\"inLanguage\":\"en-GB\",\"@id\":\"https:\\\/\\\/archiv.siov.sk\\\/#\\\/schema\\\/logo\\\/image\\\/\",\"url\":\"https:\\\/\\\/archiv.siov.sk\\\/wp-content\\\/uploads\\\/2024\\\/02\\\/logo-SIOV.png\",\"contentUrl\":\"https:\\\/\\\/archiv.siov.sk\\\/wp-content\\\/uploads\\\/2024\\\/02\\\/logo-SIOV.png\",\"width\":431,\"height\":143,\"caption\":\"\u0160IOV - \u0161t\u00e1tny in\u0161tit\u00fat odborn\u00e9ho vzdel\u00e1vania\"},\"image\":{\"@id\":\"https:\\\/\\\/archiv.siov.sk\\\/#\\\/schema\\\/logo\\\/image\\\/\"},\"sameAs\":[\"https:\\\/\\\/www.facebook.com\\\/Statnyinstitutodbornehovzdelavania\"]},{\"@type\":\"Person\",\"@id\":\"https:\\\/\\\/archiv.siov.sk\\\/#\\\/schema\\\/person\\\/e42d633fbd958c6a726e8834d8965e6c\",\"name\":\"Katar\u00edna Kov\u00e1\u010dov\u00e1\",\"url\":\"https:\\\/\\\/archiv.siov.sk\\\/en\\\/author\\\/katkakovacova\\\/\"}]}<\/script>\n<!-- \/ Yoast SEO plugin. -->","yoast_head_json":{"title":"TRENDY V ODBORNOM VZDEL\u00c1VAN\u00cd OKT\u00d3BER 2025 - \u0160IOV - \u0161t\u00e1tny in\u0161tit\u00fat odborn\u00e9ho vzdel\u00e1vania","robots":{"index":"index","follow":"follow","max-snippet":"max-snippet:-1","max-image-preview":"max-image-preview:large","max-video-preview":"max-video-preview:-1"},"canonical":"https:\/\/archiv.siov.sk\/en\/trendy-v-odbornom-vzdelavani-oktober-2025\/","og_locale":"en_GB","og_type":"article","og_title":"TRENDY V ODBORNOM VZDEL\u00c1VAN\u00cd OKT\u00d3BER 2025 - \u0160IOV - \u0161t\u00e1tny in\u0161tit\u00fat odborn\u00e9ho vzdel\u00e1vania","og_description":"V okt\u00f3bri \u0160t\u00e1tny in\u0161tit\u00fat odborn\u00e9ho vzdel\u00e1vania zorganizoval pracovn\u00e9 stretnutie s partnermi, aby ich informoval o svojich aktivit\u00e1ch, novink\u00e1ch a prediskutoval mo\u017enosti \u010fal\u0161ej spolupr\u00e1ce. Na stretnut\u00ed sme sa tie\u017e vr\u00e1tili k\u00a0mimoriadnej \u00fa\u010dasti Slovenska na EuroSkills 2025 a\u00a0ocenili naj\u00faspe\u0161nej\u0161\u00edch s\u00fa\u0165a\u017eiacich a\u00a0expertov. Pred nami s\u00fa podujatia ako Medzin\u00e1rodn\u00fd ve\u013etrh cvi\u010dn\u00fdch firiem 2025, T\u00fd\u017ede\u0148 prof\u00edka o online webin\u00e1re k [&hellip;]","og_url":"https:\/\/archiv.siov.sk\/en\/trendy-v-odbornom-vzdelavani-oktober-2025\/","og_site_name":"\u0160IOV - \u0161t\u00e1tny in\u0161tit\u00fat odborn\u00e9ho vzdel\u00e1vania","article_publisher":"https:\/\/www.facebook.com\/Statnyinstitutodbornehovzdelavania","article_published_time":"2025-11-05T15:23:13+00:00","article_modified_time":"2025-11-05T15:23:26+00:00","og_image":[{"width":825,"height":432,"url":"https:\/\/archiv.siov.sk\/wp-content\/uploads\/2025\/09\/Trendy.jpg","type":"image\/jpeg"}],"author":"Katar\u00edna Kov\u00e1\u010dov\u00e1","twitter_card":"summary_large_image","twitter_misc":{"Written by":"Katar\u00edna Kov\u00e1\u010dov\u00e1","Estimated reading time":"1 minute"},"schema":{"@context":"https:\/\/schema.org","@graph":[{"@type":"Article","@id":"https:\/\/archiv.siov.sk\/trendy-v-odbornom-vzdelavani-oktober-2025\/#article","isPartOf":{"@id":"https:\/\/archiv.siov.sk\/trendy-v-odbornom-vzdelavani-oktober-2025\/"},"author":{"name":"Katar\u00edna Kov\u00e1\u010dov\u00e1","@id":"https:\/\/archiv.siov.sk\/#\/schema\/person\/e42d633fbd958c6a726e8834d8965e6c"},"headline":"TRENDY V ODBORNOM VZDEL\u00c1VAN\u00cd OKT\u00d3BER 2025","datePublished":"2025-11-05T15:23:13+00:00","dateModified":"2025-11-05T15:23:26+00:00","mainEntityOfPage":{"@id":"https:\/\/archiv.siov.sk\/trendy-v-odbornom-vzdelavani-oktober-2025\/"},"wordCount":197,"publisher":{"@id":"https:\/\/archiv.siov.sk\/#organization"},"image":{"@id":"https:\/\/archiv.siov.sk\/trendy-v-odbornom-vzdelavani-oktober-2025\/#primaryimage"},"thumbnailUrl":"https:\/\/archiv.siov.sk\/wp-content\/uploads\/2025\/09\/Trendy.jpg","articleSection":["Aktuality"],"inLanguage":"en-GB"},{"@type":"WebPage","@id":"https:\/\/archiv.siov.sk\/trendy-v-odbornom-vzdelavani-oktober-2025\/","url":"https:\/\/archiv.siov.sk\/trendy-v-odbornom-vzdelavani-oktober-2025\/","name":"TRENDY V ODBORNOM VZDEL\u00c1VAN\u00cd OKT\u00d3BER 2025 - \u0160IOV - \u0161t\u00e1tny in\u0161tit\u00fat odborn\u00e9ho vzdel\u00e1vania","isPartOf":{"@id":"https:\/\/archiv.siov.sk\/#website"},"primaryImageOfPage":{"@id":"https:\/\/archiv.siov.sk\/trendy-v-odbornom-vzdelavani-oktober-2025\/#primaryimage"},"image":{"@id":"https:\/\/archiv.siov.sk\/trendy-v-odbornom-vzdelavani-oktober-2025\/#primaryimage"},"thumbnailUrl":"https:\/\/archiv.siov.sk\/wp-content\/uploads\/2025\/09\/Trendy.jpg","datePublished":"2025-11-05T15:23:13+00:00","dateModified":"2025-11-05T15:23:26+00:00","breadcrumb":{"@id":"https:\/\/archiv.siov.sk\/trendy-v-odbornom-vzdelavani-oktober-2025\/#breadcrumb"},"inLanguage":"en-GB","potentialAction":[{"@type":"ReadAction","target":["https:\/\/archiv.siov.sk\/trendy-v-odbornom-vzdelavani-oktober-2025\/"]}]},{"@type":"ImageObject","inLanguage":"en-GB","@id":"https:\/\/archiv.siov.sk\/trendy-v-odbornom-vzdelavani-oktober-2025\/#primaryimage","url":"https:\/\/archiv.siov.sk\/wp-content\/uploads\/2025\/09\/Trendy.jpg","contentUrl":"https:\/\/archiv.siov.sk\/wp-content\/uploads\/2025\/09\/Trendy.jpg","width":825,"height":432},{"@type":"BreadcrumbList","@id":"https:\/\/archiv.siov.sk\/trendy-v-odbornom-vzdelavani-oktober-2025\/#breadcrumb","itemListElement":[{"@type":"ListItem","position":1,"name":"Home","item":"https:\/\/archiv.siov.sk\/"},{"@type":"ListItem","position":2,"name":"TRENDY V ODBORNOM VZDEL\u00c1VAN\u00cd OKT\u00d3BER 2025"}]},{"@type":"WebSite","@id":"https:\/\/archiv.siov.sk\/#website","url":"https:\/\/archiv.siov.sk\/","name":"\u0160IOV - \u0161t\u00e1tny in\u0161tit\u00fat odborn\u00e9ho vzdel\u00e1vania","description":"","publisher":{"@id":"https:\/\/archiv.siov.sk\/#organization"},"potentialAction":[{"@type":"SearchAction","target":{"@type":"EntryPoint","urlTemplate":"https:\/\/archiv.siov.sk\/?s={search_term_string}"},"query-input":{"@type":"PropertyValueSpecification","valueRequired":true,"valueName":"search_term_string"}}],"inLanguage":"en-GB"},{"@type":"Organization","@id":"https:\/\/archiv.siov.sk\/#organization","name":"\u0160IOV - \u0161t\u00e1tny in\u0161tit\u00fat odborn\u00e9ho vzdel\u00e1vania","url":"https:\/\/archiv.siov.sk\/","logo":{"@type":"ImageObject","inLanguage":"en-GB","@id":"https:\/\/archiv.siov.sk\/#\/schema\/logo\/image\/","url":"https:\/\/archiv.siov.sk\/wp-content\/uploads\/2024\/02\/logo-SIOV.png","contentUrl":"https:\/\/archiv.siov.sk\/wp-content\/uploads\/2024\/02\/logo-SIOV.png","width":431,"height":143,"caption":"\u0160IOV - \u0161t\u00e1tny in\u0161tit\u00fat odborn\u00e9ho vzdel\u00e1vania"},"image":{"@id":"https:\/\/archiv.siov.sk\/#\/schema\/logo\/image\/"},"sameAs":["https:\/\/www.facebook.com\/Statnyinstitutodbornehovzdelavania"]},{"@type":"Person","@id":"https:\/\/archiv.siov.sk\/#\/schema\/person\/e42d633fbd958c6a726e8834d8965e6c","name":"Katar\u00edna Kov\u00e1\u010dov\u00e1","url":"https:\/\/archiv.siov.sk\/en\/author\/katkakovacova\/"}]}},"_links":{"self":[{"href":"https:\/\/archiv.siov.sk\/en\/wp-json\/wp\/v2\/posts\/21726","targetHints":{"allow":["GET"]}}],"collection":[{"href":"https:\/\/archiv.siov.sk\/en\/wp-json\/wp\/v2\/posts"}],"about":[{"href":"https:\/\/archiv.siov.sk\/en\/wp-json\/wp\/v2\/types\/post"}],"author":[{"embeddable":true,"href":"https:\/\/archiv.siov.sk\/en\/wp-json\/wp\/v2\/users\/6"}],"replies":[{"embeddable":true,"href":"https:\/\/archiv.siov.sk\/en\/wp-json\/wp\/v2\/comments?post=21726"}],"version-history":[{"count":2,"href":"https:\/\/archiv.siov.sk\/en\/wp-json\/wp\/v2\/posts\/21726\/revisions"}],"predecessor-version":[{"id":21728,"href":"https:\/\/archiv.siov.sk\/en\/wp-json\/wp\/v2\/posts\/21726\/revisions\/21728"}],"wp:featuredmedia":[{"embeddable":true,"href":"https:\/\/archiv.siov.sk\/en\/wp-json\/wp\/v2\/media\/20693"}],"wp:attachment":[{"href":"https:\/\/archiv.siov.sk\/en\/wp-json\/wp\/v2\/media?parent=21726"}],"wp:term":[{"taxonomy":"category","embeddable":true,"href":"https:\/\/archiv.siov.sk\/en\/wp-json\/wp\/v2\/categories?post=21726"},{"taxonomy":"post_tag","embeddable":true,"href":"https:\/\/archiv.siov.sk\/en\/wp-json\/wp\/v2\/tags?post=21726"}],"curies":[{"name":"wp","href":"https:\/\/api.w.org\/{rel}","templated":true}]}}