{"id":21691,"date":"2025-11-03T09:47:36","date_gmt":"2025-11-03T08:47:36","guid":{"rendered":"https:\/\/archiv.siov.sk\/?p=21691"},"modified":"2025-11-04T20:51:12","modified_gmt":"2025-11-04T19:51:12","slug":"svoje-talentcentrum-ma-uz-aj-zilina","status":"publish","type":"post","link":"https:\/\/archiv.siov.sk\/en\/svoje-talentcentrum-ma-uz-aj-zilina\/","title":{"rendered":"Svoje Talentcentrum m\u00e1 u\u017e aj \u017dilina"},"content":{"rendered":"<p style=\"text-align: justify;\">Po Nitre a\u00a0Trnave otvoril koncom septembra svoje Talentcentrum aj \u017dilinsk\u00fd samospr\u00e1vny kraj. Rovnako ako predchodcovia sa te\u0161\u00ed ve\u013ek\u00e9mu z\u00e1ujmu a\u00a0kr\u00e1tko po otvoren\u00ed je u\u017e rezervovan\u00e9 takmer na cel\u00fd \u0161kolsk\u00fd rok.<\/p>\n<p style=\"text-align: justify;\">Hlavn\u00fdm cie\u013eom Talentcentra je pom\u00f4c\u0165 \u017eiakom zorientova\u0165 sa vo svete pr\u00e1ce a\u00a0s\u00a0podporou modern\u00fdch met\u00f3d ich sprev\u00e1dza\u0165 pri vo\u013ebe \u010fal\u0161ieho \u0161t\u00fadia a\u00a0bud\u00faceho povolania. Prv\u00fdch \u017eiakov priv\u00edtalo \u017eilinsk\u00e9 centrum po\u010das prv\u00e9ho okt\u00f3brov\u00e9ho t\u00fd\u017ed\u0148a, teda bezprostredne po sl\u00e1vnostnom otvoren\u00ed, ktor\u00e9 prebehlo 24. septembra. Z\u00e1ujem v\u0161ak kraj zaznamenal u\u017e pred jeho ofici\u00e1lnym otvoren\u00edm. Niektor\u00e9 \u0161koly z\u00a0regi\u00f3nu toti\u017e nav\u0161t\u00edvili Talentcentrum v\u00a0Nitre a\u00a0Trnave, preto ich ve\u013emi pote\u0161ilo, \u017ee sa otvorilo aj priamo v\u00a0\u017dilinskom kraji.<\/p>\n<p style=\"text-align: justify;\">\u201ePrv\u00e9 ohlasy vn\u00edmame ako mimoriadne pozit\u00edvne. \u017diaci aj pedag\u00f3govia oce\u0148uj\u00fa nielen modern\u00e9 priestory, ale aj samotn\u00fd priebeh exkurzie. Nad\u0161enie vzbudzuje aj sp\u00f4sob vyhodnotenia testov, ktor\u00e9 \u017eiaci dost\u00e1vaj\u00fa priamo v\u00a0de\u0148 n\u00e1v\u0161tevy po vyplnen\u00ed dotazn\u00edkov. Najd\u00f4le\u017eitej\u0161ie pre mnoh\u00fdch je, \u017ee v\u00f4bec tak\u00fato sk\u00fasenos\u0165 m\u00f4\u017eu absolvova\u0165. Z\u00e1ujem je ve\u013ek\u00fd, aktu\u00e1lne objedn\u00e1vame u\u017e na apr\u00edl,\u201c pribl\u00ed\u017eila riadite\u013eka odboru \u0161kolstva a\u00a0\u0161portu \u017dilinsk\u00e9ho samospr\u00e1vneho kraja Miroslava Abrmanov\u00e1.<\/p>\n<p style=\"text-align: justify;\">Z\u00e1ujemcovia si najsk\u00f4r musia rezervova\u0165 term\u00edn, ktor\u00fd im Talentcentrum potvrd\u00ed e-mailom alebo telefonicky. Ke\u010f\u017ee funguje na princ\u00edpe ,,kto sk\u00f4r rezervuje, ten m\u00e1 term\u00edn\u201c, odpor\u00fa\u010da telefonick\u00fa rezerv\u00e1ciu, po\u010das ktorej m\u00f4\u017ee term\u00edn potvrdi\u0165 okam\u017eite. Pred n\u00e1v\u0161tevou dostan\u00fa \u00fa\u010dastn\u00edci e-mailom v\u0161etky potrebn\u00e9 inform\u00e1cie k\u00a0exkurzii. Pred otvoren\u00edm \u017eilinsk\u00e9ho Talentcenra mohli \u017eiaci z\u00a0tohto regi\u00f3nu nav\u0161tevova\u0165 Talentcentrum v\u00a0Nitre \u010di Trnave, aj oni, pokia\u013e maj\u00fa vo\u013en\u00fd term\u00edn, radi priv\u00edtaj\u00fa \u017eiakov z\u00a0in\u00fdch krajov.<\/p>\n<p style=\"text-align: justify;\">Spolupr\u00e1ca medzi jednotliv\u00fdmi Talentcentrami je ve\u013emi \u00fazka. Bud\u00faci \u017eilinsk\u00ed facilit\u00e1tori absolvovali \u00a0\u0161kolenie v\u00a0Nitre, kde z\u00edskali v\u0161etko potrebn\u00e9 know-how. Priebe\u017ene si centrum v\u00a0\u017diline vymie\u0148a sk\u00fasenosti aj s\u00a0t\u00fdm trnavsk\u00fdm. V\u0161etky centr\u00e1 funguj\u00fa na rovnakom modeli a\u00a0s\u00fa prepojen\u00e9 v\u00a0r\u00e1mci spolo\u010dn\u00e9ho projektu, ktor\u00fd zastre\u0161uje \u0160t\u00e1tny in\u0161tit\u00fat odborn\u00e9ho vzdel\u00e1vania.<\/p>\n<p style=\"text-align: justify;\">Talentcetrum je miestom, ktor\u00e9 \u017eiakom aj rodi\u010dom pom\u00e1ha objavi\u0165 talenty, pomenova\u0165 siln\u00e9 str\u00e1nky a\u00a0premeni\u0165 ich na dobr\u00e9 rozhodnutia o\u00a0strednej \u0161kole a\u00a0bud\u00facej profesii. <strong>S<\/strong>prostredkuje poznatky a\u00a0inform\u00e1cie s\u00favisiace s\u00a0kari\u00e9rou a\u00a0orient\u00e1ciou origin\u00e1lnym, interakt\u00edvnym a\u00a0z\u00e1\u017eitkovo podporen\u00fdm sp\u00f4sobom. Prostredn\u00edctvom dotazn\u00edkov, simul\u00e1ci\u00ed a\u00a0t\u00edmov\u00fdch aktiv\u00edt podporuje sebapozn\u00e1vanie, pr\u00e1cu s\u00a0motiv\u00e1ciou a\u00a0rozhodovanie sa o\u00a0\u010fal\u0161om \u0161t\u00fadiu. \u017diaci z\u00edskaj\u00fa preh\u013ead o\u00a0perspekt\u00edvnych povolaniach, dopyte zamestn\u00e1vate\u013eov a\u00a0mo\u017enostiach vzdel\u00e1vania na stredn\u00fdch \u0161kol\u00e1ch v\u00a0kraji.<\/p>\n<p style=\"text-align: justify;\">Projekt nadv\u00e4zuje na zahrani\u010dn\u00fa aj dom\u00e1cu prax. Po vzore rak\u00faskeho modelu v\u00a0Grazi bolo v\u00a0r\u00e1mci n\u00e1rodn\u00e9ho projektu Du\u00e1lne vzdel\u00e1vanie a\u00a0zv\u00fd\u0161enie atraktivity a\u00a0kvality odborn\u00e9ho vzdel\u00e1vania a\u00a0pr\u00edpravy vybudovan\u00e9 a\u00a0pilotne overen\u00e9 Talentcentrum v\u00a0Nitre a\u00a0Trnave.<\/p>\n<p><strong>Pre koho je Talentcentrum ur\u010den\u00e9:<\/strong><\/p>\n<ul>\n<li>\u017eiaci 8. a\u00a09- ro\u010dn\u00edkov z\u00e1kladn\u00fdch \u0161k\u00f4l z\u00a0cel\u00e9ho \u017dilinsk\u00e9ho kraja,<\/li>\n<li>v\u00a0sprievode pedag\u00f3gov a\u00a0\u0161kolsk\u00fdch kari\u00e9rnych poradcov,<\/li>\n<li>s\u00a0podporou a\u00a0zapojen\u00edm rodi\u010dov pri k\u013e\u00fa\u010dov\u00fdch rozhodnutiach o\u00a0\u010fal\u0161om \u0161t\u00fadiu.<\/li>\n<\/ul>\n<p><strong>Hlavn\u00e9 pr\u00ednosy Talentcentra:<\/strong><\/p>\n<ul>\n<li>inovat\u00edvny pr\u00edstup ku kari\u00e9rov\u00e9mu poradenstvu,<\/li>\n<li>systematick\u00e1 pomoc \u017eiakom objavi\u0165 a\u00a0pomenova\u0165 ich talent, zru\u010dnosti a\u00a0siln\u00e9 str\u00e1nky,<\/li>\n<li>praktick\u00e1 orient\u00e1cia vo\u013eby strednej \u0161koly a\u00a0bud\u00facej profesie,<\/li>\n<li>prepojenie na trendy trhu pr\u00e1ce a\u00a0potreby zamestn\u00e1vate\u013eov v\u00a0regi\u00f3ne,<\/li>\n<li>z\u00e1\u017eitkov\u00e9 prostredie s\u00a0modern\u00fdm technologick\u00fdm vybaven\u00edm.<\/li>\n<\/ul>\n<p>Viac inform\u00e1ci\u00ed je dostupn\u00fdch na str\u00e1nke <a href=\"http:\/\/www.mojastredna.sk\">www.mojastredna.sk<\/a> \/talentcentrum<\/p>\n<p><strong>\u00a0<\/strong><\/p>","protected":false},"excerpt":{"rendered":"<p>Po Nitre a\u00a0Trnave otvoril koncom septembra svoje Talentcentrum aj \u017dilinsk\u00fd samospr\u00e1vny kraj. Rovnako ako predchodcovia sa te\u0161\u00ed ve\u013ek\u00e9mu z\u00e1ujmu a\u00a0kr\u00e1tko po otvoren\u00ed je u\u017e rezervovan\u00e9 takmer na cel\u00fd \u0161kolsk\u00fd rok. Hlavn\u00fdm cie\u013eom Talentcentra je pom\u00f4c\u0165 \u017eiakom zorientova\u0165 sa vo svete pr\u00e1ce a\u00a0s\u00a0podporou modern\u00fdch met\u00f3d ich sprev\u00e1dza\u0165 pri vo\u013ebe \u010fal\u0161ieho \u0161t\u00fadia a\u00a0bud\u00faceho povolania. Prv\u00fdch \u017eiakov priv\u00edtalo [&hellip;]<\/p>\n","protected":false},"author":6,"featured_media":21693,"comment_status":"closed","ping_status":"closed","sticky":false,"template":"","format":"standard","meta":{"site-sidebar-layout":"default","site-content-layout":"","ast-site-content-layout":"default","site-content-style":"default","site-sidebar-style":"default","ast-global-header-display":"","ast-banner-title-visibility":"","ast-main-header-display":"","ast-hfb-above-header-display":"","ast-hfb-below-header-display":"","ast-hfb-mobile-header-display":"","site-post-title":"","ast-breadcrumbs-content":"","ast-featured-img":"","footer-sml-layout":"","ast-disable-related-posts":"","theme-transparent-header-meta":"default","adv-header-id-meta":"","stick-header-meta":"default","header-above-stick-meta":"","header-main-stick-meta":"","header-below-stick-meta":"","astra-migrate-meta-layouts":"set","ast-page-background-enabled":"default","ast-page-background-meta":{"desktop":{"background-color":"var(--ast-global-color-4)","background-image":"","background-repeat":"repeat","background-position":"center center","background-size":"auto","background-attachment":"scroll","background-type":"","background-media":"","overlay-type":"","overlay-color":"","overlay-opacity":"","overlay-gradient":""},"tablet":{"background-color":"","background-image":"","background-repeat":"repeat","background-position":"center center","background-size":"auto","background-attachment":"scroll","background-type":"","background-media":"","overlay-type":"","overlay-color":"","overlay-opacity":"","overlay-gradient":""},"mobile":{"background-color":"","background-image":"","background-repeat":"repeat","background-position":"center center","background-size":"auto","background-attachment":"scroll","background-type":"","background-media":"","overlay-type":"","overlay-color":"","overlay-opacity":"","overlay-gradient":""}},"ast-content-background-meta":{"desktop":{"background-color":"var(--ast-global-color-5)","background-image":"","background-repeat":"repeat","background-position":"center center","background-size":"auto","background-attachment":"scroll","background-type":"","background-media":"","overlay-type":"","overlay-color":"","overlay-opacity":"","overlay-gradient":""},"tablet":{"background-color":"var(--ast-global-color-5)","background-image":"","background-repeat":"repeat","background-position":"center center","background-size":"auto","background-attachment":"scroll","background-type":"","background-media":"","overlay-type":"","overlay-color":"","overlay-opacity":"","overlay-gradient":""},"mobile":{"background-color":"var(--ast-global-color-5)","background-image":"","background-repeat":"repeat","background-position":"center center","background-size":"auto","background-attachment":"scroll","background-type":"","background-media":"","overlay-type":"","overlay-color":"","overlay-opacity":"","overlay-gradient":""}},"footnotes":""},"categories":[1],"tags":[],"class_list":["post-21691","post","type-post","status-publish","format-standard","has-post-thumbnail","hentry","category-aktuality"],"yoast_head":"<!-- This site is optimized with the Yoast SEO plugin v27.5 - https:\/\/yoast.com\/product\/yoast-seo-wordpress\/ -->\n<title>Svoje Talentcentrum m\u00e1 u\u017e aj \u017dilina - \u0160IOV - \u0161t\u00e1tny in\u0161tit\u00fat odborn\u00e9ho vzdel\u00e1vania<\/title>\n<meta name=\"robots\" content=\"index, follow, max-snippet:-1, max-image-preview:large, max-video-preview:-1\" \/>\n<link rel=\"canonical\" href=\"https:\/\/archiv.siov.sk\/en\/svoje-talentcentrum-ma-uz-aj-zilina\/\" \/>\n<meta property=\"og:locale\" content=\"en_GB\" \/>\n<meta property=\"og:type\" content=\"article\" \/>\n<meta property=\"og:title\" content=\"Svoje Talentcentrum m\u00e1 u\u017e aj \u017dilina - \u0160IOV - \u0161t\u00e1tny in\u0161tit\u00fat odborn\u00e9ho vzdel\u00e1vania\" \/>\n<meta property=\"og:description\" content=\"Po Nitre a\u00a0Trnave otvoril koncom septembra svoje Talentcentrum aj \u017dilinsk\u00fd samospr\u00e1vny kraj. Rovnako ako predchodcovia sa te\u0161\u00ed ve\u013ek\u00e9mu z\u00e1ujmu a\u00a0kr\u00e1tko po otvoren\u00ed je u\u017e rezervovan\u00e9 takmer na cel\u00fd \u0161kolsk\u00fd rok. Hlavn\u00fdm cie\u013eom Talentcentra je pom\u00f4c\u0165 \u017eiakom zorientova\u0165 sa vo svete pr\u00e1ce a\u00a0s\u00a0podporou modern\u00fdch met\u00f3d ich sprev\u00e1dza\u0165 pri vo\u013ebe \u010fal\u0161ieho \u0161t\u00fadia a\u00a0bud\u00faceho povolania. Prv\u00fdch \u017eiakov priv\u00edtalo [&hellip;]\" \/>\n<meta property=\"og:url\" content=\"https:\/\/archiv.siov.sk\/en\/svoje-talentcentrum-ma-uz-aj-zilina\/\" \/>\n<meta property=\"og:site_name\" content=\"\u0160IOV - \u0161t\u00e1tny in\u0161tit\u00fat odborn\u00e9ho vzdel\u00e1vania\" \/>\n<meta property=\"article:publisher\" content=\"https:\/\/www.facebook.com\/Statnyinstitutodbornehovzdelavania\" \/>\n<meta property=\"article:published_time\" content=\"2025-11-03T08:47:36+00:00\" \/>\n<meta property=\"article:modified_time\" content=\"2025-11-04T19:51:12+00:00\" \/>\n<meta property=\"og:image\" content=\"https:\/\/archiv.siov.sk\/wp-content\/uploads\/2025\/11\/TALENTCENTRUM-Otvorenie-strihanie-pasky.jpeg\" \/>\n\t<meta property=\"og:image:width\" content=\"1024\" \/>\n\t<meta property=\"og:image:height\" content=\"684\" \/>\n\t<meta property=\"og:image:type\" content=\"image\/jpeg\" \/>\n<meta name=\"author\" content=\"Katar\u00edna Kov\u00e1\u010dov\u00e1\" \/>\n<meta name=\"twitter:card\" content=\"summary_large_image\" \/>\n<meta name=\"twitter:label1\" content=\"Written by\" \/>\n\t<meta name=\"twitter:data1\" content=\"Katar\u00edna Kov\u00e1\u010dov\u00e1\" \/>\n\t<meta name=\"twitter:label2\" content=\"Estimated reading time\" \/>\n\t<meta name=\"twitter:data2\" content=\"3 minutes\" \/>\n<script type=\"application\/ld+json\" class=\"yoast-schema-graph\">{\"@context\":\"https:\\\/\\\/schema.org\",\"@graph\":[{\"@type\":\"Article\",\"@id\":\"https:\\\/\\\/archiv.siov.sk\\\/svoje-talentcentrum-ma-uz-aj-zilina\\\/#article\",\"isPartOf\":{\"@id\":\"https:\\\/\\\/archiv.siov.sk\\\/svoje-talentcentrum-ma-uz-aj-zilina\\\/\"},\"author\":{\"name\":\"Katar\u00edna Kov\u00e1\u010dov\u00e1\",\"@id\":\"https:\\\/\\\/archiv.siov.sk\\\/#\\\/schema\\\/person\\\/e42d633fbd958c6a726e8834d8965e6c\"},\"headline\":\"Svoje Talentcentrum m\u00e1 u\u017e aj \u017dilina\",\"datePublished\":\"2025-11-03T08:47:36+00:00\",\"dateModified\":\"2025-11-04T19:51:12+00:00\",\"mainEntityOfPage\":{\"@id\":\"https:\\\/\\\/archiv.siov.sk\\\/svoje-talentcentrum-ma-uz-aj-zilina\\\/\"},\"wordCount\":684,\"publisher\":{\"@id\":\"https:\\\/\\\/archiv.siov.sk\\\/#organization\"},\"image\":{\"@id\":\"https:\\\/\\\/archiv.siov.sk\\\/svoje-talentcentrum-ma-uz-aj-zilina\\\/#primaryimage\"},\"thumbnailUrl\":\"https:\\\/\\\/archiv.siov.sk\\\/wp-content\\\/uploads\\\/2025\\\/11\\\/TALENTCENTRUM-Otvorenie-strihanie-pasky.jpeg\",\"articleSection\":[\"Aktuality\"],\"inLanguage\":\"en-GB\"},{\"@type\":\"WebPage\",\"@id\":\"https:\\\/\\\/archiv.siov.sk\\\/svoje-talentcentrum-ma-uz-aj-zilina\\\/\",\"url\":\"https:\\\/\\\/archiv.siov.sk\\\/svoje-talentcentrum-ma-uz-aj-zilina\\\/\",\"name\":\"Svoje Talentcentrum m\u00e1 u\u017e aj \u017dilina - \u0160IOV - \u0161t\u00e1tny in\u0161tit\u00fat odborn\u00e9ho vzdel\u00e1vania\",\"isPartOf\":{\"@id\":\"https:\\\/\\\/archiv.siov.sk\\\/#website\"},\"primaryImageOfPage\":{\"@id\":\"https:\\\/\\\/archiv.siov.sk\\\/svoje-talentcentrum-ma-uz-aj-zilina\\\/#primaryimage\"},\"image\":{\"@id\":\"https:\\\/\\\/archiv.siov.sk\\\/svoje-talentcentrum-ma-uz-aj-zilina\\\/#primaryimage\"},\"thumbnailUrl\":\"https:\\\/\\\/archiv.siov.sk\\\/wp-content\\\/uploads\\\/2025\\\/11\\\/TALENTCENTRUM-Otvorenie-strihanie-pasky.jpeg\",\"datePublished\":\"2025-11-03T08:47:36+00:00\",\"dateModified\":\"2025-11-04T19:51:12+00:00\",\"breadcrumb\":{\"@id\":\"https:\\\/\\\/archiv.siov.sk\\\/svoje-talentcentrum-ma-uz-aj-zilina\\\/#breadcrumb\"},\"inLanguage\":\"en-GB\",\"potentialAction\":[{\"@type\":\"ReadAction\",\"target\":[\"https:\\\/\\\/archiv.siov.sk\\\/svoje-talentcentrum-ma-uz-aj-zilina\\\/\"]}]},{\"@type\":\"ImageObject\",\"inLanguage\":\"en-GB\",\"@id\":\"https:\\\/\\\/archiv.siov.sk\\\/svoje-talentcentrum-ma-uz-aj-zilina\\\/#primaryimage\",\"url\":\"https:\\\/\\\/archiv.siov.sk\\\/wp-content\\\/uploads\\\/2025\\\/11\\\/TALENTCENTRUM-Otvorenie-strihanie-pasky.jpeg\",\"contentUrl\":\"https:\\\/\\\/archiv.siov.sk\\\/wp-content\\\/uploads\\\/2025\\\/11\\\/TALENTCENTRUM-Otvorenie-strihanie-pasky.jpeg\",\"width\":1024,\"height\":684},{\"@type\":\"BreadcrumbList\",\"@id\":\"https:\\\/\\\/archiv.siov.sk\\\/svoje-talentcentrum-ma-uz-aj-zilina\\\/#breadcrumb\",\"itemListElement\":[{\"@type\":\"ListItem\",\"position\":1,\"name\":\"Home\",\"item\":\"https:\\\/\\\/archiv.siov.sk\\\/\"},{\"@type\":\"ListItem\",\"position\":2,\"name\":\"Svoje Talentcentrum m\u00e1 u\u017e aj \u017dilina\"}]},{\"@type\":\"WebSite\",\"@id\":\"https:\\\/\\\/archiv.siov.sk\\\/#website\",\"url\":\"https:\\\/\\\/archiv.siov.sk\\\/\",\"name\":\"\u0160IOV - \u0161t\u00e1tny in\u0161tit\u00fat odborn\u00e9ho vzdel\u00e1vania\",\"description\":\"\",\"publisher\":{\"@id\":\"https:\\\/\\\/archiv.siov.sk\\\/#organization\"},\"potentialAction\":[{\"@type\":\"SearchAction\",\"target\":{\"@type\":\"EntryPoint\",\"urlTemplate\":\"https:\\\/\\\/archiv.siov.sk\\\/?s={search_term_string}\"},\"query-input\":{\"@type\":\"PropertyValueSpecification\",\"valueRequired\":true,\"valueName\":\"search_term_string\"}}],\"inLanguage\":\"en-GB\"},{\"@type\":\"Organization\",\"@id\":\"https:\\\/\\\/archiv.siov.sk\\\/#organization\",\"name\":\"\u0160IOV - \u0161t\u00e1tny in\u0161tit\u00fat odborn\u00e9ho vzdel\u00e1vania\",\"url\":\"https:\\\/\\\/archiv.siov.sk\\\/\",\"logo\":{\"@type\":\"ImageObject\",\"inLanguage\":\"en-GB\",\"@id\":\"https:\\\/\\\/archiv.siov.sk\\\/#\\\/schema\\\/logo\\\/image\\\/\",\"url\":\"https:\\\/\\\/archiv.siov.sk\\\/wp-content\\\/uploads\\\/2024\\\/02\\\/logo-SIOV.png\",\"contentUrl\":\"https:\\\/\\\/archiv.siov.sk\\\/wp-content\\\/uploads\\\/2024\\\/02\\\/logo-SIOV.png\",\"width\":431,\"height\":143,\"caption\":\"\u0160IOV - \u0161t\u00e1tny in\u0161tit\u00fat odborn\u00e9ho vzdel\u00e1vania\"},\"image\":{\"@id\":\"https:\\\/\\\/archiv.siov.sk\\\/#\\\/schema\\\/logo\\\/image\\\/\"},\"sameAs\":[\"https:\\\/\\\/www.facebook.com\\\/Statnyinstitutodbornehovzdelavania\"]},{\"@type\":\"Person\",\"@id\":\"https:\\\/\\\/archiv.siov.sk\\\/#\\\/schema\\\/person\\\/e42d633fbd958c6a726e8834d8965e6c\",\"name\":\"Katar\u00edna Kov\u00e1\u010dov\u00e1\",\"url\":\"https:\\\/\\\/archiv.siov.sk\\\/en\\\/author\\\/katkakovacova\\\/\"}]}<\/script>\n<!-- \/ Yoast SEO plugin. -->","yoast_head_json":{"title":"Svoje Talentcentrum m\u00e1 u\u017e aj \u017dilina - \u0160IOV - \u0161t\u00e1tny in\u0161tit\u00fat odborn\u00e9ho vzdel\u00e1vania","robots":{"index":"index","follow":"follow","max-snippet":"max-snippet:-1","max-image-preview":"max-image-preview:large","max-video-preview":"max-video-preview:-1"},"canonical":"https:\/\/archiv.siov.sk\/en\/svoje-talentcentrum-ma-uz-aj-zilina\/","og_locale":"en_GB","og_type":"article","og_title":"Svoje Talentcentrum m\u00e1 u\u017e aj \u017dilina - \u0160IOV - \u0161t\u00e1tny in\u0161tit\u00fat odborn\u00e9ho vzdel\u00e1vania","og_description":"Po Nitre a\u00a0Trnave otvoril koncom septembra svoje Talentcentrum aj \u017dilinsk\u00fd samospr\u00e1vny kraj. Rovnako ako predchodcovia sa te\u0161\u00ed ve\u013ek\u00e9mu z\u00e1ujmu a\u00a0kr\u00e1tko po otvoren\u00ed je u\u017e rezervovan\u00e9 takmer na cel\u00fd \u0161kolsk\u00fd rok. Hlavn\u00fdm cie\u013eom Talentcentra je pom\u00f4c\u0165 \u017eiakom zorientova\u0165 sa vo svete pr\u00e1ce a\u00a0s\u00a0podporou modern\u00fdch met\u00f3d ich sprev\u00e1dza\u0165 pri vo\u013ebe \u010fal\u0161ieho \u0161t\u00fadia a\u00a0bud\u00faceho povolania. Prv\u00fdch \u017eiakov priv\u00edtalo [&hellip;]","og_url":"https:\/\/archiv.siov.sk\/en\/svoje-talentcentrum-ma-uz-aj-zilina\/","og_site_name":"\u0160IOV - \u0161t\u00e1tny in\u0161tit\u00fat odborn\u00e9ho vzdel\u00e1vania","article_publisher":"https:\/\/www.facebook.com\/Statnyinstitutodbornehovzdelavania","article_published_time":"2025-11-03T08:47:36+00:00","article_modified_time":"2025-11-04T19:51:12+00:00","og_image":[{"width":1024,"height":684,"url":"https:\/\/archiv.siov.sk\/wp-content\/uploads\/2025\/11\/TALENTCENTRUM-Otvorenie-strihanie-pasky.jpeg","type":"image\/jpeg"}],"author":"Katar\u00edna Kov\u00e1\u010dov\u00e1","twitter_card":"summary_large_image","twitter_misc":{"Written by":"Katar\u00edna Kov\u00e1\u010dov\u00e1","Estimated reading time":"3 minutes"},"schema":{"@context":"https:\/\/schema.org","@graph":[{"@type":"Article","@id":"https:\/\/archiv.siov.sk\/svoje-talentcentrum-ma-uz-aj-zilina\/#article","isPartOf":{"@id":"https:\/\/archiv.siov.sk\/svoje-talentcentrum-ma-uz-aj-zilina\/"},"author":{"name":"Katar\u00edna Kov\u00e1\u010dov\u00e1","@id":"https:\/\/archiv.siov.sk\/#\/schema\/person\/e42d633fbd958c6a726e8834d8965e6c"},"headline":"Svoje Talentcentrum m\u00e1 u\u017e aj \u017dilina","datePublished":"2025-11-03T08:47:36+00:00","dateModified":"2025-11-04T19:51:12+00:00","mainEntityOfPage":{"@id":"https:\/\/archiv.siov.sk\/svoje-talentcentrum-ma-uz-aj-zilina\/"},"wordCount":684,"publisher":{"@id":"https:\/\/archiv.siov.sk\/#organization"},"image":{"@id":"https:\/\/archiv.siov.sk\/svoje-talentcentrum-ma-uz-aj-zilina\/#primaryimage"},"thumbnailUrl":"https:\/\/archiv.siov.sk\/wp-content\/uploads\/2025\/11\/TALENTCENTRUM-Otvorenie-strihanie-pasky.jpeg","articleSection":["Aktuality"],"inLanguage":"en-GB"},{"@type":"WebPage","@id":"https:\/\/archiv.siov.sk\/svoje-talentcentrum-ma-uz-aj-zilina\/","url":"https:\/\/archiv.siov.sk\/svoje-talentcentrum-ma-uz-aj-zilina\/","name":"Svoje Talentcentrum m\u00e1 u\u017e aj \u017dilina - \u0160IOV - \u0161t\u00e1tny in\u0161tit\u00fat odborn\u00e9ho vzdel\u00e1vania","isPartOf":{"@id":"https:\/\/archiv.siov.sk\/#website"},"primaryImageOfPage":{"@id":"https:\/\/archiv.siov.sk\/svoje-talentcentrum-ma-uz-aj-zilina\/#primaryimage"},"image":{"@id":"https:\/\/archiv.siov.sk\/svoje-talentcentrum-ma-uz-aj-zilina\/#primaryimage"},"thumbnailUrl":"https:\/\/archiv.siov.sk\/wp-content\/uploads\/2025\/11\/TALENTCENTRUM-Otvorenie-strihanie-pasky.jpeg","datePublished":"2025-11-03T08:47:36+00:00","dateModified":"2025-11-04T19:51:12+00:00","breadcrumb":{"@id":"https:\/\/archiv.siov.sk\/svoje-talentcentrum-ma-uz-aj-zilina\/#breadcrumb"},"inLanguage":"en-GB","potentialAction":[{"@type":"ReadAction","target":["https:\/\/archiv.siov.sk\/svoje-talentcentrum-ma-uz-aj-zilina\/"]}]},{"@type":"ImageObject","inLanguage":"en-GB","@id":"https:\/\/archiv.siov.sk\/svoje-talentcentrum-ma-uz-aj-zilina\/#primaryimage","url":"https:\/\/archiv.siov.sk\/wp-content\/uploads\/2025\/11\/TALENTCENTRUM-Otvorenie-strihanie-pasky.jpeg","contentUrl":"https:\/\/archiv.siov.sk\/wp-content\/uploads\/2025\/11\/TALENTCENTRUM-Otvorenie-strihanie-pasky.jpeg","width":1024,"height":684},{"@type":"BreadcrumbList","@id":"https:\/\/archiv.siov.sk\/svoje-talentcentrum-ma-uz-aj-zilina\/#breadcrumb","itemListElement":[{"@type":"ListItem","position":1,"name":"Home","item":"https:\/\/archiv.siov.sk\/"},{"@type":"ListItem","position":2,"name":"Svoje Talentcentrum m\u00e1 u\u017e aj \u017dilina"}]},{"@type":"WebSite","@id":"https:\/\/archiv.siov.sk\/#website","url":"https:\/\/archiv.siov.sk\/","name":"\u0160IOV - \u0161t\u00e1tny in\u0161tit\u00fat odborn\u00e9ho vzdel\u00e1vania","description":"","publisher":{"@id":"https:\/\/archiv.siov.sk\/#organization"},"potentialAction":[{"@type":"SearchAction","target":{"@type":"EntryPoint","urlTemplate":"https:\/\/archiv.siov.sk\/?s={search_term_string}"},"query-input":{"@type":"PropertyValueSpecification","valueRequired":true,"valueName":"search_term_string"}}],"inLanguage":"en-GB"},{"@type":"Organization","@id":"https:\/\/archiv.siov.sk\/#organization","name":"\u0160IOV - \u0161t\u00e1tny in\u0161tit\u00fat odborn\u00e9ho vzdel\u00e1vania","url":"https:\/\/archiv.siov.sk\/","logo":{"@type":"ImageObject","inLanguage":"en-GB","@id":"https:\/\/archiv.siov.sk\/#\/schema\/logo\/image\/","url":"https:\/\/archiv.siov.sk\/wp-content\/uploads\/2024\/02\/logo-SIOV.png","contentUrl":"https:\/\/archiv.siov.sk\/wp-content\/uploads\/2024\/02\/logo-SIOV.png","width":431,"height":143,"caption":"\u0160IOV - \u0161t\u00e1tny in\u0161tit\u00fat odborn\u00e9ho vzdel\u00e1vania"},"image":{"@id":"https:\/\/archiv.siov.sk\/#\/schema\/logo\/image\/"},"sameAs":["https:\/\/www.facebook.com\/Statnyinstitutodbornehovzdelavania"]},{"@type":"Person","@id":"https:\/\/archiv.siov.sk\/#\/schema\/person\/e42d633fbd958c6a726e8834d8965e6c","name":"Katar\u00edna Kov\u00e1\u010dov\u00e1","url":"https:\/\/archiv.siov.sk\/en\/author\/katkakovacova\/"}]}},"_links":{"self":[{"href":"https:\/\/archiv.siov.sk\/en\/wp-json\/wp\/v2\/posts\/21691","targetHints":{"allow":["GET"]}}],"collection":[{"href":"https:\/\/archiv.siov.sk\/en\/wp-json\/wp\/v2\/posts"}],"about":[{"href":"https:\/\/archiv.siov.sk\/en\/wp-json\/wp\/v2\/types\/post"}],"author":[{"embeddable":true,"href":"https:\/\/archiv.siov.sk\/en\/wp-json\/wp\/v2\/users\/6"}],"replies":[{"embeddable":true,"href":"https:\/\/archiv.siov.sk\/en\/wp-json\/wp\/v2\/comments?post=21691"}],"version-history":[{"count":2,"href":"https:\/\/archiv.siov.sk\/en\/wp-json\/wp\/v2\/posts\/21691\/revisions"}],"predecessor-version":[{"id":21694,"href":"https:\/\/archiv.siov.sk\/en\/wp-json\/wp\/v2\/posts\/21691\/revisions\/21694"}],"wp:featuredmedia":[{"embeddable":true,"href":"https:\/\/archiv.siov.sk\/en\/wp-json\/wp\/v2\/media\/21693"}],"wp:attachment":[{"href":"https:\/\/archiv.siov.sk\/en\/wp-json\/wp\/v2\/media?parent=21691"}],"wp:term":[{"taxonomy":"category","embeddable":true,"href":"https:\/\/archiv.siov.sk\/en\/wp-json\/wp\/v2\/categories?post=21691"},{"taxonomy":"post_tag","embeddable":true,"href":"https:\/\/archiv.siov.sk\/en\/wp-json\/wp\/v2\/tags?post=21691"}],"curies":[{"name":"wp","href":"https:\/\/api.w.org\/{rel}","templated":true}]}}