{"id":21666,"date":"2025-11-04T14:48:33","date_gmt":"2025-11-04T13:48:33","guid":{"rendered":"https:\/\/archiv.siov.sk\/?p=21666"},"modified":"2025-11-17T13:45:30","modified_gmt":"2025-11-17T12:45:30","slug":"medzinarodny-veltrh-cvicnych-firiem-2025-inspiracia-sutaze-a-krst-pracovneho-zosita-cvicna-firma-2-0-s-ivanou-molnarovou","status":"publish","type":"post","link":"https:\/\/archiv.siov.sk\/en\/medzinarodny-veltrh-cvicnych-firiem-2025-inspiracia-sutaze-a-krst-pracovneho-zosita-cvicna-firma-2-0-s-ivanou-molnarovou\/","title":{"rendered":"Medzin\u00e1rodn\u00fd ve\u013etrh cvi\u010dn\u00fdch firiem 2025: In\u0161pir\u00e1cia, s\u00fa\u0165a\u017ee a krst pracovn\u00e9ho zo\u0161ita Cvi\u010dn\u00e1 firma 2.0 s Ivanou Moln\u00e1rovou"},"content":{"rendered":"<div data-elementor-type=\"wp-post\" data-elementor-id=\"21666\" class=\"elementor elementor-21666\" data-elementor-post-type=\"post\">\n\t\t\t\t<div class=\"elementor-element elementor-element-70584c70 e-flex e-con-boxed e-con e-parent\" data-id=\"70584c70\" data-element_type=\"container\" data-e-type=\"container\">\n\t\t\t\t\t<div class=\"e-con-inner\">\n\t\t\t\t<div class=\"elementor-element elementor-element-10b3ed49 elementor-widget elementor-widget-text-editor\" data-id=\"10b3ed49\" data-element_type=\"widget\" data-e-type=\"widget\" data-widget_type=\"text-editor.default\">\n\t\t\t\t<div class=\"elementor-widget-container\">\n\t\t\t\t\t\t\t\t\t<p data-start=\"256\" data-end=\"538\">V d\u0148och <strong data-start=\"264\" data-end=\"291\">26. \u2013 27. novembra 2025<\/strong> sa v priestoroch <strong data-start=\"309\" data-end=\"357\">PEUGEOT ar\u00e9ny (NTC), Pr\u00edkopova 6, Bratislava<\/strong> uskuto\u010dn\u00ed <strong data-start=\"368\" data-end=\"412\">Medzin\u00e1rodn\u00fd ve\u013etrh cvi\u010dn\u00fdch firiem 2025, <\/strong>nad ktor\u00fdm prevzalo z\u00e1\u0161titu Ministerstvo \u0161kolstva, v\u00fdskumu, v\u00fdvoja a ml\u00e1de\u017ee SR. Podujatie prinesie dva dni pln\u00e9 in\u0161pir\u00e1cie, obchodovania, s\u00fa\u0165a\u017e\u00ed a odborn\u00fdch diskusi\u00ed pre \u0161tudentov, pedag\u00f3gov aj verejnos\u0165.<\/p><p data-start=\"540\" data-end=\"853\">Bohat\u00fd program za\u010dne <strong data-start=\"568\" data-end=\"644\">sl\u00e1vnostn\u00fdm otvoren\u00edm ve\u013etrhu a krstom pracovn\u00e9ho zo\u0161ita <em data-start=\"624\" data-end=\"642\">Cvi\u010dn\u00e1 firma 2.0<\/em><\/strong>, ktor\u00fd sa uskuto\u010dn\u00ed <strong data-start=\"665\" data-end=\"703\">v stredu 26. novembra o 10:00 hod.<\/strong> \u00dalohu krstnej mamy prijala <strong data-start=\"722\" data-end=\"741\">Ivana Moln\u00e1rov\u00e1<\/strong>, gener\u00e1lna riadite\u013eka firmy ALYRA, ktor\u00e1 viac ako 10 rokov viedla port\u00e1l Profesia.sk.<\/p><p data-start=\"855\" data-end=\"1274\"><span style=\"background-color: transparent; color: #1c1c1c;\">Tohtoro\u010dn\u00fd ve\u013etrh nesie t\u00e9mu\u00a0<\/span><span style=\"background-color: transparent; font-weight: bold; color: #1c1c1c;\" data-start=\"398\" data-end=\"425\">Podnikanie s poslan\u00edm<\/span><span style=\"background-color: transparent; color: #1c1c1c;\">\u00a0\u2013 zameriame sa na rie\u0161enie spolo\u010densk\u00fdch v\u00fdziev prostredn\u00edctvom inovat\u00edvnych podnikate\u013esk\u00fdch n\u00e1padov.\u00a0<\/span>Po\u010das oboch dn\u00ed \u010dak\u00e1 n\u00e1v\u0161tevn\u00edkov pestr\u00fd sprievodn\u00fd program \u2013 odborn\u00e9 predn\u00e1\u0161ky, workshopy, panelov\u00e9 diskusie i s\u00fa\u0165a\u017ee cvi\u010dn\u00fdch firiem v kateg\u00f3ri\u00e1ch ako <strong data-start=\"1008\" data-end=\"1053\">E-prezent\u00e1cia, St\u00e1nok, Reprezentant firmy<\/strong> \u010di <strong data-start=\"1057\" data-end=\"1090\">Zodpovedn\u00e1 a udr\u017eate\u013en\u00e1 firma<\/strong>. Medzi zauj\u00edmav\u00e9 t\u00e9my patr\u00ed aj diskusia <strong data-start=\"1131\" data-end=\"1158\">Podnikanie s poslan\u00edm<\/strong>, projekt <strong data-start=\"1168\" data-end=\"1190\">Financi v lavici<\/strong>\u00a0alebo motiva\u010dn\u00e9 vyst\u00fapenie <strong data-start=\"1218\" data-end=\"1237\">\u013dubom\u00edra Cabana<\/strong>, \u00faspe\u0161n\u00e9ho absolventa cvi\u010dnej firmy.<\/p><p data-start=\"855\" data-end=\"1274\"><img fetchpriority=\"high\" decoding=\"async\" class=\"alignleft wp-image-21811\" src=\"https:\/\/siov.sk\/wp-content\/uploads\/2025\/11\/Veltrh-CF-1350-x-1080-px-1024x614.jpg\" alt=\"\" width=\"500\" height=\"300\" srcset=\"https:\/\/archiv.siov.sk\/wp-content\/uploads\/2025\/11\/Veltrh-CF-1350-x-1080-px-1024x614.jpg 1024w, https:\/\/archiv.siov.sk\/wp-content\/uploads\/2025\/11\/Veltrh-CF-1350-x-1080-px-300x180.jpg 300w, https:\/\/archiv.siov.sk\/wp-content\/uploads\/2025\/11\/Veltrh-CF-1350-x-1080-px-768x461.jpg 768w, https:\/\/archiv.siov.sk\/wp-content\/uploads\/2025\/11\/Veltrh-CF-1350-x-1080-px-1536x922.jpg 1536w, https:\/\/archiv.siov.sk\/wp-content\/uploads\/2025\/11\/Veltrh-CF-1350-x-1080-px-18x12.jpg 18w, https:\/\/archiv.siov.sk\/wp-content\/uploads\/2025\/11\/Veltrh-CF-1350-x-1080-px.jpg 1800w\" sizes=\"(max-width: 500px) 100vw, 500px\" \/><\/p><p>Ponorte sa do sveta <b>Skills Slovakia<\/b>!<\/p><p>Pr\u00ed\u010fte na <b>panelov\u00fa diskusiu<\/b> o s\u00fa\u0165a\u017eiach odborn\u00fdch zru\u010dnost\u00ed. Spoznajte hist\u00f3riu, pozrite sa do z\u00e1kulisia s\u00fa\u0165a\u017ee <b>Podnikate\u013esk\u00e9 zru\u010dnosti v Cvi\u010dnej firme \u2013 JUPOV<\/b>, a hlavne \u2013 stretnite sa s na\u0161imi hrdinami!<\/p><p class=\"cvGsUA direction-ltr align-start para-style-body\"><span class=\"a_GcMg font-feature-liga-off font-feature-clig-off font-feature-calt-off text-decoration-none text-strikethrough-none\">Kto bude diskutova\u0165?<\/span><\/p><ul><li><strong>Vlasta P\u00fachovsk\u00e1<\/strong> (\u0160IOV), organiz\u00e1tor s\u00fa\u0165a\u017e\u00ed Skills Slovakia<\/li><li><strong>Gabriela Horeck\u00e1<\/strong> (\u0160IOV) a <strong>Marta Maru\u0161incov\u00e1<\/strong> (\u0160IOV), Skills Slovakia &#8211; Podnikate\u013esk\u00e9 zru\u010dnosti v Cvi\u010dnej firme \u2013 JUPOV<\/li><li><strong>Lenka Hru\u0161kov\u00e1<\/strong> (OA Nev\u00e4dzova BA), experta s\u00fa\u0165a\u017ee EuroSkills 2025 v odbore Podnikate\u013estvo<\/li><li><strong>Oliver Stan\u010d\u00edk a Nat\u00e1lia \u0160porkov\u00e1<\/strong> (SSO\u0160 podnikania Zvolen), <span class=\"a_GcMg font-feature-liga-off font-feature-clig-off font-feature-calt-off text-decoration-none text-strikethrough-none\">prv\u00ed s\u00fa\u0165a\u017eiaci <\/span><span class=\"a_GcMg font-feature-liga-off font-feature-clig-off font-feature-calt-off text-decoration-none text-strikethrough-none\">v odbore Podnikate\u013estvo za Slovensko na EuroSkills Herning 2025<\/span><\/li><\/ul><p><b>Pr\u00ed\u010fte si vypo\u010du\u0165 in\u0161pirat\u00edvne pr\u00edbehy a cenn\u00e9 sk\u00fasenosti priamo od \u00fa\u010dastn\u00edkov EuroSkills!<\/b><\/p><p data-start=\"855\" data-end=\"1274\"><strong data-start=\"1463\" data-end=\"1511\">State Vocational Education Institute <\/strong>sa predstav\u00ed s\u00e9riou odborn\u00fdch workshopov a diskusi\u00ed zameran\u00fdch na kvalitu vzdel\u00e1vania, prepojenie \u0161k\u00f4l s praxou a podporu u\u010dite\u013eov.<\/p><p data-start=\"1276\" data-end=\"1482\"><strong data-start=\"1276\" data-end=\"1482\">Poz\u00fdvame \u0161irok\u00fa verejnos\u0165, rodi\u010dov, \u017eiakov aj zamestn\u00e1vate\u013eov, aby sa pri\u0161li po\u010das oboch dn\u00ed pozrie\u0165, ako funguj\u00fa cvi\u010dn\u00e9 firmy a ako mlad\u00ed \u013eudia rozv\u00edjaj\u00fa svoje podnikate\u013esk\u00e9 a prezenta\u010dn\u00e9 zru\u010dnosti.<\/strong><\/p><p data-start=\"1484\" data-end=\"1613\">Podujatie organizuje <strong data-start=\"1505\" data-end=\"1553\">State Vocational Education Institute<\/strong> v spolupr\u00e1ci s partnermi z oblasti vzdel\u00e1vania a podnikania.<\/p><p data-start=\"1615\" data-end=\"1759\"><strong data-start=\"1618\" data-end=\"1627\">Kedy:<\/strong> 26. \u2013 27. november 2025<br data-start=\"1651\" data-end=\"1654\" \/><strong data-start=\"1657\" data-end=\"1665\">Kde:<\/strong> PEUGEOT ar\u00e9na (NTC), Pr\u00edkopova 6, Bratislava<br data-start=\"1710\" data-end=\"1713\" \/><strong data-start=\"1716\" data-end=\"1740\">Vstup pre verejnos\u0165 zdarma:<\/strong> od 9:00 do 16:00<\/p>\t\t\t\t\t\t\t\t<\/div>\n\t\t\t\t<\/div>\n\t\t\t\t<div class=\"elementor-element elementor-element-d65a81d elementor-align-center elementor-widget__width-inherit elementor-widget elementor-widget-button\" data-id=\"d65a81d\" data-element_type=\"widget\" data-e-type=\"widget\" data-widget_type=\"button.default\">\n\t\t\t\t<div class=\"elementor-widget-container\">\n\t\t\t\t\t\t\t\t\t<div class=\"elementor-button-wrapper\">\n\t\t\t\t\t<a class=\"elementor-button elementor-button-link elementor-size-sm\" href=\"https:\/\/siov.sk\/wp-content\/uploads\/2025\/11\/Veltrh-CF-2025-program-05112025.pdf\" target=\"_blank\">\n\t\t\t\t\t\t<span class=\"elementor-button-content-wrapper\">\n\t\t\t\t\t\t\t\t\t<span class=\"elementor-button-text\">Program 27. Medzin\u00e1rodn\u00e9ho ve\u013etrhu Cvi\u010dn\u00fdch firiem<\/span>\n\t\t\t\t\t<\/span>\n\t\t\t\t\t<\/a>\n\t\t\t\t<\/div>\n\t\t\t\t\t\t\t\t<\/div>\n\t\t\t\t<\/div>\n\t\t\t\t<div class=\"elementor-element elementor-element-3ebc0d4 elementor-align-center elementor-widget elementor-widget-button\" data-id=\"3ebc0d4\" data-element_type=\"widget\" data-e-type=\"widget\" data-widget_type=\"button.default\">\n\t\t\t\t<div class=\"elementor-widget-container\">\n\t\t\t\t\t\t\t\t\t<div class=\"elementor-button-wrapper\">\n\t\t\t\t\t<a class=\"elementor-button elementor-button-link elementor-size-sm\" href=\"https:\/\/siov.sk\/wp-content\/uploads\/2025\/11\/SK_International-fair-PE-2025-programme-EN.pdf\" target=\"_blank\">\n\t\t\t\t\t\t<span class=\"elementor-button-content-wrapper\">\n\t\t\t\t\t\t\t\t\t<span class=\"elementor-button-text\">Programme of the 27th International Fair of Practice Enterprises<\/span>\n\t\t\t\t\t<\/span>\n\t\t\t\t\t<\/a>\n\t\t\t\t<\/div>\n\t\t\t\t\t\t\t\t<\/div>\n\t\t\t\t<\/div>\n\t\t\t\t<div class=\"elementor-element elementor-element-9353fb9 elementor-widget elementor-widget-text-editor\" data-id=\"9353fb9\" data-element_type=\"widget\" data-e-type=\"widget\" data-widget_type=\"text-editor.default\">\n\t\t\t\t<div class=\"elementor-widget-container\">\n\t\t\t\t\t\t\t\t\t<p>V\u0161eobecn\u00e9 pokyny pre vystavovate\u013eov, hodnotiace krit\u00e9ri\u00e1 s\u00fa\u0165a\u017e\u00ed a viac inform\u00e1ci\u00ed k Medzin\u00e1rodn\u00e9mu ve\u013etrhu cvi\u010dn\u00fdch firiem 2025 n\u00e1jdete <a href=\"https:\/\/sites.google.com\/view\/sccf\/medzin%C3%A1rodn%C3%BD-ve%C4%BEtrh-cf?authuser=0\" target=\"_blank\" rel=\"noopener\">na str\u00e1nkach SCCF<\/a>.<\/p>\t\t\t\t\t\t\t\t<\/div>\n\t\t\t\t<\/div>\n\t\t\t\t\t<\/div>\n\t\t\t\t<\/div>\n\t\t\t\t<\/div>","protected":false},"excerpt":{"rendered":"<p>V d\u0148och 26. \u2013 27. novembra 2025 sa v priestoroch PEUGEOT ar\u00e9ny (NTC), Pr\u00edkopova 6, Bratislava uskuto\u010dn\u00ed Medzin\u00e1rodn\u00fd ve\u013etrh cvi\u010dn\u00fdch firiem 2025, nad ktor\u00fdm prevzalo z\u00e1\u0161titu Ministerstvo \u0161kolstva, v\u00fdskumu, v\u00fdvoja a ml\u00e1de\u017ee SR. Podujatie prinesie dva dni pln\u00e9 in\u0161pir\u00e1cie, obchodovania, s\u00fa\u0165a\u017e\u00ed a odborn\u00fdch diskusi\u00ed pre \u0161tudentov, pedag\u00f3gov aj verejnos\u0165. Bohat\u00fd program za\u010dne sl\u00e1vnostn\u00fdm otvoren\u00edm ve\u013etrhu [&hellip;]<\/p>\n","protected":false},"author":11,"featured_media":21669,"comment_status":"closed","ping_status":"closed","sticky":false,"template":"","format":"standard","meta":{"site-sidebar-layout":"default","site-content-layout":"","ast-site-content-layout":"default","site-content-style":"default","site-sidebar-style":"default","ast-global-header-display":"","ast-banner-title-visibility":"","ast-main-header-display":"","ast-hfb-above-header-display":"","ast-hfb-below-header-display":"","ast-hfb-mobile-header-display":"","site-post-title":"","ast-breadcrumbs-content":"","ast-featured-img":"","footer-sml-layout":"","ast-disable-related-posts":"","theme-transparent-header-meta":"default","adv-header-id-meta":"","stick-header-meta":"default","header-above-stick-meta":"","header-main-stick-meta":"","header-below-stick-meta":"","astra-migrate-meta-layouts":"set","ast-page-background-enabled":"default","ast-page-background-meta":{"desktop":{"background-color":"var(--ast-global-color-4)","background-image":"","background-repeat":"repeat","background-position":"center center","background-size":"auto","background-attachment":"scroll","background-type":"","background-media":"","overlay-type":"","overlay-color":"","overlay-opacity":"","overlay-gradient":""},"tablet":{"background-color":"","background-image":"","background-repeat":"repeat","background-position":"center center","background-size":"auto","background-attachment":"scroll","background-type":"","background-media":"","overlay-type":"","overlay-color":"","overlay-opacity":"","overlay-gradient":""},"mobile":{"background-color":"","background-image":"","background-repeat":"repeat","background-position":"center center","background-size":"auto","background-attachment":"scroll","background-type":"","background-media":"","overlay-type":"","overlay-color":"","overlay-opacity":"","overlay-gradient":""}},"ast-content-background-meta":{"desktop":{"background-color":"var(--ast-global-color-5)","background-image":"","background-repeat":"repeat","background-position":"center center","background-size":"auto","background-attachment":"scroll","background-type":"","background-media":"","overlay-type":"","overlay-color":"","overlay-opacity":"","overlay-gradient":""},"tablet":{"background-color":"var(--ast-global-color-5)","background-image":"","background-repeat":"repeat","background-position":"center center","background-size":"auto","background-attachment":"scroll","background-type":"","background-media":"","overlay-type":"","overlay-color":"","overlay-opacity":"","overlay-gradient":""},"mobile":{"background-color":"var(--ast-global-color-5)","background-image":"","background-repeat":"repeat","background-position":"center center","background-size":"auto","background-attachment":"scroll","background-type":"","background-media":"","overlay-type":"","overlay-color":"","overlay-opacity":"","overlay-gradient":""}},"footnotes":""},"categories":[1],"tags":[],"class_list":["post-21666","post","type-post","status-publish","format-standard","has-post-thumbnail","hentry","category-aktuality"],"yoast_head":"<!-- This site is optimized with the Yoast SEO plugin v27.5 - https:\/\/yoast.com\/product\/yoast-seo-wordpress\/ -->\n<title>Medzin\u00e1rodn\u00fd ve\u013etrh cvi\u010dn\u00fdch firiem 2025: In\u0161pir\u00e1cia, s\u00fa\u0165a\u017ee a krst pracovn\u00e9ho zo\u0161ita Cvi\u010dn\u00e1 firma 2.0 s Ivanou Moln\u00e1rovou - \u0160IOV - \u0161t\u00e1tny in\u0161tit\u00fat odborn\u00e9ho vzdel\u00e1vania<\/title>\n<meta name=\"robots\" content=\"index, follow, max-snippet:-1, max-image-preview:large, max-video-preview:-1\" \/>\n<link rel=\"canonical\" href=\"https:\/\/archiv.siov.sk\/en\/medzinarodny-veltrh-cvicnych-firiem-2025-inspiracia-sutaze-a-krst-pracovneho-zosita-cvicna-firma-2-0-s-ivanou-molnarovou\/\" \/>\n<meta property=\"og:locale\" content=\"en_GB\" \/>\n<meta property=\"og:type\" content=\"article\" \/>\n<meta property=\"og:title\" content=\"Medzin\u00e1rodn\u00fd ve\u013etrh cvi\u010dn\u00fdch firiem 2025: In\u0161pir\u00e1cia, s\u00fa\u0165a\u017ee a krst pracovn\u00e9ho zo\u0161ita Cvi\u010dn\u00e1 firma 2.0 s Ivanou Moln\u00e1rovou - \u0160IOV - \u0161t\u00e1tny in\u0161tit\u00fat odborn\u00e9ho vzdel\u00e1vania\" \/>\n<meta property=\"og:description\" content=\"V d\u0148och 26. \u2013 27. novembra 2025 sa v priestoroch PEUGEOT ar\u00e9ny (NTC), Pr\u00edkopova 6, Bratislava uskuto\u010dn\u00ed Medzin\u00e1rodn\u00fd ve\u013etrh cvi\u010dn\u00fdch firiem 2025, nad ktor\u00fdm prevzalo z\u00e1\u0161titu Ministerstvo \u0161kolstva, v\u00fdskumu, v\u00fdvoja a ml\u00e1de\u017ee SR. Podujatie prinesie dva dni pln\u00e9 in\u0161pir\u00e1cie, obchodovania, s\u00fa\u0165a\u017e\u00ed a odborn\u00fdch diskusi\u00ed pre \u0161tudentov, pedag\u00f3gov aj verejnos\u0165. Bohat\u00fd program za\u010dne sl\u00e1vnostn\u00fdm otvoren\u00edm ve\u013etrhu [&hellip;]\" \/>\n<meta property=\"og:url\" content=\"https:\/\/archiv.siov.sk\/en\/medzinarodny-veltrh-cvicnych-firiem-2025-inspiracia-sutaze-a-krst-pracovneho-zosita-cvicna-firma-2-0-s-ivanou-molnarovou\/\" \/>\n<meta property=\"og:site_name\" content=\"\u0160IOV - \u0161t\u00e1tny in\u0161tit\u00fat odborn\u00e9ho vzdel\u00e1vania\" \/>\n<meta property=\"article:publisher\" content=\"https:\/\/www.facebook.com\/Statnyinstitutodbornehovzdelavania\" \/>\n<meta property=\"article:published_time\" content=\"2025-11-04T13:48:33+00:00\" \/>\n<meta property=\"article:modified_time\" content=\"2025-11-17T12:45:30+00:00\" \/>\n<meta property=\"og:image\" content=\"https:\/\/archiv.siov.sk\/wp-content\/uploads\/2025\/11\/Veltrh-CF-1350-x-1080-px.png\" \/>\n\t<meta property=\"og:image:width\" content=\"1800\" \/>\n\t<meta property=\"og:image:height\" content=\"1080\" \/>\n\t<meta property=\"og:image:type\" content=\"image\/png\" \/>\n<meta name=\"author\" content=\"Sylvia Hamadejova\" \/>\n<meta name=\"twitter:card\" content=\"summary_large_image\" \/>\n<meta name=\"twitter:label1\" content=\"Written by\" \/>\n\t<meta name=\"twitter:data1\" content=\"Sylvia Hamadejova\" \/>\n\t<meta name=\"twitter:label2\" content=\"Estimated reading time\" \/>\n\t<meta name=\"twitter:data2\" content=\"3 minutes\" \/>\n<script type=\"application\/ld+json\" class=\"yoast-schema-graph\">{\"@context\":\"https:\\\/\\\/schema.org\",\"@graph\":[{\"@type\":\"Article\",\"@id\":\"https:\\\/\\\/archiv.siov.sk\\\/medzinarodny-veltrh-cvicnych-firiem-2025-inspiracia-sutaze-a-krst-pracovneho-zosita-cvicna-firma-2-0-s-ivanou-molnarovou\\\/#article\",\"isPartOf\":{\"@id\":\"https:\\\/\\\/archiv.siov.sk\\\/medzinarodny-veltrh-cvicnych-firiem-2025-inspiracia-sutaze-a-krst-pracovneho-zosita-cvicna-firma-2-0-s-ivanou-molnarovou\\\/\"},\"author\":{\"name\":\"Sylvia Hamadejova\",\"@id\":\"https:\\\/\\\/archiv.siov.sk\\\/#\\\/schema\\\/person\\\/70de33c3c88facac4a386ef06f733b92\"},\"headline\":\"Medzin\u00e1rodn\u00fd ve\u013etrh cvi\u010dn\u00fdch firiem 2025: In\u0161pir\u00e1cia, s\u00fa\u0165a\u017ee a krst pracovn\u00e9ho zo\u0161ita Cvi\u010dn\u00e1 firma 2.0 s Ivanou Moln\u00e1rovou\",\"datePublished\":\"2025-11-04T13:48:33+00:00\",\"dateModified\":\"2025-11-17T12:45:30+00:00\",\"mainEntityOfPage\":{\"@id\":\"https:\\\/\\\/archiv.siov.sk\\\/medzinarodny-veltrh-cvicnych-firiem-2025-inspiracia-sutaze-a-krst-pracovneho-zosita-cvicna-firma-2-0-s-ivanou-molnarovou\\\/\"},\"wordCount\":544,\"publisher\":{\"@id\":\"https:\\\/\\\/archiv.siov.sk\\\/#organization\"},\"image\":{\"@id\":\"https:\\\/\\\/archiv.siov.sk\\\/medzinarodny-veltrh-cvicnych-firiem-2025-inspiracia-sutaze-a-krst-pracovneho-zosita-cvicna-firma-2-0-s-ivanou-molnarovou\\\/#primaryimage\"},\"thumbnailUrl\":\"https:\\\/\\\/archiv.siov.sk\\\/wp-content\\\/uploads\\\/2025\\\/11\\\/Veltrh-CF-1350-x-1080-px.png\",\"articleSection\":[\"Aktuality\"],\"inLanguage\":\"en-GB\"},{\"@type\":\"WebPage\",\"@id\":\"https:\\\/\\\/archiv.siov.sk\\\/medzinarodny-veltrh-cvicnych-firiem-2025-inspiracia-sutaze-a-krst-pracovneho-zosita-cvicna-firma-2-0-s-ivanou-molnarovou\\\/\",\"url\":\"https:\\\/\\\/archiv.siov.sk\\\/medzinarodny-veltrh-cvicnych-firiem-2025-inspiracia-sutaze-a-krst-pracovneho-zosita-cvicna-firma-2-0-s-ivanou-molnarovou\\\/\",\"name\":\"Medzin\u00e1rodn\u00fd ve\u013etrh cvi\u010dn\u00fdch firiem 2025: In\u0161pir\u00e1cia, s\u00fa\u0165a\u017ee a krst pracovn\u00e9ho zo\u0161ita Cvi\u010dn\u00e1 firma 2.0 s Ivanou Moln\u00e1rovou - \u0160IOV - \u0161t\u00e1tny in\u0161tit\u00fat odborn\u00e9ho vzdel\u00e1vania\",\"isPartOf\":{\"@id\":\"https:\\\/\\\/archiv.siov.sk\\\/#website\"},\"primaryImageOfPage\":{\"@id\":\"https:\\\/\\\/archiv.siov.sk\\\/medzinarodny-veltrh-cvicnych-firiem-2025-inspiracia-sutaze-a-krst-pracovneho-zosita-cvicna-firma-2-0-s-ivanou-molnarovou\\\/#primaryimage\"},\"image\":{\"@id\":\"https:\\\/\\\/archiv.siov.sk\\\/medzinarodny-veltrh-cvicnych-firiem-2025-inspiracia-sutaze-a-krst-pracovneho-zosita-cvicna-firma-2-0-s-ivanou-molnarovou\\\/#primaryimage\"},\"thumbnailUrl\":\"https:\\\/\\\/archiv.siov.sk\\\/wp-content\\\/uploads\\\/2025\\\/11\\\/Veltrh-CF-1350-x-1080-px.png\",\"datePublished\":\"2025-11-04T13:48:33+00:00\",\"dateModified\":\"2025-11-17T12:45:30+00:00\",\"breadcrumb\":{\"@id\":\"https:\\\/\\\/archiv.siov.sk\\\/medzinarodny-veltrh-cvicnych-firiem-2025-inspiracia-sutaze-a-krst-pracovneho-zosita-cvicna-firma-2-0-s-ivanou-molnarovou\\\/#breadcrumb\"},\"inLanguage\":\"en-GB\",\"potentialAction\":[{\"@type\":\"ReadAction\",\"target\":[\"https:\\\/\\\/archiv.siov.sk\\\/medzinarodny-veltrh-cvicnych-firiem-2025-inspiracia-sutaze-a-krst-pracovneho-zosita-cvicna-firma-2-0-s-ivanou-molnarovou\\\/\"]}]},{\"@type\":\"ImageObject\",\"inLanguage\":\"en-GB\",\"@id\":\"https:\\\/\\\/archiv.siov.sk\\\/medzinarodny-veltrh-cvicnych-firiem-2025-inspiracia-sutaze-a-krst-pracovneho-zosita-cvicna-firma-2-0-s-ivanou-molnarovou\\\/#primaryimage\",\"url\":\"https:\\\/\\\/archiv.siov.sk\\\/wp-content\\\/uploads\\\/2025\\\/11\\\/Veltrh-CF-1350-x-1080-px.png\",\"contentUrl\":\"https:\\\/\\\/archiv.siov.sk\\\/wp-content\\\/uploads\\\/2025\\\/11\\\/Veltrh-CF-1350-x-1080-px.png\",\"width\":1800,\"height\":1080},{\"@type\":\"BreadcrumbList\",\"@id\":\"https:\\\/\\\/archiv.siov.sk\\\/medzinarodny-veltrh-cvicnych-firiem-2025-inspiracia-sutaze-a-krst-pracovneho-zosita-cvicna-firma-2-0-s-ivanou-molnarovou\\\/#breadcrumb\",\"itemListElement\":[{\"@type\":\"ListItem\",\"position\":1,\"name\":\"Home\",\"item\":\"https:\\\/\\\/archiv.siov.sk\\\/\"},{\"@type\":\"ListItem\",\"position\":2,\"name\":\"Medzin\u00e1rodn\u00fd ve\u013etrh cvi\u010dn\u00fdch firiem 2025: In\u0161pir\u00e1cia, s\u00fa\u0165a\u017ee a krst pracovn\u00e9ho zo\u0161ita Cvi\u010dn\u00e1 firma 2.0 s Ivanou Moln\u00e1rovou\"}]},{\"@type\":\"WebSite\",\"@id\":\"https:\\\/\\\/archiv.siov.sk\\\/#website\",\"url\":\"https:\\\/\\\/archiv.siov.sk\\\/\",\"name\":\"\u0160IOV - \u0161t\u00e1tny in\u0161tit\u00fat odborn\u00e9ho vzdel\u00e1vania\",\"description\":\"\",\"publisher\":{\"@id\":\"https:\\\/\\\/archiv.siov.sk\\\/#organization\"},\"potentialAction\":[{\"@type\":\"SearchAction\",\"target\":{\"@type\":\"EntryPoint\",\"urlTemplate\":\"https:\\\/\\\/archiv.siov.sk\\\/?s={search_term_string}\"},\"query-input\":{\"@type\":\"PropertyValueSpecification\",\"valueRequired\":true,\"valueName\":\"search_term_string\"}}],\"inLanguage\":\"en-GB\"},{\"@type\":\"Organization\",\"@id\":\"https:\\\/\\\/archiv.siov.sk\\\/#organization\",\"name\":\"\u0160IOV - \u0161t\u00e1tny in\u0161tit\u00fat odborn\u00e9ho vzdel\u00e1vania\",\"url\":\"https:\\\/\\\/archiv.siov.sk\\\/\",\"logo\":{\"@type\":\"ImageObject\",\"inLanguage\":\"en-GB\",\"@id\":\"https:\\\/\\\/archiv.siov.sk\\\/#\\\/schema\\\/logo\\\/image\\\/\",\"url\":\"https:\\\/\\\/archiv.siov.sk\\\/wp-content\\\/uploads\\\/2024\\\/02\\\/logo-SIOV.png\",\"contentUrl\":\"https:\\\/\\\/archiv.siov.sk\\\/wp-content\\\/uploads\\\/2024\\\/02\\\/logo-SIOV.png\",\"width\":431,\"height\":143,\"caption\":\"\u0160IOV - \u0161t\u00e1tny in\u0161tit\u00fat odborn\u00e9ho vzdel\u00e1vania\"},\"image\":{\"@id\":\"https:\\\/\\\/archiv.siov.sk\\\/#\\\/schema\\\/logo\\\/image\\\/\"},\"sameAs\":[\"https:\\\/\\\/www.facebook.com\\\/Statnyinstitutodbornehovzdelavania\"]},{\"@type\":\"Person\",\"@id\":\"https:\\\/\\\/archiv.siov.sk\\\/#\\\/schema\\\/person\\\/70de33c3c88facac4a386ef06f733b92\",\"name\":\"Sylvia Hamadejova\",\"url\":\"https:\\\/\\\/archiv.siov.sk\\\/en\\\/author\\\/hamadejovas\\\/\"}]}<\/script>\n<!-- \/ Yoast SEO plugin. -->","yoast_head_json":{"title":"Medzin\u00e1rodn\u00fd ve\u013etrh cvi\u010dn\u00fdch firiem 2025: In\u0161pir\u00e1cia, s\u00fa\u0165a\u017ee a krst pracovn\u00e9ho zo\u0161ita Cvi\u010dn\u00e1 firma 2.0 s Ivanou Moln\u00e1rovou - \u0160IOV - \u0161t\u00e1tny in\u0161tit\u00fat odborn\u00e9ho vzdel\u00e1vania","robots":{"index":"index","follow":"follow","max-snippet":"max-snippet:-1","max-image-preview":"max-image-preview:large","max-video-preview":"max-video-preview:-1"},"canonical":"https:\/\/archiv.siov.sk\/en\/medzinarodny-veltrh-cvicnych-firiem-2025-inspiracia-sutaze-a-krst-pracovneho-zosita-cvicna-firma-2-0-s-ivanou-molnarovou\/","og_locale":"en_GB","og_type":"article","og_title":"Medzin\u00e1rodn\u00fd ve\u013etrh cvi\u010dn\u00fdch firiem 2025: In\u0161pir\u00e1cia, s\u00fa\u0165a\u017ee a krst pracovn\u00e9ho zo\u0161ita Cvi\u010dn\u00e1 firma 2.0 s Ivanou Moln\u00e1rovou - \u0160IOV - \u0161t\u00e1tny in\u0161tit\u00fat odborn\u00e9ho vzdel\u00e1vania","og_description":"V d\u0148och 26. \u2013 27. novembra 2025 sa v priestoroch PEUGEOT ar\u00e9ny (NTC), Pr\u00edkopova 6, Bratislava uskuto\u010dn\u00ed Medzin\u00e1rodn\u00fd ve\u013etrh cvi\u010dn\u00fdch firiem 2025, nad ktor\u00fdm prevzalo z\u00e1\u0161titu Ministerstvo \u0161kolstva, v\u00fdskumu, v\u00fdvoja a ml\u00e1de\u017ee SR. Podujatie prinesie dva dni pln\u00e9 in\u0161pir\u00e1cie, obchodovania, s\u00fa\u0165a\u017e\u00ed a odborn\u00fdch diskusi\u00ed pre \u0161tudentov, pedag\u00f3gov aj verejnos\u0165. Bohat\u00fd program za\u010dne sl\u00e1vnostn\u00fdm otvoren\u00edm ve\u013etrhu [&hellip;]","og_url":"https:\/\/archiv.siov.sk\/en\/medzinarodny-veltrh-cvicnych-firiem-2025-inspiracia-sutaze-a-krst-pracovneho-zosita-cvicna-firma-2-0-s-ivanou-molnarovou\/","og_site_name":"\u0160IOV - \u0161t\u00e1tny in\u0161tit\u00fat odborn\u00e9ho vzdel\u00e1vania","article_publisher":"https:\/\/www.facebook.com\/Statnyinstitutodbornehovzdelavania","article_published_time":"2025-11-04T13:48:33+00:00","article_modified_time":"2025-11-17T12:45:30+00:00","og_image":[{"width":1800,"height":1080,"url":"https:\/\/archiv.siov.sk\/wp-content\/uploads\/2025\/11\/Veltrh-CF-1350-x-1080-px.png","type":"image\/png"}],"author":"Sylvia Hamadejova","twitter_card":"summary_large_image","twitter_misc":{"Written by":"Sylvia Hamadejova","Estimated reading time":"3 minutes"},"schema":{"@context":"https:\/\/schema.org","@graph":[{"@type":"Article","@id":"https:\/\/archiv.siov.sk\/medzinarodny-veltrh-cvicnych-firiem-2025-inspiracia-sutaze-a-krst-pracovneho-zosita-cvicna-firma-2-0-s-ivanou-molnarovou\/#article","isPartOf":{"@id":"https:\/\/archiv.siov.sk\/medzinarodny-veltrh-cvicnych-firiem-2025-inspiracia-sutaze-a-krst-pracovneho-zosita-cvicna-firma-2-0-s-ivanou-molnarovou\/"},"author":{"name":"Sylvia Hamadejova","@id":"https:\/\/archiv.siov.sk\/#\/schema\/person\/70de33c3c88facac4a386ef06f733b92"},"headline":"Medzin\u00e1rodn\u00fd ve\u013etrh cvi\u010dn\u00fdch firiem 2025: In\u0161pir\u00e1cia, s\u00fa\u0165a\u017ee a krst pracovn\u00e9ho zo\u0161ita Cvi\u010dn\u00e1 firma 2.0 s Ivanou Moln\u00e1rovou","datePublished":"2025-11-04T13:48:33+00:00","dateModified":"2025-11-17T12:45:30+00:00","mainEntityOfPage":{"@id":"https:\/\/archiv.siov.sk\/medzinarodny-veltrh-cvicnych-firiem-2025-inspiracia-sutaze-a-krst-pracovneho-zosita-cvicna-firma-2-0-s-ivanou-molnarovou\/"},"wordCount":544,"publisher":{"@id":"https:\/\/archiv.siov.sk\/#organization"},"image":{"@id":"https:\/\/archiv.siov.sk\/medzinarodny-veltrh-cvicnych-firiem-2025-inspiracia-sutaze-a-krst-pracovneho-zosita-cvicna-firma-2-0-s-ivanou-molnarovou\/#primaryimage"},"thumbnailUrl":"https:\/\/archiv.siov.sk\/wp-content\/uploads\/2025\/11\/Veltrh-CF-1350-x-1080-px.png","articleSection":["Aktuality"],"inLanguage":"en-GB"},{"@type":"WebPage","@id":"https:\/\/archiv.siov.sk\/medzinarodny-veltrh-cvicnych-firiem-2025-inspiracia-sutaze-a-krst-pracovneho-zosita-cvicna-firma-2-0-s-ivanou-molnarovou\/","url":"https:\/\/archiv.siov.sk\/medzinarodny-veltrh-cvicnych-firiem-2025-inspiracia-sutaze-a-krst-pracovneho-zosita-cvicna-firma-2-0-s-ivanou-molnarovou\/","name":"Medzin\u00e1rodn\u00fd ve\u013etrh cvi\u010dn\u00fdch firiem 2025: In\u0161pir\u00e1cia, s\u00fa\u0165a\u017ee a krst pracovn\u00e9ho zo\u0161ita Cvi\u010dn\u00e1 firma 2.0 s Ivanou Moln\u00e1rovou - \u0160IOV - \u0161t\u00e1tny in\u0161tit\u00fat odborn\u00e9ho vzdel\u00e1vania","isPartOf":{"@id":"https:\/\/archiv.siov.sk\/#website"},"primaryImageOfPage":{"@id":"https:\/\/archiv.siov.sk\/medzinarodny-veltrh-cvicnych-firiem-2025-inspiracia-sutaze-a-krst-pracovneho-zosita-cvicna-firma-2-0-s-ivanou-molnarovou\/#primaryimage"},"image":{"@id":"https:\/\/archiv.siov.sk\/medzinarodny-veltrh-cvicnych-firiem-2025-inspiracia-sutaze-a-krst-pracovneho-zosita-cvicna-firma-2-0-s-ivanou-molnarovou\/#primaryimage"},"thumbnailUrl":"https:\/\/archiv.siov.sk\/wp-content\/uploads\/2025\/11\/Veltrh-CF-1350-x-1080-px.png","datePublished":"2025-11-04T13:48:33+00:00","dateModified":"2025-11-17T12:45:30+00:00","breadcrumb":{"@id":"https:\/\/archiv.siov.sk\/medzinarodny-veltrh-cvicnych-firiem-2025-inspiracia-sutaze-a-krst-pracovneho-zosita-cvicna-firma-2-0-s-ivanou-molnarovou\/#breadcrumb"},"inLanguage":"en-GB","potentialAction":[{"@type":"ReadAction","target":["https:\/\/archiv.siov.sk\/medzinarodny-veltrh-cvicnych-firiem-2025-inspiracia-sutaze-a-krst-pracovneho-zosita-cvicna-firma-2-0-s-ivanou-molnarovou\/"]}]},{"@type":"ImageObject","inLanguage":"en-GB","@id":"https:\/\/archiv.siov.sk\/medzinarodny-veltrh-cvicnych-firiem-2025-inspiracia-sutaze-a-krst-pracovneho-zosita-cvicna-firma-2-0-s-ivanou-molnarovou\/#primaryimage","url":"https:\/\/archiv.siov.sk\/wp-content\/uploads\/2025\/11\/Veltrh-CF-1350-x-1080-px.png","contentUrl":"https:\/\/archiv.siov.sk\/wp-content\/uploads\/2025\/11\/Veltrh-CF-1350-x-1080-px.png","width":1800,"height":1080},{"@type":"BreadcrumbList","@id":"https:\/\/archiv.siov.sk\/medzinarodny-veltrh-cvicnych-firiem-2025-inspiracia-sutaze-a-krst-pracovneho-zosita-cvicna-firma-2-0-s-ivanou-molnarovou\/#breadcrumb","itemListElement":[{"@type":"ListItem","position":1,"name":"Home","item":"https:\/\/archiv.siov.sk\/"},{"@type":"ListItem","position":2,"name":"Medzin\u00e1rodn\u00fd ve\u013etrh cvi\u010dn\u00fdch firiem 2025: In\u0161pir\u00e1cia, s\u00fa\u0165a\u017ee a krst pracovn\u00e9ho zo\u0161ita Cvi\u010dn\u00e1 firma 2.0 s Ivanou Moln\u00e1rovou"}]},{"@type":"WebSite","@id":"https:\/\/archiv.siov.sk\/#website","url":"https:\/\/archiv.siov.sk\/","name":"\u0160IOV - \u0161t\u00e1tny in\u0161tit\u00fat odborn\u00e9ho vzdel\u00e1vania","description":"","publisher":{"@id":"https:\/\/archiv.siov.sk\/#organization"},"potentialAction":[{"@type":"SearchAction","target":{"@type":"EntryPoint","urlTemplate":"https:\/\/archiv.siov.sk\/?s={search_term_string}"},"query-input":{"@type":"PropertyValueSpecification","valueRequired":true,"valueName":"search_term_string"}}],"inLanguage":"en-GB"},{"@type":"Organization","@id":"https:\/\/archiv.siov.sk\/#organization","name":"\u0160IOV - \u0161t\u00e1tny in\u0161tit\u00fat odborn\u00e9ho vzdel\u00e1vania","url":"https:\/\/archiv.siov.sk\/","logo":{"@type":"ImageObject","inLanguage":"en-GB","@id":"https:\/\/archiv.siov.sk\/#\/schema\/logo\/image\/","url":"https:\/\/archiv.siov.sk\/wp-content\/uploads\/2024\/02\/logo-SIOV.png","contentUrl":"https:\/\/archiv.siov.sk\/wp-content\/uploads\/2024\/02\/logo-SIOV.png","width":431,"height":143,"caption":"\u0160IOV - \u0161t\u00e1tny in\u0161tit\u00fat odborn\u00e9ho vzdel\u00e1vania"},"image":{"@id":"https:\/\/archiv.siov.sk\/#\/schema\/logo\/image\/"},"sameAs":["https:\/\/www.facebook.com\/Statnyinstitutodbornehovzdelavania"]},{"@type":"Person","@id":"https:\/\/archiv.siov.sk\/#\/schema\/person\/70de33c3c88facac4a386ef06f733b92","name":"Sylvia Hamadejova","url":"https:\/\/archiv.siov.sk\/en\/author\/hamadejovas\/"}]}},"_links":{"self":[{"href":"https:\/\/archiv.siov.sk\/en\/wp-json\/wp\/v2\/posts\/21666","targetHints":{"allow":["GET"]}}],"collection":[{"href":"https:\/\/archiv.siov.sk\/en\/wp-json\/wp\/v2\/posts"}],"about":[{"href":"https:\/\/archiv.siov.sk\/en\/wp-json\/wp\/v2\/types\/post"}],"author":[{"embeddable":true,"href":"https:\/\/archiv.siov.sk\/en\/wp-json\/wp\/v2\/users\/11"}],"replies":[{"embeddable":true,"href":"https:\/\/archiv.siov.sk\/en\/wp-json\/wp\/v2\/comments?post=21666"}],"version-history":[{"count":41,"href":"https:\/\/archiv.siov.sk\/en\/wp-json\/wp\/v2\/posts\/21666\/revisions"}],"predecessor-version":[{"id":21849,"href":"https:\/\/archiv.siov.sk\/en\/wp-json\/wp\/v2\/posts\/21666\/revisions\/21849"}],"wp:featuredmedia":[{"embeddable":true,"href":"https:\/\/archiv.siov.sk\/en\/wp-json\/wp\/v2\/media\/21669"}],"wp:attachment":[{"href":"https:\/\/archiv.siov.sk\/en\/wp-json\/wp\/v2\/media?parent=21666"}],"wp:term":[{"taxonomy":"category","embeddable":true,"href":"https:\/\/archiv.siov.sk\/en\/wp-json\/wp\/v2\/categories?post=21666"},{"taxonomy":"post_tag","embeddable":true,"href":"https:\/\/archiv.siov.sk\/en\/wp-json\/wp\/v2\/tags?post=21666"}],"curies":[{"name":"wp","href":"https:\/\/api.w.org\/{rel}","templated":true}]}}