{"id":21535,"date":"2025-10-20T10:35:07","date_gmt":"2025-10-20T08:35:07","guid":{"rendered":"https:\/\/archiv.siov.sk\/?p=21535"},"modified":"2025-10-20T10:47:19","modified_gmt":"2025-10-20T08:47:19","slug":"ucit-sa-inak","status":"publish","type":"post","link":"https:\/\/archiv.siov.sk\/en\/ucit-sa-inak\/","title":{"rendered":"Konferencia U\u010di\u0165 sa inak uk\u00e1zala nov\u00e9 cesty vzdel\u00e1vania dospel\u00fdch"},"content":{"rendered":"<div data-elementor-type=\"wp-post\" data-elementor-id=\"21535\" class=\"elementor elementor-21535\" data-elementor-post-type=\"post\">\n\t\t\t\t<div class=\"elementor-element elementor-element-1e6c0db4 e-flex e-con-boxed e-con e-parent\" data-id=\"1e6c0db4\" data-element_type=\"container\" data-e-type=\"container\">\n\t\t\t\t\t<div class=\"e-con-inner\">\n\t\t\t\t<div class=\"elementor-element elementor-element-3bfbdf31 elementor-widget elementor-widget-text-editor\" data-id=\"3bfbdf31\" data-element_type=\"widget\" data-e-type=\"widget\" data-widget_type=\"text-editor.default\">\n\t\t\t\t<div class=\"elementor-widget-container\">\n\t\t\t\t\t\t\t\t\t<p>Na konferencii <em>U\u010di\u0165 sa inak: alternat\u00edvne priestory vzdel\u00e1vania dospel\u00fdch<\/em> odborn\u00edci z akademick\u00e9ho prostredia, v\u00fdskumu, mimovl\u00e1dnych organiz\u00e1ci\u00ed aj praxe predstavili rozmanit\u00e9 podoby celo\u017eivotn\u00e9ho vzdel\u00e1vania. Podujatie organizoval \u0160t\u00e1tny in\u0161tit\u00fat odborn\u00e9ho vzdel\u00e1vania (\u0160IOV) ako N\u00e1rodn\u00fd koordin\u00e1tor vzdel\u00e1vania dospel\u00fdch na Slovensku s cie\u013eom pribl\u00ed\u017ei\u0165 netradi\u010dn\u00e9 miesta a formy u\u010denia sa, ktor\u00e9 vznikaj\u00fa mimo tradi\u010dn\u00fdch \u0161kolsk\u00fdch lav\u00edc.<\/p><p><em>\u201eAko dospel\u00ed m\u00e1me \u010dasto zafixovan\u00e9, \u017ee vzdel\u00e1vanie sa odohr\u00e1va len v \u0161kole. No prib\u00fada priestorov, kde sa m\u00f4\u017eeme rozv\u00edja\u0165 inak, ako si pam\u00e4t\u00e1me zo \u0161kolsk\u00fdch \u010dias,\u201c<\/em> zaznelo po\u010das konferencie, na ktorej bola po prv\u00fdkr\u00e1t predstaven\u00e1 aj jedine\u010dn\u00e1 kampa\u0148 mapuj\u00faca alternat\u00edvne miesta vzdel\u00e1vania dospel\u00fdch na Slovensku.<\/p><p>Konferencia sa zamerala na potreby jednotlivca a\u00a0ob\u010dana, nie v\u00fdhradne na potreby trhu pr\u00e1ce. Sp\u00edkri predstavili r\u00f4zne formy komunitn\u00e9ho, ob\u010dianskeho \u010di digit\u00e1lneho vzdel\u00e1vania, ktor\u00e9 rozv\u00edjaj\u00fa zru\u010dnosti, posil\u0148uj\u00fa sebavedomie a pom\u00e1haj\u00fa \u013eu\u010fom v r\u00f4znych \u017eivotn\u00fdch situ\u00e1ci\u00e1ch.<\/p><p><strong>V\u00fdskum aj prax<\/strong><\/p><p><strong>M. Beran Sl\u00e1dkayov\u00e1<\/strong> z Univerzity Mateja Bela v Banskej Bystrici predstavila v\u00fdsledky v\u00fdskumu, ktor\u00fd uk\u00e1zal, \u017ee motiv\u00e1cia dospel\u00fdch vzdel\u00e1va\u0165 sa je \u010doraz viac vn\u00fatorn\u00e1, nejde len o z\u00edskanie zamestnania, ale o osobn\u00fd rozvoj. Uviedla aj konkr\u00e9tne pr\u00edklady alternat\u00edvnych pr\u00edstupov, ako s\u00fa formy komunitn\u00e9ho a ob\u010dianskeho vzdel\u00e1vania \u010di projekty zameran\u00e9 na rozvoj zru\u010dnost\u00ed v miestnych komunit\u00e1ch.<\/p><p>Zauj\u00edmav\u00e9 d\u00e1ta odprezentovala aj <strong>I. Studen\u00e1<\/strong> zo Slovenskej akad\u00e9mie vied. <em>\u201eForm\u00e1lne vzdel\u00e1vanie na Slovensku koncentruje \u00fa\u010dastn\u00edkov do 25 rokov, star\u0161\u00ed dospel\u00ed sa do\u0148 zap\u00e1jaj\u00fa len minim\u00e1lne\u201c.<\/em> Mo\u017enou pr\u00ed\u010dinou m\u00f4\u017ee by\u0165 nastavenie vzdel\u00e1vac\u00edch programov \u010di regula\u010dn\u00e9 r\u00e1mce, ktor\u00e9 nie v\u017edy zoh\u013ead\u0148uj\u00fa potreby dospel\u00fdch u\u010diacich sa. Kompletn\u00e9 zistenia s\u00fa zverejnen\u00e9 v publik\u00e1cii <em>Vzdel\u00e1vacie aktivity vo vzdel\u00e1van\u00ed dospel\u00fdch<\/em> (dostupn\u00e9 na <a href=\"https:\/\/siov.sk\/wp-content\/uploads\/2025\/09\/VD-v-cislach_aktivity_final.pdf\" target=\"_blank\" rel=\"noopener\">siov.sk<\/a>).<\/p><p><strong>Miesta, ktor\u00e9 in\u0161piruj\u00fa<\/strong><\/p><p><strong>T. Jan\u010di<\/strong> zo \u0160IOV predstavil nov\u00fa datab\u00e1zu inovat\u00edvnych vzdel\u00e1vac\u00edch miest, ktor\u00e1 aktu\u00e1lne zdru\u017euje pribli\u017ene 200 subjektov z cel\u00e9ho Slovenska &#8211; od univerzitn\u00fdch centier cez kni\u017enice a\u017e po ob\u010dianske zdru\u017eenia. Na z\u00e1klade datab\u00e1zy vznikla s\u00e9ria vide\u00ed z r\u00f4znych regi\u00f3nov, od Bratislavy a Trnavy a\u017e po Zvolen, Bansk\u00fa Bystricu, \u017dilinu, Doln\u00fd Kub\u00edn \u010di Ko\u0161ice, ktor\u00e9 pribli\u017euj\u00fa konkr\u00e9tne pr\u00edklady vzdel\u00e1vania v praxi.<\/p><p>Zahrani\u010dn\u00fd rozmer podujatiu dodala <strong>L. \u0218ioneriu<\/strong> z \u00edrskej organiz\u00e1cie AONTAS, ktor\u00e1 predstavila komunitn\u00e9 vzdel\u00e1vanie ako formu \u201edruhej \u0161ance\u201c. <em>\u201eKomunitn\u00e9 vzdel\u00e1vanie je cestou pre t\u00fdch, ktor\u00fdm tradi\u010dn\u00fd vzdel\u00e1vac\u00ed syst\u00e9m neposkytol dostatok pr\u00edle\u017eitost\u00ed &#8211; \u013eud\u00ed z marginalizovan\u00fdch skup\u00edn, po n\u00e1vrate z v\u00e4zenia, po z\u00e1vislostiach \u010di osamel\u00fdch rodi\u010dov, ktor\u00ed nikdy nedostali pr\u00edle\u017eitos\u0165 \u0161tudova\u0165,\u201c<\/em> uviedla.<\/p><p>Digit\u00e1lnemu ob\u010dianstvu a bezpe\u010dn\u00e9mu spr\u00e1vaniu v online prostred\u00ed sa venovala <strong>N. Babicov\u00e1<\/strong> (DigiQ), ktor\u00e1 pribl\u00ed\u017eila aktivity zameran\u00e9 na rozvoj digit\u00e1lnej gramotnosti a prevenciu kyber\u0161ikany &#8211; od det\u00ed a\u017e po seniorov. <strong>D. Baranko<\/strong> (CVTI SR) predstavil sie\u0165 <em>Smartlabov<\/em> &#8211; modern\u00fdch vzdel\u00e1vac\u00edch priestorov vybaven\u00fdch digit\u00e1lnymi technol\u00f3giami, ktor\u00e9 podporuj\u00fa kreativitu, technick\u00e9 myslenie a populariz\u00e1ciu vedy u \u0161irokej verejnosti. Tieto laborat\u00f3ri\u00e1 s\u00fa otvoren\u00e9 v\u0161etk\u00fdm vekov\u00fdm kateg\u00f3ri\u00e1m a dnes u\u017e funguj\u00fa v p\u00e4\u0165desiatich kni\u017eniciach po celom Slovensku. <strong>K. Bedn\u00e1rov\u00e1<\/strong> (Kogneo) upriamila pozornos\u0165 na rozvoj kognit\u00edvnych schopnost\u00ed po 55. roku \u017eivota pouk\u00e1zala na to, \u017ee mozog mo\u017eno \u201etr\u00e9nova\u0165\u201c a rozv\u00edja\u0165 v ka\u017edom veku. Zd\u00f4raznila tie\u017e, \u017ee jednou z v\u00fdziev tohto storo\u010dia bude nau\u010di\u0165 sa pou\u017e\u00edva\u0165 n\u00e1stroje umelej inteligencie tak, aby boli pre spolo\u010dnos\u0165 pr\u00ednosom, nie hrozbou.<\/p><p><strong>Vzdel\u00e1vanie pre v\u0161etk\u00fdch<\/strong><\/p><p>S\u00fa\u010das\u0165ou programu boli aj praktick\u00e9 workshopy o medi\u00e1lnej gramotnosti, finan\u010dnom spr\u00e1van\u00ed a osobnostnom rozvoji, ktor\u00e9 \u00fa\u010dastn\u00edkom uk\u00e1zali, ako sa u\u010di\u0165 \u201einak\u201c &#8211; prakticky, hravo a so zmyslom pre realitu.<\/p><p>Konferencia uk\u00e1zala, \u017ee vzdel\u00e1va\u0165 sa d\u00e1 kdeko\u013evek\u00a0 (v \u0161kole, v pr\u00e1ci, v kni\u017enici \u010di v komunite) a priniesla mno\u017estvo nov\u00fdch podnetov aj partnerstiev, ktor\u00e9 posil\u0148uj\u00fa my\u0161lienku celo\u017eivotn\u00e9ho u\u010denia sa ako prirodzenej s\u00fa\u010dasti \u017eivota.<\/p><p><img decoding=\"async\" class=\"size-medium wp-image-19606 alignright\" src=\"https:\/\/siov.sk\/wp-content\/uploads\/2025\/06\/spolufinancovane-EU-300x86.png\" alt=\"spolufinancovany EU logo\" width=\"300\" height=\"86\" srcset=\"https:\/\/archiv.siov.sk\/wp-content\/uploads\/2025\/06\/spolufinancovane-EU-300x86.png 300w, https:\/\/archiv.siov.sk\/wp-content\/uploads\/2025\/06\/spolufinancovane-EU-18x5.png 18w, https:\/\/archiv.siov.sk\/wp-content\/uploads\/2025\/06\/spolufinancovane-EU.png 600w\" sizes=\"(max-width: 300px) 100vw, 300px\" \/><\/p>\t\t\t\t\t\t\t\t<\/div>\n\t\t\t\t<\/div>\n\t\t\t\t\t<\/div>\n\t\t\t\t<\/div>\n\t\t<div class=\"elementor-element elementor-element-73cd1ac e-flex e-con-boxed e-con e-parent\" data-id=\"73cd1ac\" data-element_type=\"container\" data-e-type=\"container\">\n\t\t\t\t\t<div class=\"e-con-inner\">\n\t\t\t\t<div class=\"elementor-element elementor-element-ea199e7 elementor-widget elementor-widget-gallery\" data-id=\"ea199e7\" data-element_type=\"widget\" data-e-type=\"widget\" data-settings=\"{&quot;lazyload&quot;:&quot;yes&quot;,&quot;gallery_layout&quot;:&quot;grid&quot;,&quot;columns&quot;:4,&quot;columns_tablet&quot;:2,&quot;columns_mobile&quot;:1,&quot;gap&quot;:{&quot;unit&quot;:&quot;px&quot;,&quot;size&quot;:10,&quot;sizes&quot;:[]},&quot;gap_tablet&quot;:{&quot;unit&quot;:&quot;px&quot;,&quot;size&quot;:10,&quot;sizes&quot;:[]},&quot;gap_mobile&quot;:{&quot;unit&quot;:&quot;px&quot;,&quot;size&quot;:10,&quot;sizes&quot;:[]},&quot;link_to&quot;:&quot;file&quot;,&quot;aspect_ratio&quot;:&quot;3:2&quot;,&quot;overlay_background&quot;:&quot;yes&quot;,&quot;content_hover_animation&quot;:&quot;fade-in&quot;}\" data-widget_type=\"gallery.default\">\n\t\t\t\t<div class=\"elementor-widget-container\">\n\t\t\t\t\t\t\t<div class=\"elementor-gallery__container\">\n\t\t\t\t\t\t\t<a class=\"e-gallery-item elementor-gallery-item elementor-animated-content\" href=\"https:\/\/archiv.siov.sk\/wp-content\/uploads\/2025\/10\/Obrazok-WhatsApp-2025-10-16-o-10.07.21_99b51b06.jpg\" data-elementor-open-lightbox=\"yes\" data-elementor-lightbox-slideshow=\"ea199e7\" data-elementor-lightbox-title=\"Obr\u00e1zok WhatsApp 2025-10-16 o\u00a010.07.21_99b51b06\" data-e-action-hash=\"#elementor-action%3Aaction%3Dlightbox%26settings%3DeyJpZCI6MjE1NDEsInVybCI6Imh0dHBzOlwvXC9hcmNoaXYuc2lvdi5za1wvd3AtY29udGVudFwvdXBsb2Fkc1wvMjAyNVwvMTBcL09icmF6b2stV2hhdHNBcHAtMjAyNS0xMC0xNi1vLTEwLjA3LjIxXzk5YjUxYjA2LmpwZyIsInNsaWRlc2hvdyI6ImVhMTk5ZTcifQ%3D%3D\">\n\t\t\t\t\t<div class=\"e-gallery-image elementor-gallery-item__image\" data-thumbnail=\"https:\/\/archiv.siov.sk\/wp-content\/uploads\/2025\/10\/Obrazok-WhatsApp-2025-10-16-o-10.07.21_99b51b06-225x300.jpg\" data-width=\"225\" data-height=\"300\" aria-label=\"\" role=\"img\" ><\/div>\n\t\t\t\t\t\t\t\t\t\t\t<div class=\"elementor-gallery-item__overlay\"><\/div>\n\t\t\t\t\t\t\t\t\t\t\t\t\t\t<\/a>\n\t\t\t\t\t\t\t<a class=\"e-gallery-item elementor-gallery-item elementor-animated-content\" href=\"https:\/\/archiv.siov.sk\/wp-content\/uploads\/2025\/10\/Obrazok-WhatsApp-2025-10-16-o-10.07.27_ba6746fe.jpg\" data-elementor-open-lightbox=\"yes\" data-elementor-lightbox-slideshow=\"ea199e7\" data-elementor-lightbox-title=\"Obr\u00e1zok WhatsApp 2025-10-16 o\u00a010.07.27_ba6746fe\" data-e-action-hash=\"#elementor-action%3Aaction%3Dlightbox%26settings%3DeyJpZCI6MjE1NDIsInVybCI6Imh0dHBzOlwvXC9hcmNoaXYuc2lvdi5za1wvd3AtY29udGVudFwvdXBsb2Fkc1wvMjAyNVwvMTBcL09icmF6b2stV2hhdHNBcHAtMjAyNS0xMC0xNi1vLTEwLjA3LjI3X2JhNjc0NmZlLmpwZyIsInNsaWRlc2hvdyI6ImVhMTk5ZTcifQ%3D%3D\">\n\t\t\t\t\t<div class=\"e-gallery-image elementor-gallery-item__image\" data-thumbnail=\"https:\/\/archiv.siov.sk\/wp-content\/uploads\/2025\/10\/Obrazok-WhatsApp-2025-10-16-o-10.07.27_ba6746fe-225x300.jpg\" data-width=\"225\" data-height=\"300\" aria-label=\"\" role=\"img\" ><\/div>\n\t\t\t\t\t\t\t\t\t\t\t<div class=\"elementor-gallery-item__overlay\"><\/div>\n\t\t\t\t\t\t\t\t\t\t\t\t\t\t<\/a>\n\t\t\t\t\t\t\t<a class=\"e-gallery-item elementor-gallery-item elementor-animated-content\" href=\"https:\/\/archiv.siov.sk\/wp-content\/uploads\/2025\/10\/Konferencia_ucit_inak_Bratislava_16.10.2025-007.jpg\" data-elementor-open-lightbox=\"yes\" data-elementor-lightbox-slideshow=\"ea199e7\" data-elementor-lightbox-title=\"Konferencia_u\u010di\u0165_inak_Bratislava_16.10.2025-007\" data-e-action-hash=\"#elementor-action%3Aaction%3Dlightbox%26settings%3DeyJpZCI6MjE1NDUsInVybCI6Imh0dHBzOlwvXC9hcmNoaXYuc2lvdi5za1wvd3AtY29udGVudFwvdXBsb2Fkc1wvMjAyNVwvMTBcL0tvbmZlcmVuY2lhX3VjaXRfaW5ha19CcmF0aXNsYXZhXzE2LjEwLjIwMjUtMDA3LmpwZyIsInNsaWRlc2hvdyI6ImVhMTk5ZTcifQ%3D%3D\">\n\t\t\t\t\t<div class=\"e-gallery-image elementor-gallery-item__image\" data-thumbnail=\"https:\/\/archiv.siov.sk\/wp-content\/uploads\/2025\/10\/Konferencia_ucit_inak_Bratislava_16.10.2025-007-300x200.jpg\" data-width=\"300\" data-height=\"200\" aria-label=\"\" role=\"img\" ><\/div>\n\t\t\t\t\t\t\t\t\t\t\t<div class=\"elementor-gallery-item__overlay\"><\/div>\n\t\t\t\t\t\t\t\t\t\t\t\t\t\t<\/a>\n\t\t\t\t\t\t\t<a class=\"e-gallery-item elementor-gallery-item elementor-animated-content\" href=\"https:\/\/archiv.siov.sk\/wp-content\/uploads\/2025\/10\/Konferencia_ucit_inak_Bratislava_16.10.2025-009.jpg\" data-elementor-open-lightbox=\"yes\" data-elementor-lightbox-slideshow=\"ea199e7\" data-elementor-lightbox-title=\"Konferencia_u\u010di\u0165_inak_Bratislava_16.10.2025-009\" data-e-action-hash=\"#elementor-action%3Aaction%3Dlightbox%26settings%3DeyJpZCI6MjE1NDYsInVybCI6Imh0dHBzOlwvXC9hcmNoaXYuc2lvdi5za1wvd3AtY29udGVudFwvdXBsb2Fkc1wvMjAyNVwvMTBcL0tvbmZlcmVuY2lhX3VjaXRfaW5ha19CcmF0aXNsYXZhXzE2LjEwLjIwMjUtMDA5LmpwZyIsInNsaWRlc2hvdyI6ImVhMTk5ZTcifQ%3D%3D\">\n\t\t\t\t\t<div class=\"e-gallery-image elementor-gallery-item__image\" data-thumbnail=\"https:\/\/archiv.siov.sk\/wp-content\/uploads\/2025\/10\/Konferencia_ucit_inak_Bratislava_16.10.2025-009-300x200.jpg\" data-width=\"300\" data-height=\"200\" aria-label=\"\" role=\"img\" ><\/div>\n\t\t\t\t\t\t\t\t\t\t\t<div class=\"elementor-gallery-item__overlay\"><\/div>\n\t\t\t\t\t\t\t\t\t\t\t\t\t\t<\/a>\n\t\t\t\t\t\t\t<a class=\"e-gallery-item elementor-gallery-item elementor-animated-content\" href=\"https:\/\/archiv.siov.sk\/wp-content\/uploads\/2025\/10\/Konferencia_ucit_inak_Bratislava_16.10.2025-015.jpg\" data-elementor-open-lightbox=\"yes\" data-elementor-lightbox-slideshow=\"ea199e7\" data-elementor-lightbox-title=\"Konferencia_u\u010di\u0165_inak_Bratislava_16.10.2025-015\" data-e-action-hash=\"#elementor-action%3Aaction%3Dlightbox%26settings%3DeyJpZCI6MjE1NDcsInVybCI6Imh0dHBzOlwvXC9hcmNoaXYuc2lvdi5za1wvd3AtY29udGVudFwvdXBsb2Fkc1wvMjAyNVwvMTBcL0tvbmZlcmVuY2lhX3VjaXRfaW5ha19CcmF0aXNsYXZhXzE2LjEwLjIwMjUtMDE1LmpwZyIsInNsaWRlc2hvdyI6ImVhMTk5ZTcifQ%3D%3D\">\n\t\t\t\t\t<div class=\"e-gallery-image elementor-gallery-item__image\" data-thumbnail=\"https:\/\/archiv.siov.sk\/wp-content\/uploads\/2025\/10\/Konferencia_ucit_inak_Bratislava_16.10.2025-015-300x200.jpg\" data-width=\"300\" data-height=\"200\" aria-label=\"\" role=\"img\" ><\/div>\n\t\t\t\t\t\t\t\t\t\t\t<div class=\"elementor-gallery-item__overlay\"><\/div>\n\t\t\t\t\t\t\t\t\t\t\t\t\t\t<\/a>\n\t\t\t\t\t\t\t<a class=\"e-gallery-item elementor-gallery-item elementor-animated-content\" href=\"https:\/\/archiv.siov.sk\/wp-content\/uploads\/2025\/10\/Konferencia_ucit_inak_Bratislava_16.10.2025-016.jpg\" data-elementor-open-lightbox=\"yes\" data-elementor-lightbox-slideshow=\"ea199e7\" data-elementor-lightbox-title=\"Konferencia_u\u010di\u0165_inak_Bratislava_16.10.2025-016\" data-e-action-hash=\"#elementor-action%3Aaction%3Dlightbox%26settings%3DeyJpZCI6MjE1NDgsInVybCI6Imh0dHBzOlwvXC9hcmNoaXYuc2lvdi5za1wvd3AtY29udGVudFwvdXBsb2Fkc1wvMjAyNVwvMTBcL0tvbmZlcmVuY2lhX3VjaXRfaW5ha19CcmF0aXNsYXZhXzE2LjEwLjIwMjUtMDE2LmpwZyIsInNsaWRlc2hvdyI6ImVhMTk5ZTcifQ%3D%3D\">\n\t\t\t\t\t<div class=\"e-gallery-image elementor-gallery-item__image\" data-thumbnail=\"https:\/\/archiv.siov.sk\/wp-content\/uploads\/2025\/10\/Konferencia_ucit_inak_Bratislava_16.10.2025-016-300x200.jpg\" data-width=\"300\" data-height=\"200\" aria-label=\"\" role=\"img\" ><\/div>\n\t\t\t\t\t\t\t\t\t\t\t<div class=\"elementor-gallery-item__overlay\"><\/div>\n\t\t\t\t\t\t\t\t\t\t\t\t\t\t<\/a>\n\t\t\t\t\t\t\t<a class=\"e-gallery-item elementor-gallery-item elementor-animated-content\" href=\"https:\/\/archiv.siov.sk\/wp-content\/uploads\/2025\/10\/Konferencia_ucit_inak_Bratislava_16.10.2025-020.jpg\" data-elementor-open-lightbox=\"yes\" data-elementor-lightbox-slideshow=\"ea199e7\" data-elementor-lightbox-title=\"Konferencia_u\u010di\u0165_inak_Bratislava_16.10.2025-020\" data-e-action-hash=\"#elementor-action%3Aaction%3Dlightbox%26settings%3DeyJpZCI6MjE1NDksInVybCI6Imh0dHBzOlwvXC9hcmNoaXYuc2lvdi5za1wvd3AtY29udGVudFwvdXBsb2Fkc1wvMjAyNVwvMTBcL0tvbmZlcmVuY2lhX3VjaXRfaW5ha19CcmF0aXNsYXZhXzE2LjEwLjIwMjUtMDIwLmpwZyIsInNsaWRlc2hvdyI6ImVhMTk5ZTcifQ%3D%3D\">\n\t\t\t\t\t<div class=\"e-gallery-image elementor-gallery-item__image\" data-thumbnail=\"https:\/\/archiv.siov.sk\/wp-content\/uploads\/2025\/10\/Konferencia_ucit_inak_Bratislava_16.10.2025-020-300x200.jpg\" data-width=\"300\" data-height=\"200\" aria-label=\"\" role=\"img\" ><\/div>\n\t\t\t\t\t\t\t\t\t\t\t<div class=\"elementor-gallery-item__overlay\"><\/div>\n\t\t\t\t\t\t\t\t\t\t\t\t\t\t<\/a>\n\t\t\t\t\t\t\t<a class=\"e-gallery-item elementor-gallery-item elementor-animated-content\" href=\"https:\/\/archiv.siov.sk\/wp-content\/uploads\/2025\/10\/Konferencia_ucit_inak_Bratislava_16.10.2025-022.jpg\" data-elementor-open-lightbox=\"yes\" data-elementor-lightbox-slideshow=\"ea199e7\" data-elementor-lightbox-title=\"Konferencia_u\u010di\u0165_inak_Bratislava_16.10.2025-022\" data-e-action-hash=\"#elementor-action%3Aaction%3Dlightbox%26settings%3DeyJpZCI6MjE1NTAsInVybCI6Imh0dHBzOlwvXC9hcmNoaXYuc2lvdi5za1wvd3AtY29udGVudFwvdXBsb2Fkc1wvMjAyNVwvMTBcL0tvbmZlcmVuY2lhX3VjaXRfaW5ha19CcmF0aXNsYXZhXzE2LjEwLjIwMjUtMDIyLmpwZyIsInNsaWRlc2hvdyI6ImVhMTk5ZTcifQ%3D%3D\">\n\t\t\t\t\t<div class=\"e-gallery-image elementor-gallery-item__image\" data-thumbnail=\"https:\/\/archiv.siov.sk\/wp-content\/uploads\/2025\/10\/Konferencia_ucit_inak_Bratislava_16.10.2025-022-300x200.jpg\" data-width=\"300\" data-height=\"200\" aria-label=\"\" role=\"img\" ><\/div>\n\t\t\t\t\t\t\t\t\t\t\t<div class=\"elementor-gallery-item__overlay\"><\/div>\n\t\t\t\t\t\t\t\t\t\t\t\t\t\t<\/a>\n\t\t\t\t\t\t\t<a class=\"e-gallery-item elementor-gallery-item elementor-animated-content\" href=\"https:\/\/archiv.siov.sk\/wp-content\/uploads\/2025\/10\/Konferencia_ucit_inak_Bratislava_16.10.2025-030.jpg\" data-elementor-open-lightbox=\"yes\" data-elementor-lightbox-slideshow=\"ea199e7\" data-elementor-lightbox-title=\"Konferencia_u\u010di\u0165_inak_Bratislava_16.10.2025-030\" data-e-action-hash=\"#elementor-action%3Aaction%3Dlightbox%26settings%3DeyJpZCI6MjE1NTEsInVybCI6Imh0dHBzOlwvXC9hcmNoaXYuc2lvdi5za1wvd3AtY29udGVudFwvdXBsb2Fkc1wvMjAyNVwvMTBcL0tvbmZlcmVuY2lhX3VjaXRfaW5ha19CcmF0aXNsYXZhXzE2LjEwLjIwMjUtMDMwLmpwZyIsInNsaWRlc2hvdyI6ImVhMTk5ZTcifQ%3D%3D\">\n\t\t\t\t\t<div class=\"e-gallery-image elementor-gallery-item__image\" data-thumbnail=\"https:\/\/archiv.siov.sk\/wp-content\/uploads\/2025\/10\/Konferencia_ucit_inak_Bratislava_16.10.2025-030-300x200.jpg\" data-width=\"300\" data-height=\"200\" aria-label=\"\" role=\"img\" ><\/div>\n\t\t\t\t\t\t\t\t\t\t\t<div class=\"elementor-gallery-item__overlay\"><\/div>\n\t\t\t\t\t\t\t\t\t\t\t\t\t\t<\/a>\n\t\t\t\t\t\t\t<a class=\"e-gallery-item elementor-gallery-item elementor-animated-content\" href=\"https:\/\/archiv.siov.sk\/wp-content\/uploads\/2025\/10\/Konferencia_ucit_inak_Bratislava_16.10.2025-031.jpg\" data-elementor-open-lightbox=\"yes\" data-elementor-lightbox-slideshow=\"ea199e7\" data-elementor-lightbox-title=\"Konferencia_u\u010di\u0165_inak_Bratislava_16.10.2025-031\" data-e-action-hash=\"#elementor-action%3Aaction%3Dlightbox%26settings%3DeyJpZCI6MjE1NTIsInVybCI6Imh0dHBzOlwvXC9hcmNoaXYuc2lvdi5za1wvd3AtY29udGVudFwvdXBsb2Fkc1wvMjAyNVwvMTBcL0tvbmZlcmVuY2lhX3VjaXRfaW5ha19CcmF0aXNsYXZhXzE2LjEwLjIwMjUtMDMxLmpwZyIsInNsaWRlc2hvdyI6ImVhMTk5ZTcifQ%3D%3D\">\n\t\t\t\t\t<div class=\"e-gallery-image elementor-gallery-item__image\" data-thumbnail=\"https:\/\/archiv.siov.sk\/wp-content\/uploads\/2025\/10\/Konferencia_ucit_inak_Bratislava_16.10.2025-031-300x200.jpg\" data-width=\"300\" data-height=\"200\" aria-label=\"\" role=\"img\" ><\/div>\n\t\t\t\t\t\t\t\t\t\t\t<div class=\"elementor-gallery-item__overlay\"><\/div>\n\t\t\t\t\t\t\t\t\t\t\t\t\t\t<\/a>\n\t\t\t\t\t\t\t<a class=\"e-gallery-item elementor-gallery-item elementor-animated-content\" href=\"https:\/\/archiv.siov.sk\/wp-content\/uploads\/2025\/10\/Konferencia_ucit_inak_Bratislava_16.10.2025-032.jpg\" data-elementor-open-lightbox=\"yes\" data-elementor-lightbox-slideshow=\"ea199e7\" data-elementor-lightbox-title=\"Konferencia_u\u010di\u0165_inak_Bratislava_16.10.2025-032\" data-e-action-hash=\"#elementor-action%3Aaction%3Dlightbox%26settings%3DeyJpZCI6MjE1NTMsInVybCI6Imh0dHBzOlwvXC9hcmNoaXYuc2lvdi5za1wvd3AtY29udGVudFwvdXBsb2Fkc1wvMjAyNVwvMTBcL0tvbmZlcmVuY2lhX3VjaXRfaW5ha19CcmF0aXNsYXZhXzE2LjEwLjIwMjUtMDMyLmpwZyIsInNsaWRlc2hvdyI6ImVhMTk5ZTcifQ%3D%3D\">\n\t\t\t\t\t<div class=\"e-gallery-image elementor-gallery-item__image\" data-thumbnail=\"https:\/\/archiv.siov.sk\/wp-content\/uploads\/2025\/10\/Konferencia_ucit_inak_Bratislava_16.10.2025-032-300x200.jpg\" data-width=\"300\" data-height=\"200\" aria-label=\"\" role=\"img\" ><\/div>\n\t\t\t\t\t\t\t\t\t\t\t<div class=\"elementor-gallery-item__overlay\"><\/div>\n\t\t\t\t\t\t\t\t\t\t\t\t\t\t<\/a>\n\t\t\t\t\t\t\t<a class=\"e-gallery-item elementor-gallery-item elementor-animated-content\" href=\"https:\/\/archiv.siov.sk\/wp-content\/uploads\/2025\/10\/Konferencia_ucit_inak_Bratislava_16.10.2025-036.jpg\" data-elementor-open-lightbox=\"yes\" data-elementor-lightbox-slideshow=\"ea199e7\" data-elementor-lightbox-title=\"Konferencia_u\u010di\u0165_inak_Bratislava_16.10.2025-036\" data-e-action-hash=\"#elementor-action%3Aaction%3Dlightbox%26settings%3DeyJpZCI6MjE1NTQsInVybCI6Imh0dHBzOlwvXC9hcmNoaXYuc2lvdi5za1wvd3AtY29udGVudFwvdXBsb2Fkc1wvMjAyNVwvMTBcL0tvbmZlcmVuY2lhX3VjaXRfaW5ha19CcmF0aXNsYXZhXzE2LjEwLjIwMjUtMDM2LmpwZyIsInNsaWRlc2hvdyI6ImVhMTk5ZTcifQ%3D%3D\">\n\t\t\t\t\t<div class=\"e-gallery-image elementor-gallery-item__image\" data-thumbnail=\"https:\/\/archiv.siov.sk\/wp-content\/uploads\/2025\/10\/Konferencia_ucit_inak_Bratislava_16.10.2025-036-300x200.jpg\" data-width=\"300\" data-height=\"200\" aria-label=\"\" role=\"img\" ><\/div>\n\t\t\t\t\t\t\t\t\t\t\t<div class=\"elementor-gallery-item__overlay\"><\/div>\n\t\t\t\t\t\t\t\t\t\t\t\t\t\t<\/a>\n\t\t\t\t\t\t\t<a class=\"e-gallery-item elementor-gallery-item elementor-animated-content\" href=\"https:\/\/archiv.siov.sk\/wp-content\/uploads\/2025\/10\/Konferencia_ucit_inak_Bratislava_16.10.2025-039.jpg\" data-elementor-open-lightbox=\"yes\" data-elementor-lightbox-slideshow=\"ea199e7\" data-elementor-lightbox-title=\"Konferencia_u\u010di\u0165_inak_Bratislava_16.10.2025-039\" data-e-action-hash=\"#elementor-action%3Aaction%3Dlightbox%26settings%3DeyJpZCI6MjE1NTUsInVybCI6Imh0dHBzOlwvXC9hcmNoaXYuc2lvdi5za1wvd3AtY29udGVudFwvdXBsb2Fkc1wvMjAyNVwvMTBcL0tvbmZlcmVuY2lhX3VjaXRfaW5ha19CcmF0aXNsYXZhXzE2LjEwLjIwMjUtMDM5LmpwZyIsInNsaWRlc2hvdyI6ImVhMTk5ZTcifQ%3D%3D\">\n\t\t\t\t\t<div class=\"e-gallery-image elementor-gallery-item__image\" data-thumbnail=\"https:\/\/archiv.siov.sk\/wp-content\/uploads\/2025\/10\/Konferencia_ucit_inak_Bratislava_16.10.2025-039-300x200.jpg\" data-width=\"300\" data-height=\"200\" aria-label=\"\" role=\"img\" ><\/div>\n\t\t\t\t\t\t\t\t\t\t\t<div class=\"elementor-gallery-item__overlay\"><\/div>\n\t\t\t\t\t\t\t\t\t\t\t\t\t\t<\/a>\n\t\t\t\t\t\t\t<a class=\"e-gallery-item elementor-gallery-item elementor-animated-content\" href=\"https:\/\/archiv.siov.sk\/wp-content\/uploads\/2025\/10\/Konferencia_ucit_inak_Bratislava_16.10.2025-054.jpg\" data-elementor-open-lightbox=\"yes\" data-elementor-lightbox-slideshow=\"ea199e7\" data-elementor-lightbox-title=\"Konferencia_u\u010di\u0165_inak_Bratislava_16.10.2025-054\" data-e-action-hash=\"#elementor-action%3Aaction%3Dlightbox%26settings%3DeyJpZCI6MjE1NTYsInVybCI6Imh0dHBzOlwvXC9hcmNoaXYuc2lvdi5za1wvd3AtY29udGVudFwvdXBsb2Fkc1wvMjAyNVwvMTBcL0tvbmZlcmVuY2lhX3VjaXRfaW5ha19CcmF0aXNsYXZhXzE2LjEwLjIwMjUtMDU0LmpwZyIsInNsaWRlc2hvdyI6ImVhMTk5ZTcifQ%3D%3D\">\n\t\t\t\t\t<div class=\"e-gallery-image elementor-gallery-item__image\" data-thumbnail=\"https:\/\/archiv.siov.sk\/wp-content\/uploads\/2025\/10\/Konferencia_ucit_inak_Bratislava_16.10.2025-054-300x200.jpg\" data-width=\"300\" data-height=\"200\" aria-label=\"\" role=\"img\" ><\/div>\n\t\t\t\t\t\t\t\t\t\t\t<div class=\"elementor-gallery-item__overlay\"><\/div>\n\t\t\t\t\t\t\t\t\t\t\t\t\t\t<\/a>\n\t\t\t\t\t\t\t<a class=\"e-gallery-item elementor-gallery-item elementor-animated-content\" href=\"https:\/\/archiv.siov.sk\/wp-content\/uploads\/2025\/10\/Konferencia_ucit_inak_Bratislava_16.10.2025-055.jpg\" data-elementor-open-lightbox=\"yes\" data-elementor-lightbox-slideshow=\"ea199e7\" data-elementor-lightbox-title=\"Konferencia_u\u010di\u0165_inak_Bratislava_16.10.2025-055\" data-e-action-hash=\"#elementor-action%3Aaction%3Dlightbox%26settings%3DeyJpZCI6MjE1NTcsInVybCI6Imh0dHBzOlwvXC9hcmNoaXYuc2lvdi5za1wvd3AtY29udGVudFwvdXBsb2Fkc1wvMjAyNVwvMTBcL0tvbmZlcmVuY2lhX3VjaXRfaW5ha19CcmF0aXNsYXZhXzE2LjEwLjIwMjUtMDU1LmpwZyIsInNsaWRlc2hvdyI6ImVhMTk5ZTcifQ%3D%3D\">\n\t\t\t\t\t<div class=\"e-gallery-image elementor-gallery-item__image\" data-thumbnail=\"https:\/\/archiv.siov.sk\/wp-content\/uploads\/2025\/10\/Konferencia_ucit_inak_Bratislava_16.10.2025-055-300x200.jpg\" data-width=\"300\" data-height=\"200\" aria-label=\"\" role=\"img\" ><\/div>\n\t\t\t\t\t\t\t\t\t\t\t<div class=\"elementor-gallery-item__overlay\"><\/div>\n\t\t\t\t\t\t\t\t\t\t\t\t\t\t<\/a>\n\t\t\t\t\t\t\t<a class=\"e-gallery-item elementor-gallery-item elementor-animated-content\" href=\"https:\/\/archiv.siov.sk\/wp-content\/uploads\/2025\/10\/Konferencia_ucit_inak_Bratislava_16.10.2025-056.jpg\" data-elementor-open-lightbox=\"yes\" data-elementor-lightbox-slideshow=\"ea199e7\" data-elementor-lightbox-title=\"Konferencia_u\u010di\u0165_inak_Bratislava_16.10.2025-056\" data-e-action-hash=\"#elementor-action%3Aaction%3Dlightbox%26settings%3DeyJpZCI6MjE1NTgsInVybCI6Imh0dHBzOlwvXC9hcmNoaXYuc2lvdi5za1wvd3AtY29udGVudFwvdXBsb2Fkc1wvMjAyNVwvMTBcL0tvbmZlcmVuY2lhX3VjaXRfaW5ha19CcmF0aXNsYXZhXzE2LjEwLjIwMjUtMDU2LmpwZyIsInNsaWRlc2hvdyI6ImVhMTk5ZTcifQ%3D%3D\">\n\t\t\t\t\t<div class=\"e-gallery-image elementor-gallery-item__image\" data-thumbnail=\"https:\/\/archiv.siov.sk\/wp-content\/uploads\/2025\/10\/Konferencia_ucit_inak_Bratislava_16.10.2025-056-300x200.jpg\" data-width=\"300\" data-height=\"200\" aria-label=\"\" role=\"img\" ><\/div>\n\t\t\t\t\t\t\t\t\t\t\t<div class=\"elementor-gallery-item__overlay\"><\/div>\n\t\t\t\t\t\t\t\t\t\t\t\t\t\t<\/a>\n\t\t\t\t\t\t\t<a class=\"e-gallery-item elementor-gallery-item elementor-animated-content\" href=\"https:\/\/archiv.siov.sk\/wp-content\/uploads\/2025\/10\/Konferencia_ucit_inak_Bratislava_16.10.2025-058.jpg\" data-elementor-open-lightbox=\"yes\" data-elementor-lightbox-slideshow=\"ea199e7\" data-elementor-lightbox-title=\"Konferencia_u\u010di\u0165_inak_Bratislava_16.10.2025-058\" data-e-action-hash=\"#elementor-action%3Aaction%3Dlightbox%26settings%3DeyJpZCI6MjE1NTksInVybCI6Imh0dHBzOlwvXC9hcmNoaXYuc2lvdi5za1wvd3AtY29udGVudFwvdXBsb2Fkc1wvMjAyNVwvMTBcL0tvbmZlcmVuY2lhX3VjaXRfaW5ha19CcmF0aXNsYXZhXzE2LjEwLjIwMjUtMDU4LmpwZyIsInNsaWRlc2hvdyI6ImVhMTk5ZTcifQ%3D%3D\">\n\t\t\t\t\t<div class=\"e-gallery-image elementor-gallery-item__image\" data-thumbnail=\"https:\/\/archiv.siov.sk\/wp-content\/uploads\/2025\/10\/Konferencia_ucit_inak_Bratislava_16.10.2025-058-300x200.jpg\" data-width=\"300\" data-height=\"200\" aria-label=\"\" role=\"img\" ><\/div>\n\t\t\t\t\t\t\t\t\t\t\t<div class=\"elementor-gallery-item__overlay\"><\/div>\n\t\t\t\t\t\t\t\t\t\t\t\t\t\t<\/a>\n\t\t\t\t\t\t\t<a class=\"e-gallery-item elementor-gallery-item elementor-animated-content\" href=\"https:\/\/archiv.siov.sk\/wp-content\/uploads\/2025\/10\/Konferencia_ucit_inak_Bratislava_16.10.2025-060.jpg\" data-elementor-open-lightbox=\"yes\" data-elementor-lightbox-slideshow=\"ea199e7\" data-elementor-lightbox-title=\"Konferencia_u\u010di\u0165_inak_Bratislava_16.10.2025-060\" data-e-action-hash=\"#elementor-action%3Aaction%3Dlightbox%26settings%3DeyJpZCI6MjE1NjAsInVybCI6Imh0dHBzOlwvXC9hcmNoaXYuc2lvdi5za1wvd3AtY29udGVudFwvdXBsb2Fkc1wvMjAyNVwvMTBcL0tvbmZlcmVuY2lhX3VjaXRfaW5ha19CcmF0aXNsYXZhXzE2LjEwLjIwMjUtMDYwLmpwZyIsInNsaWRlc2hvdyI6ImVhMTk5ZTcifQ%3D%3D\">\n\t\t\t\t\t<div class=\"e-gallery-image elementor-gallery-item__image\" data-thumbnail=\"https:\/\/archiv.siov.sk\/wp-content\/uploads\/2025\/10\/Konferencia_ucit_inak_Bratislava_16.10.2025-060-300x200.jpg\" data-width=\"300\" data-height=\"200\" aria-label=\"\" role=\"img\" ><\/div>\n\t\t\t\t\t\t\t\t\t\t\t<div class=\"elementor-gallery-item__overlay\"><\/div>\n\t\t\t\t\t\t\t\t\t\t\t\t\t\t<\/a>\n\t\t\t\t\t\t\t<a class=\"e-gallery-item elementor-gallery-item elementor-animated-content\" href=\"https:\/\/archiv.siov.sk\/wp-content\/uploads\/2025\/10\/Konferencia_ucit_inak_Bratislava_16.10.2025-062.jpg\" data-elementor-open-lightbox=\"yes\" data-elementor-lightbox-slideshow=\"ea199e7\" data-elementor-lightbox-title=\"Konferencia_u\u010di\u0165_inak_Bratislava_16.10.2025-062\" data-e-action-hash=\"#elementor-action%3Aaction%3Dlightbox%26settings%3DeyJpZCI6MjE1NjEsInVybCI6Imh0dHBzOlwvXC9hcmNoaXYuc2lvdi5za1wvd3AtY29udGVudFwvdXBsb2Fkc1wvMjAyNVwvMTBcL0tvbmZlcmVuY2lhX3VjaXRfaW5ha19CcmF0aXNsYXZhXzE2LjEwLjIwMjUtMDYyLmpwZyIsInNsaWRlc2hvdyI6ImVhMTk5ZTcifQ%3D%3D\">\n\t\t\t\t\t<div class=\"e-gallery-image elementor-gallery-item__image\" data-thumbnail=\"https:\/\/archiv.siov.sk\/wp-content\/uploads\/2025\/10\/Konferencia_ucit_inak_Bratislava_16.10.2025-062-300x200.jpg\" data-width=\"300\" data-height=\"200\" aria-label=\"\" role=\"img\" ><\/div>\n\t\t\t\t\t\t\t\t\t\t\t<div class=\"elementor-gallery-item__overlay\"><\/div>\n\t\t\t\t\t\t\t\t\t\t\t\t\t\t<\/a>\n\t\t\t\t\t\t\t<a class=\"e-gallery-item elementor-gallery-item elementor-animated-content\" href=\"https:\/\/archiv.siov.sk\/wp-content\/uploads\/2025\/10\/Konferencia_ucit_inak_Bratislava_16.10.2025-066.jpg\" data-elementor-open-lightbox=\"yes\" data-elementor-lightbox-slideshow=\"ea199e7\" data-elementor-lightbox-title=\"Konferencia_u\u010di\u0165_inak_Bratislava_16.10.2025-066\" data-e-action-hash=\"#elementor-action%3Aaction%3Dlightbox%26settings%3DeyJpZCI6MjE1NjIsInVybCI6Imh0dHBzOlwvXC9hcmNoaXYuc2lvdi5za1wvd3AtY29udGVudFwvdXBsb2Fkc1wvMjAyNVwvMTBcL0tvbmZlcmVuY2lhX3VjaXRfaW5ha19CcmF0aXNsYXZhXzE2LjEwLjIwMjUtMDY2LmpwZyIsInNsaWRlc2hvdyI6ImVhMTk5ZTcifQ%3D%3D\">\n\t\t\t\t\t<div class=\"e-gallery-image elementor-gallery-item__image\" data-thumbnail=\"https:\/\/archiv.siov.sk\/wp-content\/uploads\/2025\/10\/Konferencia_ucit_inak_Bratislava_16.10.2025-066-300x200.jpg\" data-width=\"300\" data-height=\"200\" aria-label=\"\" role=\"img\" ><\/div>\n\t\t\t\t\t\t\t\t\t\t\t<div class=\"elementor-gallery-item__overlay\"><\/div>\n\t\t\t\t\t\t\t\t\t\t\t\t\t\t<\/a>\n\t\t\t\t\t\t\t<a class=\"e-gallery-item elementor-gallery-item elementor-animated-content\" href=\"https:\/\/archiv.siov.sk\/wp-content\/uploads\/2025\/10\/Konferencia_ucit_inak_Bratislava_16.10.2025-076.jpg\" data-elementor-open-lightbox=\"yes\" data-elementor-lightbox-slideshow=\"ea199e7\" data-elementor-lightbox-title=\"Konferencia_u\u010di\u0165_inak_Bratislava_16.10.2025-076\" data-e-action-hash=\"#elementor-action%3Aaction%3Dlightbox%26settings%3DeyJpZCI6MjE1NjMsInVybCI6Imh0dHBzOlwvXC9hcmNoaXYuc2lvdi5za1wvd3AtY29udGVudFwvdXBsb2Fkc1wvMjAyNVwvMTBcL0tvbmZlcmVuY2lhX3VjaXRfaW5ha19CcmF0aXNsYXZhXzE2LjEwLjIwMjUtMDc2LmpwZyIsInNsaWRlc2hvdyI6ImVhMTk5ZTcifQ%3D%3D\">\n\t\t\t\t\t<div class=\"e-gallery-image elementor-gallery-item__image\" data-thumbnail=\"https:\/\/archiv.siov.sk\/wp-content\/uploads\/2025\/10\/Konferencia_ucit_inak_Bratislava_16.10.2025-076-300x200.jpg\" data-width=\"300\" data-height=\"200\" aria-label=\"\" role=\"img\" ><\/div>\n\t\t\t\t\t\t\t\t\t\t\t<div class=\"elementor-gallery-item__overlay\"><\/div>\n\t\t\t\t\t\t\t\t\t\t\t\t\t\t<\/a>\n\t\t\t\t\t\t\t<a class=\"e-gallery-item elementor-gallery-item elementor-animated-content\" href=\"https:\/\/archiv.siov.sk\/wp-content\/uploads\/2025\/10\/Konferencia_ucit_inak_Bratislava_16.10.2025-085.jpg\" data-elementor-open-lightbox=\"yes\" data-elementor-lightbox-slideshow=\"ea199e7\" data-elementor-lightbox-title=\"Konferencia_u\u010di\u0165_inak_Bratislava_16.10.2025-085\" data-e-action-hash=\"#elementor-action%3Aaction%3Dlightbox%26settings%3DeyJpZCI6MjE1NjQsInVybCI6Imh0dHBzOlwvXC9hcmNoaXYuc2lvdi5za1wvd3AtY29udGVudFwvdXBsb2Fkc1wvMjAyNVwvMTBcL0tvbmZlcmVuY2lhX3VjaXRfaW5ha19CcmF0aXNsYXZhXzE2LjEwLjIwMjUtMDg1LmpwZyIsInNsaWRlc2hvdyI6ImVhMTk5ZTcifQ%3D%3D\">\n\t\t\t\t\t<div class=\"e-gallery-image elementor-gallery-item__image\" data-thumbnail=\"https:\/\/archiv.siov.sk\/wp-content\/uploads\/2025\/10\/Konferencia_ucit_inak_Bratislava_16.10.2025-085-300x200.jpg\" data-width=\"300\" data-height=\"200\" aria-label=\"\" role=\"img\" ><\/div>\n\t\t\t\t\t\t\t\t\t\t\t<div class=\"elementor-gallery-item__overlay\"><\/div>\n\t\t\t\t\t\t\t\t\t\t\t\t\t\t<\/a>\n\t\t\t\t\t\t\t<a class=\"e-gallery-item elementor-gallery-item elementor-animated-content\" href=\"https:\/\/archiv.siov.sk\/wp-content\/uploads\/2025\/10\/Konferencia_ucit_inak_Bratislava_16.10.2025-089.jpg\" data-elementor-open-lightbox=\"yes\" data-elementor-lightbox-slideshow=\"ea199e7\" data-elementor-lightbox-title=\"Konferencia_u\u010di\u0165_inak_Bratislava_16.10.2025-089\" data-e-action-hash=\"#elementor-action%3Aaction%3Dlightbox%26settings%3DeyJpZCI6MjE1NjUsInVybCI6Imh0dHBzOlwvXC9hcmNoaXYuc2lvdi5za1wvd3AtY29udGVudFwvdXBsb2Fkc1wvMjAyNVwvMTBcL0tvbmZlcmVuY2lhX3VjaXRfaW5ha19CcmF0aXNsYXZhXzE2LjEwLjIwMjUtMDg5LmpwZyIsInNsaWRlc2hvdyI6ImVhMTk5ZTcifQ%3D%3D\">\n\t\t\t\t\t<div class=\"e-gallery-image elementor-gallery-item__image\" data-thumbnail=\"https:\/\/archiv.siov.sk\/wp-content\/uploads\/2025\/10\/Konferencia_ucit_inak_Bratislava_16.10.2025-089-300x200.jpg\" data-width=\"300\" data-height=\"200\" aria-label=\"\" role=\"img\" ><\/div>\n\t\t\t\t\t\t\t\t\t\t\t<div class=\"elementor-gallery-item__overlay\"><\/div>\n\t\t\t\t\t\t\t\t\t\t\t\t\t\t<\/a>\n\t\t\t\t\t\t\t<a class=\"e-gallery-item elementor-gallery-item elementor-animated-content\" href=\"https:\/\/archiv.siov.sk\/wp-content\/uploads\/2025\/10\/Konferencia_ucit_inak_Bratislava_16.10.2025-090.jpg\" data-elementor-open-lightbox=\"yes\" data-elementor-lightbox-slideshow=\"ea199e7\" data-elementor-lightbox-title=\"Konferencia_u\u010di\u0165_inak_Bratislava_16.10.2025-090\" data-e-action-hash=\"#elementor-action%3Aaction%3Dlightbox%26settings%3DeyJpZCI6MjE1NjYsInVybCI6Imh0dHBzOlwvXC9hcmNoaXYuc2lvdi5za1wvd3AtY29udGVudFwvdXBsb2Fkc1wvMjAyNVwvMTBcL0tvbmZlcmVuY2lhX3VjaXRfaW5ha19CcmF0aXNsYXZhXzE2LjEwLjIwMjUtMDkwLmpwZyIsInNsaWRlc2hvdyI6ImVhMTk5ZTcifQ%3D%3D\">\n\t\t\t\t\t<div class=\"e-gallery-image elementor-gallery-item__image\" data-thumbnail=\"https:\/\/archiv.siov.sk\/wp-content\/uploads\/2025\/10\/Konferencia_ucit_inak_Bratislava_16.10.2025-090-300x200.jpg\" data-width=\"300\" data-height=\"200\" aria-label=\"\" role=\"img\" ><\/div>\n\t\t\t\t\t\t\t\t\t\t\t<div class=\"elementor-gallery-item__overlay\"><\/div>\n\t\t\t\t\t\t\t\t\t\t\t\t\t\t<\/a>\n\t\t\t\t\t\t\t<a class=\"e-gallery-item elementor-gallery-item elementor-animated-content\" href=\"https:\/\/archiv.siov.sk\/wp-content\/uploads\/2025\/10\/Konferencia_ucit_inak_Bratislava_16.10.2025-091.jpg\" data-elementor-open-lightbox=\"yes\" data-elementor-lightbox-slideshow=\"ea199e7\" data-elementor-lightbox-title=\"Konferencia_u\u010di\u0165_inak_Bratislava_16.10.2025-091\" data-e-action-hash=\"#elementor-action%3Aaction%3Dlightbox%26settings%3DeyJpZCI6MjE1NjcsInVybCI6Imh0dHBzOlwvXC9hcmNoaXYuc2lvdi5za1wvd3AtY29udGVudFwvdXBsb2Fkc1wvMjAyNVwvMTBcL0tvbmZlcmVuY2lhX3VjaXRfaW5ha19CcmF0aXNsYXZhXzE2LjEwLjIwMjUtMDkxLmpwZyIsInNsaWRlc2hvdyI6ImVhMTk5ZTcifQ%3D%3D\">\n\t\t\t\t\t<div class=\"e-gallery-image elementor-gallery-item__image\" data-thumbnail=\"https:\/\/archiv.siov.sk\/wp-content\/uploads\/2025\/10\/Konferencia_ucit_inak_Bratislava_16.10.2025-091-300x200.jpg\" data-width=\"300\" data-height=\"200\" aria-label=\"\" role=\"img\" ><\/div>\n\t\t\t\t\t\t\t\t\t\t\t<div class=\"elementor-gallery-item__overlay\"><\/div>\n\t\t\t\t\t\t\t\t\t\t\t\t\t\t<\/a>\n\t\t\t\t\t\t\t<a class=\"e-gallery-item elementor-gallery-item elementor-animated-content\" href=\"https:\/\/archiv.siov.sk\/wp-content\/uploads\/2025\/10\/Konferencia_ucit_inak_Bratislava_16.10.2025-096.jpg\" data-elementor-open-lightbox=\"yes\" data-elementor-lightbox-slideshow=\"ea199e7\" data-elementor-lightbox-title=\"Konferencia_u\u010di\u0165_inak_Bratislava_16.10.2025-096\" data-e-action-hash=\"#elementor-action%3Aaction%3Dlightbox%26settings%3DeyJpZCI6MjE1NjgsInVybCI6Imh0dHBzOlwvXC9hcmNoaXYuc2lvdi5za1wvd3AtY29udGVudFwvdXBsb2Fkc1wvMjAyNVwvMTBcL0tvbmZlcmVuY2lhX3VjaXRfaW5ha19CcmF0aXNsYXZhXzE2LjEwLjIwMjUtMDk2LmpwZyIsInNsaWRlc2hvdyI6ImVhMTk5ZTcifQ%3D%3D\">\n\t\t\t\t\t<div class=\"e-gallery-image elementor-gallery-item__image\" data-thumbnail=\"https:\/\/archiv.siov.sk\/wp-content\/uploads\/2025\/10\/Konferencia_ucit_inak_Bratislava_16.10.2025-096-300x200.jpg\" data-width=\"300\" data-height=\"200\" aria-label=\"\" role=\"img\" ><\/div>\n\t\t\t\t\t\t\t\t\t\t\t<div class=\"elementor-gallery-item__overlay\"><\/div>\n\t\t\t\t\t\t\t\t\t\t\t\t\t\t<\/a>\n\t\t\t\t\t\t\t<a class=\"e-gallery-item elementor-gallery-item elementor-animated-content\" href=\"https:\/\/archiv.siov.sk\/wp-content\/uploads\/2025\/10\/Konferencia_ucit_inak_Bratislava_16.10.2025-098.jpg\" data-elementor-open-lightbox=\"yes\" data-elementor-lightbox-slideshow=\"ea199e7\" data-elementor-lightbox-title=\"Konferencia_u\u010di\u0165_inak_Bratislava_16.10.2025-098\" data-e-action-hash=\"#elementor-action%3Aaction%3Dlightbox%26settings%3DeyJpZCI6MjE1NjksInVybCI6Imh0dHBzOlwvXC9hcmNoaXYuc2lvdi5za1wvd3AtY29udGVudFwvdXBsb2Fkc1wvMjAyNVwvMTBcL0tvbmZlcmVuY2lhX3VjaXRfaW5ha19CcmF0aXNsYXZhXzE2LjEwLjIwMjUtMDk4LmpwZyIsInNsaWRlc2hvdyI6ImVhMTk5ZTcifQ%3D%3D\">\n\t\t\t\t\t<div class=\"e-gallery-image elementor-gallery-item__image\" data-thumbnail=\"https:\/\/archiv.siov.sk\/wp-content\/uploads\/2025\/10\/Konferencia_ucit_inak_Bratislava_16.10.2025-098-300x200.jpg\" data-width=\"300\" data-height=\"200\" aria-label=\"\" role=\"img\" ><\/div>\n\t\t\t\t\t\t\t\t\t\t\t<div class=\"elementor-gallery-item__overlay\"><\/div>\n\t\t\t\t\t\t\t\t\t\t\t\t\t\t<\/a>\n\t\t\t\t\t\t\t<a class=\"e-gallery-item elementor-gallery-item elementor-animated-content\" href=\"https:\/\/archiv.siov.sk\/wp-content\/uploads\/2025\/10\/Konferencia_ucit_inak_Bratislava_16.10.2025-103.jpg\" data-elementor-open-lightbox=\"yes\" data-elementor-lightbox-slideshow=\"ea199e7\" data-elementor-lightbox-title=\"Konferencia_u\u010di\u0165_inak_Bratislava_16.10.2025-103\" data-e-action-hash=\"#elementor-action%3Aaction%3Dlightbox%26settings%3DeyJpZCI6MjE1NzAsInVybCI6Imh0dHBzOlwvXC9hcmNoaXYuc2lvdi5za1wvd3AtY29udGVudFwvdXBsb2Fkc1wvMjAyNVwvMTBcL0tvbmZlcmVuY2lhX3VjaXRfaW5ha19CcmF0aXNsYXZhXzE2LjEwLjIwMjUtMTAzLmpwZyIsInNsaWRlc2hvdyI6ImVhMTk5ZTcifQ%3D%3D\">\n\t\t\t\t\t<div class=\"e-gallery-image elementor-gallery-item__image\" data-thumbnail=\"https:\/\/archiv.siov.sk\/wp-content\/uploads\/2025\/10\/Konferencia_ucit_inak_Bratislava_16.10.2025-103-300x200.jpg\" data-width=\"300\" data-height=\"200\" aria-label=\"\" role=\"img\" ><\/div>\n\t\t\t\t\t\t\t\t\t\t\t<div class=\"elementor-gallery-item__overlay\"><\/div>\n\t\t\t\t\t\t\t\t\t\t\t\t\t\t<\/a>\n\t\t\t\t\t\t\t<a class=\"e-gallery-item elementor-gallery-item elementor-animated-content\" href=\"https:\/\/archiv.siov.sk\/wp-content\/uploads\/2025\/10\/Konferencia_ucit_inak_Bratislava_16.10.2025-107.jpg\" data-elementor-open-lightbox=\"yes\" data-elementor-lightbox-slideshow=\"ea199e7\" data-elementor-lightbox-title=\"Konferencia_u\u010di\u0165_inak_Bratislava_16.10.2025-107\" data-e-action-hash=\"#elementor-action%3Aaction%3Dlightbox%26settings%3DeyJpZCI6MjE1NzEsInVybCI6Imh0dHBzOlwvXC9hcmNoaXYuc2lvdi5za1wvd3AtY29udGVudFwvdXBsb2Fkc1wvMjAyNVwvMTBcL0tvbmZlcmVuY2lhX3VjaXRfaW5ha19CcmF0aXNsYXZhXzE2LjEwLjIwMjUtMTA3LmpwZyIsInNsaWRlc2hvdyI6ImVhMTk5ZTcifQ%3D%3D\">\n\t\t\t\t\t<div class=\"e-gallery-image elementor-gallery-item__image\" data-thumbnail=\"https:\/\/archiv.siov.sk\/wp-content\/uploads\/2025\/10\/Konferencia_ucit_inak_Bratislava_16.10.2025-107-300x200.jpg\" data-width=\"300\" data-height=\"200\" aria-label=\"\" role=\"img\" ><\/div>\n\t\t\t\t\t\t\t\t\t\t\t<div class=\"elementor-gallery-item__overlay\"><\/div>\n\t\t\t\t\t\t\t\t\t\t\t\t\t\t<\/a>\n\t\t\t\t\t\t\t<a class=\"e-gallery-item elementor-gallery-item elementor-animated-content\" href=\"https:\/\/archiv.siov.sk\/wp-content\/uploads\/2025\/10\/Konferencia_ucit_inak_Bratislava_16.10.2025-112.jpg\" data-elementor-open-lightbox=\"yes\" data-elementor-lightbox-slideshow=\"ea199e7\" data-elementor-lightbox-title=\"Konferencia_u\u010di\u0165_inak_Bratislava_16.10.2025-112\" data-e-action-hash=\"#elementor-action%3Aaction%3Dlightbox%26settings%3DeyJpZCI6MjE1NzIsInVybCI6Imh0dHBzOlwvXC9hcmNoaXYuc2lvdi5za1wvd3AtY29udGVudFwvdXBsb2Fkc1wvMjAyNVwvMTBcL0tvbmZlcmVuY2lhX3VjaXRfaW5ha19CcmF0aXNsYXZhXzE2LjEwLjIwMjUtMTEyLmpwZyIsInNsaWRlc2hvdyI6ImVhMTk5ZTcifQ%3D%3D\">\n\t\t\t\t\t<div class=\"e-gallery-image elementor-gallery-item__image\" data-thumbnail=\"https:\/\/archiv.siov.sk\/wp-content\/uploads\/2025\/10\/Konferencia_ucit_inak_Bratislava_16.10.2025-112-300x200.jpg\" data-width=\"300\" data-height=\"200\" aria-label=\"\" role=\"img\" ><\/div>\n\t\t\t\t\t\t\t\t\t\t\t<div class=\"elementor-gallery-item__overlay\"><\/div>\n\t\t\t\t\t\t\t\t\t\t\t\t\t\t<\/a>\n\t\t\t\t\t\t\t<a class=\"e-gallery-item elementor-gallery-item elementor-animated-content\" href=\"https:\/\/archiv.siov.sk\/wp-content\/uploads\/2025\/10\/Konferencia_ucit_inak_Bratislava_16.10.2025-118.jpg\" data-elementor-open-lightbox=\"yes\" data-elementor-lightbox-slideshow=\"ea199e7\" data-elementor-lightbox-title=\"Konferencia_u\u010di\u0165_inak_Bratislava_16.10.2025-118\" data-e-action-hash=\"#elementor-action%3Aaction%3Dlightbox%26settings%3DeyJpZCI6MjE1NzMsInVybCI6Imh0dHBzOlwvXC9hcmNoaXYuc2lvdi5za1wvd3AtY29udGVudFwvdXBsb2Fkc1wvMjAyNVwvMTBcL0tvbmZlcmVuY2lhX3VjaXRfaW5ha19CcmF0aXNsYXZhXzE2LjEwLjIwMjUtMTE4LmpwZyIsInNsaWRlc2hvdyI6ImVhMTk5ZTcifQ%3D%3D\">\n\t\t\t\t\t<div class=\"e-gallery-image elementor-gallery-item__image\" data-thumbnail=\"https:\/\/archiv.siov.sk\/wp-content\/uploads\/2025\/10\/Konferencia_ucit_inak_Bratislava_16.10.2025-118-300x200.jpg\" data-width=\"300\" data-height=\"200\" aria-label=\"\" role=\"img\" ><\/div>\n\t\t\t\t\t\t\t\t\t\t\t<div class=\"elementor-gallery-item__overlay\"><\/div>\n\t\t\t\t\t\t\t\t\t\t\t\t\t\t<\/a>\n\t\t\t\t\t\t\t<a class=\"e-gallery-item elementor-gallery-item elementor-animated-content\" href=\"https:\/\/archiv.siov.sk\/wp-content\/uploads\/2025\/10\/Konferencia_ucit_inak_Bratislava_16.10.2025-121.jpg\" data-elementor-open-lightbox=\"yes\" data-elementor-lightbox-slideshow=\"ea199e7\" data-elementor-lightbox-title=\"Konferencia_u\u010di\u0165_inak_Bratislava_16.10.2025-121\" data-e-action-hash=\"#elementor-action%3Aaction%3Dlightbox%26settings%3DeyJpZCI6MjE1NzQsInVybCI6Imh0dHBzOlwvXC9hcmNoaXYuc2lvdi5za1wvd3AtY29udGVudFwvdXBsb2Fkc1wvMjAyNVwvMTBcL0tvbmZlcmVuY2lhX3VjaXRfaW5ha19CcmF0aXNsYXZhXzE2LjEwLjIwMjUtMTIxLmpwZyIsInNsaWRlc2hvdyI6ImVhMTk5ZTcifQ%3D%3D\">\n\t\t\t\t\t<div class=\"e-gallery-image elementor-gallery-item__image\" data-thumbnail=\"https:\/\/archiv.siov.sk\/wp-content\/uploads\/2025\/10\/Konferencia_ucit_inak_Bratislava_16.10.2025-121-300x200.jpg\" data-width=\"300\" data-height=\"200\" aria-label=\"\" role=\"img\" ><\/div>\n\t\t\t\t\t\t\t\t\t\t\t<div class=\"elementor-gallery-item__overlay\"><\/div>\n\t\t\t\t\t\t\t\t\t\t\t\t\t\t<\/a>\n\t\t\t\t\t<\/div>\n\t\t\t\t\t<\/div>\n\t\t\t\t<\/div>\n\t\t\t\t\t<\/div>\n\t\t\t\t<\/div>\n\t\t\t\t<\/div>","protected":false},"excerpt":{"rendered":"<p>Na konferencii U\u010di\u0165 sa inak: alternat\u00edvne priestory vzdel\u00e1vania dospel\u00fdch odborn\u00edci z akademick\u00e9ho prostredia, v\u00fdskumu, mimovl\u00e1dnych organiz\u00e1ci\u00ed aj praxe predstavili rozmanit\u00e9 podoby celo\u017eivotn\u00e9ho vzdel\u00e1vania. Podujatie organizoval \u0160t\u00e1tny in\u0161tit\u00fat odborn\u00e9ho vzdel\u00e1vania (\u0160IOV) ako N\u00e1rodn\u00fd koordin\u00e1tor vzdel\u00e1vania dospel\u00fdch na Slovensku s cie\u013eom pribl\u00ed\u017ei\u0165 netradi\u010dn\u00e9 miesta a formy u\u010denia sa, ktor\u00e9 vznikaj\u00fa mimo tradi\u010dn\u00fdch \u0161kolsk\u00fdch lav\u00edc. \u201eAko dospel\u00ed m\u00e1me [&hellip;]<\/p>\n","protected":false},"author":10,"featured_media":21536,"comment_status":"closed","ping_status":"closed","sticky":false,"template":"","format":"standard","meta":{"site-sidebar-layout":"default","site-content-layout":"","ast-site-content-layout":"default","site-content-style":"default","site-sidebar-style":"default","ast-global-header-display":"","ast-banner-title-visibility":"","ast-main-header-display":"","ast-hfb-above-header-display":"","ast-hfb-below-header-display":"","ast-hfb-mobile-header-display":"","site-post-title":"","ast-breadcrumbs-content":"","ast-featured-img":"","footer-sml-layout":"","ast-disable-related-posts":"","theme-transparent-header-meta":"default","adv-header-id-meta":"","stick-header-meta":"default","header-above-stick-meta":"","header-main-stick-meta":"","header-below-stick-meta":"","astra-migrate-meta-layouts":"set","ast-page-background-enabled":"default","ast-page-background-meta":{"desktop":{"background-color":"var(--ast-global-color-4)","background-image":"","background-repeat":"repeat","background-position":"center center","background-size":"auto","background-attachment":"scroll","background-type":"","background-media":"","overlay-type":"","overlay-color":"","overlay-opacity":"","overlay-gradient":""},"tablet":{"background-color":"","background-image":"","background-repeat":"repeat","background-position":"center center","background-size":"auto","background-attachment":"scroll","background-type":"","background-media":"","overlay-type":"","overlay-color":"","overlay-opacity":"","overlay-gradient":""},"mobile":{"background-color":"","background-image":"","background-repeat":"repeat","background-position":"center center","background-size":"auto","background-attachment":"scroll","background-type":"","background-media":"","overlay-type":"","overlay-color":"","overlay-opacity":"","overlay-gradient":""}},"ast-content-background-meta":{"desktop":{"background-color":"var(--ast-global-color-5)","background-image":"","background-repeat":"repeat","background-position":"center center","background-size":"auto","background-attachment":"scroll","background-type":"","background-media":"","overlay-type":"","overlay-color":"","overlay-opacity":"","overlay-gradient":""},"tablet":{"background-color":"var(--ast-global-color-5)","background-image":"","background-repeat":"repeat","background-position":"center center","background-size":"auto","background-attachment":"scroll","background-type":"","background-media":"","overlay-type":"","overlay-color":"","overlay-opacity":"","overlay-gradient":""},"mobile":{"background-color":"var(--ast-global-color-5)","background-image":"","background-repeat":"repeat","background-position":"center center","background-size":"auto","background-attachment":"scroll","background-type":"","background-media":"","overlay-type":"","overlay-color":"","overlay-opacity":"","overlay-gradient":""}},"footnotes":""},"categories":[1],"tags":[],"class_list":["post-21535","post","type-post","status-publish","format-standard","has-post-thumbnail","hentry","category-aktuality"],"yoast_head":"<!-- This site is optimized with the Yoast SEO plugin v27.5 - https:\/\/yoast.com\/product\/yoast-seo-wordpress\/ -->\n<title>Konferencia U\u010di\u0165 sa inak uk\u00e1zala nov\u00e9 cesty vzdel\u00e1vania dospel\u00fdch - \u0160IOV - \u0161t\u00e1tny in\u0161tit\u00fat odborn\u00e9ho vzdel\u00e1vania<\/title>\n<meta name=\"description\" content=\"Na konferencii U\u010di\u0165 sa inak odborn\u00edci z akademick\u00e9ho prostredia, v\u00fdskumu, mimovl\u00e1dnych organiz\u00e1ci\u00ed aj praxe predstavili rozmanit\u00e9 podoby celo\u017eivotn\u00e9ho vzdel\u00e1vania.\" \/>\n<meta name=\"robots\" content=\"index, follow, max-snippet:-1, max-image-preview:large, max-video-preview:-1\" \/>\n<link rel=\"canonical\" href=\"https:\/\/archiv.siov.sk\/en\/ucit-sa-inak\/\" \/>\n<meta property=\"og:locale\" content=\"en_GB\" \/>\n<meta property=\"og:type\" content=\"article\" \/>\n<meta property=\"og:title\" content=\"Konferencia U\u010di\u0165 sa inak uk\u00e1zala nov\u00e9 cesty vzdel\u00e1vania dospel\u00fdch - \u0160IOV - \u0161t\u00e1tny in\u0161tit\u00fat odborn\u00e9ho vzdel\u00e1vania\" \/>\n<meta property=\"og:description\" content=\"Na konferencii U\u010di\u0165 sa inak odborn\u00edci z akademick\u00e9ho prostredia, v\u00fdskumu, mimovl\u00e1dnych organiz\u00e1ci\u00ed aj praxe predstavili rozmanit\u00e9 podoby celo\u017eivotn\u00e9ho vzdel\u00e1vania.\" \/>\n<meta property=\"og:url\" content=\"https:\/\/archiv.siov.sk\/en\/ucit-sa-inak\/\" \/>\n<meta property=\"og:site_name\" content=\"\u0160IOV - \u0161t\u00e1tny in\u0161tit\u00fat odborn\u00e9ho vzdel\u00e1vania\" \/>\n<meta property=\"article:publisher\" content=\"https:\/\/www.facebook.com\/Statnyinstitutodbornehovzdelavania\" \/>\n<meta property=\"article:published_time\" content=\"2025-10-20T08:35:07+00:00\" \/>\n<meta property=\"article:modified_time\" content=\"2025-10-20T08:47:19+00:00\" \/>\n<meta property=\"og:image\" content=\"https:\/\/archiv.siov.sk\/wp-content\/uploads\/2025\/10\/Konferencia_ucit_inak_Bratislava_16.10.2025-012.jpg\" \/>\n\t<meta property=\"og:image:width\" content=\"2048\" \/>\n\t<meta property=\"og:image:height\" content=\"1365\" \/>\n\t<meta property=\"og:image:type\" content=\"image\/jpeg\" \/>\n<meta name=\"author\" content=\"Gabriela Budayov\u00e1\" \/>\n<meta name=\"twitter:card\" content=\"summary_large_image\" \/>\n<meta name=\"twitter:label1\" content=\"Written by\" \/>\n\t<meta name=\"twitter:data1\" content=\"Gabriela Budayov\u00e1\" \/>\n\t<meta name=\"twitter:label2\" content=\"Estimated reading time\" \/>\n\t<meta name=\"twitter:data2\" content=\"4 minutes\" \/>\n<script type=\"application\/ld+json\" class=\"yoast-schema-graph\">{\"@context\":\"https:\\\/\\\/schema.org\",\"@graph\":[{\"@type\":\"Article\",\"@id\":\"https:\\\/\\\/archiv.siov.sk\\\/ucit-sa-inak\\\/#article\",\"isPartOf\":{\"@id\":\"https:\\\/\\\/archiv.siov.sk\\\/ucit-sa-inak\\\/\"},\"author\":{\"name\":\"Gabriela Budayov\u00e1\",\"@id\":\"https:\\\/\\\/archiv.siov.sk\\\/#\\\/schema\\\/person\\\/2d35146a9c0fa51b027e8ff319cee627\"},\"headline\":\"Konferencia U\u010di\u0165 sa inak uk\u00e1zala nov\u00e9 cesty vzdel\u00e1vania dospel\u00fdch\",\"datePublished\":\"2025-10-20T08:35:07+00:00\",\"dateModified\":\"2025-10-20T08:47:19+00:00\",\"mainEntityOfPage\":{\"@id\":\"https:\\\/\\\/archiv.siov.sk\\\/ucit-sa-inak\\\/\"},\"wordCount\":771,\"publisher\":{\"@id\":\"https:\\\/\\\/archiv.siov.sk\\\/#organization\"},\"image\":{\"@id\":\"https:\\\/\\\/archiv.siov.sk\\\/ucit-sa-inak\\\/#primaryimage\"},\"thumbnailUrl\":\"https:\\\/\\\/archiv.siov.sk\\\/wp-content\\\/uploads\\\/2025\\\/10\\\/Konferencia_ucit_inak_Bratislava_16.10.2025-012.jpg\",\"articleSection\":[\"Aktuality\"],\"inLanguage\":\"en-GB\"},{\"@type\":\"WebPage\",\"@id\":\"https:\\\/\\\/archiv.siov.sk\\\/ucit-sa-inak\\\/\",\"url\":\"https:\\\/\\\/archiv.siov.sk\\\/ucit-sa-inak\\\/\",\"name\":\"Konferencia U\u010di\u0165 sa inak uk\u00e1zala nov\u00e9 cesty vzdel\u00e1vania dospel\u00fdch - \u0160IOV - \u0161t\u00e1tny in\u0161tit\u00fat odborn\u00e9ho vzdel\u00e1vania\",\"isPartOf\":{\"@id\":\"https:\\\/\\\/archiv.siov.sk\\\/#website\"},\"primaryImageOfPage\":{\"@id\":\"https:\\\/\\\/archiv.siov.sk\\\/ucit-sa-inak\\\/#primaryimage\"},\"image\":{\"@id\":\"https:\\\/\\\/archiv.siov.sk\\\/ucit-sa-inak\\\/#primaryimage\"},\"thumbnailUrl\":\"https:\\\/\\\/archiv.siov.sk\\\/wp-content\\\/uploads\\\/2025\\\/10\\\/Konferencia_ucit_inak_Bratislava_16.10.2025-012.jpg\",\"datePublished\":\"2025-10-20T08:35:07+00:00\",\"dateModified\":\"2025-10-20T08:47:19+00:00\",\"description\":\"Na konferencii U\u010di\u0165 sa inak odborn\u00edci z akademick\u00e9ho prostredia, v\u00fdskumu, mimovl\u00e1dnych organiz\u00e1ci\u00ed aj praxe predstavili rozmanit\u00e9 podoby celo\u017eivotn\u00e9ho vzdel\u00e1vania.\",\"breadcrumb\":{\"@id\":\"https:\\\/\\\/archiv.siov.sk\\\/ucit-sa-inak\\\/#breadcrumb\"},\"inLanguage\":\"en-GB\",\"potentialAction\":[{\"@type\":\"ReadAction\",\"target\":[\"https:\\\/\\\/archiv.siov.sk\\\/ucit-sa-inak\\\/\"]}]},{\"@type\":\"ImageObject\",\"inLanguage\":\"en-GB\",\"@id\":\"https:\\\/\\\/archiv.siov.sk\\\/ucit-sa-inak\\\/#primaryimage\",\"url\":\"https:\\\/\\\/archiv.siov.sk\\\/wp-content\\\/uploads\\\/2025\\\/10\\\/Konferencia_ucit_inak_Bratislava_16.10.2025-012.jpg\",\"contentUrl\":\"https:\\\/\\\/archiv.siov.sk\\\/wp-content\\\/uploads\\\/2025\\\/10\\\/Konferencia_ucit_inak_Bratislava_16.10.2025-012.jpg\",\"width\":2048,\"height\":1365,\"caption\":\"konferencia 16.10.2025\"},{\"@type\":\"BreadcrumbList\",\"@id\":\"https:\\\/\\\/archiv.siov.sk\\\/ucit-sa-inak\\\/#breadcrumb\",\"itemListElement\":[{\"@type\":\"ListItem\",\"position\":1,\"name\":\"Home\",\"item\":\"https:\\\/\\\/archiv.siov.sk\\\/\"},{\"@type\":\"ListItem\",\"position\":2,\"name\":\"Konferencia U\u010di\u0165 sa inak uk\u00e1zala nov\u00e9 cesty vzdel\u00e1vania dospel\u00fdch\"}]},{\"@type\":\"WebSite\",\"@id\":\"https:\\\/\\\/archiv.siov.sk\\\/#website\",\"url\":\"https:\\\/\\\/archiv.siov.sk\\\/\",\"name\":\"\u0160IOV - \u0161t\u00e1tny in\u0161tit\u00fat odborn\u00e9ho vzdel\u00e1vania\",\"description\":\"\",\"publisher\":{\"@id\":\"https:\\\/\\\/archiv.siov.sk\\\/#organization\"},\"potentialAction\":[{\"@type\":\"SearchAction\",\"target\":{\"@type\":\"EntryPoint\",\"urlTemplate\":\"https:\\\/\\\/archiv.siov.sk\\\/?s={search_term_string}\"},\"query-input\":{\"@type\":\"PropertyValueSpecification\",\"valueRequired\":true,\"valueName\":\"search_term_string\"}}],\"inLanguage\":\"en-GB\"},{\"@type\":\"Organization\",\"@id\":\"https:\\\/\\\/archiv.siov.sk\\\/#organization\",\"name\":\"\u0160IOV - \u0161t\u00e1tny in\u0161tit\u00fat odborn\u00e9ho vzdel\u00e1vania\",\"url\":\"https:\\\/\\\/archiv.siov.sk\\\/\",\"logo\":{\"@type\":\"ImageObject\",\"inLanguage\":\"en-GB\",\"@id\":\"https:\\\/\\\/archiv.siov.sk\\\/#\\\/schema\\\/logo\\\/image\\\/\",\"url\":\"https:\\\/\\\/archiv.siov.sk\\\/wp-content\\\/uploads\\\/2024\\\/02\\\/logo-SIOV.png\",\"contentUrl\":\"https:\\\/\\\/archiv.siov.sk\\\/wp-content\\\/uploads\\\/2024\\\/02\\\/logo-SIOV.png\",\"width\":431,\"height\":143,\"caption\":\"\u0160IOV - \u0161t\u00e1tny in\u0161tit\u00fat odborn\u00e9ho vzdel\u00e1vania\"},\"image\":{\"@id\":\"https:\\\/\\\/archiv.siov.sk\\\/#\\\/schema\\\/logo\\\/image\\\/\"},\"sameAs\":[\"https:\\\/\\\/www.facebook.com\\\/Statnyinstitutodbornehovzdelavania\"]},{\"@type\":\"Person\",\"@id\":\"https:\\\/\\\/archiv.siov.sk\\\/#\\\/schema\\\/person\\\/2d35146a9c0fa51b027e8ff319cee627\",\"name\":\"Gabriela Budayov\u00e1\",\"url\":\"https:\\\/\\\/archiv.siov.sk\\\/en\\\/author\\\/gabriela-budayova\\\/\"}]}<\/script>\n<!-- \/ Yoast SEO plugin. -->","yoast_head_json":{"title":"Konferencia U\u010di\u0165 sa inak uk\u00e1zala nov\u00e9 cesty vzdel\u00e1vania dospel\u00fdch - \u0160IOV - \u0161t\u00e1tny in\u0161tit\u00fat odborn\u00e9ho vzdel\u00e1vania","description":"Na konferencii U\u010di\u0165 sa inak odborn\u00edci z akademick\u00e9ho prostredia, v\u00fdskumu, mimovl\u00e1dnych organiz\u00e1ci\u00ed aj praxe predstavili rozmanit\u00e9 podoby celo\u017eivotn\u00e9ho vzdel\u00e1vania.","robots":{"index":"index","follow":"follow","max-snippet":"max-snippet:-1","max-image-preview":"max-image-preview:large","max-video-preview":"max-video-preview:-1"},"canonical":"https:\/\/archiv.siov.sk\/en\/ucit-sa-inak\/","og_locale":"en_GB","og_type":"article","og_title":"Konferencia U\u010di\u0165 sa inak uk\u00e1zala nov\u00e9 cesty vzdel\u00e1vania dospel\u00fdch - \u0160IOV - \u0161t\u00e1tny in\u0161tit\u00fat odborn\u00e9ho vzdel\u00e1vania","og_description":"Na konferencii U\u010di\u0165 sa inak odborn\u00edci z akademick\u00e9ho prostredia, v\u00fdskumu, mimovl\u00e1dnych organiz\u00e1ci\u00ed aj praxe predstavili rozmanit\u00e9 podoby celo\u017eivotn\u00e9ho vzdel\u00e1vania.","og_url":"https:\/\/archiv.siov.sk\/en\/ucit-sa-inak\/","og_site_name":"\u0160IOV - \u0161t\u00e1tny in\u0161tit\u00fat odborn\u00e9ho vzdel\u00e1vania","article_publisher":"https:\/\/www.facebook.com\/Statnyinstitutodbornehovzdelavania","article_published_time":"2025-10-20T08:35:07+00:00","article_modified_time":"2025-10-20T08:47:19+00:00","og_image":[{"width":2048,"height":1365,"url":"https:\/\/archiv.siov.sk\/wp-content\/uploads\/2025\/10\/Konferencia_ucit_inak_Bratislava_16.10.2025-012.jpg","type":"image\/jpeg"}],"author":"Gabriela Budayov\u00e1","twitter_card":"summary_large_image","twitter_misc":{"Written by":"Gabriela Budayov\u00e1","Estimated reading time":"4 minutes"},"schema":{"@context":"https:\/\/schema.org","@graph":[{"@type":"Article","@id":"https:\/\/archiv.siov.sk\/ucit-sa-inak\/#article","isPartOf":{"@id":"https:\/\/archiv.siov.sk\/ucit-sa-inak\/"},"author":{"name":"Gabriela Budayov\u00e1","@id":"https:\/\/archiv.siov.sk\/#\/schema\/person\/2d35146a9c0fa51b027e8ff319cee627"},"headline":"Konferencia U\u010di\u0165 sa inak uk\u00e1zala nov\u00e9 cesty vzdel\u00e1vania dospel\u00fdch","datePublished":"2025-10-20T08:35:07+00:00","dateModified":"2025-10-20T08:47:19+00:00","mainEntityOfPage":{"@id":"https:\/\/archiv.siov.sk\/ucit-sa-inak\/"},"wordCount":771,"publisher":{"@id":"https:\/\/archiv.siov.sk\/#organization"},"image":{"@id":"https:\/\/archiv.siov.sk\/ucit-sa-inak\/#primaryimage"},"thumbnailUrl":"https:\/\/archiv.siov.sk\/wp-content\/uploads\/2025\/10\/Konferencia_ucit_inak_Bratislava_16.10.2025-012.jpg","articleSection":["Aktuality"],"inLanguage":"en-GB"},{"@type":"WebPage","@id":"https:\/\/archiv.siov.sk\/ucit-sa-inak\/","url":"https:\/\/archiv.siov.sk\/ucit-sa-inak\/","name":"Konferencia U\u010di\u0165 sa inak uk\u00e1zala nov\u00e9 cesty vzdel\u00e1vania dospel\u00fdch - \u0160IOV - \u0161t\u00e1tny in\u0161tit\u00fat odborn\u00e9ho vzdel\u00e1vania","isPartOf":{"@id":"https:\/\/archiv.siov.sk\/#website"},"primaryImageOfPage":{"@id":"https:\/\/archiv.siov.sk\/ucit-sa-inak\/#primaryimage"},"image":{"@id":"https:\/\/archiv.siov.sk\/ucit-sa-inak\/#primaryimage"},"thumbnailUrl":"https:\/\/archiv.siov.sk\/wp-content\/uploads\/2025\/10\/Konferencia_ucit_inak_Bratislava_16.10.2025-012.jpg","datePublished":"2025-10-20T08:35:07+00:00","dateModified":"2025-10-20T08:47:19+00:00","description":"Na konferencii U\u010di\u0165 sa inak odborn\u00edci z akademick\u00e9ho prostredia, v\u00fdskumu, mimovl\u00e1dnych organiz\u00e1ci\u00ed aj praxe predstavili rozmanit\u00e9 podoby celo\u017eivotn\u00e9ho vzdel\u00e1vania.","breadcrumb":{"@id":"https:\/\/archiv.siov.sk\/ucit-sa-inak\/#breadcrumb"},"inLanguage":"en-GB","potentialAction":[{"@type":"ReadAction","target":["https:\/\/archiv.siov.sk\/ucit-sa-inak\/"]}]},{"@type":"ImageObject","inLanguage":"en-GB","@id":"https:\/\/archiv.siov.sk\/ucit-sa-inak\/#primaryimage","url":"https:\/\/archiv.siov.sk\/wp-content\/uploads\/2025\/10\/Konferencia_ucit_inak_Bratislava_16.10.2025-012.jpg","contentUrl":"https:\/\/archiv.siov.sk\/wp-content\/uploads\/2025\/10\/Konferencia_ucit_inak_Bratislava_16.10.2025-012.jpg","width":2048,"height":1365,"caption":"konferencia 16.10.2025"},{"@type":"BreadcrumbList","@id":"https:\/\/archiv.siov.sk\/ucit-sa-inak\/#breadcrumb","itemListElement":[{"@type":"ListItem","position":1,"name":"Home","item":"https:\/\/archiv.siov.sk\/"},{"@type":"ListItem","position":2,"name":"Konferencia U\u010di\u0165 sa inak uk\u00e1zala nov\u00e9 cesty vzdel\u00e1vania dospel\u00fdch"}]},{"@type":"WebSite","@id":"https:\/\/archiv.siov.sk\/#website","url":"https:\/\/archiv.siov.sk\/","name":"\u0160IOV - \u0161t\u00e1tny in\u0161tit\u00fat odborn\u00e9ho vzdel\u00e1vania","description":"","publisher":{"@id":"https:\/\/archiv.siov.sk\/#organization"},"potentialAction":[{"@type":"SearchAction","target":{"@type":"EntryPoint","urlTemplate":"https:\/\/archiv.siov.sk\/?s={search_term_string}"},"query-input":{"@type":"PropertyValueSpecification","valueRequired":true,"valueName":"search_term_string"}}],"inLanguage":"en-GB"},{"@type":"Organization","@id":"https:\/\/archiv.siov.sk\/#organization","name":"\u0160IOV - \u0161t\u00e1tny in\u0161tit\u00fat odborn\u00e9ho vzdel\u00e1vania","url":"https:\/\/archiv.siov.sk\/","logo":{"@type":"ImageObject","inLanguage":"en-GB","@id":"https:\/\/archiv.siov.sk\/#\/schema\/logo\/image\/","url":"https:\/\/archiv.siov.sk\/wp-content\/uploads\/2024\/02\/logo-SIOV.png","contentUrl":"https:\/\/archiv.siov.sk\/wp-content\/uploads\/2024\/02\/logo-SIOV.png","width":431,"height":143,"caption":"\u0160IOV - \u0161t\u00e1tny in\u0161tit\u00fat odborn\u00e9ho vzdel\u00e1vania"},"image":{"@id":"https:\/\/archiv.siov.sk\/#\/schema\/logo\/image\/"},"sameAs":["https:\/\/www.facebook.com\/Statnyinstitutodbornehovzdelavania"]},{"@type":"Person","@id":"https:\/\/archiv.siov.sk\/#\/schema\/person\/2d35146a9c0fa51b027e8ff319cee627","name":"Gabriela Budayov\u00e1","url":"https:\/\/archiv.siov.sk\/en\/author\/gabriela-budayova\/"}]}},"_links":{"self":[{"href":"https:\/\/archiv.siov.sk\/en\/wp-json\/wp\/v2\/posts\/21535","targetHints":{"allow":["GET"]}}],"collection":[{"href":"https:\/\/archiv.siov.sk\/en\/wp-json\/wp\/v2\/posts"}],"about":[{"href":"https:\/\/archiv.siov.sk\/en\/wp-json\/wp\/v2\/types\/post"}],"author":[{"embeddable":true,"href":"https:\/\/archiv.siov.sk\/en\/wp-json\/wp\/v2\/users\/10"}],"replies":[{"embeddable":true,"href":"https:\/\/archiv.siov.sk\/en\/wp-json\/wp\/v2\/comments?post=21535"}],"version-history":[{"count":16,"href":"https:\/\/archiv.siov.sk\/en\/wp-json\/wp\/v2\/posts\/21535\/revisions"}],"predecessor-version":[{"id":21587,"href":"https:\/\/archiv.siov.sk\/en\/wp-json\/wp\/v2\/posts\/21535\/revisions\/21587"}],"wp:featuredmedia":[{"embeddable":true,"href":"https:\/\/archiv.siov.sk\/en\/wp-json\/wp\/v2\/media\/21536"}],"wp:attachment":[{"href":"https:\/\/archiv.siov.sk\/en\/wp-json\/wp\/v2\/media?parent=21535"}],"wp:term":[{"taxonomy":"category","embeddable":true,"href":"https:\/\/archiv.siov.sk\/en\/wp-json\/wp\/v2\/categories?post=21535"},{"taxonomy":"post_tag","embeddable":true,"href":"https:\/\/archiv.siov.sk\/en\/wp-json\/wp\/v2\/tags?post=21535"}],"curies":[{"name":"wp","href":"https:\/\/api.w.org\/{rel}","templated":true}]}}