{"id":21484,"date":"2025-10-08T15:41:07","date_gmt":"2025-10-08T13:41:07","guid":{"rendered":"https:\/\/archiv.siov.sk\/?p=21484"},"modified":"2025-10-08T15:41:07","modified_gmt":"2025-10-08T13:41:07","slug":"trasovanie-absolventov-prostrednictvom-narodneho-dotaznika-startuje-po-druhykrat","status":"publish","type":"post","link":"https:\/\/archiv.siov.sk\/en\/trasovanie-absolventov-prostrednictvom-narodneho-dotaznika-startuje-po-druhykrat\/","title":{"rendered":"Trasovanie absolventov prostredn\u00edctvom n\u00e1rodn\u00e9ho dotazn\u00edka \u0161tartuje po druh\u00fdkr\u00e1t"},"content":{"rendered":"<p>V okt\u00f3bri 2025 op\u00e4\u0165 sp\u00fa\u0161\u0165ame trasovanie absolventov stredn\u00fdch odborn\u00fdch \u0161k\u00f4l prostredn\u00edctvom n\u00e1rodn\u00e9ho dotazn\u00edka. Tento rok bude zameran\u00fd na absolventov, ktor\u00ed ukon\u010dili \u0161t\u00fadium v\u00a0\u0161kolskom roku 2023\/2024.<\/p>\n<p>Zber \u00fadajov prebehne v term\u00edne <strong>od 20. okt\u00f3bra do 3. novembra 2025<\/strong> a cie\u013eom je z\u00edska\u0165 sp\u00e4tn\u00fa v\u00e4zbu o ich uplatnen\u00ed, sk\u00fasenostiach po \u0161kole a \u010fal\u0161\u00edch krokoch na trhu pr\u00e1ce.<br \/>\nZapojenie sa do zberu \u00fadajov je otvoren\u00e9 pre v\u0161etky stredn\u00e9 odborn\u00e9 \u0161koly, aj tie, ktor\u00e9 sa nez\u00fa\u010dastnili prv\u00e9ho kola.<br \/>\nAk m\u00e1 va\u0161a \u0161kola z\u00e1ujem zapoji\u0165 sa do zberu \u00fadajov a z\u00edska\u0165 cenn\u00e9 d\u00e1ta o svojich absolventoch, kontaktujte, pros\u00edm, kolegy\u0148u na e-mailovej adrese <a href=\"mailto:tatiana.poncakova@siov.sk\">tatiana.poncakova@siov.sk<\/a>.<\/p>\n<p>Viac o\u00a0trasovan\u00ed absolventov: <a href=\"http:\/\/www.okvalite.sk\" target=\"_blank\" rel=\"noopener\">www.okvalite.sk<\/a><\/p>\n<figure id=\"attachment_18660\" aria-describedby=\"caption-attachment-18660\" style=\"width: 450px\" class=\"wp-caption aligncenter\"><img decoding=\"async\" class=\"wp-image-18660\" src=\"https:\/\/archiv.siov.sk\/wp-content\/uploads\/2025\/04\/loga_np_kvalita-300x46.png\" alt=\"loga_kvalita_projekt\" width=\"450\" height=\"70\" srcset=\"https:\/\/archiv.siov.sk\/wp-content\/uploads\/2025\/04\/loga_np_kvalita-300x46.png 300w, https:\/\/archiv.siov.sk\/wp-content\/uploads\/2025\/04\/loga_np_kvalita-1024x158.png 1024w, https:\/\/archiv.siov.sk\/wp-content\/uploads\/2025\/04\/loga_np_kvalita-768x119.png 768w, https:\/\/archiv.siov.sk\/wp-content\/uploads\/2025\/04\/loga_np_kvalita-18x3.png 18w, https:\/\/archiv.siov.sk\/wp-content\/uploads\/2025\/04\/elementor\/thumbs\/loga_np_kvalita-r5cjqsfvrn5sfhsjyrw97tvig25lp3e6m5t1uzcj7g.png 450w, https:\/\/archiv.siov.sk\/wp-content\/uploads\/2025\/04\/loga_np_kvalita.png 1229w\" sizes=\"(max-width: 450px) 100vw, 450px\" \/><figcaption id=\"caption-attachment-18660\" class=\"wp-caption-text\">Aktivita je realizovan\u00e1 v r\u00e1mci n\u00e1rodn\u00e9ho projektu Zavedenie mana\u017e\u00e9rstva kvality v OVP a VD s finan\u010dnou podporou Eur\u00f3pskej \u00fanie v r\u00e1mci Programu Slovensko.<\/figcaption><\/figure>","protected":false},"excerpt":{"rendered":"<p>V okt\u00f3bri 2025 op\u00e4\u0165 sp\u00fa\u0161\u0165ame trasovanie absolventov stredn\u00fdch odborn\u00fdch \u0161k\u00f4l prostredn\u00edctvom n\u00e1rodn\u00e9ho dotazn\u00edka. Tento rok bude zameran\u00fd na absolventov, ktor\u00ed ukon\u010dili \u0161t\u00fadium v\u00a0\u0161kolskom roku 2023\/2024. Zber \u00fadajov prebehne v term\u00edne od 20. okt\u00f3bra do 3. novembra 2025 a cie\u013eom je z\u00edska\u0165 sp\u00e4tn\u00fa v\u00e4zbu o ich uplatnen\u00ed, sk\u00fasenostiach po \u0161kole a \u010fal\u0161\u00edch krokoch na trhu pr\u00e1ce. [&hellip;]<\/p>\n","protected":false},"author":10,"featured_media":21485,"comment_status":"closed","ping_status":"closed","sticky":false,"template":"","format":"standard","meta":{"site-sidebar-layout":"default","site-content-layout":"","ast-site-content-layout":"default","site-content-style":"default","site-sidebar-style":"default","ast-global-header-display":"","ast-banner-title-visibility":"","ast-main-header-display":"","ast-hfb-above-header-display":"","ast-hfb-below-header-display":"","ast-hfb-mobile-header-display":"","site-post-title":"","ast-breadcrumbs-content":"","ast-featured-img":"","footer-sml-layout":"","ast-disable-related-posts":"","theme-transparent-header-meta":"default","adv-header-id-meta":"","stick-header-meta":"default","header-above-stick-meta":"","header-main-stick-meta":"","header-below-stick-meta":"","astra-migrate-meta-layouts":"set","ast-page-background-enabled":"default","ast-page-background-meta":{"desktop":{"background-color":"var(--ast-global-color-4)","background-image":"","background-repeat":"repeat","background-position":"center center","background-size":"auto","background-attachment":"scroll","background-type":"","background-media":"","overlay-type":"","overlay-color":"","overlay-opacity":"","overlay-gradient":""},"tablet":{"background-color":"","background-image":"","background-repeat":"repeat","background-position":"center center","background-size":"auto","background-attachment":"scroll","background-type":"","background-media":"","overlay-type":"","overlay-color":"","overlay-opacity":"","overlay-gradient":""},"mobile":{"background-color":"","background-image":"","background-repeat":"repeat","background-position":"center center","background-size":"auto","background-attachment":"scroll","background-type":"","background-media":"","overlay-type":"","overlay-color":"","overlay-opacity":"","overlay-gradient":""}},"ast-content-background-meta":{"desktop":{"background-color":"var(--ast-global-color-5)","background-image":"","background-repeat":"repeat","background-position":"center center","background-size":"auto","background-attachment":"scroll","background-type":"","background-media":"","overlay-type":"","overlay-color":"","overlay-opacity":"","overlay-gradient":""},"tablet":{"background-color":"var(--ast-global-color-5)","background-image":"","background-repeat":"repeat","background-position":"center center","background-size":"auto","background-attachment":"scroll","background-type":"","background-media":"","overlay-type":"","overlay-color":"","overlay-opacity":"","overlay-gradient":""},"mobile":{"background-color":"var(--ast-global-color-5)","background-image":"","background-repeat":"repeat","background-position":"center center","background-size":"auto","background-attachment":"scroll","background-type":"","background-media":"","overlay-type":"","overlay-color":"","overlay-opacity":"","overlay-gradient":""}},"footnotes":""},"categories":[1],"tags":[],"class_list":["post-21484","post","type-post","status-publish","format-standard","has-post-thumbnail","hentry","category-aktuality"],"yoast_head":"<!-- This site is optimized with the Yoast SEO plugin v27.5 - https:\/\/yoast.com\/product\/yoast-seo-wordpress\/ -->\n<title>Trasovanie absolventov prostredn\u00edctvom n\u00e1rodn\u00e9ho dotazn\u00edka \u0161tartuje po druh\u00fdkr\u00e1t - \u0160IOV - \u0161t\u00e1tny in\u0161tit\u00fat odborn\u00e9ho vzdel\u00e1vania<\/title>\n<meta name=\"description\" content=\"V okt\u00f3bri 2025 op\u00e4\u0165 sp\u00fa\u0161\u0165ame trasovanie absolventov stredn\u00fdch odborn\u00fdch \u0161k\u00f4l prostredn\u00edctvom n\u00e1rodn\u00e9ho dotazn\u00edka. Bude zameran\u00fd na absolventov, ktor\u00ed ukon\u010dili \u0161t\u00fadium v \u0161kolskom roku 2023\/2024.\" \/>\n<meta name=\"robots\" content=\"index, follow, max-snippet:-1, max-image-preview:large, max-video-preview:-1\" \/>\n<link rel=\"canonical\" href=\"https:\/\/archiv.siov.sk\/en\/trasovanie-absolventov-prostrednictvom-narodneho-dotaznika-startuje-po-druhykrat\/\" \/>\n<meta property=\"og:locale\" content=\"en_GB\" \/>\n<meta property=\"og:type\" content=\"article\" \/>\n<meta property=\"og:title\" content=\"Trasovanie absolventov prostredn\u00edctvom n\u00e1rodn\u00e9ho dotazn\u00edka \u0161tartuje po druh\u00fdkr\u00e1t - \u0160IOV - \u0161t\u00e1tny in\u0161tit\u00fat odborn\u00e9ho vzdel\u00e1vania\" \/>\n<meta property=\"og:description\" content=\"V okt\u00f3bri 2025 op\u00e4\u0165 sp\u00fa\u0161\u0165ame trasovanie absolventov stredn\u00fdch odborn\u00fdch \u0161k\u00f4l prostredn\u00edctvom n\u00e1rodn\u00e9ho dotazn\u00edka. Bude zameran\u00fd na absolventov, ktor\u00ed ukon\u010dili \u0161t\u00fadium v \u0161kolskom roku 2023\/2024.\" \/>\n<meta property=\"og:url\" content=\"https:\/\/archiv.siov.sk\/en\/trasovanie-absolventov-prostrednictvom-narodneho-dotaznika-startuje-po-druhykrat\/\" \/>\n<meta property=\"og:site_name\" content=\"\u0160IOV - \u0161t\u00e1tny in\u0161tit\u00fat odborn\u00e9ho vzdel\u00e1vania\" \/>\n<meta property=\"article:publisher\" content=\"https:\/\/www.facebook.com\/Statnyinstitutodbornehovzdelavania\" \/>\n<meta property=\"article:published_time\" content=\"2025-10-08T13:41:07+00:00\" \/>\n<meta property=\"og:image\" content=\"https:\/\/archiv.siov.sk\/wp-content\/uploads\/2025\/10\/narodny_dotaznik_FB_prispevok-2.png\" \/>\n\t<meta property=\"og:image:width\" content=\"2245\" \/>\n\t<meta property=\"og:image:height\" content=\"1587\" \/>\n\t<meta property=\"og:image:type\" content=\"image\/png\" \/>\n<meta name=\"author\" content=\"Gabriela Budayov\u00e1\" \/>\n<meta name=\"twitter:card\" content=\"summary_large_image\" \/>\n<meta name=\"twitter:label1\" content=\"Written by\" \/>\n\t<meta name=\"twitter:data1\" content=\"Gabriela Budayov\u00e1\" \/>\n\t<meta name=\"twitter:label2\" content=\"Estimated reading time\" \/>\n\t<meta name=\"twitter:data2\" content=\"2 minutes\" \/>\n<script type=\"application\/ld+json\" class=\"yoast-schema-graph\">{\"@context\":\"https:\\\/\\\/schema.org\",\"@graph\":[{\"@type\":\"Article\",\"@id\":\"https:\\\/\\\/archiv.siov.sk\\\/trasovanie-absolventov-prostrednictvom-narodneho-dotaznika-startuje-po-druhykrat\\\/#article\",\"isPartOf\":{\"@id\":\"https:\\\/\\\/archiv.siov.sk\\\/trasovanie-absolventov-prostrednictvom-narodneho-dotaznika-startuje-po-druhykrat\\\/\"},\"author\":{\"name\":\"Gabriela Budayov\u00e1\",\"@id\":\"https:\\\/\\\/archiv.siov.sk\\\/#\\\/schema\\\/person\\\/2d35146a9c0fa51b027e8ff319cee627\"},\"headline\":\"Trasovanie absolventov prostredn\u00edctvom n\u00e1rodn\u00e9ho dotazn\u00edka \u0161tartuje po druh\u00fdkr\u00e1t\",\"datePublished\":\"2025-10-08T13:41:07+00:00\",\"mainEntityOfPage\":{\"@id\":\"https:\\\/\\\/archiv.siov.sk\\\/trasovanie-absolventov-prostrednictvom-narodneho-dotaznika-startuje-po-druhykrat\\\/\"},\"wordCount\":184,\"publisher\":{\"@id\":\"https:\\\/\\\/archiv.siov.sk\\\/#organization\"},\"image\":{\"@id\":\"https:\\\/\\\/archiv.siov.sk\\\/trasovanie-absolventov-prostrednictvom-narodneho-dotaznika-startuje-po-druhykrat\\\/#primaryimage\"},\"thumbnailUrl\":\"https:\\\/\\\/archiv.siov.sk\\\/wp-content\\\/uploads\\\/2025\\\/10\\\/narodny_dotaznik_FB_prispevok-2.png\",\"articleSection\":[\"Aktuality\"],\"inLanguage\":\"en-GB\"},{\"@type\":\"WebPage\",\"@id\":\"https:\\\/\\\/archiv.siov.sk\\\/trasovanie-absolventov-prostrednictvom-narodneho-dotaznika-startuje-po-druhykrat\\\/\",\"url\":\"https:\\\/\\\/archiv.siov.sk\\\/trasovanie-absolventov-prostrednictvom-narodneho-dotaznika-startuje-po-druhykrat\\\/\",\"name\":\"Trasovanie absolventov prostredn\u00edctvom n\u00e1rodn\u00e9ho dotazn\u00edka \u0161tartuje po druh\u00fdkr\u00e1t - \u0160IOV - \u0161t\u00e1tny in\u0161tit\u00fat odborn\u00e9ho vzdel\u00e1vania\",\"isPartOf\":{\"@id\":\"https:\\\/\\\/archiv.siov.sk\\\/#website\"},\"primaryImageOfPage\":{\"@id\":\"https:\\\/\\\/archiv.siov.sk\\\/trasovanie-absolventov-prostrednictvom-narodneho-dotaznika-startuje-po-druhykrat\\\/#primaryimage\"},\"image\":{\"@id\":\"https:\\\/\\\/archiv.siov.sk\\\/trasovanie-absolventov-prostrednictvom-narodneho-dotaznika-startuje-po-druhykrat\\\/#primaryimage\"},\"thumbnailUrl\":\"https:\\\/\\\/archiv.siov.sk\\\/wp-content\\\/uploads\\\/2025\\\/10\\\/narodny_dotaznik_FB_prispevok-2.png\",\"datePublished\":\"2025-10-08T13:41:07+00:00\",\"description\":\"V okt\u00f3bri 2025 op\u00e4\u0165 sp\u00fa\u0161\u0165ame trasovanie absolventov stredn\u00fdch odborn\u00fdch \u0161k\u00f4l prostredn\u00edctvom n\u00e1rodn\u00e9ho dotazn\u00edka. Bude zameran\u00fd na absolventov, ktor\u00ed ukon\u010dili \u0161t\u00fadium v \u0161kolskom roku 2023\\\/2024.\",\"breadcrumb\":{\"@id\":\"https:\\\/\\\/archiv.siov.sk\\\/trasovanie-absolventov-prostrednictvom-narodneho-dotaznika-startuje-po-druhykrat\\\/#breadcrumb\"},\"inLanguage\":\"en-GB\",\"potentialAction\":[{\"@type\":\"ReadAction\",\"target\":[\"https:\\\/\\\/archiv.siov.sk\\\/trasovanie-absolventov-prostrednictvom-narodneho-dotaznika-startuje-po-druhykrat\\\/\"]}]},{\"@type\":\"ImageObject\",\"inLanguage\":\"en-GB\",\"@id\":\"https:\\\/\\\/archiv.siov.sk\\\/trasovanie-absolventov-prostrednictvom-narodneho-dotaznika-startuje-po-druhykrat\\\/#primaryimage\",\"url\":\"https:\\\/\\\/archiv.siov.sk\\\/wp-content\\\/uploads\\\/2025\\\/10\\\/narodny_dotaznik_FB_prispevok-2.png\",\"contentUrl\":\"https:\\\/\\\/archiv.siov.sk\\\/wp-content\\\/uploads\\\/2025\\\/10\\\/narodny_dotaznik_FB_prispevok-2.png\",\"width\":2245,\"height\":1587,\"caption\":\"plagat trasovanie absolventov\"},{\"@type\":\"BreadcrumbList\",\"@id\":\"https:\\\/\\\/archiv.siov.sk\\\/trasovanie-absolventov-prostrednictvom-narodneho-dotaznika-startuje-po-druhykrat\\\/#breadcrumb\",\"itemListElement\":[{\"@type\":\"ListItem\",\"position\":1,\"name\":\"Home\",\"item\":\"https:\\\/\\\/archiv.siov.sk\\\/\"},{\"@type\":\"ListItem\",\"position\":2,\"name\":\"Trasovanie absolventov prostredn\u00edctvom n\u00e1rodn\u00e9ho dotazn\u00edka \u0161tartuje po druh\u00fdkr\u00e1t\"}]},{\"@type\":\"WebSite\",\"@id\":\"https:\\\/\\\/archiv.siov.sk\\\/#website\",\"url\":\"https:\\\/\\\/archiv.siov.sk\\\/\",\"name\":\"\u0160IOV - \u0161t\u00e1tny in\u0161tit\u00fat odborn\u00e9ho vzdel\u00e1vania\",\"description\":\"\",\"publisher\":{\"@id\":\"https:\\\/\\\/archiv.siov.sk\\\/#organization\"},\"potentialAction\":[{\"@type\":\"SearchAction\",\"target\":{\"@type\":\"EntryPoint\",\"urlTemplate\":\"https:\\\/\\\/archiv.siov.sk\\\/?s={search_term_string}\"},\"query-input\":{\"@type\":\"PropertyValueSpecification\",\"valueRequired\":true,\"valueName\":\"search_term_string\"}}],\"inLanguage\":\"en-GB\"},{\"@type\":\"Organization\",\"@id\":\"https:\\\/\\\/archiv.siov.sk\\\/#organization\",\"name\":\"\u0160IOV - \u0161t\u00e1tny in\u0161tit\u00fat odborn\u00e9ho vzdel\u00e1vania\",\"url\":\"https:\\\/\\\/archiv.siov.sk\\\/\",\"logo\":{\"@type\":\"ImageObject\",\"inLanguage\":\"en-GB\",\"@id\":\"https:\\\/\\\/archiv.siov.sk\\\/#\\\/schema\\\/logo\\\/image\\\/\",\"url\":\"https:\\\/\\\/archiv.siov.sk\\\/wp-content\\\/uploads\\\/2024\\\/02\\\/logo-SIOV.png\",\"contentUrl\":\"https:\\\/\\\/archiv.siov.sk\\\/wp-content\\\/uploads\\\/2024\\\/02\\\/logo-SIOV.png\",\"width\":431,\"height\":143,\"caption\":\"\u0160IOV - \u0161t\u00e1tny in\u0161tit\u00fat odborn\u00e9ho vzdel\u00e1vania\"},\"image\":{\"@id\":\"https:\\\/\\\/archiv.siov.sk\\\/#\\\/schema\\\/logo\\\/image\\\/\"},\"sameAs\":[\"https:\\\/\\\/www.facebook.com\\\/Statnyinstitutodbornehovzdelavania\"]},{\"@type\":\"Person\",\"@id\":\"https:\\\/\\\/archiv.siov.sk\\\/#\\\/schema\\\/person\\\/2d35146a9c0fa51b027e8ff319cee627\",\"name\":\"Gabriela Budayov\u00e1\",\"url\":\"https:\\\/\\\/archiv.siov.sk\\\/en\\\/author\\\/gabriela-budayova\\\/\"}]}<\/script>\n<!-- \/ Yoast SEO plugin. -->","yoast_head_json":{"title":"Trasovanie absolventov prostredn\u00edctvom n\u00e1rodn\u00e9ho dotazn\u00edka \u0161tartuje po druh\u00fdkr\u00e1t - \u0160IOV - \u0161t\u00e1tny in\u0161tit\u00fat odborn\u00e9ho vzdel\u00e1vania","description":"V okt\u00f3bri 2025 op\u00e4\u0165 sp\u00fa\u0161\u0165ame trasovanie absolventov stredn\u00fdch odborn\u00fdch \u0161k\u00f4l prostredn\u00edctvom n\u00e1rodn\u00e9ho dotazn\u00edka. Bude zameran\u00fd na absolventov, ktor\u00ed ukon\u010dili \u0161t\u00fadium v \u0161kolskom roku 2023\/2024.","robots":{"index":"index","follow":"follow","max-snippet":"max-snippet:-1","max-image-preview":"max-image-preview:large","max-video-preview":"max-video-preview:-1"},"canonical":"https:\/\/archiv.siov.sk\/en\/trasovanie-absolventov-prostrednictvom-narodneho-dotaznika-startuje-po-druhykrat\/","og_locale":"en_GB","og_type":"article","og_title":"Trasovanie absolventov prostredn\u00edctvom n\u00e1rodn\u00e9ho dotazn\u00edka \u0161tartuje po druh\u00fdkr\u00e1t - \u0160IOV - \u0161t\u00e1tny in\u0161tit\u00fat odborn\u00e9ho vzdel\u00e1vania","og_description":"V okt\u00f3bri 2025 op\u00e4\u0165 sp\u00fa\u0161\u0165ame trasovanie absolventov stredn\u00fdch odborn\u00fdch \u0161k\u00f4l prostredn\u00edctvom n\u00e1rodn\u00e9ho dotazn\u00edka. Bude zameran\u00fd na absolventov, ktor\u00ed ukon\u010dili \u0161t\u00fadium v \u0161kolskom roku 2023\/2024.","og_url":"https:\/\/archiv.siov.sk\/en\/trasovanie-absolventov-prostrednictvom-narodneho-dotaznika-startuje-po-druhykrat\/","og_site_name":"\u0160IOV - \u0161t\u00e1tny in\u0161tit\u00fat odborn\u00e9ho vzdel\u00e1vania","article_publisher":"https:\/\/www.facebook.com\/Statnyinstitutodbornehovzdelavania","article_published_time":"2025-10-08T13:41:07+00:00","og_image":[{"width":2245,"height":1587,"url":"https:\/\/archiv.siov.sk\/wp-content\/uploads\/2025\/10\/narodny_dotaznik_FB_prispevok-2.png","type":"image\/png"}],"author":"Gabriela Budayov\u00e1","twitter_card":"summary_large_image","twitter_misc":{"Written by":"Gabriela Budayov\u00e1","Estimated reading time":"2 minutes"},"schema":{"@context":"https:\/\/schema.org","@graph":[{"@type":"Article","@id":"https:\/\/archiv.siov.sk\/trasovanie-absolventov-prostrednictvom-narodneho-dotaznika-startuje-po-druhykrat\/#article","isPartOf":{"@id":"https:\/\/archiv.siov.sk\/trasovanie-absolventov-prostrednictvom-narodneho-dotaznika-startuje-po-druhykrat\/"},"author":{"name":"Gabriela Budayov\u00e1","@id":"https:\/\/archiv.siov.sk\/#\/schema\/person\/2d35146a9c0fa51b027e8ff319cee627"},"headline":"Trasovanie absolventov prostredn\u00edctvom n\u00e1rodn\u00e9ho dotazn\u00edka \u0161tartuje po druh\u00fdkr\u00e1t","datePublished":"2025-10-08T13:41:07+00:00","mainEntityOfPage":{"@id":"https:\/\/archiv.siov.sk\/trasovanie-absolventov-prostrednictvom-narodneho-dotaznika-startuje-po-druhykrat\/"},"wordCount":184,"publisher":{"@id":"https:\/\/archiv.siov.sk\/#organization"},"image":{"@id":"https:\/\/archiv.siov.sk\/trasovanie-absolventov-prostrednictvom-narodneho-dotaznika-startuje-po-druhykrat\/#primaryimage"},"thumbnailUrl":"https:\/\/archiv.siov.sk\/wp-content\/uploads\/2025\/10\/narodny_dotaznik_FB_prispevok-2.png","articleSection":["Aktuality"],"inLanguage":"en-GB"},{"@type":"WebPage","@id":"https:\/\/archiv.siov.sk\/trasovanie-absolventov-prostrednictvom-narodneho-dotaznika-startuje-po-druhykrat\/","url":"https:\/\/archiv.siov.sk\/trasovanie-absolventov-prostrednictvom-narodneho-dotaznika-startuje-po-druhykrat\/","name":"Trasovanie absolventov prostredn\u00edctvom n\u00e1rodn\u00e9ho dotazn\u00edka \u0161tartuje po druh\u00fdkr\u00e1t - \u0160IOV - \u0161t\u00e1tny in\u0161tit\u00fat odborn\u00e9ho vzdel\u00e1vania","isPartOf":{"@id":"https:\/\/archiv.siov.sk\/#website"},"primaryImageOfPage":{"@id":"https:\/\/archiv.siov.sk\/trasovanie-absolventov-prostrednictvom-narodneho-dotaznika-startuje-po-druhykrat\/#primaryimage"},"image":{"@id":"https:\/\/archiv.siov.sk\/trasovanie-absolventov-prostrednictvom-narodneho-dotaznika-startuje-po-druhykrat\/#primaryimage"},"thumbnailUrl":"https:\/\/archiv.siov.sk\/wp-content\/uploads\/2025\/10\/narodny_dotaznik_FB_prispevok-2.png","datePublished":"2025-10-08T13:41:07+00:00","description":"V okt\u00f3bri 2025 op\u00e4\u0165 sp\u00fa\u0161\u0165ame trasovanie absolventov stredn\u00fdch odborn\u00fdch \u0161k\u00f4l prostredn\u00edctvom n\u00e1rodn\u00e9ho dotazn\u00edka. Bude zameran\u00fd na absolventov, ktor\u00ed ukon\u010dili \u0161t\u00fadium v \u0161kolskom roku 2023\/2024.","breadcrumb":{"@id":"https:\/\/archiv.siov.sk\/trasovanie-absolventov-prostrednictvom-narodneho-dotaznika-startuje-po-druhykrat\/#breadcrumb"},"inLanguage":"en-GB","potentialAction":[{"@type":"ReadAction","target":["https:\/\/archiv.siov.sk\/trasovanie-absolventov-prostrednictvom-narodneho-dotaznika-startuje-po-druhykrat\/"]}]},{"@type":"ImageObject","inLanguage":"en-GB","@id":"https:\/\/archiv.siov.sk\/trasovanie-absolventov-prostrednictvom-narodneho-dotaznika-startuje-po-druhykrat\/#primaryimage","url":"https:\/\/archiv.siov.sk\/wp-content\/uploads\/2025\/10\/narodny_dotaznik_FB_prispevok-2.png","contentUrl":"https:\/\/archiv.siov.sk\/wp-content\/uploads\/2025\/10\/narodny_dotaznik_FB_prispevok-2.png","width":2245,"height":1587,"caption":"plagat trasovanie absolventov"},{"@type":"BreadcrumbList","@id":"https:\/\/archiv.siov.sk\/trasovanie-absolventov-prostrednictvom-narodneho-dotaznika-startuje-po-druhykrat\/#breadcrumb","itemListElement":[{"@type":"ListItem","position":1,"name":"Home","item":"https:\/\/archiv.siov.sk\/"},{"@type":"ListItem","position":2,"name":"Trasovanie absolventov prostredn\u00edctvom n\u00e1rodn\u00e9ho dotazn\u00edka \u0161tartuje po druh\u00fdkr\u00e1t"}]},{"@type":"WebSite","@id":"https:\/\/archiv.siov.sk\/#website","url":"https:\/\/archiv.siov.sk\/","name":"\u0160IOV - \u0161t\u00e1tny in\u0161tit\u00fat odborn\u00e9ho vzdel\u00e1vania","description":"","publisher":{"@id":"https:\/\/archiv.siov.sk\/#organization"},"potentialAction":[{"@type":"SearchAction","target":{"@type":"EntryPoint","urlTemplate":"https:\/\/archiv.siov.sk\/?s={search_term_string}"},"query-input":{"@type":"PropertyValueSpecification","valueRequired":true,"valueName":"search_term_string"}}],"inLanguage":"en-GB"},{"@type":"Organization","@id":"https:\/\/archiv.siov.sk\/#organization","name":"\u0160IOV - \u0161t\u00e1tny in\u0161tit\u00fat odborn\u00e9ho vzdel\u00e1vania","url":"https:\/\/archiv.siov.sk\/","logo":{"@type":"ImageObject","inLanguage":"en-GB","@id":"https:\/\/archiv.siov.sk\/#\/schema\/logo\/image\/","url":"https:\/\/archiv.siov.sk\/wp-content\/uploads\/2024\/02\/logo-SIOV.png","contentUrl":"https:\/\/archiv.siov.sk\/wp-content\/uploads\/2024\/02\/logo-SIOV.png","width":431,"height":143,"caption":"\u0160IOV - \u0161t\u00e1tny in\u0161tit\u00fat odborn\u00e9ho vzdel\u00e1vania"},"image":{"@id":"https:\/\/archiv.siov.sk\/#\/schema\/logo\/image\/"},"sameAs":["https:\/\/www.facebook.com\/Statnyinstitutodbornehovzdelavania"]},{"@type":"Person","@id":"https:\/\/archiv.siov.sk\/#\/schema\/person\/2d35146a9c0fa51b027e8ff319cee627","name":"Gabriela Budayov\u00e1","url":"https:\/\/archiv.siov.sk\/en\/author\/gabriela-budayova\/"}]}},"_links":{"self":[{"href":"https:\/\/archiv.siov.sk\/en\/wp-json\/wp\/v2\/posts\/21484","targetHints":{"allow":["GET"]}}],"collection":[{"href":"https:\/\/archiv.siov.sk\/en\/wp-json\/wp\/v2\/posts"}],"about":[{"href":"https:\/\/archiv.siov.sk\/en\/wp-json\/wp\/v2\/types\/post"}],"author":[{"embeddable":true,"href":"https:\/\/archiv.siov.sk\/en\/wp-json\/wp\/v2\/users\/10"}],"replies":[{"embeddable":true,"href":"https:\/\/archiv.siov.sk\/en\/wp-json\/wp\/v2\/comments?post=21484"}],"version-history":[{"count":2,"href":"https:\/\/archiv.siov.sk\/en\/wp-json\/wp\/v2\/posts\/21484\/revisions"}],"predecessor-version":[{"id":21487,"href":"https:\/\/archiv.siov.sk\/en\/wp-json\/wp\/v2\/posts\/21484\/revisions\/21487"}],"wp:featuredmedia":[{"embeddable":true,"href":"https:\/\/archiv.siov.sk\/en\/wp-json\/wp\/v2\/media\/21485"}],"wp:attachment":[{"href":"https:\/\/archiv.siov.sk\/en\/wp-json\/wp\/v2\/media?parent=21484"}],"wp:term":[{"taxonomy":"category","embeddable":true,"href":"https:\/\/archiv.siov.sk\/en\/wp-json\/wp\/v2\/categories?post=21484"},{"taxonomy":"post_tag","embeddable":true,"href":"https:\/\/archiv.siov.sk\/en\/wp-json\/wp\/v2\/tags?post=21484"}],"curies":[{"name":"wp","href":"https:\/\/api.w.org\/{rel}","templated":true}]}}