{"id":21186,"date":"2025-09-30T11:55:08","date_gmt":"2025-09-30T09:55:08","guid":{"rendered":"https:\/\/archiv.siov.sk\/?p=21186"},"modified":"2025-09-30T12:20:25","modified_gmt":"2025-09-30T10:20:25","slug":"festival-zrucnosti-2025-v-obrazoch-a-cislach","status":"publish","type":"post","link":"https:\/\/archiv.siov.sk\/en\/festival-zrucnosti-2025-v-obrazoch-a-cislach\/","title":{"rendered":"Festival zru\u010dnost\u00ed 2025 v obrazoch a \u010d\u00edslach: \u010co priniesol a \u010d\u00edm in\u0161piroval?"},"content":{"rendered":"<div data-elementor-type=\"wp-post\" data-elementor-id=\"21186\" class=\"elementor elementor-21186\" data-elementor-post-type=\"post\">\n\t\t\t\t<div class=\"elementor-element elementor-element-c43f517 e-flex e-con-boxed e-con e-parent\" data-id=\"c43f517\" data-element_type=\"container\" data-e-type=\"container\">\n\t\t\t\t\t<div class=\"e-con-inner\">\n\t\t\t\t<div class=\"elementor-element elementor-element-6ae9aaf elementor-widget elementor-widget-text-editor\" data-id=\"6ae9aaf\" data-element_type=\"widget\" data-e-type=\"widget\" data-widget_type=\"text-editor.default\">\n\t\t\t\t<div class=\"elementor-widget-container\">\n\t\t\t\t\t\t\t\t\t<p>Zru\u010dnosti pre \u0161kolu, pr\u00e1cu aj \u017eivot. Aj o tom bol Festival zru\u010dnost\u00ed 2025, ktor\u00fd sa uskuto\u010dnil v Bratislave a viacer\u00fdch regi\u00f3noch Slovenska v t\u00fd\u017edni od 22. do 26. septembra. Po\u010das piatich dn\u00ed sa stretli odborn\u00edci, \u017eiaci, u\u010ditelia, zamestn\u00e1vatelia, z\u00e1stupcovia verejn\u00fdch in\u0161tit\u00faci\u00ed aj inov\u00e1tori, aby spolo\u010dne otvorili d\u00f4le\u017eit\u00e9 t\u00e9my, predstavili pr\u00edklady dobrej praxe a uk\u00e1zali, \u010do v\u0161etko dnes zru\u010dnosti znamenaj\u00fa.<\/p><h3><strong>Festival v \u010d\u00edslach<\/strong><\/h3><ul><li><strong>32 zapojen\u00fdch \u0161k\u00f4l<\/strong><\/li><li><strong>30 spolupracuj\u00facich organiz\u00e1ci\u00ed<\/strong><\/li><li><strong>2 odborn\u00e9 konferencie s takmer 200 \u00fa\u010dastn\u00edkmi<\/strong><\/li><li><strong>13 prezentuj\u00facich t\u00edmov a 120 \u00fa\u010dastn\u00edkov na Akad\u00e9mii talentov<\/strong><\/li><li><strong>62 vystavuj\u00facich na Trhu remesiel<\/strong><\/li><li><strong>45 prezentuj\u00facich na podujat\u00ed \u201ePrezent\u00e1cia zru\u010dnost\u00ed\u201c<\/strong><\/li><li><strong>Desiatky n\u00e1v\u0161tevn\u00edkov v st\u00e1nku Europass na Region\u00e1lnej burze pr\u00e1ce<\/strong><\/li><li><strong>Stovky n\u00e1v\u0161tevn\u00edkov po\u010das cel\u00e9ho festivalov\u00e9ho t\u00fd\u017ed\u0148a<\/strong><\/li><\/ul><h4><strong>\u010co priniesli jednotliv\u00e9 podujatia?\u00a0<\/strong><\/h4><p><span style=\"text-decoration: underline;\"><strong>Otv\u00e1racia konferencia: Ako Slovensko podporuje vznik zru\u010dnost\u00ed dospel\u00fdch?<\/strong><\/span><\/p><p>Nov\u00fd z\u00e1kon o vzdel\u00e1van\u00ed dospel\u00fdch, mikroosved\u010denia, certifik\u00e1cia vzdel\u00e1vac\u00edch in\u0161tit\u00faci\u00ed, individu\u00e1lne vzdel\u00e1vacie \u00fa\u010dty &#8211; to v\u0161etko rezonovalo v diskusi\u00e1ch s odborn\u00edkmi z ministerstva \u0161kolstva, Digit\u00e1lnej koal\u00edcie \u010di Aliancie sektorov\u00fdch r\u00e1d.<\/p>\t\t\t\t\t\t\t\t<\/div>\n\t\t\t\t<\/div>\n\t\t\t\t\t<\/div>\n\t\t\t\t<\/div>\n\t\t<div class=\"elementor-element elementor-element-aeff282 e-flex e-con-boxed e-con e-parent\" data-id=\"aeff282\" data-element_type=\"container\" data-e-type=\"container\">\n\t\t\t\t\t<div class=\"e-con-inner\">\n\t\t\t\t<div class=\"elementor-element elementor-element-66c5ced elementor-blockquote--skin-border elementor-blockquote--button-color-official elementor-widget elementor-widget-blockquote\" data-id=\"66c5ced\" data-element_type=\"widget\" data-e-type=\"widget\" data-widget_type=\"blockquote.default\">\n\t\t\t\t<div class=\"elementor-widget-container\">\n\t\t\t\t\t\t\t<blockquote class=\"elementor-blockquote\">\n\t\t\t<p class=\"elementor-blockquote__content\">\n\t\t\t\tMy\u0161lienka d\u0148a: \u201eKvalitn\u00e9 celo\u017eivotn\u00e9 vzdel\u00e1vanie vznik\u00e1 tam, kde sa stretne legislat\u00edva, dobr\u00e1 prax a v\u00f4\u013ea spolupracova\u0165.\u201c\t\t\t<\/p>\n\t\t\t\t\t<\/blockquote>\n\t\t\t\t\t\t<\/div>\n\t\t\t\t<\/div>\n\t\t\t\t\t<\/div>\n\t\t\t\t<\/div>\n\t\t<div class=\"elementor-element elementor-element-09a85b9 e-flex e-con-boxed e-con e-parent\" data-id=\"09a85b9\" data-element_type=\"container\" data-e-type=\"container\">\n\t\t\t\t\t<div class=\"e-con-inner\">\n\t\t\t\t<div class=\"elementor-element elementor-element-95627a0 elementor-widget elementor-widget-text-editor\" data-id=\"95627a0\" data-element_type=\"widget\" data-e-type=\"widget\" data-widget_type=\"text-editor.default\">\n\t\t\t\t<div class=\"elementor-widget-container\">\n\t\t\t\t\t\t\t\t\t<p><span style=\"text-decoration: underline;\"><strong>Akad\u00e9mia talentov a Trh remesiel<\/strong><\/span><\/p><p>Mlad\u00ed \u013eudia zo stredn\u00fdch odborn\u00fdch \u0161k\u00f4l predstavili svoje v\u00ed\u0165azn\u00e9 projekty, ktor\u00e9 sp\u00e1jali technol\u00f3gie, kreativitu aj podnikavos\u0165. Popoludn\u00ed sme sa presunuli medzi \u0161koly, ktor\u00e9 akt\u00edvne rozv\u00edjaj\u00fa zru\u010dnosti svojich \u017eiakov v rozmanit\u00fdch odboroch od gastron\u00f3mie a ch\u00e9mie, cez \u0161perk\u00e1rsku tvorbu a\u017e po kadern\u00edcke a kozmetick\u00e9 slu\u017eby. Nech\u00fdbalo ani odovzd\u00e1vanie cien v\u00ed\u0165azom s\u00fa\u0165a\u017ee Slovak Barista Cup.<\/p>\t\t\t\t\t\t\t\t<\/div>\n\t\t\t\t<\/div>\n\t\t\t\t\t<\/div>\n\t\t\t\t<\/div>\n\t\t<div class=\"elementor-element elementor-element-9560447 e-flex e-con-boxed e-con e-parent\" data-id=\"9560447\" data-element_type=\"container\" data-e-type=\"container\">\n\t\t\t\t\t<div class=\"e-con-inner\">\n\t\t\t\t<div class=\"elementor-element elementor-element-d28c8b8 elementor-blockquote--skin-border elementor-blockquote--button-color-official elementor-widget elementor-widget-blockquote\" data-id=\"d28c8b8\" data-element_type=\"widget\" data-e-type=\"widget\" data-widget_type=\"blockquote.default\">\n\t\t\t\t<div class=\"elementor-widget-container\">\n\t\t\t\t\t\t\t<blockquote class=\"elementor-blockquote\">\n\t\t\t<p class=\"elementor-blockquote__content\">\n\t\t\t\tMy\u0161lienka d\u0148a: \u201eTalenty nesta\u010d\u00ed objavi\u0165. Treba im vytvori\u0165 priestor, aby mohli r\u00e1s\u0165.\u201c\t\t\t<\/p>\n\t\t\t\t\t<\/blockquote>\n\t\t\t\t\t\t<\/div>\n\t\t\t\t<\/div>\n\t\t\t\t\t<\/div>\n\t\t\t\t<\/div>\n\t\t<div class=\"elementor-element elementor-element-da10053 e-flex e-con-boxed e-con e-parent\" data-id=\"da10053\" data-element_type=\"container\" data-e-type=\"container\">\n\t\t\t\t\t<div class=\"e-con-inner\">\n\t\t\t\t<div class=\"elementor-element elementor-element-85a7e19 elementor-widget elementor-widget-text-editor\" data-id=\"85a7e19\" data-element_type=\"widget\" data-e-type=\"widget\" data-widget_type=\"text-editor.default\">\n\t\t\t\t<div class=\"elementor-widget-container\">\n\t\t\t\t\t\t\t\t\t<p><span style=\"text-decoration: underline;\"><strong>Konferencia Zabezpe\u010dovanie kvality vo vzdel\u00e1van\u00ed: Od strat\u00e9gi\u00ed k praxi<\/strong><\/span><\/p><p>Diskusie o tom, ako mera\u0165 alebo sk\u00f4r rozv\u00edja\u0165 kvalitu vzdel\u00e1vania &#8211; nie cez \u010d\u00edsla, ale cez procesy, otvorenos\u0165 a zmenu kult\u00fary v \u0161kol\u00e1ch. Zazneli rozdiely medzi modelmi CAF a ISO, ale aj sk\u00fasenosti so sebahodnoten\u00edm prostredn\u00edctvom met\u00f3dy peer review. Panelov\u00e1 diskusia priniesla pestr\u00fa paletu n\u00e1zorov od odborn\u00edkov z r\u00f4znych sektorov &#8211; od \u0161kolskej in\u0161pekcie, cez zamestn\u00e1vate\u013eov, a\u017e po z\u00e1stupcov rezortu a nez\u00e1visl\u00fdch analytikov.<\/p>\t\t\t\t\t\t\t\t<\/div>\n\t\t\t\t<\/div>\n\t\t\t\t\t<\/div>\n\t\t\t\t<\/div>\n\t\t<div class=\"elementor-element elementor-element-1042697 e-flex e-con-boxed e-con e-parent\" data-id=\"1042697\" data-element_type=\"container\" data-e-type=\"container\">\n\t\t\t\t\t<div class=\"e-con-inner\">\n\t\t\t\t<div class=\"elementor-element elementor-element-fc0d8bf elementor-blockquote--skin-border elementor-blockquote--button-color-official elementor-widget elementor-widget-blockquote\" data-id=\"fc0d8bf\" data-element_type=\"widget\" data-e-type=\"widget\" data-widget_type=\"blockquote.default\">\n\t\t\t\t<div class=\"elementor-widget-container\">\n\t\t\t\t\t\t\t<blockquote class=\"elementor-blockquote\">\n\t\t\t<p class=\"elementor-blockquote__content\">\n\t\t\t\tMy\u0161lienka d\u0148a: \u201eNie v\u0161etko, \u010do sa d\u00e1 zmera\u0165, je d\u00f4le\u017eit\u00e9. A nie v\u0161etko d\u00f4le\u017eit\u00e9 sa d\u00e1 zmera\u0165.\u201c\t\t\t<\/p>\n\t\t\t\t\t<\/blockquote>\n\t\t\t\t\t\t<\/div>\n\t\t\t\t<\/div>\n\t\t\t\t\t<\/div>\n\t\t\t\t<\/div>\n\t\t<div class=\"elementor-element elementor-element-cbd8f6b e-flex e-con-boxed e-con e-parent\" data-id=\"cbd8f6b\" data-element_type=\"container\" data-e-type=\"container\">\n\t\t\t\t\t<div class=\"e-con-inner\">\n\t\t\t\t<div class=\"elementor-element elementor-element-e60f0e7 elementor-widget elementor-widget-text-editor\" data-id=\"e60f0e7\" data-element_type=\"widget\" data-e-type=\"widget\" data-widget_type=\"text-editor.default\">\n\t\t\t\t<div class=\"elementor-widget-container\">\n\t\t\t\t\t\t\t\t\t<p><span style=\"text-decoration: underline;\"><strong>Prezent\u00e1cia zru\u010dnost\u00ed pre verejnos\u0165<\/strong><\/span><\/p><p>Nivy centrum sa premenilo na priestor, kde si v\u0161etky vekov\u00e9 skupiny mohli vysk\u00fa\u0161a\u0165 tradi\u010dn\u00e9 remesl\u00e1, otestova\u0165 digit\u00e1lne zru\u010dnosti, za\u017ei\u0165 finan\u010dn\u00e9 vzdel\u00e1vanie \u010di poradi\u0165 sa o svojej kari\u00e9re. Zru\u010dnosti tu mali podobu tr\u00e9ningu pam\u00e4ti, roz\u0161\u00edrenej reality aj dobrovo\u013en\u00edckych pr\u00edle\u017eitost\u00ed.<\/p>\t\t\t\t\t\t\t\t<\/div>\n\t\t\t\t<\/div>\n\t\t\t\t\t<\/div>\n\t\t\t\t<\/div>\n\t\t<div class=\"elementor-element elementor-element-7589233 e-flex e-con-boxed e-con e-parent\" data-id=\"7589233\" data-element_type=\"container\" data-e-type=\"container\">\n\t\t\t\t\t<div class=\"e-con-inner\">\n\t\t\t\t<div class=\"elementor-element elementor-element-c11f91d elementor-blockquote--skin-border elementor-blockquote--button-color-official elementor-widget elementor-widget-blockquote\" data-id=\"c11f91d\" data-element_type=\"widget\" data-e-type=\"widget\" data-widget_type=\"blockquote.default\">\n\t\t\t\t<div class=\"elementor-widget-container\">\n\t\t\t\t\t\t\t<blockquote class=\"elementor-blockquote\">\n\t\t\t<p class=\"elementor-blockquote__content\">\n\t\t\t\tMy\u0161lienka d\u0148a: \u201eNikdy nie je neskoro sta\u0165 sa t\u00fdm, k\u00fdm si mohol by\u0165.\u201c\t\t\t<\/p>\n\t\t\t\t\t<\/blockquote>\n\t\t\t\t\t\t<\/div>\n\t\t\t\t<\/div>\n\t\t\t\t\t<\/div>\n\t\t\t\t<\/div>\n\t\t<div class=\"elementor-element elementor-element-816fcf3 e-flex e-con-boxed e-con e-parent\" data-id=\"816fcf3\" data-element_type=\"container\" data-e-type=\"container\">\n\t\t\t\t\t<div class=\"e-con-inner\">\n\t\t\t\t<div class=\"elementor-element elementor-element-c367f31 elementor-widget elementor-widget-text-editor\" data-id=\"c367f31\" data-element_type=\"widget\" data-e-type=\"widget\" data-widget_type=\"text-editor.default\">\n\t\t\t\t<div class=\"elementor-widget-container\">\n\t\t\t\t\t\t\t\t\t<p><span style=\"text-decoration: underline;\"><strong>Festival v regi\u00f3noch<\/strong><\/span><\/p><p>V\u010faka partnerom sa program roz\u0161\u00edril aj mimo Bratislavy &#8211; do Ko\u0161\u00edc, \u017diliny \u010di Prievidze. \u017diaci aj dospel\u00ed sa zapojili do workshopov, projektov a tvoriv\u00fdch aktiv\u00edt, ktor\u00e9 uk\u00e1zali, \u017ee zru\u010dnosti sa daj\u00fa rozv\u00edja\u0165 kdeko\u013evek, sta\u010d\u00ed vyu\u017ei\u0165 pr\u00edle\u017eitos\u0165.<\/p><p><strong>\u010eakujeme v\u0161etk\u00fdm partnerom, re\u010dn\u00edkom, \u0161kol\u00e1m a n\u00e1v\u0161tevn\u00edkom, ktor\u00ed prispeli k \u00faspechu Festivalu zru\u010dnost\u00ed 2025.<\/strong><\/p><p><strong>Prezent\u00e1cie sp\u00edkrov, fotografie a vide\u00e1 bud\u00fa dostupn\u00e9 tu: <a href=\"https:\/\/siov.sk\/festival-zrucnosti\/\" target=\"_blank\" rel=\"noopener\">www.siov.sk\/festival-zrucnosti\/\u00a0<\/a><\/strong><\/p>\t\t\t\t\t\t\t\t<\/div>\n\t\t\t\t<\/div>\n\t\t\t\t\t<\/div>\n\t\t\t\t<\/div>\n\t\t<div class=\"elementor-element elementor-element-05b17b9 e-flex e-con-boxed e-con e-parent\" data-id=\"05b17b9\" data-element_type=\"container\" data-e-type=\"container\">\n\t\t\t\t\t<div class=\"e-con-inner\">\n\t\t\t\t<div class=\"elementor-element elementor-element-bb3dc81 elementor-widget elementor-widget-gallery\" data-id=\"bb3dc81\" data-element_type=\"widget\" data-e-type=\"widget\" data-settings=\"{&quot;lazyload&quot;:&quot;yes&quot;,&quot;gallery_layout&quot;:&quot;grid&quot;,&quot;columns&quot;:4,&quot;columns_tablet&quot;:2,&quot;columns_mobile&quot;:1,&quot;gap&quot;:{&quot;unit&quot;:&quot;px&quot;,&quot;size&quot;:10,&quot;sizes&quot;:[]},&quot;gap_tablet&quot;:{&quot;unit&quot;:&quot;px&quot;,&quot;size&quot;:10,&quot;sizes&quot;:[]},&quot;gap_mobile&quot;:{&quot;unit&quot;:&quot;px&quot;,&quot;size&quot;:10,&quot;sizes&quot;:[]},&quot;link_to&quot;:&quot;file&quot;,&quot;aspect_ratio&quot;:&quot;3:2&quot;,&quot;overlay_background&quot;:&quot;yes&quot;,&quot;content_hover_animation&quot;:&quot;fade-in&quot;}\" data-widget_type=\"gallery.default\">\n\t\t\t\t<div class=\"elementor-widget-container\">\n\t\t\t\t\t\t\t<div class=\"elementor-gallery__container\">\n\t\t\t\t\t\t\t<a class=\"e-gallery-item elementor-gallery-item elementor-animated-content\" href=\"https:\/\/archiv.siov.sk\/wp-content\/uploads\/2025\/09\/festival_zrucnosti_konferencia-1.jpg\" data-elementor-open-lightbox=\"yes\" data-elementor-lightbox-slideshow=\"bb3dc81\" data-elementor-lightbox-title=\"festival_zrucnosti_konferencia 1\" data-e-action-hash=\"#elementor-action%3Aaction%3Dlightbox%26settings%3DeyJpZCI6MjEyMDIsInVybCI6Imh0dHBzOlwvXC9hcmNoaXYuc2lvdi5za1wvd3AtY29udGVudFwvdXBsb2Fkc1wvMjAyNVwvMDlcL2Zlc3RpdmFsX3pydWNub3N0aV9rb25mZXJlbmNpYS0xLmpwZyIsInNsaWRlc2hvdyI6ImJiM2RjODEifQ%3D%3D\">\n\t\t\t\t\t<div class=\"e-gallery-image elementor-gallery-item__image\" data-thumbnail=\"https:\/\/archiv.siov.sk\/wp-content\/uploads\/2025\/09\/festival_zrucnosti_konferencia-1-225x300.jpg\" data-width=\"225\" data-height=\"300\" aria-label=\"\" role=\"img\" ><\/div>\n\t\t\t\t\t\t\t\t\t\t\t<div class=\"elementor-gallery-item__overlay\"><\/div>\n\t\t\t\t\t\t\t\t\t\t\t\t\t\t<\/a>\n\t\t\t\t\t\t\t<a class=\"e-gallery-item elementor-gallery-item elementor-animated-content\" href=\"https:\/\/archiv.siov.sk\/wp-content\/uploads\/2025\/09\/Obrazok-WhatsApp-2025-09-22-o-20.02.25_05b739f0.jpg\" data-elementor-open-lightbox=\"yes\" data-elementor-lightbox-slideshow=\"bb3dc81\" data-elementor-lightbox-title=\"Obr\u00e1zok WhatsApp 2025-09-22 o\u00a020.02.25_05b739f0\" data-e-action-hash=\"#elementor-action%3Aaction%3Dlightbox%26settings%3DeyJpZCI6MjEyMDMsInVybCI6Imh0dHBzOlwvXC9hcmNoaXYuc2lvdi5za1wvd3AtY29udGVudFwvdXBsb2Fkc1wvMjAyNVwvMDlcL09icmF6b2stV2hhdHNBcHAtMjAyNS0wOS0yMi1vLTIwLjAyLjI1XzA1YjczOWYwLmpwZyIsInNsaWRlc2hvdyI6ImJiM2RjODEifQ%3D%3D\">\n\t\t\t\t\t<div class=\"e-gallery-image elementor-gallery-item__image\" data-thumbnail=\"https:\/\/archiv.siov.sk\/wp-content\/uploads\/2025\/09\/Obrazok-WhatsApp-2025-09-22-o-20.02.25_05b739f0-300x225.jpg\" data-width=\"300\" data-height=\"225\" aria-label=\"\" role=\"img\" ><\/div>\n\t\t\t\t\t\t\t\t\t\t\t<div class=\"elementor-gallery-item__overlay\"><\/div>\n\t\t\t\t\t\t\t\t\t\t\t\t\t\t<\/a>\n\t\t\t\t\t\t\t<a class=\"e-gallery-item elementor-gallery-item elementor-animated-content\" href=\"https:\/\/archiv.siov.sk\/wp-content\/uploads\/2025\/09\/festival_zrucnosti_konferencia-2.jpg\" data-elementor-open-lightbox=\"yes\" data-elementor-lightbox-slideshow=\"bb3dc81\" data-elementor-lightbox-title=\"festival_zrucnosti_konferencia 2\" data-e-action-hash=\"#elementor-action%3Aaction%3Dlightbox%26settings%3DeyJpZCI6MjEyMDEsInVybCI6Imh0dHBzOlwvXC9hcmNoaXYuc2lvdi5za1wvd3AtY29udGVudFwvdXBsb2Fkc1wvMjAyNVwvMDlcL2Zlc3RpdmFsX3pydWNub3N0aV9rb25mZXJlbmNpYS0yLmpwZyIsInNsaWRlc2hvdyI6ImJiM2RjODEifQ%3D%3D\">\n\t\t\t\t\t<div class=\"e-gallery-image elementor-gallery-item__image\" data-thumbnail=\"https:\/\/archiv.siov.sk\/wp-content\/uploads\/2025\/09\/festival_zrucnosti_konferencia-2-300x225.jpg\" data-width=\"300\" data-height=\"225\" aria-label=\"\" role=\"img\" ><\/div>\n\t\t\t\t\t\t\t\t\t\t\t<div class=\"elementor-gallery-item__overlay\"><\/div>\n\t\t\t\t\t\t\t\t\t\t\t\t\t\t<\/a>\n\t\t\t\t\t\t\t<a class=\"e-gallery-item elementor-gallery-item elementor-animated-content\" href=\"https:\/\/archiv.siov.sk\/wp-content\/uploads\/2025\/09\/festival_zrucnosti_konferencia-3.jpg\" data-elementor-open-lightbox=\"yes\" data-elementor-lightbox-slideshow=\"bb3dc81\" data-elementor-lightbox-title=\"festival_zrucnosti_konferencia 3\" data-e-action-hash=\"#elementor-action%3Aaction%3Dlightbox%26settings%3DeyJpZCI6MjEyMDAsInVybCI6Imh0dHBzOlwvXC9hcmNoaXYuc2lvdi5za1wvd3AtY29udGVudFwvdXBsb2Fkc1wvMjAyNVwvMDlcL2Zlc3RpdmFsX3pydWNub3N0aV9rb25mZXJlbmNpYS0zLmpwZyIsInNsaWRlc2hvdyI6ImJiM2RjODEifQ%3D%3D\">\n\t\t\t\t\t<div class=\"e-gallery-image elementor-gallery-item__image\" data-thumbnail=\"https:\/\/archiv.siov.sk\/wp-content\/uploads\/2025\/09\/festival_zrucnosti_konferencia-3-300x225.jpg\" data-width=\"300\" data-height=\"225\" aria-label=\"\" role=\"img\" ><\/div>\n\t\t\t\t\t\t\t\t\t\t\t<div class=\"elementor-gallery-item__overlay\"><\/div>\n\t\t\t\t\t\t\t\t\t\t\t\t\t\t<\/a>\n\t\t\t\t\t\t\t<a class=\"e-gallery-item elementor-gallery-item elementor-animated-content\" href=\"https:\/\/archiv.siov.sk\/wp-content\/uploads\/2025\/09\/festival_zrucnosti_konferencia-4.jpg\" data-elementor-open-lightbox=\"yes\" data-elementor-lightbox-slideshow=\"bb3dc81\" data-elementor-lightbox-title=\"festival_zrucnosti_konferencia 4\" data-e-action-hash=\"#elementor-action%3Aaction%3Dlightbox%26settings%3DeyJpZCI6MjExOTksInVybCI6Imh0dHBzOlwvXC9hcmNoaXYuc2lvdi5za1wvd3AtY29udGVudFwvdXBsb2Fkc1wvMjAyNVwvMDlcL2Zlc3RpdmFsX3pydWNub3N0aV9rb25mZXJlbmNpYS00LmpwZyIsInNsaWRlc2hvdyI6ImJiM2RjODEifQ%3D%3D\">\n\t\t\t\t\t<div class=\"e-gallery-image elementor-gallery-item__image\" data-thumbnail=\"https:\/\/archiv.siov.sk\/wp-content\/uploads\/2025\/09\/festival_zrucnosti_konferencia-4-225x300.jpg\" data-width=\"225\" data-height=\"300\" aria-label=\"\" role=\"img\" ><\/div>\n\t\t\t\t\t\t\t\t\t\t\t<div class=\"elementor-gallery-item__overlay\"><\/div>\n\t\t\t\t\t\t\t\t\t\t\t\t\t\t<\/a>\n\t\t\t\t\t\t\t<a class=\"e-gallery-item elementor-gallery-item elementor-animated-content\" href=\"https:\/\/archiv.siov.sk\/wp-content\/uploads\/2025\/09\/festival_zrucnosti_konferencia-5.jpg\" data-elementor-open-lightbox=\"yes\" data-elementor-lightbox-slideshow=\"bb3dc81\" data-elementor-lightbox-title=\"festival_zrucnosti_konferencia 5\" data-e-action-hash=\"#elementor-action%3Aaction%3Dlightbox%26settings%3DeyJpZCI6MjExOTgsInVybCI6Imh0dHBzOlwvXC9hcmNoaXYuc2lvdi5za1wvd3AtY29udGVudFwvdXBsb2Fkc1wvMjAyNVwvMDlcL2Zlc3RpdmFsX3pydWNub3N0aV9rb25mZXJlbmNpYS01LmpwZyIsInNsaWRlc2hvdyI6ImJiM2RjODEifQ%3D%3D\">\n\t\t\t\t\t<div class=\"e-gallery-image elementor-gallery-item__image\" data-thumbnail=\"https:\/\/archiv.siov.sk\/wp-content\/uploads\/2025\/09\/festival_zrucnosti_konferencia-5-225x300.jpg\" data-width=\"225\" data-height=\"300\" aria-label=\"\" role=\"img\" ><\/div>\n\t\t\t\t\t\t\t\t\t\t\t<div class=\"elementor-gallery-item__overlay\"><\/div>\n\t\t\t\t\t\t\t\t\t\t\t\t\t\t<\/a>\n\t\t\t\t\t\t\t<a class=\"e-gallery-item elementor-gallery-item elementor-animated-content\" href=\"https:\/\/archiv.siov.sk\/wp-content\/uploads\/2025\/09\/festival_zrucnosti_konferencia-6.jpg\" data-elementor-open-lightbox=\"yes\" data-elementor-lightbox-slideshow=\"bb3dc81\" data-elementor-lightbox-title=\"festival_zrucnosti_konferencia 6\" data-e-action-hash=\"#elementor-action%3Aaction%3Dlightbox%26settings%3DeyJpZCI6MjExOTcsInVybCI6Imh0dHBzOlwvXC9hcmNoaXYuc2lvdi5za1wvd3AtY29udGVudFwvdXBsb2Fkc1wvMjAyNVwvMDlcL2Zlc3RpdmFsX3pydWNub3N0aV9rb25mZXJlbmNpYS02LmpwZyIsInNsaWRlc2hvdyI6ImJiM2RjODEifQ%3D%3D\">\n\t\t\t\t\t<div class=\"e-gallery-image elementor-gallery-item__image\" data-thumbnail=\"https:\/\/archiv.siov.sk\/wp-content\/uploads\/2025\/09\/festival_zrucnosti_konferencia-6-300x225.jpg\" data-width=\"300\" data-height=\"225\" aria-label=\"\" role=\"img\" ><\/div>\n\t\t\t\t\t\t\t\t\t\t\t<div class=\"elementor-gallery-item__overlay\"><\/div>\n\t\t\t\t\t\t\t\t\t\t\t\t\t\t<\/a>\n\t\t\t\t\t\t\t<a class=\"e-gallery-item elementor-gallery-item elementor-animated-content\" href=\"https:\/\/archiv.siov.sk\/wp-content\/uploads\/2025\/09\/Obrazok-WhatsApp-2025-09-22-o-20.02.36_e398d7b8.jpg\" data-elementor-open-lightbox=\"yes\" data-elementor-lightbox-slideshow=\"bb3dc81\" data-elementor-lightbox-title=\"Obr\u00e1zok WhatsApp 2025-09-22 o\u00a020.02.36_e398d7b8\" data-e-action-hash=\"#elementor-action%3Aaction%3Dlightbox%26settings%3DeyJpZCI6MjEyMDQsInVybCI6Imh0dHBzOlwvXC9hcmNoaXYuc2lvdi5za1wvd3AtY29udGVudFwvdXBsb2Fkc1wvMjAyNVwvMDlcL09icmF6b2stV2hhdHNBcHAtMjAyNS0wOS0yMi1vLTIwLjAyLjM2X2UzOThkN2I4LmpwZyIsInNsaWRlc2hvdyI6ImJiM2RjODEifQ%3D%3D\">\n\t\t\t\t\t<div class=\"e-gallery-image elementor-gallery-item__image\" data-thumbnail=\"https:\/\/archiv.siov.sk\/wp-content\/uploads\/2025\/09\/Obrazok-WhatsApp-2025-09-22-o-20.02.36_e398d7b8-225x300.jpg\" data-width=\"225\" data-height=\"300\" aria-label=\"\" role=\"img\" ><\/div>\n\t\t\t\t\t\t\t\t\t\t\t<div class=\"elementor-gallery-item__overlay\"><\/div>\n\t\t\t\t\t\t\t\t\t\t\t\t\t\t<\/a>\n\t\t\t\t\t\t\t<a class=\"e-gallery-item elementor-gallery-item elementor-animated-content\" href=\"https:\/\/archiv.siov.sk\/wp-content\/uploads\/2025\/09\/festival_zrucnosti_konferencia-7.jpg\" data-elementor-open-lightbox=\"yes\" data-elementor-lightbox-slideshow=\"bb3dc81\" data-elementor-lightbox-title=\"festival_zrucnosti_konferencia 7\" data-e-action-hash=\"#elementor-action%3Aaction%3Dlightbox%26settings%3DeyJpZCI6MjExOTYsInVybCI6Imh0dHBzOlwvXC9hcmNoaXYuc2lvdi5za1wvd3AtY29udGVudFwvdXBsb2Fkc1wvMjAyNVwvMDlcL2Zlc3RpdmFsX3pydWNub3N0aV9rb25mZXJlbmNpYS03LmpwZyIsInNsaWRlc2hvdyI6ImJiM2RjODEifQ%3D%3D\">\n\t\t\t\t\t<div class=\"e-gallery-image elementor-gallery-item__image\" data-thumbnail=\"https:\/\/archiv.siov.sk\/wp-content\/uploads\/2025\/09\/festival_zrucnosti_konferencia-7-300x225.jpg\" data-width=\"300\" data-height=\"225\" aria-label=\"\" role=\"img\" ><\/div>\n\t\t\t\t\t\t\t\t\t\t\t<div class=\"elementor-gallery-item__overlay\"><\/div>\n\t\t\t\t\t\t\t\t\t\t\t\t\t\t<\/a>\n\t\t\t\t\t\t\t<a class=\"e-gallery-item elementor-gallery-item elementor-animated-content\" href=\"https:\/\/archiv.siov.sk\/wp-content\/uploads\/2025\/09\/festival_zrucnosti_konferencia-9.jpg\" data-elementor-open-lightbox=\"yes\" data-elementor-lightbox-slideshow=\"bb3dc81\" data-elementor-lightbox-title=\"festival_zrucnosti_konferencia 9\" data-e-action-hash=\"#elementor-action%3Aaction%3Dlightbox%26settings%3DeyJpZCI6MjExOTUsInVybCI6Imh0dHBzOlwvXC9hcmNoaXYuc2lvdi5za1wvd3AtY29udGVudFwvdXBsb2Fkc1wvMjAyNVwvMDlcL2Zlc3RpdmFsX3pydWNub3N0aV9rb25mZXJlbmNpYS05LmpwZyIsInNsaWRlc2hvdyI6ImJiM2RjODEifQ%3D%3D\">\n\t\t\t\t\t<div class=\"e-gallery-image elementor-gallery-item__image\" data-thumbnail=\"https:\/\/archiv.siov.sk\/wp-content\/uploads\/2025\/09\/festival_zrucnosti_konferencia-9-231x300.jpg\" data-width=\"231\" data-height=\"300\" aria-label=\"\" role=\"img\" ><\/div>\n\t\t\t\t\t\t\t\t\t\t\t<div class=\"elementor-gallery-item__overlay\"><\/div>\n\t\t\t\t\t\t\t\t\t\t\t\t\t\t<\/a>\n\t\t\t\t\t\t\t<a class=\"e-gallery-item elementor-gallery-item elementor-animated-content\" href=\"https:\/\/archiv.siov.sk\/wp-content\/uploads\/2025\/09\/festival_zrucnosti_konferencia-10.jpg\" data-elementor-open-lightbox=\"yes\" data-elementor-lightbox-slideshow=\"bb3dc81\" data-elementor-lightbox-title=\"festival_zrucnosti_konferencia 10\" data-e-action-hash=\"#elementor-action%3Aaction%3Dlightbox%26settings%3DeyJpZCI6MjExOTQsInVybCI6Imh0dHBzOlwvXC9hcmNoaXYuc2lvdi5za1wvd3AtY29udGVudFwvdXBsb2Fkc1wvMjAyNVwvMDlcL2Zlc3RpdmFsX3pydWNub3N0aV9rb25mZXJlbmNpYS0xMC5qcGciLCJzbGlkZXNob3ciOiJiYjNkYzgxIn0%3D\">\n\t\t\t\t\t<div class=\"e-gallery-image elementor-gallery-item__image\" data-thumbnail=\"https:\/\/archiv.siov.sk\/wp-content\/uploads\/2025\/09\/festival_zrucnosti_konferencia-10-225x300.jpg\" data-width=\"225\" data-height=\"300\" aria-label=\"\" role=\"img\" ><\/div>\n\t\t\t\t\t\t\t\t\t\t\t<div class=\"elementor-gallery-item__overlay\"><\/div>\n\t\t\t\t\t\t\t\t\t\t\t\t\t\t<\/a>\n\t\t\t\t\t\t\t<a class=\"e-gallery-item elementor-gallery-item elementor-animated-content\" href=\"https:\/\/archiv.siov.sk\/wp-content\/uploads\/2025\/09\/festival_zrucnosti_konferencia-11.jpg\" data-elementor-open-lightbox=\"yes\" data-elementor-lightbox-slideshow=\"bb3dc81\" data-elementor-lightbox-title=\"festival_zrucnosti_konferencia 11\" data-e-action-hash=\"#elementor-action%3Aaction%3Dlightbox%26settings%3DeyJpZCI6MjExOTMsInVybCI6Imh0dHBzOlwvXC9hcmNoaXYuc2lvdi5za1wvd3AtY29udGVudFwvdXBsb2Fkc1wvMjAyNVwvMDlcL2Zlc3RpdmFsX3pydWNub3N0aV9rb25mZXJlbmNpYS0xMS5qcGciLCJzbGlkZXNob3ciOiJiYjNkYzgxIn0%3D\">\n\t\t\t\t\t<div class=\"e-gallery-image elementor-gallery-item__image\" data-thumbnail=\"https:\/\/archiv.siov.sk\/wp-content\/uploads\/2025\/09\/festival_zrucnosti_konferencia-11-225x300.jpg\" data-width=\"225\" data-height=\"300\" aria-label=\"\" role=\"img\" ><\/div>\n\t\t\t\t\t\t\t\t\t\t\t<div class=\"elementor-gallery-item__overlay\"><\/div>\n\t\t\t\t\t\t\t\t\t\t\t\t\t\t<\/a>\n\t\t\t\t\t\t\t<a class=\"e-gallery-item elementor-gallery-item elementor-animated-content\" href=\"https:\/\/archiv.siov.sk\/wp-content\/uploads\/2025\/09\/festival_zrucnosti_konferencia-12.jpg\" data-elementor-open-lightbox=\"yes\" data-elementor-lightbox-slideshow=\"bb3dc81\" data-elementor-lightbox-title=\"festival_zrucnosti_konferencia 12\" data-e-action-hash=\"#elementor-action%3Aaction%3Dlightbox%26settings%3DeyJpZCI6MjExOTIsInVybCI6Imh0dHBzOlwvXC9hcmNoaXYuc2lvdi5za1wvd3AtY29udGVudFwvdXBsb2Fkc1wvMjAyNVwvMDlcL2Zlc3RpdmFsX3pydWNub3N0aV9rb25mZXJlbmNpYS0xMi5qcGciLCJzbGlkZXNob3ciOiJiYjNkYzgxIn0%3D\">\n\t\t\t\t\t<div class=\"e-gallery-image elementor-gallery-item__image\" data-thumbnail=\"https:\/\/archiv.siov.sk\/wp-content\/uploads\/2025\/09\/festival_zrucnosti_konferencia-12-300x225.jpg\" data-width=\"300\" data-height=\"225\" aria-label=\"\" role=\"img\" ><\/div>\n\t\t\t\t\t\t\t\t\t\t\t<div class=\"elementor-gallery-item__overlay\"><\/div>\n\t\t\t\t\t\t\t\t\t\t\t\t\t\t<\/a>\n\t\t\t\t\t\t\t<a class=\"e-gallery-item elementor-gallery-item elementor-animated-content\" href=\"https:\/\/archiv.siov.sk\/wp-content\/uploads\/2025\/09\/festival_zrucnosti_konferencia-14.jpg\" data-elementor-open-lightbox=\"yes\" data-elementor-lightbox-slideshow=\"bb3dc81\" data-elementor-lightbox-title=\"festival_zrucnosti_konferencia 14\" data-e-action-hash=\"#elementor-action%3Aaction%3Dlightbox%26settings%3DeyJpZCI6MjExOTEsInVybCI6Imh0dHBzOlwvXC9hcmNoaXYuc2lvdi5za1wvd3AtY29udGVudFwvdXBsb2Fkc1wvMjAyNVwvMDlcL2Zlc3RpdmFsX3pydWNub3N0aV9rb25mZXJlbmNpYS0xNC5qcGciLCJzbGlkZXNob3ciOiJiYjNkYzgxIn0%3D\">\n\t\t\t\t\t<div class=\"e-gallery-image elementor-gallery-item__image\" data-thumbnail=\"https:\/\/archiv.siov.sk\/wp-content\/uploads\/2025\/09\/festival_zrucnosti_konferencia-14-225x300.jpg\" data-width=\"225\" data-height=\"300\" aria-label=\"\" role=\"img\" ><\/div>\n\t\t\t\t\t\t\t\t\t\t\t<div class=\"elementor-gallery-item__overlay\"><\/div>\n\t\t\t\t\t\t\t\t\t\t\t\t\t\t<\/a>\n\t\t\t\t\t\t\t<a class=\"e-gallery-item elementor-gallery-item elementor-animated-content\" href=\"https:\/\/archiv.siov.sk\/wp-content\/uploads\/2025\/09\/festival_zrucnosti_konferencia-15.jpg\" data-elementor-open-lightbox=\"yes\" data-elementor-lightbox-slideshow=\"bb3dc81\" data-elementor-lightbox-title=\"festival_zrucnosti_konferencia 15\" data-e-action-hash=\"#elementor-action%3Aaction%3Dlightbox%26settings%3DeyJpZCI6MjExOTAsInVybCI6Imh0dHBzOlwvXC9hcmNoaXYuc2lvdi5za1wvd3AtY29udGVudFwvdXBsb2Fkc1wvMjAyNVwvMDlcL2Zlc3RpdmFsX3pydWNub3N0aV9rb25mZXJlbmNpYS0xNS5qcGciLCJzbGlkZXNob3ciOiJiYjNkYzgxIn0%3D\">\n\t\t\t\t\t<div class=\"e-gallery-image elementor-gallery-item__image\" data-thumbnail=\"https:\/\/archiv.siov.sk\/wp-content\/uploads\/2025\/09\/festival_zrucnosti_konferencia-15-225x300.jpg\" data-width=\"225\" data-height=\"300\" aria-label=\"\" role=\"img\" ><\/div>\n\t\t\t\t\t\t\t\t\t\t\t<div class=\"elementor-gallery-item__overlay\"><\/div>\n\t\t\t\t\t\t\t\t\t\t\t\t\t\t<\/a>\n\t\t\t\t\t\t\t<a class=\"e-gallery-item elementor-gallery-item elementor-animated-content\" href=\"https:\/\/archiv.siov.sk\/wp-content\/uploads\/2025\/09\/festival_zrucnosti_konferencia-18.jpg\" data-elementor-open-lightbox=\"yes\" data-elementor-lightbox-slideshow=\"bb3dc81\" data-elementor-lightbox-title=\"festival_zrucnosti_konferencia 18\" data-e-action-hash=\"#elementor-action%3Aaction%3Dlightbox%26settings%3DeyJpZCI6MjExODksInVybCI6Imh0dHBzOlwvXC9hcmNoaXYuc2lvdi5za1wvd3AtY29udGVudFwvdXBsb2Fkc1wvMjAyNVwvMDlcL2Zlc3RpdmFsX3pydWNub3N0aV9rb25mZXJlbmNpYS0xOC5qcGciLCJzbGlkZXNob3ciOiJiYjNkYzgxIn0%3D\">\n\t\t\t\t\t<div class=\"e-gallery-image elementor-gallery-item__image\" data-thumbnail=\"https:\/\/archiv.siov.sk\/wp-content\/uploads\/2025\/09\/festival_zrucnosti_konferencia-18-300x225.jpg\" data-width=\"300\" data-height=\"225\" aria-label=\"\" role=\"img\" ><\/div>\n\t\t\t\t\t\t\t\t\t\t\t<div class=\"elementor-gallery-item__overlay\"><\/div>\n\t\t\t\t\t\t\t\t\t\t\t\t\t\t<\/a>\n\t\t\t\t\t\t\t<a class=\"e-gallery-item elementor-gallery-item elementor-animated-content\" href=\"https:\/\/archiv.siov.sk\/wp-content\/uploads\/2025\/09\/festival_zrucnosti_konferencia-19.jpg\" data-elementor-open-lightbox=\"yes\" data-elementor-lightbox-slideshow=\"bb3dc81\" data-elementor-lightbox-title=\"festival_zrucnosti_konferencia 19\" data-e-action-hash=\"#elementor-action%3Aaction%3Dlightbox%26settings%3DeyJpZCI6MjExODgsInVybCI6Imh0dHBzOlwvXC9hcmNoaXYuc2lvdi5za1wvd3AtY29udGVudFwvdXBsb2Fkc1wvMjAyNVwvMDlcL2Zlc3RpdmFsX3pydWNub3N0aV9rb25mZXJlbmNpYS0xOS5qcGciLCJzbGlkZXNob3ciOiJiYjNkYzgxIn0%3D\">\n\t\t\t\t\t<div class=\"e-gallery-image elementor-gallery-item__image\" data-thumbnail=\"https:\/\/archiv.siov.sk\/wp-content\/uploads\/2025\/09\/festival_zrucnosti_konferencia-19-300x225.jpg\" data-width=\"300\" data-height=\"225\" aria-label=\"\" role=\"img\" ><\/div>\n\t\t\t\t\t\t\t\t\t\t\t<div class=\"elementor-gallery-item__overlay\"><\/div>\n\t\t\t\t\t\t\t\t\t\t\t\t\t\t<\/a>\n\t\t\t\t\t\t\t<a class=\"e-gallery-item elementor-gallery-item elementor-animated-content\" href=\"https:\/\/archiv.siov.sk\/wp-content\/uploads\/2025\/09\/Obrazok-WhatsApp-2025-09-23-o-17.12.28_766a4f40.jpg\" data-elementor-open-lightbox=\"yes\" data-elementor-lightbox-slideshow=\"bb3dc81\" data-elementor-lightbox-title=\"Obr\u00e1zok WhatsApp 2025-09-23 o\u00a017.12.28_766a4f40\" data-e-action-hash=\"#elementor-action%3Aaction%3Dlightbox%26settings%3DeyJpZCI6MjEyMTQsInVybCI6Imh0dHBzOlwvXC9hcmNoaXYuc2lvdi5za1wvd3AtY29udGVudFwvdXBsb2Fkc1wvMjAyNVwvMDlcL09icmF6b2stV2hhdHNBcHAtMjAyNS0wOS0yMy1vLTE3LjEyLjI4Xzc2NmE0ZjQwLmpwZyIsInNsaWRlc2hvdyI6ImJiM2RjODEifQ%3D%3D\">\n\t\t\t\t\t<div class=\"e-gallery-image elementor-gallery-item__image\" data-thumbnail=\"https:\/\/archiv.siov.sk\/wp-content\/uploads\/2025\/09\/Obrazok-WhatsApp-2025-09-23-o-17.12.28_766a4f40-225x300.jpg\" data-width=\"225\" data-height=\"300\" aria-label=\"\" role=\"img\" ><\/div>\n\t\t\t\t\t\t\t\t\t\t\t<div class=\"elementor-gallery-item__overlay\"><\/div>\n\t\t\t\t\t\t\t\t\t\t\t\t\t\t<\/a>\n\t\t\t\t\t\t\t<a class=\"e-gallery-item elementor-gallery-item elementor-animated-content\" href=\"https:\/\/archiv.siov.sk\/wp-content\/uploads\/2025\/09\/Festival_zrucnosti_a_veltrh_talentov_utorok-022.jpg\" data-elementor-open-lightbox=\"yes\" data-elementor-lightbox-slideshow=\"bb3dc81\" data-elementor-lightbox-title=\"Festival_zru\u010dnost\u00ed_a_ve\u013etrh_talentov_utorok-022\" data-e-action-hash=\"#elementor-action%3Aaction%3Dlightbox%26settings%3DeyJpZCI6MjEyMDUsInVybCI6Imh0dHBzOlwvXC9hcmNoaXYuc2lvdi5za1wvd3AtY29udGVudFwvdXBsb2Fkc1wvMjAyNVwvMDlcL0Zlc3RpdmFsX3pydWNub3N0aV9hX3ZlbHRyaF90YWxlbnRvdl91dG9yb2stMDIyLmpwZyIsInNsaWRlc2hvdyI6ImJiM2RjODEifQ%3D%3D\">\n\t\t\t\t\t<div class=\"e-gallery-image elementor-gallery-item__image\" data-thumbnail=\"https:\/\/archiv.siov.sk\/wp-content\/uploads\/2025\/09\/Festival_zrucnosti_a_veltrh_talentov_utorok-022-300x169.jpg\" data-width=\"300\" data-height=\"169\" aria-label=\"\" role=\"img\" ><\/div>\n\t\t\t\t\t\t\t\t\t\t\t<div class=\"elementor-gallery-item__overlay\"><\/div>\n\t\t\t\t\t\t\t\t\t\t\t\t\t\t<\/a>\n\t\t\t\t\t\t\t<a class=\"e-gallery-item elementor-gallery-item elementor-animated-content\" href=\"https:\/\/archiv.siov.sk\/wp-content\/uploads\/2025\/09\/Festival_zrucnosti_a_veltrh_talentov_utorok-014.jpg\" data-elementor-open-lightbox=\"yes\" data-elementor-lightbox-slideshow=\"bb3dc81\" data-elementor-lightbox-title=\"Festival_zru\u010dnost\u00ed_a_ve\u013etrh_talentov_utorok-014\" data-e-action-hash=\"#elementor-action%3Aaction%3Dlightbox%26settings%3DeyJpZCI6MjEyMDYsInVybCI6Imh0dHBzOlwvXC9hcmNoaXYuc2lvdi5za1wvd3AtY29udGVudFwvdXBsb2Fkc1wvMjAyNVwvMDlcL0Zlc3RpdmFsX3pydWNub3N0aV9hX3ZlbHRyaF90YWxlbnRvdl91dG9yb2stMDE0LmpwZyIsInNsaWRlc2hvdyI6ImJiM2RjODEifQ%3D%3D\">\n\t\t\t\t\t<div class=\"e-gallery-image elementor-gallery-item__image\" data-thumbnail=\"https:\/\/archiv.siov.sk\/wp-content\/uploads\/2025\/09\/Festival_zrucnosti_a_veltrh_talentov_utorok-014-300x169.jpg\" data-width=\"300\" data-height=\"169\" aria-label=\"\" role=\"img\" ><\/div>\n\t\t\t\t\t\t\t\t\t\t\t<div class=\"elementor-gallery-item__overlay\"><\/div>\n\t\t\t\t\t\t\t\t\t\t\t\t\t\t<\/a>\n\t\t\t\t\t\t\t<a class=\"e-gallery-item elementor-gallery-item elementor-animated-content\" href=\"https:\/\/archiv.siov.sk\/wp-content\/uploads\/2025\/09\/Festival_zrucnosti_a_veltrh_talentov_utorok-010.jpg\" data-elementor-open-lightbox=\"yes\" data-elementor-lightbox-slideshow=\"bb3dc81\" data-elementor-lightbox-title=\"Festival_zru\u010dnost\u00ed_a_ve\u013etrh_talentov_utorok-010\" data-e-action-hash=\"#elementor-action%3Aaction%3Dlightbox%26settings%3DeyJpZCI6MjEyMDcsInVybCI6Imh0dHBzOlwvXC9hcmNoaXYuc2lvdi5za1wvd3AtY29udGVudFwvdXBsb2Fkc1wvMjAyNVwvMDlcL0Zlc3RpdmFsX3pydWNub3N0aV9hX3ZlbHRyaF90YWxlbnRvdl91dG9yb2stMDEwLmpwZyIsInNsaWRlc2hvdyI6ImJiM2RjODEifQ%3D%3D\">\n\t\t\t\t\t<div class=\"e-gallery-image elementor-gallery-item__image\" data-thumbnail=\"https:\/\/archiv.siov.sk\/wp-content\/uploads\/2025\/09\/Festival_zrucnosti_a_veltrh_talentov_utorok-010-300x169.jpg\" data-width=\"300\" data-height=\"169\" aria-label=\"\" role=\"img\" ><\/div>\n\t\t\t\t\t\t\t\t\t\t\t<div class=\"elementor-gallery-item__overlay\"><\/div>\n\t\t\t\t\t\t\t\t\t\t\t\t\t\t<\/a>\n\t\t\t\t\t\t\t<a class=\"e-gallery-item elementor-gallery-item elementor-animated-content\" href=\"https:\/\/archiv.siov.sk\/wp-content\/uploads\/2025\/09\/Festival_zrucnosti_a_veltrh_talentov_utorok-004.jpg\" data-elementor-open-lightbox=\"yes\" data-elementor-lightbox-slideshow=\"bb3dc81\" data-elementor-lightbox-title=\"Festival_zru\u010dnost\u00ed_a_ve\u013etrh_talentov_utorok-004\" data-e-action-hash=\"#elementor-action%3Aaction%3Dlightbox%26settings%3DeyJpZCI6MjEyMDgsInVybCI6Imh0dHBzOlwvXC9hcmNoaXYuc2lvdi5za1wvd3AtY29udGVudFwvdXBsb2Fkc1wvMjAyNVwvMDlcL0Zlc3RpdmFsX3pydWNub3N0aV9hX3ZlbHRyaF90YWxlbnRvdl91dG9yb2stMDA0LmpwZyIsInNsaWRlc2hvdyI6ImJiM2RjODEifQ%3D%3D\">\n\t\t\t\t\t<div class=\"e-gallery-image elementor-gallery-item__image\" data-thumbnail=\"https:\/\/archiv.siov.sk\/wp-content\/uploads\/2025\/09\/Festival_zrucnosti_a_veltrh_talentov_utorok-004-300x169.jpg\" data-width=\"300\" data-height=\"169\" aria-label=\"\" role=\"img\" ><\/div>\n\t\t\t\t\t\t\t\t\t\t\t<div class=\"elementor-gallery-item__overlay\"><\/div>\n\t\t\t\t\t\t\t\t\t\t\t\t\t\t<\/a>\n\t\t\t\t\t\t\t<a class=\"e-gallery-item elementor-gallery-item elementor-animated-content\" href=\"https:\/\/archiv.siov.sk\/wp-content\/uploads\/2025\/09\/Obrazok-WhatsApp-2025-09-23-o-17.12.34_e459783c.jpg\" data-elementor-open-lightbox=\"yes\" data-elementor-lightbox-slideshow=\"bb3dc81\" data-elementor-lightbox-title=\"Obr\u00e1zok WhatsApp 2025-09-23 o\u00a017.12.34_e459783c\" data-e-action-hash=\"#elementor-action%3Aaction%3Dlightbox%26settings%3DeyJpZCI6MjEyMTEsInVybCI6Imh0dHBzOlwvXC9hcmNoaXYuc2lvdi5za1wvd3AtY29udGVudFwvdXBsb2Fkc1wvMjAyNVwvMDlcL09icmF6b2stV2hhdHNBcHAtMjAyNS0wOS0yMy1vLTE3LjEyLjM0X2U0NTk3ODNjLmpwZyIsInNsaWRlc2hvdyI6ImJiM2RjODEifQ%3D%3D\">\n\t\t\t\t\t<div class=\"e-gallery-image elementor-gallery-item__image\" data-thumbnail=\"https:\/\/archiv.siov.sk\/wp-content\/uploads\/2025\/09\/Obrazok-WhatsApp-2025-09-23-o-17.12.34_e459783c-225x300.jpg\" data-width=\"225\" data-height=\"300\" aria-label=\"\" role=\"img\" ><\/div>\n\t\t\t\t\t\t\t\t\t\t\t<div class=\"elementor-gallery-item__overlay\"><\/div>\n\t\t\t\t\t\t\t\t\t\t\t\t\t\t<\/a>\n\t\t\t\t\t\t\t<a class=\"e-gallery-item elementor-gallery-item elementor-animated-content\" href=\"https:\/\/archiv.siov.sk\/wp-content\/uploads\/2025\/09\/Obrazok-WhatsApp-2025-09-23-o-17.12.31_6c34e602.jpg\" data-elementor-open-lightbox=\"yes\" data-elementor-lightbox-slideshow=\"bb3dc81\" data-elementor-lightbox-title=\"Obr\u00e1zok WhatsApp 2025-09-23 o\u00a017.12.31_6c34e602\" data-e-action-hash=\"#elementor-action%3Aaction%3Dlightbox%26settings%3DeyJpZCI6MjEyMTAsInVybCI6Imh0dHBzOlwvXC9hcmNoaXYuc2lvdi5za1wvd3AtY29udGVudFwvdXBsb2Fkc1wvMjAyNVwvMDlcL09icmF6b2stV2hhdHNBcHAtMjAyNS0wOS0yMy1vLTE3LjEyLjMxXzZjMzRlNjAyLmpwZyIsInNsaWRlc2hvdyI6ImJiM2RjODEifQ%3D%3D\">\n\t\t\t\t\t<div class=\"e-gallery-image elementor-gallery-item__image\" data-thumbnail=\"https:\/\/archiv.siov.sk\/wp-content\/uploads\/2025\/09\/Obrazok-WhatsApp-2025-09-23-o-17.12.31_6c34e602-225x300.jpg\" data-width=\"225\" data-height=\"300\" aria-label=\"\" role=\"img\" ><\/div>\n\t\t\t\t\t\t\t\t\t\t\t<div class=\"elementor-gallery-item__overlay\"><\/div>\n\t\t\t\t\t\t\t\t\t\t\t\t\t\t<\/a>\n\t\t\t\t\t\t\t<a class=\"e-gallery-item elementor-gallery-item elementor-animated-content\" href=\"https:\/\/archiv.siov.sk\/wp-content\/uploads\/2025\/09\/Obrazok-WhatsApp-2025-09-23-o-17.12.35_b44e95ee.jpg\" data-elementor-open-lightbox=\"yes\" data-elementor-lightbox-slideshow=\"bb3dc81\" data-elementor-lightbox-title=\"Obr\u00e1zok WhatsApp 2025-09-23 o\u00a017.12.35_b44e95ee\" data-e-action-hash=\"#elementor-action%3Aaction%3Dlightbox%26settings%3DeyJpZCI6MjEyMTMsInVybCI6Imh0dHBzOlwvXC9hcmNoaXYuc2lvdi5za1wvd3AtY29udGVudFwvdXBsb2Fkc1wvMjAyNVwvMDlcL09icmF6b2stV2hhdHNBcHAtMjAyNS0wOS0yMy1vLTE3LjEyLjM1X2I0NGU5NWVlLmpwZyIsInNsaWRlc2hvdyI6ImJiM2RjODEifQ%3D%3D\">\n\t\t\t\t\t<div class=\"e-gallery-image elementor-gallery-item__image\" data-thumbnail=\"https:\/\/archiv.siov.sk\/wp-content\/uploads\/2025\/09\/Obrazok-WhatsApp-2025-09-23-o-17.12.35_b44e95ee-225x300.jpg\" data-width=\"225\" data-height=\"300\" aria-label=\"\" role=\"img\" ><\/div>\n\t\t\t\t\t\t\t\t\t\t\t<div class=\"elementor-gallery-item__overlay\"><\/div>\n\t\t\t\t\t\t\t\t\t\t\t\t\t\t<\/a>\n\t\t\t\t\t\t\t<a class=\"e-gallery-item elementor-gallery-item elementor-animated-content\" href=\"https:\/\/archiv.siov.sk\/wp-content\/uploads\/2025\/09\/Obrazok-WhatsApp-2025-09-23-o-17.17.12_a9f1d495.jpg\" data-elementor-open-lightbox=\"yes\" data-elementor-lightbox-slideshow=\"bb3dc81\" data-elementor-lightbox-title=\"Obr\u00e1zok WhatsApp 2025-09-23 o\u00a017.17.12_a9f1d495\" data-e-action-hash=\"#elementor-action%3Aaction%3Dlightbox%26settings%3DeyJpZCI6MjEyMTUsInVybCI6Imh0dHBzOlwvXC9hcmNoaXYuc2lvdi5za1wvd3AtY29udGVudFwvdXBsb2Fkc1wvMjAyNVwvMDlcL09icmF6b2stV2hhdHNBcHAtMjAyNS0wOS0yMy1vLTE3LjE3LjEyX2E5ZjFkNDk1LmpwZyIsInNsaWRlc2hvdyI6ImJiM2RjODEifQ%3D%3D\">\n\t\t\t\t\t<div class=\"e-gallery-image elementor-gallery-item__image\" data-thumbnail=\"https:\/\/archiv.siov.sk\/wp-content\/uploads\/2025\/09\/Obrazok-WhatsApp-2025-09-23-o-17.17.12_a9f1d495-300x225.jpg\" data-width=\"300\" data-height=\"225\" aria-label=\"\" role=\"img\" ><\/div>\n\t\t\t\t\t\t\t\t\t\t\t<div class=\"elementor-gallery-item__overlay\"><\/div>\n\t\t\t\t\t\t\t\t\t\t\t\t\t\t<\/a>\n\t\t\t\t\t\t\t<a class=\"e-gallery-item elementor-gallery-item elementor-animated-content\" href=\"https:\/\/archiv.siov.sk\/wp-content\/uploads\/2025\/09\/Obrazok-WhatsApp-2025-09-23-o-17.17.12_1c8c7287.jpg\" data-elementor-open-lightbox=\"yes\" data-elementor-lightbox-slideshow=\"bb3dc81\" data-elementor-lightbox-title=\"Obr\u00e1zok WhatsApp 2025-09-23 o\u00a017.17.12_1c8c7287\" data-e-action-hash=\"#elementor-action%3Aaction%3Dlightbox%26settings%3DeyJpZCI6MjEyMTYsInVybCI6Imh0dHBzOlwvXC9hcmNoaXYuc2lvdi5za1wvd3AtY29udGVudFwvdXBsb2Fkc1wvMjAyNVwvMDlcL09icmF6b2stV2hhdHNBcHAtMjAyNS0wOS0yMy1vLTE3LjE3LjEyXzFjOGM3Mjg3LmpwZyIsInNsaWRlc2hvdyI6ImJiM2RjODEifQ%3D%3D\">\n\t\t\t\t\t<div class=\"e-gallery-image elementor-gallery-item__image\" data-thumbnail=\"https:\/\/archiv.siov.sk\/wp-content\/uploads\/2025\/09\/Obrazok-WhatsApp-2025-09-23-o-17.17.12_1c8c7287-225x300.jpg\" data-width=\"225\" data-height=\"300\" aria-label=\"\" role=\"img\" ><\/div>\n\t\t\t\t\t\t\t\t\t\t\t<div class=\"elementor-gallery-item__overlay\"><\/div>\n\t\t\t\t\t\t\t\t\t\t\t\t\t\t<\/a>\n\t\t\t\t\t\t\t<a class=\"e-gallery-item elementor-gallery-item elementor-animated-content\" href=\"https:\/\/archiv.siov.sk\/wp-content\/uploads\/2025\/09\/Trh_remesiel_23.9.2025-2.jpg\" data-elementor-open-lightbox=\"yes\" data-elementor-lightbox-slideshow=\"bb3dc81\" data-elementor-lightbox-title=\"Trh_remesiel_23.9.2025 (2)\" data-e-action-hash=\"#elementor-action%3Aaction%3Dlightbox%26settings%3DeyJpZCI6MjEyMjAsInVybCI6Imh0dHBzOlwvXC9hcmNoaXYuc2lvdi5za1wvd3AtY29udGVudFwvdXBsb2Fkc1wvMjAyNVwvMDlcL1RyaF9yZW1lc2llbF8yMy45LjIwMjUtMi5qcGciLCJzbGlkZXNob3ciOiJiYjNkYzgxIn0%3D\">\n\t\t\t\t\t<div class=\"e-gallery-image elementor-gallery-item__image\" data-thumbnail=\"https:\/\/archiv.siov.sk\/wp-content\/uploads\/2025\/09\/Trh_remesiel_23.9.2025-2-225x300.jpg\" data-width=\"225\" data-height=\"300\" aria-label=\"\" role=\"img\" ><\/div>\n\t\t\t\t\t\t\t\t\t\t\t<div class=\"elementor-gallery-item__overlay\"><\/div>\n\t\t\t\t\t\t\t\t\t\t\t\t\t\t<\/a>\n\t\t\t\t\t\t\t<a class=\"e-gallery-item elementor-gallery-item elementor-animated-content\" href=\"https:\/\/archiv.siov.sk\/wp-content\/uploads\/2025\/09\/Trh_remesiel_23.9.2025-3.jpg\" data-elementor-open-lightbox=\"yes\" data-elementor-lightbox-slideshow=\"bb3dc81\" data-elementor-lightbox-title=\"Trh_remesiel_23.9.2025 (3)\" data-e-action-hash=\"#elementor-action%3Aaction%3Dlightbox%26settings%3DeyJpZCI6MjEyMjEsInVybCI6Imh0dHBzOlwvXC9hcmNoaXYuc2lvdi5za1wvd3AtY29udGVudFwvdXBsb2Fkc1wvMjAyNVwvMDlcL1RyaF9yZW1lc2llbF8yMy45LjIwMjUtMy5qcGciLCJzbGlkZXNob3ciOiJiYjNkYzgxIn0%3D\">\n\t\t\t\t\t<div class=\"e-gallery-image elementor-gallery-item__image\" data-thumbnail=\"https:\/\/archiv.siov.sk\/wp-content\/uploads\/2025\/09\/Trh_remesiel_23.9.2025-3-225x300.jpg\" data-width=\"225\" data-height=\"300\" aria-label=\"\" role=\"img\" ><\/div>\n\t\t\t\t\t\t\t\t\t\t\t<div class=\"elementor-gallery-item__overlay\"><\/div>\n\t\t\t\t\t\t\t\t\t\t\t\t\t\t<\/a>\n\t\t\t\t\t\t\t<a class=\"e-gallery-item elementor-gallery-item elementor-animated-content\" href=\"https:\/\/archiv.siov.sk\/wp-content\/uploads\/2025\/09\/Trh_remesiel_23.9.2025-4.jpg\" data-elementor-open-lightbox=\"yes\" data-elementor-lightbox-slideshow=\"bb3dc81\" data-elementor-lightbox-title=\"Trh_remesiel_23.9.2025 (4)\" data-e-action-hash=\"#elementor-action%3Aaction%3Dlightbox%26settings%3DeyJpZCI6MjEyMjMsInVybCI6Imh0dHBzOlwvXC9hcmNoaXYuc2lvdi5za1wvd3AtY29udGVudFwvdXBsb2Fkc1wvMjAyNVwvMDlcL1RyaF9yZW1lc2llbF8yMy45LjIwMjUtNC5qcGciLCJzbGlkZXNob3ciOiJiYjNkYzgxIn0%3D\">\n\t\t\t\t\t<div class=\"e-gallery-image elementor-gallery-item__image\" data-thumbnail=\"https:\/\/archiv.siov.sk\/wp-content\/uploads\/2025\/09\/Trh_remesiel_23.9.2025-4-225x300.jpg\" data-width=\"225\" data-height=\"300\" aria-label=\"\" role=\"img\" ><\/div>\n\t\t\t\t\t\t\t\t\t\t\t<div class=\"elementor-gallery-item__overlay\"><\/div>\n\t\t\t\t\t\t\t\t\t\t\t\t\t\t<\/a>\n\t\t\t\t\t\t\t<a class=\"e-gallery-item elementor-gallery-item elementor-animated-content\" href=\"https:\/\/archiv.siov.sk\/wp-content\/uploads\/2025\/09\/Trh_remesiel_23.9.2025-9.jpg\" data-elementor-open-lightbox=\"yes\" data-elementor-lightbox-slideshow=\"bb3dc81\" data-elementor-lightbox-title=\"Trh_remesiel_23.9.2025 (9)\" data-e-action-hash=\"#elementor-action%3Aaction%3Dlightbox%26settings%3DeyJpZCI6MjEyMjQsInVybCI6Imh0dHBzOlwvXC9hcmNoaXYuc2lvdi5za1wvd3AtY29udGVudFwvdXBsb2Fkc1wvMjAyNVwvMDlcL1RyaF9yZW1lc2llbF8yMy45LjIwMjUtOS5qcGciLCJzbGlkZXNob3ciOiJiYjNkYzgxIn0%3D\">\n\t\t\t\t\t<div class=\"e-gallery-image elementor-gallery-item__image\" data-thumbnail=\"https:\/\/archiv.siov.sk\/wp-content\/uploads\/2025\/09\/Trh_remesiel_23.9.2025-9-225x300.jpg\" data-width=\"225\" data-height=\"300\" aria-label=\"\" role=\"img\" ><\/div>\n\t\t\t\t\t\t\t\t\t\t\t<div class=\"elementor-gallery-item__overlay\"><\/div>\n\t\t\t\t\t\t\t\t\t\t\t\t\t\t<\/a>\n\t\t\t\t\t\t\t<a class=\"e-gallery-item elementor-gallery-item elementor-animated-content\" href=\"https:\/\/archiv.siov.sk\/wp-content\/uploads\/2025\/09\/Trh_remesiel_23.9.2025-11.jpg\" data-elementor-open-lightbox=\"yes\" data-elementor-lightbox-slideshow=\"bb3dc81\" data-elementor-lightbox-title=\"Trh_remesiel_23.9.2025 (11)\" data-e-action-hash=\"#elementor-action%3Aaction%3Dlightbox%26settings%3DeyJpZCI6MjEyMjUsInVybCI6Imh0dHBzOlwvXC9hcmNoaXYuc2lvdi5za1wvd3AtY29udGVudFwvdXBsb2Fkc1wvMjAyNVwvMDlcL1RyaF9yZW1lc2llbF8yMy45LjIwMjUtMTEuanBnIiwic2xpZGVzaG93IjoiYmIzZGM4MSJ9\">\n\t\t\t\t\t<div class=\"e-gallery-image elementor-gallery-item__image\" data-thumbnail=\"https:\/\/archiv.siov.sk\/wp-content\/uploads\/2025\/09\/Trh_remesiel_23.9.2025-11-225x300.jpg\" data-width=\"225\" data-height=\"300\" aria-label=\"\" role=\"img\" ><\/div>\n\t\t\t\t\t\t\t\t\t\t\t<div class=\"elementor-gallery-item__overlay\"><\/div>\n\t\t\t\t\t\t\t\t\t\t\t\t\t\t<\/a>\n\t\t\t\t\t\t\t<a class=\"e-gallery-item elementor-gallery-item elementor-animated-content\" href=\"https:\/\/archiv.siov.sk\/wp-content\/uploads\/2025\/09\/Trh_remesiel_23.9.2025-12.jpg\" data-elementor-open-lightbox=\"yes\" data-elementor-lightbox-slideshow=\"bb3dc81\" data-elementor-lightbox-title=\"Trh_remesiel_23.9.2025 (12)\" data-e-action-hash=\"#elementor-action%3Aaction%3Dlightbox%26settings%3DeyJpZCI6MjEyMjYsInVybCI6Imh0dHBzOlwvXC9hcmNoaXYuc2lvdi5za1wvd3AtY29udGVudFwvdXBsb2Fkc1wvMjAyNVwvMDlcL1RyaF9yZW1lc2llbF8yMy45LjIwMjUtMTIuanBnIiwic2xpZGVzaG93IjoiYmIzZGM4MSJ9\">\n\t\t\t\t\t<div class=\"e-gallery-image elementor-gallery-item__image\" data-thumbnail=\"https:\/\/archiv.siov.sk\/wp-content\/uploads\/2025\/09\/Trh_remesiel_23.9.2025-12-225x300.jpg\" data-width=\"225\" data-height=\"300\" aria-label=\"\" role=\"img\" ><\/div>\n\t\t\t\t\t\t\t\t\t\t\t<div class=\"elementor-gallery-item__overlay\"><\/div>\n\t\t\t\t\t\t\t\t\t\t\t\t\t\t<\/a>\n\t\t\t\t\t\t\t<a class=\"e-gallery-item elementor-gallery-item elementor-animated-content\" href=\"https:\/\/archiv.siov.sk\/wp-content\/uploads\/2025\/09\/Trh_remesiel_23.9.2025-1.jpg\" data-elementor-open-lightbox=\"yes\" data-elementor-lightbox-slideshow=\"bb3dc81\" data-elementor-lightbox-title=\"Trh_remesiel_23.9.2025 (1)\" data-e-action-hash=\"#elementor-action%3Aaction%3Dlightbox%26settings%3DeyJpZCI6MjEyMTksInVybCI6Imh0dHBzOlwvXC9hcmNoaXYuc2lvdi5za1wvd3AtY29udGVudFwvdXBsb2Fkc1wvMjAyNVwvMDlcL1RyaF9yZW1lc2llbF8yMy45LjIwMjUtMS5qcGciLCJzbGlkZXNob3ciOiJiYjNkYzgxIn0%3D\">\n\t\t\t\t\t<div class=\"e-gallery-image elementor-gallery-item__image\" data-thumbnail=\"https:\/\/archiv.siov.sk\/wp-content\/uploads\/2025\/09\/Trh_remesiel_23.9.2025-1-225x300.jpg\" data-width=\"225\" data-height=\"300\" aria-label=\"\" role=\"img\" ><\/div>\n\t\t\t\t\t\t\t\t\t\t\t<div class=\"elementor-gallery-item__overlay\"><\/div>\n\t\t\t\t\t\t\t\t\t\t\t\t\t\t<\/a>\n\t\t\t\t\t\t\t<a class=\"e-gallery-item elementor-gallery-item elementor-animated-content\" href=\"https:\/\/archiv.siov.sk\/wp-content\/uploads\/2025\/09\/2.jpg\" data-elementor-open-lightbox=\"yes\" data-elementor-lightbox-slideshow=\"bb3dc81\" data-elementor-lightbox-title=\"2\" data-e-action-hash=\"#elementor-action%3Aaction%3Dlightbox%26settings%3DeyJpZCI6MjEyMzEsInVybCI6Imh0dHBzOlwvXC9hcmNoaXYuc2lvdi5za1wvd3AtY29udGVudFwvdXBsb2Fkc1wvMjAyNVwvMDlcLzIuanBnIiwic2xpZGVzaG93IjoiYmIzZGM4MSJ9\">\n\t\t\t\t\t<div class=\"e-gallery-image elementor-gallery-item__image\" data-thumbnail=\"https:\/\/archiv.siov.sk\/wp-content\/uploads\/2025\/09\/2-300x225.jpg\" data-width=\"300\" data-height=\"225\" aria-label=\"\" role=\"img\" ><\/div>\n\t\t\t\t\t\t\t\t\t\t\t<div class=\"elementor-gallery-item__overlay\"><\/div>\n\t\t\t\t\t\t\t\t\t\t\t\t\t\t<\/a>\n\t\t\t\t\t\t\t<a class=\"e-gallery-item elementor-gallery-item elementor-animated-content\" href=\"https:\/\/archiv.siov.sk\/wp-content\/uploads\/2025\/09\/14.jpg\" data-elementor-open-lightbox=\"yes\" data-elementor-lightbox-slideshow=\"bb3dc81\" data-elementor-lightbox-title=\"14\" data-e-action-hash=\"#elementor-action%3Aaction%3Dlightbox%26settings%3DeyJpZCI6MjEyMzAsInVybCI6Imh0dHBzOlwvXC9hcmNoaXYuc2lvdi5za1wvd3AtY29udGVudFwvdXBsb2Fkc1wvMjAyNVwvMDlcLzE0LmpwZyIsInNsaWRlc2hvdyI6ImJiM2RjODEifQ%3D%3D\">\n\t\t\t\t\t<div class=\"e-gallery-image elementor-gallery-item__image\" data-thumbnail=\"https:\/\/archiv.siov.sk\/wp-content\/uploads\/2025\/09\/14-300x225.jpg\" data-width=\"300\" data-height=\"225\" aria-label=\"\" role=\"img\" ><\/div>\n\t\t\t\t\t\t\t\t\t\t\t<div class=\"elementor-gallery-item__overlay\"><\/div>\n\t\t\t\t\t\t\t\t\t\t\t\t\t\t<\/a>\n\t\t\t\t\t\t\t<a class=\"e-gallery-item elementor-gallery-item elementor-animated-content\" href=\"https:\/\/archiv.siov.sk\/wp-content\/uploads\/2025\/09\/15.jpg\" data-elementor-open-lightbox=\"yes\" data-elementor-lightbox-slideshow=\"bb3dc81\" data-elementor-lightbox-title=\"15\" data-e-action-hash=\"#elementor-action%3Aaction%3Dlightbox%26settings%3DeyJpZCI6MjEyMjgsInVybCI6Imh0dHBzOlwvXC9hcmNoaXYuc2lvdi5za1wvd3AtY29udGVudFwvdXBsb2Fkc1wvMjAyNVwvMDlcLzE1LmpwZyIsInNsaWRlc2hvdyI6ImJiM2RjODEifQ%3D%3D\">\n\t\t\t\t\t<div class=\"e-gallery-image elementor-gallery-item__image\" data-thumbnail=\"https:\/\/archiv.siov.sk\/wp-content\/uploads\/2025\/09\/15-300x225.jpg\" data-width=\"300\" data-height=\"225\" aria-label=\"\" role=\"img\" ><\/div>\n\t\t\t\t\t\t\t\t\t\t\t<div class=\"elementor-gallery-item__overlay\"><\/div>\n\t\t\t\t\t\t\t\t\t\t\t\t\t\t<\/a>\n\t\t\t\t\t\t\t<a class=\"e-gallery-item elementor-gallery-item elementor-animated-content\" href=\"https:\/\/archiv.siov.sk\/wp-content\/uploads\/2025\/09\/16.jpg\" data-elementor-open-lightbox=\"yes\" data-elementor-lightbox-slideshow=\"bb3dc81\" data-elementor-lightbox-title=\"16\" data-e-action-hash=\"#elementor-action%3Aaction%3Dlightbox%26settings%3DeyJpZCI6MjEyMjksInVybCI6Imh0dHBzOlwvXC9hcmNoaXYuc2lvdi5za1wvd3AtY29udGVudFwvdXBsb2Fkc1wvMjAyNVwvMDlcLzE2LmpwZyIsInNsaWRlc2hvdyI6ImJiM2RjODEifQ%3D%3D\">\n\t\t\t\t\t<div class=\"e-gallery-image elementor-gallery-item__image\" data-thumbnail=\"https:\/\/archiv.siov.sk\/wp-content\/uploads\/2025\/09\/16-300x225.jpg\" data-width=\"300\" data-height=\"225\" aria-label=\"\" role=\"img\" ><\/div>\n\t\t\t\t\t\t\t\t\t\t\t<div class=\"elementor-gallery-item__overlay\"><\/div>\n\t\t\t\t\t\t\t\t\t\t\t\t\t\t<\/a>\n\t\t\t\t\t\t\t<a class=\"e-gallery-item elementor-gallery-item elementor-animated-content\" href=\"https:\/\/archiv.siov.sk\/wp-content\/uploads\/2025\/09\/Obrazok-WhatsApp-2025-09-26-o-10.46.36_95e2988c.jpg\" data-elementor-open-lightbox=\"yes\" data-elementor-lightbox-slideshow=\"bb3dc81\" data-elementor-lightbox-title=\"Obr\u00e1zok WhatsApp 2025-09-26 o\u00a010.46.36_95e2988c\" data-e-action-hash=\"#elementor-action%3Aaction%3Dlightbox%26settings%3DeyJpZCI6MjEyMzMsInVybCI6Imh0dHBzOlwvXC9hcmNoaXYuc2lvdi5za1wvd3AtY29udGVudFwvdXBsb2Fkc1wvMjAyNVwvMDlcL09icmF6b2stV2hhdHNBcHAtMjAyNS0wOS0yNi1vLTEwLjQ2LjM2Xzk1ZTI5ODhjLmpwZyIsInNsaWRlc2hvdyI6ImJiM2RjODEifQ%3D%3D\">\n\t\t\t\t\t<div class=\"e-gallery-image elementor-gallery-item__image\" data-thumbnail=\"https:\/\/archiv.siov.sk\/wp-content\/uploads\/2025\/09\/Obrazok-WhatsApp-2025-09-26-o-10.46.36_95e2988c-225x300.jpg\" data-width=\"225\" data-height=\"300\" aria-label=\"\" role=\"img\" ><\/div>\n\t\t\t\t\t\t\t\t\t\t\t<div class=\"elementor-gallery-item__overlay\"><\/div>\n\t\t\t\t\t\t\t\t\t\t\t\t\t\t<\/a>\n\t\t\t\t\t\t\t<a class=\"e-gallery-item elementor-gallery-item elementor-animated-content\" href=\"https:\/\/archiv.siov.sk\/wp-content\/uploads\/2025\/09\/Obrazok-WhatsApp-2025-09-26-o-10.46.37_8e716bef.jpg\" data-elementor-open-lightbox=\"yes\" data-elementor-lightbox-slideshow=\"bb3dc81\" data-elementor-lightbox-title=\"Obr\u00e1zok WhatsApp 2025-09-26 o\u00a010.46.37_8e716bef\" data-e-action-hash=\"#elementor-action%3Aaction%3Dlightbox%26settings%3DeyJpZCI6MjEyMzIsInVybCI6Imh0dHBzOlwvXC9hcmNoaXYuc2lvdi5za1wvd3AtY29udGVudFwvdXBsb2Fkc1wvMjAyNVwvMDlcL09icmF6b2stV2hhdHNBcHAtMjAyNS0wOS0yNi1vLTEwLjQ2LjM3XzhlNzE2YmVmLmpwZyIsInNsaWRlc2hvdyI6ImJiM2RjODEifQ%3D%3D\">\n\t\t\t\t\t<div class=\"e-gallery-image elementor-gallery-item__image\" data-thumbnail=\"https:\/\/archiv.siov.sk\/wp-content\/uploads\/2025\/09\/Obrazok-WhatsApp-2025-09-26-o-10.46.37_8e716bef-225x300.jpg\" data-width=\"225\" data-height=\"300\" aria-label=\"\" role=\"img\" ><\/div>\n\t\t\t\t\t\t\t\t\t\t\t<div class=\"elementor-gallery-item__overlay\"><\/div>\n\t\t\t\t\t\t\t\t\t\t\t\t\t\t<\/a>\n\t\t\t\t\t\t\t<a class=\"e-gallery-item elementor-gallery-item elementor-animated-content\" href=\"https:\/\/archiv.siov.sk\/wp-content\/uploads\/2025\/09\/Obrazok-WhatsApp-2025-09-26-o-10.46.37_bc6908e2.jpg\" data-elementor-open-lightbox=\"yes\" data-elementor-lightbox-slideshow=\"bb3dc81\" data-elementor-lightbox-title=\"Obr\u00e1zok WhatsApp 2025-09-26 o\u00a010.46.37_bc6908e2\" data-e-action-hash=\"#elementor-action%3Aaction%3Dlightbox%26settings%3DeyJpZCI6MjEyMzQsInVybCI6Imh0dHBzOlwvXC9hcmNoaXYuc2lvdi5za1wvd3AtY29udGVudFwvdXBsb2Fkc1wvMjAyNVwvMDlcL09icmF6b2stV2hhdHNBcHAtMjAyNS0wOS0yNi1vLTEwLjQ2LjM3X2JjNjkwOGUyLmpwZyIsInNsaWRlc2hvdyI6ImJiM2RjODEifQ%3D%3D\">\n\t\t\t\t\t<div class=\"e-gallery-image elementor-gallery-item__image\" data-thumbnail=\"https:\/\/archiv.siov.sk\/wp-content\/uploads\/2025\/09\/Obrazok-WhatsApp-2025-09-26-o-10.46.37_bc6908e2-225x300.jpg\" data-width=\"225\" data-height=\"300\" aria-label=\"\" role=\"img\" ><\/div>\n\t\t\t\t\t\t\t\t\t\t\t<div class=\"elementor-gallery-item__overlay\"><\/div>\n\t\t\t\t\t\t\t\t\t\t\t\t\t\t<\/a>\n\t\t\t\t\t\t\t<a class=\"e-gallery-item elementor-gallery-item elementor-animated-content\" href=\"https:\/\/archiv.siov.sk\/wp-content\/uploads\/2025\/09\/Obrazok-WhatsApp-2025-09-26-o-10.46.37_e3d8858d.jpg\" data-elementor-open-lightbox=\"yes\" data-elementor-lightbox-slideshow=\"bb3dc81\" data-elementor-lightbox-title=\"Obr\u00e1zok WhatsApp 2025-09-26 o\u00a010.46.37_e3d8858d\" data-e-action-hash=\"#elementor-action%3Aaction%3Dlightbox%26settings%3DeyJpZCI6MjEyMzUsInVybCI6Imh0dHBzOlwvXC9hcmNoaXYuc2lvdi5za1wvd3AtY29udGVudFwvdXBsb2Fkc1wvMjAyNVwvMDlcL09icmF6b2stV2hhdHNBcHAtMjAyNS0wOS0yNi1vLTEwLjQ2LjM3X2UzZDg4NThkLmpwZyIsInNsaWRlc2hvdyI6ImJiM2RjODEifQ%3D%3D\">\n\t\t\t\t\t<div class=\"e-gallery-image elementor-gallery-item__image\" data-thumbnail=\"https:\/\/archiv.siov.sk\/wp-content\/uploads\/2025\/09\/Obrazok-WhatsApp-2025-09-26-o-10.46.37_e3d8858d-225x300.jpg\" data-width=\"225\" data-height=\"300\" aria-label=\"\" role=\"img\" ><\/div>\n\t\t\t\t\t\t\t\t\t\t\t<div class=\"elementor-gallery-item__overlay\"><\/div>\n\t\t\t\t\t\t\t\t\t\t\t\t\t\t<\/a>\n\t\t\t\t\t<\/div>\n\t\t\t\t\t<\/div>\n\t\t\t\t<\/div>\n\t\t\t\t\t<\/div>\n\t\t\t\t<\/div>\n\t\t\t\t<\/div>","protected":false},"excerpt":{"rendered":"<p>Zru\u010dnosti pre \u0161kolu, pr\u00e1cu aj \u017eivot. Aj o tom bol Festival zru\u010dnost\u00ed 2025, ktor\u00fd sa uskuto\u010dnil v Bratislave a viacer\u00fdch regi\u00f3noch Slovenska v t\u00fd\u017edni od 22. do 26. septembra. Po\u010das piatich dn\u00ed sa stretli odborn\u00edci, \u017eiaci, u\u010ditelia, zamestn\u00e1vatelia, z\u00e1stupcovia verejn\u00fdch in\u0161tit\u00faci\u00ed aj inov\u00e1tori, aby spolo\u010dne otvorili d\u00f4le\u017eit\u00e9 t\u00e9my, predstavili pr\u00edklady dobrej praxe a uk\u00e1zali, \u010do [&hellip;]<\/p>\n","protected":false},"author":10,"featured_media":21185,"comment_status":"closed","ping_status":"closed","sticky":false,"template":"","format":"standard","meta":{"site-sidebar-layout":"default","site-content-layout":"","ast-site-content-layout":"default","site-content-style":"default","site-sidebar-style":"default","ast-global-header-display":"","ast-banner-title-visibility":"","ast-main-header-display":"","ast-hfb-above-header-display":"","ast-hfb-below-header-display":"","ast-hfb-mobile-header-display":"","site-post-title":"","ast-breadcrumbs-content":"","ast-featured-img":"","footer-sml-layout":"","ast-disable-related-posts":"","theme-transparent-header-meta":"default","adv-header-id-meta":"","stick-header-meta":"default","header-above-stick-meta":"","header-main-stick-meta":"","header-below-stick-meta":"","astra-migrate-meta-layouts":"set","ast-page-background-enabled":"default","ast-page-background-meta":{"desktop":{"background-color":"var(--ast-global-color-4)","background-image":"","background-repeat":"repeat","background-position":"center center","background-size":"auto","background-attachment":"scroll","background-type":"","background-media":"","overlay-type":"","overlay-color":"","overlay-opacity":"","overlay-gradient":""},"tablet":{"background-color":"","background-image":"","background-repeat":"repeat","background-position":"center center","background-size":"auto","background-attachment":"scroll","background-type":"","background-media":"","overlay-type":"","overlay-color":"","overlay-opacity":"","overlay-gradient":""},"mobile":{"background-color":"","background-image":"","background-repeat":"repeat","background-position":"center center","background-size":"auto","background-attachment":"scroll","background-type":"","background-media":"","overlay-type":"","overlay-color":"","overlay-opacity":"","overlay-gradient":""}},"ast-content-background-meta":{"desktop":{"background-color":"var(--ast-global-color-5)","background-image":"","background-repeat":"repeat","background-position":"center center","background-size":"auto","background-attachment":"scroll","background-type":"","background-media":"","overlay-type":"","overlay-color":"","overlay-opacity":"","overlay-gradient":""},"tablet":{"background-color":"var(--ast-global-color-5)","background-image":"","background-repeat":"repeat","background-position":"center center","background-size":"auto","background-attachment":"scroll","background-type":"","background-media":"","overlay-type":"","overlay-color":"","overlay-opacity":"","overlay-gradient":""},"mobile":{"background-color":"var(--ast-global-color-5)","background-image":"","background-repeat":"repeat","background-position":"center center","background-size":"auto","background-attachment":"scroll","background-type":"","background-media":"","overlay-type":"","overlay-color":"","overlay-opacity":"","overlay-gradient":""}},"footnotes":""},"categories":[1],"tags":[],"class_list":["post-21186","post","type-post","status-publish","format-standard","has-post-thumbnail","hentry","category-aktuality"],"yoast_head":"<!-- This site is optimized with the Yoast SEO plugin v27.5 - https:\/\/yoast.com\/product\/yoast-seo-wordpress\/ -->\n<title>Festival zru\u010dnost\u00ed 2025 v obrazoch a \u010d\u00edslach: \u010co priniesol a \u010d\u00edm in\u0161piroval? - \u0160IOV - \u0161t\u00e1tny in\u0161tit\u00fat odborn\u00e9ho vzdel\u00e1vania<\/title>\n<meta name=\"description\" content=\"\u010co priniesol Festival zru\u010dnost\u00ed 2025. Pozrite si hlavn\u00e9 momenty, \u0161tatistiky, fotky a prezent\u00e1cie.\" \/>\n<meta name=\"robots\" content=\"index, follow, max-snippet:-1, max-image-preview:large, max-video-preview:-1\" \/>\n<link rel=\"canonical\" href=\"https:\/\/archiv.siov.sk\/en\/festival-zrucnosti-2025-v-obrazoch-a-cislach\/\" \/>\n<meta property=\"og:locale\" content=\"en_GB\" \/>\n<meta property=\"og:type\" content=\"article\" \/>\n<meta property=\"og:title\" content=\"Festival zru\u010dnost\u00ed 2025 v obrazoch a \u010d\u00edslach: \u010co priniesol a \u010d\u00edm in\u0161piroval? - \u0160IOV - \u0161t\u00e1tny in\u0161tit\u00fat odborn\u00e9ho vzdel\u00e1vania\" \/>\n<meta property=\"og:description\" content=\"\u010co priniesol Festival zru\u010dnost\u00ed 2025. Pozrite si hlavn\u00e9 momenty, \u0161tatistiky, fotky a prezent\u00e1cie.\" \/>\n<meta property=\"og:url\" content=\"https:\/\/archiv.siov.sk\/en\/festival-zrucnosti-2025-v-obrazoch-a-cislach\/\" \/>\n<meta property=\"og:site_name\" content=\"\u0160IOV - \u0161t\u00e1tny in\u0161tit\u00fat odborn\u00e9ho vzdel\u00e1vania\" \/>\n<meta property=\"article:publisher\" content=\"https:\/\/www.facebook.com\/Statnyinstitutodbornehovzdelavania\" \/>\n<meta property=\"article:published_time\" content=\"2025-09-30T09:55:08+00:00\" \/>\n<meta property=\"article:modified_time\" content=\"2025-09-30T10:20:25+00:00\" \/>\n<meta property=\"og:image\" content=\"https:\/\/archiv.siov.sk\/wp-content\/uploads\/2025\/09\/festival_zrucnosti_2025.png\" \/>\n\t<meta property=\"og:image:width\" content=\"1200\" \/>\n\t<meta property=\"og:image:height\" content=\"600\" \/>\n\t<meta property=\"og:image:type\" content=\"image\/png\" \/>\n<meta name=\"author\" content=\"Gabriela Budayov\u00e1\" \/>\n<meta name=\"twitter:card\" content=\"summary_large_image\" \/>\n<meta name=\"twitter:label1\" content=\"Written by\" \/>\n\t<meta name=\"twitter:data1\" content=\"Gabriela Budayov\u00e1\" \/>\n\t<meta name=\"twitter:label2\" content=\"Estimated reading time\" \/>\n\t<meta name=\"twitter:data2\" content=\"3 minutes\" \/>\n<script type=\"application\/ld+json\" class=\"yoast-schema-graph\">{\"@context\":\"https:\\\/\\\/schema.org\",\"@graph\":[{\"@type\":\"Article\",\"@id\":\"https:\\\/\\\/archiv.siov.sk\\\/festival-zrucnosti-2025-v-obrazoch-a-cislach\\\/#article\",\"isPartOf\":{\"@id\":\"https:\\\/\\\/archiv.siov.sk\\\/festival-zrucnosti-2025-v-obrazoch-a-cislach\\\/\"},\"author\":{\"name\":\"Gabriela Budayov\u00e1\",\"@id\":\"https:\\\/\\\/archiv.siov.sk\\\/#\\\/schema\\\/person\\\/2d35146a9c0fa51b027e8ff319cee627\"},\"headline\":\"Festival zru\u010dnost\u00ed 2025 v obrazoch a \u010d\u00edslach: \u010co priniesol a \u010d\u00edm in\u0161piroval?\",\"datePublished\":\"2025-09-30T09:55:08+00:00\",\"dateModified\":\"2025-09-30T10:20:25+00:00\",\"mainEntityOfPage\":{\"@id\":\"https:\\\/\\\/archiv.siov.sk\\\/festival-zrucnosti-2025-v-obrazoch-a-cislach\\\/\"},\"wordCount\":625,\"publisher\":{\"@id\":\"https:\\\/\\\/archiv.siov.sk\\\/#organization\"},\"image\":{\"@id\":\"https:\\\/\\\/archiv.siov.sk\\\/festival-zrucnosti-2025-v-obrazoch-a-cislach\\\/#primaryimage\"},\"thumbnailUrl\":\"https:\\\/\\\/archiv.siov.sk\\\/wp-content\\\/uploads\\\/2025\\\/09\\\/festival_zrucnosti_2025.png\",\"articleSection\":[\"Aktuality\"],\"inLanguage\":\"en-GB\"},{\"@type\":\"WebPage\",\"@id\":\"https:\\\/\\\/archiv.siov.sk\\\/festival-zrucnosti-2025-v-obrazoch-a-cislach\\\/\",\"url\":\"https:\\\/\\\/archiv.siov.sk\\\/festival-zrucnosti-2025-v-obrazoch-a-cislach\\\/\",\"name\":\"Festival zru\u010dnost\u00ed 2025 v obrazoch a \u010d\u00edslach: \u010co priniesol a \u010d\u00edm in\u0161piroval? - \u0160IOV - \u0161t\u00e1tny in\u0161tit\u00fat odborn\u00e9ho vzdel\u00e1vania\",\"isPartOf\":{\"@id\":\"https:\\\/\\\/archiv.siov.sk\\\/#website\"},\"primaryImageOfPage\":{\"@id\":\"https:\\\/\\\/archiv.siov.sk\\\/festival-zrucnosti-2025-v-obrazoch-a-cislach\\\/#primaryimage\"},\"image\":{\"@id\":\"https:\\\/\\\/archiv.siov.sk\\\/festival-zrucnosti-2025-v-obrazoch-a-cislach\\\/#primaryimage\"},\"thumbnailUrl\":\"https:\\\/\\\/archiv.siov.sk\\\/wp-content\\\/uploads\\\/2025\\\/09\\\/festival_zrucnosti_2025.png\",\"datePublished\":\"2025-09-30T09:55:08+00:00\",\"dateModified\":\"2025-09-30T10:20:25+00:00\",\"description\":\"\u010co priniesol Festival zru\u010dnost\u00ed 2025. Pozrite si hlavn\u00e9 momenty, \u0161tatistiky, fotky a prezent\u00e1cie.\",\"breadcrumb\":{\"@id\":\"https:\\\/\\\/archiv.siov.sk\\\/festival-zrucnosti-2025-v-obrazoch-a-cislach\\\/#breadcrumb\"},\"inLanguage\":\"en-GB\",\"potentialAction\":[{\"@type\":\"ReadAction\",\"target\":[\"https:\\\/\\\/archiv.siov.sk\\\/festival-zrucnosti-2025-v-obrazoch-a-cislach\\\/\"]}]},{\"@type\":\"ImageObject\",\"inLanguage\":\"en-GB\",\"@id\":\"https:\\\/\\\/archiv.siov.sk\\\/festival-zrucnosti-2025-v-obrazoch-a-cislach\\\/#primaryimage\",\"url\":\"https:\\\/\\\/archiv.siov.sk\\\/wp-content\\\/uploads\\\/2025\\\/09\\\/festival_zrucnosti_2025.png\",\"contentUrl\":\"https:\\\/\\\/archiv.siov.sk\\\/wp-content\\\/uploads\\\/2025\\\/09\\\/festival_zrucnosti_2025.png\",\"width\":1200,\"height\":600,\"caption\":\"festival_zrucnosti_banner\"},{\"@type\":\"BreadcrumbList\",\"@id\":\"https:\\\/\\\/archiv.siov.sk\\\/festival-zrucnosti-2025-v-obrazoch-a-cislach\\\/#breadcrumb\",\"itemListElement\":[{\"@type\":\"ListItem\",\"position\":1,\"name\":\"Home\",\"item\":\"https:\\\/\\\/archiv.siov.sk\\\/\"},{\"@type\":\"ListItem\",\"position\":2,\"name\":\"Festival zru\u010dnost\u00ed 2025 v obrazoch a \u010d\u00edslach: \u010co priniesol a \u010d\u00edm in\u0161piroval?\"}]},{\"@type\":\"WebSite\",\"@id\":\"https:\\\/\\\/archiv.siov.sk\\\/#website\",\"url\":\"https:\\\/\\\/archiv.siov.sk\\\/\",\"name\":\"\u0160IOV - \u0161t\u00e1tny in\u0161tit\u00fat odborn\u00e9ho vzdel\u00e1vania\",\"description\":\"\",\"publisher\":{\"@id\":\"https:\\\/\\\/archiv.siov.sk\\\/#organization\"},\"potentialAction\":[{\"@type\":\"SearchAction\",\"target\":{\"@type\":\"EntryPoint\",\"urlTemplate\":\"https:\\\/\\\/archiv.siov.sk\\\/?s={search_term_string}\"},\"query-input\":{\"@type\":\"PropertyValueSpecification\",\"valueRequired\":true,\"valueName\":\"search_term_string\"}}],\"inLanguage\":\"en-GB\"},{\"@type\":\"Organization\",\"@id\":\"https:\\\/\\\/archiv.siov.sk\\\/#organization\",\"name\":\"\u0160IOV - \u0161t\u00e1tny in\u0161tit\u00fat odborn\u00e9ho vzdel\u00e1vania\",\"url\":\"https:\\\/\\\/archiv.siov.sk\\\/\",\"logo\":{\"@type\":\"ImageObject\",\"inLanguage\":\"en-GB\",\"@id\":\"https:\\\/\\\/archiv.siov.sk\\\/#\\\/schema\\\/logo\\\/image\\\/\",\"url\":\"https:\\\/\\\/archiv.siov.sk\\\/wp-content\\\/uploads\\\/2024\\\/02\\\/logo-SIOV.png\",\"contentUrl\":\"https:\\\/\\\/archiv.siov.sk\\\/wp-content\\\/uploads\\\/2024\\\/02\\\/logo-SIOV.png\",\"width\":431,\"height\":143,\"caption\":\"\u0160IOV - \u0161t\u00e1tny in\u0161tit\u00fat odborn\u00e9ho vzdel\u00e1vania\"},\"image\":{\"@id\":\"https:\\\/\\\/archiv.siov.sk\\\/#\\\/schema\\\/logo\\\/image\\\/\"},\"sameAs\":[\"https:\\\/\\\/www.facebook.com\\\/Statnyinstitutodbornehovzdelavania\"]},{\"@type\":\"Person\",\"@id\":\"https:\\\/\\\/archiv.siov.sk\\\/#\\\/schema\\\/person\\\/2d35146a9c0fa51b027e8ff319cee627\",\"name\":\"Gabriela Budayov\u00e1\",\"url\":\"https:\\\/\\\/archiv.siov.sk\\\/en\\\/author\\\/gabriela-budayova\\\/\"}]}<\/script>\n<!-- \/ Yoast SEO plugin. -->","yoast_head_json":{"title":"Festival zru\u010dnost\u00ed 2025 v obrazoch a \u010d\u00edslach: \u010co priniesol a \u010d\u00edm in\u0161piroval? - \u0160IOV - \u0161t\u00e1tny in\u0161tit\u00fat odborn\u00e9ho vzdel\u00e1vania","description":"\u010co priniesol Festival zru\u010dnost\u00ed 2025. Pozrite si hlavn\u00e9 momenty, \u0161tatistiky, fotky a prezent\u00e1cie.","robots":{"index":"index","follow":"follow","max-snippet":"max-snippet:-1","max-image-preview":"max-image-preview:large","max-video-preview":"max-video-preview:-1"},"canonical":"https:\/\/archiv.siov.sk\/en\/festival-zrucnosti-2025-v-obrazoch-a-cislach\/","og_locale":"en_GB","og_type":"article","og_title":"Festival zru\u010dnost\u00ed 2025 v obrazoch a \u010d\u00edslach: \u010co priniesol a \u010d\u00edm in\u0161piroval? - \u0160IOV - \u0161t\u00e1tny in\u0161tit\u00fat odborn\u00e9ho vzdel\u00e1vania","og_description":"\u010co priniesol Festival zru\u010dnost\u00ed 2025. Pozrite si hlavn\u00e9 momenty, \u0161tatistiky, fotky a prezent\u00e1cie.","og_url":"https:\/\/archiv.siov.sk\/en\/festival-zrucnosti-2025-v-obrazoch-a-cislach\/","og_site_name":"\u0160IOV - \u0161t\u00e1tny in\u0161tit\u00fat odborn\u00e9ho vzdel\u00e1vania","article_publisher":"https:\/\/www.facebook.com\/Statnyinstitutodbornehovzdelavania","article_published_time":"2025-09-30T09:55:08+00:00","article_modified_time":"2025-09-30T10:20:25+00:00","og_image":[{"width":1200,"height":600,"url":"https:\/\/archiv.siov.sk\/wp-content\/uploads\/2025\/09\/festival_zrucnosti_2025.png","type":"image\/png"}],"author":"Gabriela Budayov\u00e1","twitter_card":"summary_large_image","twitter_misc":{"Written by":"Gabriela Budayov\u00e1","Estimated reading time":"3 minutes"},"schema":{"@context":"https:\/\/schema.org","@graph":[{"@type":"Article","@id":"https:\/\/archiv.siov.sk\/festival-zrucnosti-2025-v-obrazoch-a-cislach\/#article","isPartOf":{"@id":"https:\/\/archiv.siov.sk\/festival-zrucnosti-2025-v-obrazoch-a-cislach\/"},"author":{"name":"Gabriela Budayov\u00e1","@id":"https:\/\/archiv.siov.sk\/#\/schema\/person\/2d35146a9c0fa51b027e8ff319cee627"},"headline":"Festival zru\u010dnost\u00ed 2025 v obrazoch a \u010d\u00edslach: \u010co priniesol a \u010d\u00edm in\u0161piroval?","datePublished":"2025-09-30T09:55:08+00:00","dateModified":"2025-09-30T10:20:25+00:00","mainEntityOfPage":{"@id":"https:\/\/archiv.siov.sk\/festival-zrucnosti-2025-v-obrazoch-a-cislach\/"},"wordCount":625,"publisher":{"@id":"https:\/\/archiv.siov.sk\/#organization"},"image":{"@id":"https:\/\/archiv.siov.sk\/festival-zrucnosti-2025-v-obrazoch-a-cislach\/#primaryimage"},"thumbnailUrl":"https:\/\/archiv.siov.sk\/wp-content\/uploads\/2025\/09\/festival_zrucnosti_2025.png","articleSection":["Aktuality"],"inLanguage":"en-GB"},{"@type":"WebPage","@id":"https:\/\/archiv.siov.sk\/festival-zrucnosti-2025-v-obrazoch-a-cislach\/","url":"https:\/\/archiv.siov.sk\/festival-zrucnosti-2025-v-obrazoch-a-cislach\/","name":"Festival zru\u010dnost\u00ed 2025 v obrazoch a \u010d\u00edslach: \u010co priniesol a \u010d\u00edm in\u0161piroval? - \u0160IOV - \u0161t\u00e1tny in\u0161tit\u00fat odborn\u00e9ho vzdel\u00e1vania","isPartOf":{"@id":"https:\/\/archiv.siov.sk\/#website"},"primaryImageOfPage":{"@id":"https:\/\/archiv.siov.sk\/festival-zrucnosti-2025-v-obrazoch-a-cislach\/#primaryimage"},"image":{"@id":"https:\/\/archiv.siov.sk\/festival-zrucnosti-2025-v-obrazoch-a-cislach\/#primaryimage"},"thumbnailUrl":"https:\/\/archiv.siov.sk\/wp-content\/uploads\/2025\/09\/festival_zrucnosti_2025.png","datePublished":"2025-09-30T09:55:08+00:00","dateModified":"2025-09-30T10:20:25+00:00","description":"\u010co priniesol Festival zru\u010dnost\u00ed 2025. Pozrite si hlavn\u00e9 momenty, \u0161tatistiky, fotky a prezent\u00e1cie.","breadcrumb":{"@id":"https:\/\/archiv.siov.sk\/festival-zrucnosti-2025-v-obrazoch-a-cislach\/#breadcrumb"},"inLanguage":"en-GB","potentialAction":[{"@type":"ReadAction","target":["https:\/\/archiv.siov.sk\/festival-zrucnosti-2025-v-obrazoch-a-cislach\/"]}]},{"@type":"ImageObject","inLanguage":"en-GB","@id":"https:\/\/archiv.siov.sk\/festival-zrucnosti-2025-v-obrazoch-a-cislach\/#primaryimage","url":"https:\/\/archiv.siov.sk\/wp-content\/uploads\/2025\/09\/festival_zrucnosti_2025.png","contentUrl":"https:\/\/archiv.siov.sk\/wp-content\/uploads\/2025\/09\/festival_zrucnosti_2025.png","width":1200,"height":600,"caption":"festival_zrucnosti_banner"},{"@type":"BreadcrumbList","@id":"https:\/\/archiv.siov.sk\/festival-zrucnosti-2025-v-obrazoch-a-cislach\/#breadcrumb","itemListElement":[{"@type":"ListItem","position":1,"name":"Home","item":"https:\/\/archiv.siov.sk\/"},{"@type":"ListItem","position":2,"name":"Festival zru\u010dnost\u00ed 2025 v obrazoch a \u010d\u00edslach: \u010co priniesol a \u010d\u00edm in\u0161piroval?"}]},{"@type":"WebSite","@id":"https:\/\/archiv.siov.sk\/#website","url":"https:\/\/archiv.siov.sk\/","name":"\u0160IOV - \u0161t\u00e1tny in\u0161tit\u00fat odborn\u00e9ho vzdel\u00e1vania","description":"","publisher":{"@id":"https:\/\/archiv.siov.sk\/#organization"},"potentialAction":[{"@type":"SearchAction","target":{"@type":"EntryPoint","urlTemplate":"https:\/\/archiv.siov.sk\/?s={search_term_string}"},"query-input":{"@type":"PropertyValueSpecification","valueRequired":true,"valueName":"search_term_string"}}],"inLanguage":"en-GB"},{"@type":"Organization","@id":"https:\/\/archiv.siov.sk\/#organization","name":"\u0160IOV - \u0161t\u00e1tny in\u0161tit\u00fat odborn\u00e9ho vzdel\u00e1vania","url":"https:\/\/archiv.siov.sk\/","logo":{"@type":"ImageObject","inLanguage":"en-GB","@id":"https:\/\/archiv.siov.sk\/#\/schema\/logo\/image\/","url":"https:\/\/archiv.siov.sk\/wp-content\/uploads\/2024\/02\/logo-SIOV.png","contentUrl":"https:\/\/archiv.siov.sk\/wp-content\/uploads\/2024\/02\/logo-SIOV.png","width":431,"height":143,"caption":"\u0160IOV - \u0161t\u00e1tny in\u0161tit\u00fat odborn\u00e9ho vzdel\u00e1vania"},"image":{"@id":"https:\/\/archiv.siov.sk\/#\/schema\/logo\/image\/"},"sameAs":["https:\/\/www.facebook.com\/Statnyinstitutodbornehovzdelavania"]},{"@type":"Person","@id":"https:\/\/archiv.siov.sk\/#\/schema\/person\/2d35146a9c0fa51b027e8ff319cee627","name":"Gabriela Budayov\u00e1","url":"https:\/\/archiv.siov.sk\/en\/author\/gabriela-budayova\/"}]}},"_links":{"self":[{"href":"https:\/\/archiv.siov.sk\/en\/wp-json\/wp\/v2\/posts\/21186","targetHints":{"allow":["GET"]}}],"collection":[{"href":"https:\/\/archiv.siov.sk\/en\/wp-json\/wp\/v2\/posts"}],"about":[{"href":"https:\/\/archiv.siov.sk\/en\/wp-json\/wp\/v2\/types\/post"}],"author":[{"embeddable":true,"href":"https:\/\/archiv.siov.sk\/en\/wp-json\/wp\/v2\/users\/10"}],"replies":[{"embeddable":true,"href":"https:\/\/archiv.siov.sk\/en\/wp-json\/wp\/v2\/comments?post=21186"}],"version-history":[{"count":28,"href":"https:\/\/archiv.siov.sk\/en\/wp-json\/wp\/v2\/posts\/21186\/revisions"}],"predecessor-version":[{"id":21383,"href":"https:\/\/archiv.siov.sk\/en\/wp-json\/wp\/v2\/posts\/21186\/revisions\/21383"}],"wp:featuredmedia":[{"embeddable":true,"href":"https:\/\/archiv.siov.sk\/en\/wp-json\/wp\/v2\/media\/21185"}],"wp:attachment":[{"href":"https:\/\/archiv.siov.sk\/en\/wp-json\/wp\/v2\/media?parent=21186"}],"wp:term":[{"taxonomy":"category","embeddable":true,"href":"https:\/\/archiv.siov.sk\/en\/wp-json\/wp\/v2\/categories?post=21186"},{"taxonomy":"post_tag","embeddable":true,"href":"https:\/\/archiv.siov.sk\/en\/wp-json\/wp\/v2\/tags?post=21186"}],"curies":[{"name":"wp","href":"https:\/\/api.w.org\/{rel}","templated":true}]}}