{"id":21175,"date":"2025-09-29T10:22:39","date_gmt":"2025-09-29T08:22:39","guid":{"rendered":"https:\/\/archiv.siov.sk\/?p=21175"},"modified":"2025-10-01T13:17:56","modified_gmt":"2025-10-01T11:17:56","slug":"seria-seminarov-k-certifikacii-vzdelavacich-institucii","status":"publish","type":"post","link":"https:\/\/archiv.siov.sk\/en\/seria-seminarov-k-certifikacii-vzdelavacich-institucii\/","title":{"rendered":"S\u00e9ria semin\u00e1rov k certifik\u00e1cii vzdel\u00e1vac\u00edch in\u0161tit\u00faci\u00ed"},"content":{"rendered":"<p>\u0160t\u00e1tny in\u0161tit\u00fat odborn\u00e9ho vzdel\u00e1vania (\u0160IOV) v spolupr\u00e1ci s Ministerstvom \u0161kolstva, v\u00fdskumu, v\u00fdvoja a ml\u00e1de\u017ee SR ukon\u010dil s\u00e9riu <strong data-start=\"385\" data-end=\"464\">in\u0161trukt\u00e1\u017enych semin\u00e1rov zameran\u00fdch na certifik\u00e1ciu vzdel\u00e1vac\u00edch in\u0161tit\u00faci\u00ed<\/strong>. Z\u00e1vere\u010dn\u00e9 prezen\u010dn\u00e9 stretnutie sa konalo 18. septembra 2025 v Poprade.<\/p>\n<p>Celkovo sa semin\u00e1rov z\u00fa\u010dastnilo viac ako 80 z\u00e1stupcov vzdel\u00e1vac\u00edch in\u0161tit\u00faci\u00ed z r\u00f4znych regi\u00f3nov Slovenska. Podujatia boli ur\u010den\u00e9 z\u00e1stupcom in\u0161tit\u00faci\u00ed vzdel\u00e1vania dospel\u00fdch vr\u00e1tane stredn\u00fdch odborn\u00fdch \u0161k\u00f4l, ktor\u00ed sa potrebuj\u00fa zorientova\u0165 v\u00a0po\u017eiadavk\u00e1ch vypl\u00fdvaj\u00facich z\u00a0nov\u00e9ho <a href=\"https:\/\/www.slov-lex.sk\/ezbierky\/pravne-predpisy\/SK\/ZZ\/2024\/292\/vyhlasene_znenie\" target=\"_blank\" rel=\"noopener\">z\u00e1kona o vzdel\u00e1van\u00ed dospel\u00fdch<\/a> \u010d. 292\/2024. Hlavnou t\u00e9mou bola certifik\u00e1cia vzdel\u00e1vac\u00edch in\u0161tit\u00faci\u00ed, novinka v zabezpe\u010dovan\u00ed kvality vzdel\u00e1vac\u00edch in\u0161tit\u00faci\u00ed na Slovensku. Organiz\u00e1cie, ktor\u00e9 prejd\u00fa procesom overovania svojho syst\u00e9mu zabezpe\u010dovania kvality, s\u00fa zap\u00edsan\u00e9 do Registra certifikovan\u00fdch vzdel\u00e1vac\u00edch in\u0161tit\u00faci\u00ed. Z\u00e1pis im n\u00e1sledne otv\u00e1ra \u010fal\u0161ie mo\u017enosti v syst\u00e9me vzdel\u00e1vania dospel\u00fdch.<\/p>\n<blockquote data-start=\"1060\" data-end=\"1255\">\n<p data-start=\"1062\" data-end=\"1255\">\u201eZ\u00edskala som potrebn\u00e9 \u00fadaje preh\u013eadne a mala som aj priestor na v\u0161etky ot\u00e1zky. Som maxim\u00e1lne spokojn\u00e1. D\u00e1my boli mil\u00e9 a n\u00e1pomocn\u00e9. Ve\u013emi \u010fakujem,\u201c uviedla jedna z \u00fa\u010dastn\u00ed\u010dok semin\u00e1ra.<\/p>\n<\/blockquote>\n<p>Obsah in\u0161trukt\u00e1\u017enych semin\u00e1rov bol zameran\u00fd na z\u00e1kladn\u00e9 princ\u00edpy, met\u00f3dy a\u00a0n\u00e1stroje zabezpe\u010dovania kvality vzdel\u00e1vacej in\u0161tit\u00facie, ako aj platn\u00e9 \u0161tandardy a oblasti kvality. \u00da\u010dastn\u00edci mali\u00a0 mo\u017enos\u0165 necha\u0165 sa previes\u0165 procesom certifik\u00e1cie v Informa\u010dnom syst\u00e9me vzdel\u00e1vania dospel\u00fdch. Dostali tie\u017e praktick\u00e9 tipy, ako vyp\u013a\u0148a\u0165 jednotliv\u00e9 \u010dasti sebahodnotiacej spr\u00e1vy a pl\u00e1nu zlep\u0161ovania.<\/p>\n<blockquote data-start=\"1641\" data-end=\"1805\">\n<p data-start=\"1643\" data-end=\"1805\">\u201eV\u0161etko bolo v poriadku, mo\u017eno by bolo dobr\u00e9 vytvori\u0165 aj nejak\u00fa podporn\u00fa skupinu napr\u00edklad na soci\u00e1lnej sieti,\u201c zaznelo v sp\u00e4tnej v\u00e4zbe.<\/p>\n<p data-start=\"1643\" data-end=\"1805\">\u201eOdpor\u00fa\u010dam venova\u0165 viac \u010dasu objasneniu, pre\u010do \u0161t\u00e1t zav\u00e1dza tento syst\u00e9m pre SO\u0160,\u201c doplnil \u010fal\u0161\u00ed \u00fa\u010dastn\u00edk.<\/p>\n<\/blockquote>\n<p>Semin\u00e1re sa konali v\u00a0r\u00e1mci n\u00e1rodn\u00e9ho projektu Zavedenie mana\u017e\u00e9rstva kvality v\u00a0OVP a\u00a0vzdel\u00e1van\u00ed dospel\u00fdch. Projektov\u00fd t\u00edm bude pokra\u010dova\u0165 v\u00a0podpore \u017eiadate\u013eov o\u00a0certifik\u00e1ciu aj na\u010falej, a\u00a0to formou webin\u00e1rov. Pozv\u00e1nky n\u00e1jdete na na\u0161ej webstr\u00e1nke, soci\u00e1lnych sie\u0165ach alebo port\u00e1li ISVD.<\/p>\n<p>Viac inform\u00e1ci\u00ed o\u00a0certifik\u00e1cii in\u0161tit\u00faci\u00ed vzdel\u00e1vania dospel\u00fdch sa nach\u00e1dza v\u00a0Informa\u010dnom syst\u00e9me vzdel\u00e1vania dospel\u00fdch\u00a0<a href=\"https:\/\/isvd.iedu.sk\/\" target=\"_blank\" rel=\"noopener\">https:\/\/isvd.iedu.sk\/<\/a>.<\/p>\n<p style=\"text-align: right;\">\u00a0 \u00a0 \u00a0 \u00a0 \u00a0 \u00a0 \u00a0 \u00a0 \u00a0 \u00a0 \u00a0 \u00a0 \u00a0 \u00a0 \u00a0 \u00a0 \u00a0 \u00a0 \u00a0 \u00a0 \u00a0 \u00a0 \u00a0 \u00a0 \u00a0 \u00a0 \u00a0 \u00a0 \u00a0 \u00a0 \u00a0 \u00a0 \u00a0 \u00a0 \u00a0 \u00a0 \u00a0 \u00a0 \u00a0 \u00a0 \u00a0 \u00a0 \u00a0 \u00a0 \u00a0 \u00a0 \u00a0 \u00a0 \u00a0 \u00a0 \u00a0 \u00a0 \u00a0 \u00a0 \u00a0 \u00a0 \u00a0 \u00a0 \u00a0 \u00a0 \u00a0 \u00a0 \u00a0 \u00a0 \u00a0 \u00a0 \u00a0 \u00a0 \u00a0 \u00a0 \u00a0 \u00a0 \u00a0 \u00a0 \u00a0 \u00a0 \u00a0 \u00a0 \u00a0 \u00a0 \u00a0 \u00a0 \u00a0 \u00a0 \u00a0 \u00a0 \u00a0 \u00a0 \u00a0 \u00a0 \u00a0 \u00a0 \u00a0 autorka textu: Katar\u00edna \u0160m\u00e1lov\u00e1<\/p>\n<figure id=\"attachment_18660\" aria-describedby=\"caption-attachment-18660\" style=\"width: 450px\" class=\"wp-caption aligncenter\"><img decoding=\"async\" class=\"wp-image-18660\" src=\"https:\/\/archiv.siov.sk\/wp-content\/uploads\/2025\/04\/loga_np_kvalita-300x46.png\" alt=\"loga_kvalita_projekt\" width=\"450\" height=\"70\" srcset=\"https:\/\/archiv.siov.sk\/wp-content\/uploads\/2025\/04\/loga_np_kvalita-300x46.png 300w, https:\/\/archiv.siov.sk\/wp-content\/uploads\/2025\/04\/loga_np_kvalita-1024x158.png 1024w, https:\/\/archiv.siov.sk\/wp-content\/uploads\/2025\/04\/loga_np_kvalita-768x119.png 768w, https:\/\/archiv.siov.sk\/wp-content\/uploads\/2025\/04\/loga_np_kvalita-18x3.png 18w, https:\/\/archiv.siov.sk\/wp-content\/uploads\/2025\/04\/elementor\/thumbs\/loga_np_kvalita-r5cjqsfvrn5sfhsjyrw97tvig25lp3e6m5t1uzcj7g.png 450w, https:\/\/archiv.siov.sk\/wp-content\/uploads\/2025\/04\/loga_np_kvalita.png 1229w\" sizes=\"(max-width: 450px) 100vw, 450px\" \/><figcaption id=\"caption-attachment-18660\" class=\"wp-caption-text\">Podujatia boli realizovan\u00e9 v r\u00e1mci N\u00e1rodn\u00e9ho projektu Zavedenie mana\u017e\u00e9rstva kvality v OVP a VD spolufinancovan\u00e9ho Eur\u00f3pskou \u00faniou v r\u00e1mci Programu Slovensko.<\/figcaption><\/figure>","protected":false},"excerpt":{"rendered":"<p>\u0160t\u00e1tny in\u0161tit\u00fat odborn\u00e9ho vzdel\u00e1vania (\u0160IOV) v spolupr\u00e1ci s Ministerstvom \u0161kolstva, v\u00fdskumu, v\u00fdvoja a ml\u00e1de\u017ee SR ukon\u010dil s\u00e9riu in\u0161trukt\u00e1\u017enych semin\u00e1rov zameran\u00fdch na certifik\u00e1ciu vzdel\u00e1vac\u00edch in\u0161tit\u00faci\u00ed. Z\u00e1vere\u010dn\u00e9 prezen\u010dn\u00e9 stretnutie sa konalo 18. septembra 2025 v Poprade. Celkovo sa semin\u00e1rov z\u00fa\u010dastnilo viac ako 80 z\u00e1stupcov vzdel\u00e1vac\u00edch in\u0161tit\u00faci\u00ed z r\u00f4znych regi\u00f3nov Slovenska. Podujatia boli ur\u010den\u00e9 z\u00e1stupcom in\u0161tit\u00faci\u00ed vzdel\u00e1vania dospel\u00fdch [&hellip;]<\/p>\n","protected":false},"author":10,"featured_media":21176,"comment_status":"closed","ping_status":"closed","sticky":false,"template":"","format":"standard","meta":{"site-sidebar-layout":"default","site-content-layout":"","ast-site-content-layout":"default","site-content-style":"default","site-sidebar-style":"default","ast-global-header-display":"","ast-banner-title-visibility":"","ast-main-header-display":"","ast-hfb-above-header-display":"","ast-hfb-below-header-display":"","ast-hfb-mobile-header-display":"","site-post-title":"","ast-breadcrumbs-content":"","ast-featured-img":"","footer-sml-layout":"","ast-disable-related-posts":"","theme-transparent-header-meta":"default","adv-header-id-meta":"","stick-header-meta":"default","header-above-stick-meta":"","header-main-stick-meta":"","header-below-stick-meta":"","astra-migrate-meta-layouts":"set","ast-page-background-enabled":"default","ast-page-background-meta":{"desktop":{"background-color":"var(--ast-global-color-4)","background-image":"","background-repeat":"repeat","background-position":"center center","background-size":"auto","background-attachment":"scroll","background-type":"","background-media":"","overlay-type":"","overlay-color":"","overlay-opacity":"","overlay-gradient":""},"tablet":{"background-color":"","background-image":"","background-repeat":"repeat","background-position":"center center","background-size":"auto","background-attachment":"scroll","background-type":"","background-media":"","overlay-type":"","overlay-color":"","overlay-opacity":"","overlay-gradient":""},"mobile":{"background-color":"","background-image":"","background-repeat":"repeat","background-position":"center center","background-size":"auto","background-attachment":"scroll","background-type":"","background-media":"","overlay-type":"","overlay-color":"","overlay-opacity":"","overlay-gradient":""}},"ast-content-background-meta":{"desktop":{"background-color":"var(--ast-global-color-5)","background-image":"","background-repeat":"repeat","background-position":"center center","background-size":"auto","background-attachment":"scroll","background-type":"","background-media":"","overlay-type":"","overlay-color":"","overlay-opacity":"","overlay-gradient":""},"tablet":{"background-color":"var(--ast-global-color-5)","background-image":"","background-repeat":"repeat","background-position":"center center","background-size":"auto","background-attachment":"scroll","background-type":"","background-media":"","overlay-type":"","overlay-color":"","overlay-opacity":"","overlay-gradient":""},"mobile":{"background-color":"var(--ast-global-color-5)","background-image":"","background-repeat":"repeat","background-position":"center center","background-size":"auto","background-attachment":"scroll","background-type":"","background-media":"","overlay-type":"","overlay-color":"","overlay-opacity":"","overlay-gradient":""}},"footnotes":""},"categories":[1],"tags":[],"class_list":["post-21175","post","type-post","status-publish","format-standard","has-post-thumbnail","hentry","category-aktuality"],"yoast_head":"<!-- This site is optimized with the Yoast SEO plugin v27.5 - https:\/\/yoast.com\/product\/yoast-seo-wordpress\/ -->\n<title>S\u00e9ria semin\u00e1rov k certifik\u00e1cii vzdel\u00e1vac\u00edch in\u0161tit\u00faci\u00ed - \u0160IOV - \u0161t\u00e1tny in\u0161tit\u00fat odborn\u00e9ho vzdel\u00e1vania<\/title>\n<meta name=\"robots\" content=\"index, follow, max-snippet:-1, max-image-preview:large, max-video-preview:-1\" \/>\n<link rel=\"canonical\" href=\"https:\/\/archiv.siov.sk\/en\/seria-seminarov-k-certifikacii-vzdelavacich-institucii\/\" \/>\n<meta property=\"og:locale\" content=\"en_GB\" \/>\n<meta property=\"og:type\" content=\"article\" \/>\n<meta property=\"og:title\" content=\"S\u00e9ria semin\u00e1rov k certifik\u00e1cii vzdel\u00e1vac\u00edch in\u0161tit\u00faci\u00ed - \u0160IOV - \u0161t\u00e1tny in\u0161tit\u00fat odborn\u00e9ho vzdel\u00e1vania\" \/>\n<meta property=\"og:description\" content=\"\u0160t\u00e1tny in\u0161tit\u00fat odborn\u00e9ho vzdel\u00e1vania (\u0160IOV) v spolupr\u00e1ci s Ministerstvom \u0161kolstva, v\u00fdskumu, v\u00fdvoja a ml\u00e1de\u017ee SR ukon\u010dil s\u00e9riu in\u0161trukt\u00e1\u017enych semin\u00e1rov zameran\u00fdch na certifik\u00e1ciu vzdel\u00e1vac\u00edch in\u0161tit\u00faci\u00ed. Z\u00e1vere\u010dn\u00e9 prezen\u010dn\u00e9 stretnutie sa konalo 18. septembra 2025 v Poprade. Celkovo sa semin\u00e1rov z\u00fa\u010dastnilo viac ako 80 z\u00e1stupcov vzdel\u00e1vac\u00edch in\u0161tit\u00faci\u00ed z r\u00f4znych regi\u00f3nov Slovenska. Podujatia boli ur\u010den\u00e9 z\u00e1stupcom in\u0161tit\u00faci\u00ed vzdel\u00e1vania dospel\u00fdch [&hellip;]\" \/>\n<meta property=\"og:url\" content=\"https:\/\/archiv.siov.sk\/en\/seria-seminarov-k-certifikacii-vzdelavacich-institucii\/\" \/>\n<meta property=\"og:site_name\" content=\"\u0160IOV - \u0161t\u00e1tny in\u0161tit\u00fat odborn\u00e9ho vzdel\u00e1vania\" \/>\n<meta property=\"article:publisher\" content=\"https:\/\/www.facebook.com\/Statnyinstitutodbornehovzdelavania\" \/>\n<meta property=\"article:published_time\" content=\"2025-09-29T08:22:39+00:00\" \/>\n<meta property=\"article:modified_time\" content=\"2025-10-01T11:17:56+00:00\" \/>\n<meta property=\"og:image\" content=\"https:\/\/archiv.siov.sk\/wp-content\/uploads\/2025\/09\/vzdelavanie-dospelych-1-1024x722.png\" \/>\n\t<meta property=\"og:image:width\" content=\"1024\" \/>\n\t<meta property=\"og:image:height\" content=\"722\" \/>\n\t<meta property=\"og:image:type\" content=\"image\/png\" \/>\n<meta name=\"author\" content=\"Gabriela Budayov\u00e1\" \/>\n<meta name=\"twitter:card\" content=\"summary_large_image\" \/>\n<meta name=\"twitter:label1\" content=\"Written by\" \/>\n\t<meta name=\"twitter:data1\" content=\"Gabriela Budayov\u00e1\" \/>\n\t<meta name=\"twitter:label2\" content=\"Estimated reading time\" \/>\n\t<meta name=\"twitter:data2\" content=\"2 minutes\" \/>\n<script type=\"application\/ld+json\" class=\"yoast-schema-graph\">{\"@context\":\"https:\\\/\\\/schema.org\",\"@graph\":[{\"@type\":\"Article\",\"@id\":\"https:\\\/\\\/archiv.siov.sk\\\/seria-seminarov-k-certifikacii-vzdelavacich-institucii\\\/#article\",\"isPartOf\":{\"@id\":\"https:\\\/\\\/archiv.siov.sk\\\/seria-seminarov-k-certifikacii-vzdelavacich-institucii\\\/\"},\"author\":{\"name\":\"Gabriela Budayov\u00e1\",\"@id\":\"https:\\\/\\\/archiv.siov.sk\\\/#\\\/schema\\\/person\\\/2d35146a9c0fa51b027e8ff319cee627\"},\"headline\":\"S\u00e9ria semin\u00e1rov k certifik\u00e1cii vzdel\u00e1vac\u00edch in\u0161tit\u00faci\u00ed\",\"datePublished\":\"2025-09-29T08:22:39+00:00\",\"dateModified\":\"2025-10-01T11:17:56+00:00\",\"mainEntityOfPage\":{\"@id\":\"https:\\\/\\\/archiv.siov.sk\\\/seria-seminarov-k-certifikacii-vzdelavacich-institucii\\\/\"},\"wordCount\":487,\"publisher\":{\"@id\":\"https:\\\/\\\/archiv.siov.sk\\\/#organization\"},\"image\":{\"@id\":\"https:\\\/\\\/archiv.siov.sk\\\/seria-seminarov-k-certifikacii-vzdelavacich-institucii\\\/#primaryimage\"},\"thumbnailUrl\":\"https:\\\/\\\/archiv.siov.sk\\\/wp-content\\\/uploads\\\/2025\\\/09\\\/vzdelavanie-dospelych-1.png\",\"articleSection\":[\"Aktuality\"],\"inLanguage\":\"en-GB\"},{\"@type\":\"WebPage\",\"@id\":\"https:\\\/\\\/archiv.siov.sk\\\/seria-seminarov-k-certifikacii-vzdelavacich-institucii\\\/\",\"url\":\"https:\\\/\\\/archiv.siov.sk\\\/seria-seminarov-k-certifikacii-vzdelavacich-institucii\\\/\",\"name\":\"S\u00e9ria semin\u00e1rov k certifik\u00e1cii vzdel\u00e1vac\u00edch in\u0161tit\u00faci\u00ed - \u0160IOV - \u0161t\u00e1tny in\u0161tit\u00fat odborn\u00e9ho vzdel\u00e1vania\",\"isPartOf\":{\"@id\":\"https:\\\/\\\/archiv.siov.sk\\\/#website\"},\"primaryImageOfPage\":{\"@id\":\"https:\\\/\\\/archiv.siov.sk\\\/seria-seminarov-k-certifikacii-vzdelavacich-institucii\\\/#primaryimage\"},\"image\":{\"@id\":\"https:\\\/\\\/archiv.siov.sk\\\/seria-seminarov-k-certifikacii-vzdelavacich-institucii\\\/#primaryimage\"},\"thumbnailUrl\":\"https:\\\/\\\/archiv.siov.sk\\\/wp-content\\\/uploads\\\/2025\\\/09\\\/vzdelavanie-dospelych-1.png\",\"datePublished\":\"2025-09-29T08:22:39+00:00\",\"dateModified\":\"2025-10-01T11:17:56+00:00\",\"breadcrumb\":{\"@id\":\"https:\\\/\\\/archiv.siov.sk\\\/seria-seminarov-k-certifikacii-vzdelavacich-institucii\\\/#breadcrumb\"},\"inLanguage\":\"en-GB\",\"potentialAction\":[{\"@type\":\"ReadAction\",\"target\":[\"https:\\\/\\\/archiv.siov.sk\\\/seria-seminarov-k-certifikacii-vzdelavacich-institucii\\\/\"]}]},{\"@type\":\"ImageObject\",\"inLanguage\":\"en-GB\",\"@id\":\"https:\\\/\\\/archiv.siov.sk\\\/seria-seminarov-k-certifikacii-vzdelavacich-institucii\\\/#primaryimage\",\"url\":\"https:\\\/\\\/archiv.siov.sk\\\/wp-content\\\/uploads\\\/2025\\\/09\\\/vzdelavanie-dospelych-1.png\",\"contentUrl\":\"https:\\\/\\\/archiv.siov.sk\\\/wp-content\\\/uploads\\\/2025\\\/09\\\/vzdelavanie-dospelych-1.png\",\"width\":2000,\"height\":1410,\"caption\":\"seminar k certifikacii ucastnici\"},{\"@type\":\"BreadcrumbList\",\"@id\":\"https:\\\/\\\/archiv.siov.sk\\\/seria-seminarov-k-certifikacii-vzdelavacich-institucii\\\/#breadcrumb\",\"itemListElement\":[{\"@type\":\"ListItem\",\"position\":1,\"name\":\"Home\",\"item\":\"https:\\\/\\\/archiv.siov.sk\\\/\"},{\"@type\":\"ListItem\",\"position\":2,\"name\":\"S\u00e9ria semin\u00e1rov k certifik\u00e1cii vzdel\u00e1vac\u00edch in\u0161tit\u00faci\u00ed\"}]},{\"@type\":\"WebSite\",\"@id\":\"https:\\\/\\\/archiv.siov.sk\\\/#website\",\"url\":\"https:\\\/\\\/archiv.siov.sk\\\/\",\"name\":\"\u0160IOV - \u0161t\u00e1tny in\u0161tit\u00fat odborn\u00e9ho vzdel\u00e1vania\",\"description\":\"\",\"publisher\":{\"@id\":\"https:\\\/\\\/archiv.siov.sk\\\/#organization\"},\"potentialAction\":[{\"@type\":\"SearchAction\",\"target\":{\"@type\":\"EntryPoint\",\"urlTemplate\":\"https:\\\/\\\/archiv.siov.sk\\\/?s={search_term_string}\"},\"query-input\":{\"@type\":\"PropertyValueSpecification\",\"valueRequired\":true,\"valueName\":\"search_term_string\"}}],\"inLanguage\":\"en-GB\"},{\"@type\":\"Organization\",\"@id\":\"https:\\\/\\\/archiv.siov.sk\\\/#organization\",\"name\":\"\u0160IOV - \u0161t\u00e1tny in\u0161tit\u00fat odborn\u00e9ho vzdel\u00e1vania\",\"url\":\"https:\\\/\\\/archiv.siov.sk\\\/\",\"logo\":{\"@type\":\"ImageObject\",\"inLanguage\":\"en-GB\",\"@id\":\"https:\\\/\\\/archiv.siov.sk\\\/#\\\/schema\\\/logo\\\/image\\\/\",\"url\":\"https:\\\/\\\/archiv.siov.sk\\\/wp-content\\\/uploads\\\/2024\\\/02\\\/logo-SIOV.png\",\"contentUrl\":\"https:\\\/\\\/archiv.siov.sk\\\/wp-content\\\/uploads\\\/2024\\\/02\\\/logo-SIOV.png\",\"width\":431,\"height\":143,\"caption\":\"\u0160IOV - \u0161t\u00e1tny in\u0161tit\u00fat odborn\u00e9ho vzdel\u00e1vania\"},\"image\":{\"@id\":\"https:\\\/\\\/archiv.siov.sk\\\/#\\\/schema\\\/logo\\\/image\\\/\"},\"sameAs\":[\"https:\\\/\\\/www.facebook.com\\\/Statnyinstitutodbornehovzdelavania\"]},{\"@type\":\"Person\",\"@id\":\"https:\\\/\\\/archiv.siov.sk\\\/#\\\/schema\\\/person\\\/2d35146a9c0fa51b027e8ff319cee627\",\"name\":\"Gabriela Budayov\u00e1\",\"url\":\"https:\\\/\\\/archiv.siov.sk\\\/en\\\/author\\\/gabriela-budayova\\\/\"}]}<\/script>\n<!-- \/ Yoast SEO plugin. -->","yoast_head_json":{"title":"S\u00e9ria semin\u00e1rov k certifik\u00e1cii vzdel\u00e1vac\u00edch in\u0161tit\u00faci\u00ed - \u0160IOV - \u0161t\u00e1tny in\u0161tit\u00fat odborn\u00e9ho vzdel\u00e1vania","robots":{"index":"index","follow":"follow","max-snippet":"max-snippet:-1","max-image-preview":"max-image-preview:large","max-video-preview":"max-video-preview:-1"},"canonical":"https:\/\/archiv.siov.sk\/en\/seria-seminarov-k-certifikacii-vzdelavacich-institucii\/","og_locale":"en_GB","og_type":"article","og_title":"S\u00e9ria semin\u00e1rov k certifik\u00e1cii vzdel\u00e1vac\u00edch in\u0161tit\u00faci\u00ed - \u0160IOV - \u0161t\u00e1tny in\u0161tit\u00fat odborn\u00e9ho vzdel\u00e1vania","og_description":"\u0160t\u00e1tny in\u0161tit\u00fat odborn\u00e9ho vzdel\u00e1vania (\u0160IOV) v spolupr\u00e1ci s Ministerstvom \u0161kolstva, v\u00fdskumu, v\u00fdvoja a ml\u00e1de\u017ee SR ukon\u010dil s\u00e9riu in\u0161trukt\u00e1\u017enych semin\u00e1rov zameran\u00fdch na certifik\u00e1ciu vzdel\u00e1vac\u00edch in\u0161tit\u00faci\u00ed. Z\u00e1vere\u010dn\u00e9 prezen\u010dn\u00e9 stretnutie sa konalo 18. septembra 2025 v Poprade. Celkovo sa semin\u00e1rov z\u00fa\u010dastnilo viac ako 80 z\u00e1stupcov vzdel\u00e1vac\u00edch in\u0161tit\u00faci\u00ed z r\u00f4znych regi\u00f3nov Slovenska. Podujatia boli ur\u010den\u00e9 z\u00e1stupcom in\u0161tit\u00faci\u00ed vzdel\u00e1vania dospel\u00fdch [&hellip;]","og_url":"https:\/\/archiv.siov.sk\/en\/seria-seminarov-k-certifikacii-vzdelavacich-institucii\/","og_site_name":"\u0160IOV - \u0161t\u00e1tny in\u0161tit\u00fat odborn\u00e9ho vzdel\u00e1vania","article_publisher":"https:\/\/www.facebook.com\/Statnyinstitutodbornehovzdelavania","article_published_time":"2025-09-29T08:22:39+00:00","article_modified_time":"2025-10-01T11:17:56+00:00","og_image":[{"width":1024,"height":722,"url":"https:\/\/archiv.siov.sk\/wp-content\/uploads\/2025\/09\/vzdelavanie-dospelych-1-1024x722.png","type":"image\/png"}],"author":"Gabriela Budayov\u00e1","twitter_card":"summary_large_image","twitter_misc":{"Written by":"Gabriela Budayov\u00e1","Estimated reading time":"2 minutes"},"schema":{"@context":"https:\/\/schema.org","@graph":[{"@type":"Article","@id":"https:\/\/archiv.siov.sk\/seria-seminarov-k-certifikacii-vzdelavacich-institucii\/#article","isPartOf":{"@id":"https:\/\/archiv.siov.sk\/seria-seminarov-k-certifikacii-vzdelavacich-institucii\/"},"author":{"name":"Gabriela Budayov\u00e1","@id":"https:\/\/archiv.siov.sk\/#\/schema\/person\/2d35146a9c0fa51b027e8ff319cee627"},"headline":"S\u00e9ria semin\u00e1rov k certifik\u00e1cii vzdel\u00e1vac\u00edch in\u0161tit\u00faci\u00ed","datePublished":"2025-09-29T08:22:39+00:00","dateModified":"2025-10-01T11:17:56+00:00","mainEntityOfPage":{"@id":"https:\/\/archiv.siov.sk\/seria-seminarov-k-certifikacii-vzdelavacich-institucii\/"},"wordCount":487,"publisher":{"@id":"https:\/\/archiv.siov.sk\/#organization"},"image":{"@id":"https:\/\/archiv.siov.sk\/seria-seminarov-k-certifikacii-vzdelavacich-institucii\/#primaryimage"},"thumbnailUrl":"https:\/\/archiv.siov.sk\/wp-content\/uploads\/2025\/09\/vzdelavanie-dospelych-1.png","articleSection":["Aktuality"],"inLanguage":"en-GB"},{"@type":"WebPage","@id":"https:\/\/archiv.siov.sk\/seria-seminarov-k-certifikacii-vzdelavacich-institucii\/","url":"https:\/\/archiv.siov.sk\/seria-seminarov-k-certifikacii-vzdelavacich-institucii\/","name":"S\u00e9ria semin\u00e1rov k certifik\u00e1cii vzdel\u00e1vac\u00edch in\u0161tit\u00faci\u00ed - \u0160IOV - \u0161t\u00e1tny in\u0161tit\u00fat odborn\u00e9ho vzdel\u00e1vania","isPartOf":{"@id":"https:\/\/archiv.siov.sk\/#website"},"primaryImageOfPage":{"@id":"https:\/\/archiv.siov.sk\/seria-seminarov-k-certifikacii-vzdelavacich-institucii\/#primaryimage"},"image":{"@id":"https:\/\/archiv.siov.sk\/seria-seminarov-k-certifikacii-vzdelavacich-institucii\/#primaryimage"},"thumbnailUrl":"https:\/\/archiv.siov.sk\/wp-content\/uploads\/2025\/09\/vzdelavanie-dospelych-1.png","datePublished":"2025-09-29T08:22:39+00:00","dateModified":"2025-10-01T11:17:56+00:00","breadcrumb":{"@id":"https:\/\/archiv.siov.sk\/seria-seminarov-k-certifikacii-vzdelavacich-institucii\/#breadcrumb"},"inLanguage":"en-GB","potentialAction":[{"@type":"ReadAction","target":["https:\/\/archiv.siov.sk\/seria-seminarov-k-certifikacii-vzdelavacich-institucii\/"]}]},{"@type":"ImageObject","inLanguage":"en-GB","@id":"https:\/\/archiv.siov.sk\/seria-seminarov-k-certifikacii-vzdelavacich-institucii\/#primaryimage","url":"https:\/\/archiv.siov.sk\/wp-content\/uploads\/2025\/09\/vzdelavanie-dospelych-1.png","contentUrl":"https:\/\/archiv.siov.sk\/wp-content\/uploads\/2025\/09\/vzdelavanie-dospelych-1.png","width":2000,"height":1410,"caption":"seminar k certifikacii ucastnici"},{"@type":"BreadcrumbList","@id":"https:\/\/archiv.siov.sk\/seria-seminarov-k-certifikacii-vzdelavacich-institucii\/#breadcrumb","itemListElement":[{"@type":"ListItem","position":1,"name":"Home","item":"https:\/\/archiv.siov.sk\/"},{"@type":"ListItem","position":2,"name":"S\u00e9ria semin\u00e1rov k certifik\u00e1cii vzdel\u00e1vac\u00edch in\u0161tit\u00faci\u00ed"}]},{"@type":"WebSite","@id":"https:\/\/archiv.siov.sk\/#website","url":"https:\/\/archiv.siov.sk\/","name":"\u0160IOV - \u0161t\u00e1tny in\u0161tit\u00fat odborn\u00e9ho vzdel\u00e1vania","description":"","publisher":{"@id":"https:\/\/archiv.siov.sk\/#organization"},"potentialAction":[{"@type":"SearchAction","target":{"@type":"EntryPoint","urlTemplate":"https:\/\/archiv.siov.sk\/?s={search_term_string}"},"query-input":{"@type":"PropertyValueSpecification","valueRequired":true,"valueName":"search_term_string"}}],"inLanguage":"en-GB"},{"@type":"Organization","@id":"https:\/\/archiv.siov.sk\/#organization","name":"\u0160IOV - \u0161t\u00e1tny in\u0161tit\u00fat odborn\u00e9ho vzdel\u00e1vania","url":"https:\/\/archiv.siov.sk\/","logo":{"@type":"ImageObject","inLanguage":"en-GB","@id":"https:\/\/archiv.siov.sk\/#\/schema\/logo\/image\/","url":"https:\/\/archiv.siov.sk\/wp-content\/uploads\/2024\/02\/logo-SIOV.png","contentUrl":"https:\/\/archiv.siov.sk\/wp-content\/uploads\/2024\/02\/logo-SIOV.png","width":431,"height":143,"caption":"\u0160IOV - \u0161t\u00e1tny in\u0161tit\u00fat odborn\u00e9ho vzdel\u00e1vania"},"image":{"@id":"https:\/\/archiv.siov.sk\/#\/schema\/logo\/image\/"},"sameAs":["https:\/\/www.facebook.com\/Statnyinstitutodbornehovzdelavania"]},{"@type":"Person","@id":"https:\/\/archiv.siov.sk\/#\/schema\/person\/2d35146a9c0fa51b027e8ff319cee627","name":"Gabriela Budayov\u00e1","url":"https:\/\/archiv.siov.sk\/en\/author\/gabriela-budayova\/"}]}},"_links":{"self":[{"href":"https:\/\/archiv.siov.sk\/en\/wp-json\/wp\/v2\/posts\/21175","targetHints":{"allow":["GET"]}}],"collection":[{"href":"https:\/\/archiv.siov.sk\/en\/wp-json\/wp\/v2\/posts"}],"about":[{"href":"https:\/\/archiv.siov.sk\/en\/wp-json\/wp\/v2\/types\/post"}],"author":[{"embeddable":true,"href":"https:\/\/archiv.siov.sk\/en\/wp-json\/wp\/v2\/users\/10"}],"replies":[{"embeddable":true,"href":"https:\/\/archiv.siov.sk\/en\/wp-json\/wp\/v2\/comments?post=21175"}],"version-history":[{"count":4,"href":"https:\/\/archiv.siov.sk\/en\/wp-json\/wp\/v2\/posts\/21175\/revisions"}],"predecessor-version":[{"id":21180,"href":"https:\/\/archiv.siov.sk\/en\/wp-json\/wp\/v2\/posts\/21175\/revisions\/21180"}],"wp:featuredmedia":[{"embeddable":true,"href":"https:\/\/archiv.siov.sk\/en\/wp-json\/wp\/v2\/media\/21176"}],"wp:attachment":[{"href":"https:\/\/archiv.siov.sk\/en\/wp-json\/wp\/v2\/media?parent=21175"}],"wp:term":[{"taxonomy":"category","embeddable":true,"href":"https:\/\/archiv.siov.sk\/en\/wp-json\/wp\/v2\/categories?post=21175"},{"taxonomy":"post_tag","embeddable":true,"href":"https:\/\/archiv.siov.sk\/en\/wp-json\/wp\/v2\/tags?post=21175"}],"curies":[{"name":"wp","href":"https:\/\/api.w.org\/{rel}","templated":true}]}}